{"id":100666,"date":"2023-09-22T09:00:00","date_gmt":"2023-09-22T07:00:00","guid":{"rendered":"https:\/\/www.bergfreunde.de\/blog\/?p=100666"},"modified":"2023-09-22T09:00:08","modified_gmt":"2023-09-22T07:00:08","slug":"the-great-nearby-ride-out-mit-specialized-fjallraven","status":"publish","type":"post","link":"https:\/\/www.berg-freunde.ch\/blog\/the-great-nearby-ride-out-mit-specialized-fjallraven\/","title":{"rendered":"The Great Nearby\u00a0&#8211; Ride Out mit Specialized-Fj\u00e4llr\u00e4ven"},"content":{"rendered":"\n<p>Wir hatten die Ehre am The Great Nearby Ride Out von <a href=\"https:\/\/www.bergfreunde.de\/marken\/specialized-fjaellraeven\/\"><strong>Specialized-Fj\u00e4llr\u00e4ven<\/strong><\/a> teilzunehmen. Diese <strong>3-t\u00e4gige Bikepackingtour<\/strong> mit Start und Ziel in M\u00fcnchen f\u00fchrte uns mit circa 50 Teilnehmenden in den S\u00fcdwesten der bayerischen Landeshauptstadt. Unterwegs erlebten wir, was es bedeutet f\u00fcr mehrere Tage komplett raus aus dem Alltag zu sein, den Kopf freizubekommen und zu merken, dass grandiose Abenteuer auch direkt vor der eigenen Haust\u00fcre beginnen k\u00f6nnen. Garniert mit atemberaubenden, abwechslungsreichen Landschaftsbildern, einer Verpflegung, die einem das Wasser im Mund zusammenlaufen l\u00e4sst und Reisepartnern, die ebenfalls das Fahrradfahren und die Natur lieben, wurde diese Tour zu einem unvergesslichen, inspirierendem Erlebnis.<\/p>\n\n\n\n<h2 class=\"wp-block-heading\" id=\"h-donnerstag-der-tag-vor-dem-start\">Donnerstag: Der Tag vor dem Start<\/h2>\n\n\n\n<p>Der Startschuss fiel am Donnerstagabend am Specialized Store im Herzen M\u00fcnchens. Hier bekamen wir unsere Bikes, die Gep\u00e4cktaschen wurden gepackt und die R\u00e4der ein letztes Mal gecheckt. Denn wie bei jeder Tour ist eine gute Vorbereitung die Grundvoraussetzung f\u00fcr ein gutes Gelingen.&nbsp;<\/p>\n\n\n\n<p>Die Stimmung war ausgelassen und alle waren voller Vorfreude auf die kommenden drei Tage Bikepacking. Nach einem ersten gegenseitigen Kennenlernen, gab es ein Briefing, was uns auf den einzelnen Etappen erwartet, worauf wir uns alles freuen d\u00fcrfen und was es mit dem Riders Pass auf sich hat (Stempel wurden an Start- und Endpunkten sowie den Checkpoints verteilt, und am Ende erhielt jeder Finisher ein Patch, angelehnt an die <a href=\"https:\/\/www.berg-freunde.ch\/marken\/fjaellraeven\/\">Fj\u00e4llr\u00e4ven<\/a> Classic Veranstaltungen.)&nbsp;<\/p>\n\n\n\n<p>Um sich geb\u00fchrend auf das Event einzustimmen, gab es zum Abschluss des Tages noch eine gelungene Filmpremiere von &#171;Death Ends and Dolci&#187; von und mit der inspirierenden Jana Kesenheimer. Danach ging es f\u00fcr alle fr\u00fch ins Bett &#8211; denn der Treffpunkt am Freitag war fr\u00fch anberaumt.<\/p>\n\n\n<div class=\"wp-block-image\">\n<figure class=\"alignright size-full is-resized\"><a href=\"https:\/\/www.bergfreunde.de\/blog\/wp-content\/uploads\/2023\/09\/Fjaellraven_Camping_LinaJakobi_zugeschnitten.jpg\"><img fetchpriority=\"high\" decoding=\"async\" src=\"https:\/\/www.bergfreunde.de\/blog\/wp-content\/uploads\/2023\/09\/Fjaellraven_Camping_LinaJakobi_zugeschnitten.jpg\" alt=\"Das erste Lager wurde am Schliersee aufgeschlagen.\nFoto: Lina Jakobi\" class=\"wp-image-100676\" style=\"width:350px;height:262px\" width=\"350\" height=\"262\" srcset=\"https:\/\/www.berg-freunde.ch\/blog\/wp-content\/uploads\/2023\/09\/Fjaellraven_Camping_LinaJakobi_zugeschnitten.jpg 1000w, https:\/\/www.berg-freunde.ch\/blog\/wp-content\/uploads\/2023\/09\/Fjaellraven_Camping_LinaJakobi_zugeschnitten-300x225.jpg 300w, https:\/\/www.berg-freunde.ch\/blog\/wp-content\/uploads\/2023\/09\/Fjaellraven_Camping_LinaJakobi_zugeschnitten-768x576.jpg 768w\" sizes=\"(max-width: 350px) 100vw, 350px\" \/><\/a><figcaption class=\"wp-element-caption\">Das erste Lager wurde am Schliersee aufgeschlagen.<br>Foto: Lina Jakobi<\/figcaption><\/figure>\n<\/div>\n\n\n<h2 class=\"wp-block-heading\">Freitag: <a href=\"https:\/\/www.komoot.de\/tour\/1040125132?ref=itd&amp;share_token=aihY5js75iLFgm3o75xN83GtpUvfXBVG5IsJzSZp9d2TyFZCEo\">1. Etappe M\u00fcnchen &#8211; Schliersee<\/a> (103 km; 1100 hm)<\/h2>\n\n\n\n<p>Nach einem klassischen franz\u00f6sischen Fr\u00fchst\u00fcck mit Croissants und Kaffee begann das <strong>3-t\u00e4gige Specialized-Fj\u00e4llr\u00e4ven The Great Nearby Abenteuer<\/strong>. Es bildeten sich schnell unterschiedliche Gruppen, die ihr eigenes Tempo fuhren. Nachdem wir die Metropole M\u00fcnchens verlassen hatten, f\u00fchrte uns die Route in den S\u00fcdosten der Stadt. Nach kurzer Zeit er\u00f6ffnete sich uns ein grandioses Alpenpanorama, das uns die n\u00e4chsten Kilometer begleiten sollte.&nbsp;<\/p>\n\n\n\n<p>Nach etwa 30 Kilometern kamen wir zu unserem ersten Stopp: die Kaffeer\u00f6sterei &#171;merchant &amp; friends&#187; in Hermannsdorf (absolut weltbester K\u00e4sekuchen!). Danach ging es durch das Raublinger Moor. Da es dankenswerterweise zuvor geregnet hatte, stellte sich dieser Streckenabschnitt als \u00fcberraschend herausfordernd dar.&nbsp;<\/p>\n\n\n\n<p>Unser Tagesziel war der Campingplatz am Schliersee, wo es ausgezeichnetes Abendessen gab, welches unsere leeren Energiespeicher schnell wieder auff\u00fcllte. Ein entspanntes Lagerfeuer direkt am See rundete diesen ersten Tag geb\u00fchrend ab. Danach ging es f\u00fcr alle zufrieden, satt und gl\u00fccklich in die Zelte.<\/p>\n\n\n\n<h2 class=\"wp-block-heading\">Samstag: <a href=\"https:\/\/www.komoot.de\/tour\/1040122327?ref=itd&amp;share_token=aGCRZE5xdfJ2MO3aMoZmwDhoruoqb8vAhwFglkNSXWvx7SbA4g\">2. Etappe Schliersee &#8211; Walchensee<\/a> (98 km; 1540 hm)<\/h2>\n\n\n<div class=\"wp-block-image\">\n<figure class=\"alignleft size-full is-resized\"><a href=\"https:\/\/www.bergfreunde.de\/blog\/wp-content\/uploads\/2023\/09\/Fjaellraven_Paonorama_zugeschnitten.jpg\"><img decoding=\"async\" src=\"https:\/\/www.bergfreunde.de\/blog\/wp-content\/uploads\/2023\/09\/Fjaellraven_Paonorama_zugeschnitten.jpg\" alt=\"Auf der Tour er\u00f6ffnet sich ein starkes Alpenpanorama.\" class=\"wp-image-100698\" style=\"width:350px;height:262px\" width=\"350\" height=\"262\" srcset=\"https:\/\/www.berg-freunde.ch\/blog\/wp-content\/uploads\/2023\/09\/Fjaellraven_Paonorama_zugeschnitten.jpg 1000w, https:\/\/www.berg-freunde.ch\/blog\/wp-content\/uploads\/2023\/09\/Fjaellraven_Paonorama_zugeschnitten-300x225.jpg 300w, https:\/\/www.berg-freunde.ch\/blog\/wp-content\/uploads\/2023\/09\/Fjaellraven_Paonorama_zugeschnitten-768x576.jpg 768w\" sizes=\"(max-width: 350px) 100vw, 350px\" \/><\/a><figcaption class=\"wp-element-caption\">Auf der Tour er\u00f6ffnet sich ein starkes Alpenpanorama.<\/figcaption><\/figure>\n<\/div>\n\n\n<p>Nach einer ruhigen Nacht begr\u00fc\u00dfte uns der Morgen mit vom feuchten Morgentau \u00fcberzogenen Zelten und Bikes &#8211; mehr oder weniger unvermeidlich, wenn man nah am See das Lager aufschl\u00e4gt. Auch wenn f\u00fcr manche der Teilnehmenden das Schlafen im <a href=\"https:\/\/www.berg-freunde.ch\/zelte\/\">Zelt<\/a> noch etwas ungewohnt war, fand die Gruppe schnell in ihre Routine: Die Radtaschen wurden gepackt, die Bikes gecheckt und der K\u00f6rper startklar gemacht.&nbsp;<\/p>\n\n\n\n<p>Der h\u00f6chste Punkt der gesamten Tour, mit einem 10 Kilometer langen Anstieg hinauf zum Spitzingsee (1130 hm) wartete direkt am Anfang des heutigen Tages auf uns. Daher fiel das Fr\u00fchst\u00fcck am Campingplatz etwas kleiner aus. Jedoch wurden wir am Blecksteinhaus mit einem ausgiebigen zweiten Fr\u00fchst\u00fcck belohnt. Danach wechselten sich den ganzen Tag \u00fcber lange Abfahrten mit immer wieder knackigen Anstiegen ab.&nbsp;<\/p>\n\n\n\n<p>\u00dcber den Achenpass ging es durch die 20 Meter tiefe Walchenklamm zum Sylvensteinspeicher. Anschlie\u00dfend folgte das landschaftliche Highlight des Tages: Die Isarauen, welche aufgrund der \u00c4hnlichkeit zum kanadischen Landschaftsbild auch liebevoll \u201cBayerisch Columbia\u201d genannt werden. Noch immer erf\u00fcllt von dieser atemberaubenden Naturkulisse rollten wir weiter zum Walchensee. Hier freuten sich alle auf ihre wohlverdiente Abk\u00fchlung und sprangen direkt ins Wasser.&nbsp;<\/p>\n\n\n\n<p>Auf dem Campingplatz erwartete uns abends ein &#171;Catering de Luxe&#187; &#8211; Selbstgekochtes Risotto mit Pilzen und wildem Brokkoli. Der Nachschlagschalter wurde von den meisten mindestens einmal aufgesucht. Denn nach zwei Tagen im Sattel machte sich so langsam etwas Ersch\u00f6pfung breit. Und die l\u00e4ngste Etappe zur\u00fcck nach M\u00fcnchen lag noch vor uns! Dementsprechend ging es nach einem gem\u00fctlichen Plausch fr\u00fch in die Zelte.&nbsp;<\/p>\n\n\n\n<h2 class=\"wp-block-heading\">Sonntag: <a href=\"https:\/\/www.komoot.de\/tour\/1017720113?ref=itd&amp;share_token=a7ow1CAOlfi0oYtVZi1n6lkDtx5QW6mucTDbTaPD32zHf3HjXP\">3. Etappe Walchensee &#8211; M\u00fcnchen<\/a> (112 km; 760 hm)<\/h2>\n\n\n<div class=\"wp-block-image\">\n<figure class=\"alignright size-full is-resized\"><a href=\"https:\/\/www.bergfreunde.de\/blog\/wp-content\/uploads\/2023\/09\/Fjaellraven_RidePass_LinaJakobi_zugeschnitten.jpg\"><img decoding=\"async\" src=\"https:\/\/www.bergfreunde.de\/blog\/wp-content\/uploads\/2023\/09\/Fjaellraven_RidePass_LinaJakobi_zugeschnitten.jpg\" alt=\"In M\u00fcnchen gab's den letzten Stempel im Riders Pass.\" class=\"wp-image-100687\" style=\"width:350px;height:263px\" width=\"350\" height=\"263\" srcset=\"https:\/\/www.berg-freunde.ch\/blog\/wp-content\/uploads\/2023\/09\/Fjaellraven_RidePass_LinaJakobi_zugeschnitten.jpg 1000w, https:\/\/www.berg-freunde.ch\/blog\/wp-content\/uploads\/2023\/09\/Fjaellraven_RidePass_LinaJakobi_zugeschnitten-300x225.jpg 300w, https:\/\/www.berg-freunde.ch\/blog\/wp-content\/uploads\/2023\/09\/Fjaellraven_RidePass_LinaJakobi_zugeschnitten-768x576.jpg 768w\" sizes=\"(max-width: 350px) 100vw, 350px\" \/><\/a><figcaption class=\"wp-element-caption\">In M\u00fcnchen gab&#8217;s den letzten Stempel im Riders Pass.<\/figcaption><\/figure>\n<\/div>\n\n\n<p>Der letzte Tag unseres Abenteuers mit <a href=\"https:\/\/www.bergfreunde.de\/marken\/specialized-fjaellraeven\/\">Specialized-Fj\u00e4llr\u00e4ven<\/a> begann, wie jeder Tag beginnen sollte: direkt am See, mit selbstgemachtem Porridge. Gegen 9 Uhr machten sich die nun gut eingespielten Gruppen auf den Weg. Die Beine waren zwar nicht mehr ganz so frisch wie am ersten Tag, daf\u00fcr hatte sich eine unglaublich erholte Grundstimmung ausgebreitet, die uns auf dieser letzten Etappe begleitete. Das war auch bitter n\u00f6tig, denn der letzte Tag entpuppte sich als echte Herausforderung!<\/p>\n\n\n\n<p>Zuerst ging es zur\u00fcck um den See und dann Richtung Lenggries. Die Etappe war im Vergleich zu den beiden vorangegangenen Tagen mit 760 H\u00f6henmetern eher flach. Jedoch standen 16 Kilometer Singletrails auf dem Programm &#8211; eine echte Challenge mit Gep\u00e4ck! Die ersten Tragepassagen lie\u00dfen nicht lange auf sich warten. Wir kletterten \u00fcber umgest\u00fcrzte B\u00e4ume und durchquerten das ein oder andere Flussbett. Die Etappe war letztendlich also deutlich h\u00e4rter als das Streckenprofil vermuten lie\u00df &#8211; aber wundersch\u00f6n!<\/p>\n\n\n\n<p>Ersch\u00f6pft aber gl\u00fccklich kamen wir M\u00fcnchen immer n\u00e4her \u2013 an der Isar entlang erh\u00f6hten wir das Tempo noch einmal und begegneten anderen Gruppen des Ride Outs. Diese waren dank der <a href=\"https:\/\/www.bergfreunde.de\/marken\/specialized-fjaellraeven\/taschen\/\">Specialized-Fj\u00e4llr\u00e4ven Bikepackingtaschen<\/a> schon von Weitem gut zu erkennen.<\/p>\n\n\n\n<p>Gegen 18 Uhr erreichten wir mitten in der Stadt den neuen Specialized Flagshipstore. Dort holten wir unseren letzten Stempel f\u00fcr unseren Riders Pass ab, um auch offiziell zu best\u00e4tigt zu bekommen: Abenteuer geschafft!<\/p>\n","protected":false},"excerpt":{"rendered":"<p>Wir hatten die Ehre am The Great Nearby Ride Out von Specialized-Fj\u00e4llr\u00e4ven teilzunehmen. Diese 3-t\u00e4gige Bikepackingtour mit Start und Ziel in M\u00fcnchen f\u00fchrte uns mit circa 50 Teilnehmenden in den S\u00fcdwesten der bayerischen Landeshauptstadt. Unterwegs erlebten wir, was es bedeutet f\u00fcr mehrere Tage komplett raus aus dem Alltag zu sein, den Kopf freizubekommen und zu [&hellip;]<\/p>\n","protected":false},"author":98,"featured_media":100675,"comment_status":"open","ping_status":"closed","sticky":false,"template":"","format":"standard","meta":{"_acf_changed":false,"footnotes":""},"categories":[288],"tags":[270,271],"post_folder":[],"class_list":["post-100666","post","type-post","status-publish","format-standard","has-post-thumbnail","hentry","category-touren-reisetipps","tag-bike","tag-camping-reisen"],"acf":[],"yoast_head":"<!-- This site is optimized with the Yoast SEO Premium plugin v27.4 (Yoast SEO v27.4) - https:\/\/yoast.com\/product\/yoast-seo-premium-wordpress\/ -->\n<title>The Great Nearby\u00a0- Ride Out mit Specialized-Fj\u00e4llr\u00e4ven | Bergfreunde<\/title>\n<meta name=\"description\" content=\"Wir hatten die Ehre am The Great Nearby Ride Out von Specialized-Fj\u00e4llr\u00e4ven teilzunehmen. Diese 3-t\u00e4gige Bikepackingtour mit Start und Ziel in M\u00fcnchen\" \/>\n<meta name=\"robots\" content=\"index, follow, max-snippet:-1, max-image-preview:large, max-video-preview:-1\" \/>\n<link rel=\"canonical\" href=\"https:\/\/www.berg-freunde.ch\/blog\/the-great-nearby-ride-out-mit-specialized-fjallraven\/\" \/>\n<meta property=\"og:locale\" content=\"de_DE\" \/>\n<meta property=\"og:type\" content=\"article\" \/>\n<meta property=\"og:title\" content=\"The Great Nearby\u00a0- Ride Out mit Specialized-Fj\u00e4llr\u00e4ven\" \/>\n<meta property=\"og:description\" content=\"Wir hatten die Ehre am The Great Nearby Ride Out von Specialized-Fj\u00e4llr\u00e4ven teilzunehmen. Diese 3-t\u00e4gige Bikepackingtour mit Start und Ziel in M\u00fcnchen\" \/>\n<meta property=\"og:url\" content=\"https:\/\/www.berg-freunde.ch\/blog\/the-great-nearby-ride-out-mit-specialized-fjallraven\/\" \/>\n<meta property=\"og:site_name\" content=\"Bergfreunde\" \/>\n<meta property=\"article:publisher\" content=\"https:\/\/www.facebook.com\/bergfreunde\" \/>\n<meta property=\"article:published_time\" content=\"2023-09-22T07:00:00+00:00\" \/>\n<meta property=\"article:modified_time\" content=\"2023-09-22T07:00:08+00:00\" \/>\n<meta property=\"og:image\" content=\"https:\/\/www.berg-freunde.ch\/blog\/wp-content\/uploads\/2023\/09\/Fjaellraven_Titel_LinaJakobi_zugeschnitten.jpg\" \/>\n\t<meta property=\"og:image:width\" content=\"1440\" \/>\n\t<meta property=\"og:image:height\" content=\"590\" \/>\n\t<meta property=\"og:image:type\" content=\"image\/jpeg\" \/>\n<meta name=\"author\" content=\"Dominik\" \/>\n<meta name=\"twitter:card\" content=\"summary_large_image\" \/>\n<meta name=\"twitter:label1\" content=\"Geschrieben von\" \/>\n\t<meta name=\"twitter:data1\" content=\"Dominik\" \/>\n\t<meta name=\"twitter:label2\" content=\"Gesch\u00e4tzte Lesezeit\" \/>\n\t<meta name=\"twitter:data2\" content=\"5\u00a0Minuten\" \/>\n<script type=\"application\/ld+json\" class=\"yoast-schema-graph\">{\"@context\":\"https:\\\/\\\/schema.org\",\"@graph\":[{\"@type\":[\"Article\",\"BlogPosting\"],\"@id\":\"https:\\\/\\\/www.berg-freunde.ch\\\/blog\\\/the-great-nearby-ride-out-mit-specialized-fjallraven\\\/#article\",\"isPartOf\":{\"@id\":\"https:\\\/\\\/www.berg-freunde.ch\\\/blog\\\/the-great-nearby-ride-out-mit-specialized-fjallraven\\\/\"},\"author\":{\"name\":\"Dominik\",\"@id\":\"https:\\\/\\\/www.berg-freunde.ch\\\/blog\\\/#\\\/schema\\\/person\\\/5d5c9b9b00b9314d11bf3a995aa2a081\"},\"headline\":\"The Great Nearby\u00a0&#8211; Ride Out mit Specialized-Fj\u00e4llr\u00e4ven\",\"datePublished\":\"2023-09-22T07:00:00+00:00\",\"dateModified\":\"2023-09-22T07:00:08+00:00\",\"mainEntityOfPage\":{\"@id\":\"https:\\\/\\\/www.berg-freunde.ch\\\/blog\\\/the-great-nearby-ride-out-mit-specialized-fjallraven\\\/\"},\"wordCount\":1013,\"commentCount\":0,\"publisher\":{\"@id\":\"https:\\\/\\\/www.berg-freunde.ch\\\/blog\\\/#organization\"},\"image\":{\"@id\":\"https:\\\/\\\/www.berg-freunde.ch\\\/blog\\\/the-great-nearby-ride-out-mit-specialized-fjallraven\\\/#primaryimage\"},\"thumbnailUrl\":\"https:\\\/\\\/www.berg-freunde.ch\\\/blog\\\/wp-content\\\/uploads\\\/2023\\\/09\\\/Fjaellraven_Titel_LinaJakobi_zugeschnitten.jpg\",\"keywords\":[\"Bike\",\"Camping &amp; Reisen\"],\"articleSection\":[\"Touren &amp; Reisetipps\"],\"inLanguage\":\"de-CH\",\"potentialAction\":[{\"@type\":\"CommentAction\",\"name\":\"Comment\",\"target\":[\"https:\\\/\\\/www.berg-freunde.ch\\\/blog\\\/the-great-nearby-ride-out-mit-specialized-fjallraven\\\/#respond\"]}]},{\"@type\":\"WebPage\",\"@id\":\"https:\\\/\\\/www.berg-freunde.ch\\\/blog\\\/the-great-nearby-ride-out-mit-specialized-fjallraven\\\/\",\"url\":\"https:\\\/\\\/www.berg-freunde.ch\\\/blog\\\/the-great-nearby-ride-out-mit-specialized-fjallraven\\\/\",\"name\":\"The Great Nearby\u00a0- Ride Out mit Specialized-Fj\u00e4llr\u00e4ven | Bergfreunde\",\"isPartOf\":{\"@id\":\"https:\\\/\\\/www.berg-freunde.ch\\\/blog\\\/#website\"},\"primaryImageOfPage\":{\"@id\":\"https:\\\/\\\/www.berg-freunde.ch\\\/blog\\\/the-great-nearby-ride-out-mit-specialized-fjallraven\\\/#primaryimage\"},\"image\":{\"@id\":\"https:\\\/\\\/www.berg-freunde.ch\\\/blog\\\/the-great-nearby-ride-out-mit-specialized-fjallraven\\\/#primaryimage\"},\"thumbnailUrl\":\"https:\\\/\\\/www.berg-freunde.ch\\\/blog\\\/wp-content\\\/uploads\\\/2023\\\/09\\\/Fjaellraven_Titel_LinaJakobi_zugeschnitten.jpg\",\"datePublished\":\"2023-09-22T07:00:00+00:00\",\"dateModified\":\"2023-09-22T07:00:08+00:00\",\"description\":\"Wir hatten die Ehre am The Great Nearby Ride Out von Specialized-Fj\u00e4llr\u00e4ven teilzunehmen. Diese 3-t\u00e4gige Bikepackingtour mit Start und Ziel in M\u00fcnchen\",\"breadcrumb\":{\"@id\":\"https:\\\/\\\/www.berg-freunde.ch\\\/blog\\\/the-great-nearby-ride-out-mit-specialized-fjallraven\\\/#breadcrumb\"},\"inLanguage\":\"de-CH\",\"potentialAction\":[{\"@type\":\"ReadAction\",\"target\":[\"https:\\\/\\\/www.berg-freunde.ch\\\/blog\\\/the-great-nearby-ride-out-mit-specialized-fjallraven\\\/\"]}]},{\"@type\":\"ImageObject\",\"inLanguage\":\"de-CH\",\"@id\":\"https:\\\/\\\/www.berg-freunde.ch\\\/blog\\\/the-great-nearby-ride-out-mit-specialized-fjallraven\\\/#primaryimage\",\"url\":\"https:\\\/\\\/www.berg-freunde.ch\\\/blog\\\/wp-content\\\/uploads\\\/2023\\\/09\\\/Fjaellraven_Titel_LinaJakobi_zugeschnitten.jpg\",\"contentUrl\":\"https:\\\/\\\/www.berg-freunde.ch\\\/blog\\\/wp-content\\\/uploads\\\/2023\\\/09\\\/Fjaellraven_Titel_LinaJakobi_zugeschnitten.jpg\",\"width\":1440,\"height\":590,\"caption\":\"Das Fj\u00e4llraven Specialized Event war ein tolles Gruppenerlebnis. Foto: Lina Jakobi\"},{\"@type\":\"BreadcrumbList\",\"@id\":\"https:\\\/\\\/www.berg-freunde.ch\\\/blog\\\/the-great-nearby-ride-out-mit-specialized-fjallraven\\\/#breadcrumb\",\"itemListElement\":[{\"@type\":\"ListItem\",\"position\":1,\"name\":\"Blog\",\"item\":\"https:\\\/\\\/www.berg-freunde.ch\\\/blog\\\/\"},{\"@type\":\"ListItem\",\"position\":2,\"name\":\"Touren &amp; Reisetipps\",\"item\":\"https:\\\/\\\/www.berg-freunde.ch\\\/blog\\\/category\\\/touren-reisetipps\\\/\"},{\"@type\":\"ListItem\",\"position\":3,\"name\":\"The Great Nearby\u00a0&#8211; Ride Out mit Specialized-Fj\u00e4llr\u00e4ven\"}]},{\"@type\":\"WebSite\",\"@id\":\"https:\\\/\\\/www.berg-freunde.ch\\\/blog\\\/#website\",\"url\":\"https:\\\/\\\/www.berg-freunde.ch\\\/blog\\\/\",\"name\":\"Bergfreunde\",\"description\":\"Blog\",\"publisher\":{\"@id\":\"https:\\\/\\\/www.berg-freunde.ch\\\/blog\\\/#organization\"},\"potentialAction\":[{\"@type\":\"SearchAction\",\"target\":{\"@type\":\"EntryPoint\",\"urlTemplate\":\"https:\\\/\\\/www.berg-freunde.ch\\\/blog\\\/?s={search_term_string}\"},\"query-input\":{\"@type\":\"PropertyValueSpecification\",\"valueRequired\":true,\"valueName\":\"search_term_string\"}}],\"inLanguage\":\"de-CH\"},{\"@type\":\"Organization\",\"@id\":\"https:\\\/\\\/www.berg-freunde.ch\\\/blog\\\/#organization\",\"name\":\"Bergfreunde\",\"url\":\"https:\\\/\\\/www.berg-freunde.ch\\\/blog\\\/\",\"logo\":{\"@type\":\"ImageObject\",\"inLanguage\":\"de-CH\",\"@id\":\"https:\\\/\\\/www.berg-freunde.ch\\\/blog\\\/#\\\/schema\\\/logo\\\/image\\\/\",\"url\":\"https:\\\/\\\/www.berg-freunde.ch\\\/blog\\\/wp-content\\\/uploads\\\/2023\\\/12\\\/Bergfreunde_DE_rgb.svg\",\"contentUrl\":\"https:\\\/\\\/www.berg-freunde.ch\\\/blog\\\/wp-content\\\/uploads\\\/2023\\\/12\\\/Bergfreunde_DE_rgb.svg\",\"caption\":\"Bergfreunde\"},\"image\":{\"@id\":\"https:\\\/\\\/www.berg-freunde.ch\\\/blog\\\/#\\\/schema\\\/logo\\\/image\\\/\"},\"sameAs\":[\"https:\\\/\\\/www.facebook.com\\\/bergfreunde\",\"https:\\\/\\\/www.instagram.com\\\/bergfreundede\\\/\"]},{\"@type\":\"Person\",\"@id\":\"https:\\\/\\\/www.berg-freunde.ch\\\/blog\\\/#\\\/schema\\\/person\\\/5d5c9b9b00b9314d11bf3a995aa2a081\",\"name\":\"Dominik\",\"url\":\"https:\\\/\\\/www.berg-freunde.ch\\\/blog\\\/about\\\/dominik\\\/\"}]}<\/script>\n<!-- \/ Yoast SEO Premium plugin. -->","yoast_head_json":{"title":"The Great Nearby\u00a0- Ride Out mit Specialized-Fj\u00e4llr\u00e4ven | Bergfreunde","description":"Wir hatten die Ehre am The Great Nearby Ride Out von Specialized-Fj\u00e4llr\u00e4ven teilzunehmen. Diese 3-t\u00e4gige Bikepackingtour mit Start und Ziel in M\u00fcnchen","robots":{"index":"index","follow":"follow","max-snippet":"max-snippet:-1","max-image-preview":"max-image-preview:large","max-video-preview":"max-video-preview:-1"},"canonical":"https:\/\/www.berg-freunde.ch\/blog\/the-great-nearby-ride-out-mit-specialized-fjallraven\/","og_locale":"de_DE","og_type":"article","og_title":"The Great Nearby\u00a0- Ride Out mit Specialized-Fj\u00e4llr\u00e4ven","og_description":"Wir hatten die Ehre am The Great Nearby Ride Out von Specialized-Fj\u00e4llr\u00e4ven teilzunehmen. Diese 3-t\u00e4gige Bikepackingtour mit Start und Ziel in M\u00fcnchen","og_url":"https:\/\/www.berg-freunde.ch\/blog\/the-great-nearby-ride-out-mit-specialized-fjallraven\/","og_site_name":"Bergfreunde","article_publisher":"https:\/\/www.facebook.com\/bergfreunde","article_published_time":"2023-09-22T07:00:00+00:00","article_modified_time":"2023-09-22T07:00:08+00:00","og_image":[{"width":1440,"height":590,"url":"https:\/\/www.berg-freunde.ch\/blog\/wp-content\/uploads\/2023\/09\/Fjaellraven_Titel_LinaJakobi_zugeschnitten.jpg","type":"image\/jpeg"}],"author":"Dominik","twitter_card":"summary_large_image","twitter_misc":{"Geschrieben von":"Dominik","Gesch\u00e4tzte Lesezeit":"5\u00a0Minuten"},"schema":{"@context":"https:\/\/schema.org","@graph":[{"@type":["Article","BlogPosting"],"@id":"https:\/\/www.berg-freunde.ch\/blog\/the-great-nearby-ride-out-mit-specialized-fjallraven\/#article","isPartOf":{"@id":"https:\/\/www.berg-freunde.ch\/blog\/the-great-nearby-ride-out-mit-specialized-fjallraven\/"},"author":{"name":"Dominik","@id":"https:\/\/www.berg-freunde.ch\/blog\/#\/schema\/person\/5d5c9b9b00b9314d11bf3a995aa2a081"},"headline":"The Great Nearby\u00a0&#8211; Ride Out mit Specialized-Fj\u00e4llr\u00e4ven","datePublished":"2023-09-22T07:00:00+00:00","dateModified":"2023-09-22T07:00:08+00:00","mainEntityOfPage":{"@id":"https:\/\/www.berg-freunde.ch\/blog\/the-great-nearby-ride-out-mit-specialized-fjallraven\/"},"wordCount":1013,"commentCount":0,"publisher":{"@id":"https:\/\/www.berg-freunde.ch\/blog\/#organization"},"image":{"@id":"https:\/\/www.berg-freunde.ch\/blog\/the-great-nearby-ride-out-mit-specialized-fjallraven\/#primaryimage"},"thumbnailUrl":"https:\/\/www.berg-freunde.ch\/blog\/wp-content\/uploads\/2023\/09\/Fjaellraven_Titel_LinaJakobi_zugeschnitten.jpg","keywords":["Bike","Camping &amp; Reisen"],"articleSection":["Touren &amp; Reisetipps"],"inLanguage":"de-CH","potentialAction":[{"@type":"CommentAction","name":"Comment","target":["https:\/\/www.berg-freunde.ch\/blog\/the-great-nearby-ride-out-mit-specialized-fjallraven\/#respond"]}]},{"@type":"WebPage","@id":"https:\/\/www.berg-freunde.ch\/blog\/the-great-nearby-ride-out-mit-specialized-fjallraven\/","url":"https:\/\/www.berg-freunde.ch\/blog\/the-great-nearby-ride-out-mit-specialized-fjallraven\/","name":"The Great Nearby\u00a0- Ride Out mit Specialized-Fj\u00e4llr\u00e4ven | Bergfreunde","isPartOf":{"@id":"https:\/\/www.berg-freunde.ch\/blog\/#website"},"primaryImageOfPage":{"@id":"https:\/\/www.berg-freunde.ch\/blog\/the-great-nearby-ride-out-mit-specialized-fjallraven\/#primaryimage"},"image":{"@id":"https:\/\/www.berg-freunde.ch\/blog\/the-great-nearby-ride-out-mit-specialized-fjallraven\/#primaryimage"},"thumbnailUrl":"https:\/\/www.berg-freunde.ch\/blog\/wp-content\/uploads\/2023\/09\/Fjaellraven_Titel_LinaJakobi_zugeschnitten.jpg","datePublished":"2023-09-22T07:00:00+00:00","dateModified":"2023-09-22T07:00:08+00:00","description":"Wir hatten die Ehre am The Great Nearby Ride Out von Specialized-Fj\u00e4llr\u00e4ven teilzunehmen. Diese 3-t\u00e4gige Bikepackingtour mit Start und Ziel in M\u00fcnchen","breadcrumb":{"@id":"https:\/\/www.berg-freunde.ch\/blog\/the-great-nearby-ride-out-mit-specialized-fjallraven\/#breadcrumb"},"inLanguage":"de-CH","potentialAction":[{"@type":"ReadAction","target":["https:\/\/www.berg-freunde.ch\/blog\/the-great-nearby-ride-out-mit-specialized-fjallraven\/"]}]},{"@type":"ImageObject","inLanguage":"de-CH","@id":"https:\/\/www.berg-freunde.ch\/blog\/the-great-nearby-ride-out-mit-specialized-fjallraven\/#primaryimage","url":"https:\/\/www.berg-freunde.ch\/blog\/wp-content\/uploads\/2023\/09\/Fjaellraven_Titel_LinaJakobi_zugeschnitten.jpg","contentUrl":"https:\/\/www.berg-freunde.ch\/blog\/wp-content\/uploads\/2023\/09\/Fjaellraven_Titel_LinaJakobi_zugeschnitten.jpg","width":1440,"height":590,"caption":"Das Fj\u00e4llraven Specialized Event war ein tolles Gruppenerlebnis. Foto: Lina Jakobi"},{"@type":"BreadcrumbList","@id":"https:\/\/www.berg-freunde.ch\/blog\/the-great-nearby-ride-out-mit-specialized-fjallraven\/#breadcrumb","itemListElement":[{"@type":"ListItem","position":1,"name":"Blog","item":"https:\/\/www.berg-freunde.ch\/blog\/"},{"@type":"ListItem","position":2,"name":"Touren &amp; Reisetipps","item":"https:\/\/www.berg-freunde.ch\/blog\/category\/touren-reisetipps\/"},{"@type":"ListItem","position":3,"name":"The Great Nearby\u00a0&#8211; Ride Out mit Specialized-Fj\u00e4llr\u00e4ven"}]},{"@type":"WebSite","@id":"https:\/\/www.berg-freunde.ch\/blog\/#website","url":"https:\/\/www.berg-freunde.ch\/blog\/","name":"Bergfreunde","description":"Blog","publisher":{"@id":"https:\/\/www.berg-freunde.ch\/blog\/#organization"},"potentialAction":[{"@type":"SearchAction","target":{"@type":"EntryPoint","urlTemplate":"https:\/\/www.berg-freunde.ch\/blog\/?s={search_term_string}"},"query-input":{"@type":"PropertyValueSpecification","valueRequired":true,"valueName":"search_term_string"}}],"inLanguage":"de-CH"},{"@type":"Organization","@id":"https:\/\/www.berg-freunde.ch\/blog\/#organization","name":"Bergfreunde","url":"https:\/\/www.berg-freunde.ch\/blog\/","logo":{"@type":"ImageObject","inLanguage":"de-CH","@id":"https:\/\/www.berg-freunde.ch\/blog\/#\/schema\/logo\/image\/","url":"https:\/\/www.berg-freunde.ch\/blog\/wp-content\/uploads\/2023\/12\/Bergfreunde_DE_rgb.svg","contentUrl":"https:\/\/www.berg-freunde.ch\/blog\/wp-content\/uploads\/2023\/12\/Bergfreunde_DE_rgb.svg","caption":"Bergfreunde"},"image":{"@id":"https:\/\/www.berg-freunde.ch\/blog\/#\/schema\/logo\/image\/"},"sameAs":["https:\/\/www.facebook.com\/bergfreunde","https:\/\/www.instagram.com\/bergfreundede\/"]},{"@type":"Person","@id":"https:\/\/www.berg-freunde.ch\/blog\/#\/schema\/person\/5d5c9b9b00b9314d11bf3a995aa2a081","name":"Dominik","url":"https:\/\/www.berg-freunde.ch\/blog\/about\/dominik\/"}]}},"_links":{"self":[{"href":"https:\/\/www.berg-freunde.ch\/blog\/wp-json\/wp\/v2\/posts\/100666","targetHints":{"allow":["GET"]}}],"collection":[{"href":"https:\/\/www.berg-freunde.ch\/blog\/wp-json\/wp\/v2\/posts"}],"about":[{"href":"https:\/\/www.berg-freunde.ch\/blog\/wp-json\/wp\/v2\/types\/post"}],"author":[{"embeddable":true,"href":"https:\/\/www.berg-freunde.ch\/blog\/wp-json\/wp\/v2\/users\/98"}],"replies":[{"embeddable":true,"href":"https:\/\/www.berg-freunde.ch\/blog\/wp-json\/wp\/v2\/comments?post=100666"}],"version-history":[{"count":0,"href":"https:\/\/www.berg-freunde.ch\/blog\/wp-json\/wp\/v2\/posts\/100666\/revisions"}],"wp:featuredmedia":[{"embeddable":true,"href":"https:\/\/www.berg-freunde.ch\/blog\/wp-json\/wp\/v2\/media\/100675"}],"wp:attachment":[{"href":"https:\/\/www.berg-freunde.ch\/blog\/wp-json\/wp\/v2\/media?parent=100666"}],"wp:term":[{"taxonomy":"category","embeddable":true,"href":"https:\/\/www.berg-freunde.ch\/blog\/wp-json\/wp\/v2\/categories?post=100666"},{"taxonomy":"post_tag","embeddable":true,"href":"https:\/\/www.berg-freunde.ch\/blog\/wp-json\/wp\/v2\/tags?post=100666"},{"taxonomy":"post_folder","embeddable":true,"href":"https:\/\/www.berg-freunde.ch\/blog\/wp-json\/wp\/v2\/post_folder?post=100666"}],"curies":[{"name":"wp","href":"https:\/\/api.w.org\/{rel}","templated":true}]}}