{"id":101520,"date":"2023-10-27T09:00:00","date_gmt":"2023-10-27T07:00:00","guid":{"rendered":"https:\/\/www.bergfreunde.de\/blog\/?p=101520"},"modified":"2025-12-23T15:18:59","modified_gmt":"2025-12-23T14:18:59","slug":"testbericht-la-sportiva-tx4-r","status":"publish","type":"post","link":"https:\/\/www.berg-freunde.ch\/blog\/testbericht-la-sportiva-tx4-r\/","title":{"rendered":"Testbericht La Sportiva TX4 R: Ein Klassiker mit Updates"},"content":{"rendered":"\n<p>Die <strong><a href=\"https:\/\/www.bergfreunde.de\/la-sportiva-tx4-r-approachschuhe\/\">TX4 R<\/a><\/strong> von <strong><a href=\"https:\/\/www.bergfreunde.de\/marken\/la-sportiva\/\">La Sportiva<\/a><\/strong> sind Approach- bzw. <a href=\"https:\/\/www.berg-freunde.ch\/approachschuhe\/\">Zustiegsschuhe<\/a>, die allerdings ziemlich vielseitig und somit f\u00fcr verschiedenste Outdoor-Unternehmungen bestens geeignet sind. Und, soviel vorweg: obwohl das Spezialgebiet der Schuhe durchaus steinig-ger\u00f6lliges und steiles Gel\u00e4nde ist, machen sie nicht nur f\u00fcr Kletterer und auf Klettersteigen, sondern z. B. auch bei Wanderungen, Spazierg\u00e4ngen und generell beim Drau\u00dfensein unbedingt Sinn! Ein echtes Cham\u00e4leon in Schuhform (nicht nur) f\u00fcr kletterbegeisterte Outdoorfreunde sozusagen\u2026aber der Reihe nach.<\/p>\n\n\n\n<h2 class=\"wp-block-heading\" id=\"h-was-sind-eigentlich-approach-schuhe\"><strong>Was sind eigentlich Approach-Schuhe<\/strong>?<\/h2>\n\n\n\n<p><a href=\"https:\/\/www.bergfreunde.de\/approachschuhe\/\">Approach- bzw. Zustiegsschuhe<\/a> dienen in erster Linie, der Name sagt es, dem Zustieg zu Kletterspots. Und da hierbei oft schwieriges, steiles Gel\u00e4nde begangen und \u00fcberwunden werden muss, man vielleicht aber gleichzeitig keine schweren <a href=\"https:\/\/www.berg-freunde.ch\/bergschuhe\/\">Bergschuhe<\/a> tragen m\u00f6chte, handelt es sich bei diesen Schuhen um eine Art Kompromiss. Einen strapazierf\u00e4higen, aber vergleichsweise leichten Allrounder; meist als Halbschuh, aber mit dem gewissen Extra in Richtung Kletter-Anwendung. Wenn Du das Wissen um diese Schuhgattung vertiefen m\u00f6chtest, empfehle ich Dir den <a href=\"https:\/\/www.berg-freunde.ch\/blog\/approachschuhe-multifunktionale-halbschuhe\/\">Blog-Artikel<\/a> aus unserem Basislager zum Thema. Dort bleiben keine Fragen mehr offen!<\/p>\n\n\n<div class=\"wp-block-image\">\n<figure class=\"alignright size-full is-resized\"><a href=\"https:\/\/www.bergfreunde.de\/blog\/wp-content\/uploads\/2023\/10\/La-Sportiva_Matteo_Pavana_Einsatz_zugeschnitten.jpg\"><img fetchpriority=\"high\" decoding=\"async\" width=\"1000\" height=\"750\" src=\"https:\/\/www.bergfreunde.de\/blog\/wp-content\/uploads\/2023\/10\/La-Sportiva_Matteo_Pavana_Einsatz_zugeschnitten.jpg\" alt=\"Die Approachschuhe La Sportiva TX4 R sind vielseitig einsetzbar.\" class=\"wp-image-101592\" style=\"width:350px;height:263px\" srcset=\"https:\/\/www.berg-freunde.ch\/blog\/wp-content\/uploads\/2023\/10\/La-Sportiva_Matteo_Pavana_Einsatz_zugeschnitten.jpg 1000w, https:\/\/www.berg-freunde.ch\/blog\/wp-content\/uploads\/2023\/10\/La-Sportiva_Matteo_Pavana_Einsatz_zugeschnitten-300x225.jpg 300w, https:\/\/www.berg-freunde.ch\/blog\/wp-content\/uploads\/2023\/10\/La-Sportiva_Matteo_Pavana_Einsatz_zugeschnitten-768x576.jpg 768w\" sizes=\"(max-width: 1000px) 100vw, 1000px\" \/><\/a><figcaption class=\"wp-element-caption\">Die Approachschuhe TX4 R sind vielseitig einsetzbar.<\/figcaption><\/figure>\n<\/div>\n\n\n<h2 class=\"wp-block-heading\" id=\"h-allgemeines-zum-la-sportiva-tx4-r\"><strong>Allgemeines zum La Sportiva TX4 R<\/strong><\/h2>\n\n\n\n<p>Beim <strong><a href=\"https:\/\/www.bergfreunde.de\/la-sportiva-tx4-r-approachschuhe\/\">TX4 R<\/a> <\/strong>handelt es sich um eine Sonderausgabe des bew\u00e4hrten TX4-Modells der italienischen Kletter- und Bergsport-Experten von <strong><a href=\"https:\/\/www.berg-freunde.ch\/marken\/la-sportiva\/\">La Sportiva<\/a><\/strong>. Der <strong>TX4 R<\/strong> soll sowohl die Wurzeln des Herstellers wie auch des Kult-Schuhs selber referenzieren. Die Optik jedenfalls verweist, mit der Farbkombination blau, gelb und magenta so unmissverst\u00e4ndlich wie cool auf die schrillbunten Anfangstage des Klettersports! Aber nat\u00fcrlich auf sehr \u00e4sthetische Weise. Die klassisch anmutende Schn\u00fcrung erinnert an <strong>La Sportivas<\/strong> legend\u00e4ren Kletterschuh-Evergreen <em>Mythos<\/em>, und tr\u00e4gt so zum geschichtstr\u00e4chtigen Aussehen des Schuhs das Ihre bei. Und auch das auf der Zunge der Schuhe angebrachte Vintage-Logo <em>Climbing on the Moon <\/em>entstammt der Fr\u00fchphase des Herstellers. Abseits von Sohle und umlaufendem Gummischutz ist das Hauptmaterial klassischerweise Leder. Das wurde f\u00fcr die mir vorliegende M\u00e4nner-Version des Schuhs h\u00fcbsch t\u00fcrkisblau eingef\u00e4rbt. Soweit, so charmant!<\/p>\n\n\n\n<h3 class=\"wp-block-heading\" id=\"h-wiederbesohlbar\"><strong>Wiederbesohlbar<\/strong><\/h3>\n\n\n\n<p>Aber die historischen Querverweise ersch\u00f6pfen sich nicht in stylischen \u00c4u\u00dferlichkeiten. Denn damals war es \u00fcblich, hochwertige Schuhe neu zu besohlen, was die Lebens- und Nutzungsdauer deutlich erh\u00f6ht. Bei den Kletterschuhen ist das ja immer noch g\u00e4ngige Praxis. Und damit die Freude am<strong>La Sportiva TX4 R<\/strong> m\u00f6glichst lange w\u00e4hrt, ist auch er wiederbesohlbar. <strong>La Sportiva<\/strong> nutzen hierzu die neu von ihnen entwickelte und bereits patentierte sogenannte <strong>Resole Platform<\/strong>, die die Wiederbesohlung nochmal erleichtern soll. Dabei wird die Au\u00dfensohle \u00fcber eine eigens entwickelte Wiederbesohlungsplattform am Schuh angebracht, und diese ist \u2013 quasi als \u201eSollbruchstelle\u201c\u2013 am Sohlenrand durch einen farbigen Streifen markiert, im Falle des<strong>La Sportiva<\/strong> <strong>TX4 R<\/strong> in gelb. Durch diese Barriere zur Zwischensohle aus weichem EVA wird Letztere bei der Entfernung einer abgelatschten Sohle weder beeintr\u00e4chtigt noch besch\u00e4digt, und die Neubesohlung insgesamt maximal vereinfacht. Vorbildlich!<\/p>\n\n\n\n<h3 class=\"wp-block-heading\" id=\"h-vibram-megagrip-sohle-steif-und-ordentlich-profiliert\">Vibram MegaGrip-Sohle: steif und ordentlich profiliert<\/h3>\n\n\n\n<p>Die steife, satt profilierte <strong>Vibram-Sohle<\/strong> generiert genau den Grip, den man f\u00fcr das Vorankommen in unwegsamem, steilem Gel\u00e4nde braucht. Und auch ger\u00f6llige Abschnitte oder Teilst\u00fccke durch den Wald mit viel Totholz-Ger\u00fcmpel auf dem Boden gehen so ohne gr\u00f6\u00dfere Schwei\u00dfausbr\u00fcche und Ausrutscher \u00fcber die B\u00fchne. Eine Besonderheit der Sohle des <strong>La Sportiva<\/strong> <strong>TX4 R<\/strong> ist allerdings der <em>Climbing Zone <\/em>genannte, profillose Bereich am Vorderfu\u00df. Mit diesem Teil der Sohle unter den Zehen und dem Zehenballen kannst Du kleine Kletterabschnitte bew\u00e4ltigen, kurz an einem Problemchen rumbouldern oder einfach das Gestein auf Beschaffenheit, Grip und Halt testen. <\/p>\n\n\n\n<p>Auch in der <em>Via Ferrata<\/em> tut der <strong>TX4 R<\/strong> klaglos und zuverl\u00e4ssig seinen Dienst, und gibt Dir dort die M\u00f6glichkeit, dank der steifen Sohle auch auf schmalen Tritten und Stiften sicheren Halt zu finden. Von der Vibram MegaGrip bin ich ohnehin schon l\u00e4nger komplett \u00fcberzeugt, denn sie macht ihrem Namen alle Ehre. Die hohe Kantenstabilit\u00e4t ist ebenfalls lobend hervorzuheben.<\/p>\n\n\n\n<h3 class=\"wp-block-heading\" id=\"h-schnurung-und-schnitt-viele-schlaufen-bester-halt\">Schn\u00fcrung und Schnitt: viele Schlaufen, bester Halt<\/h3>\n\n\n\n<p>Klar, die zahlreichen Schlaufen der Schn\u00fcrung bedeuten erstmal etwas mehr Arbeit beim Anziehen der Schuhe, aber lasst es Euch gesagt sein: diese Arbeit lohnt sich! Denn auf die Art kann der Schuh an jeden Abschnitt des Fu\u00dfes perfekt angepasst werden. Genau so, wie wir das mit unseren Schn\u00fcr-Kletterschuhen immer machen. Dadurch sitzt der <strong>TX4 R<\/strong> am Ende wie angegossen, was insbesondere in technischem Gel\u00e4uf ein nicht zu untersch\u00e4tzender Vorteil ist.<\/p>\n\n\n\n<p>Und auch vom Schnitt her \u00e4hnelt der Schuh den Kletterschuhen, denn wie diese sitzt er ziemlich satt am Fu\u00df. Das ist wie gesagt ein Vorteil in anspruchsvollem Gel\u00e4nde, st\u00fctzt Dich, l\u00e4sst Dich sicher Vorankommen und stellt stets beste Kontrolle \u00fcber den Untergrund sicher. Anziehschlaufen an den Fersen erleichtern das Reinschl\u00fcpfen. Wobei hier darauf geachtet werden muss, dass die Fersenpartie des Schuhs nicht umklappt, denn das tut sie leider gerne.<\/p>\n\n\n<div class=\"wp-block-image\">\n<figure class=\"alignleft size-full is-resized\"><a href=\"https:\/\/www.bergfreunde.de\/blog\/wp-content\/uploads\/2023\/10\/La-Sportiva_Matteo_Pavana_Schnuerung_zugeschnitten.jpg\"><img decoding=\"async\" width=\"750\" height=\"1000\" src=\"https:\/\/www.bergfreunde.de\/blog\/wp-content\/uploads\/2023\/10\/La-Sportiva_Matteo_Pavana_Schnuerung_zugeschnitten.jpg\" alt=\"Mit den vielen Schlaufen sitzen die La Sportiva TX4 R wie angegossen.\" class=\"wp-image-101599\" style=\"width:250px;height:332px\" srcset=\"https:\/\/www.berg-freunde.ch\/blog\/wp-content\/uploads\/2023\/10\/La-Sportiva_Matteo_Pavana_Schnuerung_zugeschnitten.jpg 750w, https:\/\/www.berg-freunde.ch\/blog\/wp-content\/uploads\/2023\/10\/La-Sportiva_Matteo_Pavana_Schnuerung_zugeschnitten-225x300.jpg 225w\" sizes=\"(max-width: 750px) 100vw, 750px\" \/><\/a><figcaption class=\"wp-element-caption\">Mit den vielen Schlaufen sitzen die TX4 R wie angegossen.<\/figcaption><\/figure>\n<\/div>\n\n\n<h3 class=\"wp-block-heading\" id=\"h-komfort-atmungsaktivitat-und-schutz\"><strong>Komfort, Atmungsaktivit\u00e4t und Schutz<\/strong><\/h3>\n\n\n\n<p>Zum guten Sitz der Schuhe tr\u00e4gt auch das Obermaterial Leder bei. Dieses passt sich \u2013 nachdem die Schuhe ordentlich eingetragen wurden \u2013 den F\u00fc\u00dfen besonders gut an. Auch die sonstigen Eigenschaften des Veloursleders sind dem Tragekomfort zutr\u00e4glich. Es ist, bedingt durch seine Offenporigkeit, sehr atmungsaktiv, was einen guten Feuchtigkeitstransport und somit auch eine gute Temperaturregulierung sicherstellt. Zudem fasst es sich weich und warm an.&nbsp;<\/p>\n\n\n\n<p>Beim Gehen sorgt die gro\u00dfz\u00fcgig dimensionierte, aus komprimiertem, recyceltem EVA bestehende Zwischensohle f\u00fcr die n\u00f6tige D\u00e4mpfung. Und da macht sich das f\u00fcr derart stabile Schuhe geringe Gewicht positiv (also eben nicht \ud83d\ude09) bemerkbar.<\/p>\n\n\n\n<p>Im Inneren versieht eine Ortholite Hybrid Approach 4 mm- Einlegesohle ihren komfortsteigernden Dienst. Sie sorgt einerseits f\u00fcr etwas zus\u00e4tzliche D\u00e4mpfung, tr\u00e4gt aber auch zur Feuchtigkeitsregulierung bei und h\u00e4lt so das Binnenklima vergleichsweise trocken und angenehm temperiert.<\/p>\n\n\n\n<p>Oberhalb von Au\u00dfen- und Zwischensohle l\u00e4uft um den ganzen Schuh herum ein Ger\u00f6llschutz aus Gummi, der an den Zehen und Fersen jeweils von einer Extraverst\u00e4rkung gekr\u00f6nt wird. Die Verst\u00e4rkung oberhalb der Zehen ist dabei gleichzeitig Teil der Climbing Zone und ist entsprechend gestaltet wie bei einem Kletterschuh. Nur im Bereich der gro\u00dfen Zehe nicht ganz so weit Richtung Spann ziehend.<\/p>\n\n\n\n<h2 class=\"wp-block-heading\" id=\"h-praxis\"><strong>Praxis<\/strong><\/h2>\n\n\n\n<p>Also, der Schuh sitzt (ziemlich perfekt!) am Fu\u00df, dann kann\u2019s ja losgehen! Ich habe den <strong>La Sportiva TX4 R<\/strong> jetzt seit einigen Wochen, sodass er mittlerweile gut eingelaufen ist und mir wie bereits beschrieben sehr gut passt. Das Tragegef\u00fchl ist am Anfang etwas gew\u00f6hnungsbed\u00fcrftig, denn die wenigsten Schuhe, <a href=\"https:\/\/www.berg-freunde.ch\/kletterschuhe\/\">Kletterschuhe<\/a> mal ausgenommen, sind derart passgenau geschneidert. Allerdings sind die <strong>TX4 R<\/strong> dabei eben doch recht komfortabel, und wenn man sich an das Enganliegende (aber nicht Einengende!) mal gew\u00f6hnt hat, f\u00e4llt es bald kaum mehr auf. <\/p>\n\n\n\n<p>Dazu noch Folgendes: ich habe den Schuh ja in der Sommer- und fr\u00fchen Herbstzeit getestet, also unter ausnahmslos ziemlich warmen Bedingungen, und entsprechend immer mit d\u00fcnnen Socken. Jetzt f\u00e4llt mir aber ein, dass man ja durchaus auch im frischeren Teil des Jahres Klettern oder Wandern geht. Also bei\u00dfe ich in den sauren Apfel und trage den <strong>TX4 R<\/strong> einen (ziemlich warmen) September-Nachmittag mit meinen wollenen <a href=\"https:\/\/www.berg-freunde.ch\/wandersocken\/\">Wandersocken<\/a>. Auch das ging wunderbar. Ich habe den Schuh in meiner normalen Gr\u00f6\u00dfe, und er funktioniert sowohl mit d\u00fcnnen als auch dickeren Socken bestens. Er d\u00fcrfte also ziemlich gr\u00f6\u00dfengetreu ausfallen.<\/p>\n\n\n\n<h3 class=\"wp-block-heading\" id=\"h-nicht-artgerechte-umgebung-asphalt\"><strong>Nicht artgerechte Umgebung: Asphalt<\/strong><\/h3>\n\n\n\n<p>F\u00fcr Asphalt sind sie nicht wirklich gemacht, aber ab und an muss es halt doch sein, also gibt\u2019s an der Stelle eben ein paar Worte zum Gehen auf Stra\u00dfen und Gehwegen. Und nat\u00fcrlich funktioniert auch das sehr gut mit dem <strong>La Sportiva<\/strong> <strong>TX4 R<\/strong>, denn wie gesagt: bequem ist er ja! Dass die Sohle sowohl zu stark profiliert als auch gef\u00fchlt zu hoch bauend und steif ist f\u00fcr solche \u201egeleckten\u201c Untergr\u00fcnde ist klar, st\u00f6rt allerdings in der Praxis kaum. Also muss man dem <strong>TX4 R<\/strong> unterm Strich absolute Alltagstauglichkeit attestieren. F\u00fcr mich pers\u00f6nlich umso mehr, weil die Profilierung der Sohle auch eng genug geraten ist, um mit den Schuhen auf normalen Fahrrad-Pedalen guten Halt zu finden. Aus diesem Grund habe ich sie selbst f\u00fcr die ein oder andere Ausfahrt mit dem Mountainbike hergenommen.<\/p>\n\n\n<div class=\"wp-block-image\">\n<figure class=\"alignright size-full is-resized\"><a href=\"https:\/\/www.bergfreunde.de\/blog\/wp-content\/uploads\/2023\/10\/La-Sportiva-Matteo_Pavana_Socken_zugeschnitten.jpg\"><img decoding=\"async\" width=\"750\" height=\"1000\" src=\"https:\/\/www.bergfreunde.de\/blog\/wp-content\/uploads\/2023\/10\/La-Sportiva-Matteo_Pavana_Socken_zugeschnitten.jpg\" alt=\"Die Approachschuhe tragen sich mit d\u00fcnnen oder dicken Socken sehr bequem.\" class=\"wp-image-101609\" style=\"width:250px;height:333px\" srcset=\"https:\/\/www.berg-freunde.ch\/blog\/wp-content\/uploads\/2023\/10\/La-Sportiva-Matteo_Pavana_Socken_zugeschnitten.jpg 750w, https:\/\/www.berg-freunde.ch\/blog\/wp-content\/uploads\/2023\/10\/La-Sportiva-Matteo_Pavana_Socken_zugeschnitten-225x300.jpg 225w\" sizes=\"(max-width: 750px) 100vw, 750px\" \/><\/a><figcaption class=\"wp-element-caption\">Die Approachschuhe tragen sich sowohl mit d\u00fcnnen als auch dicken Socken sehr bequem.<\/figcaption><\/figure>\n<\/div>\n\n\n<h3 class=\"wp-block-heading\" id=\"h-in-wald-und-wiesen-an-hangen-und-im-geroll\"><strong>In Wald und Wiesen, an H\u00e4ngen und im Ger\u00f6ll<\/strong><\/h3>\n\n\n\n<p>Jetzt aber ab ins Gel\u00e4nde, denn dort kann der <strong>TX4 R<\/strong> seine St\u00e4rken gnadenlos ausspielen! Im Prinzip ist ja schon oben in der Beschreibung alles zur Gel\u00e4ndetauglichkeit des Schuhs gesagt worden, aber dennoch: so richtig in seinem Element war der <strong>TX4 R<\/strong> dann an steilen, gern auch rutschigen H\u00e4ngen und im Wald; auch \u00fcber glitschiges Bruch- und Totholz konnte ich immer sicher berghoch und wieder runter stapfen. Ob es nass oder trocken zuging, war der Vibram MegaGrip-Sohle dabei \u00fcbrigens herzlich egal.<\/p>\n\n\n\n<p>Wenn es felsig und\/oder ger\u00f6llig wurde, war ich stellenweise froh \u00fcber den umlaufenden Gummischutz und vor allem die Verst\u00e4rkungen an Ferse und Zehen. Diese halten wirklich zuverl\u00e4ssig das Gr\u00f6bste fern von den zarten F\u00fc\u00dfchen. Und die oben bereits erw\u00e4hnte hohe Kantenstabilit\u00e4t macht sich nun im bergauf-Modus in felsigem Gel\u00e4nde \u00fcberaus positiv bemerkbar, denn wegknicken oder abrutschen tut hier nix. Einziges kleines Manko: die R\u00e4nder des Schuhschaftes sind ziemlich hart geraten, und wenn man schr\u00e4g steht, kann sich das teils etwas unangenehm bemerkbar machen, da der Rand dann unter Umst\u00e4nden dr\u00fcckt. Ansonsten pfl\u00fcgt man mit dem<strong> TX4 R<\/strong> aber sorgenlos durch kalkschuttiges, ansteigendes Terrain auf der Alb, alpines Gel\u00e4nde mit losen Schieferplatten, aber auch ger\u00f6llige Sandstein-Gegenden.<\/p>\n\n\n\n<h3 class=\"wp-block-heading\" id=\"h-die-climbing-zone\"><strong>Die Climbing Zone<\/strong><\/h3>\n\n\n\n<p>Dieses Special Feature ist eine Art Alleinstellungsmerkmal von Approachschuhen, das sie gerne mitbringen. Aber wie praktikabel ist so ein Gimmick bei derart multifunktionalen Halbschuhen wirklich? Um das herauszufinden, habe ich den Schuh einfach mal bei einem Ausflug zu verschiedenen lokalen Boulderm\u00f6glichkeiten angezogen. Und auch wenn klar ist, dass das Teil keinen ausgewiesenen Kletterschuh ersetzt, kann man doch ordentlich Spa\u00df haben an der Boulderwand mit dem <strong>TX4 R<\/strong>. Man findet auch auf recht kleinen Tritten Halt, und der nicht profilierte vordere Sohlenteil generiert gen\u00fcgend Grip f\u00fcr leichtere Boulderprobleme; einfachere Kletterrouten nachzusteigen k\u00f6nnte ich mir ebenfalls durchaus vorstellen.&nbsp;&nbsp;&nbsp;<\/p>\n\n\n\n<h2 class=\"wp-block-heading\" id=\"h-fazit\"><strong>Fazit<\/strong><\/h2>\n\n\n\n<p>Bei aller Spezialisierung auf den Kletterbereich: Den <strong><a href=\"https:\/\/www.bergfreunde.de\/la-sportiva-tx4-r-approachschuhe\/\">TX4 R<\/a><\/strong> kann man nicht nur Kletterbegeisterten, sondern eigentlich beinahe allen Outdoor-Enthusiasten guten Gewissens empfehlen. Er ist sehr bequem, aber eben auch wahnsinnig robust und kommt bestens mit den verschiedensten Untergr\u00fcnden, Witterungsbedingungen und Hangneigungen klar. Dadurch ist er wahrlich vielseitig einsetzbar, was in meinem Fall so weit geht, dass ich ihn mittlerweile oft im Alltag trage und auch sehr gerne als leichten Wanderschuh nutze. Und hab ich eigentlich schon erw\u00e4hnt, dass er mir auch optisch verdammt gut taugt?<\/p>\n\n\n\n<div class=\"wp-block-buttons is-layout-flex wp-block-buttons-is-layout-flex\">\n<div class=\"wp-block-button\"><a class=\"wp-block-button__link wp-element-button\" href=\"https:\/\/www.bergfreunde.de\/la-sportiva-tx4-r-approachschuhe\/\">Hier geht\u00b4s zum TX4 R >><\/a><\/div>\n<\/div>\n","protected":false},"excerpt":{"rendered":"<p>Die TX4 R von La Sportiva sind Approach- bzw. Zustiegsschuhe, die allerdings ziemlich vielseitig und somit f\u00fcr verschiedenste Outdoor-Unternehmungen bestens geeignet sind. Und, soviel vorweg: obwohl das Spezialgebiet der Schuhe durchaus steinig-ger\u00f6lliges und steiles Gel\u00e4nde ist, machen sie nicht nur f\u00fcr Kletterer und auf Klettersteigen, sondern z. B. auch bei Wanderungen, Spazierg\u00e4ngen und generell beim [&hellip;]<\/p>\n","protected":false},"author":94,"featured_media":101588,"comment_status":"open","ping_status":"closed","sticky":false,"template":"","format":"standard","meta":{"_acf_changed":false,"footnotes":""},"categories":[313,291],"tags":[273,276],"post_folder":[],"class_list":["post-101520","post","type-post","status-publish","format-standard","has-post-thumbnail","hentry","category-testberichte","category-unkategorisiert","tag-klettern-bouldern","tag-wandern-trekking"],"acf":[],"yoast_head":"<!-- This site is optimized with the Yoast SEO Premium plugin v27.4 (Yoast SEO v27.4) - https:\/\/yoast.com\/product\/yoast-seo-premium-wordpress\/ -->\n<title>Testbericht La Sportiva TX4 R: Ein Klassiker mit Updates<\/title>\n<meta name=\"description\" content=\"Dieser Bergfreunde-Artikel stellt euch den Outdoorschuh La Sportiva TX4 R in einem Praxistest vor. Was kann er und f\u00fcr wen ist er geeignet?\" \/>\n<meta name=\"robots\" content=\"index, follow, max-snippet:-1, max-image-preview:large, max-video-preview:-1\" \/>\n<link rel=\"canonical\" href=\"https:\/\/www.berg-freunde.ch\/blog\/testbericht-la-sportiva-tx4-r\/\" \/>\n<meta property=\"og:locale\" content=\"de_DE\" \/>\n<meta property=\"og:type\" content=\"article\" \/>\n<meta property=\"og:title\" content=\"Testbericht La Sportiva TX4 R: Ein Klassiker mit Updates\" \/>\n<meta property=\"og:description\" content=\"Dieser Bergfreunde-Artikel stellt euch den Outdoorschuh La Sportiva TX4 R in einem Praxistest vor. Was kann er und f\u00fcr wen ist er geeignet?\" \/>\n<meta property=\"og:url\" content=\"https:\/\/www.berg-freunde.ch\/blog\/testbericht-la-sportiva-tx4-r\/\" \/>\n<meta property=\"og:site_name\" content=\"Bergfreunde\" \/>\n<meta property=\"article:publisher\" content=\"https:\/\/www.facebook.com\/bergfreunde\" \/>\n<meta property=\"article:published_time\" content=\"2023-10-27T07:00:00+00:00\" \/>\n<meta property=\"article:modified_time\" content=\"2025-12-23T14:18:59+00:00\" \/>\n<meta property=\"og:image\" content=\"https:\/\/www.berg-freunde.ch\/blog\/wp-content\/uploads\/2023\/10\/La-Sportiva_Matteo_Pavana_Titel_zugeschnitten.jpg\" \/>\n\t<meta property=\"og:image:width\" content=\"1440\" \/>\n\t<meta property=\"og:image:height\" content=\"590\" \/>\n\t<meta property=\"og:image:type\" content=\"image\/jpeg\" \/>\n<meta name=\"author\" content=\"Andreas\" \/>\n<meta name=\"twitter:card\" content=\"summary_large_image\" \/>\n<meta name=\"twitter:label1\" content=\"Geschrieben von\" \/>\n\t<meta name=\"twitter:data1\" content=\"Andreas\" \/>\n\t<meta name=\"twitter:label2\" content=\"Gesch\u00e4tzte Lesezeit\" \/>\n\t<meta name=\"twitter:data2\" content=\"9\u00a0Minuten\" \/>\n<script type=\"application\/ld+json\" class=\"yoast-schema-graph\">{\"@context\":\"https:\\\/\\\/schema.org\",\"@graph\":[{\"@type\":[\"Article\",\"BlogPosting\"],\"@id\":\"https:\\\/\\\/www.berg-freunde.ch\\\/blog\\\/testbericht-la-sportiva-tx4-r\\\/#article\",\"isPartOf\":{\"@id\":\"https:\\\/\\\/www.berg-freunde.ch\\\/blog\\\/testbericht-la-sportiva-tx4-r\\\/\"},\"author\":{\"name\":\"Andreas\",\"@id\":\"https:\\\/\\\/www.berg-freunde.ch\\\/blog\\\/#\\\/schema\\\/person\\\/ac1f1f72dae7d3933fd09efad78462a5\"},\"headline\":\"Testbericht La Sportiva TX4 R: Ein Klassiker mit Updates\",\"datePublished\":\"2023-10-27T07:00:00+00:00\",\"dateModified\":\"2025-12-23T14:18:59+00:00\",\"mainEntityOfPage\":{\"@id\":\"https:\\\/\\\/www.berg-freunde.ch\\\/blog\\\/testbericht-la-sportiva-tx4-r\\\/\"},\"wordCount\":1823,\"commentCount\":0,\"publisher\":{\"@id\":\"https:\\\/\\\/www.berg-freunde.ch\\\/blog\\\/#organization\"},\"image\":{\"@id\":\"https:\\\/\\\/www.berg-freunde.ch\\\/blog\\\/testbericht-la-sportiva-tx4-r\\\/#primaryimage\"},\"thumbnailUrl\":\"https:\\\/\\\/www.berg-freunde.ch\\\/blog\\\/wp-content\\\/uploads\\\/2023\\\/10\\\/La-Sportiva_Matteo_Pavana_Titel_zugeschnitten.jpg\",\"keywords\":[\"Klettern &amp; Bouldern\",\"Wandern &amp; Trekking\"],\"articleSection\":[\"Testberichte\",\"Unkategorisiert\"],\"inLanguage\":\"de-CH\",\"potentialAction\":[{\"@type\":\"CommentAction\",\"name\":\"Comment\",\"target\":[\"https:\\\/\\\/www.berg-freunde.ch\\\/blog\\\/testbericht-la-sportiva-tx4-r\\\/#respond\"]}]},{\"@type\":\"WebPage\",\"@id\":\"https:\\\/\\\/www.berg-freunde.ch\\\/blog\\\/testbericht-la-sportiva-tx4-r\\\/\",\"url\":\"https:\\\/\\\/www.berg-freunde.ch\\\/blog\\\/testbericht-la-sportiva-tx4-r\\\/\",\"name\":\"Testbericht La Sportiva TX4 R: Ein Klassiker mit Updates\",\"isPartOf\":{\"@id\":\"https:\\\/\\\/www.berg-freunde.ch\\\/blog\\\/#website\"},\"primaryImageOfPage\":{\"@id\":\"https:\\\/\\\/www.berg-freunde.ch\\\/blog\\\/testbericht-la-sportiva-tx4-r\\\/#primaryimage\"},\"image\":{\"@id\":\"https:\\\/\\\/www.berg-freunde.ch\\\/blog\\\/testbericht-la-sportiva-tx4-r\\\/#primaryimage\"},\"thumbnailUrl\":\"https:\\\/\\\/www.berg-freunde.ch\\\/blog\\\/wp-content\\\/uploads\\\/2023\\\/10\\\/La-Sportiva_Matteo_Pavana_Titel_zugeschnitten.jpg\",\"datePublished\":\"2023-10-27T07:00:00+00:00\",\"dateModified\":\"2025-12-23T14:18:59+00:00\",\"description\":\"Dieser Bergfreunde-Artikel stellt euch den Outdoorschuh La Sportiva TX4 R in einem Praxistest vor. Was kann er und f\u00fcr wen ist er geeignet?\",\"breadcrumb\":{\"@id\":\"https:\\\/\\\/www.berg-freunde.ch\\\/blog\\\/testbericht-la-sportiva-tx4-r\\\/#breadcrumb\"},\"inLanguage\":\"de-CH\",\"potentialAction\":[{\"@type\":\"ReadAction\",\"target\":[\"https:\\\/\\\/www.berg-freunde.ch\\\/blog\\\/testbericht-la-sportiva-tx4-r\\\/\"]}]},{\"@type\":\"ImageObject\",\"inLanguage\":\"de-CH\",\"@id\":\"https:\\\/\\\/www.berg-freunde.ch\\\/blog\\\/testbericht-la-sportiva-tx4-r\\\/#primaryimage\",\"url\":\"https:\\\/\\\/www.berg-freunde.ch\\\/blog\\\/wp-content\\\/uploads\\\/2023\\\/10\\\/La-Sportiva_Matteo_Pavana_Titel_zugeschnitten.jpg\",\"contentUrl\":\"https:\\\/\\\/www.berg-freunde.ch\\\/blog\\\/wp-content\\\/uploads\\\/2023\\\/10\\\/La-Sportiva_Matteo_Pavana_Titel_zugeschnitten.jpg\",\"width\":1440,\"height\":590,\"caption\":\"Die La Sportiva\"},{\"@type\":\"BreadcrumbList\",\"@id\":\"https:\\\/\\\/www.berg-freunde.ch\\\/blog\\\/testbericht-la-sportiva-tx4-r\\\/#breadcrumb\",\"itemListElement\":[{\"@type\":\"ListItem\",\"position\":1,\"name\":\"Blog\",\"item\":\"https:\\\/\\\/www.berg-freunde.ch\\\/blog\\\/\"},{\"@type\":\"ListItem\",\"position\":2,\"name\":\"Beratung\",\"item\":\"https:\\\/\\\/www.berg-freunde.ch\\\/blog\\\/category\\\/beratung\\\/\"},{\"@type\":\"ListItem\",\"position\":3,\"name\":\"Testberichte\",\"item\":\"https:\\\/\\\/www.berg-freunde.ch\\\/blog\\\/category\\\/beratung\\\/testberichte\\\/\"},{\"@type\":\"ListItem\",\"position\":4,\"name\":\"Testbericht La Sportiva TX4 R: Ein Klassiker mit Updates\"}]},{\"@type\":\"WebSite\",\"@id\":\"https:\\\/\\\/www.berg-freunde.ch\\\/blog\\\/#website\",\"url\":\"https:\\\/\\\/www.berg-freunde.ch\\\/blog\\\/\",\"name\":\"Bergfreunde\",\"description\":\"Blog\",\"publisher\":{\"@id\":\"https:\\\/\\\/www.berg-freunde.ch\\\/blog\\\/#organization\"},\"potentialAction\":[{\"@type\":\"SearchAction\",\"target\":{\"@type\":\"EntryPoint\",\"urlTemplate\":\"https:\\\/\\\/www.berg-freunde.ch\\\/blog\\\/?s={search_term_string}\"},\"query-input\":{\"@type\":\"PropertyValueSpecification\",\"valueRequired\":true,\"valueName\":\"search_term_string\"}}],\"inLanguage\":\"de-CH\"},{\"@type\":\"Organization\",\"@id\":\"https:\\\/\\\/www.berg-freunde.ch\\\/blog\\\/#organization\",\"name\":\"Bergfreunde\",\"url\":\"https:\\\/\\\/www.berg-freunde.ch\\\/blog\\\/\",\"logo\":{\"@type\":\"ImageObject\",\"inLanguage\":\"de-CH\",\"@id\":\"https:\\\/\\\/www.berg-freunde.ch\\\/blog\\\/#\\\/schema\\\/logo\\\/image\\\/\",\"url\":\"https:\\\/\\\/www.berg-freunde.ch\\\/blog\\\/wp-content\\\/uploads\\\/2023\\\/12\\\/Bergfreunde_DE_rgb.svg\",\"contentUrl\":\"https:\\\/\\\/www.berg-freunde.ch\\\/blog\\\/wp-content\\\/uploads\\\/2023\\\/12\\\/Bergfreunde_DE_rgb.svg\",\"caption\":\"Bergfreunde\"},\"image\":{\"@id\":\"https:\\\/\\\/www.berg-freunde.ch\\\/blog\\\/#\\\/schema\\\/logo\\\/image\\\/\"},\"sameAs\":[\"https:\\\/\\\/www.facebook.com\\\/bergfreunde\",\"https:\\\/\\\/www.instagram.com\\\/bergfreundede\\\/\"]},{\"@type\":\"Person\",\"@id\":\"https:\\\/\\\/www.berg-freunde.ch\\\/blog\\\/#\\\/schema\\\/person\\\/ac1f1f72dae7d3933fd09efad78462a5\",\"name\":\"Andreas\",\"url\":\"https:\\\/\\\/www.berg-freunde.ch\\\/blog\\\/about\\\/andreas\\\/\"}]}<\/script>\n<!-- \/ Yoast SEO Premium plugin. -->","yoast_head_json":{"title":"Testbericht La Sportiva TX4 R: Ein Klassiker mit Updates","description":"Dieser Bergfreunde-Artikel stellt euch den Outdoorschuh La Sportiva TX4 R in einem Praxistest vor. Was kann er und f\u00fcr wen ist er geeignet?","robots":{"index":"index","follow":"follow","max-snippet":"max-snippet:-1","max-image-preview":"max-image-preview:large","max-video-preview":"max-video-preview:-1"},"canonical":"https:\/\/www.berg-freunde.ch\/blog\/testbericht-la-sportiva-tx4-r\/","og_locale":"de_DE","og_type":"article","og_title":"Testbericht La Sportiva TX4 R: Ein Klassiker mit Updates","og_description":"Dieser Bergfreunde-Artikel stellt euch den Outdoorschuh La Sportiva TX4 R in einem Praxistest vor. Was kann er und f\u00fcr wen ist er geeignet?","og_url":"https:\/\/www.berg-freunde.ch\/blog\/testbericht-la-sportiva-tx4-r\/","og_site_name":"Bergfreunde","article_publisher":"https:\/\/www.facebook.com\/bergfreunde","article_published_time":"2023-10-27T07:00:00+00:00","article_modified_time":"2025-12-23T14:18:59+00:00","og_image":[{"width":1440,"height":590,"url":"https:\/\/www.berg-freunde.ch\/blog\/wp-content\/uploads\/2023\/10\/La-Sportiva_Matteo_Pavana_Titel_zugeschnitten.jpg","type":"image\/jpeg"}],"author":"Andreas","twitter_card":"summary_large_image","twitter_misc":{"Geschrieben von":"Andreas","Gesch\u00e4tzte Lesezeit":"9\u00a0Minuten"},"schema":{"@context":"https:\/\/schema.org","@graph":[{"@type":["Article","BlogPosting"],"@id":"https:\/\/www.berg-freunde.ch\/blog\/testbericht-la-sportiva-tx4-r\/#article","isPartOf":{"@id":"https:\/\/www.berg-freunde.ch\/blog\/testbericht-la-sportiva-tx4-r\/"},"author":{"name":"Andreas","@id":"https:\/\/www.berg-freunde.ch\/blog\/#\/schema\/person\/ac1f1f72dae7d3933fd09efad78462a5"},"headline":"Testbericht La Sportiva TX4 R: Ein Klassiker mit Updates","datePublished":"2023-10-27T07:00:00+00:00","dateModified":"2025-12-23T14:18:59+00:00","mainEntityOfPage":{"@id":"https:\/\/www.berg-freunde.ch\/blog\/testbericht-la-sportiva-tx4-r\/"},"wordCount":1823,"commentCount":0,"publisher":{"@id":"https:\/\/www.berg-freunde.ch\/blog\/#organization"},"image":{"@id":"https:\/\/www.berg-freunde.ch\/blog\/testbericht-la-sportiva-tx4-r\/#primaryimage"},"thumbnailUrl":"https:\/\/www.berg-freunde.ch\/blog\/wp-content\/uploads\/2023\/10\/La-Sportiva_Matteo_Pavana_Titel_zugeschnitten.jpg","keywords":["Klettern &amp; Bouldern","Wandern &amp; Trekking"],"articleSection":["Testberichte","Unkategorisiert"],"inLanguage":"de-CH","potentialAction":[{"@type":"CommentAction","name":"Comment","target":["https:\/\/www.berg-freunde.ch\/blog\/testbericht-la-sportiva-tx4-r\/#respond"]}]},{"@type":"WebPage","@id":"https:\/\/www.berg-freunde.ch\/blog\/testbericht-la-sportiva-tx4-r\/","url":"https:\/\/www.berg-freunde.ch\/blog\/testbericht-la-sportiva-tx4-r\/","name":"Testbericht La Sportiva TX4 R: Ein Klassiker mit Updates","isPartOf":{"@id":"https:\/\/www.berg-freunde.ch\/blog\/#website"},"primaryImageOfPage":{"@id":"https:\/\/www.berg-freunde.ch\/blog\/testbericht-la-sportiva-tx4-r\/#primaryimage"},"image":{"@id":"https:\/\/www.berg-freunde.ch\/blog\/testbericht-la-sportiva-tx4-r\/#primaryimage"},"thumbnailUrl":"https:\/\/www.berg-freunde.ch\/blog\/wp-content\/uploads\/2023\/10\/La-Sportiva_Matteo_Pavana_Titel_zugeschnitten.jpg","datePublished":"2023-10-27T07:00:00+00:00","dateModified":"2025-12-23T14:18:59+00:00","description":"Dieser Bergfreunde-Artikel stellt euch den Outdoorschuh La Sportiva TX4 R in einem Praxistest vor. Was kann er und f\u00fcr wen ist er geeignet?","breadcrumb":{"@id":"https:\/\/www.berg-freunde.ch\/blog\/testbericht-la-sportiva-tx4-r\/#breadcrumb"},"inLanguage":"de-CH","potentialAction":[{"@type":"ReadAction","target":["https:\/\/www.berg-freunde.ch\/blog\/testbericht-la-sportiva-tx4-r\/"]}]},{"@type":"ImageObject","inLanguage":"de-CH","@id":"https:\/\/www.berg-freunde.ch\/blog\/testbericht-la-sportiva-tx4-r\/#primaryimage","url":"https:\/\/www.berg-freunde.ch\/blog\/wp-content\/uploads\/2023\/10\/La-Sportiva_Matteo_Pavana_Titel_zugeschnitten.jpg","contentUrl":"https:\/\/www.berg-freunde.ch\/blog\/wp-content\/uploads\/2023\/10\/La-Sportiva_Matteo_Pavana_Titel_zugeschnitten.jpg","width":1440,"height":590,"caption":"Die La Sportiva"},{"@type":"BreadcrumbList","@id":"https:\/\/www.berg-freunde.ch\/blog\/testbericht-la-sportiva-tx4-r\/#breadcrumb","itemListElement":[{"@type":"ListItem","position":1,"name":"Blog","item":"https:\/\/www.berg-freunde.ch\/blog\/"},{"@type":"ListItem","position":2,"name":"Beratung","item":"https:\/\/www.berg-freunde.ch\/blog\/category\/beratung\/"},{"@type":"ListItem","position":3,"name":"Testberichte","item":"https:\/\/www.berg-freunde.ch\/blog\/category\/beratung\/testberichte\/"},{"@type":"ListItem","position":4,"name":"Testbericht La Sportiva TX4 R: Ein Klassiker mit Updates"}]},{"@type":"WebSite","@id":"https:\/\/www.berg-freunde.ch\/blog\/#website","url":"https:\/\/www.berg-freunde.ch\/blog\/","name":"Bergfreunde","description":"Blog","publisher":{"@id":"https:\/\/www.berg-freunde.ch\/blog\/#organization"},"potentialAction":[{"@type":"SearchAction","target":{"@type":"EntryPoint","urlTemplate":"https:\/\/www.berg-freunde.ch\/blog\/?s={search_term_string}"},"query-input":{"@type":"PropertyValueSpecification","valueRequired":true,"valueName":"search_term_string"}}],"inLanguage":"de-CH"},{"@type":"Organization","@id":"https:\/\/www.berg-freunde.ch\/blog\/#organization","name":"Bergfreunde","url":"https:\/\/www.berg-freunde.ch\/blog\/","logo":{"@type":"ImageObject","inLanguage":"de-CH","@id":"https:\/\/www.berg-freunde.ch\/blog\/#\/schema\/logo\/image\/","url":"https:\/\/www.berg-freunde.ch\/blog\/wp-content\/uploads\/2023\/12\/Bergfreunde_DE_rgb.svg","contentUrl":"https:\/\/www.berg-freunde.ch\/blog\/wp-content\/uploads\/2023\/12\/Bergfreunde_DE_rgb.svg","caption":"Bergfreunde"},"image":{"@id":"https:\/\/www.berg-freunde.ch\/blog\/#\/schema\/logo\/image\/"},"sameAs":["https:\/\/www.facebook.com\/bergfreunde","https:\/\/www.instagram.com\/bergfreundede\/"]},{"@type":"Person","@id":"https:\/\/www.berg-freunde.ch\/blog\/#\/schema\/person\/ac1f1f72dae7d3933fd09efad78462a5","name":"Andreas","url":"https:\/\/www.berg-freunde.ch\/blog\/about\/andreas\/"}]}},"_links":{"self":[{"href":"https:\/\/www.berg-freunde.ch\/blog\/wp-json\/wp\/v2\/posts\/101520","targetHints":{"allow":["GET"]}}],"collection":[{"href":"https:\/\/www.berg-freunde.ch\/blog\/wp-json\/wp\/v2\/posts"}],"about":[{"href":"https:\/\/www.berg-freunde.ch\/blog\/wp-json\/wp\/v2\/types\/post"}],"author":[{"embeddable":true,"href":"https:\/\/www.berg-freunde.ch\/blog\/wp-json\/wp\/v2\/users\/94"}],"replies":[{"embeddable":true,"href":"https:\/\/www.berg-freunde.ch\/blog\/wp-json\/wp\/v2\/comments?post=101520"}],"version-history":[{"count":2,"href":"https:\/\/www.berg-freunde.ch\/blog\/wp-json\/wp\/v2\/posts\/101520\/revisions"}],"predecessor-version":[{"id":129615,"href":"https:\/\/www.berg-freunde.ch\/blog\/wp-json\/wp\/v2\/posts\/101520\/revisions\/129615"}],"wp:featuredmedia":[{"embeddable":true,"href":"https:\/\/www.berg-freunde.ch\/blog\/wp-json\/wp\/v2\/media\/101588"}],"wp:attachment":[{"href":"https:\/\/www.berg-freunde.ch\/blog\/wp-json\/wp\/v2\/media?parent=101520"}],"wp:term":[{"taxonomy":"category","embeddable":true,"href":"https:\/\/www.berg-freunde.ch\/blog\/wp-json\/wp\/v2\/categories?post=101520"},{"taxonomy":"post_tag","embeddable":true,"href":"https:\/\/www.berg-freunde.ch\/blog\/wp-json\/wp\/v2\/tags?post=101520"},{"taxonomy":"post_folder","embeddable":true,"href":"https:\/\/www.berg-freunde.ch\/blog\/wp-json\/wp\/v2\/post_folder?post=101520"}],"curies":[{"name":"wp","href":"https:\/\/api.w.org\/{rel}","templated":true}]}}