{"id":106982,"date":"2024-01-12T08:13:47","date_gmt":"2024-01-12T07:13:47","guid":{"rendered":"https:\/\/www.bergfreunde.de\/blog\/?p=106982"},"modified":"2025-04-23T11:16:32","modified_gmt":"2025-04-23T09:16:32","slug":"grat-raus-podcast-27-von-chronischen-schmerzen-zur-solo-matterhorn-besteigung","status":"publish","type":"post","link":"https:\/\/www.berg-freunde.ch\/blog\/grat-raus-podcast-27-von-chronischen-schmerzen-zur-solo-matterhorn-besteigung\/","title":{"rendered":"GRAT RAUS FOLGE 27: Von chronischen Schmerzen zur Solo Matterhorn-Besteigung &#8211; Melanie Gr\u00fcnwalds inspirierende Geschichte"},"content":{"rendered":"\n<h2 class=\"wp-block-heading\" id=\"h-die-podcast-folge\"><strong>Die Podcast Folge <\/strong><\/h2>\n\n\n\n<blockquote class=\"wp-block-quote has-text-align-center is-layout-flow wp-block-quote-is-layout-flow\">\n<p class=\"has-text-align-center\">I<em>ch habe eine sehr tiefgr\u00fcndige und bescheidene Dankbarkeit entwickelt, schmerzfrei zu sein<\/em>.<\/p>\n<cite>Melanie Gr\u00fcnwald<\/cite><\/blockquote>\n\n\n<div class=\"wp-block-image\">\n<figure data-wp-context=\"{&quot;imageId&quot;:&quot;69f5c633834da&quot;}\" data-wp-interactive=\"core\/image\" data-wp-key=\"69f5c633834da\" class=\"alignright size-large is-resized wp-lightbox-container\"><img fetchpriority=\"high\" decoding=\"async\" width=\"1081\" height=\"1500\" data-wp-class--hide=\"state.isContentHidden\" data-wp-class--show=\"state.isContentVisible\" data-wp-init=\"callbacks.setButtonStyles\" data-wp-on--click=\"actions.showLightbox\" data-wp-on--load=\"callbacks.setButtonStyles\" data-wp-on-window--resize=\"callbacks.setButtonStyles\" src=\"https:\/\/www.bergfreunde.de\/blog\/wp-content\/uploads\/2024\/01\/Melanie-1.1-1081x1500.jpg\" alt=\"\" class=\"wp-image-107265\" style=\"width:215px;height:auto\" srcset=\"https:\/\/www.berg-freunde.ch\/blog\/wp-content\/uploads\/2024\/01\/Melanie-1.1-1081x1500.jpg 1081w, https:\/\/www.berg-freunde.ch\/blog\/wp-content\/uploads\/2024\/01\/Melanie-1.1-216x300.jpg 216w, https:\/\/www.berg-freunde.ch\/blog\/wp-content\/uploads\/2024\/01\/Melanie-1.1-768x1065.jpg 768w, https:\/\/www.berg-freunde.ch\/blog\/wp-content\/uploads\/2024\/01\/Melanie-1.1-1107x1536.jpg 1107w, https:\/\/www.berg-freunde.ch\/blog\/wp-content\/uploads\/2024\/01\/Melanie-1.1.jpg 1170w\" sizes=\"(max-width: 1081px) 100vw, 1081px\" \/><button\n\t\t\tclass=\"lightbox-trigger\"\n\t\t\ttype=\"button\"\n\t\t\taria-haspopup=\"dialog\"\n\t\t\taria-label=\"Vergr\u00f6ssern\"\n\t\t\tdata-wp-init=\"callbacks.initTriggerButton\"\n\t\t\tdata-wp-on--click=\"actions.showLightbox\"\n\t\t\tdata-wp-style--right=\"state.imageButtonRight\"\n\t\t\tdata-wp-style--top=\"state.imageButtonTop\"\n\t\t>\n\t\t\t<svg xmlns=\"http:\/\/www.w3.org\/2000\/svg\" width=\"12\" height=\"12\" fill=\"none\" viewBox=\"0 0 12 12\">\n\t\t\t\t<path fill=\"#fff\" d=\"M2 0a2 2 0 0 0-2 2v2h1.5V2a.5.5 0 0 1 .5-.5h2V0H2Zm2 10.5H2a.5.5 0 0 1-.5-.5V8H0v2a2 2 0 0 0 2 2h2v-1.5ZM8 12v-1.5h2a.5.5 0 0 0 .5-.5V8H12v2a2 2 0 0 1-2 2H8Zm2-12a2 2 0 0 1 2 2v2h-1.5V2a.5.5 0 0 0-.5-.5H8V0h2Z\" \/>\n\t\t\t<\/svg>\n\t\t<\/button><figcaption class=\"wp-element-caption\">Melanie in ihrem Element<\/figcaption><\/figure>\n<\/div>\n\n\n<p>In dieser Folge des Outdoor-Podcasts GRAT RAUS erleben wir die beeindruckende Geschichte der Bergsportlerin Melanie Gr\u00fcnwald, die nach zwei Unf\u00e4llen und sechs Operationen mit chronischen Beinschmerzen konfrontiert wurde. Nach vier langen Jahren&nbsp;der Behandlung&nbsp;fand sie endlich die Kraft, sich erneut in Outdoorabenteuer zu st\u00fcrzen und erf\u00fcllte sich dabei einen wahren Traum &#8211; die Besteigung des Matterhorns, ganz allein.&nbsp;<\/p>\n\n\n\n<p>Doch auf ihrem Weg zum Gipfel sah sie sich nicht nur den Herausforderungen der Natur gegen\u00fcber. Die Bergwelt offenbarte auch eine andere Seite, als sie auf diskriminierende Kommentare stie\u00df. In dieser Podcast-Folge geht es daher nicht nur um den Umgang mit chronischen Schmerzen, sondern auch um das wichtige Thema &#171;Frauen im Bergsport&#187;. Melanie hat Hindernisse \u00fcberwunden, nicht nur in den Bergen, sondern auch in einer Welt, die noch immer Vorurteile pflegt. Taucht ein in eine inspirierende Geschichte voller Mut, Durchhalteverm\u00f6gen und dem Streben nach Gleichberechtigung in der Welt des Bergsports.&nbsp;<\/p>\n\n\n<div class=\"wp-block-image\">\n<figure data-wp-context=\"{&quot;imageId&quot;:&quot;69f5c63385e66&quot;}\" data-wp-interactive=\"core\/image\" data-wp-key=\"69f5c63385e66\" class=\"alignleft size-large is-resized wp-lightbox-container\"><img decoding=\"async\" width=\"1114\" height=\"1500\" data-wp-class--hide=\"state.isContentHidden\" data-wp-class--show=\"state.isContentVisible\" data-wp-init=\"callbacks.setButtonStyles\" data-wp-on--click=\"actions.showLightbox\" data-wp-on--load=\"callbacks.setButtonStyles\" data-wp-on-window--resize=\"callbacks.setButtonStyles\" src=\"https:\/\/www.bergfreunde.de\/blog\/wp-content\/uploads\/2024\/01\/Melanie-Matterhorn-3.1-1114x1500.jpg\" alt=\"\" class=\"wp-image-107270\" style=\"width:215px;height:auto\" srcset=\"https:\/\/www.berg-freunde.ch\/blog\/wp-content\/uploads\/2024\/01\/Melanie-Matterhorn-3.1-1114x1500.jpg 1114w, https:\/\/www.berg-freunde.ch\/blog\/wp-content\/uploads\/2024\/01\/Melanie-Matterhorn-3.1-223x300.jpg 223w, https:\/\/www.berg-freunde.ch\/blog\/wp-content\/uploads\/2024\/01\/Melanie-Matterhorn-3.1-768x1034.jpg 768w, https:\/\/www.berg-freunde.ch\/blog\/wp-content\/uploads\/2024\/01\/Melanie-Matterhorn-3.1-1141x1536.jpg 1141w, https:\/\/www.berg-freunde.ch\/blog\/wp-content\/uploads\/2024\/01\/Melanie-Matterhorn-3.1.jpg 1170w\" sizes=\"(max-width: 1114px) 100vw, 1114px\" \/><button\n\t\t\tclass=\"lightbox-trigger\"\n\t\t\ttype=\"button\"\n\t\t\taria-haspopup=\"dialog\"\n\t\t\taria-label=\"Vergr\u00f6ssern\"\n\t\t\tdata-wp-init=\"callbacks.initTriggerButton\"\n\t\t\tdata-wp-on--click=\"actions.showLightbox\"\n\t\t\tdata-wp-style--right=\"state.imageButtonRight\"\n\t\t\tdata-wp-style--top=\"state.imageButtonTop\"\n\t\t>\n\t\t\t<svg xmlns=\"http:\/\/www.w3.org\/2000\/svg\" width=\"12\" height=\"12\" fill=\"none\" viewBox=\"0 0 12 12\">\n\t\t\t\t<path fill=\"#fff\" d=\"M2 0a2 2 0 0 0-2 2v2h1.5V2a.5.5 0 0 1 .5-.5h2V0H2Zm2 10.5H2a.5.5 0 0 1-.5-.5V8H0v2a2 2 0 0 0 2 2h2v-1.5ZM8 12v-1.5h2a.5.5 0 0 0 .5-.5V8H12v2a2 2 0 0 1-2 2H8Zm2-12a2 2 0 0 1 2 2v2h-1.5V2a.5.5 0 0 0-.5-.5H8V0h2Z\" \/>\n\t\t\t<\/svg>\n\t\t<\/button><figcaption class=\"wp-element-caption\">Das Matterhorn im Blick<\/figcaption><\/figure>\n<\/div>\n\n\n<p>Welche Tipps Melanie an Schmerzpatienten und deren Umfeld geben kann und welche ersten Schritte f\u00fcr die Gleichberechtigung am Berg getan werden k\u00f6nnen &#8211; all das erfahrt ihr in dieser neuen Folge!&nbsp;<\/p>\n\n\n\n<p>H\u00f6rt rein! Viel Spa\u00df!&nbsp;<\/p>\n\n\n\n<p>Nachtrag: Kurz vor der Ver\u00f6ffentlich der Folge erh\u00e4lt Melanie den Befund eines Kontroll-MRTs. Das Ergebnis: es gibt wieder sichtbare Knorpelsch\u00e4den. Trotz Schmerzfreiheit ist es m\u00f6glich, dass es zu einer weiteren Operation kommt. Das ist ein herber R\u00fcckschlag und zeigt, wie weittragend solch eine Verletzung und ihre Folgen sein kann.&nbsp;<\/p>\n\n\n\n<iframe style=\"border-radius:12px\" src=\"https:\/\/open.spotify.com\/embed\/episode\/4x2zZjRDZ4BN0q4y98B3G7?utm_source=generator&#038;theme=0\" width=\"100%\" height=\"152\" frameBorder=\"0\" allowfullscreen=\"\" allow=\"autoplay; clipboard-write; encrypted-media; fullscreen; picture-in-picture\" loading=\"lazy\"><\/iframe>\n\n\n\n<div class=\"wp-block-columns is-layout-flex wp-container-core-columns-is-layout-9d6595d7 wp-block-columns-is-layout-flex\">\n<div class=\"wp-block-column is-layout-flow wp-block-column-is-layout-flow\" style=\"flex-basis:100%\"><\/div>\n<\/div>\n\n\n\n<p><strong>GRAT RAUS gibt\u2019s bei <a href=\"https:\/\/open.spotify.com\/show\/10T7A6YVknGh3mEwQRCKZf\">Spotify<\/a>, <a href=\"https:\/\/podcasts.apple.com\/us\/podcast\/grat-raus-der-bergfreunde-outdoor-podcast\/id1598863985\">Apple Podcasts<\/a> und <a href=\"https:\/\/podcasts.google.com\/feed\/aHR0cHM6Ly9ncmF0LXJhdXMucG9kaWdlZS5pby9mZWVkL21wMw\">Google Podcasts<\/a>.<\/strong><\/p>\n\n\n\n<p><\/p>\n\n\n\n<h2 class=\"wp-block-heading\" id=\"h-weitere-podcast-folgen\"><strong>Weitere Podcast Folgen<\/strong><\/h2>\n\n\n\n<p>Alle weiteren Podcast-Folgen von GRAT RAUS findest Du <a href=\"https:\/\/www.berg-freunde.ch\/blog\/category\/bergfreunde\/podcast\/\">hier<\/a>.<\/p>\n\n\n\n<h2 class=\"wp-block-heading\" id=\"h-die-bergfreunde-playlist\">Die Bergfreunde Playlist<\/h2>\n\n\n\n<p>Alle G\u00e4ste bei GRAT RAUS werden nach ihrem Lieblings Outdoor-Soundtrack gefragt. Die bunte Bergfreunde Playlist mit allen Songs findest Du <a href=\"https:\/\/open.spotify.com\/playlist\/5MjBYXv1SWBCAyxRwNgdOp\">hier<\/a>.<\/p>\n\n\n\n<h2 class=\"wp-block-heading\" id=\"h-du-hast-fragen\">Du hast Fragen?<\/h2>\n\n\n\n<p><span style=\"font-weight: 400;\">Du hast Fragen, Anmerkungen oder Themen-W\u00fcnsche f\u00fcr den Podcast? Dann gerne her damit! Schreib uns eine Mail an: <\/span><a href=\"mailto:podcast@bergfreunde.de\"><span style=\"font-weight: 400;\">podcast@bergfreunde.de<\/span><\/a>.<\/p>\n\n\n","protected":false},"excerpt":{"rendered":"<p>Die Podcast Folge Ich habe eine sehr tiefgr\u00fcndige und bescheidene Dankbarkeit entwickelt, schmerzfrei zu sein. Melanie Gr\u00fcnwald In dieser Folge des Outdoor-Podcasts GRAT RAUS erleben wir die beeindruckende Geschichte der Bergsportlerin Melanie Gr\u00fcnwald, die nach zwei Unf\u00e4llen und sechs Operationen mit chronischen Beinschmerzen konfrontiert wurde. Nach vier langen Jahren&nbsp;der Behandlung&nbsp;fand sie endlich die Kraft, sich [&hellip;]<\/p>\n","protected":false},"author":112,"featured_media":107548,"comment_status":"open","ping_status":"closed","sticky":false,"template":"","format":"standard","meta":{"_acf_changed":false,"footnotes":""},"categories":[286],"tags":[269,273],"post_folder":[],"class_list":["post-106982","post","type-post","status-publish","format-standard","has-post-thumbnail","hentry","category-podcast","tag-bergsteigen","tag-klettern-bouldern"],"acf":[],"yoast_head":"<!-- This site is optimized with the Yoast SEO Premium plugin v27.4 (Yoast SEO v27.4) - https:\/\/yoast.com\/product\/yoast-seo-premium-wordpress\/ -->\n<title>GRAT RAUS FOLGE 27: Von chronischen Schmerzen zur Solo Matterhorn-Besteigung - Melanie Gr\u00fcnwalds inspirierende Geschichte | Bergfreunde<\/title>\n<meta name=\"description\" content=\"Im Outdoor-Podcast GRAT RAUS spricht Melanie Gr\u00fcnwald \u00fcber den Umgang mit chronischen Schmerzen, ihre Traumerf\u00fcllung und Frauen im Bergsport.\" \/>\n<meta name=\"robots\" content=\"index, follow, max-snippet:-1, max-image-preview:large, max-video-preview:-1\" \/>\n<link rel=\"canonical\" href=\"https:\/\/www.berg-freunde.ch\/blog\/grat-raus-podcast-27-von-chronischen-schmerzen-zur-solo-matterhorn-besteigung\/\" \/>\n<meta property=\"og:locale\" content=\"de_DE\" \/>\n<meta property=\"og:type\" content=\"article\" \/>\n<meta property=\"og:title\" content=\"GRAT RAUS FOLGE 27: Von chronischen Schmerzen zur Solo Matterhorn-Besteigung - Melanie Gr\u00fcnwalds inspirierende Geschichte\" \/>\n<meta property=\"og:description\" content=\"Im Outdoor-Podcast GRAT RAUS spricht Melanie Gr\u00fcnwald \u00fcber den Umgang mit chronischen Schmerzen, ihre Traumerf\u00fcllung und Frauen im Bergsport.\" \/>\n<meta property=\"og:url\" content=\"https:\/\/www.berg-freunde.ch\/blog\/grat-raus-podcast-27-von-chronischen-schmerzen-zur-solo-matterhorn-besteigung\/\" \/>\n<meta property=\"og:site_name\" content=\"Bergfreunde\" \/>\n<meta property=\"article:publisher\" content=\"https:\/\/www.facebook.com\/bergfreunde\" \/>\n<meta property=\"article:published_time\" content=\"2024-01-12T07:13:47+00:00\" \/>\n<meta property=\"article:modified_time\" content=\"2025-04-23T09:16:32+00:00\" \/>\n<meta property=\"og:image\" content=\"https:\/\/www.berg-freunde.ch\/blog\/wp-content\/uploads\/2024\/01\/V2_Podcast_Buehne_1440x590.jpg\" \/>\n\t<meta property=\"og:image:width\" content=\"1440\" \/>\n\t<meta property=\"og:image:height\" content=\"590\" \/>\n\t<meta property=\"og:image:type\" content=\"image\/jpeg\" \/>\n<meta name=\"author\" content=\"Erik\" \/>\n<meta name=\"twitter:card\" content=\"summary_large_image\" \/>\n<meta name=\"twitter:label1\" content=\"Geschrieben von\" \/>\n\t<meta name=\"twitter:data1\" content=\"Erik\" \/>\n\t<meta name=\"twitter:label2\" content=\"Gesch\u00e4tzte Lesezeit\" \/>\n\t<meta name=\"twitter:data2\" content=\"2\u00a0Minuten\" \/>\n<script type=\"application\/ld+json\" class=\"yoast-schema-graph\">{\"@context\":\"https:\\\/\\\/schema.org\",\"@graph\":[{\"@type\":[\"Article\",\"BlogPosting\"],\"@id\":\"https:\\\/\\\/www.berg-freunde.ch\\\/blog\\\/grat-raus-podcast-27-von-chronischen-schmerzen-zur-solo-matterhorn-besteigung\\\/#article\",\"isPartOf\":{\"@id\":\"https:\\\/\\\/www.berg-freunde.ch\\\/blog\\\/grat-raus-podcast-27-von-chronischen-schmerzen-zur-solo-matterhorn-besteigung\\\/\"},\"author\":{\"name\":\"Erik\",\"@id\":\"https:\\\/\\\/www.berg-freunde.ch\\\/blog\\\/#\\\/schema\\\/person\\\/7d401297ffc689b8ef89af801f214341\"},\"headline\":\"GRAT RAUS FOLGE 27: Von chronischen Schmerzen zur Solo Matterhorn-Besteigung &#8211; Melanie Gr\u00fcnwalds inspirierende Geschichte\",\"datePublished\":\"2024-01-12T07:13:47+00:00\",\"dateModified\":\"2025-04-23T09:16:32+00:00\",\"mainEntityOfPage\":{\"@id\":\"https:\\\/\\\/www.berg-freunde.ch\\\/blog\\\/grat-raus-podcast-27-von-chronischen-schmerzen-zur-solo-matterhorn-besteigung\\\/\"},\"wordCount\":370,\"commentCount\":0,\"publisher\":{\"@id\":\"https:\\\/\\\/www.berg-freunde.ch\\\/blog\\\/#organization\"},\"image\":{\"@id\":\"https:\\\/\\\/www.berg-freunde.ch\\\/blog\\\/grat-raus-podcast-27-von-chronischen-schmerzen-zur-solo-matterhorn-besteigung\\\/#primaryimage\"},\"thumbnailUrl\":\"https:\\\/\\\/www.berg-freunde.ch\\\/blog\\\/wp-content\\\/uploads\\\/2024\\\/01\\\/V2_Podcast_Buehne_1440x590.jpg\",\"keywords\":[\"Bergsteigen &amp; Hochtouren\",\"Klettern &amp; Bouldern\"],\"articleSection\":[\"Podcast\"],\"inLanguage\":\"de-CH\",\"potentialAction\":[{\"@type\":\"CommentAction\",\"name\":\"Comment\",\"target\":[\"https:\\\/\\\/www.berg-freunde.ch\\\/blog\\\/grat-raus-podcast-27-von-chronischen-schmerzen-zur-solo-matterhorn-besteigung\\\/#respond\"]}]},{\"@type\":\"WebPage\",\"@id\":\"https:\\\/\\\/www.berg-freunde.ch\\\/blog\\\/grat-raus-podcast-27-von-chronischen-schmerzen-zur-solo-matterhorn-besteigung\\\/\",\"url\":\"https:\\\/\\\/www.berg-freunde.ch\\\/blog\\\/grat-raus-podcast-27-von-chronischen-schmerzen-zur-solo-matterhorn-besteigung\\\/\",\"name\":\"GRAT RAUS FOLGE 27: Von chronischen Schmerzen zur Solo Matterhorn-Besteigung - Melanie Gr\u00fcnwalds inspirierende Geschichte | Bergfreunde\",\"isPartOf\":{\"@id\":\"https:\\\/\\\/www.berg-freunde.ch\\\/blog\\\/#website\"},\"primaryImageOfPage\":{\"@id\":\"https:\\\/\\\/www.berg-freunde.ch\\\/blog\\\/grat-raus-podcast-27-von-chronischen-schmerzen-zur-solo-matterhorn-besteigung\\\/#primaryimage\"},\"image\":{\"@id\":\"https:\\\/\\\/www.berg-freunde.ch\\\/blog\\\/grat-raus-podcast-27-von-chronischen-schmerzen-zur-solo-matterhorn-besteigung\\\/#primaryimage\"},\"thumbnailUrl\":\"https:\\\/\\\/www.berg-freunde.ch\\\/blog\\\/wp-content\\\/uploads\\\/2024\\\/01\\\/V2_Podcast_Buehne_1440x590.jpg\",\"datePublished\":\"2024-01-12T07:13:47+00:00\",\"dateModified\":\"2025-04-23T09:16:32+00:00\",\"description\":\"Im Outdoor-Podcast GRAT RAUS spricht Melanie Gr\u00fcnwald \u00fcber den Umgang mit chronischen Schmerzen, ihre Traumerf\u00fcllung und Frauen im Bergsport.\",\"breadcrumb\":{\"@id\":\"https:\\\/\\\/www.berg-freunde.ch\\\/blog\\\/grat-raus-podcast-27-von-chronischen-schmerzen-zur-solo-matterhorn-besteigung\\\/#breadcrumb\"},\"inLanguage\":\"de-CH\",\"potentialAction\":[{\"@type\":\"ReadAction\",\"target\":[\"https:\\\/\\\/www.berg-freunde.ch\\\/blog\\\/grat-raus-podcast-27-von-chronischen-schmerzen-zur-solo-matterhorn-besteigung\\\/\"]}]},{\"@type\":\"ImageObject\",\"inLanguage\":\"de-CH\",\"@id\":\"https:\\\/\\\/www.berg-freunde.ch\\\/blog\\\/grat-raus-podcast-27-von-chronischen-schmerzen-zur-solo-matterhorn-besteigung\\\/#primaryimage\",\"url\":\"https:\\\/\\\/www.berg-freunde.ch\\\/blog\\\/wp-content\\\/uploads\\\/2024\\\/01\\\/V2_Podcast_Buehne_1440x590.jpg\",\"contentUrl\":\"https:\\\/\\\/www.berg-freunde.ch\\\/blog\\\/wp-content\\\/uploads\\\/2024\\\/01\\\/V2_Podcast_Buehne_1440x590.jpg\",\"width\":1440,\"height\":590},{\"@type\":\"BreadcrumbList\",\"@id\":\"https:\\\/\\\/www.berg-freunde.ch\\\/blog\\\/grat-raus-podcast-27-von-chronischen-schmerzen-zur-solo-matterhorn-besteigung\\\/#breadcrumb\",\"itemListElement\":[{\"@type\":\"ListItem\",\"position\":1,\"name\":\"Blog\",\"item\":\"https:\\\/\\\/www.berg-freunde.ch\\\/blog\\\/\"},{\"@type\":\"ListItem\",\"position\":2,\"name\":\"Bergfreunde\",\"item\":\"https:\\\/\\\/www.berg-freunde.ch\\\/blog\\\/category\\\/bergfreunde\\\/\"},{\"@type\":\"ListItem\",\"position\":3,\"name\":\"Podcast\",\"item\":\"https:\\\/\\\/www.berg-freunde.ch\\\/blog\\\/category\\\/bergfreunde\\\/podcast\\\/\"},{\"@type\":\"ListItem\",\"position\":4,\"name\":\"GRAT RAUS FOLGE 27: Von chronischen Schmerzen zur Solo Matterhorn-Besteigung &#8211; Melanie Gr\u00fcnwalds inspirierende Geschichte\"}]},{\"@type\":\"WebSite\",\"@id\":\"https:\\\/\\\/www.berg-freunde.ch\\\/blog\\\/#website\",\"url\":\"https:\\\/\\\/www.berg-freunde.ch\\\/blog\\\/\",\"name\":\"Bergfreunde\",\"description\":\"Blog\",\"publisher\":{\"@id\":\"https:\\\/\\\/www.berg-freunde.ch\\\/blog\\\/#organization\"},\"potentialAction\":[{\"@type\":\"SearchAction\",\"target\":{\"@type\":\"EntryPoint\",\"urlTemplate\":\"https:\\\/\\\/www.berg-freunde.ch\\\/blog\\\/?s={search_term_string}\"},\"query-input\":{\"@type\":\"PropertyValueSpecification\",\"valueRequired\":true,\"valueName\":\"search_term_string\"}}],\"inLanguage\":\"de-CH\"},{\"@type\":\"Organization\",\"@id\":\"https:\\\/\\\/www.berg-freunde.ch\\\/blog\\\/#organization\",\"name\":\"Bergfreunde\",\"url\":\"https:\\\/\\\/www.berg-freunde.ch\\\/blog\\\/\",\"logo\":{\"@type\":\"ImageObject\",\"inLanguage\":\"de-CH\",\"@id\":\"https:\\\/\\\/www.berg-freunde.ch\\\/blog\\\/#\\\/schema\\\/logo\\\/image\\\/\",\"url\":\"https:\\\/\\\/www.berg-freunde.ch\\\/blog\\\/wp-content\\\/uploads\\\/2023\\\/12\\\/Bergfreunde_DE_rgb.svg\",\"contentUrl\":\"https:\\\/\\\/www.berg-freunde.ch\\\/blog\\\/wp-content\\\/uploads\\\/2023\\\/12\\\/Bergfreunde_DE_rgb.svg\",\"caption\":\"Bergfreunde\"},\"image\":{\"@id\":\"https:\\\/\\\/www.berg-freunde.ch\\\/blog\\\/#\\\/schema\\\/logo\\\/image\\\/\"},\"sameAs\":[\"https:\\\/\\\/www.facebook.com\\\/bergfreunde\",\"https:\\\/\\\/www.instagram.com\\\/bergfreundede\\\/\"]},{\"@type\":\"Person\",\"@id\":\"https:\\\/\\\/www.berg-freunde.ch\\\/blog\\\/#\\\/schema\\\/person\\\/7d401297ffc689b8ef89af801f214341\",\"name\":\"Erik\",\"url\":\"https:\\\/\\\/www.berg-freunde.ch\\\/blog\\\/about\\\/erik\\\/\"}]}<\/script>\n<!-- \/ Yoast SEO Premium plugin. -->","yoast_head_json":{"title":"GRAT RAUS FOLGE 27: Von chronischen Schmerzen zur Solo Matterhorn-Besteigung - Melanie Gr\u00fcnwalds inspirierende Geschichte | Bergfreunde","description":"Im Outdoor-Podcast GRAT RAUS spricht Melanie Gr\u00fcnwald \u00fcber den Umgang mit chronischen Schmerzen, ihre Traumerf\u00fcllung und Frauen im Bergsport.","robots":{"index":"index","follow":"follow","max-snippet":"max-snippet:-1","max-image-preview":"max-image-preview:large","max-video-preview":"max-video-preview:-1"},"canonical":"https:\/\/www.berg-freunde.ch\/blog\/grat-raus-podcast-27-von-chronischen-schmerzen-zur-solo-matterhorn-besteigung\/","og_locale":"de_DE","og_type":"article","og_title":"GRAT RAUS FOLGE 27: Von chronischen Schmerzen zur Solo Matterhorn-Besteigung - Melanie Gr\u00fcnwalds inspirierende Geschichte","og_description":"Im Outdoor-Podcast GRAT RAUS spricht Melanie Gr\u00fcnwald \u00fcber den Umgang mit chronischen Schmerzen, ihre Traumerf\u00fcllung und Frauen im Bergsport.","og_url":"https:\/\/www.berg-freunde.ch\/blog\/grat-raus-podcast-27-von-chronischen-schmerzen-zur-solo-matterhorn-besteigung\/","og_site_name":"Bergfreunde","article_publisher":"https:\/\/www.facebook.com\/bergfreunde","article_published_time":"2024-01-12T07:13:47+00:00","article_modified_time":"2025-04-23T09:16:32+00:00","og_image":[{"width":1440,"height":590,"url":"https:\/\/www.berg-freunde.ch\/blog\/wp-content\/uploads\/2024\/01\/V2_Podcast_Buehne_1440x590.jpg","type":"image\/jpeg"}],"author":"Erik","twitter_card":"summary_large_image","twitter_misc":{"Geschrieben von":"Erik","Gesch\u00e4tzte Lesezeit":"2\u00a0Minuten"},"schema":{"@context":"https:\/\/schema.org","@graph":[{"@type":["Article","BlogPosting"],"@id":"https:\/\/www.berg-freunde.ch\/blog\/grat-raus-podcast-27-von-chronischen-schmerzen-zur-solo-matterhorn-besteigung\/#article","isPartOf":{"@id":"https:\/\/www.berg-freunde.ch\/blog\/grat-raus-podcast-27-von-chronischen-schmerzen-zur-solo-matterhorn-besteigung\/"},"author":{"name":"Erik","@id":"https:\/\/www.berg-freunde.ch\/blog\/#\/schema\/person\/7d401297ffc689b8ef89af801f214341"},"headline":"GRAT RAUS FOLGE 27: Von chronischen Schmerzen zur Solo Matterhorn-Besteigung &#8211; Melanie Gr\u00fcnwalds inspirierende Geschichte","datePublished":"2024-01-12T07:13:47+00:00","dateModified":"2025-04-23T09:16:32+00:00","mainEntityOfPage":{"@id":"https:\/\/www.berg-freunde.ch\/blog\/grat-raus-podcast-27-von-chronischen-schmerzen-zur-solo-matterhorn-besteigung\/"},"wordCount":370,"commentCount":0,"publisher":{"@id":"https:\/\/www.berg-freunde.ch\/blog\/#organization"},"image":{"@id":"https:\/\/www.berg-freunde.ch\/blog\/grat-raus-podcast-27-von-chronischen-schmerzen-zur-solo-matterhorn-besteigung\/#primaryimage"},"thumbnailUrl":"https:\/\/www.berg-freunde.ch\/blog\/wp-content\/uploads\/2024\/01\/V2_Podcast_Buehne_1440x590.jpg","keywords":["Bergsteigen &amp; Hochtouren","Klettern &amp; Bouldern"],"articleSection":["Podcast"],"inLanguage":"de-CH","potentialAction":[{"@type":"CommentAction","name":"Comment","target":["https:\/\/www.berg-freunde.ch\/blog\/grat-raus-podcast-27-von-chronischen-schmerzen-zur-solo-matterhorn-besteigung\/#respond"]}]},{"@type":"WebPage","@id":"https:\/\/www.berg-freunde.ch\/blog\/grat-raus-podcast-27-von-chronischen-schmerzen-zur-solo-matterhorn-besteigung\/","url":"https:\/\/www.berg-freunde.ch\/blog\/grat-raus-podcast-27-von-chronischen-schmerzen-zur-solo-matterhorn-besteigung\/","name":"GRAT RAUS FOLGE 27: Von chronischen Schmerzen zur Solo Matterhorn-Besteigung - Melanie Gr\u00fcnwalds inspirierende Geschichte | Bergfreunde","isPartOf":{"@id":"https:\/\/www.berg-freunde.ch\/blog\/#website"},"primaryImageOfPage":{"@id":"https:\/\/www.berg-freunde.ch\/blog\/grat-raus-podcast-27-von-chronischen-schmerzen-zur-solo-matterhorn-besteigung\/#primaryimage"},"image":{"@id":"https:\/\/www.berg-freunde.ch\/blog\/grat-raus-podcast-27-von-chronischen-schmerzen-zur-solo-matterhorn-besteigung\/#primaryimage"},"thumbnailUrl":"https:\/\/www.berg-freunde.ch\/blog\/wp-content\/uploads\/2024\/01\/V2_Podcast_Buehne_1440x590.jpg","datePublished":"2024-01-12T07:13:47+00:00","dateModified":"2025-04-23T09:16:32+00:00","description":"Im Outdoor-Podcast GRAT RAUS spricht Melanie Gr\u00fcnwald \u00fcber den Umgang mit chronischen Schmerzen, ihre Traumerf\u00fcllung und Frauen im Bergsport.","breadcrumb":{"@id":"https:\/\/www.berg-freunde.ch\/blog\/grat-raus-podcast-27-von-chronischen-schmerzen-zur-solo-matterhorn-besteigung\/#breadcrumb"},"inLanguage":"de-CH","potentialAction":[{"@type":"ReadAction","target":["https:\/\/www.berg-freunde.ch\/blog\/grat-raus-podcast-27-von-chronischen-schmerzen-zur-solo-matterhorn-besteigung\/"]}]},{"@type":"ImageObject","inLanguage":"de-CH","@id":"https:\/\/www.berg-freunde.ch\/blog\/grat-raus-podcast-27-von-chronischen-schmerzen-zur-solo-matterhorn-besteigung\/#primaryimage","url":"https:\/\/www.berg-freunde.ch\/blog\/wp-content\/uploads\/2024\/01\/V2_Podcast_Buehne_1440x590.jpg","contentUrl":"https:\/\/www.berg-freunde.ch\/blog\/wp-content\/uploads\/2024\/01\/V2_Podcast_Buehne_1440x590.jpg","width":1440,"height":590},{"@type":"BreadcrumbList","@id":"https:\/\/www.berg-freunde.ch\/blog\/grat-raus-podcast-27-von-chronischen-schmerzen-zur-solo-matterhorn-besteigung\/#breadcrumb","itemListElement":[{"@type":"ListItem","position":1,"name":"Blog","item":"https:\/\/www.berg-freunde.ch\/blog\/"},{"@type":"ListItem","position":2,"name":"Bergfreunde","item":"https:\/\/www.berg-freunde.ch\/blog\/category\/bergfreunde\/"},{"@type":"ListItem","position":3,"name":"Podcast","item":"https:\/\/www.berg-freunde.ch\/blog\/category\/bergfreunde\/podcast\/"},{"@type":"ListItem","position":4,"name":"GRAT RAUS FOLGE 27: Von chronischen Schmerzen zur Solo Matterhorn-Besteigung &#8211; Melanie Gr\u00fcnwalds inspirierende Geschichte"}]},{"@type":"WebSite","@id":"https:\/\/www.berg-freunde.ch\/blog\/#website","url":"https:\/\/www.berg-freunde.ch\/blog\/","name":"Bergfreunde","description":"Blog","publisher":{"@id":"https:\/\/www.berg-freunde.ch\/blog\/#organization"},"potentialAction":[{"@type":"SearchAction","target":{"@type":"EntryPoint","urlTemplate":"https:\/\/www.berg-freunde.ch\/blog\/?s={search_term_string}"},"query-input":{"@type":"PropertyValueSpecification","valueRequired":true,"valueName":"search_term_string"}}],"inLanguage":"de-CH"},{"@type":"Organization","@id":"https:\/\/www.berg-freunde.ch\/blog\/#organization","name":"Bergfreunde","url":"https:\/\/www.berg-freunde.ch\/blog\/","logo":{"@type":"ImageObject","inLanguage":"de-CH","@id":"https:\/\/www.berg-freunde.ch\/blog\/#\/schema\/logo\/image\/","url":"https:\/\/www.berg-freunde.ch\/blog\/wp-content\/uploads\/2023\/12\/Bergfreunde_DE_rgb.svg","contentUrl":"https:\/\/www.berg-freunde.ch\/blog\/wp-content\/uploads\/2023\/12\/Bergfreunde_DE_rgb.svg","caption":"Bergfreunde"},"image":{"@id":"https:\/\/www.berg-freunde.ch\/blog\/#\/schema\/logo\/image\/"},"sameAs":["https:\/\/www.facebook.com\/bergfreunde","https:\/\/www.instagram.com\/bergfreundede\/"]},{"@type":"Person","@id":"https:\/\/www.berg-freunde.ch\/blog\/#\/schema\/person\/7d401297ffc689b8ef89af801f214341","name":"Erik","url":"https:\/\/www.berg-freunde.ch\/blog\/about\/erik\/"}]}},"_links":{"self":[{"href":"https:\/\/www.berg-freunde.ch\/blog\/wp-json\/wp\/v2\/posts\/106982","targetHints":{"allow":["GET"]}}],"collection":[{"href":"https:\/\/www.berg-freunde.ch\/blog\/wp-json\/wp\/v2\/posts"}],"about":[{"href":"https:\/\/www.berg-freunde.ch\/blog\/wp-json\/wp\/v2\/types\/post"}],"author":[{"embeddable":true,"href":"https:\/\/www.berg-freunde.ch\/blog\/wp-json\/wp\/v2\/users\/112"}],"replies":[{"embeddable":true,"href":"https:\/\/www.berg-freunde.ch\/blog\/wp-json\/wp\/v2\/comments?post=106982"}],"version-history":[{"count":4,"href":"https:\/\/www.berg-freunde.ch\/blog\/wp-json\/wp\/v2\/posts\/106982\/revisions"}],"predecessor-version":[{"id":110062,"href":"https:\/\/www.berg-freunde.ch\/blog\/wp-json\/wp\/v2\/posts\/106982\/revisions\/110062"}],"wp:featuredmedia":[{"embeddable":true,"href":"https:\/\/www.berg-freunde.ch\/blog\/wp-json\/wp\/v2\/media\/107548"}],"wp:attachment":[{"href":"https:\/\/www.berg-freunde.ch\/blog\/wp-json\/wp\/v2\/media?parent=106982"}],"wp:term":[{"taxonomy":"category","embeddable":true,"href":"https:\/\/www.berg-freunde.ch\/blog\/wp-json\/wp\/v2\/categories?post=106982"},{"taxonomy":"post_tag","embeddable":true,"href":"https:\/\/www.berg-freunde.ch\/blog\/wp-json\/wp\/v2\/tags?post=106982"},{"taxonomy":"post_folder","embeddable":true,"href":"https:\/\/www.berg-freunde.ch\/blog\/wp-json\/wp\/v2\/post_folder?post=106982"}],"curies":[{"name":"wp","href":"https:\/\/api.w.org\/{rel}","templated":true}]}}