{"id":116831,"date":"2024-10-08T10:00:00","date_gmt":"2024-10-08T08:00:00","guid":{"rendered":"https:\/\/www.bergfreunde.de\/blog\/?p=116831"},"modified":"2025-04-23T10:34:00","modified_gmt":"2025-04-23T08:34:00","slug":"female-explorer-community-camp-mit-on","status":"publish","type":"post","link":"https:\/\/www.berg-freunde.ch\/blog\/female-explorer-community-camp-mit-on\/","title":{"rendered":"Das Female Explorer Community Camp mit On"},"content":{"rendered":"\n<p><br>Im<strong> <a href=\"https:\/\/thefemaleexplorer.de\/community-camp\/\">Female Explorer Community Camp<\/a><\/strong> treffen sich Frauen unterschiedlichen Alters und unterschiedlicher sportlicher Fitness aus verschiedenen Regionen Deutschlands, um gemeinsam aktiv zu sein, sich auszutauschen und dieses Jahr den Cloudvista 2, einen neuen Trailrunning-Schuh von On zu testen. Gemeinsam mit der Agentur <strong>SportingWOMEN<\/strong> veranstalten die Female Explorer nun schon das <strong>zweite Jahr in Folge<\/strong> diese Community Camps.<br>So auch am letzten Augustwochenende in Oberammergau.<\/p>\n\n\n<div class=\"wp-block-image\">\n<figure class=\"alignleft size-large is-resized\"><a href=\"https:\/\/www.bergfreunde.de\/blog\/wp-content\/uploads\/2024\/09\/Female-Explorer-Camp_Camp-am-Morgen_bearbeitet-1500x1125.jpg\"><img fetchpriority=\"high\" decoding=\"async\" width=\"1500\" height=\"1125\" src=\"https:\/\/www.bergfreunde.de\/blog\/wp-content\/uploads\/2024\/09\/Female-Explorer-Camp_Camp-am-Morgen_bearbeitet-1500x1125.jpg\" alt=\"Das Explorer Camp\" class=\"wp-image-116913\" style=\"width:300px\" srcset=\"https:\/\/www.berg-freunde.ch\/blog\/wp-content\/uploads\/2024\/09\/Female-Explorer-Camp_Camp-am-Morgen_bearbeitet-1500x1125.jpg 1500w, https:\/\/www.berg-freunde.ch\/blog\/wp-content\/uploads\/2024\/09\/Female-Explorer-Camp_Camp-am-Morgen_bearbeitet-300x225.jpg 300w, https:\/\/www.berg-freunde.ch\/blog\/wp-content\/uploads\/2024\/09\/Female-Explorer-Camp_Camp-am-Morgen_bearbeitet-768x576.jpg 768w, https:\/\/www.berg-freunde.ch\/blog\/wp-content\/uploads\/2024\/09\/Female-Explorer-Camp_Camp-am-Morgen_bearbeitet-1536x1152.jpg 1536w, https:\/\/www.berg-freunde.ch\/blog\/wp-content\/uploads\/2024\/09\/Female-Explorer-Camp_Camp-am-Morgen_bearbeitet.jpg 1920w\" sizes=\"(max-width: 1500px) 100vw, 1500px\" \/><\/a><figcaption class=\"wp-element-caption\">Das Camp bei bestem Wetter<\/figcaption><\/figure>\n<\/div>\n\n\n<h2 class=\"wp-block-heading\" id=\"h-freitag-die-begrussung-im-camp-und-outdoor-fotografie\">Freitag: Die Begr\u00fc\u00dfung im Camp und Outdoor-Fotografie<\/h2>\n\n\n\n<p>Das Veranstalter-Team begr\u00fc\u00dfte alle Teilnehmerinnen mit <strong>herzlichen Worten<\/strong> zur Einstimmung auf das bevorstehende Wochenende. Von Freitag bis Sonntagmittag erwartete uns ein buntes Programm voller interessanter <strong>Know-How-Workshops, informativer Vortr\u00e4ge sowie abenteuerlicher Aktivit\u00e4ten<\/strong>. Der \u00f6rtliche Catering-Service sorge mit leckeren und gesunden Fr\u00fchst\u00fccksbuffets und k\u00f6stlichen Gerichten zum Abendmahl f\u00fcr unser leibliches Wohl. Zudem erhielt jede Frau ein prall gef\u00fclltes <strong>Goody-Bag<\/strong> mit hochwertigen Sportartikeln, Pflegeprodukten und vielem mehr. Wow!<\/p>\n\n\n\n<p>Nachdem alle Autos, Camper und <a href=\"https:\/\/www.berg-freunde.ch\/zelte\/\">Zelte<\/a> ihren Platz gefunden hatten, war es Zeit, das Camp zu erkunden.<\/p>\n\n\n\n<p>Neben der <strong>Chill-Out-Area als Herz des Camps<\/strong> hatten auch Partner-Unternehmen <strong>kleine St\u00e4nde<\/strong> aufgebaut, wie z. B. <strong>On<\/strong> mit ihrer neuen Kollektion an Trailrunningbekleidung und <strong>Trailrunningschuhen<\/strong>. Der On-Stand wurde direkt meine erste Anlaufstelle: \u201eKommt, Schuhe anziehen, und los geht\u2019s!\u201c. Ich holte mir direkt meinen Partner f\u00fcr die n\u00e4chsten Tage, den neuen <strong>Cloudvista 2 <a href=\"https:\/\/www.berg-freunde.ch\/trailrunningschuhe\/\">Trailrunningschuh<\/a> von On<\/strong>. Der erste Eindruck: ein sehr <strong>stylischer Schuh<\/strong>, der sich am Fu\u00df super leicht und bequem anf\u00fchlt. Ich freute mich darauf, ihn das ganze Wochenende lang bei unterschiedlichsten Aktivit\u00e4ten auf verschiedenen Terrains testen zu k\u00f6nnen.<\/p>\n\n\n<div class=\"wp-block-image\">\n<figure class=\"alignright size-large is-resized\"><a href=\"https:\/\/www.bergfreunde.de\/blog\/wp-content\/uploads\/2024\/09\/Female-Explorer-Camp_Fotokurs_bearbeitet-1125x1500.jpg\"><img decoding=\"async\" width=\"1125\" height=\"1500\" src=\"https:\/\/www.bergfreunde.de\/blog\/wp-content\/uploads\/2024\/09\/Female-Explorer-Camp_Fotokurs_bearbeitet-1125x1500.jpg\" alt=\"Fotokurs mit Trailrunning Schuhen\" class=\"wp-image-116919\" style=\"width:250px\" srcset=\"https:\/\/www.berg-freunde.ch\/blog\/wp-content\/uploads\/2024\/09\/Female-Explorer-Camp_Fotokurs_bearbeitet-1125x1500.jpg 1125w, https:\/\/www.berg-freunde.ch\/blog\/wp-content\/uploads\/2024\/09\/Female-Explorer-Camp_Fotokurs_bearbeitet-225x300.jpg 225w, https:\/\/www.berg-freunde.ch\/blog\/wp-content\/uploads\/2024\/09\/Female-Explorer-Camp_Fotokurs_bearbeitet-768x1024.jpg 768w, https:\/\/www.berg-freunde.ch\/blog\/wp-content\/uploads\/2024\/09\/Female-Explorer-Camp_Fotokurs_bearbeitet-1152x1536.jpg 1152w, https:\/\/www.berg-freunde.ch\/blog\/wp-content\/uploads\/2024\/09\/Female-Explorer-Camp_Fotokurs_bearbeitet.jpg 1440w\" sizes=\"(max-width: 1125px) 100vw, 1125px\" \/><\/a><figcaption class=\"wp-element-caption\"><em>Cheese!<\/em>: Die Fotowanderung am Freitag-Nachmittag<\/figcaption><\/figure>\n<\/div>\n\n\n<h3 class=\"wp-block-heading\" id=\"h-fotowanderung\">Fotowanderung<\/h3>\n\n\n\n<p>Auf dem Programm f\u00fcr Freitag stand \u201e<strong>Einf\u00fchrung in die Outdoor-Fotografie<\/strong>\u201c. Ausgestattet mit professionellen Kameras und verschiedenen Objektiven brachen wir zu einer kleinen Wanderung auf. Schon nach den ersten Metern waren wir froh um die <strong>guten Schuhe<\/strong> an unseren F\u00fc\u00dfen, denn sie gaben uns <strong>Halt und Sicherheit<\/strong>, w\u00e4hrend wir uns auf unsere Fotomotive konzentrieren konnten.<\/p>\n\n\n\n<p>Der erste Abend endete in entspannter Atmosph\u00e4re mit dezenten <strong>Musikkl\u00e4ngen und interessanten Gespr\u00e4chen<\/strong> \u2013 gechilltes Networking!<\/p>\n\n\n\n<h2 class=\"wp-block-heading\" id=\"h-samstag-yoga-und-laber-hauptgipfel\">Samstag: Yoga und Laber Hauptgipfel<\/h2>\n\n\n<div class=\"wp-block-image\">\n<figure class=\"alignleft size-large is-resized\"><a href=\"https:\/\/www.bergfreunde.de\/blog\/wp-content\/uploads\/2024\/09\/Female-Explorer-Camp_Wanderung_bearbeitet-1500x1125.jpg\"><img decoding=\"async\" width=\"1500\" height=\"1125\" src=\"https:\/\/www.bergfreunde.de\/blog\/wp-content\/uploads\/2024\/09\/Female-Explorer-Camp_Wanderung_bearbeitet-1500x1125.jpg\" alt=\"Wanderung auf den Laber Hauptgipfel\" class=\"wp-image-116925\" style=\"width:300px\" srcset=\"https:\/\/www.berg-freunde.ch\/blog\/wp-content\/uploads\/2024\/09\/Female-Explorer-Camp_Wanderung_bearbeitet-1500x1125.jpg 1500w, https:\/\/www.berg-freunde.ch\/blog\/wp-content\/uploads\/2024\/09\/Female-Explorer-Camp_Wanderung_bearbeitet-300x225.jpg 300w, https:\/\/www.berg-freunde.ch\/blog\/wp-content\/uploads\/2024\/09\/Female-Explorer-Camp_Wanderung_bearbeitet-768x576.jpg 768w, https:\/\/www.berg-freunde.ch\/blog\/wp-content\/uploads\/2024\/09\/Female-Explorer-Camp_Wanderung_bearbeitet-1536x1152.jpg 1536w, https:\/\/www.berg-freunde.ch\/blog\/wp-content\/uploads\/2024\/09\/Female-Explorer-Camp_Wanderung_bearbeitet.jpg 1920w\" sizes=\"(max-width: 1500px) 100vw, 1500px\" \/><\/a><figcaption class=\"wp-element-caption\">Die Wanderung zum Laber Hauptgipfel bat wundersch\u00f6ne Aussichtspunkte<\/figcaption><\/figure>\n<\/div>\n\n\n<p>Am Samstag starteten wir gemeinsam mit einer wohltuenden Yoga-Stunde in den Tag. Nach einem Vortrag zur \u201eTourenplanung mit komoot\u201c f\u00fchrte ich den Cloudvista 2 zun\u00e4chst bei einer Wanderung aus.<\/p>\n\n\n\n<p>Direkt vom Camp f\u00fchrten zahlreiche teils <strong>verwurzelte Waldwege<\/strong> auf sch\u00f6ne H\u00f6henwege und nahegelegene Berge. Das Ziel unserer Wanderung war der <strong>Laber Hauptgipfel<\/strong>. Das Bergpanorama dort oben war einfach <strong>gigantisch<\/strong>! Von den atemberaubenden Ausblicken und der frischen Luft \u00fcberw\u00e4ltigt kamen wir m\u00fcde, aber \u00fcbergl\u00fccklich wieder ins Camp zur\u00fcck. Vor dem Abendessen gab es einen kleinen <strong>Workshop \u00fcber die Pflege von <a href=\"https:\/\/www.berg-freunde.ch\/wanderschuhe\/\">Wanderschuhen<\/a><\/strong>. Jede bekam ein Schuh-Pflege-Set, und konnte damit ihre Schuhe nach Anleitung des Profis schrittweise bearbeiten. Gemeinsam lie\u00dfen wir den Abend entspannt ausklingen.<\/p>\n\n\n\n<h2 class=\"wp-block-heading\" id=\"h-sonntag-trailrunning\">Sonntag: Trailrunning<\/h2>\n\n\n<div class=\"wp-block-image\">\n<figure class=\"alignright size-large is-resized\"><a href=\"https:\/\/www.bergfreunde.de\/blog\/wp-content\/uploads\/2024\/09\/Female-Explorer-Camp_Trailrunning_bearbeitet-1125x1500.jpg\"><img loading=\"lazy\" decoding=\"async\" width=\"1125\" height=\"1500\" src=\"https:\/\/www.bergfreunde.de\/blog\/wp-content\/uploads\/2024\/09\/Female-Explorer-Camp_Trailrunning_bearbeitet-1125x1500.jpg\" alt=\"Running mit Trailrunningschuhen von On\" class=\"wp-image-116931\" style=\"width:250px\" srcset=\"https:\/\/www.berg-freunde.ch\/blog\/wp-content\/uploads\/2024\/09\/Female-Explorer-Camp_Trailrunning_bearbeitet-1125x1500.jpg 1125w, https:\/\/www.berg-freunde.ch\/blog\/wp-content\/uploads\/2024\/09\/Female-Explorer-Camp_Trailrunning_bearbeitet-225x300.jpg 225w, https:\/\/www.berg-freunde.ch\/blog\/wp-content\/uploads\/2024\/09\/Female-Explorer-Camp_Trailrunning_bearbeitet-768x1024.jpg 768w, https:\/\/www.berg-freunde.ch\/blog\/wp-content\/uploads\/2024\/09\/Female-Explorer-Camp_Trailrunning_bearbeitet-1152x1536.jpg 1152w, https:\/\/www.berg-freunde.ch\/blog\/wp-content\/uploads\/2024\/09\/Female-Explorer-Camp_Trailrunning_bearbeitet.jpg 1440w\" sizes=\"(max-width: 1125px) 100vw, 1125px\" \/><\/a><figcaption class=\"wp-element-caption\">Bei der moderaten Running-Strecke stand der Spa\u00df im Vordergrund<\/figcaption><\/figure>\n<\/div>\n\n\n<p>Am Sonntag ging es nach <strong>Yoga und Fr\u00fchst\u00fcck<\/strong> f\u00fcr mich zum <strong>Trailrunning<\/strong>. Darauf hatte ich mich schon besonders gefreut, denn dabei konnte ich den Trailrunningschuh von On endlich in seiner nat\u00fcrlichen Umgebung testen. Unsere Route war mit <strong>7,8 km und 243 Hm<\/strong> f\u00fcr jede von uns m\u00f6glich. Ich sch\u00e4tze es sehr, dass die Veranstalterinnen und Partnerinnen die Teilnahme f\u00fcr jede Frau erm\u00f6glichten, egal welche Fitness sie mitbrachte.<\/p>\n\n\n\n<p>Das Team von On startete mit einer <strong>ausf\u00fchrlichen und lehrreichen Einf\u00fchrung<\/strong> zum Equipment und verschiedenen Traillauf-Techniken. Anschlie\u00dfend ging es f\u00fcr uns auf die Trail-Strecke, wo wir versuchten, das gelernte in die Tat umzusetzen. Erfahren oder nicht \u2013 jede:r kann trailrunnen! Der <strong>abwechslungsreiche Untergrund<\/strong>, die H\u00f6henmeter und die <strong>wundersch\u00f6nen Aussichten<\/strong> machen f\u00fcr mich das Trailrunning so besonders. Dabei ist es nicht wichtig, wie hoch, wie weit oder wie schnell man l\u00e4uft. Das kommt von ganz alleine. <strong>Wichtig ist, dass Du Spa\u00df hast<\/strong> und dass Du Dich sicher f\u00fchlst. Daf\u00fcr ist die Wahl des richtigen Trailrunningschuhs entscheidend. &nbsp;&nbsp;<\/p>\n\n\n\n<h2 class=\"wp-block-heading\" id=\"h-cloudvista-2-trailrunningschuh-von-on\"><strong>Cloudvista 2 Trailrunningschuh <\/strong>von On<\/h2>\n\n\n\n<p>Ich habe den On Cloudvista 2 das ganze Wochenende \u00fcber als einen <strong>zuverl\u00e4ssigen Trailrunningschuh<\/strong> erlebt, in dem sich sowohl <strong>Fortgeschrittene als auch Einstieger:innen direkt wohlf\u00fchlen<\/strong>. Er hat sich <strong>f\u00fcr alle Gel\u00e4ndearten<\/strong> als geeignet erwiesen, von einfachen bis mittelschweren Trails, auf harten wie weichen Untergr\u00fcnden. Was uns allen dar\u00fcber hinaus gefiel, waren die erstklassige Qualit\u00e4t, die hochwertigen Materialien und die moderne Optik.<\/p>\n\n\n<div class=\"wp-block-image\">\n<figure class=\"alignleft size-large is-resized\"><a href=\"https:\/\/www.bergfreunde.de\/blog\/wp-content\/uploads\/2024\/09\/Female-Explorer-Camp_Cloudvista-2_bearbeitet-1125x1500.jpg\"><img loading=\"lazy\" decoding=\"async\" width=\"1125\" height=\"1500\" src=\"https:\/\/www.bergfreunde.de\/blog\/wp-content\/uploads\/2024\/09\/Female-Explorer-Camp_Cloudvista-2_bearbeitet-1125x1500.jpg\" alt=\"Trailrunningschuh von On\" class=\"wp-image-116943\" style=\"width:250px\" srcset=\"https:\/\/www.berg-freunde.ch\/blog\/wp-content\/uploads\/2024\/09\/Female-Explorer-Camp_Cloudvista-2_bearbeitet-1125x1500.jpg 1125w, https:\/\/www.berg-freunde.ch\/blog\/wp-content\/uploads\/2024\/09\/Female-Explorer-Camp_Cloudvista-2_bearbeitet-225x300.jpg 225w, https:\/\/www.berg-freunde.ch\/blog\/wp-content\/uploads\/2024\/09\/Female-Explorer-Camp_Cloudvista-2_bearbeitet-768x1024.jpg 768w, https:\/\/www.berg-freunde.ch\/blog\/wp-content\/uploads\/2024\/09\/Female-Explorer-Camp_Cloudvista-2_bearbeitet-1152x1536.jpg 1152w, https:\/\/www.berg-freunde.ch\/blog\/wp-content\/uploads\/2024\/09\/Female-Explorer-Camp_Cloudvista-2_bearbeitet.jpg 1440w\" sizes=\"(max-width: 1125px) 100vw, 1125px\" \/><\/a><figcaption class=\"wp-element-caption\">Der Cloudvista 2 eignet sich f\u00fcr Forgeschrittene und Einsteiger:innen zugleich<\/figcaption><\/figure>\n<\/div>\n\n\n<p>Auf dem Trail ist der Cloudvista 2 sehr <strong>leicht und wendig<\/strong>. Die markante Zwischensohle mit den sogenannten <strong>\u201eWolkentaschen\u201c<\/strong> (bekannt als CloudTec) sorgt f\u00fcr eine <strong>gute D\u00e4mpfung<\/strong>, gleicht die Boden-Unebenheiten gut aus und sorgt f\u00fcr mehr Sprungkraft. Das <strong>griffige Sohlen-Profil<\/strong> mit Stollen in verschiedenen Formen (Missiongrip) bietet <strong>optimalen Halt<\/strong>, und zwar sowohl auf technischeren Oberfl\u00e4chen als auch auf befestigten Feldwegen, bei N\u00e4sse und bei Trockenheit. Die Schn\u00fcrsenkel lassen sich im Bereich der Schn\u00fcrung in eine Gummi-Schlaufe stecken. So bleibst Du nirgends mit herumschwingenden Schn\u00fcrsenkeln h\u00e4ngen.<\/p>\n\n\n\n<p>Das Obermaterial aus <strong>Ripstop-Mesh<\/strong> und recyceltem Material mit verschiedenen Verst\u00e4rkungen ist leicht, sorgt f\u00fcr gute <strong>Atmungsaktivit\u00e4t<\/strong> und ist trotzdem sehr robust und strapazierf\u00e4hig. Bei schlechtem Wetter h\u00e4lt der <strong>Cloudvista WP (Waterproof)<\/strong> die F\u00fc\u00dfe trocken.<\/p>\n\n\n\n<p>Die \u00fcberarbeitete Passform l\u00e4sst den Trailrunningschuh <strong>gr\u00f6\u00dfengetreu erscheinen<\/strong>. Das Design ist sehr schick und farbenneutral \u2013 und der Fu\u00df sieht schmal und elegant aus.<\/p>\n\n\n\n<p>Mein Fazit: Der Cloudvista 2 ist ein <strong>gro\u00dfartiger Allrounder!<\/strong> Ich hatte den Trailrunningschuh das ganze Wochenende bei verschiedensten Aktivit\u00e4ten an. F\u00fcr mich ist er der <strong>perfekte Alltags-Trailrunningschuh<\/strong>. Er bietet in jedem Gel\u00e4nde zuverl\u00e4ssigen Halt, Grip und komfortable Performance, egal ob Sand- oder Schotterwege, unbefestigte Stra\u00dfen oder leichte Wanderwege. Sowohl <strong>Einsteiger:innen als auch Fortgeschrittene<\/strong> werden ihren Spa\u00df mit dem Cloudvista 2 haben.&nbsp;<\/p>\n\n\n<div class=\"wp-block-image\">\n<figure class=\"alignright size-large is-resized\"><a href=\"https:\/\/www.bergfreunde.de\/blog\/wp-content\/uploads\/2024\/09\/Female-Explorer-Camp_Tshirt_bearbeitet-1125x1500.jpg\"><img loading=\"lazy\" decoding=\"async\" width=\"1125\" height=\"1500\" src=\"https:\/\/www.bergfreunde.de\/blog\/wp-content\/uploads\/2024\/09\/Female-Explorer-Camp_Tshirt_bearbeitet-1125x1500.jpg\" alt=\"Top mit Aufschrift\" class=\"wp-image-116950\" style=\"width:250px\" srcset=\"https:\/\/www.berg-freunde.ch\/blog\/wp-content\/uploads\/2024\/09\/Female-Explorer-Camp_Tshirt_bearbeitet-1125x1500.jpg 1125w, https:\/\/www.berg-freunde.ch\/blog\/wp-content\/uploads\/2024\/09\/Female-Explorer-Camp_Tshirt_bearbeitet-225x300.jpg 225w, https:\/\/www.berg-freunde.ch\/blog\/wp-content\/uploads\/2024\/09\/Female-Explorer-Camp_Tshirt_bearbeitet-768x1024.jpg 768w, https:\/\/www.berg-freunde.ch\/blog\/wp-content\/uploads\/2024\/09\/Female-Explorer-Camp_Tshirt_bearbeitet-1152x1536.jpg 1152w, https:\/\/www.berg-freunde.ch\/blog\/wp-content\/uploads\/2024\/09\/Female-Explorer-Camp_Tshirt_bearbeitet.jpg 1440w\" sizes=\"(max-width: 1125px) 100vw, 1125px\" \/><\/a><figcaption class=\"wp-element-caption\">Das wilde Top haben alle Teilnehmerinnen geschenkt bekommen<\/figcaption><\/figure>\n<\/div>\n\n\n<h2 class=\"wp-block-heading\" id=\"h-zuruck-ins-camp\"><strong>Zur\u00fcck ins Camp<\/strong><\/h2>\n\n\n\n<p>Das Female Explorer Camp war ein <strong>gro\u00dfartiges Wochenende<\/strong>, das ich so schnell nicht vergessen werde.<br>Viele Gespr\u00e4che und M\u00f6glichkeiten sich auszutauschen und auszuprobieren, <strong>neue Erfahrungen, nette Leute<\/strong>, \u2026 f\u00fcr jede war etwas dabei. Die Atmosph\u00e4re war \u00e4u\u00dferst nett, offen und freundlich. Ich verlasse dieses Camp mit einem lachenden und weinenden Auge. Lachend aufgrund der vielen neuen Erfahrungen und <strong>spannenden Erlebnisse<\/strong>, weinend, weil auch das sch\u00f6nste Wochenende einmal zu Ende gehen muss.<br>&#8230; Da war doch noch dieses locker sitzende <strong>rosa-farbene Shirt<\/strong> mit einem orangenen Druck darauf! Es sind nur ein paar Worte, aber deren Wirkung ist f\u00fcr alle Teilnehmerinnen einmalig, denn es ist wie ein Appell, der sagt: \u201e<strong>Seid mutig, traut euch, Neues zu entdecken, seid ihr selbst!<\/strong>\u201c<\/p>\n\n\n\n<p>be your wild self!<\/p>\n\n\n\n<p><\/p>\n","protected":false},"excerpt":{"rendered":"<p>Im Female Explorer Community Camp treffen sich Frauen unterschiedlichen Alters und unterschiedlicher sportlicher Fitness aus verschiedenen Regionen Deutschlands, um gemeinsam aktiv zu sein, sich auszutauschen und dieses Jahr den Cloudvista 2, einen neuen Trailrunning-Schuh von On zu testen. Gemeinsam mit der Agentur SportingWOMEN veranstalten die Female Explorer nun schon das zweite Jahr in Folge diese [&hellip;]<\/p>\n","protected":false},"author":25,"featured_media":116908,"comment_status":"open","ping_status":"closed","sticky":false,"template":"","format":"standard","meta":{"_acf_changed":false,"footnotes":""},"categories":[280,313],"tags":[271,275],"post_folder":[],"class_list":["post-116831","post","type-post","status-publish","format-standard","has-post-thumbnail","hentry","category-hersteller-marken","category-testberichte","tag-camping-reisen","tag-running"],"acf":[],"yoast_head":"<!-- This site is optimized with the Yoast SEO Premium plugin v27.4 (Yoast SEO v27.4) - https:\/\/yoast.com\/product\/yoast-seo-premium-wordpress\/ -->\n<title>Das Female Explorer Community Camp mit On | Bergfreunde<\/title>\n<meta name=\"description\" content=\"Was ist das Female Explorer Community Camp? \u27a4 Wie sah das Programm aus? \u27a4 Was kann der neue Cloudvista 2 von On? \u27a4 Erfahre es hier!\" \/>\n<meta name=\"robots\" content=\"index, follow, max-snippet:-1, max-image-preview:large, max-video-preview:-1\" \/>\n<link rel=\"canonical\" href=\"https:\/\/www.berg-freunde.ch\/blog\/female-explorer-community-camp-mit-on\/\" \/>\n<meta property=\"og:locale\" content=\"de_DE\" \/>\n<meta property=\"og:type\" content=\"article\" \/>\n<meta property=\"og:title\" content=\"Das Female Explorer Community Camp mit On\" \/>\n<meta property=\"og:description\" content=\"Was ist das Female Explorer Community Camp? \u27a4 Wie sah das Programm aus? \u27a4 Was kann der neue Cloudvista 2 von On? \u27a4 Erfahre es hier!\" \/>\n<meta property=\"og:url\" content=\"https:\/\/www.berg-freunde.ch\/blog\/female-explorer-community-camp-mit-on\/\" \/>\n<meta property=\"og:site_name\" content=\"Bergfreunde\" \/>\n<meta property=\"article:publisher\" content=\"https:\/\/www.facebook.com\/bergfreunde\" \/>\n<meta property=\"article:published_time\" content=\"2024-10-08T08:00:00+00:00\" \/>\n<meta property=\"article:modified_time\" content=\"2025-04-23T08:34:00+00:00\" \/>\n<meta property=\"og:image\" content=\"https:\/\/www.berg-freunde.ch\/blog\/wp-content\/uploads\/2024\/09\/08102024_Female-Explorer-Camp_Titel_bearbeitet.jpg\" \/>\n\t<meta property=\"og:image:width\" content=\"1920\" \/>\n\t<meta property=\"og:image:height\" content=\"1080\" \/>\n\t<meta property=\"og:image:type\" content=\"image\/jpeg\" \/>\n<meta name=\"author\" content=\"Gastautorin\" \/>\n<meta name=\"twitter:card\" content=\"summary_large_image\" \/>\n<meta name=\"twitter:label1\" content=\"Geschrieben von\" \/>\n\t<meta name=\"twitter:data1\" content=\"Gastautorin\" \/>\n\t<meta name=\"twitter:label2\" content=\"Gesch\u00e4tzte Lesezeit\" \/>\n\t<meta name=\"twitter:data2\" content=\"6\u00a0Minuten\" \/>\n<script type=\"application\/ld+json\" class=\"yoast-schema-graph\">{\"@context\":\"https:\\\/\\\/schema.org\",\"@graph\":[{\"@type\":[\"Article\",\"BlogPosting\"],\"@id\":\"https:\\\/\\\/www.berg-freunde.ch\\\/blog\\\/female-explorer-community-camp-mit-on\\\/#article\",\"isPartOf\":{\"@id\":\"https:\\\/\\\/www.berg-freunde.ch\\\/blog\\\/female-explorer-community-camp-mit-on\\\/\"},\"author\":{\"name\":\"Gastautorin\",\"@id\":\"https:\\\/\\\/www.berg-freunde.ch\\\/blog\\\/#\\\/schema\\\/person\\\/b2501727decd6d6c101a99837dfde824\"},\"headline\":\"Das Female Explorer Community Camp mit On\",\"datePublished\":\"2024-10-08T08:00:00+00:00\",\"dateModified\":\"2025-04-23T08:34:00+00:00\",\"mainEntityOfPage\":{\"@id\":\"https:\\\/\\\/www.berg-freunde.ch\\\/blog\\\/female-explorer-community-camp-mit-on\\\/\"},\"wordCount\":1123,\"commentCount\":0,\"publisher\":{\"@id\":\"https:\\\/\\\/www.berg-freunde.ch\\\/blog\\\/#organization\"},\"image\":{\"@id\":\"https:\\\/\\\/www.berg-freunde.ch\\\/blog\\\/female-explorer-community-camp-mit-on\\\/#primaryimage\"},\"thumbnailUrl\":\"https:\\\/\\\/www.berg-freunde.ch\\\/blog\\\/wp-content\\\/uploads\\\/2024\\\/09\\\/08102024_Female-Explorer-Camp_Titel_bearbeitet.jpg\",\"keywords\":[\"Camping &amp; Reisen\",\"Running\"],\"articleSection\":[\"Hersteller &amp; Marken\",\"Testberichte\"],\"inLanguage\":\"de-CH\",\"potentialAction\":[{\"@type\":\"CommentAction\",\"name\":\"Comment\",\"target\":[\"https:\\\/\\\/www.berg-freunde.ch\\\/blog\\\/female-explorer-community-camp-mit-on\\\/#respond\"]}]},{\"@type\":\"WebPage\",\"@id\":\"https:\\\/\\\/www.berg-freunde.ch\\\/blog\\\/female-explorer-community-camp-mit-on\\\/\",\"url\":\"https:\\\/\\\/www.berg-freunde.ch\\\/blog\\\/female-explorer-community-camp-mit-on\\\/\",\"name\":\"Das Female Explorer Community Camp mit On | Bergfreunde\",\"isPartOf\":{\"@id\":\"https:\\\/\\\/www.berg-freunde.ch\\\/blog\\\/#website\"},\"primaryImageOfPage\":{\"@id\":\"https:\\\/\\\/www.berg-freunde.ch\\\/blog\\\/female-explorer-community-camp-mit-on\\\/#primaryimage\"},\"image\":{\"@id\":\"https:\\\/\\\/www.berg-freunde.ch\\\/blog\\\/female-explorer-community-camp-mit-on\\\/#primaryimage\"},\"thumbnailUrl\":\"https:\\\/\\\/www.berg-freunde.ch\\\/blog\\\/wp-content\\\/uploads\\\/2024\\\/09\\\/08102024_Female-Explorer-Camp_Titel_bearbeitet.jpg\",\"datePublished\":\"2024-10-08T08:00:00+00:00\",\"dateModified\":\"2025-04-23T08:34:00+00:00\",\"description\":\"Was ist das Female Explorer Community Camp? \u27a4 Wie sah das Programm aus? \u27a4 Was kann der neue Cloudvista 2 von On? \u27a4 Erfahre es hier!\",\"breadcrumb\":{\"@id\":\"https:\\\/\\\/www.berg-freunde.ch\\\/blog\\\/female-explorer-community-camp-mit-on\\\/#breadcrumb\"},\"inLanguage\":\"de-CH\",\"potentialAction\":[{\"@type\":\"ReadAction\",\"target\":[\"https:\\\/\\\/www.berg-freunde.ch\\\/blog\\\/female-explorer-community-camp-mit-on\\\/\"]}]},{\"@type\":\"ImageObject\",\"inLanguage\":\"de-CH\",\"@id\":\"https:\\\/\\\/www.berg-freunde.ch\\\/blog\\\/female-explorer-community-camp-mit-on\\\/#primaryimage\",\"url\":\"https:\\\/\\\/www.berg-freunde.ch\\\/blog\\\/wp-content\\\/uploads\\\/2024\\\/09\\\/08102024_Female-Explorer-Camp_Titel_bearbeitet.jpg\",\"contentUrl\":\"https:\\\/\\\/www.berg-freunde.ch\\\/blog\\\/wp-content\\\/uploads\\\/2024\\\/09\\\/08102024_Female-Explorer-Camp_Titel_bearbeitet.jpg\",\"width\":1920,\"height\":1080,\"caption\":\"Female Explorer Camp\"},{\"@type\":\"BreadcrumbList\",\"@id\":\"https:\\\/\\\/www.berg-freunde.ch\\\/blog\\\/female-explorer-community-camp-mit-on\\\/#breadcrumb\",\"itemListElement\":[{\"@type\":\"ListItem\",\"position\":1,\"name\":\"Blog\",\"item\":\"https:\\\/\\\/www.berg-freunde.ch\\\/blog\\\/\"},{\"@type\":\"ListItem\",\"position\":2,\"name\":\"Beratung\",\"item\":\"https:\\\/\\\/www.berg-freunde.ch\\\/blog\\\/category\\\/beratung\\\/\"},{\"@type\":\"ListItem\",\"position\":3,\"name\":\"Testberichte\",\"item\":\"https:\\\/\\\/www.berg-freunde.ch\\\/blog\\\/category\\\/beratung\\\/testberichte\\\/\"},{\"@type\":\"ListItem\",\"position\":4,\"name\":\"Das Female Explorer Community Camp mit On\"}]},{\"@type\":\"WebSite\",\"@id\":\"https:\\\/\\\/www.berg-freunde.ch\\\/blog\\\/#website\",\"url\":\"https:\\\/\\\/www.berg-freunde.ch\\\/blog\\\/\",\"name\":\"Bergfreunde\",\"description\":\"Blog\",\"publisher\":{\"@id\":\"https:\\\/\\\/www.berg-freunde.ch\\\/blog\\\/#organization\"},\"potentialAction\":[{\"@type\":\"SearchAction\",\"target\":{\"@type\":\"EntryPoint\",\"urlTemplate\":\"https:\\\/\\\/www.berg-freunde.ch\\\/blog\\\/?s={search_term_string}\"},\"query-input\":{\"@type\":\"PropertyValueSpecification\",\"valueRequired\":true,\"valueName\":\"search_term_string\"}}],\"inLanguage\":\"de-CH\"},{\"@type\":\"Organization\",\"@id\":\"https:\\\/\\\/www.berg-freunde.ch\\\/blog\\\/#organization\",\"name\":\"Bergfreunde\",\"url\":\"https:\\\/\\\/www.berg-freunde.ch\\\/blog\\\/\",\"logo\":{\"@type\":\"ImageObject\",\"inLanguage\":\"de-CH\",\"@id\":\"https:\\\/\\\/www.berg-freunde.ch\\\/blog\\\/#\\\/schema\\\/logo\\\/image\\\/\",\"url\":\"https:\\\/\\\/www.berg-freunde.ch\\\/blog\\\/wp-content\\\/uploads\\\/2023\\\/12\\\/Bergfreunde_DE_rgb.svg\",\"contentUrl\":\"https:\\\/\\\/www.berg-freunde.ch\\\/blog\\\/wp-content\\\/uploads\\\/2023\\\/12\\\/Bergfreunde_DE_rgb.svg\",\"caption\":\"Bergfreunde\"},\"image\":{\"@id\":\"https:\\\/\\\/www.berg-freunde.ch\\\/blog\\\/#\\\/schema\\\/logo\\\/image\\\/\"},\"sameAs\":[\"https:\\\/\\\/www.facebook.com\\\/bergfreunde\",\"https:\\\/\\\/www.instagram.com\\\/bergfreundede\\\/\"]},{\"@type\":\"Person\",\"@id\":\"https:\\\/\\\/www.berg-freunde.ch\\\/blog\\\/#\\\/schema\\\/person\\\/b2501727decd6d6c101a99837dfde824\",\"name\":\"Gastautorin\",\"url\":\"https:\\\/\\\/www.berg-freunde.ch\\\/blog\\\/about\\\/gastautorin\\\/\"}]}<\/script>\n<!-- \/ Yoast SEO Premium plugin. -->","yoast_head_json":{"title":"Das Female Explorer Community Camp mit On | Bergfreunde","description":"Was ist das Female Explorer Community Camp? \u27a4 Wie sah das Programm aus? \u27a4 Was kann der neue Cloudvista 2 von On? \u27a4 Erfahre es hier!","robots":{"index":"index","follow":"follow","max-snippet":"max-snippet:-1","max-image-preview":"max-image-preview:large","max-video-preview":"max-video-preview:-1"},"canonical":"https:\/\/www.berg-freunde.ch\/blog\/female-explorer-community-camp-mit-on\/","og_locale":"de_DE","og_type":"article","og_title":"Das Female Explorer Community Camp mit On","og_description":"Was ist das Female Explorer Community Camp? \u27a4 Wie sah das Programm aus? \u27a4 Was kann der neue Cloudvista 2 von On? \u27a4 Erfahre es hier!","og_url":"https:\/\/www.berg-freunde.ch\/blog\/female-explorer-community-camp-mit-on\/","og_site_name":"Bergfreunde","article_publisher":"https:\/\/www.facebook.com\/bergfreunde","article_published_time":"2024-10-08T08:00:00+00:00","article_modified_time":"2025-04-23T08:34:00+00:00","og_image":[{"width":1920,"height":1080,"url":"https:\/\/www.berg-freunde.ch\/blog\/wp-content\/uploads\/2024\/09\/08102024_Female-Explorer-Camp_Titel_bearbeitet.jpg","type":"image\/jpeg"}],"author":"Gastautorin","twitter_card":"summary_large_image","twitter_misc":{"Geschrieben von":"Gastautorin","Gesch\u00e4tzte Lesezeit":"6\u00a0Minuten"},"schema":{"@context":"https:\/\/schema.org","@graph":[{"@type":["Article","BlogPosting"],"@id":"https:\/\/www.berg-freunde.ch\/blog\/female-explorer-community-camp-mit-on\/#article","isPartOf":{"@id":"https:\/\/www.berg-freunde.ch\/blog\/female-explorer-community-camp-mit-on\/"},"author":{"name":"Gastautorin","@id":"https:\/\/www.berg-freunde.ch\/blog\/#\/schema\/person\/b2501727decd6d6c101a99837dfde824"},"headline":"Das Female Explorer Community Camp mit On","datePublished":"2024-10-08T08:00:00+00:00","dateModified":"2025-04-23T08:34:00+00:00","mainEntityOfPage":{"@id":"https:\/\/www.berg-freunde.ch\/blog\/female-explorer-community-camp-mit-on\/"},"wordCount":1123,"commentCount":0,"publisher":{"@id":"https:\/\/www.berg-freunde.ch\/blog\/#organization"},"image":{"@id":"https:\/\/www.berg-freunde.ch\/blog\/female-explorer-community-camp-mit-on\/#primaryimage"},"thumbnailUrl":"https:\/\/www.berg-freunde.ch\/blog\/wp-content\/uploads\/2024\/09\/08102024_Female-Explorer-Camp_Titel_bearbeitet.jpg","keywords":["Camping &amp; Reisen","Running"],"articleSection":["Hersteller &amp; Marken","Testberichte"],"inLanguage":"de-CH","potentialAction":[{"@type":"CommentAction","name":"Comment","target":["https:\/\/www.berg-freunde.ch\/blog\/female-explorer-community-camp-mit-on\/#respond"]}]},{"@type":"WebPage","@id":"https:\/\/www.berg-freunde.ch\/blog\/female-explorer-community-camp-mit-on\/","url":"https:\/\/www.berg-freunde.ch\/blog\/female-explorer-community-camp-mit-on\/","name":"Das Female Explorer Community Camp mit On | Bergfreunde","isPartOf":{"@id":"https:\/\/www.berg-freunde.ch\/blog\/#website"},"primaryImageOfPage":{"@id":"https:\/\/www.berg-freunde.ch\/blog\/female-explorer-community-camp-mit-on\/#primaryimage"},"image":{"@id":"https:\/\/www.berg-freunde.ch\/blog\/female-explorer-community-camp-mit-on\/#primaryimage"},"thumbnailUrl":"https:\/\/www.berg-freunde.ch\/blog\/wp-content\/uploads\/2024\/09\/08102024_Female-Explorer-Camp_Titel_bearbeitet.jpg","datePublished":"2024-10-08T08:00:00+00:00","dateModified":"2025-04-23T08:34:00+00:00","description":"Was ist das Female Explorer Community Camp? \u27a4 Wie sah das Programm aus? \u27a4 Was kann der neue Cloudvista 2 von On? \u27a4 Erfahre es hier!","breadcrumb":{"@id":"https:\/\/www.berg-freunde.ch\/blog\/female-explorer-community-camp-mit-on\/#breadcrumb"},"inLanguage":"de-CH","potentialAction":[{"@type":"ReadAction","target":["https:\/\/www.berg-freunde.ch\/blog\/female-explorer-community-camp-mit-on\/"]}]},{"@type":"ImageObject","inLanguage":"de-CH","@id":"https:\/\/www.berg-freunde.ch\/blog\/female-explorer-community-camp-mit-on\/#primaryimage","url":"https:\/\/www.berg-freunde.ch\/blog\/wp-content\/uploads\/2024\/09\/08102024_Female-Explorer-Camp_Titel_bearbeitet.jpg","contentUrl":"https:\/\/www.berg-freunde.ch\/blog\/wp-content\/uploads\/2024\/09\/08102024_Female-Explorer-Camp_Titel_bearbeitet.jpg","width":1920,"height":1080,"caption":"Female Explorer Camp"},{"@type":"BreadcrumbList","@id":"https:\/\/www.berg-freunde.ch\/blog\/female-explorer-community-camp-mit-on\/#breadcrumb","itemListElement":[{"@type":"ListItem","position":1,"name":"Blog","item":"https:\/\/www.berg-freunde.ch\/blog\/"},{"@type":"ListItem","position":2,"name":"Beratung","item":"https:\/\/www.berg-freunde.ch\/blog\/category\/beratung\/"},{"@type":"ListItem","position":3,"name":"Testberichte","item":"https:\/\/www.berg-freunde.ch\/blog\/category\/beratung\/testberichte\/"},{"@type":"ListItem","position":4,"name":"Das Female Explorer Community Camp mit On"}]},{"@type":"WebSite","@id":"https:\/\/www.berg-freunde.ch\/blog\/#website","url":"https:\/\/www.berg-freunde.ch\/blog\/","name":"Bergfreunde","description":"Blog","publisher":{"@id":"https:\/\/www.berg-freunde.ch\/blog\/#organization"},"potentialAction":[{"@type":"SearchAction","target":{"@type":"EntryPoint","urlTemplate":"https:\/\/www.berg-freunde.ch\/blog\/?s={search_term_string}"},"query-input":{"@type":"PropertyValueSpecification","valueRequired":true,"valueName":"search_term_string"}}],"inLanguage":"de-CH"},{"@type":"Organization","@id":"https:\/\/www.berg-freunde.ch\/blog\/#organization","name":"Bergfreunde","url":"https:\/\/www.berg-freunde.ch\/blog\/","logo":{"@type":"ImageObject","inLanguage":"de-CH","@id":"https:\/\/www.berg-freunde.ch\/blog\/#\/schema\/logo\/image\/","url":"https:\/\/www.berg-freunde.ch\/blog\/wp-content\/uploads\/2023\/12\/Bergfreunde_DE_rgb.svg","contentUrl":"https:\/\/www.berg-freunde.ch\/blog\/wp-content\/uploads\/2023\/12\/Bergfreunde_DE_rgb.svg","caption":"Bergfreunde"},"image":{"@id":"https:\/\/www.berg-freunde.ch\/blog\/#\/schema\/logo\/image\/"},"sameAs":["https:\/\/www.facebook.com\/bergfreunde","https:\/\/www.instagram.com\/bergfreundede\/"]},{"@type":"Person","@id":"https:\/\/www.berg-freunde.ch\/blog\/#\/schema\/person\/b2501727decd6d6c101a99837dfde824","name":"Gastautorin","url":"https:\/\/www.berg-freunde.ch\/blog\/about\/gastautorin\/"}]}},"_links":{"self":[{"href":"https:\/\/www.berg-freunde.ch\/blog\/wp-json\/wp\/v2\/posts\/116831","targetHints":{"allow":["GET"]}}],"collection":[{"href":"https:\/\/www.berg-freunde.ch\/blog\/wp-json\/wp\/v2\/posts"}],"about":[{"href":"https:\/\/www.berg-freunde.ch\/blog\/wp-json\/wp\/v2\/types\/post"}],"author":[{"embeddable":true,"href":"https:\/\/www.berg-freunde.ch\/blog\/wp-json\/wp\/v2\/users\/25"}],"replies":[{"embeddable":true,"href":"https:\/\/www.berg-freunde.ch\/blog\/wp-json\/wp\/v2\/comments?post=116831"}],"version-history":[{"count":4,"href":"https:\/\/www.berg-freunde.ch\/blog\/wp-json\/wp\/v2\/posts\/116831\/revisions"}],"predecessor-version":[{"id":117061,"href":"https:\/\/www.berg-freunde.ch\/blog\/wp-json\/wp\/v2\/posts\/116831\/revisions\/117061"}],"wp:featuredmedia":[{"embeddable":true,"href":"https:\/\/www.berg-freunde.ch\/blog\/wp-json\/wp\/v2\/media\/116908"}],"wp:attachment":[{"href":"https:\/\/www.berg-freunde.ch\/blog\/wp-json\/wp\/v2\/media?parent=116831"}],"wp:term":[{"taxonomy":"category","embeddable":true,"href":"https:\/\/www.berg-freunde.ch\/blog\/wp-json\/wp\/v2\/categories?post=116831"},{"taxonomy":"post_tag","embeddable":true,"href":"https:\/\/www.berg-freunde.ch\/blog\/wp-json\/wp\/v2\/tags?post=116831"},{"taxonomy":"post_folder","embeddable":true,"href":"https:\/\/www.berg-freunde.ch\/blog\/wp-json\/wp\/v2\/post_folder?post=116831"}],"curies":[{"name":"wp","href":"https:\/\/api.w.org\/{rel}","templated":true}]}}