{"id":117072,"date":"2024-10-25T10:20:09","date_gmt":"2024-10-25T08:20:09","guid":{"rendered":"https:\/\/www.bergfreunde.de\/blog\/?p=117072"},"modified":"2025-01-03T13:15:36","modified_gmt":"2025-01-03T12:15:36","slug":"am-seidenen-faden","status":"publish","type":"post","link":"https:\/\/www.berg-freunde.ch\/blog\/am-seidenen-faden\/","title":{"rendered":"Blogbeitrag zum Film \u201eAm Seidenen Faden\u201c \u00fcber Philipp Hrozek"},"content":{"rendered":"\n<p>\u201e<strong>Ich konnte eigentlich gar nichts mehr, nicht gehen, nicht reden, nicht essen.\u201c<\/strong> Diese harten Worte kommen von Philipp &#8211; genannt Phil \u2013 Hrozek. Ein langer Weg liegt vor dem Kletterer, nachdem er im September 2016 einen schlimmen Autounfall hat. An diesem Tag \u00e4ndert sich schlagartig alles f\u00fcr Phil, <strong>sein Leben hing am seidenen Faden<\/strong>. Nach dem Unfall auf regennasser Stra\u00dfe ist er zwar nicht querschnittsgel\u00e4hmt, jedoch ist die Liste seiner Leiden lang: &nbsp;Phil leidet unter erheblichen Bewusstseinsst\u00f6rungen, einer L\u00e4hmung der Augenmuskeln sowie starken Zerrungen und Nervenabrissen, die von seiner Schulter bis zur Hand reichen. Sein rechter Arm ist ein ganzes Jahr lang vollst\u00e4ndig gel\u00e4hmt. Die gesch\u00e4digten Hirn- und Spinalnerven, die f\u00fcr die Steuerung des Rumpfes zust\u00e4ndig sind, f\u00fchren zu einer Schw\u00e4chung aller Gliedma\u00dfen. Zudem ist Phil von Dysphonie betroffen. Das bedeutet, dass er <strong>weder sprechen noch schreiben kann. Es f\u00e4llt ihm schwer, sich mitzuteilen und klar zu denken<\/strong>.<\/p>\n\n\n<div class=\"wp-block-image\">\n<figure class=\"alignleft size-large is-resized\"><a href=\"https:\/\/www.bergfreunde.de\/blog\/wp-content\/uploads\/2024\/10\/Am-seidenen-Faden_Philipp-Hrozek_original-edited.jpg\"><img fetchpriority=\"high\" decoding=\"async\" width=\"1440\" height=\"1080\" src=\"https:\/\/www.bergfreunde.de\/blog\/wp-content\/uploads\/2024\/10\/Am-seidenen-Faden_Philipp-Hrozek_original-edited.jpg\" alt=\"Philipp Hrozek\" class=\"wp-image-117087\" style=\"width:350px\" srcset=\"https:\/\/www.berg-freunde.ch\/blog\/wp-content\/uploads\/2024\/10\/Am-seidenen-Faden_Philipp-Hrozek_original-edited.jpg 1440w, https:\/\/www.berg-freunde.ch\/blog\/wp-content\/uploads\/2024\/10\/Am-seidenen-Faden_Philipp-Hrozek_original-edited-300x225.jpg 300w, https:\/\/www.berg-freunde.ch\/blog\/wp-content\/uploads\/2024\/10\/Am-seidenen-Faden_Philipp-Hrozek_original-edited-768x576.jpg 768w\" sizes=\"(max-width: 1440px) 100vw, 1440px\" \/><\/a><figcaption class=\"wp-element-caption\">Phil k\u00e4mpfte sich zur\u00fcck ins Leben<\/figcaption><\/figure>\n<\/div>\n\n\n<p>Lange Zeit ist -direkt nach Krankenhaus und Reha- der Wiedereinstieg ins Klettern undenkbar. Phil ist zu sehr mit der Bew\u00e4ltigung des ganz normalen Alltags besch\u00e4ftigt: Dinge wie Z\u00e4hneputzen, Gehen und Schreiben lernen oder eine Kaffeetasse tragen erfordern seine ganze Konzentration. <strong>Schritt f\u00fcr Schritt k\u00e4mpft sich Phil zur\u00fcck ins Leben<\/strong>. Er hat einige Operationen, viel Sprach-, Physio- und Ergotherapie. 2019 wird sein Sohn Emil geboren, was ihm viel Energie und Kraft gibt. Bei Emil sieht er jeden Tag Fortschritte und Entwicklungen und freut sich dar\u00fcber. Zugleich gibt ihm das viel Antrieb f\u00fcr sich selbst.<\/p>\n\n\n\n<h3 class=\"wp-block-heading\" id=\"h-aufgeben-ist-keine-option\">Aufgeben ist keine Option<\/h3>\n\n\n\n<p>Bis heute ist Phil eingeschr\u00e4nkt. <strong>Er hat eine 50-prozentige Schwerbehinderung<\/strong>, seine Muskulatur ist nicht mehr so stark wie fr\u00fcher, die Nerven reagieren nur langsam. Zudem ist sein Sehverm\u00f6gen weiterhin getr\u00fcbt. Aber: <strong>Heute klettert Phil wieder<\/strong>. Dar\u00fcber nachgedacht, dass Klettern einmal nicht mehr Teil seines Lebens sein wird, hat er nie. Die Option, mit dem Klettern aufzuh\u00f6ren, gab es f\u00fcr ihn schlichtweg nicht. Daher wollte er zur\u00fcckkommen, wieder anfangen zu trainieren, wieder ehrgeizig Ziele verfolgen. Gemeinsam mit seinem Bruder baut er seine Muskulatur wieder auf, trainiert viel und hart. Und das mit Erfolg: <strong>2023 ist Phil sogar bei den <a href=\"https:\/\/ifsc.results.info\/event\/1338\/general\/lead\">Weltmeisterschaften in Bern<\/a> mit dabei<\/strong>! Nach wie vor ist Phil am liebsten mit seinem Zwillingsbruder am Fels. Dabei ist er inzwischen aber auch Mitglied im deutschen <strong>Paraclimbing-Nationalkader<\/strong>.<\/p>\n\n\n<div class=\"wp-block-image\">\n<figure class=\"alignright size-large is-resized\"><a href=\"https:\/\/www.bergfreunde.de\/blog\/wp-content\/uploads\/2024\/10\/Am-seidenen-Faden_Hand-an-Bouldergriff_original-edited.jpg\"><img decoding=\"async\" width=\"1620\" height=\"1080\" src=\"https:\/\/www.bergfreunde.de\/blog\/wp-content\/uploads\/2024\/10\/Am-seidenen-Faden_Hand-an-Bouldergriff_original-edited.jpg\" alt=\"Bouldergriff\" class=\"wp-image-117117\" style=\"width:350px\" srcset=\"https:\/\/www.berg-freunde.ch\/blog\/wp-content\/uploads\/2024\/10\/Am-seidenen-Faden_Hand-an-Bouldergriff_original-edited.jpg 1620w, https:\/\/www.berg-freunde.ch\/blog\/wp-content\/uploads\/2024\/10\/Am-seidenen-Faden_Hand-an-Bouldergriff_original-edited-300x200.jpg 300w, https:\/\/www.berg-freunde.ch\/blog\/wp-content\/uploads\/2024\/10\/Am-seidenen-Faden_Hand-an-Bouldergriff_original-edited-1500x1000.jpg 1500w, https:\/\/www.berg-freunde.ch\/blog\/wp-content\/uploads\/2024\/10\/Am-seidenen-Faden_Hand-an-Bouldergriff_original-edited-768x512.jpg 768w, https:\/\/www.berg-freunde.ch\/blog\/wp-content\/uploads\/2024\/10\/Am-seidenen-Faden_Hand-an-Bouldergriff_original-edited-1536x1024.jpg 1536w\" sizes=\"(max-width: 1620px) 100vw, 1620px\" \/><\/a><figcaption class=\"wp-element-caption\">Mit dem Klettern aufzuh\u00f6ren war f\u00fcr Phil nie eine Option<\/figcaption><\/figure>\n<\/div>\n\n\n<p>Im Kader sch\u00e4tzt Philipp vor allem das Miteinander und das verbindende Element: \u201eParaclimbing im Team ist ein Mitteilungsort, da verstehen alle alles. Und alle haben ihr P\u00e4ckchen zu tragen.\u201c <strong>Der Stellenwert des Kletterns ist f\u00fcr ihn unver\u00e4ndert geblieben, jedoch hat sich die Qualit\u00e4t gewandelt<\/strong>. \u201eKlettern war schon immer das Zentrum meines Lebens \u2013 und wird es auch bleiben.\u201c W\u00e4hrend Phil fr\u00fcher eher ein Einzelg\u00e4nger war, ist ihm jetzt das Team wichtig.<\/p>\n\n\n\n<h3 class=\"wp-block-heading\" id=\"h-paraclimbing-sportklettern-fur-menschen-mit-korperlicher-behinderung\"><strong>Paraclimbing \u2013 Sportklettern f\u00fcr Menschen mit k\u00f6rperlicher Behinderung<\/strong><\/h3>\n\n\n\n<p>Paraclimber*innen starten auf Wettk\u00e4mpfen in drei Wertungsklassen:<\/p>\n\n\n\n<ul class=\"wp-block-list\">\n<li>Blind Sport Classes (B1, B2, B3)<\/li>\n\n\n\n<li>Amputees (AU1, AU2 (Arm); AL1, AL2 (Bein))<\/li>\n\n\n\n<li>Limited reach, power or stability (RP1, RP2, RP3)<\/li>\n<\/ul>\n\n\n\n<p>Je h\u00f6her die Zahl, desto geringer der Grad der Beeintr\u00e4chtigung. Unterschieden wird zudem in m\u00e4nnliche und weibliche Startklassen. <strong>Phil wird<\/strong> wegen seiner sehr eingeschr\u00e4nkten Beweglichkeit der <strong>Klasse RP2 zugeordnet<\/strong>. Die Paraclimber*innen werden einmal zu Beginn ihrer Karriere im Nationalkader von einem Gremium des IFSC eingestuft; alle zwei Jahre erfolgt eine Neubeurteilung.<\/p>\n\n\n<div class=\"wp-block-image\">\n<figure class=\"alignleft size-large is-resized\"><a href=\"https:\/\/www.bergfreunde.de\/blog\/wp-content\/uploads\/2024\/10\/Am-seidenen-Faden_Philipp-klettert-Outdoor_original-edited.jpg\"><img decoding=\"async\" width=\"1620\" height=\"1080\" src=\"https:\/\/www.bergfreunde.de\/blog\/wp-content\/uploads\/2024\/10\/Am-seidenen-Faden_Philipp-klettert-Outdoor_original-edited.jpg\" alt=\"Szene aus &quot;Am seidenen Faden&quot;\" class=\"wp-image-117129\" style=\"width:350px\" srcset=\"https:\/\/www.berg-freunde.ch\/blog\/wp-content\/uploads\/2024\/10\/Am-seidenen-Faden_Philipp-klettert-Outdoor_original-edited.jpg 1620w, https:\/\/www.berg-freunde.ch\/blog\/wp-content\/uploads\/2024\/10\/Am-seidenen-Faden_Philipp-klettert-Outdoor_original-edited-300x200.jpg 300w, https:\/\/www.berg-freunde.ch\/blog\/wp-content\/uploads\/2024\/10\/Am-seidenen-Faden_Philipp-klettert-Outdoor_original-edited-1500x1000.jpg 1500w, https:\/\/www.berg-freunde.ch\/blog\/wp-content\/uploads\/2024\/10\/Am-seidenen-Faden_Philipp-klettert-Outdoor_original-edited-768x512.jpg 768w, https:\/\/www.berg-freunde.ch\/blog\/wp-content\/uploads\/2024\/10\/Am-seidenen-Faden_Philipp-klettert-Outdoor_original-edited-1536x1024.jpg 1536w\" sizes=\"(max-width: 1620px) 100vw, 1620px\" \/><\/a><figcaption class=\"wp-element-caption\">Eine Kletterszene aus dem Film &#171;Am seidenen Faden&#187;<\/figcaption><\/figure>\n<\/div>\n\n\n<h2 class=\"wp-block-heading\" id=\"h-der-film-am-seidenen-faden\">Der Film &#171;Am seidenen Faden&#187;<\/h2>\n\n\n\n<p>Der Film \u201e<strong>Am Seidenen Faden<\/strong>\u201c von <strong>Regisseur Florian Nick<\/strong> schildert eindrucksvoll die ber\u00fchrende Geschichte von <strong>Philipp Hroseks Kampf zur\u00fcck ins Leben und an die Kletterwand<\/strong>. Es ist ein Neuanfang. Einer, der nicht nur den Wiederaufbau seiner k\u00f6rperlichen F\u00e4higkeiten bedeutet, sondern auch eine zweite Chance darstellt. Eine M\u00f6glichkeit, in der Philipp die <strong>Bedeutung seiner Familie und ein tieferes Verst\u00e4ndnis f\u00fcr das Leben neu entdeckt<\/strong>. Diese Erz\u00e4hlung inspiriert und zeigt, dass selbst in den herausforderndsten Momenten eine Gelegenheit zur Ver\u00e4nderung verborgen sein kann.<\/p>\n\n\n\n<h2 class=\"wp-block-heading\" id=\"h-entstehungsgeschichte-zum-film\"><strong>Entstehungsgeschichte zum Film<\/strong><\/h2>\n\n\n\n<p>Filmemacher Florian Nick st\u00f6\u00dft zum ersten Mal auf die Geschichte von Philipp Hrozek im Magazin des Deutschen Alpenvereins &#8211; und ist direkt fasziniert. Er kontaktiert Phil via Instagram und keine Stunde sp\u00e4ter haben sie ihr erstes Gespr\u00e4ch. <strong>Philipp war begeistert von der Idee, seine Geschichte zu teilen, um andere zu inspirieren,<\/strong> und Flo ging es genauso. Damit war das Projekt offiziell gestartet!<\/p>\n\n\n\n<p>Zun\u00e4chst geht Florian davon aus, dass sich sein Film prim\u00e4r ums Klettern drehen w\u00fcrde. Doch mit jedem Drehtag wird ihm klar, dass es um viel mehr geht. <strong>Es geht um&nbsp;Entschlossenheit, Familie und den Wert des Lebens<\/strong>. Dazu Flo: \u201eIch habe diesen Film gemacht, um Inspiration und Hoffnung zu geben. Viele Menschen stehen vor ihren ganz eigenen Herausforderungen und haben ein \u00e4hnliches Schicksal durchlebt wie Philipp. <strong>Wenn auch nur eine Person diesen Film sieht und ein wenig Hoffnung oder Motivation gewinnt, weiterzumachen, dann hat sich all die harte Arbeit f\u00fcr dieses Projekt gelohnt<\/strong>. Philipps Geschichte verdient es, geteilt zu werden. Wer wei\u00df, vielleicht ist es genau die Motivation, die jemand da drau\u00dfen heute braucht.\u201c<\/p>\n\n\n\n<h2 class=\"wp-block-heading\" id=\"h-verlinkungen\"><strong>Verlinkungen<\/strong><\/h2>\n\n\n\n<p>Hier geht es zum Film \u201eAm Seidenen Faden\u201c:<\/p>\n\n\n\n<figure class=\"wp-block-embed is-type-video is-provider-youtube wp-block-embed-youtube wp-embed-aspect-16-9 wp-has-aspect-ratio\"><div class=\"wp-block-embed__wrapper\">\n<iframe title=\"BY A THREAD - The Story of Philipp Hrozek (FULL MOVIE)\" width=\"800\" height=\"450\" src=\"https:\/\/www.youtube.com\/embed\/5irUrTqGoKY?feature=oembed\" frameborder=\"0\" allow=\"accelerometer; autoplay; clipboard-write; encrypted-media; gyroscope; picture-in-picture; web-share\" referrerpolicy=\"strict-origin-when-cross-origin\" allowfullscreen><\/iframe>\n<\/div><\/figure>\n\n\n\n<p>Wenn Du mehr \u00fcber Philipp und seinen Weg zur\u00fcck ins Leben h\u00f6ren m\u00f6chtest, dann h\u00f6r in unsere Podcastfolge bei Grat Raus mit ihm rein:<\/p>\n\n\n\n<figure class=\"wp-block-embed is-type-wp-embed is-provider-bergfreunde wp-block-embed-bergfreunde\"><div class=\"wp-block-embed__wrapper\">\n<blockquote class=\"wp-embedded-content\" data-secret=\"0cFTEyDJF3\"><a href=\"https:\/\/www.bergfreunde.de\/blog\/grat-raus-folge-31-philipp-hrozek\/\">GRAT RAUS FOLGE 31: Klettern als Motor der Motivation \u2013 Paraclimber Philipp Hrozek<\/a><\/blockquote><iframe class=\"wp-embedded-content\" sandbox=\"allow-scripts\" security=\"restricted\" style=\"position: absolute; visibility: hidden;\" title=\"&#8222;GRAT RAUS FOLGE 31: Klettern als Motor der Motivation \u2013 Paraclimber Philipp Hrozek&#8220; &#8212; Bergfreunde\" src=\"https:\/\/www.bergfreunde.de\/blog\/grat-raus-folge-31-philipp-hrozek\/embed\/#?secret=7baV3NRwGo#?secret=0cFTEyDJF3\" data-secret=\"0cFTEyDJF3\" width=\"600\" height=\"338\" frameborder=\"0\" marginwidth=\"0\" marginheight=\"0\" scrolling=\"no\"><\/iframe>\n<\/div><\/figure>\n","protected":false},"excerpt":{"rendered":"<p>\u201eIch konnte eigentlich gar nichts mehr, nicht gehen, nicht reden, nicht essen.\u201c Diese harten Worte kommen von Philipp &#8211; genannt Phil \u2013 Hrozek. Ein langer Weg liegt vor dem Kletterer, nachdem er im September 2016 einen schlimmen Autounfall hat. An diesem Tag \u00e4ndert sich schlagartig alles f\u00fcr Phil, sein Leben hing am seidenen Faden. Nach [&hellip;]<\/p>\n","protected":false},"author":78,"featured_media":117078,"comment_status":"open","ping_status":"closed","sticky":false,"template":"","format":"standard","meta":{"_acf_changed":false,"footnotes":""},"categories":[297],"tags":[273],"post_folder":[],"class_list":["post-117072","post","type-post","status-publish","format-standard","has-post-thumbnail","hentry","category-menschen-meinungen","tag-klettern-bouldern"],"acf":[],"yoast_head":"<!-- This site is optimized with the Yoast SEO Premium plugin v27.4 (Yoast SEO v27.4) - https:\/\/yoast.com\/product\/yoast-seo-premium-wordpress\/ -->\n<title>Blogbeitrag zum Film \u201eAm Seidenen Faden\u201c \u00fcber Philipp Hrozek | Bergfreunde<\/title>\n<meta name=\"description\" content=\"Wer ist Phil und was ist seine Geschichte? \u27a4 Worum geht es im Film &quot;Am Seidenen Faden&quot;? \u27a4 Wie ist die Filmidee entstanden? \u27a4 Erfahre es hier!\" \/>\n<meta name=\"robots\" content=\"index, follow, max-snippet:-1, max-image-preview:large, max-video-preview:-1\" \/>\n<link rel=\"canonical\" href=\"https:\/\/www.berg-freunde.ch\/blog\/am-seidenen-faden\/\" \/>\n<meta property=\"og:locale\" content=\"de_DE\" \/>\n<meta property=\"og:type\" content=\"article\" \/>\n<meta property=\"og:title\" content=\"Blogbeitrag zum Film \u201eAm Seidenen Faden\u201c \u00fcber Philipp Hrozek\" \/>\n<meta property=\"og:description\" content=\"Wer ist Phil und was ist seine Geschichte? \u27a4 Worum geht es im Film &quot;Am Seidenen Faden&quot;? \u27a4 Wie ist die Filmidee entstanden? \u27a4 Erfahre es hier!\" \/>\n<meta property=\"og:url\" content=\"https:\/\/www.berg-freunde.ch\/blog\/am-seidenen-faden\/\" \/>\n<meta property=\"og:site_name\" content=\"Bergfreunde\" \/>\n<meta property=\"article:publisher\" content=\"https:\/\/www.facebook.com\/bergfreunde\" \/>\n<meta property=\"article:published_time\" content=\"2024-10-25T08:20:09+00:00\" \/>\n<meta property=\"article:modified_time\" content=\"2025-01-03T12:15:36+00:00\" \/>\n<meta property=\"og:image\" content=\"https:\/\/www.berg-freunde.ch\/blog\/wp-content\/uploads\/2024\/10\/25102024_Am-seidenen-Faden_Titel-Blog_bearbeitet.jpg\" \/>\n\t<meta property=\"og:image:width\" content=\"1920\" \/>\n\t<meta property=\"og:image:height\" content=\"787\" \/>\n\t<meta property=\"og:image:type\" content=\"image\/jpeg\" \/>\n<meta name=\"author\" content=\"Stefanie\" \/>\n<meta name=\"twitter:card\" content=\"summary_large_image\" \/>\n<meta name=\"twitter:label1\" content=\"Geschrieben von\" \/>\n\t<meta name=\"twitter:data1\" content=\"Stefanie\" \/>\n\t<meta name=\"twitter:label2\" content=\"Gesch\u00e4tzte Lesezeit\" \/>\n\t<meta name=\"twitter:data2\" content=\"5\u00a0Minuten\" \/>\n<script type=\"application\/ld+json\" class=\"yoast-schema-graph\">{\"@context\":\"https:\\\/\\\/schema.org\",\"@graph\":[{\"@type\":[\"Article\",\"BlogPosting\"],\"@id\":\"https:\\\/\\\/www.berg-freunde.ch\\\/blog\\\/am-seidenen-faden\\\/#article\",\"isPartOf\":{\"@id\":\"https:\\\/\\\/www.berg-freunde.ch\\\/blog\\\/am-seidenen-faden\\\/\"},\"author\":{\"name\":\"Stefanie\",\"@id\":\"https:\\\/\\\/www.berg-freunde.ch\\\/blog\\\/#\\\/schema\\\/person\\\/5b1b40f23108bddbd418c475e0bae2f8\"},\"headline\":\"Blogbeitrag zum Film \u201eAm Seidenen Faden\u201c \u00fcber Philipp Hrozek\",\"datePublished\":\"2024-10-25T08:20:09+00:00\",\"dateModified\":\"2025-01-03T12:15:36+00:00\",\"mainEntityOfPage\":{\"@id\":\"https:\\\/\\\/www.berg-freunde.ch\\\/blog\\\/am-seidenen-faden\\\/\"},\"wordCount\":941,\"commentCount\":0,\"publisher\":{\"@id\":\"https:\\\/\\\/www.berg-freunde.ch\\\/blog\\\/#organization\"},\"image\":{\"@id\":\"https:\\\/\\\/www.berg-freunde.ch\\\/blog\\\/am-seidenen-faden\\\/#primaryimage\"},\"thumbnailUrl\":\"https:\\\/\\\/www.berg-freunde.ch\\\/blog\\\/wp-content\\\/uploads\\\/2024\\\/10\\\/25102024_Am-seidenen-Faden_Titel-Blog_bearbeitet.jpg\",\"keywords\":[\"Klettern &amp; Bouldern\"],\"articleSection\":[\"Menschen &amp; Meinungen\"],\"inLanguage\":\"de-CH\",\"potentialAction\":[{\"@type\":\"CommentAction\",\"name\":\"Comment\",\"target\":[\"https:\\\/\\\/www.berg-freunde.ch\\\/blog\\\/am-seidenen-faden\\\/#respond\"]}]},{\"@type\":\"WebPage\",\"@id\":\"https:\\\/\\\/www.berg-freunde.ch\\\/blog\\\/am-seidenen-faden\\\/\",\"url\":\"https:\\\/\\\/www.berg-freunde.ch\\\/blog\\\/am-seidenen-faden\\\/\",\"name\":\"Blogbeitrag zum Film \u201eAm Seidenen Faden\u201c \u00fcber Philipp Hrozek | Bergfreunde\",\"isPartOf\":{\"@id\":\"https:\\\/\\\/www.berg-freunde.ch\\\/blog\\\/#website\"},\"primaryImageOfPage\":{\"@id\":\"https:\\\/\\\/www.berg-freunde.ch\\\/blog\\\/am-seidenen-faden\\\/#primaryimage\"},\"image\":{\"@id\":\"https:\\\/\\\/www.berg-freunde.ch\\\/blog\\\/am-seidenen-faden\\\/#primaryimage\"},\"thumbnailUrl\":\"https:\\\/\\\/www.berg-freunde.ch\\\/blog\\\/wp-content\\\/uploads\\\/2024\\\/10\\\/25102024_Am-seidenen-Faden_Titel-Blog_bearbeitet.jpg\",\"datePublished\":\"2024-10-25T08:20:09+00:00\",\"dateModified\":\"2025-01-03T12:15:36+00:00\",\"description\":\"Wer ist Phil und was ist seine Geschichte? \u27a4 Worum geht es im Film \\\"Am Seidenen Faden\\\"? \u27a4 Wie ist die Filmidee entstanden? \u27a4 Erfahre es hier!\",\"breadcrumb\":{\"@id\":\"https:\\\/\\\/www.berg-freunde.ch\\\/blog\\\/am-seidenen-faden\\\/#breadcrumb\"},\"inLanguage\":\"de-CH\",\"potentialAction\":[{\"@type\":\"ReadAction\",\"target\":[\"https:\\\/\\\/www.berg-freunde.ch\\\/blog\\\/am-seidenen-faden\\\/\"]}]},{\"@type\":\"ImageObject\",\"inLanguage\":\"de-CH\",\"@id\":\"https:\\\/\\\/www.berg-freunde.ch\\\/blog\\\/am-seidenen-faden\\\/#primaryimage\",\"url\":\"https:\\\/\\\/www.berg-freunde.ch\\\/blog\\\/wp-content\\\/uploads\\\/2024\\\/10\\\/25102024_Am-seidenen-Faden_Titel-Blog_bearbeitet.jpg\",\"contentUrl\":\"https:\\\/\\\/www.berg-freunde.ch\\\/blog\\\/wp-content\\\/uploads\\\/2024\\\/10\\\/25102024_Am-seidenen-Faden_Titel-Blog_bearbeitet.jpg\",\"width\":1920,\"height\":787,\"caption\":\"Titelbild Film \\\"Am seidenen Faden\\\"\"},{\"@type\":\"BreadcrumbList\",\"@id\":\"https:\\\/\\\/www.berg-freunde.ch\\\/blog\\\/am-seidenen-faden\\\/#breadcrumb\",\"itemListElement\":[{\"@type\":\"ListItem\",\"position\":1,\"name\":\"Blog\",\"item\":\"https:\\\/\\\/www.berg-freunde.ch\\\/blog\\\/\"},{\"@type\":\"ListItem\",\"position\":2,\"name\":\"Bergfreunde\",\"item\":\"https:\\\/\\\/www.berg-freunde.ch\\\/blog\\\/category\\\/bergfreunde\\\/\"},{\"@type\":\"ListItem\",\"position\":3,\"name\":\"Menschen &amp; Meinungen\",\"item\":\"https:\\\/\\\/www.berg-freunde.ch\\\/blog\\\/category\\\/bergfreunde\\\/menschen-meinungen\\\/\"},{\"@type\":\"ListItem\",\"position\":4,\"name\":\"Blogbeitrag zum Film \u201eAm Seidenen Faden\u201c \u00fcber Philipp Hrozek\"}]},{\"@type\":\"WebSite\",\"@id\":\"https:\\\/\\\/www.berg-freunde.ch\\\/blog\\\/#website\",\"url\":\"https:\\\/\\\/www.berg-freunde.ch\\\/blog\\\/\",\"name\":\"Bergfreunde\",\"description\":\"Blog\",\"publisher\":{\"@id\":\"https:\\\/\\\/www.berg-freunde.ch\\\/blog\\\/#organization\"},\"potentialAction\":[{\"@type\":\"SearchAction\",\"target\":{\"@type\":\"EntryPoint\",\"urlTemplate\":\"https:\\\/\\\/www.berg-freunde.ch\\\/blog\\\/?s={search_term_string}\"},\"query-input\":{\"@type\":\"PropertyValueSpecification\",\"valueRequired\":true,\"valueName\":\"search_term_string\"}}],\"inLanguage\":\"de-CH\"},{\"@type\":\"Organization\",\"@id\":\"https:\\\/\\\/www.berg-freunde.ch\\\/blog\\\/#organization\",\"name\":\"Bergfreunde\",\"url\":\"https:\\\/\\\/www.berg-freunde.ch\\\/blog\\\/\",\"logo\":{\"@type\":\"ImageObject\",\"inLanguage\":\"de-CH\",\"@id\":\"https:\\\/\\\/www.berg-freunde.ch\\\/blog\\\/#\\\/schema\\\/logo\\\/image\\\/\",\"url\":\"https:\\\/\\\/www.berg-freunde.ch\\\/blog\\\/wp-content\\\/uploads\\\/2023\\\/12\\\/Bergfreunde_DE_rgb.svg\",\"contentUrl\":\"https:\\\/\\\/www.berg-freunde.ch\\\/blog\\\/wp-content\\\/uploads\\\/2023\\\/12\\\/Bergfreunde_DE_rgb.svg\",\"caption\":\"Bergfreunde\"},\"image\":{\"@id\":\"https:\\\/\\\/www.berg-freunde.ch\\\/blog\\\/#\\\/schema\\\/logo\\\/image\\\/\"},\"sameAs\":[\"https:\\\/\\\/www.facebook.com\\\/bergfreunde\",\"https:\\\/\\\/www.instagram.com\\\/bergfreundede\\\/\"]},{\"@type\":\"Person\",\"@id\":\"https:\\\/\\\/www.berg-freunde.ch\\\/blog\\\/#\\\/schema\\\/person\\\/5b1b40f23108bddbd418c475e0bae2f8\",\"name\":\"Stefanie\",\"url\":\"https:\\\/\\\/www.berg-freunde.ch\\\/blog\\\/about\\\/stefanie-keicher\\\/\"}]}<\/script>\n<!-- \/ Yoast SEO Premium plugin. -->","yoast_head_json":{"title":"Blogbeitrag zum Film \u201eAm Seidenen Faden\u201c \u00fcber Philipp Hrozek | Bergfreunde","description":"Wer ist Phil und was ist seine Geschichte? \u27a4 Worum geht es im Film \"Am Seidenen Faden\"? \u27a4 Wie ist die Filmidee entstanden? \u27a4 Erfahre es hier!","robots":{"index":"index","follow":"follow","max-snippet":"max-snippet:-1","max-image-preview":"max-image-preview:large","max-video-preview":"max-video-preview:-1"},"canonical":"https:\/\/www.berg-freunde.ch\/blog\/am-seidenen-faden\/","og_locale":"de_DE","og_type":"article","og_title":"Blogbeitrag zum Film \u201eAm Seidenen Faden\u201c \u00fcber Philipp Hrozek","og_description":"Wer ist Phil und was ist seine Geschichte? \u27a4 Worum geht es im Film \"Am Seidenen Faden\"? \u27a4 Wie ist die Filmidee entstanden? \u27a4 Erfahre es hier!","og_url":"https:\/\/www.berg-freunde.ch\/blog\/am-seidenen-faden\/","og_site_name":"Bergfreunde","article_publisher":"https:\/\/www.facebook.com\/bergfreunde","article_published_time":"2024-10-25T08:20:09+00:00","article_modified_time":"2025-01-03T12:15:36+00:00","og_image":[{"width":1920,"height":787,"url":"https:\/\/www.berg-freunde.ch\/blog\/wp-content\/uploads\/2024\/10\/25102024_Am-seidenen-Faden_Titel-Blog_bearbeitet.jpg","type":"image\/jpeg"}],"author":"Stefanie","twitter_card":"summary_large_image","twitter_misc":{"Geschrieben von":"Stefanie","Gesch\u00e4tzte Lesezeit":"5\u00a0Minuten"},"schema":{"@context":"https:\/\/schema.org","@graph":[{"@type":["Article","BlogPosting"],"@id":"https:\/\/www.berg-freunde.ch\/blog\/am-seidenen-faden\/#article","isPartOf":{"@id":"https:\/\/www.berg-freunde.ch\/blog\/am-seidenen-faden\/"},"author":{"name":"Stefanie","@id":"https:\/\/www.berg-freunde.ch\/blog\/#\/schema\/person\/5b1b40f23108bddbd418c475e0bae2f8"},"headline":"Blogbeitrag zum Film \u201eAm Seidenen Faden\u201c \u00fcber Philipp Hrozek","datePublished":"2024-10-25T08:20:09+00:00","dateModified":"2025-01-03T12:15:36+00:00","mainEntityOfPage":{"@id":"https:\/\/www.berg-freunde.ch\/blog\/am-seidenen-faden\/"},"wordCount":941,"commentCount":0,"publisher":{"@id":"https:\/\/www.berg-freunde.ch\/blog\/#organization"},"image":{"@id":"https:\/\/www.berg-freunde.ch\/blog\/am-seidenen-faden\/#primaryimage"},"thumbnailUrl":"https:\/\/www.berg-freunde.ch\/blog\/wp-content\/uploads\/2024\/10\/25102024_Am-seidenen-Faden_Titel-Blog_bearbeitet.jpg","keywords":["Klettern &amp; Bouldern"],"articleSection":["Menschen &amp; Meinungen"],"inLanguage":"de-CH","potentialAction":[{"@type":"CommentAction","name":"Comment","target":["https:\/\/www.berg-freunde.ch\/blog\/am-seidenen-faden\/#respond"]}]},{"@type":"WebPage","@id":"https:\/\/www.berg-freunde.ch\/blog\/am-seidenen-faden\/","url":"https:\/\/www.berg-freunde.ch\/blog\/am-seidenen-faden\/","name":"Blogbeitrag zum Film \u201eAm Seidenen Faden\u201c \u00fcber Philipp Hrozek | Bergfreunde","isPartOf":{"@id":"https:\/\/www.berg-freunde.ch\/blog\/#website"},"primaryImageOfPage":{"@id":"https:\/\/www.berg-freunde.ch\/blog\/am-seidenen-faden\/#primaryimage"},"image":{"@id":"https:\/\/www.berg-freunde.ch\/blog\/am-seidenen-faden\/#primaryimage"},"thumbnailUrl":"https:\/\/www.berg-freunde.ch\/blog\/wp-content\/uploads\/2024\/10\/25102024_Am-seidenen-Faden_Titel-Blog_bearbeitet.jpg","datePublished":"2024-10-25T08:20:09+00:00","dateModified":"2025-01-03T12:15:36+00:00","description":"Wer ist Phil und was ist seine Geschichte? \u27a4 Worum geht es im Film \"Am Seidenen Faden\"? \u27a4 Wie ist die Filmidee entstanden? \u27a4 Erfahre es hier!","breadcrumb":{"@id":"https:\/\/www.berg-freunde.ch\/blog\/am-seidenen-faden\/#breadcrumb"},"inLanguage":"de-CH","potentialAction":[{"@type":"ReadAction","target":["https:\/\/www.berg-freunde.ch\/blog\/am-seidenen-faden\/"]}]},{"@type":"ImageObject","inLanguage":"de-CH","@id":"https:\/\/www.berg-freunde.ch\/blog\/am-seidenen-faden\/#primaryimage","url":"https:\/\/www.berg-freunde.ch\/blog\/wp-content\/uploads\/2024\/10\/25102024_Am-seidenen-Faden_Titel-Blog_bearbeitet.jpg","contentUrl":"https:\/\/www.berg-freunde.ch\/blog\/wp-content\/uploads\/2024\/10\/25102024_Am-seidenen-Faden_Titel-Blog_bearbeitet.jpg","width":1920,"height":787,"caption":"Titelbild Film \"Am seidenen Faden\""},{"@type":"BreadcrumbList","@id":"https:\/\/www.berg-freunde.ch\/blog\/am-seidenen-faden\/#breadcrumb","itemListElement":[{"@type":"ListItem","position":1,"name":"Blog","item":"https:\/\/www.berg-freunde.ch\/blog\/"},{"@type":"ListItem","position":2,"name":"Bergfreunde","item":"https:\/\/www.berg-freunde.ch\/blog\/category\/bergfreunde\/"},{"@type":"ListItem","position":3,"name":"Menschen &amp; Meinungen","item":"https:\/\/www.berg-freunde.ch\/blog\/category\/bergfreunde\/menschen-meinungen\/"},{"@type":"ListItem","position":4,"name":"Blogbeitrag zum Film \u201eAm Seidenen Faden\u201c \u00fcber Philipp Hrozek"}]},{"@type":"WebSite","@id":"https:\/\/www.berg-freunde.ch\/blog\/#website","url":"https:\/\/www.berg-freunde.ch\/blog\/","name":"Bergfreunde","description":"Blog","publisher":{"@id":"https:\/\/www.berg-freunde.ch\/blog\/#organization"},"potentialAction":[{"@type":"SearchAction","target":{"@type":"EntryPoint","urlTemplate":"https:\/\/www.berg-freunde.ch\/blog\/?s={search_term_string}"},"query-input":{"@type":"PropertyValueSpecification","valueRequired":true,"valueName":"search_term_string"}}],"inLanguage":"de-CH"},{"@type":"Organization","@id":"https:\/\/www.berg-freunde.ch\/blog\/#organization","name":"Bergfreunde","url":"https:\/\/www.berg-freunde.ch\/blog\/","logo":{"@type":"ImageObject","inLanguage":"de-CH","@id":"https:\/\/www.berg-freunde.ch\/blog\/#\/schema\/logo\/image\/","url":"https:\/\/www.berg-freunde.ch\/blog\/wp-content\/uploads\/2023\/12\/Bergfreunde_DE_rgb.svg","contentUrl":"https:\/\/www.berg-freunde.ch\/blog\/wp-content\/uploads\/2023\/12\/Bergfreunde_DE_rgb.svg","caption":"Bergfreunde"},"image":{"@id":"https:\/\/www.berg-freunde.ch\/blog\/#\/schema\/logo\/image\/"},"sameAs":["https:\/\/www.facebook.com\/bergfreunde","https:\/\/www.instagram.com\/bergfreundede\/"]},{"@type":"Person","@id":"https:\/\/www.berg-freunde.ch\/blog\/#\/schema\/person\/5b1b40f23108bddbd418c475e0bae2f8","name":"Stefanie","url":"https:\/\/www.berg-freunde.ch\/blog\/about\/stefanie-keicher\/"}]}},"_links":{"self":[{"href":"https:\/\/www.berg-freunde.ch\/blog\/wp-json\/wp\/v2\/posts\/117072","targetHints":{"allow":["GET"]}}],"collection":[{"href":"https:\/\/www.berg-freunde.ch\/blog\/wp-json\/wp\/v2\/posts"}],"about":[{"href":"https:\/\/www.berg-freunde.ch\/blog\/wp-json\/wp\/v2\/types\/post"}],"author":[{"embeddable":true,"href":"https:\/\/www.berg-freunde.ch\/blog\/wp-json\/wp\/v2\/users\/78"}],"replies":[{"embeddable":true,"href":"https:\/\/www.berg-freunde.ch\/blog\/wp-json\/wp\/v2\/comments?post=117072"}],"version-history":[{"count":4,"href":"https:\/\/www.berg-freunde.ch\/blog\/wp-json\/wp\/v2\/posts\/117072\/revisions"}],"predecessor-version":[{"id":117363,"href":"https:\/\/www.berg-freunde.ch\/blog\/wp-json\/wp\/v2\/posts\/117072\/revisions\/117363"}],"wp:featuredmedia":[{"embeddable":true,"href":"https:\/\/www.berg-freunde.ch\/blog\/wp-json\/wp\/v2\/media\/117078"}],"wp:attachment":[{"href":"https:\/\/www.berg-freunde.ch\/blog\/wp-json\/wp\/v2\/media?parent=117072"}],"wp:term":[{"taxonomy":"category","embeddable":true,"href":"https:\/\/www.berg-freunde.ch\/blog\/wp-json\/wp\/v2\/categories?post=117072"},{"taxonomy":"post_tag","embeddable":true,"href":"https:\/\/www.berg-freunde.ch\/blog\/wp-json\/wp\/v2\/tags?post=117072"},{"taxonomy":"post_folder","embeddable":true,"href":"https:\/\/www.berg-freunde.ch\/blog\/wp-json\/wp\/v2\/post_folder?post=117072"}],"curies":[{"name":"wp","href":"https:\/\/api.w.org\/{rel}","templated":true}]}}