{"id":117590,"date":"2024-11-08T09:23:44","date_gmt":"2024-11-08T08:23:44","guid":{"rendered":"https:\/\/www.bergfreunde.de\/blog\/?p=117590"},"modified":"2025-04-23T11:13:40","modified_gmt":"2025-04-23T09:13:40","slug":"grat-raus-folge-40-mayan-smith-gobat","status":"publish","type":"post","link":"https:\/\/www.berg-freunde.ch\/blog\/grat-raus-folge-40-mayan-smith-gobat\/","title":{"rendered":"GRAT RAUS FOLGE 40: Klettern, um sich zu beweisen \u2013 Mayans kritischer Blick auf ihre Profi-Zeit"},"content":{"rendered":"\n<h2 class=\"wp-block-heading\" id=\"h-die-podcast-folge\"><strong>Die Podcast Folge <\/strong><\/h2>\n\n\n\n<blockquote class=\"wp-block-quote has-text-align-center is-layout-flow wp-block-quote-is-layout-flow\">\n<p class=\"has-text-align-center\"><em>Irgendwann habe ich gemerkt, dass ich klettern gehe, ohne es wirklich zu lieben.<\/em><\/p>\n<cite><em>Mayan Smith-Gobat<\/em><\/cite><\/blockquote>\n\n\n<div class=\"wp-block-image\">\n<figure class=\"alignright size-full is-resized\"><a href=\"https:\/\/www.bergfreunde.de\/blog\/wp-content\/uploads\/2024\/11\/thomas-senf-1.jpg\"><img fetchpriority=\"high\" decoding=\"async\" width=\"640\" height=\"640\" src=\"https:\/\/www.bergfreunde.de\/blog\/wp-content\/uploads\/2024\/11\/thomas-senf-1.jpg\" alt=\"\" class=\"wp-image-117578\" style=\"width:250px\" srcset=\"https:\/\/www.berg-freunde.ch\/blog\/wp-content\/uploads\/2024\/11\/thomas-senf-1.jpg 640w, https:\/\/www.berg-freunde.ch\/blog\/wp-content\/uploads\/2024\/11\/thomas-senf-1-300x300.jpg 300w, https:\/\/www.berg-freunde.ch\/blog\/wp-content\/uploads\/2024\/11\/thomas-senf-1-150x150.jpg 150w\" sizes=\"(max-width: 640px) 100vw, 640px\" \/><\/a><figcaption class=\"wp-element-caption\">Sinnbildlich: Mayans Klettererfolg hinterl\u00e4sst Spuren (Foto: Thomas Senf)<\/figcaption><\/figure>\n<\/div>\n\n\n<p>Mayan Smith-Gobat hat eine starke Karriere im Klettersport hinter sich. In den 2000ern macht sie sich in ihrer neuseel\u00e4ndischen Heimat einen Namen, bevor sie in den 2010er Jahren nach diversen weiblichen Erstbegehungen und Rekorden zu den besten Big-Wall-Kletterinnen weltweit geh\u00f6rt. Unter anderem ist sie nach Steph Davis die zweite Frau \u00fcberhaupt, die die 900 m hohe Salath\u00e9 Wall Route am El Capitan im Yosemite Tal durchsteigt. Ebenso stellt sie mit Libby Sauter den Geschwindigkeitsrekord der Frauen an der Nose des El Cap auf. 2016 und 2017 versucht sie sich an der Route \u201eRiders on the Storm\u201c in Patagonien, muss sich aber den Wetterbedingungen geschlagen geben. Mit Ines Papert findet sie aber eine Variante, welche Jahre sp\u00e4ter den ersten freien Durchstieg der Route durch Sean Villanueva und seinem Team erm\u00f6glicht hat. Diese Zeit ist zwar von Erfolgen gespickt, hinterl\u00e4sst bei Mayan aber auch Spuren und das Klettern bestimmt ihr Leben.<\/p>\n\n\n<div class=\"wp-block-image\">\n<figure class=\"alignleft size-large is-resized\"><a href=\"https:\/\/www.bergfreunde.de\/blog\/wp-content\/uploads\/2024\/11\/salathe-andy-bardon-1200x1500.jpeg\"><img decoding=\"async\" width=\"1200\" height=\"1500\" src=\"https:\/\/www.bergfreunde.de\/blog\/wp-content\/uploads\/2024\/11\/salathe-andy-bardon-1200x1500.jpeg\" alt=\"\" class=\"wp-image-117583\" style=\"width:250px\" srcset=\"https:\/\/www.berg-freunde.ch\/blog\/wp-content\/uploads\/2024\/11\/salathe-andy-bardon-1200x1500.jpeg 1200w, https:\/\/www.berg-freunde.ch\/blog\/wp-content\/uploads\/2024\/11\/salathe-andy-bardon-240x300.jpeg 240w, https:\/\/www.berg-freunde.ch\/blog\/wp-content\/uploads\/2024\/11\/salathe-andy-bardon-768x960.jpeg 768w, https:\/\/www.berg-freunde.ch\/blog\/wp-content\/uploads\/2024\/11\/salathe-andy-bardon-1229x1536.jpeg 1229w, https:\/\/www.berg-freunde.ch\/blog\/wp-content\/uploads\/2024\/11\/salathe-andy-bardon.jpeg 1420w\" sizes=\"(max-width: 1200px) 100vw, 1200px\" \/><\/a><figcaption class=\"wp-element-caption\">Mayan stellt sich der Salath\u00e9 Wall (Foto: Andy Bardon)<\/figcaption><\/figure>\n<\/div>\n\n\n<p>Im GRAT RAUS Podcast gibt Mayan pers\u00f6nliche Einblicke in die H\u00f6hen und Herausforderungen ihrer Karriere. Sie erz\u00e4hlt von den Momenten, die sie als Athletin am st\u00e4rksten gepr\u00e4gt haben, von den Zweifeln und Erfolgen, die ihren Weg begleitet haben, und davon, wie sie ihren inneren Antrieb im Lauf der Jahre immer wieder neu definiert hat. Mayan reflektiert dar\u00fcber, was das Klettern ihr auf pers\u00f6nlicher Ebene zur\u00fcckgegeben hat und ob sie den Sport als wahre Leidenschaft oder auch als Last empfunden hat. Au\u00dferdem spricht sie offen dar\u00fcber, welche Ratschl\u00e4ge sie ihrem j\u00fcngeren Ich geben w\u00fcrde und wie sie sich als Person durch das Klettern ver\u00e4ndert hat.<\/p>\n\n\n\n<p>Wie viel \u201eLeiden\u201c in \u201eLeidenschaft\u201c steckt und wie Mayans neue Rolle als Mutter ihren Blick auf das Leben weiter ver\u00e4ndert &#8211; all das erfahrt ihr in dieser neuen Folge! H\u00f6rt rein! Viel Spa\u00df!<\/p>\n\n\n\n<iframe style=\"border-radius:12px\" src=\"https:\/\/open.spotify.com\/embed\/episode\/0xtIEXuDYiSXBwHihwx1dc?utm_source=generator&#038;theme=0\" width=\"100%\" height=\"152\" frameBorder=\"0\" allowfullscreen=\"\" allow=\"autoplay; clipboard-write; encrypted-media; fullscreen; picture-in-picture\" loading=\"lazy\"><\/iframe>\n\n\n\n<p><\/p>\n\n\n\n<p><strong>GRAT RAUS gibt\u2019s bei <a href=\"https:\/\/open.spotify.com\/show\/10T7A6YVknGh3mEwQRCKZf\">Spotify<\/a>, <a href=\"https:\/\/podcasts.apple.com\/us\/podcast\/grat-raus-der-bergfreunde-outdoor-podcast\/id1598863985\">Apple Podcasts<\/a> und <a href=\"https:\/\/podcasts.google.com\/feed\/aHR0cHM6Ly9ncmF0LXJhdXMucG9kaWdlZS5pby9mZWVkL21wMw\">Google Podcasts<\/a>.<\/strong><\/p>\n\n\n\n<p><\/p>\n\n\n\n<h2 class=\"wp-block-heading\" id=\"h-weitere-podcast-folgen\"><strong>Weitere Podcast Folgen<\/strong><\/h2>\n\n\n\n<p>Alle weiteren Podcast-Folgen von GRAT RAUS findest Du <a href=\"https:\/\/www.berg-freunde.ch\/blog\/category\/bergfreunde\/podcast\/\">hier<\/a>.<\/p>\n\n\n\n<h2 class=\"wp-block-heading\" id=\"h-die-bergfreunde-playlist\">Die Bergfreunde Playlist<\/h2>\n\n\n\n<p>Alle G\u00e4ste bei GRAT RAUS werden nach ihrem Lieblings Outdoor-Soundtrack gefragt. Die bunte Bergfreunde Playlist mit allen Songs findest Du <a href=\"https:\/\/open.spotify.com\/playlist\/5MjBYXv1SWBCAyxRwNgdOp\">hier<\/a>.<\/p>\n\n\n\n<h2 class=\"wp-block-heading\" id=\"h-du-hast-fragen\">Du hast Fragen?<\/h2>\n\n\n\n<p><span style=\"font-weight: 400;\">Du hast Fragen, Anmerkungen oder Themen-W\u00fcnsche f\u00fcr den Podcast? Dann gerne her damit! Schreib uns eine Mail an: <\/span><a href=\"mailto:podcast@bergfreunde.de\"><span style=\"font-weight: 400;\">podcast@bergfreunde.de<\/span><\/a>.<\/p>\n\n\n\n\n\n<p><\/p>\n","protected":false},"excerpt":{"rendered":"<p>Die Podcast Folge Irgendwann habe ich gemerkt, dass ich klettern gehe, ohne es wirklich zu lieben. Mayan Smith-Gobat Mayan Smith-Gobat hat eine starke Karriere im Klettersport hinter sich. In den 2000ern macht sie sich in ihrer neuseel\u00e4ndischen Heimat einen Namen, bevor sie in den 2010er Jahren nach diversen weiblichen Erstbegehungen und Rekorden zu den besten [&hellip;]<\/p>\n","protected":false},"author":112,"featured_media":117577,"comment_status":"open","ping_status":"closed","sticky":false,"template":"","format":"standard","meta":{"_acf_changed":false,"footnotes":""},"categories":[286],"tags":[273],"post_folder":[],"class_list":["post-117590","post","type-post","status-publish","format-standard","has-post-thumbnail","hentry","category-podcast","tag-klettern-bouldern"],"acf":[],"yoast_head":"<!-- This site is optimized with the Yoast SEO Premium plugin v27.4 (Yoast SEO v27.4) - https:\/\/yoast.com\/product\/yoast-seo-premium-wordpress\/ -->\n<title>GRAT RAUS Folge 40: Klettern, um sich zu beweisen Bergfreunde<\/title>\n<meta name=\"description\" content=\"Im Outdoor-Podcast GRAT RAUS wirft die ehemalige Profi-Big-Wall-Kletterin Mayan Smith-Gobat einen kritischen Blick zur\u00fcck auf ihre Karriere.\" \/>\n<meta name=\"robots\" content=\"index, follow, max-snippet:-1, max-image-preview:large, max-video-preview:-1\" \/>\n<link rel=\"canonical\" href=\"https:\/\/www.berg-freunde.ch\/blog\/grat-raus-folge-40-mayan-smith-gobat\/\" \/>\n<meta property=\"og:locale\" content=\"de_DE\" \/>\n<meta property=\"og:type\" content=\"article\" \/>\n<meta property=\"og:title\" content=\"GRAT RAUS FOLGE 40: Klettern, um sich zu beweisen \u2013 Mayans kritischer Blick auf ihre Profi-Zeit\" \/>\n<meta property=\"og:description\" content=\"Im Outdoor-Podcast GRAT RAUS wirft die ehemalige Profi-Big-Wall-Kletterin Mayan Smith-Gobat einen kritischen Blick zur\u00fcck auf ihre Karriere.\" \/>\n<meta property=\"og:url\" content=\"https:\/\/www.berg-freunde.ch\/blog\/grat-raus-folge-40-mayan-smith-gobat\/\" \/>\n<meta property=\"og:site_name\" content=\"Bergfreunde\" \/>\n<meta property=\"article:publisher\" content=\"https:\/\/www.facebook.com\/bergfreunde\" \/>\n<meta property=\"article:published_time\" content=\"2024-11-08T08:23:44+00:00\" \/>\n<meta property=\"article:modified_time\" content=\"2025-04-23T09:13:40+00:00\" \/>\n<meta property=\"og:image\" content=\"https:\/\/www.berg-freunde.ch\/blog\/wp-content\/uploads\/2024\/11\/Mayan_Smith-Gobat_1_Blog_1440x590px.jpg\" \/>\n\t<meta property=\"og:image:width\" content=\"1440\" \/>\n\t<meta property=\"og:image:height\" content=\"590\" \/>\n\t<meta property=\"og:image:type\" content=\"image\/jpeg\" \/>\n<meta name=\"author\" content=\"Erik\" \/>\n<meta name=\"twitter:card\" content=\"summary_large_image\" \/>\n<meta name=\"twitter:label1\" content=\"Geschrieben von\" \/>\n\t<meta name=\"twitter:data1\" content=\"Erik\" \/>\n\t<meta name=\"twitter:label2\" content=\"Gesch\u00e4tzte Lesezeit\" \/>\n\t<meta name=\"twitter:data2\" content=\"2\u00a0Minuten\" \/>\n<script type=\"application\/ld+json\" class=\"yoast-schema-graph\">{\"@context\":\"https:\\\/\\\/schema.org\",\"@graph\":[{\"@type\":[\"Article\",\"BlogPosting\"],\"@id\":\"https:\\\/\\\/www.berg-freunde.ch\\\/blog\\\/grat-raus-folge-40-mayan-smith-gobat\\\/#article\",\"isPartOf\":{\"@id\":\"https:\\\/\\\/www.berg-freunde.ch\\\/blog\\\/grat-raus-folge-40-mayan-smith-gobat\\\/\"},\"author\":{\"name\":\"Erik\",\"@id\":\"https:\\\/\\\/www.berg-freunde.ch\\\/blog\\\/#\\\/schema\\\/person\\\/7d401297ffc689b8ef89af801f214341\"},\"headline\":\"GRAT RAUS FOLGE 40: Klettern, um sich zu beweisen \u2013 Mayans kritischer Blick auf ihre Profi-Zeit\",\"datePublished\":\"2024-11-08T08:23:44+00:00\",\"dateModified\":\"2025-04-23T09:13:40+00:00\",\"mainEntityOfPage\":{\"@id\":\"https:\\\/\\\/www.berg-freunde.ch\\\/blog\\\/grat-raus-folge-40-mayan-smith-gobat\\\/\"},\"wordCount\":428,\"commentCount\":0,\"publisher\":{\"@id\":\"https:\\\/\\\/www.berg-freunde.ch\\\/blog\\\/#organization\"},\"image\":{\"@id\":\"https:\\\/\\\/www.berg-freunde.ch\\\/blog\\\/grat-raus-folge-40-mayan-smith-gobat\\\/#primaryimage\"},\"thumbnailUrl\":\"https:\\\/\\\/www.berg-freunde.ch\\\/blog\\\/wp-content\\\/uploads\\\/2024\\\/11\\\/Mayan_Smith-Gobat_1_Blog_1440x590px.jpg\",\"keywords\":[\"Klettern &amp; Bouldern\"],\"articleSection\":[\"Podcast\"],\"inLanguage\":\"de-CH\",\"potentialAction\":[{\"@type\":\"CommentAction\",\"name\":\"Comment\",\"target\":[\"https:\\\/\\\/www.berg-freunde.ch\\\/blog\\\/grat-raus-folge-40-mayan-smith-gobat\\\/#respond\"]}]},{\"@type\":\"WebPage\",\"@id\":\"https:\\\/\\\/www.berg-freunde.ch\\\/blog\\\/grat-raus-folge-40-mayan-smith-gobat\\\/\",\"url\":\"https:\\\/\\\/www.berg-freunde.ch\\\/blog\\\/grat-raus-folge-40-mayan-smith-gobat\\\/\",\"name\":\"GRAT RAUS Folge 40: Klettern, um sich zu beweisen Bergfreunde\",\"isPartOf\":{\"@id\":\"https:\\\/\\\/www.berg-freunde.ch\\\/blog\\\/#website\"},\"primaryImageOfPage\":{\"@id\":\"https:\\\/\\\/www.berg-freunde.ch\\\/blog\\\/grat-raus-folge-40-mayan-smith-gobat\\\/#primaryimage\"},\"image\":{\"@id\":\"https:\\\/\\\/www.berg-freunde.ch\\\/blog\\\/grat-raus-folge-40-mayan-smith-gobat\\\/#primaryimage\"},\"thumbnailUrl\":\"https:\\\/\\\/www.berg-freunde.ch\\\/blog\\\/wp-content\\\/uploads\\\/2024\\\/11\\\/Mayan_Smith-Gobat_1_Blog_1440x590px.jpg\",\"datePublished\":\"2024-11-08T08:23:44+00:00\",\"dateModified\":\"2025-04-23T09:13:40+00:00\",\"description\":\"Im Outdoor-Podcast GRAT RAUS wirft die ehemalige Profi-Big-Wall-Kletterin Mayan Smith-Gobat einen kritischen Blick zur\u00fcck auf ihre Karriere.\",\"breadcrumb\":{\"@id\":\"https:\\\/\\\/www.berg-freunde.ch\\\/blog\\\/grat-raus-folge-40-mayan-smith-gobat\\\/#breadcrumb\"},\"inLanguage\":\"de-CH\",\"potentialAction\":[{\"@type\":\"ReadAction\",\"target\":[\"https:\\\/\\\/www.berg-freunde.ch\\\/blog\\\/grat-raus-folge-40-mayan-smith-gobat\\\/\"]}]},{\"@type\":\"ImageObject\",\"inLanguage\":\"de-CH\",\"@id\":\"https:\\\/\\\/www.berg-freunde.ch\\\/blog\\\/grat-raus-folge-40-mayan-smith-gobat\\\/#primaryimage\",\"url\":\"https:\\\/\\\/www.berg-freunde.ch\\\/blog\\\/wp-content\\\/uploads\\\/2024\\\/11\\\/Mayan_Smith-Gobat_1_Blog_1440x590px.jpg\",\"contentUrl\":\"https:\\\/\\\/www.berg-freunde.ch\\\/blog\\\/wp-content\\\/uploads\\\/2024\\\/11\\\/Mayan_Smith-Gobat_1_Blog_1440x590px.jpg\",\"width\":1440,\"height\":590},{\"@type\":\"BreadcrumbList\",\"@id\":\"https:\\\/\\\/www.berg-freunde.ch\\\/blog\\\/grat-raus-folge-40-mayan-smith-gobat\\\/#breadcrumb\",\"itemListElement\":[{\"@type\":\"ListItem\",\"position\":1,\"name\":\"Blog\",\"item\":\"https:\\\/\\\/www.berg-freunde.ch\\\/blog\\\/\"},{\"@type\":\"ListItem\",\"position\":2,\"name\":\"Bergfreunde\",\"item\":\"https:\\\/\\\/www.berg-freunde.ch\\\/blog\\\/category\\\/bergfreunde\\\/\"},{\"@type\":\"ListItem\",\"position\":3,\"name\":\"Podcast\",\"item\":\"https:\\\/\\\/www.berg-freunde.ch\\\/blog\\\/category\\\/bergfreunde\\\/podcast\\\/\"},{\"@type\":\"ListItem\",\"position\":4,\"name\":\"GRAT RAUS FOLGE 40: Klettern, um sich zu beweisen \u2013 Mayans kritischer Blick auf ihre Profi-Zeit\"}]},{\"@type\":\"WebSite\",\"@id\":\"https:\\\/\\\/www.berg-freunde.ch\\\/blog\\\/#website\",\"url\":\"https:\\\/\\\/www.berg-freunde.ch\\\/blog\\\/\",\"name\":\"Bergfreunde\",\"description\":\"Blog\",\"publisher\":{\"@id\":\"https:\\\/\\\/www.berg-freunde.ch\\\/blog\\\/#organization\"},\"potentialAction\":[{\"@type\":\"SearchAction\",\"target\":{\"@type\":\"EntryPoint\",\"urlTemplate\":\"https:\\\/\\\/www.berg-freunde.ch\\\/blog\\\/?s={search_term_string}\"},\"query-input\":{\"@type\":\"PropertyValueSpecification\",\"valueRequired\":true,\"valueName\":\"search_term_string\"}}],\"inLanguage\":\"de-CH\"},{\"@type\":\"Organization\",\"@id\":\"https:\\\/\\\/www.berg-freunde.ch\\\/blog\\\/#organization\",\"name\":\"Bergfreunde\",\"url\":\"https:\\\/\\\/www.berg-freunde.ch\\\/blog\\\/\",\"logo\":{\"@type\":\"ImageObject\",\"inLanguage\":\"de-CH\",\"@id\":\"https:\\\/\\\/www.berg-freunde.ch\\\/blog\\\/#\\\/schema\\\/logo\\\/image\\\/\",\"url\":\"https:\\\/\\\/www.berg-freunde.ch\\\/blog\\\/wp-content\\\/uploads\\\/2023\\\/12\\\/Bergfreunde_DE_rgb.svg\",\"contentUrl\":\"https:\\\/\\\/www.berg-freunde.ch\\\/blog\\\/wp-content\\\/uploads\\\/2023\\\/12\\\/Bergfreunde_DE_rgb.svg\",\"caption\":\"Bergfreunde\"},\"image\":{\"@id\":\"https:\\\/\\\/www.berg-freunde.ch\\\/blog\\\/#\\\/schema\\\/logo\\\/image\\\/\"},\"sameAs\":[\"https:\\\/\\\/www.facebook.com\\\/bergfreunde\",\"https:\\\/\\\/www.instagram.com\\\/bergfreundede\\\/\"]},{\"@type\":\"Person\",\"@id\":\"https:\\\/\\\/www.berg-freunde.ch\\\/blog\\\/#\\\/schema\\\/person\\\/7d401297ffc689b8ef89af801f214341\",\"name\":\"Erik\",\"url\":\"https:\\\/\\\/www.berg-freunde.ch\\\/blog\\\/about\\\/erik\\\/\"}]}<\/script>\n<!-- \/ Yoast SEO Premium plugin. -->","yoast_head_json":{"title":"GRAT RAUS Folge 40: Klettern, um sich zu beweisen Bergfreunde","description":"Im Outdoor-Podcast GRAT RAUS wirft die ehemalige Profi-Big-Wall-Kletterin Mayan Smith-Gobat einen kritischen Blick zur\u00fcck auf ihre Karriere.","robots":{"index":"index","follow":"follow","max-snippet":"max-snippet:-1","max-image-preview":"max-image-preview:large","max-video-preview":"max-video-preview:-1"},"canonical":"https:\/\/www.berg-freunde.ch\/blog\/grat-raus-folge-40-mayan-smith-gobat\/","og_locale":"de_DE","og_type":"article","og_title":"GRAT RAUS FOLGE 40: Klettern, um sich zu beweisen \u2013 Mayans kritischer Blick auf ihre Profi-Zeit","og_description":"Im Outdoor-Podcast GRAT RAUS wirft die ehemalige Profi-Big-Wall-Kletterin Mayan Smith-Gobat einen kritischen Blick zur\u00fcck auf ihre Karriere.","og_url":"https:\/\/www.berg-freunde.ch\/blog\/grat-raus-folge-40-mayan-smith-gobat\/","og_site_name":"Bergfreunde","article_publisher":"https:\/\/www.facebook.com\/bergfreunde","article_published_time":"2024-11-08T08:23:44+00:00","article_modified_time":"2025-04-23T09:13:40+00:00","og_image":[{"width":1440,"height":590,"url":"https:\/\/www.berg-freunde.ch\/blog\/wp-content\/uploads\/2024\/11\/Mayan_Smith-Gobat_1_Blog_1440x590px.jpg","type":"image\/jpeg"}],"author":"Erik","twitter_card":"summary_large_image","twitter_misc":{"Geschrieben von":"Erik","Gesch\u00e4tzte Lesezeit":"2\u00a0Minuten"},"schema":{"@context":"https:\/\/schema.org","@graph":[{"@type":["Article","BlogPosting"],"@id":"https:\/\/www.berg-freunde.ch\/blog\/grat-raus-folge-40-mayan-smith-gobat\/#article","isPartOf":{"@id":"https:\/\/www.berg-freunde.ch\/blog\/grat-raus-folge-40-mayan-smith-gobat\/"},"author":{"name":"Erik","@id":"https:\/\/www.berg-freunde.ch\/blog\/#\/schema\/person\/7d401297ffc689b8ef89af801f214341"},"headline":"GRAT RAUS FOLGE 40: Klettern, um sich zu beweisen \u2013 Mayans kritischer Blick auf ihre Profi-Zeit","datePublished":"2024-11-08T08:23:44+00:00","dateModified":"2025-04-23T09:13:40+00:00","mainEntityOfPage":{"@id":"https:\/\/www.berg-freunde.ch\/blog\/grat-raus-folge-40-mayan-smith-gobat\/"},"wordCount":428,"commentCount":0,"publisher":{"@id":"https:\/\/www.berg-freunde.ch\/blog\/#organization"},"image":{"@id":"https:\/\/www.berg-freunde.ch\/blog\/grat-raus-folge-40-mayan-smith-gobat\/#primaryimage"},"thumbnailUrl":"https:\/\/www.berg-freunde.ch\/blog\/wp-content\/uploads\/2024\/11\/Mayan_Smith-Gobat_1_Blog_1440x590px.jpg","keywords":["Klettern &amp; Bouldern"],"articleSection":["Podcast"],"inLanguage":"de-CH","potentialAction":[{"@type":"CommentAction","name":"Comment","target":["https:\/\/www.berg-freunde.ch\/blog\/grat-raus-folge-40-mayan-smith-gobat\/#respond"]}]},{"@type":"WebPage","@id":"https:\/\/www.berg-freunde.ch\/blog\/grat-raus-folge-40-mayan-smith-gobat\/","url":"https:\/\/www.berg-freunde.ch\/blog\/grat-raus-folge-40-mayan-smith-gobat\/","name":"GRAT RAUS Folge 40: Klettern, um sich zu beweisen Bergfreunde","isPartOf":{"@id":"https:\/\/www.berg-freunde.ch\/blog\/#website"},"primaryImageOfPage":{"@id":"https:\/\/www.berg-freunde.ch\/blog\/grat-raus-folge-40-mayan-smith-gobat\/#primaryimage"},"image":{"@id":"https:\/\/www.berg-freunde.ch\/blog\/grat-raus-folge-40-mayan-smith-gobat\/#primaryimage"},"thumbnailUrl":"https:\/\/www.berg-freunde.ch\/blog\/wp-content\/uploads\/2024\/11\/Mayan_Smith-Gobat_1_Blog_1440x590px.jpg","datePublished":"2024-11-08T08:23:44+00:00","dateModified":"2025-04-23T09:13:40+00:00","description":"Im Outdoor-Podcast GRAT RAUS wirft die ehemalige Profi-Big-Wall-Kletterin Mayan Smith-Gobat einen kritischen Blick zur\u00fcck auf ihre Karriere.","breadcrumb":{"@id":"https:\/\/www.berg-freunde.ch\/blog\/grat-raus-folge-40-mayan-smith-gobat\/#breadcrumb"},"inLanguage":"de-CH","potentialAction":[{"@type":"ReadAction","target":["https:\/\/www.berg-freunde.ch\/blog\/grat-raus-folge-40-mayan-smith-gobat\/"]}]},{"@type":"ImageObject","inLanguage":"de-CH","@id":"https:\/\/www.berg-freunde.ch\/blog\/grat-raus-folge-40-mayan-smith-gobat\/#primaryimage","url":"https:\/\/www.berg-freunde.ch\/blog\/wp-content\/uploads\/2024\/11\/Mayan_Smith-Gobat_1_Blog_1440x590px.jpg","contentUrl":"https:\/\/www.berg-freunde.ch\/blog\/wp-content\/uploads\/2024\/11\/Mayan_Smith-Gobat_1_Blog_1440x590px.jpg","width":1440,"height":590},{"@type":"BreadcrumbList","@id":"https:\/\/www.berg-freunde.ch\/blog\/grat-raus-folge-40-mayan-smith-gobat\/#breadcrumb","itemListElement":[{"@type":"ListItem","position":1,"name":"Blog","item":"https:\/\/www.berg-freunde.ch\/blog\/"},{"@type":"ListItem","position":2,"name":"Bergfreunde","item":"https:\/\/www.berg-freunde.ch\/blog\/category\/bergfreunde\/"},{"@type":"ListItem","position":3,"name":"Podcast","item":"https:\/\/www.berg-freunde.ch\/blog\/category\/bergfreunde\/podcast\/"},{"@type":"ListItem","position":4,"name":"GRAT RAUS FOLGE 40: Klettern, um sich zu beweisen \u2013 Mayans kritischer Blick auf ihre Profi-Zeit"}]},{"@type":"WebSite","@id":"https:\/\/www.berg-freunde.ch\/blog\/#website","url":"https:\/\/www.berg-freunde.ch\/blog\/","name":"Bergfreunde","description":"Blog","publisher":{"@id":"https:\/\/www.berg-freunde.ch\/blog\/#organization"},"potentialAction":[{"@type":"SearchAction","target":{"@type":"EntryPoint","urlTemplate":"https:\/\/www.berg-freunde.ch\/blog\/?s={search_term_string}"},"query-input":{"@type":"PropertyValueSpecification","valueRequired":true,"valueName":"search_term_string"}}],"inLanguage":"de-CH"},{"@type":"Organization","@id":"https:\/\/www.berg-freunde.ch\/blog\/#organization","name":"Bergfreunde","url":"https:\/\/www.berg-freunde.ch\/blog\/","logo":{"@type":"ImageObject","inLanguage":"de-CH","@id":"https:\/\/www.berg-freunde.ch\/blog\/#\/schema\/logo\/image\/","url":"https:\/\/www.berg-freunde.ch\/blog\/wp-content\/uploads\/2023\/12\/Bergfreunde_DE_rgb.svg","contentUrl":"https:\/\/www.berg-freunde.ch\/blog\/wp-content\/uploads\/2023\/12\/Bergfreunde_DE_rgb.svg","caption":"Bergfreunde"},"image":{"@id":"https:\/\/www.berg-freunde.ch\/blog\/#\/schema\/logo\/image\/"},"sameAs":["https:\/\/www.facebook.com\/bergfreunde","https:\/\/www.instagram.com\/bergfreundede\/"]},{"@type":"Person","@id":"https:\/\/www.berg-freunde.ch\/blog\/#\/schema\/person\/7d401297ffc689b8ef89af801f214341","name":"Erik","url":"https:\/\/www.berg-freunde.ch\/blog\/about\/erik\/"}]}},"_links":{"self":[{"href":"https:\/\/www.berg-freunde.ch\/blog\/wp-json\/wp\/v2\/posts\/117590","targetHints":{"allow":["GET"]}}],"collection":[{"href":"https:\/\/www.berg-freunde.ch\/blog\/wp-json\/wp\/v2\/posts"}],"about":[{"href":"https:\/\/www.berg-freunde.ch\/blog\/wp-json\/wp\/v2\/types\/post"}],"author":[{"embeddable":true,"href":"https:\/\/www.berg-freunde.ch\/blog\/wp-json\/wp\/v2\/users\/112"}],"replies":[{"embeddable":true,"href":"https:\/\/www.berg-freunde.ch\/blog\/wp-json\/wp\/v2\/comments?post=117590"}],"version-history":[{"count":2,"href":"https:\/\/www.berg-freunde.ch\/blog\/wp-json\/wp\/v2\/posts\/117590\/revisions"}],"predecessor-version":[{"id":117595,"href":"https:\/\/www.berg-freunde.ch\/blog\/wp-json\/wp\/v2\/posts\/117590\/revisions\/117595"}],"wp:featuredmedia":[{"embeddable":true,"href":"https:\/\/www.berg-freunde.ch\/blog\/wp-json\/wp\/v2\/media\/117577"}],"wp:attachment":[{"href":"https:\/\/www.berg-freunde.ch\/blog\/wp-json\/wp\/v2\/media?parent=117590"}],"wp:term":[{"taxonomy":"category","embeddable":true,"href":"https:\/\/www.berg-freunde.ch\/blog\/wp-json\/wp\/v2\/categories?post=117590"},{"taxonomy":"post_tag","embeddable":true,"href":"https:\/\/www.berg-freunde.ch\/blog\/wp-json\/wp\/v2\/tags?post=117590"},{"taxonomy":"post_folder","embeddable":true,"href":"https:\/\/www.berg-freunde.ch\/blog\/wp-json\/wp\/v2\/post_folder?post=117590"}],"curies":[{"name":"wp","href":"https:\/\/api.w.org\/{rel}","templated":true}]}}