{"id":121197,"date":"2025-03-14T11:33:36","date_gmt":"2025-03-14T10:33:36","guid":{"rendered":"https:\/\/www.bergfreunde.de\/blog\/?p=121197"},"modified":"2025-04-23T10:47:27","modified_gmt":"2025-04-23T08:47:27","slug":"frauen-bei-der-freeride-world-tour-by-peak-performance","status":"publish","type":"post","link":"https:\/\/www.berg-freunde.ch\/blog\/frauen-bei-der-freeride-world-tour-by-peak-performance\/","title":{"rendered":"Frauen bei der Freeride World Tour by Peak Performance"},"content":{"rendered":"\n<p>Die Freeride World Tour (FWT) kennen wohl alle Wintersportbegeisterten, denen der Sinn nach dem gewissen Plus an Action im Schnee steht. Und heute -p\u00fcnktlich zum Weltfrauentag, Gl\u00fcckw\u00fcnsche an alle Bergfreundinnen da drau\u00dfen!- wollen wir das Spotlight dabei mal exklusiv auf die Frauen im Extremski- und Snowboard-Sport richten.<\/p>\n\n\n\n<p>Dazu haben wir auch zwei Interviews gef\u00fchrt, einmal mit der Ski-Athletin und FWT-Starterin Lena \u201eLenx\u201c Kohler, die aktuell auf Rang 6 der FWT- Bestenliste liegt; und mit der Freerideski-begeisterten Sport-Influencerin Judith Mayer.<\/p>\n\n\n\n<h2 class=\"wp-block-heading\" id=\"h-die-fwt\">Die FWT<\/h2>\n\n\n\n<p>Zun\u00e4chst aber noch ein paar Infos zur <strong>Freeride World Tour<\/strong> als solcher: ausgerichtet werden die Spektakel von der Freeride World Tour SA mit Sitz in Verbier in der Schweiz. <strong>Seit 1996<\/strong> veranstaltet das Unternehmen Bergsport-Events, anfangs in der Form der Xtreme Verbier-Wettk\u00e4mpfe. Seit 2008 werden die FWT-Turniere als Weltmeisterschaftsserie von Freeride Ski- und Snowboardwettbewerben mit weltweiten Austragungsorten ausgerichtet. Mittlerweile werden die Events <strong>in einem vierstufigen Aufbau organisiert<\/strong>: in der \u201eBasis\u201c-Version, der <strong>FWT Junior<\/strong>, k\u00f6nnen Nachwuchsathleten unter 18 Jahren ihr K\u00f6nnen zeigen und sich mit anderen jungen Talenten messen. Die <strong>FWT Qualifier-Reihe<\/strong> richtet sich an Sportler\/innen, die in zahlreichen, ebenfalls weltweit abgehaltenen Wettk\u00e4mpfen Punkte sammeln k\u00f6nnen, um sich schlussendlich f\u00fcr die Elite-Veranstaltung zu qualifizieren. Vorgeschaltet ist dann nur noch die <strong>FWT Challenger-Reihe<\/strong>, in der die Besten der Qualifier-Contests gegen die letztplatzierten der eigentlichen FWT antreten, um sich gegen sie dann die Teilnahme an der <strong>Top-Tier-FWT<\/strong> zu erk\u00e4mpfen.<\/p>\n\n\n\n<h2 class=\"wp-block-heading\" id=\"h-frauen-und-gender-equality-bei-der-fwt\">Frauen und Gender Equality bei der FWT<\/h2>\n\n\n\n<p><strong>Frauen waren von Beginn an ein Teil <\/strong>der FWT-Geschichte, denn bereits bei der ersten Xtreme Verbier waren sie am Start. Allerdings bleibt es nicht bei der blo\u00dfen Teilnahme, denn die Veranstalter stellen sich nach wie vor den Fragen und Herausforderungen der Geschlechtergleichheit. Ein wichtiger Schritt wurde dabei 2020 unternommen, und an diesem k\u00f6nnen sich beinahe ALLE Sportligen, Veranstalter und Ausrichter dieser Welt ein Beispiel nehmen: <strong>die Preisgelder f\u00fcr weibliche und m\u00e4nnliche Athleten bei der FWT sind n\u00e4mlich gleich!<\/strong> <\/p>\n\n\n\n<p>Das hat echten Leuchtturm-Wert f\u00fcr die gesamte Sportwelt. Und im Jahr 2022 wurde eine <strong>Gender Equality Commission<\/strong> eingesetzt, die sich aus Repr\u00e4sentanten der FWT und der International Freeskiers &amp; Snowboarders Association (IFSA), Athleten (Profis und Aspiranten), Kampfrichtern und Ausrichtern von subsidi\u00e4ren Wettbewerben zusammensetzt. Das Komitee versammelt sich <strong>dreimal j\u00e4hrlich<\/strong> und ber\u00e4t \u00fcber Fragen weiterer Verbesserungen der Geschlechtergleichheit und \u00fcber L\u00f6sungen f\u00fcr bestehende Probleme und Ungleichheiten. Au\u00dferdem werden, ebenfalls seit 2022, in allen FWT-Destinationen <strong>Freeride-Workshops speziell f\u00fcr Frauen<\/strong> angeboten, um mehr interessierte Frauen abzuholen und weiter f\u00fcr den Sport zu begeistern. Und schlie\u00dflich gibt es auf der Homepage eine anonyme Meldestelle f\u00fcr Gender-basierte Diskriminierung oder Ungerechtigkeit. Vorbildlich!<\/p>\n\n\n<div class=\"wp-block-image\">\n<figure class=\"aligncenter size-full\"><a href=\"https:\/\/www.bergfreunde.de\/blog\/wp-content\/uploads\/2025\/03\/FreeridenWorldtour_Blick-in-die-Zuschauerraenge_bearbeitet.jpg\"><img fetchpriority=\"high\" decoding=\"async\" width=\"1920\" height=\"1280\" src=\"https:\/\/www.bergfreunde.de\/blog\/wp-content\/uploads\/2025\/03\/FreeridenWorldtour_Blick-in-die-Zuschauerraenge_bearbeitet.jpg\" alt=\"Blick in den Zielbereich\" class=\"wp-image-121201\" srcset=\"https:\/\/www.berg-freunde.ch\/blog\/wp-content\/uploads\/2025\/03\/FreeridenWorldtour_Blick-in-die-Zuschauerraenge_bearbeitet.jpg 1920w, https:\/\/www.berg-freunde.ch\/blog\/wp-content\/uploads\/2025\/03\/FreeridenWorldtour_Blick-in-die-Zuschauerraenge_bearbeitet-300x200.jpg 300w, https:\/\/www.berg-freunde.ch\/blog\/wp-content\/uploads\/2025\/03\/FreeridenWorldtour_Blick-in-die-Zuschauerraenge_bearbeitet-1500x1000.jpg 1500w, https:\/\/www.berg-freunde.ch\/blog\/wp-content\/uploads\/2025\/03\/FreeridenWorldtour_Blick-in-die-Zuschauerraenge_bearbeitet-768x512.jpg 768w, https:\/\/www.berg-freunde.ch\/blog\/wp-content\/uploads\/2025\/03\/FreeridenWorldtour_Blick-in-die-Zuschauerraenge_bearbeitet-1536x1024.jpg 1536w\" sizes=\"(max-width: 1920px) 100vw, 1920px\" \/><\/a><figcaption class=\"wp-element-caption\">Blick in den Zielbereich (Credits Sebastian Astl)<\/figcaption><\/figure>\n<\/div>\n\n\n<h2 class=\"wp-block-heading\" id=\"h-peak-performance-als-titelsponsor-der-freeride-world-tour\">Peak Performance als Titelsponsor der Freeride World Tour<\/h2>\n\n\n\n<p>Die schwedischen <strong>Backcountry- und Freeride-Ski-Experten von <a href=\"\/marken\/peak-performance\/\">Peak Performance<\/a> <\/strong>sind als Titelsponsor der FWT mit an Bord, und dieses Match ist wirklich absolut folgerichtig! Denn die Marke wurde bereits Mitte der 1980er von zwei Skiverr\u00fcckten gegr\u00fcndet, und zwar dem Motto folgend \u201e<strong>Echte Bekleidung f\u00fcr echte Skifahrer<\/strong>\u201c. Dieser Losung ist die Marke bis heute treu geblieben, wodurch sie von Anfang an pr\u00e4destiniert war, die Elite des Freeride-Wintersports auszustatten und zu f\u00f6rdern.<\/p>\n\n\n\n<p>Die Marke hat es sich zur Aufgabe gemacht, den Freeride Spirit in der Welt zu verbreiten. Daf\u00fcr arbeitet Peak Performance unter anderem <strong>mit FWT-Athlet:innen wie Lena Kohler und Sportinfluencer:innen wie Judith Mayer zusammen<\/strong>. Erfahre in den folgenden zwei Interviews, welchen Blick diese beiden Frauen auf das Freeriden, ihre Karrieren, Vorbilder und vieles mehr mitbringen. Los geht\u2019s!<\/p>\n\n\n\n<h2 class=\"wp-block-heading\" id=\"h-interview-lena-kohler\">Interview Lena Kohler<\/h2>\n\n\n\n<p><a href=\"https:\/\/www.freerideworldtour.com\/riders\/lena-kohler\/?season=2025\">Lena Kohler<\/a> hat sich mit ihrer <strong>Qualifikation f\u00fcr die Freeride World Tour 2025<\/strong> einen gro\u00dfen Traum erf\u00fcllt. Die Tirolerin begeistert mit ihrem <strong>kraftvollen Fahrstil<\/strong>, sicher gelandeten gro\u00dfen Cliffs und einer <strong>starken Technik<\/strong>. Doch f\u00fcr sie steht nicht nur die Leistung im Fokus \u2013 vor allem liebt sie die Freude am Skifahren und den Nervenkitzel, ihre eigenen Grenzen zu \u00fcberwinden. Ihr<strong> Lieblingsspot ist die Nordkette<\/strong>, wo sie von Park bis Powder alles findet, was ihr Herz h\u00f6herschlagen l\u00e4sst. Lena liebt es, sich Schritt f\u00fcr Schritt zu verbessern und neue Herausforderungen anzunehmen\u2026<\/p>\n\n\n<div class=\"wp-block-image\">\n<figure class=\"aligncenter size-full\"><a href=\"https:\/\/www.bergfreunde.de\/blog\/wp-content\/uploads\/2025\/03\/WorldtourFreeriden_Lena-Kohler_bearbeitet.jpg\"><img decoding=\"async\" width=\"2000\" height=\"2035\" src=\"https:\/\/www.bergfreunde.de\/blog\/wp-content\/uploads\/2025\/03\/WorldtourFreeriden_Lena-Kohler_bearbeitet.jpg\" alt=\"Portr\u00e4t von Lena Kohler\" class=\"wp-image-121210\" srcset=\"https:\/\/www.berg-freunde.ch\/blog\/wp-content\/uploads\/2025\/03\/WorldtourFreeriden_Lena-Kohler_bearbeitet.jpg 2000w, https:\/\/www.berg-freunde.ch\/blog\/wp-content\/uploads\/2025\/03\/WorldtourFreeriden_Lena-Kohler_bearbeitet-295x300.jpg 295w, https:\/\/www.berg-freunde.ch\/blog\/wp-content\/uploads\/2025\/03\/WorldtourFreeriden_Lena-Kohler_bearbeitet-1474x1500.jpg 1474w, https:\/\/www.berg-freunde.ch\/blog\/wp-content\/uploads\/2025\/03\/WorldtourFreeriden_Lena-Kohler_bearbeitet-768x781.jpg 768w, https:\/\/www.berg-freunde.ch\/blog\/wp-content\/uploads\/2025\/03\/WorldtourFreeriden_Lena-Kohler_bearbeitet-1510x1536.jpg 1510w\" sizes=\"(max-width: 2000px) 100vw, 2000px\" \/><\/a><figcaption class=\"wp-element-caption\">Lena Kohler hat sich 2025 f\u00fcr Freeride World Tour qualifiziert<\/figcaption><\/figure>\n<\/div>\n\n\n<p><strong>Bergfreunde:<\/strong> Wie hast du dich f\u00fcr die Freeride World Tour qualifiziert? Lena: Um sich f\u00fcr die Freeride World Tour (FWT) zu qualifizieren, muss man bei Freeride Qualifier (FWQ)-Events Punkte sammeln. Die besten Fahrer steigen in die Challenger-Serie auf, wo sie um einen FWT-Platz k\u00e4mpfen. Wer dort top abschneidet, f\u00e4hrt in der n\u00e4chsten Saison in der FWT. Alternativ gibt es seltene Wildcards f\u00fcr herausragende Talente. Bei mir liefen die Competitions sehr gut, ich habe beispielsweise die ersten beiden Stopps der Challenger gewonnen, was mir viele T\u00fcren ge\u00f6ffnet hat.<\/p>\n\n\n\n<p><strong>Bergfreunde:<\/strong> Was bedeutet dir die Teilnahme an der FWT?<\/p>\n\n\n\n<p><strong>Lena:<\/strong> Das ist das absolute Highlight meiner bisherigen Karriere. Die Teilnahme ist ein gro\u00dfes Ziel gewesen, welches ich nun erreicht habe, und jetzt hei\u00dft es genie\u00dfen.<\/p>\n\n\n\n<p><strong>Bergfreunde:<\/strong> Welchen Impact hat die Freeride World Tour auf dein Privatleben und deine Karriere?<\/p>\n\n\n\n<p><strong>Lena:<\/strong> Durch die FWT hat man automatisch eine gewisse Aufmerksamkeit, die man davor nicht hatte. Ich m\u00f6chte mir selbst treu bleiben, egal was passiert. Au\u00dferdem w\u00fcrde ich den Impact und die Reichweite gerne nutzen, um viele Junge Skifahrer*innen zu inspirieren, rauszugehen und Spa\u00df am Berg zu haben.<\/p>\n\n\n\n<h3 class=\"wp-block-heading\" id=\"h-tipps-fur-frauen-und-ziele-fur-die-zukunft\">Tipps f\u00fcr Frauen und Ziele f\u00fcr die Zukunft<\/h3>\n\n\n\n<p><strong>Bergfreunde: <\/strong>Welche Tipps hast du f\u00fcr andere Frauen, die an der Freeride World Tour teilnehmen m\u00f6chten?<\/p>\n\n\n\n<p><strong>Lena:<\/strong> Meine gr\u00f6\u00dfte St\u00e4rke ist, dass ich unglaublich Spa\u00df am Skifahren habe und den Drang hab immer Neues zu lernen. Auch wenn man in gewissen Momenten ein Angsthase ist, muss man doch \u00c4ngste \u00fcberwinden, um weiterzukommen. Das Wichtigste ist und bleibt der Spa\u00df daran, sich weiterzuentwickeln \u2013 einfach das Skifahren genie\u00dfen, dann bleibt man sich treu und kommt am weitesten.<\/p>\n\n\n\n<p><strong>Bergfreunde:<\/strong> Hast du noch Ziele in der Zukunft?<\/p>\n\n\n\n<p><strong>Lena:<\/strong> Ich setze mir immer kleine Zwischenziele, um mich Schritt f\u00fcr Schritt zu verbessern. Im Moment ist mein n\u00e4chstes Ziel, in den kommenden Competitions der FWT mein bestes Skifahren zu zeigen. Dar\u00fcber hinaus m\u00f6chte ich in viele verschiedene L\u00e4nder reisen, um dort Ski zu fahren, und dementsprechend auch verschiedene Berge erkunden. Chile steht ganz oben auf meiner Liste, und Alaska ist nat\u00fcrlich ein absoluter Traum.<\/p>\n\n\n\n<p>Neben dem Skifahren h\u00e4lt Lena sich mit <strong>Fitness, Tennis und Mountainbiken fit.<\/strong> Abseits des Sports studiert sie <strong>Umwelt- und Bauingenieurwesen<\/strong> an der Universit\u00e4t Innsbruck. Trotz der Herausforderungen des Wettkampfsports bleibt sie bodenst\u00e4ndig \u2013 ihre Familie und ihr Freund sind ihr wichtigster R\u00fcckhalt. Gro\u00dfe Verletzungen blieben ihr bisher erspart, <strong>kleinere Blessuren geh\u00f6ren aber zum Alltag<\/strong>. Und falls sie nicht auf Skiern stehen w\u00fcrde? Dar\u00fcber hat Lena ehrlich gesagt noch nie nachgedacht \u2013 f\u00fcr sie gibt es nichts Besseres als den Sport in den Bergen.<\/p>\n\n\n\n<h2 class=\"wp-block-heading\" id=\"h-interview-judith-mayer\">Interview Judith Mayer<\/h2>\n\n\n\n<p><a href=\"https:\/\/www.instagram.com\/judyaries\/\">Judith ist als Sportinfluencerin<\/a> sicher vielen Outdoor-Begeisterten ein Begriff, und wir haben die Gelegenheit genutzt, sie zu ihrem Werdegang und ihrer Erfahrung mit Freeride-Ski zu interviewen.<\/p>\n\n\n<div class=\"wp-block-image\">\n<figure class=\"aligncenter size-full\"><a href=\"https:\/\/www.bergfreunde.de\/blog\/wp-content\/uploads\/2025\/03\/WorldtourFreeriden_Judith-Mayer_bearbeitet.jpg\"><img decoding=\"async\" width=\"1092\" height=\"1150\" src=\"https:\/\/www.bergfreunde.de\/blog\/wp-content\/uploads\/2025\/03\/WorldtourFreeriden_Judith-Mayer_bearbeitet.jpg\" alt=\"Portr\u00e4t von Judith\" class=\"wp-image-121218\" srcset=\"https:\/\/www.berg-freunde.ch\/blog\/wp-content\/uploads\/2025\/03\/WorldtourFreeriden_Judith-Mayer_bearbeitet.jpg 1092w, https:\/\/www.berg-freunde.ch\/blog\/wp-content\/uploads\/2025\/03\/WorldtourFreeriden_Judith-Mayer_bearbeitet-285x300.jpg 285w, https:\/\/www.berg-freunde.ch\/blog\/wp-content\/uploads\/2025\/03\/WorldtourFreeriden_Judith-Mayer_bearbeitet-768x809.jpg 768w\" sizes=\"(max-width: 1092px) 100vw, 1092px\" \/><\/a><figcaption class=\"wp-element-caption\">Judy liebt Skifahren und lebt diese Leidenschaft im Raum Salzburg aus<\/figcaption><\/figure>\n<\/div>\n\n\n<p><strong>Bergfreunde:<\/strong> Wer bist du?<\/p>\n\n\n\n<p><strong>Judith:<\/strong> Hey, ich bin Judy! Ich liebe das Skifahren und die Natur, Herausforderungen und Weiterentwicklung \u2013 sei es auf der Piste, im Gel\u00e4nde oder dar\u00fcber hinaus.<\/p>\n\n\n\n<p><strong>Bergfreunde:<\/strong> Woher kommst du?<\/p>\n\n\n\n<p><strong>Judith:<\/strong> Ich komme aus einem kleinen Ort in Nieder\u00f6sterreich, lebe aber seit fast drei Jahren im Raum Salzburg. Hier kann ich meine Leidenschaft f\u00fcr den Wintersport voll ausleben.<\/p>\n\n\n\n<p><strong>Bergfreunde:<\/strong> Wie bist du zum Skifahren\/Freeriden gekommen?<\/p>\n\n\n\n<p><strong>Judith:<\/strong> Meine ersten Schw\u00fcnge habe ich als Kind zwischen den Skiern meines Vaters gemacht \u2013 damals noch auf unserem kleinen Hausberg in Nieder\u00f6sterreich. Skifahren war f\u00fcr mich lange nur durch die Schule m\u00f6glich, sp\u00e4ter sind wir einmal im Jahr f\u00fcr ein paar Tage gefahren. Erst seit ich in den Bergen lebe, nutze ich jede Gelegenheit mit meiner Saisonkarte, um auf den Skiern zu stehen.<\/p>\n\n\n\n<h3 class=\"wp-block-heading\" id=\"h-judy-s-rolle-in-der-freeride-community-und-ihre-nachsten-ziele\">Judy\u00b4s Rolle in der Freeride-Community und ihre n\u00e4chsten Ziele<\/h3>\n\n\n\n<p><strong>Bergfreunde:<\/strong> Wie hat sich die Freeride-Community ver\u00e4ndert und wie siehst du deine Rolle darin?<\/p>\n\n\n\n<p><strong>Judith:<\/strong> Freeriden wird immer beliebter, viele reisen inzwischen sogar nach Japan f\u00fcr den besten Powder. Ich selbst hatte vor zwei Jahren einen Unfall im Gel\u00e4nde und gehe das Ganze jetzt viel bewusster an. Nach drei Knie-OPs ist mir Sicherheit extrem wichtig. Ich m\u00f6chte das Bewusstsein daf\u00fcr st\u00e4rken: Nie allein fahren und nie ohne LVS-Ausr\u00fcstung losziehen! Ein LVS-Kurs hat mir erneut gezeigt, wie essenziell dieses Wissen ist \u2013 das sollte jeder Freerider machen!<\/p>\n\n\n\n<p><strong>Bergfreunde:<\/strong> Was sind deine n\u00e4chsten Ziele?<\/p>\n\n\n\n<p><strong>Judith:<\/strong> Ich m\u00f6chte mich technisch verbessern, mehr Sicherheit im Freeriden vermitteln und neue Gebiete erkunden. Au\u00dferdem reizt es mich, mich weiterzuentwickeln und neue, spannende Projekte zu starten &#8211; das gilt nicht nur f\u00fcr das Skifahren. Auch heuer werde ich mir wieder mehr Zeit f\u00fcr das Biken nehmen und coole Touren starten.<\/p>\n\n\n\n<p><strong>Bergfreunde: <\/strong>Wie unterst\u00fctzt dich Peak Performance dabei, deine Ziele zu erreichen?<\/p>\n\n\n\n<p><strong>Judith: <\/strong>Peak Performance stellt mir die beste Ausr\u00fcstung f\u00fcr meine Abenteuer zur Verf\u00fcgung \u2013 funktional, langlebig und perfekt f\u00fcr anspruchsvolle Bedingungen. Besonders sch\u00e4tze ich den wertsch\u00e4tzenden Umgang und den Support, den ich dort erfahre. Durch Peak Performance konnte ich bereits gro\u00dfartige Erlebnisse mit inspirierenden Creator*innen teilen und mich weiterentwickeln<\/p>\n","protected":false},"excerpt":{"rendered":"<p>Die Freeride World Tour (FWT) kennen wohl alle Wintersportbegeisterten, denen der Sinn nach dem gewissen Plus an Action im Schnee steht. Und heute -p\u00fcnktlich zum Weltfrauentag, Gl\u00fcckw\u00fcnsche an alle Bergfreundinnen da drau\u00dfen!- wollen wir das Spotlight dabei mal exklusiv auf die Frauen im Extremski- und Snowboard-Sport richten. Dazu haben wir auch zwei Interviews gef\u00fchrt, einmal [&hellip;]<\/p>\n","protected":false},"author":25,"featured_media":121194,"comment_status":"open","ping_status":"closed","sticky":false,"template":"","format":"standard","meta":{"_acf_changed":false,"footnotes":""},"categories":[297],"tags":[278],"post_folder":[],"class_list":["post-121197","post","type-post","status-publish","format-standard","has-post-thumbnail","hentry","category-menschen-meinungen","tag-wintersport"],"acf":[],"yoast_head":"<!-- This site is optimized with the Yoast SEO Premium plugin v27.4 (Yoast SEO v27.4) - https:\/\/yoast.com\/product\/yoast-seo-premium-wordpress\/ -->\n<title>Frauen bei der Freeride World Tour by Peak Performance | Bergfreunde<\/title>\n<meta name=\"description\" content=\"Was ist die Freeride World Tour? \u27a4 Wie unterst\u00fctzt Peak Performance die FWT? \u27a4 Welche Rolle spielen Lena Kohler und Judith Mayer dabei?\" \/>\n<meta name=\"robots\" content=\"index, follow, max-snippet:-1, max-image-preview:large, max-video-preview:-1\" \/>\n<link rel=\"canonical\" href=\"https:\/\/www.berg-freunde.ch\/blog\/frauen-bei-der-freeride-world-tour-by-peak-performance\/\" \/>\n<meta property=\"og:locale\" content=\"de_DE\" \/>\n<meta property=\"og:type\" content=\"article\" \/>\n<meta property=\"og:title\" content=\"Frauen bei der Freeride World Tour by Peak Performance\" \/>\n<meta property=\"og:description\" content=\"Was ist die Freeride World Tour? \u27a4 Wie unterst\u00fctzt Peak Performance die FWT? \u27a4 Welche Rolle spielen Lena Kohler und Judith Mayer dabei?\" \/>\n<meta property=\"og:url\" content=\"https:\/\/www.berg-freunde.ch\/blog\/frauen-bei-der-freeride-world-tour-by-peak-performance\/\" \/>\n<meta property=\"og:site_name\" content=\"Bergfreunde\" \/>\n<meta property=\"article:publisher\" content=\"https:\/\/www.facebook.com\/bergfreunde\" \/>\n<meta property=\"article:published_time\" content=\"2025-03-14T10:33:36+00:00\" \/>\n<meta property=\"article:modified_time\" content=\"2025-04-23T08:47:27+00:00\" \/>\n<meta property=\"og:image\" content=\"https:\/\/www.berg-freunde.ch\/blog\/wp-content\/uploads\/2025\/03\/14032025_FreeridenWorldtour_Titel_bearbeitet.jpg\" \/>\n\t<meta property=\"og:image:width\" content=\"2048\" \/>\n\t<meta property=\"og:image:height\" content=\"839\" \/>\n\t<meta property=\"og:image:type\" content=\"image\/jpeg\" \/>\n<meta name=\"author\" content=\"Gastautorin\" \/>\n<meta name=\"twitter:card\" content=\"summary_large_image\" \/>\n<meta name=\"twitter:label1\" content=\"Geschrieben von\" \/>\n\t<meta name=\"twitter:data1\" content=\"Gastautorin\" \/>\n\t<meta name=\"twitter:label2\" content=\"Gesch\u00e4tzte Lesezeit\" \/>\n\t<meta name=\"twitter:data2\" content=\"8\u00a0Minuten\" \/>\n<script type=\"application\/ld+json\" class=\"yoast-schema-graph\">{\"@context\":\"https:\\\/\\\/schema.org\",\"@graph\":[{\"@type\":[\"Article\",\"BlogPosting\"],\"@id\":\"https:\\\/\\\/www.berg-freunde.ch\\\/blog\\\/frauen-bei-der-freeride-world-tour-by-peak-performance\\\/#article\",\"isPartOf\":{\"@id\":\"https:\\\/\\\/www.berg-freunde.ch\\\/blog\\\/frauen-bei-der-freeride-world-tour-by-peak-performance\\\/\"},\"author\":{\"name\":\"Gastautorin\",\"@id\":\"https:\\\/\\\/www.berg-freunde.ch\\\/blog\\\/#\\\/schema\\\/person\\\/b2501727decd6d6c101a99837dfde824\"},\"headline\":\"Frauen bei der Freeride World Tour by Peak Performance\",\"datePublished\":\"2025-03-14T10:33:36+00:00\",\"dateModified\":\"2025-04-23T08:47:27+00:00\",\"mainEntityOfPage\":{\"@id\":\"https:\\\/\\\/www.berg-freunde.ch\\\/blog\\\/frauen-bei-der-freeride-world-tour-by-peak-performance\\\/\"},\"wordCount\":1584,\"commentCount\":0,\"publisher\":{\"@id\":\"https:\\\/\\\/www.berg-freunde.ch\\\/blog\\\/#organization\"},\"image\":{\"@id\":\"https:\\\/\\\/www.berg-freunde.ch\\\/blog\\\/frauen-bei-der-freeride-world-tour-by-peak-performance\\\/#primaryimage\"},\"thumbnailUrl\":\"https:\\\/\\\/www.berg-freunde.ch\\\/blog\\\/wp-content\\\/uploads\\\/2025\\\/03\\\/14032025_FreeridenWorldtour_Titel_bearbeitet.jpg\",\"keywords\":[\"Wintersport\"],\"articleSection\":[\"Menschen &amp; Meinungen\"],\"inLanguage\":\"de-CH\",\"potentialAction\":[{\"@type\":\"CommentAction\",\"name\":\"Comment\",\"target\":[\"https:\\\/\\\/www.berg-freunde.ch\\\/blog\\\/frauen-bei-der-freeride-world-tour-by-peak-performance\\\/#respond\"]}]},{\"@type\":\"WebPage\",\"@id\":\"https:\\\/\\\/www.berg-freunde.ch\\\/blog\\\/frauen-bei-der-freeride-world-tour-by-peak-performance\\\/\",\"url\":\"https:\\\/\\\/www.berg-freunde.ch\\\/blog\\\/frauen-bei-der-freeride-world-tour-by-peak-performance\\\/\",\"name\":\"Frauen bei der Freeride World Tour by Peak Performance | Bergfreunde\",\"isPartOf\":{\"@id\":\"https:\\\/\\\/www.berg-freunde.ch\\\/blog\\\/#website\"},\"primaryImageOfPage\":{\"@id\":\"https:\\\/\\\/www.berg-freunde.ch\\\/blog\\\/frauen-bei-der-freeride-world-tour-by-peak-performance\\\/#primaryimage\"},\"image\":{\"@id\":\"https:\\\/\\\/www.berg-freunde.ch\\\/blog\\\/frauen-bei-der-freeride-world-tour-by-peak-performance\\\/#primaryimage\"},\"thumbnailUrl\":\"https:\\\/\\\/www.berg-freunde.ch\\\/blog\\\/wp-content\\\/uploads\\\/2025\\\/03\\\/14032025_FreeridenWorldtour_Titel_bearbeitet.jpg\",\"datePublished\":\"2025-03-14T10:33:36+00:00\",\"dateModified\":\"2025-04-23T08:47:27+00:00\",\"description\":\"Was ist die Freeride World Tour? \u27a4 Wie unterst\u00fctzt Peak Performance die FWT? \u27a4 Welche Rolle spielen Lena Kohler und Judith Mayer dabei?\",\"breadcrumb\":{\"@id\":\"https:\\\/\\\/www.berg-freunde.ch\\\/blog\\\/frauen-bei-der-freeride-world-tour-by-peak-performance\\\/#breadcrumb\"},\"inLanguage\":\"de-CH\",\"potentialAction\":[{\"@type\":\"ReadAction\",\"target\":[\"https:\\\/\\\/www.berg-freunde.ch\\\/blog\\\/frauen-bei-der-freeride-world-tour-by-peak-performance\\\/\"]}]},{\"@type\":\"ImageObject\",\"inLanguage\":\"de-CH\",\"@id\":\"https:\\\/\\\/www.berg-freunde.ch\\\/blog\\\/frauen-bei-der-freeride-world-tour-by-peak-performance\\\/#primaryimage\",\"url\":\"https:\\\/\\\/www.berg-freunde.ch\\\/blog\\\/wp-content\\\/uploads\\\/2025\\\/03\\\/14032025_FreeridenWorldtour_Titel_bearbeitet.jpg\",\"contentUrl\":\"https:\\\/\\\/www.berg-freunde.ch\\\/blog\\\/wp-content\\\/uploads\\\/2025\\\/03\\\/14032025_FreeridenWorldtour_Titel_bearbeitet.jpg\",\"width\":2048,\"height\":839,\"caption\":\"Credits\"},{\"@type\":\"BreadcrumbList\",\"@id\":\"https:\\\/\\\/www.berg-freunde.ch\\\/blog\\\/frauen-bei-der-freeride-world-tour-by-peak-performance\\\/#breadcrumb\",\"itemListElement\":[{\"@type\":\"ListItem\",\"position\":1,\"name\":\"Blog\",\"item\":\"https:\\\/\\\/www.berg-freunde.ch\\\/blog\\\/\"},{\"@type\":\"ListItem\",\"position\":2,\"name\":\"Bergfreunde\",\"item\":\"https:\\\/\\\/www.berg-freunde.ch\\\/blog\\\/category\\\/bergfreunde\\\/\"},{\"@type\":\"ListItem\",\"position\":3,\"name\":\"Menschen &amp; Meinungen\",\"item\":\"https:\\\/\\\/www.berg-freunde.ch\\\/blog\\\/category\\\/bergfreunde\\\/menschen-meinungen\\\/\"},{\"@type\":\"ListItem\",\"position\":4,\"name\":\"Frauen bei der Freeride World Tour by Peak Performance\"}]},{\"@type\":\"WebSite\",\"@id\":\"https:\\\/\\\/www.berg-freunde.ch\\\/blog\\\/#website\",\"url\":\"https:\\\/\\\/www.berg-freunde.ch\\\/blog\\\/\",\"name\":\"Bergfreunde\",\"description\":\"Blog\",\"publisher\":{\"@id\":\"https:\\\/\\\/www.berg-freunde.ch\\\/blog\\\/#organization\"},\"potentialAction\":[{\"@type\":\"SearchAction\",\"target\":{\"@type\":\"EntryPoint\",\"urlTemplate\":\"https:\\\/\\\/www.berg-freunde.ch\\\/blog\\\/?s={search_term_string}\"},\"query-input\":{\"@type\":\"PropertyValueSpecification\",\"valueRequired\":true,\"valueName\":\"search_term_string\"}}],\"inLanguage\":\"de-CH\"},{\"@type\":\"Organization\",\"@id\":\"https:\\\/\\\/www.berg-freunde.ch\\\/blog\\\/#organization\",\"name\":\"Bergfreunde\",\"url\":\"https:\\\/\\\/www.berg-freunde.ch\\\/blog\\\/\",\"logo\":{\"@type\":\"ImageObject\",\"inLanguage\":\"de-CH\",\"@id\":\"https:\\\/\\\/www.berg-freunde.ch\\\/blog\\\/#\\\/schema\\\/logo\\\/image\\\/\",\"url\":\"https:\\\/\\\/www.berg-freunde.ch\\\/blog\\\/wp-content\\\/uploads\\\/2023\\\/12\\\/Bergfreunde_DE_rgb.svg\",\"contentUrl\":\"https:\\\/\\\/www.berg-freunde.ch\\\/blog\\\/wp-content\\\/uploads\\\/2023\\\/12\\\/Bergfreunde_DE_rgb.svg\",\"caption\":\"Bergfreunde\"},\"image\":{\"@id\":\"https:\\\/\\\/www.berg-freunde.ch\\\/blog\\\/#\\\/schema\\\/logo\\\/image\\\/\"},\"sameAs\":[\"https:\\\/\\\/www.facebook.com\\\/bergfreunde\",\"https:\\\/\\\/www.instagram.com\\\/bergfreundede\\\/\"]},{\"@type\":\"Person\",\"@id\":\"https:\\\/\\\/www.berg-freunde.ch\\\/blog\\\/#\\\/schema\\\/person\\\/b2501727decd6d6c101a99837dfde824\",\"name\":\"Gastautorin\",\"url\":\"https:\\\/\\\/www.berg-freunde.ch\\\/blog\\\/about\\\/gastautorin\\\/\"}]}<\/script>\n<!-- \/ Yoast SEO Premium plugin. -->","yoast_head_json":{"title":"Frauen bei der Freeride World Tour by Peak Performance | Bergfreunde","description":"Was ist die Freeride World Tour? \u27a4 Wie unterst\u00fctzt Peak Performance die FWT? \u27a4 Welche Rolle spielen Lena Kohler und Judith Mayer dabei?","robots":{"index":"index","follow":"follow","max-snippet":"max-snippet:-1","max-image-preview":"max-image-preview:large","max-video-preview":"max-video-preview:-1"},"canonical":"https:\/\/www.berg-freunde.ch\/blog\/frauen-bei-der-freeride-world-tour-by-peak-performance\/","og_locale":"de_DE","og_type":"article","og_title":"Frauen bei der Freeride World Tour by Peak Performance","og_description":"Was ist die Freeride World Tour? \u27a4 Wie unterst\u00fctzt Peak Performance die FWT? \u27a4 Welche Rolle spielen Lena Kohler und Judith Mayer dabei?","og_url":"https:\/\/www.berg-freunde.ch\/blog\/frauen-bei-der-freeride-world-tour-by-peak-performance\/","og_site_name":"Bergfreunde","article_publisher":"https:\/\/www.facebook.com\/bergfreunde","article_published_time":"2025-03-14T10:33:36+00:00","article_modified_time":"2025-04-23T08:47:27+00:00","og_image":[{"width":2048,"height":839,"url":"https:\/\/www.berg-freunde.ch\/blog\/wp-content\/uploads\/2025\/03\/14032025_FreeridenWorldtour_Titel_bearbeitet.jpg","type":"image\/jpeg"}],"author":"Gastautorin","twitter_card":"summary_large_image","twitter_misc":{"Geschrieben von":"Gastautorin","Gesch\u00e4tzte Lesezeit":"8\u00a0Minuten"},"schema":{"@context":"https:\/\/schema.org","@graph":[{"@type":["Article","BlogPosting"],"@id":"https:\/\/www.berg-freunde.ch\/blog\/frauen-bei-der-freeride-world-tour-by-peak-performance\/#article","isPartOf":{"@id":"https:\/\/www.berg-freunde.ch\/blog\/frauen-bei-der-freeride-world-tour-by-peak-performance\/"},"author":{"name":"Gastautorin","@id":"https:\/\/www.berg-freunde.ch\/blog\/#\/schema\/person\/b2501727decd6d6c101a99837dfde824"},"headline":"Frauen bei der Freeride World Tour by Peak Performance","datePublished":"2025-03-14T10:33:36+00:00","dateModified":"2025-04-23T08:47:27+00:00","mainEntityOfPage":{"@id":"https:\/\/www.berg-freunde.ch\/blog\/frauen-bei-der-freeride-world-tour-by-peak-performance\/"},"wordCount":1584,"commentCount":0,"publisher":{"@id":"https:\/\/www.berg-freunde.ch\/blog\/#organization"},"image":{"@id":"https:\/\/www.berg-freunde.ch\/blog\/frauen-bei-der-freeride-world-tour-by-peak-performance\/#primaryimage"},"thumbnailUrl":"https:\/\/www.berg-freunde.ch\/blog\/wp-content\/uploads\/2025\/03\/14032025_FreeridenWorldtour_Titel_bearbeitet.jpg","keywords":["Wintersport"],"articleSection":["Menschen &amp; Meinungen"],"inLanguage":"de-CH","potentialAction":[{"@type":"CommentAction","name":"Comment","target":["https:\/\/www.berg-freunde.ch\/blog\/frauen-bei-der-freeride-world-tour-by-peak-performance\/#respond"]}]},{"@type":"WebPage","@id":"https:\/\/www.berg-freunde.ch\/blog\/frauen-bei-der-freeride-world-tour-by-peak-performance\/","url":"https:\/\/www.berg-freunde.ch\/blog\/frauen-bei-der-freeride-world-tour-by-peak-performance\/","name":"Frauen bei der Freeride World Tour by Peak Performance | Bergfreunde","isPartOf":{"@id":"https:\/\/www.berg-freunde.ch\/blog\/#website"},"primaryImageOfPage":{"@id":"https:\/\/www.berg-freunde.ch\/blog\/frauen-bei-der-freeride-world-tour-by-peak-performance\/#primaryimage"},"image":{"@id":"https:\/\/www.berg-freunde.ch\/blog\/frauen-bei-der-freeride-world-tour-by-peak-performance\/#primaryimage"},"thumbnailUrl":"https:\/\/www.berg-freunde.ch\/blog\/wp-content\/uploads\/2025\/03\/14032025_FreeridenWorldtour_Titel_bearbeitet.jpg","datePublished":"2025-03-14T10:33:36+00:00","dateModified":"2025-04-23T08:47:27+00:00","description":"Was ist die Freeride World Tour? \u27a4 Wie unterst\u00fctzt Peak Performance die FWT? \u27a4 Welche Rolle spielen Lena Kohler und Judith Mayer dabei?","breadcrumb":{"@id":"https:\/\/www.berg-freunde.ch\/blog\/frauen-bei-der-freeride-world-tour-by-peak-performance\/#breadcrumb"},"inLanguage":"de-CH","potentialAction":[{"@type":"ReadAction","target":["https:\/\/www.berg-freunde.ch\/blog\/frauen-bei-der-freeride-world-tour-by-peak-performance\/"]}]},{"@type":"ImageObject","inLanguage":"de-CH","@id":"https:\/\/www.berg-freunde.ch\/blog\/frauen-bei-der-freeride-world-tour-by-peak-performance\/#primaryimage","url":"https:\/\/www.berg-freunde.ch\/blog\/wp-content\/uploads\/2025\/03\/14032025_FreeridenWorldtour_Titel_bearbeitet.jpg","contentUrl":"https:\/\/www.berg-freunde.ch\/blog\/wp-content\/uploads\/2025\/03\/14032025_FreeridenWorldtour_Titel_bearbeitet.jpg","width":2048,"height":839,"caption":"Credits"},{"@type":"BreadcrumbList","@id":"https:\/\/www.berg-freunde.ch\/blog\/frauen-bei-der-freeride-world-tour-by-peak-performance\/#breadcrumb","itemListElement":[{"@type":"ListItem","position":1,"name":"Blog","item":"https:\/\/www.berg-freunde.ch\/blog\/"},{"@type":"ListItem","position":2,"name":"Bergfreunde","item":"https:\/\/www.berg-freunde.ch\/blog\/category\/bergfreunde\/"},{"@type":"ListItem","position":3,"name":"Menschen &amp; Meinungen","item":"https:\/\/www.berg-freunde.ch\/blog\/category\/bergfreunde\/menschen-meinungen\/"},{"@type":"ListItem","position":4,"name":"Frauen bei der Freeride World Tour by Peak Performance"}]},{"@type":"WebSite","@id":"https:\/\/www.berg-freunde.ch\/blog\/#website","url":"https:\/\/www.berg-freunde.ch\/blog\/","name":"Bergfreunde","description":"Blog","publisher":{"@id":"https:\/\/www.berg-freunde.ch\/blog\/#organization"},"potentialAction":[{"@type":"SearchAction","target":{"@type":"EntryPoint","urlTemplate":"https:\/\/www.berg-freunde.ch\/blog\/?s={search_term_string}"},"query-input":{"@type":"PropertyValueSpecification","valueRequired":true,"valueName":"search_term_string"}}],"inLanguage":"de-CH"},{"@type":"Organization","@id":"https:\/\/www.berg-freunde.ch\/blog\/#organization","name":"Bergfreunde","url":"https:\/\/www.berg-freunde.ch\/blog\/","logo":{"@type":"ImageObject","inLanguage":"de-CH","@id":"https:\/\/www.berg-freunde.ch\/blog\/#\/schema\/logo\/image\/","url":"https:\/\/www.berg-freunde.ch\/blog\/wp-content\/uploads\/2023\/12\/Bergfreunde_DE_rgb.svg","contentUrl":"https:\/\/www.berg-freunde.ch\/blog\/wp-content\/uploads\/2023\/12\/Bergfreunde_DE_rgb.svg","caption":"Bergfreunde"},"image":{"@id":"https:\/\/www.berg-freunde.ch\/blog\/#\/schema\/logo\/image\/"},"sameAs":["https:\/\/www.facebook.com\/bergfreunde","https:\/\/www.instagram.com\/bergfreundede\/"]},{"@type":"Person","@id":"https:\/\/www.berg-freunde.ch\/blog\/#\/schema\/person\/b2501727decd6d6c101a99837dfde824","name":"Gastautorin","url":"https:\/\/www.berg-freunde.ch\/blog\/about\/gastautorin\/"}]}},"_links":{"self":[{"href":"https:\/\/www.berg-freunde.ch\/blog\/wp-json\/wp\/v2\/posts\/121197","targetHints":{"allow":["GET"]}}],"collection":[{"href":"https:\/\/www.berg-freunde.ch\/blog\/wp-json\/wp\/v2\/posts"}],"about":[{"href":"https:\/\/www.berg-freunde.ch\/blog\/wp-json\/wp\/v2\/types\/post"}],"author":[{"embeddable":true,"href":"https:\/\/www.berg-freunde.ch\/blog\/wp-json\/wp\/v2\/users\/25"}],"replies":[{"embeddable":true,"href":"https:\/\/www.berg-freunde.ch\/blog\/wp-json\/wp\/v2\/comments?post=121197"}],"version-history":[{"count":4,"href":"https:\/\/www.berg-freunde.ch\/blog\/wp-json\/wp\/v2\/posts\/121197\/revisions"}],"predecessor-version":[{"id":121269,"href":"https:\/\/www.berg-freunde.ch\/blog\/wp-json\/wp\/v2\/posts\/121197\/revisions\/121269"}],"wp:featuredmedia":[{"embeddable":true,"href":"https:\/\/www.berg-freunde.ch\/blog\/wp-json\/wp\/v2\/media\/121194"}],"wp:attachment":[{"href":"https:\/\/www.berg-freunde.ch\/blog\/wp-json\/wp\/v2\/media?parent=121197"}],"wp:term":[{"taxonomy":"category","embeddable":true,"href":"https:\/\/www.berg-freunde.ch\/blog\/wp-json\/wp\/v2\/categories?post=121197"},{"taxonomy":"post_tag","embeddable":true,"href":"https:\/\/www.berg-freunde.ch\/blog\/wp-json\/wp\/v2\/tags?post=121197"},{"taxonomy":"post_folder","embeddable":true,"href":"https:\/\/www.berg-freunde.ch\/blog\/wp-json\/wp\/v2\/post_folder?post=121197"}],"curies":[{"name":"wp","href":"https:\/\/api.w.org\/{rel}","templated":true}]}}