{"id":128089,"date":"2025-11-17T15:30:40","date_gmt":"2025-11-17T14:30:40","guid":{"rendered":"https:\/\/www.bergfreunde.de\/blog\/?p=128089"},"modified":"2025-12-16T07:21:14","modified_gmt":"2025-12-16T06:21:14","slug":"grosser-zacken-taunus","status":"publish","type":"post","link":"https:\/\/www.berg-freunde.ch\/blog\/grosser-zacken-taunus\/","title":{"rendered":"Der Gro\u00dfe Zacken \u2013 die sch\u00f6nste Wanderung im Taunus"},"content":{"rendered":"\n<p>Der gro\u00dfe Zacken liegt im Taunus, rund 25 Kilometer nordwestlich von Frankfurt am Main. Wer Lust auf eine <strong>abwechslungsreiche und kurzweilige Tageswanderung<\/strong> hat, ist hier genau richtig. Unsere Wanderung f\u00fchrt uns von der Bushaltestelle am Wanderparkplatz \u201eRotes Kreuz\u201c auf dem Zacken-Beilstein-Steig zun\u00e4chst zum Gro\u00dfen und Kleinen Zacken, dann \u00fcber den Beilstein zum Gro\u00dfen Feldberg und weiter nach Oberursel.<\/p>\n\n\n\n<h2 class=\"wp-block-heading\" id=\"h-der-zacken-beilstein-steig-alle-tourdaten-im-uberblick\">Der <strong>Zacken-Beilstein-Steig: alle Tourdaten im \u00dcberblick<\/strong><\/h2>\n\n\n\n<ul class=\"wp-block-list\">\n<li><strong>Ort:<\/strong> K\u00f6nigstein (Taunus)<\/li>\n\n\n\n<li><strong>Ausgangspunkt:<\/strong> Wanderparkplatz und Bushaltestelle \u201eRotes Kreuz\u201c (Glash\u00fctten). Alternativ <a href=\"https:\/\/www.thetrainline.com\/de\/bahnhoefe\/konigstein-taunus\">Bahnhof K\u00f6nigstein im Taunus<\/a><\/li>\n\n\n\n<li><strong>Route:<\/strong> Rotes Kreuz \u2013 Gro\u00dfer Zacken \u2013 Kleiner Zacken &#8211; Beilstein \u2013 Gro\u00dfer Feldberg &#8211; Oberursel<\/li>\n\n\n\n<li><strong>Ziel:<\/strong> Oberursel U-Bahn-Station \u201eHohemark\u201c<\/li>\n\n\n\n<li><strong>Anreise:<\/strong> Mit \u00f6ffentlichen Verkehrsmitteln kein Problem. Fahrzeit von Frankfurt am Main Hauptbahnhof ca. 1 Stunde, Verbindungen mindestens st\u00fcndlich<\/li>\n\n\n\n<li><strong>H\u00f6henmeter im Aufstieg: <\/strong>ca. 430 hm<\/li>\n\n\n\n<li><strong>H\u00f6henmeter im Abstieg: <\/strong>ca. 820 hm<\/li>\n\n\n\n<li><strong>Wegstrecke: <\/strong>ca. 14 km<\/li>\n\n\n\n<li><strong><a href=\"https:\/\/www.berg-freunde.ch\/gehzeit-rechner\/\">Gehzeit<\/a> laut Planung:<\/strong> ca. 4 Stunden<\/li>\n\n\n\n<li><strong>Einkehrm\u00f6glichkeit unterwegs<\/strong>: in Niederreifenberg; <a href=\"https:\/\/feldberghaus.com\/\">Restaurant auf dem Gro\u00dfen Feldberg<\/a><\/li>\n\n\n\n<li><strong>Geeignet f\u00fcr:<\/strong> Familien mit wanderfreudigen (Schul-)Kindern inklusive Hund<\/li>\n\n\n\n<li><strong>Ausr\u00fcstung:<\/strong> feste Schuhe, Sonnenschutz, Kamera, Verpflegung<\/li>\n<\/ul>\n\n\n\n<iframe width=\"425\" height=\"350\" src=\"https:\/\/www.openstreetmap.org\/export\/embed.html?bbox=8.42930316925049%2C50.22155218583634%2C8.443722724914553%2C50.22963791789675&amp;layer=mapnik\" style=\"border: 1px solid black\"><\/iframe><br\/><small><a href=\"https:\/\/www.openstreetmap.org\/?#map=16\/50.22560\/8.43651\">Gr\u00f6\u00dfere Karte anzeigen<\/a><\/small>\n\n\n\n<h2 class=\"wp-block-heading\" id=\"h-uber-den-grossen-zacken-zum-feldberg-start-der-wanderung\">\u00dcber den Gro\u00dfen Zacken zum Feldberg: Start der Wanderung<\/h2>\n\n\n\n<p>Der Tag beginnt fr\u00fch. Um <strong>halb sechs<\/strong> stehe ich auf. Normalerweise mache ich das nur f\u00fcr Hochtouren in den Alpen. Aber heute wartet eine ganz andere Bergtour: <strong>Wandern im Taunus<\/strong>, genauer gesagt zum <strong>Gro\u00dfen Zacken<\/strong>, weiter \u00fcber den <strong>Beilstein<\/strong> und den <strong>Gro\u00dfen Feldberg<\/strong> bis nach Oberursel. F\u00fcr mich als Schwarzw\u00e4lderin ist das eigentlich die falsche Richtung \u2013 aber egal, die Vorfreude ist gro\u00df. Am <strong>Gro\u00dfen Zacken im Taunus<\/strong> war ich n\u00e4mlich noch nie.<\/p>\n\n\n\n<h3 class=\"wp-block-heading\" id=\"h-anreise-nach-konigstein-im-taunus\">Anreise nach K\u00f6nigstein im Taunus<\/h3>\n\n\n\n<p>Die Anfahrt ist unkompliziert. <strong><a href=\"https:\/\/de.wikipedia.org\/wiki\/K%C3%B6nigstein_im_Taunus\">K\u00f6nigstein<\/a><\/strong> liegt unweit von Frankfurt am Main und ist gut mit \u00f6ffentlichen Verkehrsmitteln erreichbar. Selbst der Ausgangspunkt unserer Wanderung, der Wanderparkplatz <strong>\u201eRotes Kreuz\u201c<\/strong>, mitten im Wald, wird regelm\u00e4\u00dfig von einem Linienbus angefahren. Wer also nachhaltig unterwegs sein m\u00f6chte, kann die Tour problemlos ohne Auto starten.<\/p>\n\n\n\n<h3 class=\"wp-block-heading\" id=\"h-tipps-zur-tourenplanung\">Tipps zur Tourenplanung<\/h3>\n\n\n\n<p>Eine gute Vorbereitung macht die Wanderung entspannter. Diese Punkte helfen dir dabei:<\/p>\n\n\n\n<ul class=\"wp-block-list\">\n<li><strong>Alternative Route:<\/strong> Wer nicht bis zum Gro\u00dfen Feldberg m\u00f6chte, kann den kompletten <strong>Zacken-Beilstein-Steig<\/strong> als Rundtour wandern. Start und Ziel ist ebenfalls das <strong>\u201eRote Kreuz\u201c<\/strong>. Die Strecke ist mit dem <strong>Wanderzeichen<\/strong> <strong>\u201eRoter Milan\u201c<\/strong> markiert.<\/li>\n\n\n\n<li><strong>Auto oder Bahn?<\/strong> Unsere Tour ist keine Rundwanderung. Wer mit dem Auto anreist, sollte sich vorab \u00fcberlegen, wie er vom Zielpunkt zur\u00fcckkommt. Alternativ kann man direkt am Bahnhof in K\u00f6nigstein starten; das verl\u00e4ngert die Strecke um etwa <strong>6 Kilometer<\/strong>. <\/li>\n\n\n\n<li><strong>Beste Zeit:<\/strong> Fr\u00fch starten lohnt sich! Die W\u00e4lder sind morgens noch still, die Luft frisch. Perfekt f\u00fcr eine entspannte Wanderung.<\/li>\n<\/ul>\n\n\n<div class=\"wp-block-image\">\n<figure class=\"aligncenter size-full\"><a href=\"https:\/\/www.berg-freunde.ch\/blog\/wp-content\/uploads\/2025\/11\/Wanderung-Grosser-Zacken_Das-Wanderzeichen-des-Zacken-Beilstein-Steigs_bearbeitet-edited.jpg\"><img fetchpriority=\"high\" decoding=\"async\" width=\"1377\" height=\"1033\" src=\"https:\/\/www.berg-freunde.ch\/blog\/wp-content\/uploads\/2025\/11\/Wanderung-Grosser-Zacken_Das-Wanderzeichen-des-Zacken-Beilstein-Steigs_bearbeitet-edited.jpg\" alt=\"Roter Milan-Symbol auf dem Zacken-Beilstein-Steig.\" class=\"wp-image-128096\" srcset=\"https:\/\/www.berg-freunde.ch\/blog\/wp-content\/uploads\/2025\/11\/Wanderung-Grosser-Zacken_Das-Wanderzeichen-des-Zacken-Beilstein-Steigs_bearbeitet-edited.jpg 1377w, https:\/\/www.berg-freunde.ch\/blog\/wp-content\/uploads\/2025\/11\/Wanderung-Grosser-Zacken_Das-Wanderzeichen-des-Zacken-Beilstein-Steigs_bearbeitet-edited-300x225.jpg 300w, https:\/\/www.berg-freunde.ch\/blog\/wp-content\/uploads\/2025\/11\/Wanderung-Grosser-Zacken_Das-Wanderzeichen-des-Zacken-Beilstein-Steigs_bearbeitet-edited-768x576.jpg 768w\" sizes=\"(max-width: 1377px) 100vw, 1377px\" \/><\/a><figcaption class=\"wp-element-caption\">So sieht das Symbol &#171;Roter Milan&#187; auf dem Zacken-Beilstein-Steig aus.<\/figcaption><\/figure>\n<\/div>\n\n\n<h2 class=\"wp-block-heading\" id=\"h-grosser-zacken-und-beilstein-im-taunus-wandern\">Gro\u00dfer Zacken und Beilstein &#8211; im Taunus wandern<\/h2>\n\n\n\n<p>Die Wanderung beginnt halbwegs gem\u00fctlich. Der Taunus ist auch in seinen H\u00f6henlagen bewaldet. Die ersten Kilometer f\u00fchren uns \u00fcber den <strong>Zacken-Beilstein-Steig <\/strong>(Symbol Roter Milan) durch den sich allm\u00e4hlich verf\u00e4rbenden Herbstwald. Das Wetter ist anf\u00e4nglich noch tr\u00fcb und durch den Hochnebel wirkt die Landschaft ein wenig verwunschen. Der Weg ist mal schmal, mal breiter, mal leicht fallend und dann doch wieder steigend. Generell ist die <strong>Strecke gut zu gehen<\/strong> und stellt keine gr\u00f6\u00dfere Herausforderung dar. Besondere Trittsicherheit ist hier erst einmal nicht gefragt. <\/p>\n\n\n\n<p>Mit einer Einschr\u00e4nkung: In den vorangegangenen Tagen hat es teilweise stark geregnet. Der Untergrund ist dementsprechend schmierig und, gerade, wenn es \u00fcber Wurzeln geht, rutschig. <strong>Gute <a href=\"https:\/\/www.berg-freunde.ch\/wanderschuhe\/\">Wanderschuhe<\/a><\/strong> sind hier definitiv nicht fehl am Platz. Auch <strong><a href=\"https:\/\/www.berg-freunde.ch\/trekkingstoecke\/\">Wanderst\u00f6cke<\/a> <\/strong>k\u00f6nnten stellenweise helfen, haben wir aber leider nicht dabei.<\/p>\n\n\n\n<p>Und so f\u00fchrt uns der Weg immer weiter durch den Wald und ein gutes St\u00fcck unterhalb des Gipfels des <strong>Weilsbergs<\/strong> entlang, bis wir bereits nach etwa 1,5 Kilometern auf dem <strong>Gro\u00dfen Zacken<\/strong> stehen. Wie ein Fremdk\u00f6rper ragt dieser Fels aus dem Wald. Der Gro\u00dfe Zacken ist<strong> ein ca. 15 Meter hoher Schieferfels<\/strong>, an dem auch <strong>geklettert<\/strong> werden kann. Laut offiziellen Angaben soll es hier rund <strong>35 Klettertouren <\/strong>in unterschiedlichen Schwierigkeitsgraden geben. Wer hier nur zum Klettern herkommen m\u00f6chte, kann den Zacken von <a href=\"https:\/\/de.wikipedia.org\/wiki\/Oberems_(Glash%C3%BCtten)\">Oberems<\/a> aus gut erreichen.<\/p>\n\n\n<div class=\"wp-block-image\">\n<figure class=\"aligncenter size-full\"><a href=\"https:\/\/www.berg-freunde.ch\/blog\/wp-content\/uploads\/2025\/11\/Wanderung-Grosser-Zacken_Grosser-Zacken-von-unten_bearbeitet-edited.jpg\"><img decoding=\"async\" width=\"1377\" height=\"1033\" src=\"https:\/\/www.berg-freunde.ch\/blog\/wp-content\/uploads\/2025\/11\/Wanderung-Grosser-Zacken_Grosser-Zacken-von-unten_bearbeitet-edited.jpg\" alt=\"Der Gro\u00dfe Zacken von unten.\" class=\"wp-image-128108\" srcset=\"https:\/\/www.berg-freunde.ch\/blog\/wp-content\/uploads\/2025\/11\/Wanderung-Grosser-Zacken_Grosser-Zacken-von-unten_bearbeitet-edited.jpg 1377w, https:\/\/www.berg-freunde.ch\/blog\/wp-content\/uploads\/2025\/11\/Wanderung-Grosser-Zacken_Grosser-Zacken-von-unten_bearbeitet-edited-300x225.jpg 300w, https:\/\/www.berg-freunde.ch\/blog\/wp-content\/uploads\/2025\/11\/Wanderung-Grosser-Zacken_Grosser-Zacken-von-unten_bearbeitet-edited-768x576.jpg 768w\" sizes=\"(max-width: 1377px) 100vw, 1377px\" \/><\/a><figcaption class=\"wp-element-caption\">Der Gro\u00dfe Zacken ist 15 Meter hoch und ragt wie ein Fremdk\u00f6rper aus dem Wald.<\/figcaption><\/figure>\n<\/div>\n\n\n<p>Der Wanderweg f\u00fchrt uns direkt auf den Felsen, man muss also <strong>nicht zwingend klettern<\/strong>, um zum Top zu gelangen. Und so genie\u00dfen wir eine erste <strong>Aussicht nach Nordwesten \u00fcber den Taunus<\/strong>. Auch der Hochnebel hat sich nun weitestgehend verzogen, und einzelne Sonnenstrahlen kommen durch die immer h\u00f6her steigende Wolkendecke. <\/p>\n\n\n\n<p><strong>Tipp: <\/strong>F\u00fcr Fotografen und Naturfans k\u00f6nnte es besonders cool sein, hier einen <strong>Sonnenuntergang im Taunus anzuschauen<\/strong>. Die Himmelsrichtung, in die man vom Felsen aus sehen kann, m\u00fcsste nahezu perfekt f\u00fcr stimmungsvolle Abendaufnahmen.<\/p>\n\n\n<div class=\"wp-block-image\">\n<figure class=\"aligncenter size-full\"><a href=\"https:\/\/www.berg-freunde.ch\/blog\/wp-content\/uploads\/2025\/11\/Wanderung-Grosser-Zacken_Grosser-Zacken-mit-Lisa-oben_bearbeitet.jpg\"><img decoding=\"async\" width=\"1920\" height=\"1440\" src=\"https:\/\/www.berg-freunde.ch\/blog\/wp-content\/uploads\/2025\/11\/Wanderung-Grosser-Zacken_Grosser-Zacken-mit-Lisa-oben_bearbeitet.jpg\" alt=\"Gipfel Gro\u00dfer Zacken mit Lisa\" class=\"wp-image-128114\" srcset=\"https:\/\/www.berg-freunde.ch\/blog\/wp-content\/uploads\/2025\/11\/Wanderung-Grosser-Zacken_Grosser-Zacken-mit-Lisa-oben_bearbeitet.jpg 1920w, https:\/\/www.berg-freunde.ch\/blog\/wp-content\/uploads\/2025\/11\/Wanderung-Grosser-Zacken_Grosser-Zacken-mit-Lisa-oben_bearbeitet-300x225.jpg 300w, https:\/\/www.berg-freunde.ch\/blog\/wp-content\/uploads\/2025\/11\/Wanderung-Grosser-Zacken_Grosser-Zacken-mit-Lisa-oben_bearbeitet-1500x1125.jpg 1500w, https:\/\/www.berg-freunde.ch\/blog\/wp-content\/uploads\/2025\/11\/Wanderung-Grosser-Zacken_Grosser-Zacken-mit-Lisa-oben_bearbeitet-768x576.jpg 768w, https:\/\/www.berg-freunde.ch\/blog\/wp-content\/uploads\/2025\/11\/Wanderung-Grosser-Zacken_Grosser-Zacken-mit-Lisa-oben_bearbeitet-1536x1152.jpg 1536w\" sizes=\"(max-width: 1920px) 100vw, 1920px\" \/><\/a><figcaption class=\"wp-element-caption\">Um den Gro\u00dfen Zacken zu erklimmen, muss man nicht unbedingt klettern: Entspannt hochwandern geht auch.<\/figcaption><\/figure>\n<\/div>\n\n\n<p>Lange halten wir uns mit dem Panorama nicht auf, wir haben noch ein gutes St\u00fcck Weg vor uns. Und so geht\u2019s weiter zum<strong> Kleinen Zacken<\/strong>, den ich fast sch\u00f6ner als den <strong>Gro\u00dfen Zacken<\/strong> finde. Einfach, weil er freier steht und weniger in den Wald eingewachsen ist. Aber egal ob freistehend oder mehrheitlich bewachsen, die Felsen im Taunus machen die Wanderung interessant.<\/p>\n\n\n\n<p>Weiter geht&#8217;s zum <strong>Beilstein<\/strong>, wo sich das Gel\u00e4nde und die Felsformation nochmals \u00e4ndern. <strong>Hier k\u00f6nnte man auch klettern<\/strong>, Haken und St\u00e4nde sind entsprechend eingebohrt. Heute sind allerdings nirgendwo Sportkletterer zu sehen, das liegt sicher auch am Wetter. Egal, wir sind ja auch nur zum Wandern da. <\/p>\n\n\n\n<p>Den Beilstein schaue ich mir unfreiwillig ein wenig genauer an. Hier erwischt uns n\u00e4mlich ein kurzer Regenschauer. Der dauert zwar nicht lange, w\u00fcrde aber durchaus reichen, um ordentlich nass zu werden. Aber wir haben Gl\u00fcck, ein kleiner Teil des Felsens ist \u00fcberh\u00e4ngend und bietet uns somit einen Unterstand. Kurz darauf hat sich der Schauer auch schon wieder verzogen und wir setzen unseren Weg fort.<\/p>\n\n\n<div class=\"wp-block-image\">\n<figure class=\"aligncenter size-full\"><a href=\"https:\/\/www.berg-freunde.ch\/blog\/wp-content\/uploads\/2025\/11\/Wanderung-Grosser-Zacken_Beilstein_bearbeitet.jpg\"><img loading=\"lazy\" decoding=\"async\" width=\"1836\" height=\"1377\" src=\"https:\/\/www.berg-freunde.ch\/blog\/wp-content\/uploads\/2025\/11\/Wanderung-Grosser-Zacken_Beilstein_bearbeitet.jpg\" alt=\"Der Beilstein im Taunus.\" class=\"wp-image-128120\" srcset=\"https:\/\/www.berg-freunde.ch\/blog\/wp-content\/uploads\/2025\/11\/Wanderung-Grosser-Zacken_Beilstein_bearbeitet.jpg 1836w, https:\/\/www.berg-freunde.ch\/blog\/wp-content\/uploads\/2025\/11\/Wanderung-Grosser-Zacken_Beilstein_bearbeitet-300x225.jpg 300w, https:\/\/www.berg-freunde.ch\/blog\/wp-content\/uploads\/2025\/11\/Wanderung-Grosser-Zacken_Beilstein_bearbeitet-1500x1125.jpg 1500w, https:\/\/www.berg-freunde.ch\/blog\/wp-content\/uploads\/2025\/11\/Wanderung-Grosser-Zacken_Beilstein_bearbeitet-768x576.jpg 768w, https:\/\/www.berg-freunde.ch\/blog\/wp-content\/uploads\/2025\/11\/Wanderung-Grosser-Zacken_Beilstein_bearbeitet-1536x1152.jpg 1536w\" sizes=\"(max-width: 1836px) 100vw, 1836px\" \/><\/a><figcaption class=\"wp-element-caption\">Der Beilstein ist zum Sportklettern geeignet; und als Unterschlupf bei Regen.<\/figcaption><\/figure>\n<\/div>\n\n\n<h2 class=\"wp-block-heading\" id=\"h-niederreifenberg-und-der-grosse-feldberg-die-nachste-etappe-der-wanderung\">Niederreifenberg und der Gro\u00dfe Feldberg &#8211; die n\u00e4chste Etappe der Wanderung<\/h2>\n\n\n\n<p>Vom <strong>Beilstein <\/strong>ist es nicht sonderlich weit nach <strong>Niederreifenberg<\/strong>. Das Gel\u00e4nde wird auf dem Weg dorthin offener und f\u00fchrt uns auch ein kurzes St\u00fcck \u00fcber Wiesen, bevor wir die Ausl\u00e4ufer des Orts erreichen. Hier verlassen wir den <strong>Zacken-Beilstein-Steig<\/strong>. <\/p>\n\n\n\n<p><a href=\"https:\/\/de.wikipedia.org\/wiki\/Niederreifenberg\"><strong>Niederreifenberg<\/strong><\/a> geh\u00f6rt zur Gemeinde <strong><a href=\"https:\/\/de.wikipedia.org\/wiki\/Schmitten_im_Taunus\">Schmitten<\/a> im Taunus<\/strong> und ist gut mit <strong>\u00f6ffentlichen Verkehrsmitteln<\/strong> angebunden. Wer die Wanderung im Taunus aus irgendeinem Grund abk\u00fcrzen will oder muss, hat hier eine gute Gelegenheit dazu. Auch einen Supermarkt und Restaurants gibt\u2019s hier; perfekt f\u00fcr eine Pause oder den Abschluss der Tour.<\/p>\n\n\n<div class=\"wp-block-image\">\n<figure class=\"aligncenter size-full\"><a href=\"https:\/\/www.berg-freunde.ch\/blog\/wp-content\/uploads\/2025\/11\/Wanderung-Grosser-Zacken_Blick-auf-den-Grossen-Feldberg_bearbeitet.jpg\"><img loading=\"lazy\" decoding=\"async\" width=\"1920\" height=\"1440\" src=\"https:\/\/www.berg-freunde.ch\/blog\/wp-content\/uploads\/2025\/11\/Wanderung-Grosser-Zacken_Blick-auf-den-Grossen-Feldberg_bearbeitet.jpg\" alt=\"Der Gro\u00dfe Feldberg aus der Ferne.\" class=\"wp-image-128126\" srcset=\"https:\/\/www.berg-freunde.ch\/blog\/wp-content\/uploads\/2025\/11\/Wanderung-Grosser-Zacken_Blick-auf-den-Grossen-Feldberg_bearbeitet.jpg 1920w, https:\/\/www.berg-freunde.ch\/blog\/wp-content\/uploads\/2025\/11\/Wanderung-Grosser-Zacken_Blick-auf-den-Grossen-Feldberg_bearbeitet-300x225.jpg 300w, https:\/\/www.berg-freunde.ch\/blog\/wp-content\/uploads\/2025\/11\/Wanderung-Grosser-Zacken_Blick-auf-den-Grossen-Feldberg_bearbeitet-1500x1125.jpg 1500w, https:\/\/www.berg-freunde.ch\/blog\/wp-content\/uploads\/2025\/11\/Wanderung-Grosser-Zacken_Blick-auf-den-Grossen-Feldberg_bearbeitet-768x576.jpg 768w, https:\/\/www.berg-freunde.ch\/blog\/wp-content\/uploads\/2025\/11\/Wanderung-Grosser-Zacken_Blick-auf-den-Grossen-Feldberg_bearbeitet-1536x1152.jpg 1536w\" sizes=\"(max-width: 1920px) 100vw, 1920px\" \/><\/a><figcaption class=\"wp-element-caption\">Blick auf das, was kommt: Der Gro\u00dfe Feldberg aus der Ferne.<\/figcaption><\/figure>\n<\/div>\n\n\n<p>Gleichzeitig ist<strong> Niederreifenberg <\/strong>der Talort des<strong> Gro\u00dfen Feldbergs<\/strong>, den wir im weiteren Verlauf unserer Wanderung im Taunus noch besteigen werden. Rund <strong>300 H\u00f6henmeter <\/strong>sind bis zum Gipfel zu \u00fcberwinden, und das stellenweise direkt gegen die H\u00f6henlinien. Der Weg ist teilweise steil und wir kommen ordentlich ins <a href=\"https:\/\/www.berg-freunde.ch\/schwitzrate-sport-rechner\/\">Schwitzen<\/a>. <\/p>\n\n\n\n<p>Aber: Ich wei\u00df, dass sich auf dem Gipfel ein Restaurant auf dem gro\u00dfen Feldberg befindet. Glaubt man dem Internet, hat das auch ge\u00f6ffnet. Die Mittagspause lockt und spornt uns an, die H\u00f6henmeter schnell zu \u00fcberwinden.<\/p>\n\n\n<div class=\"wp-block-image\">\n<figure class=\"aligncenter size-full\"><a href=\"https:\/\/www.berg-freunde.ch\/blog\/wp-content\/uploads\/2025\/11\/Wanderung-Grosser-Zacken_Sendemast-und-Aussichtsturm-auf-dem-Feldberg_bearbeitet.jpg\"><img loading=\"lazy\" decoding=\"async\" width=\"1920\" height=\"1440\" src=\"https:\/\/www.berg-freunde.ch\/blog\/wp-content\/uploads\/2025\/11\/Wanderung-Grosser-Zacken_Sendemast-und-Aussichtsturm-auf-dem-Feldberg_bearbeitet.jpg\" alt=\"Aussichtsturm auf dem Gipfel des Gro\u00dfen Feldberg.\" class=\"wp-image-128132\" srcset=\"https:\/\/www.berg-freunde.ch\/blog\/wp-content\/uploads\/2025\/11\/Wanderung-Grosser-Zacken_Sendemast-und-Aussichtsturm-auf-dem-Feldberg_bearbeitet.jpg 1920w, https:\/\/www.berg-freunde.ch\/blog\/wp-content\/uploads\/2025\/11\/Wanderung-Grosser-Zacken_Sendemast-und-Aussichtsturm-auf-dem-Feldberg_bearbeitet-300x225.jpg 300w, https:\/\/www.berg-freunde.ch\/blog\/wp-content\/uploads\/2025\/11\/Wanderung-Grosser-Zacken_Sendemast-und-Aussichtsturm-auf-dem-Feldberg_bearbeitet-1500x1125.jpg 1500w, https:\/\/www.berg-freunde.ch\/blog\/wp-content\/uploads\/2025\/11\/Wanderung-Grosser-Zacken_Sendemast-und-Aussichtsturm-auf-dem-Feldberg_bearbeitet-768x576.jpg 768w, https:\/\/www.berg-freunde.ch\/blog\/wp-content\/uploads\/2025\/11\/Wanderung-Grosser-Zacken_Sendemast-und-Aussichtsturm-auf-dem-Feldberg_bearbeitet-1536x1152.jpg 1536w\" sizes=\"(max-width: 1920px) 100vw, 1920px\" \/><\/a><figcaption class=\"wp-element-caption\">Aufstieg geschafft: Der Aussichtsturm auf dem Gipfel des Gro\u00dfen Feldberg.<\/figcaption><\/figure>\n<\/div>\n\n\n<p>Der <strong>Gro\u00dfe Feldberg ist der h\u00f6chste Berg im Taunus<\/strong>, und sein Gipfelplateau ist ein gutes St\u00fcck waldfrei. Hier gibt es nicht nur das bereits erw\u00e4hnte Restaurant, sondern auch einen <a href=\"https:\/\/www.taunus.info\/poi\/aussichtsturm-auf-dem-grossen-feldberg\">Aussichtsturm<\/a> und die markanten Sendeanlagen des Hessischen Rundfunks, die das Bild des Gipfels deutlich pr\u00e4gen.<\/p>\n\n\n<div class=\"wp-block-image\">\n<figure class=\"aligncenter size-full\"><a href=\"https:\/\/www.berg-freunde.ch\/blog\/wp-content\/uploads\/2025\/11\/Wanderung-Grosser-Zacken_Waldfreie-Flaeche-Feldberg_bearbeitet.jpg\"><img loading=\"lazy\" decoding=\"async\" width=\"1920\" height=\"1440\" src=\"https:\/\/www.berg-freunde.ch\/blog\/wp-content\/uploads\/2025\/11\/Wanderung-Grosser-Zacken_Waldfreie-Flaeche-Feldberg_bearbeitet.jpg\" alt=\"Waldfreies Gipfelplateau auf dem Gro\u00dfen Feldberg.\" class=\"wp-image-128138\" srcset=\"https:\/\/www.berg-freunde.ch\/blog\/wp-content\/uploads\/2025\/11\/Wanderung-Grosser-Zacken_Waldfreie-Flaeche-Feldberg_bearbeitet.jpg 1920w, https:\/\/www.berg-freunde.ch\/blog\/wp-content\/uploads\/2025\/11\/Wanderung-Grosser-Zacken_Waldfreie-Flaeche-Feldberg_bearbeitet-300x225.jpg 300w, https:\/\/www.berg-freunde.ch\/blog\/wp-content\/uploads\/2025\/11\/Wanderung-Grosser-Zacken_Waldfreie-Flaeche-Feldberg_bearbeitet-1500x1125.jpg 1500w, https:\/\/www.berg-freunde.ch\/blog\/wp-content\/uploads\/2025\/11\/Wanderung-Grosser-Zacken_Waldfreie-Flaeche-Feldberg_bearbeitet-768x576.jpg 768w, https:\/\/www.berg-freunde.ch\/blog\/wp-content\/uploads\/2025\/11\/Wanderung-Grosser-Zacken_Waldfreie-Flaeche-Feldberg_bearbeitet-1536x1152.jpg 1536w\" sizes=\"(max-width: 1920px) 100vw, 1920px\" \/><\/a><figcaption class=\"wp-element-caption\">Das waldfreie Gipfelplateau auf dem Gro\u00dfen Feldberg.<\/figcaption><\/figure>\n<\/div>\n\n\n<p>Egal, ob man nun aber auch noch den Aussichtsturm auf dem Gro\u00dfen Feldberg erklimmt oder nicht, vom Gipfel aus hat man eine beeindruckende Rundumsicht. Beispielsweise nach Norden \u00fcber das weite Gr\u00fcn des Taunus hinweg, oder nach S\u00fcdwesten auf Frankfurt mit seinen B\u00fcrot\u00fcrmen und dem Flughafen.<\/p>\n\n\n<div class=\"wp-block-image\">\n<figure class=\"aligncenter size-full\"><a href=\"https:\/\/www.berg-freunde.ch\/blog\/wp-content\/uploads\/2025\/11\/Wanderung-Grosser-Zacken_Blick-nach-Frankfurt-vom-Grossen-Feldberg-aus_bearbeitet.jpg\"><img loading=\"lazy\" decoding=\"async\" width=\"1920\" height=\"1440\" src=\"https:\/\/www.berg-freunde.ch\/blog\/wp-content\/uploads\/2025\/11\/Wanderung-Grosser-Zacken_Blick-nach-Frankfurt-vom-Grossen-Feldberg-aus_bearbeitet.jpg\" alt=\"Ausblick vom Gipfel des Gro\u00dfen Feldberg auf die Frankfurter Skyline.\" class=\"wp-image-128144\" srcset=\"https:\/\/www.berg-freunde.ch\/blog\/wp-content\/uploads\/2025\/11\/Wanderung-Grosser-Zacken_Blick-nach-Frankfurt-vom-Grossen-Feldberg-aus_bearbeitet.jpg 1920w, https:\/\/www.berg-freunde.ch\/blog\/wp-content\/uploads\/2025\/11\/Wanderung-Grosser-Zacken_Blick-nach-Frankfurt-vom-Grossen-Feldberg-aus_bearbeitet-300x225.jpg 300w, https:\/\/www.berg-freunde.ch\/blog\/wp-content\/uploads\/2025\/11\/Wanderung-Grosser-Zacken_Blick-nach-Frankfurt-vom-Grossen-Feldberg-aus_bearbeitet-1500x1125.jpg 1500w, https:\/\/www.berg-freunde.ch\/blog\/wp-content\/uploads\/2025\/11\/Wanderung-Grosser-Zacken_Blick-nach-Frankfurt-vom-Grossen-Feldberg-aus_bearbeitet-768x576.jpg 768w, https:\/\/www.berg-freunde.ch\/blog\/wp-content\/uploads\/2025\/11\/Wanderung-Grosser-Zacken_Blick-nach-Frankfurt-vom-Grossen-Feldberg-aus_bearbeitet-1536x1152.jpg 1536w\" sizes=\"(max-width: 1920px) 100vw, 1920px\" \/><\/a><figcaption class=\"wp-element-caption\">Ausblick vom Gipfel des Gro\u00dfen Feldberg auf die Frankfurter Skyline.<\/figcaption><\/figure>\n<\/div>\n\n\n<h2 class=\"wp-block-heading\" id=\"h-abstieg-nach-oberursel-ruckweg-vom-grossen-feldberg\">Abstieg nach Oberursel &#8211; R\u00fcckweg vom Gro\u00dfen Feldberg<\/h2>\n\n\n\n<p>Nach einer ausgiebigen Pause und ordentlich Panoramagucken geht es f\u00fcr uns weiter. Was nun folgt, ist der <strong>Abstieg vom Gro\u00dfen Feldberg nach Oberursel<\/strong>. Rund <strong>sieben Kilometer Strecke und 560 H\u00f6henmeter<\/strong> liegen noch vor uns. Schnell mal eben zur Bahnstation wandern ist also nicht. Kurz unterhalb des Gipfels f\u00fchrt uns der Weg wieder in den Wald. Auch auf dieser Seite des Gro\u00dfen Feldbergs ist die Strecke gut zu bew\u00e4ltigen. Der Weg wechselt immer mal wieder von breit auf schmal, ist aber wirklich gut zu gehen und stellt uns definitiv nicht vor gr\u00f6\u00dfere Herausforderungen.<\/p>\n\n\n\n<p>Nach etwa zwei Kilometern f\u00fchrt unser Wanderweg relativ nahe an der Landstra\u00dfe vorbei, an der es auch die Bushaltestelle <strong>\u201eOberursel Gro\u00dfe Kurve\u201c<\/strong> gibt. Etwa st\u00fcndlich f\u00e4hrt hier ein<strong> Bus in Richtung Oberursel<\/strong>. Wer mit dem Bus abk\u00fcrzen will, kann das hier mit einem kleinen Abstecher vom Weg problemlos machen. Wir aber gehen weiter, der Weg zieht sich ein bisschen. W\u00e4hrend wir auf der bisherigen Tour oft alleine unterwegs waren, sp\u00fcren wir nun deutlich, dass wir der Zivilisation n\u00e4herkommen. Die Zahl der Spazierg\u00e4nger, Jogger und Radfahrer nimmt nach und nach deutlich zu.<\/p>\n\n\n\n<p>Nach einiger Zeit erreichen wir die <strong>Ausl\u00e4ufer von Oberursel<\/strong> und somit auch die <strong>U\u2011Bahn-Station \u201eHohemark\u201c (Linie U3<\/strong>), an der unsere Wanderung endet. Von hier aus ist die Anbindung nach Frankfurt kein Problem. Wer allerdings wieder zur\u00fcck zum Ausgangspunkt der Tour fahren muss, nimmt dazu besser den Bus (Linie 57), der in etwa st\u00fcndlich zur\u00fcck zum \u201eRoten Kreuz\u201c f\u00e4hrt.<\/p>\n\n\n\n<div class=\"wp-block-buttons is-layout-flex wp-block-buttons-is-layout-flex\">\n<div class=\"wp-block-button\"><a class=\"wp-block-button__link wp-element-button\" href=\"https:\/\/www.bergfreunde.de\/wanderschuhe\/\">WANDERSCHUHE ONLINE KAUFEN<\/a><\/div>\n<\/div>\n\n\n\n<p><a id=\"_msocom_1\"><\/a><\/p>\n","protected":false},"excerpt":{"rendered":"<p>Der gro\u00dfe Zacken liegt im Taunus, rund 25 Kilometer nordwestlich von Frankfurt am Main. Wer Lust auf eine abwechslungsreiche und kurzweilige Tageswanderung hat, ist hier genau richtig. Unsere Wanderung f\u00fchrt uns von der Bushaltestelle am Wanderparkplatz \u201eRotes Kreuz\u201c auf dem Zacken-Beilstein-Steig zun\u00e4chst zum Gro\u00dfen und Kleinen Zacken, dann \u00fcber den Beilstein zum Gro\u00dfen Feldberg und [&hellip;]<\/p>\n","protected":false},"author":18,"featured_media":128155,"comment_status":"open","ping_status":"closed","sticky":false,"template":"","format":"standard","meta":{"_acf_changed":false,"footnotes":""},"categories":[288],"tags":[273,276],"post_folder":[],"class_list":["post-128089","post","type-post","status-publish","format-standard","has-post-thumbnail","hentry","category-touren-reisetipps","tag-klettern-bouldern","tag-wandern-trekking"],"acf":[],"yoast_head":"<!-- This site is optimized with the Yoast SEO Premium plugin v27.4 (Yoast SEO v27.4) - https:\/\/yoast.com\/product\/yoast-seo-premium-wordpress\/ -->\n<title>Der Gro\u00dfe Zacken \u2013 Wandern im Taunus<\/title>\n<meta name=\"description\" content=\"Der Gro\u00dfe Zacken im Taunus ist ein 15 m hoher Schieferfels; perfekt f\u00fcr eine Wanderung \u27a4 Tipps und Infos zu dem Zacken-Beilstein-Steig\" \/>\n<meta name=\"robots\" content=\"index, follow, max-snippet:-1, max-image-preview:large, max-video-preview:-1\" \/>\n<link rel=\"canonical\" href=\"https:\/\/www.berg-freunde.ch\/blog\/grosser-zacken-taunus\/\" \/>\n<meta property=\"og:locale\" content=\"de_DE\" \/>\n<meta property=\"og:type\" content=\"article\" \/>\n<meta property=\"og:title\" content=\"Der Gro\u00dfe Zacken \u2013 die sch\u00f6nste Wanderung im Taunus\" \/>\n<meta property=\"og:description\" content=\"Der Gro\u00dfe Zacken im Taunus ist ein 15 m hoher Schieferfels; perfekt f\u00fcr eine Wanderung \u27a4 Tipps und Infos zu dem Zacken-Beilstein-Steig\" \/>\n<meta property=\"og:url\" content=\"https:\/\/www.berg-freunde.ch\/blog\/grosser-zacken-taunus\/\" \/>\n<meta property=\"og:site_name\" content=\"Bergfreunde\" \/>\n<meta property=\"article:publisher\" content=\"https:\/\/www.facebook.com\/bergfreunde\" \/>\n<meta property=\"article:published_time\" content=\"2025-11-17T14:30:40+00:00\" \/>\n<meta property=\"article:modified_time\" content=\"2025-12-16T06:21:14+00:00\" \/>\n<meta property=\"og:image\" content=\"https:\/\/www.berg-freunde.ch\/blog\/wp-content\/uploads\/2025\/11\/14112025_Wanderung-Grosser-Zacken_Titelbild.jpg\" \/>\n\t<meta property=\"og:image:width\" content=\"1836\" \/>\n\t<meta property=\"og:image:height\" content=\"1377\" \/>\n\t<meta property=\"og:image:type\" content=\"image\/jpeg\" \/>\n<meta name=\"author\" content=\"Lisa\" \/>\n<meta name=\"twitter:card\" content=\"summary_large_image\" \/>\n<meta name=\"twitter:label1\" content=\"Geschrieben von\" \/>\n\t<meta name=\"twitter:data1\" content=\"Lisa\" \/>\n\t<meta name=\"twitter:label2\" content=\"Gesch\u00e4tzte Lesezeit\" \/>\n\t<meta name=\"twitter:data2\" content=\"8\u00a0Minuten\" \/>\n<script type=\"application\/ld+json\" class=\"yoast-schema-graph\">{\"@context\":\"https:\\\/\\\/schema.org\",\"@graph\":[{\"@type\":[\"Article\",\"BlogPosting\"],\"@id\":\"https:\\\/\\\/www.berg-freunde.ch\\\/blog\\\/grosser-zacken-taunus\\\/#article\",\"isPartOf\":{\"@id\":\"https:\\\/\\\/www.berg-freunde.ch\\\/blog\\\/grosser-zacken-taunus\\\/\"},\"author\":{\"name\":\"Lisa\",\"@id\":\"https:\\\/\\\/www.berg-freunde.ch\\\/blog\\\/#\\\/schema\\\/person\\\/0be5fb2399f7af8673f0e675d4964f8d\"},\"headline\":\"Der Gro\u00dfe Zacken \u2013 die sch\u00f6nste Wanderung im Taunus\",\"datePublished\":\"2025-11-17T14:30:40+00:00\",\"dateModified\":\"2025-12-16T06:21:14+00:00\",\"mainEntityOfPage\":{\"@id\":\"https:\\\/\\\/www.berg-freunde.ch\\\/blog\\\/grosser-zacken-taunus\\\/\"},\"wordCount\":1617,\"commentCount\":3,\"publisher\":{\"@id\":\"https:\\\/\\\/www.berg-freunde.ch\\\/blog\\\/#organization\"},\"image\":{\"@id\":\"https:\\\/\\\/www.berg-freunde.ch\\\/blog\\\/grosser-zacken-taunus\\\/#primaryimage\"},\"thumbnailUrl\":\"https:\\\/\\\/www.berg-freunde.ch\\\/blog\\\/wp-content\\\/uploads\\\/2025\\\/11\\\/14112025_Wanderung-Grosser-Zacken_Titelbild.jpg\",\"keywords\":[\"Klettern &amp; Bouldern\",\"Wandern &amp; Trekking\"],\"articleSection\":[\"Touren &amp; Reisetipps\"],\"inLanguage\":\"de-CH\",\"potentialAction\":[{\"@type\":\"CommentAction\",\"name\":\"Comment\",\"target\":[\"https:\\\/\\\/www.berg-freunde.ch\\\/blog\\\/grosser-zacken-taunus\\\/#respond\"]}]},{\"@type\":\"WebPage\",\"@id\":\"https:\\\/\\\/www.berg-freunde.ch\\\/blog\\\/grosser-zacken-taunus\\\/\",\"url\":\"https:\\\/\\\/www.berg-freunde.ch\\\/blog\\\/grosser-zacken-taunus\\\/\",\"name\":\"Der Gro\u00dfe Zacken \u2013 Wandern im Taunus\",\"isPartOf\":{\"@id\":\"https:\\\/\\\/www.berg-freunde.ch\\\/blog\\\/#website\"},\"primaryImageOfPage\":{\"@id\":\"https:\\\/\\\/www.berg-freunde.ch\\\/blog\\\/grosser-zacken-taunus\\\/#primaryimage\"},\"image\":{\"@id\":\"https:\\\/\\\/www.berg-freunde.ch\\\/blog\\\/grosser-zacken-taunus\\\/#primaryimage\"},\"thumbnailUrl\":\"https:\\\/\\\/www.berg-freunde.ch\\\/blog\\\/wp-content\\\/uploads\\\/2025\\\/11\\\/14112025_Wanderung-Grosser-Zacken_Titelbild.jpg\",\"datePublished\":\"2025-11-17T14:30:40+00:00\",\"dateModified\":\"2025-12-16T06:21:14+00:00\",\"description\":\"Der Gro\u00dfe Zacken im Taunus ist ein 15 m hoher Schieferfels; perfekt f\u00fcr eine Wanderung \u27a4 Tipps und Infos zu dem Zacken-Beilstein-Steig\",\"breadcrumb\":{\"@id\":\"https:\\\/\\\/www.berg-freunde.ch\\\/blog\\\/grosser-zacken-taunus\\\/#breadcrumb\"},\"inLanguage\":\"de-CH\",\"potentialAction\":[{\"@type\":\"ReadAction\",\"target\":[\"https:\\\/\\\/www.berg-freunde.ch\\\/blog\\\/grosser-zacken-taunus\\\/\"]}]},{\"@type\":\"ImageObject\",\"inLanguage\":\"de-CH\",\"@id\":\"https:\\\/\\\/www.berg-freunde.ch\\\/blog\\\/grosser-zacken-taunus\\\/#primaryimage\",\"url\":\"https:\\\/\\\/www.berg-freunde.ch\\\/blog\\\/wp-content\\\/uploads\\\/2025\\\/11\\\/14112025_Wanderung-Grosser-Zacken_Titelbild.jpg\",\"contentUrl\":\"https:\\\/\\\/www.berg-freunde.ch\\\/blog\\\/wp-content\\\/uploads\\\/2025\\\/11\\\/14112025_Wanderung-Grosser-Zacken_Titelbild.jpg\",\"width\":1836,\"height\":1377,\"caption\":\"Titelbild Gro\u00dfer Zacken\"},{\"@type\":\"BreadcrumbList\",\"@id\":\"https:\\\/\\\/www.berg-freunde.ch\\\/blog\\\/grosser-zacken-taunus\\\/#breadcrumb\",\"itemListElement\":[{\"@type\":\"ListItem\",\"position\":1,\"name\":\"Blog\",\"item\":\"https:\\\/\\\/www.berg-freunde.ch\\\/blog\\\/\"},{\"@type\":\"ListItem\",\"position\":2,\"name\":\"Touren &amp; Reisetipps\",\"item\":\"https:\\\/\\\/www.berg-freunde.ch\\\/blog\\\/category\\\/touren-reisetipps\\\/\"},{\"@type\":\"ListItem\",\"position\":3,\"name\":\"Der Gro\u00dfe Zacken \u2013 die sch\u00f6nste Wanderung im Taunus\"}]},{\"@type\":\"WebSite\",\"@id\":\"https:\\\/\\\/www.berg-freunde.ch\\\/blog\\\/#website\",\"url\":\"https:\\\/\\\/www.berg-freunde.ch\\\/blog\\\/\",\"name\":\"Bergfreunde\",\"description\":\"Blog\",\"publisher\":{\"@id\":\"https:\\\/\\\/www.berg-freunde.ch\\\/blog\\\/#organization\"},\"potentialAction\":[{\"@type\":\"SearchAction\",\"target\":{\"@type\":\"EntryPoint\",\"urlTemplate\":\"https:\\\/\\\/www.berg-freunde.ch\\\/blog\\\/?s={search_term_string}\"},\"query-input\":{\"@type\":\"PropertyValueSpecification\",\"valueRequired\":true,\"valueName\":\"search_term_string\"}}],\"inLanguage\":\"de-CH\"},{\"@type\":\"Organization\",\"@id\":\"https:\\\/\\\/www.berg-freunde.ch\\\/blog\\\/#organization\",\"name\":\"Bergfreunde\",\"url\":\"https:\\\/\\\/www.berg-freunde.ch\\\/blog\\\/\",\"logo\":{\"@type\":\"ImageObject\",\"inLanguage\":\"de-CH\",\"@id\":\"https:\\\/\\\/www.berg-freunde.ch\\\/blog\\\/#\\\/schema\\\/logo\\\/image\\\/\",\"url\":\"https:\\\/\\\/www.berg-freunde.ch\\\/blog\\\/wp-content\\\/uploads\\\/2023\\\/12\\\/Bergfreunde_DE_rgb.svg\",\"contentUrl\":\"https:\\\/\\\/www.berg-freunde.ch\\\/blog\\\/wp-content\\\/uploads\\\/2023\\\/12\\\/Bergfreunde_DE_rgb.svg\",\"caption\":\"Bergfreunde\"},\"image\":{\"@id\":\"https:\\\/\\\/www.berg-freunde.ch\\\/blog\\\/#\\\/schema\\\/logo\\\/image\\\/\"},\"sameAs\":[\"https:\\\/\\\/www.facebook.com\\\/bergfreunde\",\"https:\\\/\\\/www.instagram.com\\\/bergfreundede\\\/\"]},{\"@type\":\"Person\",\"@id\":\"https:\\\/\\\/www.berg-freunde.ch\\\/blog\\\/#\\\/schema\\\/person\\\/0be5fb2399f7af8673f0e675d4964f8d\",\"name\":\"Lisa\",\"url\":\"https:\\\/\\\/www.berg-freunde.ch\\\/blog\\\/about\\\/lisa-kopas\\\/\"}]}<\/script>\n<!-- \/ Yoast SEO Premium plugin. -->","yoast_head_json":{"title":"Der Gro\u00dfe Zacken \u2013 Wandern im Taunus","description":"Der Gro\u00dfe Zacken im Taunus ist ein 15 m hoher Schieferfels; perfekt f\u00fcr eine Wanderung \u27a4 Tipps und Infos zu dem Zacken-Beilstein-Steig","robots":{"index":"index","follow":"follow","max-snippet":"max-snippet:-1","max-image-preview":"max-image-preview:large","max-video-preview":"max-video-preview:-1"},"canonical":"https:\/\/www.berg-freunde.ch\/blog\/grosser-zacken-taunus\/","og_locale":"de_DE","og_type":"article","og_title":"Der Gro\u00dfe Zacken \u2013 die sch\u00f6nste Wanderung im Taunus","og_description":"Der Gro\u00dfe Zacken im Taunus ist ein 15 m hoher Schieferfels; perfekt f\u00fcr eine Wanderung \u27a4 Tipps und Infos zu dem Zacken-Beilstein-Steig","og_url":"https:\/\/www.berg-freunde.ch\/blog\/grosser-zacken-taunus\/","og_site_name":"Bergfreunde","article_publisher":"https:\/\/www.facebook.com\/bergfreunde","article_published_time":"2025-11-17T14:30:40+00:00","article_modified_time":"2025-12-16T06:21:14+00:00","og_image":[{"width":1836,"height":1377,"url":"https:\/\/www.berg-freunde.ch\/blog\/wp-content\/uploads\/2025\/11\/14112025_Wanderung-Grosser-Zacken_Titelbild.jpg","type":"image\/jpeg"}],"author":"Lisa","twitter_card":"summary_large_image","twitter_misc":{"Geschrieben von":"Lisa","Gesch\u00e4tzte Lesezeit":"8\u00a0Minuten"},"schema":{"@context":"https:\/\/schema.org","@graph":[{"@type":["Article","BlogPosting"],"@id":"https:\/\/www.berg-freunde.ch\/blog\/grosser-zacken-taunus\/#article","isPartOf":{"@id":"https:\/\/www.berg-freunde.ch\/blog\/grosser-zacken-taunus\/"},"author":{"name":"Lisa","@id":"https:\/\/www.berg-freunde.ch\/blog\/#\/schema\/person\/0be5fb2399f7af8673f0e675d4964f8d"},"headline":"Der Gro\u00dfe Zacken \u2013 die sch\u00f6nste Wanderung im Taunus","datePublished":"2025-11-17T14:30:40+00:00","dateModified":"2025-12-16T06:21:14+00:00","mainEntityOfPage":{"@id":"https:\/\/www.berg-freunde.ch\/blog\/grosser-zacken-taunus\/"},"wordCount":1617,"commentCount":3,"publisher":{"@id":"https:\/\/www.berg-freunde.ch\/blog\/#organization"},"image":{"@id":"https:\/\/www.berg-freunde.ch\/blog\/grosser-zacken-taunus\/#primaryimage"},"thumbnailUrl":"https:\/\/www.berg-freunde.ch\/blog\/wp-content\/uploads\/2025\/11\/14112025_Wanderung-Grosser-Zacken_Titelbild.jpg","keywords":["Klettern &amp; Bouldern","Wandern &amp; Trekking"],"articleSection":["Touren &amp; Reisetipps"],"inLanguage":"de-CH","potentialAction":[{"@type":"CommentAction","name":"Comment","target":["https:\/\/www.berg-freunde.ch\/blog\/grosser-zacken-taunus\/#respond"]}]},{"@type":"WebPage","@id":"https:\/\/www.berg-freunde.ch\/blog\/grosser-zacken-taunus\/","url":"https:\/\/www.berg-freunde.ch\/blog\/grosser-zacken-taunus\/","name":"Der Gro\u00dfe Zacken \u2013 Wandern im Taunus","isPartOf":{"@id":"https:\/\/www.berg-freunde.ch\/blog\/#website"},"primaryImageOfPage":{"@id":"https:\/\/www.berg-freunde.ch\/blog\/grosser-zacken-taunus\/#primaryimage"},"image":{"@id":"https:\/\/www.berg-freunde.ch\/blog\/grosser-zacken-taunus\/#primaryimage"},"thumbnailUrl":"https:\/\/www.berg-freunde.ch\/blog\/wp-content\/uploads\/2025\/11\/14112025_Wanderung-Grosser-Zacken_Titelbild.jpg","datePublished":"2025-11-17T14:30:40+00:00","dateModified":"2025-12-16T06:21:14+00:00","description":"Der Gro\u00dfe Zacken im Taunus ist ein 15 m hoher Schieferfels; perfekt f\u00fcr eine Wanderung \u27a4 Tipps und Infos zu dem Zacken-Beilstein-Steig","breadcrumb":{"@id":"https:\/\/www.berg-freunde.ch\/blog\/grosser-zacken-taunus\/#breadcrumb"},"inLanguage":"de-CH","potentialAction":[{"@type":"ReadAction","target":["https:\/\/www.berg-freunde.ch\/blog\/grosser-zacken-taunus\/"]}]},{"@type":"ImageObject","inLanguage":"de-CH","@id":"https:\/\/www.berg-freunde.ch\/blog\/grosser-zacken-taunus\/#primaryimage","url":"https:\/\/www.berg-freunde.ch\/blog\/wp-content\/uploads\/2025\/11\/14112025_Wanderung-Grosser-Zacken_Titelbild.jpg","contentUrl":"https:\/\/www.berg-freunde.ch\/blog\/wp-content\/uploads\/2025\/11\/14112025_Wanderung-Grosser-Zacken_Titelbild.jpg","width":1836,"height":1377,"caption":"Titelbild Gro\u00dfer Zacken"},{"@type":"BreadcrumbList","@id":"https:\/\/www.berg-freunde.ch\/blog\/grosser-zacken-taunus\/#breadcrumb","itemListElement":[{"@type":"ListItem","position":1,"name":"Blog","item":"https:\/\/www.berg-freunde.ch\/blog\/"},{"@type":"ListItem","position":2,"name":"Touren &amp; Reisetipps","item":"https:\/\/www.berg-freunde.ch\/blog\/category\/touren-reisetipps\/"},{"@type":"ListItem","position":3,"name":"Der Gro\u00dfe Zacken \u2013 die sch\u00f6nste Wanderung im Taunus"}]},{"@type":"WebSite","@id":"https:\/\/www.berg-freunde.ch\/blog\/#website","url":"https:\/\/www.berg-freunde.ch\/blog\/","name":"Bergfreunde","description":"Blog","publisher":{"@id":"https:\/\/www.berg-freunde.ch\/blog\/#organization"},"potentialAction":[{"@type":"SearchAction","target":{"@type":"EntryPoint","urlTemplate":"https:\/\/www.berg-freunde.ch\/blog\/?s={search_term_string}"},"query-input":{"@type":"PropertyValueSpecification","valueRequired":true,"valueName":"search_term_string"}}],"inLanguage":"de-CH"},{"@type":"Organization","@id":"https:\/\/www.berg-freunde.ch\/blog\/#organization","name":"Bergfreunde","url":"https:\/\/www.berg-freunde.ch\/blog\/","logo":{"@type":"ImageObject","inLanguage":"de-CH","@id":"https:\/\/www.berg-freunde.ch\/blog\/#\/schema\/logo\/image\/","url":"https:\/\/www.berg-freunde.ch\/blog\/wp-content\/uploads\/2023\/12\/Bergfreunde_DE_rgb.svg","contentUrl":"https:\/\/www.berg-freunde.ch\/blog\/wp-content\/uploads\/2023\/12\/Bergfreunde_DE_rgb.svg","caption":"Bergfreunde"},"image":{"@id":"https:\/\/www.berg-freunde.ch\/blog\/#\/schema\/logo\/image\/"},"sameAs":["https:\/\/www.facebook.com\/bergfreunde","https:\/\/www.instagram.com\/bergfreundede\/"]},{"@type":"Person","@id":"https:\/\/www.berg-freunde.ch\/blog\/#\/schema\/person\/0be5fb2399f7af8673f0e675d4964f8d","name":"Lisa","url":"https:\/\/www.berg-freunde.ch\/blog\/about\/lisa-kopas\/"}]}},"_links":{"self":[{"href":"https:\/\/www.berg-freunde.ch\/blog\/wp-json\/wp\/v2\/posts\/128089","targetHints":{"allow":["GET"]}}],"collection":[{"href":"https:\/\/www.berg-freunde.ch\/blog\/wp-json\/wp\/v2\/posts"}],"about":[{"href":"https:\/\/www.berg-freunde.ch\/blog\/wp-json\/wp\/v2\/types\/post"}],"author":[{"embeddable":true,"href":"https:\/\/www.berg-freunde.ch\/blog\/wp-json\/wp\/v2\/users\/18"}],"replies":[{"embeddable":true,"href":"https:\/\/www.berg-freunde.ch\/blog\/wp-json\/wp\/v2\/comments?post=128089"}],"version-history":[{"count":15,"href":"https:\/\/www.berg-freunde.ch\/blog\/wp-json\/wp\/v2\/posts\/128089\/revisions"}],"predecessor-version":[{"id":128666,"href":"https:\/\/www.berg-freunde.ch\/blog\/wp-json\/wp\/v2\/posts\/128089\/revisions\/128666"}],"wp:featuredmedia":[{"embeddable":true,"href":"https:\/\/www.berg-freunde.ch\/blog\/wp-json\/wp\/v2\/media\/128155"}],"wp:attachment":[{"href":"https:\/\/www.berg-freunde.ch\/blog\/wp-json\/wp\/v2\/media?parent=128089"}],"wp:term":[{"taxonomy":"category","embeddable":true,"href":"https:\/\/www.berg-freunde.ch\/blog\/wp-json\/wp\/v2\/categories?post=128089"},{"taxonomy":"post_tag","embeddable":true,"href":"https:\/\/www.berg-freunde.ch\/blog\/wp-json\/wp\/v2\/tags?post=128089"},{"taxonomy":"post_folder","embeddable":true,"href":"https:\/\/www.berg-freunde.ch\/blog\/wp-json\/wp\/v2\/post_folder?post=128089"}],"curies":[{"name":"wp","href":"https:\/\/api.w.org\/{rel}","templated":true}]}}