{"id":130741,"date":"2026-04-24T14:34:29","date_gmt":"2026-04-24T12:34:29","guid":{"rendered":"https:\/\/www.bergfreunde.de\/blog\/?p=130741"},"modified":"2026-04-24T14:34:29","modified_gmt":"2026-04-24T12:34:29","slug":"reparatur-stoic-zelte","status":"publish","type":"post","link":"https:\/\/www.berg-freunde.ch\/blog\/reparatur-stoic-zelte\/","title":{"rendered":"Tipps und Informationen f\u00fcr die Reparatur von STOIC-Zelten"},"content":{"rendered":"\n<p>Unsere Zelte sind f\u00fcr Deine Outdoor-Abenteuer gemacht! Und damit Du Dich dabei aufs Wesentliche \u2013 das Abenteuer n\u00e4mlich \u2013 konzentrieren kannst, ohne Dir Sorgen um Dein Equipment machen zu m\u00fcssen, ist jedem unserer Zelte ein <strong>Reparaturset<\/strong> beigelegt, mit dem Du schnell Erste Hilfe leisten kannst. Das Set findest du im eingen\u00e4hten T\u00e4schchen der Zelttasche mit dem Aufdruck <strong>\u201eREPAIR KIT\u201c<\/strong>. Au\u00dferdem haben wir ein paar Empfehlungen f\u00fcr Dich, wie Du Dein Reparaturset sinnvoll erg\u00e4nzen kannst. F\u00fcr gr\u00f6\u00dfere Reparaturen gibt es bei uns im Shop Reparatur- und Ersatzteile, die Du bei Bedarf nachbestellen kannst.<\/p>\n\n\n\n<p>Im Folgenden Artikel erkl\u00e4ren wir Dir die Reparaturm\u00f6glichkeiten im Detail.<\/p>\n\n\n\n<p>Auf Tour kann am Zelt immer mal etwas kaputt gehen, aber gl\u00fccklicherweise lassen sich die allermeisten Probleme auch unterwegs ziemlich einfach und schnell beheben. F\u00fcr die schnelle erste Hilfe sind im beigelegten Reparaturset die wichtigsten Utensilien f\u00fcr eine Reparatur der g\u00e4ngigsten Sch\u00e4den enthalten:<\/p>\n\n\n\n<ul class=\"wp-block-list\">\n<li><strong>Flicken f\u00fcr Flysheet<\/strong> (=Au\u00dfenzelt) mit selbstklebender Seite<\/li>\n\n\n\n<li><strong>Flicken f\u00fcr Innenzelt<\/strong> mit selbstklebender Seite<\/li>\n\n\n\n<li><strong>Flicken f\u00fcr Mesh<\/strong>, zum Vern\u00e4hen<\/li>\n\n\n\n<li><strong>Repair-Splint<\/strong> (=H\u00fclse aus Metall) f\u00fcr Gest\u00e4nge<\/li>\n<\/ul>\n\n\n\n<p>Zus\u00e4tzlich zu diesem Set empfehlen wir dringend die Mitnahme von <strong>Gaffer-\/Panzertape<\/strong> (oder ein anderes Gewebeklebeband) sowie Nadel und Faden. Achtung: diese Utensilien sind nicht im Reparaturset enthalten, Du musst sie also selbst\u00e4ndig einpacken. Beides nimmt wenig Platz ein, rettet Dir aber im Zweifelsfall Deinen Trip!<\/p>\n\n\n<div class=\"wp-block-image\">\n<figure class=\"aligncenter size-full\"><a href=\"https:\/\/www.bergfreunde.de\/blog\/wp-content\/uploads\/2026\/04\/Stoic-Zelte-reparieren_Zelt-Innenansicht_bearbeitet.jpg\"><img fetchpriority=\"high\" decoding=\"async\" width=\"1920\" height=\"1920\" src=\"https:\/\/www.bergfreunde.de\/blog\/wp-content\/uploads\/2026\/04\/Stoic-Zelte-reparieren_Zelt-Innenansicht_bearbeitet.jpg\" alt=\"Innenansicht STOIC-Zelt\" class=\"wp-image-132565\" srcset=\"https:\/\/www.berg-freunde.ch\/blog\/wp-content\/uploads\/2026\/04\/Stoic-Zelte-reparieren_Zelt-Innenansicht_bearbeitet.jpg 1920w, https:\/\/www.berg-freunde.ch\/blog\/wp-content\/uploads\/2026\/04\/Stoic-Zelte-reparieren_Zelt-Innenansicht_bearbeitet-300x300.jpg 300w, https:\/\/www.berg-freunde.ch\/blog\/wp-content\/uploads\/2026\/04\/Stoic-Zelte-reparieren_Zelt-Innenansicht_bearbeitet-1500x1500.jpg 1500w, https:\/\/www.berg-freunde.ch\/blog\/wp-content\/uploads\/2026\/04\/Stoic-Zelte-reparieren_Zelt-Innenansicht_bearbeitet-150x150.jpg 150w, https:\/\/www.berg-freunde.ch\/blog\/wp-content\/uploads\/2026\/04\/Stoic-Zelte-reparieren_Zelt-Innenansicht_bearbeitet-768x768.jpg 768w, https:\/\/www.berg-freunde.ch\/blog\/wp-content\/uploads\/2026\/04\/Stoic-Zelte-reparieren_Zelt-Innenansicht_bearbeitet-1536x1536.jpg 1536w\" sizes=\"(max-width: 1920px) 100vw, 1920px\" \/><\/a><figcaption class=\"wp-element-caption\">Zelten macht nur Spa\u00df, wenn das Zelt nicht kaputt ist. Mit dem REPAIR KIT von STOIC l\u00e4sst sich das Gr\u00f6bste flicken.<\/figcaption><\/figure>\n<\/div>\n\n\n<p><br><strong>Pack-Tipp:<\/strong> Du kannst Dir eine kleine Menge vom Klebeband abrollen und um sich selbst oder einen Gegenstand Deiner Ausr\u00fcstung z.B. ein Feuerzeug oder eine Gaskartusche wickeln. Am letzten Ende kannst Du die Nadel mit festkleben. So ist sie gut verstaut und kann Dich und deine Ausr\u00fcstung nicht unerwartet stechen.&nbsp;<\/p>\n\n\n\n<div style=\"height:20px\" aria-hidden=\"true\" class=\"wp-block-spacer\"><\/div>\n\n\n\n<h2 class=\"wp-block-heading\" id=\"h-die-reparatur-von-kleinen-rissen-schnitten-und-lochern-im-zelt\">Die Reparatur von kleinen Rissen, Schnitten und L\u00f6chern im Zelt<\/h2>\n\n\n\n<p>Ein h\u00e4ufiger Schaden am Zelt sind <strong>kleine Risse, Schnitte oder L\u00f6cher<\/strong> im Gewebe. Diese k\u00f6nnen beim Transport, beim Aufbau oder w\u00e4hrend der Nutzung entstehen, etwa durch spitze Steine am Boden oder einen Kontakt mit dornigen B\u00fcschen.<\/p>\n\n\n\n<p>Solche kleinen Sch\u00e4den kannst Du mit den Flicken reparieren, die im Reparaturset enthalten sind. F\u00fcr Risse am Innen- oder Au\u00dfenzelt <strong>s\u00e4uberst Du die betroffene Stelle<\/strong> gr\u00fcndlich mit einem feuchten Tuch und, falls zur Hand, einer milden Seife. Stelle danach sicher, dass der Bereich, der repariert werden muss, wieder vollst\u00e4ndig trocken und frei von Schmutz, Fett und Staub ist. W\u00e4hle jetzt den korrekten Flicken, der mit dem besch\u00e4digten Gewebe \u00fcbereinstimmt. Wenn der Schaden sehr klein ist, empfehlen wir, aus dem Flicken mit einer Schere nur so viel herauszuschneiden, wie f\u00fcr die Reparatur notwendig ist. Die Flickenkante sollte aber unbedingt auf allen Seiten <strong>mindestens 1,5cm Abstand zum Loch\/Riss<\/strong> haben. Ziehe nun die Klebefolie von der R\u00fcckseite des Flickens und dr\u00fccke ihn kr\u00e4ftig auf die betroffene Stelle, am besten auf einem harten, glatten Untergrund. Achte hierbei darauf, dass sich keine Luftblasen bilden und der Flicken wirklich satt am Gewebe anliegt. Wenn das Mesh-Gewebe des Innenzeltes betroffen ist, muss der <strong>Flicken vern\u00e4ht <\/strong>werden. Dazu schl\u00e4gst Du die Kanten des Mesh-Flickens um, und n\u00e4hst diesen mit einem Polyesterfaden unter der Verwendung m\u00f6glichst kleiner Stiche \u00fcber die schadhafte Stelle. Sehr kleine Sch\u00e4den im Mesh k\u00f6nnen mit dem n\u00f6tigen Geschick auch ganz ohne Flicken vern\u00e4ht werden.<\/p>\n\n\n<div class=\"wp-block-image\">\n<figure class=\"aligncenter size-full\"><a href=\"https:\/\/www.bergfreunde.de\/blog\/wp-content\/uploads\/2026\/04\/Stoic-Zelte-reparieren_Nahaufnahme-Zeltstoff_bearbeitet.jpg\"><img decoding=\"async\" width=\"1440\" height=\"1440\" src=\"https:\/\/www.bergfreunde.de\/blog\/wp-content\/uploads\/2026\/04\/Stoic-Zelte-reparieren_Nahaufnahme-Zeltstoff_bearbeitet-edited.jpg\" alt=\"Zeltgewebe Nahaufnahme\" class=\"wp-image-132572\" srcset=\"https:\/\/www.berg-freunde.ch\/blog\/wp-content\/uploads\/2026\/04\/Stoic-Zelte-reparieren_Nahaufnahme-Zeltstoff_bearbeitet-edited.jpg 1440w, https:\/\/www.berg-freunde.ch\/blog\/wp-content\/uploads\/2026\/04\/Stoic-Zelte-reparieren_Nahaufnahme-Zeltstoff_bearbeitet-edited-300x300.jpg 300w, https:\/\/www.berg-freunde.ch\/blog\/wp-content\/uploads\/2026\/04\/Stoic-Zelte-reparieren_Nahaufnahme-Zeltstoff_bearbeitet-edited-150x150.jpg 150w, https:\/\/www.berg-freunde.ch\/blog\/wp-content\/uploads\/2026\/04\/Stoic-Zelte-reparieren_Nahaufnahme-Zeltstoff_bearbeitet-edited-768x768.jpg 768w\" sizes=\"(max-width: 1440px) 100vw, 1440px\" \/><\/a><figcaption class=\"wp-element-caption\">Falls mal  kleine L\u00f6cher oder Risse im Zeltgewebe entstehen, ist das kein Weltuntergang.<\/figcaption><\/figure>\n<\/div>\n\n\n<div style=\"height:20px\" aria-hidden=\"true\" class=\"wp-block-spacer\"><\/div>\n\n\n\n<h2 class=\"wp-block-heading\" id=\"h-instandsetzen-eines-gestangebruchs\">Instandsetzen eines Gest\u00e4ngebruchs<\/h2>\n\n\n\n<p>Ein etwas <strong>drastischerer Schaden<\/strong> w\u00e4re ein Gest\u00e4ngebruch. Dieser kann ebenfalls aus Versehen passieren, oder aber auch von einem Sturm verursacht werden.<\/p>\n\n\n\n<p>Um einen Stangenbruch durch Fehlanwendung zu vermeiden, ber\u00fccksichtige bitte unbedingt die enthaltenen <strong>Hinweise zu Handhabung<\/strong> und Aufbau des Zeltes! Besonders beim ultraleichten Gest\u00e4nge unserer UL-Zelte ist ein korrekter Umgang und die Ausrichtung des aufgebauten Zeltes mit der Kopfseite in Windrichtung essenziell f\u00fcr die Langlebigkeit des Produktes.<\/p>\n\n\n\n<p>Geknickte oder gebrochene Zeltstangen sind nicht nur f\u00fcr die Stabilit\u00e4t und Form des Zeltes ein Problem, sondern k\u00f6nnen auch die Zeltw\u00e4nde besch\u00e4digen und im schlimmsten Fall sogar gro\u00dffl\u00e4chig zerrei\u00dfen; daher m\u00fcssen sie sofort Instand gesetzt werden. F\u00fcr diesen Fall ist <strong>im Reparaturset ein Repairsplint<\/strong> (eine \u00fcber die Stangen passende H\u00fclse) enthalten, den Du mittig \u00fcber das gebrochene Gest\u00e4nge-Segment schieben und dieses so \u201eschienen\u201c kannst. Fixiert wird das Ganze dann mit dem <strong>Gewebeklebeband<\/strong>. Achte beim Verkleben darauf, dass beide Kanten des Repairsplints \u00fcberdeckt sind und auch genug Fl\u00e4che des Zeltgest\u00e4nges vom Klebeband umschlossen ist.<\/p>\n\n\n\n<p><strong>Achtung:<\/strong> Dies ist eine solide L\u00f6sung f\u00fcr unterwegs, mit der Du das Zelt auch noch ein paar N\u00e4chte nutzen kannst, jedoch <strong>keine Dauerl\u00f6sung!<\/strong> Gebrochene Gest\u00e4ngeteile sollten so schnell wie m\u00f6glich durch ein intaktes Segment ersetzt werden. Mehr Information dazu findest Du im folgenden Abschnitt.<\/p>\n\n\n\n<div style=\"height:20px\" aria-hidden=\"true\" class=\"wp-block-spacer\"><\/div>\n\n\n\n<h2 class=\"wp-block-heading\" id=\"h-austausch-eines-gebrochenen-segments-im-gestange\">Austausch eines gebrochenen Segments im Gest\u00e4nge<\/h2>\n\n\n\n<p>Der Austausch eines gebrochenen Gest\u00e4ngeteils ist <strong>im folgenden Video<\/strong> detailliert erkl\u00e4rt.<\/p>\n\n\n\n<figure class=\"wp-block-embed is-type-video is-provider-youtube wp-block-embed-youtube wp-embed-aspect-16-9 wp-has-aspect-ratio\"><div class=\"wp-block-embed__wrapper\">\n<iframe title=\"Defektes Gest\u00e4nge tauschen\" width=\"800\" height=\"450\" src=\"https:\/\/www.youtube.com\/embed\/hoeV6KqAx6I?feature=oembed\" frameborder=\"0\" allow=\"accelerometer; autoplay; clipboard-write; encrypted-media; gyroscope; picture-in-picture; web-share\" referrerpolicy=\"strict-origin-when-cross-origin\" allowfullscreen><\/iframe>\n<\/div><\/figure>\n\n\n\n<p>F\u00fcr den Austausch ist das Nachbestellen des passenden Gest\u00e4ngereparatursets notwendig, welche Du im Shop unter folgendem Namen findest:<\/p>\n\n\n\n<p><strong><a href=\"https:\/\/www.bergfreunde.de\/stoic-njavvest-universal-replacement-pole-segments-87-ersatzteil\/\">NjavveSt. Universal Replacement Pole Segments 8.7mm<\/a><\/strong><\/p>\n\n\n\n<ul class=\"wp-block-list\">\n<li>passend f\u00fcr&nbsp;NjavveSt.&nbsp;III&nbsp;2P UL&nbsp;<\/li>\n<\/ul>\n\n\n\n<p><strong><a href=\"https:\/\/www.bergfreunde.de\/stoic-njavvest-universal-replacement-pole-segments-93-ersatzteil\/\" type=\"link\" id=\"https:\/\/www.bergfreunde.de\/stoic-njavvest-universal-replacement-pole-segments-93-ersatzteil\/\">NjavveSt. Universal Replacement Pole Segments 9.3mm<\/a><\/strong><\/p>\n\n\n\n<ul class=\"wp-block-list\">\n<li>passend f\u00fcr&nbsp;NjavveSt. III 3P UL&nbsp;<\/li>\n<\/ul>\n\n\n\n<p><strong><a href=\"https:\/\/www.bergfreunde.de\/stoic-njavvest-universal-replacement-pole-segments-85-ersatzteil\/\" type=\"link\" id=\"https:\/\/www.bergfreunde.de\/stoic-njavvest-universal-replacement-pole-segments-85-ersatzteil\/\">NjavveSt. Universal Replacement Pole Segments 8.5mm<\/a><\/strong><\/p>\n\n\n\n<ul id=\"block-927e2663-5cf1-4d95-81e5-7a4708de55a1\" class=\"wp-block-list\">\n<li>passend&nbsp;f\u00fcr&nbsp;NjavveSt. III 2P&nbsp;&nbsp;<\/li>\n<\/ul>\n\n\n\n<h3 class=\"wp-block-heading\" id=\"h-gestange-reparieren-schritt-fur-schritt-anleitung\">Gest\u00e4nge reparieren: Schritt-f\u00fcr-Schritt-Anleitung<\/h3>\n\n\n\n<p>Nimm Dir das passende Set zur Hand und folge f\u00fcr den Austausch einfach <strong>Schritt f\u00fcr Schritt der Anleitung<\/strong> im Video.&nbsp;<\/p>\n\n\n\n<ol class=\"wp-block-list\">\n<li>Zieh die <strong>elastische&nbsp;Kordel<\/strong>&nbsp;oberhalb des gebrochenen Segments ein St\u00fcck auf Spannung heraus, und knote sie&nbsp;um einen&nbsp;Hering, sodass das Ende der Schnur nicht&nbsp;in das Segment zur\u00fcckrutscht.&nbsp;<\/li>\n\n\n\n<li>Drehe das&nbsp;<strong>pole&nbsp;tip&nbsp;(Endst\u00fcck)<\/strong>&nbsp;am Ende des&nbsp;Gest\u00e4ngearms, der das gebrochene Segment enth\u00e4lt, linksherum auf und ziehe es ein St\u00fcck heraus. Es ist mit einem Knoten an der Elastikkordel befestigt.&nbsp;<\/li>\n\n\n\n<li><strong>\u00d6ffne den Knoten<\/strong> und entferne das Endst\u00fcck.<em>&nbsp;Das kann ein bisschen schwierig sein, da die elastische Kordel den Knoten sehr festzieht. Heringe k\u00f6nnen auch hier helfen: Knote ein St\u00fcck oberhalb wieder einen Hering ein, sodass die Kordel nicht auf Spannung ist und Du leichter am Knoten arbeiten kannst. Au\u00dferdem eignet sich die Spitze vom Hering sehr gut, um den Knoten zu \u00f6ffnen.&nbsp;<\/em>&nbsp;<\/li>\n\n\n\n<li><strong>Ziehe alle intakten Segmente<\/strong> unterhalb, sowie&nbsp;das gebrochene Segment&nbsp;selbst&nbsp;von der Elastikkordel&nbsp;<strong>ab<\/strong>. Lege die Segmente so ab, dass Du sie in der gleichen Reihenfolge wieder zuordnen kannst.&nbsp;(z. B.&nbsp;auf beschriftete Sticker legen)&nbsp;<\/li>\n\n\n\n<li>F\u00e4dele&nbsp;nun das <strong>Ersatz-Segment<\/strong> und alle anderen Segmente&nbsp;in der richtigen Reihenfolge und Ausrichtung&nbsp;wieder auf die Elastikkordel auf.&nbsp;<em>Hier kannst Du f\u00fcr die unteren Segmente wieder den Hering-Trick anwenden, damit Du genug entspannte Kordell\u00e4nge hast, um die Segmente einzuf\u00e4deln.<\/em>&nbsp;<\/li>\n\n\n\n<li><strong>Knote das Endst\u00fcck wieder&nbsp;an&nbsp;die&nbsp;Elastikkordel<\/strong>, ziehe den Knoten ins Gest\u00e4nge hinein und drehe das Endst\u00fcck im Gewinde rechtsherum fest.&nbsp;<\/li>\n\n\n\n<li><strong>\u00d6ffne den Knoten<\/strong> um den&nbsp;oberen&nbsp;Hering.&nbsp;<\/li>\n\n\n\n<li>Der Austausch ist nun abgeschlossen und Dein Gest\u00e4nge wieder voll einsatzbereit!&nbsp;<\/li>\n<\/ol>\n\n\n\n<h3 class=\"wp-block-heading\" id=\"h-endsegment-nbsp-kurzen-nbsp\"><strong>Endsegment&nbsp;k\u00fcrzen:<\/strong>&nbsp;<\/h3>\n\n\n\n<p id=\"h-endsegment-kurzen-bitte-beachte-dass-du-ausschliesslich-segmente-die-nur-auf-einer-seite-einen-vergrosserten-einschub-haben-kurzen-kannst-also-fur-die-endsegmente\"><strong>Bitte&nbsp;beachte,&nbsp;dass&nbsp;Du&nbsp;ausschlie\u00dflich Segmente, die&nbsp;nur&nbsp;auf&nbsp;einer&nbsp;Seite&nbsp;einen&nbsp;vergr\u00f6\u00dferten&nbsp;Einschub&nbsp;haben,&nbsp;k\u00fcrzen&nbsp;kannst, also f\u00fcr die&nbsp;Endsegmente.<\/strong>&nbsp;<\/p>\n\n\n\n<ol class=\"wp-block-list\">\n<li>Markiere die L\u00e4nge des Endsegments mit d\u00fcnnem Filzstift. Am besten ein intaktes Segment derselben L\u00e4nge als Ma\u00dfstab benutzen und die L\u00e4nge \u00fcbertragen.&nbsp;<\/li>\n\n\n\n<li>Das Segment mit einem Rohrschneider&nbsp;k\u00fcrzen. Wenn scharfe Kanten oder Ecken stehenbleiben, diese mit einer Metallfeile oder einem St\u00fcck Schmirgelpapier abschleifen.&nbsp;<\/li>\n<\/ol>\n\n\n\n<div style=\"height:20px\" aria-hidden=\"true\" class=\"wp-block-spacer\"><\/div>\n\n\n\n<h2 class=\"wp-block-heading\" id=\"h-nachbestellbare-reparatur-und-ersatzteile\">Nachbestellbare Reparatur- und Ersatzteile<\/h2>\n\n\n\n<p>Sollten Dir Teile Deines Equipments unwiederbringlich verloren gehen oder komplett zerst\u00f6rt werden, muss auch das nicht das Ende eines Zeltes bedeuten. Denn wir bieten f\u00fcr alle Modelle unserer <strong>STOIC-Zelte Reparatur- und Ersatzteile<\/strong> zum Nachbestellen im Shop an, mit denen Du jeden Schaden und Verlust beheben kannst:<\/p>\n\n\n\n<ul class=\"wp-block-list\">\n<li>Komplettes Innenzelt<\/li>\n\n\n\n<li>Komplettes Flysheet (=Au\u00dfenzelt)<\/li>\n\n\n\n<li>Komplettes Gest\u00e4nge<\/li>\n\n\n\n<li>Gest\u00e4ngereparaturset \/ Pole Set (2 Segmente, 2 Endteile, Elastikkordel)<\/li>\n\n\n\n<li>Heringe + Abspannleinen<\/li>\n\n\n\n<li>Elastikkordel \u2013 Zur Ausbesserung im Gest\u00e4ngesystem oder an Abspannpunkten.<\/li>\n\n\n\n<li>SQ-Ringe \u00ad\u2013 Das sind die Plastikteile am Dach des Innenzeltes, mit denen Du das Innenzeltdach in der Querrichtung an den kugelf\u00f6rmigen Enden des Gest\u00e4nges befestigst.<\/li>\n<\/ul>\n\n\n<div class=\"wp-block-image\">\n<figure class=\"aligncenter size-full\"><a href=\"https:\/\/www.bergfreunde.de\/blog\/wp-content\/uploads\/2026\/04\/Stoic-Zelte-reparieren_Heringe_bearbeitet.jpg\"><img decoding=\"async\" width=\"1920\" height=\"1920\" src=\"https:\/\/www.bergfreunde.de\/blog\/wp-content\/uploads\/2026\/04\/Stoic-Zelte-reparieren_Heringe_bearbeitet.jpg\" alt=\"Heringe und Abspannleinen\" class=\"wp-image-132556\" srcset=\"https:\/\/www.berg-freunde.ch\/blog\/wp-content\/uploads\/2026\/04\/Stoic-Zelte-reparieren_Heringe_bearbeitet.jpg 1920w, https:\/\/www.berg-freunde.ch\/blog\/wp-content\/uploads\/2026\/04\/Stoic-Zelte-reparieren_Heringe_bearbeitet-300x300.jpg 300w, https:\/\/www.berg-freunde.ch\/blog\/wp-content\/uploads\/2026\/04\/Stoic-Zelte-reparieren_Heringe_bearbeitet-1500x1500.jpg 1500w, https:\/\/www.berg-freunde.ch\/blog\/wp-content\/uploads\/2026\/04\/Stoic-Zelte-reparieren_Heringe_bearbeitet-150x150.jpg 150w, https:\/\/www.berg-freunde.ch\/blog\/wp-content\/uploads\/2026\/04\/Stoic-Zelte-reparieren_Heringe_bearbeitet-768x768.jpg 768w, https:\/\/www.berg-freunde.ch\/blog\/wp-content\/uploads\/2026\/04\/Stoic-Zelte-reparieren_Heringe_bearbeitet-1536x1536.jpg 1536w\" sizes=\"(max-width: 1920px) 100vw, 1920px\" \/><\/a><figcaption class=\"wp-element-caption\">Unter anderem Heringe und Abspannleinen sind im Shop nachbestellbar.<\/figcaption><\/figure>\n<\/div>\n\n\n<div style=\"height:20px\" aria-hidden=\"true\" class=\"wp-block-spacer\"><\/div>\n\n\n\n<h2 class=\"wp-block-heading\" id=\"h-pflegetipps\"><strong>Pflegetipps<\/strong><\/h2>\n\n\n\n<p>Abseits von Unf\u00e4llen, Missgeschicken oder Sch\u00e4den kommt es nat\u00fcrlich auch durch die normale Nutzung zu Verschlei\u00df am Zelt. Damit Du an Deinem Zelt lange Freude hast, m\u00f6chten wir Dir noch ein paar Tipps zur Pflege geben.<\/p>\n\n\n\n<p>Neben einem sorgsamen Umgang mit Deiner Ausr\u00fcstung ist es wichtig, das Zelt <strong>nur sauber und trocken<\/strong> zusammenzulegen und einzulagern. Denn wenn sich im gefalteten Zeltmaterial Feuchtigkeit befindet, f\u00fchrt dies beim Einlagern ziemlich schnell zur Bildung von <strong>Stockflecken und Schimmel<\/strong>. Das sieht nicht nur unsch\u00f6n aus, riecht unangenehm und ist gesundheitlich bedenklich, sondern kann au\u00dferdem die Funktion der Zeltmembran und -beschichtung beeintr\u00e4chtigen, sodass die Au\u00dfenh\u00fclle dann nicht mehr wasserdicht ist. <\/p>\n\n\n\n<p>Beim Abbau und vor dem Einpacken sollten also zun\u00e4chst <strong>alles Textil und das gesamte Gest\u00e4nge ges\u00e4ubert <\/strong>werden. Hartn\u00e4ckige Verschmutzungen entfernst Du am besten von Hand mit einem Schwamm oder Tuch. Verwende hierf\u00fcr lauwarmes Wasser und, falls notwendig, eine schonende Seife. Lasse danach das Zeltmaterial gut trocknen! Musst Du Dein Zelt im nassen Zustand abbauen und einpacken, stelle es zuhause nochmal zum Trocknen auf, sodass es nicht feucht eingelagert wird. <\/p>\n\n\n\n<p><strong>Gib Dein Zelt niemals in die Waschmaschine, den Trockner oder eine chemische Reinigung!<\/strong><\/p>\n\n\n\n<p>Stark verschmutzte Abspannleinen kannst Du vom Zelt l\u00f6sen, in einem Wasserbad mit sanftem Waschmittel von Hand waschen und danach gut trocknen lassen.<\/p>\n","protected":false},"excerpt":{"rendered":"<p>Unsere Zelte sind f\u00fcr Deine Outdoor-Abenteuer gemacht! Und damit Du Dich dabei aufs Wesentliche \u2013 das Abenteuer n\u00e4mlich \u2013 konzentrieren kannst, ohne Dir Sorgen um Dein Equipment machen zu m\u00fcssen, ist jedem unserer Zelte ein Reparaturset beigelegt, mit dem Du schnell Erste Hilfe leisten kannst. Das Set findest du im eingen\u00e4hten T\u00e4schchen der Zelttasche mit [&hellip;]<\/p>\n","protected":false},"author":26,"featured_media":132543,"comment_status":"open","ping_status":"closed","sticky":false,"template":"","format":"standard","meta":{"_acf_changed":false,"footnotes":""},"categories":[316,282,291],"tags":[271,274],"post_folder":[],"class_list":["post-130741","post","type-post","status-publish","format-standard","has-post-thumbnail","hentry","category-know-how","category-pflege-reparatur","category-unkategorisiert","tag-camping-reisen","tag-nachhaltig-leben"],"acf":[],"yoast_head":"<!-- This site is optimized with the Yoast SEO Premium plugin v27.4 (Yoast SEO v27.4) - https:\/\/yoast.com\/product\/yoast-seo-premium-wordpress\/ -->\n<title>STOIC-Zelte reparieren - Tipps &amp; Tricks | Bergfreunde Basislager<\/title>\n<meta name=\"description\" content=\"Unsere Zelte sind f\u00fcr Deine Outdoor-Abenteuer gemacht! Und damit Du Dich dabei aufs Wesentliche \u2013 das Abenteuer n\u00e4mlich \u2013 konzentrieren kannst, ohne Dir\" \/>\n<meta name=\"robots\" content=\"index, follow, max-snippet:-1, max-image-preview:large, max-video-preview:-1\" \/>\n<link rel=\"canonical\" href=\"https:\/\/www.berg-freunde.ch\/blog\/reparatur-stoic-zelte\/\" \/>\n<meta property=\"og:locale\" content=\"de_DE\" \/>\n<meta property=\"og:type\" content=\"article\" \/>\n<meta property=\"og:title\" content=\"Tipps und Informationen f\u00fcr die Reparatur von STOIC-Zelten\" \/>\n<meta property=\"og:description\" content=\"Unsere Zelte sind f\u00fcr Deine Outdoor-Abenteuer gemacht! Und damit Du Dich dabei aufs Wesentliche \u2013 das Abenteuer n\u00e4mlich \u2013 konzentrieren kannst, ohne Dir\" \/>\n<meta property=\"og:url\" content=\"https:\/\/www.berg-freunde.ch\/blog\/reparatur-stoic-zelte\/\" \/>\n<meta property=\"og:site_name\" content=\"Bergfreunde\" \/>\n<meta property=\"article:publisher\" content=\"https:\/\/www.facebook.com\/bergfreunde\" \/>\n<meta property=\"article:published_time\" content=\"2026-04-24T12:34:29+00:00\" \/>\n<meta property=\"og:image\" content=\"https:\/\/www.berg-freunde.ch\/blog\/wp-content\/uploads\/2026\/04\/21042026_Stoic-Zelte-reparieren_Titel_bearbeitet.jpg\" \/>\n\t<meta property=\"og:image:width\" content=\"1920\" \/>\n\t<meta property=\"og:image:height\" content=\"1080\" \/>\n\t<meta property=\"og:image:type\" content=\"image\/jpeg\" \/>\n<meta name=\"author\" content=\"Gastautor\" \/>\n<meta name=\"twitter:card\" content=\"summary_large_image\" \/>\n<meta name=\"twitter:label1\" content=\"Geschrieben von\" \/>\n\t<meta name=\"twitter:data1\" content=\"Gastautor\" \/>\n\t<meta name=\"twitter:label2\" content=\"Gesch\u00e4tzte Lesezeit\" \/>\n\t<meta name=\"twitter:data2\" content=\"8\u00a0Minuten\" \/>\n<script type=\"application\/ld+json\" class=\"yoast-schema-graph\">{\"@context\":\"https:\\\/\\\/schema.org\",\"@graph\":[{\"@type\":[\"Article\",\"BlogPosting\"],\"@id\":\"https:\\\/\\\/www.berg-freunde.ch\\\/blog\\\/reparatur-stoic-zelte\\\/#article\",\"isPartOf\":{\"@id\":\"https:\\\/\\\/www.berg-freunde.ch\\\/blog\\\/reparatur-stoic-zelte\\\/\"},\"author\":{\"name\":\"Gastautor\",\"@id\":\"https:\\\/\\\/www.berg-freunde.ch\\\/blog\\\/#\\\/schema\\\/person\\\/6ac3327294ce276d7318b1f9c408382e\"},\"headline\":\"Tipps und Informationen f\u00fcr die Reparatur von STOIC-Zelten\",\"datePublished\":\"2026-04-24T12:34:29+00:00\",\"mainEntityOfPage\":{\"@id\":\"https:\\\/\\\/www.berg-freunde.ch\\\/blog\\\/reparatur-stoic-zelte\\\/\"},\"wordCount\":1698,\"commentCount\":0,\"publisher\":{\"@id\":\"https:\\\/\\\/www.berg-freunde.ch\\\/blog\\\/#organization\"},\"image\":{\"@id\":\"https:\\\/\\\/www.berg-freunde.ch\\\/blog\\\/reparatur-stoic-zelte\\\/#primaryimage\"},\"thumbnailUrl\":\"https:\\\/\\\/www.berg-freunde.ch\\\/blog\\\/wp-content\\\/uploads\\\/2026\\\/04\\\/21042026_Stoic-Zelte-reparieren_Titel_bearbeitet.jpg\",\"keywords\":[\"Camping &amp; Reisen\",\"Nachhaltig leben\"],\"articleSection\":[\"Know-How\",\"Pflege &amp; Reparatur\",\"Unkategorisiert\"],\"inLanguage\":\"de-CH\",\"potentialAction\":[{\"@type\":\"CommentAction\",\"name\":\"Comment\",\"target\":[\"https:\\\/\\\/www.berg-freunde.ch\\\/blog\\\/reparatur-stoic-zelte\\\/#respond\"]}]},{\"@type\":\"WebPage\",\"@id\":\"https:\\\/\\\/www.berg-freunde.ch\\\/blog\\\/reparatur-stoic-zelte\\\/\",\"url\":\"https:\\\/\\\/www.berg-freunde.ch\\\/blog\\\/reparatur-stoic-zelte\\\/\",\"name\":\"STOIC-Zelte reparieren - Tipps & Tricks | Bergfreunde Basislager\",\"isPartOf\":{\"@id\":\"https:\\\/\\\/www.berg-freunde.ch\\\/blog\\\/#website\"},\"primaryImageOfPage\":{\"@id\":\"https:\\\/\\\/www.berg-freunde.ch\\\/blog\\\/reparatur-stoic-zelte\\\/#primaryimage\"},\"image\":{\"@id\":\"https:\\\/\\\/www.berg-freunde.ch\\\/blog\\\/reparatur-stoic-zelte\\\/#primaryimage\"},\"thumbnailUrl\":\"https:\\\/\\\/www.berg-freunde.ch\\\/blog\\\/wp-content\\\/uploads\\\/2026\\\/04\\\/21042026_Stoic-Zelte-reparieren_Titel_bearbeitet.jpg\",\"datePublished\":\"2026-04-24T12:34:29+00:00\",\"description\":\"Unsere Zelte sind f\u00fcr Deine Outdoor-Abenteuer gemacht! Und damit Du Dich dabei aufs Wesentliche \u2013 das Abenteuer n\u00e4mlich \u2013 konzentrieren kannst, ohne Dir\",\"breadcrumb\":{\"@id\":\"https:\\\/\\\/www.berg-freunde.ch\\\/blog\\\/reparatur-stoic-zelte\\\/#breadcrumb\"},\"inLanguage\":\"de-CH\",\"potentialAction\":[{\"@type\":\"ReadAction\",\"target\":[\"https:\\\/\\\/www.berg-freunde.ch\\\/blog\\\/reparatur-stoic-zelte\\\/\"]}]},{\"@type\":\"ImageObject\",\"inLanguage\":\"de-CH\",\"@id\":\"https:\\\/\\\/www.berg-freunde.ch\\\/blog\\\/reparatur-stoic-zelte\\\/#primaryimage\",\"url\":\"https:\\\/\\\/www.berg-freunde.ch\\\/blog\\\/wp-content\\\/uploads\\\/2026\\\/04\\\/21042026_Stoic-Zelte-reparieren_Titel_bearbeitet.jpg\",\"contentUrl\":\"https:\\\/\\\/www.berg-freunde.ch\\\/blog\\\/wp-content\\\/uploads\\\/2026\\\/04\\\/21042026_Stoic-Zelte-reparieren_Titel_bearbeitet.jpg\",\"width\":1920,\"height\":1080,\"caption\":\"Stoic Zelt Titel\"},{\"@type\":\"BreadcrumbList\",\"@id\":\"https:\\\/\\\/www.berg-freunde.ch\\\/blog\\\/reparatur-stoic-zelte\\\/#breadcrumb\",\"itemListElement\":[{\"@type\":\"ListItem\",\"position\":1,\"name\":\"Blog\",\"item\":\"https:\\\/\\\/www.berg-freunde.ch\\\/blog\\\/\"},{\"@type\":\"ListItem\",\"position\":2,\"name\":\"Know-How\",\"item\":\"https:\\\/\\\/www.berg-freunde.ch\\\/blog\\\/category\\\/know-how\\\/\"},{\"@type\":\"ListItem\",\"position\":3,\"name\":\"Pflege &amp; Reparatur\",\"item\":\"https:\\\/\\\/www.berg-freunde.ch\\\/blog\\\/category\\\/know-how\\\/pflege-reparatur\\\/\"},{\"@type\":\"ListItem\",\"position\":4,\"name\":\"Tipps und Informationen f\u00fcr die Reparatur von STOIC-Zelten\"}]},{\"@type\":\"WebSite\",\"@id\":\"https:\\\/\\\/www.berg-freunde.ch\\\/blog\\\/#website\",\"url\":\"https:\\\/\\\/www.berg-freunde.ch\\\/blog\\\/\",\"name\":\"Bergfreunde\",\"description\":\"Blog\",\"publisher\":{\"@id\":\"https:\\\/\\\/www.berg-freunde.ch\\\/blog\\\/#organization\"},\"potentialAction\":[{\"@type\":\"SearchAction\",\"target\":{\"@type\":\"EntryPoint\",\"urlTemplate\":\"https:\\\/\\\/www.berg-freunde.ch\\\/blog\\\/?s={search_term_string}\"},\"query-input\":{\"@type\":\"PropertyValueSpecification\",\"valueRequired\":true,\"valueName\":\"search_term_string\"}}],\"inLanguage\":\"de-CH\"},{\"@type\":\"Organization\",\"@id\":\"https:\\\/\\\/www.berg-freunde.ch\\\/blog\\\/#organization\",\"name\":\"Bergfreunde\",\"url\":\"https:\\\/\\\/www.berg-freunde.ch\\\/blog\\\/\",\"logo\":{\"@type\":\"ImageObject\",\"inLanguage\":\"de-CH\",\"@id\":\"https:\\\/\\\/www.berg-freunde.ch\\\/blog\\\/#\\\/schema\\\/logo\\\/image\\\/\",\"url\":\"https:\\\/\\\/www.berg-freunde.ch\\\/blog\\\/wp-content\\\/uploads\\\/2023\\\/12\\\/Bergfreunde_DE_rgb.svg\",\"contentUrl\":\"https:\\\/\\\/www.berg-freunde.ch\\\/blog\\\/wp-content\\\/uploads\\\/2023\\\/12\\\/Bergfreunde_DE_rgb.svg\",\"caption\":\"Bergfreunde\"},\"image\":{\"@id\":\"https:\\\/\\\/www.berg-freunde.ch\\\/blog\\\/#\\\/schema\\\/logo\\\/image\\\/\"},\"sameAs\":[\"https:\\\/\\\/www.facebook.com\\\/bergfreunde\",\"https:\\\/\\\/www.instagram.com\\\/bergfreundede\\\/\"]},{\"@type\":\"Person\",\"@id\":\"https:\\\/\\\/www.berg-freunde.ch\\\/blog\\\/#\\\/schema\\\/person\\\/6ac3327294ce276d7318b1f9c408382e\",\"name\":\"Gastautor\",\"url\":\"https:\\\/\\\/www.berg-freunde.ch\\\/blog\\\/about\\\/gastautor\\\/\"}]}<\/script>\n<!-- \/ Yoast SEO Premium plugin. -->","yoast_head_json":{"title":"STOIC-Zelte reparieren - Tipps & Tricks | Bergfreunde Basislager","description":"Unsere Zelte sind f\u00fcr Deine Outdoor-Abenteuer gemacht! Und damit Du Dich dabei aufs Wesentliche \u2013 das Abenteuer n\u00e4mlich \u2013 konzentrieren kannst, ohne Dir","robots":{"index":"index","follow":"follow","max-snippet":"max-snippet:-1","max-image-preview":"max-image-preview:large","max-video-preview":"max-video-preview:-1"},"canonical":"https:\/\/www.berg-freunde.ch\/blog\/reparatur-stoic-zelte\/","og_locale":"de_DE","og_type":"article","og_title":"Tipps und Informationen f\u00fcr die Reparatur von STOIC-Zelten","og_description":"Unsere Zelte sind f\u00fcr Deine Outdoor-Abenteuer gemacht! Und damit Du Dich dabei aufs Wesentliche \u2013 das Abenteuer n\u00e4mlich \u2013 konzentrieren kannst, ohne Dir","og_url":"https:\/\/www.berg-freunde.ch\/blog\/reparatur-stoic-zelte\/","og_site_name":"Bergfreunde","article_publisher":"https:\/\/www.facebook.com\/bergfreunde","article_published_time":"2026-04-24T12:34:29+00:00","og_image":[{"width":1920,"height":1080,"url":"https:\/\/www.berg-freunde.ch\/blog\/wp-content\/uploads\/2026\/04\/21042026_Stoic-Zelte-reparieren_Titel_bearbeitet.jpg","type":"image\/jpeg"}],"author":"Gastautor","twitter_card":"summary_large_image","twitter_misc":{"Geschrieben von":"Gastautor","Gesch\u00e4tzte Lesezeit":"8\u00a0Minuten"},"schema":{"@context":"https:\/\/schema.org","@graph":[{"@type":["Article","BlogPosting"],"@id":"https:\/\/www.berg-freunde.ch\/blog\/reparatur-stoic-zelte\/#article","isPartOf":{"@id":"https:\/\/www.berg-freunde.ch\/blog\/reparatur-stoic-zelte\/"},"author":{"name":"Gastautor","@id":"https:\/\/www.berg-freunde.ch\/blog\/#\/schema\/person\/6ac3327294ce276d7318b1f9c408382e"},"headline":"Tipps und Informationen f\u00fcr die Reparatur von STOIC-Zelten","datePublished":"2026-04-24T12:34:29+00:00","mainEntityOfPage":{"@id":"https:\/\/www.berg-freunde.ch\/blog\/reparatur-stoic-zelte\/"},"wordCount":1698,"commentCount":0,"publisher":{"@id":"https:\/\/www.berg-freunde.ch\/blog\/#organization"},"image":{"@id":"https:\/\/www.berg-freunde.ch\/blog\/reparatur-stoic-zelte\/#primaryimage"},"thumbnailUrl":"https:\/\/www.berg-freunde.ch\/blog\/wp-content\/uploads\/2026\/04\/21042026_Stoic-Zelte-reparieren_Titel_bearbeitet.jpg","keywords":["Camping &amp; Reisen","Nachhaltig leben"],"articleSection":["Know-How","Pflege &amp; Reparatur","Unkategorisiert"],"inLanguage":"de-CH","potentialAction":[{"@type":"CommentAction","name":"Comment","target":["https:\/\/www.berg-freunde.ch\/blog\/reparatur-stoic-zelte\/#respond"]}]},{"@type":"WebPage","@id":"https:\/\/www.berg-freunde.ch\/blog\/reparatur-stoic-zelte\/","url":"https:\/\/www.berg-freunde.ch\/blog\/reparatur-stoic-zelte\/","name":"STOIC-Zelte reparieren - Tipps & Tricks | Bergfreunde Basislager","isPartOf":{"@id":"https:\/\/www.berg-freunde.ch\/blog\/#website"},"primaryImageOfPage":{"@id":"https:\/\/www.berg-freunde.ch\/blog\/reparatur-stoic-zelte\/#primaryimage"},"image":{"@id":"https:\/\/www.berg-freunde.ch\/blog\/reparatur-stoic-zelte\/#primaryimage"},"thumbnailUrl":"https:\/\/www.berg-freunde.ch\/blog\/wp-content\/uploads\/2026\/04\/21042026_Stoic-Zelte-reparieren_Titel_bearbeitet.jpg","datePublished":"2026-04-24T12:34:29+00:00","description":"Unsere Zelte sind f\u00fcr Deine Outdoor-Abenteuer gemacht! Und damit Du Dich dabei aufs Wesentliche \u2013 das Abenteuer n\u00e4mlich \u2013 konzentrieren kannst, ohne Dir","breadcrumb":{"@id":"https:\/\/www.berg-freunde.ch\/blog\/reparatur-stoic-zelte\/#breadcrumb"},"inLanguage":"de-CH","potentialAction":[{"@type":"ReadAction","target":["https:\/\/www.berg-freunde.ch\/blog\/reparatur-stoic-zelte\/"]}]},{"@type":"ImageObject","inLanguage":"de-CH","@id":"https:\/\/www.berg-freunde.ch\/blog\/reparatur-stoic-zelte\/#primaryimage","url":"https:\/\/www.berg-freunde.ch\/blog\/wp-content\/uploads\/2026\/04\/21042026_Stoic-Zelte-reparieren_Titel_bearbeitet.jpg","contentUrl":"https:\/\/www.berg-freunde.ch\/blog\/wp-content\/uploads\/2026\/04\/21042026_Stoic-Zelte-reparieren_Titel_bearbeitet.jpg","width":1920,"height":1080,"caption":"Stoic Zelt Titel"},{"@type":"BreadcrumbList","@id":"https:\/\/www.berg-freunde.ch\/blog\/reparatur-stoic-zelte\/#breadcrumb","itemListElement":[{"@type":"ListItem","position":1,"name":"Blog","item":"https:\/\/www.berg-freunde.ch\/blog\/"},{"@type":"ListItem","position":2,"name":"Know-How","item":"https:\/\/www.berg-freunde.ch\/blog\/category\/know-how\/"},{"@type":"ListItem","position":3,"name":"Pflege &amp; Reparatur","item":"https:\/\/www.berg-freunde.ch\/blog\/category\/know-how\/pflege-reparatur\/"},{"@type":"ListItem","position":4,"name":"Tipps und Informationen f\u00fcr die Reparatur von STOIC-Zelten"}]},{"@type":"WebSite","@id":"https:\/\/www.berg-freunde.ch\/blog\/#website","url":"https:\/\/www.berg-freunde.ch\/blog\/","name":"Bergfreunde","description":"Blog","publisher":{"@id":"https:\/\/www.berg-freunde.ch\/blog\/#organization"},"potentialAction":[{"@type":"SearchAction","target":{"@type":"EntryPoint","urlTemplate":"https:\/\/www.berg-freunde.ch\/blog\/?s={search_term_string}"},"query-input":{"@type":"PropertyValueSpecification","valueRequired":true,"valueName":"search_term_string"}}],"inLanguage":"de-CH"},{"@type":"Organization","@id":"https:\/\/www.berg-freunde.ch\/blog\/#organization","name":"Bergfreunde","url":"https:\/\/www.berg-freunde.ch\/blog\/","logo":{"@type":"ImageObject","inLanguage":"de-CH","@id":"https:\/\/www.berg-freunde.ch\/blog\/#\/schema\/logo\/image\/","url":"https:\/\/www.berg-freunde.ch\/blog\/wp-content\/uploads\/2023\/12\/Bergfreunde_DE_rgb.svg","contentUrl":"https:\/\/www.berg-freunde.ch\/blog\/wp-content\/uploads\/2023\/12\/Bergfreunde_DE_rgb.svg","caption":"Bergfreunde"},"image":{"@id":"https:\/\/www.berg-freunde.ch\/blog\/#\/schema\/logo\/image\/"},"sameAs":["https:\/\/www.facebook.com\/bergfreunde","https:\/\/www.instagram.com\/bergfreundede\/"]},{"@type":"Person","@id":"https:\/\/www.berg-freunde.ch\/blog\/#\/schema\/person\/6ac3327294ce276d7318b1f9c408382e","name":"Gastautor","url":"https:\/\/www.berg-freunde.ch\/blog\/about\/gastautor\/"}]}},"_links":{"self":[{"href":"https:\/\/www.berg-freunde.ch\/blog\/wp-json\/wp\/v2\/posts\/130741","targetHints":{"allow":["GET"]}}],"collection":[{"href":"https:\/\/www.berg-freunde.ch\/blog\/wp-json\/wp\/v2\/posts"}],"about":[{"href":"https:\/\/www.berg-freunde.ch\/blog\/wp-json\/wp\/v2\/types\/post"}],"author":[{"embeddable":true,"href":"https:\/\/www.berg-freunde.ch\/blog\/wp-json\/wp\/v2\/users\/26"}],"replies":[{"embeddable":true,"href":"https:\/\/www.berg-freunde.ch\/blog\/wp-json\/wp\/v2\/comments?post=130741"}],"version-history":[{"count":9,"href":"https:\/\/www.berg-freunde.ch\/blog\/wp-json\/wp\/v2\/posts\/130741\/revisions"}],"predecessor-version":[{"id":132778,"href":"https:\/\/www.berg-freunde.ch\/blog\/wp-json\/wp\/v2\/posts\/130741\/revisions\/132778"}],"wp:featuredmedia":[{"embeddable":true,"href":"https:\/\/www.berg-freunde.ch\/blog\/wp-json\/wp\/v2\/media\/132543"}],"wp:attachment":[{"href":"https:\/\/www.berg-freunde.ch\/blog\/wp-json\/wp\/v2\/media?parent=130741"}],"wp:term":[{"taxonomy":"category","embeddable":true,"href":"https:\/\/www.berg-freunde.ch\/blog\/wp-json\/wp\/v2\/categories?post=130741"},{"taxonomy":"post_tag","embeddable":true,"href":"https:\/\/www.berg-freunde.ch\/blog\/wp-json\/wp\/v2\/tags?post=130741"},{"taxonomy":"post_folder","embeddable":true,"href":"https:\/\/www.berg-freunde.ch\/blog\/wp-json\/wp\/v2\/post_folder?post=130741"}],"curies":[{"name":"wp","href":"https:\/\/api.w.org\/{rel}","templated":true}]}}