{"id":64228,"date":"2022-10-11T15:00:00","date_gmt":"2022-10-11T13:00:00","guid":{"rendered":"https:\/\/www.bergfreunde.de\/blog\/herbsttour-im-isarwinkel\/"},"modified":"2022-10-11T15:00:00","modified_gmt":"2022-10-11T13:00:00","slug":"herbsttour-im-isarwinkel","status":"publish","type":"post","link":"https:\/\/www.berg-freunde.ch\/blog\/herbsttour-im-isarwinkel\/","title":{"rendered":"Alpen Light &#8211; Herbstliche Wanderungen und Bergtouren im Isarwinkel"},"content":{"rendered":"<div class=\"wp-block-image\">\n<figure class=\"alignright is-resized\"><a href=\"https:\/\/www.bergfreunde.de\/blog\/wp-content\/uploads\/2021\/05\/Herbsttour-Isarwinkel-Isarwinkel.jpg\"><img fetchpriority=\"high\" decoding=\"async\" src=\"https:\/\/www.bergfreunde.de\/blog\/wp-content\/uploads\/2021\/05\/Herbsttour-Isarwinkel-Isarwinkel-300x225.jpg\" alt=\"Auch im Herbst gibt es noch einige sch\u00f6ne Bergtouren.\" class=\"wp-image-39454\" width=\"350\" height=\"263\"\/><\/a><figcaption>Herbstzeit bedeutet nicht gleich, dass die <a href=\"https:\/\/www.berg-freunde.ch\/wanderschuhe\/\">Wanderschuhe<\/a> im Schuhregal verschwinden m\u00fcssen. Ganz im Gegenteil!<\/figcaption><\/figure>\n<\/div>\n\n\n<p>Schon steht der Herbst vor der T\u00fcr. Doch kein Grund zur Traurigkeit, denn nun k\u00f6nnen endlich die Touren angegangen werden, die im Sommer vielleicht zu hei\u00df waren oder mit denen man die Wandersaison nun gem\u00fctlich ausklingen lassen kann. So wie im <strong>Isarwinkel<\/strong>.<\/p>\n\n\n\n<p>Denn im Isarwinkel ist man hierf\u00fcr genau richtig.\u00a0Das Gebiet ist relativ \u00fcberschaubar und quasi der Vorreiter des Karwendels. Die Gipfel sind hier gem\u00e4\u00dfigt und halten f\u00fcr jede <strong>Altersstufe<\/strong>, sowie f\u00fcr jede <strong>Kondition <\/strong>etwas Spannendes bereit.<\/p>\n\n\n\n<p>Wie der Name schon verr\u00e4t, ist der Isarwinkel eine <strong>oberbayrische Region<\/strong>, die sich an der Isar n\u00f6rdlich entlang, in Richtung M\u00fcnchen, erstreckt. Die zahlreichen Seen (wie dem <strong>Wachensee <\/strong>und dem <strong>Tegernsee<\/strong>) bietet das Gebiet zwischen Seen- und Gipfelausblicken eine Menge Abwechslung. <\/p>\n\n\n\n<p>Die meisten Gipfel im Isarwinkel kratzen an der <strong>2000 Meter Marke<\/strong>, doch es gibt auch mehrere Seilbahnen, mit denen man sich ein paar H\u00f6henmeter einsparen und die gem\u00fctliche Almenwelt genie\u00dfen kann.<\/p>\n\n\n\n<h2 class=\"wp-block-heading\" id=\"h-kurz-und-knackig-der-herzogstand\"><strong>Kurz und knackig &#8211; der Herzogstand<\/strong><\/h2>\n\n\n\n<p>Einen wundersch\u00f6nen Rundblick auf den Walchen- und Kochelsee erh\u00e4lt man \u00fcber den Gipfel\u00a0des <strong>Herzogstands (1731 m)<\/strong>. Um den beliebten M\u00fcnchner Hausberg zu erreichen, f\u00e4hrt man die Autobahn 95 nach Garmisch, f\u00e4hrt an der Ausfahrt Murnau\/Kochel ab und biegt danach in Richtung Kochel am See ab. <\/p>\n\n\n\n<p>Von dort aus f\u00e4hrt man dann nur noch Richtung Walchensee. Der Weg f\u00fchrt \u00fcber die Serpentinen zum Kesselberg und danach zum Ort<strong> Walchensee<\/strong>. Dort gibt es direkt an der <strong>Seilbahn Herzogstand<\/strong> einen gro\u00dfen ausgeschilderten <strong>Parkplatz<\/strong>, auf welchem das Auto geparkt werden kann. <\/p>\n\n\n\n<p>Da es allerdings in dem kleinen Ort nur <strong>begrenzte Parkm\u00f6glichkeiten<\/strong> gibt, wird neben dem Parkplatz noch eine gro\u00dfe Wiese freigegeben. Also ihr k\u00f6nnt gewiss sein &#8211; einen Parkplatz findet man dort immer. Zudem ist ein <strong>Tagesparkticket von 3\u20ac <\/strong>ziemlich erschwinglich.<\/p>\n\n\n<div class=\"wp-block-image\">\n<figure class=\"alignright is-resized\"><a href=\"https:\/\/www.bergfreunde.de\/blog\/wp-content\/uploads\/2021\/05\/Herbsttour-Isarwinkel-Walchensee.jpg\"><img decoding=\"async\" src=\"https:\/\/www.bergfreunde.de\/blog\/wp-content\/uploads\/2021\/05\/Herbsttour-Isarwinkel-Walchensee-300x225.jpg\" alt=\"Der Walchensee ist auch im Herbst eine Augenweide. \" class=\"wp-image-39456\" width=\"351\" height=\"264\"\/><\/a><figcaption>Auch mit verf\u00e4rbten Bl\u00e4ttern am Uferrand sieht der Walchensee wundersch\u00f6n aus!<\/figcaption><\/figure>\n<\/div>\n\n\n<p>Von dem Parkplatz aus geht man nun, folglich der <strong>Beschilderung<\/strong>, nach rechts in den Welt hinein. Dabei nimmt die H\u00f6he z\u00fcgig an. Nach kurzer Zeit quert man unter der Seilbahn und hat bereits jetzt schon einen umwerfenden Ausblick auf den <strong>Walchensee<\/strong>.<\/p>\n\n\n\n<p>Weiter f\u00fchrt der schmale Steig stetig bergauf und durch bewaldetes Gebiet, bis es schlie\u00dflich etwas flacher wird und man den Berg leicht umrundet.<\/p>\n\n\n\n<p>Zwei <strong>kleinere Wasserf\u00e4lle<\/strong> laden zu einer kleinen Erfrischung ein, bevor es noch einmal mit den Stufen, die zum Herzogstand Haus f\u00fchren, steil wird. Das <strong>Berggasthaus<\/strong> ist so gut wie das ganze Jahr bewirtschaftet (abgesehen der Zeit von Ende November bis Mitte Januar) und h\u00e4lt eine <strong>gro\u00dfz\u00fcgige Sonnenterrasse<\/strong> f\u00fcr zahlreiche Besucher bereit. Entweder st\u00e4rkt man sich hier sofort oder spart sich den Appetit f\u00fcr sp\u00e4ter, denn der eigentliche Gipfel wartet ja noch.<\/p>\n\n\n\n<p>Um den Gipfel zu erreichen folgt man dem breiten Forstweg, der \u00fcber den Herzogstand und die letzten Serpentinen f\u00fchrt. Am Gipfel bietet sich nun ein <strong>grandioser Rundblick<\/strong> auf den&nbsp;Kochelsee und das Flachland um M\u00fcnchen. Bei guten Wetterbedingungen sieht man auch den Starnberger See, Staffelsee und Ammersee. Und auf der anderen Seite blickt man, mit den Gipfel des Karwendels im Hintergrund, direkt auf den Walchensee.<\/p>\n\n\n\n<h3 class=\"wp-block-heading\" id=\"h-herzogstand\"><strong>Herzogstand<\/strong><\/h3>\n\n\n\n<ul class=\"wp-block-list\"><li>Ausgangspunkt: Walchensee Parkplatz bei Herzogstandbahn (Geb\u00fchr 3\u20ac)<\/li><li>H\u00f6henmeter: ca. 840 hm<\/li><li><a href=\"https:\/\/www.berg-freunde.ch\/gehzeit-rechner\/\">Gehzeit<\/a>: gesamt etwa 4 Stunden<\/li><li>Kondition: mittel<\/li><li>Familienfreundlich<\/li><\/ul>\n\n\n\n<h2 class=\"wp-block-heading\" id=\"h-lang-und-noch-knackiger-herzogstand-mit-gratuberschreitung\"><strong>Lang und noch knackiger &#8211; Herzogstand mit Grat\u00fcberschreitung<\/strong><\/h2>\n\n\n<div class=\"wp-block-image\">\n<figure class=\"alignright is-resized\"><a href=\"https:\/\/www.bergfreunde.de\/blog\/wp-content\/uploads\/2021\/05\/Herbsttour-Isarwinkel-Gipfelkreuz.jpg\"><img decoding=\"async\" src=\"https:\/\/www.bergfreunde.de\/blog\/wp-content\/uploads\/2021\/05\/Herbsttour-Isarwinkel-Gipfelkreuz-300x225.jpg\" alt=\"Am Gipfelkreuz angekommen.\" class=\"wp-image-39449\" width=\"351\" height=\"265\"\/><\/a><figcaption>Oben angekommen hei\u00dft es erstmal die Aussicht genie\u00dfen.<\/figcaption><\/figure>\n<\/div>\n\n\n<p>Wer immer noch nicht genug hat, kann nun die \u00dcberschreitung des Grats angehen und einen zweiten Gipfel sammeln. Der <strong>Heimgarten (1790 m) <\/strong>ist ein weiterer Klassiker der Voralpen und bietet eine ausgiebige Wanderung im Naherholungsgebiet Isarwinkel. <\/p>\n\n\n\n<p>Er wird meistens in Verbindung mit einer <strong>Rundtour<\/strong> <strong>vom Herzogstand<\/strong> aus begangen. Da man f\u00fcr diese anspruchsvolle Tour knapp <strong>5,5 Stunden <\/strong>einplanen muss, sollte man, vor allem wenn die Tage k\u00fcrzer werden, <strong>fr\u00fchzeitig<\/strong> dran sein.<\/p>\n\n\n\n<p>Die ambitionierten Wanderer gehen einfach den Weg vom Herzogstand <strong>\u00fcber den Grat<\/strong> weiter. Der Weg ist dabei eher ein Pfad, der allerdings mit guter Sicherung genossen werden kann. Am Grat selbst erwarten einen nur wenige H\u00f6henmeter. Den letzten Aufschwung bietet wiederum die bewaldete Flanke vom Heimgarten.<\/p>\n\n\n\n<p>Am Gipfel angekommen, kann der Grat nochmal bewundert und der Rundblick ausgekostet werden.<\/p>\n\n\n\n<p>F\u00fcr den <strong>Abstieg<\/strong> folgt man dem <strong>gut beschilderten, einfachen Weg<\/strong>, l\u00e4sst das Heimgartenhaus hinter sich und biegt in den Wald Richtung Tal ab. Der Steig wird nun wieder zum Forstweg und man folg dem Tal bis man wieder am Parkplatz angekommen ist.<\/p>\n\n\n\n<p><strong>Alternativ<\/strong> kann man die Rundtour auch mit dem Heimgarten beginnen und am Ende \u00fcber die knieschonenden Variante der <strong>Seilbahn<\/strong> ins Tal gelangen. Eine <strong>Talfahrt <\/strong>kostet&nbsp;etwa 7\u20ac.<\/p>\n\n\n\n<h3 class=\"wp-block-heading\" id=\"h-herzogstand-heimgarten-rundtour\"><strong>Herzogstand Heimgarten Rundtour<\/strong><\/h3>\n\n\n\n<ul class=\"wp-block-list\"><li>Ausgangspunkt: Walchensee Parkplatz bei Herzogstandbahn (Geb\u00fchr 3\u20ac)<\/li><li>H\u00f6henmeter: ca. 1200 hm<\/li><li>Gehzeit: gesamt etwa 5:30 Stunden<\/li><li>Kondition: schwer wegen L\u00e4nge der Tour<\/li><li>Trittsicherheit und Schwindelfreiheit unbedingt erforderlich; bedingt familienfreundlich<\/li><li>Alternativ: Herzogstandbahn f\u00fcr Auf- oder Abstieg (pro Fahrt etwa 7\u20ac)<\/li><\/ul>\n\n\n\n<h2 class=\"wp-block-heading\" id=\"h-alpin-im-alpenvorland-auf-dem-ross-und-buchstein\"><strong>Alpin im Alpenvorland auf dem Ro\u00df- und Buchstein<\/strong><\/h2>\n\n\n<div class=\"wp-block-image\">\n<figure class=\"alignright is-resized\"><a href=\"https:\/\/www.bergfreunde.de\/blog\/wp-content\/uploads\/2021\/05\/Herbsttour-Isarwinkel-Ross-und-Buchstein-2.jpg\"><img loading=\"lazy\" decoding=\"async\" src=\"https:\/\/www.bergfreunde.de\/blog\/wp-content\/uploads\/2021\/05\/Herbsttour-Isarwinkel-Ross-und-Buchstein-2-300x225.jpg\" alt=\"Der Ro\u00df- und Buchstein (1700m).\" class=\"wp-image-39457\" width=\"351\" height=\"264\"\/><\/a><figcaption>Ziemlich majest\u00e4tisch: Der Ro\u00df- und Buchstein (1700m).<\/figcaption><\/figure>\n<\/div>\n\n\n<p>Vom Herzogstand aus hat man auch einen wunderbaren Blick in das gr\u00fcne <strong>Tal der Jachenau<\/strong> und die dahinter liegenden Berge. Un\u00fcbersehbar ist dabei derjenige Berg, der den Wanderer im Isarwinkel mit einem Doppelgipfel und einem kleinen Felsturm anlacht. <\/p>\n\n\n\n<p>Es handelt sich um den\u00a0<strong>Ro\u00df- und Buchstein (1700 m)<\/strong>, der sich in den Tegernseer Bergen\u00a0befindet. Da er keine Nebengipfel hat und sich auch in keine Gebirgskette eingliedert ist er auffallend und reizvoll.<\/p>\n\n\n\n<p>Den k\u00fcrzesten Aufstieg beginnt man in <strong>Bayerwald bei Kreuth<\/strong>. Dazu verl\u00e4sst man die Autobahn Salzburg bei Holzkirchen und f\u00e4hrt am Tegernsee entlang nach Kreuth (Richtung Achensee). <\/p>\n\n\n\n<p>Etwa 8 Kilometer nach Kreuth kommt direkt neben der B317 der <strong>Parkplatz Bayerwald<\/strong>. Hier kann das Auto geparkt werden. Auch hier ist an gut frequentierten Tagen immer noch ein Platz frei und f\u00fcr eine geringe Geb\u00fchr kann hier sogar <strong>mit dem Camper<\/strong> \u00fcbernachtet werden.<\/p>\n\n\n\n<p>Der Pfad f\u00fcr den<strong> Aufstieg<\/strong> ist gut beschildert und f\u00fchrt \u00fcber Stufen relativ steil bergauf. Nach einiger Zeit wird das Gel\u00e4nde flacher. Man \u00fcberquert einen Bach und geht durch einen alpinen Mischwald. Danach folgt eine kleine H\u00fctte und etwas sp\u00e4ter die <strong>Sonnenberg Almen<\/strong>, die im Sommer bewirtschaftet ist. <\/p>\n\n\n\n<p>Von hier aus hat man das Ziel nun fest im Blick. Links der Ro\u00dfstein, in der Mitte, wie ein Adlerhorst, die Tegernseer H\u00fctte und rechts der Buchstein.\u00a0Davor steht die kleine, felsige <strong>Ro\u00dfsteinnadel<\/strong>, die nur mit <strong>Kletterausr\u00fcstung<\/strong> bezwungen werden kann.<\/p>\n\n\n\n<p>\u00dcber die Almenwiesen geht man nun zum eigentlichen Berg hin\u00fcber. Hierf\u00fcr kann man sich zwischen <strong>zwei Varianten<\/strong> entscheiden: <\/p>\n\n\n\n<p>Einer <strong>einfacheren Variante<\/strong>, die um den Berg herum auf den Gipfel f\u00fchrt, und einer schwierigeren Variante, die \u00fcber Drahtseilversicherungen von vorne direkt nach oben geht. Wird der leichtere Weg gew\u00e4hlt, sollte eine <strong>zus\u00e4tzliche halbe Stunde<\/strong> eingeplant werden. Ein <a href=\"https:\/\/www.berg-freunde.ch\/klettersteigsets\/\">Klettersteigset<\/a> ist f\u00fcr den Steig jedoch nicht n\u00f6tig, zumindest solange man absolut schwindelfrei und trittsicher unterwegs ist.<\/p>\n\n\n<div class=\"wp-block-image\">\n<figure class=\"alignright is-resized\"><a href=\"https:\/\/www.bergfreunde.de\/blog\/wp-content\/uploads\/2021\/05\/Herbsttour-Isarwinkel-Tegernseer-Huette.jpg\"><img loading=\"lazy\" decoding=\"async\" src=\"https:\/\/www.bergfreunde.de\/blog\/wp-content\/uploads\/2021\/05\/Herbsttour-Isarwinkel-Tegernseer-Huette-300x225.jpg\" alt=\"Auf der Tegernseer H\u00fctte soll es eins der besten Biere der Region geben.\" class=\"wp-image-39453\" width=\"351\" height=\"263\"\/><\/a><figcaption>Man munkelt, dass es auf der Tegernseer H\u00fctte eines der besten Biere der Region gibt. &#8211; Also nichts wie hin und ausprobieren, oder?<\/figcaption><\/figure>\n<\/div>\n\n\n<p>Man erreicht nun die Scharte der\u00a0Tegernseer H\u00fctte und biegt nach links auf den ersten Gipfel ab. Von dort oben hat man noch einmal die exponierte Lage der H\u00fctte, sowie einen <strong>tollen Ausblick<\/strong> auf die Jachenau, den Herzogstand, den Karwendel und den Achensee.<\/p>\n\n\n\n<p>Die <strong>Tegernseer H\u00fctte<\/strong> h\u00e4lt viele K\u00f6stlichkeiten bereit und es wird gemunkelt, dass es dort eines der <strong>besten Biere der Region&nbsp;<\/strong>gibt. Die H\u00fctte ist ab dem zweiten Wochenende im Mai bis Anfang November bewirtschaftet.<\/p>\n\n\n\n<p><strong>Kletter-Freaks<\/strong> k\u00f6nnen von hier aus noch eine Station weiter auf den<strong> Buchstein<\/strong> gehen. Direkt hinter der H\u00fctte f\u00fchrt ein breiter Kamin, mit Klettereien bis zum zweiten Schwierigkeitsgrad UIAA,\u00a0zum Gipfel. <\/p>\n\n\n\n<p>Bei N\u00e4sse sollte man diesen Weg allerdings unbedingt meiden und stets <strong>auf Steinschlag achten<\/strong>, da sich unterhalb des Gipfels einige Kletterrouten befinden. Generell lockt das Ro\u00df- und Buchsteingebiet mit <strong>Kletterrouten von leicht bis verdammt schwer<\/strong> und l\u00e4dt durch die s\u00fcdliche Ausrichtung der W\u00e4nde vor allem im Herbst zu sch\u00f6nen Klettertagen ein.<\/p>\n\n\n\n<p>Der <strong>Abstieg<\/strong> f\u00fchrt \u00fcber Weg des Aufstieges. Hat man den Parkplatz wieder erreicht, liefert dort der kleine Bach eine willkommene <strong>Abk\u00fchlung<\/strong>. Wer etwas abgeh\u00e4rtet ist oder Abh\u00e4rtung m\u00f6chte, kann auch noch schnell in den Tegernsee h\u00fcpfen, der auch Anfang Herbst noch angenehme Temperaturen hat.<\/p>\n\n\n\n<h3 class=\"wp-block-heading\" id=\"h-ross-und-buchstein\"><strong>Ro\u00df- und Buchstein<\/strong><\/h3>\n\n\n\n<ul class=\"wp-block-list\"><li>Ausgangspunkt: Parkplatz Bayerwald an B317 (Geb\u00fchrenpflichtig)<\/li><li>H\u00f6henmeter: ca. 850 hm<\/li><li>Gehzeit: gesamt etwa 4:30 Stunden<\/li><li>Kondition: mittel (Ausnahme Buchstein: schwer)<\/li><li>Drahtseilversicherungen am Steig; Klettern bis 2 UIAA auf Buchstein; bedingt familienfreundlich<\/li><\/ul>\n\n\n\n<h2 class=\"wp-block-heading\" id=\"h-anfanger-oder-profi-am-brauneck-trifft-man-jeden\"><strong>Anf\u00e4nger oder Profi &#8211; am Brauneck trifft man jeden<\/strong><\/h2>\n\n\n<div class=\"wp-block-image\">\n<figure class=\"alignright is-resized\"><a href=\"https:\/\/www.bergfreunde.de\/blog\/wp-content\/uploads\/2021\/05\/Herbsttour-Isarwinkel-Brauneck-2.jpg\"><img loading=\"lazy\" decoding=\"async\" src=\"https:\/\/www.bergfreunde.de\/blog\/wp-content\/uploads\/2021\/05\/Herbsttour-Isarwinkel-Brauneck-2-300x225.jpg\" alt=\"Die Alpendohle verfolgt einen bei der Tour auf Schritt und Tritt.\" class=\"wp-image-39460\" width=\"351\" height=\"264\"\/><\/a><figcaption>Die Alpendohle ist ein liebenswerter Begleiter w\u00e4hrend der Tour &#8211; vor allem wenn man etwas zum Essen f\u00fcr sie dabei hat ;-)<\/figcaption><\/figure>\n<\/div>\n\n\n<p>Doch der Ro\u00df- und Buchstein ist nicht der einzige auff\u00e4llige Berg im Isarwinkel. Wenn man von M\u00fcnchen aus ins Alpenvorland f\u00e4hrt, sticht ein weiteres Massiv ins Auge: Das <strong>Brauneck mit der Benediktenwand<\/strong>.<\/p>\n\n\n\n<p>Durch die gute Erreichbarkeit ist hier im Sommer und Winter immer etwas los und auch <strong>eine Menge geboten<\/strong>.\u00a0Neben einem <strong>Hochseilgarten<\/strong>, einer <strong>Rodelbahn <\/strong>und einer <strong>Crossstrecke <\/strong>f\u00fcr Biker,\u00a0gibt es auch die M\u00f6glichkeit den Isarwinkel und die Almenwelt von oben per\u00a0<strong>Gleitschirm\u00a0<\/strong>zu bewundern.<\/p>\n\n\n\n<p>Das <strong>Brauneck (1556 m) <\/strong>selbst wird am h\u00e4ufigsten von <strong>Lenggries<\/strong> aus bestiegen. Daf\u00fcr folgt man im Ort Lenggries einfach der Beschilderung <strong>Brauneck Bergbahn<\/strong> und kann am kostenlosen Parkplatz parken. Von dort aus folgt man der Beschilderung nach rechts zum Hochseilgarten hinauf. Der Weg verl\u00e4uft dabei gem\u00e4chlich bergauf.<\/p>\n\n\n\n<p>Ein kleiner Abstecher zur <strong>Reiseralm<\/strong> ist empfehlenswert, da man hier einen ersten Ausblick auf das Isartal ergattern kann. Der breite Forstweg f\u00fchrt ohne weitere Schwierigkeiten durch das Skigebiet und am gro\u00dfen Speichersee vorbei. Von hier an m\u00fcndet die Forststra\u00dfe in einen engen Steig mit Serpentinen. Jetzt hat man auch das Gipfelkreuz im Blickfeld.<\/p>\n\n\n\n<p>Sobald man bei der Bergstation angekommen ist, sind es nur noch ein paar Minuten bis zum <strong>Brauneck Haus <\/strong>und dem Gipfel. Eine <strong>fantastische Aussicht<\/strong> vollzieht sich vom Karwendel bis nach M\u00fcnchen.<\/p>\n\n\n\n<p>Da dieser Weg recht einfach ist, ist er dementsprechend <strong>frequentiert<\/strong>. Wer also etwas mehr Ruhe sucht, sollte die <strong>Variante \u00fcber das L\u00e4ngental<\/strong> w\u00e4hlen. Daf\u00fcr geht man sozusagen von hinten auf den Berg. Entscheidet man sich f\u00fcr diese Route, bleibt der Ausgangspunkt der gro\u00dfe Parkplatz bei der Bergbahn. <\/p>\n\n\n\n<p>Ebenfalls folgt man dem breiten Weg zum Hochseilgarten hinauf. Kurz darauf begegnet man allerdings der Abzweigung mit der Beschilderung &#171;<strong>L\u00e4ngental<\/strong>&#171;, die eingeschlagen wird. Man folgt dem Pfad bis eine erneute Kreuzung auftaucht. An dieser biegt man nach rechts ab und setzt die Querung fort.<\/p>\n\n\n<div class=\"wp-block-image\">\n<figure class=\"alignright is-resized\"><a href=\"https:\/\/www.bergfreunde.de\/blog\/wp-content\/uploads\/2021\/05\/Herbsttour-Isarwinkel-Brauneck.jpg\"><img loading=\"lazy\" decoding=\"async\" src=\"https:\/\/www.bergfreunde.de\/blog\/wp-content\/uploads\/2021\/05\/Herbsttour-Isarwinkel-Brauneck-300x225.jpg\" alt=\"Ein wortw\u00f6rtlicher Steinbock.\" class=\"wp-image-39459\" width=\"350\" height=\"263\"\/><\/a><figcaption>Aber auch weniger echte Tiere gibt es bei der Tour zu entdecken.<\/figcaption><\/figure>\n<\/div>\n\n\n<p>Nachdem man ein paar Kehren hinauf gewandert ist, folgt man immer weiter dem breiten Forstweg. Danach wird der Weg etwas enger aber die <strong>Landschaft daf\u00fcr umso reizvoller<\/strong>. <\/p>\n\n\n\n<p>Man erreicht nun den Arzbach und erlebt eine zauberhafte <strong>Almidylle<\/strong>.\u00a0Die L\u00e4ngentalalm erreicht, zweigt man auf einen <strong>unbeschilderten Weg<\/strong> nach rechts, zur Probstalm, ab. Danach geht man den linken Kamm entlang bis man schlie\u00dflich den Gipfel erreicht.<\/p>\n\n\n\n<p>Diese Variante lockt vor allem mit ihrer wild <strong>romantischen Kulisse<\/strong>, die fast f\u00fcr einen Bergfilm herhalten k\u00f6nnte. Malerische B\u00e4che und Gumpen laden immer wieder zum Anhalten und Abk\u00fchlen ein. Allerdings erfordert die L\u00e4nge der Route eine sehr <strong>gute Kondition<\/strong>, als auch <strong>Trittsicherheit<\/strong> und ist deshalb nicht f\u00fcr jeden geeignet.<\/p>\n\n\n\n<p>Der <strong>Abstieg<\/strong> verl\u00e4uft f\u00fcr beide Varianten \u00fcber den Weg durch das Skigebiet oder wahlweise mit der Bergbahn ins Tal.<\/p>\n\n\n\n<p>Vor allem <strong>im Herbst<\/strong> sind diese beiden Bergtouren wundersch\u00f6n, da sich die W\u00e4lder im L\u00e4ngental bunt verf\u00e4rben und der Aufstieg \u00fcber das Skigebiet nicht mehr zu hei\u00df ist.<\/p>\n\n\n\n<h3 class=\"wp-block-heading\" id=\"h-brauneck-uber-skigebiet\"><strong>Brauneck \u00fcber Skigebiet<\/strong><\/h3>\n\n\n\n<ul class=\"wp-block-list\"><li>Ausgangspunkt: gro\u00dfer Parkplatz an der Bergbahn<\/li><li>H\u00f6henmeter: ca. 825 hm<\/li><li>Gehzeit: gesamt etwa 2:30 Stunden<\/li><li>Kondition: leicht<\/li><\/ul>\n\n\n\n<h3 class=\"wp-block-heading\"><strong>Brauneck \u00fcber L\u00e4ngental<\/strong><\/h3>\n\n\n\n<ul class=\"wp-block-list\"><li>Ausgangspunkt: gro\u00dfer Parkplatz an der Bergbahn<\/li><li>H\u00f6henmeter: ca. 1100 hm<\/li><li>Gehzeit: gesamt etwa 5:30 Stunden<\/li><li>Kondition: mittel bis schwer<\/li><\/ul>\n\n\n\n<h2 class=\"wp-block-heading\" id=\"h-fur-die-ausdauer-tiere-die-benediktenwand\"><strong>F\u00fcr die Ausdauer-Tiere &#8211; die Benediktenwand<\/strong><\/h2>\n\n\n<div class=\"wp-block-image\">\n<figure class=\"alignright is-resized\"><a href=\"https:\/\/www.bergfreunde.de\/blog\/wp-content\/uploads\/2021\/05\/Herbsttour-Isarwinkel-Aussicht-zur-Benediktenwand.jpg\"><img loading=\"lazy\" decoding=\"async\" src=\"https:\/\/www.bergfreunde.de\/blog\/wp-content\/uploads\/2021\/05\/Herbsttour-Isarwinkel-Aussicht-zur-Benediktenwand-225x300.jpg\" alt=\"Eine wundersch\u00f6ne Aussicht zur Benediktenwand.\" class=\"wp-image-39452\" width=\"351\" height=\"468\"\/><\/a><figcaption>Schuhe aus und Bergboden sp\u00fcren! Von hier aus hat man eine wundersch\u00f6ne Aussicht zur Benediktenwand.<\/figcaption><\/figure>\n<\/div>\n\n\n<p>Etwas hinter dem Brauneck liegt die Benediktenwand, die durch ihre <strong>Nordwand<\/strong> sehr markant ist. F\u00fcr eine Bergtour im Isarwinkel hat man hier fast <strong>unz\u00e4hlige M\u00f6glichkeiten<\/strong>.<\/p>\n\n\n\n<p>Eine der anspruchvollsten Varianten ist der <strong>Anstieg \u00fcber das Brauneck<\/strong>. Daf\u00fcr kann man entweder die Bergbahn nutzen oder wandert den vorher beschriebenen Weg entlang. Genauer gesagt wandert man f\u00fcr letztere M\u00f6glichkeit durch das Skigebiet bis zum Gipfel und folgt danach den markanten Kamm bis zu den <strong>felsigen Achselk\u00f6pfen<\/strong>. <\/p>\n\n\n\n<p>Da der <strong>Grat ziemlich ausgesetzt<\/strong> ist, sind <strong>Trittsicherheit und Schwindelfreiheit<\/strong> hier unbedingt erforderlich. Zus\u00e4tzlich sollte die Tour im Sommer nur einer <strong>sehr guten Wetterlage<\/strong> gew\u00e4hlt werden, da es hier h\u00e4ufig zu Blitzeinschl\u00e4gen kommt. Damit ist der Herbst also die idealste Jahreszeit f\u00fcr diese Tour.<\/p>\n\n\n\n<p>Auf gut markierten Wegen wandert man am Kirchstein vorbei, \u00fcberschreitet die Achselk\u00f6pfe und nimmt einen letzten Aufschwung zur Benediktenwand auf sich. Vom Gipfel aus hat man einen <strong>wundersch\u00f6nen Ausblick<\/strong> auf das Karwendel, auf ein paar vorgelagerte Seen, sowie das Murnauer Moos und Kloster Benediktbeuern.<\/p>\n\n\n\n<p>Besonders reizvoll ist hier der ausgesetzte<strong> Grat<\/strong>, der schon am Anfang einen tollen Ausblick auf die Almenwelt vom Brauneck bietet.<\/p>\n\n\n\n<p>Der Abstieg erfolgt \u00fcber den selben Weg, \u00fcber den man auch schon gekommen ist.<\/p>\n\n\n\n<p><strong>Getr\u00e4nkevorr\u00e4te <\/strong>sollten gro\u00dfz\u00fcgig bemessen sein, da es hier <strong>l\u00e4nger keine Nachf\u00fcllm\u00f6glichkeit<\/strong> gibt. Und auch die <strong>Kamera<\/strong> sollte man unbedingt bei sich haben, denn nicht selten tauchen vor einem die hier ans\u00e4ssigen Steinb\u00f6cke auf.<\/p>\n\n\n\n<p>Die <strong>gem\u00fctlichere Alternative<\/strong> f\u00fchrt uns in die Jachenau, das Sonnental des Isarwinkels. Nachdem man Lenggries erreicht hat, biegt man nach links in Richtung Jachenau ab. Von hier aus folgt man der Stra\u00dfe bis man rechter Hand eine kleine Kapelle erreicht. Kurz danach biegt man nach rechts auf einen\u00a0Forstweg zum kostenpflichtigen<strong> Parkplatz Petern<\/strong> ab. <\/p>\n\n\n\n<p>Von hier aus folgt man der breiten <strong>Forststra\u00dfe in die Reichenau<\/strong> und \u00fcberquert einen Bach. Dann biegt man nach rechts in den Wald ab und wandert \u00fcber die Serpentinen nach oben. Nach etwa einer Stunde erreicht man den Langenecksattel und h\u00e4lt sich von hier aus geradeaus auf die Benediktenwand zu.<\/p>\n\n\n\n<p>Gem\u00fctlich n\u00e4hert man sich \u00fcber Almenwiesen dem Berg und man h\u00e4lt sich an die <strong>Beschilderung &#171;Bichleralm\/Benediktenwand&#187;. <\/strong>Die kleine bewirtschaftete Alm l\u00e4sst man hinter sich und beginnt mit dem letzten Teil des Aufstiegs. \u00dcber eine Wiese folgt man dem gut sichtbaren Pfad in steileres Gel\u00e4nde und gelangt schlie\u00dflich in einen niedrigen Latschenwald. Kurz erhascht man einen Blick auf den Gipfel bevor man wieder in den B\u00e4umen verschwindet.<\/p>\n\n\n<div class=\"wp-block-image\">\n<figure class=\"alignright is-resized\"><a href=\"https:\/\/www.bergfreunde.de\/blog\/wp-content\/uploads\/2021\/05\/Herbsttour-Isarwinkel-Benediktenwand.jpg\"><img loading=\"lazy\" decoding=\"async\" src=\"https:\/\/www.bergfreunde.de\/blog\/wp-content\/uploads\/2021\/05\/Herbsttour-Isarwinkel-Benediktenwand-225x300.jpg\" alt=\"Marianne freut sich dar\u00fcber am Gipfelkreuz der Benediktenwand angekommen zu sein.\" class=\"wp-image-39451\" width=\"351\" height=\"468\"\/><\/a><figcaption>Ein freudiges Gesicht am Gipfelkreuz.<\/figcaption><\/figure>\n<\/div>\n\n\n<p>Bei herbstlichen Temperaturen ist dieser Weg deutlich angenehmer als im Sommer. Zudem bietet diese Alternative, anders als die Variante \u00fcber das Brauneck, mehr <strong>ruhige Flecken<\/strong>.<\/p>\n\n\n\n<p>Der Abstieg erfolgt hier erneut wieder \u00fcber den Weg, den man f\u00fcr den Aufstieg gegangen ist.<\/p>\n\n\n\n<p>Erkundet man das Gebiet um das Brauneck, fallen sofort die\u00a0<strong>zahlreichen Almen <\/strong>auf. Sie sind nicht nur im Winter bewirtschaftet, sondern bieten auch im Sommer mit <strong>K\u00e4serei-Workshops auf der Stiealm<\/strong> und anderen Spezialit\u00e4ten ein tolles Angebot <strong>f\u00fcr Gro\u00df und Klein<\/strong>. <\/p>\n\n\n\n<p>Da man die Almen bequem per Bergbahn und einem <strong>Spaziergang von etwa 20 Minuten<\/strong> \u00fcber einen Forstweg erreichen kann, hat jeder die M\u00f6glichkeit ein klein wenig Bergluft zu schnuppern und sich an der gro\u00dfartigen Aussicht zu erfreuen.<\/p>\n\n\n\n<p>Sowieso bietet der Isarwinkel nicht nur bergtechnisch einiges; auch an einem Ruhetag oder bei schlechtem Wetter kann man sich hier gut besch\u00e4ftigen. So bietet das <strong>Hallenbad Isarwelle<\/strong> in Lenggries eine Runde Entspannung, w\u00e4hrend man am Walchensee das\u00a0<strong>Wikingerdorf <\/strong>&#171;Flake&#187; besichtigen kann, das f\u00fcr den Wickie-Film von Bulli Herbig als Kulisse diente. <\/p>\n\n\n\n<p>Technik-Fans k\u00f6nnen das <strong>Walchenseekraftwerk <\/strong>in Kochelbesichtigen und\u00a0um sich bei Regen fit zu halten, lohnt es sich dem <strong>DAV-Kletterzentrum in Bad T\u00f6lz <\/strong>einen Besuch abzustatten.<\/p>\n\n\n\n<p>Gro\u00df ist der Isarwinkel zwar eigentlich nicht, aber langweilig wurde hier ganz gewiss noch nie jemandem.<\/p>\n\n\n\n<h3 class=\"wp-block-heading\" id=\"h-benediktenwand-uber-brauneck\"><strong>Benediktenwand \u00fcber Brauneck<\/strong><\/h3>\n\n\n\n<ul class=\"wp-block-list\"><li>Ausgangspunkt: gro\u00dfer Parkplatz an der Bergbahn<\/li><li>H\u00f6henmeter: ca. 1100 hm mit einigen Gegenanstiegen<\/li><li>Gehzeit: gesamt etwa 7:30 Stunden<\/li><li>Kondition: schwer<\/li><li>ausgesetzter Grat; Verk\u00fcrzung durch Bergbahn m\u00f6glich (dann 5:30 Stunden insgesamt)<\/li><\/ul>\n\n\n\n<h3 class=\"wp-block-heading\" id=\"h-benediktenwand-uber-jachenau\"><strong>Benediktenwand \u00fcber Jachenau<\/strong><\/h3>\n\n\n\n<ul class=\"wp-block-list\"><li>Ausgangspunkt: kostenpflichtiger Parkplatz Petern in der Jachenau<\/li><li>H\u00f6henmeter: ca. 1000 hm<\/li><li>Gehzeit: gesamt etwa 6:30 Stunden<\/li><li>Kondition: mittel<\/li><li>keine technischen Schwierigkeiten aber zeitintensive Wanderung<\/li><\/ul>\n","protected":false},"excerpt":{"rendered":"<p>Schon steht der Herbst vor der T\u00fcr. Doch kein Grund zur Traurigkeit, denn nun k\u00f6nnen endlich die Touren angegangen werden, die im Sommer vielleicht zu hei\u00df waren oder mit denen man die Wandersaison nun gem\u00fctlich ausklingen lassen kann. So wie im Isarwinkel. Denn im Isarwinkel ist man hierf\u00fcr genau richtig.\u00a0Das Gebiet ist relativ \u00fcberschaubar und [&hellip;]<\/p>\n","protected":false},"author":15,"featured_media":64230,"comment_status":"open","ping_status":"open","sticky":false,"template":"","format":"standard","meta":{"_acf_changed":false,"footnotes":""},"categories":[288],"tags":[269,273,276],"post_folder":[],"class_list":["post-64228","post","type-post","status-publish","format-standard","has-post-thumbnail","hentry","category-touren-reisetipps","tag-bergsteigen","tag-klettern-bouldern","tag-wandern-trekking"],"acf":[],"yoast_head":"<!-- This site is optimized with the Yoast SEO Premium plugin v27.4 (Yoast SEO v27.4) - https:\/\/yoast.com\/product\/yoast-seo-premium-wordpress\/ -->\n<title>Herbstliche Wander- und Bergtouren im Isarwinkel | Bergfreunde<\/title>\n<meta name=\"description\" content=\"Herbstzeit bedeutet nicht gleich, dass die Wanderschuhe im Schuhregal verschwinden m\u00fcssen. Ganz im Gegenteil! Schon steht der Herbst vor der T\u00fcr. Doch\" \/>\n<meta name=\"robots\" content=\"index, follow, max-snippet:-1, max-image-preview:large, max-video-preview:-1\" \/>\n<link rel=\"canonical\" href=\"https:\/\/www.berg-freunde.ch\/blog\/herbsttour-im-isarwinkel\/\" \/>\n<meta property=\"og:locale\" content=\"de_DE\" \/>\n<meta property=\"og:type\" content=\"article\" \/>\n<meta property=\"og:title\" content=\"Alpen Light - Herbstliche Wanderungen und Bergtouren im Isarwinkel\" \/>\n<meta property=\"og:description\" content=\"Herbstzeit bedeutet nicht gleich, dass die Wanderschuhe im Schuhregal verschwinden m\u00fcssen. Ganz im Gegenteil! Schon steht der Herbst vor der T\u00fcr. Doch\" \/>\n<meta property=\"og:url\" content=\"https:\/\/www.berg-freunde.ch\/blog\/herbsttour-im-isarwinkel\/\" \/>\n<meta property=\"og:site_name\" content=\"Bergfreunde\" \/>\n<meta property=\"article:publisher\" content=\"https:\/\/www.facebook.com\/bergfreunde\" \/>\n<meta property=\"article:published_time\" content=\"2022-10-11T13:00:00+00:00\" \/>\n<meta property=\"og:image\" content=\"https:\/\/www.berg-freunde.ch\/blog\/wp-content\/uploads\/2021\/05\/Herbsttour-Isarwinkel-Titelbild.jpg\" \/>\n\t<meta property=\"og:image:width\" content=\"1400\" \/>\n\t<meta property=\"og:image:height\" content=\"400\" \/>\n\t<meta property=\"og:image:type\" content=\"image\/jpeg\" \/>\n<meta name=\"author\" content=\"Marianne\" \/>\n<meta name=\"twitter:card\" content=\"summary_large_image\" \/>\n<meta name=\"twitter:label1\" content=\"Geschrieben von\" \/>\n\t<meta name=\"twitter:data1\" content=\"Marianne\" \/>\n\t<meta name=\"twitter:label2\" content=\"Gesch\u00e4tzte Lesezeit\" \/>\n\t<meta name=\"twitter:data2\" content=\"14\u00a0Minuten\" \/>\n<script type=\"application\/ld+json\" class=\"yoast-schema-graph\">{\"@context\":\"https:\\\/\\\/schema.org\",\"@graph\":[{\"@type\":[\"Article\",\"BlogPosting\"],\"@id\":\"https:\\\/\\\/www.berg-freunde.ch\\\/blog\\\/herbsttour-im-isarwinkel\\\/#article\",\"isPartOf\":{\"@id\":\"https:\\\/\\\/www.berg-freunde.ch\\\/blog\\\/herbsttour-im-isarwinkel\\\/\"},\"author\":{\"name\":\"Marianne\",\"@id\":\"https:\\\/\\\/www.berg-freunde.ch\\\/blog\\\/#\\\/schema\\\/person\\\/4cfd1485216462ac0ac14e82a96b8079\"},\"headline\":\"Alpen Light &#8211; Herbstliche Wanderungen und Bergtouren im Isarwinkel\",\"datePublished\":\"2022-10-11T13:00:00+00:00\",\"mainEntityOfPage\":{\"@id\":\"https:\\\/\\\/www.berg-freunde.ch\\\/blog\\\/herbsttour-im-isarwinkel\\\/\"},\"wordCount\":2792,\"commentCount\":0,\"publisher\":{\"@id\":\"https:\\\/\\\/www.berg-freunde.ch\\\/blog\\\/#organization\"},\"image\":{\"@id\":\"https:\\\/\\\/www.berg-freunde.ch\\\/blog\\\/herbsttour-im-isarwinkel\\\/#primaryimage\"},\"thumbnailUrl\":\"https:\\\/\\\/www.berg-freunde.ch\\\/blog\\\/wp-content\\\/uploads\\\/2021\\\/05\\\/Herbsttour-Isarwinkel-Titelbild.jpg\",\"keywords\":[\"Bergsteigen &amp; Hochtouren\",\"Klettern &amp; Bouldern\",\"Wandern &amp; Trekking\"],\"articleSection\":[\"Touren &amp; Reisetipps\"],\"inLanguage\":\"de-CH\",\"potentialAction\":[{\"@type\":\"CommentAction\",\"name\":\"Comment\",\"target\":[\"https:\\\/\\\/www.berg-freunde.ch\\\/blog\\\/herbsttour-im-isarwinkel\\\/#respond\"]}]},{\"@type\":\"WebPage\",\"@id\":\"https:\\\/\\\/www.berg-freunde.ch\\\/blog\\\/herbsttour-im-isarwinkel\\\/\",\"url\":\"https:\\\/\\\/www.berg-freunde.ch\\\/blog\\\/herbsttour-im-isarwinkel\\\/\",\"name\":\"Herbstliche Wander- und Bergtouren im Isarwinkel | Bergfreunde\",\"isPartOf\":{\"@id\":\"https:\\\/\\\/www.berg-freunde.ch\\\/blog\\\/#website\"},\"primaryImageOfPage\":{\"@id\":\"https:\\\/\\\/www.berg-freunde.ch\\\/blog\\\/herbsttour-im-isarwinkel\\\/#primaryimage\"},\"image\":{\"@id\":\"https:\\\/\\\/www.berg-freunde.ch\\\/blog\\\/herbsttour-im-isarwinkel\\\/#primaryimage\"},\"thumbnailUrl\":\"https:\\\/\\\/www.berg-freunde.ch\\\/blog\\\/wp-content\\\/uploads\\\/2021\\\/05\\\/Herbsttour-Isarwinkel-Titelbild.jpg\",\"datePublished\":\"2022-10-11T13:00:00+00:00\",\"description\":\"Herbstzeit bedeutet nicht gleich, dass die Wanderschuhe im Schuhregal verschwinden m\u00fcssen. Ganz im Gegenteil! Schon steht der Herbst vor der T\u00fcr. Doch\",\"breadcrumb\":{\"@id\":\"https:\\\/\\\/www.berg-freunde.ch\\\/blog\\\/herbsttour-im-isarwinkel\\\/#breadcrumb\"},\"inLanguage\":\"de-CH\",\"potentialAction\":[{\"@type\":\"ReadAction\",\"target\":[\"https:\\\/\\\/www.berg-freunde.ch\\\/blog\\\/herbsttour-im-isarwinkel\\\/\"]}]},{\"@type\":\"ImageObject\",\"inLanguage\":\"de-CH\",\"@id\":\"https:\\\/\\\/www.berg-freunde.ch\\\/blog\\\/herbsttour-im-isarwinkel\\\/#primaryimage\",\"url\":\"https:\\\/\\\/www.berg-freunde.ch\\\/blog\\\/wp-content\\\/uploads\\\/2021\\\/05\\\/Herbsttour-Isarwinkel-Titelbild.jpg\",\"contentUrl\":\"https:\\\/\\\/www.berg-freunde.ch\\\/blog\\\/wp-content\\\/uploads\\\/2021\\\/05\\\/Herbsttour-Isarwinkel-Titelbild.jpg\",\"width\":1400,\"height\":400},{\"@type\":\"BreadcrumbList\",\"@id\":\"https:\\\/\\\/www.berg-freunde.ch\\\/blog\\\/herbsttour-im-isarwinkel\\\/#breadcrumb\",\"itemListElement\":[{\"@type\":\"ListItem\",\"position\":1,\"name\":\"Blog\",\"item\":\"https:\\\/\\\/www.berg-freunde.ch\\\/blog\\\/\"},{\"@type\":\"ListItem\",\"position\":2,\"name\":\"Touren &amp; Reisetipps\",\"item\":\"https:\\\/\\\/www.berg-freunde.ch\\\/blog\\\/category\\\/touren-reisetipps\\\/\"},{\"@type\":\"ListItem\",\"position\":3,\"name\":\"Alpen Light &#8211; Herbstliche Wanderungen und Bergtouren im Isarwinkel\"}]},{\"@type\":\"WebSite\",\"@id\":\"https:\\\/\\\/www.berg-freunde.ch\\\/blog\\\/#website\",\"url\":\"https:\\\/\\\/www.berg-freunde.ch\\\/blog\\\/\",\"name\":\"Bergfreunde\",\"description\":\"Blog\",\"publisher\":{\"@id\":\"https:\\\/\\\/www.berg-freunde.ch\\\/blog\\\/#organization\"},\"potentialAction\":[{\"@type\":\"SearchAction\",\"target\":{\"@type\":\"EntryPoint\",\"urlTemplate\":\"https:\\\/\\\/www.berg-freunde.ch\\\/blog\\\/?s={search_term_string}\"},\"query-input\":{\"@type\":\"PropertyValueSpecification\",\"valueRequired\":true,\"valueName\":\"search_term_string\"}}],\"inLanguage\":\"de-CH\"},{\"@type\":\"Organization\",\"@id\":\"https:\\\/\\\/www.berg-freunde.ch\\\/blog\\\/#organization\",\"name\":\"Bergfreunde\",\"url\":\"https:\\\/\\\/www.berg-freunde.ch\\\/blog\\\/\",\"logo\":{\"@type\":\"ImageObject\",\"inLanguage\":\"de-CH\",\"@id\":\"https:\\\/\\\/www.berg-freunde.ch\\\/blog\\\/#\\\/schema\\\/logo\\\/image\\\/\",\"url\":\"https:\\\/\\\/www.berg-freunde.ch\\\/blog\\\/wp-content\\\/uploads\\\/2023\\\/12\\\/Bergfreunde_DE_rgb.svg\",\"contentUrl\":\"https:\\\/\\\/www.berg-freunde.ch\\\/blog\\\/wp-content\\\/uploads\\\/2023\\\/12\\\/Bergfreunde_DE_rgb.svg\",\"caption\":\"Bergfreunde\"},\"image\":{\"@id\":\"https:\\\/\\\/www.berg-freunde.ch\\\/blog\\\/#\\\/schema\\\/logo\\\/image\\\/\"},\"sameAs\":[\"https:\\\/\\\/www.facebook.com\\\/bergfreunde\",\"https:\\\/\\\/www.instagram.com\\\/bergfreundede\\\/\"]},{\"@type\":\"Person\",\"@id\":\"https:\\\/\\\/www.berg-freunde.ch\\\/blog\\\/#\\\/schema\\\/person\\\/4cfd1485216462ac0ac14e82a96b8079\",\"name\":\"Marianne\",\"url\":\"https:\\\/\\\/www.berg-freunde.ch\\\/blog\\\/about\\\/marianne-scheifl\\\/\"}]}<\/script>\n<!-- \/ Yoast SEO Premium plugin. -->","yoast_head_json":{"title":"Herbstliche Wander- und Bergtouren im Isarwinkel | Bergfreunde","description":"Herbstzeit bedeutet nicht gleich, dass die Wanderschuhe im Schuhregal verschwinden m\u00fcssen. Ganz im Gegenteil! Schon steht der Herbst vor der T\u00fcr. Doch","robots":{"index":"index","follow":"follow","max-snippet":"max-snippet:-1","max-image-preview":"max-image-preview:large","max-video-preview":"max-video-preview:-1"},"canonical":"https:\/\/www.berg-freunde.ch\/blog\/herbsttour-im-isarwinkel\/","og_locale":"de_DE","og_type":"article","og_title":"Alpen Light - Herbstliche Wanderungen und Bergtouren im Isarwinkel","og_description":"Herbstzeit bedeutet nicht gleich, dass die Wanderschuhe im Schuhregal verschwinden m\u00fcssen. Ganz im Gegenteil! Schon steht der Herbst vor der T\u00fcr. Doch","og_url":"https:\/\/www.berg-freunde.ch\/blog\/herbsttour-im-isarwinkel\/","og_site_name":"Bergfreunde","article_publisher":"https:\/\/www.facebook.com\/bergfreunde","article_published_time":"2022-10-11T13:00:00+00:00","og_image":[{"width":1400,"height":400,"url":"https:\/\/www.berg-freunde.ch\/blog\/wp-content\/uploads\/2021\/05\/Herbsttour-Isarwinkel-Titelbild.jpg","type":"image\/jpeg"}],"author":"Marianne","twitter_card":"summary_large_image","twitter_misc":{"Geschrieben von":"Marianne","Gesch\u00e4tzte Lesezeit":"14\u00a0Minuten"},"schema":{"@context":"https:\/\/schema.org","@graph":[{"@type":["Article","BlogPosting"],"@id":"https:\/\/www.berg-freunde.ch\/blog\/herbsttour-im-isarwinkel\/#article","isPartOf":{"@id":"https:\/\/www.berg-freunde.ch\/blog\/herbsttour-im-isarwinkel\/"},"author":{"name":"Marianne","@id":"https:\/\/www.berg-freunde.ch\/blog\/#\/schema\/person\/4cfd1485216462ac0ac14e82a96b8079"},"headline":"Alpen Light &#8211; Herbstliche Wanderungen und Bergtouren im Isarwinkel","datePublished":"2022-10-11T13:00:00+00:00","mainEntityOfPage":{"@id":"https:\/\/www.berg-freunde.ch\/blog\/herbsttour-im-isarwinkel\/"},"wordCount":2792,"commentCount":0,"publisher":{"@id":"https:\/\/www.berg-freunde.ch\/blog\/#organization"},"image":{"@id":"https:\/\/www.berg-freunde.ch\/blog\/herbsttour-im-isarwinkel\/#primaryimage"},"thumbnailUrl":"https:\/\/www.berg-freunde.ch\/blog\/wp-content\/uploads\/2021\/05\/Herbsttour-Isarwinkel-Titelbild.jpg","keywords":["Bergsteigen &amp; Hochtouren","Klettern &amp; Bouldern","Wandern &amp; Trekking"],"articleSection":["Touren &amp; Reisetipps"],"inLanguage":"de-CH","potentialAction":[{"@type":"CommentAction","name":"Comment","target":["https:\/\/www.berg-freunde.ch\/blog\/herbsttour-im-isarwinkel\/#respond"]}]},{"@type":"WebPage","@id":"https:\/\/www.berg-freunde.ch\/blog\/herbsttour-im-isarwinkel\/","url":"https:\/\/www.berg-freunde.ch\/blog\/herbsttour-im-isarwinkel\/","name":"Herbstliche Wander- und Bergtouren im Isarwinkel | Bergfreunde","isPartOf":{"@id":"https:\/\/www.berg-freunde.ch\/blog\/#website"},"primaryImageOfPage":{"@id":"https:\/\/www.berg-freunde.ch\/blog\/herbsttour-im-isarwinkel\/#primaryimage"},"image":{"@id":"https:\/\/www.berg-freunde.ch\/blog\/herbsttour-im-isarwinkel\/#primaryimage"},"thumbnailUrl":"https:\/\/www.berg-freunde.ch\/blog\/wp-content\/uploads\/2021\/05\/Herbsttour-Isarwinkel-Titelbild.jpg","datePublished":"2022-10-11T13:00:00+00:00","description":"Herbstzeit bedeutet nicht gleich, dass die Wanderschuhe im Schuhregal verschwinden m\u00fcssen. Ganz im Gegenteil! Schon steht der Herbst vor der T\u00fcr. Doch","breadcrumb":{"@id":"https:\/\/www.berg-freunde.ch\/blog\/herbsttour-im-isarwinkel\/#breadcrumb"},"inLanguage":"de-CH","potentialAction":[{"@type":"ReadAction","target":["https:\/\/www.berg-freunde.ch\/blog\/herbsttour-im-isarwinkel\/"]}]},{"@type":"ImageObject","inLanguage":"de-CH","@id":"https:\/\/www.berg-freunde.ch\/blog\/herbsttour-im-isarwinkel\/#primaryimage","url":"https:\/\/www.berg-freunde.ch\/blog\/wp-content\/uploads\/2021\/05\/Herbsttour-Isarwinkel-Titelbild.jpg","contentUrl":"https:\/\/www.berg-freunde.ch\/blog\/wp-content\/uploads\/2021\/05\/Herbsttour-Isarwinkel-Titelbild.jpg","width":1400,"height":400},{"@type":"BreadcrumbList","@id":"https:\/\/www.berg-freunde.ch\/blog\/herbsttour-im-isarwinkel\/#breadcrumb","itemListElement":[{"@type":"ListItem","position":1,"name":"Blog","item":"https:\/\/www.berg-freunde.ch\/blog\/"},{"@type":"ListItem","position":2,"name":"Touren &amp; Reisetipps","item":"https:\/\/www.berg-freunde.ch\/blog\/category\/touren-reisetipps\/"},{"@type":"ListItem","position":3,"name":"Alpen Light &#8211; Herbstliche Wanderungen und Bergtouren im Isarwinkel"}]},{"@type":"WebSite","@id":"https:\/\/www.berg-freunde.ch\/blog\/#website","url":"https:\/\/www.berg-freunde.ch\/blog\/","name":"Bergfreunde","description":"Blog","publisher":{"@id":"https:\/\/www.berg-freunde.ch\/blog\/#organization"},"potentialAction":[{"@type":"SearchAction","target":{"@type":"EntryPoint","urlTemplate":"https:\/\/www.berg-freunde.ch\/blog\/?s={search_term_string}"},"query-input":{"@type":"PropertyValueSpecification","valueRequired":true,"valueName":"search_term_string"}}],"inLanguage":"de-CH"},{"@type":"Organization","@id":"https:\/\/www.berg-freunde.ch\/blog\/#organization","name":"Bergfreunde","url":"https:\/\/www.berg-freunde.ch\/blog\/","logo":{"@type":"ImageObject","inLanguage":"de-CH","@id":"https:\/\/www.berg-freunde.ch\/blog\/#\/schema\/logo\/image\/","url":"https:\/\/www.berg-freunde.ch\/blog\/wp-content\/uploads\/2023\/12\/Bergfreunde_DE_rgb.svg","contentUrl":"https:\/\/www.berg-freunde.ch\/blog\/wp-content\/uploads\/2023\/12\/Bergfreunde_DE_rgb.svg","caption":"Bergfreunde"},"image":{"@id":"https:\/\/www.berg-freunde.ch\/blog\/#\/schema\/logo\/image\/"},"sameAs":["https:\/\/www.facebook.com\/bergfreunde","https:\/\/www.instagram.com\/bergfreundede\/"]},{"@type":"Person","@id":"https:\/\/www.berg-freunde.ch\/blog\/#\/schema\/person\/4cfd1485216462ac0ac14e82a96b8079","name":"Marianne","url":"https:\/\/www.berg-freunde.ch\/blog\/about\/marianne-scheifl\/"}]}},"_links":{"self":[{"href":"https:\/\/www.berg-freunde.ch\/blog\/wp-json\/wp\/v2\/posts\/64228","targetHints":{"allow":["GET"]}}],"collection":[{"href":"https:\/\/www.berg-freunde.ch\/blog\/wp-json\/wp\/v2\/posts"}],"about":[{"href":"https:\/\/www.berg-freunde.ch\/blog\/wp-json\/wp\/v2\/types\/post"}],"author":[{"embeddable":true,"href":"https:\/\/www.berg-freunde.ch\/blog\/wp-json\/wp\/v2\/users\/15"}],"replies":[{"embeddable":true,"href":"https:\/\/www.berg-freunde.ch\/blog\/wp-json\/wp\/v2\/comments?post=64228"}],"version-history":[{"count":0,"href":"https:\/\/www.berg-freunde.ch\/blog\/wp-json\/wp\/v2\/posts\/64228\/revisions"}],"wp:featuredmedia":[{"embeddable":true,"href":"https:\/\/www.berg-freunde.ch\/blog\/wp-json\/wp\/v2\/media\/64230"}],"wp:attachment":[{"href":"https:\/\/www.berg-freunde.ch\/blog\/wp-json\/wp\/v2\/media?parent=64228"}],"wp:term":[{"taxonomy":"category","embeddable":true,"href":"https:\/\/www.berg-freunde.ch\/blog\/wp-json\/wp\/v2\/categories?post=64228"},{"taxonomy":"post_tag","embeddable":true,"href":"https:\/\/www.berg-freunde.ch\/blog\/wp-json\/wp\/v2\/tags?post=64228"},{"taxonomy":"post_folder","embeddable":true,"href":"https:\/\/www.berg-freunde.ch\/blog\/wp-json\/wp\/v2\/post_folder?post=64228"}],"curies":[{"name":"wp","href":"https:\/\/api.w.org\/{rel}","templated":true}]}}