{"id":64252,"date":"2022-10-07T15:00:00","date_gmt":"2022-10-07T13:00:00","guid":{"rendered":"https:\/\/www.bergfreunde.de\/blog\/ueberblick-siegel\/"},"modified":"2025-12-19T10:28:04","modified_gmt":"2025-12-19T09:28:04","slug":"ueberblick-siegel","status":"publish","type":"post","link":"https:\/\/www.berg-freunde.ch\/blog\/ueberblick-siegel\/","title":{"rendered":"Durchblick im Siegel-Dschungel"},"content":{"rendered":"\n<p>\u00d6kologie, Nachhaltigkeit, Tierwohl, faire Arbeitsbedingungen. F\u00fcr fast alles gibt es Siegel. Konsumenten werden immer sensitiver gegen\u00fcber den <strong>Herausforderungen unserer Zeit <\/strong>und versuchen mit ihrem Handeln und Konsum die Zukunft zu beeinflussen. Um sich von der Konkurrenz abzuheben und die eigenen Anstrengungen f\u00fcr die Interessen ihrer Kunden glaubw\u00fcrdig zu kommunizieren verwenden viele Unternehmen verschiedene Siegel.<\/p>\n\n\n\n<p>Inzwischen gibt es eine <strong>Vielzahl von Initiativen und Pr\u00fcfgesellschaften<\/strong>, die mit Siegeln zu jedem erdenklichen Thema unterschiedliche Grade an Produktionsbedingungen deklarieren. Dabei den <strong>Durchblick zu behalten ist oft eine Herausforderung<\/strong>. <\/p>\n\n\n\n<p>Um doch ein wenig Licht ins Dunkel des Siegel-Dschungels zu bringen haben wir unseren eigenen Siegelfachmann und Bergfreund Jan zum Interview gebeten:<\/p>\n\n\n<div class=\"wp-block-image\">\n<figure class=\"aligncenter size-full is-resized\"><a href=\"https:\/\/www.bergfreunde.de\/blog\/wp-content\/uploads\/2022\/09\/Siegeldschungel_02_Siegel-wie-der-RDS-dinen-als-Anhaltspunkte-fuer-die-Vermeidung-von-Tierleid_.jpg\"><img fetchpriority=\"high\" decoding=\"async\" width=\"1000\" height=\"750\" src=\"https:\/\/www.bergfreunde.de\/blog\/wp-content\/uploads\/2022\/09\/Siegeldschungel_02_Siegel-wie-der-RDS-dinen-als-Anhaltspunkte-fuer-die-Vermeidung-von-Tierleid_.jpg\" alt=\"G\u00e4nse auf einer Wiese. Mit den Daunen  werden Jacken gef\u00fcttert. Das RDS-Siegel gew\u00e4hrleistet, dass die Daunen nicht den lebenden G\u00e4nsen gerupft werden.\" class=\"wp-image-53302\" style=\"width:840px;height:630px\" srcset=\"https:\/\/www.berg-freunde.ch\/blog\/wp-content\/uploads\/2022\/09\/Siegeldschungel_02_Siegel-wie-der-RDS-dinen-als-Anhaltspunkte-fuer-die-Vermeidung-von-Tierleid_.jpg 1000w, https:\/\/www.berg-freunde.ch\/blog\/wp-content\/uploads\/2022\/09\/Siegeldschungel_02_Siegel-wie-der-RDS-dinen-als-Anhaltspunkte-fuer-die-Vermeidung-von-Tierleid_-300x225.jpg 300w, https:\/\/www.berg-freunde.ch\/blog\/wp-content\/uploads\/2022\/09\/Siegeldschungel_02_Siegel-wie-der-RDS-dinen-als-Anhaltspunkte-fuer-die-Vermeidung-von-Tierleid_-768x576.jpg 768w\" sizes=\"(max-width: 1000px) 100vw, 1000px\" \/><\/a><figcaption class=\"wp-element-caption\">Siegel wie der RDS dienen als Anhaltspunkte f\u00fcr die Vermeidung von Tierleid.<\/figcaption><\/figure>\n<\/div>\n\n\n<h2 class=\"wp-block-heading\" id=\"h-wie-stehst-du-zu-siegeln-sind-sie-ein-gutes-instrument-um-nachhaltige-produkte-zu-erkennen-nbsp\">Wie stehst du zu Siegeln? Sind sie ein gutes Instrument, um nachhaltige Produkte zu erkennen?&nbsp;<\/h2>\n\n\n\n<p>Zun\u00e4chst einmal muss man definieren, <strong>um was genau es sich bei einem Siegel handelt<\/strong>. <\/p>\n\n\n\n<p>Nach meinem Verst\u00e4ndnis muss ein Siegel bestimmte Kriterien erf\u00fcllen, um als solches anerkannt zu werden. Dazu z\u00e4hlt eine <strong>unabh\u00e4ngige Pr\u00fcfstelle<\/strong>, welche ein Siegel vergibt &#8211; ebenso wie <strong>transparente und nachvollziehbare Anforderungen<\/strong>, nach denen es bewertet und ggfs. in <strong>verschiedene G\u00fcteklassen<\/strong> eingeteilt wird. <\/p>\n\n\n\n<p>Im Gegenzug gibt es zahlreiche Begriffe auf dem Markt, die sich gerne selbst als Siegel bezeichnen w\u00fcrden, bei denen allerdings nicht klar ist, wer oder was sich dahinter verbirgt, die <strong>nicht transparent und vergleichbar in ihrer Bewertungsmethodik<\/strong> sind. <\/p>\n\n\n\n<p>Sind diese grundlegenden Punkte jedoch erf\u00fcllt, lassen sich Siegel hervorragend in den <strong>Kaufentscheidungsprozess <\/strong>integrieren. Dann sind sie ein wichtiges Instrument, um f\u00fcr sich selbst entscheiden zu k\u00f6nnen, welche Produkte in Frage kommen oder welche Marken sich mit den eigenen Ethik- und Wertvorstellungen decken.<\/p>\n\n\n\n<h2 class=\"wp-block-heading\">Siegel wirken auf Verbraucher:innen oft sehr komplex. Welche Tipps kannst du Leser:innen mit auf den Weg geben, um sich im Siegel-Dschungel zurechtzufinden?<\/h2>\n\n\n\n<p>Das stimmt! Siegel k\u00f6nnen <strong>komplex <\/strong>sein und verschiedene Themenbereiche abdecken, sodass auf den ersten Blick nicht gleich klar ist, ob es sich nun um eines f\u00fcr <strong>nachhaltige Rohstoffwirtschaft<\/strong>, <strong>faire Arbeitsbedingungen<\/strong> oder <strong>Schadstofffreiheit<\/strong> handelt. <\/p>\n\n\n\n<p>Manche Siegel zahlen <strong>sehr spezifisch<\/strong> auf eines dieser Themengebiete ein, andere decken eine <strong>gro\u00dfe Bandbreite<\/strong> von der Einhaltung von Menschenrechten bis hin zu Umweltstandards in der Lieferkette ab (wie z.B. der <a href=\"https:\/\/www.berg-freunde.ch\/blog\/der-gruene-knopf-ein-staatliches-siegel\/\" target=\"_blank\" rel=\"noreferrer noopener\">Gr\u00fcne Knopf<\/a>).<\/p>\n\n\n\n<p>Daher mein Tipp, bevor ich beim H\u00e4ndler meines Vertrauens eine Kaufentscheidung auf Basis von Siegeln treffe:<\/p>\n\n\n\n<ul class=\"wp-block-list\">\n<li><strong>Informiert euch<\/strong> kurz im Internet \u00fcber das entsprechende Siegel. <\/li>\n\n\n\n<li>Gibt es gute oder schlechte Presse, die in den Suchergebnissen ganz weit oben erscheint? <\/li>\n\n\n\n<li>Handelt es sich um ein <strong>staatliches Siegel<\/strong> und garantiert so ein hohes Ma\u00df an Vertrauensw\u00fcrdigkeit? <\/li>\n\n\n\n<li>Welches Themengebiet deckt das entsprechende Siegel ab? <\/li>\n<\/ul>\n\n\n\n<p>Das bietet eine erste Orientierung und man wei\u00df recht schnell, ob das Siegel auch dem entspricht, was man sich darunter vorstellt. Wer 5 Minuten Zeit er\u00fcbrigen kann, schaut zudem auf <a href=\"https:\/\/www.siegelklarheit.de\/\">siegelklarheit.de<\/a> vorbei. Hier findet man <strong>alles Wissenswerte<\/strong> rund um die meisten der am Markt g\u00e4ngigen (und weniger g\u00e4ngigen) Pr\u00fcfmarken.<\/p>\n\n\n<div class=\"wp-block-image\">\n<figure class=\"aligncenter size-full\"><img decoding=\"async\" width=\"1000\" height=\"750\" src=\"https:\/\/www.bergfreunde.de\/blog\/wp-content\/uploads\/2022\/09\/Siegeldschungel_03_Urlaub-im-Muell-wie-hier-am-Cap-Ferret-macht-kein-Spass.-Kreislaufwirtschaft-hilft-solche-Anblicke-zu-vermeiden_.jpg\" alt=\"M\u00fcll am Strand von Cap Ferret\" class=\"wp-image-53298\" srcset=\"https:\/\/www.berg-freunde.ch\/blog\/wp-content\/uploads\/2022\/09\/Siegeldschungel_03_Urlaub-im-Muell-wie-hier-am-Cap-Ferret-macht-kein-Spass.-Kreislaufwirtschaft-hilft-solche-Anblicke-zu-vermeiden_.jpg 1000w, https:\/\/www.berg-freunde.ch\/blog\/wp-content\/uploads\/2022\/09\/Siegeldschungel_03_Urlaub-im-Muell-wie-hier-am-Cap-Ferret-macht-kein-Spass.-Kreislaufwirtschaft-hilft-solche-Anblicke-zu-vermeiden_-300x225.jpg 300w, https:\/\/www.berg-freunde.ch\/blog\/wp-content\/uploads\/2022\/09\/Siegeldschungel_03_Urlaub-im-Muell-wie-hier-am-Cap-Ferret-macht-kein-Spass.-Kreislaufwirtschaft-hilft-solche-Anblicke-zu-vermeiden_-768x576.jpg 768w\" sizes=\"(max-width: 1000px) 100vw, 1000px\" \/><figcaption class=\"wp-element-caption\">M\u00fcll am Strand ist keine Seltenheit. Siegel helfen zu erkennen, welche Produkte recycelt wurden.<\/figcaption><\/figure>\n<\/div>\n\n\n<h2 class=\"wp-block-heading\">Wie finde ich im Bergfreunde Shop nachhaltige Produkte?<\/h2>\n\n\n\n<p>Bei uns im Shop gibt es mehrere M\u00f6glichkeiten, sich <strong>zu nachhaltigen Produkten zu informieren<\/strong> und diese letztlich auch zu finden. F\u00fcr alle, die grunds\u00e4tzlich etwas mehr zum Thema Siegel bei den Bergfreunden erfahren m\u00f6chten, bietet sich unsere <a href=\"https:\/\/www.bergfreunde.de\/nachhaltigkeits-standards\/\" target=\"_blank\" rel=\"noreferrer noopener\">\u00dcbersichtsseite zu nachhaltigen Labels<\/a> an.<\/p>\n\n\n\n<p>Dar\u00fcber hinaus findet man in fast allen Bekleidungs- sowie vielen Ausr\u00fcstungskategorien bei uns im Shop entsprechende <strong>Filterm\u00f6glichkeiten<\/strong>. Unter dem Filter \u201enachhaltige Merkmale\u201c geben wir den Kund:innen die M\u00f6glichkeit Produkte nach unterschiedlichen Standards\/Zertifizierungen zu filtern.<\/p>\n\n\n\n<p>Hier kann ich gezielt nach Produkten suchen, die bestimmte Standards in den Bereichen Materialien, Umwelt und Sozial erf\u00fcllen.<\/p>\n\n\n\n<p>So findet jeder schnell die Produkte, die den <strong>individuellen Anforderungen<\/strong> an eine bewusste Kaufentscheidung entsprechen. Mehr Infos findet man auf unserer \u00dcbersichtsseite rund um bewusstes Einkaufen.<\/p>\n","protected":false},"excerpt":{"rendered":"<p>\u00d6kologie, Nachhaltigkeit, Tierwohl, faire Arbeitsbedingungen. F\u00fcr fast alles gibt es Siegel. Konsumenten werden immer sensitiver gegen\u00fcber den Herausforderungen unserer Zeit und versuchen mit ihrem Handeln und Konsum die Zukunft zu beeinflussen. Um sich von der Konkurrenz abzuheben und die eigenen Anstrengungen f\u00fcr die Interessen ihrer Kunden glaubw\u00fcrdig zu kommunizieren verwenden viele Unternehmen verschiedene Siegel. Inzwischen [&hellip;]<\/p>\n","protected":false},"author":25,"featured_media":64254,"comment_status":"open","ping_status":"closed","sticky":false,"template":"","format":"standard","meta":{"_acf_changed":false,"footnotes":""},"categories":[284],"tags":[274],"post_folder":[],"class_list":["post-64252","post","type-post","status-publish","format-standard","has-post-thumbnail","hentry","category-praxiswissen","tag-nachhaltig-leben"],"acf":[],"yoast_head":"<!-- This site is optimized with the Yoast SEO Premium plugin v27.4 (Yoast SEO v27.4) - https:\/\/yoast.com\/product\/yoast-seo-premium-wordpress\/ -->\n<title>Durchblick im Siegel-Dschungel | Bergfreunde<\/title>\n<meta name=\"description\" content=\"Es gibt eine verwirrende Vielzahl an Siegeln zu jedem Thema. Bergfreund Jan bringt im Interview ein wenig Licht in den Siegel-Dschungel.\" \/>\n<meta name=\"robots\" content=\"noindex, follow\" \/>\n<meta property=\"og:locale\" content=\"de_DE\" \/>\n<meta property=\"og:type\" content=\"article\" \/>\n<meta property=\"og:title\" content=\"Durchblick im Siegel-Dschungel\" \/>\n<meta property=\"og:description\" content=\"Es gibt eine verwirrende Vielzahl an Siegeln zu jedem Thema. Bergfreund Jan bringt im Interview ein wenig Licht in den Siegel-Dschungel.\" \/>\n<meta property=\"og:url\" content=\"https:\/\/www.berg-freunde.ch\/blog\/ueberblick-siegel\/\" \/>\n<meta property=\"og:site_name\" content=\"Bergfreunde\" \/>\n<meta property=\"article:publisher\" content=\"https:\/\/www.facebook.com\/bergfreunde\" \/>\n<meta property=\"article:published_time\" content=\"2022-10-07T13:00:00+00:00\" \/>\n<meta property=\"article:modified_time\" content=\"2025-12-19T09:28:04+00:00\" \/>\n<meta property=\"og:image\" content=\"https:\/\/www.berg-freunde.ch\/blog\/wp-content\/uploads\/2022\/10\/1440x590_Blog_Nachhaltigkeit.jpg\" \/>\n\t<meta property=\"og:image:width\" content=\"1440\" \/>\n\t<meta property=\"og:image:height\" content=\"590\" \/>\n\t<meta property=\"og:image:type\" content=\"image\/jpeg\" \/>\n<meta name=\"author\" content=\"Gastautorin\" \/>\n<meta name=\"twitter:card\" content=\"summary_large_image\" \/>\n<meta name=\"twitter:label1\" content=\"Geschrieben von\" \/>\n\t<meta name=\"twitter:data1\" content=\"Gastautorin\" \/>\n\t<meta name=\"twitter:label2\" content=\"Gesch\u00e4tzte Lesezeit\" \/>\n\t<meta name=\"twitter:data2\" content=\"3\u00a0Minuten\" \/>\n<script type=\"application\/ld+json\" class=\"yoast-schema-graph\">{\"@context\":\"https:\\\/\\\/schema.org\",\"@graph\":[{\"@type\":[\"Article\",\"BlogPosting\"],\"@id\":\"https:\\\/\\\/www.berg-freunde.ch\\\/blog\\\/ueberblick-siegel\\\/#article\",\"isPartOf\":{\"@id\":\"https:\\\/\\\/www.berg-freunde.ch\\\/blog\\\/ueberblick-siegel\\\/\"},\"author\":{\"name\":\"Gastautorin\",\"@id\":\"https:\\\/\\\/www.berg-freunde.ch\\\/blog\\\/#\\\/schema\\\/person\\\/b2501727decd6d6c101a99837dfde824\"},\"headline\":\"Durchblick im Siegel-Dschungel\",\"datePublished\":\"2022-10-07T13:00:00+00:00\",\"dateModified\":\"2025-12-19T09:28:04+00:00\",\"mainEntityOfPage\":{\"@id\":\"https:\\\/\\\/www.berg-freunde.ch\\\/blog\\\/ueberblick-siegel\\\/\"},\"wordCount\":656,\"commentCount\":0,\"publisher\":{\"@id\":\"https:\\\/\\\/www.berg-freunde.ch\\\/blog\\\/#organization\"},\"image\":{\"@id\":\"https:\\\/\\\/www.berg-freunde.ch\\\/blog\\\/ueberblick-siegel\\\/#primaryimage\"},\"thumbnailUrl\":\"https:\\\/\\\/www.berg-freunde.ch\\\/blog\\\/wp-content\\\/uploads\\\/2022\\\/10\\\/1440x590_Blog_Nachhaltigkeit.jpg\",\"keywords\":[\"Nachhaltig leben\"],\"articleSection\":[\"Praxiswissen\"],\"inLanguage\":\"de-CH\",\"potentialAction\":[{\"@type\":\"CommentAction\",\"name\":\"Comment\",\"target\":[\"https:\\\/\\\/www.berg-freunde.ch\\\/blog\\\/ueberblick-siegel\\\/#respond\"]}]},{\"@type\":\"WebPage\",\"@id\":\"https:\\\/\\\/www.berg-freunde.ch\\\/blog\\\/ueberblick-siegel\\\/\",\"url\":\"https:\\\/\\\/www.berg-freunde.ch\\\/blog\\\/ueberblick-siegel\\\/\",\"name\":\"Durchblick im Siegel-Dschungel | Bergfreunde\",\"isPartOf\":{\"@id\":\"https:\\\/\\\/www.berg-freunde.ch\\\/blog\\\/#website\"},\"primaryImageOfPage\":{\"@id\":\"https:\\\/\\\/www.berg-freunde.ch\\\/blog\\\/ueberblick-siegel\\\/#primaryimage\"},\"image\":{\"@id\":\"https:\\\/\\\/www.berg-freunde.ch\\\/blog\\\/ueberblick-siegel\\\/#primaryimage\"},\"thumbnailUrl\":\"https:\\\/\\\/www.berg-freunde.ch\\\/blog\\\/wp-content\\\/uploads\\\/2022\\\/10\\\/1440x590_Blog_Nachhaltigkeit.jpg\",\"datePublished\":\"2022-10-07T13:00:00+00:00\",\"dateModified\":\"2025-12-19T09:28:04+00:00\",\"description\":\"Es gibt eine verwirrende Vielzahl an Siegeln zu jedem Thema. Bergfreund Jan bringt im Interview ein wenig Licht in den Siegel-Dschungel.\",\"breadcrumb\":{\"@id\":\"https:\\\/\\\/www.berg-freunde.ch\\\/blog\\\/ueberblick-siegel\\\/#breadcrumb\"},\"inLanguage\":\"de-CH\",\"potentialAction\":[{\"@type\":\"ReadAction\",\"target\":[\"https:\\\/\\\/www.berg-freunde.ch\\\/blog\\\/ueberblick-siegel\\\/\"]}]},{\"@type\":\"ImageObject\",\"inLanguage\":\"de-CH\",\"@id\":\"https:\\\/\\\/www.berg-freunde.ch\\\/blog\\\/ueberblick-siegel\\\/#primaryimage\",\"url\":\"https:\\\/\\\/www.berg-freunde.ch\\\/blog\\\/wp-content\\\/uploads\\\/2022\\\/10\\\/1440x590_Blog_Nachhaltigkeit.jpg\",\"contentUrl\":\"https:\\\/\\\/www.berg-freunde.ch\\\/blog\\\/wp-content\\\/uploads\\\/2022\\\/10\\\/1440x590_Blog_Nachhaltigkeit.jpg\",\"width\":1440,\"height\":590},{\"@type\":\"BreadcrumbList\",\"@id\":\"https:\\\/\\\/www.berg-freunde.ch\\\/blog\\\/ueberblick-siegel\\\/#breadcrumb\",\"itemListElement\":[{\"@type\":\"ListItem\",\"position\":1,\"name\":\"Blog\",\"item\":\"https:\\\/\\\/www.berg-freunde.ch\\\/blog\\\/\"},{\"@type\":\"ListItem\",\"position\":2,\"name\":\"Know-How\",\"item\":\"https:\\\/\\\/www.berg-freunde.ch\\\/blog\\\/category\\\/know-how\\\/\"},{\"@type\":\"ListItem\",\"position\":3,\"name\":\"Praxiswissen\",\"item\":\"https:\\\/\\\/www.berg-freunde.ch\\\/blog\\\/category\\\/know-how\\\/praxiswissen\\\/\"},{\"@type\":\"ListItem\",\"position\":4,\"name\":\"Durchblick im Siegel-Dschungel\"}]},{\"@type\":\"WebSite\",\"@id\":\"https:\\\/\\\/www.berg-freunde.ch\\\/blog\\\/#website\",\"url\":\"https:\\\/\\\/www.berg-freunde.ch\\\/blog\\\/\",\"name\":\"Bergfreunde\",\"description\":\"Blog\",\"publisher\":{\"@id\":\"https:\\\/\\\/www.berg-freunde.ch\\\/blog\\\/#organization\"},\"potentialAction\":[{\"@type\":\"SearchAction\",\"target\":{\"@type\":\"EntryPoint\",\"urlTemplate\":\"https:\\\/\\\/www.berg-freunde.ch\\\/blog\\\/?s={search_term_string}\"},\"query-input\":{\"@type\":\"PropertyValueSpecification\",\"valueRequired\":true,\"valueName\":\"search_term_string\"}}],\"inLanguage\":\"de-CH\"},{\"@type\":\"Organization\",\"@id\":\"https:\\\/\\\/www.berg-freunde.ch\\\/blog\\\/#organization\",\"name\":\"Bergfreunde\",\"url\":\"https:\\\/\\\/www.berg-freunde.ch\\\/blog\\\/\",\"logo\":{\"@type\":\"ImageObject\",\"inLanguage\":\"de-CH\",\"@id\":\"https:\\\/\\\/www.berg-freunde.ch\\\/blog\\\/#\\\/schema\\\/logo\\\/image\\\/\",\"url\":\"https:\\\/\\\/www.berg-freunde.ch\\\/blog\\\/wp-content\\\/uploads\\\/2023\\\/12\\\/Bergfreunde_DE_rgb.svg\",\"contentUrl\":\"https:\\\/\\\/www.berg-freunde.ch\\\/blog\\\/wp-content\\\/uploads\\\/2023\\\/12\\\/Bergfreunde_DE_rgb.svg\",\"caption\":\"Bergfreunde\"},\"image\":{\"@id\":\"https:\\\/\\\/www.berg-freunde.ch\\\/blog\\\/#\\\/schema\\\/logo\\\/image\\\/\"},\"sameAs\":[\"https:\\\/\\\/www.facebook.com\\\/bergfreunde\",\"https:\\\/\\\/www.instagram.com\\\/bergfreundede\\\/\"]},{\"@type\":\"Person\",\"@id\":\"https:\\\/\\\/www.berg-freunde.ch\\\/blog\\\/#\\\/schema\\\/person\\\/b2501727decd6d6c101a99837dfde824\",\"name\":\"Gastautorin\",\"url\":\"https:\\\/\\\/www.berg-freunde.ch\\\/blog\\\/about\\\/gastautorin\\\/\"}]}<\/script>\n<!-- \/ Yoast SEO Premium plugin. -->","yoast_head_json":{"title":"Durchblick im Siegel-Dschungel | Bergfreunde","description":"Es gibt eine verwirrende Vielzahl an Siegeln zu jedem Thema. Bergfreund Jan bringt im Interview ein wenig Licht in den Siegel-Dschungel.","robots":{"index":"noindex","follow":"follow"},"og_locale":"de_DE","og_type":"article","og_title":"Durchblick im Siegel-Dschungel","og_description":"Es gibt eine verwirrende Vielzahl an Siegeln zu jedem Thema. Bergfreund Jan bringt im Interview ein wenig Licht in den Siegel-Dschungel.","og_url":"https:\/\/www.berg-freunde.ch\/blog\/ueberblick-siegel\/","og_site_name":"Bergfreunde","article_publisher":"https:\/\/www.facebook.com\/bergfreunde","article_published_time":"2022-10-07T13:00:00+00:00","article_modified_time":"2025-12-19T09:28:04+00:00","og_image":[{"width":1440,"height":590,"url":"https:\/\/www.berg-freunde.ch\/blog\/wp-content\/uploads\/2022\/10\/1440x590_Blog_Nachhaltigkeit.jpg","type":"image\/jpeg"}],"author":"Gastautorin","twitter_card":"summary_large_image","twitter_misc":{"Geschrieben von":"Gastautorin","Gesch\u00e4tzte Lesezeit":"3\u00a0Minuten"},"schema":{"@context":"https:\/\/schema.org","@graph":[{"@type":["Article","BlogPosting"],"@id":"https:\/\/www.berg-freunde.ch\/blog\/ueberblick-siegel\/#article","isPartOf":{"@id":"https:\/\/www.berg-freunde.ch\/blog\/ueberblick-siegel\/"},"author":{"name":"Gastautorin","@id":"https:\/\/www.berg-freunde.ch\/blog\/#\/schema\/person\/b2501727decd6d6c101a99837dfde824"},"headline":"Durchblick im Siegel-Dschungel","datePublished":"2022-10-07T13:00:00+00:00","dateModified":"2025-12-19T09:28:04+00:00","mainEntityOfPage":{"@id":"https:\/\/www.berg-freunde.ch\/blog\/ueberblick-siegel\/"},"wordCount":656,"commentCount":0,"publisher":{"@id":"https:\/\/www.berg-freunde.ch\/blog\/#organization"},"image":{"@id":"https:\/\/www.berg-freunde.ch\/blog\/ueberblick-siegel\/#primaryimage"},"thumbnailUrl":"https:\/\/www.berg-freunde.ch\/blog\/wp-content\/uploads\/2022\/10\/1440x590_Blog_Nachhaltigkeit.jpg","keywords":["Nachhaltig leben"],"articleSection":["Praxiswissen"],"inLanguage":"de-CH","potentialAction":[{"@type":"CommentAction","name":"Comment","target":["https:\/\/www.berg-freunde.ch\/blog\/ueberblick-siegel\/#respond"]}]},{"@type":"WebPage","@id":"https:\/\/www.berg-freunde.ch\/blog\/ueberblick-siegel\/","url":"https:\/\/www.berg-freunde.ch\/blog\/ueberblick-siegel\/","name":"Durchblick im Siegel-Dschungel | Bergfreunde","isPartOf":{"@id":"https:\/\/www.berg-freunde.ch\/blog\/#website"},"primaryImageOfPage":{"@id":"https:\/\/www.berg-freunde.ch\/blog\/ueberblick-siegel\/#primaryimage"},"image":{"@id":"https:\/\/www.berg-freunde.ch\/blog\/ueberblick-siegel\/#primaryimage"},"thumbnailUrl":"https:\/\/www.berg-freunde.ch\/blog\/wp-content\/uploads\/2022\/10\/1440x590_Blog_Nachhaltigkeit.jpg","datePublished":"2022-10-07T13:00:00+00:00","dateModified":"2025-12-19T09:28:04+00:00","description":"Es gibt eine verwirrende Vielzahl an Siegeln zu jedem Thema. Bergfreund Jan bringt im Interview ein wenig Licht in den Siegel-Dschungel.","breadcrumb":{"@id":"https:\/\/www.berg-freunde.ch\/blog\/ueberblick-siegel\/#breadcrumb"},"inLanguage":"de-CH","potentialAction":[{"@type":"ReadAction","target":["https:\/\/www.berg-freunde.ch\/blog\/ueberblick-siegel\/"]}]},{"@type":"ImageObject","inLanguage":"de-CH","@id":"https:\/\/www.berg-freunde.ch\/blog\/ueberblick-siegel\/#primaryimage","url":"https:\/\/www.berg-freunde.ch\/blog\/wp-content\/uploads\/2022\/10\/1440x590_Blog_Nachhaltigkeit.jpg","contentUrl":"https:\/\/www.berg-freunde.ch\/blog\/wp-content\/uploads\/2022\/10\/1440x590_Blog_Nachhaltigkeit.jpg","width":1440,"height":590},{"@type":"BreadcrumbList","@id":"https:\/\/www.berg-freunde.ch\/blog\/ueberblick-siegel\/#breadcrumb","itemListElement":[{"@type":"ListItem","position":1,"name":"Blog","item":"https:\/\/www.berg-freunde.ch\/blog\/"},{"@type":"ListItem","position":2,"name":"Know-How","item":"https:\/\/www.berg-freunde.ch\/blog\/category\/know-how\/"},{"@type":"ListItem","position":3,"name":"Praxiswissen","item":"https:\/\/www.berg-freunde.ch\/blog\/category\/know-how\/praxiswissen\/"},{"@type":"ListItem","position":4,"name":"Durchblick im Siegel-Dschungel"}]},{"@type":"WebSite","@id":"https:\/\/www.berg-freunde.ch\/blog\/#website","url":"https:\/\/www.berg-freunde.ch\/blog\/","name":"Bergfreunde","description":"Blog","publisher":{"@id":"https:\/\/www.berg-freunde.ch\/blog\/#organization"},"potentialAction":[{"@type":"SearchAction","target":{"@type":"EntryPoint","urlTemplate":"https:\/\/www.berg-freunde.ch\/blog\/?s={search_term_string}"},"query-input":{"@type":"PropertyValueSpecification","valueRequired":true,"valueName":"search_term_string"}}],"inLanguage":"de-CH"},{"@type":"Organization","@id":"https:\/\/www.berg-freunde.ch\/blog\/#organization","name":"Bergfreunde","url":"https:\/\/www.berg-freunde.ch\/blog\/","logo":{"@type":"ImageObject","inLanguage":"de-CH","@id":"https:\/\/www.berg-freunde.ch\/blog\/#\/schema\/logo\/image\/","url":"https:\/\/www.berg-freunde.ch\/blog\/wp-content\/uploads\/2023\/12\/Bergfreunde_DE_rgb.svg","contentUrl":"https:\/\/www.berg-freunde.ch\/blog\/wp-content\/uploads\/2023\/12\/Bergfreunde_DE_rgb.svg","caption":"Bergfreunde"},"image":{"@id":"https:\/\/www.berg-freunde.ch\/blog\/#\/schema\/logo\/image\/"},"sameAs":["https:\/\/www.facebook.com\/bergfreunde","https:\/\/www.instagram.com\/bergfreundede\/"]},{"@type":"Person","@id":"https:\/\/www.berg-freunde.ch\/blog\/#\/schema\/person\/b2501727decd6d6c101a99837dfde824","name":"Gastautorin","url":"https:\/\/www.berg-freunde.ch\/blog\/about\/gastautorin\/"}]}},"_links":{"self":[{"href":"https:\/\/www.berg-freunde.ch\/blog\/wp-json\/wp\/v2\/posts\/64252","targetHints":{"allow":["GET"]}}],"collection":[{"href":"https:\/\/www.berg-freunde.ch\/blog\/wp-json\/wp\/v2\/posts"}],"about":[{"href":"https:\/\/www.berg-freunde.ch\/blog\/wp-json\/wp\/v2\/types\/post"}],"author":[{"embeddable":true,"href":"https:\/\/www.berg-freunde.ch\/blog\/wp-json\/wp\/v2\/users\/25"}],"replies":[{"embeddable":true,"href":"https:\/\/www.berg-freunde.ch\/blog\/wp-json\/wp\/v2\/comments?post=64252"}],"version-history":[{"count":3,"href":"https:\/\/www.berg-freunde.ch\/blog\/wp-json\/wp\/v2\/posts\/64252\/revisions"}],"predecessor-version":[{"id":129398,"href":"https:\/\/www.berg-freunde.ch\/blog\/wp-json\/wp\/v2\/posts\/64252\/revisions\/129398"}],"wp:featuredmedia":[{"embeddable":true,"href":"https:\/\/www.berg-freunde.ch\/blog\/wp-json\/wp\/v2\/media\/64254"}],"wp:attachment":[{"href":"https:\/\/www.berg-freunde.ch\/blog\/wp-json\/wp\/v2\/media?parent=64252"}],"wp:term":[{"taxonomy":"category","embeddable":true,"href":"https:\/\/www.berg-freunde.ch\/blog\/wp-json\/wp\/v2\/categories?post=64252"},{"taxonomy":"post_tag","embeddable":true,"href":"https:\/\/www.berg-freunde.ch\/blog\/wp-json\/wp\/v2\/tags?post=64252"},{"taxonomy":"post_folder","embeddable":true,"href":"https:\/\/www.berg-freunde.ch\/blog\/wp-json\/wp\/v2\/post_folder?post=64252"}],"curies":[{"name":"wp","href":"https:\/\/api.w.org\/{rel}","templated":true}]}}