{"id":64416,"date":"2022-10-01T00:00:00","date_gmt":"2022-09-30T22:00:00","guid":{"rendered":"https:\/\/www.bergfreunde.de\/blog\/ortovox-marken-nachhaltigkeitsportrait\/"},"modified":"2025-04-23T11:46:56","modified_gmt":"2025-04-23T09:46:56","slug":"ortovox-marken-nachhaltigkeitsportrait","status":"publish","type":"post","link":"https:\/\/www.berg-freunde.ch\/blog\/ortovox-marken-nachhaltigkeitsportrait\/","title":{"rendered":"Ortovox im Marken- und Nachhaltigkeitsportrait"},"content":{"rendered":"\n<p>Der Name bleibt h\u00e4ngen. Anders als Huber oder Maier wird man sich &#171;Ortovox&#187; wahrscheinlich merken. Meist ist er auch <strong>markant auf den Oberarmtaschen<\/strong> der funktionalen und farbenfrohen Ortovox-Oberteile platziert.<\/p>\n\n\n\n<p>Die <a href=\"https:\/\/www.berg-freunde.ch\/marken\/ortovox\/\">Ortovox<\/a> Sportartikel GmbH hat um die 120 Mitarbeiter und sitzt in Taufkirchen im S\u00fcden von M\u00fcnchen. Sie ist auf <strong>Lawinennotfallausr\u00fcstung<\/strong>, <strong>Rucks\u00e4cke <\/strong>sowie <strong>Sportkleidung <\/strong>aus <a href=\"https:\/\/www.berg-freunde.ch\/blog\/merinowolle\/\">Merinowolle<\/a> und Schweizer Wolle spezialisiert. Ihr einpr\u00e4gsamer Name setzt sich aus dem deutschen Begriff <strong>Ortung <\/strong>und dem lateinischen Begriff <strong>\u201evox\u201c f\u00fcr Stimme<\/strong> zusammen. Mit der \u201eStimme\u201c ist der Ton der Suchger\u00e4te gemeint, der je nach Frequenz die Entfernung und Position von Versch\u00fctteten in einer Lawine anzeigt. Es war n\u00e4mlich ein neuartiges <strong>Lawinenversch\u00fcttetensuchger\u00e4t (LVS)<\/strong>, mit dem Gerald Kampel und J\u00fcrgen Wegner die Firma Ortovox 1980 aus der Taufe hoben. Ihr Ortovox F2 war das erste Doppelfrequenzger\u00e4t der Welt, welches auf beiden zuvor durch inkompatible Ger\u00e4te getrennten Frequenzen (2,275 kHz und 457 kHz) senden und empfangen konnte. Es beschleunigte damit wesentlich die Versch\u00fcttetensuche und <strong>rettete viele Leben<\/strong>.<\/p>\n\n\n\n<figure class=\"wp-block-gallery has-nested-images columns-default is-cropped wp-block-gallery-1 is-layout-flex wp-block-gallery-is-layout-flex\">\n<figure class=\"wp-block-image size-large\"><a href=\"https:\/\/www.bergfreunde.de\/blog\/wp-content\/uploads\/2022\/10\/ORTOVOX-Beacon-Retro-F2-Beacon_1980_1.jpg\"><img fetchpriority=\"high\" decoding=\"async\" width=\"1000\" height=\"1150\" data-id=\"54464\" src=\"https:\/\/www.bergfreunde.de\/blog\/wp-content\/uploads\/2022\/10\/ORTOVOX-Beacon-Retro-F2-Beacon_1980_1.jpg\" alt=\"Ortovox F2 LVS Ger\u00e4t\" class=\"wp-image-54464\" srcset=\"https:\/\/www.berg-freunde.ch\/blog\/wp-content\/uploads\/2022\/10\/ORTOVOX-Beacon-Retro-F2-Beacon_1980_1.jpg 1000w, https:\/\/www.berg-freunde.ch\/blog\/wp-content\/uploads\/2022\/10\/ORTOVOX-Beacon-Retro-F2-Beacon_1980_1-261x300.jpg 261w, https:\/\/www.berg-freunde.ch\/blog\/wp-content\/uploads\/2022\/10\/ORTOVOX-Beacon-Retro-F2-Beacon_1980_1-768x883.jpg 768w\" sizes=\"(max-width: 1000px) 100vw, 1000px\" \/><\/a><figcaption class=\"wp-element-caption\">Die ersten ORTOVOX Produkte: das F2 LVS Ger\u00e4t&#8230;<\/figcaption><\/figure>\n\n\n\n<figure class=\"wp-block-image size-large\"><a href=\"https:\/\/www.bergfreunde.de\/blog\/wp-content\/uploads\/2022\/10\/IMG_0028_40YEARS-OVX_Gerald-Kampel_HiRes_1.jpg\"><img decoding=\"async\" width=\"900\" height=\"899\" data-id=\"54460\" src=\"https:\/\/www.bergfreunde.de\/blog\/wp-content\/uploads\/2022\/10\/IMG_0028_40YEARS-OVX_Gerald-Kampel_HiRes_1.jpg\" alt=\"Ortovox Skitouren-Rucks\u00e4cke\" class=\"wp-image-54460\" srcset=\"https:\/\/www.berg-freunde.ch\/blog\/wp-content\/uploads\/2022\/10\/IMG_0028_40YEARS-OVX_Gerald-Kampel_HiRes_1.jpg 900w, https:\/\/www.berg-freunde.ch\/blog\/wp-content\/uploads\/2022\/10\/IMG_0028_40YEARS-OVX_Gerald-Kampel_HiRes_1-300x300.jpg 300w, https:\/\/www.berg-freunde.ch\/blog\/wp-content\/uploads\/2022\/10\/IMG_0028_40YEARS-OVX_Gerald-Kampel_HiRes_1-150x150.jpg 150w, https:\/\/www.berg-freunde.ch\/blog\/wp-content\/uploads\/2022\/10\/IMG_0028_40YEARS-OVX_Gerald-Kampel_HiRes_1-768x767.jpg 768w\" sizes=\"(max-width: 900px) 100vw, 900px\" \/><\/a><figcaption class=\"wp-element-caption\">&#8230;und Skitouren-Rucks\u00e4cke<\/figcaption><\/figure>\n<\/figure>\n\n\n\n<h2 class=\"wp-block-heading\" id=\"h-natur-und-hightech-airbags-und-wolle-das-sortiment\">Natur und Hightech, Airbags und Wolle &#8211; das Sortiment<\/h2>\n\n\n\n<p>Mit der neuen Technologie machten Kampel und Wegner Ortovox f\u00fcr lange Zeit zum <strong>LVS-Marktf\u00fchrer<\/strong> mit zwischenzeitlich um die <strong>60% Marktanteil<\/strong>. Im Laufe der Jahre wurde das Produktsortiment stetig erweitert. Heute umfasst es neben LVS-Ger\u00e4ten und alpiner Notfallausr\u00fcstung eine breite Palette an <strong>technisch-funktionalen Rucks\u00e4cken und Kleidungsst\u00fccken<\/strong>. Im Bereich Kleidung ist Ortovox bekannt durch die <strong>Kombinationen von Wolle mit anderen Materialien<\/strong>. Besondere Funktions- und Konstruktionsmerkmale sind Kennzeichen vieler Ortovox Produkte. Dabei geht es nicht um Spielereien oder blo\u00dfes Auffallen, sondern diese Merkmale machen durchgehend Sinn. Bestes Beispiel ist das hauseigene <strong>Airbag-System<\/strong> in den Lawinenrucks\u00e4cken, das man ab Winter 2016\/2017 aus dem bew\u00e4hrten ABS-System entwickelte. Die Weiterentwicklung mit dem Namen Avabag wurde zum absoluten Leichtgewicht und heimste daf\u00fcr 2016 gleich den begehrten <strong>ISPO-Award \u201eProduct of the Year\u201c<\/strong> ein. Seitdem ist Avabag der Standard in Ortovox-Lawinenrucks\u00e4cken. <\/p>\n\n\n\n<h3 class=\"wp-block-heading\">Safety Academy<\/h3>\n\n\n\n<p>Die <strong>Sicherheitsl\u00f6sungen<\/strong> bei Ortovox sind meist originell, m\u00fcssen aber nicht zwangsweise technisch komplex sein. Bestes Beispiel hierf\u00fcr ist die <a href=\"https:\/\/www.ortovox.com\/de-de\/notfall-ausruestung\/specials\/ortovox-notfallkarte\">Notfallkarte<\/a>, die auf ganz einfache Weise wertvolle Zeit im Falle eines Falles einsparen kann. Um neben der technischen Sicherheit den Fokus auch auf Umsicht und Kompetenz zu richten, hat Ortovox im Jahr 2008 die <a href=\"https:\/\/www.ortovox.com\/de-de\/safety-academy\/ausbildung\/lawinenkurse\"><strong>Safety Academy<\/strong><\/a> ins Leben gerufen. Dort waren unter anderem auch die Bergfreunde schon zu Gast, wie du diesem <a href=\"https:\/\/www.berg-freunde.ch\/blog\/die-bergfreunde-in-der-ortovox-safety-academy\/\">Basislagerartikel vom Sommer 2017<\/a> entnehmen kannst. Bei jenem spannenden Ausflug in die Tannheimer Berge stand Alpinklettern im Kursprogramm. Doch es gibt die <strong>Sicherheitsausbildungen bei Ortovox<\/strong> f\u00fcrs ganze Jahr und f\u00fcr alle weiteren alpinen Disziplinen. Auch digital kann man sich in den Safety Academy LABs zu den Themen Schneesicherheit (LAB SNOW), Alpinklettern (LAB ROCK), Hochtouren (LAB ICE) und Alpine erste Hilfe (LAB ROCK \u2013 Kapitel Erste Hilfe) umfangreich informieren und interaktiv Wissen rund um diese Bergsportdisziplinen aneignen.<\/p>\n\n\n\n<figure class=\"wp-block-gallery has-nested-images columns-default is-cropped wp-block-gallery-2 is-layout-flex wp-block-gallery-is-layout-flex\">\n<figure class=\"wp-block-image size-large\"><a href=\"https:\/\/www.bergfreunde.de\/blog\/wp-content\/uploads\/2022\/10\/DB_2075_SAFETY_Axams_WS2223_MaxDraeger_MedRes_1.jpg\"><img decoding=\"async\" width=\"1000\" height=\"667\" data-id=\"54472\" src=\"https:\/\/www.bergfreunde.de\/blog\/wp-content\/uploads\/2022\/10\/DB_2075_SAFETY_Axams_WS2223_MaxDraeger_MedRes_1.jpg\" alt=\"Personen mit Ortovox-Ausr\u00fcstung im Schnee\" class=\"wp-image-54472\" srcset=\"https:\/\/www.berg-freunde.ch\/blog\/wp-content\/uploads\/2022\/10\/DB_2075_SAFETY_Axams_WS2223_MaxDraeger_MedRes_1.jpg 1000w, https:\/\/www.berg-freunde.ch\/blog\/wp-content\/uploads\/2022\/10\/DB_2075_SAFETY_Axams_WS2223_MaxDraeger_MedRes_1-300x200.jpg 300w, https:\/\/www.berg-freunde.ch\/blog\/wp-content\/uploads\/2022\/10\/DB_2075_SAFETY_Axams_WS2223_MaxDraeger_MedRes_1-768x512.jpg 768w\" sizes=\"(max-width: 1000px) 100vw, 1000px\" \/><\/a><\/figure>\n\n\n\n<figure class=\"wp-block-image size-large\"><a href=\"https:\/\/www.bergfreunde.de\/blog\/wp-content\/uploads\/2022\/10\/DB_3084_SAFETY_WS2223_Max-Draeger_MedRes_1.jpg\"><img loading=\"lazy\" decoding=\"async\" width=\"1000\" height=\"667\" data-id=\"54476\" src=\"https:\/\/www.bergfreunde.de\/blog\/wp-content\/uploads\/2022\/10\/DB_3084_SAFETY_WS2223_Max-Draeger_MedRes_1.jpg\" alt=\"Personen mit Ortovox-Ausr\u00fcstung auf Bergh\u00fctte\" class=\"wp-image-54476\" srcset=\"https:\/\/www.berg-freunde.ch\/blog\/wp-content\/uploads\/2022\/10\/DB_3084_SAFETY_WS2223_Max-Draeger_MedRes_1.jpg 1000w, https:\/\/www.berg-freunde.ch\/blog\/wp-content\/uploads\/2022\/10\/DB_3084_SAFETY_WS2223_Max-Draeger_MedRes_1-300x200.jpg 300w, https:\/\/www.berg-freunde.ch\/blog\/wp-content\/uploads\/2022\/10\/DB_3084_SAFETY_WS2223_Max-Draeger_MedRes_1-768x512.jpg 768w\" sizes=\"(max-width: 1000px) 100vw, 1000px\" \/><\/a><\/figure>\n\n\n\n<figure class=\"wp-block-image size-large\"><a href=\"https:\/\/www.bergfreunde.de\/blog\/wp-content\/uploads\/2022\/10\/ORTOVOX-KEYVISUAL-SAFETY-ACADEMY-LAB-ROCK-Hansi-Heckmair_1.jpg\"><img loading=\"lazy\" decoding=\"async\" width=\"1000\" height=\"667\" data-id=\"54468\" src=\"https:\/\/www.bergfreunde.de\/blog\/wp-content\/uploads\/2022\/10\/ORTOVOX-KEYVISUAL-SAFETY-ACADEMY-LAB-ROCK-Hansi-Heckmair_1.jpg\" alt=\"Personen mit Ortovox-Ausr\u00fcstung am Klettern\" class=\"wp-image-54468\" srcset=\"https:\/\/www.berg-freunde.ch\/blog\/wp-content\/uploads\/2022\/10\/ORTOVOX-KEYVISUAL-SAFETY-ACADEMY-LAB-ROCK-Hansi-Heckmair_1.jpg 1000w, https:\/\/www.berg-freunde.ch\/blog\/wp-content\/uploads\/2022\/10\/ORTOVOX-KEYVISUAL-SAFETY-ACADEMY-LAB-ROCK-Hansi-Heckmair_1-300x200.jpg 300w, https:\/\/www.berg-freunde.ch\/blog\/wp-content\/uploads\/2022\/10\/ORTOVOX-KEYVISUAL-SAFETY-ACADEMY-LAB-ROCK-Hansi-Heckmair_1-768x512.jpg 768w\" sizes=\"(max-width: 1000px) 100vw, 1000px\" \/><\/a><\/figure>\n<\/figure>\n\n\n\n<figure class=\"wp-block-embed is-type-video is-provider-youtube wp-block-embed-youtube wp-embed-aspect-16-9 wp-has-aspect-ratio\"><div class=\"wp-block-embed__wrapper\">\n<iframe title=\"SAFETY ACADEMY LAB SNOW 2.0 \u2013 digital training for avalanche prevention | Trailer\" width=\"800\" height=\"450\" src=\"https:\/\/www.youtube.com\/embed\/IQfclWsoxYU?feature=oembed\" frameborder=\"0\" allow=\"accelerometer; autoplay; clipboard-write; encrypted-media; gyroscope; picture-in-picture; web-share\" allowfullscreen><\/iframe>\n<\/div><\/figure>\n\n\n\n<h2 class=\"wp-block-heading\">Meilensteine der Firmengeschichte<\/h2>\n\n\n\n<h3 class=\"wp-block-heading\" id=\"h-80er-90er-jahre\">80er-90er Jahre<\/h3>\n\n\n<div class=\"wp-block-image\">\n<figure class=\"alignright size-full is-resized\"><a href=\"https:\/\/www.bergfreunde.de\/blog\/wp-content\/uploads\/2022\/10\/ORTOVOX-Fleece-Retro-Fashion_Umbrail-Pullover_1999_1.png\"><img loading=\"lazy\" decoding=\"async\" width=\"1000\" height=\"933\" src=\"https:\/\/www.bergfreunde.de\/blog\/wp-content\/uploads\/2022\/10\/ORTOVOX-Fleece-Retro-Fashion_Umbrail-Pullover_1999_1.png\" alt=\"Wollpulli von Ortovox\" class=\"wp-image-54480\" style=\"width:351px;height:327px\" srcset=\"https:\/\/www.berg-freunde.ch\/blog\/wp-content\/uploads\/2022\/10\/ORTOVOX-Fleece-Retro-Fashion_Umbrail-Pullover_1999_1.png 1000w, https:\/\/www.berg-freunde.ch\/blog\/wp-content\/uploads\/2022\/10\/ORTOVOX-Fleece-Retro-Fashion_Umbrail-Pullover_1999_1-300x280.png 300w, https:\/\/www.berg-freunde.ch\/blog\/wp-content\/uploads\/2022\/10\/ORTOVOX-Fleece-Retro-Fashion_Umbrail-Pullover_1999_1-768x717.png 768w\" sizes=\"(max-width: 1000px) 100vw, 1000px\" \/><\/a><figcaption class=\"wp-element-caption\">Einer der ersten Wollpullover von Ortovox<\/figcaption><\/figure>\n<\/div>\n\n\n<p>Im Social Report wirft Ortovox einen ausgiebigen Blick in die eigene Geschichte. Die chronologische Perspektive macht die <strong>tiefe Verankerung der Nachhaltigkeit<\/strong> besonders deutlich. Beginnen wir in den Achtzigern:<\/p>\n\n\n\n<p>Nach acht Jahren <strong>Spezialisierung auf Lawinensicherheit und Notfallprodukte<\/strong> f\u00fcr den Berg nahm Ortovox 1988 Bergsportbekleidung mit Wolle im Sortiment auf. Das entscheidende Argument war die hohe Feuchtigkeitsaufnahme von Wollfasern, dank derer sie auch im nassen Zustand w\u00e4rmen k\u00f6nnen. Dabei engagierte sich Ortovox von Beginn an f\u00fcr <strong>sichere und faire Arbeitsbedingungen<\/strong>, f\u00fcr das <strong>Wohlergehen der Schafe<\/strong> und f\u00fcr die <strong>umweltfreundliche Herstellung<\/strong> der Produkte.<\/p>\n\n\n\n<p>1995 kommt die besonders funktionelle und komfortable <strong>Merinowolle <\/strong>hinzu, deren Eigenschaften ein h\u00e4ufiges Wechseln von Unterw\u00e4sche bei Skitouren oder Bergwanderungen unn\u00f6tig machen.<\/p>\n\n\n\n<h3 class=\"wp-block-heading\" id=\"h-2010er-jahre\">2010er Jahre<\/h3>\n\n\n\n<p>2011 erschloss Ortovox mit der Swisswool eine zu dem Zeitpunkt v\u00f6llig <strong>neue Kategorie von Isolationskleidung<\/strong>, die <strong>Funktionalit\u00e4t mit Nachhaltigkeit vereinte<\/strong> und daf\u00fcr mit einem ISPO Award ausgezeichnet wurde. Die in der Schweiz gewonnene Wolle der Swisswool-Produkte ist in Isolationskammern abgesteppt. <\/p>\n\n\n\n<p>Diese und andere Besonderheiten sowie den Einstieg der Firma in diese spezielle Wollverarbeitung haben wir uns hier im  <a href=\"https:\/\/www.berg-freunde.ch\/blog\/gear-of-the-week-swisswool-von-ortovox\/\" target=\"_blank\" rel=\"noreferrer noopener\">Bergfreunde Basislager von einer Ortovox-Produktmanagerin<\/a> erl\u00e4utern lassen.<\/p>\n\n\n\n<figure class=\"wp-block-gallery has-nested-images columns-default is-cropped wp-block-gallery-3 is-layout-flex wp-block-gallery-is-layout-flex\">\n<figure class=\"wp-block-image size-large\"><a href=\"https:\/\/www.bergfreunde.de\/blog\/wp-content\/uploads\/2022\/10\/ORTOVOX-SWISSWOOL_Beech.jpg\"><img loading=\"lazy\" decoding=\"async\" width=\"1000\" height=\"667\" data-id=\"54484\" src=\"https:\/\/www.bergfreunde.de\/blog\/wp-content\/uploads\/2022\/10\/ORTOVOX-SWISSWOOL_Beech.jpg\" alt=\"Schaf\" class=\"wp-image-54484\" srcset=\"https:\/\/www.berg-freunde.ch\/blog\/wp-content\/uploads\/2022\/10\/ORTOVOX-SWISSWOOL_Beech.jpg 1000w, https:\/\/www.berg-freunde.ch\/blog\/wp-content\/uploads\/2022\/10\/ORTOVOX-SWISSWOOL_Beech-300x200.jpg 300w, https:\/\/www.berg-freunde.ch\/blog\/wp-content\/uploads\/2022\/10\/ORTOVOX-SWISSWOOL_Beech-768x512.jpg 768w\" sizes=\"(max-width: 1000px) 100vw, 1000px\" \/><\/a><\/figure>\n\n\n\n<figure class=\"wp-block-image size-large\"><a href=\"https:\/\/www.bergfreunde.de\/blog\/wp-content\/uploads\/2022\/10\/swisswool.jpg\"><img loading=\"lazy\" decoding=\"async\" width=\"490\" height=\"488\" data-id=\"54488\" src=\"https:\/\/www.bergfreunde.de\/blog\/wp-content\/uploads\/2022\/10\/swisswool.jpg\" alt=\"Swiss Wool Icon\" class=\"wp-image-54488\" srcset=\"https:\/\/www.berg-freunde.ch\/blog\/wp-content\/uploads\/2022\/10\/swisswool.jpg 490w, https:\/\/www.berg-freunde.ch\/blog\/wp-content\/uploads\/2022\/10\/swisswool-300x300.jpg 300w, https:\/\/www.berg-freunde.ch\/blog\/wp-content\/uploads\/2022\/10\/swisswool-150x150.jpg 150w\" sizes=\"(max-width: 490px) 100vw, 490px\" \/><\/a><\/figure>\n<\/figure>\n\n\n\n<p>Ebenfalls im Jahr 2011 wurde Gerald Kampels erfolgreiches Unternehmen <strong>Teil der Schwan-Stabilo Holding<\/strong>, die bis heute eher durch Schreibwaren bekannt ist, jedoch schon seit langem einen Teilkonzern Outdoor aufbaut, dem unter anderem der bekannte Rucksackproduzent Deuter angeh\u00f6rt.<\/p>\n\n\n\n<p>Die \u00dcbernahme \u00e4nderte nichts am <strong>zielgerichteten Nachhaltigkeitskurs<\/strong> von Ortovox. Im Gegenteil, die Entwicklung hat sich seitdem eher intensiviert. So kam es 2015 zum Beitritt von Ortovox zum <strong>B\u00fcndnis f\u00fcr nachhaltige Textilien<\/strong>, das sich f\u00fcr die Verbesserung der sozialen, \u00f6konomischen und \u00f6kologischen Bedingungen entlang der Lieferketten des Textil- und Bekleidungssektors einsetzt. Die Mitgliedschaft <strong>erh\u00f6ht die Transparenz<\/strong> einer Firma f\u00fcr ihre Kunden, hilft beim Setzen klarer Ziele und st\u00e4rkt das Thema Nachhaltigkeit in der gesamten Branche.<\/p>\n\n\n\n<p>Ein weiterer wichtiger Beitritt war 2015 der zur <a href=\"https:\/\/www.berg-freunde.ch\/blog\/fair-wear-foundation\/\"><strong>Fair Wear Foundation (FWF)<\/strong><\/a>, einer unabh\u00e4ngigen Dachorganisation, die bei ihren Mitgliedern den derzeit <strong>h\u00f6chsten Standard an sozialer Nachhaltigkeit<\/strong> sicherstellt. Die FWF wird kooperativ von Handelsverb\u00e4nden, Vertretern der Textilindustrie und Nichtregierungsorganisationen gef\u00fchrt. Ihr Ziel ist die <strong>Verbesserung der Arbeitsbedingungen in der Textilindustrie<\/strong> weltweit.<\/p>\n\n\n\n<p>Auch im Jahr 2016 gab es eine neue Mitgliedschaft, und zwar in der <strong>European Outdoor Conservation Association (EOCA)<\/strong>. Die Unternehmensgruppe aus der europ\u00e4ischen Outdoor-Industrie sammelt seit ihrer Gr\u00fcndung im Jahr 2006 Spenden f\u00fcr wohlt\u00e4tige Naturschutzprojekte in aller Welt.<\/p>\n\n\n\n<p>Seit 2017 kommt das <strong>Ortovox Wool Promise (OWP)<\/strong> zum Einsatz, der firmeneigene Standard, der den branchenweit etablierten <strong>Responsible Wool Standard im Umfang \u00fcbertrifft<\/strong>. <\/p>\n\n\n\n<blockquote class=\"wp-block-quote is-layout-flow wp-block-quote-is-layout-flow\">\n<p>\u201eDas OWP fu\u00dft auf vier S\u00e4ulen: pers\u00f6nliche Beziehung zu den Farmern, Tierschutz, Bewahrung der Natur sowie Transparenz aller Produkte bis zum Ursprung.\u201c<\/p>\n<\/blockquote>\n\n\n\n<p>Seit Juni 2019 ist Ortovox aufgrund seiner <strong>Unterst\u00fctzung des Tarkine Regenwaldes in Tasmanien<\/strong> \u201eSummit Member\u201c des EOCA. Im Rahmen des Tarkine-Projekts ermittelt Ortovox laut Branchenmagazin SAZ-Sport auch den CO2-Aussto\u00df im Bereich Standort und Produkte und \u201eskaliert diesen sukzessive auf das gesamte Sortiment\u201c. So soll es der Firma gelingen, \u201e<strong>100 Prozent Klimaneutralit\u00e4t<\/strong> durch Reduktion und Kompensation bis 2024 voran zu treiben.\u201c <\/p>\n\n\n\n<h3 class=\"wp-block-heading\" id=\"h-2020er-jahre\">2020er Jahre<\/h3>\n\n\n\n<p>Mit ProtACT 2024 bringt Ortovox schlie\u00dflich im Jahr 2019 seine Nachhaltigkeitsstrategie auf den Punkt und b\u00fcndelt alle bestehenden Ma\u00dfnahmen in einer klaren Zielsetzung bis 2024, um bis dahin <strong>komplett klimaneutral<\/strong> werden zu k\u00f6nnen.<\/p>\n\n\n\n<p>Seit Winter 2021\/2022 sind die <strong>Ortovox Freeride- und Swisswool-Kollektionen<\/strong> vollst\u00e4ndig klimaneutral.<\/p>\n\n\n\n<p>Seit Sommer 2022 ist die <strong>Ortovox Kletterkollektion<\/strong> klimaneutral.<\/p>\n\n\n\n<p><strong>N\u00e4chstes Ziel:<\/strong> Die komplette Ortovox Kollektion f\u00fcr Winter 2022\/2023 soll klimaneutral werden.<\/p>\n\n\n\n<figure class=\"wp-block-gallery has-nested-images columns-default is-cropped wp-block-gallery-4 is-layout-flex wp-block-gallery-is-layout-flex\">\n<figure class=\"wp-block-image size-large\"><a href=\"https:\/\/www.bergfreunde.de\/blog\/wp-content\/uploads\/2022\/10\/200916_ClimateNeutral_Logo_SZ.png\"><img loading=\"lazy\" decoding=\"async\" width=\"1070\" height=\"1112\" data-id=\"54492\" src=\"https:\/\/www.bergfreunde.de\/blog\/wp-content\/uploads\/2022\/10\/200916_ClimateNeutral_Logo_SZ.png\" alt=\"Climate Neutral Icon\" class=\"wp-image-54492\" srcset=\"https:\/\/www.berg-freunde.ch\/blog\/wp-content\/uploads\/2022\/10\/200916_ClimateNeutral_Logo_SZ.png 1070w, https:\/\/www.berg-freunde.ch\/blog\/wp-content\/uploads\/2022\/10\/200916_ClimateNeutral_Logo_SZ-289x300.png 289w, https:\/\/www.berg-freunde.ch\/blog\/wp-content\/uploads\/2022\/10\/200916_ClimateNeutral_Logo_SZ-768x798.png 768w\" sizes=\"(max-width: 1070px) 100vw, 1070px\" \/><\/a><\/figure>\n\n\n\n<figure class=\"wp-block-image size-large\"><a href=\"https:\/\/www.bergfreunde.de\/blog\/wp-content\/uploads\/2022\/10\/W22-23_1080x1080_SkitourMen2.jpg\"><img loading=\"lazy\" decoding=\"async\" width=\"1080\" height=\"1080\" data-id=\"54496\" src=\"https:\/\/www.bergfreunde.de\/blog\/wp-content\/uploads\/2022\/10\/W22-23_1080x1080_SkitourMen2.jpg\" alt=\"Ortovox Outdoor-Ausr\u00fcstung\" class=\"wp-image-54496\" srcset=\"https:\/\/www.berg-freunde.ch\/blog\/wp-content\/uploads\/2022\/10\/W22-23_1080x1080_SkitourMen2.jpg 1080w, https:\/\/www.berg-freunde.ch\/blog\/wp-content\/uploads\/2022\/10\/W22-23_1080x1080_SkitourMen2-300x300.jpg 300w, https:\/\/www.berg-freunde.ch\/blog\/wp-content\/uploads\/2022\/10\/W22-23_1080x1080_SkitourMen2-150x150.jpg 150w, https:\/\/www.berg-freunde.ch\/blog\/wp-content\/uploads\/2022\/10\/W22-23_1080x1080_SkitourMen2-768x768.jpg 768w\" sizes=\"(max-width: 1080px) 100vw, 1080px\" \/><\/a><\/figure>\n<\/figure>\n\n\n\n<h2 class=\"wp-block-heading\">ProtACT Nachhaltigkeitsstrategie von Ortovox<\/h2>\n\n\n\n<p>Schaut man bei Ortovox auf der Homepage nach, was es mit der <a href=\"https:\/\/www.ortovox.com\/de-de\/ortovox\/protact\">ProtACT<\/a> Nachhaltigkeitsstrategie auf sich hat, sticht einem folgende Aussage sofort ins Auge:<\/p>\n\n\n\n<blockquote class=\"wp-block-quote is-layout-flow wp-block-quote-is-layout-flow\">\n<p><strong>\u201eDas sch\u00fctzen, was wir lieben\u201c<\/strong><\/p>\n<\/blockquote>\n\n\n\n<p><strong>Sicherheit und Nachhaltigkeit<\/strong> sind im Bergsport generell eng verwoben. Bei Ortovox gilt das ganz besonders. Beide Themen bilden zusammen einen <strong>Grundpfeiler der Gesch\u00e4ftst\u00e4tigkeit<\/strong>. Laut Ortovox ist der alpine Raum der Ort, an dem man sich wohlf\u00fchlt, der Kraft gibt und inspiriert. Und genau dieser alpine Raum soll mit der Produktion von fairen, nachhaltigen Produkten, und zusammen mit der Bergsport-Community, gesch\u00fctzt werden.<\/p>\n\n\n\n<p><strong>Dabei wird das Ganze in sechs wichtige Kernthemenbereiche unterteilt:<\/strong><\/p>\n\n\n\n<ul class=\"wp-block-list\">\n<li>Tierwohl<\/li>\n\n\n\n<li>Klimaschutz<\/li>\n\n\n\n<li>Lieferkette<\/li>\n\n\n\n<li>Umweltschutz<\/li>\n\n\n\n<li>Langlebigkeit<\/li>\n\n\n\n<li>Soziale Verantwortung<\/li>\n<\/ul>\n\n\n\n<figure class=\"wp-block-image size-large\"><a href=\"https:\/\/www.bergfreunde.de\/blog\/wp-content\/uploads\/2022\/10\/ProtACT2024-Meilensteinplan_DE-1500x1061.jpg\"><img loading=\"lazy\" decoding=\"async\" width=\"1500\" height=\"1061\" src=\"https:\/\/www.bergfreunde.de\/blog\/wp-content\/uploads\/2022\/10\/ProtACT2024-Meilensteinplan_DE-1500x1061.jpg\" alt=\"Protact 2024\" class=\"wp-image-54500\" srcset=\"https:\/\/www.berg-freunde.ch\/blog\/wp-content\/uploads\/2022\/10\/ProtACT2024-Meilensteinplan_DE-1500x1061.jpg 1500w, https:\/\/www.berg-freunde.ch\/blog\/wp-content\/uploads\/2022\/10\/ProtACT2024-Meilensteinplan_DE-300x212.jpg 300w, https:\/\/www.berg-freunde.ch\/blog\/wp-content\/uploads\/2022\/10\/ProtACT2024-Meilensteinplan_DE-768x543.jpg 768w, https:\/\/www.berg-freunde.ch\/blog\/wp-content\/uploads\/2022\/10\/ProtACT2024-Meilensteinplan_DE-1536x1086.jpg 1536w, https:\/\/www.berg-freunde.ch\/blog\/wp-content\/uploads\/2022\/10\/ProtACT2024-Meilensteinplan_DE.jpg 1755w\" sizes=\"(max-width: 1500px) 100vw, 1500px\" \/><\/a><figcaption class=\"wp-element-caption\">Der ProtACT Meilensteinplan<\/figcaption><\/figure>\n\n\n\n<h3 class=\"wp-block-heading\" id=\"h-tierwohl\">Tierwohl<\/h3>\n\n\n\n<p>Ganz nach dem Motto \u201eGl\u00fcckliche Schafe, bessere Wolle\u201c steht bei Ortovox das <strong><a href=\"https:\/\/www.ortovox.com\/de-de\/ortovox\/protact\/tierwohl\">Wohl der Tiere<\/a> im Vordergrund<\/strong>. Seit 1995 verarbeitet Ortovox Wolle von Merinoschafen. Ihre Wolle ist nicht nur nach Responsible Wool Standard (RWS) zertifiziert, sondern auch nach dem <strong>firmeneigenen noch umfassenderen Standard<\/strong>, dem <a href=\"https:\/\/www.ortovox.com\/de-de\/woll-experte\/wolle\/owp-ortovox-wool-promise\">ORTOVOX WOOL PROMISE (OWP)<\/a>. Das \u201eWool Promise\u201c, das Ortovox-Versprechen, basiert auf <strong>\u00f6kologischer Verantwortung und ethischer Tierhaltung<\/strong> bei der Wollproduktion. Es wird durch ein <strong>umfangreiches Auditing der Lieferanten<\/strong> sichergestellt, dessen Details in einem <a href=\"https:\/\/issuu.com\/ortovox\/docs\/ortovox_wool_promise_audit_report?e=13002564\/64801498\">Audit-Protokoll<\/a> festgehalten sind.<\/p>\n\n\n<div class=\"wp-block-image\">\n<figure class=\"aligncenter size-full\"><a href=\"https:\/\/www.bergfreunde.de\/blog\/wp-content\/uploads\/2022\/09\/OrtovoxNachhaltigkeit_05.jpg\"><img loading=\"lazy\" decoding=\"async\" width=\"1000\" height=\"750\" src=\"https:\/\/www.bergfreunde.de\/blog\/wp-content\/uploads\/2022\/09\/OrtovoxNachhaltigkeit_05.jpg\" alt=\"Die Kontrolle der Schafwolle durch Ortovox geh\u00f6rt zu den wichtigsten Punkten im Auditing.\" class=\"wp-image-53333\" srcset=\"https:\/\/www.berg-freunde.ch\/blog\/wp-content\/uploads\/2022\/09\/OrtovoxNachhaltigkeit_05.jpg 1000w, https:\/\/www.berg-freunde.ch\/blog\/wp-content\/uploads\/2022\/09\/OrtovoxNachhaltigkeit_05-300x225.jpg 300w, https:\/\/www.berg-freunde.ch\/blog\/wp-content\/uploads\/2022\/09\/OrtovoxNachhaltigkeit_05-768x576.jpg 768w\" sizes=\"(max-width: 1000px) 100vw, 1000px\" \/><\/a><figcaption class=\"wp-element-caption\">\u201eGl\u00fcckliche Schafe, bessere Wolle\u201c &#8211; das wird mithilfe eines umfangreichen Auditings bei den Lieferanten sichergestellt.<\/figcaption><\/figure>\n<\/div>\n\n\n<h3 class=\"wp-block-heading\" id=\"h-klimaschutz\">Klimaschutz<\/h3>\n\n\n\n<p>Beim <a href=\"https:\/\/www.ortovox.com\/de-de\/ortovox\/protact\/klimaschutz-klimaneutralitaet\">Klimaschutz<\/a> steht bei Ortovox vor allem das <strong>Ziel, klimaneutral zu werden<\/strong> im Vordergrund. Daf\u00fcr werden <strong>CO2-Emissionen reduziert und kompensiert<\/strong>, die an den jeweiligen Standorten sowie in der Produktion entstehen. Vom Material \u00fcber die Produktion bis hin zum Transport wird bei Ortovox alles ganz genau betrachtet und so ermittelt, an welchen Stellen CO2-Emissionen eingespart werden k\u00f6nnen. <\/p>\n\n\n\n<p>Dazu muss gesagt werden, dass \u201eklimaneutral gestellt\u201c nicht bedeutet, dass gar keine Emissionen erzeugt werden, sondern die aktuell <strong>nicht vermeidbaren Ausst\u00f6\u00dfe mit <a href=\"https:\/\/fpm.climatepartner.com\/tracking\/14685-2009-1001\/de?utm_source=climatepartner.com&amp;utm_medium=id\">Klimaprojekten<\/a> kompensiert<\/strong> werden. Circa 60-70% des CO2-Fu\u00dfabdrucks entstehen entlang der <a href=\"https:\/\/www.ortovox.com\/de-de\/ortovox\/protact\/lieferkette\">Lieferkette<\/a>, entsprechend liegt hier auch der Fokus bei Ortovox. <\/p>\n\n\n\n<p><strong>Regionalit\u00e4t mit m\u00f6glichst kurzen Wegen<\/strong> ist ein wichtiges Element. Etwa 56% der Zulieferer und Partner sind in Europa ans\u00e4ssig. Ein gro\u00dfer Teil davon wiederum befindet sich im Baltikum und in Ungarn. Doch da Merinowolle ein wichtiger Rohstoff ist, der wiederum vom australischen Kontinent kommt und 44% der Kollektion in Asien gefertigt wird, sind nat\u00fcrlich <strong>nicht alle Gesch\u00e4ftsbeziehungen in diesem Sinne nachhaltig<\/strong>.<\/p>\n\n\n\n<h3 class=\"wp-block-heading\" id=\"h-lieferkette\">Lieferkette<\/h3>\n\n\n\n<p>Kreativit\u00e4t ist also gefragt. Das Ende 2021 ins Leben gerufene <strong>Supply Chain Decarbonisation Project<\/strong>, an dem Ortovox beteiligt ist, macht sich die Tatsache zunutze, dass individuelle Lieferketten zwar global und vielf\u00e4ltig sind, viele Outdoor-Unternehmen aber Produktionsanlagen gemeinsam nutzen. <\/p>\n\n\n\n<p>Diese \u00dcberschneidungen bieten den Unternehmen die Chance, zusammen Projekte zu entwickeln, wie beispielsweise die Installation von Solar Panels auf dem Dach oder die Anschaffung von effizienteren Ger\u00e4ten, um die Emissionen an gemeinsam genutzten Einrichtungen zu verbessern.<\/p>\n\n\n\n<p>Und nicht zu vergessen ist, dass bei Ortovox die Merinowolle ein wichtiger Rohstoff ist. Innerhalb der Wolllieferkette entsteht laut Ortovox der Gro\u00dfteil des CO2-Aussto\u00dfes auf der Stufe der Farmen, vor allem durch die Schafe selbst. Deshalb wurde das <strong>OWP-Carbon-Farmprojekt<\/strong> zur Berechnung der Emissionen auf die Bahn gebracht. <\/p>\n\n\n\n<p>Zudem wird versucht, die <strong>Treibhausgasemissionen der Viehhaltung<\/strong> \u00fcber das Anpflanzen von B\u00e4umen auf den Farmen zu kompensieren. Das ist ein erster Ansatz und soll in Zukunft weiter verfolgt werden.<\/p>\n\n\n\n<h3 class=\"wp-block-heading\" id=\"h-umweltschutz\">Umweltschutz<\/h3>\n\n\n\n<p>Zum <a href=\"https:\/\/www.ortovox.com\/de-de\/ortovox\/protact\/umweltschutz\">Umweltschutz<\/a> z\u00e4hlen bei Ortovox wichtige Punkte wie die Reduzierung von Plastik, vor allem bei den Verpackungen der Produkte (Out-of-the-Box Initiative: mehr dar\u00fcber im Ortovox Report <a href=\"https:\/\/www.ortovox.com\/ORTOVOX\/others\/nachhaltigkeit\/protact-hs-neu\/Reports\/201113_CSR_FWF_KrS_DE-1.pdf\">Sustainability Insights<\/a>), und die Unterst\u00fctzung von unterschiedlichen <strong>Projekten zum Schutz und Erhalt der Natur<\/strong>.<\/p>\n\n\n\n<p>So engagiert sich Ortovox beispielsweise seit 2020 zum <strong>Schutz des bedrohten tasmanischen Urwalds Tarkine<\/strong> und seit 2021 bei der <strong>Renaturierung des Narzissentals im Karpaten-Biosph\u00e4renreservat<\/strong>. <\/p>\n\n\n\n<p>Zudem hat sich Ortovox vorgenommen, bis 2024 <strong>komplett PFC-freie Produkte<\/strong> anzubieten. Des Weiteren werden Lieferanten zur Einhaltung des <strong>\u201eGuide to Chemical Management and Compliance\u201c<\/strong> verpflichtet, damit bei der Herstellung gewisse Richtlinien eingehalten werden, um die Verwendung von Schad- und Giftstoffen ausschlie\u00dfen zu k\u00f6nnen.<\/p>\n\n\n\n<h3 class=\"wp-block-heading\">Langlebigkeit<\/h3>\n\n\n\n<p>Unter dem Kernthema <a href=\"https:\/\/www.ortovox.com\/de-de\/ortovox\/protact\/langlebige-produkte\">Langlebigkeit<\/a> wird bei Ortovox die Nutzungsdauer eines Produkts zum nachhaltigen Aspekt. Daher spielt auch die <strong>richtige Pflege<\/strong> oder sogar eine <strong>Reparatur <\/strong>eine wichtige Rolle. Mit hilfreichen Tipps sollen Kunden dazu animiert werden, auf die Pflege und Reparatur eines Produkts mehr Wert zu legen, statt gleich etwas Neues zu kaufen und das Alte wegzuwerfen. Zudem bietet Ortovox zusammen mit H\u00e4ndlern <strong>Ausr\u00fcstung zum Verleih<\/strong> an.<\/p>\n\n\n\n<h3 class=\"wp-block-heading\" id=\"h-soziale-verantwortung\">Soziale Verantwortung<\/h3>\n\n\n\n<p><a href=\"https:\/\/www.ortovox.com\/de-de\/ortovox\/protact\/soziale-gerechtigkeit\">Soziale Verantwortung<\/a> ist ebenfalls ein sehr wichtiger Bestandteil der umfassenden Nachhaltigkeitsstrategie. Eine gute <strong>Kurzanalyse des Reports<\/strong> findet sich bei <a href=\"https:\/\/www.sazsport.de\/hersteller\/ortovox\/ortovox-beginnt-nachhaltigkeit-menschen-2614320.html\">SAZ-Sport<\/a>. Es geht darin um alle Nachhaltigkeitsma\u00dfnahmen im Bereich Soziales, wozu langfristig durchgeplante <strong>Produktzyklen mit langfristigen Abnahmevertr\u00e4gen<\/strong> ebenso geh\u00f6ren wie ein aufw\u00e4ndiges <strong>Monitoring der Lieferanten<\/strong>. <\/p>\n\n\n\n<p>Auch ein eigenes Team f\u00fcr den Bereich unternehmerische Verantwortung (Corporate Social Responsibility Team) ist Teil der sozialen Nachhaltigkeit bei Ortovox.<\/p>\n\n\n\n<p>Der Ortovox Report Sustainability Insights People liefert diverse <strong>Beispiele aus dem Innenleben des Unternehmens<\/strong> f\u00fcr die Umsetzung dieses Wertefundaments. Wichtig sind dabei nicht nur Vorgaben und Richtlinien, sondern vor allem auch <strong>pers\u00f6nliches, selbstbestimmtes Engagement der Belegschaft<\/strong>.<\/p>\n\n\n\n<p><\/p>\n\n\n\n<h2 class=\"wp-block-heading\">ProtACT Academy Lab<\/h2>\n\n\n\n<p>Zudem hat Ortovox mit dem <a href=\"https:\/\/www.ortovox.com\/de\/protact-academy-lab\/\" target=\"_blank\" rel=\"noreferrer noopener\">PROTACT ACADEMY LAB<\/a> eine <strong>interaktive Wissensplattform<\/strong> ins Leben gerufen, bei der es um den <strong>Schutz der Berge und der BergsportlerInnen<\/strong> geht. Im LAB werden n\u00fctzliche Tipps, Tricks und Tools vorgestellt und inspirierende Bergsport-Geschichten pr\u00e4sentiert. <\/p>\n\n\n\n<p>Verschiedene Tutorials zeigen, wie man das sch\u00fctzen kann, was man liebt! Die Hauptthemenbereiche sind:<\/p>\n\n\n\n<ul class=\"wp-block-list\">\n<li><a href=\"https:\/\/www.ortovox.com\/de\/protact-academy-lab\/01-mobilitaet\">Mobilit\u00e4t<\/a><\/li>\n\n\n\n<li><a href=\"https:\/\/www.ortovox.com\/de\/protact-academy-lab\/02-am-berg\">Bewusst am Berg<\/a><\/li>\n\n\n\n<li><a href=\"https:\/\/www.ortovox.com\/de\/protact-academy-lab\/03-smarte-wahl\">Smarte Wahl &#8211; Reflektierter Konsum<\/a><\/li>\n\n\n\n<li><a href=\"https:\/\/www.ortovox.com\/de\/protact-academy-lab\/04-langes-leben\">Langes Leben &#8211; Pflege und Reparatur<\/a><\/li>\n<\/ul>\n\n\n\n<h3 class=\"wp-block-heading\">Mobilit\u00e4t<\/h3>\n\n\n<div class=\"wp-block-image\">\n<figure class=\"alignright size-full is-resized\"><a href=\"https:\/\/www.bergfreunde.de\/blog\/wp-content\/uploads\/2022\/10\/Lena-Mueller-portrait-edited.jpg\"><img loading=\"lazy\" decoding=\"async\" width=\"500\" height=\"667\" src=\"https:\/\/www.bergfreunde.de\/blog\/wp-content\/uploads\/2022\/10\/Lena-Mueller-portrait-edited.jpg\" alt=\"\u00d6kologin und Top-Kletterin Lena M\u00fcller\" class=\"wp-image-54509\" style=\"width:351px;height:468px\" srcset=\"https:\/\/www.berg-freunde.ch\/blog\/wp-content\/uploads\/2022\/10\/Lena-Mueller-portrait-edited.jpg 500w, https:\/\/www.berg-freunde.ch\/blog\/wp-content\/uploads\/2022\/10\/Lena-Mueller-portrait-edited-225x300.jpg 225w\" sizes=\"(max-width: 500px) 100vw, 500px\" \/><\/a><figcaption class=\"wp-element-caption\">\u00d6kologin und Top-Kletterin Lena M\u00fcller<\/figcaption><\/figure>\n<\/div>\n\n\n<p>Im Kapitel Mobilit\u00e4t steht vor allem der CO2-Fu\u00dfabdruck im Vordergrund, den man beim Bergsport hinterl\u00e4sst. Es werden die <strong>Auswirkungen auf die Berge und die Natur<\/strong> thematisiert und Beispiele gezeigt, wie man umweltbewusster zum Berg kommen und am Berg unterwegs sein kann. <\/p>\n\n\n\n<p>Mit dem Link zum <a href=\"https:\/\/mossyearth.typeform.com\/to\/TvWE9M?typeform-source=www.mossy.earth\">CO2-Rechner<\/a> vom Mossy Earth kann man seinen <strong>eigenen CO2-Fu\u00dfabdruck berechnen <\/strong>lassen. \u00d6kologin und Top-Kletterin Lena M\u00fcller zeigt in ihrer Story \u201e<a href=\"https:\/\/www.ortovox.com\/de-de\/ortovox\/more-than-a-route\">More than a Route<\/a>\u201c wie man den Klettersport nachhaltiger gestalten kann. Neugierig geworden? Dann einfach reinschauen und lesen!<\/p>\n\n\n\n<h3 class=\"wp-block-heading\" id=\"h-bewusst-am-berg\">Bewusst am Berg<\/h3>\n\n\n\n<p>Bewusst am Berg unterwegs zu sein, bedeutet, sich Gedanken dar\u00fcber zu machen, was es f\u00fcr einen selbst \u00fcberhaupt bedeutet in den Bergen zu sein. Sind sie f\u00fcr einen selbst ein <strong>Ort zur Selbstinszenierung<\/strong> oder sind sie <strong>Kraftspender<\/strong>? <\/p>\n\n\n\n<h3 class=\"wp-block-heading\" id=\"h-reflektierter-konsum\">Reflektierter Konsum<\/h3>\n\n\n\n<p><strong>\u201eBraucht\u2019s das wirklich?\u201c<\/strong> So beginnt das n\u00e4chste Kapitel mit einer denkw\u00fcrdigen Frage f\u00fcr alle, denn jeder Einkauf kann hinterfragt werden. Vor allem unter dem Gesichtspunkt, ob die <strong>Anschaffung nachhaltig<\/strong> ist oder nicht. <\/p>\n\n\n\n<p>Ortovox hat dazu <strong>Informationen und Inspirationen<\/strong> zusammengetragen, die bei der Orientierung helfen k\u00f6nnen. Dazu erkl\u00e4rt Stefanie Rieder-Haas in einem Video, auf was man beim Kauf von Textilprodukten achten kann. Au\u00dferdem gibt es einen <strong>\u00dcberblick \u00fcber einige Nachhaltigkeitssiegel<\/strong>, und abschlie\u00dfend kann man sein <strong>Wissen in einem Quiz testen<\/strong>.<\/p>\n\n\n\n<h3 class=\"wp-block-heading\" id=\"h-pflege-und-reparatur\">Pflege und Reparatur<\/h3>\n\n\n\n<p>Mit einem Quiz rund ums Waschen startet auch der letzte Themenschwerpunkt \u201ePflege und Reparatur\u201c. <\/p>\n\n\n\n<p>Die erste Frage \u201eWie viel h\u00f6her ist der <strong>Stromverbrauch eines 60\u00b0C-Waschvorgangs im Vergleich zu einer W\u00e4sche bei 30\u00b0C<\/strong> (bei identischer Waschdauer)?\u201c weckt die Neugier und man kann die Antwort kaum glauben: <\/p>\n\n\n\n<p>\u201eDreifacher Verbrauch.\u201c Und so geht es mit spannenden Fragestellungen weiter. Das Experten-Team Paul und Benni gibt \u00fcber Videos Tipps und Tricks zur Reparatur und Pflege. Einfach toll!<\/p>\n\n\n\n<p>Solltest du noch Tipps brauchen, wie du deine Outdoor-Klamotten wieder auf Vordermann bringst, kannst du dir diese Videos von Ortovox anschauen:<\/p>\n\n\n\n<ul class=\"wp-block-list\">\n<li><a href=\"https:\/\/youtu.be\/MDGX0VqG6Fk\">L\u00f6cher Flicken<\/a> <\/li>\n\n\n\n<li><a href=\"https:\/\/youtu.be\/kvvAK2oB3OA\">Merino richtig waschen<\/a> <\/li>\n\n\n\n<li><a href=\"https:\/\/youtu.be\/l62-jcSXbZw\">Rucksack reinigen<\/a> <\/li>\n<\/ul>\n\n\n\n<h2 class=\"wp-block-heading\" id=\"h-besonderheit-das-prinzip-freundschaft\">Besonderheit: Das Prinzip Freundschaft<\/h2>\n\n\n<div class=\"wp-block-image\">\n<figure class=\"aligncenter size-full\"><a href=\"https:\/\/www.bergfreunde.de\/blog\/wp-content\/uploads\/2022\/09\/OrtovoxNachhaltigkeit_03.jpg\"><img loading=\"lazy\" decoding=\"async\" width=\"1000\" height=\"750\" src=\"https:\/\/www.bergfreunde.de\/blog\/wp-content\/uploads\/2022\/09\/OrtovoxNachhaltigkeit_03.jpg\" alt=\"N\u00e4herinnen in einer Ortovox-N\u00e4herei.\" class=\"wp-image-53329\" srcset=\"https:\/\/www.berg-freunde.ch\/blog\/wp-content\/uploads\/2022\/09\/OrtovoxNachhaltigkeit_03.jpg 1000w, https:\/\/www.berg-freunde.ch\/blog\/wp-content\/uploads\/2022\/09\/OrtovoxNachhaltigkeit_03-300x225.jpg 300w, https:\/\/www.berg-freunde.ch\/blog\/wp-content\/uploads\/2022\/09\/OrtovoxNachhaltigkeit_03-768x576.jpg 768w\" sizes=\"(max-width: 1000px) 100vw, 1000px\" \/><\/a><figcaption class=\"wp-element-caption\"> Fairness im Umgang mit allen Mitarbeitern, Kunden und Gesch\u00e4ftspartnern geh\u00f6rt bei Ortovox zu den Selbstverst\u00e4ndlichkeiten.<\/figcaption><\/figure>\n<\/div>\n\n\n<p>Eine besondere Erw\u00e4hnung verdient die ausdr\u00fcckliche <strong>Betonung der Freundschaft als verbindendes Element<\/strong> nicht nur im Privaten, sondern auch im Gesch\u00e4ftsleben. <strong>Fairness im Umgang mit allen Mitarbeitern, Kunden und Gesch\u00e4ftspartnern<\/strong> geh\u00f6rt dabei zu den Selbstverst\u00e4ndlichkeiten.<\/p>\n\n\n<div class=\"wp-block-image\">\n<figure class=\"alignright size-full is-resized\"><a href=\"https:\/\/www.bergfreunde.de\/blog\/wp-content\/uploads\/2022\/10\/ORTOVOX_CSR-Manager_Stefanie-Rieder_Haas-edited.jpg\"><img loading=\"lazy\" decoding=\"async\" width=\"472\" height=\"629\" src=\"https:\/\/www.bergfreunde.de\/blog\/wp-content\/uploads\/2022\/10\/ORTOVOX_CSR-Manager_Stefanie-Rieder_Haas-edited.jpg\" alt=\"Stefanie Rieder-Haas (Member of the Board, \u00a0Division Sustainability &amp; Quality)\" class=\"wp-image-54517\" style=\"width:355px\" srcset=\"https:\/\/www.berg-freunde.ch\/blog\/wp-content\/uploads\/2022\/10\/ORTOVOX_CSR-Manager_Stefanie-Rieder_Haas-edited.jpg 472w, https:\/\/www.berg-freunde.ch\/blog\/wp-content\/uploads\/2022\/10\/ORTOVOX_CSR-Manager_Stefanie-Rieder_Haas-edited-225x300.jpg 225w\" sizes=\"(max-width: 472px) 100vw, 472px\" \/><\/a><figcaption class=\"wp-element-caption\">Stefanie Rieder-Haas (Member of the Board, &nbsp;Division Sustainability &amp; Quality)<\/figcaption><\/figure>\n<\/div>\n\n\n<p>Als besonderes Beispiel kann an dieser Stelle die Unterst\u00fctzung, die enge Zusammenarbeit und das partnerschaftliche Verh\u00e4ltnis zu den beiden <strong>Produktionsst\u00e4tten in der Ukraine<\/strong> genannt werden. <\/p>\n\n\n\n<p>Der Tr\u00e4ger des Renaturierungsprojekts im Narzissental ist die gemeinn\u00fctzige Organisation \u201eDanube-Carpathian Programme\u201c mit Sitz in Lviv in der Ukraine. Die Verantwortlichen haben den <strong>Fokus f\u00fcr die Zeit der russischen Invasion<\/strong> neu ausgerichtet und zwar von <strong>natur-basiert hin zu humanit\u00e4r<\/strong>. <\/p>\n\n\n\n<p>Bisher gingen <strong>3 Euro f\u00fcr jedes nicht retournierte Paket<\/strong> an das Narzissentalprojekt. Aufgrund der aktuellen Lage wurde kurzfristig entschieden, diese Gelder monatlich f\u00fcr humanit\u00e4re Hilfe einzusetzen.<\/p>\n\n\n\n<p>Die Aussage von <strong>Stefanie Rieder-Haas<\/strong> (Member of the Board, &nbsp;Division Sustainability &amp; Quality) trifft es abschlie\u00dfend auf den Punkt:<\/p>\n\n\n\n<blockquote class=\"wp-block-quote is-layout-flow wp-block-quote-is-layout-flow\">\n<p>\u201eBei Ortovox verstehen wir uns als Gemeinschaft, die an Werte glaubt und aktiv mitgestalten m\u00f6chte. Wir \u00fcbernehmen unternehmerische Verantwortung und wollen dar\u00fcber hinaus mit unserer Strahlkraft als Marke gesellschaftliche Ver\u00e4nderungen ansto\u00dfen.\u201d <\/p>\n<cite>Stefanie Rieder-Haas<\/cite><\/blockquote>\n\n\n\n<p>Sowohl im Bereich Nachhaltigkeit als auch in der Technologie gab und gibt es weitere <strong>\u201eBenchmarks\u201c<\/strong>, die auf der <a href=\"https:\/\/www.ortovox.com\/de-de\/ortovox\/ueber-uns\/historie\">Firmenhomepage<\/a> beschrieben werden. Weitere <strong>Details \u00fcber die Nachhaltigkeitsstrategie<\/strong> kann man im Planet Report von Ortovox nachlesen.<\/p>\n","protected":false},"excerpt":{"rendered":"<p>Der Name bleibt h\u00e4ngen. Anders als Huber oder Maier wird man sich &#171;Ortovox&#187; wahrscheinlich merken. Meist ist er auch markant auf den Oberarmtaschen der funktionalen und farbenfrohen Ortovox-Oberteile platziert. Die Ortovox Sportartikel GmbH hat um die 120 Mitarbeiter und sitzt in Taufkirchen im S\u00fcden von M\u00fcnchen. Sie ist auf Lawinennotfallausr\u00fcstung, Rucks\u00e4cke sowie Sportkleidung aus Merinowolle [&hellip;]<\/p>\n","protected":false},"author":61,"featured_media":88644,"comment_status":"open","ping_status":"closed","sticky":false,"template":"","format":"standard","meta":{"_acf_changed":false,"footnotes":""},"categories":[280],"tags":[274],"post_folder":[],"class_list":["post-64416","post","type-post","status-publish","format-standard","has-post-thumbnail","hentry","category-hersteller-marken","tag-nachhaltig-leben"],"acf":[],"yoast_head":"<!-- This site is optimized with the Yoast SEO Premium plugin v27.4 (Yoast SEO v27.4) - https:\/\/yoast.com\/product\/yoast-seo-premium-wordpress\/ -->\n<title>Ortovox im Marken- und Nachhaltigkeitsportrait | Bergfreunde<\/title>\n<meta name=\"description\" content=\"Ortovox kombiniert die Elemente Sicherheit und Nachhaltigkeit als einen Grundpfeiler der Gesch\u00e4ftst\u00e4tigkeiten. Das sehen wir uns genauer an.\" \/>\n<meta name=\"robots\" content=\"index, follow, max-snippet:-1, max-image-preview:large, max-video-preview:-1\" \/>\n<link rel=\"canonical\" href=\"https:\/\/www.berg-freunde.ch\/blog\/ortovox-marken-nachhaltigkeitsportrait\/\" \/>\n<meta property=\"og:locale\" content=\"de_DE\" \/>\n<meta property=\"og:type\" content=\"article\" \/>\n<meta property=\"og:title\" content=\"Ortovox im Marken- und Nachhaltigkeitsportrait\" \/>\n<meta property=\"og:description\" content=\"Ortovox kombiniert die Elemente Sicherheit und Nachhaltigkeit als einen Grundpfeiler der Gesch\u00e4ftst\u00e4tigkeiten. Das sehen wir uns genauer an.\" \/>\n<meta property=\"og:url\" content=\"https:\/\/www.berg-freunde.ch\/blog\/ortovox-marken-nachhaltigkeitsportrait\/\" \/>\n<meta property=\"og:site_name\" content=\"Bergfreunde\" \/>\n<meta property=\"article:publisher\" content=\"https:\/\/www.facebook.com\/bergfreunde\" \/>\n<meta property=\"article:published_time\" content=\"2022-09-30T22:00:00+00:00\" \/>\n<meta property=\"article:modified_time\" content=\"2025-04-23T09:46:56+00:00\" \/>\n<meta property=\"og:image\" content=\"https:\/\/www.berg-freunde.ch\/blog\/wp-content\/uploads\/2022\/10\/20230620_Ortovox_Titel.jpg\" \/>\n\t<meta property=\"og:image:width\" content=\"1440\" \/>\n\t<meta property=\"og:image:height\" content=\"590\" \/>\n\t<meta property=\"og:image:type\" content=\"image\/jpeg\" \/>\n<meta name=\"author\" content=\"Sabrina\" \/>\n<meta name=\"twitter:card\" content=\"summary_large_image\" \/>\n<meta name=\"twitter:label1\" content=\"Geschrieben von\" \/>\n\t<meta name=\"twitter:data1\" content=\"Sabrina\" \/>\n\t<meta name=\"twitter:label2\" content=\"Gesch\u00e4tzte Lesezeit\" \/>\n\t<meta name=\"twitter:data2\" content=\"13\u00a0Minuten\" \/>\n<script type=\"application\/ld+json\" class=\"yoast-schema-graph\">{\"@context\":\"https:\\\/\\\/schema.org\",\"@graph\":[{\"@type\":[\"Article\",\"BlogPosting\"],\"@id\":\"https:\\\/\\\/www.berg-freunde.ch\\\/blog\\\/ortovox-marken-nachhaltigkeitsportrait\\\/#article\",\"isPartOf\":{\"@id\":\"https:\\\/\\\/www.berg-freunde.ch\\\/blog\\\/ortovox-marken-nachhaltigkeitsportrait\\\/\"},\"author\":{\"name\":\"Sabrina\",\"@id\":\"https:\\\/\\\/www.berg-freunde.ch\\\/blog\\\/#\\\/schema\\\/person\\\/2abb3489a6197825f5e38374ac8ec95b\"},\"headline\":\"Ortovox im Marken- und Nachhaltigkeitsportrait\",\"datePublished\":\"2022-09-30T22:00:00+00:00\",\"dateModified\":\"2025-04-23T09:46:56+00:00\",\"mainEntityOfPage\":{\"@id\":\"https:\\\/\\\/www.berg-freunde.ch\\\/blog\\\/ortovox-marken-nachhaltigkeitsportrait\\\/\"},\"wordCount\":2585,\"commentCount\":1,\"publisher\":{\"@id\":\"https:\\\/\\\/www.berg-freunde.ch\\\/blog\\\/#organization\"},\"image\":{\"@id\":\"https:\\\/\\\/www.berg-freunde.ch\\\/blog\\\/ortovox-marken-nachhaltigkeitsportrait\\\/#primaryimage\"},\"thumbnailUrl\":\"https:\\\/\\\/www.berg-freunde.ch\\\/blog\\\/wp-content\\\/uploads\\\/2022\\\/10\\\/20230620_Ortovox_Titel.jpg\",\"keywords\":[\"Nachhaltig leben\"],\"articleSection\":[\"Hersteller &amp; Marken\"],\"inLanguage\":\"de-CH\",\"potentialAction\":[{\"@type\":\"CommentAction\",\"name\":\"Comment\",\"target\":[\"https:\\\/\\\/www.berg-freunde.ch\\\/blog\\\/ortovox-marken-nachhaltigkeitsportrait\\\/#respond\"]}]},{\"@type\":\"WebPage\",\"@id\":\"https:\\\/\\\/www.berg-freunde.ch\\\/blog\\\/ortovox-marken-nachhaltigkeitsportrait\\\/\",\"url\":\"https:\\\/\\\/www.berg-freunde.ch\\\/blog\\\/ortovox-marken-nachhaltigkeitsportrait\\\/\",\"name\":\"Ortovox im Marken- und Nachhaltigkeitsportrait | Bergfreunde\",\"isPartOf\":{\"@id\":\"https:\\\/\\\/www.berg-freunde.ch\\\/blog\\\/#website\"},\"primaryImageOfPage\":{\"@id\":\"https:\\\/\\\/www.berg-freunde.ch\\\/blog\\\/ortovox-marken-nachhaltigkeitsportrait\\\/#primaryimage\"},\"image\":{\"@id\":\"https:\\\/\\\/www.berg-freunde.ch\\\/blog\\\/ortovox-marken-nachhaltigkeitsportrait\\\/#primaryimage\"},\"thumbnailUrl\":\"https:\\\/\\\/www.berg-freunde.ch\\\/blog\\\/wp-content\\\/uploads\\\/2022\\\/10\\\/20230620_Ortovox_Titel.jpg\",\"datePublished\":\"2022-09-30T22:00:00+00:00\",\"dateModified\":\"2025-04-23T09:46:56+00:00\",\"description\":\"Ortovox kombiniert die Elemente Sicherheit und Nachhaltigkeit als einen Grundpfeiler der Gesch\u00e4ftst\u00e4tigkeiten. Das sehen wir uns genauer an.\",\"breadcrumb\":{\"@id\":\"https:\\\/\\\/www.berg-freunde.ch\\\/blog\\\/ortovox-marken-nachhaltigkeitsportrait\\\/#breadcrumb\"},\"inLanguage\":\"de-CH\",\"potentialAction\":[{\"@type\":\"ReadAction\",\"target\":[\"https:\\\/\\\/www.berg-freunde.ch\\\/blog\\\/ortovox-marken-nachhaltigkeitsportrait\\\/\"]}]},{\"@type\":\"ImageObject\",\"inLanguage\":\"de-CH\",\"@id\":\"https:\\\/\\\/www.berg-freunde.ch\\\/blog\\\/ortovox-marken-nachhaltigkeitsportrait\\\/#primaryimage\",\"url\":\"https:\\\/\\\/www.berg-freunde.ch\\\/blog\\\/wp-content\\\/uploads\\\/2022\\\/10\\\/20230620_Ortovox_Titel.jpg\",\"contentUrl\":\"https:\\\/\\\/www.berg-freunde.ch\\\/blog\\\/wp-content\\\/uploads\\\/2022\\\/10\\\/20230620_Ortovox_Titel.jpg\",\"width\":1440,\"height\":590},{\"@type\":\"BreadcrumbList\",\"@id\":\"https:\\\/\\\/www.berg-freunde.ch\\\/blog\\\/ortovox-marken-nachhaltigkeitsportrait\\\/#breadcrumb\",\"itemListElement\":[{\"@type\":\"ListItem\",\"position\":1,\"name\":\"Blog\",\"item\":\"https:\\\/\\\/www.berg-freunde.ch\\\/blog\\\/\"},{\"@type\":\"ListItem\",\"position\":2,\"name\":\"Beratung\",\"item\":\"https:\\\/\\\/www.berg-freunde.ch\\\/blog\\\/category\\\/beratung\\\/\"},{\"@type\":\"ListItem\",\"position\":3,\"name\":\"Hersteller &amp; Marken\",\"item\":\"https:\\\/\\\/www.berg-freunde.ch\\\/blog\\\/category\\\/beratung\\\/hersteller-marken\\\/\"},{\"@type\":\"ListItem\",\"position\":4,\"name\":\"Ortovox im Marken- und Nachhaltigkeitsportrait\"}]},{\"@type\":\"WebSite\",\"@id\":\"https:\\\/\\\/www.berg-freunde.ch\\\/blog\\\/#website\",\"url\":\"https:\\\/\\\/www.berg-freunde.ch\\\/blog\\\/\",\"name\":\"Bergfreunde\",\"description\":\"Blog\",\"publisher\":{\"@id\":\"https:\\\/\\\/www.berg-freunde.ch\\\/blog\\\/#organization\"},\"potentialAction\":[{\"@type\":\"SearchAction\",\"target\":{\"@type\":\"EntryPoint\",\"urlTemplate\":\"https:\\\/\\\/www.berg-freunde.ch\\\/blog\\\/?s={search_term_string}\"},\"query-input\":{\"@type\":\"PropertyValueSpecification\",\"valueRequired\":true,\"valueName\":\"search_term_string\"}}],\"inLanguage\":\"de-CH\"},{\"@type\":\"Organization\",\"@id\":\"https:\\\/\\\/www.berg-freunde.ch\\\/blog\\\/#organization\",\"name\":\"Bergfreunde\",\"url\":\"https:\\\/\\\/www.berg-freunde.ch\\\/blog\\\/\",\"logo\":{\"@type\":\"ImageObject\",\"inLanguage\":\"de-CH\",\"@id\":\"https:\\\/\\\/www.berg-freunde.ch\\\/blog\\\/#\\\/schema\\\/logo\\\/image\\\/\",\"url\":\"https:\\\/\\\/www.berg-freunde.ch\\\/blog\\\/wp-content\\\/uploads\\\/2023\\\/12\\\/Bergfreunde_DE_rgb.svg\",\"contentUrl\":\"https:\\\/\\\/www.berg-freunde.ch\\\/blog\\\/wp-content\\\/uploads\\\/2023\\\/12\\\/Bergfreunde_DE_rgb.svg\",\"caption\":\"Bergfreunde\"},\"image\":{\"@id\":\"https:\\\/\\\/www.berg-freunde.ch\\\/blog\\\/#\\\/schema\\\/logo\\\/image\\\/\"},\"sameAs\":[\"https:\\\/\\\/www.facebook.com\\\/bergfreunde\",\"https:\\\/\\\/www.instagram.com\\\/bergfreundede\\\/\"]},{\"@type\":\"Person\",\"@id\":\"https:\\\/\\\/www.berg-freunde.ch\\\/blog\\\/#\\\/schema\\\/person\\\/2abb3489a6197825f5e38374ac8ec95b\",\"name\":\"Sabrina\",\"url\":\"https:\\\/\\\/www.berg-freunde.ch\\\/blog\\\/about\\\/sabrina-diebold\\\/\"}]}<\/script>\n<!-- \/ Yoast SEO Premium plugin. -->","yoast_head_json":{"title":"Ortovox im Marken- und Nachhaltigkeitsportrait | Bergfreunde","description":"Ortovox kombiniert die Elemente Sicherheit und Nachhaltigkeit als einen Grundpfeiler der Gesch\u00e4ftst\u00e4tigkeiten. Das sehen wir uns genauer an.","robots":{"index":"index","follow":"follow","max-snippet":"max-snippet:-1","max-image-preview":"max-image-preview:large","max-video-preview":"max-video-preview:-1"},"canonical":"https:\/\/www.berg-freunde.ch\/blog\/ortovox-marken-nachhaltigkeitsportrait\/","og_locale":"de_DE","og_type":"article","og_title":"Ortovox im Marken- und Nachhaltigkeitsportrait","og_description":"Ortovox kombiniert die Elemente Sicherheit und Nachhaltigkeit als einen Grundpfeiler der Gesch\u00e4ftst\u00e4tigkeiten. Das sehen wir uns genauer an.","og_url":"https:\/\/www.berg-freunde.ch\/blog\/ortovox-marken-nachhaltigkeitsportrait\/","og_site_name":"Bergfreunde","article_publisher":"https:\/\/www.facebook.com\/bergfreunde","article_published_time":"2022-09-30T22:00:00+00:00","article_modified_time":"2025-04-23T09:46:56+00:00","og_image":[{"width":1440,"height":590,"url":"https:\/\/www.berg-freunde.ch\/blog\/wp-content\/uploads\/2022\/10\/20230620_Ortovox_Titel.jpg","type":"image\/jpeg"}],"author":"Sabrina","twitter_card":"summary_large_image","twitter_misc":{"Geschrieben von":"Sabrina","Gesch\u00e4tzte Lesezeit":"13\u00a0Minuten"},"schema":{"@context":"https:\/\/schema.org","@graph":[{"@type":["Article","BlogPosting"],"@id":"https:\/\/www.berg-freunde.ch\/blog\/ortovox-marken-nachhaltigkeitsportrait\/#article","isPartOf":{"@id":"https:\/\/www.berg-freunde.ch\/blog\/ortovox-marken-nachhaltigkeitsportrait\/"},"author":{"name":"Sabrina","@id":"https:\/\/www.berg-freunde.ch\/blog\/#\/schema\/person\/2abb3489a6197825f5e38374ac8ec95b"},"headline":"Ortovox im Marken- und Nachhaltigkeitsportrait","datePublished":"2022-09-30T22:00:00+00:00","dateModified":"2025-04-23T09:46:56+00:00","mainEntityOfPage":{"@id":"https:\/\/www.berg-freunde.ch\/blog\/ortovox-marken-nachhaltigkeitsportrait\/"},"wordCount":2585,"commentCount":1,"publisher":{"@id":"https:\/\/www.berg-freunde.ch\/blog\/#organization"},"image":{"@id":"https:\/\/www.berg-freunde.ch\/blog\/ortovox-marken-nachhaltigkeitsportrait\/#primaryimage"},"thumbnailUrl":"https:\/\/www.berg-freunde.ch\/blog\/wp-content\/uploads\/2022\/10\/20230620_Ortovox_Titel.jpg","keywords":["Nachhaltig leben"],"articleSection":["Hersteller &amp; Marken"],"inLanguage":"de-CH","potentialAction":[{"@type":"CommentAction","name":"Comment","target":["https:\/\/www.berg-freunde.ch\/blog\/ortovox-marken-nachhaltigkeitsportrait\/#respond"]}]},{"@type":"WebPage","@id":"https:\/\/www.berg-freunde.ch\/blog\/ortovox-marken-nachhaltigkeitsportrait\/","url":"https:\/\/www.berg-freunde.ch\/blog\/ortovox-marken-nachhaltigkeitsportrait\/","name":"Ortovox im Marken- und Nachhaltigkeitsportrait | Bergfreunde","isPartOf":{"@id":"https:\/\/www.berg-freunde.ch\/blog\/#website"},"primaryImageOfPage":{"@id":"https:\/\/www.berg-freunde.ch\/blog\/ortovox-marken-nachhaltigkeitsportrait\/#primaryimage"},"image":{"@id":"https:\/\/www.berg-freunde.ch\/blog\/ortovox-marken-nachhaltigkeitsportrait\/#primaryimage"},"thumbnailUrl":"https:\/\/www.berg-freunde.ch\/blog\/wp-content\/uploads\/2022\/10\/20230620_Ortovox_Titel.jpg","datePublished":"2022-09-30T22:00:00+00:00","dateModified":"2025-04-23T09:46:56+00:00","description":"Ortovox kombiniert die Elemente Sicherheit und Nachhaltigkeit als einen Grundpfeiler der Gesch\u00e4ftst\u00e4tigkeiten. Das sehen wir uns genauer an.","breadcrumb":{"@id":"https:\/\/www.berg-freunde.ch\/blog\/ortovox-marken-nachhaltigkeitsportrait\/#breadcrumb"},"inLanguage":"de-CH","potentialAction":[{"@type":"ReadAction","target":["https:\/\/www.berg-freunde.ch\/blog\/ortovox-marken-nachhaltigkeitsportrait\/"]}]},{"@type":"ImageObject","inLanguage":"de-CH","@id":"https:\/\/www.berg-freunde.ch\/blog\/ortovox-marken-nachhaltigkeitsportrait\/#primaryimage","url":"https:\/\/www.berg-freunde.ch\/blog\/wp-content\/uploads\/2022\/10\/20230620_Ortovox_Titel.jpg","contentUrl":"https:\/\/www.berg-freunde.ch\/blog\/wp-content\/uploads\/2022\/10\/20230620_Ortovox_Titel.jpg","width":1440,"height":590},{"@type":"BreadcrumbList","@id":"https:\/\/www.berg-freunde.ch\/blog\/ortovox-marken-nachhaltigkeitsportrait\/#breadcrumb","itemListElement":[{"@type":"ListItem","position":1,"name":"Blog","item":"https:\/\/www.berg-freunde.ch\/blog\/"},{"@type":"ListItem","position":2,"name":"Beratung","item":"https:\/\/www.berg-freunde.ch\/blog\/category\/beratung\/"},{"@type":"ListItem","position":3,"name":"Hersteller &amp; Marken","item":"https:\/\/www.berg-freunde.ch\/blog\/category\/beratung\/hersteller-marken\/"},{"@type":"ListItem","position":4,"name":"Ortovox im Marken- und Nachhaltigkeitsportrait"}]},{"@type":"WebSite","@id":"https:\/\/www.berg-freunde.ch\/blog\/#website","url":"https:\/\/www.berg-freunde.ch\/blog\/","name":"Bergfreunde","description":"Blog","publisher":{"@id":"https:\/\/www.berg-freunde.ch\/blog\/#organization"},"potentialAction":[{"@type":"SearchAction","target":{"@type":"EntryPoint","urlTemplate":"https:\/\/www.berg-freunde.ch\/blog\/?s={search_term_string}"},"query-input":{"@type":"PropertyValueSpecification","valueRequired":true,"valueName":"search_term_string"}}],"inLanguage":"de-CH"},{"@type":"Organization","@id":"https:\/\/www.berg-freunde.ch\/blog\/#organization","name":"Bergfreunde","url":"https:\/\/www.berg-freunde.ch\/blog\/","logo":{"@type":"ImageObject","inLanguage":"de-CH","@id":"https:\/\/www.berg-freunde.ch\/blog\/#\/schema\/logo\/image\/","url":"https:\/\/www.berg-freunde.ch\/blog\/wp-content\/uploads\/2023\/12\/Bergfreunde_DE_rgb.svg","contentUrl":"https:\/\/www.berg-freunde.ch\/blog\/wp-content\/uploads\/2023\/12\/Bergfreunde_DE_rgb.svg","caption":"Bergfreunde"},"image":{"@id":"https:\/\/www.berg-freunde.ch\/blog\/#\/schema\/logo\/image\/"},"sameAs":["https:\/\/www.facebook.com\/bergfreunde","https:\/\/www.instagram.com\/bergfreundede\/"]},{"@type":"Person","@id":"https:\/\/www.berg-freunde.ch\/blog\/#\/schema\/person\/2abb3489a6197825f5e38374ac8ec95b","name":"Sabrina","url":"https:\/\/www.berg-freunde.ch\/blog\/about\/sabrina-diebold\/"}]}},"_links":{"self":[{"href":"https:\/\/www.berg-freunde.ch\/blog\/wp-json\/wp\/v2\/posts\/64416","targetHints":{"allow":["GET"]}}],"collection":[{"href":"https:\/\/www.berg-freunde.ch\/blog\/wp-json\/wp\/v2\/posts"}],"about":[{"href":"https:\/\/www.berg-freunde.ch\/blog\/wp-json\/wp\/v2\/types\/post"}],"author":[{"embeddable":true,"href":"https:\/\/www.berg-freunde.ch\/blog\/wp-json\/wp\/v2\/users\/61"}],"replies":[{"embeddable":true,"href":"https:\/\/www.berg-freunde.ch\/blog\/wp-json\/wp\/v2\/comments?post=64416"}],"version-history":[{"count":1,"href":"https:\/\/www.berg-freunde.ch\/blog\/wp-json\/wp\/v2\/posts\/64416\/revisions"}],"predecessor-version":[{"id":118651,"href":"https:\/\/www.berg-freunde.ch\/blog\/wp-json\/wp\/v2\/posts\/64416\/revisions\/118651"}],"wp:featuredmedia":[{"embeddable":true,"href":"https:\/\/www.berg-freunde.ch\/blog\/wp-json\/wp\/v2\/media\/88644"}],"wp:attachment":[{"href":"https:\/\/www.berg-freunde.ch\/blog\/wp-json\/wp\/v2\/media?parent=64416"}],"wp:term":[{"taxonomy":"category","embeddable":true,"href":"https:\/\/www.berg-freunde.ch\/blog\/wp-json\/wp\/v2\/categories?post=64416"},{"taxonomy":"post_tag","embeddable":true,"href":"https:\/\/www.berg-freunde.ch\/blog\/wp-json\/wp\/v2\/tags?post=64416"},{"taxonomy":"post_folder","embeddable":true,"href":"https:\/\/www.berg-freunde.ch\/blog\/wp-json\/wp\/v2\/post_folder?post=64416"}],"curies":[{"name":"wp","href":"https:\/\/api.w.org\/{rel}","templated":true}]}}