{"id":64511,"date":"2022-09-20T08:15:00","date_gmt":"2022-09-20T06:15:00","guid":{"rendered":"https:\/\/www.bergfreunde.de\/blog\/kaufberatung-kunstfaserschlafsack\/"},"modified":"2023-01-26T11:25:54","modified_gmt":"2023-01-26T10:25:54","slug":"kaufberatung-kunstfaserschlafsack","status":"publish","type":"post","link":"https:\/\/www.berg-freunde.ch\/blog\/kaufberatung-kunstfaserschlafsack\/","title":{"rendered":"Kaufberatung: Kunstfaserschlafsack &#8211; was sind die Vorteile der Kunstfaser?"},"content":{"rendered":"<div class=\"wp-block-image\">\n<figure class=\"alignleft is-resized\"><a href=\"https:\/\/www.bergfreunde.de\/blog\/wp-content\/uploads\/2021\/05\/Merinobekleidung-Wandern.jpg\"><img decoding=\"async\" src=\"https:\/\/www.bergfreunde.de\/blog\/wp-content\/uploads\/2021\/05\/Waermt-auch-noch-mit-ein-wenig-Feuchtigkeit-scaled.jpg\" alt=\"W\u00e4rmt auch noch, wenns drau\u00dfen etwas feuchter wird\" class=\"wp-image-24043\" width=\"350\"\/><\/a><figcaption class=\"wp-element-caption\">W\u00e4rmt auch noch, wenns drau\u00dfen etwas feuchter wird<\/figcaption><\/figure>\n<\/div>\n\n\n<p>Ein neuer Schlafsack muss her. <strong>Unempfindlich<\/strong> und <strong>robust<\/strong> sollte er sein, Packma\u00df und Gewicht spielen zun\u00e4chst einmal eine untergeordnete Rolle. So oder so \u00e4hnlich denken viele, die auf der Suche nach einem neuen Schlafsack sind. Unweigerlich stolpert man dann bei der Suche auf den Begriff <strong>Kunstfaserschlafsack<\/strong>.<\/p>\n\n\n\n<p>Es gibt einige gute Gr\u00fcnde, die f\u00fcr die Anschaffung eines Kunstfaserschlafsacks sprechen. Aber was haben Kunstfasern im Schlafsack \u00fcberhaupt verloren? Und sind Daunen als F\u00fcllung nicht viel besser?<\/p>\n\n\n\n<h2 class=\"wp-block-heading\" id=\"h-was-ist-eine-kunstfaserfullung\">Was ist eine Kunstfaserf\u00fcllung?<\/h2>\n\n\n\n<p>Schon in den 1950er Jahren kam der erste Schlafsack mit einer solchen F\u00fcllung auf den Markt. Die norwegische Firma Ajungilak, die heute zu <a href=\"https:\/\/www.berg-freunde.ch\/marken\/mammut\/\">Mammut<\/a> geh\u00f6rt, war von jeher ein Vorreiter bei der Herstellung und Entwicklung von <a href=\"\/schlafsaecke\/\" target=\"_blank\" rel=\"noreferrer noopener\">Schlafs\u00e4cken<\/a> &#8211; so auch hier. Schon bald waren sie auf internationalen Expeditionen und normalen Touren nicht mehr wegzudenken. Nach und nach begannen auch andere Hersteller, ihre Schlafs\u00e4cke mit Kunstfasern zu f\u00fcllen.<\/p>\n\n\n\n<p>Die Isolation gegen\u00fcber K\u00e4lte wird bei diesen Schlafs\u00e4cken, wie der Name schon sagt, von Kunstfasern \u00fcbernommen. Diese extrem d\u00fcnnen Fasern bauschen sich auf und binden so Luft, es entsteht eine isolierende Schicht. Damit sich die Fasern optimal aufbauschen k\u00f6nnen, muss die<strong> Oberfl\u00e4che der Fasern m\u00f6glichst glatt<\/strong> sein. Daher werden die Kunstfasern bei hochwertigen F\u00fcllungen mit einer glatten <strong>Silikonbeschichtung<\/strong> versehen. Diese Behandlung verhindert das Verhaken der an sich rauen Kunstfasern. Je glatter und robuster die Silikonschicht sein soll, umso aufwendiger ist das Verfahren zur Herstellung der Fasern. Der Aufwand lohnt sich aber in jedem Fall, denn so erh\u00e4lt man eine <strong>langlebige F\u00fcllung<\/strong>, die auch nach langer Nutzung nicht in ihrer Bauschkraft nachl\u00e4sst. An diesem Punkt erkl\u00e4rt sich auch der mitunter hohe Preisunterschied bei <a title=\"Kunstfaserschlafs\u00e4cke bei den Bergfreunden\" href=\"https:\/\/www.bergfreunde.de\/kunstfaserschlafsaecke\/\" target=\"_blank\" rel=\"noopener\">Kunstfaserschlafs\u00e4cken<\/a> mit der Qualit\u00e4t der F\u00fcllung.<\/p>\n\n\n\n<h2 class=\"wp-block-heading\" id=\"h-worin-liegen-die-vorteile\">Worin liegen die Vorteile<\/h2>\n\n\n<div class=\"wp-block-image\">\n<figure class=\"alignleft size-large is-resized\"><a href=\"https:\/\/www.bergfreunde.de\/blog\/wp-content\/uploads\/2023\/01\/Ideal-fuer-Mehrtagestouren1-1500x1002.jpg\"><img decoding=\"async\" src=\"https:\/\/www.bergfreunde.de\/blog\/wp-content\/uploads\/2023\/01\/Ideal-fuer-Mehrtagestouren1-1500x1002.jpg\" alt=\"Zwei Personen mit Kunstfaserschlafs\u00e4cken in einer Schneeh\u00f6hle\" class=\"wp-image-63611\" width=\"350\" srcset=\"https:\/\/www.berg-freunde.ch\/blog\/wp-content\/uploads\/2023\/01\/Ideal-fuer-Mehrtagestouren1-1500x1002.jpg 1500w, https:\/\/www.berg-freunde.ch\/blog\/wp-content\/uploads\/2023\/01\/Ideal-fuer-Mehrtagestouren1-300x200.jpg 300w, https:\/\/www.berg-freunde.ch\/blog\/wp-content\/uploads\/2023\/01\/Ideal-fuer-Mehrtagestouren1-768x513.jpg 768w, https:\/\/www.berg-freunde.ch\/blog\/wp-content\/uploads\/2023\/01\/Ideal-fuer-Mehrtagestouren1-1536x1026.jpg 1536w, https:\/\/www.berg-freunde.ch\/blog\/wp-content\/uploads\/2023\/01\/Ideal-fuer-Mehrtagestouren1.jpg 1920w\" sizes=\"(max-width: 1500px) 100vw, 1500px\" \/><\/a><figcaption class=\"wp-element-caption\">In July of 2012 David Lama, Peter Ortner, Corey Rich, Remo Masina, and Andrew Peacock traveled to the Karakoram mountains in Pakistan to climb and film on Trango Tower 6,286 m (20,608 ft), otherwise known as Nameless Tower.  The expedition was part of Mammut&#8217;s 150 years peak project. David Lama, Peter Ortner, and Corey Rich summited Trango Tower during the expedition via &#171;Eternal Flame.&#187; The team had intended to free climb the route but conditions did not permit as the route was too wet.  \n(For specific caption information see below)\n\nDavid Lama &#8211; Climber\nPeter Ortner &#8211; Climber\nCorey Rich &#8211; Filmmaker \/ Photographer\nRemo Masina &#8211; RC Helicopter operator\nAndrew Peacock &#8211; Assistant \/ 2nd Photographer\n\nLama and Ortner sleeping in snow cave at &#171;The Sun Terrace&#187; on &#171;Eternal Flame&#187; route.<\/figcaption><\/figure>\n<\/div>\n\n\n<p>Der gro\u00dfe Vorteil von Kunstfasern ist, dass sie <strong>kaum Feuchtigkeit aufnehmen<\/strong>. Wird der Schlafsack dennoch einmal feucht, verliert die F\u00fcllung kaum an Luft und <strong>w\u00e4rmt auch in feuchtem Zustand<\/strong>. Zudem trocknet die F\u00fcllung rasch wieder ab. Auch die Pflege ist angenehm unkompliziert, da die <strong>Kunstfasern sehr unempfindlich<\/strong> sind.<\/p>\n\n\n\n<p>Dies ist insbesondere in Regionen mit einer permanent hohen Luftfeuchtigkeit sehr von Vorteil. Und auch auf langen Touren und Expeditionen im Winter, wenn man oft \u00fcber Tage oder Wochen nicht die M\u00f6glichkeit hat, seinen <strong>Schlafsack richtig zu trocknen<\/strong>, kommen Kunstfaserschlafs\u00e4cke bevorzugt zum Einsatz. Bei einer F\u00fcllung aus Daunen w\u00fcrde auf solchen Touren immer die Gefahr bestehen, dass sie sich verklumpen, sobald sie feucht werden. Durch das Verklumpen w\u00fcrden sie dann umgehend ihre isolierende Wirkung verlieren. Das w\u00e4re im Winter bei eiskalten Temperaturen fatal.<\/p>\n\n\n\n<p>Dank dieser Unempfindlichkeit eignen sich Kunstfaserschlafs\u00e4cke aber <strong>auch ideal f\u00fcr \u00dcbernachtungen auf dem Zeltplatz<\/strong>, auf Touren in warmen Regionen, oder wenn man am Wochenende einfach einmal bei einem Kumpel auf dem Schlafsofa \u00fcbernachtet.<\/p>\n\n\n\n<h2 class=\"wp-block-heading\" id=\"h-worauf-sollte-man-beim-kauf-eines-kunstfaserschlafsacks-achten\">Worauf sollte man beim Kauf eines Kunstfaserschlafsacks achten<\/h2>\n\n\n\n<p>Generell sollte man beim Kauf eines Kunstfaserschlafsacks darauf achten, dass dieser \u00fcber eine <strong>hochwertige F\u00fcllung<\/strong> verf\u00fcgt. Materialien wie MTI von Ajungilak \/ Mammut oder G-Loft von <a href=\"https:\/\/www.berg-freunde.ch\/marken\/carinthia\/\">Carinthia<\/a> sind extrem hochwertig verarbeitet und haben sich bei zahlreichen Eins\u00e4tzen und Expeditionen bew\u00e4hrt. Nicht umsonst ist der <a href=\"https:\/\/www.bergfreunde.de\/carinthia-g-250-kunstfaserschlafsack\/\">CARINTHIA-G 250 &#8211; Kunstfaserschlafsack<\/a> und der <a href=\"https:\/\/www.bergfreunde.de\/nordisk-oscar-20-mummy-kunstfaserschlafsack\/\">NORDISK-Oscar -20 Mummy &#8211; Kunstfaserschlafsack<\/a> ein absoluter Klassiker auf winterlichen Expeditionen.<\/p>\n\n\n\n<h3 class=\"wp-block-heading\" id=\"h-verarbeitung-der-fullung\">Verarbeitung der F\u00fcllung<\/h3>\n\n\n\n<p>Die Verarbeitung der F\u00fcllung im Schlafsack ist immer auf den entsprechenden Einsatzzweck abgestimmt. So werden hochwertige Kunstfaserschlafs\u00e4cke oft mit einer sogenannten \u201elosen\u201c H\u00fclle versehen. Das hei\u00dft, dass das Kunstfaservlies zur Isolation nur mit dem Innenfutter fest verbunden ist und von der Au\u00dfenh\u00fclle nahtlos \u00fcberspannt wird. So reduziert man die N\u00e4hte auf ein Minimum und beugt K\u00e4ltebr\u00fccken an der Au\u00dfenh\u00fclle vor. Das Vlies zur Isolation wird zumeist in mehreren Bahnen verarbeitet, je nachdem, wie warm der Schlafsack sein soll.<\/p>\n\n\n\n<h3 class=\"wp-block-heading\" id=\"h-der-richtige-temperaturbereich\">Der richtige Temperaturbereich<\/h3>\n\n\n\n<p>Wie bei allen anderen Schlafs\u00e4cken auch, sollte man bei der Auswahl <a href=\"https:\/\/www.berg-freunde.ch\/blog\/temperaturangaben-bei-schlafsaecken-und-was-sie-bedeuten\/\" target=\"_blank\" rel=\"noreferrer noopener\">immer auf den richtigen Temperaturbereich achten<\/a>. Wir empfehlen, sich dabei immer am \u201eT-Comfort\u201c Wert zu orientieren. So besteht nicht die Gefahr, dass man einmal im Schlafsack friert. Denn einige Hersteller werben mit dem \u201eT-Limit\u201c Wert als Grenztemperatur und erwecken so den Eindruck, dass der Schlafsack w\u00e4rmer als gedacht ist. Aus eigener Erfahrung wissen wir aber, dass es bei diesen Temperaturen in so manchem Schlafsack schon sehr frisch werden kann. Von daher sollte man immer nur auf den \u201eT-Comfort\u201c Wert achten, egal ob Mann oder Frau, dann friert man nicht.<\/p>\n\n\n<div class=\"wp-block-image\">\n<figure class=\"alignright size-large is-resized\"><img fetchpriority=\"high\" decoding=\"async\" src=\"https:\/\/www.bergfreunde.de\/blog\/wp-content\/uploads\/2023\/01\/carinthia-g-280-kunstfaserschlafsack.jpg\" alt=\"CARINTHIA  G 280 Kunstfaserschlafsack\" width=\"300\" height=\"300\"\/><figcaption class=\"wp-element-caption\">Der CARINTHIA-G 280 &#8211; Kunstfaserschlafsack mit G-Loft<\/figcaption><\/figure>\n<\/div>\n\n\n<h3 class=\"wp-block-heading\" id=\"h-die-form-des-kunstfaserschlafsacks\">Die Form des Kunstfaserschlafsacks<\/h3>\n\n\n\n<p>Ein weiterer Faktor, den man beachten sollte, ist die <strong>Form des Schlafsacks<\/strong>. M\u00f6chte ich ihn eher sporadisch zum Camping oder zum \u00dcbernachten bei Freunden nutzen, dann bietet sich ein rechteckiger Schlafsack mit einem umlaufenden Rei\u00dfverschluss an. So kann man ihn im <strong>Handumdrehen in eine Decke verwandeln<\/strong>, wenn es einmal zu warm werden sollte. Auch ein langer Rei\u00dfverschluss ist sehr angenehm, wenn man die W\u00e4rme im Schlafsack regulieren m\u00f6chte.<\/p>\n\n\n\n<p>Soll der Schlafsack <strong>m\u00f6glichst warm sein, empfiehlt es sich, die Mumienform<\/strong> zu w\u00e4hlen. Diese liegt nah am K\u00f6rper an, man muss also <strong>weniger Luft im Schlafsack erw\u00e4rmen<\/strong>, um warm zu werden und dann auch zu bleiben. Die K\u00f6rpergr\u00f6\u00dfe muss nat\u00fcrlich auch ber\u00fccksichtigt werden, denn der Schlafsack sollte nicht zu gro\u00df und nat\u00fcrlich auch nicht zu kurz sein.<\/p>\n\n\n\n<p>Ein Nachteil, den Kunstfaserschlafs\u00e4cke aber leider immer haben, ist das im Verh\u00e4ltnis zu <a href=\"\/daunenschlafsaecke\/\" target=\"_blank\" rel=\"noreferrer noopener\">Daunenschlafs\u00e4cken <\/a>gr\u00f6\u00dfere Packvolumen und h\u00f6here Gewicht bei gleicher W\u00e4rmeleistung. Daf\u00fcr sind sie sie aber eben unempfindlicher und pflegeleichter, oft kann der Schlafsack daheim in der normalen Waschmaschine gewaschen werden. Und preisg\u00fcnstiger als die Pendants mit einer Daunenf\u00fcllung sind sie in den allermeisten F\u00e4llen auch.<\/p>\n\n\n\n<div class=\"wp-block-buttons is-layout-flex wp-block-buttons-is-layout-flex\">\n<div class=\"wp-block-button\"><a class=\"wp-block-button__link wp-element-button\" href=\"\/kunstfaserschlafsaecke\/\">Kunstfaserschlafsack kaufen<\/a><\/div>\n<\/div>\n","protected":false},"excerpt":{"rendered":"<p>Ein neuer Schlafsack muss her. Unempfindlich und robust sollte er sein, Packma\u00df und Gewicht spielen zun\u00e4chst einmal eine untergeordnete Rolle. So oder so \u00e4hnlich denken viele, die auf der Suche nach einem neuen Schlafsack sind. Unweigerlich stolpert man dann bei der Suche auf den Begriff Kunstfaserschlafsack. Es gibt einige gute Gr\u00fcnde, die f\u00fcr die Anschaffung [&hellip;]<\/p>\n","protected":false},"author":56,"featured_media":63629,"comment_status":"open","ping_status":"closed","sticky":false,"template":"","format":"standard","meta":{"_acf_changed":false,"footnotes":""},"categories":[268],"tags":[269,273,276],"post_folder":[],"class_list":["post-64511","post","type-post","status-publish","format-standard","has-post-thumbnail","hentry","category-kaufberatung","tag-bergsteigen","tag-klettern-bouldern","tag-wandern-trekking"],"acf":[],"yoast_head":"<!-- This site is optimized with the Yoast SEO Premium plugin v27.4 (Yoast SEO v27.4) - https:\/\/yoast.com\/product\/yoast-seo-premium-wordpress\/ -->\n<title>Schlafsack aus Kunstfaser: Vorteile &amp; Vergleich mit Daune<\/title>\n<meta name=\"description\" content=\"Kunstfaserschlafs\u00e4cke haben viele Vorteile gegen\u00fcber Daunenschlafs\u00e4cken. Welche das sind und worauf Du beim Kauf achten solltest, erf\u00e4hrst Du im Basislager Blog!\" \/>\n<meta name=\"robots\" content=\"index, follow, max-snippet:-1, max-image-preview:large, max-video-preview:-1\" \/>\n<link rel=\"canonical\" href=\"https:\/\/www.berg-freunde.ch\/blog\/kaufberatung-kunstfaserschlafsack\/\" \/>\n<meta property=\"og:locale\" content=\"de_DE\" \/>\n<meta property=\"og:type\" content=\"article\" \/>\n<meta property=\"og:title\" content=\"Kaufberatung: Kunstfaserschlafsack - was sind die Vorteile der Kunstfaser?\" \/>\n<meta property=\"og:description\" content=\"Kunstfaserschlafs\u00e4cke haben viele Vorteile gegen\u00fcber Daunenschlafs\u00e4cken. Welche das sind und worauf Du beim Kauf achten solltest, erf\u00e4hrst Du im Basislager Blog!\" \/>\n<meta property=\"og:url\" content=\"https:\/\/www.berg-freunde.ch\/blog\/kaufberatung-kunstfaserschlafsack\/\" \/>\n<meta property=\"og:site_name\" content=\"Bergfreunde\" \/>\n<meta property=\"article:publisher\" content=\"https:\/\/www.facebook.com\/bergfreunde\" \/>\n<meta property=\"article:published_time\" content=\"2022-09-20T06:15:00+00:00\" \/>\n<meta property=\"article:modified_time\" content=\"2023-01-26T10:25:54+00:00\" \/>\n<meta property=\"og:image\" content=\"https:\/\/www.berg-freunde.ch\/blog\/wp-content\/uploads\/2015\/06\/shutterstock_1028618569_1440x590.jpg\" \/>\n\t<meta property=\"og:image:width\" content=\"1440\" \/>\n\t<meta property=\"og:image:height\" content=\"590\" \/>\n\t<meta property=\"og:image:type\" content=\"image\/jpeg\" \/>\n<meta name=\"author\" content=\"Simon\" \/>\n<meta name=\"twitter:card\" content=\"summary_large_image\" \/>\n<meta name=\"twitter:label1\" content=\"Geschrieben von\" \/>\n\t<meta name=\"twitter:data1\" content=\"Simon\" \/>\n\t<meta name=\"twitter:label2\" content=\"Gesch\u00e4tzte Lesezeit\" \/>\n\t<meta name=\"twitter:data2\" content=\"7\u00a0Minuten\" \/>\n<script type=\"application\/ld+json\" class=\"yoast-schema-graph\">{\"@context\":\"https:\\\/\\\/schema.org\",\"@graph\":[{\"@type\":[\"Article\",\"BlogPosting\"],\"@id\":\"https:\\\/\\\/www.berg-freunde.ch\\\/blog\\\/kaufberatung-kunstfaserschlafsack\\\/#article\",\"isPartOf\":{\"@id\":\"https:\\\/\\\/www.berg-freunde.ch\\\/blog\\\/kaufberatung-kunstfaserschlafsack\\\/\"},\"author\":{\"name\":\"Simon\",\"@id\":\"https:\\\/\\\/www.berg-freunde.ch\\\/blog\\\/#\\\/schema\\\/person\\\/2af519f2c40bb02c10b47f24144d6ca4\"},\"headline\":\"Kaufberatung: Kunstfaserschlafsack &#8211; was sind die Vorteile der Kunstfaser?\",\"datePublished\":\"2022-09-20T06:15:00+00:00\",\"dateModified\":\"2023-01-26T10:25:54+00:00\",\"mainEntityOfPage\":{\"@id\":\"https:\\\/\\\/www.berg-freunde.ch\\\/blog\\\/kaufberatung-kunstfaserschlafsack\\\/\"},\"wordCount\":1111,\"commentCount\":2,\"publisher\":{\"@id\":\"https:\\\/\\\/www.berg-freunde.ch\\\/blog\\\/#organization\"},\"image\":{\"@id\":\"https:\\\/\\\/www.berg-freunde.ch\\\/blog\\\/kaufberatung-kunstfaserschlafsack\\\/#primaryimage\"},\"thumbnailUrl\":\"https:\\\/\\\/www.berg-freunde.ch\\\/blog\\\/wp-content\\\/uploads\\\/2015\\\/06\\\/shutterstock_1028618569_1440x590.jpg\",\"keywords\":[\"Bergsteigen &amp; Hochtouren\",\"Klettern &amp; Bouldern\",\"Wandern &amp; Trekking\"],\"articleSection\":[\"Kaufberatung\"],\"inLanguage\":\"de-CH\",\"potentialAction\":[{\"@type\":\"CommentAction\",\"name\":\"Comment\",\"target\":[\"https:\\\/\\\/www.berg-freunde.ch\\\/blog\\\/kaufberatung-kunstfaserschlafsack\\\/#respond\"]}]},{\"@type\":\"WebPage\",\"@id\":\"https:\\\/\\\/www.berg-freunde.ch\\\/blog\\\/kaufberatung-kunstfaserschlafsack\\\/\",\"url\":\"https:\\\/\\\/www.berg-freunde.ch\\\/blog\\\/kaufberatung-kunstfaserschlafsack\\\/\",\"name\":\"Schlafsack aus Kunstfaser: Vorteile & Vergleich mit Daune\",\"isPartOf\":{\"@id\":\"https:\\\/\\\/www.berg-freunde.ch\\\/blog\\\/#website\"},\"primaryImageOfPage\":{\"@id\":\"https:\\\/\\\/www.berg-freunde.ch\\\/blog\\\/kaufberatung-kunstfaserschlafsack\\\/#primaryimage\"},\"image\":{\"@id\":\"https:\\\/\\\/www.berg-freunde.ch\\\/blog\\\/kaufberatung-kunstfaserschlafsack\\\/#primaryimage\"},\"thumbnailUrl\":\"https:\\\/\\\/www.berg-freunde.ch\\\/blog\\\/wp-content\\\/uploads\\\/2015\\\/06\\\/shutterstock_1028618569_1440x590.jpg\",\"datePublished\":\"2022-09-20T06:15:00+00:00\",\"dateModified\":\"2023-01-26T10:25:54+00:00\",\"description\":\"Kunstfaserschlafs\u00e4cke haben viele Vorteile gegen\u00fcber Daunenschlafs\u00e4cken. Welche das sind und worauf Du beim Kauf achten solltest, erf\u00e4hrst Du im Basislager Blog!\",\"breadcrumb\":{\"@id\":\"https:\\\/\\\/www.berg-freunde.ch\\\/blog\\\/kaufberatung-kunstfaserschlafsack\\\/#breadcrumb\"},\"inLanguage\":\"de-CH\",\"potentialAction\":[{\"@type\":\"ReadAction\",\"target\":[\"https:\\\/\\\/www.berg-freunde.ch\\\/blog\\\/kaufberatung-kunstfaserschlafsack\\\/\"]}]},{\"@type\":\"ImageObject\",\"inLanguage\":\"de-CH\",\"@id\":\"https:\\\/\\\/www.berg-freunde.ch\\\/blog\\\/kaufberatung-kunstfaserschlafsack\\\/#primaryimage\",\"url\":\"https:\\\/\\\/www.berg-freunde.ch\\\/blog\\\/wp-content\\\/uploads\\\/2015\\\/06\\\/shutterstock_1028618569_1440x590.jpg\",\"contentUrl\":\"https:\\\/\\\/www.berg-freunde.ch\\\/blog\\\/wp-content\\\/uploads\\\/2015\\\/06\\\/shutterstock_1028618569_1440x590.jpg\",\"width\":1440,\"height\":590},{\"@type\":\"BreadcrumbList\",\"@id\":\"https:\\\/\\\/www.berg-freunde.ch\\\/blog\\\/kaufberatung-kunstfaserschlafsack\\\/#breadcrumb\",\"itemListElement\":[{\"@type\":\"ListItem\",\"position\":1,\"name\":\"Blog\",\"item\":\"https:\\\/\\\/www.berg-freunde.ch\\\/blog\\\/\"},{\"@type\":\"ListItem\",\"position\":2,\"name\":\"Beratung\",\"item\":\"https:\\\/\\\/www.berg-freunde.ch\\\/blog\\\/category\\\/beratung\\\/\"},{\"@type\":\"ListItem\",\"position\":3,\"name\":\"Kaufberatung\",\"item\":\"https:\\\/\\\/www.berg-freunde.ch\\\/blog\\\/category\\\/beratung\\\/kaufberatung\\\/\"},{\"@type\":\"ListItem\",\"position\":4,\"name\":\"Kaufberatung: Kunstfaserschlafsack &#8211; was sind die Vorteile der Kunstfaser?\"}]},{\"@type\":\"WebSite\",\"@id\":\"https:\\\/\\\/www.berg-freunde.ch\\\/blog\\\/#website\",\"url\":\"https:\\\/\\\/www.berg-freunde.ch\\\/blog\\\/\",\"name\":\"Bergfreunde\",\"description\":\"Blog\",\"publisher\":{\"@id\":\"https:\\\/\\\/www.berg-freunde.ch\\\/blog\\\/#organization\"},\"potentialAction\":[{\"@type\":\"SearchAction\",\"target\":{\"@type\":\"EntryPoint\",\"urlTemplate\":\"https:\\\/\\\/www.berg-freunde.ch\\\/blog\\\/?s={search_term_string}\"},\"query-input\":{\"@type\":\"PropertyValueSpecification\",\"valueRequired\":true,\"valueName\":\"search_term_string\"}}],\"inLanguage\":\"de-CH\"},{\"@type\":\"Organization\",\"@id\":\"https:\\\/\\\/www.berg-freunde.ch\\\/blog\\\/#organization\",\"name\":\"Bergfreunde\",\"url\":\"https:\\\/\\\/www.berg-freunde.ch\\\/blog\\\/\",\"logo\":{\"@type\":\"ImageObject\",\"inLanguage\":\"de-CH\",\"@id\":\"https:\\\/\\\/www.berg-freunde.ch\\\/blog\\\/#\\\/schema\\\/logo\\\/image\\\/\",\"url\":\"https:\\\/\\\/www.berg-freunde.ch\\\/blog\\\/wp-content\\\/uploads\\\/2023\\\/12\\\/Bergfreunde_DE_rgb.svg\",\"contentUrl\":\"https:\\\/\\\/www.berg-freunde.ch\\\/blog\\\/wp-content\\\/uploads\\\/2023\\\/12\\\/Bergfreunde_DE_rgb.svg\",\"caption\":\"Bergfreunde\"},\"image\":{\"@id\":\"https:\\\/\\\/www.berg-freunde.ch\\\/blog\\\/#\\\/schema\\\/logo\\\/image\\\/\"},\"sameAs\":[\"https:\\\/\\\/www.facebook.com\\\/bergfreunde\",\"https:\\\/\\\/www.instagram.com\\\/bergfreundede\\\/\"]},{\"@type\":\"Person\",\"@id\":\"https:\\\/\\\/www.berg-freunde.ch\\\/blog\\\/#\\\/schema\\\/person\\\/2af519f2c40bb02c10b47f24144d6ca4\",\"name\":\"Simon\",\"url\":\"https:\\\/\\\/www.berg-freunde.ch\\\/blog\\\/about\\\/simon-michalowicz\\\/\"}]}<\/script>\n<!-- \/ Yoast SEO Premium plugin. -->","yoast_head_json":{"title":"Schlafsack aus Kunstfaser: Vorteile & Vergleich mit Daune","description":"Kunstfaserschlafs\u00e4cke haben viele Vorteile gegen\u00fcber Daunenschlafs\u00e4cken. Welche das sind und worauf Du beim Kauf achten solltest, erf\u00e4hrst Du im Basislager Blog!","robots":{"index":"index","follow":"follow","max-snippet":"max-snippet:-1","max-image-preview":"max-image-preview:large","max-video-preview":"max-video-preview:-1"},"canonical":"https:\/\/www.berg-freunde.ch\/blog\/kaufberatung-kunstfaserschlafsack\/","og_locale":"de_DE","og_type":"article","og_title":"Kaufberatung: Kunstfaserschlafsack - was sind die Vorteile der Kunstfaser?","og_description":"Kunstfaserschlafs\u00e4cke haben viele Vorteile gegen\u00fcber Daunenschlafs\u00e4cken. Welche das sind und worauf Du beim Kauf achten solltest, erf\u00e4hrst Du im Basislager Blog!","og_url":"https:\/\/www.berg-freunde.ch\/blog\/kaufberatung-kunstfaserschlafsack\/","og_site_name":"Bergfreunde","article_publisher":"https:\/\/www.facebook.com\/bergfreunde","article_published_time":"2022-09-20T06:15:00+00:00","article_modified_time":"2023-01-26T10:25:54+00:00","og_image":[{"width":1440,"height":590,"url":"https:\/\/www.berg-freunde.ch\/blog\/wp-content\/uploads\/2015\/06\/shutterstock_1028618569_1440x590.jpg","type":"image\/jpeg"}],"author":"Simon","twitter_card":"summary_large_image","twitter_misc":{"Geschrieben von":"Simon","Gesch\u00e4tzte Lesezeit":"7\u00a0Minuten"},"schema":{"@context":"https:\/\/schema.org","@graph":[{"@type":["Article","BlogPosting"],"@id":"https:\/\/www.berg-freunde.ch\/blog\/kaufberatung-kunstfaserschlafsack\/#article","isPartOf":{"@id":"https:\/\/www.berg-freunde.ch\/blog\/kaufberatung-kunstfaserschlafsack\/"},"author":{"name":"Simon","@id":"https:\/\/www.berg-freunde.ch\/blog\/#\/schema\/person\/2af519f2c40bb02c10b47f24144d6ca4"},"headline":"Kaufberatung: Kunstfaserschlafsack &#8211; was sind die Vorteile der Kunstfaser?","datePublished":"2022-09-20T06:15:00+00:00","dateModified":"2023-01-26T10:25:54+00:00","mainEntityOfPage":{"@id":"https:\/\/www.berg-freunde.ch\/blog\/kaufberatung-kunstfaserschlafsack\/"},"wordCount":1111,"commentCount":2,"publisher":{"@id":"https:\/\/www.berg-freunde.ch\/blog\/#organization"},"image":{"@id":"https:\/\/www.berg-freunde.ch\/blog\/kaufberatung-kunstfaserschlafsack\/#primaryimage"},"thumbnailUrl":"https:\/\/www.berg-freunde.ch\/blog\/wp-content\/uploads\/2015\/06\/shutterstock_1028618569_1440x590.jpg","keywords":["Bergsteigen &amp; Hochtouren","Klettern &amp; Bouldern","Wandern &amp; Trekking"],"articleSection":["Kaufberatung"],"inLanguage":"de-CH","potentialAction":[{"@type":"CommentAction","name":"Comment","target":["https:\/\/www.berg-freunde.ch\/blog\/kaufberatung-kunstfaserschlafsack\/#respond"]}]},{"@type":"WebPage","@id":"https:\/\/www.berg-freunde.ch\/blog\/kaufberatung-kunstfaserschlafsack\/","url":"https:\/\/www.berg-freunde.ch\/blog\/kaufberatung-kunstfaserschlafsack\/","name":"Schlafsack aus Kunstfaser: Vorteile & Vergleich mit Daune","isPartOf":{"@id":"https:\/\/www.berg-freunde.ch\/blog\/#website"},"primaryImageOfPage":{"@id":"https:\/\/www.berg-freunde.ch\/blog\/kaufberatung-kunstfaserschlafsack\/#primaryimage"},"image":{"@id":"https:\/\/www.berg-freunde.ch\/blog\/kaufberatung-kunstfaserschlafsack\/#primaryimage"},"thumbnailUrl":"https:\/\/www.berg-freunde.ch\/blog\/wp-content\/uploads\/2015\/06\/shutterstock_1028618569_1440x590.jpg","datePublished":"2022-09-20T06:15:00+00:00","dateModified":"2023-01-26T10:25:54+00:00","description":"Kunstfaserschlafs\u00e4cke haben viele Vorteile gegen\u00fcber Daunenschlafs\u00e4cken. Welche das sind und worauf Du beim Kauf achten solltest, erf\u00e4hrst Du im Basislager Blog!","breadcrumb":{"@id":"https:\/\/www.berg-freunde.ch\/blog\/kaufberatung-kunstfaserschlafsack\/#breadcrumb"},"inLanguage":"de-CH","potentialAction":[{"@type":"ReadAction","target":["https:\/\/www.berg-freunde.ch\/blog\/kaufberatung-kunstfaserschlafsack\/"]}]},{"@type":"ImageObject","inLanguage":"de-CH","@id":"https:\/\/www.berg-freunde.ch\/blog\/kaufberatung-kunstfaserschlafsack\/#primaryimage","url":"https:\/\/www.berg-freunde.ch\/blog\/wp-content\/uploads\/2015\/06\/shutterstock_1028618569_1440x590.jpg","contentUrl":"https:\/\/www.berg-freunde.ch\/blog\/wp-content\/uploads\/2015\/06\/shutterstock_1028618569_1440x590.jpg","width":1440,"height":590},{"@type":"BreadcrumbList","@id":"https:\/\/www.berg-freunde.ch\/blog\/kaufberatung-kunstfaserschlafsack\/#breadcrumb","itemListElement":[{"@type":"ListItem","position":1,"name":"Blog","item":"https:\/\/www.berg-freunde.ch\/blog\/"},{"@type":"ListItem","position":2,"name":"Beratung","item":"https:\/\/www.berg-freunde.ch\/blog\/category\/beratung\/"},{"@type":"ListItem","position":3,"name":"Kaufberatung","item":"https:\/\/www.berg-freunde.ch\/blog\/category\/beratung\/kaufberatung\/"},{"@type":"ListItem","position":4,"name":"Kaufberatung: Kunstfaserschlafsack &#8211; was sind die Vorteile der Kunstfaser?"}]},{"@type":"WebSite","@id":"https:\/\/www.berg-freunde.ch\/blog\/#website","url":"https:\/\/www.berg-freunde.ch\/blog\/","name":"Bergfreunde","description":"Blog","publisher":{"@id":"https:\/\/www.berg-freunde.ch\/blog\/#organization"},"potentialAction":[{"@type":"SearchAction","target":{"@type":"EntryPoint","urlTemplate":"https:\/\/www.berg-freunde.ch\/blog\/?s={search_term_string}"},"query-input":{"@type":"PropertyValueSpecification","valueRequired":true,"valueName":"search_term_string"}}],"inLanguage":"de-CH"},{"@type":"Organization","@id":"https:\/\/www.berg-freunde.ch\/blog\/#organization","name":"Bergfreunde","url":"https:\/\/www.berg-freunde.ch\/blog\/","logo":{"@type":"ImageObject","inLanguage":"de-CH","@id":"https:\/\/www.berg-freunde.ch\/blog\/#\/schema\/logo\/image\/","url":"https:\/\/www.berg-freunde.ch\/blog\/wp-content\/uploads\/2023\/12\/Bergfreunde_DE_rgb.svg","contentUrl":"https:\/\/www.berg-freunde.ch\/blog\/wp-content\/uploads\/2023\/12\/Bergfreunde_DE_rgb.svg","caption":"Bergfreunde"},"image":{"@id":"https:\/\/www.berg-freunde.ch\/blog\/#\/schema\/logo\/image\/"},"sameAs":["https:\/\/www.facebook.com\/bergfreunde","https:\/\/www.instagram.com\/bergfreundede\/"]},{"@type":"Person","@id":"https:\/\/www.berg-freunde.ch\/blog\/#\/schema\/person\/2af519f2c40bb02c10b47f24144d6ca4","name":"Simon","url":"https:\/\/www.berg-freunde.ch\/blog\/about\/simon-michalowicz\/"}]}},"_links":{"self":[{"href":"https:\/\/www.berg-freunde.ch\/blog\/wp-json\/wp\/v2\/posts\/64511","targetHints":{"allow":["GET"]}}],"collection":[{"href":"https:\/\/www.berg-freunde.ch\/blog\/wp-json\/wp\/v2\/posts"}],"about":[{"href":"https:\/\/www.berg-freunde.ch\/blog\/wp-json\/wp\/v2\/types\/post"}],"author":[{"embeddable":true,"href":"https:\/\/www.berg-freunde.ch\/blog\/wp-json\/wp\/v2\/users\/56"}],"replies":[{"embeddable":true,"href":"https:\/\/www.berg-freunde.ch\/blog\/wp-json\/wp\/v2\/comments?post=64511"}],"version-history":[{"count":0,"href":"https:\/\/www.berg-freunde.ch\/blog\/wp-json\/wp\/v2\/posts\/64511\/revisions"}],"wp:featuredmedia":[{"embeddable":true,"href":"https:\/\/www.berg-freunde.ch\/blog\/wp-json\/wp\/v2\/media\/63629"}],"wp:attachment":[{"href":"https:\/\/www.berg-freunde.ch\/blog\/wp-json\/wp\/v2\/media?parent=64511"}],"wp:term":[{"taxonomy":"category","embeddable":true,"href":"https:\/\/www.berg-freunde.ch\/blog\/wp-json\/wp\/v2\/categories?post=64511"},{"taxonomy":"post_tag","embeddable":true,"href":"https:\/\/www.berg-freunde.ch\/blog\/wp-json\/wp\/v2\/tags?post=64511"},{"taxonomy":"post_folder","embeddable":true,"href":"https:\/\/www.berg-freunde.ch\/blog\/wp-json\/wp\/v2\/post_folder?post=64511"}],"curies":[{"name":"wp","href":"https:\/\/api.w.org\/{rel}","templated":true}]}}