{"id":64609,"date":"2022-09-11T09:51:00","date_gmt":"2022-09-11T07:51:00","guid":{"rendered":"https:\/\/www.bergfreunde.de\/blog\/die-wahl-der-zeltfarbe\/"},"modified":"2023-01-12T09:50:01","modified_gmt":"2023-01-12T08:50:01","slug":"die-wahl-der-zeltfarbe","status":"publish","type":"post","link":"https:\/\/www.berg-freunde.ch\/blog\/die-wahl-der-zeltfarbe\/","title":{"rendered":"Die Wahl der Zeltfarbe &#8211; mehr als eine Geschmacksfrage"},"content":{"rendered":"\n<p>\u201eNein, wir nehmen auf unsere Tour nicht den aufgeblasenen Goldfisch mit, den sieht man ja auf hundert Kilometer!\u201c So oder so \u00e4hnlich enden bei uns zu Hause oft Diskussionen zur Auswahl des geeigneten Zelts bzw. der optimalen Zeltfarbe. Gr\u00fcn, rot, wei\u00df, blau, gelb, schwarz und alle anderen Farben auch, bei Zelten gibt es fast nichts, das es nicht gibt. Unterschiedliche Farben haben dabei nicht selten auch unterschiedliche Eigenschaften und Funktionen, die mal mehr oder weniger wichtig sein k\u00f6nnen.<\/p>\n\n\n\n<p>Warum die Zeltfarbe aber so wichtig ist, um lange Diskussionen dar\u00fcber zu f\u00fchren, was au\u00dfer \u201egef\u00e4llt mir\u201c oder \u201egef\u00e4llt mir nicht\u201c noch dahinter steckt und warum wir den fetten Goldfisch (ein knallorangenes Zwei-Mann-Zelt) trotzdem lieb haben, erfahrt ihr in diesem Artikel.<\/p>\n\n\n\n<h2 class=\"wp-block-heading\" id=\"h-atmosphare-durch-die-zeltfarbe\"><strong>Atmosph\u00e4re<\/strong> durch die Zeltfarbe<\/h2>\n\n\n\n<p>Wer kennt das nicht, ein Zimmer kann noch so gem\u00fctlich eingerichtet sein, h\u00e4ngt man aber eine <strong>kaltwei\u00dfe Neonr\u00f6hre<\/strong> an die Decke ist das <strong>ganze Ambiente futsch<\/strong>. \u00c4hnlich verh\u00e4lt es sich mit einem <a href=\"https:\/\/www.berg-freunde.ch\/zelte\/\">Zelt<\/a>. <strong>Zeltplanen<\/strong> sind in der Regel <strong>nicht lichtdicht<\/strong> und lassen daher Restlicht durch. Wie stark die Lichtintensit\u00e4t jedoch ist, h\u00e4ngt mitunter von der Farbe des Zelts ab. Auch die Lichtfarbe im Inneren des Zelts steht in Abh\u00e4ngigkeit zur Farbe der Au\u00dfenhaut. Daher macht es durchaus Sinn einmal dar\u00fcber nachzudenken, welche Anspr\u00fcche man an das nat\u00fcrliche Licht innerhalb eines Zelts hat.<\/p>\n\n\n\n<h3 class=\"wp-block-heading\">Schlafen im Zelt<\/h3>\n\n\n<div class=\"wp-block-image\">\n<figure class=\"alignright size-large is-resized\"><a href=\"https:\/\/www.bergfreunde.de\/blog\/wp-content\/uploads\/2021\/05\/Zeltfarbe-truebe-Tage.jpg\"><img decoding=\"async\" src=\"https:\/\/www.bergfreunde.de\/blog\/wp-content\/uploads\/2021\/05\/Zeltfarbe-truebe-Tage.jpg\" alt=\"Ist tr\u00fcbes Wetter angesagt, kann eine helle Zeltfarbe die Stimmung heben.\" width=\"350\"\/><\/a><figcaption class=\"wp-element-caption\">Tr\u00fcbe Wetterlage? Um den Lagerkoller bestm\u00f6glich hinauszuz\u00f6gern, empfiehlt es sich, ein Zelt mit einer hellen Farbe zu w\u00e4hlen.<\/figcaption><\/figure>\n<\/div>\n\n\n<p>Es gibt Menschen, die k\u00f6nnen nur dann schlafen, wenn es absolut dunkel ist. Heller Mondschein, Stra\u00dfenlaternen oder auch nur die fr\u00fchmorgendliche D\u00e4mmerung stellen somit ein definiertes Feindbild dar. Diesem Problem kann man mit der gezielten Wahl der Zeltfarbe recht einfach entgegenwirken. Wenn ihr euch also auch schon bei Ausspr\u00fcchen wie: \u201e<strong>Schatz ich kann nicht schlafen<\/strong>, der gro\u00dfe Wagen leuchtet heute wieder so hell!\u201c, ertappt habt, solltet ihr darauf achten ein Zelt zu w\u00e4hlen, das m\u00f6glichst <strong>wenig Licht nach innen<\/strong> durchl\u00e4sst. <strong>Dunkle Farben<\/strong> wie schwarz, dunkelgr\u00fcn, blau und grau sind hierzu bestens geeignet.<\/p>\n\n\n\n<p>Ist es im Zelt sch\u00f6n dunkel kann man vielleicht besser und l\u00e4nger schlafen. Jedoch kann dieser Segen auch schnell zum <strong>Fluch<\/strong> werden, wenn man sich <strong>tags\u00fcber im Zelt aufhalten<\/strong> m\u00f6chte bzw. muss. Da ist es dann n\u00e4mlich auch vergleichsweise finster.<\/p>\n\n\n\n<h3 class=\"wp-block-heading\">Regnerische Tage im Zelt<\/h3>\n\n\n\n<p><strong>Regentage<\/strong> k\u00f6nnen so zu einer echten Zerrei\u00dfprobe werden, denn gerade an tr\u00fcben Tagen sieht die Welt in dunklen Zelten noch tr\u00fcber aus, als sie es eigentlich ist. In farbenfroheren und vor allem helleren Zelten gestaltet sich das schon ganz anders. Selbst wenn drau\u00dfen beinahe die Welt untergeht, ist es meist noch ausreichend hell um Karten zu spielen oder ein Buch zu lesen. Auch wirken sich ein strahlendes Gelb, Hellgr\u00fcn oder Orange positiv aufs Gem\u00fct aus und helfen dabei, den <strong>Lagerkoller<\/strong> ein wenig hinauszuz\u00f6gern.<\/p>\n\n\n\n<h2 class=\"wp-block-heading\" id=\"h-lichtabsorption\"><strong>Lichtabsorption<\/strong><\/h2>\n\n\n\n<p>Jeder, der schon einmal im Hochsommer in einem schwarzen Auto gesessen hat, kann mitreden. Alles was dunkel ist <strong>heizt sich im Sonnenlicht stark auf<\/strong>. Davon sind selbstverst\u00e4ndlich auch Zelte nicht ausgenommen. Vor etwa zehn Jahren verbrachte ich meinen Sommerurlaub in Griechenland; mit dabei war auch mein dunkelgr\u00fcnes Zelt, damals das Einzige, das ich besa\u00df. Dieses Zelt hatte die Eigenschaft, sich in der Sonne derma\u00dfen aufzuheizen, dass ich oft bereits in den fr\u00fchen Morgenstunden aus dem Schlaf gerissen wurde.<\/p>\n\n\n<div class=\"wp-block-image\">\n<figure class=\"alignleft size-large is-resized\"><a href=\"https:\/\/www.bergfreunde.de\/blog\/wp-content\/uploads\/2021\/05\/Zeltfarbe-helle-Farbe.jpg\"><img decoding=\"async\" src=\"https:\/\/www.bergfreunde.de\/blog\/wp-content\/uploads\/2021\/05\/Zeltfarbe-helle-Farbe.jpg\" alt=\"F\u00fcr Schneeregionen eignet sich ein Zelt mit einer grellen Farbe.\" width=\"350\"\/><\/a><figcaption class=\"wp-element-caption\">W\u00e4re das Zelt jetzt wei\u00df, h\u00e4tte man ganz offensichtlich ein Problem.<\/figcaption><\/figure>\n<\/div>\n\n\n<p>Selbst an Tagen, die eigentlich zum Entspannen und Erholen vorgesehen waren, wurde ich einige Male zum <strong>unfreiwilligen Fr\u00fchaufsteher<\/strong>.<\/p>\n\n\n\n<h3 class=\"wp-block-heading\">Aufheizen des Zeltes<\/h3>\n\n\n\n<p>Klar kann man auch versuchen, sein<strong> Zelt in den Schatten<\/strong> zu stellen, allerdings ist das je nach Zeltplatz schwierig bis unm\u00f6glich. Auch kann der Verlauf der Sonne dazu f\u00fchren, dass man nur zu einer bestimmten Tageszeit Schatten hat. In Solchen F\u00e4llen ist es also definitiv von Vorteil, wenn das Zelt eine Farbe aufweist, die das Licht schlechter absorbieren und sich somit auch weniger stark aufheizen kann. Hierzu sind helle Farben wie Wei\u00df, Gelb oder Hellgrau bestens geeignet.<\/p>\n\n\n\n<h3 class=\"wp-block-heading\">Zelten in kalten Regionen<\/h3>\n\n\n\n<p>Wer jedoch gerne im Winter oder <strong>in kalten Regionen zeltet<\/strong>, wird sich vielleicht \u00fcber ein sich st\u00e4rker aufheizendes Zelt freuen und sollte somit eher ein Zelt mit dunkler Plane w\u00e4hlen. Wenn man es dann noch schafft, das Zelt so zu platzieren, dass es schon in dem Morgenstunden Sonne abbekommt, steigt die Temperatur bis zum Aufstehen nicht selten auf ein halbwegs angenehmes Ma\u00df. Das Verlassen des warmen Schlafsacks sollte daraufhin nicht mehr all zu schwer fallen.<\/p>\n\n\n\n<h2 class=\"wp-block-heading\" id=\"h-sichtbarkeit\"><strong>Sichtbarkeit<\/strong><\/h2>\n\n\n\n<p>Betrachtet man einen <strong>Zeltplatz<\/strong> von oben, sieht der komplett chaotisch und kunterbunt aus. Klar, Zelte gibt es ja auch in allen erdenklichen Farben. Das ist zum einen sehr praktisch um dem pers\u00f6nlichen Geschmack gerecht zu werden, andererseits kann es aber auch helfen, das <strong>eigene<\/strong> <strong>Zelt schneller zu finden<\/strong>. Stellen wir uns doch einfach einmal einen Zeltplatz in der Ferienzeit vor. Dort reihen sich die Zelte nicht selten dicht an dicht. H\u00e4tten jetzt alle Zelte die exakt gleiche Farbe, w\u00fcrde das Unterscheiden bzw. Auffinden des eigenen Zelts deutlich schwieriger werden. Auch der Satz: \u201eKannst du mir bitte meinen Pullover mitbringen, der liegt in dem roten Zelt da dr\u00fcben.\u201c, w\u00fcrde deutlich an Bedeutung verlieren.<\/p>\n\n\n<div class=\"wp-block-image\">\n<figure class=\"alignright size-large is-resized\"><a href=\"https:\/\/www.bergfreunde.de\/blog\/wp-content\/uploads\/2021\/05\/Zeltfarbe-blending-in-2.jpg\"><img decoding=\"async\" src=\"https:\/\/www.bergfreunde.de\/blog\/wp-content\/uploads\/2021\/05\/Zeltfarbe-blending-in-2.jpg\" alt=\"Ein Vorzeigebeispiel f\u00fcr die Homogenit\u00e4t eines Zeltes in der Natur.\" width=\"350\"\/><\/a><figcaption class=\"wp-element-caption\">Na, wer entdeckt das Zelt in der Landschaft? ;-)<\/figcaption><\/figure>\n<\/div>\n\n\n<p>Doch w\u00e4hrend unterschiedliche Zeltfarben auf dem Zeltplatz zun\u00e4chst nur der Unterscheidung dienen, spielen sie in der <strong>freien Natur<\/strong> eine wesentlich bedeutendere Rolle. Hier stellt sich gleich zu Anfang eine bedeutende Glaubensfrage: \u201eWill ich <strong>gesehen werden oder nicht<\/strong>?\u201c. Diese Entscheidung zu treffen ist nicht nur wichtig, sondern auch gar nicht so einfach, wie es zun\u00e4chst erscheint. Aus diesem Grund m\u00f6chte ich an dieser Stelle mal zwei Denkans\u00e4tze auff\u00fchren:<\/p>\n\n\n\n<h3 class=\"wp-block-heading\"> <strong style=\"color: revert; font-size: revert;\">Minimal Impact<\/strong><span style=\"color: revert; font-size: revert; font-weight: revert;\"> und Homogenit\u00e4t mit der Landschaft<\/span> <\/h3>\n\n\n\n<p>Es klingt wie eine Binsenweisheit, ist aber genau die Kernaussage dieses Arguments. \u201eWas man nicht sieht, ist auch nicht da.\u201c Ein Zelt, das sich also mehr oder weniger perfekt<strong> in die Landschaft einpasst<\/strong> wird zun\u00e4chst einmal nicht gesehen. Dies kann beispielsweise beim <a href=\"https:\/\/www.bergfreunde.de\/blog\/hotel-europa-wo-ist-wildcampen-wie-erlaubt\/\" target=\"_blank\" rel=\"noopener\"><strong>Wildcampen<\/strong> <\/a>(ich wei\u00df, keiner von uns w\u00fcrde das jemals verbotenerweise tun\u2026) von Vorteil sein. Andere Personen sehen zumindest auf den ersten Blick nicht, dass da irgendwo ein Zelt in der Landschaft steht und f\u00fchlen sich somit auch nicht bel\u00e4stigt. Au\u00dferdem \u201everfilmen\u201c sich gr\u00fcne, braune oder beige Zelte ganz gut mit der Umgebung und st\u00f6ren somit auch keine Fotomotive oder Panoramasichten.<\/p>\n\n\n\n<h3 class=\"wp-block-heading\"> <span style=\"color: revert; font-size: revert; font-weight: revert;\">Gut gefunden werden und \u201einstagrammability\u201c<\/span> <\/h3>\n\n\n<div class=\"wp-block-image\">\n<figure class=\"alignleft size-large is-resized\"><a href=\"https:\/\/www.bergfreunde.de\/blog\/wp-content\/uploads\/2021\/05\/Zeltfarbe-Notruf.jpg\"><img decoding=\"async\" src=\"https:\/\/www.bergfreunde.de\/blog\/wp-content\/uploads\/2021\/05\/Zeltfarbe-Notruf.jpg\" alt=\"In Notfallsituationen wird man mit einem grellen Zelt schneller gefunden.\" width=\"350\"\/><\/a><figcaption class=\"wp-element-caption\">Ruft man einen Notfall aus, wird man mit einem grellen Zelt schneller gefunden.<\/figcaption><\/figure>\n<\/div>\n\n\n<p>Klar doch, wer beispielsweise sein Camp inmitten atemberaubender Natur fotografisch festhalten m\u00f6chte, freut sich dar\u00fcber, dass das Zelt besonders heraussticht. Sieht ja irgendwie auch cool aus\u2026 Eine gute Sichtbarkeit des Zelts kann aber noch wesentlich wichtigere Vorteile haben: Man kann es auch noch aus der Ferne sehen. Dies ist gerade <strong>bei Notf\u00e4llen wichtig<\/strong>. Wer also beispielsweise auf fremde Hilfe angewiesen ist und einen Notruf absetzen muss wird voraussichtlich schneller gefunden werden, wenn er in einem krachbunten Zelt ausharrt. Aber auch in weniger dramatischen Situationen kann sich eine Signalfarbe beim Zelt bezahlt machen. Durch ein strahlendes Gelb, Orange oder Rot bleiben Zelte auch noch <strong>in dichtem Nebel<\/strong> halbwegs gut sichtbar und k\u00f6nnen so beispielsweise auf der R\u00fcckkehr von einer Tagestour schneller gefunden werden.<\/p>\n\n\n\n<h2 class=\"wp-block-heading\" id=\"h-insekten\"><strong>Insekten<\/strong><\/h2>\n\n\n\n<p>Zum Thema, wie sich die Zeltfarbe auf Insekte auswirkt, <strong>gehen die Meinungen teilweise weit auseinander<\/strong>. Die einen raten von gelben Zelten ab, weil diese mehrheitlich K\u00e4fer anziehen sollen. Die anderen sehen das Problem eher bei der Farbe Orange. Und wieder andere behaupten, dass die Zeltfarbe kaum etwas mit der Anlockung von Insekten zu tun hat.<\/p>\n\n\n\n<p>Auch kann es stark von der jeweiligen Gegend und den jeweiligen Insekten abh\u00e4ngen, welche Farbe eventuell bevorzugt wird. Somit ist es wahrscheinlich sinnvoller darauf zu achten, dass das Zelt \u00fcber <strong>ausreichend engmaschige Insektennetze<\/strong> verf\u00fcgt, sodass es hier f\u00fcr Krabbeltiere aller Art (egal wovon sie angezogen werden) kein Durchkommen gibt.<\/p>\n\n\n\n<h2 class=\"wp-block-heading\" id=\"h-welche-ist-nun-die-richtige-zeltfarbe\"><strong>Welche ist nun die richtige Zeltfarbe?<\/strong><\/h2>\n\n\n\n<p>Das ist <strong>so einfach nicht zu sagen<\/strong>. Wer sein Zelt \u00fcberwiegend auf Zeltpl\u00e4tzen aufstellt und das auch noch in Regionen mit einem angenehmen Klima und ggf. unter einem Baum, der kann die Zeltfarbe einfach nach Lust und Laune w\u00e4hlen. Wer aber in der freien Wildbahn campen m\u00f6chte, f\u00fcr den werden die oben genannten Punkte schon wesentlich wichtiger. Hierzu noch <strong>zwei Fallbeispiele<\/strong>:<\/p>\n\n\n\n<h3 class=\"wp-block-heading\">Gletscher oder hochalpines Gebiet<\/h3>\n\n\n<div class=\"wp-block-image\">\n<figure class=\"alignright size-large is-resized\"><a href=\"https:\/\/www.bergfreunde.de\/blog\/wp-content\/uploads\/2021\/05\/Zeltfarbe-alpine-Hoehe.jpg\"><img decoding=\"async\" src=\"https:\/\/www.bergfreunde.de\/blog\/wp-content\/uploads\/2021\/05\/Zeltfarbe-alpine-Hoehe.jpg\" alt=\"Die Zeltfarbe sollte je nach Gebiet gew\u00e4hlt werden.\" width=\"350\"\/><\/a><figcaption class=\"wp-element-caption\">Bewaldetes oder Hochalpines Gebiet? Am besten w\u00e4hlt ihr die Zeltfarbe entsprechend dem Gebiet aus, zu dem es euch zieht.<\/figcaption><\/figure>\n<\/div>\n\n\n<p>Zelte ich auf einem <strong>Gletscher<\/strong> oder in <strong>hochalpinem Gebiet<\/strong>, ist es mir wichtig, dass ich im Fall eines Wetterumbruchs schnell wieder zu meinem Zelt zur\u00fcckfinde. Gerade bei Nebel ist hier mit einem grauen oder wei\u00dfen Zelt schnell der Ofen aus. Somit tendiere ich hier dazu das bereits erw\u00e4hnte knallorangene Zelt mitzunehmen. Ein <strong>schnelles Auffinden des Zelts<\/strong> ist mir dabei wesentlich wichtiger, als dass es sich besonders gut in die Landschaft einpasst. Au\u00dferdem m\u00fcsste ein Zelt, das auf Gletschern etc. optisch mit der Landschaft verschmilzt wei\u00df oder hellgrau sein und das besitze ich ohnehin nicht. (Wird mir zu schnell schmutzig.)<\/p>\n\n\n\n<h3 class=\"wp-block-heading\">Zelten im Wald<\/h3>\n\n\n\n<p>Bin ich irgendwo im <strong>bewaldeten Gebiet<\/strong> unterwegs und komme vielleicht auch mal in die Verlegenheit, halblegal mein Lager aufzuschlagen oder will schlichtweg nicht gesehen werden, damit keiner dumme Fragen stellt, nehme ich hier in der Regel ein <strong>gr\u00fcnes Zelt<\/strong> mit. F\u00fcr mich hat sich dabei hellgr\u00fcn als perfekt herausgestellt. Diese Farbe passt sich meist gut in die Landschaft ein, bietet aber auch im Inneren des Zelts ein gro\u00dfartiges Licht. Ein Tipp noch f\u00fcr alle, die eher auf Tarnung setzen: Oft werden die <strong>Abspannleinen mit reflektierenden F\u00e4den<\/strong> versehen. Wer also auch nachts nicht auffallen m\u00f6chte, sollte diese tauschen.<\/p>\n\n\n\n<p>Nun zu euch: Worauf kommt es euch bei der Zeltfarbe an? Nach welchen Kriterien w\u00e4hlt ihr aus? Schreibt uns doch mal einen Kommentar!<\/p>\n\n\n\n<div class=\"wp-block-buttons is-layout-flex wp-block-buttons-is-layout-flex\">\n<div class=\"wp-block-button\"><a class=\"wp-block-button__link wp-element-button\" href=\"https:\/\/www.bergfreunde.de\/zelte\/\">Zelte kaufen<\/a><\/div>\n<\/div>\n","protected":false},"excerpt":{"rendered":"<p>\u201eNein, wir nehmen auf unsere Tour nicht den aufgeblasenen Goldfisch mit, den sieht man ja auf hundert Kilometer!\u201c So oder so \u00e4hnlich enden bei uns zu Hause oft Diskussionen zur Auswahl des geeigneten Zelts bzw. der optimalen Zeltfarbe. Gr\u00fcn, rot, wei\u00df, blau, gelb, schwarz und alle anderen Farben auch, bei Zelten gibt es fast nichts, [&hellip;]<\/p>\n","protected":false},"author":18,"featured_media":64611,"comment_status":"open","ping_status":"open","sticky":false,"template":"","format":"standard","meta":{"_acf_changed":false,"footnotes":""},"categories":[289],"tags":[269,273,276],"post_folder":[],"class_list":["post-64609","post","type-post","status-publish","format-standard","has-post-thumbnail","hentry","category-material-technologie","tag-bergsteigen","tag-klettern-bouldern","tag-wandern-trekking"],"acf":[],"yoast_head":"<!-- This site is optimized with the Yoast SEO Premium plugin v27.4 (Yoast SEO v27.4) - https:\/\/yoast.com\/product\/yoast-seo-premium-wordpress\/ -->\n<title>Die Wahl der Zeltfarbe: Mehr als eine Geschmacksfrage?<\/title>\n<meta name=\"description\" content=\"Die Wahl der Zeltfarbe ist nicht so trivial, wie sie erscheinen mag. Welche Vor- und Nachteile verschiedene Farben haben, erf\u00e4hrst du hier!\" \/>\n<meta name=\"robots\" content=\"index, follow, max-snippet:-1, max-image-preview:large, max-video-preview:-1\" \/>\n<link rel=\"canonical\" href=\"https:\/\/www.berg-freunde.ch\/blog\/die-wahl-der-zeltfarbe\/\" \/>\n<meta property=\"og:locale\" content=\"de_DE\" \/>\n<meta property=\"og:type\" content=\"article\" \/>\n<meta property=\"og:title\" content=\"Die Wahl der Zeltfarbe - mehr als eine Geschmacksfrage\" \/>\n<meta property=\"og:description\" content=\"Die Wahl der Zeltfarbe ist nicht so trivial, wie sie erscheinen mag. Welche Vor- und Nachteile verschiedene Farben haben, erf\u00e4hrst du hier!\" \/>\n<meta property=\"og:url\" content=\"https:\/\/www.berg-freunde.ch\/blog\/die-wahl-der-zeltfarbe\/\" \/>\n<meta property=\"og:site_name\" content=\"Bergfreunde\" \/>\n<meta property=\"article:publisher\" content=\"https:\/\/www.facebook.com\/bergfreunde\" \/>\n<meta property=\"article:published_time\" content=\"2022-09-11T07:51:00+00:00\" \/>\n<meta property=\"article:modified_time\" content=\"2023-01-12T08:50:01+00:00\" \/>\n<meta property=\"og:image\" content=\"https:\/\/www.berg-freunde.ch\/blog\/wp-content\/uploads\/2018\/09\/shutterstock_679794703.jpg\" \/>\n\t<meta property=\"og:image:width\" content=\"1440\" \/>\n\t<meta property=\"og:image:height\" content=\"961\" \/>\n\t<meta property=\"og:image:type\" content=\"image\/jpeg\" \/>\n<meta name=\"author\" content=\"Lisa\" \/>\n<meta name=\"twitter:card\" content=\"summary_large_image\" \/>\n<meta name=\"twitter:label1\" content=\"Geschrieben von\" \/>\n\t<meta name=\"twitter:data1\" content=\"Lisa\" \/>\n\t<meta name=\"twitter:label2\" content=\"Gesch\u00e4tzte Lesezeit\" \/>\n\t<meta name=\"twitter:data2\" content=\"10\u00a0Minuten\" \/>\n<script type=\"application\/ld+json\" class=\"yoast-schema-graph\">{\"@context\":\"https:\\\/\\\/schema.org\",\"@graph\":[{\"@type\":[\"Article\",\"BlogPosting\"],\"@id\":\"https:\\\/\\\/www.berg-freunde.ch\\\/blog\\\/die-wahl-der-zeltfarbe\\\/#article\",\"isPartOf\":{\"@id\":\"https:\\\/\\\/www.berg-freunde.ch\\\/blog\\\/die-wahl-der-zeltfarbe\\\/\"},\"author\":{\"name\":\"Lisa\",\"@id\":\"https:\\\/\\\/www.berg-freunde.ch\\\/blog\\\/#\\\/schema\\\/person\\\/0be5fb2399f7af8673f0e675d4964f8d\"},\"headline\":\"Die Wahl der Zeltfarbe &#8211; mehr als eine Geschmacksfrage\",\"datePublished\":\"2022-09-11T07:51:00+00:00\",\"dateModified\":\"2023-01-12T08:50:01+00:00\",\"mainEntityOfPage\":{\"@id\":\"https:\\\/\\\/www.berg-freunde.ch\\\/blog\\\/die-wahl-der-zeltfarbe\\\/\"},\"wordCount\":1693,\"commentCount\":11,\"publisher\":{\"@id\":\"https:\\\/\\\/www.berg-freunde.ch\\\/blog\\\/#organization\"},\"image\":{\"@id\":\"https:\\\/\\\/www.berg-freunde.ch\\\/blog\\\/die-wahl-der-zeltfarbe\\\/#primaryimage\"},\"thumbnailUrl\":\"https:\\\/\\\/www.berg-freunde.ch\\\/blog\\\/wp-content\\\/uploads\\\/2018\\\/09\\\/shutterstock_679794703.jpg\",\"keywords\":[\"Bergsteigen &amp; Hochtouren\",\"Klettern &amp; Bouldern\",\"Wandern &amp; Trekking\"],\"articleSection\":[\"Material &amp; Technologie\"],\"inLanguage\":\"de-CH\",\"potentialAction\":[{\"@type\":\"CommentAction\",\"name\":\"Comment\",\"target\":[\"https:\\\/\\\/www.berg-freunde.ch\\\/blog\\\/die-wahl-der-zeltfarbe\\\/#respond\"]}]},{\"@type\":\"WebPage\",\"@id\":\"https:\\\/\\\/www.berg-freunde.ch\\\/blog\\\/die-wahl-der-zeltfarbe\\\/\",\"url\":\"https:\\\/\\\/www.berg-freunde.ch\\\/blog\\\/die-wahl-der-zeltfarbe\\\/\",\"name\":\"Die Wahl der Zeltfarbe: Mehr als eine Geschmacksfrage?\",\"isPartOf\":{\"@id\":\"https:\\\/\\\/www.berg-freunde.ch\\\/blog\\\/#website\"},\"primaryImageOfPage\":{\"@id\":\"https:\\\/\\\/www.berg-freunde.ch\\\/blog\\\/die-wahl-der-zeltfarbe\\\/#primaryimage\"},\"image\":{\"@id\":\"https:\\\/\\\/www.berg-freunde.ch\\\/blog\\\/die-wahl-der-zeltfarbe\\\/#primaryimage\"},\"thumbnailUrl\":\"https:\\\/\\\/www.berg-freunde.ch\\\/blog\\\/wp-content\\\/uploads\\\/2018\\\/09\\\/shutterstock_679794703.jpg\",\"datePublished\":\"2022-09-11T07:51:00+00:00\",\"dateModified\":\"2023-01-12T08:50:01+00:00\",\"description\":\"Die Wahl der Zeltfarbe ist nicht so trivial, wie sie erscheinen mag. Welche Vor- und Nachteile verschiedene Farben haben, erf\u00e4hrst du hier!\",\"breadcrumb\":{\"@id\":\"https:\\\/\\\/www.berg-freunde.ch\\\/blog\\\/die-wahl-der-zeltfarbe\\\/#breadcrumb\"},\"inLanguage\":\"de-CH\",\"potentialAction\":[{\"@type\":\"ReadAction\",\"target\":[\"https:\\\/\\\/www.berg-freunde.ch\\\/blog\\\/die-wahl-der-zeltfarbe\\\/\"]}]},{\"@type\":\"ImageObject\",\"inLanguage\":\"de-CH\",\"@id\":\"https:\\\/\\\/www.berg-freunde.ch\\\/blog\\\/die-wahl-der-zeltfarbe\\\/#primaryimage\",\"url\":\"https:\\\/\\\/www.berg-freunde.ch\\\/blog\\\/wp-content\\\/uploads\\\/2018\\\/09\\\/shutterstock_679794703.jpg\",\"contentUrl\":\"https:\\\/\\\/www.berg-freunde.ch\\\/blog\\\/wp-content\\\/uploads\\\/2018\\\/09\\\/shutterstock_679794703.jpg\",\"width\":1440,\"height\":961},{\"@type\":\"BreadcrumbList\",\"@id\":\"https:\\\/\\\/www.berg-freunde.ch\\\/blog\\\/die-wahl-der-zeltfarbe\\\/#breadcrumb\",\"itemListElement\":[{\"@type\":\"ListItem\",\"position\":1,\"name\":\"Blog\",\"item\":\"https:\\\/\\\/www.berg-freunde.ch\\\/blog\\\/\"},{\"@type\":\"ListItem\",\"position\":2,\"name\":\"Know-How\",\"item\":\"https:\\\/\\\/www.berg-freunde.ch\\\/blog\\\/category\\\/know-how\\\/\"},{\"@type\":\"ListItem\",\"position\":3,\"name\":\"Material &amp; Technologie\",\"item\":\"https:\\\/\\\/www.berg-freunde.ch\\\/blog\\\/category\\\/know-how\\\/material-technologie\\\/\"},{\"@type\":\"ListItem\",\"position\":4,\"name\":\"Die Wahl der Zeltfarbe &#8211; mehr als eine Geschmacksfrage\"}]},{\"@type\":\"WebSite\",\"@id\":\"https:\\\/\\\/www.berg-freunde.ch\\\/blog\\\/#website\",\"url\":\"https:\\\/\\\/www.berg-freunde.ch\\\/blog\\\/\",\"name\":\"Bergfreunde\",\"description\":\"Blog\",\"publisher\":{\"@id\":\"https:\\\/\\\/www.berg-freunde.ch\\\/blog\\\/#organization\"},\"potentialAction\":[{\"@type\":\"SearchAction\",\"target\":{\"@type\":\"EntryPoint\",\"urlTemplate\":\"https:\\\/\\\/www.berg-freunde.ch\\\/blog\\\/?s={search_term_string}\"},\"query-input\":{\"@type\":\"PropertyValueSpecification\",\"valueRequired\":true,\"valueName\":\"search_term_string\"}}],\"inLanguage\":\"de-CH\"},{\"@type\":\"Organization\",\"@id\":\"https:\\\/\\\/www.berg-freunde.ch\\\/blog\\\/#organization\",\"name\":\"Bergfreunde\",\"url\":\"https:\\\/\\\/www.berg-freunde.ch\\\/blog\\\/\",\"logo\":{\"@type\":\"ImageObject\",\"inLanguage\":\"de-CH\",\"@id\":\"https:\\\/\\\/www.berg-freunde.ch\\\/blog\\\/#\\\/schema\\\/logo\\\/image\\\/\",\"url\":\"https:\\\/\\\/www.berg-freunde.ch\\\/blog\\\/wp-content\\\/uploads\\\/2023\\\/12\\\/Bergfreunde_DE_rgb.svg\",\"contentUrl\":\"https:\\\/\\\/www.berg-freunde.ch\\\/blog\\\/wp-content\\\/uploads\\\/2023\\\/12\\\/Bergfreunde_DE_rgb.svg\",\"caption\":\"Bergfreunde\"},\"image\":{\"@id\":\"https:\\\/\\\/www.berg-freunde.ch\\\/blog\\\/#\\\/schema\\\/logo\\\/image\\\/\"},\"sameAs\":[\"https:\\\/\\\/www.facebook.com\\\/bergfreunde\",\"https:\\\/\\\/www.instagram.com\\\/bergfreundede\\\/\"]},{\"@type\":\"Person\",\"@id\":\"https:\\\/\\\/www.berg-freunde.ch\\\/blog\\\/#\\\/schema\\\/person\\\/0be5fb2399f7af8673f0e675d4964f8d\",\"name\":\"Lisa\",\"url\":\"https:\\\/\\\/www.berg-freunde.ch\\\/blog\\\/about\\\/lisa-kopas\\\/\"}]}<\/script>\n<!-- \/ Yoast SEO Premium plugin. -->","yoast_head_json":{"title":"Die Wahl der Zeltfarbe: Mehr als eine Geschmacksfrage?","description":"Die Wahl der Zeltfarbe ist nicht so trivial, wie sie erscheinen mag. Welche Vor- und Nachteile verschiedene Farben haben, erf\u00e4hrst du hier!","robots":{"index":"index","follow":"follow","max-snippet":"max-snippet:-1","max-image-preview":"max-image-preview:large","max-video-preview":"max-video-preview:-1"},"canonical":"https:\/\/www.berg-freunde.ch\/blog\/die-wahl-der-zeltfarbe\/","og_locale":"de_DE","og_type":"article","og_title":"Die Wahl der Zeltfarbe - mehr als eine Geschmacksfrage","og_description":"Die Wahl der Zeltfarbe ist nicht so trivial, wie sie erscheinen mag. Welche Vor- und Nachteile verschiedene Farben haben, erf\u00e4hrst du hier!","og_url":"https:\/\/www.berg-freunde.ch\/blog\/die-wahl-der-zeltfarbe\/","og_site_name":"Bergfreunde","article_publisher":"https:\/\/www.facebook.com\/bergfreunde","article_published_time":"2022-09-11T07:51:00+00:00","article_modified_time":"2023-01-12T08:50:01+00:00","og_image":[{"width":1440,"height":961,"url":"https:\/\/www.berg-freunde.ch\/blog\/wp-content\/uploads\/2018\/09\/shutterstock_679794703.jpg","type":"image\/jpeg"}],"author":"Lisa","twitter_card":"summary_large_image","twitter_misc":{"Geschrieben von":"Lisa","Gesch\u00e4tzte Lesezeit":"10\u00a0Minuten"},"schema":{"@context":"https:\/\/schema.org","@graph":[{"@type":["Article","BlogPosting"],"@id":"https:\/\/www.berg-freunde.ch\/blog\/die-wahl-der-zeltfarbe\/#article","isPartOf":{"@id":"https:\/\/www.berg-freunde.ch\/blog\/die-wahl-der-zeltfarbe\/"},"author":{"name":"Lisa","@id":"https:\/\/www.berg-freunde.ch\/blog\/#\/schema\/person\/0be5fb2399f7af8673f0e675d4964f8d"},"headline":"Die Wahl der Zeltfarbe &#8211; mehr als eine Geschmacksfrage","datePublished":"2022-09-11T07:51:00+00:00","dateModified":"2023-01-12T08:50:01+00:00","mainEntityOfPage":{"@id":"https:\/\/www.berg-freunde.ch\/blog\/die-wahl-der-zeltfarbe\/"},"wordCount":1693,"commentCount":11,"publisher":{"@id":"https:\/\/www.berg-freunde.ch\/blog\/#organization"},"image":{"@id":"https:\/\/www.berg-freunde.ch\/blog\/die-wahl-der-zeltfarbe\/#primaryimage"},"thumbnailUrl":"https:\/\/www.berg-freunde.ch\/blog\/wp-content\/uploads\/2018\/09\/shutterstock_679794703.jpg","keywords":["Bergsteigen &amp; Hochtouren","Klettern &amp; Bouldern","Wandern &amp; Trekking"],"articleSection":["Material &amp; Technologie"],"inLanguage":"de-CH","potentialAction":[{"@type":"CommentAction","name":"Comment","target":["https:\/\/www.berg-freunde.ch\/blog\/die-wahl-der-zeltfarbe\/#respond"]}]},{"@type":"WebPage","@id":"https:\/\/www.berg-freunde.ch\/blog\/die-wahl-der-zeltfarbe\/","url":"https:\/\/www.berg-freunde.ch\/blog\/die-wahl-der-zeltfarbe\/","name":"Die Wahl der Zeltfarbe: Mehr als eine Geschmacksfrage?","isPartOf":{"@id":"https:\/\/www.berg-freunde.ch\/blog\/#website"},"primaryImageOfPage":{"@id":"https:\/\/www.berg-freunde.ch\/blog\/die-wahl-der-zeltfarbe\/#primaryimage"},"image":{"@id":"https:\/\/www.berg-freunde.ch\/blog\/die-wahl-der-zeltfarbe\/#primaryimage"},"thumbnailUrl":"https:\/\/www.berg-freunde.ch\/blog\/wp-content\/uploads\/2018\/09\/shutterstock_679794703.jpg","datePublished":"2022-09-11T07:51:00+00:00","dateModified":"2023-01-12T08:50:01+00:00","description":"Die Wahl der Zeltfarbe ist nicht so trivial, wie sie erscheinen mag. Welche Vor- und Nachteile verschiedene Farben haben, erf\u00e4hrst du hier!","breadcrumb":{"@id":"https:\/\/www.berg-freunde.ch\/blog\/die-wahl-der-zeltfarbe\/#breadcrumb"},"inLanguage":"de-CH","potentialAction":[{"@type":"ReadAction","target":["https:\/\/www.berg-freunde.ch\/blog\/die-wahl-der-zeltfarbe\/"]}]},{"@type":"ImageObject","inLanguage":"de-CH","@id":"https:\/\/www.berg-freunde.ch\/blog\/die-wahl-der-zeltfarbe\/#primaryimage","url":"https:\/\/www.berg-freunde.ch\/blog\/wp-content\/uploads\/2018\/09\/shutterstock_679794703.jpg","contentUrl":"https:\/\/www.berg-freunde.ch\/blog\/wp-content\/uploads\/2018\/09\/shutterstock_679794703.jpg","width":1440,"height":961},{"@type":"BreadcrumbList","@id":"https:\/\/www.berg-freunde.ch\/blog\/die-wahl-der-zeltfarbe\/#breadcrumb","itemListElement":[{"@type":"ListItem","position":1,"name":"Blog","item":"https:\/\/www.berg-freunde.ch\/blog\/"},{"@type":"ListItem","position":2,"name":"Know-How","item":"https:\/\/www.berg-freunde.ch\/blog\/category\/know-how\/"},{"@type":"ListItem","position":3,"name":"Material &amp; Technologie","item":"https:\/\/www.berg-freunde.ch\/blog\/category\/know-how\/material-technologie\/"},{"@type":"ListItem","position":4,"name":"Die Wahl der Zeltfarbe &#8211; mehr als eine Geschmacksfrage"}]},{"@type":"WebSite","@id":"https:\/\/www.berg-freunde.ch\/blog\/#website","url":"https:\/\/www.berg-freunde.ch\/blog\/","name":"Bergfreunde","description":"Blog","publisher":{"@id":"https:\/\/www.berg-freunde.ch\/blog\/#organization"},"potentialAction":[{"@type":"SearchAction","target":{"@type":"EntryPoint","urlTemplate":"https:\/\/www.berg-freunde.ch\/blog\/?s={search_term_string}"},"query-input":{"@type":"PropertyValueSpecification","valueRequired":true,"valueName":"search_term_string"}}],"inLanguage":"de-CH"},{"@type":"Organization","@id":"https:\/\/www.berg-freunde.ch\/blog\/#organization","name":"Bergfreunde","url":"https:\/\/www.berg-freunde.ch\/blog\/","logo":{"@type":"ImageObject","inLanguage":"de-CH","@id":"https:\/\/www.berg-freunde.ch\/blog\/#\/schema\/logo\/image\/","url":"https:\/\/www.berg-freunde.ch\/blog\/wp-content\/uploads\/2023\/12\/Bergfreunde_DE_rgb.svg","contentUrl":"https:\/\/www.berg-freunde.ch\/blog\/wp-content\/uploads\/2023\/12\/Bergfreunde_DE_rgb.svg","caption":"Bergfreunde"},"image":{"@id":"https:\/\/www.berg-freunde.ch\/blog\/#\/schema\/logo\/image\/"},"sameAs":["https:\/\/www.facebook.com\/bergfreunde","https:\/\/www.instagram.com\/bergfreundede\/"]},{"@type":"Person","@id":"https:\/\/www.berg-freunde.ch\/blog\/#\/schema\/person\/0be5fb2399f7af8673f0e675d4964f8d","name":"Lisa","url":"https:\/\/www.berg-freunde.ch\/blog\/about\/lisa-kopas\/"}]}},"_links":{"self":[{"href":"https:\/\/www.berg-freunde.ch\/blog\/wp-json\/wp\/v2\/posts\/64609","targetHints":{"allow":["GET"]}}],"collection":[{"href":"https:\/\/www.berg-freunde.ch\/blog\/wp-json\/wp\/v2\/posts"}],"about":[{"href":"https:\/\/www.berg-freunde.ch\/blog\/wp-json\/wp\/v2\/types\/post"}],"author":[{"embeddable":true,"href":"https:\/\/www.berg-freunde.ch\/blog\/wp-json\/wp\/v2\/users\/18"}],"replies":[{"embeddable":true,"href":"https:\/\/www.berg-freunde.ch\/blog\/wp-json\/wp\/v2\/comments?post=64609"}],"version-history":[{"count":0,"href":"https:\/\/www.berg-freunde.ch\/blog\/wp-json\/wp\/v2\/posts\/64609\/revisions"}],"wp:featuredmedia":[{"embeddable":true,"href":"https:\/\/www.berg-freunde.ch\/blog\/wp-json\/wp\/v2\/media\/64611"}],"wp:attachment":[{"href":"https:\/\/www.berg-freunde.ch\/blog\/wp-json\/wp\/v2\/media?parent=64609"}],"wp:term":[{"taxonomy":"category","embeddable":true,"href":"https:\/\/www.berg-freunde.ch\/blog\/wp-json\/wp\/v2\/categories?post=64609"},{"taxonomy":"post_tag","embeddable":true,"href":"https:\/\/www.berg-freunde.ch\/blog\/wp-json\/wp\/v2\/tags?post=64609"},{"taxonomy":"post_folder","embeddable":true,"href":"https:\/\/www.berg-freunde.ch\/blog\/wp-json\/wp\/v2\/post_folder?post=64609"}],"curies":[{"name":"wp","href":"https:\/\/api.w.org\/{rel}","templated":true}]}}