{"id":64791,"date":"2022-08-29T09:07:00","date_gmt":"2022-08-29T07:07:00","guid":{"rendered":"https:\/\/www.bergfreunde.de\/blog\/trad-climbing-eine-ausruestungsempfehlung\/"},"modified":"2023-06-12T13:23:40","modified_gmt":"2023-06-12T11:23:40","slug":"trad-climbing-eine-ausruestungsempfehlung","status":"publish","type":"post","link":"https:\/\/www.berg-freunde.ch\/blog\/trad-climbing-eine-ausruestungsempfehlung\/","title":{"rendered":"Trad Climbing: eine Ausr\u00fcstungsempfehlung"},"content":{"rendered":"\n<p>Trad Climbing, auch bekannt als Traditional Climbing oder Clean Klettern, ist eine Form des Kletterns, bei der der Kletterer seine eigene Sicherungsausr\u00fcstung in Form von mobilen Sicherungsmitteln verwendet, um sich w\u00e4hrend des Aufstiegs an nat\u00fcrlichen Merkmalen der Felswand zu sichern. Im Gegensatz zum Sportklettern sind beim Trad Climbing keine vorgebohrten L\u00f6cher oder fixen Sicherungspunkte vorhanden.<\/p>\n\n\n\n<p>Wer <strong>Trad Climbing<\/strong> betreiben m\u00f6chte, braucht einiges an Ausr\u00fcstung. Von <strong>Cams<\/strong> bis <strong><a href=\"https:\/\/www.berg-freunde.ch\/karabiner-express-sets\/\">Karabinern<\/a><\/strong>, von <strong>Klemmkeilen<\/strong> bis zu <strong>TriCams<\/strong>. Es gibt so unendlich viele M\u00f6glichkeiten und Ger\u00e4te, dass es eine Herausforderung sein kann, wenn Du Dein erstes Materialset f\u00fcrs Trad Climbing zusammenstellst.<\/p>\n\n\n\n<p>Klar, es stellt sich auch die Frage, wie viel Ausr\u00fcstung Du zu Beginn wirklich brauchst \u2013 eine Entscheidung, die von mehreren Faktoren abh\u00e4ngt. Von Deinen finanziellen Mitteln und Deiner eventuell vorhandenen Angst, nicht genug Ausr\u00fcstung mit dabei zu haben um die ganze Route zu schaffen.<\/p>\n\n\n\n<p>Hier haben wir mal ein paar Tipps und Tricks zusammengestellt, die Dir am Anfang bestimmt helfen werden.<\/p>\n\n\n\n<h2 class=\"wp-block-heading\" id=\"h-warum-sichern-wir-uns-beim-trad-climbing-uberhaupt\">Warum sichern wir uns beim Trad Climbing \u00fcberhaupt?<\/h2>\n\n\n\n<p>Zun\u00e4chst einmal, um Bodenst\u00fcrze zu verhindern. Viele Sicherungen legen wir aber auch aus Angst und nicht, weil sie unbedingt n\u00f6tig sind. Neben der manchmal zittrigen K\u00f6rpersprache verraten uns irrationale Handlungen, wie \u00fcberstrecktes Einh\u00e4ngen des Seils und das Setzen schwacher Zwischensicherungen als <strong>moralische Unterst\u00fctzung<\/strong>.<\/p>\n\n\n\n<p>Indem Du weniger Sicherungen legst (in einem gewissen Rahmen nat\u00fcrlich) und entsprechend weniger Ausr\u00fcstung mitnimmst, sparst Du Gewicht am Gurt, sowie die zum Legen und Clippen ben\u00f6tigte Zeit und Kraft. Wenn Du nicht versuchst, jede noch so wacklige Platzierung auszunutzen, k\u00f6nnte dies letztlich helfen, St\u00fcrze zu vermeiden. Das Problem dabei ist, dass man selten wei\u00df, wann die n\u00e4chste zuverl\u00e4ssige Platzierung kommt.<\/p>\n\n\n\n<h2 class=\"wp-block-heading\">Wichtige Sicherungsbezeichnungen<\/h2>\n\n\n\n<p>In der Trad Climbing Praxis werden oft Markennamen als Sammelbegriffe f\u00fcr bestimmte <strong>Arten von Sicherungen<\/strong> benutzt. Damit wir uns verstehen, sind die <strong>korrekten Bezeichnungen in folgender Tabelle zusammengefasst<\/strong>.<\/p>\n\n\n<div class=\"wp-block-image\">\n<figure class=\"alignleft size-large is-resized\"><a href=\"https:\/\/www.bergfreunde.de\/blog\/wp-content\/uploads\/2021\/05\/Gattungen.jpg\"><img fetchpriority=\"high\" decoding=\"async\" src=\"https:\/\/www.bergfreunde.de\/blog\/wp-content\/uploads\/2021\/05\/Gattungen.jpg\" alt=\"\u00dcbersicht \u00fcber mobile Sicherungen nach Anwendungsgebiet\" width=\"842\" height=\"435\"\/><\/a><figcaption class=\"wp-element-caption\">\u00dcbersicht \u00fcber mobile Sicherungen nach Anwendungsgebiet.<\/figcaption><\/figure>\n<\/div>\n\n\n<p>Bei der Einteilung handelt es sich um die Definition des DAV aus seinem <strong>Alpin-Lehrplan 5 (2013)<\/strong>. Umgangssprachlich spricht man allerdings nie von Stoppern, sondern immer von Klemmkeilen. Alleine schon aus dem Grund, da es ein Klemmkeilmodell von <a href=\"https:\/\/www.berg-freunde.ch\/marken\/black-diamond\/\">Black Diamond<\/a> gibt, das Stopper hei\u00dft. Daher werden wir auch im weiteren Verlauf dieses Artikels <strong>Klemmkeile<\/strong> schreiben.<\/p>\n\n\n\n<p>Als ich meine ersten mobilen Sicherungen zusammensuchte, war der Kaufrausch gro\u00df &#8211; Ich wollte sie einfach alle haben! Es gibt so viele verschiedene und jede hat ihre speziellen Vorteile, auf die ich nicht verzichten wollte. Ich konnte schlecht einsch\u00e4tzen, welche davon wichtig sind und welche nicht, doch wollte ich auf keinen Fall schlecht ausger\u00fcstet meine erste Trad Route probieren.<\/p>\n\n\n\n<h2 class=\"wp-block-heading\" id=\"h-aktive-vs-passive-absicherung-beim-trad-climbing\">Aktive vs. Passive Absicherung beim Trad Climbing<\/h2>\n\n\n\n<h3 class=\"wp-block-heading\" id=\"h-aktive-sicherungen\">Aktive Sicherungen<\/h3>\n\n\n\n<p>Diese <a href=\"https:\/\/www.berg-freunde.ch\/sicherungs-abseilgeraete\/\">Sicherungsger\u00e4te<\/a> sind durch die beweglichen Teile definiert, die zwei Gr\u00fcnde haben:<\/p>\n\n\n<div class=\"wp-block-image\">\n<figure class=\"alignright is-resized\"><a href=\"https:\/\/www.bergfreunde.de\/blog\/wp-content\/uploads\/2021\/05\/CS_20140611_leki_sommer_2014_0276-e1444045124268-150x150-1.jpg\"><img decoding=\"async\" src=\"https:\/\/www.bergfreunde.de\/blog\/wp-content\/uploads\/2021\/05\/Bild2-2.jpg\" alt=\"Eine Auswahl an Material, das Du f\u00fcrs Tradklettern ben\u00f6tigst\" class=\"wp-image-18597\" width=\"350\" height=\"250\"\/><\/a><figcaption class=\"wp-element-caption\">Eine Auswahl an Material,<br>das Du f\u00fcrs Tradklettern ben\u00f6tigst<\/figcaption><\/figure>\n<\/div>\n\n\n<ol class=\"wp-block-list\">\n<li>Sie sind leichter zu setzen und zu entfernen<\/li>\n\n\n\n<li>Sie verst\u00e4rken die Haltekraft im Fall eines Sturzes<\/li>\n<\/ol>\n\n\n\n<p>Aktive Sicherungen sind meistens Klemmger\u00e4te wie Cams oder Friends.<\/p>\n\n\n\n<h3 class=\"wp-block-heading\" id=\"h-passive-sicherungen\">Passive Sicherungen<\/h3>\n\n\n\n<p>Ohne bewegliche Teile sind passive Absicherungen die einfachsten und g\u00fcnstigsten Absicherungen, die es gibt. Das macht sie zu einem hervorragenden Grundstock f\u00fcr Deine Ausr\u00fcstung. Passive Sicherungen sind typischerweise Klemmkeile, Hexen(trics), Rocks, Copperheads, Tricams \u2013 unterschiedliche Namen die beschreiben, was eigentlich dasselbe ist. Klemmkeile gibt es in verschiedenen Formen und Gr\u00f6\u00dfen, und sogar in unterschiedlichen Metallarten. Aber das grundlegende&nbsp; Design ist ein <strong>Metallblock, in den ein Drahtseil eingearbeitet ist<\/strong> &#8211; oder eine Schlinge (Tricams, Hexentrics). Dieser Metallblock verkeilt sich in Rissen im Gestein, w\u00e4hrend das Drahtseil zum Clippen verwendet wird.<\/p>\n\n\n\n<h2 class=\"wp-block-heading\" id=\"h-arten-von-sicherungen-beim-trad-climbing\">Arten von Sicherungen beim Trad Climbing<\/h2>\n\n\n<div class=\"wp-block-image\">\n<figure class=\"alignright size-large is-resized\"><a href=\"https:\/\/www.bergfreunde.de\/blog\/wp-content\/uploads\/2021\/05\/Bild3.jpg\"><img decoding=\"async\" src=\"https:\/\/www.bergfreunde.de\/blog\/wp-content\/uploads\/2021\/05\/Bild3.jpg\" alt=\"Klemmkeile\" width=\"350\" height=\"350\"\/><\/a><figcaption class=\"wp-element-caption\">Klemmkeile<\/figcaption><\/figure>\n<\/div>\n\n\n<h3 class=\"wp-block-heading\" id=\"h-klemmkeile\">Klemmkeile<\/h3>\n\n\n\n<p>Dein Starterset sollte eine Grundauswahl an Klemmkeilen beinhalten \u2013 ca. 10-14 St\u00fcck, die eine gewisse Anzahl an kleinen Gr\u00f6\u00dfen abdecken.<\/p>\n\n\n\n<h3 class=\"wp-block-heading\" id=\"h-micro-keile\">Micro-Keile<\/h3>\n\n\n\n<p>Diese sind viel kleiner als regul\u00e4re Keile und werden meist beim technischen Klettern verwendet. Es gibt aber Gegenden, in denen sie auch sonst viel verwendet werden. Zum Beispiel gibt es da den Mount Arapiles in Australien. Die ersten kommerziell hergestellten Micro-Keile wurden RPs genannt, nach ihrem Erfinder Roland Pauligk. RPs werden typischerweise <strong>aus Messing<\/strong> (im Gegensatz zu Stahl) hergestellt, einem weicheren Metall, das sich deformiert und sich so besser ins Gestein \u201ebei\u00dft\u201c.<\/p>\n\n\n\n<p>Hier solltest Du immer einen Blick auf die Normwerte der Keile haben, damit Du wei\u00dft, mit was Du es zutun hast und wie viel Du den Kleinen zumuten kannst.<\/p>\n\n\n\n<h3 class=\"wp-block-heading\" id=\"h-hexen-trics\">Hexen(trics)<\/h3>\n\n\n\n<p>Durch den Klang, den die <strong>hohlen Klemmkeile<\/strong> von sich geben sind sie auch als \u201eKuhglocken\u201c bekannt. Hexen sind eigentlich \u00fcbergro\u00dfe, sechs-seitige Klemmkeile <strong>f\u00fcr gr\u00f6\u00dfere, Finger- bis Handgro\u00dfe Risse<\/strong>. Hexen sind toll, weil sie leicht und billig sind.<\/p>\n\n\n\n<p>Aber sie sind schwer zu setzen und wieder zu entfernen. Deshalb ziehen heutzutage die meisten Kletterer Cams den Hexen vor.<\/p>\n\n\n\n<p>Hexentrics eignen sich besonders gut, um die <strong>Auswahl der Klemmkeile nach oben hin zu erweitern und die aktiven Sicherungen zu doppeln<\/strong>. Sie sind kein vollwertiger Ersatz f\u00fcr Klemmger\u00e4te oder Tricams. Sie <strong>\u00fcbernehmen die positiven Eigenschaften der <\/strong>Klemmkeile (g\u00fcnstig, robust, leicht) und <strong>erweitern sie um die M\u00f6glichkeit der aktiven Platzierung<\/strong>. Die Gr\u00f6\u00dfen 1,2 und 3 sind unhandlich klein.<\/p>\n\n\n<div class=\"wp-block-image\">\n<figure class=\"alignright size-large is-resized\"><a href=\"https:\/\/www.bergfreunde.de\/blog\/wp-content\/uploads\/2021\/05\/Bild5-1.jpg\"><img loading=\"lazy\" decoding=\"async\" src=\"https:\/\/www.bergfreunde.de\/blog\/wp-content\/uploads\/2021\/05\/Bild5-1.jpg\" alt=\"Tricam Klemmger\u00e4t, hier vom Camp\" width=\"350\" height=\"264\"\/><\/a><figcaption class=\"wp-element-caption\">Tricam Klemmger\u00e4t, hier von Camp<\/figcaption><\/figure>\n<\/div>\n\n\n<p><strong>Hexentrics halten bei entsprechender Platzierung durchs Verdrehen und nicht durch die Verj\u00fcngung des Risses<\/strong>. Sie k\u00f6nnen auch in parallelseitigen Rissen halten, decken ihre Breiten aber nicht kontinuierlich ab. Risse mit nur sehr leichter Verj\u00fcngung, in denen ein Klemmkeil nicht halten w\u00fcrde, sind ebenfalls kein Problem. Zudem kann man entlang der Verj\u00fcngung eine Stelle finden, bei der die Breite genau passt.<\/p>\n\n\n\n<h3 class=\"wp-block-heading\" id=\"h-tricams\">TriCams<\/h3>\n\n\n\n<p>Diese speziellen Sicherungsger\u00e4te fallen in eine Kategorie zwischen aktiven und passiven Sicherungsger\u00e4ten. TriCams sind halbrund geformte Metallkeile mit einer <strong>pyramidenf\u00f6rmigen Spitze<\/strong>, die es in allen m\u00f6glichen Gr\u00f6\u00dfen gibt. Sie werden so gesetzt, dass sie sich wie ein Cam (siehe unten) in den Fels eindr\u00fccken. Sie k\u00f6nnen aber auch passiv gesetzt werden. Sie sind g\u00fcnstig und extrem praktisch, wenn es schwer ist, Keile oder Cams zu setzen.<\/p>\n\n\n\n<h3 class=\"wp-block-heading\" id=\"h-cams\">Cams<\/h3>\n\n\n<div class=\"wp-block-image\">\n<figure class=\"alignright size-large is-resized\"><a href=\"https:\/\/www.bergfreunde.de\/blog\/wp-content\/uploads\/2021\/05\/Bild6.jpg\"><img loading=\"lazy\" decoding=\"async\" src=\"https:\/\/www.bergfreunde.de\/blog\/wp-content\/uploads\/2021\/05\/Bild6.jpg\" alt=\"Von gro\u00df bis klein,...\" width=\"350\" height=\"350\"\/><\/a><figcaption class=\"wp-element-caption\">Cams von gro\u00df bis klein,&#8230;<\/figcaption><\/figure>\n<\/div>\n\n\n<p>Cams, oder \u201eKlemmger\u00e4t mit Federzug\u201c, sind die <strong>Klassiker<\/strong> im heutigen Materialsortiment zum traditionellen Klettern. Cams haben typischerweise 4 Klemmsegmente (Cam Lobes) auf der Achse am Kopf des Ger\u00e4ts und einen B\u00fcgel (Trigger), der die Klemmsegmente zur\u00fcckzieht um den Kopf in Spalten zu setzen oder um ihn wieder herauszunehmen.<\/p>\n\n\n\n<p>Cams gibt es in einer <strong>Vielzahl von Gr\u00f6\u00dfen<\/strong>. Von Mini-Cams, die in die kleinsten Spalten und Risse passen, bis zu riesigen Cams, die in Schornstein-breite Spalten passen.<\/p>\n\n\n\n<p>Inzwischen haben eigentlich alle Cams einen <strong>flexiblen Steg<\/strong>, der sich in alle Richtungen biegen kann. Die \u00e4lteren Wild Country Friends haben einen festen Steg, ein Design, bei dem Du bei gewissen (horizontalen) Platzierungen besondere Vorsicht walten lassen musst. Unter anderem deshalb scheint es, als ob die Cams mit festem Steg bald der Vergangenheit angeh\u00f6ren.<\/p>\n\n\n\n<p>Zudem gibt es noch Cams mit einfachem Steg, Doppelsteg und U-f\u00f6rmigem Steg, die alle ihre eigenen Vor- und Nachteile haben, welche hier alle aufzuf\u00fchren aber den Rahmen sprengen w\u00fcrde.<\/p>\n\n\n\n<h3 class=\"wp-block-heading\" id=\"h-micro-klemmgerate\">Micro-Klemmger\u00e4te<\/h3>\n\n\n<div class=\"wp-block-image\">\n<figure class=\"alignright size-full is-resized\"><a href=\"https:\/\/www.berg-freunde.at\/blog\/wp-content\/uploads\/2023\/02\/dmm-dragonfly-micro-cams-klemmgeraet.jpg\"><img decoding=\"async\" src=\"https:\/\/www.berg-freunde.at\/blog\/wp-content\/uploads\/2023\/02\/dmm-dragonfly-micro-cams-klemmgeraet.jpg\" alt=\"DMM Dragonfly Micro Cams - Klemmger\u00e4t\" class=\"wp-image-77801\" width=\"350\" srcset=\"https:\/\/www.berg-freunde.ch\/blog\/wp-content\/uploads\/2023\/02\/dmm-dragonfly-micro-cams-klemmgeraet.jpg 600w, https:\/\/www.berg-freunde.ch\/blog\/wp-content\/uploads\/2023\/02\/dmm-dragonfly-micro-cams-klemmgeraet-300x300.jpg 300w, https:\/\/www.berg-freunde.ch\/blog\/wp-content\/uploads\/2023\/02\/dmm-dragonfly-micro-cams-klemmgeraet-150x150.jpg 150w\" sizes=\"(max-width: 600px) 100vw, 600px\" \/><\/a><figcaption class=\"wp-element-caption\"><a href=\"https:\/\/www.bergfreunde.de\/dmm-dragonfly-micro-cams-klemmgeraet\/\">DMM-Dragonfly Micro Cams<\/a> &#8211; Klemmger\u00e4t<\/figcaption><\/figure>\n<\/div>\n\n\n<p>Das sind spezielle Cams, die nur drei Keile am Kopf haben. Diese werden fast ausschlie\u00dflich f\u00fcr Fingergro\u00dfe Risse verwendet. Durch ihr engeres Profil k\u00f6nnen sie in schmale Risse gesetzt werden.<\/p>\n\n\n\n<h3 class=\"wp-block-heading\" id=\"h-spezielle-formen-von-klemmkeilen\">Spezielle Formen von Klemmkeilen<\/h3>\n\n\n\n<p>Die Vielfalt an Formen, die der Fels uns bietet, ist schier unersch\u00f6pflich. Diese Formvielfalt finden wir auf der Suche nach Platzierungen auch in L\u00f6chern und Rissen wieder. In gewissen Grenzen k\u00f6nnen Hersteller die \u201eAnpassungsf\u00e4higkeit\u201c ihrer Klemmkeile durch geometrische Gestaltung erh\u00f6hen. Heraus kommen spezialisierte Formen von Klemmkeilen f\u00fcr Rissgeometrien, in denen der \u201enormale\u201c Klemmkeil keinen Halt mehr findet. Man kann jedoch nicht f\u00fcr jede Rissform einen Spezialklemmkeil mitf\u00fchren \u2013 es bleiben die Formen, die am h\u00e4ufigsten passen.<\/p>\n\n\n\n<h3 class=\"wp-block-heading\" id=\"h-offset-klemmkeil\">Offset-Klemmkeil<\/h3>\n\n\n\n<p>Die Kanten dieser Klemmkeile sind, im Gegensatz zu den Kanten normaler Klemmkeile, meistens gerade. Der wichtigere Unterschied ist aber, dass sie sich nicht nur in Zugrichtung, sondern auch senkrecht dazu verj\u00fcngen. Diese Form erm\u00f6glicht Platzierungen in Rissen, die sich nach au\u00dfen hin weiten (unsicher bei Zug nach au\u00dfen), und in Spuren ehemaliger Schlaghaken (\u201ePinscars\u201c).<\/p>\n\n\n\n<h2 class=\"wp-block-heading\" id=\"h-weiteres-essentielles-material-furs-trad-climbing\">Weiteres essentielles Material f\u00fcrs Trad Climbing<\/h2>\n\n\n\n<h3 class=\"wp-block-heading\" id=\"h-karabiner\">Karabiner<\/h3>\n\n\n\n<p>Es gibt sie in allen m\u00f6glichen Formen, Designs und Gr\u00f6\u00dfen. Alle <a href=\"https:\/\/www.bergfreunde.de\/karabiner-express-sets\/\">Karabiner<\/a> dienen einem Zweck: Sie geben dir die M\u00f6glichkeit, dein Seil an die mobile Sicherung zu klippen, die du gerade gesetzt hast.<\/p>\n\n\n\n<h3 class=\"wp-block-heading\">Express-Sets<\/h3>\n\n\n<div class=\"wp-block-image\">\n<figure class=\"alignright size-large is-resized\"><a href=\"https:\/\/www.bergfreunde.de\/blog\/wp-content\/uploads\/2021\/05\/Bild8.jpg\"><img loading=\"lazy\" decoding=\"async\" src=\"https:\/\/www.bergfreunde.de\/blog\/wp-content\/uploads\/2021\/05\/Bild8.jpg\" alt=\"Express-Sets gibt es in allen m\u00f6glichen Formen und Farben.\" width=\"350\" height=\"350\"\/><\/a><figcaption class=\"wp-element-caption\">Express-Sets gibt es in allen m\u00f6glichen Formen und Farben<\/figcaption><\/figure>\n<\/div>\n\n\n<p>Wenn Du das Seil in die Sicherung clippst, ist es eigentlich immer empfehlenswert, die <strong>Verbindung zu verl\u00e4ngern<\/strong>, damit sich das Seil w\u00e4hrend du kletterst <strong>nicht selbstst\u00e4ndig ausclippen<\/strong> kann. Eine <a href=\"https:\/\/www.bergfreunde.de\/karabiner-express-sets\/\">Express-Schlinge<\/a>, auch \u201eExe\u201c genannt, besteht aus zwei Karabinern, die mit einer kurzen Bandschlinge verbunden sind.<\/p>\n\n\n\n<h3 class=\"wp-block-heading\" id=\"h-cordolette-bandschlinge\">Cordolette\/Bandschlinge<\/h3>\n\n\n\n<p>Eine sehr lange <a href=\"https:\/\/www.bergfreunde.de\/schlingen-reepschnur\/\">Schlinge<\/a>, mit 180-240cm im Durchmesser, die verwendet wird, um Ankerpunkte auszugleichen oder um Material im Fels zu verankern.<\/p>\n\n\n\n<h3 class=\"wp-block-heading\" id=\"h-keilentferner\">Keilentferner<\/h3>\n\n\n\n<p>Ein Metallteil mit einer Art Haken an der Spitze, welches dem zweiten Kletterer im Nachstieg hilft, fest <strong>verkeilte Klemmkeile wieder zu entfernen<\/strong>. Ein <a href=\"https:\/\/www.bergfreunde.de\/klemmkeilentferner-zubehoer\/\">Klemmkeilentferner<\/a> ist ein simpler, aber nicht zu untersch\u00e4tzender Helfer, der auf jeden Fall mit dabei sein sollte!<\/p>\n\n\n\n<h2 class=\"wp-block-heading\">Tipps f\u00fcr die Zusammenstellung deines Racks<\/h2>\n\n\n\n<h3 class=\"wp-block-heading\" id=\"h-grossen-verstehen\">Gr\u00f6\u00dfen verstehen<\/h3>\n\n\n\n<p>Ein sehr verwirrender, manchmal frustrierender Teil am Trad Climbing ist es, das Topo zu <strong>dechiffrieren<\/strong>, das Dir angeben soll, welche Gr\u00f6\u00dfen Du f\u00fcr die Route brauchst. Es gibt hier leider keine Standards, was zur Folge hat, dass die Gr\u00f6\u00dfen der unterschiedlichen Marken nicht \u00fcbereinstimmen. Ein #0.5 Black Diamond C4 entspricht beispielsweise einem #1 Wild Country Friend. Das gleiche gilt auch bei den Farben, die die Firmen zu unserer Erleichterung verwenden. Es ist hier genauso wie bei unseren smarten Handys und anderen Ger\u00e4ten. Wir h\u00e4tten gerne ein universales Ladeger\u00e4t f\u00fcr alles, aber man kann nicht alles haben\u2026<\/p>\n\n\n\n<p>Bei Beschreibungen f\u00fcr vertikales Rissklettern wird die ben\u00f6tigte <strong>Gr\u00f6\u00dfe oft in Zoll\/Inch<\/strong> angegeben. Wenn jetzt in deinem Topo beispielsweise steht, dass du f\u00fcr eine Route \u201e4 #1\u2019s\u201c brauchst, dann kann das bedeuten, dass du entweder 4 1-Inch oder 4 #1 Black Diamond Camalots ben\u00f6tigst. Du musst Dir unbedingt bewusst sein, dass nicht alle #1 (usw.) Cams die gleichen sind. Ganz gleich, welche Marke du nimmst, du wirst lernen m\u00fcssen die Angaben im Kopf umzurechnen.<\/p>\n\n\n\n<h3 class=\"wp-block-heading\" id=\"h-was-ist-wichtig-damit-ein-rack-funktioniert\">Was ist wichtig, damit ein Rack funktioniert?<\/h3>\n\n\n\n<p>Das wichtigste ist wohl, dass ein <strong>Rack die Rissbreiten im gew\u00fcnschten Bereich kontinuierlich abdeckt<\/strong>. Der Bereich selbst h\u00e4ngt von den Besonderheiten deines Klettergebiets ab und von den Routen, die du klettern willst. Wenn es nicht dein Ding ist, Faustrisse zu klettern, brauchst du meistens auch keine Sicherungen in dieser Gr\u00f6\u00dfe. Wenn in deinem Gebiet aber viele faustgro\u00dfe Kalkl\u00f6cher sind, dann sind sogar mehrere solche Sicherungen sinnvoll.<\/p>\n\n\n\n<p>Die von gr\u00f6\u00dfentechnisch benachbarten Sicherungen abgedeckten Bereiche sollten sich \u00fcberlappen. Die Belastbarkeit mobiler Sicherungen wird zwar in Bruchlastwerten angeben, allerdings h\u00e4ngt es von der Platzierung ab, welche Belastbarkeit sie tats\u00e4chlich haben. Klemmger\u00e4te verlieren am oberen Ende ihrer Spreizf\u00e4higkeit an Stabilit\u00e4t und ver\u00e4ndern gerne ihre Position im Riss. Bei einer Belastung fliegen sie dann leichter aus dem Riss. Das hat dann aber nichts mit der Bruchlast des Klemmger\u00e4tes zu tun, denn dem Ger\u00e4t geht es pr\u00e4chtig. Aus diesem Grund sollte man Klemmger\u00e4te nicht voll ausgespreizt platzieren. Platziert man sie au\u00dferdem komplett <strong>zusammengefaltet<\/strong>, lassen sie sich nur m\u00fchsam entfernen. Daher empfiehlt sich eine Verwendung im mittleren Segmentwinkel.<\/p>\n\n\n\n<p>Au\u00dferdem entsteht in der kontinuierlichen Abdeckung des Racks eine L\u00fccke, wenn man eine Sicherung unter sich l\u00e4sst. Durch st\u00e4rkere \u00dcberlappung k\u00f6nnen diese Probleme zunehmend entsch\u00e4rft werden. Bei der \u00dcberlappung von Sets gibt es modellbedingte Unterschiede. Wof\u00fcr du dich hier entscheidest, ist Sache deines Geschmacks und des Einsatzbereichs.<\/p>\n\n\n\n<p>Was die Schnelligkeit beim Heraussuchen und Legen der Sicherung stark beeinflusst, ist die Art und Weise, wie die Ausr\u00fcstung am Gurt befestigt ist. Hier lohnt es sich zu schauen, wie sich die Gr\u00f6\u00dfen \/ L\u00e4ngen der Ger\u00e4te und Modelle am Gurt miteinander verhalten.<\/p>\n\n\n\n<h3 class=\"wp-block-heading\">Tipps f\u00fcr dein Trad Climbing Starterkit<\/h3>\n\n\n\n<p>Zu Beginn deiner Tradkletter-Karriere ben\u00f6tigst du eine gewisse <strong>Grundausstattung<\/strong>. In F\u00fchrern und Topos wird es oft &nbsp;\u201eSingle Rack\u201c genannt. Diese Ausr\u00fcstung wird dir bei vielen Routen schon ausreichen. Der Kostenpunkt liegt hier irgendwo zwischen 500 und 1000\u20ac. Allerdings wird dir die Ausr\u00fcstung auch wirklich lange halten. Und wenn man bedenkt, dass andere \u00e4hnliche Summen jedes Jahr f\u00fcr Skip\u00e4sse oder neue Ski ausgeben, dann wirst du es bald zu sch\u00e4tzen wissen, wie g\u00fcnstig Tradklettern im Vergleich zu den meisten anderen Outdoor- Sportarten ist.<\/p>\n\n\n\n<p>Anzumerken ist, dass <strong>jedes Trad-Klettergebiet unterschiedlich<\/strong> ist und nicht jedes \u201eSingle Rack\u201c sich f\u00fcr jedes Gebiet eignet.<\/p>\n\n\n\n<p>Hier folgen nun noch meine Empfehlungen f\u00fcr die Zusammenstellung Deines Starterkits, mit dem du die meisten Routen in den meisten Gebieten hoch und wieder runter kommst; insbesondere wenn du mit einem Partner unterwegs bist \u2013 was der Normalfall ist.<\/p>\n\n\n\n<h3 class=\"wp-block-heading\" id=\"h-in-welcher-reihenfolge-sollte-man-sein-rack-zusammenstellen\">In welcher Reihenfolge sollte man sein Rack zusammenstellen?<\/h3>\n\n\n\n<p><strong>Schritt 1: Klemmkeile<\/strong><\/p>\n\n\n<div class=\"wp-block-image\">\n<figure class=\"alignright size-large is-resized\"><a href=\"https:\/\/www.bergfreunde.de\/blog\/wp-content\/uploads\/2021\/05\/225200_Series_Stoppers.jpg\"><img loading=\"lazy\" decoding=\"async\" src=\"https:\/\/www.bergfreunde.de\/blog\/wp-content\/uploads\/2021\/05\/225200_Series_Stoppers.jpg\" alt=\"Black Diamond - Stoppers - Klemmkeile\" width=\"352\" height=\"352\"\/><\/a><figcaption class=\"wp-element-caption\"><a href=\"https:\/\/www.bergfreunde.de\/black-diamond-stoppers-klemmkeil\/\">Black Diamond &#8211; Stoppers<\/a> &#8211; Klemmkeile<\/figcaption><\/figure>\n<\/div>\n\n\n<p>Als Erstes solltest Du Dir ein Set Klemmkeile zulegen, denn sie bilden das R\u00fcckgrat eines Racks, sind das g\u00fcnstigste Sicherungsmittel, trotzdem sehr sicher und relativ leicht. Wenn Du die Wahl hast, Dir ein Klemmger\u00e4t oder einen gleich gro\u00dfen Klemmkeil zuzulegen (zwei Platzierungen in unmittelbarer N\u00e4he), entscheide Dich f\u00fcr den Klemmkeil und hebe das vielseitigere Klemmger\u00e4t f\u00fcr sp\u00e4ter auf. Mit dieser Taktik lege ich ca. 60 % Klemmkeile und 40 % Klemmger\u00e4te. Am Anfang sollte man sich herk\u00f6mmliche Klemmkeile holen (Black Diamond, Wild Country), ausgefallene Formen und Offsets werden erst sp\u00e4ter interessant.<\/p>\n\n\n\n<p>Klemmkeile funktionieren nur im Set (8-12 St\u00fcck), denn sie passen sich nicht an den Riss an (passiv). Es ist daher Aufgabe des Kletterers, den richtigen Klemmkeil herauszusuchen. Je feiner die Abstufung des Sets, desto besser klappt das, desto mehr wiegt aber auch das Set.<\/p>\n\n\n\n<p>Man sollte sich <strong>als Anf\u00e4nger*in nichts unter 5 mm Breite und 6 kN Bruchlast holen<\/strong>. Solche Sicherungen fallen automatisch in die <strong>Kategorie \u201eunzuverl\u00e4ssig\u201c<\/strong>.&nbsp; <strong>Sehr gro\u00dfe Klemmkeile (\u00fcber ca. 27 mm) braucht man auch als Fortgeschrittener nicht<\/strong>, breite Risse werden besser durch andere Sicherungen abgedeckt.<\/p>\n\n\n\n<p><strong>Schritt 2: Aktive Sicherungen<\/strong><\/p>\n\n\n\n<p>Als Zweites sollte man sich Sicherungen kaufen, die f\u00fcr <strong>aktive Platzierungen geeignet sind<\/strong>. Dies k\u00f6nnen <strong>Cams<\/strong>, <strong>Tricams<\/strong> oder bedingt auch <strong>Hexentrics<\/strong> sein. Wenn Du Dir nicht gleich ein komplettes Set leisten willst, kannst Du die Klemmkeile nach oben hin erg\u00e4nzen.<\/p>\n\n\n\n<p><strong>Schritt 3: Erweiterung und Doppelung<\/strong><\/p>\n\n\n\n<p>Nachdem Du mit den Sicherungen aus 1) und 2) Deine Erfahrungen gemacht hast, wei\u00dft Du vielleicht selbst schon, was Du brauchst. Wenn Du bestimmte Gr\u00f6\u00dfen doppelt haben willst, mische verschiedene Modelle, um ihre St\u00e4rken optimal zu nutzen. Kombiniere z.B. Cams (schnell zu legen) mit Tricams (schmal \u2013 gut f\u00fcr L\u00f6cher), oder herk\u00f6mmlichen Klemmkeil mit Offsets.<\/p>\n\n\n\n<figure class=\"wp-block-image size-large\"><img decoding=\"async\" src=\"https:\/\/www.bergfreunde.de\/blog\/wp-content\/uploads\/2021\/05\/Beispielaufbau.jpg\" alt=\"Beispielaufbau eines Trad Climbing Sets\"\/><\/figure>\n\n\n\n<div class=\"wp-block-buttons is-layout-flex wp-block-buttons-is-layout-flex\"><\/div>\n\n\n\n<p><\/p>\n\n\n\n<div class=\"wp-block-buttons is-layout-flex wp-block-buttons-is-layout-flex\">\n<div class=\"wp-block-button\"><a class=\"wp-block-button__link wp-element-button\" href=\"https:\/\/www.bergfreunde.de\/bigwall-tradclimbing\/\">Hier geht&#8217;s zur Trad Climbing Ausr\u00fcstung &gt;&gt;&gt;<\/a><\/div>\n<\/div>\n","protected":false},"excerpt":{"rendered":"<p>Trad Climbing, auch bekannt als Traditional Climbing oder Clean Klettern, ist eine Form des Kletterns, bei der der Kletterer seine eigene Sicherungsausr\u00fcstung in Form von mobilen Sicherungsmitteln verwendet, um sich w\u00e4hrend des Aufstiegs an nat\u00fcrlichen Merkmalen der Felswand zu sichern. Im Gegensatz zum Sportklettern sind beim Trad Climbing keine vorgebohrten L\u00f6cher oder fixen Sicherungspunkte vorhanden. [&hellip;]<\/p>\n","protected":false},"author":26,"featured_media":77818,"comment_status":"open","ping_status":"closed","sticky":false,"template":"","format":"standard","meta":{"_acf_changed":false,"footnotes":""},"categories":[284],"tags":[273],"post_folder":[],"class_list":["post-64791","post","type-post","status-publish","format-standard","has-post-thumbnail","hentry","category-praxiswissen","tag-klettern-bouldern"],"acf":[],"yoast_head":"<!-- This site is optimized with the Yoast SEO Premium plugin v27.4 (Yoast SEO v27.4) - https:\/\/yoast.com\/product\/yoast-seo-premium-wordpress\/ -->\n<title>Trad Climbing: eine Ausr\u00fcstungsempfehlung<\/title>\n<meta name=\"description\" content=\"F\u00fcr Trad Climbing ben\u00f6tigt man einiges an Ausr\u00fcstung: Cams, Klemmkeilen... Wir haben ein paar Tipps und Tricks f\u00fcr Dein erstes Trad Climbing Materialset!\" \/>\n<meta name=\"robots\" content=\"index, follow, max-snippet:-1, max-image-preview:large, max-video-preview:-1\" \/>\n<link rel=\"canonical\" href=\"https:\/\/www.berg-freunde.ch\/blog\/trad-climbing-eine-ausruestungsempfehlung\/\" \/>\n<meta property=\"og:locale\" content=\"de_DE\" \/>\n<meta property=\"og:type\" content=\"article\" \/>\n<meta property=\"og:title\" content=\"Trad Climbing: eine Ausr\u00fcstungsempfehlung\" \/>\n<meta property=\"og:description\" content=\"F\u00fcr Trad Climbing ben\u00f6tigt man einiges an Ausr\u00fcstung: Cams, Klemmkeilen... Wir haben ein paar Tipps und Tricks f\u00fcr Dein erstes Trad Climbing Materialset!\" \/>\n<meta property=\"og:url\" content=\"https:\/\/www.berg-freunde.ch\/blog\/trad-climbing-eine-ausruestungsempfehlung\/\" \/>\n<meta property=\"og:site_name\" content=\"Bergfreunde\" \/>\n<meta property=\"article:publisher\" content=\"https:\/\/www.facebook.com\/bergfreunde\" \/>\n<meta property=\"article:published_time\" content=\"2022-08-29T07:07:00+00:00\" \/>\n<meta property=\"article:modified_time\" content=\"2023-06-12T11:23:40+00:00\" \/>\n<meta property=\"og:image\" content=\"https:\/\/www.berg-freunde.ch\/blog\/wp-content\/uploads\/2022\/08\/Titelbild_Klettersteigsets.jpg\" \/>\n\t<meta property=\"og:image:width\" content=\"1440\" \/>\n\t<meta property=\"og:image:height\" content=\"960\" \/>\n\t<meta property=\"og:image:type\" content=\"image\/jpeg\" \/>\n<meta name=\"author\" content=\"Gastautor\" \/>\n<meta name=\"twitter:card\" content=\"summary_large_image\" \/>\n<meta name=\"twitter:label1\" content=\"Geschrieben von\" \/>\n\t<meta name=\"twitter:data1\" content=\"Gastautor\" \/>\n\t<meta name=\"twitter:label2\" content=\"Gesch\u00e4tzte Lesezeit\" \/>\n\t<meta name=\"twitter:data2\" content=\"12\u00a0Minuten\" \/>\n<script type=\"application\/ld+json\" class=\"yoast-schema-graph\">{\"@context\":\"https:\\\/\\\/schema.org\",\"@graph\":[{\"@type\":[\"Article\",\"BlogPosting\"],\"@id\":\"https:\\\/\\\/www.berg-freunde.ch\\\/blog\\\/trad-climbing-eine-ausruestungsempfehlung\\\/#article\",\"isPartOf\":{\"@id\":\"https:\\\/\\\/www.berg-freunde.ch\\\/blog\\\/trad-climbing-eine-ausruestungsempfehlung\\\/\"},\"author\":{\"name\":\"Gastautor\",\"@id\":\"https:\\\/\\\/www.berg-freunde.ch\\\/blog\\\/#\\\/schema\\\/person\\\/6ac3327294ce276d7318b1f9c408382e\"},\"headline\":\"Trad Climbing: eine Ausr\u00fcstungsempfehlung\",\"datePublished\":\"2022-08-29T07:07:00+00:00\",\"dateModified\":\"2023-06-12T11:23:40+00:00\",\"mainEntityOfPage\":{\"@id\":\"https:\\\/\\\/www.berg-freunde.ch\\\/blog\\\/trad-climbing-eine-ausruestungsempfehlung\\\/\"},\"wordCount\":2502,\"commentCount\":2,\"publisher\":{\"@id\":\"https:\\\/\\\/www.berg-freunde.ch\\\/blog\\\/#organization\"},\"image\":{\"@id\":\"https:\\\/\\\/www.berg-freunde.ch\\\/blog\\\/trad-climbing-eine-ausruestungsempfehlung\\\/#primaryimage\"},\"thumbnailUrl\":\"https:\\\/\\\/www.berg-freunde.ch\\\/blog\\\/wp-content\\\/uploads\\\/2022\\\/08\\\/Titelbild_Klettersteigsets.jpg\",\"keywords\":[\"Klettern &amp; Bouldern\"],\"articleSection\":[\"Praxiswissen\"],\"inLanguage\":\"de-CH\",\"potentialAction\":[{\"@type\":\"CommentAction\",\"name\":\"Comment\",\"target\":[\"https:\\\/\\\/www.berg-freunde.ch\\\/blog\\\/trad-climbing-eine-ausruestungsempfehlung\\\/#respond\"]}]},{\"@type\":\"WebPage\",\"@id\":\"https:\\\/\\\/www.berg-freunde.ch\\\/blog\\\/trad-climbing-eine-ausruestungsempfehlung\\\/\",\"url\":\"https:\\\/\\\/www.berg-freunde.ch\\\/blog\\\/trad-climbing-eine-ausruestungsempfehlung\\\/\",\"name\":\"Trad Climbing: eine Ausr\u00fcstungsempfehlung\",\"isPartOf\":{\"@id\":\"https:\\\/\\\/www.berg-freunde.ch\\\/blog\\\/#website\"},\"primaryImageOfPage\":{\"@id\":\"https:\\\/\\\/www.berg-freunde.ch\\\/blog\\\/trad-climbing-eine-ausruestungsempfehlung\\\/#primaryimage\"},\"image\":{\"@id\":\"https:\\\/\\\/www.berg-freunde.ch\\\/blog\\\/trad-climbing-eine-ausruestungsempfehlung\\\/#primaryimage\"},\"thumbnailUrl\":\"https:\\\/\\\/www.berg-freunde.ch\\\/blog\\\/wp-content\\\/uploads\\\/2022\\\/08\\\/Titelbild_Klettersteigsets.jpg\",\"datePublished\":\"2022-08-29T07:07:00+00:00\",\"dateModified\":\"2023-06-12T11:23:40+00:00\",\"description\":\"F\u00fcr Trad Climbing ben\u00f6tigt man einiges an Ausr\u00fcstung: Cams, Klemmkeilen... Wir haben ein paar Tipps und Tricks f\u00fcr Dein erstes Trad Climbing Materialset!\",\"breadcrumb\":{\"@id\":\"https:\\\/\\\/www.berg-freunde.ch\\\/blog\\\/trad-climbing-eine-ausruestungsempfehlung\\\/#breadcrumb\"},\"inLanguage\":\"de-CH\",\"potentialAction\":[{\"@type\":\"ReadAction\",\"target\":[\"https:\\\/\\\/www.berg-freunde.ch\\\/blog\\\/trad-climbing-eine-ausruestungsempfehlung\\\/\"]}]},{\"@type\":\"ImageObject\",\"inLanguage\":\"de-CH\",\"@id\":\"https:\\\/\\\/www.berg-freunde.ch\\\/blog\\\/trad-climbing-eine-ausruestungsempfehlung\\\/#primaryimage\",\"url\":\"https:\\\/\\\/www.berg-freunde.ch\\\/blog\\\/wp-content\\\/uploads\\\/2022\\\/08\\\/Titelbild_Klettersteigsets.jpg\",\"contentUrl\":\"https:\\\/\\\/www.berg-freunde.ch\\\/blog\\\/wp-content\\\/uploads\\\/2022\\\/08\\\/Titelbild_Klettersteigsets.jpg\",\"width\":1440,\"height\":960},{\"@type\":\"BreadcrumbList\",\"@id\":\"https:\\\/\\\/www.berg-freunde.ch\\\/blog\\\/trad-climbing-eine-ausruestungsempfehlung\\\/#breadcrumb\",\"itemListElement\":[{\"@type\":\"ListItem\",\"position\":1,\"name\":\"Blog\",\"item\":\"https:\\\/\\\/www.berg-freunde.ch\\\/blog\\\/\"},{\"@type\":\"ListItem\",\"position\":2,\"name\":\"Know-How\",\"item\":\"https:\\\/\\\/www.berg-freunde.ch\\\/blog\\\/category\\\/know-how\\\/\"},{\"@type\":\"ListItem\",\"position\":3,\"name\":\"Praxiswissen\",\"item\":\"https:\\\/\\\/www.berg-freunde.ch\\\/blog\\\/category\\\/know-how\\\/praxiswissen\\\/\"},{\"@type\":\"ListItem\",\"position\":4,\"name\":\"Trad Climbing: eine Ausr\u00fcstungsempfehlung\"}]},{\"@type\":\"WebSite\",\"@id\":\"https:\\\/\\\/www.berg-freunde.ch\\\/blog\\\/#website\",\"url\":\"https:\\\/\\\/www.berg-freunde.ch\\\/blog\\\/\",\"name\":\"Bergfreunde\",\"description\":\"Blog\",\"publisher\":{\"@id\":\"https:\\\/\\\/www.berg-freunde.ch\\\/blog\\\/#organization\"},\"potentialAction\":[{\"@type\":\"SearchAction\",\"target\":{\"@type\":\"EntryPoint\",\"urlTemplate\":\"https:\\\/\\\/www.berg-freunde.ch\\\/blog\\\/?s={search_term_string}\"},\"query-input\":{\"@type\":\"PropertyValueSpecification\",\"valueRequired\":true,\"valueName\":\"search_term_string\"}}],\"inLanguage\":\"de-CH\"},{\"@type\":\"Organization\",\"@id\":\"https:\\\/\\\/www.berg-freunde.ch\\\/blog\\\/#organization\",\"name\":\"Bergfreunde\",\"url\":\"https:\\\/\\\/www.berg-freunde.ch\\\/blog\\\/\",\"logo\":{\"@type\":\"ImageObject\",\"inLanguage\":\"de-CH\",\"@id\":\"https:\\\/\\\/www.berg-freunde.ch\\\/blog\\\/#\\\/schema\\\/logo\\\/image\\\/\",\"url\":\"https:\\\/\\\/www.berg-freunde.ch\\\/blog\\\/wp-content\\\/uploads\\\/2023\\\/12\\\/Bergfreunde_DE_rgb.svg\",\"contentUrl\":\"https:\\\/\\\/www.berg-freunde.ch\\\/blog\\\/wp-content\\\/uploads\\\/2023\\\/12\\\/Bergfreunde_DE_rgb.svg\",\"caption\":\"Bergfreunde\"},\"image\":{\"@id\":\"https:\\\/\\\/www.berg-freunde.ch\\\/blog\\\/#\\\/schema\\\/logo\\\/image\\\/\"},\"sameAs\":[\"https:\\\/\\\/www.facebook.com\\\/bergfreunde\",\"https:\\\/\\\/www.instagram.com\\\/bergfreundede\\\/\"]},{\"@type\":\"Person\",\"@id\":\"https:\\\/\\\/www.berg-freunde.ch\\\/blog\\\/#\\\/schema\\\/person\\\/6ac3327294ce276d7318b1f9c408382e\",\"name\":\"Gastautor\",\"url\":\"https:\\\/\\\/www.berg-freunde.ch\\\/blog\\\/about\\\/gastautor\\\/\"}]}<\/script>\n<!-- \/ Yoast SEO Premium plugin. -->","yoast_head_json":{"title":"Trad Climbing: eine Ausr\u00fcstungsempfehlung","description":"F\u00fcr Trad Climbing ben\u00f6tigt man einiges an Ausr\u00fcstung: Cams, Klemmkeilen... Wir haben ein paar Tipps und Tricks f\u00fcr Dein erstes Trad Climbing Materialset!","robots":{"index":"index","follow":"follow","max-snippet":"max-snippet:-1","max-image-preview":"max-image-preview:large","max-video-preview":"max-video-preview:-1"},"canonical":"https:\/\/www.berg-freunde.ch\/blog\/trad-climbing-eine-ausruestungsempfehlung\/","og_locale":"de_DE","og_type":"article","og_title":"Trad Climbing: eine Ausr\u00fcstungsempfehlung","og_description":"F\u00fcr Trad Climbing ben\u00f6tigt man einiges an Ausr\u00fcstung: Cams, Klemmkeilen... Wir haben ein paar Tipps und Tricks f\u00fcr Dein erstes Trad Climbing Materialset!","og_url":"https:\/\/www.berg-freunde.ch\/blog\/trad-climbing-eine-ausruestungsempfehlung\/","og_site_name":"Bergfreunde","article_publisher":"https:\/\/www.facebook.com\/bergfreunde","article_published_time":"2022-08-29T07:07:00+00:00","article_modified_time":"2023-06-12T11:23:40+00:00","og_image":[{"width":1440,"height":960,"url":"https:\/\/www.berg-freunde.ch\/blog\/wp-content\/uploads\/2022\/08\/Titelbild_Klettersteigsets.jpg","type":"image\/jpeg"}],"author":"Gastautor","twitter_card":"summary_large_image","twitter_misc":{"Geschrieben von":"Gastautor","Gesch\u00e4tzte Lesezeit":"12\u00a0Minuten"},"schema":{"@context":"https:\/\/schema.org","@graph":[{"@type":["Article","BlogPosting"],"@id":"https:\/\/www.berg-freunde.ch\/blog\/trad-climbing-eine-ausruestungsempfehlung\/#article","isPartOf":{"@id":"https:\/\/www.berg-freunde.ch\/blog\/trad-climbing-eine-ausruestungsempfehlung\/"},"author":{"name":"Gastautor","@id":"https:\/\/www.berg-freunde.ch\/blog\/#\/schema\/person\/6ac3327294ce276d7318b1f9c408382e"},"headline":"Trad Climbing: eine Ausr\u00fcstungsempfehlung","datePublished":"2022-08-29T07:07:00+00:00","dateModified":"2023-06-12T11:23:40+00:00","mainEntityOfPage":{"@id":"https:\/\/www.berg-freunde.ch\/blog\/trad-climbing-eine-ausruestungsempfehlung\/"},"wordCount":2502,"commentCount":2,"publisher":{"@id":"https:\/\/www.berg-freunde.ch\/blog\/#organization"},"image":{"@id":"https:\/\/www.berg-freunde.ch\/blog\/trad-climbing-eine-ausruestungsempfehlung\/#primaryimage"},"thumbnailUrl":"https:\/\/www.berg-freunde.ch\/blog\/wp-content\/uploads\/2022\/08\/Titelbild_Klettersteigsets.jpg","keywords":["Klettern &amp; Bouldern"],"articleSection":["Praxiswissen"],"inLanguage":"de-CH","potentialAction":[{"@type":"CommentAction","name":"Comment","target":["https:\/\/www.berg-freunde.ch\/blog\/trad-climbing-eine-ausruestungsempfehlung\/#respond"]}]},{"@type":"WebPage","@id":"https:\/\/www.berg-freunde.ch\/blog\/trad-climbing-eine-ausruestungsempfehlung\/","url":"https:\/\/www.berg-freunde.ch\/blog\/trad-climbing-eine-ausruestungsempfehlung\/","name":"Trad Climbing: eine Ausr\u00fcstungsempfehlung","isPartOf":{"@id":"https:\/\/www.berg-freunde.ch\/blog\/#website"},"primaryImageOfPage":{"@id":"https:\/\/www.berg-freunde.ch\/blog\/trad-climbing-eine-ausruestungsempfehlung\/#primaryimage"},"image":{"@id":"https:\/\/www.berg-freunde.ch\/blog\/trad-climbing-eine-ausruestungsempfehlung\/#primaryimage"},"thumbnailUrl":"https:\/\/www.berg-freunde.ch\/blog\/wp-content\/uploads\/2022\/08\/Titelbild_Klettersteigsets.jpg","datePublished":"2022-08-29T07:07:00+00:00","dateModified":"2023-06-12T11:23:40+00:00","description":"F\u00fcr Trad Climbing ben\u00f6tigt man einiges an Ausr\u00fcstung: Cams, Klemmkeilen... Wir haben ein paar Tipps und Tricks f\u00fcr Dein erstes Trad Climbing Materialset!","breadcrumb":{"@id":"https:\/\/www.berg-freunde.ch\/blog\/trad-climbing-eine-ausruestungsempfehlung\/#breadcrumb"},"inLanguage":"de-CH","potentialAction":[{"@type":"ReadAction","target":["https:\/\/www.berg-freunde.ch\/blog\/trad-climbing-eine-ausruestungsempfehlung\/"]}]},{"@type":"ImageObject","inLanguage":"de-CH","@id":"https:\/\/www.berg-freunde.ch\/blog\/trad-climbing-eine-ausruestungsempfehlung\/#primaryimage","url":"https:\/\/www.berg-freunde.ch\/blog\/wp-content\/uploads\/2022\/08\/Titelbild_Klettersteigsets.jpg","contentUrl":"https:\/\/www.berg-freunde.ch\/blog\/wp-content\/uploads\/2022\/08\/Titelbild_Klettersteigsets.jpg","width":1440,"height":960},{"@type":"BreadcrumbList","@id":"https:\/\/www.berg-freunde.ch\/blog\/trad-climbing-eine-ausruestungsempfehlung\/#breadcrumb","itemListElement":[{"@type":"ListItem","position":1,"name":"Blog","item":"https:\/\/www.berg-freunde.ch\/blog\/"},{"@type":"ListItem","position":2,"name":"Know-How","item":"https:\/\/www.berg-freunde.ch\/blog\/category\/know-how\/"},{"@type":"ListItem","position":3,"name":"Praxiswissen","item":"https:\/\/www.berg-freunde.ch\/blog\/category\/know-how\/praxiswissen\/"},{"@type":"ListItem","position":4,"name":"Trad Climbing: eine Ausr\u00fcstungsempfehlung"}]},{"@type":"WebSite","@id":"https:\/\/www.berg-freunde.ch\/blog\/#website","url":"https:\/\/www.berg-freunde.ch\/blog\/","name":"Bergfreunde","description":"Blog","publisher":{"@id":"https:\/\/www.berg-freunde.ch\/blog\/#organization"},"potentialAction":[{"@type":"SearchAction","target":{"@type":"EntryPoint","urlTemplate":"https:\/\/www.berg-freunde.ch\/blog\/?s={search_term_string}"},"query-input":{"@type":"PropertyValueSpecification","valueRequired":true,"valueName":"search_term_string"}}],"inLanguage":"de-CH"},{"@type":"Organization","@id":"https:\/\/www.berg-freunde.ch\/blog\/#organization","name":"Bergfreunde","url":"https:\/\/www.berg-freunde.ch\/blog\/","logo":{"@type":"ImageObject","inLanguage":"de-CH","@id":"https:\/\/www.berg-freunde.ch\/blog\/#\/schema\/logo\/image\/","url":"https:\/\/www.berg-freunde.ch\/blog\/wp-content\/uploads\/2023\/12\/Bergfreunde_DE_rgb.svg","contentUrl":"https:\/\/www.berg-freunde.ch\/blog\/wp-content\/uploads\/2023\/12\/Bergfreunde_DE_rgb.svg","caption":"Bergfreunde"},"image":{"@id":"https:\/\/www.berg-freunde.ch\/blog\/#\/schema\/logo\/image\/"},"sameAs":["https:\/\/www.facebook.com\/bergfreunde","https:\/\/www.instagram.com\/bergfreundede\/"]},{"@type":"Person","@id":"https:\/\/www.berg-freunde.ch\/blog\/#\/schema\/person\/6ac3327294ce276d7318b1f9c408382e","name":"Gastautor","url":"https:\/\/www.berg-freunde.ch\/blog\/about\/gastautor\/"}]}},"_links":{"self":[{"href":"https:\/\/www.berg-freunde.ch\/blog\/wp-json\/wp\/v2\/posts\/64791","targetHints":{"allow":["GET"]}}],"collection":[{"href":"https:\/\/www.berg-freunde.ch\/blog\/wp-json\/wp\/v2\/posts"}],"about":[{"href":"https:\/\/www.berg-freunde.ch\/blog\/wp-json\/wp\/v2\/types\/post"}],"author":[{"embeddable":true,"href":"https:\/\/www.berg-freunde.ch\/blog\/wp-json\/wp\/v2\/users\/26"}],"replies":[{"embeddable":true,"href":"https:\/\/www.berg-freunde.ch\/blog\/wp-json\/wp\/v2\/comments?post=64791"}],"version-history":[{"count":0,"href":"https:\/\/www.berg-freunde.ch\/blog\/wp-json\/wp\/v2\/posts\/64791\/revisions"}],"wp:featuredmedia":[{"embeddable":true,"href":"https:\/\/www.berg-freunde.ch\/blog\/wp-json\/wp\/v2\/media\/77818"}],"wp:attachment":[{"href":"https:\/\/www.berg-freunde.ch\/blog\/wp-json\/wp\/v2\/media?parent=64791"}],"wp:term":[{"taxonomy":"category","embeddable":true,"href":"https:\/\/www.berg-freunde.ch\/blog\/wp-json\/wp\/v2\/categories?post=64791"},{"taxonomy":"post_tag","embeddable":true,"href":"https:\/\/www.berg-freunde.ch\/blog\/wp-json\/wp\/v2\/tags?post=64791"},{"taxonomy":"post_folder","embeddable":true,"href":"https:\/\/www.berg-freunde.ch\/blog\/wp-json\/wp\/v2\/post_folder?post=64791"}],"curies":[{"name":"wp","href":"https:\/\/api.w.org\/{rel}","templated":true}]}}