{"id":64920,"date":"2022-08-16T14:48:00","date_gmt":"2022-08-16T12:48:00","guid":{"rendered":"https:\/\/www.bergfreunde.de\/blog\/packliste-jakobsweg-pilgern\/"},"modified":"2026-04-02T10:44:52","modified_gmt":"2026-04-02T08:44:52","slug":"packliste-jakobsweg-pilgern","status":"publish","type":"post","link":"https:\/\/www.berg-freunde.ch\/blog\/packliste-jakobsweg-pilgern\/","title":{"rendered":"Packliste Jakobsweg (Pilgern)"},"content":{"rendered":"\n<p>In den letzten Jahren sind es immer mehr geworden. Sie legen Kilometer um Kilometer auf markierten Wegen zur\u00fcck, \u00fcbernachten bevorzugt in Kirchen, Pfarrh\u00e4usern und anderen (Jugend-)Herbergen und haben meist ein ganz besonderes St\u00fcck Papier im Rucksack \u2013 den <strong>Pilgerpass<\/strong>. V\u00f6llig klar, die Rede ist hier vom <strong>Pilger<\/strong>. Ganz egal, was nun die individuellen Beweggr\u00fcnde f\u00fcr solch eine <strong>Pilgerwanderung<\/strong> sein m\u00f6gen: es zieht mehr und mehr Wanderer auf die Jakobswege, die Europa wie ein Spinnennetz durchziehen. Man braucht wegen der Markierungen kaum Kenntnisse in Navigation oder Orientierung, muss kein Outdoor-Gearjunkie sein und auch nicht fit wie ein Marathonl\u00e4ufer \u2013 das war Hape Kerkeling schlie\u00dflich auch nicht.<\/p>\n\n\n\n<p>Fernwandern auf einem Pilgerweg ist \u201e<strong>Abenteuer light<\/strong>\u201c, bei dem man weder auf sch\u00f6ne Naturerlebnisse, noch auf Komfort, etwas Gesellschaft, richtige Verpflegung oder ein (mehr oder weniger gem\u00fctliches) Bett verzichten muss. Auch wenn man tags\u00fcber vielleicht in der Einsamkeit unterwegs ist, ein Pilgerweg ist im Grunde immer so eingerichtet, dass sp\u00e4testens am Ende des Wandertages eine sch\u00fctzende Herberge auf den Wanderer wartet.<\/p>\n\n\n\n<p>Egal ob der Klassiker \u201e<strong>Camino Frances<\/strong>\u201c, der <strong>Olavsweg<\/strong> in Norwegen oder die <strong>Via Regia<\/strong> \u2013 die wichtigsten Dinge auf einem Pilgerpfad sind, wie auf jeder l\u00e4ngeren Wanderung nahe der Zivilisation auch: m\u00f6glichst leichtes Gep\u00e4ck, Wetterschutz und gen\u00fcgend Groschen in der Tasche f\u00fcr die Unterk\u00fcnfte und Verpflegung.<\/p>\n\n\n\n<p>Viele weitere Vorschl\u00e4ge f\u00fcr das Pilger-Gep\u00e4ck findet Ihr in unserer Packliste f\u00fcr den Jakobsweg zum Ausdrucken und Abhaken:<\/p>\n\n\n\n<div class=\"wp-block-buttons is-layout-flex wp-block-buttons-is-layout-flex\">\n<div class=\"wp-block-button\"><a class=\"wp-block-button__link wp-element-button\" href=\"https:\/\/www.bergfreunde.de\/blog\/wp-content\/uploads\/2016\/08\/Packliste-Jakobsweg-Pilgern.pdf\">Zur PDF Druckversion der Packliste f\u00fcr den Jakobsweg<\/a><\/div>\n<\/div>\n\n\n\n<h2 class=\"wp-block-heading\" id=\"h-bekleidung\"><strong>Bekleidung<\/strong><\/h2>\n\n\n\n<h3 class=\"wp-block-heading\" id=\"h-1-schicht-base-layer\"><strong> 1. Schicht (Base-Layer):<\/strong><\/h3>\n\n\n\n<ul class=\"wp-block-list\">\n<li><label for=\"01\"><a href=\"https:\/\/www.bergfreunde.de\/funktionsunterwaesche\/\">Funktionsunterw\u00e4sche<\/a> <\/label><\/li>\n\n\n\n<li><label for=\"02\"><a href=\"https:\/\/www.bergfreunde.de\/funktionsshirts\/\">Funktionsshirts<\/a> <\/label><\/li>\n\n\n\n<li><label for=\"03\"><a href=\"https:\/\/www.bergfreunde.de\/hemden\/\">Wanderhemd<\/a> <\/label><\/li>\n\n\n\n<li><label for=\"04\"><a href=\"https:\/\/www.bergfreunde.de\/trekkinghosen\/\">Wanderhose<\/a>, evtl. mit <a href=\"https:\/\/www.bergfreunde.de\/zip-off-hosen\/\">Zip-Off<\/a> <\/label><\/li>\n\n\n\n<li><label for=\"05\"><a href=\"https:\/\/www.bergfreunde.de\/wandersocken\/\">Wandersocken<\/a> <\/label><\/li>\n<\/ul>\n\n\n\n<h3 class=\"wp-block-heading\" id=\"h-2-schicht-isolation\"><strong>2. Schicht (Isolation):<\/strong><\/h3>\n\n\n\n<ul class=\"wp-block-list\">\n<li><label for=\"07\"><a href=\"https:\/\/www.bergfreunde.de\/fleecejacken\/\">Fleecejacke<\/a> oder <a href=\"https:\/\/www.bergfreunde.de\/kunstfaserjacken\/\">Kunstfaserjacke<\/a> <\/label><\/li>\n<\/ul>\n\n\n\n<h3 class=\"wp-block-heading\" id=\"h-3-schicht-wetterschutz\"><strong>3. Schicht (Wetterschutz):<\/strong><\/h3>\n\n\n\n<ul class=\"wp-block-list\">\n<li><label for=\"09\"><a href=\"https:\/\/www.bergfreunde.de\/regenjacken\/\">Regenjacke<\/a> oder <a href=\"https:\/\/www.bergfreunde.de\/softshelljacken\/\">Softshelljacke<\/a> <\/label><\/li>\n\n\n\n<li><label for=\" 10 \"><a href=\"https:\/\/www.bergfreunde.de\/regenhosen\/\">Regenhose<\/a> <\/label><\/li>\n\n\n\n<li><label for=\" 11 \"><a href=\"https:\/\/www.bergfreunde.de\/wanderschuhe\/\">Wanderschuhe<\/a> oder Leichtwanderschuhe <\/label><\/li>\n\n\n\n<li><label for=\" 50 \">Wechselbekleidung (je nach Tourenl\u00e4nge) <\/label><\/li>\n\n\n\n<li><label for=\" 13 \"><a href=\"https:\/\/www.bergfreunde.de\/halstuecher\/\">Halstuch<\/a> <\/label><\/li>\n\n\n\n<li><label for=\" 14 \"><a href=\"https:\/\/www.bergfreunde.de\/muetzen\/\">M\u00fctze<\/a> oder Kappe, evtl. mit M\u00fcckenschutz <\/label><\/li>\n\n\n\n<li><label for=\" 15 \"><a href=\"https:\/\/www.bergfreunde.de\/handschuhe\/\">Handschuhe<\/a> <\/label><\/li>\n<\/ul>\n\n\n\n<h2 class=\"wp-block-heading\" id=\"h-verpflegung\"><strong>Verpflegung<\/strong><\/h2>\n\n\n\n<ul class=\"wp-block-list\">\n<li><label for=\" 17 \">Proviant f\u00fcr einen Tag, z.B. <a href=\"https:\/\/www.bergfreunde.de\/riegel\/\">Energieriegel<\/a> <\/label><\/li>\n\n\n\n<li><label for=\" 18 \"><a href=\"https:\/\/www.bergfreunde.de\/messer\/\">Taschenmesser<\/a> <\/label><\/li>\n\n\n\n<li><label for=\" 19 \"><a href=\"https:\/\/www.bergfreunde.de\/trinkflaschen\/\">Trinkflasche<\/a> oder <a href=\"https:\/\/www.bergfreunde.de\/trinksysteme\/\" target=\"_blank\" rel=\"noopener\">Trinksystem<\/a> <\/label><\/li>\n\n\n\n<li><label for=\" 20 \">Je nach Wunsch: Getr\u00e4nketabletten, Teebeutel, Instantkaffee <\/label><\/li>\n\n\n\n<li><label for=\" 21 \">Kleiner M\u00fcllbeutel <\/label><\/li>\n<\/ul>\n\n\n\n<h2 class=\"wp-block-heading\" id=\"h-hygiene-amp-gesundheit\"><strong>Hygiene &amp; Gesundheit<\/strong><\/h2>\n\n\n\n<ul class=\"wp-block-list\">\n<li><label for=\" 23 \"><a href=\"https:\/\/www.bergfreunde.de\/erste-hilfe\/\">Erste-Hilfe<\/a> Set mit pers\u00f6nlichen Medikamenten <\/label><\/li>\n\n\n\n<li><label for=\" 24 \">Tabletten oder leichter Filter zur <a href=\"https:\/\/www.bergfreunde.de\/wasseraufbereitung\/\" target=\"_blank\" rel=\"noopener\">Wasseraufbereitung<\/a> <\/label><\/li>\n\n\n\n<li><label for=\" 25 \">Blasenpflaster <\/label><\/li>\n\n\n\n<li><label for=\" 26 \"><a href=\"https:\/\/www.bergfreunde.de\/kulturbeutel\/\">Kulturbeutel<\/a> mit Zahnb\u00fcrste, Zahnpasta, Shampoo etc. (ggf. Rasierer, Kontaktlinsen) <\/label><\/li>\n\n\n\n<li><label for=\" 27 \"><a href=\"https:\/\/www.bergfreunde.de\/mikrofaserhandtuecher\/\">Mikrofaserhandtuch<\/a> <\/label><\/li>\n\n\n\n<li><label for=\" 28 \">Ohrenst\u00f6psel <\/label><\/li>\n\n\n\n<li><label for=\" 29 \"><a href=\"https:\/\/www.bergfreunde.de\/p\/sonnencreme\/\">Sonnencreme<\/a>, ggf. Lippenstift mit UV-Schutz <\/label><\/li>\n\n\n\n<li><label for=\" 30 \">Etwas Klopapier <\/label><\/li>\n<\/ul>\n\n\n\n<h2 class=\"wp-block-heading\" id=\"h-ausrustung\"><strong>Ausr\u00fcstung<\/strong><\/h2>\n\n\n\n<ul class=\"wp-block-list\">\n<li><label for=\" 32 \"><a href=\"https:\/\/www.bergfreunde.de\/trekkingstoecke\/\">Wanderst\u00f6cke<\/a> (nach Belieben) <\/label><\/li>\n\n\n\n<li><label for=\" 33 \"><a href=\"https:\/\/www.bergfreunde.de\/sonnenbrillen\/\">Sonnenbrille<\/a> <\/label><\/li>\n\n\n\n<li><label for=\" 34 \">Handy (mit Ladeger\u00e4t) <\/label><\/li>\n\n\n\n<li><label for=\" 35 \">Karte <\/label><\/li>\n\n\n\n<li><label for=\" 36 \">Wanderf\u00fchrer <\/label><\/li>\n\n\n\n<li><label for=\" 37 \"><a href=\"https:\/\/www.bergfreunde.de\/stirnlampen\/\">Stirnlampe<\/a> (inkl. Ersatzbatterien) <\/label><\/li>\n\n\n\n<li><label for=\" 38 \">Bargeld &amp; Kreditkarte <\/label><\/li>\n\n\n\n<li><label for=\" 39 \">Personalien: Personalausweis oder Reisepass, ggf. Visum, Pilgerpass <\/label><\/li>\n\n\n\n<li><label for=\" 40 \">Anreise: F\u00fchrerschein, Bahncard, weitere Tickets <\/label><\/li>\n<\/ul>\n\n\n\n<h2 class=\"wp-block-heading\" id=\"h-fur-die-herberge\"><strong>F\u00fcr die Herberge<\/strong><\/h2>\n\n\n\n<ul class=\"wp-block-list\">\n<li><label for=\" 42 \">Gem\u00fctliche Wechselkleidung <\/label><\/li>\n\n\n\n<li><label for=\" 43 \"><a href=\"https:\/\/www.bergfreunde.de\/haus-huettenschuhe\/\">H\u00fcttenschuhe<\/a> oder <a href=\"https:\/\/www.bergfreunde.de\/marken\/crocs\/\">Crocs<\/a> oder <a href=\"https:\/\/www.bergfreunde.de\/sandalen\/\" target=\"_blank\" rel=\"noopener\">Sandalen<\/a> <\/label><\/li>\n\n\n\n<li><label for=\" 44 \"><a href=\"https:\/\/www.bergfreunde.de\/huettenschlafsaecke-inlays\/\">H\u00fcttenschlafsack<\/a> oder leichter <a href=\"https:\/\/www.bergfreunde.de\/schlafsaecke\/jahreszeit--sommer\/\" target=\"_blank\" rel=\"noopener\">Sommerschlafsack<\/a> <\/label><\/li>\n<\/ul>\n\n\n\n<h2 class=\"wp-block-heading\" id=\"h-wenn-noch-platz-im-rucksack-ist\"><strong>Wenn noch Platz im Rucksack ist&#8230;<\/strong><\/h2>\n\n\n\n<ul class=\"wp-block-list\">\n<li><label for=\" 46 \">Kamera (inkl. Ersatzakku) <\/label><\/li>\n\n\n\n<li><label for=\" 47 \"><a href=\"https:\/\/www.bergfreunde.de\/uhren\/\">Funktionsuhr<\/a> <\/label><\/li>\n\n\n\n<li><label for=\" 48 \"><a href=\"https:\/\/www.bergfreunde.de\/p\/flachmann\/\">Flachmann<\/a> <\/label><\/li>\n<\/ul>\n\n\n\n<p>Im Prinzip \u00e4hnelt die Ausr\u00fcstung der einer <strong>H\u00fcttentour<\/strong>, mit dem Unterschied, dass man mitunter in wesentlich <strong>leichterem Terrain<\/strong> unterwegs ist. Der Pilger sollte sich vorher eingehend \u00fcber die Beschaffenheit der Wege informieren und seine Ausr\u00fcstung dann, vor allem das <strong>Schuhwerk<\/strong>, am schwierigsten, anspruchsvollsten Teil der Wanderung ausrichten.<\/p>\n\n\n\n<p>Da man zu keinem Zeitpunkt weit von einer Ortschaft entfernt sein wird, kann man sich durch Nachkauf von <strong>Proviant<\/strong> und <strong>Einkehren<\/strong> am Abend ein paar Kilo im Rucksack sparen. Die Wirte der Pilgerherbergen geben dazu sicher gern den einen oder anderen Tipp. Au\u00dferdem kann man bestimmt nach hei\u00dfem Wasser f\u00fcr die <strong><a href=\"https:\/\/www.berg-freunde.ch\/isolierflaschen\/\">Thermosflasche<\/a><\/strong> fragen.<\/p>\n\n\n\n<p>Aufgrund der leichten Zug\u00e4nglichkeit von Verpflegung und des Vorhandenseins von Schlafm\u00f6glichkeiten reicht ein <strong>40-Liter-Rucksack<\/strong> zum Pilgern v\u00f6llig aus. Wer in der <strong>\u00dcbergangszeit<\/strong> unterwegs ist, braucht eventuell etwas mehr Stauraum f\u00fcr die <strong>Isolationsbekleidung<\/strong>. Immer jedoch gilt: je leichter man unterwegs ist, desto mehr kann man Landschaft und Natur genie\u00dfen und desto unbeschwerter sind die eh schon strapazierten F\u00fc\u00dfe.<\/p>\n\n\n\n<h2 class=\"wp-block-heading\">Und das Trinken nicht vergessen&#8230;<\/h2>\n\n\n\n<p>Auch die <strong>Fl\u00fcssigkeitsversorgung<\/strong> ist auf Wanderungen nahe der Zivilisation meist gut gesichert. Wer leicht unterwegs ist, w\u00e4hlt <strong>Faltflaschen<\/strong>, die nur so viel Platz wegnehmen, wie sich Wasser in ihr befindet. Ein <strong>Trinksystem<\/strong> ist immer praktisch zum problemlosen Trinken mit Rucksack auf dem R\u00fccken. Gelegenheit zum Nachf\u00fcllen gibt es in <strong>Gasth\u00e4usern<\/strong> oder an \u00f6ffentlichen <strong>Wasserbrunnen<\/strong>. Seen und B\u00e4che sind als Trinkwasserquelle nur solange geeignet, wie sie nicht als Teil einer Kulturlandschaft vorkommen. Und auch, wenn das nicht der Fall ist, sollte man das Wasser prinzipiell mit <strong>Tabletten<\/strong>, <strong>Filtern<\/strong> oder \u00e4hnlichem entkeimen.<\/p>\n\n\n\n<h2 class=\"wp-block-heading\">Fazit<\/h2>\n\n\n\n<p>Das Gep\u00e4ck f\u00fcr einen Pilgerweg, wie beispielsweise die Jakobswege, ist eher einfach und leicht gehalten, da man nie wirklich in der \u201eWildnis\u201c unterwegs sein wird. Wer Flexibilit\u00e4t, Komfort und Bewegung gleicherma\u00dfen mag, der sollte sich \u00fcberlegen, vielleicht einmal einen Jakobsweg zu gehen \u2013 egal, ob einen Tag oder mehrere Wochen.<\/p>\n\n\n\n<p>In diesem Sinne: Viel Spa\u00df beim Pilgern, und Abstempeln nicht vergessen!<\/p>\n\n\n\n<div class=\"wp-block-buttons is-layout-flex wp-block-buttons-is-layout-flex\">\n<div class=\"wp-block-button\"><a class=\"wp-block-button__link wp-element-button\" href=\"https:\/\/www.bergfreunde.de\/wandern\/\">Wanderausr\u00fcstung &gt;&gt;<\/a><\/div>\n<\/div>\n","protected":false},"excerpt":{"rendered":"<p>In den letzten Jahren sind es immer mehr geworden. Sie legen Kilometer um Kilometer auf markierten Wegen zur\u00fcck, \u00fcbernachten bevorzugt in Kirchen, Pfarrh\u00e4usern und anderen (Jugend-)Herbergen und haben meist ein ganz besonderes St\u00fcck Papier im Rucksack \u2013 den Pilgerpass. V\u00f6llig klar, die Rede ist hier vom Pilger. Ganz egal, was nun die individuellen Beweggr\u00fcnde f\u00fcr [&hellip;]<\/p>\n","protected":false},"author":6,"featured_media":64922,"comment_status":"open","ping_status":"closed","sticky":false,"template":"","format":"standard","meta":{"_acf_changed":false,"footnotes":""},"categories":[293],"tags":[276],"post_folder":[],"class_list":["post-64920","post","type-post","status-publish","format-standard","has-post-thumbnail","hentry","category-packlisten","tag-wandern-trekking"],"acf":[],"yoast_head":"<!-- This site is optimized with the Yoast SEO Premium plugin v27.4 (Yoast SEO v27.4) - https:\/\/yoast.com\/product\/yoast-seo-premium-wordpress\/ -->\n<title>Packliste Jakobsweg (Pilgern) | Checkliste zum Abhaken<\/title>\n<meta name=\"description\" content=\"Was geh\u00f6rt alles mit auf den Jakobsweg? Wir sagen&#039;s euch - unsere Pilgern Checkliste zum Abhaken und PDF-Druckversion zum Downloaden!\" \/>\n<meta name=\"robots\" content=\"index, follow, max-snippet:-1, max-image-preview:large, max-video-preview:-1\" \/>\n<link rel=\"canonical\" href=\"https:\/\/www.berg-freunde.ch\/blog\/packliste-jakobsweg-pilgern\/\" \/>\n<meta property=\"og:locale\" content=\"de_DE\" \/>\n<meta property=\"og:type\" content=\"article\" \/>\n<meta property=\"og:title\" content=\"Packliste Jakobsweg (Pilgern)\" \/>\n<meta property=\"og:description\" content=\"Was geh\u00f6rt alles mit auf den Jakobsweg? Wir sagen&#039;s euch - unsere Pilgern Checkliste zum Abhaken und PDF-Druckversion zum Downloaden!\" \/>\n<meta property=\"og:url\" content=\"https:\/\/www.berg-freunde.ch\/blog\/packliste-jakobsweg-pilgern\/\" \/>\n<meta property=\"og:site_name\" content=\"Bergfreunde\" \/>\n<meta property=\"article:publisher\" content=\"https:\/\/www.facebook.com\/bergfreunde\" \/>\n<meta property=\"article:published_time\" content=\"2022-08-16T12:48:00+00:00\" \/>\n<meta property=\"article:modified_time\" content=\"2026-04-02T08:44:52+00:00\" \/>\n<meta property=\"og:image\" content=\"https:\/\/www.berg-freunde.ch\/blog\/wp-content\/uploads\/2022\/08\/shutterstock_222968578.jpg\" \/>\n\t<meta property=\"og:image:width\" content=\"1440\" \/>\n\t<meta property=\"og:image:height\" content=\"960\" \/>\n\t<meta property=\"og:image:type\" content=\"image\/jpeg\" \/>\n<meta name=\"author\" content=\"Tom\" \/>\n<meta name=\"twitter:card\" content=\"summary_large_image\" \/>\n<meta name=\"twitter:label1\" content=\"Geschrieben von\" \/>\n\t<meta name=\"twitter:data1\" content=\"Tom\" \/>\n\t<meta name=\"twitter:label2\" content=\"Gesch\u00e4tzte Lesezeit\" \/>\n\t<meta name=\"twitter:data2\" content=\"4\u00a0Minuten\" \/>\n<script type=\"application\/ld+json\" class=\"yoast-schema-graph\">{\"@context\":\"https:\\\/\\\/schema.org\",\"@graph\":[{\"@type\":[\"Article\",\"BlogPosting\"],\"@id\":\"https:\\\/\\\/www.berg-freunde.ch\\\/blog\\\/packliste-jakobsweg-pilgern\\\/#article\",\"isPartOf\":{\"@id\":\"https:\\\/\\\/www.berg-freunde.ch\\\/blog\\\/packliste-jakobsweg-pilgern\\\/\"},\"author\":{\"name\":\"Tom\",\"@id\":\"https:\\\/\\\/www.berg-freunde.ch\\\/blog\\\/#\\\/schema\\\/person\\\/a4d010be43a1e8205d531287e010bccb\"},\"headline\":\"Packliste Jakobsweg (Pilgern)\",\"datePublished\":\"2022-08-16T12:48:00+00:00\",\"dateModified\":\"2026-04-02T08:44:52+00:00\",\"mainEntityOfPage\":{\"@id\":\"https:\\\/\\\/www.berg-freunde.ch\\\/blog\\\/packliste-jakobsweg-pilgern\\\/\"},\"wordCount\":765,\"commentCount\":2,\"publisher\":{\"@id\":\"https:\\\/\\\/www.berg-freunde.ch\\\/blog\\\/#organization\"},\"image\":{\"@id\":\"https:\\\/\\\/www.berg-freunde.ch\\\/blog\\\/packliste-jakobsweg-pilgern\\\/#primaryimage\"},\"thumbnailUrl\":\"https:\\\/\\\/www.berg-freunde.ch\\\/blog\\\/wp-content\\\/uploads\\\/2022\\\/08\\\/shutterstock_222968578.jpg\",\"keywords\":[\"Wandern &amp; Trekking\"],\"articleSection\":[\"Packlisten\"],\"inLanguage\":\"de-CH\",\"potentialAction\":[{\"@type\":\"CommentAction\",\"name\":\"Comment\",\"target\":[\"https:\\\/\\\/www.berg-freunde.ch\\\/blog\\\/packliste-jakobsweg-pilgern\\\/#respond\"]}]},{\"@type\":\"WebPage\",\"@id\":\"https:\\\/\\\/www.berg-freunde.ch\\\/blog\\\/packliste-jakobsweg-pilgern\\\/\",\"url\":\"https:\\\/\\\/www.berg-freunde.ch\\\/blog\\\/packliste-jakobsweg-pilgern\\\/\",\"name\":\"Packliste Jakobsweg (Pilgern) | Checkliste zum Abhaken\",\"isPartOf\":{\"@id\":\"https:\\\/\\\/www.berg-freunde.ch\\\/blog\\\/#website\"},\"primaryImageOfPage\":{\"@id\":\"https:\\\/\\\/www.berg-freunde.ch\\\/blog\\\/packliste-jakobsweg-pilgern\\\/#primaryimage\"},\"image\":{\"@id\":\"https:\\\/\\\/www.berg-freunde.ch\\\/blog\\\/packliste-jakobsweg-pilgern\\\/#primaryimage\"},\"thumbnailUrl\":\"https:\\\/\\\/www.berg-freunde.ch\\\/blog\\\/wp-content\\\/uploads\\\/2022\\\/08\\\/shutterstock_222968578.jpg\",\"datePublished\":\"2022-08-16T12:48:00+00:00\",\"dateModified\":\"2026-04-02T08:44:52+00:00\",\"description\":\"Was geh\u00f6rt alles mit auf den Jakobsweg? Wir sagen's euch - unsere Pilgern Checkliste zum Abhaken und PDF-Druckversion zum Downloaden!\",\"breadcrumb\":{\"@id\":\"https:\\\/\\\/www.berg-freunde.ch\\\/blog\\\/packliste-jakobsweg-pilgern\\\/#breadcrumb\"},\"inLanguage\":\"de-CH\",\"potentialAction\":[{\"@type\":\"ReadAction\",\"target\":[\"https:\\\/\\\/www.berg-freunde.ch\\\/blog\\\/packliste-jakobsweg-pilgern\\\/\"]}]},{\"@type\":\"ImageObject\",\"inLanguage\":\"de-CH\",\"@id\":\"https:\\\/\\\/www.berg-freunde.ch\\\/blog\\\/packliste-jakobsweg-pilgern\\\/#primaryimage\",\"url\":\"https:\\\/\\\/www.berg-freunde.ch\\\/blog\\\/wp-content\\\/uploads\\\/2022\\\/08\\\/shutterstock_222968578.jpg\",\"contentUrl\":\"https:\\\/\\\/www.berg-freunde.ch\\\/blog\\\/wp-content\\\/uploads\\\/2022\\\/08\\\/shutterstock_222968578.jpg\",\"width\":1440,\"height\":960,\"caption\":\"Pilgern Jacobsweg\"},{\"@type\":\"BreadcrumbList\",\"@id\":\"https:\\\/\\\/www.berg-freunde.ch\\\/blog\\\/packliste-jakobsweg-pilgern\\\/#breadcrumb\",\"itemListElement\":[{\"@type\":\"ListItem\",\"position\":1,\"name\":\"Blog\",\"item\":\"https:\\\/\\\/www.berg-freunde.ch\\\/blog\\\/\"},{\"@type\":\"ListItem\",\"position\":2,\"name\":\"Beratung\",\"item\":\"https:\\\/\\\/www.berg-freunde.ch\\\/blog\\\/category\\\/beratung\\\/\"},{\"@type\":\"ListItem\",\"position\":3,\"name\":\"Packlisten\",\"item\":\"https:\\\/\\\/www.berg-freunde.ch\\\/blog\\\/category\\\/beratung\\\/packlisten\\\/\"},{\"@type\":\"ListItem\",\"position\":4,\"name\":\"Packliste Jakobsweg (Pilgern)\"}]},{\"@type\":\"WebSite\",\"@id\":\"https:\\\/\\\/www.berg-freunde.ch\\\/blog\\\/#website\",\"url\":\"https:\\\/\\\/www.berg-freunde.ch\\\/blog\\\/\",\"name\":\"Bergfreunde\",\"description\":\"Blog\",\"publisher\":{\"@id\":\"https:\\\/\\\/www.berg-freunde.ch\\\/blog\\\/#organization\"},\"potentialAction\":[{\"@type\":\"SearchAction\",\"target\":{\"@type\":\"EntryPoint\",\"urlTemplate\":\"https:\\\/\\\/www.berg-freunde.ch\\\/blog\\\/?s={search_term_string}\"},\"query-input\":{\"@type\":\"PropertyValueSpecification\",\"valueRequired\":true,\"valueName\":\"search_term_string\"}}],\"inLanguage\":\"de-CH\"},{\"@type\":\"Organization\",\"@id\":\"https:\\\/\\\/www.berg-freunde.ch\\\/blog\\\/#organization\",\"name\":\"Bergfreunde\",\"url\":\"https:\\\/\\\/www.berg-freunde.ch\\\/blog\\\/\",\"logo\":{\"@type\":\"ImageObject\",\"inLanguage\":\"de-CH\",\"@id\":\"https:\\\/\\\/www.berg-freunde.ch\\\/blog\\\/#\\\/schema\\\/logo\\\/image\\\/\",\"url\":\"https:\\\/\\\/www.berg-freunde.ch\\\/blog\\\/wp-content\\\/uploads\\\/2023\\\/12\\\/Bergfreunde_DE_rgb.svg\",\"contentUrl\":\"https:\\\/\\\/www.berg-freunde.ch\\\/blog\\\/wp-content\\\/uploads\\\/2023\\\/12\\\/Bergfreunde_DE_rgb.svg\",\"caption\":\"Bergfreunde\"},\"image\":{\"@id\":\"https:\\\/\\\/www.berg-freunde.ch\\\/blog\\\/#\\\/schema\\\/logo\\\/image\\\/\"},\"sameAs\":[\"https:\\\/\\\/www.facebook.com\\\/bergfreunde\",\"https:\\\/\\\/www.instagram.com\\\/bergfreundede\\\/\"]},{\"@type\":\"Person\",\"@id\":\"https:\\\/\\\/www.berg-freunde.ch\\\/blog\\\/#\\\/schema\\\/person\\\/a4d010be43a1e8205d531287e010bccb\",\"name\":\"Tom\",\"url\":\"https:\\\/\\\/www.berg-freunde.ch\\\/blog\\\/about\\\/thomas-hollfelder\\\/\"}]}<\/script>\n<!-- \/ Yoast SEO Premium plugin. -->","yoast_head_json":{"title":"Packliste Jakobsweg (Pilgern) | Checkliste zum Abhaken","description":"Was geh\u00f6rt alles mit auf den Jakobsweg? Wir sagen's euch - unsere Pilgern Checkliste zum Abhaken und PDF-Druckversion zum Downloaden!","robots":{"index":"index","follow":"follow","max-snippet":"max-snippet:-1","max-image-preview":"max-image-preview:large","max-video-preview":"max-video-preview:-1"},"canonical":"https:\/\/www.berg-freunde.ch\/blog\/packliste-jakobsweg-pilgern\/","og_locale":"de_DE","og_type":"article","og_title":"Packliste Jakobsweg (Pilgern)","og_description":"Was geh\u00f6rt alles mit auf den Jakobsweg? Wir sagen's euch - unsere Pilgern Checkliste zum Abhaken und PDF-Druckversion zum Downloaden!","og_url":"https:\/\/www.berg-freunde.ch\/blog\/packliste-jakobsweg-pilgern\/","og_site_name":"Bergfreunde","article_publisher":"https:\/\/www.facebook.com\/bergfreunde","article_published_time":"2022-08-16T12:48:00+00:00","article_modified_time":"2026-04-02T08:44:52+00:00","og_image":[{"width":1440,"height":960,"url":"https:\/\/www.berg-freunde.ch\/blog\/wp-content\/uploads\/2022\/08\/shutterstock_222968578.jpg","type":"image\/jpeg"}],"author":"Tom","twitter_card":"summary_large_image","twitter_misc":{"Geschrieben von":"Tom","Gesch\u00e4tzte Lesezeit":"4\u00a0Minuten"},"schema":{"@context":"https:\/\/schema.org","@graph":[{"@type":["Article","BlogPosting"],"@id":"https:\/\/www.berg-freunde.ch\/blog\/packliste-jakobsweg-pilgern\/#article","isPartOf":{"@id":"https:\/\/www.berg-freunde.ch\/blog\/packliste-jakobsweg-pilgern\/"},"author":{"name":"Tom","@id":"https:\/\/www.berg-freunde.ch\/blog\/#\/schema\/person\/a4d010be43a1e8205d531287e010bccb"},"headline":"Packliste Jakobsweg (Pilgern)","datePublished":"2022-08-16T12:48:00+00:00","dateModified":"2026-04-02T08:44:52+00:00","mainEntityOfPage":{"@id":"https:\/\/www.berg-freunde.ch\/blog\/packliste-jakobsweg-pilgern\/"},"wordCount":765,"commentCount":2,"publisher":{"@id":"https:\/\/www.berg-freunde.ch\/blog\/#organization"},"image":{"@id":"https:\/\/www.berg-freunde.ch\/blog\/packliste-jakobsweg-pilgern\/#primaryimage"},"thumbnailUrl":"https:\/\/www.berg-freunde.ch\/blog\/wp-content\/uploads\/2022\/08\/shutterstock_222968578.jpg","keywords":["Wandern &amp; Trekking"],"articleSection":["Packlisten"],"inLanguage":"de-CH","potentialAction":[{"@type":"CommentAction","name":"Comment","target":["https:\/\/www.berg-freunde.ch\/blog\/packliste-jakobsweg-pilgern\/#respond"]}]},{"@type":"WebPage","@id":"https:\/\/www.berg-freunde.ch\/blog\/packliste-jakobsweg-pilgern\/","url":"https:\/\/www.berg-freunde.ch\/blog\/packliste-jakobsweg-pilgern\/","name":"Packliste Jakobsweg (Pilgern) | Checkliste zum Abhaken","isPartOf":{"@id":"https:\/\/www.berg-freunde.ch\/blog\/#website"},"primaryImageOfPage":{"@id":"https:\/\/www.berg-freunde.ch\/blog\/packliste-jakobsweg-pilgern\/#primaryimage"},"image":{"@id":"https:\/\/www.berg-freunde.ch\/blog\/packliste-jakobsweg-pilgern\/#primaryimage"},"thumbnailUrl":"https:\/\/www.berg-freunde.ch\/blog\/wp-content\/uploads\/2022\/08\/shutterstock_222968578.jpg","datePublished":"2022-08-16T12:48:00+00:00","dateModified":"2026-04-02T08:44:52+00:00","description":"Was geh\u00f6rt alles mit auf den Jakobsweg? Wir sagen's euch - unsere Pilgern Checkliste zum Abhaken und PDF-Druckversion zum Downloaden!","breadcrumb":{"@id":"https:\/\/www.berg-freunde.ch\/blog\/packliste-jakobsweg-pilgern\/#breadcrumb"},"inLanguage":"de-CH","potentialAction":[{"@type":"ReadAction","target":["https:\/\/www.berg-freunde.ch\/blog\/packliste-jakobsweg-pilgern\/"]}]},{"@type":"ImageObject","inLanguage":"de-CH","@id":"https:\/\/www.berg-freunde.ch\/blog\/packliste-jakobsweg-pilgern\/#primaryimage","url":"https:\/\/www.berg-freunde.ch\/blog\/wp-content\/uploads\/2022\/08\/shutterstock_222968578.jpg","contentUrl":"https:\/\/www.berg-freunde.ch\/blog\/wp-content\/uploads\/2022\/08\/shutterstock_222968578.jpg","width":1440,"height":960,"caption":"Pilgern Jacobsweg"},{"@type":"BreadcrumbList","@id":"https:\/\/www.berg-freunde.ch\/blog\/packliste-jakobsweg-pilgern\/#breadcrumb","itemListElement":[{"@type":"ListItem","position":1,"name":"Blog","item":"https:\/\/www.berg-freunde.ch\/blog\/"},{"@type":"ListItem","position":2,"name":"Beratung","item":"https:\/\/www.berg-freunde.ch\/blog\/category\/beratung\/"},{"@type":"ListItem","position":3,"name":"Packlisten","item":"https:\/\/www.berg-freunde.ch\/blog\/category\/beratung\/packlisten\/"},{"@type":"ListItem","position":4,"name":"Packliste Jakobsweg (Pilgern)"}]},{"@type":"WebSite","@id":"https:\/\/www.berg-freunde.ch\/blog\/#website","url":"https:\/\/www.berg-freunde.ch\/blog\/","name":"Bergfreunde","description":"Blog","publisher":{"@id":"https:\/\/www.berg-freunde.ch\/blog\/#organization"},"potentialAction":[{"@type":"SearchAction","target":{"@type":"EntryPoint","urlTemplate":"https:\/\/www.berg-freunde.ch\/blog\/?s={search_term_string}"},"query-input":{"@type":"PropertyValueSpecification","valueRequired":true,"valueName":"search_term_string"}}],"inLanguage":"de-CH"},{"@type":"Organization","@id":"https:\/\/www.berg-freunde.ch\/blog\/#organization","name":"Bergfreunde","url":"https:\/\/www.berg-freunde.ch\/blog\/","logo":{"@type":"ImageObject","inLanguage":"de-CH","@id":"https:\/\/www.berg-freunde.ch\/blog\/#\/schema\/logo\/image\/","url":"https:\/\/www.berg-freunde.ch\/blog\/wp-content\/uploads\/2023\/12\/Bergfreunde_DE_rgb.svg","contentUrl":"https:\/\/www.berg-freunde.ch\/blog\/wp-content\/uploads\/2023\/12\/Bergfreunde_DE_rgb.svg","caption":"Bergfreunde"},"image":{"@id":"https:\/\/www.berg-freunde.ch\/blog\/#\/schema\/logo\/image\/"},"sameAs":["https:\/\/www.facebook.com\/bergfreunde","https:\/\/www.instagram.com\/bergfreundede\/"]},{"@type":"Person","@id":"https:\/\/www.berg-freunde.ch\/blog\/#\/schema\/person\/a4d010be43a1e8205d531287e010bccb","name":"Tom","url":"https:\/\/www.berg-freunde.ch\/blog\/about\/thomas-hollfelder\/"}]}},"_links":{"self":[{"href":"https:\/\/www.berg-freunde.ch\/blog\/wp-json\/wp\/v2\/posts\/64920","targetHints":{"allow":["GET"]}}],"collection":[{"href":"https:\/\/www.berg-freunde.ch\/blog\/wp-json\/wp\/v2\/posts"}],"about":[{"href":"https:\/\/www.berg-freunde.ch\/blog\/wp-json\/wp\/v2\/types\/post"}],"author":[{"embeddable":true,"href":"https:\/\/www.berg-freunde.ch\/blog\/wp-json\/wp\/v2\/users\/6"}],"replies":[{"embeddable":true,"href":"https:\/\/www.berg-freunde.ch\/blog\/wp-json\/wp\/v2\/comments?post=64920"}],"version-history":[{"count":2,"href":"https:\/\/www.berg-freunde.ch\/blog\/wp-json\/wp\/v2\/posts\/64920\/revisions"}],"predecessor-version":[{"id":132072,"href":"https:\/\/www.berg-freunde.ch\/blog\/wp-json\/wp\/v2\/posts\/64920\/revisions\/132072"}],"wp:featuredmedia":[{"embeddable":true,"href":"https:\/\/www.berg-freunde.ch\/blog\/wp-json\/wp\/v2\/media\/64922"}],"wp:attachment":[{"href":"https:\/\/www.berg-freunde.ch\/blog\/wp-json\/wp\/v2\/media?parent=64920"}],"wp:term":[{"taxonomy":"category","embeddable":true,"href":"https:\/\/www.berg-freunde.ch\/blog\/wp-json\/wp\/v2\/categories?post=64920"},{"taxonomy":"post_tag","embeddable":true,"href":"https:\/\/www.berg-freunde.ch\/blog\/wp-json\/wp\/v2\/tags?post=64920"},{"taxonomy":"post_folder","embeddable":true,"href":"https:\/\/www.berg-freunde.ch\/blog\/wp-json\/wp\/v2\/post_folder?post=64920"}],"curies":[{"name":"wp","href":"https:\/\/api.w.org\/{rel}","templated":true}]}}