{"id":65066,"date":"2023-04-27T11:46:03","date_gmt":"2023-04-27T09:46:03","guid":{"rendered":"https:\/\/www.bergfreunde.de\/blog\/vaude-nachhaltigkeit\/"},"modified":"2025-12-19T10:19:46","modified_gmt":"2025-12-19T09:19:46","slug":"vaude-nachhaltigkeit","status":"publish","type":"post","link":"https:\/\/www.berg-freunde.ch\/blog\/vaude-nachhaltigkeit\/","title":{"rendered":"VAUDE &#8211; Nachhaltigkeit mit Siegel"},"content":{"rendered":"\n<p>Taucht man ab in den Dschungel aus Labels, Zertifizierungen und hochtrabenden Versprechungen,&nbsp;f\u00fchlt man sich schnell verloren. Zahlreiche Hersteller sind inzwischen sehr bem\u00fcht, das Thema Nachhaltigkeit sowohl in ihrer Produktpalette als auch der gesamten Wertsch\u00f6pfungskette zu etablieren. Eine Entwicklung, die absolut zu begr\u00fc\u00dfen ist. Einige Marken sind dabei regelrecht federf\u00fchrend und bilden die Speerspitze der Nachhaltigkeitsbewegung in der Outdoor-Industrie.<\/p>\n\n\n\n<p>Eine davon ist sicherlich <a href=\"https:\/\/www.berg-freunde.ch\/marken\/vaude\/\">VAUDE<\/a>. Das deutsche Unternehmen aus Tettnang am Bodensee ist Mitglied des <a href=\"https:\/\/www.textilbuendnis.com\/\" target=\"_blank\" rel=\"noreferrer noopener nofollow\">B\u00fcndnisses f\u00fcr Nachhaltige Textilien<\/a> und hat mit Green Shape gar ein eigenes Label etabliert, nach welchem 97 %&nbsp; der firmeneigenen Produkte hergestellt werden. Die von Anfang an strengen Kriterien f\u00fcr Green Shape werden kontinuierlich weiterentwickelt und versch\u00e4rft.<\/p>\n\n\n\n<blockquote class=\"wp-block-quote has-text-align-right is-layout-flow wp-block-quote-is-layout-flow\">\n<p><strong><em>Green Shape ist der Beweis von VAUDE, dass es m\u00f6glich ist die Natur bei der Produktion von &nbsp;Outdoor-Ausr\u00fcstung nicht unn\u00f6tig zu belasten: Umweltschonend. Fair. Und funktional.<\/em><\/strong><\/p>\n<cite>&#8211; VAUDE<\/cite><\/blockquote>\n\n\n\n<p>Wir wollen an dieser Stelle somit einmal auseinanderklam\u00fcsern, was genau Green Shape ausmacht und was VAUDE sonst noch alles unternimmt, um Mensch und Umwelt zu schonen:<\/p>\n\n\n\n<h2 class=\"wp-block-heading\" id=\"h-das-green-shape-label\">Das Green-Shape-Label<\/h2>\n\n\n\n<p>Das Green-Shape-Label entstand urspr\u00fcnglich aus dem Wunsch heraus, ein einheitliches Bewertungssystem f\u00fcr \u00f6kologische Produkte einzuf\u00fchren, das auf alle Teile des <strong>Produktlebenszyklus <\/strong>abzielt und nicht nur einzelne Bereiche abdeckt. Es wird also nicht nur auf <strong>umweltfreundliche Materialien<\/strong> und eine <strong>sozialvertr\u00e4gliche Produktion<\/strong> geschaut, sondern ebenso genau auf die Recyclingf\u00e4higkeit der Produkte, auf eine leichte, schonende Pflege sowie auf eine lange Lebensdauer und Reparaturm\u00f6glichkeiten.&nbsp;<\/p>\n\n\n\n<figure class=\"wp-block-embed is-type-video is-provider-youtube wp-block-embed-youtube wp-embed-aspect-16-9 wp-has-aspect-ratio\"><div class=\"wp-block-embed__wrapper\">\n<iframe title=\"Greenshape - DE | VAUDE\" width=\"800\" height=\"450\" src=\"https:\/\/www.youtube.com\/embed\/-R7FNHPoolQ?feature=oembed\" frameborder=\"0\" allow=\"accelerometer; autoplay; clipboard-write; encrypted-media; gyroscope; picture-in-picture; web-share\" allowfullscreen><\/iframe>\n<\/div><\/figure>\n\n\n\n<h2 class=\"wp-block-heading\">Vier Grundprinzipien f\u00fcr die Vergabe des Siegels<\/h2>\n\n\n\n<p>Mit diesem Siegel sorgt VAUDE also auf den unterschiedlichen Stufen im Produktlebenszyklus f\u00fcr eine <strong>effektive Entwicklung, umwelt- und sozialbewusste Produktion<\/strong> und einen nachhaltigen Gebrauch ihrer Produkte. Sie folgen bei der Vergabe des Siegels vier Grundprinzipien:<\/p>\n\n\n<div class=\"wp-block-image is-style-rounded\">\n<figure class=\"alignright size-large is-resized\"><img fetchpriority=\"high\" decoding=\"async\" width=\"1024\" height=\"576\" src=\"https:\/\/www.bergfreunde.de\/blog\/wp-content\/uploads\/2022\/10\/Infografik_greenshape_DE-2021-ohne-Text-1024x576.jpg\" alt=\"\" class=\"wp-image-54138\" style=\"width:512px;height:288px\" srcset=\"https:\/\/www.berg-freunde.ch\/blog\/wp-content\/uploads\/2022\/10\/Infografik_greenshape_DE-2021-ohne-Text-1024x576.jpg 1024w, https:\/\/www.berg-freunde.ch\/blog\/wp-content\/uploads\/2022\/10\/Infografik_greenshape_DE-2021-ohne-Text-300x169.jpg 300w, https:\/\/www.berg-freunde.ch\/blog\/wp-content\/uploads\/2022\/10\/Infografik_greenshape_DE-2021-ohne-Text-768x432.jpg 768w, https:\/\/www.berg-freunde.ch\/blog\/wp-content\/uploads\/2022\/10\/Infografik_greenshape_DE-2021-ohne-Text-1536x864.jpg 1536w, https:\/\/www.berg-freunde.ch\/blog\/wp-content\/uploads\/2022\/10\/Infografik_greenshape_DE-2021-ohne-Text.jpg 1920w\" sizes=\"(max-width: 1024px) 100vw, 1024px\" \/><figcaption class=\"wp-element-caption\"><em>Kreislaufwirtschaft als Grundgedanke der Nachhaltigkeit<\/em><\/figcaption><\/figure>\n<\/div>\n\n\n<ol class=\"wp-block-list\">\n<li>Ein Produkt erh\u00e4lt das Green Shape Siegel nur, wenn es <strong>alle Kontrollen <\/strong>durchlaufen und bestanden hat.<\/li>\n\n\n\n<li>Das Green Shape Siegel gibt es in keiner abgestuften Version, das hei\u00dft, dass alle zertifizierten Produkte <strong>allen Anspr\u00fcchen des Siegels<\/strong> gerecht werden.<\/li>\n\n\n\n<li>Das Green Shape Siegel ist ein lebendes Konzept. Es wird stetig weiterentwickelt und um <strong>neueste umweltfreundliche Verfahren erweitert<\/strong>. Au\u00dferdem sollen die Mindestanforderungen konstant erh\u00f6ht werden.<\/li>\n\n\n\n<li>Die Standards h\u00e4ngen von der Produktgruppe ab. So werden zum Beispiel in puncto Produktpflege<strong> andere Anforderungen <\/strong>an Bekleidung gestellt als an Schuhe.<\/li>\n<\/ol>\n\n\n\n<h3 class=\"wp-block-heading\">Design<\/h3>\n\n\n<div class=\"wp-block-image\">\n<figure class=\"alignright is-resized\"><a href=\"https:\/\/www.bergfreunde.de\/blog\/wp-content\/uploads\/2021\/05\/vaude-winter-ausruestung.jpg\"><img decoding=\"async\" src=\"https:\/\/www.bergfreunde.de\/blog\/wp-content\/uploads\/2021\/05\/vaude-winter-ausruestung-300x225.jpg\" alt=\"Wanderer mit Vaude Green Shape Bekleidung\" class=\"wp-image-33505\" style=\"width:351px;height:264px\"\/><\/a><figcaption class=\"wp-element-caption\"><em>Egal ob Sommer oder Winter &#8211; alle Produkte stehen auf dem Pr\u00fcfstand.<\/em><\/figcaption><\/figure>\n<\/div>\n\n\n<p>F\u00fcr VAUDE beginnt der Zyklus eines Produkts dabei schon mit dem&nbsp;<strong>Design<\/strong>: Alle Green Shape Produkte werden so entwickelt, dass sie haltbar und reparierbar sind. So hast Du l\u00e4nger etwas von Deinem Produkt und musst nicht direkt ein Neues kaufen, wenn es eine kleinere Reparatur ben\u00f6tigt.<\/p>\n\n\n\n<h3 class=\"wp-block-heading\">Material<\/h3>\n\n\n\n<p>Der zweite Schritt ist die Auswahl des\u00a0<strong>Materials<\/strong>: Es werden nur Materialien verwendet, die nachweislich umweltschonend hergestellt wurden. Dies wird durch verschiedene Nachhaltigkeitszertifikate (z. B.\u00a0<a href=\"https:\/\/www.bergfreunde.de\/outdoor-bekleidung\/zertifizierungen--bluesign-approved\/\">bluesign<\/a>, <a href=\"https:\/\/www.bergfreunde.de\/outdoor-bekleidung\/zertifizierungen--oeko-tex-standard-100\/\">STANDARD 100 by OEKO-TEX<\/a>, etc.) sichergestellt und garantiert, dass die Materialien weder Mensch noch Umwelt belasten. Au\u00dferdem werden keine gef\u00e4hrlichen Stoffe oder Technologien verwendet, sondern auf umweltfreundliche Alternativen gesetzt.<\/p>\n\n\n\n<p>Beispielsweise sind PVC, Fluorcarbone (z.B. PTFE), chlor- und hypochlorithaltige Bleichmittel, Nanotechnologie, l\u00f6sungsmittelhaltige Drucke oder Gentechnik <strong>ausdr\u00fccklich ausgeschlossen<\/strong>.<br>Sollte es noch keine angemessene Alternative f\u00fcr umweltsch\u00e4dliche Stoffe geben, wird an dieser geforscht. <strong>VAUDE<\/strong> bedient sich also nicht nur an bereits vorhandenen umweltfreundlichen Technologien, sondern treibt selbst die Forschung aktiv voran. So wurde beispielsweise in Zusammenarbeit mit Chemielieferanten die PFC-freie Impr\u00e4gnierung &#171;<strong>Eco Finish<\/strong>&#187; entwickelt.<\/p>\n\n\n\n<p>VAUDE wendet die strengen Kriterien zudem nicht nur auf Stoffe und Textilien an, sondern auch auf Garne, Rei\u00dfverschl\u00fcsse, Kn\u00f6pfe und alles, was sonst noch zur Herstellung eines Produkts ben\u00f6tigt wird.<\/p>\n\n\n\n<p>Seit Sommer 2022 m\u00fcssen dar\u00fcber hinaus alle neu entwickelten Green Shape-Produkte <strong>\u00fcberwiegend aus biobasierten oder recycelten Materialien<\/strong> bestehen. Ab Sommer 2024 gilt dies sogar f\u00fcr alle Green Shape-Produkte. Dadurch sollen noch mehr Emissionen vermieden und die Entwicklung einer Kreislaufwirtschaft weiter vorangetrieben werden.<\/p>\n\n\n<div class=\"wp-block-image\">\n<figure class=\"alignright is-resized\"><img decoding=\"async\" src=\"https:\/\/www.bergfreunde.de\/blog\/wp-content\/uploads\/2021\/05\/vaude-simony-25l-jacket-iii-regenjacke-detail-3.jpg\" alt=\"Vaude Green Shape Zertifizierte Bekleidung\" class=\"wp-image-45276\" style=\"width:261px;height:365px\"\/><figcaption class=\"wp-element-caption\"><em>Green Shape Produkte bestehen aus umweltfreundlichen Materialien.<\/em><\/figcaption><\/figure>\n<\/div>\n\n\n<h3 class=\"wp-block-heading\">Produktion<\/h3>\n\n\n\n<p>Auch bei der&nbsp;<strong>Produktion<\/strong> wird streng darauf geachtet, dass <strong>Mensch und Umwelt<\/strong> nicht belastet werden. Die herstellenden Betriebe werden unabh\u00e4ngig auf Arbeitsbedingungen und L\u00f6hne kontrolliert. Alle Zulieferer wurden und werden intensiv in den Bereichen Umwelt-, Chemikalien- und Arbeitssicherheitsmanagement und Sozialstandards geschult. Druckverfahren sind umweltfreundlich und frei von sch\u00e4dlichen Stoffen.<br><\/p>\n\n\n\n<h3 class=\"wp-block-heading\">Reparatur &amp; Recycling<\/h3>\n\n\n\n<p>Doch mit der Produktion endet die Verantwortung von Green Shape noch nicht, denn auch wenn Du das Produkt schon gekauft hast, hilft Dir VAUDE dabei, die Lebensdauer der Produkte zu verl\u00e4ngern und die <strong>Pflege<\/strong> so <strong>umweltfreundlich<\/strong> wie m\u00f6glich zu gestalten. So lassen sich alle Produkte ohne chemische Reinigung bei niedrigen Temperaturen einfach waschen. Sollte doch einmal etwas kaputtgehen, hilft der Reparaturservice weiter.<\/p>\n\n\n\n<p>Pionierarbeit leistet VAUDE auch in puncto <strong>Recycling<\/strong>. Denn da ein Produkt nicht ewig repariert werden kann, stellt sich irgendwann das Problem der Entsorgung. VAUDE bewertet daher alle verwendeten Materialien nach ihrer Recyclingf\u00e4higkeit. Der Einsatz von schwer oder gar nicht recycelbaren Materialien, wie z.B. Elasthan, soll reduziert oder, wenn m\u00f6glich, ganz vermieden werden.<\/p>\n\n\n\n<h2 class=\"wp-block-heading\" id=\"h-vaude-gibt-sich-das-siegel-doch-selbst-ist-das-nicht-eigenlob\">Vaude gibt sich das Siegel doch selbst, ist das nicht Eigenlob? <\/h2>\n\n\n\n<p>Tats\u00e4chlich ist dieser Umstand f\u00fcr <a href=\"https:\/\/www.siegelklarheit.de\/vaude-green-shape-118\">Siegelklarheit.de<\/a> der Grund, warum das Siegel nicht in die Gr\u00fcne Kategorie kommt. Allerdings sind die <strong>Standards <\/strong>(Bluesign, Fair Wear, etc.), die f\u00fcr die Vergabe des Siegels erforderlich sind, <strong>sehr hoch<\/strong>. Sowohl die Umwelt als auch soziale Bedingungen stehen bei Green Shape im Fokus. Hier werden also viele Aspekte in einem Siegel vereint und bieten Dir als Kunde die Sicherheit, ein nachhaltiges und faires Produkt zu kaufen, dass auch nach dem Kauf noch weiter von VAUDE in Form von Reparatur oder Weiterverkauf betreut wird.<\/p>\n\n\n\n<p>Inzwischen strebt VAUDE eine <strong>externe Akkreditierung<\/strong> des <strong>Green Shape Siegels<\/strong> an, so dass die Wertigkeit und Aussagekraft des Siegels auch von unabh\u00e4ngiger Stelle best\u00e4tigt ist. Auf diese Ziel wird mit externen Partnern Beratern, Wissenschaftlern und anderen Experten hingearbeitet.<\/p>\n\n\n\n<h2 class=\"wp-block-heading\" id=\"h-ganzheitlich-nachhaltig\">Ganzheitlich Nachhaltig<\/h2>\n\n\n\n<p>Das Engagement, das VAUDE an den Tag legt, reicht weit \u00fcber<strong> Jacken, Hosen und Schuhe, Mitarbeiter und Zulieferer <\/strong>hinaus. Die Firma selbst nennt das &#171;<strong>den gr\u00fcnen Faden<\/strong>&#171;. Der Unternehmensstandort in Deutschland ist <strong>klimaneutral<\/strong>, ist mit seinen Produkten weltweit klimaneutral (die weltweiten Treibhausgas-Emissionen werden systematisch reduziert. Aktuell nicht vermeidbare Emissionen werden vollst\u00e4ndig \u00fcber &#171;myclimate&#187; durch zertifizierte Gold-Standard-Klimaschutzprojekte kompensiert), es gibt eine <strong>Bio-Kantine<\/strong> und sogar ein <strong>Kinderhaus<\/strong>. Die Produkte werden<strong> umweltfreundlich transportiert<\/strong> und mit dem hauseigenen <strong>Reparaturservice <\/strong>gibt es eine hilfreiche Adresse, an die sich Kunden wenden k\u00f6nnen, wenn doch mal ein Problem mit einem Kleidungs- oder Ausr\u00fcstungsst\u00fcck auftritt. Auf der Plattform Ebay gibt es zudem einen eigenen <strong>VAUDE-Second-Hand-Shop,<\/strong> in dem alte Produkte dargeboten werden k\u00f6nnen.<\/p>\n\n\n\n<h2 class=\"wp-block-heading\" id=\"h-starke-partner\">Starke Partner<\/h2>\n\n\n\n<p>Wie schon erw\u00e4hnt, ist VAUDE Mitglied im B\u00fcndnis f\u00fcr <strong>nachhaltige Textilien und bluesign-Systempartner<\/strong>. Dar\u00fcber hinaus sind sie Teil der <strong>Fair-Wear-Foundation<\/strong>, die einen genauen Blick auf die Produktionskette wirft und dabei hilft, soziale Standards einzuhalten. Zusammen mit der Organisation <a href=\"https:\/\/web.ecogood.org\/de\/idee-vision\/\" target=\"_blank\" rel=\"noreferrer noopener\">Gemeinwohl \u00d6konomie<\/a> erstellt VAUDE regelm\u00e4\u00dfig eine Bilanz, bei der bewertet wird, inwieweit sie dem Gemeinwohl dienen.<\/p>\n\n\n\n<p>Unter den zahlreichen Partnern findet sich ebenso der <strong>WWF<\/strong>. Hier unterst\u00fctzt VAUDE diverse Projekte, zum Beispiel die sogenannten Geisternetze &#8211; bei dem es um die Bergung von alten Fischernetzen in der Ostsee ging &#8211; und stattet WWF-Mitarbeiter mit Bekleidung sowie Ausr\u00fcstung aus. Zusammen mit der Initiative &#171;<strong>myclimate<\/strong>&#187; arbeitet man best\u00e4ndig daran, Emissionen zu reduzieren und bereits seit 2002 ist VAUDE Hauptsponsor des <strong>DAV<\/strong>.<\/p>\n\n\n\n<p><strong>Du m\u00f6chtest noch mehr erfahren?<\/strong><\/p>\n\n\n\n<p>Dann empfehlen wir Dir folgende Links:<\/p>\n\n\n\n<ul class=\"wp-block-list\">\n<li><a href=\"https:\/\/nachhaltigkeitsbericht.vaude.com\/gri\/news\/klimaneutral-ab-2022.php#:~:text=September%202021%20%E2%80%93%20Wenn%20nicht%20jetzt,unsere%20weltweiten%20Treibhausgasemissionen%20vollst%C3%A4ndig%20kompensieren.\" target=\"_blank\" rel=\"noreferrer noopener nofollow\">VAUDE seit 2022 mit allen Produkten klimaneutral<\/a><\/li>\n\n\n\n<li><a href=\"https:\/\/www.vaude.com\/de-DE\/Damen\/Beliebt-Neu\/Altreifen-Recycling\/\" target=\"_blank\" rel=\"noreferrer noopener nofollow\">VAUDE &#8211; Umweltfreundliche Damen-Bekleidung aus Altreifen-Recycling<\/a><\/li>\n\n\n\n<li><a href=\"https:\/\/www.vaude.com\/de-DE\/Unternehmen\/UEber-VAUDE\/Faire-Produktion\/\" target=\"_blank\" rel=\"noreferrer noopener nofollow\">VAUDE &#8211; faire Produktion geht auch in Asien<\/a><\/li>\n<\/ul>\n\n\n\n<figure class=\"wp-block-embed is-type-video is-provider-youtube wp-block-embed-youtube wp-embed-aspect-16-9 wp-has-aspect-ratio\"><div class=\"wp-block-embed__wrapper\">\n<iframe title=\"Nachhaltigkeitsstrategie: Der gr\u00fcne Faden | VAUDE\" width=\"800\" height=\"450\" src=\"https:\/\/www.youtube.com\/embed\/i_PlR9HGbY0?feature=oembed\" frameborder=\"0\" allow=\"accelerometer; autoplay; clipboard-write; encrypted-media; gyroscope; picture-in-picture; web-share\" allowfullscreen><\/iframe>\n<\/div><\/figure>\n\n\n\n<figure class=\"wp-block-embed is-type-video is-provider-youtube wp-block-embed-youtube wp-embed-aspect-16-9 wp-has-aspect-ratio\"><div class=\"wp-block-embed__wrapper\">\n<iframe title=\"Produktphilosophie Green Shape | VAUDE\" width=\"800\" height=\"450\" src=\"https:\/\/www.youtube.com\/embed\/mXJZsmTEbP4?feature=oembed\" frameborder=\"0\" allow=\"accelerometer; autoplay; clipboard-write; encrypted-media; gyroscope; picture-in-picture; web-share\" allowfullscreen><\/iframe>\n<\/div><\/figure>\n","protected":false},"excerpt":{"rendered":"<p>Taucht man ab in den Dschungel aus Labels, Zertifizierungen und hochtrabenden Versprechungen,&nbsp;f\u00fchlt man sich schnell verloren. Zahlreiche Hersteller sind inzwischen sehr bem\u00fcht, das Thema Nachhaltigkeit sowohl in ihrer Produktpalette als auch der gesamten Wertsch\u00f6pfungskette zu etablieren. Eine Entwicklung, die absolut zu begr\u00fc\u00dfen ist. Einige Marken sind dabei regelrecht federf\u00fchrend und bilden die Speerspitze der Nachhaltigkeitsbewegung [&hellip;]<\/p>\n","protected":false},"author":5,"featured_media":65068,"comment_status":"open","ping_status":"closed","sticky":false,"template":"","format":"standard","meta":{"_acf_changed":false,"footnotes":""},"categories":[280],"tags":[274],"post_folder":[],"class_list":["post-65066","post","type-post","status-publish","format-standard","has-post-thumbnail","hentry","category-hersteller-marken","tag-nachhaltig-leben"],"acf":[],"yoast_head":"<!-- This site is optimized with the Yoast SEO Premium plugin v27.4 (Yoast SEO v27.4) - https:\/\/yoast.com\/product\/yoast-seo-premium-wordpress\/ -->\n<title>VAUDE im Nachhaltigkeits-Check: Green Shape &amp; gr\u00fcner Faden<\/title>\n<meta name=\"description\" content=\"Taucht man ab in den Dschungel aus Labels, Zertifizierungen und hochtrabenden Versprechungen,&nbsp;f\u00fchlt man sich schnell verloren. Zahlreiche Hersteller\" \/>\n<meta name=\"robots\" content=\"index, follow, max-snippet:-1, max-image-preview:large, max-video-preview:-1\" \/>\n<link rel=\"canonical\" href=\"https:\/\/www.berg-freunde.ch\/blog\/vaude-nachhaltigkeit\/\" \/>\n<meta property=\"og:locale\" content=\"de_DE\" \/>\n<meta property=\"og:type\" content=\"article\" \/>\n<meta property=\"og:title\" content=\"VAUDE - Nachhaltigkeit mit Siegel\" \/>\n<meta property=\"og:description\" content=\"Taucht man ab in den Dschungel aus Labels, Zertifizierungen und hochtrabenden Versprechungen,&nbsp;f\u00fchlt man sich schnell verloren. Zahlreiche Hersteller\" \/>\n<meta property=\"og:url\" content=\"https:\/\/www.berg-freunde.ch\/blog\/vaude-nachhaltigkeit\/\" \/>\n<meta property=\"og:site_name\" content=\"Bergfreunde\" \/>\n<meta property=\"article:publisher\" content=\"https:\/\/www.facebook.com\/bergfreunde\" \/>\n<meta property=\"article:published_time\" content=\"2023-04-27T09:46:03+00:00\" \/>\n<meta property=\"article:modified_time\" content=\"2025-12-19T09:19:46+00:00\" \/>\n<meta property=\"og:image\" content=\"https:\/\/www.berg-freunde.ch\/blog\/wp-content\/uploads\/2022\/08\/S18_29A0940_VAUDE_Attenberger_r-2-1.jpg\" \/>\n\t<meta property=\"og:image:width\" content=\"812\" \/>\n\t<meta property=\"og:image:height\" content=\"359\" \/>\n\t<meta property=\"og:image:type\" content=\"image\/jpeg\" \/>\n<meta name=\"author\" content=\"J\u00f6rn\" \/>\n<meta name=\"twitter:card\" content=\"summary_large_image\" \/>\n<meta name=\"twitter:label1\" content=\"Geschrieben von\" \/>\n\t<meta name=\"twitter:data1\" content=\"J\u00f6rn\" \/>\n\t<meta name=\"twitter:label2\" content=\"Gesch\u00e4tzte Lesezeit\" \/>\n\t<meta name=\"twitter:data2\" content=\"6\u00a0Minuten\" \/>\n<script type=\"application\/ld+json\" class=\"yoast-schema-graph\">{\"@context\":\"https:\\\/\\\/schema.org\",\"@graph\":[{\"@type\":[\"Article\",\"BlogPosting\"],\"@id\":\"https:\\\/\\\/www.berg-freunde.ch\\\/blog\\\/vaude-nachhaltigkeit\\\/#article\",\"isPartOf\":{\"@id\":\"https:\\\/\\\/www.berg-freunde.ch\\\/blog\\\/vaude-nachhaltigkeit\\\/\"},\"author\":{\"name\":\"J\u00f6rn\",\"@id\":\"https:\\\/\\\/www.berg-freunde.ch\\\/blog\\\/#\\\/schema\\\/person\\\/be38ad9c835eeb98cbda6973f0e625df\"},\"headline\":\"VAUDE &#8211; Nachhaltigkeit mit Siegel\",\"datePublished\":\"2023-04-27T09:46:03+00:00\",\"dateModified\":\"2025-12-19T09:19:46+00:00\",\"mainEntityOfPage\":{\"@id\":\"https:\\\/\\\/www.berg-freunde.ch\\\/blog\\\/vaude-nachhaltigkeit\\\/\"},\"wordCount\":1285,\"commentCount\":2,\"publisher\":{\"@id\":\"https:\\\/\\\/www.berg-freunde.ch\\\/blog\\\/#organization\"},\"image\":{\"@id\":\"https:\\\/\\\/www.berg-freunde.ch\\\/blog\\\/vaude-nachhaltigkeit\\\/#primaryimage\"},\"thumbnailUrl\":\"https:\\\/\\\/www.berg-freunde.ch\\\/blog\\\/wp-content\\\/uploads\\\/2022\\\/08\\\/S18_29A0940_VAUDE_Attenberger_r-2-1.jpg\",\"keywords\":[\"Nachhaltig leben\"],\"articleSection\":[\"Hersteller &amp; Marken\"],\"inLanguage\":\"de-CH\",\"potentialAction\":[{\"@type\":\"CommentAction\",\"name\":\"Comment\",\"target\":[\"https:\\\/\\\/www.berg-freunde.ch\\\/blog\\\/vaude-nachhaltigkeit\\\/#respond\"]}]},{\"@type\":\"WebPage\",\"@id\":\"https:\\\/\\\/www.berg-freunde.ch\\\/blog\\\/vaude-nachhaltigkeit\\\/\",\"url\":\"https:\\\/\\\/www.berg-freunde.ch\\\/blog\\\/vaude-nachhaltigkeit\\\/\",\"name\":\"VAUDE im Nachhaltigkeits-Check: Green Shape & gr\u00fcner Faden\",\"isPartOf\":{\"@id\":\"https:\\\/\\\/www.berg-freunde.ch\\\/blog\\\/#website\"},\"primaryImageOfPage\":{\"@id\":\"https:\\\/\\\/www.berg-freunde.ch\\\/blog\\\/vaude-nachhaltigkeit\\\/#primaryimage\"},\"image\":{\"@id\":\"https:\\\/\\\/www.berg-freunde.ch\\\/blog\\\/vaude-nachhaltigkeit\\\/#primaryimage\"},\"thumbnailUrl\":\"https:\\\/\\\/www.berg-freunde.ch\\\/blog\\\/wp-content\\\/uploads\\\/2022\\\/08\\\/S18_29A0940_VAUDE_Attenberger_r-2-1.jpg\",\"datePublished\":\"2023-04-27T09:46:03+00:00\",\"dateModified\":\"2025-12-19T09:19:46+00:00\",\"description\":\"Taucht man ab in den Dschungel aus Labels, Zertifizierungen und hochtrabenden Versprechungen,&nbsp;f\u00fchlt man sich schnell verloren. Zahlreiche Hersteller\",\"breadcrumb\":{\"@id\":\"https:\\\/\\\/www.berg-freunde.ch\\\/blog\\\/vaude-nachhaltigkeit\\\/#breadcrumb\"},\"inLanguage\":\"de-CH\",\"potentialAction\":[{\"@type\":\"ReadAction\",\"target\":[\"https:\\\/\\\/www.berg-freunde.ch\\\/blog\\\/vaude-nachhaltigkeit\\\/\"]}]},{\"@type\":\"ImageObject\",\"inLanguage\":\"de-CH\",\"@id\":\"https:\\\/\\\/www.berg-freunde.ch\\\/blog\\\/vaude-nachhaltigkeit\\\/#primaryimage\",\"url\":\"https:\\\/\\\/www.berg-freunde.ch\\\/blog\\\/wp-content\\\/uploads\\\/2022\\\/08\\\/S18_29A0940_VAUDE_Attenberger_r-2-1.jpg\",\"contentUrl\":\"https:\\\/\\\/www.berg-freunde.ch\\\/blog\\\/wp-content\\\/uploads\\\/2022\\\/08\\\/S18_29A0940_VAUDE_Attenberger_r-2-1.jpg\",\"width\":812,\"height\":359},{\"@type\":\"BreadcrumbList\",\"@id\":\"https:\\\/\\\/www.berg-freunde.ch\\\/blog\\\/vaude-nachhaltigkeit\\\/#breadcrumb\",\"itemListElement\":[{\"@type\":\"ListItem\",\"position\":1,\"name\":\"Blog\",\"item\":\"https:\\\/\\\/www.berg-freunde.ch\\\/blog\\\/\"},{\"@type\":\"ListItem\",\"position\":2,\"name\":\"Beratung\",\"item\":\"https:\\\/\\\/www.berg-freunde.ch\\\/blog\\\/category\\\/beratung\\\/\"},{\"@type\":\"ListItem\",\"position\":3,\"name\":\"Hersteller &amp; Marken\",\"item\":\"https:\\\/\\\/www.berg-freunde.ch\\\/blog\\\/category\\\/beratung\\\/hersteller-marken\\\/\"},{\"@type\":\"ListItem\",\"position\":4,\"name\":\"VAUDE &#8211; Nachhaltigkeit mit Siegel\"}]},{\"@type\":\"WebSite\",\"@id\":\"https:\\\/\\\/www.berg-freunde.ch\\\/blog\\\/#website\",\"url\":\"https:\\\/\\\/www.berg-freunde.ch\\\/blog\\\/\",\"name\":\"Bergfreunde\",\"description\":\"Blog\",\"publisher\":{\"@id\":\"https:\\\/\\\/www.berg-freunde.ch\\\/blog\\\/#organization\"},\"potentialAction\":[{\"@type\":\"SearchAction\",\"target\":{\"@type\":\"EntryPoint\",\"urlTemplate\":\"https:\\\/\\\/www.berg-freunde.ch\\\/blog\\\/?s={search_term_string}\"},\"query-input\":{\"@type\":\"PropertyValueSpecification\",\"valueRequired\":true,\"valueName\":\"search_term_string\"}}],\"inLanguage\":\"de-CH\"},{\"@type\":\"Organization\",\"@id\":\"https:\\\/\\\/www.berg-freunde.ch\\\/blog\\\/#organization\",\"name\":\"Bergfreunde\",\"url\":\"https:\\\/\\\/www.berg-freunde.ch\\\/blog\\\/\",\"logo\":{\"@type\":\"ImageObject\",\"inLanguage\":\"de-CH\",\"@id\":\"https:\\\/\\\/www.berg-freunde.ch\\\/blog\\\/#\\\/schema\\\/logo\\\/image\\\/\",\"url\":\"https:\\\/\\\/www.berg-freunde.ch\\\/blog\\\/wp-content\\\/uploads\\\/2023\\\/12\\\/Bergfreunde_DE_rgb.svg\",\"contentUrl\":\"https:\\\/\\\/www.berg-freunde.ch\\\/blog\\\/wp-content\\\/uploads\\\/2023\\\/12\\\/Bergfreunde_DE_rgb.svg\",\"caption\":\"Bergfreunde\"},\"image\":{\"@id\":\"https:\\\/\\\/www.berg-freunde.ch\\\/blog\\\/#\\\/schema\\\/logo\\\/image\\\/\"},\"sameAs\":[\"https:\\\/\\\/www.facebook.com\\\/bergfreunde\",\"https:\\\/\\\/www.instagram.com\\\/bergfreundede\\\/\"]},{\"@type\":\"Person\",\"@id\":\"https:\\\/\\\/www.berg-freunde.ch\\\/blog\\\/#\\\/schema\\\/person\\\/be38ad9c835eeb98cbda6973f0e625df\",\"name\":\"J\u00f6rn\",\"url\":\"https:\\\/\\\/www.berg-freunde.ch\\\/blog\\\/about\\\/joern-perschbacher\\\/\"}]}<\/script>\n<!-- \/ Yoast SEO Premium plugin. -->","yoast_head_json":{"title":"VAUDE im Nachhaltigkeits-Check: Green Shape & gr\u00fcner Faden","description":"Taucht man ab in den Dschungel aus Labels, Zertifizierungen und hochtrabenden Versprechungen,&nbsp;f\u00fchlt man sich schnell verloren. Zahlreiche Hersteller","robots":{"index":"index","follow":"follow","max-snippet":"max-snippet:-1","max-image-preview":"max-image-preview:large","max-video-preview":"max-video-preview:-1"},"canonical":"https:\/\/www.berg-freunde.ch\/blog\/vaude-nachhaltigkeit\/","og_locale":"de_DE","og_type":"article","og_title":"VAUDE - Nachhaltigkeit mit Siegel","og_description":"Taucht man ab in den Dschungel aus Labels, Zertifizierungen und hochtrabenden Versprechungen,&nbsp;f\u00fchlt man sich schnell verloren. Zahlreiche Hersteller","og_url":"https:\/\/www.berg-freunde.ch\/blog\/vaude-nachhaltigkeit\/","og_site_name":"Bergfreunde","article_publisher":"https:\/\/www.facebook.com\/bergfreunde","article_published_time":"2023-04-27T09:46:03+00:00","article_modified_time":"2025-12-19T09:19:46+00:00","og_image":[{"width":812,"height":359,"url":"https:\/\/www.berg-freunde.ch\/blog\/wp-content\/uploads\/2022\/08\/S18_29A0940_VAUDE_Attenberger_r-2-1.jpg","type":"image\/jpeg"}],"author":"J\u00f6rn","twitter_card":"summary_large_image","twitter_misc":{"Geschrieben von":"J\u00f6rn","Gesch\u00e4tzte Lesezeit":"6\u00a0Minuten"},"schema":{"@context":"https:\/\/schema.org","@graph":[{"@type":["Article","BlogPosting"],"@id":"https:\/\/www.berg-freunde.ch\/blog\/vaude-nachhaltigkeit\/#article","isPartOf":{"@id":"https:\/\/www.berg-freunde.ch\/blog\/vaude-nachhaltigkeit\/"},"author":{"name":"J\u00f6rn","@id":"https:\/\/www.berg-freunde.ch\/blog\/#\/schema\/person\/be38ad9c835eeb98cbda6973f0e625df"},"headline":"VAUDE &#8211; Nachhaltigkeit mit Siegel","datePublished":"2023-04-27T09:46:03+00:00","dateModified":"2025-12-19T09:19:46+00:00","mainEntityOfPage":{"@id":"https:\/\/www.berg-freunde.ch\/blog\/vaude-nachhaltigkeit\/"},"wordCount":1285,"commentCount":2,"publisher":{"@id":"https:\/\/www.berg-freunde.ch\/blog\/#organization"},"image":{"@id":"https:\/\/www.berg-freunde.ch\/blog\/vaude-nachhaltigkeit\/#primaryimage"},"thumbnailUrl":"https:\/\/www.berg-freunde.ch\/blog\/wp-content\/uploads\/2022\/08\/S18_29A0940_VAUDE_Attenberger_r-2-1.jpg","keywords":["Nachhaltig leben"],"articleSection":["Hersteller &amp; Marken"],"inLanguage":"de-CH","potentialAction":[{"@type":"CommentAction","name":"Comment","target":["https:\/\/www.berg-freunde.ch\/blog\/vaude-nachhaltigkeit\/#respond"]}]},{"@type":"WebPage","@id":"https:\/\/www.berg-freunde.ch\/blog\/vaude-nachhaltigkeit\/","url":"https:\/\/www.berg-freunde.ch\/blog\/vaude-nachhaltigkeit\/","name":"VAUDE im Nachhaltigkeits-Check: Green Shape & gr\u00fcner Faden","isPartOf":{"@id":"https:\/\/www.berg-freunde.ch\/blog\/#website"},"primaryImageOfPage":{"@id":"https:\/\/www.berg-freunde.ch\/blog\/vaude-nachhaltigkeit\/#primaryimage"},"image":{"@id":"https:\/\/www.berg-freunde.ch\/blog\/vaude-nachhaltigkeit\/#primaryimage"},"thumbnailUrl":"https:\/\/www.berg-freunde.ch\/blog\/wp-content\/uploads\/2022\/08\/S18_29A0940_VAUDE_Attenberger_r-2-1.jpg","datePublished":"2023-04-27T09:46:03+00:00","dateModified":"2025-12-19T09:19:46+00:00","description":"Taucht man ab in den Dschungel aus Labels, Zertifizierungen und hochtrabenden Versprechungen,&nbsp;f\u00fchlt man sich schnell verloren. Zahlreiche Hersteller","breadcrumb":{"@id":"https:\/\/www.berg-freunde.ch\/blog\/vaude-nachhaltigkeit\/#breadcrumb"},"inLanguage":"de-CH","potentialAction":[{"@type":"ReadAction","target":["https:\/\/www.berg-freunde.ch\/blog\/vaude-nachhaltigkeit\/"]}]},{"@type":"ImageObject","inLanguage":"de-CH","@id":"https:\/\/www.berg-freunde.ch\/blog\/vaude-nachhaltigkeit\/#primaryimage","url":"https:\/\/www.berg-freunde.ch\/blog\/wp-content\/uploads\/2022\/08\/S18_29A0940_VAUDE_Attenberger_r-2-1.jpg","contentUrl":"https:\/\/www.berg-freunde.ch\/blog\/wp-content\/uploads\/2022\/08\/S18_29A0940_VAUDE_Attenberger_r-2-1.jpg","width":812,"height":359},{"@type":"BreadcrumbList","@id":"https:\/\/www.berg-freunde.ch\/blog\/vaude-nachhaltigkeit\/#breadcrumb","itemListElement":[{"@type":"ListItem","position":1,"name":"Blog","item":"https:\/\/www.berg-freunde.ch\/blog\/"},{"@type":"ListItem","position":2,"name":"Beratung","item":"https:\/\/www.berg-freunde.ch\/blog\/category\/beratung\/"},{"@type":"ListItem","position":3,"name":"Hersteller &amp; Marken","item":"https:\/\/www.berg-freunde.ch\/blog\/category\/beratung\/hersteller-marken\/"},{"@type":"ListItem","position":4,"name":"VAUDE &#8211; Nachhaltigkeit mit Siegel"}]},{"@type":"WebSite","@id":"https:\/\/www.berg-freunde.ch\/blog\/#website","url":"https:\/\/www.berg-freunde.ch\/blog\/","name":"Bergfreunde","description":"Blog","publisher":{"@id":"https:\/\/www.berg-freunde.ch\/blog\/#organization"},"potentialAction":[{"@type":"SearchAction","target":{"@type":"EntryPoint","urlTemplate":"https:\/\/www.berg-freunde.ch\/blog\/?s={search_term_string}"},"query-input":{"@type":"PropertyValueSpecification","valueRequired":true,"valueName":"search_term_string"}}],"inLanguage":"de-CH"},{"@type":"Organization","@id":"https:\/\/www.berg-freunde.ch\/blog\/#organization","name":"Bergfreunde","url":"https:\/\/www.berg-freunde.ch\/blog\/","logo":{"@type":"ImageObject","inLanguage":"de-CH","@id":"https:\/\/www.berg-freunde.ch\/blog\/#\/schema\/logo\/image\/","url":"https:\/\/www.berg-freunde.ch\/blog\/wp-content\/uploads\/2023\/12\/Bergfreunde_DE_rgb.svg","contentUrl":"https:\/\/www.berg-freunde.ch\/blog\/wp-content\/uploads\/2023\/12\/Bergfreunde_DE_rgb.svg","caption":"Bergfreunde"},"image":{"@id":"https:\/\/www.berg-freunde.ch\/blog\/#\/schema\/logo\/image\/"},"sameAs":["https:\/\/www.facebook.com\/bergfreunde","https:\/\/www.instagram.com\/bergfreundede\/"]},{"@type":"Person","@id":"https:\/\/www.berg-freunde.ch\/blog\/#\/schema\/person\/be38ad9c835eeb98cbda6973f0e625df","name":"J\u00f6rn","url":"https:\/\/www.berg-freunde.ch\/blog\/about\/joern-perschbacher\/"}]}},"_links":{"self":[{"href":"https:\/\/www.berg-freunde.ch\/blog\/wp-json\/wp\/v2\/posts\/65066","targetHints":{"allow":["GET"]}}],"collection":[{"href":"https:\/\/www.berg-freunde.ch\/blog\/wp-json\/wp\/v2\/posts"}],"about":[{"href":"https:\/\/www.berg-freunde.ch\/blog\/wp-json\/wp\/v2\/types\/post"}],"author":[{"embeddable":true,"href":"https:\/\/www.berg-freunde.ch\/blog\/wp-json\/wp\/v2\/users\/5"}],"replies":[{"embeddable":true,"href":"https:\/\/www.berg-freunde.ch\/blog\/wp-json\/wp\/v2\/comments?post=65066"}],"version-history":[{"count":1,"href":"https:\/\/www.berg-freunde.ch\/blog\/wp-json\/wp\/v2\/posts\/65066\/revisions"}],"predecessor-version":[{"id":129386,"href":"https:\/\/www.berg-freunde.ch\/blog\/wp-json\/wp\/v2\/posts\/65066\/revisions\/129386"}],"wp:featuredmedia":[{"embeddable":true,"href":"https:\/\/www.berg-freunde.ch\/blog\/wp-json\/wp\/v2\/media\/65068"}],"wp:attachment":[{"href":"https:\/\/www.berg-freunde.ch\/blog\/wp-json\/wp\/v2\/media?parent=65066"}],"wp:term":[{"taxonomy":"category","embeddable":true,"href":"https:\/\/www.berg-freunde.ch\/blog\/wp-json\/wp\/v2\/categories?post=65066"},{"taxonomy":"post_tag","embeddable":true,"href":"https:\/\/www.berg-freunde.ch\/blog\/wp-json\/wp\/v2\/tags?post=65066"},{"taxonomy":"post_folder","embeddable":true,"href":"https:\/\/www.berg-freunde.ch\/blog\/wp-json\/wp\/v2\/post_folder?post=65066"}],"curies":[{"name":"wp","href":"https:\/\/api.w.org\/{rel}","templated":true}]}}