{"id":65542,"date":"2022-06-19T10:00:00","date_gmt":"2022-06-19T08:00:00","guid":{"rendered":"https:\/\/www.bergfreunde.de\/blog\/kaufberatung-quilt\/"},"modified":"2022-06-19T10:00:00","modified_gmt":"2022-06-19T08:00:00","slug":"kaufberatung-quilt","status":"publish","type":"post","link":"https:\/\/www.berg-freunde.ch\/blog\/kaufberatung-quilt\/","title":{"rendered":"Weit mehr als eine Daunendecke &#8211; von den Vorz\u00fcgen eines Quilts"},"content":{"rendered":"\n<p>Ihr wollt auf Eurer n\u00e4chsten Trekkingtour einmal wirklich aufs Gewicht achten und wisst nicht so richtig, womit ihr beim Grammjagen anfangen sollt? Dann k\u00f6nnte dieser Beitrag vielleicht Abhilfe schaffen. Die schwersten Ausr\u00fcstungsgegenst\u00e4nde stammen immer aus den so genannten <a href=\"https:\/\/www.bergfreunde.de\/blog\/ultraleicht-wandern-tipps-tricks\/\" target=\"_blank\" rel=\"noopener\">gro\u00dfen Drei<\/a>: also <a href=\"https:\/\/www.bergfreunde.de\/schlafsaecke\/\">Schlafsack<\/a>, <a href=\"https:\/\/www.bergfreunde.de\/rucksaecke\/\">Rucksack<\/a> und <a href=\"https:\/\/www.bergfreunde.de\/zelte\/\">Zelt<\/a>.<\/p>\n\n\n\n<p>Ein vern\u00fcnftiger <strong>Drei-Jahreszeiten-Schlafsack<\/strong> bringt in der Regel mindestens 700-800 Gramm auf die Waage, eher mehr. Dieses Gewicht k\u00f6nnt ihr reduzieren, wenn ihr statt auf einen \u201eklassischen\u201c Schlafsack auf einen <strong>Quilt<\/strong> setzt. Der Quilt schafft es, die 3-Jahreszeiten-Temperaturen mit 400-500 Gramm, also gut&nbsp;der H\u00e4lfte des Gewichts eines Schlafsackes abzudecken.<\/p>\n\n\n\n<h2 class=\"wp-block-heading\" id=\"h-was-ist-ein-quilt\"><strong>Was ist ein Quilt?<\/strong><\/h2>\n\n\n<div class=\"wp-block-image\">\n<figure class=\"alignright size-large is-resized\"><a href=\"https:\/\/www.bergfreunde.de\/blog\/wp-content\/uploads\/2021\/05\/Quilt-Ausschnitt.jpg\"><img decoding=\"async\" src=\"https:\/\/www.bergfreunde.de\/blog\/wp-content\/uploads\/2021\/05\/Quilt-Ausschnitt.jpg\" alt=\"Ein Ausschnitt eines Quilts der Marke Exped.\" width=\"350\"\/><\/a><figcaption class=\"wp-element-caption\">Ein Ausschnitt eines Quilts &#8211; ein Schlafsack in Form einer Decke.<\/figcaption><\/figure>\n<\/div>\n\n\n<p>Ein Quilt ist quasi ein Schlafsack, dem allerdings ein Teil seiner <strong>F\u00fcllung<\/strong> fehlt. Zudem hat ein Quilt keinen Rei\u00dfverschluss, sondern einen <strong>Kordelzug<\/strong> als Verschlu\u00dfmechanismus. Beides sind die Voraussetzungen daf\u00fcr, dass der Quilt in einem \u00e4hnlichen Temperaturbereich leichter ist als ein Schlafsack. Neben dem Gewicht sorgt die geringere F\u00fcllmenge des Quilts f\u00fcr ein sehr geringes Packma\u00df \u2013 ein weiterer Vorzug f\u00fcr den gewichtsorientierten Wanderer.<\/p>\n\n\n\n<p>Nun wird nat\u00fcrlich schnell die Frage auftauchen, ob die geringere F\u00fcllmenge nicht auch f\u00fcr eine geringere <strong>W\u00e4rmeleistung<\/strong> des Quilts sorgt. Die Antwort lautet nein. Da ein Schlafsack quasi rundum mit F\u00fcllmaterial (Kunstfaser oder Daune) versehen ist, kommt man nicht umhin, auf einem Teil der w\u00e4rmeisolierenden F\u00fcllung zu liegen. Dadurch komprimiert man die F\u00fcllung mit seinem K\u00f6rpergewicht und sorgt (insbesondere bei Daunen) daf\u00fcr, dass die w\u00e4rmeisolierende Eigenschaft vollst\u00e4ndig verloren geht. Das hei\u00dft, die W\u00e4rme in diesem Teil des Schlafsacks kommt nicht von dem Schlafsack selber, sondern von der entsprechenden <strong><a href=\"https:\/\/www.berg-freunde.ch\/isomatten\/\">Isomatte<\/a><\/strong>, die die Bildung einer K\u00e4ltebr\u00fccke verhindert. Aus diesem Grund ist die fehlende F\u00fcllung eines Quilt kein Nachteil, wenn es um die W\u00e4rmeleistung in einem bestimmten Temperaturbereich geht.<\/p>\n\n\n\n<p>Auch die <strong>fehlende Kapuze<\/strong> kann ganz einfach durch die Kapuze der <a href=\"https:\/\/www.berg-freunde.ch\/daunenjacken\/\">Daunenjacke<\/a> oder den Einsatz einer M\u00fctze \u00fcberbr\u00fcckt werden.<\/p>\n\n\n\n<h2 class=\"wp-block-heading\" id=\"h-einsatzbereiche-dieses-schlafsacks\"><strong>Einsatzbereiche <\/strong>dieses Schlafsacks<\/h2>\n\n\n<div class=\"wp-block-image\">\n<figure class=\"alignleft size-large is-resized\"><a href=\"https:\/\/www.bergfreunde.de\/blog\/wp-content\/uploads\/2021\/05\/Quilt-Gepaeck.jpg\"><img decoding=\"async\" src=\"https:\/\/www.bergfreunde.de\/blog\/wp-content\/uploads\/2021\/05\/Quilt-Gepaeck.jpg\" alt=\"Eine Person packt das Tourengep\u00e4ck zusammen.\" width=\"350\"\/><\/a><figcaption class=\"wp-element-caption\">Mit einem Quilt im Gep\u00e4ck wird alles leichter!<\/figcaption><\/figure>\n<\/div>\n\n\n<p>Ein weiterer Vorteil eines Quilts gegen\u00fcber einem herk\u00f6mmlichen Schlafsack liegt in dessen <strong>Flexibilit\u00e4t<\/strong>. Der Kordelzug l\u00e4sst sich sehr viel besser regulieren als ein Rei\u00dfverschluss. Durch diesen Kordelzug kann der Quilt in w\u00e4rmeren Bedingungen im Handumdrehen zu einer Decke umfunktioniert werden. So kommt ihr nicht in die Verlegenheit, bei w\u00e4rmeren Temperaturbedingungen euren Schlafsack mit Schwei\u00df zu tr\u00e4nken und in k\u00e4lteren N\u00e4chten frieren zu m\u00fcssen. Diese Eigenschaft sorgt auch ganz generell f\u00fcr eine bessere <strong>Ventilation<\/strong> als man es in einem geschlossenen Schlafsack h\u00e4tte.<\/p>\n\n\n\n<p>Was sind also klassische Einsatzbereiche f\u00fcr einen Quilt?<strong> L\u00e4ngere Touren<\/strong>, die einen durch unterschiedliche Temperaturbereiche f\u00fchren sind ein Beispiel. Seien es die gro\u00dfen amerikanischen Trails wie der Pacific Crest, Appalachian Trail oder der El Camino und andere europ\u00e4ische Fernwanderwege, hier werdet ihr mit <strong>verschiedenen Bedingungen<\/strong> konfrontiert, aber habt kaum die M\u00f6glichkeit, eure Ausr\u00fcstung anzupassen. Genau deshalb eignet sich der Quilt f\u00fcr diese Touren. Aber auch f\u00fcr <strong>kleinere Touren<\/strong>, die sich in einem Temperaturbereich bis knapp unter den Gefrierpunkt abspielen eignen sich Quilts sehr gut.<\/p>\n\n\n\n<h2 class=\"wp-block-heading\" id=\"h-den-richtigen-finden\">Den Richtigen finden<\/h2>\n\n\n\n<p>Bevor ihr den f\u00fcr euch geeigneten Quilt aussucht, ist es wichtig zu beachten, dass zu diesem eine entsprechende <strong>3-Jahreszeiten Isomatte<\/strong> geh\u00f6rt, die einen R-Wert von mindestens drei haben sollte. An der Isomatte kann der Quilt dann auch mit Hilfe des Kordelzuges befestigt werden, um eine optimale Nutzung der W\u00e4rmeleistung zu garantieren.<\/p>\n\n\n<div class=\"wp-block-image\">\n<figure class=\"alignright size-large is-resized\"><a href=\"https:\/\/www.bergfreunde.de\/blog\/wp-content\/uploads\/2021\/05\/Quilt.jpg\"><img decoding=\"async\" src=\"https:\/\/www.bergfreunde.de\/blog\/wp-content\/uploads\/2021\/05\/Quilt.jpg\" alt=\"Eine Person ist in einen Schlafsack eingewickelt.\" width=\"350\"\/><\/a><figcaption class=\"wp-element-caption\">Auf fast jeder Tour: rundum gl\u00fccklich mit dem Quilt.<\/figcaption><\/figure>\n<\/div>\n\n\n<p>Jetzt kann es losgehen mit der Quiltauswahl. Sehr gute und vor allem extrem leichte Quilts macht der amerikanische Schlafsackspezialist <a href=\"https:\/\/www.bergfreunde.de\/marken\/western-mountaineering\/\" target=\"_blank\" rel=\"noopener\">Western Mountaineering<\/a>.&nbsp;Aufgrund der Nutzung sehr hochwertiger Daunen mit 850 cuin Bauschkraft ist dieser Hersteller immer einen Blick wert.<\/p>\n\n\n\n<p>Ein Modell wie die <a href=\"https:\/\/www.bergfreunde.de\/western-mountaineering-nanolite-daunenschlafsack\/\" target=\"_blank\" rel=\"noopener\">Nanolite Daunendecke<\/a> von just genanntem Hersteller ist f\u00fcr den Einsatz bis knapp unter den Gefrierpunkt gemacht und bringt dabei gerade einmal 360 Gramm auf die Waage. Bis ungef\u00e4hr&nbsp;minus f\u00fcnf Grad k\u00f6nnt ihr euch mit der Western Mountaineering <a href=\"https:\/\/www.bergfreunde.de\/western-mountaineering-astralite-daunenschlafsack\/\" target=\"_blank\" rel=\"noopener\">Australite Daunendecke<\/a> warmhalten. Mit einem Gewicht von 480 Gramm ist diese nur schwer zu unterbieten.<\/p>\n\n\n\n<h2 class=\"wp-block-heading\" id=\"h-quilts-im-winter\"><strong>Quilts im Winter<\/strong><\/h2>\n\n\n\n<p>Kommen wir nun noch zu den <strong>Einschr\u00e4nkungen<\/strong>. Diese Schlafsackvariante ist nicht daf\u00fcr geeignet, unter <strong>dauerhaft kalten Bedingungen<\/strong> genutzt zu werden. Der oben genannte Temperaturbereich ist das Maximum dessen, was aus einem ihm herausgeholt werden kann. Und ihr werdet entsprechend auch nur 3-Jahreszeiten-Quilts f\u00fcr Fr\u00fchjahr, Sommer und Herbst finden. Zwar k\u00f6nnt ihr durch die Nutzung einer <strong>Winterisomatte<\/strong> den Bereich noch etwas dehnen, aber f\u00fcr dauerhaften Wintereinsatz ist ein Quilt schlicht nicht gemacht.<\/p>\n\n\n\n<p>Da ein Schlafsack ja generell nichts anderes macht, als die eigene K\u00f6rperw\u00e4rme durch das entsprechende F\u00fcllmaterial zu isolieren und zu speichern, ist es unter kalten Bedingungen wichtig, den Raum m\u00f6glichst klein und geschlossen zu halten. Dies kann ein Quilt wiederum nicht in der gleichen Form wie ein Schlafsack leisten.<\/p>\n\n\n\n<h2 class=\"wp-block-heading\" id=\"h-fazit\"><strong>Fazit<\/strong><\/h2>\n\n\n\n<p>Lange Rede kurzer Sinn: wenn ihr Touren plant, die euch in unterschiedliche Temperaturbereiche f\u00fchren, aber nicht durch tiefe Minustemperaturen charakterisiert sind, ist einer der besten Wege, Gewicht bei eurer Ausr\u00fcstung einzusparen, die Nutzung eines Quilts. Diese Schlafsackvariante schafft es durch das Weglassen von normalerweise nutzlosem F\u00fcllmaterial wertvolle Gramm einzusparen. Zudem erm\u00f6glicht diese Konstruktionsweise in der Nutzung eine sehr hohe Flexibilit\u00e4t. Ihr werdet in warmen Sommern\u00e4chten nicht <a href=\"https:\/\/www.berg-freunde.ch\/schwitzrate-sport-rechner\/\">schwitzen<\/a> und unter k\u00e4lteren Bedingungen trotzdem nicht frieren \u2013 was will man mehr?<\/p>\n\n\n\n<div class=\"wp-block-buttons is-layout-flex wp-block-buttons-is-layout-flex\">\n<div class=\"wp-block-button\"><a class=\"wp-block-button__link wp-element-button\" href=\"https:\/\/www.bergfreunde.de\/decken\/form--quilt\/\">Quilt kaufen<\/a><\/div>\n<\/div>\n","protected":false},"excerpt":{"rendered":"<p>Ihr wollt auf Eurer n\u00e4chsten Trekkingtour einmal wirklich aufs Gewicht achten und wisst nicht so richtig, womit ihr beim Grammjagen anfangen sollt? Dann k\u00f6nnte dieser Beitrag vielleicht Abhilfe schaffen. Die schwersten Ausr\u00fcstungsgegenst\u00e4nde stammen immer aus den so genannten gro\u00dfen Drei: also Schlafsack, Rucksack und Zelt. Ein vern\u00fcnftiger Drei-Jahreszeiten-Schlafsack bringt in der Regel mindestens 700-800 Gramm [&hellip;]<\/p>\n","protected":false},"author":26,"featured_media":65544,"comment_status":"open","ping_status":"closed","sticky":false,"template":"","format":"standard","meta":{"_acf_changed":false,"footnotes":""},"categories":[268],"tags":[269,273,276],"post_folder":[],"class_list":["post-65542","post","type-post","status-publish","format-standard","has-post-thumbnail","hentry","category-kaufberatung","tag-bergsteigen","tag-klettern-bouldern","tag-wandern-trekking"],"acf":[],"yoast_head":"<!-- This site is optimized with the Yoast SEO Premium plugin v27.4 (Yoast SEO v27.4) - https:\/\/yoast.com\/product\/yoast-seo-premium-wordpress\/ -->\n<title>Quilt: Weit mehr als eine Daunendecke | Kaufberatung<\/title>\n<meta name=\"description\" content=\"Quilts sind die Wahl, wenn es darum geht beim Wandern und Campen Gewicht einzusparen. Erfahre hier, was ein Quilt ist!\" \/>\n<meta name=\"robots\" content=\"index, follow, max-snippet:-1, max-image-preview:large, max-video-preview:-1\" \/>\n<link rel=\"canonical\" href=\"https:\/\/www.berg-freunde.ch\/blog\/kaufberatung-quilt\/\" \/>\n<meta property=\"og:locale\" content=\"de_DE\" \/>\n<meta property=\"og:type\" content=\"article\" \/>\n<meta property=\"og:title\" content=\"Weit mehr als eine Daunendecke - von den Vorz\u00fcgen eines Quilts\" \/>\n<meta property=\"og:description\" content=\"Quilts sind die Wahl, wenn es darum geht beim Wandern und Campen Gewicht einzusparen. Erfahre hier, was ein Quilt ist!\" \/>\n<meta property=\"og:url\" content=\"https:\/\/www.berg-freunde.ch\/blog\/kaufberatung-quilt\/\" \/>\n<meta property=\"og:site_name\" content=\"Bergfreunde\" \/>\n<meta property=\"article:publisher\" content=\"https:\/\/www.facebook.com\/bergfreunde\" \/>\n<meta property=\"article:published_time\" content=\"2022-06-19T08:00:00+00:00\" \/>\n<meta property=\"og:image\" content=\"https:\/\/www.berg-freunde.at\/blog\/wp-content\/uploads\/2018\/06\/Titelbild_von-den-Vorzuegen-eines-Quilts.jpg\" \/>\n\t<meta property=\"og:image:width\" content=\"1440\" \/>\n\t<meta property=\"og:image:height\" content=\"960\" \/>\n\t<meta property=\"og:image:type\" content=\"image\/jpeg\" \/>\n<meta name=\"author\" content=\"Gastautor\" \/>\n<meta name=\"twitter:card\" content=\"summary_large_image\" \/>\n<meta name=\"twitter:label1\" content=\"Geschrieben von\" \/>\n\t<meta name=\"twitter:data1\" content=\"Gastautor\" \/>\n\t<meta name=\"twitter:label2\" content=\"Gesch\u00e4tzte Lesezeit\" \/>\n\t<meta name=\"twitter:data2\" content=\"5\u00a0Minuten\" \/>\n<script type=\"application\/ld+json\" class=\"yoast-schema-graph\">{\"@context\":\"https:\\\/\\\/schema.org\",\"@graph\":[{\"@type\":[\"Article\",\"BlogPosting\"],\"@id\":\"https:\\\/\\\/www.berg-freunde.ch\\\/blog\\\/kaufberatung-quilt\\\/#article\",\"isPartOf\":{\"@id\":\"https:\\\/\\\/www.berg-freunde.ch\\\/blog\\\/kaufberatung-quilt\\\/\"},\"author\":{\"name\":\"Gastautor\",\"@id\":\"https:\\\/\\\/www.berg-freunde.ch\\\/blog\\\/#\\\/schema\\\/person\\\/6ac3327294ce276d7318b1f9c408382e\"},\"headline\":\"Weit mehr als eine Daunendecke &#8211; von den Vorz\u00fcgen eines Quilts\",\"datePublished\":\"2022-06-19T08:00:00+00:00\",\"mainEntityOfPage\":{\"@id\":\"https:\\\/\\\/www.berg-freunde.ch\\\/blog\\\/kaufberatung-quilt\\\/\"},\"wordCount\":939,\"commentCount\":4,\"publisher\":{\"@id\":\"https:\\\/\\\/www.berg-freunde.ch\\\/blog\\\/#organization\"},\"image\":{\"@id\":\"https:\\\/\\\/www.berg-freunde.ch\\\/blog\\\/kaufberatung-quilt\\\/#primaryimage\"},\"thumbnailUrl\":\"https:\\\/\\\/www.berg-freunde.ch\\\/blog\\\/wp-content\\\/uploads\\\/2018\\\/06\\\/Titelbild_von-den-Vorzuegen-eines-Quilts.jpg\",\"keywords\":[\"Bergsteigen &amp; Hochtouren\",\"Klettern &amp; Bouldern\",\"Wandern &amp; Trekking\"],\"articleSection\":[\"Kaufberatung\"],\"inLanguage\":\"de-CH\",\"potentialAction\":[{\"@type\":\"CommentAction\",\"name\":\"Comment\",\"target\":[\"https:\\\/\\\/www.berg-freunde.ch\\\/blog\\\/kaufberatung-quilt\\\/#respond\"]}]},{\"@type\":\"WebPage\",\"@id\":\"https:\\\/\\\/www.berg-freunde.ch\\\/blog\\\/kaufberatung-quilt\\\/\",\"url\":\"https:\\\/\\\/www.berg-freunde.ch\\\/blog\\\/kaufberatung-quilt\\\/\",\"name\":\"Quilt: Weit mehr als eine Daunendecke | Kaufberatung\",\"isPartOf\":{\"@id\":\"https:\\\/\\\/www.berg-freunde.ch\\\/blog\\\/#website\"},\"primaryImageOfPage\":{\"@id\":\"https:\\\/\\\/www.berg-freunde.ch\\\/blog\\\/kaufberatung-quilt\\\/#primaryimage\"},\"image\":{\"@id\":\"https:\\\/\\\/www.berg-freunde.ch\\\/blog\\\/kaufberatung-quilt\\\/#primaryimage\"},\"thumbnailUrl\":\"https:\\\/\\\/www.berg-freunde.ch\\\/blog\\\/wp-content\\\/uploads\\\/2018\\\/06\\\/Titelbild_von-den-Vorzuegen-eines-Quilts.jpg\",\"datePublished\":\"2022-06-19T08:00:00+00:00\",\"description\":\"Quilts sind die Wahl, wenn es darum geht beim Wandern und Campen Gewicht einzusparen. Erfahre hier, was ein Quilt ist!\",\"breadcrumb\":{\"@id\":\"https:\\\/\\\/www.berg-freunde.ch\\\/blog\\\/kaufberatung-quilt\\\/#breadcrumb\"},\"inLanguage\":\"de-CH\",\"potentialAction\":[{\"@type\":\"ReadAction\",\"target\":[\"https:\\\/\\\/www.berg-freunde.ch\\\/blog\\\/kaufberatung-quilt\\\/\"]}]},{\"@type\":\"ImageObject\",\"inLanguage\":\"de-CH\",\"@id\":\"https:\\\/\\\/www.berg-freunde.ch\\\/blog\\\/kaufberatung-quilt\\\/#primaryimage\",\"url\":\"https:\\\/\\\/www.berg-freunde.ch\\\/blog\\\/wp-content\\\/uploads\\\/2018\\\/06\\\/Titelbild_von-den-Vorzuegen-eines-Quilts.jpg\",\"contentUrl\":\"https:\\\/\\\/www.berg-freunde.ch\\\/blog\\\/wp-content\\\/uploads\\\/2018\\\/06\\\/Titelbild_von-den-Vorzuegen-eines-Quilts.jpg\",\"width\":1440,\"height\":960,\"caption\":\"Camping zu zweit\"},{\"@type\":\"BreadcrumbList\",\"@id\":\"https:\\\/\\\/www.berg-freunde.ch\\\/blog\\\/kaufberatung-quilt\\\/#breadcrumb\",\"itemListElement\":[{\"@type\":\"ListItem\",\"position\":1,\"name\":\"Blog\",\"item\":\"https:\\\/\\\/www.berg-freunde.ch\\\/blog\\\/\"},{\"@type\":\"ListItem\",\"position\":2,\"name\":\"Beratung\",\"item\":\"https:\\\/\\\/www.berg-freunde.ch\\\/blog\\\/category\\\/beratung\\\/\"},{\"@type\":\"ListItem\",\"position\":3,\"name\":\"Kaufberatung\",\"item\":\"https:\\\/\\\/www.berg-freunde.ch\\\/blog\\\/category\\\/beratung\\\/kaufberatung\\\/\"},{\"@type\":\"ListItem\",\"position\":4,\"name\":\"Weit mehr als eine Daunendecke &#8211; von den Vorz\u00fcgen eines Quilts\"}]},{\"@type\":\"WebSite\",\"@id\":\"https:\\\/\\\/www.berg-freunde.ch\\\/blog\\\/#website\",\"url\":\"https:\\\/\\\/www.berg-freunde.ch\\\/blog\\\/\",\"name\":\"Bergfreunde\",\"description\":\"Blog\",\"publisher\":{\"@id\":\"https:\\\/\\\/www.berg-freunde.ch\\\/blog\\\/#organization\"},\"potentialAction\":[{\"@type\":\"SearchAction\",\"target\":{\"@type\":\"EntryPoint\",\"urlTemplate\":\"https:\\\/\\\/www.berg-freunde.ch\\\/blog\\\/?s={search_term_string}\"},\"query-input\":{\"@type\":\"PropertyValueSpecification\",\"valueRequired\":true,\"valueName\":\"search_term_string\"}}],\"inLanguage\":\"de-CH\"},{\"@type\":\"Organization\",\"@id\":\"https:\\\/\\\/www.berg-freunde.ch\\\/blog\\\/#organization\",\"name\":\"Bergfreunde\",\"url\":\"https:\\\/\\\/www.berg-freunde.ch\\\/blog\\\/\",\"logo\":{\"@type\":\"ImageObject\",\"inLanguage\":\"de-CH\",\"@id\":\"https:\\\/\\\/www.berg-freunde.ch\\\/blog\\\/#\\\/schema\\\/logo\\\/image\\\/\",\"url\":\"https:\\\/\\\/www.berg-freunde.ch\\\/blog\\\/wp-content\\\/uploads\\\/2023\\\/12\\\/Bergfreunde_DE_rgb.svg\",\"contentUrl\":\"https:\\\/\\\/www.berg-freunde.ch\\\/blog\\\/wp-content\\\/uploads\\\/2023\\\/12\\\/Bergfreunde_DE_rgb.svg\",\"caption\":\"Bergfreunde\"},\"image\":{\"@id\":\"https:\\\/\\\/www.berg-freunde.ch\\\/blog\\\/#\\\/schema\\\/logo\\\/image\\\/\"},\"sameAs\":[\"https:\\\/\\\/www.facebook.com\\\/bergfreunde\",\"https:\\\/\\\/www.instagram.com\\\/bergfreundede\\\/\"]},{\"@type\":\"Person\",\"@id\":\"https:\\\/\\\/www.berg-freunde.ch\\\/blog\\\/#\\\/schema\\\/person\\\/6ac3327294ce276d7318b1f9c408382e\",\"name\":\"Gastautor\",\"url\":\"https:\\\/\\\/www.berg-freunde.ch\\\/blog\\\/about\\\/gastautor\\\/\"}]}<\/script>\n<!-- \/ Yoast SEO Premium plugin. -->","yoast_head_json":{"title":"Quilt: Weit mehr als eine Daunendecke | Kaufberatung","description":"Quilts sind die Wahl, wenn es darum geht beim Wandern und Campen Gewicht einzusparen. Erfahre hier, was ein Quilt ist!","robots":{"index":"index","follow":"follow","max-snippet":"max-snippet:-1","max-image-preview":"max-image-preview:large","max-video-preview":"max-video-preview:-1"},"canonical":"https:\/\/www.berg-freunde.ch\/blog\/kaufberatung-quilt\/","og_locale":"de_DE","og_type":"article","og_title":"Weit mehr als eine Daunendecke - von den Vorz\u00fcgen eines Quilts","og_description":"Quilts sind die Wahl, wenn es darum geht beim Wandern und Campen Gewicht einzusparen. Erfahre hier, was ein Quilt ist!","og_url":"https:\/\/www.berg-freunde.ch\/blog\/kaufberatung-quilt\/","og_site_name":"Bergfreunde","article_publisher":"https:\/\/www.facebook.com\/bergfreunde","article_published_time":"2022-06-19T08:00:00+00:00","og_image":[{"width":1440,"height":960,"url":"https:\/\/www.berg-freunde.at\/blog\/wp-content\/uploads\/2018\/06\/Titelbild_von-den-Vorzuegen-eines-Quilts.jpg","type":"image\/jpeg"}],"author":"Gastautor","twitter_card":"summary_large_image","twitter_misc":{"Geschrieben von":"Gastautor","Gesch\u00e4tzte Lesezeit":"5\u00a0Minuten"},"schema":{"@context":"https:\/\/schema.org","@graph":[{"@type":["Article","BlogPosting"],"@id":"https:\/\/www.berg-freunde.ch\/blog\/kaufberatung-quilt\/#article","isPartOf":{"@id":"https:\/\/www.berg-freunde.ch\/blog\/kaufberatung-quilt\/"},"author":{"name":"Gastautor","@id":"https:\/\/www.berg-freunde.ch\/blog\/#\/schema\/person\/6ac3327294ce276d7318b1f9c408382e"},"headline":"Weit mehr als eine Daunendecke &#8211; von den Vorz\u00fcgen eines Quilts","datePublished":"2022-06-19T08:00:00+00:00","mainEntityOfPage":{"@id":"https:\/\/www.berg-freunde.ch\/blog\/kaufberatung-quilt\/"},"wordCount":939,"commentCount":4,"publisher":{"@id":"https:\/\/www.berg-freunde.ch\/blog\/#organization"},"image":{"@id":"https:\/\/www.berg-freunde.ch\/blog\/kaufberatung-quilt\/#primaryimage"},"thumbnailUrl":"https:\/\/www.berg-freunde.ch\/blog\/wp-content\/uploads\/2018\/06\/Titelbild_von-den-Vorzuegen-eines-Quilts.jpg","keywords":["Bergsteigen &amp; Hochtouren","Klettern &amp; Bouldern","Wandern &amp; Trekking"],"articleSection":["Kaufberatung"],"inLanguage":"de-CH","potentialAction":[{"@type":"CommentAction","name":"Comment","target":["https:\/\/www.berg-freunde.ch\/blog\/kaufberatung-quilt\/#respond"]}]},{"@type":"WebPage","@id":"https:\/\/www.berg-freunde.ch\/blog\/kaufberatung-quilt\/","url":"https:\/\/www.berg-freunde.ch\/blog\/kaufberatung-quilt\/","name":"Quilt: Weit mehr als eine Daunendecke | Kaufberatung","isPartOf":{"@id":"https:\/\/www.berg-freunde.ch\/blog\/#website"},"primaryImageOfPage":{"@id":"https:\/\/www.berg-freunde.ch\/blog\/kaufberatung-quilt\/#primaryimage"},"image":{"@id":"https:\/\/www.berg-freunde.ch\/blog\/kaufberatung-quilt\/#primaryimage"},"thumbnailUrl":"https:\/\/www.berg-freunde.ch\/blog\/wp-content\/uploads\/2018\/06\/Titelbild_von-den-Vorzuegen-eines-Quilts.jpg","datePublished":"2022-06-19T08:00:00+00:00","description":"Quilts sind die Wahl, wenn es darum geht beim Wandern und Campen Gewicht einzusparen. Erfahre hier, was ein Quilt ist!","breadcrumb":{"@id":"https:\/\/www.berg-freunde.ch\/blog\/kaufberatung-quilt\/#breadcrumb"},"inLanguage":"de-CH","potentialAction":[{"@type":"ReadAction","target":["https:\/\/www.berg-freunde.ch\/blog\/kaufberatung-quilt\/"]}]},{"@type":"ImageObject","inLanguage":"de-CH","@id":"https:\/\/www.berg-freunde.ch\/blog\/kaufberatung-quilt\/#primaryimage","url":"https:\/\/www.berg-freunde.ch\/blog\/wp-content\/uploads\/2018\/06\/Titelbild_von-den-Vorzuegen-eines-Quilts.jpg","contentUrl":"https:\/\/www.berg-freunde.ch\/blog\/wp-content\/uploads\/2018\/06\/Titelbild_von-den-Vorzuegen-eines-Quilts.jpg","width":1440,"height":960,"caption":"Camping zu zweit"},{"@type":"BreadcrumbList","@id":"https:\/\/www.berg-freunde.ch\/blog\/kaufberatung-quilt\/#breadcrumb","itemListElement":[{"@type":"ListItem","position":1,"name":"Blog","item":"https:\/\/www.berg-freunde.ch\/blog\/"},{"@type":"ListItem","position":2,"name":"Beratung","item":"https:\/\/www.berg-freunde.ch\/blog\/category\/beratung\/"},{"@type":"ListItem","position":3,"name":"Kaufberatung","item":"https:\/\/www.berg-freunde.ch\/blog\/category\/beratung\/kaufberatung\/"},{"@type":"ListItem","position":4,"name":"Weit mehr als eine Daunendecke &#8211; von den Vorz\u00fcgen eines Quilts"}]},{"@type":"WebSite","@id":"https:\/\/www.berg-freunde.ch\/blog\/#website","url":"https:\/\/www.berg-freunde.ch\/blog\/","name":"Bergfreunde","description":"Blog","publisher":{"@id":"https:\/\/www.berg-freunde.ch\/blog\/#organization"},"potentialAction":[{"@type":"SearchAction","target":{"@type":"EntryPoint","urlTemplate":"https:\/\/www.berg-freunde.ch\/blog\/?s={search_term_string}"},"query-input":{"@type":"PropertyValueSpecification","valueRequired":true,"valueName":"search_term_string"}}],"inLanguage":"de-CH"},{"@type":"Organization","@id":"https:\/\/www.berg-freunde.ch\/blog\/#organization","name":"Bergfreunde","url":"https:\/\/www.berg-freunde.ch\/blog\/","logo":{"@type":"ImageObject","inLanguage":"de-CH","@id":"https:\/\/www.berg-freunde.ch\/blog\/#\/schema\/logo\/image\/","url":"https:\/\/www.berg-freunde.ch\/blog\/wp-content\/uploads\/2023\/12\/Bergfreunde_DE_rgb.svg","contentUrl":"https:\/\/www.berg-freunde.ch\/blog\/wp-content\/uploads\/2023\/12\/Bergfreunde_DE_rgb.svg","caption":"Bergfreunde"},"image":{"@id":"https:\/\/www.berg-freunde.ch\/blog\/#\/schema\/logo\/image\/"},"sameAs":["https:\/\/www.facebook.com\/bergfreunde","https:\/\/www.instagram.com\/bergfreundede\/"]},{"@type":"Person","@id":"https:\/\/www.berg-freunde.ch\/blog\/#\/schema\/person\/6ac3327294ce276d7318b1f9c408382e","name":"Gastautor","url":"https:\/\/www.berg-freunde.ch\/blog\/about\/gastautor\/"}]}},"_links":{"self":[{"href":"https:\/\/www.berg-freunde.ch\/blog\/wp-json\/wp\/v2\/posts\/65542","targetHints":{"allow":["GET"]}}],"collection":[{"href":"https:\/\/www.berg-freunde.ch\/blog\/wp-json\/wp\/v2\/posts"}],"about":[{"href":"https:\/\/www.berg-freunde.ch\/blog\/wp-json\/wp\/v2\/types\/post"}],"author":[{"embeddable":true,"href":"https:\/\/www.berg-freunde.ch\/blog\/wp-json\/wp\/v2\/users\/26"}],"replies":[{"embeddable":true,"href":"https:\/\/www.berg-freunde.ch\/blog\/wp-json\/wp\/v2\/comments?post=65542"}],"version-history":[{"count":0,"href":"https:\/\/www.berg-freunde.ch\/blog\/wp-json\/wp\/v2\/posts\/65542\/revisions"}],"wp:featuredmedia":[{"embeddable":true,"href":"https:\/\/www.berg-freunde.ch\/blog\/wp-json\/wp\/v2\/media\/65544"}],"wp:attachment":[{"href":"https:\/\/www.berg-freunde.ch\/blog\/wp-json\/wp\/v2\/media?parent=65542"}],"wp:term":[{"taxonomy":"category","embeddable":true,"href":"https:\/\/www.berg-freunde.ch\/blog\/wp-json\/wp\/v2\/categories?post=65542"},{"taxonomy":"post_tag","embeddable":true,"href":"https:\/\/www.berg-freunde.ch\/blog\/wp-json\/wp\/v2\/tags?post=65542"},{"taxonomy":"post_folder","embeddable":true,"href":"https:\/\/www.berg-freunde.ch\/blog\/wp-json\/wp\/v2\/post_folder?post=65542"}],"curies":[{"name":"wp","href":"https:\/\/api.w.org\/{rel}","templated":true}]}}