{"id":65615,"date":"2022-06-07T10:03:00","date_gmt":"2022-06-07T08:03:00","guid":{"rendered":"https:\/\/www.bergfreunde.de\/blog\/das-1x1-der-bergklamotten-hochtourenbekleidung-eine-uebersicht\/"},"modified":"2023-01-12T10:24:49","modified_gmt":"2023-01-12T09:24:49","slug":"das-1x1-der-bergklamotten-hochtourenbekleidung-eine-uebersicht","status":"publish","type":"post","link":"https:\/\/www.berg-freunde.ch\/blog\/das-1x1-der-bergklamotten-hochtourenbekleidung-eine-uebersicht\/","title":{"rendered":"Das 1&#215;1 der Bergklamotten: Hochtourenbekleidung &#8211; eine \u00dcbersicht"},"content":{"rendered":"\n<p>Soll es in den Bergen hoch hinausgehen, braucht es neben einer guten Ausr\u00fcstung immer auch angemessene Hochtourenbekleidung. Wer hier an der falschen Stelle spart, zu viele oder unn\u00fctze Dinge mitnimmt oder aber auch zu wenig einpackt, wird die ganze Tour wahrscheinlich recht schnell verfluchen. Wie sieht aber eine richtige Hochtourenbekleidung aus? Welche Klamotten sind ein absolutes Muss und wo kann man vielleicht ein wenig an Gewicht oder Platz im Rucksack sparen? Und was \u00fcberhaupt sollte man wann, wie und warum tragen?<\/p>\n\n\n\n<p>Gehen wir also einmal von Kopf bis Fu\u00df und von innen nach au\u00dfen alle wichtigen Kleidungsst\u00fccke f\u00fcr Hochtouren durch und kl\u00e4ren die Frage: Wie sieht verdammt noch mal der Dresscode f\u00fcr die Berge aus?<\/p>\n\n\n\n<!--more-->\n\n\n\n<h2 class=\"wp-block-heading\" id=\"h-was-tragst-du-drunter-baselayer\">Was tr\u00e4gst du drunter? \u2013 Baselayer<\/h2>\n\n\n<div class=\"wp-block-image\">\n<figure class=\"alignright size-full is-resized\"><img decoding=\"async\" src=\"https:\/\/www.bergfreunde.de\/blog\/wp-content\/uploads\/2022\/11\/Pierre-Luc_Bernier_istock.jpg\" alt=\"Mann bouldert an einem Eisberg.\" class=\"wp-image-57855\" width=\"350\" srcset=\"https:\/\/www.berg-freunde.ch\/blog\/wp-content\/uploads\/2022\/11\/Pierre-Luc_Bernier_istock.jpg 566w, https:\/\/www.berg-freunde.ch\/blog\/wp-content\/uploads\/2022\/11\/Pierre-Luc_Bernier_istock-200x300.jpg 200w\" sizes=\"(max-width: 566px) 100vw, 566px\" \/><figcaption class=\"wp-element-caption\">A man in the 40s is ice bouldering on an iceberg on the St-Lawrence river, Quebec, Canada.<\/figcaption><\/figure>\n<\/div>\n\n\n<p>Bei Touren in gro\u00dfen H\u00f6hen oder an kalten Tagen ist die <strong>unterste Bekleidungsschicht<\/strong> besonders wichtig. Diese besteht in der Regel aus der Heiligen Dreifaltigkeit <strong>Shirt<\/strong>, <strong>Unterhose<\/strong> und <strong>Socken<\/strong>. Wen es jetzt schon kratzt, bei\u00dft, und fusselt, dem sei gesagt, dass Muttis alte W\u00e4schetruhe hier getrost geschlossen bleiben kann. Wollunterw\u00e4sche und Frotteesocken, wie wir sie vielleicht noch von den Skitagen unserer Kindheit kennen, haben hier nichts verloren. Heute kommen durch die Bank \u00e4u\u00dferst <strong>funktionelle<\/strong>, <strong>atmungsaktive<\/strong> und vor allem <strong>nicht kratzende Materialien<\/strong> zum Einsatz. Diese werden entweder aus Kunstfasern oder Naturmaterialien wie Merinowolle gefertigt.<\/p>\n\n\n\n<p>Beim Shirt ist es immer praktisch eines zu w\u00e4hlen, das nicht unbedingt gleich nach Unterhemd aussieht. Denn gerade bei Sommerhochtouren kann es immer mal wieder vorkommen, dass es tags\u00fcber w\u00e4hrend der Tour oder am Nachmittag auf der Sonnenterrasse der H\u00fctte so warm ist, dass man es <strong>kurz\u00e4rmlig<\/strong> bestens aushalten kann.<\/p>\n\n\n\n<p>Auch den <strong>Socken<\/strong> sollte man besondere Aufmerksamkeit zukommen lassen. Denn ob man es nun glaubt oder nicht, sie k\u00f6nnen das Gelingen einer Tour ma\u00dfgeblich beeinflussen. Wichtig ist, dass die Socken m\u00f6glichst <strong>eng am Fu\u00df anliegen<\/strong>, diesen aber nicht einzw\u00e4ngen. Auf keinen Fall sollten sie zu gro\u00df sein oder \u00fcberm\u00e4\u00dfig Falten werfen, denn so kommt es schnell zu Druck- und Scheuerstellen. Handels\u00fcbliche <a href=\"https:\/\/www.berg-freunde.ch\/wandersocken\/\">Wandersocken<\/a> mit einem<strong> hohen Schaft<\/strong> haben sich aber f\u00fcr Hochtouren bestens bew\u00e4hrt. Generell empfiehlt es sich, auch <strong>Socken und <a href=\"https:\/\/www.berg-freunde.ch\/bergschuhe\/\">Bergschuhe<\/a> immer miteinander anzuprobieren;<\/strong> so wird sichergestellt, dass beide Kleidungsst\u00fccke auch miteinander harmonieren.<\/p>\n\n\n\n<h2 class=\"wp-block-heading\" id=\"h-neues-aus-der-mittelschicht-midlayer\">Neues aus der Mittelschicht! &#8211; Midlayer<\/h2>\n\n\n\n<p>Die mittlere Bekleidungsschicht sorgt f\u00fcr die <strong>notwendige W\u00e4rme<\/strong>. Je nach Temperatur und Witterung kommt hier vom <strong>Longsleeve<\/strong> bis zur <strong>Isolationsjacke<\/strong> alles zum Einsatz, was die <strong>W\u00e4rme zuverl\u00e4ssig am K\u00f6rper h\u00e4lt<\/strong>. Abh\u00e4ngig von den pers\u00f6nlichen Vorlieben werden hier auch oft zwei Kleidungsst\u00fccke kombiniert. Beispielsweise ein Longsleeve mit einer Kunstfaserjacke oder ein <a href=\"https:\/\/www.berg-freunde.ch\/fleecepullover\/\">Fleecepullover<\/a> mit einer <a href=\"https:\/\/www.berg-freunde.ch\/blog\/kaufberatung-softshelljacken-der-atmungsaktive-wetterschutz\/\" target=\"_blank\" rel=\"noopener\">Softshelljacke<\/a>. Was im jeweiligen Fall die richtige Kombination ist, h\u00e4ngt immer stark vom pers\u00f6nlichen W\u00e4rmeempfinden und von der Witterung ab.<\/p>\n\n\n\n<p>Als Hose kommt in der Regel eine abriebfeste <a href=\"https:\/\/www.bergfreunde.de\/blog\/kaufberatung-tourenhosen\/\" target=\"_blank\" rel=\"noopener\">Tourenhose<\/a>&nbsp;zum Einsatz. Meist sind Hosen dieser Art aus einem <strong>dehnbaren <\/strong>und <strong>flexiblen<\/strong> <strong>Material<\/strong> gefertigt. Dar\u00fcber hinaus sollte es m\u00f6glichst <strong>wasserabweisend<\/strong> und <strong>atmungsaktiv<\/strong> sein. Oft sind<strong> neuralgische Stellen<\/strong> wie Knie, Beininnenseiten oder das Ges\u00e4\u00df <strong>verst\u00e4rkt<\/strong> und Besch\u00e4digungen durch <a href=\"https:\/\/www.berg-freunde.ch\/steigeisen\/\">Steigeisen<\/a>, Fels, Ger\u00f6ll oder Skikanten werden einged\u00e4mmt. Wichtig ist dar\u00fcber hinaus, dass die <strong>Hosenbeine nach unten sauber abschlie\u00dfen<\/strong> und nach M\u00f6glichkeit in der Weite <strong>verstellbar<\/strong> sind. Somit wird nicht nur das Eindringen von Schnee, N\u00e4sse und Schmutz verhindert, sondern auch das Tragen von <a href=\"https:\/\/www.berg-freunde.ch\/gamaschen\/\">Gamaschen<\/a> m\u00f6glicherweise \u00fcberfl\u00fcssig.<\/p>\n\n\n\n<h2 class=\"wp-block-heading\" id=\"h-alles-schon-dicht-toplayer\">Alles sch\u00f6n dicht? \u2013 Toplayer<\/h2>\n\n\n<div class=\"wp-block-image\">\n<figure class=\"alignleft size-full\"><img fetchpriority=\"high\" decoding=\"async\" width=\"350\" height=\"233\" src=\"https:\/\/www.bergfreunde.de\/blog\/wp-content\/uploads\/2022\/11\/pexels-christian-buergi-7199333.jpg\" alt=\"\" class=\"wp-image-57860\" srcset=\"https:\/\/www.berg-freunde.ch\/blog\/wp-content\/uploads\/2022\/11\/pexels-christian-buergi-7199333.jpg 350w, https:\/\/www.berg-freunde.ch\/blog\/wp-content\/uploads\/2022\/11\/pexels-christian-buergi-7199333-300x200.jpg 300w\" sizes=\"(max-width: 350px) 100vw, 350px\" \/><figcaption class=\"wp-element-caption\">Hochtour durch den Schnee mit perfekter Bekleidung.<\/figcaption><\/figure>\n<\/div>\n\n\n<p>Mid- und Baselayer, also <a href=\"https:\/\/www.berg-freunde.ch\/funktionsunterwaesche\/\">Funktionsunterw\u00e4sche<\/a> und w\u00e4rmende Kleidung bieten schon einen guten Schutz gegen Zugluft, K\u00e4lte und leichten Wind. Wenn das Wetter aber einmal nicht so mitspielt und es schneit, regnet und st\u00fcrmt oder einfach auch nur besonders kalt ist, muss noch eine Schicht zus\u00e4tzlich als Hochtourenbekleidung, die zuverl\u00e4ssig dichtmacht.<\/p>\n\n\n\n<p>Hierzu sind <strong>Hardshellhosen<\/strong> und \u2013<strong>jacken<\/strong> bestens geeignet. Sie k\u00f6nnen in der Regel<strong> klein und leicht zusammengepackt<\/strong> werden und sch\u00fctzen bei Bedarf zuverl\u00e4ssig gegen alle Widrigkeiten des Wetters. Besonders wichtig ist eine gute Jacke. Neben <strong>Wasserdichtigkeit<\/strong> ist eine<strong> gute Atmungsaktivit\u00e4t<\/strong> auch hier \u00e4u\u00dferst wichtig. Denn es macht in der Regel kaum einen Unterschied, ob man nun durch Regen von au\u00dfen oder durch den eigenen <a href=\"https:\/\/www.berg-freunde.ch\/schwitzrate-sport-rechner\/\">Schwei\u00df<\/a> von innen her nass wird. Bei Hochtouren ist man immer auch mit einem vergleichsweise<strong> gro\u00dfen Rucksack<\/strong> unterwegs. Daher ist es wichtig, dass die <a href=\"https:\/\/www.berg-freunde.ch\/regenjacken\/\">Hardshelljacke<\/a> auch f\u00fcr den Einsatz mit einem Rucksack geeignet ist. Ebenfalls ist es praktisch, wenn die <strong>Jackentaschen<\/strong> ein wenig <strong>h\u00f6her angebracht<\/strong> sind. So k\u00f6nnen sie auch in Verbindung mit einem angelegten <strong>Sitzgurt<\/strong> noch problemlos erreicht werden.<\/p>\n\n\n\n<p>Wird das Gel\u00e4nde einmal ausgesetzter und m\u00fcssen Kletterpassagen \u00fcberwunden werden, ist man in der Regel auch mit einem Helm unterwegs. In diesem Fall kann es \u00e4u\u00dferst n\u00fctzlich sein, wenn auch die <strong>Kapuze der Jacke helmkompatibel<\/strong> ist.<\/p>\n\n\n\n<p>Eine <strong><a href=\"https:\/\/www.berg-freunde.ch\/regenhosen\/\">Hardshellhose<\/a><\/strong> ist nicht immer notwendig. Gerade aber bei Skihochtouren oder in gro\u00dfen H\u00f6hen ist sie sehr praktisch. Auch wenn im Fr\u00fchjahr mit gro\u00dfen Altschneefeldern zu rechnen ist, kann es von Vorteil sein, eine wasserdichte Hose im Gep\u00e4ck bzw. am K\u00f6rper zu haben. Wichtig ist jedoch auch bei Hosen dieser Art, dass sie nach unten hin <strong>sauber abschlie\u00dfen<\/strong>. Somit kann kein unerw\u00fcnschter Schnee ins Hosenbein gelangen und es besteht dar\u00fcber hinaus nicht die Gefahr, dass man sich mit den Steigeisen im Hosenbein verf\u00e4ngt.<\/p>\n\n\n<div class=\"wp-block-image\">\n<figure class=\"alignright size-full\"><img decoding=\"async\" width=\"350\" height=\"233\" src=\"https:\/\/www.bergfreunde.de\/blog\/wp-content\/uploads\/2022\/11\/shutterstock_525788350.jpg\" alt=\"Mann klettert mit Steigeisen.\" class=\"wp-image-57864\" srcset=\"https:\/\/www.berg-freunde.ch\/blog\/wp-content\/uploads\/2022\/11\/shutterstock_525788350.jpg 350w, https:\/\/www.berg-freunde.ch\/blog\/wp-content\/uploads\/2022\/11\/shutterstock_525788350-300x200.jpg 300w\" sizes=\"(max-width: 350px) 100vw, 350px\" \/><figcaption class=\"wp-element-caption\">Steigeisen f\u00fcr Hochtouren und das Eisklettern<\/figcaption><\/figure>\n<\/div>\n\n\n<h2 class=\"wp-block-heading\" id=\"h-zeigt-her-eure-fusse-schuhe\">Zeigt her eure F\u00fc\u00dfe! &#8211; Schuhe<\/h2>\n\n\n\n<p>Das Kapitel Hochtourenschuhe, Bergstiefel und Co. ist ein sehr weites Feld. Hier gibt es zahlreiche Varianten, die sich f\u00fcr die verschiedensten Einsatzzwecke mehr oder weniger gut eignen. Gerade in Bezug auf die <strong>Verwendung<\/strong> mit <strong>Steigeisen<\/strong> gibt es so einiges zu beachten. Wir haben uns diesem Thema daher einmal in einem gesonderten <a href=\"https:\/\/www.berg-freunde.ch\/blog\/vom-suchen-und-finden-des-richtigen-bergstiefels\/\" target=\"_blank\" rel=\"noopener\">Blogbeitrag<\/a> ausf\u00fchrlich angenommen.&nbsp;Dennoch seien hier einmal ein paar Details erw\u00e4hnt. Bei Hochtouren kommt es immer wieder auch zum Kontakt mit Gletschern und Firnfeldern. Dies erfordert nicht selten den Einsatz von Steigeisen. Diese gibt es in vielen verschiedenen Varianten und nicht jeder Typ eignet sich f\u00fcr die Verwendung mit jedem Schuh. Daher ist es bei der Wahl der Schuhe wichtig, dass sie auch zu dem Steigeisen passen.<\/p>\n\n\n\n<p>Viel wichtiger ist jedoch, dass die Schuhe <strong>gut passen<\/strong> und auch nach langem Tragen nicht dr\u00fccken oder reiben. Ein Schuh, der nicht gut passt, f\u00fchrt automatisch zu einer schmerzhaften und qualvollen Tour. Daher ist es ratsam die Bergstiefel vor der ersten l\u00e4ngeren Tour<strong> sorgf\u00e4ltig einzulaufen<\/strong> und die <strong>passenden Socken<\/strong> mit Bedacht auszuw\u00e4hlen. Es mag zwar ein wenig affig aussehen, wenn man am Sonntagnachmittag einen kurzen Parkspaziergang in Bergschuhen macht, dem sp\u00e4teren Fu\u00dfwohl auf der Tour ist dies aber durchaus zutr\u00e4glich. Mit dem richtigen Schuhwerk komplettiert ihr eure Hochtourenbekleidung und seid bestens ger\u00fcstet!<\/p>\n\n\n\n<h2 class=\"wp-block-heading\" id=\"h-darf-es-sonst-noch-was-sein-fazit\">Darf es sonst noch was sein? &#8211; Fazit<\/h2>\n\n\n\n<p>Aber klar doch! Die Liste der \u201eKleinteile\u201c, die mitunter f\u00fcr die Hochtourenbekleidung gebraucht werden ist zuweilen doch recht lang. Wir haben uns daher in diesem Artikel auf die gro\u00dfen und grundlegenden Kleidungsst\u00fccke beschr\u00e4nkt. Selbstverst\u00e4ndlich braucht es auf einer Hochtour je nach Wetterverh\u00e4ltnissen auch noch eine w\u00e4rmende bzw. vor der UV-Strahlung sch\u00fctzende <strong>M\u00fctze<\/strong>, geeignete <strong>Handschuhe<\/strong> und eine m\u00f6glichst gute <a href=\"https:\/\/www.berg-freunde.ch\/blog\/kaufberatung-gletscherbrille\/\" target=\"_blank\" rel=\"noopener\">Gletscherbrille<\/a>. Auch k\u00f6nnen beispielsweise ein <strong>R\u00f6hrenschal<\/strong> und <strong>Gamaschen<\/strong> recht n\u00fctzlich sein.<\/p>\n\n\n\n<p>Wir empfehlen daher, vor einer Tour genau zu \u00fcberlegen, wo und wie lange man unterwegs sein wird. So kann man gemessen an den individuellen Anforderungen genau planen und die Bergklamotten bestens auf die individuellen Anforderungen abstimmen. Das spart oft erheblich Platz und Gewicht im Rucksack.<\/p>\n\n\n\n<p><\/p>\n\n\n\n<div class=\"wp-block-buttons is-layout-flex wp-block-buttons-is-layout-flex\">\n<div class=\"wp-block-button\"><a class=\"wp-block-button__link wp-element-button\" href=\"https:\/\/www.bergfreunde.de\/outdoor-bekleidung\/einsatzbereich--hochtouren\/\">Hochtourenbekleidung kaufen<\/a><\/div>\n<\/div>\n","protected":false},"excerpt":{"rendered":"<p>Soll es in den Bergen hoch hinausgehen, braucht es neben einer guten Ausr\u00fcstung immer auch angemessene Hochtourenbekleidung. Wer hier an der falschen Stelle spart, zu viele oder unn\u00fctze Dinge mitnimmt oder aber auch zu wenig einpackt, wird die ganze Tour wahrscheinlich recht schnell verfluchen. Wie sieht aber eine richtige Hochtourenbekleidung aus? Welche Klamotten sind ein [&hellip;]<\/p>\n","protected":false},"author":18,"featured_media":65617,"comment_status":"open","ping_status":"open","sticky":false,"template":"","format":"standard","meta":{"_acf_changed":false,"footnotes":""},"categories":[288],"tags":[269,273,276],"post_folder":[],"class_list":["post-65615","post","type-post","status-publish","format-standard","has-post-thumbnail","hentry","category-touren-reisetipps","tag-bergsteigen","tag-klettern-bouldern","tag-wandern-trekking"],"acf":[],"yoast_head":"<!-- This site is optimized with the Yoast SEO Premium plugin v27.4 (Yoast SEO v27.4) - https:\/\/yoast.com\/product\/yoast-seo-premium-wordpress\/ -->\n<title>Hochtourenbekleidung 1x1: Welche Kleider am Gletscher? | Bergfreunde<\/title>\n<meta name=\"description\" content=\"Welche Hochtourenbekleidung eignet sich? Alles zum Zwiebelprinzip: Baselayer, Midlayer, Toplayer. Eine Kaufberatung.\" \/>\n<meta name=\"robots\" content=\"index, follow, max-snippet:-1, max-image-preview:large, max-video-preview:-1\" \/>\n<link rel=\"canonical\" href=\"https:\/\/www.berg-freunde.ch\/blog\/das-1x1-der-bergklamotten-hochtourenbekleidung-eine-uebersicht\/\" \/>\n<meta property=\"og:locale\" content=\"de_DE\" \/>\n<meta property=\"og:type\" content=\"article\" \/>\n<meta property=\"og:title\" content=\"Das 1x1 der Bergklamotten: Hochtourenbekleidung - eine \u00dcbersicht\" \/>\n<meta property=\"og:description\" content=\"Welche Hochtourenbekleidung eignet sich? Alles zum Zwiebelprinzip: Baselayer, Midlayer, Toplayer. Eine Kaufberatung.\" \/>\n<meta property=\"og:url\" content=\"https:\/\/www.berg-freunde.ch\/blog\/das-1x1-der-bergklamotten-hochtourenbekleidung-eine-uebersicht\/\" \/>\n<meta property=\"og:site_name\" content=\"Bergfreunde\" \/>\n<meta property=\"article:publisher\" content=\"https:\/\/www.facebook.com\/bergfreunde\" \/>\n<meta property=\"article:published_time\" content=\"2022-06-07T08:03:00+00:00\" \/>\n<meta property=\"article:modified_time\" content=\"2023-01-12T09:24:49+00:00\" \/>\n<meta property=\"og:image\" content=\"https:\/\/www.bergfreunde.de\/blog\/wp-content\/uploads\/2016\/06\/shutterstock_1176226642.jpg\" \/>\n\t<meta property=\"og:image:width\" content=\"1440\" \/>\n\t<meta property=\"og:image:height\" content=\"948\" \/>\n\t<meta property=\"og:image:type\" content=\"image\/jpeg\" \/>\n<meta name=\"author\" content=\"Lisa\" \/>\n<meta name=\"twitter:card\" content=\"summary_large_image\" \/>\n<meta name=\"twitter:label1\" content=\"Geschrieben von\" \/>\n\t<meta name=\"twitter:data1\" content=\"Lisa\" \/>\n\t<meta name=\"twitter:label2\" content=\"Gesch\u00e4tzte Lesezeit\" \/>\n\t<meta name=\"twitter:data2\" content=\"8\u00a0Minuten\" \/>\n<script type=\"application\/ld+json\" class=\"yoast-schema-graph\">{\"@context\":\"https:\\\/\\\/schema.org\",\"@graph\":[{\"@type\":[\"Article\",\"BlogPosting\"],\"@id\":\"https:\\\/\\\/www.berg-freunde.ch\\\/blog\\\/das-1x1-der-bergklamotten-hochtourenbekleidung-eine-uebersicht\\\/#article\",\"isPartOf\":{\"@id\":\"https:\\\/\\\/www.berg-freunde.ch\\\/blog\\\/das-1x1-der-bergklamotten-hochtourenbekleidung-eine-uebersicht\\\/\"},\"author\":{\"name\":\"Lisa\",\"@id\":\"https:\\\/\\\/www.berg-freunde.ch\\\/blog\\\/#\\\/schema\\\/person\\\/0be5fb2399f7af8673f0e675d4964f8d\"},\"headline\":\"Das 1&#215;1 der Bergklamotten: Hochtourenbekleidung &#8211; eine \u00dcbersicht\",\"datePublished\":\"2022-06-07T08:03:00+00:00\",\"dateModified\":\"2023-01-12T09:24:49+00:00\",\"mainEntityOfPage\":{\"@id\":\"https:\\\/\\\/www.berg-freunde.ch\\\/blog\\\/das-1x1-der-bergklamotten-hochtourenbekleidung-eine-uebersicht\\\/\"},\"wordCount\":1313,\"commentCount\":4,\"publisher\":{\"@id\":\"https:\\\/\\\/www.berg-freunde.ch\\\/blog\\\/#organization\"},\"image\":{\"@id\":\"https:\\\/\\\/www.berg-freunde.ch\\\/blog\\\/das-1x1-der-bergklamotten-hochtourenbekleidung-eine-uebersicht\\\/#primaryimage\"},\"thumbnailUrl\":\"https:\\\/\\\/www.berg-freunde.ch\\\/blog\\\/wp-content\\\/uploads\\\/2016\\\/06\\\/shutterstock_1176226642.jpg\",\"keywords\":[\"Bergsteigen &amp; Hochtouren\",\"Klettern &amp; Bouldern\",\"Wandern &amp; Trekking\"],\"articleSection\":[\"Touren &amp; Reisetipps\"],\"inLanguage\":\"de-CH\",\"potentialAction\":[{\"@type\":\"CommentAction\",\"name\":\"Comment\",\"target\":[\"https:\\\/\\\/www.berg-freunde.ch\\\/blog\\\/das-1x1-der-bergklamotten-hochtourenbekleidung-eine-uebersicht\\\/#respond\"]}]},{\"@type\":\"WebPage\",\"@id\":\"https:\\\/\\\/www.berg-freunde.ch\\\/blog\\\/das-1x1-der-bergklamotten-hochtourenbekleidung-eine-uebersicht\\\/\",\"url\":\"https:\\\/\\\/www.berg-freunde.ch\\\/blog\\\/das-1x1-der-bergklamotten-hochtourenbekleidung-eine-uebersicht\\\/\",\"name\":\"Hochtourenbekleidung 1x1: Welche Kleider am Gletscher? | Bergfreunde\",\"isPartOf\":{\"@id\":\"https:\\\/\\\/www.berg-freunde.ch\\\/blog\\\/#website\"},\"primaryImageOfPage\":{\"@id\":\"https:\\\/\\\/www.berg-freunde.ch\\\/blog\\\/das-1x1-der-bergklamotten-hochtourenbekleidung-eine-uebersicht\\\/#primaryimage\"},\"image\":{\"@id\":\"https:\\\/\\\/www.berg-freunde.ch\\\/blog\\\/das-1x1-der-bergklamotten-hochtourenbekleidung-eine-uebersicht\\\/#primaryimage\"},\"thumbnailUrl\":\"https:\\\/\\\/www.berg-freunde.ch\\\/blog\\\/wp-content\\\/uploads\\\/2016\\\/06\\\/shutterstock_1176226642.jpg\",\"datePublished\":\"2022-06-07T08:03:00+00:00\",\"dateModified\":\"2023-01-12T09:24:49+00:00\",\"description\":\"Welche Hochtourenbekleidung eignet sich? Alles zum Zwiebelprinzip: Baselayer, Midlayer, Toplayer. Eine Kaufberatung.\",\"breadcrumb\":{\"@id\":\"https:\\\/\\\/www.berg-freunde.ch\\\/blog\\\/das-1x1-der-bergklamotten-hochtourenbekleidung-eine-uebersicht\\\/#breadcrumb\"},\"inLanguage\":\"de-CH\",\"potentialAction\":[{\"@type\":\"ReadAction\",\"target\":[\"https:\\\/\\\/www.berg-freunde.ch\\\/blog\\\/das-1x1-der-bergklamotten-hochtourenbekleidung-eine-uebersicht\\\/\"]}]},{\"@type\":\"ImageObject\",\"inLanguage\":\"de-CH\",\"@id\":\"https:\\\/\\\/www.berg-freunde.ch\\\/blog\\\/das-1x1-der-bergklamotten-hochtourenbekleidung-eine-uebersicht\\\/#primaryimage\",\"url\":\"https:\\\/\\\/www.berg-freunde.ch\\\/blog\\\/wp-content\\\/uploads\\\/2016\\\/06\\\/shutterstock_1176226642.jpg\",\"contentUrl\":\"https:\\\/\\\/www.berg-freunde.ch\\\/blog\\\/wp-content\\\/uploads\\\/2016\\\/06\\\/shutterstock_1176226642.jpg\",\"width\":1440,\"height\":948},{\"@type\":\"BreadcrumbList\",\"@id\":\"https:\\\/\\\/www.berg-freunde.ch\\\/blog\\\/das-1x1-der-bergklamotten-hochtourenbekleidung-eine-uebersicht\\\/#breadcrumb\",\"itemListElement\":[{\"@type\":\"ListItem\",\"position\":1,\"name\":\"Blog\",\"item\":\"https:\\\/\\\/www.berg-freunde.ch\\\/blog\\\/\"},{\"@type\":\"ListItem\",\"position\":2,\"name\":\"Touren &amp; Reisetipps\",\"item\":\"https:\\\/\\\/www.berg-freunde.ch\\\/blog\\\/category\\\/touren-reisetipps\\\/\"},{\"@type\":\"ListItem\",\"position\":3,\"name\":\"Das 1&#215;1 der Bergklamotten: Hochtourenbekleidung &#8211; eine \u00dcbersicht\"}]},{\"@type\":\"WebSite\",\"@id\":\"https:\\\/\\\/www.berg-freunde.ch\\\/blog\\\/#website\",\"url\":\"https:\\\/\\\/www.berg-freunde.ch\\\/blog\\\/\",\"name\":\"Bergfreunde\",\"description\":\"Blog\",\"publisher\":{\"@id\":\"https:\\\/\\\/www.berg-freunde.ch\\\/blog\\\/#organization\"},\"potentialAction\":[{\"@type\":\"SearchAction\",\"target\":{\"@type\":\"EntryPoint\",\"urlTemplate\":\"https:\\\/\\\/www.berg-freunde.ch\\\/blog\\\/?s={search_term_string}\"},\"query-input\":{\"@type\":\"PropertyValueSpecification\",\"valueRequired\":true,\"valueName\":\"search_term_string\"}}],\"inLanguage\":\"de-CH\"},{\"@type\":\"Organization\",\"@id\":\"https:\\\/\\\/www.berg-freunde.ch\\\/blog\\\/#organization\",\"name\":\"Bergfreunde\",\"url\":\"https:\\\/\\\/www.berg-freunde.ch\\\/blog\\\/\",\"logo\":{\"@type\":\"ImageObject\",\"inLanguage\":\"de-CH\",\"@id\":\"https:\\\/\\\/www.berg-freunde.ch\\\/blog\\\/#\\\/schema\\\/logo\\\/image\\\/\",\"url\":\"https:\\\/\\\/www.berg-freunde.ch\\\/blog\\\/wp-content\\\/uploads\\\/2023\\\/12\\\/Bergfreunde_DE_rgb.svg\",\"contentUrl\":\"https:\\\/\\\/www.berg-freunde.ch\\\/blog\\\/wp-content\\\/uploads\\\/2023\\\/12\\\/Bergfreunde_DE_rgb.svg\",\"caption\":\"Bergfreunde\"},\"image\":{\"@id\":\"https:\\\/\\\/www.berg-freunde.ch\\\/blog\\\/#\\\/schema\\\/logo\\\/image\\\/\"},\"sameAs\":[\"https:\\\/\\\/www.facebook.com\\\/bergfreunde\",\"https:\\\/\\\/www.instagram.com\\\/bergfreundede\\\/\"]},{\"@type\":\"Person\",\"@id\":\"https:\\\/\\\/www.berg-freunde.ch\\\/blog\\\/#\\\/schema\\\/person\\\/0be5fb2399f7af8673f0e675d4964f8d\",\"name\":\"Lisa\",\"url\":\"https:\\\/\\\/www.berg-freunde.ch\\\/blog\\\/about\\\/lisa-kopas\\\/\"}]}<\/script>\n<!-- \/ Yoast SEO Premium plugin. -->","yoast_head_json":{"title":"Hochtourenbekleidung 1x1: Welche Kleider am Gletscher? | Bergfreunde","description":"Welche Hochtourenbekleidung eignet sich? Alles zum Zwiebelprinzip: Baselayer, Midlayer, Toplayer. Eine Kaufberatung.","robots":{"index":"index","follow":"follow","max-snippet":"max-snippet:-1","max-image-preview":"max-image-preview:large","max-video-preview":"max-video-preview:-1"},"canonical":"https:\/\/www.berg-freunde.ch\/blog\/das-1x1-der-bergklamotten-hochtourenbekleidung-eine-uebersicht\/","og_locale":"de_DE","og_type":"article","og_title":"Das 1x1 der Bergklamotten: Hochtourenbekleidung - eine \u00dcbersicht","og_description":"Welche Hochtourenbekleidung eignet sich? Alles zum Zwiebelprinzip: Baselayer, Midlayer, Toplayer. Eine Kaufberatung.","og_url":"https:\/\/www.berg-freunde.ch\/blog\/das-1x1-der-bergklamotten-hochtourenbekleidung-eine-uebersicht\/","og_site_name":"Bergfreunde","article_publisher":"https:\/\/www.facebook.com\/bergfreunde","article_published_time":"2022-06-07T08:03:00+00:00","article_modified_time":"2023-01-12T09:24:49+00:00","og_image":[{"width":1440,"height":948,"url":"https:\/\/www.bergfreunde.de\/blog\/wp-content\/uploads\/2016\/06\/shutterstock_1176226642.jpg","type":"image\/jpeg"}],"author":"Lisa","twitter_card":"summary_large_image","twitter_misc":{"Geschrieben von":"Lisa","Gesch\u00e4tzte Lesezeit":"8\u00a0Minuten"},"schema":{"@context":"https:\/\/schema.org","@graph":[{"@type":["Article","BlogPosting"],"@id":"https:\/\/www.berg-freunde.ch\/blog\/das-1x1-der-bergklamotten-hochtourenbekleidung-eine-uebersicht\/#article","isPartOf":{"@id":"https:\/\/www.berg-freunde.ch\/blog\/das-1x1-der-bergklamotten-hochtourenbekleidung-eine-uebersicht\/"},"author":{"name":"Lisa","@id":"https:\/\/www.berg-freunde.ch\/blog\/#\/schema\/person\/0be5fb2399f7af8673f0e675d4964f8d"},"headline":"Das 1&#215;1 der Bergklamotten: Hochtourenbekleidung &#8211; eine \u00dcbersicht","datePublished":"2022-06-07T08:03:00+00:00","dateModified":"2023-01-12T09:24:49+00:00","mainEntityOfPage":{"@id":"https:\/\/www.berg-freunde.ch\/blog\/das-1x1-der-bergklamotten-hochtourenbekleidung-eine-uebersicht\/"},"wordCount":1313,"commentCount":4,"publisher":{"@id":"https:\/\/www.berg-freunde.ch\/blog\/#organization"},"image":{"@id":"https:\/\/www.berg-freunde.ch\/blog\/das-1x1-der-bergklamotten-hochtourenbekleidung-eine-uebersicht\/#primaryimage"},"thumbnailUrl":"https:\/\/www.berg-freunde.ch\/blog\/wp-content\/uploads\/2016\/06\/shutterstock_1176226642.jpg","keywords":["Bergsteigen &amp; Hochtouren","Klettern &amp; Bouldern","Wandern &amp; Trekking"],"articleSection":["Touren &amp; Reisetipps"],"inLanguage":"de-CH","potentialAction":[{"@type":"CommentAction","name":"Comment","target":["https:\/\/www.berg-freunde.ch\/blog\/das-1x1-der-bergklamotten-hochtourenbekleidung-eine-uebersicht\/#respond"]}]},{"@type":"WebPage","@id":"https:\/\/www.berg-freunde.ch\/blog\/das-1x1-der-bergklamotten-hochtourenbekleidung-eine-uebersicht\/","url":"https:\/\/www.berg-freunde.ch\/blog\/das-1x1-der-bergklamotten-hochtourenbekleidung-eine-uebersicht\/","name":"Hochtourenbekleidung 1x1: Welche Kleider am Gletscher? | Bergfreunde","isPartOf":{"@id":"https:\/\/www.berg-freunde.ch\/blog\/#website"},"primaryImageOfPage":{"@id":"https:\/\/www.berg-freunde.ch\/blog\/das-1x1-der-bergklamotten-hochtourenbekleidung-eine-uebersicht\/#primaryimage"},"image":{"@id":"https:\/\/www.berg-freunde.ch\/blog\/das-1x1-der-bergklamotten-hochtourenbekleidung-eine-uebersicht\/#primaryimage"},"thumbnailUrl":"https:\/\/www.berg-freunde.ch\/blog\/wp-content\/uploads\/2016\/06\/shutterstock_1176226642.jpg","datePublished":"2022-06-07T08:03:00+00:00","dateModified":"2023-01-12T09:24:49+00:00","description":"Welche Hochtourenbekleidung eignet sich? Alles zum Zwiebelprinzip: Baselayer, Midlayer, Toplayer. Eine Kaufberatung.","breadcrumb":{"@id":"https:\/\/www.berg-freunde.ch\/blog\/das-1x1-der-bergklamotten-hochtourenbekleidung-eine-uebersicht\/#breadcrumb"},"inLanguage":"de-CH","potentialAction":[{"@type":"ReadAction","target":["https:\/\/www.berg-freunde.ch\/blog\/das-1x1-der-bergklamotten-hochtourenbekleidung-eine-uebersicht\/"]}]},{"@type":"ImageObject","inLanguage":"de-CH","@id":"https:\/\/www.berg-freunde.ch\/blog\/das-1x1-der-bergklamotten-hochtourenbekleidung-eine-uebersicht\/#primaryimage","url":"https:\/\/www.berg-freunde.ch\/blog\/wp-content\/uploads\/2016\/06\/shutterstock_1176226642.jpg","contentUrl":"https:\/\/www.berg-freunde.ch\/blog\/wp-content\/uploads\/2016\/06\/shutterstock_1176226642.jpg","width":1440,"height":948},{"@type":"BreadcrumbList","@id":"https:\/\/www.berg-freunde.ch\/blog\/das-1x1-der-bergklamotten-hochtourenbekleidung-eine-uebersicht\/#breadcrumb","itemListElement":[{"@type":"ListItem","position":1,"name":"Blog","item":"https:\/\/www.berg-freunde.ch\/blog\/"},{"@type":"ListItem","position":2,"name":"Touren &amp; Reisetipps","item":"https:\/\/www.berg-freunde.ch\/blog\/category\/touren-reisetipps\/"},{"@type":"ListItem","position":3,"name":"Das 1&#215;1 der Bergklamotten: Hochtourenbekleidung &#8211; eine \u00dcbersicht"}]},{"@type":"WebSite","@id":"https:\/\/www.berg-freunde.ch\/blog\/#website","url":"https:\/\/www.berg-freunde.ch\/blog\/","name":"Bergfreunde","description":"Blog","publisher":{"@id":"https:\/\/www.berg-freunde.ch\/blog\/#organization"},"potentialAction":[{"@type":"SearchAction","target":{"@type":"EntryPoint","urlTemplate":"https:\/\/www.berg-freunde.ch\/blog\/?s={search_term_string}"},"query-input":{"@type":"PropertyValueSpecification","valueRequired":true,"valueName":"search_term_string"}}],"inLanguage":"de-CH"},{"@type":"Organization","@id":"https:\/\/www.berg-freunde.ch\/blog\/#organization","name":"Bergfreunde","url":"https:\/\/www.berg-freunde.ch\/blog\/","logo":{"@type":"ImageObject","inLanguage":"de-CH","@id":"https:\/\/www.berg-freunde.ch\/blog\/#\/schema\/logo\/image\/","url":"https:\/\/www.berg-freunde.ch\/blog\/wp-content\/uploads\/2023\/12\/Bergfreunde_DE_rgb.svg","contentUrl":"https:\/\/www.berg-freunde.ch\/blog\/wp-content\/uploads\/2023\/12\/Bergfreunde_DE_rgb.svg","caption":"Bergfreunde"},"image":{"@id":"https:\/\/www.berg-freunde.ch\/blog\/#\/schema\/logo\/image\/"},"sameAs":["https:\/\/www.facebook.com\/bergfreunde","https:\/\/www.instagram.com\/bergfreundede\/"]},{"@type":"Person","@id":"https:\/\/www.berg-freunde.ch\/blog\/#\/schema\/person\/0be5fb2399f7af8673f0e675d4964f8d","name":"Lisa","url":"https:\/\/www.berg-freunde.ch\/blog\/about\/lisa-kopas\/"}]}},"_links":{"self":[{"href":"https:\/\/www.berg-freunde.ch\/blog\/wp-json\/wp\/v2\/posts\/65615","targetHints":{"allow":["GET"]}}],"collection":[{"href":"https:\/\/www.berg-freunde.ch\/blog\/wp-json\/wp\/v2\/posts"}],"about":[{"href":"https:\/\/www.berg-freunde.ch\/blog\/wp-json\/wp\/v2\/types\/post"}],"author":[{"embeddable":true,"href":"https:\/\/www.berg-freunde.ch\/blog\/wp-json\/wp\/v2\/users\/18"}],"replies":[{"embeddable":true,"href":"https:\/\/www.berg-freunde.ch\/blog\/wp-json\/wp\/v2\/comments?post=65615"}],"version-history":[{"count":0,"href":"https:\/\/www.berg-freunde.ch\/blog\/wp-json\/wp\/v2\/posts\/65615\/revisions"}],"wp:featuredmedia":[{"embeddable":true,"href":"https:\/\/www.berg-freunde.ch\/blog\/wp-json\/wp\/v2\/media\/65617"}],"wp:attachment":[{"href":"https:\/\/www.berg-freunde.ch\/blog\/wp-json\/wp\/v2\/media?parent=65615"}],"wp:term":[{"taxonomy":"category","embeddable":true,"href":"https:\/\/www.berg-freunde.ch\/blog\/wp-json\/wp\/v2\/categories?post=65615"},{"taxonomy":"post_tag","embeddable":true,"href":"https:\/\/www.berg-freunde.ch\/blog\/wp-json\/wp\/v2\/tags?post=65615"},{"taxonomy":"post_folder","embeddable":true,"href":"https:\/\/www.berg-freunde.ch\/blog\/wp-json\/wp\/v2\/post_folder?post=65615"}],"curies":[{"name":"wp","href":"https:\/\/api.w.org\/{rel}","templated":true}]}}