{"id":65672,"date":"2022-06-01T08:36:00","date_gmt":"2022-06-01T06:36:00","guid":{"rendered":"https:\/\/www.bergfreunde.de\/blog\/zwei-bergfreundinnen-im-boulderurlaub-auf-korsika\/"},"modified":"2026-01-23T09:27:21","modified_gmt":"2026-01-23T08:27:21","slug":"zwei-bergfreundinnen-im-boulderurlaub-auf-korsika","status":"publish","type":"post","link":"https:\/\/www.berg-freunde.ch\/blog\/zwei-bergfreundinnen-im-boulderurlaub-auf-korsika\/","title":{"rendered":"Zwei Bergfreundinnen im Boulderurlaub auf Korsika"},"content":{"rendered":"<div class=\"wp-block-image\">\n<figure class=\"aligncenter is-resized\"><a href=\"https:\/\/www.bergfreunde.de\/blog\/wp-content\/uploads\/2021\/05\/oxid-award-2012.jpg\"><img fetchpriority=\"high\" decoding=\"async\" src=\"https:\/\/www.bergfreunde.de\/blog\/wp-content\/uploads\/2021\/05\/IMG_0987-scaled.jpg\" alt=\"Westk\u00fcste Korsikas\" class=\"wp-image-9687\" width=\"830\" height=\"623\"\/><\/a><figcaption class=\"wp-element-caption\">Traumhafter Blick auf die Westk\u00fcste Korsikas<\/figcaption><\/figure>\n<\/div>\n\n\n<p>Ganz am Anfang stand die Idee, in Boulderurlaub zu fahren, und eigentlich sollte es nach Bleau gehen, doch eine Mittagspause und einen Blogbeitrag von alpboulder.de sp\u00e4ter stand fest, dass unser Ziel die sch\u00f6ne Mittelmeerinsel Korsika wird.<\/p>\n\n\n\n<p>Weniger Leute, mal was Neues und die M\u00f6glichkeit, neben dem Bouldern auch Wandern zu k\u00f6nnen, sprachen f\u00fcr die Insel im Mittelmeer. Ich gebe zu, die Bilder von wundersch\u00f6nen Bl\u00f6cken in Strandn\u00e4he waren das Z\u00fcnglein an der Waage.<\/p>\n\n\n\n<h2 class=\"wp-block-heading\" id=\"h-ausrustung-soll-gut-bedacht-sein\">Ausr\u00fcstung soll gut bedacht sein<\/h2>\n\n\n\n<p>Auf eine Rundmail im B\u00fcro, wer noch einen Kocher hat den er mir leihen kann, bekam ich schlappe neun Antworten und konnte aus einem reichhaltigen Angebot aussuchen. Ich entschied mich f\u00fcr Ollis <a title=\"Jetboil Helios 200\" href=\"https:\/\/www.bergfreunde.de\/marken\/jetboil\/outdoor-kocher\/\" target=\"_blank\" rel=\"noopener\">Jetboil Helios 200 <\/a>und nahm gleich noch seine <a title=\"Exped Down Mat 7\" href=\"https:\/\/www.bergfreunde.de\/exped-downmat-7-isomatte\/\">Exped DownMat 7<\/a> mit dazu. Dieser Mail folgten dann noch weitere, die am Ende ein reiches Angebot an feinen Sachen lieferten, die wir uns f\u00fcr den Urlaub h\u00e4tten ausleihen k\u00f6nnen. Da wir mit einem eher kleinen Auto unterwegs waren, stelle sich recht schnell die Frage, was wir wirklich und tats\u00e4chlich brauchen; Casjens <a title=\"Tarps und Zelte bei den Bergfreunden\" href=\"https:\/\/www.bergfreunde.de\/tarps-planenzelte\/\">Tarp<\/a> und Jaschas K\u00fchlbox mussten aber auf jeden Fall noch mit.<\/p>\n\n\n<div class=\"wp-block-image\">\n<figure class=\"alignleft is-resized\"><a href=\"https:\/\/www.bergfreunde.de\/blog\/wp-content\/uploads\/2021\/05\/IMG_0974-scaled.jpg\"><img decoding=\"async\" src=\"https:\/\/www.bergfreunde.de\/blog\/wp-content\/uploads\/2021\/05\/IMG_0974-scaled.jpg\" alt=\"Abendessen mit dem Campingkocher zubereitet\" class=\"wp-image-9643\" width=\"280\" height=\"350\"\/><\/a><figcaption class=\"wp-element-caption\">Zum Abendessen gibt es Pasta&#8230;und Wein.<\/figcaption><\/figure>\n<\/div>\n\n\n<h2 class=\"wp-block-heading\" id=\"h-auf-richtung-suden\">Auf, Richtung S\u00fcden<\/h2>\n\n\n\n<p>Dann ging es los. Wir, unsere <a title=\"Crashpads bei Bergfreunde.de\" href=\"https:\/\/www.bergfreunde.de\/crashpads\/\">Crashpads<\/a>, ein <a title=\"Zelte bei den Bergfreunden\" href=\"https:\/\/www.bergfreunde.de\/zelte\/\">Zelt<\/a>, eine <a href=\"https:\/\/www.berg-freunde.ch\/haengematten\/\">H\u00e4ngematte<\/a>, Kochgeschirr und ein Twingo machten sich auf den Weg Richtung S\u00fcden.<\/p>\n\n\n\n<p>Erstes Ziel, nach einer sch\u00f6nen Fahrt durch die Schweiz und Italien, inklusive Sonnenaufgang vor malerischem Alpenpanorama mit See und zahlreichen italienischen, wildhupenden Verkehrsrowdies, war Corte im Hinterland der Insel.<\/p>\n\n\n\n<p>\u00dcber den Boulderf\u00fchrer fanden wir einen kleinen, einfachen und sehr sympathischen Campingplatz, der f\u00fcr die ersten f\u00fcnf N\u00e4chte unser Zuhause wurde. Mitten in der ersten Nacht weckte mich die Sturmwarnungsfunktion der <a title=\"Suunto Core Multifunktionsuhr\" href=\"https:\/\/www.bergfreunde.de\/suunto-core-multifunktionsuhr\/\">Suunto Core<\/a>, die ich zum Testen mitgenommen hatte. Und leider sollte sie Recht behalten, denn in den folgenden Stunden wurde mein <a href=\"https:\/\/www.berg-freunde.ch\/zelte\/\">Zelt<\/a> noch eingehend auf seine Wasserdichtigkeit getestet \u2013 und bestand.<\/p>\n\n\n<div class=\"wp-block-image\">\n<figure class=\"alignright is-resized\"><a href=\"https:\/\/www.bergfreunde.de\/blog\/wp-content\/uploads\/2021\/05\/IMG_10442-scaled.jpg\"><img decoding=\"async\" src=\"https:\/\/www.bergfreunde.de\/blog\/wp-content\/uploads\/2021\/05\/IMG_10442-scaled.jpg\" alt=\"Crashpad als Campingcouch\" class=\"wp-image-9676\" width=\"350\" height=\"250\"\/><\/a><figcaption class=\"wp-element-caption\">1a Campingcouch so ein Crashpad<\/figcaption><\/figure>\n<\/div>\n\n\n<h2 class=\"wp-block-heading\" id=\"h-corte-und-umgebung\">Corte und Umgebung<\/h2>\n\n\n\n<p>Corte (gesprochen Cort\u00e9) ist eine h\u00fcbsche Stadt, die relativ in der Mitte der Insel in den Bergen liegt. Hier finden sich, vor allem in der Nebensaison, kaum Touristen und das Leben scheint einen wunderbar entspannten Gang zu gehen. Definitiv erw\u00e4hnen sollte man die zahlreichen kleinen Konditoreien, die allerlei unversch\u00e4mt leckere Sachen herstellen. Man sollte sich die Zeit nehmen, sie alle durchzuprobieren, wie wir es gemacht haben. Naja, einen Gro\u00dfteil zumindest.<\/p>\n\n\n\n<p>Bei Corte beginnt auch das Restonica Tal, das fast allen Korsika Urlaubern ein Begriff ist. Zu Recht, denn es bietet neben traumhaften Aussichten, Kletterw\u00e4nden, sch\u00f6nen Wanderwegen und einem bekannten Campingplatz auch zahlreiche Boulderspots. Ein paar haben wir uns angesehen.<\/p>\n\n\n\n<p>Wie eigentlich fast \u00fcberall auf Korsika bouldert man hier an Granitbl\u00f6cken, die wahlweise entweder am Fluss oder oberhalb der Stra\u00dfe im Wald liegen. Hier sind die Spots am Wasser zu empfehlen, da sie zum einen unheimlich malerisch sind und sch\u00f6ne Pl\u00e4tze f\u00fcr Mittagspausen oder Schwimmeinlagen liefern. Die Bl\u00f6cke im Wald hingegen sind zum Teil von garstigen Dornenb\u00fcschen umgeben, die den Zustieg und das Bewegen zwischen den Bl\u00f6cken auf Dauer sehr M\u00fchsam machen k\u00f6nnen. Auf jeden Fall sollte man lange<a title=\"Boulderhosen bei Bergfreunde.de\" href=\"https:\/\/www.bergfreunde.de\/boulderhosen\/\"> Boulderhosen<\/a> und gescheite <a title=\"Approachschuhe bei Bergfreunde.de\" href=\"https:\/\/www.bergfreunde.de\/approachschuhe\/\">Approachschuhe<\/a> tragen. Paulas <a title=\"Sandalen und Sneaker von Sanuk\" href=\"https:\/\/www.bergfreunde.de\/marken\/sanuk\/\">San\u00fcks <\/a>waren da leider nicht so gut.<\/p>\n\n\n<div class=\"wp-block-image\">\n<figure class=\"alignright size-large is-resized\"><a href=\"https:\/\/www.bergfreunde.de\/blog\/wp-content\/uploads\/2021\/05\/paula-korsika.jpg\"><img loading=\"lazy\" decoding=\"async\" src=\"https:\/\/www.bergfreunde.de\/blog\/wp-content\/uploads\/2021\/05\/paula-korsika.jpg\" alt=\"Paula bouldert in Gerard Gajolle\" width=\"270\" height=\"350\"\/><\/a><figcaption class=\"wp-element-caption\">Solange die Haut h\u00e4lt. Paula in &#171;Gerard Gajolle&#187;<\/figcaption><\/figure>\n<\/div>\n\n\n<h3 class=\"wp-block-heading\">Ruhepausen f\u00fcr die Haut<\/h3>\n\n\n\n<p>Auch wenn die Bl\u00f6cke im Restonica Tal, verglichen mit denen im S\u00fcden, noch recht human sind, sollte man sich doch darauf einstellen, viel Haut zu lassen. Die Boulderdauer unterliegt somit einer nat\u00fcrlichen Grenze und man sollte ausreichend Ruhetage einrechnen, damit die Haut nachwachsen kann. Der Schwierigkeitsbereich bewegt sich zwischen 3 und 7. H\u00f6here Schwierigkeitsgrade sind eher selten und dann auch weit verstreut.<\/p>\n\n\n\n<p>Wer sich an dem<a title=\"Boulderf\u00fchrer bei Bergfreunde.de\" href=\"https:\/\/www.bergfreunde.de\/association-filigrane-bouldering-in-corsica-corsica-bloc-boulderfuehrer\/\"> Boulderf\u00fchrer <\/a><em><a title=\"Boulderf\u00fchrer bei Bergfreunde.de\" href=\"https:\/\/www.bergfreunde.de\/association-filigrane-bouldering-in-corsica-corsica-bloc-boulderfuehrer\/\">Corsica Bloc<\/a> <\/em>orientiert, sollte wissen, dass bei der Beschreibung des Boulderspots <em>Bernadette<\/em> im Restonica Tal der Topo fehlt. Da ist wohl beim Druck eine Seite verloren gegangen. Und bei dem Gebiet <em>Reservoir Dogs<\/em> liegen die Bl\u00f6cke nicht Richtung Fluss, sondern auf der gegen\u00fcberliegenden Stra\u00dfenseite im Wald.<\/p>\n\n\n\n<p>Da unsere H\u00e4nde t\u00e4gliches Bouldern nicht zulie\u00dfen, hatten wir wohlweislich einen Wanderf\u00fchrer mitgebracht. Neben dem Restonica Tal zieht sich ein zweites in die Berge. Dieses ist komplett autofrei und bietet einfache kurze Wanderstrecken f\u00fcr Anf\u00e4nger bis hin zu mehrt\u00e4gigen Ausfl\u00fcgen in Nachbart\u00e4ler. Hier k\u00f6nnen Wanderer wundersch\u00f6ne Aussichten auf Bergfl\u00fcsse, Badegelegenheiten in traumhaften Gumpen und eine sehr abwechslungsreiche Natur und Flora genie\u00dfen. Der Wanderweg verl\u00e4uft recht exponiert, was man bei gro\u00dfer Hitze ber\u00fccksichtigen sollte.<\/p>\n\n\n\n<h2 class=\"wp-block-heading\" id=\"h-ausflug-an-die-westkuste-von-korsika\">Ausflug an die Westk\u00fcste von Korsika<\/h2>\n\n\n<div class=\"wp-block-image\">\n<figure class=\"aligncenter is-resized\"><a href=\"https:\/\/www.bergfreunde.de\/blog\/wp-content\/uploads\/2021\/05\/IMG_09921-scaled.jpg\"><img loading=\"lazy\" decoding=\"async\" src=\"https:\/\/www.bergfreunde.de\/blog\/wp-content\/uploads\/2021\/05\/IMG_09921-scaled.jpg\" alt=\"Paula auf dem Gipfel des Punta Castellacciu\" class=\"wp-image-9679\" width=\"845\" height=\"634\"\/><\/a><figcaption class=\"wp-element-caption\">Paula auf dem Gipfel des Punta Castellacciu<\/figcaption><\/figure>\n<\/div>\n\n\n<p>An einem weiteren Ruhetag entschlossen wir uns zu einem Ausflug an die Westk\u00fcste der Insel. Nach einem Blick in unseren Wanderf\u00fchrer entschieden wir uns f\u00fcr eine Tour auf den Punta Castellacciu (585m) und den daneben liegenden Monte Senino (618m) Eine angenehme Wanderung von 6 Stunden mit ein paar h\u00fcbschen Klettereinlagen, die aber keine Absicherung ben\u00f6tigen. Wir wurden nicht entt\u00e4uscht. Auch wenn die Wegfindung durch die Beschreibung im F\u00fchrer eher abenteuerlich war, konnte man sich voll und ganz auf die Steinm\u00e4nnchen verlassen, und so blieb der F\u00fchrer bald im Rucksack.<\/p>\n\n\n\n<h2 class=\"wp-block-heading\" id=\"h-weiter-in-den-suden-von-korsika\">Weiter in den S\u00fcden von Korsika<\/h2>\n\n\n\n<p>Der Boulderf\u00fchrer versprach uns im S\u00fcden spektakul\u00e4re Boulderbl\u00f6cke direkt am Strand bei <em>Capineru<\/em>. Somit verabschiedeten wir uns von unserem geliebten kleinen Campingplatz und brachen ans andere Ende der Insel auf.<\/p>\n\n\n\n<p>Das Bouldergebiet westlich von Bonifacio ist wirklich leicht zu finden und bietet neben sch\u00f6nen Bouldern eine tolle Kulisse, um Bilder zu machen. Leider ist der Fels hier noch rauer als bei Corte, und schon nach wenigen Bouldern brauchen die H\u00e4nde eine Pause.<\/p>\n\n\n<div class=\"wp-block-image\">\n<figure class=\"alignleft is-resized\"><a href=\"https:\/\/www.bergfreunde.de\/blog\/wp-content\/uploads\/2021\/05\/IMG_1120-scaled.jpg\"><img loading=\"lazy\" decoding=\"async\" src=\"https:\/\/www.bergfreunde.de\/blog\/wp-content\/uploads\/2021\/05\/IMG_1120-scaled.jpg\" alt=\"Person bouldert in Strandn\u00e4he\" class=\"wp-image-9671\" width=\"350\" height=\"250\"\/><\/a><figcaption class=\"wp-element-caption\">Bouldern in Strandn\u00e4he<\/figcaption><\/figure>\n<\/div>\n\n\n<p>Erschwerend kommt hier noch hinzu, dass viele Boulder Highballs sind. Allein das ist ja schon Geschmackssache, wenn der Wind aber so stark Pustet, dass es regelm\u00e4\u00dfig unter einem die Bouldermatte wegweht, dann bekommt ein Highball noch mal eine ganz neue Komponente.<\/p>\n","protected":false},"excerpt":{"rendered":"<p>Ganz am Anfang stand die Idee, in Boulderurlaub zu fahren, und eigentlich sollte es nach Bleau gehen, doch eine Mittagspause und einen Blogbeitrag von alpboulder.de sp\u00e4ter stand fest, dass unser Ziel die sch\u00f6ne Mittelmeerinsel Korsika wird. Weniger Leute, mal was Neues und die M\u00f6glichkeit, neben dem Bouldern auch Wandern zu k\u00f6nnen, sprachen f\u00fcr die Insel [&hellip;]<\/p>\n","protected":false},"author":25,"featured_media":78818,"comment_status":"open","ping_status":"closed","sticky":false,"template":"","format":"standard","meta":{"_acf_changed":false,"footnotes":""},"categories":[288],"tags":[273,276],"post_folder":[],"class_list":["post-65672","post","type-post","status-publish","format-standard","has-post-thumbnail","hentry","category-touren-reisetipps","tag-klettern-bouldern","tag-wandern-trekking"],"acf":[],"yoast_head":"<!-- This site is optimized with the Yoast SEO Premium plugin v27.4 (Yoast SEO v27.4) - https:\/\/yoast.com\/product\/yoast-seo-premium-wordpress\/ -->\n<title>Bouldern im Urlaub auf Korsika - Erfahrungen<\/title>\n<meta name=\"description\" content=\"Zwei Bergfreundinnen im Boulderurlaub auf Korsika - unsere Erfahrungen und Highlights der sch\u00f6nen Insel teilen wir in diesem Beitrag mit euch.\" \/>\n<meta name=\"robots\" content=\"index, follow, max-snippet:-1, max-image-preview:large, max-video-preview:-1\" \/>\n<link rel=\"canonical\" href=\"https:\/\/www.berg-freunde.ch\/blog\/zwei-bergfreundinnen-im-boulderurlaub-auf-korsika\/\" \/>\n<meta property=\"og:locale\" content=\"de_DE\" \/>\n<meta property=\"og:type\" content=\"article\" \/>\n<meta property=\"og:title\" content=\"Zwei Bergfreundinnen im Boulderurlaub auf Korsika\" \/>\n<meta property=\"og:description\" content=\"Zwei Bergfreundinnen im Boulderurlaub auf Korsika - unsere Erfahrungen und Highlights der sch\u00f6nen Insel teilen wir in diesem Beitrag mit euch.\" \/>\n<meta property=\"og:url\" content=\"https:\/\/www.berg-freunde.ch\/blog\/zwei-bergfreundinnen-im-boulderurlaub-auf-korsika\/\" \/>\n<meta property=\"og:site_name\" content=\"Bergfreunde\" \/>\n<meta property=\"article:publisher\" content=\"https:\/\/www.facebook.com\/bergfreunde\" \/>\n<meta property=\"article:published_time\" content=\"2022-06-01T06:36:00+00:00\" \/>\n<meta property=\"article:modified_time\" content=\"2026-01-23T08:27:21+00:00\" \/>\n<meta property=\"og:image\" content=\"https:\/\/www.berg-freunde.ch\/blog\/wp-content\/uploads\/2022\/06\/coast-g99c82436a_1920.jpg\" \/>\n\t<meta property=\"og:image:width\" content=\"1920\" \/>\n\t<meta property=\"og:image:height\" content=\"1280\" \/>\n\t<meta property=\"og:image:type\" content=\"image\/jpeg\" \/>\n<meta name=\"author\" content=\"Gastautorin\" \/>\n<meta name=\"twitter:card\" content=\"summary_large_image\" \/>\n<meta name=\"twitter:label1\" content=\"Geschrieben von\" \/>\n\t<meta name=\"twitter:data1\" content=\"Gastautorin\" \/>\n\t<meta name=\"twitter:label2\" content=\"Gesch\u00e4tzte Lesezeit\" \/>\n\t<meta name=\"twitter:data2\" content=\"5\u00a0Minuten\" \/>\n<script type=\"application\/ld+json\" class=\"yoast-schema-graph\">{\"@context\":\"https:\\\/\\\/schema.org\",\"@graph\":[{\"@type\":[\"Article\",\"BlogPosting\"],\"@id\":\"https:\\\/\\\/www.berg-freunde.ch\\\/blog\\\/zwei-bergfreundinnen-im-boulderurlaub-auf-korsika\\\/#article\",\"isPartOf\":{\"@id\":\"https:\\\/\\\/www.berg-freunde.ch\\\/blog\\\/zwei-bergfreundinnen-im-boulderurlaub-auf-korsika\\\/\"},\"author\":{\"name\":\"Gastautorin\",\"@id\":\"https:\\\/\\\/www.berg-freunde.ch\\\/blog\\\/#\\\/schema\\\/person\\\/b2501727decd6d6c101a99837dfde824\"},\"headline\":\"Zwei Bergfreundinnen im Boulderurlaub auf Korsika\",\"datePublished\":\"2022-06-01T06:36:00+00:00\",\"dateModified\":\"2026-01-23T08:27:21+00:00\",\"mainEntityOfPage\":{\"@id\":\"https:\\\/\\\/www.berg-freunde.ch\\\/blog\\\/zwei-bergfreundinnen-im-boulderurlaub-auf-korsika\\\/\"},\"wordCount\":1030,\"commentCount\":5,\"publisher\":{\"@id\":\"https:\\\/\\\/www.berg-freunde.ch\\\/blog\\\/#organization\"},\"image\":{\"@id\":\"https:\\\/\\\/www.berg-freunde.ch\\\/blog\\\/zwei-bergfreundinnen-im-boulderurlaub-auf-korsika\\\/#primaryimage\"},\"thumbnailUrl\":\"https:\\\/\\\/www.berg-freunde.ch\\\/blog\\\/wp-content\\\/uploads\\\/2022\\\/06\\\/coast-g99c82436a_1920.jpg\",\"keywords\":[\"Klettern &amp; Bouldern\",\"Wandern &amp; Trekking\"],\"articleSection\":[\"Touren &amp; Reisetipps\"],\"inLanguage\":\"de-CH\",\"potentialAction\":[{\"@type\":\"CommentAction\",\"name\":\"Comment\",\"target\":[\"https:\\\/\\\/www.berg-freunde.ch\\\/blog\\\/zwei-bergfreundinnen-im-boulderurlaub-auf-korsika\\\/#respond\"]}]},{\"@type\":\"WebPage\",\"@id\":\"https:\\\/\\\/www.berg-freunde.ch\\\/blog\\\/zwei-bergfreundinnen-im-boulderurlaub-auf-korsika\\\/\",\"url\":\"https:\\\/\\\/www.berg-freunde.ch\\\/blog\\\/zwei-bergfreundinnen-im-boulderurlaub-auf-korsika\\\/\",\"name\":\"Bouldern im Urlaub auf Korsika - Erfahrungen\",\"isPartOf\":{\"@id\":\"https:\\\/\\\/www.berg-freunde.ch\\\/blog\\\/#website\"},\"primaryImageOfPage\":{\"@id\":\"https:\\\/\\\/www.berg-freunde.ch\\\/blog\\\/zwei-bergfreundinnen-im-boulderurlaub-auf-korsika\\\/#primaryimage\"},\"image\":{\"@id\":\"https:\\\/\\\/www.berg-freunde.ch\\\/blog\\\/zwei-bergfreundinnen-im-boulderurlaub-auf-korsika\\\/#primaryimage\"},\"thumbnailUrl\":\"https:\\\/\\\/www.berg-freunde.ch\\\/blog\\\/wp-content\\\/uploads\\\/2022\\\/06\\\/coast-g99c82436a_1920.jpg\",\"datePublished\":\"2022-06-01T06:36:00+00:00\",\"dateModified\":\"2026-01-23T08:27:21+00:00\",\"description\":\"Zwei Bergfreundinnen im Boulderurlaub auf Korsika - unsere Erfahrungen und Highlights der sch\u00f6nen Insel teilen wir in diesem Beitrag mit euch.\",\"breadcrumb\":{\"@id\":\"https:\\\/\\\/www.berg-freunde.ch\\\/blog\\\/zwei-bergfreundinnen-im-boulderurlaub-auf-korsika\\\/#breadcrumb\"},\"inLanguage\":\"de-CH\",\"potentialAction\":[{\"@type\":\"ReadAction\",\"target\":[\"https:\\\/\\\/www.berg-freunde.ch\\\/blog\\\/zwei-bergfreundinnen-im-boulderurlaub-auf-korsika\\\/\"]}]},{\"@type\":\"ImageObject\",\"inLanguage\":\"de-CH\",\"@id\":\"https:\\\/\\\/www.berg-freunde.ch\\\/blog\\\/zwei-bergfreundinnen-im-boulderurlaub-auf-korsika\\\/#primaryimage\",\"url\":\"https:\\\/\\\/www.berg-freunde.ch\\\/blog\\\/wp-content\\\/uploads\\\/2022\\\/06\\\/coast-g99c82436a_1920.jpg\",\"contentUrl\":\"https:\\\/\\\/www.berg-freunde.ch\\\/blog\\\/wp-content\\\/uploads\\\/2022\\\/06\\\/coast-g99c82436a_1920.jpg\",\"width\":1920,\"height\":1280},{\"@type\":\"BreadcrumbList\",\"@id\":\"https:\\\/\\\/www.berg-freunde.ch\\\/blog\\\/zwei-bergfreundinnen-im-boulderurlaub-auf-korsika\\\/#breadcrumb\",\"itemListElement\":[{\"@type\":\"ListItem\",\"position\":1,\"name\":\"Blog\",\"item\":\"https:\\\/\\\/www.berg-freunde.ch\\\/blog\\\/\"},{\"@type\":\"ListItem\",\"position\":2,\"name\":\"Touren &amp; Reisetipps\",\"item\":\"https:\\\/\\\/www.berg-freunde.ch\\\/blog\\\/category\\\/touren-reisetipps\\\/\"},{\"@type\":\"ListItem\",\"position\":3,\"name\":\"Zwei Bergfreundinnen im Boulderurlaub auf Korsika\"}]},{\"@type\":\"WebSite\",\"@id\":\"https:\\\/\\\/www.berg-freunde.ch\\\/blog\\\/#website\",\"url\":\"https:\\\/\\\/www.berg-freunde.ch\\\/blog\\\/\",\"name\":\"Bergfreunde\",\"description\":\"Blog\",\"publisher\":{\"@id\":\"https:\\\/\\\/www.berg-freunde.ch\\\/blog\\\/#organization\"},\"potentialAction\":[{\"@type\":\"SearchAction\",\"target\":{\"@type\":\"EntryPoint\",\"urlTemplate\":\"https:\\\/\\\/www.berg-freunde.ch\\\/blog\\\/?s={search_term_string}\"},\"query-input\":{\"@type\":\"PropertyValueSpecification\",\"valueRequired\":true,\"valueName\":\"search_term_string\"}}],\"inLanguage\":\"de-CH\"},{\"@type\":\"Organization\",\"@id\":\"https:\\\/\\\/www.berg-freunde.ch\\\/blog\\\/#organization\",\"name\":\"Bergfreunde\",\"url\":\"https:\\\/\\\/www.berg-freunde.ch\\\/blog\\\/\",\"logo\":{\"@type\":\"ImageObject\",\"inLanguage\":\"de-CH\",\"@id\":\"https:\\\/\\\/www.berg-freunde.ch\\\/blog\\\/#\\\/schema\\\/logo\\\/image\\\/\",\"url\":\"https:\\\/\\\/www.berg-freunde.ch\\\/blog\\\/wp-content\\\/uploads\\\/2023\\\/12\\\/Bergfreunde_DE_rgb.svg\",\"contentUrl\":\"https:\\\/\\\/www.berg-freunde.ch\\\/blog\\\/wp-content\\\/uploads\\\/2023\\\/12\\\/Bergfreunde_DE_rgb.svg\",\"caption\":\"Bergfreunde\"},\"image\":{\"@id\":\"https:\\\/\\\/www.berg-freunde.ch\\\/blog\\\/#\\\/schema\\\/logo\\\/image\\\/\"},\"sameAs\":[\"https:\\\/\\\/www.facebook.com\\\/bergfreunde\",\"https:\\\/\\\/www.instagram.com\\\/bergfreundede\\\/\"]},{\"@type\":\"Person\",\"@id\":\"https:\\\/\\\/www.berg-freunde.ch\\\/blog\\\/#\\\/schema\\\/person\\\/b2501727decd6d6c101a99837dfde824\",\"name\":\"Gastautorin\",\"url\":\"https:\\\/\\\/www.berg-freunde.ch\\\/blog\\\/about\\\/gastautorin\\\/\"}]}<\/script>\n<!-- \/ Yoast SEO Premium plugin. -->","yoast_head_json":{"title":"Bouldern im Urlaub auf Korsika - Erfahrungen","description":"Zwei Bergfreundinnen im Boulderurlaub auf Korsika - unsere Erfahrungen und Highlights der sch\u00f6nen Insel teilen wir in diesem Beitrag mit euch.","robots":{"index":"index","follow":"follow","max-snippet":"max-snippet:-1","max-image-preview":"max-image-preview:large","max-video-preview":"max-video-preview:-1"},"canonical":"https:\/\/www.berg-freunde.ch\/blog\/zwei-bergfreundinnen-im-boulderurlaub-auf-korsika\/","og_locale":"de_DE","og_type":"article","og_title":"Zwei Bergfreundinnen im Boulderurlaub auf Korsika","og_description":"Zwei Bergfreundinnen im Boulderurlaub auf Korsika - unsere Erfahrungen und Highlights der sch\u00f6nen Insel teilen wir in diesem Beitrag mit euch.","og_url":"https:\/\/www.berg-freunde.ch\/blog\/zwei-bergfreundinnen-im-boulderurlaub-auf-korsika\/","og_site_name":"Bergfreunde","article_publisher":"https:\/\/www.facebook.com\/bergfreunde","article_published_time":"2022-06-01T06:36:00+00:00","article_modified_time":"2026-01-23T08:27:21+00:00","og_image":[{"width":1920,"height":1280,"url":"https:\/\/www.berg-freunde.ch\/blog\/wp-content\/uploads\/2022\/06\/coast-g99c82436a_1920.jpg","type":"image\/jpeg"}],"author":"Gastautorin","twitter_card":"summary_large_image","twitter_misc":{"Geschrieben von":"Gastautorin","Gesch\u00e4tzte Lesezeit":"5\u00a0Minuten"},"schema":{"@context":"https:\/\/schema.org","@graph":[{"@type":["Article","BlogPosting"],"@id":"https:\/\/www.berg-freunde.ch\/blog\/zwei-bergfreundinnen-im-boulderurlaub-auf-korsika\/#article","isPartOf":{"@id":"https:\/\/www.berg-freunde.ch\/blog\/zwei-bergfreundinnen-im-boulderurlaub-auf-korsika\/"},"author":{"name":"Gastautorin","@id":"https:\/\/www.berg-freunde.ch\/blog\/#\/schema\/person\/b2501727decd6d6c101a99837dfde824"},"headline":"Zwei Bergfreundinnen im Boulderurlaub auf Korsika","datePublished":"2022-06-01T06:36:00+00:00","dateModified":"2026-01-23T08:27:21+00:00","mainEntityOfPage":{"@id":"https:\/\/www.berg-freunde.ch\/blog\/zwei-bergfreundinnen-im-boulderurlaub-auf-korsika\/"},"wordCount":1030,"commentCount":5,"publisher":{"@id":"https:\/\/www.berg-freunde.ch\/blog\/#organization"},"image":{"@id":"https:\/\/www.berg-freunde.ch\/blog\/zwei-bergfreundinnen-im-boulderurlaub-auf-korsika\/#primaryimage"},"thumbnailUrl":"https:\/\/www.berg-freunde.ch\/blog\/wp-content\/uploads\/2022\/06\/coast-g99c82436a_1920.jpg","keywords":["Klettern &amp; Bouldern","Wandern &amp; Trekking"],"articleSection":["Touren &amp; Reisetipps"],"inLanguage":"de-CH","potentialAction":[{"@type":"CommentAction","name":"Comment","target":["https:\/\/www.berg-freunde.ch\/blog\/zwei-bergfreundinnen-im-boulderurlaub-auf-korsika\/#respond"]}]},{"@type":"WebPage","@id":"https:\/\/www.berg-freunde.ch\/blog\/zwei-bergfreundinnen-im-boulderurlaub-auf-korsika\/","url":"https:\/\/www.berg-freunde.ch\/blog\/zwei-bergfreundinnen-im-boulderurlaub-auf-korsika\/","name":"Bouldern im Urlaub auf Korsika - Erfahrungen","isPartOf":{"@id":"https:\/\/www.berg-freunde.ch\/blog\/#website"},"primaryImageOfPage":{"@id":"https:\/\/www.berg-freunde.ch\/blog\/zwei-bergfreundinnen-im-boulderurlaub-auf-korsika\/#primaryimage"},"image":{"@id":"https:\/\/www.berg-freunde.ch\/blog\/zwei-bergfreundinnen-im-boulderurlaub-auf-korsika\/#primaryimage"},"thumbnailUrl":"https:\/\/www.berg-freunde.ch\/blog\/wp-content\/uploads\/2022\/06\/coast-g99c82436a_1920.jpg","datePublished":"2022-06-01T06:36:00+00:00","dateModified":"2026-01-23T08:27:21+00:00","description":"Zwei Bergfreundinnen im Boulderurlaub auf Korsika - unsere Erfahrungen und Highlights der sch\u00f6nen Insel teilen wir in diesem Beitrag mit euch.","breadcrumb":{"@id":"https:\/\/www.berg-freunde.ch\/blog\/zwei-bergfreundinnen-im-boulderurlaub-auf-korsika\/#breadcrumb"},"inLanguage":"de-CH","potentialAction":[{"@type":"ReadAction","target":["https:\/\/www.berg-freunde.ch\/blog\/zwei-bergfreundinnen-im-boulderurlaub-auf-korsika\/"]}]},{"@type":"ImageObject","inLanguage":"de-CH","@id":"https:\/\/www.berg-freunde.ch\/blog\/zwei-bergfreundinnen-im-boulderurlaub-auf-korsika\/#primaryimage","url":"https:\/\/www.berg-freunde.ch\/blog\/wp-content\/uploads\/2022\/06\/coast-g99c82436a_1920.jpg","contentUrl":"https:\/\/www.berg-freunde.ch\/blog\/wp-content\/uploads\/2022\/06\/coast-g99c82436a_1920.jpg","width":1920,"height":1280},{"@type":"BreadcrumbList","@id":"https:\/\/www.berg-freunde.ch\/blog\/zwei-bergfreundinnen-im-boulderurlaub-auf-korsika\/#breadcrumb","itemListElement":[{"@type":"ListItem","position":1,"name":"Blog","item":"https:\/\/www.berg-freunde.ch\/blog\/"},{"@type":"ListItem","position":2,"name":"Touren &amp; Reisetipps","item":"https:\/\/www.berg-freunde.ch\/blog\/category\/touren-reisetipps\/"},{"@type":"ListItem","position":3,"name":"Zwei Bergfreundinnen im Boulderurlaub auf Korsika"}]},{"@type":"WebSite","@id":"https:\/\/www.berg-freunde.ch\/blog\/#website","url":"https:\/\/www.berg-freunde.ch\/blog\/","name":"Bergfreunde","description":"Blog","publisher":{"@id":"https:\/\/www.berg-freunde.ch\/blog\/#organization"},"potentialAction":[{"@type":"SearchAction","target":{"@type":"EntryPoint","urlTemplate":"https:\/\/www.berg-freunde.ch\/blog\/?s={search_term_string}"},"query-input":{"@type":"PropertyValueSpecification","valueRequired":true,"valueName":"search_term_string"}}],"inLanguage":"de-CH"},{"@type":"Organization","@id":"https:\/\/www.berg-freunde.ch\/blog\/#organization","name":"Bergfreunde","url":"https:\/\/www.berg-freunde.ch\/blog\/","logo":{"@type":"ImageObject","inLanguage":"de-CH","@id":"https:\/\/www.berg-freunde.ch\/blog\/#\/schema\/logo\/image\/","url":"https:\/\/www.berg-freunde.ch\/blog\/wp-content\/uploads\/2023\/12\/Bergfreunde_DE_rgb.svg","contentUrl":"https:\/\/www.berg-freunde.ch\/blog\/wp-content\/uploads\/2023\/12\/Bergfreunde_DE_rgb.svg","caption":"Bergfreunde"},"image":{"@id":"https:\/\/www.berg-freunde.ch\/blog\/#\/schema\/logo\/image\/"},"sameAs":["https:\/\/www.facebook.com\/bergfreunde","https:\/\/www.instagram.com\/bergfreundede\/"]},{"@type":"Person","@id":"https:\/\/www.berg-freunde.ch\/blog\/#\/schema\/person\/b2501727decd6d6c101a99837dfde824","name":"Gastautorin","url":"https:\/\/www.berg-freunde.ch\/blog\/about\/gastautorin\/"}]}},"_links":{"self":[{"href":"https:\/\/www.berg-freunde.ch\/blog\/wp-json\/wp\/v2\/posts\/65672","targetHints":{"allow":["GET"]}}],"collection":[{"href":"https:\/\/www.berg-freunde.ch\/blog\/wp-json\/wp\/v2\/posts"}],"about":[{"href":"https:\/\/www.berg-freunde.ch\/blog\/wp-json\/wp\/v2\/types\/post"}],"author":[{"embeddable":true,"href":"https:\/\/www.berg-freunde.ch\/blog\/wp-json\/wp\/v2\/users\/25"}],"replies":[{"embeddable":true,"href":"https:\/\/www.berg-freunde.ch\/blog\/wp-json\/wp\/v2\/comments?post=65672"}],"version-history":[{"count":1,"href":"https:\/\/www.berg-freunde.ch\/blog\/wp-json\/wp\/v2\/posts\/65672\/revisions"}],"predecessor-version":[{"id":130149,"href":"https:\/\/www.berg-freunde.ch\/blog\/wp-json\/wp\/v2\/posts\/65672\/revisions\/130149"}],"wp:featuredmedia":[{"embeddable":true,"href":"https:\/\/www.berg-freunde.ch\/blog\/wp-json\/wp\/v2\/media\/78818"}],"wp:attachment":[{"href":"https:\/\/www.berg-freunde.ch\/blog\/wp-json\/wp\/v2\/media?parent=65672"}],"wp:term":[{"taxonomy":"category","embeddable":true,"href":"https:\/\/www.berg-freunde.ch\/blog\/wp-json\/wp\/v2\/categories?post=65672"},{"taxonomy":"post_tag","embeddable":true,"href":"https:\/\/www.berg-freunde.ch\/blog\/wp-json\/wp\/v2\/tags?post=65672"},{"taxonomy":"post_folder","embeddable":true,"href":"https:\/\/www.berg-freunde.ch\/blog\/wp-json\/wp\/v2\/post_folder?post=65672"}],"curies":[{"name":"wp","href":"https:\/\/api.w.org\/{rel}","templated":true}]}}