{"id":66191,"date":"2022-04-15T11:10:00","date_gmt":"2022-04-15T09:10:00","guid":{"rendered":"https:\/\/www.bergfreunde.de\/blog\/erste-hilfe-ernstfall-vorbereiten\/"},"modified":"2023-09-15T11:53:55","modified_gmt":"2023-09-15T09:53:55","slug":"erste-hilfe-ernstfall-vorbereiten","status":"publish","type":"post","link":"https:\/\/www.berg-freunde.ch\/blog\/erste-hilfe-ernstfall-vorbereiten\/","title":{"rendered":"Vorbeugende Erste-Hilfe-Ma\u00dfnahmen \u2013 Wie kann ich mich auf einen Ernstfall vorbereiten?"},"content":{"rendered":"\n<p>Wer gut vorbereitet ist, der hat es im Ernstfall leichter. Eine gute Vorbereitung zielt aber nicht nur darauf ab, das notwendige Equipment f\u00fcr die erste Hilfe dabei zu haben, sondern auch zu wissen, wie man damit umgeht. Au\u00dferdem kann der Einsatz von Rettungskr\u00e4ften schnell hohe Kosten verursachen. Daher ist es auch ratsam, an die eigene finanzielle Absicherung zu denken. Wie man sich bereits im Vorfeld auf einen m\u00f6glichen Ernstfall vorbereiten kann, haben wir f\u00fcr euch einmal hier zusammengefasst.<\/p>\n\n\n\n<p><strong><a href=\"https:\/\/www.bergfreunde.de\/blog\/verhalten-bei-unfaellen-wie-man-es-als-ersthelfer-richtig-macht\/\">Hier geht&#8217;s zu Teil 1<\/a>: Was tun als Ersthelfer<\/strong><\/p>\n\n\n\n<p><strong><a href=\"https:\/\/www.berg-freunde.ch\/blog\/was-bei-sportverletzungen-zu-tun-ist\/\">Hier geht&#8217;s zu Teil 2:<\/a> Was bei Sportverletzungen zutun ist<\/strong><\/p>\n\n\n\n<h2 class=\"wp-block-heading\" id=\"h-erste-hilfe-ausrustung-der-erste-weg-zur-besserung\">Erste-Hilfe-Ausr\u00fcstung \u2013 Der erste Weg zur Besserung<\/h2>\n\n\n<div class=\"wp-block-image\">\n<figure class=\"alignright size-large is-resized\"><a href=\"https:\/\/www.bergfreunde.de\/blog\/wp-content\/uploads\/2021\/05\/Unfallserie-3-Erste-Hilfe-Set-Ausstattung.jpg\"><img fetchpriority=\"high\" decoding=\"async\" src=\"https:\/\/www.bergfreunde.de\/blog\/wp-content\/uploads\/2021\/05\/Unfallserie-3-Erste-Hilfe-Set-Ausstattung.jpg\" alt=\"Erste-Hilfe-Set\" style=\"width:351px;height:263px\" width=\"351\" height=\"263\"\/><\/a><figcaption class=\"wp-element-caption\">Auch wenn man hofft, dass man es nie ben\u00f6tigt: Ein Erste-Hilfe-Set sollte bei jeder Tour am Berg dabei sein. So kann der Inhalt beispielsweise aussehen. Foto: <a href=\"https:\/\/www.berg-freunde.ch\/marken\/ortovox\/\">Ortovox<\/a><\/figcaption><\/figure>\n<\/div>\n\n\n<p>Eigentlich ist es ganz einfach: Haste nix dabei, kannste auch nix machen\u2026 Oder es wird zumindest sehr umst\u00e4ndlich. Daher geh\u00f6rt eigentlich in jeden Kletter-, Skitouren- oder auch <a href=\"https:\/\/www.berg-freunde.ch\/trekkingrucksaecke\/\">Trekkingrucksack<\/a> ein gut ausgestattetes und geeignetes <strong>Erste-Hilfe-Set<\/strong>. Erste-Hilfe-Beutel dieser Art gibt es von den unterschiedlichsten Herstellern bereits fertig best\u00fcckt. Je nach Einsatzbereich und Packma\u00df f\u00e4llt der Inhalt dabei selbstverst\u00e4ndlich sehr unterschiedlich aus.<\/p>\n\n\n\n<p>Worauf es also bei einer guten Erste-Hilfe-Ausr\u00fcstung ankommt und worauf man dabei achten sollte, dazu hat sich der Kollege Stephan in seinem Blogbeitrag \u201e<a href=\"https:\/\/www.berg-freunde.ch\/blog\/kaufberatung-erste-hilfe-sets\/\">Rucksackapotheke f\u00fcr die Erste Hilfe<\/a>\u201c einmal ein paar weiterf\u00fchrende Gedanken gemacht. Wer also genau wissen will, worauf es bei der Anschaffung eines neuen Erste-Hilfe-Beutels ankommt, der ist bei diesem Blogbeitrag genau richtig.<\/p>\n\n\n\n<p>Doch auch wenn der Erste-Hilfe-Beutel gezielt ausgew\u00e4hlt wurde und optimal auf die pers\u00f6nlichen Bed\u00fcrfnisse abgestimmt ist, lohnt es sich ihm hin und wieder ein bisschen Liebe zukommen zu lassen. Denn gerade alte Verbandstaschen und -k\u00e4sten leiden mit der Zeit erheblich, beziehungsweise deren Inhalt.<\/p>\n\n\n\n<p>Gerade wenn das Material st\u00e4ndig im Rucksack umher getragen wird und mitunter starken Temperaturschwankungen ausgesetzt ist, kommt es unweigerlich zur <strong>Materialalterung<\/strong>. Heftpflaster kleben nicht mehr, Alkoholtupfer trocknen aus, Einmalhandschuhe werden por\u00f6s und so weiter und so fort. Au\u00dferdem gibt es auch steriles Verbandsmaterial, das ein offizielles <strong>Ablaufdatum <\/strong>hat und danach eben nicht mehr steril ist. Kurz um: Selbst ohne Gebrauch lohnt es sich den Erste-Hilfe-Beutel ein- bis zweimal im Jahr einer <strong>kritischen Pr\u00fcfung<\/strong> zu unterziehen und sofern notwendig einzelne Teile auszutauschen.<\/p>\n\n\n\n<h2 class=\"wp-block-heading\" id=\"h-wissen-know-how-fur-den-ernstfall\">Wissen \u2013 Know-How f\u00fcr den Ernstfall<\/h2>\n\n\n<div class=\"wp-block-image\">\n<figure class=\"alignright size-large is-resized\"><a href=\"https:\/\/www.bergfreunde.de\/blog\/wp-content\/uploads\/2021\/05\/Unfallserie-3-Erste-Hilfe-Uebung.jpg\"><img decoding=\"async\" src=\"https:\/\/www.bergfreunde.de\/blog\/wp-content\/uploads\/2021\/05\/Unfallserie-3-Erste-Hilfe-Uebung.jpg\" alt=\"Erste-Hilfe-Kurs in den Bergen\" style=\"width:350px;height:262px\" width=\"350\" height=\"262\"\/><\/a><figcaption class=\"wp-element-caption\">Ein Erste-Hilfe-Kurs frischt das Wissen auf und st\u00e4rkt das Selbstbewusstsein im Notfall.&nbsp;Foto: Ortovox<\/figcaption><\/figure>\n<\/div>\n\n\n<p>Wer gut vorbereitet sein will, der sollte au\u00dferdem wissen, was im Ernstfall zu tun ist. Dazu geh\u00f6rt aber nicht nur das absolut verbindliche Lesen der ersten beiden Teile dieser kleinen Artikelserie, sondern vielmehr auch eine gute <strong>Erste-Hilfe-Schulung<\/strong>. Klar, die meisten von uns haben wahrscheinlich irgendwann einmal einen Erste-Hilfe-Kurs gemacht und wenn es auch nur als \u201enotwendiges \u00dcbel\u201c f\u00fcr den F\u00fchrerschein war. Aber mal Hand aufs Herz: Wie lange ist das eigentlich schon her und was wisst ihr denn noch davon?<\/p>\n\n\n\n<p>Also ich f\u00fcr meinen Teil kann mich gerade noch so daran erinnern, wo der Kurs damals stattgefunden hat und dass er mir unsagbar l\u00e4stig war, weil ich mich so gef\u00fchlt habe, als h\u00e4tte man mir den Samstag geklaut. Kurz und gut, es kann von Zeit zu Zeit durchaus hilfreich sein, die pers\u00f6nlichen Erste-Hilfe-Kenntnisse aufzufrischen. Nahezu jede Ortsgruppe des <strong>Deutschen Roten Kreuz<\/strong><a name=\"_ftnref1\" href=\"#_ftn1\">[1]<\/a>, aber auch die <strong>Johanniter<\/strong><a name=\"_ftnref2\" href=\"#_ftn2\">[2]<\/a>, <strong>Malteser<\/strong><a name=\"_ftnref3\" href=\"#_ftn3\">[3]<\/a> oder der <strong>Arbeiter-Samariter-Bund<\/strong><a name=\"_ftnref4\" href=\"#_ftn4\">[4]<\/a> bieten hierzu geeignete Kurse an.<\/p>\n\n\n\n<h3 class=\"wp-block-heading\">Aufbau der Erste-Hilfe-Kurse<\/h3>\n\n\n\n<p>Je nach Kursmodell handelt es sich dabei oft um einen kompletten Tag oder mehrere Kursabende. Die Ausbildungen laufen in der Regel recht praxisorientiert ab, sodass man immer wieder die Chance bekommt selbst Hand anlegen zu k\u00f6nnen. Die Inhalte und Themenschwerpunkte werden so in angenehmer und kurzweiliger Form vermittelt. Neben der typischen Grundausbildung in Erster-Hilfe, die beispielsweise f\u00fcr den F\u00fchrerschein notwendig ist, gibt es aber oft auch spezifischere Kurse, die Themen wie Erste-Hilfe beim Sport n\u00e4her behandeln.<\/p>\n\n\n\n<p>Wer nach einem Kurs sucht, der noch mehr auf das korrekte Verhalten bei Notfallsituationen am Berg oder in der freien Natur abzielt, kann sich aber beispielsweise auch bei der nahegelegenen <strong>DAV-Sektion<\/strong> \u00fcber Fortbildungen dieser Art informieren. Dar\u00fcber hinaus gibt es auch Veranstalter wie die <strong>Ortovox Safety Academy<\/strong>, die praxisnahe Kurse im alpinen Gel\u00e4nde anbieten. Egal, wof\u00fcr man sich jedoch entscheidet, Hauptsache ist, dass man seine pers\u00f6nlichen Kenntnisse von Zeit zu Zeit auffrischt.<\/p>\n\n\n\n<h2 class=\"wp-block-heading\" id=\"h-versicherung-wann-zahlt-die-gesetzliche-krankenversicherung\">Versicherung \u2013 Wann zahlt die gesetzliche Krankenversicherung<\/h2>\n\n\n<div class=\"wp-block-image\">\n<figure class=\"alignleft size-large is-resized\"><a href=\"https:\/\/www.bergfreunde.de\/blog\/wp-content\/uploads\/2021\/05\/Unfallserie-3-Skifahrer.jpg\"><img decoding=\"async\" src=\"https:\/\/www.bergfreunde.de\/blog\/wp-content\/uploads\/2021\/05\/Unfallserie-3-Skifahrer.jpg\" alt=\"Tiefschnee fahren\" style=\"width:841px;height:631px\" width=\"841\" height=\"631\"\/><\/a><figcaption class=\"wp-element-caption\">Bevor man sich beim n\u00e4chsten Skiurlaub herausfordert, ist es von Vorteil zu wissen, was die Versicherung abdeckt und wann wom\u00f6glich eine gro\u00dfe Rechnung wartet &#8211; selbst wenn es \u00b4nur\u00b4 ein gebrochener Arm ist.<\/figcaption><\/figure>\n<\/div>\n\n\n<p>Erste-Hilfe ist ja das eine, aber wer \u00fcbernimmt eigentlich die Kosten beim Einsatz von Notarzt, Rettungswagen und Co? Tja, diese Frage ist nicht einfach zu beantworten. Verallgemeinernd kann man jedoch f\u00fcr Deutschland folgende Aussagen treffen. Rettungseins\u00e4tze werden in Deutschland von der Krankenversicherung \u00fcbernommen, was dabei aber genau von der Kasse getragen wird h\u00e4ngt stark an der medizinischen <strong>Notwendigkeit<\/strong>.<\/p>\n\n\n\n<p>St\u00fcrze ich also beispielsweise mit den Skiern und erleide eine schwere Kopfverletzung, kann es gut sein, dass ich nicht mit dem Rettungswagen ins n\u00e4chste Krankenhaus transportiert werde, sondern aufgrund der <strong>medizinischen Dringlichkeit<\/strong> mit dem Hubschrauber. In diesem Fall zahlt meine gesetzliche Krankenversicherung den gesamten Einsatz.<\/p>\n\n\n\n<p>St\u00fcrze ich aber mit den Skiern einen Abhang hinunter und breche mir vielleicht nur das Bein, w\u00e4re ja aus medizinischer Sicht der Einsatz eines Hubschraubers nicht unbedingt notwendig. Denn ein gebrochenes Bein ist erst einmal nicht lebensbedrohlich. Nun kann es aber sein, dass der Ort, an dem ich mit dem gebrochenen Bein liege sehr unzug\u00e4nglich ist, sodass die Rettungskr\u00e4fte mit \u201enormalen\u201c Mitteln nicht zu mir kommen k\u00f6nnen. Kommt dann beispielsweise ein Hubschrauber zum Einsatz um mich von diesem Ort wegzuholen, spricht man von einer Bergung. <strong>Bergungseins\u00e4tze<\/strong> werden von der Krankenkasse jedoch in der Regel nur anteilig bezahlt.<\/p>\n\n\n\n<p>Das hei\u00dft, dass ich als Betroffener schnell eine stattliche Rechnung zu bezahlen habe. Diese Regelung gilt aber nur bei Unf\u00e4llen in Deutschland und f\u00fcr Personen, die in Deutschland versichert sind. Wie die Kosten\u00fcbernahme f\u00fcr das Ausland geregelt ist, h\u00e4ngt immer jeweils stark am Land, in dem sich der Unfall ereignet hat.<\/p>\n\n\n\n<h2 class=\"wp-block-heading\" id=\"h-versicherung-kostenubernahme-in-der-realitat\">Versicherung \u2013 Kosten\u00fcbernahme in der Realit\u00e4t<\/h2>\n\n\n\n<p>In den vergangenen beiden Wintern hat es sowohl mich, als auch meinen Freund beim Skifahren erwischt. Zuerst musste ich in der Schweiz gen\u00e4ht werden, im Jahr darauf, wurde meinem Freund die Schulter in \u00d6sterreich wieder eingerenkt. Bei beiden Unf\u00e4llen wurden wir nicht von der Bergrettung auf der Piste \u201eaufgesammelt\u201c sondern sind noch selbst ins Tal gefahren und vor Ort zum Arzt gegangen. Da es sich dabei aber um <strong>Ausland<\/strong>, im Fall der Schweiz sogar um Nicht-EU-Ausland handelt, wurde unsere <strong>Deutsche Versicherungskarte vor Ort nicht akzeptiert<\/strong>. Wir mussten also in beiden F\u00e4llen in Vorkasse gehen. Mehrere hundert Euro waren da jeweils ganz schnell weg.<\/p>\n\n\n\n<p>Kommt es hingegen zu einer <strong>Rettung mittels Hubschrauber <\/strong>und\/oder <strong>Krankenhausaufenthalt im Ausland,<\/strong> sehen da die Kosten noch ganz anders aus. Da sind dann schnell Betr\u00e4ge von mehreren Tausend Euro f\u00e4llig. Diese muss man selbstverst\u00e4ndlich nicht gleich vor Ort in Bar auf den Tisch legen, jedoch bekommt man meist noch im Krankenhaus eine Rechnung \u00fcberreicht. Bei einem Bekannten beliefen sich so die Kosten alleine f\u00fcr eine Hubschrauberrettung aus einer alpinen Klettertour in der Schweiz auf rund 7000 \u20ac.<\/p>\n\n\n\n<p>Rechnungen dieser Art oder eben auch vorab bezahlte Betr\u00e4ge kann man bei der <strong>Krankenkasse<\/strong> und <strong>Zusatzversicherungen<\/strong> gelten machen. Ob man dabei tats\u00e4chlich den vollen Betrag erstattet bekommt oder zumindest teilweise auf den angefallenen Kosten sitzen bleibt, h\u00e4ngt dabei stark davon ab, wie man versichert ist. Auf die Krankenkasse alleine sollte man sich hierbei keinesfalls verlassen. Denn die tr\u00e4gt oft nur einen geringen Anteil. So hat meine Krankenversicherung von den Behandlungskosten die f\u00fcr meine gen\u00e4hte Wunde in der Schweiz angefallen sind, gerade einmal rund 14 % \u00fcbernommen. Die restlichen Kosten konnte ich dann zum Gl\u00fcck bei meiner Unfallversicherung geltend machen.<\/p>\n\n\n\n<h2 class=\"wp-block-heading\" id=\"h-zusatzversicherungen-im-ernstfall-gut-fur-den-geldbeutel\">Zusatzversicherungen \u2013 im Ernstfall gut f\u00fcr den Geldbeutel<\/h2>\n\n\n<div class=\"wp-block-image\">\n<figure class=\"alignright size-large is-resized\"><a href=\"https:\/\/www.bergfreunde.de\/blog\/wp-content\/uploads\/2021\/05\/Unfallserie-3-Frau-Trekking.jpg\"><img loading=\"lazy\" decoding=\"async\" src=\"https:\/\/www.bergfreunde.de\/blog\/wp-content\/uploads\/2021\/05\/Unfallserie-3-Frau-Trekking.jpg\" alt=\"Trailrunning im Wald\" style=\"width:350px;height:263px\" width=\"350\" height=\"263\"\/><\/a><figcaption class=\"wp-element-caption\">Eine Mitgliedschaft in Vereinen oder Verb\u00e4nden lohnt sich oft &#8211; und gibt ein sicheres Gef\u00fchl unterwegs.<\/figcaption><\/figure>\n<\/div>\n\n\n<p>Jeder, der also viel in den Bergen und\/oder im Ausland unterwegs ist, sollte daher auf jeden Fall eine geeignete <strong>Unfall- oder Auslandskrankenversicherung<\/strong> abschlie\u00dfen. &nbsp;Sich dabei durch den Tarifdschungel der unterschiedlichen Versicherungen zu arbeiten ist nicht einfach und braucht m\u00f6glicherweise die Beratung durch einen Profi oder so einiges an eigener Recherche. Auch h\u00e4ngen die unterschiedlichen Tarife und Leistungen mitunter stark vom Beruf, dem Familienstand und den Versicherten Sportarten etc. ab. Zus\u00e4tzlich bieten aber auch Vereine oder Verb\u00e4nde Versicherungen f\u00fcr ihre Mitglieder an. Wir haben einmal drei bekannte Vertreter herausgepickt und wollen euch diese kurz vorstellen:<\/p>\n\n\n\n<h3 class=\"wp-block-heading\"><strong>Deutscher Alpenverein.<a name=\"_ftnref5\" href=\"#_ftn5\">[5]<\/a><\/strong> <\/h3>\n\n\n\n<p>Wenns in Deutschland um Bergsport geht, ist der DAV ganz vorne mit dabei. Viele Kletterer und Bergsteiger sind dort ohnehin Mitglied. Oft, weil sie \u00fcber den Verein zum Bergsport gefunden haben, manchmal auch nur weil es bei der nahe gelegenen Kletterhalle erm\u00e4\u00dfigten Eintritt gibt. Eine Mitgliedschaft beim Deutschen Alpenverein hat aber noch einen nicht ganz unerheblichen Vorteil: F\u00fcr jedes Mitglied besteht durch die blo\u00dfe Mitgliedschaft automatisch eine Versicherungsschutz f\u00fcr Bergunf\u00e4lle, darunter fallen alle alpinistischen Aktivit\u00e4ten sowie Ski, Langlauf und Snowboard. Der Versicherungsschutz gilt dabei weltweit bei Bergnot oder der Aus\u00fcbung von Alpinsport, beispielsweise aber nicht bei Pauschalreisen au\u00dferhalb Europas (z.B. gef\u00fchrte Trekkingtouren), Wettk\u00e4mpfen bei denen der DAV nicht der Veranstalter ist sowie bei Expeditionen. Au\u00dferdem k\u00f6nnen \u00fcber den DAV weitere Zusatzversicherungen abgeschlossen werden.<\/p>\n\n\n\n<h3 class=\"wp-block-heading\"><strong>Deutscher Skiverband<a name=\"_ftnref6\" href=\"#_ftn6\">[6]<\/a>.<\/strong> <\/h3>\n\n\n\n<p>Gerade f\u00fcr Ski- und Wintersportler bietet der DSV ein umfangreiches Angebot an Versicherungen. Doch auch Versicherungspakete, die das ganze Jahr \u00fcber und au\u00dferhalb des Skisports gelten, sind hier erh\u00e4ltlich. Anders als beim DAV lassen sich so individuellere Versicherungspakete abschlie\u00dfen, die ebenfalls f\u00fcr eine gute Absicherung im Ernstfall sorgen. Gerade f\u00fcr Wintersportler d\u00fcrften au\u00dferdem Optionen wie eine Sportger\u00e4teversicherung bei Diebstahl oder Besch\u00e4digung interessant sein.<\/p>\n\n\n\n<h3 class=\"wp-block-heading\"><strong>Deutsches Jugendherbergswerk.<a name=\"_ftnref7\" href=\"#_ftn7\">[7]<\/a> <\/strong><\/h3>\n\n\n\n<p>Wer mit Bergsport nur wenig zu tun hat, daf\u00fcr aber viel ins Ausland reist, der wird vielleicht auch beim DJH f\u00fcndig. Denn f\u00fcr Mitglieder bietet das Deutsche Jugendherbergswerk sogenannte Reiseschutzbriefe an, die bei Krankheit oder Unfall im Ausland f\u00fcr die Kosten aufkommen. Auch hier gibt es unterschiedliche Pakete, die nach pers\u00f6nlichen Anforderungen gebucht werden k\u00f6nnen. In den Schutzbriefen sind au\u00dferdem in der Regel noch weitere Versicherungen wie eine Reisehaftpflichtversicherung oder Reisegep\u00e4ckversicherung enthalten.<strong>\u00a0<\/strong><\/p>\n\n\n\n<h2 class=\"wp-block-heading\" id=\"h-fazit\">Fazit<\/h2>\n\n\n\n<p>Eigentlich dreht sich dieser komplette Artikel, um Dinge, die man hoffentlich nie braucht. Dennoch: Um in einem Notfall \u00fcberhaupt etwas tun zu k\u00f6nnen und nicht nur mit langem Gesicht und Schulterzucken da zu stehen, sollte man seine Erste-Hilfe-Kenntnisse in regelm\u00e4\u00dfigen Abst\u00e4nden immer mal wieder auffrischen. Das hilft im Ernstfall nicht nur dem Verletzten, sondern st\u00fctzt auch das eigene Selbstbewusstsein, weil man einfach wei\u00df was man zu tun und zu lassen hat.<\/p>\n\n\n\n<p>Auch f\u00fcr ganz normale Hobbysportler wie du und ich macht es dar\u00fcber hinaus absolut Sinn, das finanzielle Risiko im Falle eines Unfalls in einem realistischen Ma\u00df abzusichern. Je nach dem reicht hierzu schon eine Vereinsmitgliedschaft oder eben eine individuell zugeschnitten Versicherung. Denn gebrochene Knochen oder dergleichen sind schon Mist, aber wenn dann auch noch die Behandlung ein tiefes Loch in den Geldbeutel frisst wirds richtig unangenehm\u2026<\/p>\n\n\n\n<p>\u00dcbrigens: Falls ihr Lust habt, das Thema mal praktisch anzugehen, schaut mal in der <strong><a href=\"https:\/\/www.ortovox.com\/de\/safety-academy-lab-rock\/\">Safety Academy von Ortovox vorbei!<\/a><\/strong><\/p>\n\n\n\n<p><a name=\"_ftn1\" href=\"#_ftnref1\">[1]<\/a> <a href=\"https:\/\/www.drk.de\/hilfe-in-deutschland\/kurse-im-ueberblick\/rotkreuzkurs-erste-hilfe\/\">https:\/\/www.drk.de\/hilfe-in-deutschland\/kurse-im-ueberblick\/rotkreuzkurs-erste-hilfe\/<\/a><\/p>\n\n\n\n<p><a name=\"_ftn2\" href=\"#_ftnref2\">[2]<\/a> <a href=\"https:\/\/www.johanniter.de\/kurse\/erste-hilfe-kurse\/\">https:\/\/www.johanniter.de\/kurse\/erste-hilfe-kurse\/<\/a><\/p>\n\n\n\n<p><a name=\"_ftn3\" href=\"#_ftnref3\">[3]<\/a> <a href=\"https:\/\/www.malteser.de\/kursangebote\/erste-hilfe.html\">https:\/\/www.malteser.de\/kursangebote\/erste-hilfe.html<\/a><\/p>\n\n\n\n<p><a name=\"_ftn4\" href=\"#_ftnref4\">[4]<\/a> <a href=\"https:\/\/www.asb.de\/unsere-angebote\/erste-hilfe\">https:\/\/www.asb.de\/unsere-angebote\/erste-hilfe<\/a><\/p>\n\n\n\n<p><a name=\"_ftn5\" href=\"#_ftnref5\">[5]<\/a> <a href=\"https:\/\/www.alpenverein.de\/DAV-Services\/Versicherungen\/\">https:\/\/www.alpenverein.de\/DAV-Services\/Versicherungen\/<\/a><\/p>\n\n\n\n<p><a name=\"_ftn6\" href=\"#_ftnref6\">[6]<\/a> <a href=\"https:\/\/www.ski-online.de\/\">https:\/\/www.ski-online.de\/<\/a><\/p>\n\n\n\n<p><a name=\"_ftn7\" href=\"#_ftnref7\">[7]<\/a> <a href=\"https:\/\/www.jugendherberge.de\/infoservice\/reiseversicherungen\/\">https:\/\/www.jugendherberge.de\/infoservice\/reiseversicherungen\/<\/a><\/p>\n","protected":false},"excerpt":{"rendered":"<p>Wer gut vorbereitet ist, der hat es im Ernstfall leichter. Eine gute Vorbereitung zielt aber nicht nur darauf ab, das notwendige Equipment f\u00fcr die erste Hilfe dabei zu haben, sondern auch zu wissen, wie man damit umgeht. Au\u00dferdem kann der Einsatz von Rettungskr\u00e4ften schnell hohe Kosten verursachen. Daher ist es auch ratsam, an die eigene [&hellip;]<\/p>\n","protected":false},"author":18,"featured_media":100371,"comment_status":"open","ping_status":"closed","sticky":false,"template":"","format":"standard","meta":{"_acf_changed":false,"footnotes":""},"categories":[284],"tags":[269,273,278],"post_folder":[],"class_list":["post-66191","post","type-post","status-publish","format-standard","has-post-thumbnail","hentry","category-praxiswissen","tag-bergsteigen","tag-klettern-bouldern","tag-wintersport"],"acf":[],"yoast_head":"<!-- This site is optimized with the Yoast SEO Premium plugin v27.4 (Yoast SEO v27.4) - https:\/\/yoast.com\/product\/yoast-seo-premium-wordpress\/ -->\n<title>Vorbeugende Erste-Hilfe-Ma\u00dfnahmen \u2013 Wie kann ich mich auf einen Ernstfall vorbereiten? | Bergfreunde<\/title>\n<meta name=\"description\" content=\"Gute Vorbereitung zielt nicht nur darauf ab, das notwendige Material f\u00fcr erste Hilfe dabei zu haben, sondern zu wissen, wie man damit umgeht.\" \/>\n<meta name=\"robots\" content=\"index, follow, max-snippet:-1, max-image-preview:large, max-video-preview:-1\" \/>\n<link rel=\"canonical\" href=\"https:\/\/www.berg-freunde.ch\/blog\/erste-hilfe-ernstfall-vorbereiten\/\" \/>\n<meta property=\"og:locale\" content=\"de_DE\" \/>\n<meta property=\"og:type\" content=\"article\" \/>\n<meta property=\"og:title\" content=\"Vorbeugende Erste-Hilfe-Ma\u00dfnahmen \u2013 Wie kann ich mich auf einen Ernstfall vorbereiten?\" \/>\n<meta property=\"og:description\" content=\"Gute Vorbereitung zielt nicht nur darauf ab, das notwendige Material f\u00fcr erste Hilfe dabei zu haben, sondern zu wissen, wie man damit umgeht.\" \/>\n<meta property=\"og:url\" content=\"https:\/\/www.berg-freunde.ch\/blog\/erste-hilfe-ernstfall-vorbereiten\/\" \/>\n<meta property=\"og:site_name\" content=\"Bergfreunde\" \/>\n<meta property=\"article:publisher\" content=\"https:\/\/www.facebook.com\/bergfreunde\" \/>\n<meta property=\"article:published_time\" content=\"2022-04-15T09:10:00+00:00\" \/>\n<meta property=\"article:modified_time\" content=\"2023-09-15T09:53:55+00:00\" \/>\n<meta property=\"og:image\" content=\"https:\/\/www.berg-freunde.ch\/blog\/wp-content\/uploads\/2022\/04\/20230914_Erste-Hilfe_Titel.jpg\" \/>\n\t<meta property=\"og:image:width\" content=\"1440\" \/>\n\t<meta property=\"og:image:height\" content=\"590\" \/>\n\t<meta property=\"og:image:type\" content=\"image\/jpeg\" \/>\n<meta name=\"author\" content=\"Lisa\" \/>\n<meta name=\"twitter:card\" content=\"summary_large_image\" \/>\n<meta name=\"twitter:label1\" content=\"Geschrieben von\" \/>\n\t<meta name=\"twitter:data1\" content=\"Lisa\" \/>\n\t<meta name=\"twitter:label2\" content=\"Gesch\u00e4tzte Lesezeit\" \/>\n\t<meta name=\"twitter:data2\" content=\"10\u00a0Minuten\" \/>\n<script type=\"application\/ld+json\" class=\"yoast-schema-graph\">{\"@context\":\"https:\\\/\\\/schema.org\",\"@graph\":[{\"@type\":[\"Article\",\"BlogPosting\"],\"@id\":\"https:\\\/\\\/www.berg-freunde.ch\\\/blog\\\/erste-hilfe-ernstfall-vorbereiten\\\/#article\",\"isPartOf\":{\"@id\":\"https:\\\/\\\/www.berg-freunde.ch\\\/blog\\\/erste-hilfe-ernstfall-vorbereiten\\\/\"},\"author\":{\"name\":\"Lisa\",\"@id\":\"https:\\\/\\\/www.berg-freunde.ch\\\/blog\\\/#\\\/schema\\\/person\\\/0be5fb2399f7af8673f0e675d4964f8d\"},\"headline\":\"Vorbeugende Erste-Hilfe-Ma\u00dfnahmen \u2013 Wie kann ich mich auf einen Ernstfall vorbereiten?\",\"datePublished\":\"2022-04-15T09:10:00+00:00\",\"dateModified\":\"2023-09-15T09:53:55+00:00\",\"mainEntityOfPage\":{\"@id\":\"https:\\\/\\\/www.berg-freunde.ch\\\/blog\\\/erste-hilfe-ernstfall-vorbereiten\\\/\"},\"wordCount\":1981,\"commentCount\":0,\"publisher\":{\"@id\":\"https:\\\/\\\/www.berg-freunde.ch\\\/blog\\\/#organization\"},\"image\":{\"@id\":\"https:\\\/\\\/www.berg-freunde.ch\\\/blog\\\/erste-hilfe-ernstfall-vorbereiten\\\/#primaryimage\"},\"thumbnailUrl\":\"https:\\\/\\\/www.berg-freunde.ch\\\/blog\\\/wp-content\\\/uploads\\\/2022\\\/04\\\/20230914_Erste-Hilfe_Titel.jpg\",\"keywords\":[\"Bergsteigen &amp; Hochtouren\",\"Klettern &amp; Bouldern\",\"Wintersport\"],\"articleSection\":[\"Praxiswissen\"],\"inLanguage\":\"de-CH\",\"potentialAction\":[{\"@type\":\"CommentAction\",\"name\":\"Comment\",\"target\":[\"https:\\\/\\\/www.berg-freunde.ch\\\/blog\\\/erste-hilfe-ernstfall-vorbereiten\\\/#respond\"]}]},{\"@type\":\"WebPage\",\"@id\":\"https:\\\/\\\/www.berg-freunde.ch\\\/blog\\\/erste-hilfe-ernstfall-vorbereiten\\\/\",\"url\":\"https:\\\/\\\/www.berg-freunde.ch\\\/blog\\\/erste-hilfe-ernstfall-vorbereiten\\\/\",\"name\":\"Vorbeugende Erste-Hilfe-Ma\u00dfnahmen \u2013 Wie kann ich mich auf einen Ernstfall vorbereiten? | Bergfreunde\",\"isPartOf\":{\"@id\":\"https:\\\/\\\/www.berg-freunde.ch\\\/blog\\\/#website\"},\"primaryImageOfPage\":{\"@id\":\"https:\\\/\\\/www.berg-freunde.ch\\\/blog\\\/erste-hilfe-ernstfall-vorbereiten\\\/#primaryimage\"},\"image\":{\"@id\":\"https:\\\/\\\/www.berg-freunde.ch\\\/blog\\\/erste-hilfe-ernstfall-vorbereiten\\\/#primaryimage\"},\"thumbnailUrl\":\"https:\\\/\\\/www.berg-freunde.ch\\\/blog\\\/wp-content\\\/uploads\\\/2022\\\/04\\\/20230914_Erste-Hilfe_Titel.jpg\",\"datePublished\":\"2022-04-15T09:10:00+00:00\",\"dateModified\":\"2023-09-15T09:53:55+00:00\",\"description\":\"Gute Vorbereitung zielt nicht nur darauf ab, das notwendige Material f\u00fcr erste Hilfe dabei zu haben, sondern zu wissen, wie man damit umgeht.\",\"breadcrumb\":{\"@id\":\"https:\\\/\\\/www.berg-freunde.ch\\\/blog\\\/erste-hilfe-ernstfall-vorbereiten\\\/#breadcrumb\"},\"inLanguage\":\"de-CH\",\"potentialAction\":[{\"@type\":\"ReadAction\",\"target\":[\"https:\\\/\\\/www.berg-freunde.ch\\\/blog\\\/erste-hilfe-ernstfall-vorbereiten\\\/\"]}]},{\"@type\":\"ImageObject\",\"inLanguage\":\"de-CH\",\"@id\":\"https:\\\/\\\/www.berg-freunde.ch\\\/blog\\\/erste-hilfe-ernstfall-vorbereiten\\\/#primaryimage\",\"url\":\"https:\\\/\\\/www.berg-freunde.ch\\\/blog\\\/wp-content\\\/uploads\\\/2022\\\/04\\\/20230914_Erste-Hilfe_Titel.jpg\",\"contentUrl\":\"https:\\\/\\\/www.berg-freunde.ch\\\/blog\\\/wp-content\\\/uploads\\\/2022\\\/04\\\/20230914_Erste-Hilfe_Titel.jpg\",\"width\":1440,\"height\":590},{\"@type\":\"BreadcrumbList\",\"@id\":\"https:\\\/\\\/www.berg-freunde.ch\\\/blog\\\/erste-hilfe-ernstfall-vorbereiten\\\/#breadcrumb\",\"itemListElement\":[{\"@type\":\"ListItem\",\"position\":1,\"name\":\"Blog\",\"item\":\"https:\\\/\\\/www.berg-freunde.ch\\\/blog\\\/\"},{\"@type\":\"ListItem\",\"position\":2,\"name\":\"Know-How\",\"item\":\"https:\\\/\\\/www.berg-freunde.ch\\\/blog\\\/category\\\/know-how\\\/\"},{\"@type\":\"ListItem\",\"position\":3,\"name\":\"Praxiswissen\",\"item\":\"https:\\\/\\\/www.berg-freunde.ch\\\/blog\\\/category\\\/know-how\\\/praxiswissen\\\/\"},{\"@type\":\"ListItem\",\"position\":4,\"name\":\"Vorbeugende Erste-Hilfe-Ma\u00dfnahmen \u2013 Wie kann ich mich auf einen Ernstfall vorbereiten?\"}]},{\"@type\":\"WebSite\",\"@id\":\"https:\\\/\\\/www.berg-freunde.ch\\\/blog\\\/#website\",\"url\":\"https:\\\/\\\/www.berg-freunde.ch\\\/blog\\\/\",\"name\":\"Bergfreunde\",\"description\":\"Blog\",\"publisher\":{\"@id\":\"https:\\\/\\\/www.berg-freunde.ch\\\/blog\\\/#organization\"},\"potentialAction\":[{\"@type\":\"SearchAction\",\"target\":{\"@type\":\"EntryPoint\",\"urlTemplate\":\"https:\\\/\\\/www.berg-freunde.ch\\\/blog\\\/?s={search_term_string}\"},\"query-input\":{\"@type\":\"PropertyValueSpecification\",\"valueRequired\":true,\"valueName\":\"search_term_string\"}}],\"inLanguage\":\"de-CH\"},{\"@type\":\"Organization\",\"@id\":\"https:\\\/\\\/www.berg-freunde.ch\\\/blog\\\/#organization\",\"name\":\"Bergfreunde\",\"url\":\"https:\\\/\\\/www.berg-freunde.ch\\\/blog\\\/\",\"logo\":{\"@type\":\"ImageObject\",\"inLanguage\":\"de-CH\",\"@id\":\"https:\\\/\\\/www.berg-freunde.ch\\\/blog\\\/#\\\/schema\\\/logo\\\/image\\\/\",\"url\":\"https:\\\/\\\/www.berg-freunde.ch\\\/blog\\\/wp-content\\\/uploads\\\/2023\\\/12\\\/Bergfreunde_DE_rgb.svg\",\"contentUrl\":\"https:\\\/\\\/www.berg-freunde.ch\\\/blog\\\/wp-content\\\/uploads\\\/2023\\\/12\\\/Bergfreunde_DE_rgb.svg\",\"caption\":\"Bergfreunde\"},\"image\":{\"@id\":\"https:\\\/\\\/www.berg-freunde.ch\\\/blog\\\/#\\\/schema\\\/logo\\\/image\\\/\"},\"sameAs\":[\"https:\\\/\\\/www.facebook.com\\\/bergfreunde\",\"https:\\\/\\\/www.instagram.com\\\/bergfreundede\\\/\"]},{\"@type\":\"Person\",\"@id\":\"https:\\\/\\\/www.berg-freunde.ch\\\/blog\\\/#\\\/schema\\\/person\\\/0be5fb2399f7af8673f0e675d4964f8d\",\"name\":\"Lisa\",\"url\":\"https:\\\/\\\/www.berg-freunde.ch\\\/blog\\\/about\\\/lisa-kopas\\\/\"}]}<\/script>\n<!-- \/ Yoast SEO Premium plugin. -->","yoast_head_json":{"title":"Vorbeugende Erste-Hilfe-Ma\u00dfnahmen \u2013 Wie kann ich mich auf einen Ernstfall vorbereiten? | Bergfreunde","description":"Gute Vorbereitung zielt nicht nur darauf ab, das notwendige Material f\u00fcr erste Hilfe dabei zu haben, sondern zu wissen, wie man damit umgeht.","robots":{"index":"index","follow":"follow","max-snippet":"max-snippet:-1","max-image-preview":"max-image-preview:large","max-video-preview":"max-video-preview:-1"},"canonical":"https:\/\/www.berg-freunde.ch\/blog\/erste-hilfe-ernstfall-vorbereiten\/","og_locale":"de_DE","og_type":"article","og_title":"Vorbeugende Erste-Hilfe-Ma\u00dfnahmen \u2013 Wie kann ich mich auf einen Ernstfall vorbereiten?","og_description":"Gute Vorbereitung zielt nicht nur darauf ab, das notwendige Material f\u00fcr erste Hilfe dabei zu haben, sondern zu wissen, wie man damit umgeht.","og_url":"https:\/\/www.berg-freunde.ch\/blog\/erste-hilfe-ernstfall-vorbereiten\/","og_site_name":"Bergfreunde","article_publisher":"https:\/\/www.facebook.com\/bergfreunde","article_published_time":"2022-04-15T09:10:00+00:00","article_modified_time":"2023-09-15T09:53:55+00:00","og_image":[{"width":1440,"height":590,"url":"https:\/\/www.berg-freunde.ch\/blog\/wp-content\/uploads\/2022\/04\/20230914_Erste-Hilfe_Titel.jpg","type":"image\/jpeg"}],"author":"Lisa","twitter_card":"summary_large_image","twitter_misc":{"Geschrieben von":"Lisa","Gesch\u00e4tzte Lesezeit":"10\u00a0Minuten"},"schema":{"@context":"https:\/\/schema.org","@graph":[{"@type":["Article","BlogPosting"],"@id":"https:\/\/www.berg-freunde.ch\/blog\/erste-hilfe-ernstfall-vorbereiten\/#article","isPartOf":{"@id":"https:\/\/www.berg-freunde.ch\/blog\/erste-hilfe-ernstfall-vorbereiten\/"},"author":{"name":"Lisa","@id":"https:\/\/www.berg-freunde.ch\/blog\/#\/schema\/person\/0be5fb2399f7af8673f0e675d4964f8d"},"headline":"Vorbeugende Erste-Hilfe-Ma\u00dfnahmen \u2013 Wie kann ich mich auf einen Ernstfall vorbereiten?","datePublished":"2022-04-15T09:10:00+00:00","dateModified":"2023-09-15T09:53:55+00:00","mainEntityOfPage":{"@id":"https:\/\/www.berg-freunde.ch\/blog\/erste-hilfe-ernstfall-vorbereiten\/"},"wordCount":1981,"commentCount":0,"publisher":{"@id":"https:\/\/www.berg-freunde.ch\/blog\/#organization"},"image":{"@id":"https:\/\/www.berg-freunde.ch\/blog\/erste-hilfe-ernstfall-vorbereiten\/#primaryimage"},"thumbnailUrl":"https:\/\/www.berg-freunde.ch\/blog\/wp-content\/uploads\/2022\/04\/20230914_Erste-Hilfe_Titel.jpg","keywords":["Bergsteigen &amp; Hochtouren","Klettern &amp; Bouldern","Wintersport"],"articleSection":["Praxiswissen"],"inLanguage":"de-CH","potentialAction":[{"@type":"CommentAction","name":"Comment","target":["https:\/\/www.berg-freunde.ch\/blog\/erste-hilfe-ernstfall-vorbereiten\/#respond"]}]},{"@type":"WebPage","@id":"https:\/\/www.berg-freunde.ch\/blog\/erste-hilfe-ernstfall-vorbereiten\/","url":"https:\/\/www.berg-freunde.ch\/blog\/erste-hilfe-ernstfall-vorbereiten\/","name":"Vorbeugende Erste-Hilfe-Ma\u00dfnahmen \u2013 Wie kann ich mich auf einen Ernstfall vorbereiten? | Bergfreunde","isPartOf":{"@id":"https:\/\/www.berg-freunde.ch\/blog\/#website"},"primaryImageOfPage":{"@id":"https:\/\/www.berg-freunde.ch\/blog\/erste-hilfe-ernstfall-vorbereiten\/#primaryimage"},"image":{"@id":"https:\/\/www.berg-freunde.ch\/blog\/erste-hilfe-ernstfall-vorbereiten\/#primaryimage"},"thumbnailUrl":"https:\/\/www.berg-freunde.ch\/blog\/wp-content\/uploads\/2022\/04\/20230914_Erste-Hilfe_Titel.jpg","datePublished":"2022-04-15T09:10:00+00:00","dateModified":"2023-09-15T09:53:55+00:00","description":"Gute Vorbereitung zielt nicht nur darauf ab, das notwendige Material f\u00fcr erste Hilfe dabei zu haben, sondern zu wissen, wie man damit umgeht.","breadcrumb":{"@id":"https:\/\/www.berg-freunde.ch\/blog\/erste-hilfe-ernstfall-vorbereiten\/#breadcrumb"},"inLanguage":"de-CH","potentialAction":[{"@type":"ReadAction","target":["https:\/\/www.berg-freunde.ch\/blog\/erste-hilfe-ernstfall-vorbereiten\/"]}]},{"@type":"ImageObject","inLanguage":"de-CH","@id":"https:\/\/www.berg-freunde.ch\/blog\/erste-hilfe-ernstfall-vorbereiten\/#primaryimage","url":"https:\/\/www.berg-freunde.ch\/blog\/wp-content\/uploads\/2022\/04\/20230914_Erste-Hilfe_Titel.jpg","contentUrl":"https:\/\/www.berg-freunde.ch\/blog\/wp-content\/uploads\/2022\/04\/20230914_Erste-Hilfe_Titel.jpg","width":1440,"height":590},{"@type":"BreadcrumbList","@id":"https:\/\/www.berg-freunde.ch\/blog\/erste-hilfe-ernstfall-vorbereiten\/#breadcrumb","itemListElement":[{"@type":"ListItem","position":1,"name":"Blog","item":"https:\/\/www.berg-freunde.ch\/blog\/"},{"@type":"ListItem","position":2,"name":"Know-How","item":"https:\/\/www.berg-freunde.ch\/blog\/category\/know-how\/"},{"@type":"ListItem","position":3,"name":"Praxiswissen","item":"https:\/\/www.berg-freunde.ch\/blog\/category\/know-how\/praxiswissen\/"},{"@type":"ListItem","position":4,"name":"Vorbeugende Erste-Hilfe-Ma\u00dfnahmen \u2013 Wie kann ich mich auf einen Ernstfall vorbereiten?"}]},{"@type":"WebSite","@id":"https:\/\/www.berg-freunde.ch\/blog\/#website","url":"https:\/\/www.berg-freunde.ch\/blog\/","name":"Bergfreunde","description":"Blog","publisher":{"@id":"https:\/\/www.berg-freunde.ch\/blog\/#organization"},"potentialAction":[{"@type":"SearchAction","target":{"@type":"EntryPoint","urlTemplate":"https:\/\/www.berg-freunde.ch\/blog\/?s={search_term_string}"},"query-input":{"@type":"PropertyValueSpecification","valueRequired":true,"valueName":"search_term_string"}}],"inLanguage":"de-CH"},{"@type":"Organization","@id":"https:\/\/www.berg-freunde.ch\/blog\/#organization","name":"Bergfreunde","url":"https:\/\/www.berg-freunde.ch\/blog\/","logo":{"@type":"ImageObject","inLanguage":"de-CH","@id":"https:\/\/www.berg-freunde.ch\/blog\/#\/schema\/logo\/image\/","url":"https:\/\/www.berg-freunde.ch\/blog\/wp-content\/uploads\/2023\/12\/Bergfreunde_DE_rgb.svg","contentUrl":"https:\/\/www.berg-freunde.ch\/blog\/wp-content\/uploads\/2023\/12\/Bergfreunde_DE_rgb.svg","caption":"Bergfreunde"},"image":{"@id":"https:\/\/www.berg-freunde.ch\/blog\/#\/schema\/logo\/image\/"},"sameAs":["https:\/\/www.facebook.com\/bergfreunde","https:\/\/www.instagram.com\/bergfreundede\/"]},{"@type":"Person","@id":"https:\/\/www.berg-freunde.ch\/blog\/#\/schema\/person\/0be5fb2399f7af8673f0e675d4964f8d","name":"Lisa","url":"https:\/\/www.berg-freunde.ch\/blog\/about\/lisa-kopas\/"}]}},"_links":{"self":[{"href":"https:\/\/www.berg-freunde.ch\/blog\/wp-json\/wp\/v2\/posts\/66191","targetHints":{"allow":["GET"]}}],"collection":[{"href":"https:\/\/www.berg-freunde.ch\/blog\/wp-json\/wp\/v2\/posts"}],"about":[{"href":"https:\/\/www.berg-freunde.ch\/blog\/wp-json\/wp\/v2\/types\/post"}],"author":[{"embeddable":true,"href":"https:\/\/www.berg-freunde.ch\/blog\/wp-json\/wp\/v2\/users\/18"}],"replies":[{"embeddable":true,"href":"https:\/\/www.berg-freunde.ch\/blog\/wp-json\/wp\/v2\/comments?post=66191"}],"version-history":[{"count":0,"href":"https:\/\/www.berg-freunde.ch\/blog\/wp-json\/wp\/v2\/posts\/66191\/revisions"}],"wp:featuredmedia":[{"embeddable":true,"href":"https:\/\/www.berg-freunde.ch\/blog\/wp-json\/wp\/v2\/media\/100371"}],"wp:attachment":[{"href":"https:\/\/www.berg-freunde.ch\/blog\/wp-json\/wp\/v2\/media?parent=66191"}],"wp:term":[{"taxonomy":"category","embeddable":true,"href":"https:\/\/www.berg-freunde.ch\/blog\/wp-json\/wp\/v2\/categories?post=66191"},{"taxonomy":"post_tag","embeddable":true,"href":"https:\/\/www.berg-freunde.ch\/blog\/wp-json\/wp\/v2\/tags?post=66191"},{"taxonomy":"post_folder","embeddable":true,"href":"https:\/\/www.berg-freunde.ch\/blog\/wp-json\/wp\/v2\/post_folder?post=66191"}],"curies":[{"name":"wp","href":"https:\/\/api.w.org\/{rel}","templated":true}]}}