{"id":66555,"date":"2022-02-08T13:25:41","date_gmt":"2022-02-08T12:25:41","guid":{"rendered":"https:\/\/www.bergfreunde.de\/blog\/klettern-verletzung-wiedereinstieg\/"},"modified":"2023-07-26T13:53:44","modified_gmt":"2023-07-26T11:53:44","slug":"klettern-verletzung-wiedereinstieg","status":"publish","type":"post","link":"https:\/\/www.berg-freunde.ch\/blog\/klettern-verletzung-wiedereinstieg\/","title":{"rendered":"Wiedereinstieg nach Verletzungen &#8211; die optimale R\u00fcckkehr ans Seil"},"content":{"rendered":"\n<p>Wie gelingt der Klettern Wiedereinstieg nach einer Verletzung zur\u00fcck ans Seil? Wir haben zwei Profis gefragt:<\/p>\n\n\n\n<h2 class=\"wp-block-heading\">Interview mit <strong>Sportpsychologe<\/strong> <strong>Dr. Kai Engbert<\/strong><\/h2>\n\n\n\n<p>Eine lange <strong>Trainingspause<\/strong> und <strong>schwere Verletzungen<\/strong> lassen die Kletterhalle oder den Fels<br>oftmals zu einem Sehnsuchtsort werden.<\/p>\n\n\n\n<p>F\u00fcr euch habe ich mit <strong>Dr. Kai Engbert<\/strong> gesprochen. Er ist <strong>Sportpsychologe<\/strong> in M\u00fcnchen und&nbsp;betreut unter anderem das olympische Team der deutschen Kletterinnen und Kletterer. Neben dem Kaderteam ber\u00e4t er Leistungssportler der Ski Alpin und Sprung Damen.<\/p>\n\n\n\n<p>In Peking ist er als \u201eMental Health Officer\u201c bei den <strong>olympischen Spielen<\/strong> dabei. Verschiedene olympische und paralympische Spitzenverb\u00e4nde sind seit 2005 seine Auftraggeber.<\/p>\n\n\n\n<p>Doch nicht nur Leistungssportler k\u00f6nnen zum Sportpsychologen gehen. Die Praxis f\u00fcr <a href=\"https:\/\/www.sportpsychologie-muc.de\/\">Sportpsychologie in M\u00fcnchen<\/a> ist offen f\u00fcr alle: Sei es aus dem Breitensport, Spitzensport und Mitarbeitende oder F\u00fchrungskr\u00e4fte aus Unternehmen. Das verbindende Element bei allen Patientinnen und Patienten ist die gesunde Leistungsentwicklung.<\/p>\n\n\n<div class=\"wp-block-image\">\n<figure class=\"alignright\"><a href=\"https:\/\/www.bergfreunde.de\/blog\/wp-content\/uploads\/2022\/04\/Teamfoto-ENGBERT-1.jpg\"><img decoding=\"async\" src=\"https:\/\/www.bergfreunde.de\/blog\/wp-content\/uploads\/2022\/04\/Teamfoto-ENGBERT-1-225x300.jpg\" alt=\"Dr. Kai Engbert, Sportpsychologe\" class=\"wp-image-46161\"\/><\/a><figcaption class=\"wp-element-caption\">Dr. Kai Engbert, Sportpsychologe<\/figcaption><\/figure>\n<\/div>\n\n\n<h3 class=\"wp-block-heading\" id=\"h-wie-bereite-ich-mich-nach-einer-langeren-verletzungspause-optimal-aufs-klettern-vor\">Wie bereite ich mich nach einer l\u00e4ngeren Verletzungspause optimal aufs Klettern vor?<\/h3>\n\n\n\n<p>Beim Kopf ist es genauso wie beim K\u00f6rper auch &#8211; der gr\u00f6\u00dfte Fehler ist es, wenn wir viel zu schnell einsteigen wollen.<\/p>\n\n\n\n<p>Die Leute <strong>\u00fcberfordern<\/strong> sich und kommen in ein Stresserleben. Der Stress f\u00fchrt oft zu negativen Lernerfahrungen, die wir eigentlich vermeiden wollen. Beim Wiedereinstieg in den Klettersport sollte man dort beginnen, wo es schon langweilig ist. Das ist das Niveau, um neu zu starten.<\/p>\n\n\n\n<h3 class=\"wp-block-heading\" id=\"h-wenn-bereits-angste-oder-panik-entstanden-sind-wie-lasst-sich-diesen-zustanden-entgegenwirken\">Wenn bereits \u00c4ngste oder Panik entstanden sind, wie l\u00e4sst sich diesen Zust\u00e4nden entgegenwirken?<\/h3>\n\n\n\n<p>Da empfehle ich, mit Leuten in die Halle zu gehen, die einen gut kennen und vor allem vormittags, wenn nicht viel los ist. Eine <strong>graduelle Ann\u00e4herung<\/strong> ist dann eine gute Sache. So wie die Physiotherapie einen Reha-Plan hat, brauchen wir hier auch einen kleinen Plan. F\u00fcr diesen Plan m\u00fcssen wir uns fragen:<\/p>\n\n\n\n<p>Was sind die Schritte, die ich brauche, um entspannt wieder mit dem Klettern zu beginnen? Schaue ich erst mal nur zu? Mit wem gehe ich in die Halle oder an den Fels? In welche Halle m\u00f6chte ich gehen?<\/p>\n\n\n<div class=\"wp-block-image\">\n<figure class=\"alignright\"><a href=\"https:\/\/www.bergfreunde.de\/blog\/wp-content\/uploads\/2022\/04\/climbing_gym_01A2027_rgb.jpg\"><img decoding=\"async\" src=\"https:\/\/www.bergfreunde.de\/blog\/wp-content\/uploads\/2022\/04\/climbing_gym_01A2027_rgb-225x300.jpg\" alt=\"Zwei M\u00e4nner bereiten ihre Kletterseile vor\" class=\"wp-image-46209\"\/><\/a><figcaption class=\"wp-element-caption\">Um psychische H\u00fcrden zu \u00fcberwinden hilft es mit Menschen zu klettern, die einen gut kennen.<\/figcaption><\/figure>\n<\/div>\n\n\n<h3 class=\"wp-block-heading\" id=\"h-vergessen-wir-vor-lauter-freude-aufs-klettern-einfach-unseren-kopf\">Vergessen wir vor lauter Freude aufs Klettern einfach unseren Kopf?<\/h3>\n\n\n\n<p>Wichtig ist, dass wir die psychologische Gew\u00f6hnung als Teil des Trainings und Kletterns betrachten. Es geht nicht darum, viele Routen zu klettern, sondern sich wieder <strong>dem Sport anzun\u00e4hern<\/strong>. Leute machen immer die gleichen Fehler, doch die gehen nicht weg, wenn man einfach weiterklettert.<\/p>\n\n\n\n<p>Wenn ich merke, dass der Wiedereinstieg mir schwerf\u00e4llt und Freunde nicht ausreichen, w\u00fcrde ich mir beim Sportpsychologen Tipps einholen.<\/p>\n\n\n\n<h3 class=\"wp-block-heading\" id=\"h-es-ist-moglich-dass-vor-dem-ersten-training-die-eigenen-stressoren-und-triggerpunkte-noch-nicht-ans-licht-gekommen-sind-wie-gehe-ich-mit-akuten-korperlichen-symptomen-um\">Es ist m\u00f6glich, dass vor dem ersten Training die eigenen Stressoren und Triggerpunkte noch nicht ans Licht gekommen sind. Wie gehe ich mit akuten k\u00f6rperlichen Symptomen um?<\/h3>\n\n\n\n<p>Wenn w\u00e4hrend des Trainings st\u00e4rkere Symptome auftreten wie Atemnot, ist es ratsam, direkt aus der Situation zu gehen. Es geht nicht darum, sich durch die Situation zu bei\u00dfen. Erst sollte ich mir einen mentalen Werkzeugkasten aufbauen und meinem Stresssystem Tools an die Hand geben.<\/p>\n\n\n\n<p>Das ist oft die <strong>Gefahr beim Klettern<\/strong>. Leute denken, dass sie das Klettern m\u00fcssen, was sie in Videos und Zeitschriften gesehen haben. Doch vielleicht ist man den Routen mental gar nicht gewachsen? Es gibt sehr gro\u00dfe Leistungsunterschiede im Klettersport. Wenn ich eine 6er Route in der Halle klettere und dann in die Dolomiten fahre, kann ich mich dort komplett <strong>fehleinsch\u00e4tzen<\/strong>.<\/p>\n\n\n<div class=\"wp-block-image\">\n<figure class=\"alignright\"><a href=\"https:\/\/www.bergfreunde.de\/blog\/wp-content\/uploads\/2022\/04\/Indoor-climbing-in-Grimper.ch-gym-Switzerland-Use-only-with-Petzl-logo-and-\u00a9-2020-PETZL-DISTRIBUTION-Marc-Daviet-GRIMPER.CH-10_1031_20_HD_AL.jpg\"><img decoding=\"async\" src=\"https:\/\/www.bergfreunde.de\/blog\/wp-content\/uploads\/2022\/04\/Indoor-climbing-in-Grimper.ch-gym-Switzerland-Use-only-with-Petzl-logo-and-\u00a9-2020-PETZL-DISTRIBUTION-Marc-Daviet-GRIMPER.CH-10_1031_20_HD_AL-225x300.jpg\" alt=\"Eine Frau klettert\" class=\"wp-image-46211\"\/><\/a><figcaption class=\"wp-element-caption\">Fehleinsch\u00e4tzungen sind die gr\u00f6\u00dfte Gefahr nach Verletzungspausen.<\/figcaption><\/figure>\n<\/div>\n\n\n<p>Nicht ohne Grund bietet der DAV Kurse an, damit wir uns nicht \u00fcberfordern, aber auch andere durch uns nicht in Gefahr kommen.<\/p>\n\n\n\n<h3 class=\"wp-block-heading\" id=\"h-als-kletterpartner-oder-partnerin-bekomme-ich-bestenfalls-eine-menge-von-meinem-gegenuber-mit-ist-es-sinnvoll-bei-psychisch-ungesundem-trainingsverhalten-einzuschreiten\">Als Kletterpartner oder Partnerin bekomme ich bestenfalls eine Menge von meinem Gegen\u00fcber mit. Ist es sinnvoll bei psychisch ungesundem Trainingsverhalten einzuschreiten?<\/h3>\n\n\n\n<p>Von au\u00dfen kann ich als Freund oder Freundin Hinweise geben, doch die Person muss selbst den Leidensdruck sp\u00fcren. Die <strong>Selbsterkenntnis<\/strong> ist der entscheidende Faktor. Eventuell muss ich meine Eitelkeit etwas ablegen und einen Schritt zur\u00fcckgehen. Wenn ich King oder Queen in der Kletterhalle oder am Fels sein m\u00f6chte, funktioniert es nicht, wenn ich hyperventiliere und mich mental nicht im Griff habe.<\/p>\n\n\n\n<p>Das Sch\u00f6ne am Klettersport ist, dass es viele unterschiedliche M\u00f6glichkeiten gibt den Sport auszu\u00fcben. Bei dem breiten Spektrum ist f\u00fcr alle etwas dabei und nichts ist weniger oder mehr wert als das andere. Wir k\u00f6nnen alle den Bereich finden, der zu unserem K\u00f6rper, unserer Einstellung und auch zu unserer Psyche passt.<\/p>\n\n\n\n<h2 class=\"wp-block-heading\">Interview mit Sportphysiotherapeutin&nbsp;<strong>Sabine Rohleder<\/strong><\/h2>\n\n\n\n<p>F\u00fcr einen&nbsp;<strong>erfolgreichen Neustart<\/strong>&nbsp;darf die Expertise aus der&nbsp;<strong>Sportphysiotherapie<\/strong>&nbsp;nicht fehlen. F\u00fcr euch habe ich mit&nbsp;<strong>Sabine Rohleder<\/strong>&nbsp;gesprochen. Sie arbeitet mit Spitzensportlerinnen und Sportlern zusammen und betreut unter anderem die deutsche&nbsp;<strong>Fu\u00dfballnationalmannschaft der Frauen<\/strong>.<\/p>\n\n\n\n<p>Seit zehn Jahren f\u00fchrt Sabine Rohleder ihre Praxis f\u00fcr Sportphysiotherapie in der K\u00f6lner S\u00fcdstadt. Bereits w\u00e4hrend ihres Sportstudiums an der Deutschen Sporthochschule K\u00f6ln hat sie als Physiotherapeutin am Olympiast\u00fctzpunkt Rheinland gearbeitet. Durch ihre Arbeit am St\u00fctzpunkt hat sie die Ausbildung zur&nbsp;<strong>DOSB Sportphysiotherapeutin<\/strong>&nbsp;machen k\u00f6nnen.<\/p>\n\n\n\n<p>Besonders an der Arbeit reizt sie, die gro\u00dfe Motivation der Betroffenen wieder fit zu werden und in den Sport wieder einsteigen zu k\u00f6nnen. Die diversen Anforderungsprofile je nach Sportart lassen ihre Arbeit nie langweilig werden. Auch die Dankbarkeit der Sportlerinnen und Sportler hat f\u00fcr sie eine besondere Bedeutung.<\/p>\n\n\n<div class=\"wp-block-image\">\n<figure class=\"alignleft\" id=\"attachment_46170\"><a href=\"https:\/\/www.bergfreunde.de\/blog\/wp-content\/uploads\/2022\/04\/Sabine-Rohleder-1.jpg\"><img decoding=\"async\" src=\"https:\/\/www.bergfreunde.de\/blog\/wp-content\/uploads\/2022\/04\/Sabine-Rohleder-1-300x225.jpg\" alt=\"Sabine Rohleder, DOSB Sportphysiotherapeutin\" class=\"wp-image-46170\"\/><\/a><figcaption class=\"wp-element-caption\">Sabine Rohleder, DOSB Sportphysiotherapeutin<\/figcaption><\/figure>\n<\/div>\n\n\n<h3 class=\"wp-block-heading\" id=\"h-wie-lang-sollte-die-erste-trainingseinheit-sein\">WIE LANG SOLLTE DIE ERSTE TRAININGSEINHEIT SEIN?<\/h3>\n\n\n\n<p>Allgemein rate ich dazu,&nbsp;<strong>nicht l\u00e4nger als 20 Minuten<\/strong>&nbsp;zu klettern. Insgesamt sollte das Training mit Aufw\u00e4rmen und Mobilisieren nicht l\u00e4nger als 45 Minuten dauern.<\/p>\n\n\n\n<p>Falls m\u00f6glich ist der Weg mit dem Rad in die Halle immer besser als mit dem Auto. Es ist wichtig nicht im letzten Schwierigkeitsgrad anzufangen, sondern&nbsp;<strong>mit leichten Routen und gro\u00dfen Griffen einzusteigen<\/strong>.<\/p>\n\n\n\n<p>Wer es direkt \u00fcbertreibt, hat am n\u00e4chsten Tag Schmerzen und denkt, dass das Klettern noch gar nicht geht. Doch die Belastung war f\u00fcr das erste Mal zu viel und eigentlich geht es doch wieder.<\/p>\n\n\n\n<h3 class=\"wp-block-heading\" id=\"h-welche-mobilisierungsubungen-sind-zu-empfehlen-beispielsweise-bei-schulter-oder-fuss-und-sprunggelenksverletzungen\">WELCHE MOBILISIERUNGS\u00dcBUNGEN SIND ZU EMPFEHLEN BEISPIELSWEISE BEI SCHULTER ODER FUSS \u2013 UND SPRUNGGELENKSVERLETZUNGEN<\/h3>\n\n\n\n<p>F\u00fcr die Schulter ist es immer gut&nbsp;<a href=\"https:\/\/www.vbg.de\/DE\/3_Praevention_und_Arbeitshilfen\/1_Branchen\/11_Sport\/02_HANDBALL\/1_Training\/4_Schulterkontrolle\/Schulterkontrolle_node.html\"><strong>kr\u00e4ftigende \u00dcbungen<\/strong><\/a>&nbsp;zu machen und auch klassisch die Arme zu kreisen. Oft wird die stabilisierende Muskulatur um das Schulterblatt vergessen. Doch, die ist ein ganz zentraler Punkt. Wenn wir unsere Ellenbogen anwinkeln und die Schulterbl\u00e4tter nach hinten ziehen, kr\u00e4ftigen wir die Muskulatur um die Brustwirbels\u00e4ule.<\/p>\n\n\n<div class=\"wp-block-image\">\n<figure class=\"alignright\" id=\"attachment_46203\"><a href=\"https:\/\/www.bergfreunde.de\/blog\/wp-content\/uploads\/2022\/04\/climbing_kletterhalle-griffig_sierra-blair-coyle_D155189_rgb.jpg\"><img decoding=\"async\" src=\"https:\/\/www.bergfreunde.de\/blog\/wp-content\/uploads\/2022\/04\/climbing_kletterhalle-griffig_sierra-blair-coyle_D155189_rgb-300x225.jpg\" alt=\"Frau beim Klettern\" class=\"wp-image-46203\"\/><\/a><figcaption class=\"wp-element-caption\">Wichtig ist, dass man es nach einer Verletzung langsam angehen l\u00e4sst.<\/figcaption><\/figure>\n<\/div>\n\n\n<p>Beim Fu\u00df und Sprunggelenk passiert das Mobilisieren fast schon automatisch, indem wir den Fu\u00df belasten und uns bewegen. Dazu k\u00f6nnen wir mit&nbsp;<strong>Einbeinst\u00e4nden<\/strong>&nbsp;oder beispielsweise der&nbsp;<a href=\"https:\/\/www.vbg.de\/DE\/3_Praevention_und_Arbeitshilfen\/1_Branchen\/11_Sport\/01_FUSSBALL\/2_Diagnostik_Versorgung\/01_Funktionelle_Tests\/02_Schwerpunkt_Beweglichkeit\/Schwerpunkt_Beweglichkeit_node.html\"><strong>Knee-to-wall \u00dcbung<\/strong><\/a>&nbsp;das Gelenk kr\u00e4ftigen und etwas fordern.<\/p>\n\n\n\n<h3 class=\"wp-block-heading\" id=\"h-ware-es-sinnvoll-vor-oder-nach-dem-sport-mit-warme-zu-behandeln\">W\u00c4RE ES SINNVOLL VOR ODER NACH DEM SPORT MIT W\u00c4RME ZU BEHANDELN?<\/h3>\n\n\n\n<p>W\u00e4rme ist sicher ein gutes Tool. Vor allem nach der Belastung ist sie gut, um die Muskulatur zu entspannen. Im Vorfeld oder gerade beim Klettern kann eine&nbsp;<strong>leichte W\u00e4rmesalbe<\/strong>&nbsp;bei Schulter- oder R\u00fcckenproblemen helfen. Nach dem Training sind auch&nbsp;<strong>Faszienrollen<\/strong>&nbsp;sehr hilfreich.<\/p>\n\n\n\n<h3 class=\"wp-block-heading\" id=\"h-der-schmerz-und-die-schmerzgrenze-sind-sehr-individuell-gibt-es-einen-richtwert-an-dem-sich-die-patienten-orientieren-konnen\">DER SCHMERZ UND DIE SCHMERZGRENZE SIND SEHR INDIVIDUELL. GIBT ES EINEN RICHTWERT, AN DEM SICH DIE PATIENTEN ORIENTIEREN K\u00d6NNEN?<\/h3>\n\n\n<div class=\"wp-block-image\">\n<figure class=\"alignleft\" id=\"attachment_46205\"><a href=\"https:\/\/www.bergfreunde.de\/blog\/wp-content\/uploads\/2022\/04\/Indoor-climbing-in-Grimper.ch-gym-Switzerland-Use-only-with-Petzl-logo-and-%C2%A9-2020-PETZL-DISTRIBUTION-Marc-Daviet-GRIMPER.CH-14_1031_20_HD_AL.jpg\"><img decoding=\"async\" src=\"https:\/\/www.bergfreunde.de\/blog\/wp-content\/uploads\/2022\/04\/Indoor-climbing-in-Grimper.ch-gym-Switzerland-Use-only-with-Petzl-logo-and-%C2%A9-2020-PETZL-DISTRIBUTION-Marc-Daviet-GRIMPER.CH-14_1031_20_HD_AL-225x300.jpg\" alt=\"Mann beim Klettern\" class=\"wp-image-46205\"\/><\/a><figcaption class=\"wp-element-caption\">Durch zu gro\u00dfe Belastung k\u00f6nnen sich dauerhafte Sch\u00e4den manifestieren.<\/figcaption><\/figure>\n<\/div>\n\n\n<p>In der Behandlung nutzen wir immer die Skala null bis zehn. Je nach Schmerzart w\u00fcrde ich sagen, dass&nbsp;<strong>unter f\u00fcnf noch tolerierbar<\/strong>&nbsp;ist. Doch die Schmerzarten sind verschieden. Wenn wir einen ziehenden Schmerz in der Bewegung bei drei oder f\u00fcnf haben und der nach dem Kletterzug weg ist, ist die Belastung machbar. Wenn er bleibt oder die Schmerzen brennend, stechend, oder dumpf sind, sollte man die Belastung verringern oder noch mit dem Wiedereinstieg warten.<\/p>\n\n\n\n<p>Wenn Du im Leistungssport bist, verdienst du Geld mit deinem Sport. Bei Leuten, die es als Hobby machen, ist es immer klug sich zu fragen: Ist es mir das wert, wenn ich jetzt zu fr\u00fch anfange und noch l\u00e4nger mit Schmerzen rumlaufe? Auch kann es durch verfr\u00fchten Ehrgeiz passieren, dass man die Sportart dann gar nicht mehr so gut aus\u00fcben kann und sich Sch\u00e4den manifestieren.<\/p>\n\n\n\n<h3 class=\"wp-block-heading\" id=\"h-ab-wann-ist-in-der-regel-eine-steigerung-der-belastung-moglich\">AB WANN IST IN DER REGEL EINE STEIGERUNG DER BELASTUNG M\u00d6GLICH?<\/h3>\n\n\n\n<p>Eine Steigerung ist normalerweise erst m\u00f6glich, wenn man&nbsp;<strong>schmerzfrei<\/strong>&nbsp;ist. Ein anderer Richtwert ist die&nbsp;<strong>Regenerationszeit<\/strong>&nbsp;nach dem Training. Wenn ich trainiere und mein K\u00f6rper und besonders meine abheilenden Verletzungen sich schneller erholen als noch vor zwei oder drei Wochen, kann ich die Belastung etwas steigern. Generell empfehle ich mit k\u00fcrzeren Trainingseinheiten zu starten.<\/p>\n\n\n\n<h3 class=\"wp-block-heading\" id=\"h-klettersport-oder-bergsport-sind-sehr-intensive-sportarten-ware-es-empfehlenswert-nach-langerer-trainingspause-oder-begleitend-zum-wiedereinstieg-sportarten-wie-schwimmen-oder-yoga-auszuuben\">KLETTERSPORT ODER BERGSPORT SIND SEHR INTENSIVE SPORTARTEN. W\u00c4RE ES EMPFEHLENSWERT NACH L\u00c4NGERER TRAININGSPAUSE ODER BEGLEITEND ZUM WIEDEREINSTIEG SPORTARTEN WIE SCHWIMMEN ODER YOGA AUSZU\u00dcBEN?<\/h3>\n\n\n\n<p>Ein Ausgleich zur Sportart ist&nbsp;<strong>immer gut<\/strong>. Ob Yoga, Joggen oder Schwimmen \u2013 das sind alle m\u00f6gliche Ausgleichssportarten. Dennoch sollte hier auch&nbsp;<strong>nicht \u00fcbertrieben<\/strong>&nbsp;werden. Zum Klettern braucht man viel Mobilisierung und Kraft. Bei Knie- oder Gelenkproblemen ist Schwimmen eine gute Sache, um auf eine schonende Weise Kondition zu bekommen.<\/p>\n\n\n<div class=\"wp-block-image\">\n<figure class=\"alignright\" id=\"attachment_46202\"><a href=\"https:\/\/www.bergfreunde.de\/blog\/wp-content\/uploads\/2022\/04\/BYoga-169.jpg\"><img decoding=\"async\" src=\"https:\/\/www.bergfreunde.de\/blog\/wp-content\/uploads\/2022\/04\/BYoga-169-300x225.jpg\" alt=\"Mann macht Yoga\" class=\"wp-image-46202\"\/><\/a><figcaption class=\"wp-element-caption\">Eine Ausgleichssportart wie Yoga oder Schwimmen hilft der Regeneration.<\/figcaption><\/figure>\n<\/div>\n\n\n<p>Wichtig sind f\u00fcr den Klettersport das&nbsp;<strong>dynamische Dehnen und Mobilisieren<\/strong>. Zu Beginn ist hier auch klar: Wenn ich 2-mal in die Kletterhalle gehe, mache ich 3-mal einen weiteren Ausgleichssport.<\/p>\n","protected":false},"excerpt":{"rendered":"<p>Wie gelingt der Klettern Wiedereinstieg nach einer Verletzung zur\u00fcck ans Seil? Wir haben zwei Profis gefragt: Interview mit Sportpsychologe Dr. Kai Engbert Eine lange Trainingspause und schwere Verletzungen lassen die Kletterhalle oder den Felsoftmals zu einem Sehnsuchtsort werden. F\u00fcr euch habe ich mit Dr. Kai Engbert gesprochen. Er ist Sportpsychologe in M\u00fcnchen und&nbsp;betreut unter anderem [&hellip;]<\/p>\n","protected":false},"author":23,"featured_media":66557,"comment_status":"open","ping_status":"closed","sticky":false,"template":"","format":"standard","meta":{"_acf_changed":false,"footnotes":""},"categories":[300],"tags":[273],"post_folder":[],"class_list":["post-66555","post","type-post","status-publish","format-standard","has-post-thumbnail","hentry","category-training-gesundheit","tag-klettern-bouldern"],"acf":[],"yoast_head":"<!-- This site is optimized with the Yoast SEO Premium plugin v27.4 (Yoast SEO v27.4) - https:\/\/yoast.com\/product\/yoast-seo-premium-wordpress\/ -->\n<title>Wiedereinstieg ins Klettern nach Verletzungen - R\u00fcckkehr ans Seil<\/title>\n<meta name=\"description\" content=\"Wie gelingt der Klettern Wiedereinstieg nach einer Verletzung zur\u00fcck ans Seil? Wir haben zwei Profis gefragt: Interview mit Sportpsychologe Dr. Kai\" \/>\n<meta name=\"robots\" content=\"index, follow, max-snippet:-1, max-image-preview:large, max-video-preview:-1\" \/>\n<link rel=\"canonical\" href=\"https:\/\/www.berg-freunde.ch\/blog\/klettern-verletzung-wiedereinstieg\/\" \/>\n<meta property=\"og:locale\" content=\"de_DE\" \/>\n<meta property=\"og:type\" content=\"article\" \/>\n<meta property=\"og:title\" content=\"Wiedereinstieg nach Verletzungen - die optimale R\u00fcckkehr ans Seil\" \/>\n<meta property=\"og:description\" content=\"Wie gelingt der Klettern Wiedereinstieg nach einer Verletzung zur\u00fcck ans Seil? Wir haben zwei Profis gefragt: Interview mit Sportpsychologe Dr. Kai\" \/>\n<meta property=\"og:url\" content=\"https:\/\/www.berg-freunde.ch\/blog\/klettern-verletzung-wiedereinstieg\/\" \/>\n<meta property=\"og:site_name\" content=\"Bergfreunde\" \/>\n<meta property=\"article:publisher\" content=\"https:\/\/www.facebook.com\/bergfreunde\" \/>\n<meta property=\"article:published_time\" content=\"2022-02-08T12:25:41+00:00\" \/>\n<meta property=\"article:modified_time\" content=\"2023-07-26T11:53:44+00:00\" \/>\n<meta property=\"og:image\" content=\"https:\/\/www.berg-freunde.ch\/blog\/wp-content\/uploads\/2022\/02\/wiedereinstieg-nach-verletzung.jpg\" \/>\n\t<meta property=\"og:image:width\" content=\"1024\" \/>\n\t<meta property=\"og:image:height\" content=\"320\" \/>\n\t<meta property=\"og:image:type\" content=\"image\/jpeg\" \/>\n<meta name=\"author\" content=\"Anna\" \/>\n<meta name=\"twitter:card\" content=\"summary_large_image\" \/>\n<meta name=\"twitter:label1\" content=\"Geschrieben von\" \/>\n\t<meta name=\"twitter:data1\" content=\"Anna\" \/>\n\t<meta name=\"twitter:label2\" content=\"Gesch\u00e4tzte Lesezeit\" \/>\n\t<meta name=\"twitter:data2\" content=\"8\u00a0Minuten\" \/>\n<script type=\"application\/ld+json\" class=\"yoast-schema-graph\">{\"@context\":\"https:\\\/\\\/schema.org\",\"@graph\":[{\"@type\":[\"Article\",\"BlogPosting\"],\"@id\":\"https:\\\/\\\/www.berg-freunde.ch\\\/blog\\\/klettern-verletzung-wiedereinstieg\\\/#article\",\"isPartOf\":{\"@id\":\"https:\\\/\\\/www.berg-freunde.ch\\\/blog\\\/klettern-verletzung-wiedereinstieg\\\/\"},\"author\":{\"name\":\"Anna\",\"@id\":\"https:\\\/\\\/www.berg-freunde.ch\\\/blog\\\/#\\\/schema\\\/person\\\/edf43bd700836758f5577b079062616c\"},\"headline\":\"Wiedereinstieg nach Verletzungen &#8211; die optimale R\u00fcckkehr ans Seil\",\"datePublished\":\"2022-02-08T12:25:41+00:00\",\"dateModified\":\"2023-07-26T11:53:44+00:00\",\"mainEntityOfPage\":{\"@id\":\"https:\\\/\\\/www.berg-freunde.ch\\\/blog\\\/klettern-verletzung-wiedereinstieg\\\/\"},\"wordCount\":1593,\"commentCount\":0,\"publisher\":{\"@id\":\"https:\\\/\\\/www.berg-freunde.ch\\\/blog\\\/#organization\"},\"image\":{\"@id\":\"https:\\\/\\\/www.berg-freunde.ch\\\/blog\\\/klettern-verletzung-wiedereinstieg\\\/#primaryimage\"},\"thumbnailUrl\":\"https:\\\/\\\/www.berg-freunde.ch\\\/blog\\\/wp-content\\\/uploads\\\/2022\\\/02\\\/wiedereinstieg-nach-verletzung.jpg\",\"keywords\":[\"Klettern &amp; Bouldern\"],\"articleSection\":[\"Training &amp; Gesundheit\"],\"inLanguage\":\"de-CH\",\"potentialAction\":[{\"@type\":\"CommentAction\",\"name\":\"Comment\",\"target\":[\"https:\\\/\\\/www.berg-freunde.ch\\\/blog\\\/klettern-verletzung-wiedereinstieg\\\/#respond\"]}]},{\"@type\":\"WebPage\",\"@id\":\"https:\\\/\\\/www.berg-freunde.ch\\\/blog\\\/klettern-verletzung-wiedereinstieg\\\/\",\"url\":\"https:\\\/\\\/www.berg-freunde.ch\\\/blog\\\/klettern-verletzung-wiedereinstieg\\\/\",\"name\":\"Wiedereinstieg ins Klettern nach Verletzungen - R\u00fcckkehr ans Seil\",\"isPartOf\":{\"@id\":\"https:\\\/\\\/www.berg-freunde.ch\\\/blog\\\/#website\"},\"primaryImageOfPage\":{\"@id\":\"https:\\\/\\\/www.berg-freunde.ch\\\/blog\\\/klettern-verletzung-wiedereinstieg\\\/#primaryimage\"},\"image\":{\"@id\":\"https:\\\/\\\/www.berg-freunde.ch\\\/blog\\\/klettern-verletzung-wiedereinstieg\\\/#primaryimage\"},\"thumbnailUrl\":\"https:\\\/\\\/www.berg-freunde.ch\\\/blog\\\/wp-content\\\/uploads\\\/2022\\\/02\\\/wiedereinstieg-nach-verletzung.jpg\",\"datePublished\":\"2022-02-08T12:25:41+00:00\",\"dateModified\":\"2023-07-26T11:53:44+00:00\",\"description\":\"Wie gelingt der Klettern Wiedereinstieg nach einer Verletzung zur\u00fcck ans Seil? Wir haben zwei Profis gefragt: Interview mit Sportpsychologe Dr. Kai\",\"breadcrumb\":{\"@id\":\"https:\\\/\\\/www.berg-freunde.ch\\\/blog\\\/klettern-verletzung-wiedereinstieg\\\/#breadcrumb\"},\"inLanguage\":\"de-CH\",\"potentialAction\":[{\"@type\":\"ReadAction\",\"target\":[\"https:\\\/\\\/www.berg-freunde.ch\\\/blog\\\/klettern-verletzung-wiedereinstieg\\\/\"]}]},{\"@type\":\"ImageObject\",\"inLanguage\":\"de-CH\",\"@id\":\"https:\\\/\\\/www.berg-freunde.ch\\\/blog\\\/klettern-verletzung-wiedereinstieg\\\/#primaryimage\",\"url\":\"https:\\\/\\\/www.berg-freunde.ch\\\/blog\\\/wp-content\\\/uploads\\\/2022\\\/02\\\/wiedereinstieg-nach-verletzung.jpg\",\"contentUrl\":\"https:\\\/\\\/www.berg-freunde.ch\\\/blog\\\/wp-content\\\/uploads\\\/2022\\\/02\\\/wiedereinstieg-nach-verletzung.jpg\",\"width\":1024,\"height\":320},{\"@type\":\"BreadcrumbList\",\"@id\":\"https:\\\/\\\/www.berg-freunde.ch\\\/blog\\\/klettern-verletzung-wiedereinstieg\\\/#breadcrumb\",\"itemListElement\":[{\"@type\":\"ListItem\",\"position\":1,\"name\":\"Blog\",\"item\":\"https:\\\/\\\/www.berg-freunde.ch\\\/blog\\\/\"},{\"@type\":\"ListItem\",\"position\":2,\"name\":\"Know-How\",\"item\":\"https:\\\/\\\/www.berg-freunde.ch\\\/blog\\\/category\\\/know-how\\\/\"},{\"@type\":\"ListItem\",\"position\":3,\"name\":\"Training &amp; Gesundheit\",\"item\":\"https:\\\/\\\/www.berg-freunde.ch\\\/blog\\\/category\\\/know-how\\\/training-gesundheit\\\/\"},{\"@type\":\"ListItem\",\"position\":4,\"name\":\"Wiedereinstieg nach Verletzungen &#8211; die optimale R\u00fcckkehr ans Seil\"}]},{\"@type\":\"WebSite\",\"@id\":\"https:\\\/\\\/www.berg-freunde.ch\\\/blog\\\/#website\",\"url\":\"https:\\\/\\\/www.berg-freunde.ch\\\/blog\\\/\",\"name\":\"Bergfreunde\",\"description\":\"Blog\",\"publisher\":{\"@id\":\"https:\\\/\\\/www.berg-freunde.ch\\\/blog\\\/#organization\"},\"potentialAction\":[{\"@type\":\"SearchAction\",\"target\":{\"@type\":\"EntryPoint\",\"urlTemplate\":\"https:\\\/\\\/www.berg-freunde.ch\\\/blog\\\/?s={search_term_string}\"},\"query-input\":{\"@type\":\"PropertyValueSpecification\",\"valueRequired\":true,\"valueName\":\"search_term_string\"}}],\"inLanguage\":\"de-CH\"},{\"@type\":\"Organization\",\"@id\":\"https:\\\/\\\/www.berg-freunde.ch\\\/blog\\\/#organization\",\"name\":\"Bergfreunde\",\"url\":\"https:\\\/\\\/www.berg-freunde.ch\\\/blog\\\/\",\"logo\":{\"@type\":\"ImageObject\",\"inLanguage\":\"de-CH\",\"@id\":\"https:\\\/\\\/www.berg-freunde.ch\\\/blog\\\/#\\\/schema\\\/logo\\\/image\\\/\",\"url\":\"https:\\\/\\\/www.berg-freunde.ch\\\/blog\\\/wp-content\\\/uploads\\\/2023\\\/12\\\/Bergfreunde_DE_rgb.svg\",\"contentUrl\":\"https:\\\/\\\/www.berg-freunde.ch\\\/blog\\\/wp-content\\\/uploads\\\/2023\\\/12\\\/Bergfreunde_DE_rgb.svg\",\"caption\":\"Bergfreunde\"},\"image\":{\"@id\":\"https:\\\/\\\/www.berg-freunde.ch\\\/blog\\\/#\\\/schema\\\/logo\\\/image\\\/\"},\"sameAs\":[\"https:\\\/\\\/www.facebook.com\\\/bergfreunde\",\"https:\\\/\\\/www.instagram.com\\\/bergfreundede\\\/\"]},{\"@type\":\"Person\",\"@id\":\"https:\\\/\\\/www.berg-freunde.ch\\\/blog\\\/#\\\/schema\\\/person\\\/edf43bd700836758f5577b079062616c\",\"name\":\"Anna\",\"url\":\"https:\\\/\\\/www.berg-freunde.ch\\\/blog\\\/about\\\/anna-poth\\\/\"}]}<\/script>\n<!-- \/ Yoast SEO Premium plugin. -->","yoast_head_json":{"title":"Wiedereinstieg ins Klettern nach Verletzungen - R\u00fcckkehr ans Seil","description":"Wie gelingt der Klettern Wiedereinstieg nach einer Verletzung zur\u00fcck ans Seil? Wir haben zwei Profis gefragt: Interview mit Sportpsychologe Dr. Kai","robots":{"index":"index","follow":"follow","max-snippet":"max-snippet:-1","max-image-preview":"max-image-preview:large","max-video-preview":"max-video-preview:-1"},"canonical":"https:\/\/www.berg-freunde.ch\/blog\/klettern-verletzung-wiedereinstieg\/","og_locale":"de_DE","og_type":"article","og_title":"Wiedereinstieg nach Verletzungen - die optimale R\u00fcckkehr ans Seil","og_description":"Wie gelingt der Klettern Wiedereinstieg nach einer Verletzung zur\u00fcck ans Seil? Wir haben zwei Profis gefragt: Interview mit Sportpsychologe Dr. Kai","og_url":"https:\/\/www.berg-freunde.ch\/blog\/klettern-verletzung-wiedereinstieg\/","og_site_name":"Bergfreunde","article_publisher":"https:\/\/www.facebook.com\/bergfreunde","article_published_time":"2022-02-08T12:25:41+00:00","article_modified_time":"2023-07-26T11:53:44+00:00","og_image":[{"width":1024,"height":320,"url":"https:\/\/www.berg-freunde.ch\/blog\/wp-content\/uploads\/2022\/02\/wiedereinstieg-nach-verletzung.jpg","type":"image\/jpeg"}],"author":"Anna","twitter_card":"summary_large_image","twitter_misc":{"Geschrieben von":"Anna","Gesch\u00e4tzte Lesezeit":"8\u00a0Minuten"},"schema":{"@context":"https:\/\/schema.org","@graph":[{"@type":["Article","BlogPosting"],"@id":"https:\/\/www.berg-freunde.ch\/blog\/klettern-verletzung-wiedereinstieg\/#article","isPartOf":{"@id":"https:\/\/www.berg-freunde.ch\/blog\/klettern-verletzung-wiedereinstieg\/"},"author":{"name":"Anna","@id":"https:\/\/www.berg-freunde.ch\/blog\/#\/schema\/person\/edf43bd700836758f5577b079062616c"},"headline":"Wiedereinstieg nach Verletzungen &#8211; die optimale R\u00fcckkehr ans Seil","datePublished":"2022-02-08T12:25:41+00:00","dateModified":"2023-07-26T11:53:44+00:00","mainEntityOfPage":{"@id":"https:\/\/www.berg-freunde.ch\/blog\/klettern-verletzung-wiedereinstieg\/"},"wordCount":1593,"commentCount":0,"publisher":{"@id":"https:\/\/www.berg-freunde.ch\/blog\/#organization"},"image":{"@id":"https:\/\/www.berg-freunde.ch\/blog\/klettern-verletzung-wiedereinstieg\/#primaryimage"},"thumbnailUrl":"https:\/\/www.berg-freunde.ch\/blog\/wp-content\/uploads\/2022\/02\/wiedereinstieg-nach-verletzung.jpg","keywords":["Klettern &amp; Bouldern"],"articleSection":["Training &amp; Gesundheit"],"inLanguage":"de-CH","potentialAction":[{"@type":"CommentAction","name":"Comment","target":["https:\/\/www.berg-freunde.ch\/blog\/klettern-verletzung-wiedereinstieg\/#respond"]}]},{"@type":"WebPage","@id":"https:\/\/www.berg-freunde.ch\/blog\/klettern-verletzung-wiedereinstieg\/","url":"https:\/\/www.berg-freunde.ch\/blog\/klettern-verletzung-wiedereinstieg\/","name":"Wiedereinstieg ins Klettern nach Verletzungen - R\u00fcckkehr ans Seil","isPartOf":{"@id":"https:\/\/www.berg-freunde.ch\/blog\/#website"},"primaryImageOfPage":{"@id":"https:\/\/www.berg-freunde.ch\/blog\/klettern-verletzung-wiedereinstieg\/#primaryimage"},"image":{"@id":"https:\/\/www.berg-freunde.ch\/blog\/klettern-verletzung-wiedereinstieg\/#primaryimage"},"thumbnailUrl":"https:\/\/www.berg-freunde.ch\/blog\/wp-content\/uploads\/2022\/02\/wiedereinstieg-nach-verletzung.jpg","datePublished":"2022-02-08T12:25:41+00:00","dateModified":"2023-07-26T11:53:44+00:00","description":"Wie gelingt der Klettern Wiedereinstieg nach einer Verletzung zur\u00fcck ans Seil? Wir haben zwei Profis gefragt: Interview mit Sportpsychologe Dr. Kai","breadcrumb":{"@id":"https:\/\/www.berg-freunde.ch\/blog\/klettern-verletzung-wiedereinstieg\/#breadcrumb"},"inLanguage":"de-CH","potentialAction":[{"@type":"ReadAction","target":["https:\/\/www.berg-freunde.ch\/blog\/klettern-verletzung-wiedereinstieg\/"]}]},{"@type":"ImageObject","inLanguage":"de-CH","@id":"https:\/\/www.berg-freunde.ch\/blog\/klettern-verletzung-wiedereinstieg\/#primaryimage","url":"https:\/\/www.berg-freunde.ch\/blog\/wp-content\/uploads\/2022\/02\/wiedereinstieg-nach-verletzung.jpg","contentUrl":"https:\/\/www.berg-freunde.ch\/blog\/wp-content\/uploads\/2022\/02\/wiedereinstieg-nach-verletzung.jpg","width":1024,"height":320},{"@type":"BreadcrumbList","@id":"https:\/\/www.berg-freunde.ch\/blog\/klettern-verletzung-wiedereinstieg\/#breadcrumb","itemListElement":[{"@type":"ListItem","position":1,"name":"Blog","item":"https:\/\/www.berg-freunde.ch\/blog\/"},{"@type":"ListItem","position":2,"name":"Know-How","item":"https:\/\/www.berg-freunde.ch\/blog\/category\/know-how\/"},{"@type":"ListItem","position":3,"name":"Training &amp; Gesundheit","item":"https:\/\/www.berg-freunde.ch\/blog\/category\/know-how\/training-gesundheit\/"},{"@type":"ListItem","position":4,"name":"Wiedereinstieg nach Verletzungen &#8211; die optimale R\u00fcckkehr ans Seil"}]},{"@type":"WebSite","@id":"https:\/\/www.berg-freunde.ch\/blog\/#website","url":"https:\/\/www.berg-freunde.ch\/blog\/","name":"Bergfreunde","description":"Blog","publisher":{"@id":"https:\/\/www.berg-freunde.ch\/blog\/#organization"},"potentialAction":[{"@type":"SearchAction","target":{"@type":"EntryPoint","urlTemplate":"https:\/\/www.berg-freunde.ch\/blog\/?s={search_term_string}"},"query-input":{"@type":"PropertyValueSpecification","valueRequired":true,"valueName":"search_term_string"}}],"inLanguage":"de-CH"},{"@type":"Organization","@id":"https:\/\/www.berg-freunde.ch\/blog\/#organization","name":"Bergfreunde","url":"https:\/\/www.berg-freunde.ch\/blog\/","logo":{"@type":"ImageObject","inLanguage":"de-CH","@id":"https:\/\/www.berg-freunde.ch\/blog\/#\/schema\/logo\/image\/","url":"https:\/\/www.berg-freunde.ch\/blog\/wp-content\/uploads\/2023\/12\/Bergfreunde_DE_rgb.svg","contentUrl":"https:\/\/www.berg-freunde.ch\/blog\/wp-content\/uploads\/2023\/12\/Bergfreunde_DE_rgb.svg","caption":"Bergfreunde"},"image":{"@id":"https:\/\/www.berg-freunde.ch\/blog\/#\/schema\/logo\/image\/"},"sameAs":["https:\/\/www.facebook.com\/bergfreunde","https:\/\/www.instagram.com\/bergfreundede\/"]},{"@type":"Person","@id":"https:\/\/www.berg-freunde.ch\/blog\/#\/schema\/person\/edf43bd700836758f5577b079062616c","name":"Anna","url":"https:\/\/www.berg-freunde.ch\/blog\/about\/anna-poth\/"}]}},"_links":{"self":[{"href":"https:\/\/www.berg-freunde.ch\/blog\/wp-json\/wp\/v2\/posts\/66555","targetHints":{"allow":["GET"]}}],"collection":[{"href":"https:\/\/www.berg-freunde.ch\/blog\/wp-json\/wp\/v2\/posts"}],"about":[{"href":"https:\/\/www.berg-freunde.ch\/blog\/wp-json\/wp\/v2\/types\/post"}],"author":[{"embeddable":true,"href":"https:\/\/www.berg-freunde.ch\/blog\/wp-json\/wp\/v2\/users\/23"}],"replies":[{"embeddable":true,"href":"https:\/\/www.berg-freunde.ch\/blog\/wp-json\/wp\/v2\/comments?post=66555"}],"version-history":[{"count":0,"href":"https:\/\/www.berg-freunde.ch\/blog\/wp-json\/wp\/v2\/posts\/66555\/revisions"}],"wp:featuredmedia":[{"embeddable":true,"href":"https:\/\/www.berg-freunde.ch\/blog\/wp-json\/wp\/v2\/media\/66557"}],"wp:attachment":[{"href":"https:\/\/www.berg-freunde.ch\/blog\/wp-json\/wp\/v2\/media?parent=66555"}],"wp:term":[{"taxonomy":"category","embeddable":true,"href":"https:\/\/www.berg-freunde.ch\/blog\/wp-json\/wp\/v2\/categories?post=66555"},{"taxonomy":"post_tag","embeddable":true,"href":"https:\/\/www.berg-freunde.ch\/blog\/wp-json\/wp\/v2\/tags?post=66555"},{"taxonomy":"post_folder","embeddable":true,"href":"https:\/\/www.berg-freunde.ch\/blog\/wp-json\/wp\/v2\/post_folder?post=66555"}],"curies":[{"name":"wp","href":"https:\/\/api.w.org\/{rel}","templated":true}]}}