{"id":66683,"date":"2022-01-09T15:00:00","date_gmt":"2022-01-09T14:00:00","guid":{"rendered":"https:\/\/www.bergfreunde.de\/blog\/skifelle-pflegeanleitung\/"},"modified":"2025-10-09T09:17:01","modified_gmt":"2025-10-09T07:17:01","slug":"skifelle-pflegeanleitung","status":"publish","type":"post","link":"https:\/\/www.berg-freunde.ch\/blog\/skifelle-pflegeanleitung\/","title":{"rendered":"Skifelle richtig behandeln, pflegen und lagern"},"content":{"rendered":"<div class=\"wp-block-image\">\n<figure class=\"alignright size-large is-resized\"><a href=\"https:\/\/www.bergfreunde.de\/blog\/wp-content\/uploads\/2021\/05\/Skifelle-Spannsystem.jpg\"><img decoding=\"async\" src=\"https:\/\/www.bergfreunde.de\/blog\/wp-content\/uploads\/2021\/05\/Skifelle-Spannsystem.jpg\" alt=\"Skifelle in Aktion\" style=\"width:350px\"\/><\/a><figcaption class=\"wp-element-caption\">Damit die neu gekauften Skifelle auch m\u00f6glichst lange halten, m\u00fcssen sie \u201eartgerecht\u201c behandelt und gepflegt werden.<\/figcaption><\/figure>\n<\/div>\n\n\n<p>Wir steigen mit dieser Anleitung an dem Punkt ein, an dem du das nagelneue passende Paar <strong>Steigfelle f\u00fcr deine Tourenski<\/strong> in der Hand h\u00e4ltst und langsam hibbelig wirst, weil das erste Tourenwochenende n\u00e4her r\u00fcckt. Doch damit du dich an den Skifellen bei m\u00f6glichst vielen Touren erfreuen kannst und sie m\u00f6glichst verl\u00e4sslich ihren Dienst verrichten, m\u00fcssen sie nat\u00fcrlich \u201eartgerecht\u201c <strong>behandelt und gepflegt werden<\/strong>.<\/p>\n\n\n\n<p>Dabei ist es zun\u00e4chst nicht wichtig, ob du ein <strong>Fertigmodell <\/strong>in den passenden Abmessungen zu deinen Skiern hast, oder ein <strong>Zuschneidefell<\/strong>, auch <strong>Meterware<\/strong> genannt. Falls du mit dieser preisg\u00fcnstigen Alternative lieb\u00e4ugelst, folgt hier demn\u00e4chst noch eine Anleitung f\u00fcr das richtige Zuschneiden der Felle.<\/p>\n\n\n\n<p>Au\u00dferdem befassen wir uns hier zun\u00e4chst nur mit dem derzeitigen Standard der <strong>Klebefelle<\/strong>. Auf die relativ neuen, klebstofffreien <strong>Adh\u00e4sionsfelle<\/strong> kommen wir am Schluss des Artikels nochmal zur\u00fcck.<\/p>\n\n\n\n<p>Bei so gut wie allen Fellen findest du in der Verpackung auch eine Anleitung, die jedoch nicht immer optimal anschaulich gelungen ist. Bei den <strong>Pflegeprodukten<\/strong> wie Impr\u00e4gniermittel und Kleber befindet sich bisweilen nur Tube, Spr\u00fchdose oder Wachsriegel im Regal oder Karton \u2013 ohne weiterf\u00fchrende Infos jenseits von \u201eZutatenliste\u201c und Giftigkeitshinweisen. H\u00f6chste Zeit also f\u00fcr einen All-in-One-\u00dcberblick.<\/p>\n\n\n\n<p>Als <strong>logische Gliederung<\/strong> bietet sich der typische <strong>\u201eLebenszyklus\u201c des Fells<\/strong> an: der beginnt beim Kauf, f\u00fchrt \u00fcber die Pr\u00e4parierung f\u00fcr die erste Tour und die m\u00f6glichst schonende Behandlung w\u00e4hrend der Tour, bis zur richtigen Nachbehandlung und Lagerung. Kurz gesagt, wir nehmen an, dass es mit nagelneuen <a href=\"https:\/\/www.bergfreunde.de\/skifelle\/\">Fellen<\/a> vom Dealer deines Vertrauens nach kurzer Vorbereitung zuhause direkt auf Tour geht.<\/p>\n\n\n\n<h2 class=\"wp-block-heading\" id=\"h-vor-der-tour\">Vor der Tour<\/h2>\n\n\n<div class=\"wp-block-image\">\n<figure class=\"alignright size-large is-resized\"><a href=\"https:\/\/www.bergfreunde.de\/blog\/wp-content\/uploads\/2021\/05\/Skifell-black-diamond.jpg\"><img decoding=\"async\" src=\"https:\/\/www.bergfreunde.de\/blog\/wp-content\/uploads\/2021\/05\/Skifell-black-diamond.jpg\" alt=\"Skifell Ascension Nylon STS von Black Diamond\" style=\"width:350px\"\/><\/a><figcaption class=\"wp-element-caption\">Das Skifell Ascension Nylon STS von <a href=\"https:\/\/www.berg-freunde.ch\/marken\/black-diamond\/\">Black Diamond<\/a> passt durch den verstellbaren Frontb\u00fcgel auf die meisten Skitypen und -breiten.<\/figcaption><\/figure>\n<\/div>\n\n\n<p>Da wir &#8211; wie erw\u00e4hnt &#8211; von neu gekauften Fellen ausgehen, stellt sich die Frage, ob man irgendetwas tun muss, bevor zum ersten Mal das Fell aufgezogen wird. Eigentlich nicht, denn so, wie man die allermeiste Bergsportausr\u00fcstung vom Start weg benutzen kann, ist auch bei <strong>Skifellen kein Impr\u00e4gnieren o.\u00e4. vor der ersten Tour n\u00f6tig<\/strong>, da das Material normalerweise ab Werk bereits impr\u00e4gniert und einsatzbereit ist. Selbstverst\u00e4ndlich ist auch der Fellkleber ab Werk schon fachgerecht aufgetragen.<\/p>\n\n\n\n<p>Das <strong>Montieren und Abnehmen der Felle<\/strong> lernt man jedoch besser nicht erst w\u00e4hrend der Tour. Wer hier noch nicht verschiedene Varianten im Schlaf beherrscht, sollte ruhig schon mal zuhause ein wenig \u00fcben \u2013 und zwar besser im verschneiten Garten als auf dem Wohnzimmerparkett.<\/p>\n\n\n\n<p>Die Fellbefestigung&nbsp;gestaltet sich im Prinzip ganz einfach &#8211; vorausgesetzt, das mitgelieferte Spannsystem passt zum vorhandenen Ski. Je nach Hersteller befinden sich an den Fellenden B\u00fcgel, Krallen, Haken, \u00d6sen, Clips und Klammern. Am weitesten verbreitet d\u00fcrfte der rechteckige B\u00fcgel an der Vorderseite sein, mit dem das Fell \u00fcber die Schaufel bzw. Skispitze gelegt wird.&nbsp;Insbesondere bei Zuschnittfellen sollte man genau nachschauen. Auf Nummer sicher geht man bei Fertigfellen, wenn man ein abgestimmtes Ski- und Fell-System vom gleichen Hersteller nimmt.<\/p>\n\n\n\n<h2 class=\"wp-block-heading\" id=\"h-auffellen-auspacken-und-skifelle-aufziehen\">Auffellen: Auspacken und Skifelle aufziehen<\/h2>\n\n\n\n<p>Das Aufziehen der Felle wird <strong>\u201eauffellen\u201c<\/strong> genannt und ist logischerweise meist <strong>vor und w\u00e4hrend der Tour angesagt<\/strong>. Dann hei\u00dft es einfach,&nbsp;Vorderseite einh\u00e4ngen, Fell kurz dehnen, um es sorgf\u00e4ltig und St\u00fcck f\u00fcr St\u00fcck von vorn nach hinten auf den Ski zu kleben, hinten festklammern, fertig. Das kurze Vordehnen dient nur dem sauberen Aufkleben, die Haftung der Felle am Ski wird nicht durch Spannung, sondern allein durch die Klebekraft besorgt. Neue Felle werden dementsprechend hinten nur noch fixiert, ohne Spannung zu erzeugen. H\u00f6rt sich doch ganz einfach an, oder?<\/p>\n\n\n\n<h3 class=\"wp-block-heading\">M\u00f6gliche Fehler beim Auffellen<\/h3>\n\n\n\n<p>Aber ist es nat\u00fcrlich nicht. <strong>Man kann hier durchaus einige Fehler<\/strong> machen, vor allem wenn man nicht wei\u00df, wie man die Skier geschickt h\u00e4lt oder wie man mit den mitgelieferten Fell-Schutzfolien aus Plastik oder Netzmaterial hantieren soll. Man merkt in diesem Moment auch, dass das beste Verspannsystem nutzlos ist, wenn die Klebeseite des Fells nicht einwandfrei haftet.<\/p>\n\n\n\n<p>Hierf\u00fcr die geschicktesten K\u00f6rperhaltungen und Handgriffe in der richtigen Reihenfolge verbal zu erkl\u00e4ren, w\u00e4re eher unpraktisch und w\u00fcrde auch den Rahmen dieses Artikels sprengen. Stattdessen habe ich eine <strong>Reihe von Videos<\/strong> ausgesucht, die meiner Ansicht nach alle ma\u00dfgeblichen Varianten anschaulich erkl\u00e4ren.<\/p>\n\n\n\n<h3 class=\"wp-block-heading\">Varianten des Auffellens<\/h3>\n\n\n\n<p>Grunds\u00e4tzlich kann man diese Varianten danach unterscheiden, ob die <strong>Skier beim Aufellen abgeschnallt<\/strong> <strong>werden oder nicht und ob Schutzfolien<\/strong> <strong>verwendet werden oder nicht<\/strong>. Es gibt viele abweichende und manchmal gar gegens\u00e4tzliche Meinungen, was die einzig wahre Methode ist. Wichtig ist, dass die Felle und insbesondere deren Klebeseiten so wenig Schmutz und N\u00e4sse wie m\u00f6glich abbekommen. Auch der Kleber sollte nicht rabiater als unbedingt n\u00f6tig \u201egerupft\u201c werden. Was f\u00fcr die Verwendung von Schutzfolien spricht, beziehungsweise von separat zu kaufenden Schutzstr\u00fcmpfen.<\/p>\n\n\n\n<ul class=\"wp-block-list\">\n<li><strong><a href=\"https:\/\/www.youtube.com\/watch?v=lLTfm-jygzg\">Auffellen ohne Schutzfolie<\/a>:<\/strong> Das erste Beispielvideo zeigt das Auffellen detailliert, mit guten Erkl\u00e4rungen, anschaulichen Wiederholungseinspielungen sowie einer Variante, die bei Wind und \u201ed\u00fcnnem Gel\u00e4nde\u201c leichter f\u00e4llt. Zwar auf Englisch und ohne Untertitel, doch der Akzent ist unterhaltsam und gut verst\u00e4ndlich.<\/li>\n\n\n\n<li><strong><a href=\"https:\/\/www.youtube.com\/watch?v=Ie6Xufys2wM\">Auffellen ohne Schutzfolie<\/a>:&nbsp;<\/strong>Das zweite Beispielvideo ist deutlich k\u00fcrzer und kommt ohne verbale Erkl\u00e4rungen aus. Es zeigt einen effizienten und fl\u00fcssigen Bewegungsablauf.<\/li>\n\n\n\n<li><strong><a href=\"https:\/\/www.youtube.com\/watch?v=yfMkIf0InuQ\">Auffellen mit Schutzfolie<\/a>:&nbsp;<\/strong>In&nbsp;den vorherigen Videos sind die Felle einfach aneinandergeklebt, Folie oder Schutzstr\u00fcmpfe werden nicht verwendet. F\u00fcr das Auffellen mit Folie scheint es nur sehr wenige Videos, und keines auf Deutsch zu geben \u2013 bei dem Folgenden lassen sich immerhin englische Untertitel zuschalten.<\/li>\n<\/ul>\n\n\n\n<p>Ohne Folie oder Schutzstr\u00fcmpfe m\u00fcssen die gefalteten Felle beim Auffellen recht ruppig auseinandergezogen werden, was nicht nur schlechter zu kontrollieren ist, sondern auch dem Kleber auf Dauer eher weniger bekommt. Viele Experten raten deshalb auch grunds\u00e4tzlich davon ab, die Felle ohne Schutzabdeckung zusammenzulegen. Allerdings kann das entsprechende Gefummel bei Verwendung von Folie bei Wind und Wetter nervt\u00f6tend werden \u2013 was ein weiterer Grund f\u00fcr den baldigen Durchbruch der Adh\u00e4sionsfelle sein k\u00f6nnte. F\u00fcr Klebef\u00e4lle sind jedenfalls Fell-Schutzstr\u00fcmpfe eine gute Alternative, bei der es kaum Probleme mit dem Verkleben gibt und die Handhabung bei Wind und N\u00e4sse einfacher ist.<\/p>\n\n\n\n<h2 class=\"wp-block-heading\" id=\"h-wahrend-der-tour\">W\u00e4hrend der Tour<\/h2>\n\n\n\n<p>Da auch w\u00e4hrend der Tour, wie schon erw\u00e4hnt, m\u00f6glichst wenig Schmutz, Wachsreste oder N\u00e4sse an die Felle gelangen soll, ist die <strong>Mitnahme eines trockenen und sauberen Baumwolltuchs oder Handtuchs<\/strong> keine schlechte Idee. Wenn mehrmaliges Auf- und Abfellen w\u00e4hrend einer Tour n\u00f6tig ist, sollten die Felle wegen der Temperaturempfindlichkeit des Klebers m\u00f6glichst <strong>k\u00f6rpernah getragen<\/strong> werden. Genau f\u00fcr diesen Zweck sind die extra gro\u00dfen Brusttaschen bei <a href=\"https:\/\/www.bergfreunde.de\/outdoor-jacken\/einsatzbereich--skitouren\/\">skitourentauglichen Funktionsjacken<\/a> gedacht.<\/p>\n\n\n\n<p>Auch unterwegs und in Aktion kann man Felle, Kleber und Impr\u00e4gnierung durch Umsicht schonen. Das wichtigste dabei ist, die Felle ausschlie\u00dflich f\u00fcr den Untergrund zu verwenden, f\u00fcr den sie vorgesehen sind \u2013 also kein Gras, kein Erdboden, keine Pf\u00fctzen und kein Schneematsch. Das kann in Waldzonen durchaus zur Herausforderung werden, genau so wie bei Zeitdruck oder Ersch\u00f6pfung, wenn Abk\u00fcrzungen zur Zweckentfremdung der Felle verlocken.<\/p>\n\n\n\n<h2 class=\"wp-block-heading\" id=\"h-abfellen-skifelle-abziehen-und-einpacken\">Abfellen: Skifelle abziehen und Einpacken<\/h2>\n\n\n\n<p>Fr\u00fcher oder sp\u00e4ter wird das Fell w\u00e4hrend der Tour abgezogen \u2013 meist am Gipfel, wenn man sich f\u00fcr die Abfahrt bereit macht. Nach der Tour wird es logischerweise m\u00f6glichst fachgerecht eingepackt. Hier erweist sich erneut Youtube als guter Helfer, um einige geschickte M\u00f6glichkeiten kurz zu zeigen.<\/p>\n\n\n\n<ul class=\"wp-block-list\">\n<li><strong><a href=\"https:\/\/www.youtube.com\/watch?v=ktz9vuoB22g\">Abfellen ohne Folien<\/a>:<\/strong>&nbsp;In der leichteren Version mit abgeschnallten und parallel aufgestellten Skiern &#8211; sehr anschaulich und mit eingeblendeten Erl\u00e4uterungen<\/li>\n\n\n\n<li><strong><a href=\"https:\/\/www.youtube.com\/watch?v=vXzYtQb-FSk\">Abfellen mit und ohne Folien<\/a>:<\/strong> Das zweite Beispiel ist etwas ausf\u00fchrlicher, aber ebenfalls anschaulich<\/li>\n\n\n\n<li><strong><a href=\"https:\/\/www.youtube.com\/watch?v=gNnlG2NLZ5U\">Abfellen ohne Abschnallen der Ski:<\/a>&nbsp;<\/strong>Zuletzt noch ein Beispiel f\u00fcr rasantes Abfellen ohne Abschnallen der Ski<\/li>\n<\/ul>\n\n\n\n<p>Man beachte bei allen Videos: die Felle werden stets aus einer Jacken- bzw. Innentasche geholt, d.h. k\u00f6rpernah aufbewahrt. Idealerweise lagert man die Felle auch w\u00e4hrend der \u00dcbernachtungen in H\u00fctten und Winterr\u00e4umen irgendwo im Bereich von normaler Zimmertemperatur. Mit der W\u00e4rme sollte es allerdings auch nicht \u00fcbertrieben werden, sonst kann der Kleber zerlaufen \u2013 also nicht auf die Heizung oder in direkte Sonneneinstrahlung legen.<\/p>\n\n\n\n<h2 class=\"wp-block-heading\" id=\"h-kommt-in-den-besten-familien-vor-pannen-auf-tour\">Kommt in den besten Familien vor: Pannen auf Tour<\/h2>\n\n\n\n<p>Trotz aller Vorbeugung und Umsicht kann es bei bestimmten Bedingungen zu den typischen Skitourenproblemen kommen. Das wohl h\u00e4ufigste sind Schneestollen, die sich unter dem Fell bilden. Seltener kommt es vor, dass das Fell sich an einzelnen Stellen abl\u00f6st oder an den Seiten ausfranst, und die Kanten dadurch keinen sicheren Halt mehr bieten. F\u00fcr den Fall der &#8218;Felle&#8216; sollte man also ein paar Pannen- bzw. <strong>Notfallmaterialien<\/strong> dabei haben und die <strong>Notfallma\u00dfnahmen<\/strong> kennen.<\/p>\n\n\n\n<h3 class=\"wp-block-heading\"><strong>Panne 1: Anstollen\/ Verlust der Gleitf\u00e4higkeit<\/strong><\/h3>\n\n\n\n<p><strong><br><\/strong>Der Schnee bleibt an den Fellen h\u00e4ngen, weil deren Unterseite zu viel Feuchtigkeit aufnimmt. Das ist nicht unbedingt ein \u201eMaterialversagen\u201c, sondern kann auch passieren, wenn man bei h\u00f6heren Temperaturen mit feuchtem Schnee unterwegs ist und mit steigender H\u00f6he die Temperatur sinkt.<\/p>\n\n\n\n<p><strong>L\u00f6sung<\/strong>: Nachwachsen bzw. nachimpr\u00e4gnieren. Das geht am besten mit einem Wachsstift, wobei durchaus auch normales Skiwachs funktioniert. Vor dem Auftragen muss die Fellunterseite m\u00f6glichst trocken und sauber sein (mit Tuch abwischen). Der Wachsstift sollte schnell und mit etwas Druck in Gleitrichtung \u00fcber das Fell gezogen werden, um genug Wachs in die Fellfasern zu bekommen. Dann sollte man einige Minuten warten, bis die Impr\u00e4gnierung eingezogen ist.&nbsp;Zur Vorbeugung&nbsp;kontrolliert man am besten noch zuhause die Impr\u00e4gnierung der Felloberfl\u00e4che, indem man etwas Wasser dar\u00fcber laufen l\u00e4sst. Perlt es \u00fcberwiegend in kleinen Tropfen ab, ist die Impr\u00e4gnierung in Ordnung. Andernfalls sollte nachgewachst werden.<\/p>\n\n\n\n<h3 class=\"wp-block-heading\"><strong>Panne 2: Verlust der Klebef\u00e4higkeit<\/strong><\/h3>\n\n\n\n<p><strong><br><\/strong>N\u00e4sse, Schmutz und Alterung k\u00f6nnen w\u00e4hrend der Tour zum Abl\u00f6sen einzelner Stellen des Fells f\u00fchren. In steilem Gel\u00e4nde ist das dann folgende Herumschwimmen der Skier nicht gerade angenehm.<\/p>\n\n\n\n<p><strong>L\u00f6sung:&nbsp;<\/strong>Wenn man Gl\u00fcck hat, reicht es zun\u00e4chst aus, Schnee, Eis und eventuellen Schmutz von Ski und Klebefl\u00e4che zu entfernen. Hilft dies nicht, muss der hoffentlich eingepackte Fl\u00fcssig- oder Spr\u00fchkleber ran. Falls kein Kleber dabei ist oder der Vorhandene nicht gen\u00fcgend Haftung erzeugt, muss mit starkem Tape, Isolierband, Kabelbindern oder Schn\u00fcren imporvisiert werden. Als Behelfsmittel um die Tour unfallfrei zu Ende zu bringen taugen solche Basteleien durchaus. Eine tolle Performance sollte man allerdings nicht mehr erwarten. Kabelbinder k\u00f6nnen auch bei den zum Gl\u00fcck eher seltenen Defekten der Spannmechanismen helfen.<\/p>\n\n\n\n<p>Und was lernen wir daraus?&nbsp;Je l\u00e4nger die Tour und je gr\u00f6\u00dfer die Gruppe, desto vollst\u00e4ndiger sollte das Notfallset aus Wachs, Fellkleber, Klebeband und Kabelbindern sein.<\/p>\n\n\n\n<h2 class=\"wp-block-heading\" id=\"h-nach-der-tour-ist-vor-der-tour\">Nach der Tour (ist vor der Tour)<\/h2>\n\n\n<div class=\"wp-block-image\">\n<figure class=\"alignright size-large is-resized\"><a href=\"https:\/\/www.bergfreunde.de\/blog\/wp-content\/uploads\/2021\/05\/Skifelle-Pflege-Lagerung.jpg\"><img decoding=\"async\" src=\"https:\/\/www.bergfreunde.de\/blog\/wp-content\/uploads\/2021\/05\/Skifelle-Pflege-Lagerung.jpg\" alt=\"Skitour mit Skifellen auf einem H\u00fcgel\" style=\"width:350px\"\/><\/a><figcaption class=\"wp-element-caption\">Auch die Reinigung, das Trocken, die Impr\u00e4gnierung und die Lagerung der Skifelle wollen gelernt sein.<\/figcaption><\/figure>\n<\/div>\n\n\n<p>Nach der Tour steht logischerweise zun\u00e4chst die <strong>Reinigung<\/strong> der Felle auf dem Programm. Alles was irgendwo h\u00e4ngt, steckt und klebt sollte entfernt werden, um Risse und L\u00f6cher zu vermeiden. Am besten eignet sich auch hier das trockene und saubere Baumwolltuch. F\u00fcr hartn\u00e4ckigere R\u00fcckst\u00e4nde muss man auch mal kr\u00e4ftiger zupacken oder sehr vorsichtig mit einer Pinzette oder scharfen Messerklinge nachhelfen. Reinigungsmittel sollten nur zum Einsatz kommen, wenn man mit mechanischer Reinigung definitiv nicht weiterkommt. Besser, man versucht es zun\u00e4chst damit, das Tuch etwas zu befeuchten. Falls der Fellhersteller in der Anleitung explizit bestimmte Reinigungsmittel empfiehlt oder von der Reinigung mit feuchten T\u00fcchern abr\u00e4t, kann man hier allerdings auch Ausnahmen machen.<\/p>\n\n\n\n<p>F\u00fcr das <strong>Trocknen<\/strong> gelten die gleichen Regeln wie w\u00e4hrend der Tour: m\u00f6glichst nicht viel w\u00e4rmer oder k\u00e4lter als bei Zimmertemperatur, ansonsten kann der Kleber schmelzen oder aush\u00e4rten. Die ges\u00e4uberten Klebeseiten werden sofort nach der Reinigung vollst\u00e4ndig mit den Folien oder Schutzstr\u00fcmpfen abgedeckt.<\/p>\n\n\n\n<h3 class=\"wp-block-heading\">Versiegeln und Impr\u00e4gnieren<\/h3>\n\n\n\n<p>Zur\u00fcck zuhause bzw. rechtzeitig vor der n\u00e4chsten Tour sollte dann die <strong>Impr\u00e4gnierung<\/strong> mit dem eben erw\u00e4hnten \u201eWasserperltest\u201c gecheckt werden. F\u00e4llt er negativ aus, wird nachgewachst. Hier empfiehlt sich eher Spray, denn damit durchdringt man das Fell etwas besser \u2013 besonders, wenn man es zuvor gegen den Strich leicht aufb\u00fcrstet.<\/p>\n\n\n\n<p>Im Laufe vieler Touren mit vielen Querungen k\u00f6nnen die im Neuzustand versiegelten Fellr\u00e4nder ausfransen. Hier kann man versuchen, die <strong>Fransen an den Fellr\u00e4ndern zu entfernen<\/strong>, beispielsweise mit einer Schere. Die Schnittfl\u00e4che sollte dann vorsichtig &#8211; ohne dabei den Fellfasern oder dem Kleber zu nahe zu kommen &#8211; mit einem Feuerzeug versiegelt werden. F\u00fcr die Versiegelung arbeitet man mit kleiner Flamme am Feuerzeug und f\u00e4hrt mit dieser langsam und vorsichtig an den \u201eoffenen\u201c Schnittkanten des Fells entlang, sodass alle Ausfaserungen zusammenschmelzen. Dabei immer gerade so viel Abstand halten, <strong>dass die Flamme das Fell niemals direkt ber\u00fchrt!<\/strong><\/p>\n\n\n\n<h2 class=\"wp-block-heading\">Lagerung<\/h2>\n\n\n\n<p>Dann geht es an die <strong>Lagerung<\/strong>. Dar\u00fcber haben wir in der <a href=\"https:\/\/www.berg-freunde.ch\/blog\/kaufberatung-skifelle\/\">Kaufberatung f\u00fcr Skifelle<\/a> schon berichtet, daher nur noch einmal eine kurze Zusammenfassung. Die gereinigten und ggf. impr\u00e4gnierten Felle werden nach Anbringen der Klebeschutzfolien in der Mitte gefaltet statt gerollt und dann so zusammengelegt, dass sie sich gut im Beutel oder Transportsack verpacken lassen. Das direkte Aufeinanderkleben der Klebefl\u00e4chen ist vor allem bei l\u00e4ngerer Lagerung und bei taillierten Carverfellen nicht ratsam. Um das Austrocknen der R\u00e4nder und des Klebers zu verhindern, sollte wirklich keine Klebestelle unbedeckt bleiben. Die Felle werden verpackt an einem lichtgesch\u00fctzten und trockenen Ort mit Temperaturen um 10-20\u00b0C aufbewahrt. Die Verpackung sollte nicht v\u00f6llig luftdicht sein, da andernfalls bei Restfeuchte Schimmel entstehen kann.<\/p>\n\n\n\n<h2 class=\"wp-block-heading\" id=\"h-die-klebeschicht-erneuern\"><strong>Die Klebeschicht erneuern<\/strong><\/h2>\n\n\n\n<p>Man liest hierzu immer mal wieder Angaben wie \u201ebis zu 100 Touren\u201c oder \u201emehrere Saisons\u201c. Das macht ohne genaueren Kontext jedoch wenig Sinn, da L\u00e4nge und Materialbeanspruchung von Touren stark variieren k\u00f6nnen, und au\u00dferdem weitere Faktoren bis hin zum Gewicht des Tourengehers hineinspielen. Sagen wir mal so: ein M\u00fcnchner, der zwischen Dezember und April jedes Wochenende eine Tour in den bayrischen Hausbergen macht (falls denn genug Schnee liegt), kann bei sachgerechter Pflege mit einem Kleber gut durch die Saison kommen.&nbsp;Sicher ist jedenfalls, dass der Kleber allein durch das Auf- und Abfellen irgendwann nachl\u00e4sst und verloren geht.<\/p>\n\n\n\n<p>W\u00e4hrend der Kleber den Geist aufgegeben hat, sind Tr\u00e4gerschicht und Fasern der Fellseite oft noch gut in Schuss. Es w\u00e4re eine Verschwendung, die Felle komplett zu ersetzen. Doch das <b>Erneuern des Klebers<\/b> ist erstens zeit- und energieaufw\u00e4ndig und erfordert zweitens ein Mindestma\u00df an Bastlergeschick.<\/p>\n\n\n\n<p>Das gilt f\u00fcr beide Arbeitsschritte \u2013 sowohl f\u00fcr das r\u00fcckstandsfreie <b>Entfernen des alten Klebers<\/b>, als auch das gleichm\u00e4\u00dfige <b>Auftragen des Neuen<\/b>. Der alte Kleber muss durch Erhitzen aufgeweicht und dabei abgezogen und\/oder abgespachtelt werden. Dabei kommt -je nach Methode- ein mehr oder weniger reichhaltiges Arsenal an teilweise modifizierten Hilfsmitteln und Werkzeugen zum Einsatz. F\u00fcr den ersten \u00dcberblick hier zwei Videos mit den beiden Standardmethoden des Beklebens:<\/p>\n\n\n\n<ul class=\"wp-block-list\">\n<li><strong><a href=\"https:\/\/www.youtube.com\/watch?v=Q498hs89ZEA\" rel=\"nofollow\">Entfernen und Neubeschichtung des Klebers<\/a> <\/strong>mit Leinent\u00fcchern, B\u00fcgeleisen, Stahlklinge sowie Transfertape\/Transferrolle<\/li>\n\n\n\n<li><strong><a href=\"https:\/\/www.youtube.com\/watch?v=yPJOGoHrqz0\">Neubeschichtung<\/a><\/strong> mit Kleber aus der Tube<\/li>\n<\/ul>\n\n\n\n<p>In den Videos sieht das ganze zwar relativ einfach aus, aber wenn man nicht gerade ein\u00a0Skitourenexperte mit gut eingerichteter Hobbywerkstatt ist oder den Vorgang in einem Kurs beigebracht bekommen hat, sollte man diese Renovierung besser dem Fachh\u00e4ndler \u00fcberlassen. Die Einsparung an Zeit, Energie und Nerven d\u00fcrfte die Kosten locker wettmachen.<\/p>\n","protected":false},"excerpt":{"rendered":"<p>Wir steigen mit dieser Anleitung an dem Punkt ein, an dem du das nagelneue passende Paar Steigfelle f\u00fcr deine Tourenski in der Hand h\u00e4ltst und langsam hibbelig wirst, weil das erste Tourenwochenende n\u00e4her r\u00fcckt. Doch damit du dich an den Skifellen bei m\u00f6glichst vielen Touren erfreuen kannst und sie m\u00f6glichst verl\u00e4sslich ihren Dienst verrichten, m\u00fcssen [&hellip;]<\/p>\n","protected":false},"author":26,"featured_media":84388,"comment_status":"open","ping_status":"closed","sticky":false,"template":"","format":"standard","meta":{"_acf_changed":false,"footnotes":""},"categories":[282],"tags":[278],"post_folder":[],"class_list":["post-66683","post","type-post","status-publish","format-standard","has-post-thumbnail","hentry","category-pflege-reparatur","tag-wintersport"],"acf":[],"yoast_head":"<!-- This site is optimized with the Yoast SEO Premium plugin v27.4 (Yoast SEO v27.4) - https:\/\/yoast.com\/product\/yoast-seo-premium-wordpress\/ -->\n<title>Skifelle richtig behandeln, pflegen und lagern | Bergfreunde<\/title>\n<meta name=\"description\" content=\"Damit deine Skifelle m\u00f6glichst lange halten, erkl\u00e4ren wir dir wie du sie am besten pflegst und lagerst f\u00fcr deinen n\u00e4chsten Winterausflug.\" \/>\n<meta name=\"robots\" content=\"index, follow, max-snippet:-1, max-image-preview:large, max-video-preview:-1\" \/>\n<link rel=\"canonical\" href=\"https:\/\/www.berg-freunde.ch\/blog\/skifelle-pflegeanleitung\/\" \/>\n<meta property=\"og:locale\" content=\"de_DE\" \/>\n<meta property=\"og:type\" content=\"article\" \/>\n<meta property=\"og:title\" content=\"Skifelle richtig behandeln, pflegen und lagern\" \/>\n<meta property=\"og:description\" content=\"Damit deine Skifelle m\u00f6glichst lange halten, erkl\u00e4ren wir dir wie du sie am besten pflegst und lagerst f\u00fcr deinen n\u00e4chsten Winterausflug.\" \/>\n<meta property=\"og:url\" content=\"https:\/\/www.berg-freunde.ch\/blog\/skifelle-pflegeanleitung\/\" \/>\n<meta property=\"og:site_name\" content=\"Bergfreunde\" \/>\n<meta property=\"article:publisher\" content=\"https:\/\/www.facebook.com\/bergfreunde\" \/>\n<meta property=\"article:published_time\" content=\"2022-01-09T14:00:00+00:00\" \/>\n<meta property=\"article:modified_time\" content=\"2025-10-09T07:17:01+00:00\" \/>\n<meta property=\"og:image\" content=\"https:\/\/www.berg-freunde.ch\/blog\/wp-content\/uploads\/2022\/01\/20230515_Kaufberatung-Skifelle_Titel.jpg\" \/>\n\t<meta property=\"og:image:width\" content=\"1440\" \/>\n\t<meta property=\"og:image:height\" content=\"590\" \/>\n\t<meta property=\"og:image:type\" content=\"image\/jpeg\" \/>\n<meta name=\"author\" content=\"Gastautor\" \/>\n<meta name=\"twitter:card\" content=\"summary_large_image\" \/>\n<meta name=\"twitter:label1\" content=\"Geschrieben von\" \/>\n\t<meta name=\"twitter:data1\" content=\"Gastautor\" \/>\n\t<meta name=\"twitter:label2\" content=\"Gesch\u00e4tzte Lesezeit\" \/>\n\t<meta name=\"twitter:data2\" content=\"13\u00a0Minuten\" \/>\n<script type=\"application\/ld+json\" class=\"yoast-schema-graph\">{\"@context\":\"https:\\\/\\\/schema.org\",\"@graph\":[{\"@type\":[\"Article\",\"BlogPosting\"],\"@id\":\"https:\\\/\\\/www.berg-freunde.ch\\\/blog\\\/skifelle-pflegeanleitung\\\/#article\",\"isPartOf\":{\"@id\":\"https:\\\/\\\/www.berg-freunde.ch\\\/blog\\\/skifelle-pflegeanleitung\\\/\"},\"author\":{\"name\":\"Gastautor\",\"@id\":\"https:\\\/\\\/www.berg-freunde.ch\\\/blog\\\/#\\\/schema\\\/person\\\/6ac3327294ce276d7318b1f9c408382e\"},\"headline\":\"Skifelle richtig behandeln, pflegen und lagern\",\"datePublished\":\"2022-01-09T14:00:00+00:00\",\"dateModified\":\"2025-10-09T07:17:01+00:00\",\"mainEntityOfPage\":{\"@id\":\"https:\\\/\\\/www.berg-freunde.ch\\\/blog\\\/skifelle-pflegeanleitung\\\/\"},\"wordCount\":2580,\"commentCount\":2,\"publisher\":{\"@id\":\"https:\\\/\\\/www.berg-freunde.ch\\\/blog\\\/#organization\"},\"image\":{\"@id\":\"https:\\\/\\\/www.berg-freunde.ch\\\/blog\\\/skifelle-pflegeanleitung\\\/#primaryimage\"},\"thumbnailUrl\":\"https:\\\/\\\/www.berg-freunde.ch\\\/blog\\\/wp-content\\\/uploads\\\/2022\\\/01\\\/20230515_Kaufberatung-Skifelle_Titel.jpg\",\"keywords\":[\"Wintersport\"],\"articleSection\":[\"Pflege &amp; Reparatur\"],\"inLanguage\":\"de-CH\",\"potentialAction\":[{\"@type\":\"CommentAction\",\"name\":\"Comment\",\"target\":[\"https:\\\/\\\/www.berg-freunde.ch\\\/blog\\\/skifelle-pflegeanleitung\\\/#respond\"]}]},{\"@type\":\"WebPage\",\"@id\":\"https:\\\/\\\/www.berg-freunde.ch\\\/blog\\\/skifelle-pflegeanleitung\\\/\",\"url\":\"https:\\\/\\\/www.berg-freunde.ch\\\/blog\\\/skifelle-pflegeanleitung\\\/\",\"name\":\"Skifelle richtig behandeln, pflegen und lagern | Bergfreunde\",\"isPartOf\":{\"@id\":\"https:\\\/\\\/www.berg-freunde.ch\\\/blog\\\/#website\"},\"primaryImageOfPage\":{\"@id\":\"https:\\\/\\\/www.berg-freunde.ch\\\/blog\\\/skifelle-pflegeanleitung\\\/#primaryimage\"},\"image\":{\"@id\":\"https:\\\/\\\/www.berg-freunde.ch\\\/blog\\\/skifelle-pflegeanleitung\\\/#primaryimage\"},\"thumbnailUrl\":\"https:\\\/\\\/www.berg-freunde.ch\\\/blog\\\/wp-content\\\/uploads\\\/2022\\\/01\\\/20230515_Kaufberatung-Skifelle_Titel.jpg\",\"datePublished\":\"2022-01-09T14:00:00+00:00\",\"dateModified\":\"2025-10-09T07:17:01+00:00\",\"description\":\"Damit deine Skifelle m\u00f6glichst lange halten, erkl\u00e4ren wir dir wie du sie am besten pflegst und lagerst f\u00fcr deinen n\u00e4chsten Winterausflug.\",\"breadcrumb\":{\"@id\":\"https:\\\/\\\/www.berg-freunde.ch\\\/blog\\\/skifelle-pflegeanleitung\\\/#breadcrumb\"},\"inLanguage\":\"de-CH\",\"potentialAction\":[{\"@type\":\"ReadAction\",\"target\":[\"https:\\\/\\\/www.berg-freunde.ch\\\/blog\\\/skifelle-pflegeanleitung\\\/\"]}]},{\"@type\":\"ImageObject\",\"inLanguage\":\"de-CH\",\"@id\":\"https:\\\/\\\/www.berg-freunde.ch\\\/blog\\\/skifelle-pflegeanleitung\\\/#primaryimage\",\"url\":\"https:\\\/\\\/www.berg-freunde.ch\\\/blog\\\/wp-content\\\/uploads\\\/2022\\\/01\\\/20230515_Kaufberatung-Skifelle_Titel.jpg\",\"contentUrl\":\"https:\\\/\\\/www.berg-freunde.ch\\\/blog\\\/wp-content\\\/uploads\\\/2022\\\/01\\\/20230515_Kaufberatung-Skifelle_Titel.jpg\",\"width\":1440,\"height\":590},{\"@type\":\"BreadcrumbList\",\"@id\":\"https:\\\/\\\/www.berg-freunde.ch\\\/blog\\\/skifelle-pflegeanleitung\\\/#breadcrumb\",\"itemListElement\":[{\"@type\":\"ListItem\",\"position\":1,\"name\":\"Blog\",\"item\":\"https:\\\/\\\/www.berg-freunde.ch\\\/blog\\\/\"},{\"@type\":\"ListItem\",\"position\":2,\"name\":\"Know-How\",\"item\":\"https:\\\/\\\/www.berg-freunde.ch\\\/blog\\\/category\\\/know-how\\\/\"},{\"@type\":\"ListItem\",\"position\":3,\"name\":\"Pflege &amp; Reparatur\",\"item\":\"https:\\\/\\\/www.berg-freunde.ch\\\/blog\\\/category\\\/know-how\\\/pflege-reparatur\\\/\"},{\"@type\":\"ListItem\",\"position\":4,\"name\":\"Skifelle richtig behandeln, pflegen und lagern\"}]},{\"@type\":\"WebSite\",\"@id\":\"https:\\\/\\\/www.berg-freunde.ch\\\/blog\\\/#website\",\"url\":\"https:\\\/\\\/www.berg-freunde.ch\\\/blog\\\/\",\"name\":\"Bergfreunde\",\"description\":\"Blog\",\"publisher\":{\"@id\":\"https:\\\/\\\/www.berg-freunde.ch\\\/blog\\\/#organization\"},\"potentialAction\":[{\"@type\":\"SearchAction\",\"target\":{\"@type\":\"EntryPoint\",\"urlTemplate\":\"https:\\\/\\\/www.berg-freunde.ch\\\/blog\\\/?s={search_term_string}\"},\"query-input\":{\"@type\":\"PropertyValueSpecification\",\"valueRequired\":true,\"valueName\":\"search_term_string\"}}],\"inLanguage\":\"de-CH\"},{\"@type\":\"Organization\",\"@id\":\"https:\\\/\\\/www.berg-freunde.ch\\\/blog\\\/#organization\",\"name\":\"Bergfreunde\",\"url\":\"https:\\\/\\\/www.berg-freunde.ch\\\/blog\\\/\",\"logo\":{\"@type\":\"ImageObject\",\"inLanguage\":\"de-CH\",\"@id\":\"https:\\\/\\\/www.berg-freunde.ch\\\/blog\\\/#\\\/schema\\\/logo\\\/image\\\/\",\"url\":\"https:\\\/\\\/www.berg-freunde.ch\\\/blog\\\/wp-content\\\/uploads\\\/2023\\\/12\\\/Bergfreunde_DE_rgb.svg\",\"contentUrl\":\"https:\\\/\\\/www.berg-freunde.ch\\\/blog\\\/wp-content\\\/uploads\\\/2023\\\/12\\\/Bergfreunde_DE_rgb.svg\",\"caption\":\"Bergfreunde\"},\"image\":{\"@id\":\"https:\\\/\\\/www.berg-freunde.ch\\\/blog\\\/#\\\/schema\\\/logo\\\/image\\\/\"},\"sameAs\":[\"https:\\\/\\\/www.facebook.com\\\/bergfreunde\",\"https:\\\/\\\/www.instagram.com\\\/bergfreundede\\\/\"]},{\"@type\":\"Person\",\"@id\":\"https:\\\/\\\/www.berg-freunde.ch\\\/blog\\\/#\\\/schema\\\/person\\\/6ac3327294ce276d7318b1f9c408382e\",\"name\":\"Gastautor\",\"url\":\"https:\\\/\\\/www.berg-freunde.ch\\\/blog\\\/about\\\/gastautor\\\/\"}]}<\/script>\n<!-- \/ Yoast SEO Premium plugin. -->","yoast_head_json":{"title":"Skifelle richtig behandeln, pflegen und lagern | Bergfreunde","description":"Damit deine Skifelle m\u00f6glichst lange halten, erkl\u00e4ren wir dir wie du sie am besten pflegst und lagerst f\u00fcr deinen n\u00e4chsten Winterausflug.","robots":{"index":"index","follow":"follow","max-snippet":"max-snippet:-1","max-image-preview":"max-image-preview:large","max-video-preview":"max-video-preview:-1"},"canonical":"https:\/\/www.berg-freunde.ch\/blog\/skifelle-pflegeanleitung\/","og_locale":"de_DE","og_type":"article","og_title":"Skifelle richtig behandeln, pflegen und lagern","og_description":"Damit deine Skifelle m\u00f6glichst lange halten, erkl\u00e4ren wir dir wie du sie am besten pflegst und lagerst f\u00fcr deinen n\u00e4chsten Winterausflug.","og_url":"https:\/\/www.berg-freunde.ch\/blog\/skifelle-pflegeanleitung\/","og_site_name":"Bergfreunde","article_publisher":"https:\/\/www.facebook.com\/bergfreunde","article_published_time":"2022-01-09T14:00:00+00:00","article_modified_time":"2025-10-09T07:17:01+00:00","og_image":[{"width":1440,"height":590,"url":"https:\/\/www.berg-freunde.ch\/blog\/wp-content\/uploads\/2022\/01\/20230515_Kaufberatung-Skifelle_Titel.jpg","type":"image\/jpeg"}],"author":"Gastautor","twitter_card":"summary_large_image","twitter_misc":{"Geschrieben von":"Gastautor","Gesch\u00e4tzte Lesezeit":"13\u00a0Minuten"},"schema":{"@context":"https:\/\/schema.org","@graph":[{"@type":["Article","BlogPosting"],"@id":"https:\/\/www.berg-freunde.ch\/blog\/skifelle-pflegeanleitung\/#article","isPartOf":{"@id":"https:\/\/www.berg-freunde.ch\/blog\/skifelle-pflegeanleitung\/"},"author":{"name":"Gastautor","@id":"https:\/\/www.berg-freunde.ch\/blog\/#\/schema\/person\/6ac3327294ce276d7318b1f9c408382e"},"headline":"Skifelle richtig behandeln, pflegen und lagern","datePublished":"2022-01-09T14:00:00+00:00","dateModified":"2025-10-09T07:17:01+00:00","mainEntityOfPage":{"@id":"https:\/\/www.berg-freunde.ch\/blog\/skifelle-pflegeanleitung\/"},"wordCount":2580,"commentCount":2,"publisher":{"@id":"https:\/\/www.berg-freunde.ch\/blog\/#organization"},"image":{"@id":"https:\/\/www.berg-freunde.ch\/blog\/skifelle-pflegeanleitung\/#primaryimage"},"thumbnailUrl":"https:\/\/www.berg-freunde.ch\/blog\/wp-content\/uploads\/2022\/01\/20230515_Kaufberatung-Skifelle_Titel.jpg","keywords":["Wintersport"],"articleSection":["Pflege &amp; Reparatur"],"inLanguage":"de-CH","potentialAction":[{"@type":"CommentAction","name":"Comment","target":["https:\/\/www.berg-freunde.ch\/blog\/skifelle-pflegeanleitung\/#respond"]}]},{"@type":"WebPage","@id":"https:\/\/www.berg-freunde.ch\/blog\/skifelle-pflegeanleitung\/","url":"https:\/\/www.berg-freunde.ch\/blog\/skifelle-pflegeanleitung\/","name":"Skifelle richtig behandeln, pflegen und lagern | Bergfreunde","isPartOf":{"@id":"https:\/\/www.berg-freunde.ch\/blog\/#website"},"primaryImageOfPage":{"@id":"https:\/\/www.berg-freunde.ch\/blog\/skifelle-pflegeanleitung\/#primaryimage"},"image":{"@id":"https:\/\/www.berg-freunde.ch\/blog\/skifelle-pflegeanleitung\/#primaryimage"},"thumbnailUrl":"https:\/\/www.berg-freunde.ch\/blog\/wp-content\/uploads\/2022\/01\/20230515_Kaufberatung-Skifelle_Titel.jpg","datePublished":"2022-01-09T14:00:00+00:00","dateModified":"2025-10-09T07:17:01+00:00","description":"Damit deine Skifelle m\u00f6glichst lange halten, erkl\u00e4ren wir dir wie du sie am besten pflegst und lagerst f\u00fcr deinen n\u00e4chsten Winterausflug.","breadcrumb":{"@id":"https:\/\/www.berg-freunde.ch\/blog\/skifelle-pflegeanleitung\/#breadcrumb"},"inLanguage":"de-CH","potentialAction":[{"@type":"ReadAction","target":["https:\/\/www.berg-freunde.ch\/blog\/skifelle-pflegeanleitung\/"]}]},{"@type":"ImageObject","inLanguage":"de-CH","@id":"https:\/\/www.berg-freunde.ch\/blog\/skifelle-pflegeanleitung\/#primaryimage","url":"https:\/\/www.berg-freunde.ch\/blog\/wp-content\/uploads\/2022\/01\/20230515_Kaufberatung-Skifelle_Titel.jpg","contentUrl":"https:\/\/www.berg-freunde.ch\/blog\/wp-content\/uploads\/2022\/01\/20230515_Kaufberatung-Skifelle_Titel.jpg","width":1440,"height":590},{"@type":"BreadcrumbList","@id":"https:\/\/www.berg-freunde.ch\/blog\/skifelle-pflegeanleitung\/#breadcrumb","itemListElement":[{"@type":"ListItem","position":1,"name":"Blog","item":"https:\/\/www.berg-freunde.ch\/blog\/"},{"@type":"ListItem","position":2,"name":"Know-How","item":"https:\/\/www.berg-freunde.ch\/blog\/category\/know-how\/"},{"@type":"ListItem","position":3,"name":"Pflege &amp; Reparatur","item":"https:\/\/www.berg-freunde.ch\/blog\/category\/know-how\/pflege-reparatur\/"},{"@type":"ListItem","position":4,"name":"Skifelle richtig behandeln, pflegen und lagern"}]},{"@type":"WebSite","@id":"https:\/\/www.berg-freunde.ch\/blog\/#website","url":"https:\/\/www.berg-freunde.ch\/blog\/","name":"Bergfreunde","description":"Blog","publisher":{"@id":"https:\/\/www.berg-freunde.ch\/blog\/#organization"},"potentialAction":[{"@type":"SearchAction","target":{"@type":"EntryPoint","urlTemplate":"https:\/\/www.berg-freunde.ch\/blog\/?s={search_term_string}"},"query-input":{"@type":"PropertyValueSpecification","valueRequired":true,"valueName":"search_term_string"}}],"inLanguage":"de-CH"},{"@type":"Organization","@id":"https:\/\/www.berg-freunde.ch\/blog\/#organization","name":"Bergfreunde","url":"https:\/\/www.berg-freunde.ch\/blog\/","logo":{"@type":"ImageObject","inLanguage":"de-CH","@id":"https:\/\/www.berg-freunde.ch\/blog\/#\/schema\/logo\/image\/","url":"https:\/\/www.berg-freunde.ch\/blog\/wp-content\/uploads\/2023\/12\/Bergfreunde_DE_rgb.svg","contentUrl":"https:\/\/www.berg-freunde.ch\/blog\/wp-content\/uploads\/2023\/12\/Bergfreunde_DE_rgb.svg","caption":"Bergfreunde"},"image":{"@id":"https:\/\/www.berg-freunde.ch\/blog\/#\/schema\/logo\/image\/"},"sameAs":["https:\/\/www.facebook.com\/bergfreunde","https:\/\/www.instagram.com\/bergfreundede\/"]},{"@type":"Person","@id":"https:\/\/www.berg-freunde.ch\/blog\/#\/schema\/person\/6ac3327294ce276d7318b1f9c408382e","name":"Gastautor","url":"https:\/\/www.berg-freunde.ch\/blog\/about\/gastautor\/"}]}},"_links":{"self":[{"href":"https:\/\/www.berg-freunde.ch\/blog\/wp-json\/wp\/v2\/posts\/66683","targetHints":{"allow":["GET"]}}],"collection":[{"href":"https:\/\/www.berg-freunde.ch\/blog\/wp-json\/wp\/v2\/posts"}],"about":[{"href":"https:\/\/www.berg-freunde.ch\/blog\/wp-json\/wp\/v2\/types\/post"}],"author":[{"embeddable":true,"href":"https:\/\/www.berg-freunde.ch\/blog\/wp-json\/wp\/v2\/users\/26"}],"replies":[{"embeddable":true,"href":"https:\/\/www.berg-freunde.ch\/blog\/wp-json\/wp\/v2\/comments?post=66683"}],"version-history":[{"count":1,"href":"https:\/\/www.berg-freunde.ch\/blog\/wp-json\/wp\/v2\/posts\/66683\/revisions"}],"predecessor-version":[{"id":127144,"href":"https:\/\/www.berg-freunde.ch\/blog\/wp-json\/wp\/v2\/posts\/66683\/revisions\/127144"}],"wp:featuredmedia":[{"embeddable":true,"href":"https:\/\/www.berg-freunde.ch\/blog\/wp-json\/wp\/v2\/media\/84388"}],"wp:attachment":[{"href":"https:\/\/www.berg-freunde.ch\/blog\/wp-json\/wp\/v2\/media?parent=66683"}],"wp:term":[{"taxonomy":"category","embeddable":true,"href":"https:\/\/www.berg-freunde.ch\/blog\/wp-json\/wp\/v2\/categories?post=66683"},{"taxonomy":"post_tag","embeddable":true,"href":"https:\/\/www.berg-freunde.ch\/blog\/wp-json\/wp\/v2\/tags?post=66683"},{"taxonomy":"post_folder","embeddable":true,"href":"https:\/\/www.berg-freunde.ch\/blog\/wp-json\/wp\/v2\/post_folder?post=66683"}],"curies":[{"name":"wp","href":"https:\/\/api.w.org\/{rel}","templated":true}]}}