{"id":67048,"date":"2021-03-08T03:30:41","date_gmt":"2021-03-08T01:30:41","guid":{"rendered":"https:\/\/www.bergfreunde.de\/blog\/gender-data-gap\/"},"modified":"2023-09-29T09:27:05","modified_gmt":"2023-09-29T07:27:05","slug":"gender-data-gap","status":"publish","type":"post","link":"https:\/\/www.berg-freunde.ch\/blog\/gender-data-gap\/","title":{"rendered":"Der Gender Data Gap und die Schlange vor dem Damenklo"},"content":{"rendered":"\n<p>Wer kennt sie nicht, die altbekannte <strong>Schlange vor dem Damenklo<\/strong>? Stoff von Legenden, Liedern und zahlreichen Witzen. Doch warum entsteht sie \u00fcberhaupt? Genau diese Frage (und viele weitere in Bezug auf Frauen) sind in den letzten Jahrzehnten und Jahrhunderten oft unbeantwortet geblieben. Kuriose kleine und gro\u00dfe Ph\u00e4nomene\u00a0des Alltags, die einfach so hingenommen wurden. Sammelt und untersucht man diese, st\u00f6\u00dft man auf eine Gemeinsamkeit, die seit einigen Jahren einen Namen hat. <strong>Der Gender Data Gap.<\/strong><\/p>\n\n\n\n<p>Ganz banal herunter gebrochen besagt dieser folgendes. \u00dcber Frauen und ihren Alltag wurden und werden in allen Bereich des Lebens, wie z.B. Medizin, Gesellschaft und Wirtschaft, weniger Daten gesammelt als \u00fcber M\u00e4nner. Wer ein gro\u00dfes Datensch\u00fctzerherz hat, findet das sicher erstmal ganz cool. Doch der Gender Data Gap entwickelt sich im normalen Alltag zu einem Problem und birgt teilweise <strong>handfeste Gefahren<\/strong>.<\/p>\n\n\n\n<h2 class=\"wp-block-heading\" id=\"h-woher-kommt-der-gender-data-gap\">Woher kommt der Gender Data Gap?<\/h2>\n\n\n<div class=\"wp-block-image\">\n<figure class=\"alignright is-resized\"><a href=\"https:\/\/www.bergfreunde.de\/blog\/wp-content\/uploads\/2021\/05\/Cora-Klettersteig.jpg\"><img fetchpriority=\"high\" decoding=\"async\" src=\"https:\/\/www.bergfreunde.de\/blog\/wp-content\/uploads\/2021\/05\/Cora-Klettersteig.jpg\" alt=\"Frau beim klettern\" class=\"wp-image-45233\" style=\"width:350px;height:503px\" width=\"350\" height=\"503\"\/><\/a><figcaption class=\"wp-element-caption\">Bergfreundin Cora ist Gearhead &amp; Klettertrainerin.<\/figcaption><\/figure>\n<\/div>\n\n\n<p>Ein Bereich, der uns als Outdoorsportler und mich als Kletterer am meisten betrifft, ist die <strong>Trainingslehre<\/strong>, und im weitesten Sinne die Medizin. \u201eWarum soll es denn da bitte ein Problem geben? Der menschliche K\u00f6rper wird doch schon seit Jahrhunderten ausgiebigst erforscht!\u201c, fragen sich vielleicht jetzt manche von euch. Tja, genau da liegt der Hund bzw. die Kletterin begraben!<\/p>\n\n\n\n<p>Einer der einflussreichsten und in den folgenden Jahrtausenden meistzitierten Forscher der Antike ist Aristoteles. Dieser sah den <strong>Mann als Prototyp des Menschen<\/strong> an, die Frau hingegen galt als eine Abweichung von diesem Prototypen. Nun ist der gute Aristoteles ja schon einige J\u00e4hrchen unter der Erde und heutzutage sind wir vermeintlich viel weiter und haben einen differenzierten Blick auf die Materie&#8230; oder?<\/p>\n\n\n\n<p>Die Antwort ist ein klares Jein! Da Frauen lange Zeit \u00fcberhaupt nicht erforscht wurden, fehlt es an allen Ecken an Daten. Sehr, sehr vielen Daten. Bei klinischen Studien gilt bpsw. noch heute <strong>ein Mann von 70kg als \u201eNorm\u201c f\u00fcr die Bev\u00f6lkerung<\/strong>. Dass schon das eine starke Vereinfachung ist, ist nochmal ein eigenes Thema.<\/p>\n\n\n\n<p>Weibliche K\u00f6rper werden bei klinischen Tests oft au\u00dfen vor gelassen. Der banale Grund: Aufgrund des Zykluses sind sie zu \u201ekomplex\u201c und sorgen f\u00fcr eine schwierigere Interpretation der Ergebnisse. So kommt es vor, dass regelm\u00e4\u00dfig Ergebnisse aus klinischen Studien universal f\u00fcr Frauen und M\u00e4nner als g\u00fcltig angesehen werden, <strong>obwohl keine einzige Frau an den Studien teilgenommen hat<\/strong>!<\/p>\n\n\n\n<h2 class=\"wp-block-heading\" id=\"h-sind-manner-und-frauen-anatomisch-und-physiologisch-so-unterschiedlich\">Sind M\u00e4nner und Frauen anatomisch und physiologisch so unterschiedlich?<\/h2>\n\n\n\n<p>Nun ist nat\u00fcrlich die Frage: Ist es \u00fcberhaupt notwendig, so einen Wirbel um das Thema zu machen? <strong>Sind wir<\/strong>, abgesehen von ein paar Geschlechtsorganen und ein paar komischen Hormonen, <strong>nicht alle gleich? <\/strong><\/p>\n\n\n\n<p>Die Forschung zum Gender Data Gap aus den letzten Jahr hat deutlich gezeigt: Das sind wir leider nicht. In jedem Gewebe und Organsystem gibt es geschlechtsspezifische <strong>Unterschiede<\/strong>, sogar <strong>in so grundlegenden Funktionen<\/strong> wie dem Herzen oder der Lungenkapazit\u00e4t.<\/p>\n\n\n<div class=\"wp-block-image\">\n<figure class=\"alignright is-resized\"><a href=\"https:\/\/www.bergfreunde.de\/blog\/wp-content\/uploads\/2021\/05\/Hannah-Winter.jpg\"><img decoding=\"async\" src=\"https:\/\/www.bergfreunde.de\/blog\/wp-content\/uploads\/2021\/05\/Hannah-Winter.jpg\" alt=\"Frau wandert im Schnee\" class=\"wp-image-45235\" style=\"width:350px;height:504px\" width=\"350\" height=\"504\"\/><\/a><figcaption class=\"wp-element-caption\">Frauen sind eben keine kleinen M\u00e4nner.<\/figcaption><\/figure>\n<\/div>\n\n\n<p>Aber wie k\u00f6nnen dann Frauen nach den gleichen Pl\u00e4nen trainieren wie M\u00e4nner? Das kann doch dann nur zum Scheitern verurteilt sein, oder?&nbsp; Zum Gl\u00fcck ist das inzwischen auch vielen Trainern und Firmen klar geworden. <strong>Wer eine Frau trainieren l\u00e4sst wie einen Mann, bekommt im besten Fall schlechtere Ergebnisse<\/strong> und im schlechtesten Fall eine gesundheitsgesch\u00e4digte Athletin.<\/p>\n\n\n\n<h3 class=\"wp-block-heading\">Hormone und Zyklus<\/h3>\n\n\n\n<p>Dinge wie die Ver\u00e4nderung der Hormone w\u00e4hrend des Zyklus, ob es \u00fcberhaupt eine Periode gibt und wie oft, sollten &#8211; wenn es ums Training geht &#8211; eine Rolle spielen. Auch die St\u00e4rken und Schw\u00e4chen bei direktem Vergleich von M\u00e4nnern und Frauen helfen dabei, herauszufinden, wo man beim Training den Schwerpunkt setzen muss.<\/p>\n\n\n\n<p>Eine Firma, die diesen Themen bei der Erforschung und Umsetzung viel Raum gibt, ist <strong><a href=\"https:\/\/latticetraining.com\/\">Lattice Training<\/a><\/strong>. Der Gr\u00fcnder Tom Randall erkl\u00e4rt uns im angeschlossenen Interview, was genau sie erforschen, und wie die Ergebnisse im Alltag umgesetzt werden k\u00f6nnen.<\/p>\n\n\n\n<h3 class=\"wp-block-heading\">Die Schlange vor dem Klo &#8211; Beispiel f\u00fcr den Gender Data Gap<\/h3>\n\n\n\n<p>Doch bevor wir uns dem Interview widmen: Was hat es denn nun mit der <strong>Schlange vor dem Damenklo auf sich?<\/strong><\/p>\n\n\n\n<p>Nachdem viele vorher unbeachtete Daten zusammengetragen wurden, ergibt sich folgendes Bild: Frau \u201em\u00fcssen\u201c von Natur aus \u00f6fter, da sie kleinere Blasen haben.&nbsp;Gleichzeitig sind die Grundrisse von \u00f6ffentlichen Toiletten f\u00fcr M\u00e4nner und Frauen gleich gro\u00df. Ein <strong>Pissoir braucht allerdings viel weniger Platz<\/strong> als eine ganze Kabine! Folglich gibt es f\u00fcr das Geschlecht, das \u00f6fter muss, weniger Raum um das Gesch\u00e4ft zu verrichten.<\/p>\n\n\n\n<p>Und schon haben wir eine wunderh\u00fcbsche Menschentraube.<\/p>\n\n\n\n<h2 class=\"wp-block-heading\" id=\"h-tom-randall-lattice-com-im-interview-zum-gender-data-gap\">Tom Randall (Lattice.com) Im Interview zum Gender Data Gap<\/h2>\n\n\n\n<p>Eine Firma, die den Themen Frauen und spezifische Trainingsmethoden bei der Erforschung und Umsetzung viel Raum gibt ist <strong>Lattice Training<\/strong>. Der Gr\u00fcnder Tom Randall erkl\u00e4rt uns im Interview, was genau sie erforschen und wie die Ergebnisse im Alltag umgesetzt werden k\u00f6nnen.<\/p>\n\n\n\n<h3 class=\"wp-block-heading\"><strong>Cora: Als Firma setzt Lattice Training sehr darauf, Kletterer auf Herz und Nieren mit speziellen Leistungstests zu pr\u00fcfen, um dann mit den Daten ma\u00dfgeschneiderte Trainigspl\u00e4ne zu erstellen.<\/strong><br><strong>F\u00fcr Menschen, die euch noch nicht kennen, wie lange gibt es euch schon, wie sammelt ihr eure Daten, und was ist euer Hintergrund?<\/strong><\/h3>\n\n\n\n<p><em>Tom: Als Firma gibt es uns seit 2016, aber das Konzept und die Anf\u00e4nge der Datenforschung begannen schon 2016. Am Anfang gab es nur mich, der mit privaten Kunden und dem UK Kletterteam gearbeitet hat, aber nach 2016 habe ich mich mit einem zweiten Coach (Ollie) und einem Datenanalysten (Remus) zusammengetan. Als Firma ist es unser Ziel, sowohl das beste kletterspezifische Leistungsprofiling, Coaching, als auch die besten Trainingspl\u00e4ne und Produkte anzubieten. Heutzutage sind wir ein 20-k\u00f6pfiges Team, welches aus Doktoranden, Biochemikern, Berufskletterern und internationalen Wettkampfkletterern besteht. Sehr breit aufgestellt!<\/em><\/p>\n\n\n\n<h3 class=\"wp-block-heading\"><strong>Die UN hat zum ersten Mal im Jahr 2006 versucht, auf das Gender Data Gap aufmerksam zu machen, aber das allgemeine Publikum ist erst richtig 2019 auf das Thema gesto\u00dfen, als Caroline Criado Perez diesen Begriff in ihrem Buch \u201cUnsichtbare Frauen\u201d nutzte. Wann und wie ist euch dieses Thema zum ersten Mal bei euren Recherchen untergekommen?<\/strong><\/h3>\n\n\n\n<p><em>Uns ist der Unterschied zum ersten Mal beim Vergleichen der Ergebnisse von Fingerkraft zwischen M\u00e4nner und Frauen in Abh\u00e4ngigkeit zu ihrem gekletterten Grad aufgefallen. Es ist ein sehr deutlicher Unterschied!<\/em><\/p>\n\n\n\n<h3 class=\"wp-block-heading\"><strong>Sammelt ihr eure Daten in zwei verschiedenen Pools, oder liegen sie bei euch als Gesamtpaket vor, egal, welches Geschlecht der Kletterer hatte?<\/strong><\/h3>\n\n\n\n<p><em>Die Antwort ist: Beides. Wir haben aufgeteilte Datenmodelle, aber auch allumfassende Modelle. Wir versuchen diese Form kontinuierlich zu verbessern sowie ihre Aussagekraft richtig zu bewerten.<\/em><\/p>\n\n\n\n<h2 class=\"wp-block-heading\">Die Unterschiede<\/h2>\n\n\n\n<h3 class=\"wp-block-heading\"><strong>Was sind die gr\u00f6\u00dften Unterschiede im Training f\u00fcr M\u00e4nner und Frauen?<\/strong><\/h3>\n\n\n\n<p><em>Wenn man die Daten heran zieht, liegen die gr\u00f6\u00dften Unterschiede bei der Kraft (Finger und Oberk\u00f6rper), Flexibilit\u00e4t (Unter- und Oberk\u00f6rper), sowie Schnellkraft (welche, wenn man es genau nimmt, ein Teil der generellen Kraft ist). Wenn man es ganz herunter bricht, kann man sagen, dass Frauen schwerere Grade bei weniger Kraft, aber mit einer gr\u00f6\u00dferen Flexibilit\u00e4t klettern als die m\u00e4nnliche Vergleichsgruppe.<\/em><\/p>\n\n\n\n<h3 class=\"wp-block-heading\"><strong>2019 fand zum ersten man das \u201eWomens climbing symposium\u201c unter eurer F\u00fchrung statt, bei der ihr Tests an einer reinen Frauengruppe durchgef\u00fchrt habe. Gab es da ein paar interessante Erkenntnisse?<\/strong><\/h3>\n\n\n\n<p><em>Ja, auf jeden Fall! Hier ein paar Ergebnisse:<\/em><\/p>\n\n\n\n<p><em>K\u00fcrzlich hat Dr Dave Giles, ein Forscher hier bei Lattice Training, mit der Hilfe von Ollie Tor (Coach) einen Artikel mit dem Titel &#171;Anthropometry and performance characteristics of recreational advanced to elite female rock climbers&#187; (Anthropometrie und Leistungscharakteristika von weiblichen Freizeit- und Leistungskletterinnen) herausgebracht. Obwohl einige der Erkenntnisse auf den ersten Blick logisch erscheinen, gab es einige gro\u00dfe Erkenntnisse, die wir daraus ziehen konnten \u2013 f\u00fcr Frauen haben Oberk\u00f6rperschnellkraft, Fingerkraft, und H\u00fcftflexibilit\u00e4t einen gro\u00dfen Einfluss auf ihre Kletterleistung.<\/em><\/p>\n\n\n\n<p><em>Warum ist diese Erkenntnis hilfreich? Beim Training kann es schwer sein zu wissen, wo man anfangen sollte was den gr\u00f6\u00dften Effekt hat. Wenn man versucht, \u00fcberall gleichzeitig eine Basis aufzubauen, ist es leicht, zu viel zu machen, womit dann offensichtlich die Wahrscheinlichkeit einer Verletzung steigt. Diese Forschungsergebnisse helfen uns dabei, wo wir den Schwerpunkt beim Training legen m\u00fcssen. Nat\u00fcrlich muss die Person als Individuum mit ihren Zielen betrachtet werden! Oberk\u00f6rperschnellkraft mag vielleicht nicht die h\u00f6chste Priorit\u00e4t besitzen, wenn man gerne 50m Ausdauerrouten klettert, aber wenn die H\u00fcftflexibilit\u00e4t im Vergleich eine Schw\u00e4che ist, dann kann man darauf den Fokus legen, um effizienter zu klettern und die restlichen St\u00e4rken besser zu nutzen. Auf der anderen Seite kann eine Boulderin mit gro\u00dfartiger H\u00fcftflexibilit\u00e4t sich daf\u00fcr entscheiden, den Fokus eher auf Fingerkraft und Oberk\u00f6rperschnellkraft zu richten.<\/em><\/p>\n\n\n\n<h2 class=\"wp-block-heading\">Strategien<\/h2>\n\n\n\n<h3 class=\"wp-block-heading\"><strong>Die n\u00e4chste Frage ist dann, wie trainiert man diese Bereiche?<\/strong><\/h3>\n\n\n\n<p><em>Oberk\u00f6rperschnellkraft \u2013 Kraft ist die Basis f\u00fcr Schnellkraft, also ist es wichtig zwischen der maximalen Zugkraft und dem Training des Oberk\u00f6rpers hin und her zu wechseln. \u00dcbungen wie Klimmz\u00fcge mit extra Gewicht und TRX Zug\u00fcbungen sind gut, um generelle Kraft aufzubauen. Wenn wir den Fokus auf die Schnellkraft legen, dann geht es darum ein Maximum an Kraft in einer kurzen Zeit zu nutzen. Bouldern ohne Nutzung der F\u00fc\u00dfe, sowie dynamisches Klettern sind kletterspezifische \u00dcbungen f\u00fcr diesen Bereich. <\/em><\/p>\n\n\n\n<p><em>Das Campus Board ist das bekannteste Ger\u00e4t, es ist aber gut daran zu denken, dass eine eint\u00f6nige vertikale Bewegung nicht so viel bringt wie Bouldern ohne F\u00fc\u00dfe. Dies sind nat\u00fcrlich alles \u00dcbungen am oberen Ende des Leistungsspektrums \u2013 was also, wenn man nicht ohne F\u00fc\u00dfe bouldern kann? Eine gute \u00dcbung sind sehr schnelle Klimmz\u00fcge. Eine Gewichtsabnahme kann hier helfen sich ganz auf die Schnelligkeit zu konzentrieren. Diese F\u00e4higkeit kann man nun langsam ins Klettern einbauen, z.B. indem man weiter festh\u00e4lt, wenn die F\u00fc\u00dfe im stark \u00fcberh\u00e4ngenden Gel\u00e4nde abfallen oder indem man ein paar Z\u00fcge ohne F\u00fc\u00dfe im steilen Gel\u00e4nde macht.<\/em><\/p>\n\n\n\n<p><em>Fingerkraft \u2013 Das klassische Trainingswerkzeug hier ist das Fingerboard, wo man maximalkr\u00e4ftiges H\u00e4ngen nutzen kann, um die statische Kraft zu verbessern. Man sollte allerdings nicht vergessen, dass, obwohl Fingerboardtraining ein guter Zusatz zum Klettern bietet, es sich hierbei um eine statische \u00dcbung handelt, w\u00e4hrend Klettern dynamisch ist. Aus diesem Grund muss auch dieses Training mit dem Klettern von schweren Routen oder Bouldern kombiniert werden, damit die Kontaktkraft nicht zur\u00fcckbleibt. Wenn man das Fingerboard zum ersten Mal beim Training verwendet, ist es wichtig, sich an die h\u00e4ngende Position zu gew\u00f6hnen, w\u00e4hrend man die Schultern anspannt. Die Dauer und Intensit\u00e4t sollten hier langsam gesteigert werden. Falls das Fingerboardtraining eine zu gro\u00dfe Belastung f\u00fcr die Schultern, neben dem Klettern darstellt, kann man auf tragbare, beschwerte Leisten und Bl\u00f6cke (Zangengriff) zur\u00fcckgreifen.<\/em><\/p>\n\n\n\n<p><em>H\u00fcftflexibilit\u00e4t \u2013 Wenn wir beim Klettern die H\u00fcftflexibilit\u00e4t einsetzen, versuchen wir hier eine Ebene zu erreichen, z.B. wenn der K\u00f6rper n\u00e4her an die Wand kommen soll, was eine geringere Kr\u00fcmmung der H\u00fcfte voraussetzt. Dehnungen wie Froschbeine sowie der Seitspagat und seine Vorstufen sind sehr hilfreich, um diese Flexibilit\u00e4t zu trainieren.<\/em><\/p>\n\n\n\n<h3 class=\"wp-block-heading\"><strong>Zusammenfassend, nach euren Daten, worauf sollten sich Frauen beim Training am meisten konzentrieren und wo liegen hier die M\u00e4nner im Vergleich?<\/strong><\/h3>\n\n\n\n<p><em>Die logische Antwort ist nat\u00fcrlich die Schnellkraft (Finger, Arme, R\u00fccken und Schultern). Im Vergleich dazu sollten M\u00e4nner mehr Flexibilit\u00e4t machen.<\/em><\/p>\n\n\n\n<h3 class=\"wp-block-heading\"><strong>Was sind die n\u00e4chsten Themen, die ihr tiefer recherchieren m\u00f6chtet?<\/strong><\/h3>\n\n\n\n<p><em>Tracking und \u00dcberwachung von Athleten. Die besten Methoden und welchen Einfluss dies auf die Leistung und die Langzeitentwicklung des Athleten haben;&nbsp;Frauenspezifische Trainingsmethoden, und wie diese mit und um den weiblichen Zyklus geplant werden k\u00f6nnen.<\/em><\/p>\n\n\n\n<p>Vielen Dank f\u00fcr das Interview!<br>&#8212;&#8212;&#8212;&#8212;&#8212;&#8212;&#8212;&#8212;&#8212;&#8212;&#8211;<\/p>\n\n\n\n<p>Weiterf\u00fchrende Quellen f\u00fcr die, die es interessiert:<\/p>\n\n\n\n<ul class=\"wp-block-list\">\n<li><strong><a href=\"https:\/\/latticetraining.com\/\">Lattice Training<\/a><\/strong><\/li>\n\n\n\n<li>Caroline Criado Perez: Unsichtbare Frauen: Wie eine von Daten beherrschte Welt die H\u00e4lfte der Bev\u00f6lkerung ignoriert, 2019<\/li>\n\n\n\n<li>Stacey Sims: Peak &#8211; Performance f\u00fcr Frauen: Wie Sie Ern\u00e4hrung und Fitness perfekt auf den weiblichen Organismus abstimmen, 2018<\/li>\n\n\n\n<li>David Giles: Anthropometry and performance characteristics of recreational advanced to elite female rock climbers, 2020<\/li>\n<\/ul>\n","protected":false},"excerpt":{"rendered":"<p>Wer kennt sie nicht, die altbekannte Schlange vor dem Damenklo? Stoff von Legenden, Liedern und zahlreichen Witzen. Doch warum entsteht sie \u00fcberhaupt? Genau diese Frage (und viele weitere in Bezug auf Frauen) sind in den letzten Jahrzehnten und Jahrhunderten oft unbeantwortet geblieben. Kuriose kleine und gro\u00dfe Ph\u00e4nomene\u00a0des Alltags, die einfach so hingenommen wurden. Sammelt und [&hellip;]<\/p>\n","protected":false},"author":36,"featured_media":101362,"comment_status":"open","ping_status":"closed","sticky":false,"template":"","format":"standard","meta":{"_acf_changed":false,"footnotes":""},"categories":[317],"tags":[269,273],"post_folder":[],"class_list":["post-67048","post","type-post","status-publish","format-standard","has-post-thumbnail","hentry","category-natur-geschichte","tag-bergsteigen","tag-klettern-bouldern"],"acf":[],"yoast_head":"<!-- This site is optimized with the Yoast SEO Premium plugin v27.4 (Yoast SEO v27.4) - https:\/\/yoast.com\/product\/yoast-seo-premium-wordpress\/ -->\n<title>Der Gender Data Gap und die Schlange vor dem Damenklo<\/title>\n<meta name=\"description\" content=\"Der Gender Data Gap besagt: \u00dcber Frauen und ihren Alltag wurden und werden in allen Bereich des Lebens wie z.B. Medizin und Wirtschaft weniger Daten gesammelt als \u00fcber M\u00e4nner.\" \/>\n<meta name=\"robots\" content=\"noindex, follow\" \/>\n<meta property=\"og:locale\" content=\"de_DE\" \/>\n<meta property=\"og:type\" content=\"article\" \/>\n<meta property=\"og:title\" content=\"Der Gender Data Gap und die Schlange vor dem Damenklo\" \/>\n<meta property=\"og:description\" content=\"Der Gender Data Gap besagt: \u00dcber Frauen und ihren Alltag wurden und werden in allen Bereich des Lebens wie z.B. Medizin und Wirtschaft weniger Daten gesammelt als \u00fcber M\u00e4nner.\" \/>\n<meta property=\"og:url\" content=\"https:\/\/www.berg-freunde.ch\/blog\/gender-data-gap\/\" \/>\n<meta property=\"og:site_name\" content=\"Bergfreunde\" \/>\n<meta property=\"article:publisher\" content=\"https:\/\/www.facebook.com\/bergfreunde\" \/>\n<meta property=\"article:published_time\" content=\"2021-03-08T01:30:41+00:00\" \/>\n<meta property=\"article:modified_time\" content=\"2023-09-29T07:27:05+00:00\" \/>\n<meta property=\"og:image\" content=\"https:\/\/www.berg-freunde.ch\/blog\/wp-content\/uploads\/2021\/03\/20230929_Gender-Data-Gap_Titel.jpg\" \/>\n\t<meta property=\"og:image:width\" content=\"1440\" \/>\n\t<meta property=\"og:image:height\" content=\"590\" \/>\n\t<meta property=\"og:image:type\" content=\"image\/jpeg\" \/>\n<meta name=\"author\" content=\"Cora\" \/>\n<meta name=\"twitter:card\" content=\"summary_large_image\" \/>\n<meta name=\"twitter:label1\" content=\"Geschrieben von\" \/>\n\t<meta name=\"twitter:data1\" content=\"Cora\" \/>\n\t<meta name=\"twitter:label2\" content=\"Gesch\u00e4tzte Lesezeit\" \/>\n\t<meta name=\"twitter:data2\" content=\"10\u00a0Minuten\" \/>\n<script type=\"application\/ld+json\" class=\"yoast-schema-graph\">{\"@context\":\"https:\\\/\\\/schema.org\",\"@graph\":[{\"@type\":[\"Article\",\"BlogPosting\"],\"@id\":\"https:\\\/\\\/www.berg-freunde.ch\\\/blog\\\/gender-data-gap\\\/#article\",\"isPartOf\":{\"@id\":\"https:\\\/\\\/www.berg-freunde.ch\\\/blog\\\/gender-data-gap\\\/\"},\"author\":{\"name\":\"Cora\",\"@id\":\"https:\\\/\\\/www.berg-freunde.ch\\\/blog\\\/#\\\/schema\\\/person\\\/b568552a5d7a9c651c5dd14002fd4e0a\"},\"headline\":\"Der Gender Data Gap und die Schlange vor dem Damenklo\",\"datePublished\":\"2021-03-08T01:30:41+00:00\",\"dateModified\":\"2023-09-29T07:27:05+00:00\",\"mainEntityOfPage\":{\"@id\":\"https:\\\/\\\/www.berg-freunde.ch\\\/blog\\\/gender-data-gap\\\/\"},\"wordCount\":2020,\"commentCount\":2,\"publisher\":{\"@id\":\"https:\\\/\\\/www.berg-freunde.ch\\\/blog\\\/#organization\"},\"image\":{\"@id\":\"https:\\\/\\\/www.berg-freunde.ch\\\/blog\\\/gender-data-gap\\\/#primaryimage\"},\"thumbnailUrl\":\"https:\\\/\\\/www.berg-freunde.ch\\\/blog\\\/wp-content\\\/uploads\\\/2021\\\/03\\\/20230929_Gender-Data-Gap_Titel.jpg\",\"keywords\":[\"Bergsteigen &amp; Hochtouren\",\"Klettern &amp; Bouldern\"],\"articleSection\":[\"Natur &amp; Geschichte\"],\"inLanguage\":\"de-CH\",\"potentialAction\":[{\"@type\":\"CommentAction\",\"name\":\"Comment\",\"target\":[\"https:\\\/\\\/www.berg-freunde.ch\\\/blog\\\/gender-data-gap\\\/#respond\"]}]},{\"@type\":\"WebPage\",\"@id\":\"https:\\\/\\\/www.berg-freunde.ch\\\/blog\\\/gender-data-gap\\\/\",\"url\":\"https:\\\/\\\/www.berg-freunde.ch\\\/blog\\\/gender-data-gap\\\/\",\"name\":\"Der Gender Data Gap und die Schlange vor dem Damenklo\",\"isPartOf\":{\"@id\":\"https:\\\/\\\/www.berg-freunde.ch\\\/blog\\\/#website\"},\"primaryImageOfPage\":{\"@id\":\"https:\\\/\\\/www.berg-freunde.ch\\\/blog\\\/gender-data-gap\\\/#primaryimage\"},\"image\":{\"@id\":\"https:\\\/\\\/www.berg-freunde.ch\\\/blog\\\/gender-data-gap\\\/#primaryimage\"},\"thumbnailUrl\":\"https:\\\/\\\/www.berg-freunde.ch\\\/blog\\\/wp-content\\\/uploads\\\/2021\\\/03\\\/20230929_Gender-Data-Gap_Titel.jpg\",\"datePublished\":\"2021-03-08T01:30:41+00:00\",\"dateModified\":\"2023-09-29T07:27:05+00:00\",\"description\":\"Der Gender Data Gap besagt: \u00dcber Frauen und ihren Alltag wurden und werden in allen Bereich des Lebens wie z.B. Medizin und Wirtschaft weniger Daten gesammelt als \u00fcber M\u00e4nner.\",\"breadcrumb\":{\"@id\":\"https:\\\/\\\/www.berg-freunde.ch\\\/blog\\\/gender-data-gap\\\/#breadcrumb\"},\"inLanguage\":\"de-CH\",\"potentialAction\":[{\"@type\":\"ReadAction\",\"target\":[\"https:\\\/\\\/www.berg-freunde.ch\\\/blog\\\/gender-data-gap\\\/\"]}]},{\"@type\":\"ImageObject\",\"inLanguage\":\"de-CH\",\"@id\":\"https:\\\/\\\/www.berg-freunde.ch\\\/blog\\\/gender-data-gap\\\/#primaryimage\",\"url\":\"https:\\\/\\\/www.berg-freunde.ch\\\/blog\\\/wp-content\\\/uploads\\\/2021\\\/03\\\/20230929_Gender-Data-Gap_Titel.jpg\",\"contentUrl\":\"https:\\\/\\\/www.berg-freunde.ch\\\/blog\\\/wp-content\\\/uploads\\\/2021\\\/03\\\/20230929_Gender-Data-Gap_Titel.jpg\",\"width\":1440,\"height\":590},{\"@type\":\"BreadcrumbList\",\"@id\":\"https:\\\/\\\/www.berg-freunde.ch\\\/blog\\\/gender-data-gap\\\/#breadcrumb\",\"itemListElement\":[{\"@type\":\"ListItem\",\"position\":1,\"name\":\"Blog\",\"item\":\"https:\\\/\\\/www.berg-freunde.ch\\\/blog\\\/\"},{\"@type\":\"ListItem\",\"position\":2,\"name\":\"Know-How\",\"item\":\"https:\\\/\\\/www.berg-freunde.ch\\\/blog\\\/category\\\/know-how\\\/\"},{\"@type\":\"ListItem\",\"position\":3,\"name\":\"Natur &amp; Geschichte\",\"item\":\"https:\\\/\\\/www.berg-freunde.ch\\\/blog\\\/category\\\/know-how\\\/natur-geschichte\\\/\"},{\"@type\":\"ListItem\",\"position\":4,\"name\":\"Der Gender Data Gap und die Schlange vor dem Damenklo\"}]},{\"@type\":\"WebSite\",\"@id\":\"https:\\\/\\\/www.berg-freunde.ch\\\/blog\\\/#website\",\"url\":\"https:\\\/\\\/www.berg-freunde.ch\\\/blog\\\/\",\"name\":\"Bergfreunde\",\"description\":\"Blog\",\"publisher\":{\"@id\":\"https:\\\/\\\/www.berg-freunde.ch\\\/blog\\\/#organization\"},\"potentialAction\":[{\"@type\":\"SearchAction\",\"target\":{\"@type\":\"EntryPoint\",\"urlTemplate\":\"https:\\\/\\\/www.berg-freunde.ch\\\/blog\\\/?s={search_term_string}\"},\"query-input\":{\"@type\":\"PropertyValueSpecification\",\"valueRequired\":true,\"valueName\":\"search_term_string\"}}],\"inLanguage\":\"de-CH\"},{\"@type\":\"Organization\",\"@id\":\"https:\\\/\\\/www.berg-freunde.ch\\\/blog\\\/#organization\",\"name\":\"Bergfreunde\",\"url\":\"https:\\\/\\\/www.berg-freunde.ch\\\/blog\\\/\",\"logo\":{\"@type\":\"ImageObject\",\"inLanguage\":\"de-CH\",\"@id\":\"https:\\\/\\\/www.berg-freunde.ch\\\/blog\\\/#\\\/schema\\\/logo\\\/image\\\/\",\"url\":\"https:\\\/\\\/www.berg-freunde.ch\\\/blog\\\/wp-content\\\/uploads\\\/2023\\\/12\\\/Bergfreunde_DE_rgb.svg\",\"contentUrl\":\"https:\\\/\\\/www.berg-freunde.ch\\\/blog\\\/wp-content\\\/uploads\\\/2023\\\/12\\\/Bergfreunde_DE_rgb.svg\",\"caption\":\"Bergfreunde\"},\"image\":{\"@id\":\"https:\\\/\\\/www.berg-freunde.ch\\\/blog\\\/#\\\/schema\\\/logo\\\/image\\\/\"},\"sameAs\":[\"https:\\\/\\\/www.facebook.com\\\/bergfreunde\",\"https:\\\/\\\/www.instagram.com\\\/bergfreundede\\\/\"]},{\"@type\":\"Person\",\"@id\":\"https:\\\/\\\/www.berg-freunde.ch\\\/blog\\\/#\\\/schema\\\/person\\\/b568552a5d7a9c651c5dd14002fd4e0a\",\"name\":\"Cora\",\"url\":\"https:\\\/\\\/www.berg-freunde.ch\\\/blog\\\/about\\\/cora-schubert\\\/\"}]}<\/script>\n<!-- \/ Yoast SEO Premium plugin. -->","yoast_head_json":{"title":"Der Gender Data Gap und die Schlange vor dem Damenklo","description":"Der Gender Data Gap besagt: \u00dcber Frauen und ihren Alltag wurden und werden in allen Bereich des Lebens wie z.B. Medizin und Wirtschaft weniger Daten gesammelt als \u00fcber M\u00e4nner.","robots":{"index":"noindex","follow":"follow"},"og_locale":"de_DE","og_type":"article","og_title":"Der Gender Data Gap und die Schlange vor dem Damenklo","og_description":"Der Gender Data Gap besagt: \u00dcber Frauen und ihren Alltag wurden und werden in allen Bereich des Lebens wie z.B. Medizin und Wirtschaft weniger Daten gesammelt als \u00fcber M\u00e4nner.","og_url":"https:\/\/www.berg-freunde.ch\/blog\/gender-data-gap\/","og_site_name":"Bergfreunde","article_publisher":"https:\/\/www.facebook.com\/bergfreunde","article_published_time":"2021-03-08T01:30:41+00:00","article_modified_time":"2023-09-29T07:27:05+00:00","og_image":[{"width":1440,"height":590,"url":"https:\/\/www.berg-freunde.ch\/blog\/wp-content\/uploads\/2021\/03\/20230929_Gender-Data-Gap_Titel.jpg","type":"image\/jpeg"}],"author":"Cora","twitter_card":"summary_large_image","twitter_misc":{"Geschrieben von":"Cora","Gesch\u00e4tzte Lesezeit":"10\u00a0Minuten"},"schema":{"@context":"https:\/\/schema.org","@graph":[{"@type":["Article","BlogPosting"],"@id":"https:\/\/www.berg-freunde.ch\/blog\/gender-data-gap\/#article","isPartOf":{"@id":"https:\/\/www.berg-freunde.ch\/blog\/gender-data-gap\/"},"author":{"name":"Cora","@id":"https:\/\/www.berg-freunde.ch\/blog\/#\/schema\/person\/b568552a5d7a9c651c5dd14002fd4e0a"},"headline":"Der Gender Data Gap und die Schlange vor dem Damenklo","datePublished":"2021-03-08T01:30:41+00:00","dateModified":"2023-09-29T07:27:05+00:00","mainEntityOfPage":{"@id":"https:\/\/www.berg-freunde.ch\/blog\/gender-data-gap\/"},"wordCount":2020,"commentCount":2,"publisher":{"@id":"https:\/\/www.berg-freunde.ch\/blog\/#organization"},"image":{"@id":"https:\/\/www.berg-freunde.ch\/blog\/gender-data-gap\/#primaryimage"},"thumbnailUrl":"https:\/\/www.berg-freunde.ch\/blog\/wp-content\/uploads\/2021\/03\/20230929_Gender-Data-Gap_Titel.jpg","keywords":["Bergsteigen &amp; Hochtouren","Klettern &amp; Bouldern"],"articleSection":["Natur &amp; Geschichte"],"inLanguage":"de-CH","potentialAction":[{"@type":"CommentAction","name":"Comment","target":["https:\/\/www.berg-freunde.ch\/blog\/gender-data-gap\/#respond"]}]},{"@type":"WebPage","@id":"https:\/\/www.berg-freunde.ch\/blog\/gender-data-gap\/","url":"https:\/\/www.berg-freunde.ch\/blog\/gender-data-gap\/","name":"Der Gender Data Gap und die Schlange vor dem Damenklo","isPartOf":{"@id":"https:\/\/www.berg-freunde.ch\/blog\/#website"},"primaryImageOfPage":{"@id":"https:\/\/www.berg-freunde.ch\/blog\/gender-data-gap\/#primaryimage"},"image":{"@id":"https:\/\/www.berg-freunde.ch\/blog\/gender-data-gap\/#primaryimage"},"thumbnailUrl":"https:\/\/www.berg-freunde.ch\/blog\/wp-content\/uploads\/2021\/03\/20230929_Gender-Data-Gap_Titel.jpg","datePublished":"2021-03-08T01:30:41+00:00","dateModified":"2023-09-29T07:27:05+00:00","description":"Der Gender Data Gap besagt: \u00dcber Frauen und ihren Alltag wurden und werden in allen Bereich des Lebens wie z.B. Medizin und Wirtschaft weniger Daten gesammelt als \u00fcber M\u00e4nner.","breadcrumb":{"@id":"https:\/\/www.berg-freunde.ch\/blog\/gender-data-gap\/#breadcrumb"},"inLanguage":"de-CH","potentialAction":[{"@type":"ReadAction","target":["https:\/\/www.berg-freunde.ch\/blog\/gender-data-gap\/"]}]},{"@type":"ImageObject","inLanguage":"de-CH","@id":"https:\/\/www.berg-freunde.ch\/blog\/gender-data-gap\/#primaryimage","url":"https:\/\/www.berg-freunde.ch\/blog\/wp-content\/uploads\/2021\/03\/20230929_Gender-Data-Gap_Titel.jpg","contentUrl":"https:\/\/www.berg-freunde.ch\/blog\/wp-content\/uploads\/2021\/03\/20230929_Gender-Data-Gap_Titel.jpg","width":1440,"height":590},{"@type":"BreadcrumbList","@id":"https:\/\/www.berg-freunde.ch\/blog\/gender-data-gap\/#breadcrumb","itemListElement":[{"@type":"ListItem","position":1,"name":"Blog","item":"https:\/\/www.berg-freunde.ch\/blog\/"},{"@type":"ListItem","position":2,"name":"Know-How","item":"https:\/\/www.berg-freunde.ch\/blog\/category\/know-how\/"},{"@type":"ListItem","position":3,"name":"Natur &amp; Geschichte","item":"https:\/\/www.berg-freunde.ch\/blog\/category\/know-how\/natur-geschichte\/"},{"@type":"ListItem","position":4,"name":"Der Gender Data Gap und die Schlange vor dem Damenklo"}]},{"@type":"WebSite","@id":"https:\/\/www.berg-freunde.ch\/blog\/#website","url":"https:\/\/www.berg-freunde.ch\/blog\/","name":"Bergfreunde","description":"Blog","publisher":{"@id":"https:\/\/www.berg-freunde.ch\/blog\/#organization"},"potentialAction":[{"@type":"SearchAction","target":{"@type":"EntryPoint","urlTemplate":"https:\/\/www.berg-freunde.ch\/blog\/?s={search_term_string}"},"query-input":{"@type":"PropertyValueSpecification","valueRequired":true,"valueName":"search_term_string"}}],"inLanguage":"de-CH"},{"@type":"Organization","@id":"https:\/\/www.berg-freunde.ch\/blog\/#organization","name":"Bergfreunde","url":"https:\/\/www.berg-freunde.ch\/blog\/","logo":{"@type":"ImageObject","inLanguage":"de-CH","@id":"https:\/\/www.berg-freunde.ch\/blog\/#\/schema\/logo\/image\/","url":"https:\/\/www.berg-freunde.ch\/blog\/wp-content\/uploads\/2023\/12\/Bergfreunde_DE_rgb.svg","contentUrl":"https:\/\/www.berg-freunde.ch\/blog\/wp-content\/uploads\/2023\/12\/Bergfreunde_DE_rgb.svg","caption":"Bergfreunde"},"image":{"@id":"https:\/\/www.berg-freunde.ch\/blog\/#\/schema\/logo\/image\/"},"sameAs":["https:\/\/www.facebook.com\/bergfreunde","https:\/\/www.instagram.com\/bergfreundede\/"]},{"@type":"Person","@id":"https:\/\/www.berg-freunde.ch\/blog\/#\/schema\/person\/b568552a5d7a9c651c5dd14002fd4e0a","name":"Cora","url":"https:\/\/www.berg-freunde.ch\/blog\/about\/cora-schubert\/"}]}},"_links":{"self":[{"href":"https:\/\/www.berg-freunde.ch\/blog\/wp-json\/wp\/v2\/posts\/67048","targetHints":{"allow":["GET"]}}],"collection":[{"href":"https:\/\/www.berg-freunde.ch\/blog\/wp-json\/wp\/v2\/posts"}],"about":[{"href":"https:\/\/www.berg-freunde.ch\/blog\/wp-json\/wp\/v2\/types\/post"}],"author":[{"embeddable":true,"href":"https:\/\/www.berg-freunde.ch\/blog\/wp-json\/wp\/v2\/users\/36"}],"replies":[{"embeddable":true,"href":"https:\/\/www.berg-freunde.ch\/blog\/wp-json\/wp\/v2\/comments?post=67048"}],"version-history":[{"count":0,"href":"https:\/\/www.berg-freunde.ch\/blog\/wp-json\/wp\/v2\/posts\/67048\/revisions"}],"wp:featuredmedia":[{"embeddable":true,"href":"https:\/\/www.berg-freunde.ch\/blog\/wp-json\/wp\/v2\/media\/101362"}],"wp:attachment":[{"href":"https:\/\/www.berg-freunde.ch\/blog\/wp-json\/wp\/v2\/media?parent=67048"}],"wp:term":[{"taxonomy":"category","embeddable":true,"href":"https:\/\/www.berg-freunde.ch\/blog\/wp-json\/wp\/v2\/categories?post=67048"},{"taxonomy":"post_tag","embeddable":true,"href":"https:\/\/www.berg-freunde.ch\/blog\/wp-json\/wp\/v2\/tags?post=67048"},{"taxonomy":"post_folder","embeddable":true,"href":"https:\/\/www.berg-freunde.ch\/blog\/wp-json\/wp\/v2\/post_folder?post=67048"}],"curies":[{"name":"wp","href":"https:\/\/api.w.org\/{rel}","templated":true}]}}