{"id":67199,"date":"2023-02-17T10:30:00","date_gmt":"2023-02-17T09:30:00","guid":{"rendered":"https:\/\/www.bergfreunde.de\/blog\/wie-nachhaltig-ist-outdoor\/"},"modified":"2023-11-17T14:10:55","modified_gmt":"2023-11-17T13:10:55","slug":"wie-nachhaltig-ist-outdoor","status":"publish","type":"post","link":"https:\/\/www.berg-freunde.ch\/blog\/wie-nachhaltig-ist-outdoor\/","title":{"rendered":"Nachhaltigkeit im Outdoorbereich"},"content":{"rendered":"\n<p>Im Jahr 2014 sorgte Bergfreundin Wiebke hier im Basislager f\u00fcr einen <a href=\"https:\/\/www.berg-freunde.ch\/blog\/wie-nachhaltig-ist-outdoor-inzwischen\/\">ersten \u00dcberblick \u00fcber die Nachhaltigkeit in der Outdoorbranche<\/a>.<\/p>\n\n\n\n<p>Problematische Punkte bei Herstellern waren dabei die klassischen:<\/p>\n\n\n\n<ul class=\"wp-block-list\">\n<li><em>Chemischen Impr\u00e4gnierungen<\/em><\/li>\n\n\n\n<li><em>Daunen aus Lebendrupf<\/em><\/li>\n\n\n\n<li><em>Merinowolle, die von Farmen stammt, auf denen Mulesing betrieben wird<\/em><\/li>\n\n\n\n<li><em>Produktionsbedingungen in Fernost.<\/em><\/li>\n<\/ul>\n\n\n\n<p>Allerdings gab es bereits 2014 eine lange Liste von Unternehmen, die zeigten, dass es auch anders geht.<\/p>\n\n\n\n<p>Gerade wir Mitglieder der Outdoorcommunity m\u00f6chten unser Freizeitparadies Natur m\u00f6glichst gut sch\u00fctzen. Eine wachsende Zahl von Herstellern stellt deshalb seine Produktion um und nutzt unabh\u00e4ngig gepr\u00fcfte Nachhaltigkeitslabels, um seine Ware zu zertifizieren.<\/p>\n\n\n\n<p>Vor allem beim Bezug von <strong>tierischen Ausgangsmaterialien<\/strong> wie Daune, Leder und Wolle achten inzwischen weit mehr Hersteller konsequent auf<strong> zertifiziert nachhaltige Lieferquellen<\/strong>.<\/p>\n\n\n\n<p>Tierqu\u00e4lereien wie Mulesing oder Lebendrupf sind mittlerweile bei den meisten Firmen ausgeschlossen.<\/p>\n\n\n<div class=\"wp-block-image\">\n<figure class=\"aligncenter size-full\"><a href=\"https:\/\/www.bergfreunde.de\/blog\/wp-content\/uploads\/2023\/01\/OrtovoxNachhaltigkeit_05.jpg\"><img fetchpriority=\"high\" decoding=\"async\" width=\"1000\" height=\"750\" src=\"https:\/\/www.bergfreunde.de\/blog\/wp-content\/uploads\/2023\/01\/OrtovoxNachhaltigkeit_05.jpg\" alt=\"Qualit\u00e4tskontrolle in einem Wollebetrieb\" class=\"wp-image-72652\" srcset=\"https:\/\/www.berg-freunde.ch\/blog\/wp-content\/uploads\/2023\/01\/OrtovoxNachhaltigkeit_05.jpg 1000w, https:\/\/www.berg-freunde.ch\/blog\/wp-content\/uploads\/2023\/01\/OrtovoxNachhaltigkeit_05-300x225.jpg 300w, https:\/\/www.berg-freunde.ch\/blog\/wp-content\/uploads\/2023\/01\/OrtovoxNachhaltigkeit_05-768x576.jpg 768w\" sizes=\"(max-width: 1000px) 100vw, 1000px\" \/><\/a><figcaption class=\"wp-element-caption\">Unabh\u00e4ngige Qualit\u00e4tskontrollen sind wichtig um echte Nachhaltigkeit zu garantieren.<\/figcaption><\/figure>\n<\/div>\n\n\n<h2 class=\"wp-block-heading\">Hersteller oder Kunden \u2013 Wer ist in der Pflicht?<\/h2>\n\n\n\n<p>Was war zuerst? Henne oder Ei? \u00c4hnlich kompliziert ist die Situation im Streben nach Nachhaltigkeit im Outdoorbereich. Sind die <strong>Hersteller in der Pflicht<\/strong> auf Umweltschutz zu achten und Umweltgerecht zu produzieren oder m\u00fcssen die <strong>Kunden proaktiv<\/strong> nach passenden Produkten suchen, sodass der Markt sich nach der Theorie Adam Smiths selbst regelt?<\/p>\n\n\n\n<h2 class=\"wp-block-heading\">Hersteller m\u00fcssen sich \u00e4ndern<\/h2>\n\n\n\n<p>F\u00fcr die Unternehmen steht mit der Umstellung auf Nachhaltigkeit nat\u00fcrlich ein <strong>Investment<\/strong> im Raum, dass sich wirtschaftlich nur rechtfertigen l\u00e4sst, wenn die Nachfrage damit auch steigt.<\/p>\n\n\n\n<p>Gerade im <strong>Bekleidungssektor<\/strong> ist das eine Kernfrage. Obwohl es Nachhaltigkeit auch im Outdoorbereich vom Nischentrend in die Massentauglichkeit geschafft hat, ist Fast Fashion popul\u00e4r wie nie.<\/p>\n\n\n\n<p>W\u00e4hrend sich die Nachhaltigkeitsbestreben der Hersteller leicht \u00fcberblicken l\u00e4sst, sind die Intentionen der Verbraucher komplex und durchmischt. 2014 schrieb Bergfreundin Wiebke:<\/p>\n\n\n\n<h2 class=\"wp-block-heading\">K\u00e4uferinteresse z\u00e4hlt<\/h2>\n\n\n\n<p>\u201e<em>Bei uns kommen ehrlich gesagt so gut wie nie Anfragen rein, wo die Daune herstammt oder wo und wie die Bekleidung hergestellt wird. Anhand unserer Zahlen scheinen nachhaltige Hersteller vor den herk\u00f6mmlichen nicht bevorzugt zu werden. Das Gegenteil ist eher der Fall. Nachhaltige Produkte sind teurer, was von den wenigsten Kunden gerne bezahlt wird. Warum sollte also ein Hersteller nachhaltig produzieren, wenn er seine Sachen am Ende nicht loswird und die Kunden doch lieber das g\u00fcnstigere Produkt kaufen?<\/em>\u201c<\/p>\n\n\n\n<p>Seit Greta und Fridays for Future sind heute deutlich <strong>mehr Kunden sensibel f\u00fcr Nachhaltigkeit<\/strong>. Allerdings sind die Menschen auch <strong>preissensibler<\/strong> geworden und w\u00e4hrend das Interesse an Nachhaltigkeit steigt, sinkt die Bereitschaft einen Aufpreis daf\u00fcr zu bezahlen.<\/p>\n\n\n\n<p>Umweltaffine K\u00e4ufer fordern Nachhaltigkeit ebenso im Outdoorbereich von den Herstellern als Standard.<\/p>\n\n\n\n<h2 class=\"wp-block-heading\">Was tun die Hersteller?<\/h2>\n\n\n\n<figure class=\"wp-block-gallery has-nested-images columns-default is-cropped wp-block-gallery-1 is-layout-flex wp-block-gallery-is-layout-flex\">\n<figure class=\"wp-block-image size-large\"><a href=\"https:\/\/www.bergfreunde.de\/blog\/wp-content\/uploads\/2023\/01\/NachhaltigkeitImOutdoorbereich_05.2.jpg\"><img decoding=\"async\" width=\"750\" height=\"1000\" data-id=\"72603\" src=\"https:\/\/www.bergfreunde.de\/blog\/wp-content\/uploads\/2023\/01\/NachhaltigkeitImOutdoorbereich_05.2.jpg\" alt=\"AustriAlpin Karabiner in der Produktion\" class=\"wp-image-72603\" srcset=\"https:\/\/www.berg-freunde.ch\/blog\/wp-content\/uploads\/2023\/01\/NachhaltigkeitImOutdoorbereich_05.2.jpg 750w, https:\/\/www.berg-freunde.ch\/blog\/wp-content\/uploads\/2023\/01\/NachhaltigkeitImOutdoorbereich_05.2-225x300.jpg 225w\" sizes=\"(max-width: 750px) 100vw, 750px\" \/><\/a><\/figure>\n\n\n\n<figure class=\"wp-block-image size-large\"><a href=\"https:\/\/www.bergfreunde.de\/blog\/wp-content\/uploads\/2023\/01\/NachhaltigkeitImOutdoorbereich_05.1.jpg\"><img decoding=\"async\" width=\"750\" height=\"1000\" data-id=\"72597\" src=\"https:\/\/www.bergfreunde.de\/blog\/wp-content\/uploads\/2023\/01\/NachhaltigkeitImOutdoorbereich_05.1.jpg\" alt=\"AustriAlpin Karabiner beim Einsatz am Berg\" class=\"wp-image-72597\" srcset=\"https:\/\/www.berg-freunde.ch\/blog\/wp-content\/uploads\/2023\/01\/NachhaltigkeitImOutdoorbereich_05.1.jpg 750w, https:\/\/www.berg-freunde.ch\/blog\/wp-content\/uploads\/2023\/01\/NachhaltigkeitImOutdoorbereich_05.1-225x300.jpg 225w\" sizes=\"(max-width: 750px) 100vw, 750px\" \/><\/a><\/figure>\n<figcaption class=\"blocks-gallery-caption wp-element-caption\">AustriAlpin fertigt in \u00d6sterreich &#8211; Qualit\u00e4t, die h\u00e4lt und kurze Lieferwege machen die Produkte nachhaltiger.<\/figcaption><\/figure>\n\n\n\n<p>Beginnen wir hier mit den <strong>Hardware-Produzenten<\/strong>. Deren Produkte \u201e<em>sind sicherheitsrelevant und m\u00fcssen deshalb sehr strengen Tests und Normen standhalten, weswegen sie sehr hochwertig produziert werden m\u00fcssen.\u201c<\/em><\/p>\n\n\n\n<p>Das bedeutet im Klartext drei Dinge:<\/p>\n\n\n\n<ul class=\"wp-block-list\">\n<li>Die Produkte sind teuer in der Herstellung. Dadurch steigt der Preiskampf auf dem Absatzmarkt und die Hersteller versuchen preiswert zu produzieren.<\/li>\n\n\n\n<li>Kunden sind vor allem auf ihre Sicherheit bedacht, daneben wird der Nachhaltigkeitsaspekt wenig relevant.<\/li>\n\n\n\n<li>Die hohen Sicherheitsstandards lassen sich bei der Produktion bei Auftragnehmern in Niedriglohnl\u00e4ndern kaum abbilden. Viele Hersteller produzieren deshalb vor Ort in Europa. <\/li>\n<\/ul>\n\n\n\n<p>Als Best Practice lassen sich hier Unternehmen wie <a href=\"https:\/\/www.bergfreunde.de\/marken\/dmm\/\" target=\"_blank\" rel=\"noreferrer noopener\">DMM <\/a>oder <a href=\"https:\/\/www.bergfreunde.de\/marken\/austrialpin\/\" target=\"_blank\" rel=\"noreferrer noopener\">AustriAlpin<\/a> auflisten, die seit ihrer Gr\u00fcndung ausschlie\u00dflich vor Ort in Europa produzieren und so kurze Transportwege haben. Auch das italienische Unternehmen Grivel sticht hervor. Grivel produziert mit selbsterzeugtem Strom aus den Solarpanelen auf dem Produktionsgeb\u00e4ude.<\/p>\n\n\n\n<h2 class=\"wp-block-heading\">Nachhaltigkeit im Outdoorbereich &#8211; vom Nischentrend zum Massenph\u00e4nomen<\/h2>\n\n\n\n<p>Eine deutliche Ver\u00e4nderung der letzten Jahre ist, dass immer mehr <strong>gro\u00dfe Player<\/strong> des Outdoormarkts in die Nachhaltigkeit einsteigen. 2014 konnten nur einige kleine Hersteller wie Monkee, Jung oder Triple2 mit umfassender Nachhaltigkeit im Outdoorbereich punkten.<\/p>\n\n\n\n<p>Und das obwohl <strong>nachhaltige Produktion<\/strong> entgegen der landl\u00e4ufigen Einsch\u00e4tzung f\u00fcr kleinere Firmen schwieriger ist als f\u00fcr gr\u00f6\u00dfere: Nur Triple2 besteht weiterhin erfolgreich am Markt.<\/p>\n\n\n\n<h3 class=\"wp-block-heading\">Patagonia<\/h3>\n\n\n<div class=\"wp-block-image\">\n<figure class=\"alignright size-full is-resized\"><a href=\"https:\/\/www.bergfreunde.de\/blog\/wp-content\/uploads\/2023\/01\/NachhaltigkeitImOutdoorbereich_04.jpg\"><img loading=\"lazy\" decoding=\"async\" width=\"600\" height=\"450\" src=\"https:\/\/www.bergfreunde.de\/blog\/wp-content\/uploads\/2023\/01\/NachhaltigkeitImOutdoorbereich_04.jpg\" alt=\"Patagoniamitarbeiter repariert eine Jacke. Das Unternehmen ist Marktf\u00fchrer der Nachhaltigkeit im Outdoorbereich.\" class=\"wp-image-72591\" style=\"width:350px\" srcset=\"https:\/\/www.berg-freunde.ch\/blog\/wp-content\/uploads\/2023\/01\/NachhaltigkeitImOutdoorbereich_04.jpg 600w, https:\/\/www.berg-freunde.ch\/blog\/wp-content\/uploads\/2023\/01\/NachhaltigkeitImOutdoorbereich_04-300x225.jpg 300w\" sizes=\"(max-width: 600px) 100vw, 600px\" \/><\/a><figcaption class=\"wp-element-caption\"><a href=\"https:\/\/www.berg-freunde.ch\/marken\/patagonia\/\">Patagonia<\/a> ist weltbekannt f\u00fcr seine Nachhaltigkeitsbestreben &#8211; wie das Worn Wear Program<\/figcaption><\/figure>\n<\/div>\n\n\n<p>Unter den gro\u00dfen Unternehmen war lange Zeit <strong>Patagonia<\/strong> das einzige prominente Nachhaltigkeitsbeispiel. Die kalifornische Traditionsmarke hat es fr\u00fch geschafft, <strong>hohe Nachhaltigkeitsstandards <\/strong>finanzierbar und damit massentauglich zu machen. Patagonia hat beinahe im Alleingang \u00fcberhaupt einen Markt f\u00fcr Bio-Baumwolle geschaffen.<\/p>\n\n\n\n<p>Den Rahmen f\u00fcr die Umwelt-Nachhaltigkeit setzt Patagonia mit seinem 4-Punkte Programm namens \u201eReduce, Repair, Reuse und Recycle.\u201c Ausf\u00fchrliches dazu ist in <a href=\"https:\/\/www.berg-freunde.ch\/blog\/patagonias-nachhaltigkeitsprogramm\/\">unserem Nachhaltigkeitsportrait<\/a> der Firma nachzulesen.<\/p>\n\n\n\n<h3 class=\"wp-block-heading\">Mammut<\/h3>\n\n\n\n<p>Ein weiterer Branchenriese, bei dem sich binnen sehr kurzer Zeit sehr viel getan hat, ist das Schweizer Traditionslabel <strong><a href=\"https:\/\/www.berg-freunde.ch\/marken\/mammut\/\">Mammut<\/a><\/strong>. Die Schweiz steht zwar f\u00fcr Qualit\u00e4t und Pr\u00e4zision, doch mit hoher Nachhaltigkeit brachte man sie nicht unbedingt in Verbindung. Das m\u00f6chte der Bergausr\u00fcster aus dem Kanton Aargau so schnell wie m\u00f6glich \u00e4ndern. Bis 2050 m\u00f6chte das Unternehmen klimaneutral zu werden.<\/p>\n\n\n\n<p>Daf\u00fcr hat man binnen zwei Jahren eine umfassende <strong>Nachhaltigkeitsstrategie<\/strong> inklusive fester <strong>Zielsetzungen<\/strong> und <strong>Erfolgskontrolle<\/strong> entworfen. Diese <strong>WE-CARE-Strategie<\/strong> soll unter anderem bewirken, dass mindesten 95 % der verwendeten Stoffe bluesign-zertifiziert sind, keine PFC-basierte Ausr\u00fcstung mehr eingesetzt wird, 95 % der verwendeten Stoffe aus recycelten Materialien gewonnen werden und ausschlie\u00dflich zertifizierte Bio-Baumwolle eingesetzt wird. Auch zu Mammut gibt es bereits ein <a href=\"https:\/\/www.berg-freunde.ch\/blog\/das-nachhaltigkeitskonzept-von-mammut\/\">Nachhaltigkeitsportrait<\/a> im Basislager.<\/p>\n\n\n\n<h3 class=\"wp-block-heading\">Mountain Equipment<\/h3>\n\n\n\n<p><strong><a href=\"https:\/\/www.berg-freunde.ch\/marken\/mountain-equipment\/\">Mountain Equipment<\/a><\/strong> geh\u00f6rt hingegen zu der Riege an Marken, die das Thema schon l\u00e4nger im Fokus haben. Um das Jahr 2010 herum, f\u00fchrte die Marke den <strong>Down Codex<\/strong> ein und machte das Sourcing ihrer Daune damit <strong>transparent und r\u00fcckverfolgbar<\/strong>.<\/p>\n\n\n\n<p>Mit dem Down Cycle geht dieses Engagement noch einen Schritt weiter: ME-Produkte unter diesem Label bestehen aus recycelter Daune sowie <strong>100% recyceltem Innen- und Au\u00dfenmaterial<\/strong>. Das Unternehmen hat unter anderem auch den \u201eLeader Status\u201c, die h\u00f6chste Auszeichnung der Fair Wear Foundation. FWF setzt sich daf\u00fcr ein die Produktionsbedingungen weltweit zu verbessern.<\/p>\n\n\n\n<p>Im Vergleich zu den eben genannten eher mittelst\u00e4ndischen Outdoorspezialisten haben die <strong>gro\u00dfen, auf Massenm\u00e4rkte abzielenden Breitensport-Player wie <\/strong><a href=\"https:\/\/www.berg-freunde.ch\/blog\/das-nachhaltigkeitskonzept-von-adidas\/\"><strong>Adidas<\/strong><\/a><a><\/a><a><\/a> weiterhin Nachholbedarf. Inzwischen hat zwar auch der Global Player aus Herzogenaurach ein Sustainability-Konzept. Im Vergleich zu anderen Outdoor-Unternehmen bleibt <a href=\"https:\/\/www.berg-freunde.ch\/marken\/adidas\/\">Adidas<\/a> weit zur\u00fcck.<\/p>\n\n\n\n<h2 class=\"wp-block-heading\">Skandinavier besonders nachhaltig<\/h2>\n\n\n<div class=\"wp-block-image\">\n<figure class=\"alignleft size-full is-resized\"><a href=\"https:\/\/www.bergfreunde.de\/blog\/wp-content\/uploads\/2023\/01\/NachhaltigkeitImOutdoorbereich_03.1.jpg\"><img loading=\"lazy\" decoding=\"async\" width=\"1000\" height=\"750\" src=\"https:\/\/www.bergfreunde.de\/blog\/wp-content\/uploads\/2023\/01\/NachhaltigkeitImOutdoorbereich_03.1.jpg\" alt=\"Jugendliche mit Fj\u00e4llr\u00e4ven-Rucks\u00e4cken\" class=\"wp-image-72584\" style=\"width:350px\" srcset=\"https:\/\/www.berg-freunde.ch\/blog\/wp-content\/uploads\/2023\/01\/NachhaltigkeitImOutdoorbereich_03.1.jpg 1000w, https:\/\/www.berg-freunde.ch\/blog\/wp-content\/uploads\/2023\/01\/NachhaltigkeitImOutdoorbereich_03.1-300x225.jpg 300w, https:\/\/www.berg-freunde.ch\/blog\/wp-content\/uploads\/2023\/01\/NachhaltigkeitImOutdoorbereich_03.1-768x576.jpg 768w\" sizes=\"(max-width: 1000px) 100vw, 1000px\" \/><\/a><figcaption class=\"wp-element-caption\">Der Traditionshersteller aus Schweden bezeichnet Nachhaltigkeit als Basis seines Schaffens.<\/figcaption><\/figure>\n<\/div>\n\n\n<p>Skandinavien ist wie fast in jedem Bereich auch bei der Herstellung von Bergsportausr\u00fcstung ganz vorne dabei. Bei einigen<strong> traditionellen Labels<\/strong> ist dieser Prozess auch schon l\u00e4nger im Gange.<\/p>\n\n\n\n<p>So fasst man beispielsweise das Nachhaltigkeitsverst\u00e4ndnis bei der schwedischen Firma <a href=\"https:\/\/www.bergfreunde.de\/marken\/fjaellraeven\/\" target=\"_blank\" rel=\"noreferrer noopener\"><strong>Fj\u00e4llr\u00e4ven<\/strong> <\/a>schon seit vielen Jahren wie folgt zusammen:<\/p>\n\n\n\n<p>\u201e<em>Das Besondere an <a href=\"https:\/\/www.berg-freunde.ch\/marken\/fjaellraeven\/\">Fj\u00e4llr\u00e4ven<\/a> ist, dass Nachhaltigkeit nicht als eigenst\u00e4ndiges Projekt begriffen wird. Nachhaltigkeit ist die Grundlage f\u00fcr alles, was wir tun<\/em>.\u201c<\/p>\n\n\n\n<p><a href=\"https:\/\/www.berg-freunde.ch\/blog\/fjaellraeven-nachhaltigkeitsprogramm\/\">Hier k\u00f6nnt ihr nachlesen<\/a>, wie die Umsetzung dieses Credos im Detail aussieht.<\/p>\n\n\n\n<p>\u00c4hnlich sieht es bei <strong><a href=\"https:\/\/www.berg-freunde.ch\/marken\/hagloefs\/\">Hagl\u00f6fs<\/a><\/strong> aus, einem weiteren dicken Fisch im skandinavischen Teich. Auch hier erstrecken sich die Nachhaltigkeitsma\u00dfnahmen \u00fcber alle <strong>Herstellungsschritte<\/strong> und werden mit \u00fcberpr\u00fcfbaren Zahlen und Daten dokumentiert.<\/p>\n\n\n\n<p>Dass Nachhaltigkeit <a href=\"https:\/\/www.berg-freunde.ch\/blog\/nachhaltigkeit-hagloefs\/\">bei Hagl\u00f6fs kein Beiwerk, sondern tragende S\u00e4ule<\/a> ist, wird auch von au\u00dfen best\u00e4tigt und honoriert. So wurde das Unternehmen schon 2015 zur nachhaltigsten schwedischen Marke des Jahres gek\u00fcrt.<\/p>\n\n\n\n<h2 class=\"wp-block-heading\">\u201eMade in Germany\u201c gut dabei<\/h2>\n\n\n\n<p>Der Klassenprimus der Nachhaltigkeit kommt nicht aus Kalifornien oder Skandinavien, sondern aus <strong>Tettnang in Oberschwaben<\/strong>.<\/p>\n\n\n\n<p>Er h\u00f6rt auf den Namen <a href=\"https:\/\/www.berg-freunde.ch\/marken\/vaude\/\">VAUDE<\/a> und f\u00e4llt seit vielen Jahren mit einem ambitionierten und konsequenten <strong>Nachhaltigkeitsfokus<\/strong> auf. Der j\u00e4hrliche Nachhaltigkeitsbericht von VAUDE d\u00fcrfte umfangreicher sein als der gesamte Gesch\u00e4ftsbericht manch \u00e4hnlich gro\u00dfer Firma.<\/p>\n\n\n\n<p>VAUDE ist ein echtes schw\u00e4bisches Familienunternehmen. CEO Antje von Dewitz wollte eigentlich im <a href=\"https:\/\/www.dw.com\/de\/antje-v-dewitz-unternehmerin-vaude\/a-17513174\">Umweltschutz t\u00e4tig<\/a> werden, ist dann aber in das Familienunternehmen reingewachsen.<\/p>\n\n\n\n<p>Dass die Nachhaltigkeit von VAUDE-Produkten und -Aktivit\u00e4ten weithin als glaubw\u00fcrdig anerkannt wird, zeigen viele regelm\u00e4\u00dfig verliehene <strong>Zertifikate und Auszeichnungen<\/strong>.<\/p>\n\n\n<div class=\"wp-block-image\">\n<figure class=\"aligncenter size-full\"><a href=\"https:\/\/www.bergfreunde.de\/blog\/wp-content\/uploads\/2023\/01\/NachhaltigkeitImOutdoorbereich_02.jpg\"><img loading=\"lazy\" decoding=\"async\" width=\"1000\" height=\"750\" src=\"https:\/\/www.bergfreunde.de\/blog\/wp-content\/uploads\/2023\/01\/NachhaltigkeitImOutdoorbereich_02.jpg\" alt=\"Bergfreunde zu Besuch in der Produktion bei Edelrid\" class=\"wp-image-72578\" srcset=\"https:\/\/www.berg-freunde.ch\/blog\/wp-content\/uploads\/2023\/01\/NachhaltigkeitImOutdoorbereich_02.jpg 1000w, https:\/\/www.berg-freunde.ch\/blog\/wp-content\/uploads\/2023\/01\/NachhaltigkeitImOutdoorbereich_02-300x225.jpg 300w, https:\/\/www.berg-freunde.ch\/blog\/wp-content\/uploads\/2023\/01\/NachhaltigkeitImOutdoorbereich_02-768x576.jpg 768w\" sizes=\"(max-width: 1000px) 100vw, 1000px\" \/><\/a><figcaption class=\"wp-element-caption\">Bergfreunde zu Besuch bei Edelrid<\/figcaption><\/figure>\n<\/div>\n\n\n<p>Ganz in der N\u00e4he von Tettnang befindet sich das St\u00e4dtchen Isny im Allg\u00e4u. Dort hat die VauDe Tochter <strong>Edelrid <\/strong>ihren Sitz. Sie sticht ebenfalls mit einem au\u00dfergew\u00f6hnlichen Nachhaltigkeitsfokus heraus.<\/p>\n\n\n\n<p>Die Edelrid-Firmenphilosophie umriss der 2017 verstorbene Gesch\u00e4ftsf\u00fchrer Carsten von Birckhahn mit der Formulierung \u201eErst das Konzept, dann die Marge\u201c. Dahinter verbergen sich Alleinstellungsmerkmale, die Edelrid bis heute auszeichnen:<\/p>\n\n\n\n<p>Da w\u00e4re das Festhalten am <strong>Produktionsstandort Deutschland<\/strong> ebenso wie die <strong>Strategie<\/strong>, <strong>Produktqualit\u00e4t<\/strong> und <strong>Reaktionsf\u00e4higkeit<\/strong> auf Marktentwicklungen \u00fcber Gewinnmaximierung zu stellen.<\/p>\n\n\n\n<p>Der Grund daf\u00fcr ist nicht nur Idealismus, sondern auch Pragmatismus:<\/p>\n\n\n\n<p>\u201e<em>Die Produktwelt von Edelrid ist sehr sensibel, da es sich zu gro\u00dfen Teilen um PSA-Produkte (Produkte zur pers\u00f6nlichen Schutzausr\u00fcstung) handelt. Der hohe Qualit\u00e4tsanspruch, der an diese Produkte gestellt wird, ist in Asien nicht darstellbar. (\u2026) Edelrid ist Produkt- und Innovations-getrieben, und dies geschieht vollumf\u00e4nglich im Haus.\u201c<\/em><\/p>\n\n\n\n<h2 class=\"wp-block-heading\">Trend zu neuen Labels<\/h2>\n\n\n\n<p>Damit Nachhaltigkeitsma\u00dfnahmen nicht jedes Mal von neuem umst\u00e4ndlich erkl\u00e4rt werden m\u00fcssen, versuchen die Hersteller, sie mithilfe von Labels auf einen Blick erkennbar zu machen.<\/p>\n\n\n\n<h3 class=\"wp-block-heading\">Unabh\u00e4ngige Labels<\/h3>\n\n\n\n<p>Ausgearbeitet und ausgestellt werden diese <strong>Labels von Organisationen<\/strong>, die sich der F\u00f6rderung und \u00dcberwachung der Nachhaltigkeit verschrieben haben. Die Organisationen wiederum bestehen aus Partnerschaften, <strong>Netzwerken und Kooperationen<\/strong> zwischen Outdoor- und Bekleidungsbranche sowie unabh\u00e4ngigen Partnern.<\/p>\n\n\n\n<p>Beispiele hierf\u00fcr sind unter anderen:<\/p>\n\n\n\n<ul class=\"wp-block-list\">\n<li><a href=\"https:\/\/www.berg-freunde.ch\/blog\/technik-bluesign-siegel\/\">bluesign Standard<\/a><\/li>\n\n\n\n<li><a href=\"https:\/\/www.berg-freunde.ch\/blog\/sind-fairtrade-produkte-wirklich-fair\/\">Fairtrade<\/a><\/li>\n\n\n\n<li><a href=\"https:\/\/www.berg-freunde.ch\/blog\/fair-wear-foundation\/\">Fair Wear Foundation (FWF)<\/a><\/li>\n\n\n\n<li><a href=\"https:\/\/www.europeanoutdoorgroup.com\/\">Europ\u00e4ische Outdoor-Gruppe (EOG)<\/a><\/li>\n\n\n\n<li>Skandinavische Outdoor-Gruppe (SOG)<\/li>\n\n\n\n<li><a href=\"https:\/\/apparelcoalition.org\/the-higg-index\/\">Sustainable Apparel Coalition \/ Higg Index (SAC)<\/a><\/li>\n<\/ul>\n\n\n\n<p>Der Higg Index der letztgenannten Sustainable Apparel Coalition erm\u00f6glicht die standardisierte und vergleichbare Messung von Ma\u00dfnahmen der Unternehmensverantwortung (Corporate Responsibility).<\/p>\n\n\n\n<h3 class=\"wp-block-heading\">Firmeneigene Labels <\/h3>\n\n\n\n<p>Auch diese werden immer zahlreicher. So kennzeichnet beispielsweise Hagl\u00f6fs seine nachhaltig produzierten Produkte mit dem \u201eSustainable Choice Label\u201c, das im oben verlinkten Hagl\u00f6fs-Portrait n\u00e4her beschrieben ist.<\/p>\n\n\n\n<p>Die Akzeptanz solcher Labels bei den Kunden h\u00e4ngt nicht zuletzt von \u201eStanding\u201c und Image der Firma ab.&nbsp;<\/p>\n\n\n\n<p>Die wachsende Zahl der Initiativen und Labels kann aber auch verwirren. Deshalb haben wir sie <a href=\"https:\/\/www.berg-freunde.ch\/blog\/sozial-oeko-labels-nachhaltigkeit\/\">hier im Basislager schon einmal genauer aufgedr\u00f6selt<\/a>.<\/p>\n\n\n\n<h3 class=\"wp-block-heading\">Outdoorh\u00e4ndler<\/h3>\n\n\n\n<p>Abschlie\u00dfend in der Produktkette versuchen sich nicht nur die Hersteller sondern auch die H\u00e4ndler an einem nachhaltigeren Wirtschaftsprinzip.<\/p>\n\n\n<div class=\"wp-block-image\">\n<figure class=\"alignright size-full is-resized\"><a href=\"https:\/\/www.bergfreunde.de\/blog\/wp-content\/uploads\/2023\/01\/NachhaltigkeitImOutdoorbereich_07.jpg\"><img loading=\"lazy\" decoding=\"async\" width=\"1000\" height=\"750\" src=\"https:\/\/www.bergfreunde.de\/blog\/wp-content\/uploads\/2023\/01\/NachhaltigkeitImOutdoorbereich_07.jpg\" alt=\"Bl\u00fctenwiese beim Bergfreunde-Logistikzentrum. Auch so sieht Nachhaltigkeit im Outdoorbereich aus.\" class=\"wp-image-72643\" style=\"width:350px\" srcset=\"https:\/\/www.berg-freunde.ch\/blog\/wp-content\/uploads\/2023\/01\/NachhaltigkeitImOutdoorbereich_07.jpg 1000w, https:\/\/www.berg-freunde.ch\/blog\/wp-content\/uploads\/2023\/01\/NachhaltigkeitImOutdoorbereich_07-300x225.jpg 300w, https:\/\/www.berg-freunde.ch\/blog\/wp-content\/uploads\/2023\/01\/NachhaltigkeitImOutdoorbereich_07-768x576.jpg 768w\" sizes=\"(max-width: 1000px) 100vw, 1000px\" \/><\/a><figcaption class=\"wp-element-caption\">Auch wir Bergfreunde bem\u00fchen uns um Nachhaltigkeit.<\/figcaption><\/figure>\n<\/div>\n\n\n<h2 class=\"wp-block-heading\" id=\"h-zusammenfassend\">Zusammenfassend \u2026<\/h2>\n\n\n\n<p>\u2026 l\u00e4sst sich sagen, dass Ma\u00dfnahmen der Nachhaltigkeit im Outdoorbereich in den letzten Jahren stark zugenommen haben. Sie sind zahlreicher, intensiver und effizienter geworden.<\/p>\n\n\n\n<p>Gleichzeitig steigt auch die <strong>Nachfrage nach \u00f6kologisch und ethisch nachhaltigen Produkten<\/strong> stetig weiter an. Das bewegt auch traditionell weniger nachhaltige Unternehmen ernsthafte Ma\u00dfnahmen zu ergreifen. Der <strong>Ausbau nachhaltiger Infrastruktur<\/strong>, die von Nachhaltigkeitslabels \u00fcber zertifizierte Rohstoffgewinnung bis hin zu Emissionsausgleichprojekten reicht, senkt den Preis und die H\u00fcrde f\u00fcr weitere Unternehmen selbst nachhaltig zu werden.<\/p>\n","protected":false},"excerpt":{"rendered":"<p>Im Jahr 2014 sorgte Bergfreundin Wiebke hier im Basislager f\u00fcr einen ersten \u00dcberblick \u00fcber die Nachhaltigkeit in der Outdoorbranche. Problematische Punkte bei Herstellern waren dabei die klassischen: Allerdings gab es bereits 2014 eine lange Liste von Unternehmen, die zeigten, dass es auch anders geht. Gerade wir Mitglieder der Outdoorcommunity m\u00f6chten unser Freizeitparadies Natur m\u00f6glichst gut [&hellip;]<\/p>\n","protected":false},"author":73,"featured_media":74290,"comment_status":"open","ping_status":"closed","sticky":false,"template":"","format":"standard","meta":{"_acf_changed":false,"footnotes":""},"categories":[297],"tags":[274],"post_folder":[],"class_list":["post-67199","post","type-post","status-publish","format-standard","has-post-thumbnail","hentry","category-menschen-meinungen","tag-nachhaltig-leben"],"acf":[],"yoast_head":"<!-- This site is optimized with the Yoast SEO Premium plugin v27.4 (Yoast SEO v27.4) - https:\/\/yoast.com\/product\/yoast-seo-premium-wordpress\/ -->\n<title>Nachhaltigkeit im Outdoorbereich | Bergfreunde<\/title>\n<meta name=\"description\" content=\"Dieser Artikel behandelt aktuelle Entwicklungen von Nachhaltigkeit im Outdoorbereich sowohl bei Unternehmen als auch Konsumenten.\" \/>\n<meta name=\"robots\" content=\"index, follow, max-snippet:-1, max-image-preview:large, max-video-preview:-1\" \/>\n<link rel=\"canonical\" href=\"https:\/\/www.berg-freunde.ch\/blog\/wie-nachhaltig-ist-outdoor\/\" \/>\n<meta property=\"og:locale\" content=\"de_DE\" \/>\n<meta property=\"og:type\" content=\"article\" \/>\n<meta property=\"og:title\" content=\"Nachhaltigkeit im Outdoorbereich\" \/>\n<meta property=\"og:description\" content=\"Dieser Artikel behandelt aktuelle Entwicklungen von Nachhaltigkeit im Outdoorbereich sowohl bei Unternehmen als auch Konsumenten.\" \/>\n<meta property=\"og:url\" content=\"https:\/\/www.berg-freunde.ch\/blog\/wie-nachhaltig-ist-outdoor\/\" \/>\n<meta property=\"og:site_name\" content=\"Bergfreunde\" \/>\n<meta property=\"article:publisher\" content=\"https:\/\/www.facebook.com\/bergfreunde\" \/>\n<meta property=\"article:published_time\" content=\"2023-02-17T09:30:00+00:00\" \/>\n<meta property=\"article:modified_time\" content=\"2023-11-17T13:10:55+00:00\" \/>\n<meta property=\"og:image\" content=\"https:\/\/www.berg-freunde.ch\/blog\/wp-content\/uploads\/2020\/09\/AdobeStock_526131430.jpeg\" \/>\n\t<meta property=\"og:image:width\" content=\"1440\" \/>\n\t<meta property=\"og:image:height\" content=\"962\" \/>\n\t<meta property=\"og:image:type\" content=\"image\/jpeg\" \/>\n<meta name=\"author\" content=\"Jakob\" \/>\n<meta name=\"twitter:card\" content=\"summary_large_image\" \/>\n<meta name=\"twitter:label1\" content=\"Geschrieben von\" \/>\n\t<meta name=\"twitter:data1\" content=\"Jakob\" \/>\n\t<meta name=\"twitter:label2\" content=\"Gesch\u00e4tzte Lesezeit\" \/>\n\t<meta name=\"twitter:data2\" content=\"9\u00a0Minuten\" \/>\n<script type=\"application\/ld+json\" class=\"yoast-schema-graph\">{\"@context\":\"https:\\\/\\\/schema.org\",\"@graph\":[{\"@type\":[\"Article\",\"BlogPosting\"],\"@id\":\"https:\\\/\\\/www.berg-freunde.ch\\\/blog\\\/wie-nachhaltig-ist-outdoor\\\/#article\",\"isPartOf\":{\"@id\":\"https:\\\/\\\/www.berg-freunde.ch\\\/blog\\\/wie-nachhaltig-ist-outdoor\\\/\"},\"author\":{\"name\":\"Jakob\",\"@id\":\"https:\\\/\\\/www.berg-freunde.ch\\\/blog\\\/#\\\/schema\\\/person\\\/181e8988639916ec038e9a476f44696e\"},\"headline\":\"Nachhaltigkeit im Outdoorbereich\",\"datePublished\":\"2023-02-17T09:30:00+00:00\",\"dateModified\":\"2023-11-17T13:10:55+00:00\",\"mainEntityOfPage\":{\"@id\":\"https:\\\/\\\/www.berg-freunde.ch\\\/blog\\\/wie-nachhaltig-ist-outdoor\\\/\"},\"wordCount\":1746,\"commentCount\":0,\"publisher\":{\"@id\":\"https:\\\/\\\/www.berg-freunde.ch\\\/blog\\\/#organization\"},\"image\":{\"@id\":\"https:\\\/\\\/www.berg-freunde.ch\\\/blog\\\/wie-nachhaltig-ist-outdoor\\\/#primaryimage\"},\"thumbnailUrl\":\"https:\\\/\\\/www.berg-freunde.ch\\\/blog\\\/wp-content\\\/uploads\\\/2020\\\/09\\\/AdobeStock_526131430.jpeg\",\"keywords\":[\"Nachhaltig leben\"],\"articleSection\":[\"Menschen &amp; Meinungen\"],\"inLanguage\":\"de-CH\",\"potentialAction\":[{\"@type\":\"CommentAction\",\"name\":\"Comment\",\"target\":[\"https:\\\/\\\/www.berg-freunde.ch\\\/blog\\\/wie-nachhaltig-ist-outdoor\\\/#respond\"]}]},{\"@type\":\"WebPage\",\"@id\":\"https:\\\/\\\/www.berg-freunde.ch\\\/blog\\\/wie-nachhaltig-ist-outdoor\\\/\",\"url\":\"https:\\\/\\\/www.berg-freunde.ch\\\/blog\\\/wie-nachhaltig-ist-outdoor\\\/\",\"name\":\"Nachhaltigkeit im Outdoorbereich | Bergfreunde\",\"isPartOf\":{\"@id\":\"https:\\\/\\\/www.berg-freunde.ch\\\/blog\\\/#website\"},\"primaryImageOfPage\":{\"@id\":\"https:\\\/\\\/www.berg-freunde.ch\\\/blog\\\/wie-nachhaltig-ist-outdoor\\\/#primaryimage\"},\"image\":{\"@id\":\"https:\\\/\\\/www.berg-freunde.ch\\\/blog\\\/wie-nachhaltig-ist-outdoor\\\/#primaryimage\"},\"thumbnailUrl\":\"https:\\\/\\\/www.berg-freunde.ch\\\/blog\\\/wp-content\\\/uploads\\\/2020\\\/09\\\/AdobeStock_526131430.jpeg\",\"datePublished\":\"2023-02-17T09:30:00+00:00\",\"dateModified\":\"2023-11-17T13:10:55+00:00\",\"description\":\"Dieser Artikel behandelt aktuelle Entwicklungen von Nachhaltigkeit im Outdoorbereich sowohl bei Unternehmen als auch Konsumenten.\",\"breadcrumb\":{\"@id\":\"https:\\\/\\\/www.berg-freunde.ch\\\/blog\\\/wie-nachhaltig-ist-outdoor\\\/#breadcrumb\"},\"inLanguage\":\"de-CH\",\"potentialAction\":[{\"@type\":\"ReadAction\",\"target\":[\"https:\\\/\\\/www.berg-freunde.ch\\\/blog\\\/wie-nachhaltig-ist-outdoor\\\/\"]}]},{\"@type\":\"ImageObject\",\"inLanguage\":\"de-CH\",\"@id\":\"https:\\\/\\\/www.berg-freunde.ch\\\/blog\\\/wie-nachhaltig-ist-outdoor\\\/#primaryimage\",\"url\":\"https:\\\/\\\/www.berg-freunde.ch\\\/blog\\\/wp-content\\\/uploads\\\/2020\\\/09\\\/AdobeStock_526131430.jpeg\",\"contentUrl\":\"https:\\\/\\\/www.berg-freunde.ch\\\/blog\\\/wp-content\\\/uploads\\\/2020\\\/09\\\/AdobeStock_526131430.jpeg\",\"width\":1440,\"height\":962},{\"@type\":\"BreadcrumbList\",\"@id\":\"https:\\\/\\\/www.berg-freunde.ch\\\/blog\\\/wie-nachhaltig-ist-outdoor\\\/#breadcrumb\",\"itemListElement\":[{\"@type\":\"ListItem\",\"position\":1,\"name\":\"Blog\",\"item\":\"https:\\\/\\\/www.berg-freunde.ch\\\/blog\\\/\"},{\"@type\":\"ListItem\",\"position\":2,\"name\":\"Bergfreunde\",\"item\":\"https:\\\/\\\/www.berg-freunde.ch\\\/blog\\\/category\\\/bergfreunde\\\/\"},{\"@type\":\"ListItem\",\"position\":3,\"name\":\"Menschen &amp; Meinungen\",\"item\":\"https:\\\/\\\/www.berg-freunde.ch\\\/blog\\\/category\\\/bergfreunde\\\/menschen-meinungen\\\/\"},{\"@type\":\"ListItem\",\"position\":4,\"name\":\"Nachhaltigkeit im Outdoorbereich\"}]},{\"@type\":\"WebSite\",\"@id\":\"https:\\\/\\\/www.berg-freunde.ch\\\/blog\\\/#website\",\"url\":\"https:\\\/\\\/www.berg-freunde.ch\\\/blog\\\/\",\"name\":\"Bergfreunde\",\"description\":\"Blog\",\"publisher\":{\"@id\":\"https:\\\/\\\/www.berg-freunde.ch\\\/blog\\\/#organization\"},\"potentialAction\":[{\"@type\":\"SearchAction\",\"target\":{\"@type\":\"EntryPoint\",\"urlTemplate\":\"https:\\\/\\\/www.berg-freunde.ch\\\/blog\\\/?s={search_term_string}\"},\"query-input\":{\"@type\":\"PropertyValueSpecification\",\"valueRequired\":true,\"valueName\":\"search_term_string\"}}],\"inLanguage\":\"de-CH\"},{\"@type\":\"Organization\",\"@id\":\"https:\\\/\\\/www.berg-freunde.ch\\\/blog\\\/#organization\",\"name\":\"Bergfreunde\",\"url\":\"https:\\\/\\\/www.berg-freunde.ch\\\/blog\\\/\",\"logo\":{\"@type\":\"ImageObject\",\"inLanguage\":\"de-CH\",\"@id\":\"https:\\\/\\\/www.berg-freunde.ch\\\/blog\\\/#\\\/schema\\\/logo\\\/image\\\/\",\"url\":\"https:\\\/\\\/www.berg-freunde.ch\\\/blog\\\/wp-content\\\/uploads\\\/2023\\\/12\\\/Bergfreunde_DE_rgb.svg\",\"contentUrl\":\"https:\\\/\\\/www.berg-freunde.ch\\\/blog\\\/wp-content\\\/uploads\\\/2023\\\/12\\\/Bergfreunde_DE_rgb.svg\",\"caption\":\"Bergfreunde\"},\"image\":{\"@id\":\"https:\\\/\\\/www.berg-freunde.ch\\\/blog\\\/#\\\/schema\\\/logo\\\/image\\\/\"},\"sameAs\":[\"https:\\\/\\\/www.facebook.com\\\/bergfreunde\",\"https:\\\/\\\/www.instagram.com\\\/bergfreundede\\\/\"]},{\"@type\":\"Person\",\"@id\":\"https:\\\/\\\/www.berg-freunde.ch\\\/blog\\\/#\\\/schema\\\/person\\\/181e8988639916ec038e9a476f44696e\",\"name\":\"Jakob\",\"url\":\"https:\\\/\\\/www.berg-freunde.ch\\\/blog\\\/about\\\/jakob-schmid\\\/\"}]}<\/script>\n<!-- \/ Yoast SEO Premium plugin. -->","yoast_head_json":{"title":"Nachhaltigkeit im Outdoorbereich | Bergfreunde","description":"Dieser Artikel behandelt aktuelle Entwicklungen von Nachhaltigkeit im Outdoorbereich sowohl bei Unternehmen als auch Konsumenten.","robots":{"index":"index","follow":"follow","max-snippet":"max-snippet:-1","max-image-preview":"max-image-preview:large","max-video-preview":"max-video-preview:-1"},"canonical":"https:\/\/www.berg-freunde.ch\/blog\/wie-nachhaltig-ist-outdoor\/","og_locale":"de_DE","og_type":"article","og_title":"Nachhaltigkeit im Outdoorbereich","og_description":"Dieser Artikel behandelt aktuelle Entwicklungen von Nachhaltigkeit im Outdoorbereich sowohl bei Unternehmen als auch Konsumenten.","og_url":"https:\/\/www.berg-freunde.ch\/blog\/wie-nachhaltig-ist-outdoor\/","og_site_name":"Bergfreunde","article_publisher":"https:\/\/www.facebook.com\/bergfreunde","article_published_time":"2023-02-17T09:30:00+00:00","article_modified_time":"2023-11-17T13:10:55+00:00","og_image":[{"width":1440,"height":962,"url":"https:\/\/www.berg-freunde.ch\/blog\/wp-content\/uploads\/2020\/09\/AdobeStock_526131430.jpeg","type":"image\/jpeg"}],"author":"Jakob","twitter_card":"summary_large_image","twitter_misc":{"Geschrieben von":"Jakob","Gesch\u00e4tzte Lesezeit":"9\u00a0Minuten"},"schema":{"@context":"https:\/\/schema.org","@graph":[{"@type":["Article","BlogPosting"],"@id":"https:\/\/www.berg-freunde.ch\/blog\/wie-nachhaltig-ist-outdoor\/#article","isPartOf":{"@id":"https:\/\/www.berg-freunde.ch\/blog\/wie-nachhaltig-ist-outdoor\/"},"author":{"name":"Jakob","@id":"https:\/\/www.berg-freunde.ch\/blog\/#\/schema\/person\/181e8988639916ec038e9a476f44696e"},"headline":"Nachhaltigkeit im Outdoorbereich","datePublished":"2023-02-17T09:30:00+00:00","dateModified":"2023-11-17T13:10:55+00:00","mainEntityOfPage":{"@id":"https:\/\/www.berg-freunde.ch\/blog\/wie-nachhaltig-ist-outdoor\/"},"wordCount":1746,"commentCount":0,"publisher":{"@id":"https:\/\/www.berg-freunde.ch\/blog\/#organization"},"image":{"@id":"https:\/\/www.berg-freunde.ch\/blog\/wie-nachhaltig-ist-outdoor\/#primaryimage"},"thumbnailUrl":"https:\/\/www.berg-freunde.ch\/blog\/wp-content\/uploads\/2020\/09\/AdobeStock_526131430.jpeg","keywords":["Nachhaltig leben"],"articleSection":["Menschen &amp; Meinungen"],"inLanguage":"de-CH","potentialAction":[{"@type":"CommentAction","name":"Comment","target":["https:\/\/www.berg-freunde.ch\/blog\/wie-nachhaltig-ist-outdoor\/#respond"]}]},{"@type":"WebPage","@id":"https:\/\/www.berg-freunde.ch\/blog\/wie-nachhaltig-ist-outdoor\/","url":"https:\/\/www.berg-freunde.ch\/blog\/wie-nachhaltig-ist-outdoor\/","name":"Nachhaltigkeit im Outdoorbereich | Bergfreunde","isPartOf":{"@id":"https:\/\/www.berg-freunde.ch\/blog\/#website"},"primaryImageOfPage":{"@id":"https:\/\/www.berg-freunde.ch\/blog\/wie-nachhaltig-ist-outdoor\/#primaryimage"},"image":{"@id":"https:\/\/www.berg-freunde.ch\/blog\/wie-nachhaltig-ist-outdoor\/#primaryimage"},"thumbnailUrl":"https:\/\/www.berg-freunde.ch\/blog\/wp-content\/uploads\/2020\/09\/AdobeStock_526131430.jpeg","datePublished":"2023-02-17T09:30:00+00:00","dateModified":"2023-11-17T13:10:55+00:00","description":"Dieser Artikel behandelt aktuelle Entwicklungen von Nachhaltigkeit im Outdoorbereich sowohl bei Unternehmen als auch Konsumenten.","breadcrumb":{"@id":"https:\/\/www.berg-freunde.ch\/blog\/wie-nachhaltig-ist-outdoor\/#breadcrumb"},"inLanguage":"de-CH","potentialAction":[{"@type":"ReadAction","target":["https:\/\/www.berg-freunde.ch\/blog\/wie-nachhaltig-ist-outdoor\/"]}]},{"@type":"ImageObject","inLanguage":"de-CH","@id":"https:\/\/www.berg-freunde.ch\/blog\/wie-nachhaltig-ist-outdoor\/#primaryimage","url":"https:\/\/www.berg-freunde.ch\/blog\/wp-content\/uploads\/2020\/09\/AdobeStock_526131430.jpeg","contentUrl":"https:\/\/www.berg-freunde.ch\/blog\/wp-content\/uploads\/2020\/09\/AdobeStock_526131430.jpeg","width":1440,"height":962},{"@type":"BreadcrumbList","@id":"https:\/\/www.berg-freunde.ch\/blog\/wie-nachhaltig-ist-outdoor\/#breadcrumb","itemListElement":[{"@type":"ListItem","position":1,"name":"Blog","item":"https:\/\/www.berg-freunde.ch\/blog\/"},{"@type":"ListItem","position":2,"name":"Bergfreunde","item":"https:\/\/www.berg-freunde.ch\/blog\/category\/bergfreunde\/"},{"@type":"ListItem","position":3,"name":"Menschen &amp; Meinungen","item":"https:\/\/www.berg-freunde.ch\/blog\/category\/bergfreunde\/menschen-meinungen\/"},{"@type":"ListItem","position":4,"name":"Nachhaltigkeit im Outdoorbereich"}]},{"@type":"WebSite","@id":"https:\/\/www.berg-freunde.ch\/blog\/#website","url":"https:\/\/www.berg-freunde.ch\/blog\/","name":"Bergfreunde","description":"Blog","publisher":{"@id":"https:\/\/www.berg-freunde.ch\/blog\/#organization"},"potentialAction":[{"@type":"SearchAction","target":{"@type":"EntryPoint","urlTemplate":"https:\/\/www.berg-freunde.ch\/blog\/?s={search_term_string}"},"query-input":{"@type":"PropertyValueSpecification","valueRequired":true,"valueName":"search_term_string"}}],"inLanguage":"de-CH"},{"@type":"Organization","@id":"https:\/\/www.berg-freunde.ch\/blog\/#organization","name":"Bergfreunde","url":"https:\/\/www.berg-freunde.ch\/blog\/","logo":{"@type":"ImageObject","inLanguage":"de-CH","@id":"https:\/\/www.berg-freunde.ch\/blog\/#\/schema\/logo\/image\/","url":"https:\/\/www.berg-freunde.ch\/blog\/wp-content\/uploads\/2023\/12\/Bergfreunde_DE_rgb.svg","contentUrl":"https:\/\/www.berg-freunde.ch\/blog\/wp-content\/uploads\/2023\/12\/Bergfreunde_DE_rgb.svg","caption":"Bergfreunde"},"image":{"@id":"https:\/\/www.berg-freunde.ch\/blog\/#\/schema\/logo\/image\/"},"sameAs":["https:\/\/www.facebook.com\/bergfreunde","https:\/\/www.instagram.com\/bergfreundede\/"]},{"@type":"Person","@id":"https:\/\/www.berg-freunde.ch\/blog\/#\/schema\/person\/181e8988639916ec038e9a476f44696e","name":"Jakob","url":"https:\/\/www.berg-freunde.ch\/blog\/about\/jakob-schmid\/"}]}},"_links":{"self":[{"href":"https:\/\/www.berg-freunde.ch\/blog\/wp-json\/wp\/v2\/posts\/67199","targetHints":{"allow":["GET"]}}],"collection":[{"href":"https:\/\/www.berg-freunde.ch\/blog\/wp-json\/wp\/v2\/posts"}],"about":[{"href":"https:\/\/www.berg-freunde.ch\/blog\/wp-json\/wp\/v2\/types\/post"}],"author":[{"embeddable":true,"href":"https:\/\/www.berg-freunde.ch\/blog\/wp-json\/wp\/v2\/users\/73"}],"replies":[{"embeddable":true,"href":"https:\/\/www.berg-freunde.ch\/blog\/wp-json\/wp\/v2\/comments?post=67199"}],"version-history":[{"count":0,"href":"https:\/\/www.berg-freunde.ch\/blog\/wp-json\/wp\/v2\/posts\/67199\/revisions"}],"wp:featuredmedia":[{"embeddable":true,"href":"https:\/\/www.berg-freunde.ch\/blog\/wp-json\/wp\/v2\/media\/74290"}],"wp:attachment":[{"href":"https:\/\/www.berg-freunde.ch\/blog\/wp-json\/wp\/v2\/media?parent=67199"}],"wp:term":[{"taxonomy":"category","embeddable":true,"href":"https:\/\/www.berg-freunde.ch\/blog\/wp-json\/wp\/v2\/categories?post=67199"},{"taxonomy":"post_tag","embeddable":true,"href":"https:\/\/www.berg-freunde.ch\/blog\/wp-json\/wp\/v2\/tags?post=67199"},{"taxonomy":"post_folder","embeddable":true,"href":"https:\/\/www.berg-freunde.ch\/blog\/wp-json\/wp\/v2\/post_folder?post=67199"}],"curies":[{"name":"wp","href":"https:\/\/api.w.org\/{rel}","templated":true}]}}