{"id":67221,"date":"2022-08-12T11:29:00","date_gmt":"2022-08-12T09:29:00","guid":{"rendered":"https:\/\/www.bergfreunde.de\/blog\/hanwag-ferrata-ii-gtx-testbericht\/"},"modified":"2023-06-12T13:27:19","modified_gmt":"2023-06-12T11:27:19","slug":"hanwag-ferrata-ii-gtx-testbericht","status":"publish","type":"post","link":"https:\/\/www.berg-freunde.ch\/blog\/hanwag-ferrata-ii-gtx-testbericht\/","title":{"rendered":"Getestet: Hanwag Ferrata II GTX Bergstiefel"},"content":{"rendered":"\n<p><span style=\"font-weight: 400;\">Der Markt f\u00fcr technische <a href=\"https:\/\/www.berg-freunde.ch\/bergschuhe\/\">Bergstiefel<\/a> ist \u00fcberschwemmt mit Bergen (haha) von unterschiedlichen Modellen \u2013 k\u00f6nnt ihr uns glauben, ist ja schlie\u00dflich unser Job! Wenn man sich auf die langwierige Suche nach einem geeigneten Modell f\u00fcr sich selbst begibt, ist dies vor allem die Suche nach der eigenen Motivation \u2013 wie viel will ich wandern, wie viel klettern? Was, wenn man beides m\u00f6chte, oder besser gesagt, sich einen Weg am felsigen Abgrund entlang bahnen oder einen Klettersteig mit Kabelbr\u00fccken \u00fcberqueren will? Wird man einen Gletscher queren? Auf rutschigen Felsplatten balancieren? Hanwag schickt in dieses Rennen den Ferrata II GTX.<\/span><\/p>\n\n\n\n<h2 class=\"wp-block-heading\" id=\"h-einfuhrung-hanwag-ferrata-ii\"><strong>Einf\u00fchrung &#8211;<\/strong> Hanwag Ferrata II<\/h2>\n\n\n<div class=\"wp-block-image\">\n<figure class=\"alignright size-large is-resized\"><a href=\"https:\/\/www.bergfreunde.de\/blog\/wp-content\/uploads\/2021\/05\/IMG_20200601_210017-1.jpg\"><img decoding=\"async\" src=\"https:\/\/www.bergfreunde.de\/blog\/wp-content\/uploads\/2021\/05\/IMG_20200601_210017-1.jpg\" alt=\"Der rote Flitzer mit sch\u00fctzendem Oberschuh\" width=\"250\"\/><\/a><figcaption class=\"wp-element-caption\">Der rote Flitzer mit sch\u00fctzendem Oberschuh.<\/figcaption><\/figure>\n<\/div>\n\n\n<p><span style=\"font-weight: 400;\">Der aktualisierte Ferrata ist Hanwags neuester Beitrag im gro\u00dfen Markt der traditionellen Bergstiefel. Normalerweise bekannt f\u00fcr ihre klare Formen und klassischen Schnitte, f\u00fchlt sich die Welt des immer schnelleren und leichteren Alpinimus meilenweit entfernt an von Stiefeln wie z.B. dem<\/span> <a href=\"https:\/\/www.bergfreunde.de\/hanwag-tatra-top-gtx-wanderschuhe\/\"><span style=\"font-weight: 400;\">Tatra Top GTX <\/span><\/a><span style=\"font-weight: 400;\">mit seinem Voll-Leder-Schaft, dem steifen Kn\u00f6chelbereich und dem traditionellen Leder-Design.<\/span><\/p>\n\n\n\n<p><span style=\"font-weight: 400;\">Der Ferrata kommt einem demgegen\u00fcber vor wie der Hecht im Karpfenteich. Beste traditionelle Werte werden hier mit neuen Technologien zu einem roten Flitzer kombiniert. Klassisches Leder wird ohne Saum mit synthetischem Material zusammengef\u00fcgt, wodurch ein sch\u00fctzender Oberschuh entsteht, ohne dass man auf Atmungsaktivit\u00e4t verzichten muss. Der obere Schaft wird mit dem Rest des Schuhs durch eine Mikrofaserbr\u00fccke verbunden, was es ihm erlaubt, sich um den Kn\u00f6chel zu biegen. Das resultiert in einzigartigem Halt und bester Kontrolle auf rutschigem Untergrund und in schwierigem Gel\u00e4nde. Die Zehenbox ist gro\u00dffl\u00e4chig von Gummi gesch\u00fctzt, sodass hier und da auch ein Riss oder sogar eine leichte Einstiegsroute geklettert werden kann,&nbsp;<\/span><span style=\"font-weight: 400;\">ohne dass der Schuh danach in Fetzen h\u00e4ngt.<\/span><\/p>\n\n\n\n<h2 class=\"wp-block-heading\" id=\"h-technisches\"><strong>Technisches<\/strong><\/h2>\n\n\n\n<p><span style=\"font-weight: 400;\">Die Liste der in diesem Stiefel verbauten Features macht definitiv Lust auf mehr. Der Stiefel hat eine C-Wertung und ist, durch die Lippe an der Ferse, bedingt Steigeisenfest. Die Sohle kommt mit tiefen, weit auseinanderliegenden Stollen, um guten Grip auf losen Steinen zu gew\u00e4hrleisten. Durch den vorderen, flachen Bereich k\u00f6nnen aber auch einige Klettermeter gemacht werden. Die Schn\u00fcrung ist in zwei \u201eZonen\u201c aufgeteilt. Sobald man am Fu\u00df die richtige Festigkeit erreicht hat, klippt man die Senkel einfach ein, und kann somit in Ruhe fertig Schn\u00fcren, ohne, dass einem der untere Bereich wieder davon rutscht. Mit 1440g pro Paar (in Gr\u00f6\u00dfe 42), positioniert sich der Stiefel klar f\u00fcr Sommertouren \u2013 im Winter wird es dann doch zu frisch um die Zehen.<\/span><\/p>\n\n\n\n<h2 class=\"wp-block-heading\" id=\"h-der-test-ort-fur-die-hanwag-ferrata-ii-bergstiefel\"><strong>Der Test-Ort<\/strong> f\u00fcr die Hanwag Ferrata II Bergstiefel<\/h2>\n\n\n<div class=\"wp-block-image\">\n<figure class=\"alignright size-large is-resized\"><a href=\"https:\/\/www.bergfreunde.de\/blog\/wp-content\/uploads\/2021\/05\/IMG_20200608_125425-1.jpg\"><img decoding=\"async\" src=\"https:\/\/www.bergfreunde.de\/blog\/wp-content\/uploads\/2021\/05\/IMG_20200608_125425-1.jpg\" alt=\"Steinw\u00e4nde in Sardinien\" width=\"350\"\/><\/a><figcaption class=\"wp-element-caption\">Die (Stein)-W\u00e4nde in Sardinien sind teilweise 500m hoch.<\/figcaption><\/figure>\n<\/div>\n\n\n<p><span style=\"font-weight: 400;\">Ah, die Alpen\u2026 schroffes Gel\u00e4nde, riesige Steinmassive, herrliche Routen, die das Auge des&nbsp;<\/span>Betrachters in die Ferne\u2026 ah, Mist! Nachdem die Berge uns mit zu viel Wasser (von oben) den Aufenthalt vermiesen wollten, haben wir es den Zugv\u00f6geln gleichgetan und uns mal die herrlichen Mehrseill\u00e4ngen in mediterran gem\u00e4\u00dfigteren Gebieten angeschaut. Im Umkehrschluss hei\u00dft das leider auch, dass wir bisher nicht dazu kamen, die Stiefel im schneegek\u00fcssten Gel\u00e4nde mit <a href=\"https:\/\/www.berg-freunde.ch\/steigeisen\/\">Steigeisen<\/a> zu testen, weshalb sich diese Bewertung mehr auf die Wander- und Kletterf\u00e4higkeiten bezieht.<\/p>\n\n\n\n<p><span style=\"font-weight: 400;\">Zuerst aber eine allgemeine Ansage \u00fcber Sardinien: Mann, muss man da laufen! Obwohl wir eigentlich zum Klettern dort waren, brachten wir es in den zwei Wochen Aufenthalt auf \u00fcber 30 Stunden Wandern, um zu den Routen und wieder nach Hause zu kommen. Das perfekte Testgel\u00e4nde f\u00fcr den Ferrata II war die legend\u00e4re Gorropu-Schlucht mit ihren technischen Boulderfeldern, \u00fcber -und manchmal auch unter- die man Kraxeln muss, um zum Einstieg der verborgenen, 500m hohen W\u00e4nde zu kommen.<\/span><\/p>\n\n\n\n<h2 class=\"wp-block-heading\" id=\"h-beeindruckendes-zu-den-bergstiefeln-hanwag-ferrata-ii\"><strong>B<\/strong>eeindruckendes zu den Bergstiefeln Hanwag Ferrata II<\/h2>\n\n\n\n<p><b>Kletterf\u00e4higkeit:<\/b><span style=\"font-weight: 400;\"> Als gro\u00dfes Plus &#8211; im Gegensatz zu vielen Konkurrenten \u2013 kann der Ferrate mit einer gro\u00dfen, seitw\u00e4rts weiter gef\u00fchrten Kletterfl\u00e4che an der Spitze aufwarten. Das klingt vielleicht erstmal nicht nach viel, aber die Fu\u00dfspitze auf einem kleinen Tritt drehen zu k\u00f6nnen, ohne sofort abzurutschen macht den Unterschied bei einfachen Klettereien aus. <\/span><\/p>\n\n\n<div class=\"wp-block-image\">\n<figure class=\"alignright size-large is-resized\"><a href=\"https:\/\/www.bergfreunde.de\/blog\/wp-content\/uploads\/2021\/05\/IMG-20200601-WA0001-1.jpg\"><img decoding=\"async\" src=\"https:\/\/www.bergfreunde.de\/blog\/wp-content\/uploads\/2021\/05\/IMG-20200601-WA0001-1.jpg\" alt=\"Der Ferrata punktet vor allem durch hohen Tragekomfort\" width=\"250\"\/><\/a><figcaption class=\"wp-element-caption\">Der Ferrata punktet vor allem durch hohen Tragekomfort.<\/figcaption><\/figure>\n<\/div>\n\n\n<p><span style=\"font-weight: 400;\">Der beste Stiefel ist der, den man f\u00fcr einige Seill\u00e4ngen anbehalten kann, bevor man in die technischeren (aber weniger bequemen) <a href=\"https:\/\/www.berg-freunde.ch\/kletterschuhe\/\">Kletterschuhe<\/a> schl\u00fcpft. \u00dcberraschend f\u00fcr so einen steifen Stiefel ist auch, dass der Ferrata guten Grip auf stark abgerundeten Fl\u00e4chen beh\u00e4lt. Das ist etwas, was wir nach Herzenslust an den glatt geschliffenen Steinen am Bachbett testen durften.<\/span><\/p>\n\n\n\n<p><b>H\u00f6chster Komfort: <\/b><span style=\"font-weight: 400;\">Diese Stiefel wanderten aus dem Karton, auf den Trail und blickten nie zur\u00fcck. W\u00e4hrend man doch erwartet, dass jetzt erst einmal der lange Prozess des Einlaufens beginnt, zeigten sich die Ferratas vom ersten Tag an von ihrer gem\u00fctlichsten Seite. Obwohl die Steifheit der Bergstiefel nicht fehlt, waren sie auch noch nach kilometerlangen Wegen mit einem schweren <a href=\"https:\/\/www.berg-freunde.ch\/kletterrucksaecke\/\">Kletterrucksack<\/a> sehr bequem.<\/span><\/p>\n\n\n\n<p><b>Haltbarkeit:<\/b><span style=\"font-weight: 400;\"> Auf diesem Gebiet haben sich die Entwickler wirklich etwas gedacht, um dem Stiefel eine lange Lebensdauer zu erm\u00f6glichen. Die wenigen N\u00e4hte auf dem Oberschuh bieten so wenig Angriffsfl\u00e4che wie m\u00f6glich, und die Gummibereiche an der Spitze und den Seiten sch\u00fctzt das Material vor gar zu spitzen Steinen.<\/span><\/p>\n\n\n\n<h2 class=\"wp-block-heading\" id=\"h-wo-es-hakelt\"><strong>W<\/strong>o es hakelt<\/h2>\n\n\n\n<p><b>Nicht schwer, aber auch kein Leichtgewicht<\/b><span style=\"font-weight: 400;\">: Auch wenn man sich alle M\u00fche gegeben hat, das Gewicht des Schuhs f\u00fcr seine Klasse so leicht wie m\u00f6glich zu machen, hat der Ferrata II immer noch eine Schokotafel zu viel auf den Rippen.<\/span><\/p>\n\n\n\n<p><span style=\"font-weight: 400;\"> Im Direktvergleich mit den n\u00e4chstliegenden Konkurrenten, wie z.B. dem federleichten <a href=\"https:\/\/www.berg-freunde.ch\/marken\/scarpa\/\">Scarpa<\/a> Ribelle Tech (1240g) erscheint der Ferrata doch eher wie ein kleiner Brummer, vor allem wenn man bedenkt, dass er f\u00fcr gr\u00f6\u00dfere F\u00fc\u00dfe auch mehr Gewicht mitbringt.<\/span><\/p>\n\n\n\n<p><b>Packma\u00df<\/b><span style=\"font-weight: 400;\">: Seien wir ehrlich: An einem bestimmten Punkt werdet ihr den Stiefel in einen Rucksack packen wollen; sp\u00e4testens dann, wenn die <a href=\"https:\/\/www.berg-freunde.ch\/schwierigkeitsgrade-klettern-rechner\/\">Klettergrade<\/a> in die H\u00f6he wandern. Genau dann seid ihr an dem Punkt angekommen, wo euch das Packma\u00df vermutlich \u00e4rgern wird. <\/span><\/p>\n\n\n\n<p><span style=\"font-weight: 400;\">Der faltbare Schaft erlaubt zwar etwas mehr Spielraum als ein normaler Stiefel, ist aber keine Konkurrenz zu einen luftig leichten <a href=\"https:\/\/www.berg-freunde.ch\/approachschuhe\/\">Zustiegsschuh<\/a> \u2013 diese k\u00f6nnen inzwischen, flexiblen Steigeisen wie dem Petzl Leopard sei Dank, auch als Konkurrenz an Routen mit kurzen Schneequerungen angesehen werden.<\/span><\/p>\n\n\n\n<h2 class=\"wp-block-heading\" id=\"h-taugen-die-hanwag-ferrata-ii\"><strong>T<\/strong>augen die Hanwag Ferrata II?<\/h2>\n\n\n\n<p><span style=\"font-weight: 400;\">Abgesehen von den kleinen, m\u00e4keligen Punkten des h\u00f6heren Gewichts und des kniffeliges Packma\u00dfes tut der Hanwag Ferrata II GTX genau das, was er soll. Reinschl\u00fcpfen und ewig lange Zustiege bezwingen, technische Kraxeleien, einfaches Felsklettern \u2013 alles m\u00f6glich. Steigeisen an und der Gletscher geh\u00f6rt euch, auf geht\u2019s \u00fcber die Schneefelder, durch die B\u00e4che und sogar (vermuten wir)\u00a0 mit den Vorderzacken \u00fcber kleinere Eish\u00fcgel. Wenn ihr einen (ziemlich) leichten Stiefel sucht, den man am Berg ohne R\u00fccksicht auf Verluste einsetzen kann, dann sollte der Hanwag Ferrata II auf jeden Fall auf der Liste stehen.<\/span><\/p>\n","protected":false},"excerpt":{"rendered":"<p>Der Markt f\u00fcr technische Bergstiefel ist \u00fcberschwemmt mit Bergen (haha) von unterschiedlichen Modellen \u2013 k\u00f6nnt ihr uns glauben, ist ja schlie\u00dflich unser Job! Wenn man sich auf die langwierige Suche nach einem geeigneten Modell f\u00fcr sich selbst begibt, ist dies vor allem die Suche nach der eigenen Motivation \u2013 wie viel will ich wandern, wie [&hellip;]<\/p>\n","protected":false},"author":26,"featured_media":78439,"comment_status":"open","ping_status":"closed","sticky":false,"template":"","format":"standard","meta":{"_acf_changed":false,"footnotes":""},"categories":[313],"tags":[269,276],"post_folder":[],"class_list":["post-67221","post","type-post","status-publish","format-standard","has-post-thumbnail","hentry","category-testberichte","tag-bergsteigen","tag-wandern-trekking"],"acf":[],"yoast_head":"<!-- This site is optimized with the Yoast SEO Premium plugin v27.4 (Yoast SEO v27.4) - https:\/\/yoast.com\/product\/yoast-seo-premium-wordpress\/ -->\n<title>Getestet: Hanwag Ferrata II GTX Bergstiefel | Bergfreunde<\/title>\n<meta name=\"description\" content=\"Ein Test der Bergstiefel Hanwag Ferrata II GTX findet ihr auf dem Blog der Bergfreunde inkl. Vor- und Nachteile sowie Einsatzbereiche.\" \/>\n<meta name=\"robots\" content=\"index, follow, max-snippet:-1, max-image-preview:large, max-video-preview:-1\" \/>\n<link rel=\"canonical\" href=\"https:\/\/www.berg-freunde.ch\/blog\/hanwag-ferrata-ii-gtx-testbericht\/\" \/>\n<meta property=\"og:locale\" content=\"de_DE\" \/>\n<meta property=\"og:type\" content=\"article\" \/>\n<meta property=\"og:title\" content=\"Getestet: Hanwag Ferrata II GTX Bergstiefel\" \/>\n<meta property=\"og:description\" content=\"Ein Test der Bergstiefel Hanwag Ferrata II GTX findet ihr auf dem Blog der Bergfreunde inkl. Vor- und Nachteile sowie Einsatzbereiche.\" \/>\n<meta property=\"og:url\" content=\"https:\/\/www.berg-freunde.ch\/blog\/hanwag-ferrata-ii-gtx-testbericht\/\" \/>\n<meta property=\"og:site_name\" content=\"Bergfreunde\" \/>\n<meta property=\"article:publisher\" content=\"https:\/\/www.facebook.com\/bergfreunde\" \/>\n<meta property=\"article:published_time\" content=\"2022-08-12T09:29:00+00:00\" \/>\n<meta property=\"article:modified_time\" content=\"2023-06-12T11:27:19+00:00\" \/>\n<meta property=\"og:image\" content=\"https:\/\/www.berg-freunde.ch\/blog\/wp-content\/uploads\/2020\/08\/mountain-gc2bd95c3b_1920.jpg\" \/>\n\t<meta property=\"og:image:width\" content=\"1440\" \/>\n\t<meta property=\"og:image:height\" content=\"947\" \/>\n\t<meta property=\"og:image:type\" content=\"image\/jpeg\" \/>\n<meta name=\"author\" content=\"Gastautor\" \/>\n<meta name=\"twitter:card\" content=\"summary_large_image\" \/>\n<meta name=\"twitter:label1\" content=\"Geschrieben von\" \/>\n\t<meta name=\"twitter:data1\" content=\"Gastautor\" \/>\n\t<meta name=\"twitter:label2\" content=\"Gesch\u00e4tzte Lesezeit\" \/>\n\t<meta name=\"twitter:data2\" content=\"6\u00a0Minuten\" \/>\n<script type=\"application\/ld+json\" class=\"yoast-schema-graph\">{\"@context\":\"https:\\\/\\\/schema.org\",\"@graph\":[{\"@type\":[\"Article\",\"BlogPosting\"],\"@id\":\"https:\\\/\\\/www.berg-freunde.ch\\\/blog\\\/hanwag-ferrata-ii-gtx-testbericht\\\/#article\",\"isPartOf\":{\"@id\":\"https:\\\/\\\/www.berg-freunde.ch\\\/blog\\\/hanwag-ferrata-ii-gtx-testbericht\\\/\"},\"author\":{\"name\":\"Gastautor\",\"@id\":\"https:\\\/\\\/www.berg-freunde.ch\\\/blog\\\/#\\\/schema\\\/person\\\/6ac3327294ce276d7318b1f9c408382e\"},\"headline\":\"Getestet: Hanwag Ferrata II GTX Bergstiefel\",\"datePublished\":\"2022-08-12T09:29:00+00:00\",\"dateModified\":\"2023-06-12T11:27:19+00:00\",\"mainEntityOfPage\":{\"@id\":\"https:\\\/\\\/www.berg-freunde.ch\\\/blog\\\/hanwag-ferrata-ii-gtx-testbericht\\\/\"},\"wordCount\":1152,\"commentCount\":0,\"publisher\":{\"@id\":\"https:\\\/\\\/www.berg-freunde.ch\\\/blog\\\/#organization\"},\"image\":{\"@id\":\"https:\\\/\\\/www.berg-freunde.ch\\\/blog\\\/hanwag-ferrata-ii-gtx-testbericht\\\/#primaryimage\"},\"thumbnailUrl\":\"https:\\\/\\\/www.berg-freunde.ch\\\/blog\\\/wp-content\\\/uploads\\\/2020\\\/08\\\/mountain-gc2bd95c3b_1920.jpg\",\"keywords\":[\"Bergsteigen &amp; Hochtouren\",\"Wandern &amp; Trekking\"],\"articleSection\":[\"Testberichte\"],\"inLanguage\":\"de-CH\",\"potentialAction\":[{\"@type\":\"CommentAction\",\"name\":\"Comment\",\"target\":[\"https:\\\/\\\/www.berg-freunde.ch\\\/blog\\\/hanwag-ferrata-ii-gtx-testbericht\\\/#respond\"]}]},{\"@type\":\"WebPage\",\"@id\":\"https:\\\/\\\/www.berg-freunde.ch\\\/blog\\\/hanwag-ferrata-ii-gtx-testbericht\\\/\",\"url\":\"https:\\\/\\\/www.berg-freunde.ch\\\/blog\\\/hanwag-ferrata-ii-gtx-testbericht\\\/\",\"name\":\"Getestet: Hanwag Ferrata II GTX Bergstiefel | Bergfreunde\",\"isPartOf\":{\"@id\":\"https:\\\/\\\/www.berg-freunde.ch\\\/blog\\\/#website\"},\"primaryImageOfPage\":{\"@id\":\"https:\\\/\\\/www.berg-freunde.ch\\\/blog\\\/hanwag-ferrata-ii-gtx-testbericht\\\/#primaryimage\"},\"image\":{\"@id\":\"https:\\\/\\\/www.berg-freunde.ch\\\/blog\\\/hanwag-ferrata-ii-gtx-testbericht\\\/#primaryimage\"},\"thumbnailUrl\":\"https:\\\/\\\/www.berg-freunde.ch\\\/blog\\\/wp-content\\\/uploads\\\/2020\\\/08\\\/mountain-gc2bd95c3b_1920.jpg\",\"datePublished\":\"2022-08-12T09:29:00+00:00\",\"dateModified\":\"2023-06-12T11:27:19+00:00\",\"description\":\"Ein Test der Bergstiefel Hanwag Ferrata II GTX findet ihr auf dem Blog der Bergfreunde inkl. Vor- und Nachteile sowie Einsatzbereiche.\",\"breadcrumb\":{\"@id\":\"https:\\\/\\\/www.berg-freunde.ch\\\/blog\\\/hanwag-ferrata-ii-gtx-testbericht\\\/#breadcrumb\"},\"inLanguage\":\"de-CH\",\"potentialAction\":[{\"@type\":\"ReadAction\",\"target\":[\"https:\\\/\\\/www.berg-freunde.ch\\\/blog\\\/hanwag-ferrata-ii-gtx-testbericht\\\/\"]}]},{\"@type\":\"ImageObject\",\"inLanguage\":\"de-CH\",\"@id\":\"https:\\\/\\\/www.berg-freunde.ch\\\/blog\\\/hanwag-ferrata-ii-gtx-testbericht\\\/#primaryimage\",\"url\":\"https:\\\/\\\/www.berg-freunde.ch\\\/blog\\\/wp-content\\\/uploads\\\/2020\\\/08\\\/mountain-gc2bd95c3b_1920.jpg\",\"contentUrl\":\"https:\\\/\\\/www.berg-freunde.ch\\\/blog\\\/wp-content\\\/uploads\\\/2020\\\/08\\\/mountain-gc2bd95c3b_1920.jpg\",\"width\":1440,\"height\":947},{\"@type\":\"BreadcrumbList\",\"@id\":\"https:\\\/\\\/www.berg-freunde.ch\\\/blog\\\/hanwag-ferrata-ii-gtx-testbericht\\\/#breadcrumb\",\"itemListElement\":[{\"@type\":\"ListItem\",\"position\":1,\"name\":\"Blog\",\"item\":\"https:\\\/\\\/www.berg-freunde.ch\\\/blog\\\/\"},{\"@type\":\"ListItem\",\"position\":2,\"name\":\"Beratung\",\"item\":\"https:\\\/\\\/www.berg-freunde.ch\\\/blog\\\/category\\\/beratung\\\/\"},{\"@type\":\"ListItem\",\"position\":3,\"name\":\"Testberichte\",\"item\":\"https:\\\/\\\/www.berg-freunde.ch\\\/blog\\\/category\\\/beratung\\\/testberichte\\\/\"},{\"@type\":\"ListItem\",\"position\":4,\"name\":\"Getestet: Hanwag Ferrata II GTX Bergstiefel\"}]},{\"@type\":\"WebSite\",\"@id\":\"https:\\\/\\\/www.berg-freunde.ch\\\/blog\\\/#website\",\"url\":\"https:\\\/\\\/www.berg-freunde.ch\\\/blog\\\/\",\"name\":\"Bergfreunde\",\"description\":\"Blog\",\"publisher\":{\"@id\":\"https:\\\/\\\/www.berg-freunde.ch\\\/blog\\\/#organization\"},\"potentialAction\":[{\"@type\":\"SearchAction\",\"target\":{\"@type\":\"EntryPoint\",\"urlTemplate\":\"https:\\\/\\\/www.berg-freunde.ch\\\/blog\\\/?s={search_term_string}\"},\"query-input\":{\"@type\":\"PropertyValueSpecification\",\"valueRequired\":true,\"valueName\":\"search_term_string\"}}],\"inLanguage\":\"de-CH\"},{\"@type\":\"Organization\",\"@id\":\"https:\\\/\\\/www.berg-freunde.ch\\\/blog\\\/#organization\",\"name\":\"Bergfreunde\",\"url\":\"https:\\\/\\\/www.berg-freunde.ch\\\/blog\\\/\",\"logo\":{\"@type\":\"ImageObject\",\"inLanguage\":\"de-CH\",\"@id\":\"https:\\\/\\\/www.berg-freunde.ch\\\/blog\\\/#\\\/schema\\\/logo\\\/image\\\/\",\"url\":\"https:\\\/\\\/www.berg-freunde.ch\\\/blog\\\/wp-content\\\/uploads\\\/2023\\\/12\\\/Bergfreunde_DE_rgb.svg\",\"contentUrl\":\"https:\\\/\\\/www.berg-freunde.ch\\\/blog\\\/wp-content\\\/uploads\\\/2023\\\/12\\\/Bergfreunde_DE_rgb.svg\",\"caption\":\"Bergfreunde\"},\"image\":{\"@id\":\"https:\\\/\\\/www.berg-freunde.ch\\\/blog\\\/#\\\/schema\\\/logo\\\/image\\\/\"},\"sameAs\":[\"https:\\\/\\\/www.facebook.com\\\/bergfreunde\",\"https:\\\/\\\/www.instagram.com\\\/bergfreundede\\\/\"]},{\"@type\":\"Person\",\"@id\":\"https:\\\/\\\/www.berg-freunde.ch\\\/blog\\\/#\\\/schema\\\/person\\\/6ac3327294ce276d7318b1f9c408382e\",\"name\":\"Gastautor\",\"url\":\"https:\\\/\\\/www.berg-freunde.ch\\\/blog\\\/about\\\/gastautor\\\/\"}]}<\/script>\n<!-- \/ Yoast SEO Premium plugin. -->","yoast_head_json":{"title":"Getestet: Hanwag Ferrata II GTX Bergstiefel | Bergfreunde","description":"Ein Test der Bergstiefel Hanwag Ferrata II GTX findet ihr auf dem Blog der Bergfreunde inkl. Vor- und Nachteile sowie Einsatzbereiche.","robots":{"index":"index","follow":"follow","max-snippet":"max-snippet:-1","max-image-preview":"max-image-preview:large","max-video-preview":"max-video-preview:-1"},"canonical":"https:\/\/www.berg-freunde.ch\/blog\/hanwag-ferrata-ii-gtx-testbericht\/","og_locale":"de_DE","og_type":"article","og_title":"Getestet: Hanwag Ferrata II GTX Bergstiefel","og_description":"Ein Test der Bergstiefel Hanwag Ferrata II GTX findet ihr auf dem Blog der Bergfreunde inkl. Vor- und Nachteile sowie Einsatzbereiche.","og_url":"https:\/\/www.berg-freunde.ch\/blog\/hanwag-ferrata-ii-gtx-testbericht\/","og_site_name":"Bergfreunde","article_publisher":"https:\/\/www.facebook.com\/bergfreunde","article_published_time":"2022-08-12T09:29:00+00:00","article_modified_time":"2023-06-12T11:27:19+00:00","og_image":[{"width":1440,"height":947,"url":"https:\/\/www.berg-freunde.ch\/blog\/wp-content\/uploads\/2020\/08\/mountain-gc2bd95c3b_1920.jpg","type":"image\/jpeg"}],"author":"Gastautor","twitter_card":"summary_large_image","twitter_misc":{"Geschrieben von":"Gastautor","Gesch\u00e4tzte Lesezeit":"6\u00a0Minuten"},"schema":{"@context":"https:\/\/schema.org","@graph":[{"@type":["Article","BlogPosting"],"@id":"https:\/\/www.berg-freunde.ch\/blog\/hanwag-ferrata-ii-gtx-testbericht\/#article","isPartOf":{"@id":"https:\/\/www.berg-freunde.ch\/blog\/hanwag-ferrata-ii-gtx-testbericht\/"},"author":{"name":"Gastautor","@id":"https:\/\/www.berg-freunde.ch\/blog\/#\/schema\/person\/6ac3327294ce276d7318b1f9c408382e"},"headline":"Getestet: Hanwag Ferrata II GTX Bergstiefel","datePublished":"2022-08-12T09:29:00+00:00","dateModified":"2023-06-12T11:27:19+00:00","mainEntityOfPage":{"@id":"https:\/\/www.berg-freunde.ch\/blog\/hanwag-ferrata-ii-gtx-testbericht\/"},"wordCount":1152,"commentCount":0,"publisher":{"@id":"https:\/\/www.berg-freunde.ch\/blog\/#organization"},"image":{"@id":"https:\/\/www.berg-freunde.ch\/blog\/hanwag-ferrata-ii-gtx-testbericht\/#primaryimage"},"thumbnailUrl":"https:\/\/www.berg-freunde.ch\/blog\/wp-content\/uploads\/2020\/08\/mountain-gc2bd95c3b_1920.jpg","keywords":["Bergsteigen &amp; Hochtouren","Wandern &amp; Trekking"],"articleSection":["Testberichte"],"inLanguage":"de-CH","potentialAction":[{"@type":"CommentAction","name":"Comment","target":["https:\/\/www.berg-freunde.ch\/blog\/hanwag-ferrata-ii-gtx-testbericht\/#respond"]}]},{"@type":"WebPage","@id":"https:\/\/www.berg-freunde.ch\/blog\/hanwag-ferrata-ii-gtx-testbericht\/","url":"https:\/\/www.berg-freunde.ch\/blog\/hanwag-ferrata-ii-gtx-testbericht\/","name":"Getestet: Hanwag Ferrata II GTX Bergstiefel | Bergfreunde","isPartOf":{"@id":"https:\/\/www.berg-freunde.ch\/blog\/#website"},"primaryImageOfPage":{"@id":"https:\/\/www.berg-freunde.ch\/blog\/hanwag-ferrata-ii-gtx-testbericht\/#primaryimage"},"image":{"@id":"https:\/\/www.berg-freunde.ch\/blog\/hanwag-ferrata-ii-gtx-testbericht\/#primaryimage"},"thumbnailUrl":"https:\/\/www.berg-freunde.ch\/blog\/wp-content\/uploads\/2020\/08\/mountain-gc2bd95c3b_1920.jpg","datePublished":"2022-08-12T09:29:00+00:00","dateModified":"2023-06-12T11:27:19+00:00","description":"Ein Test der Bergstiefel Hanwag Ferrata II GTX findet ihr auf dem Blog der Bergfreunde inkl. Vor- und Nachteile sowie Einsatzbereiche.","breadcrumb":{"@id":"https:\/\/www.berg-freunde.ch\/blog\/hanwag-ferrata-ii-gtx-testbericht\/#breadcrumb"},"inLanguage":"de-CH","potentialAction":[{"@type":"ReadAction","target":["https:\/\/www.berg-freunde.ch\/blog\/hanwag-ferrata-ii-gtx-testbericht\/"]}]},{"@type":"ImageObject","inLanguage":"de-CH","@id":"https:\/\/www.berg-freunde.ch\/blog\/hanwag-ferrata-ii-gtx-testbericht\/#primaryimage","url":"https:\/\/www.berg-freunde.ch\/blog\/wp-content\/uploads\/2020\/08\/mountain-gc2bd95c3b_1920.jpg","contentUrl":"https:\/\/www.berg-freunde.ch\/blog\/wp-content\/uploads\/2020\/08\/mountain-gc2bd95c3b_1920.jpg","width":1440,"height":947},{"@type":"BreadcrumbList","@id":"https:\/\/www.berg-freunde.ch\/blog\/hanwag-ferrata-ii-gtx-testbericht\/#breadcrumb","itemListElement":[{"@type":"ListItem","position":1,"name":"Blog","item":"https:\/\/www.berg-freunde.ch\/blog\/"},{"@type":"ListItem","position":2,"name":"Beratung","item":"https:\/\/www.berg-freunde.ch\/blog\/category\/beratung\/"},{"@type":"ListItem","position":3,"name":"Testberichte","item":"https:\/\/www.berg-freunde.ch\/blog\/category\/beratung\/testberichte\/"},{"@type":"ListItem","position":4,"name":"Getestet: Hanwag Ferrata II GTX Bergstiefel"}]},{"@type":"WebSite","@id":"https:\/\/www.berg-freunde.ch\/blog\/#website","url":"https:\/\/www.berg-freunde.ch\/blog\/","name":"Bergfreunde","description":"Blog","publisher":{"@id":"https:\/\/www.berg-freunde.ch\/blog\/#organization"},"potentialAction":[{"@type":"SearchAction","target":{"@type":"EntryPoint","urlTemplate":"https:\/\/www.berg-freunde.ch\/blog\/?s={search_term_string}"},"query-input":{"@type":"PropertyValueSpecification","valueRequired":true,"valueName":"search_term_string"}}],"inLanguage":"de-CH"},{"@type":"Organization","@id":"https:\/\/www.berg-freunde.ch\/blog\/#organization","name":"Bergfreunde","url":"https:\/\/www.berg-freunde.ch\/blog\/","logo":{"@type":"ImageObject","inLanguage":"de-CH","@id":"https:\/\/www.berg-freunde.ch\/blog\/#\/schema\/logo\/image\/","url":"https:\/\/www.berg-freunde.ch\/blog\/wp-content\/uploads\/2023\/12\/Bergfreunde_DE_rgb.svg","contentUrl":"https:\/\/www.berg-freunde.ch\/blog\/wp-content\/uploads\/2023\/12\/Bergfreunde_DE_rgb.svg","caption":"Bergfreunde"},"image":{"@id":"https:\/\/www.berg-freunde.ch\/blog\/#\/schema\/logo\/image\/"},"sameAs":["https:\/\/www.facebook.com\/bergfreunde","https:\/\/www.instagram.com\/bergfreundede\/"]},{"@type":"Person","@id":"https:\/\/www.berg-freunde.ch\/blog\/#\/schema\/person\/6ac3327294ce276d7318b1f9c408382e","name":"Gastautor","url":"https:\/\/www.berg-freunde.ch\/blog\/about\/gastautor\/"}]}},"_links":{"self":[{"href":"https:\/\/www.berg-freunde.ch\/blog\/wp-json\/wp\/v2\/posts\/67221","targetHints":{"allow":["GET"]}}],"collection":[{"href":"https:\/\/www.berg-freunde.ch\/blog\/wp-json\/wp\/v2\/posts"}],"about":[{"href":"https:\/\/www.berg-freunde.ch\/blog\/wp-json\/wp\/v2\/types\/post"}],"author":[{"embeddable":true,"href":"https:\/\/www.berg-freunde.ch\/blog\/wp-json\/wp\/v2\/users\/26"}],"replies":[{"embeddable":true,"href":"https:\/\/www.berg-freunde.ch\/blog\/wp-json\/wp\/v2\/comments?post=67221"}],"version-history":[{"count":0,"href":"https:\/\/www.berg-freunde.ch\/blog\/wp-json\/wp\/v2\/posts\/67221\/revisions"}],"wp:featuredmedia":[{"embeddable":true,"href":"https:\/\/www.berg-freunde.ch\/blog\/wp-json\/wp\/v2\/media\/78439"}],"wp:attachment":[{"href":"https:\/\/www.berg-freunde.ch\/blog\/wp-json\/wp\/v2\/media?parent=67221"}],"wp:term":[{"taxonomy":"category","embeddable":true,"href":"https:\/\/www.berg-freunde.ch\/blog\/wp-json\/wp\/v2\/categories?post=67221"},{"taxonomy":"post_tag","embeddable":true,"href":"https:\/\/www.berg-freunde.ch\/blog\/wp-json\/wp\/v2\/tags?post=67221"},{"taxonomy":"post_folder","embeddable":true,"href":"https:\/\/www.berg-freunde.ch\/blog\/wp-json\/wp\/v2\/post_folder?post=67221"}],"curies":[{"name":"wp","href":"https:\/\/api.w.org\/{rel}","templated":true}]}}