{"id":67360,"date":"2020-04-27T14:52:05","date_gmt":"2020-04-27T12:52:05","guid":{"rendered":"https:\/\/www.bergfreunde.de\/blog\/fit-fuer-den-berg\/"},"modified":"2023-07-26T14:23:04","modified_gmt":"2023-07-26T12:23:04","slug":"fit-fuer-den-berg","status":"publish","type":"post","link":"https:\/\/www.berg-freunde.ch\/blog\/fit-fuer-den-berg\/","title":{"rendered":"Fit f\u00fcr den Berg in Coronazeiten \u2013 Trainingstipps f\u00fcr Bergsteiger und Wanderer"},"content":{"rendered":"\n<p>Sollen wir wirklich an Berg- und Wandertraining denken, w\u00e4hrend die vielleicht gr\u00f6\u00dfte globale Krise seit dem zweiten Weltkrieg anrollt? Ja, unbedingt! Warum? Weil die Fitness in erschwerter Lage und unter erschwerten Lebensbedingungen nur umso wertvoller ist. Trainingstipps f\u00fcr die Fitness verbessern die Handlungs- und Reaktionsf\u00e4higkeit nicht nur am Berg, sondern auch im Alltagsleben.<\/p>\n\n\n\n<p>Und ganz nebenbei reduziert sie auch m\u00f6gliche \u00c4ngste, die man umgekehrt durch passive Zerstreuung oder Informationsoverkill am Rechner nur verst\u00e4rken w\u00fcrde. Kurz und gut, die Zeit f\u00fcr alpines Home-Training d\u00fcrfte auch in diesen Zeiten gut investiert sein.<\/p>\n\n\n\n<p>Wie kann man sich also in der eigenen Wohnung f\u00fcr das Wandern und Bergsteigen fit machen \u2013 ohne sich allzu sehr den Kopf dar\u00fcber zu zerbrechen, wann es wieder \u201eerlaubt\u201c und m\u00f6glich sein wird?<\/p>\n\n\n\n<h2 class=\"wp-block-heading\" id=\"h-stadtneurotiker-oder-landei-spielt-das-noch-eine-rolle\">Stadtneurotiker oder Landei: spielt das noch eine Rolle?<\/h2>\n\n\n<div class=\"wp-block-image\">\n<figure class=\"alignright size-large is-resized\"><a href=\"https:\/\/www.bergfreunde.de\/blog\/wp-content\/uploads\/2021\/05\/E4B316A1-66A7-49A6-AE38-A6E66961845C-1.jpg\"><img fetchpriority=\"high\" decoding=\"async\" src=\"https:\/\/www.bergfreunde.de\/blog\/wp-content\/uploads\/2021\/05\/E4B316A1-66A7-49A6-AE38-A6E66961845C-1.jpg\" alt=\"\" width=\"350\" height=\"466\"\/><\/a><figcaption class=\"wp-element-caption\">Bergfreund J\u00f6rn zeigt, dass es auch Alternativen zum teuren Laufband gibt.<\/figcaption><\/figure>\n<\/div>\n\n\n<p>Bislang haben Bergfreunde auf dem Land und wom\u00f6glich noch mit \u201eBerganschluss\u201c eine deutlich h\u00f6here \u201eCorona-Lebensqualit\u00e4t\u201c als die Stadtbewohner. W\u00e4hrend in den St\u00e4dten seit Ende M\u00e4rz selbst der Spaziergang im Park schon heikel wird, kann man sich auf dem Land, sofern allein unterwegs, noch nahezu unbeschr\u00e4nkt drau\u00dfen bewegen.<\/p>\n\n\n\n<p>Auch \u201eechtes\u201c Lauf- und Radtraining ist dort noch m\u00f6glich. Doch demn\u00e4chst k\u00f6nnten wir alle im selben Boot, sprich den eigenen vier W\u00e4nden sitzen. Dann gilt f\u00fcr alle, dass Radeln nur noch auf dem <strong>Hometrainer<\/strong> oder der <strong>Fahrradrolle<\/strong> stattfindet und Rennen nur noch auf dem <strong>Laufband<\/strong>, dem <strong>Stepper<\/strong> oder \u2013 mit Armeinsatz \u2013 dem <strong>Crosstrainer<\/strong>.<\/p>\n\n\n\n<p>Doch diese Ger\u00e4te schlagen nicht nur mit mehreren hundert Euro zu Buche, sondern mittlerweile ist bei Onlineh\u00e4ndlern wie Amazon auch mit Lieferverz\u00f6gerungen zu rechnen. Und in der Studentenbude oder Sozialwohnung wird man au\u00dferdem bemerken, dass die Teile Platz brauchen. Da stellt sich gleich mehrfach die Frage, ob sich das \u201eextra wegen Corona\u201c lohnt &#8230;<\/p>\n\n\n\n<p>Deshalb stellen wir hier vor allem Trainingsm\u00f6glichkeiten mit geringem oder gar keinem Aufwand an Hilfsmitteln und Ger\u00e4tschaften vor. Und bringen gleich mal den Vorschlag an, dass man einen <strong>Stepper<\/strong> auch durch eine <strong>gut fixierte und stabile (Getr\u00e4nke)Kiste<\/strong> improvisieren kann. Oder gar mehreren Kisten in verschiedener H\u00f6he um verschiedene Stufen und Steilheiten nachzuahmen&#8230;<\/p>\n\n\n\n<h2 class=\"wp-block-heading\" id=\"h-ausdauer-und-allgemeine-grundfitness\">Ausdauer und allgemeine Grundfitness<\/h2>\n\n\n\n<p>Egal, was wir in der Natur, den Bergen oder am Fels machen: ohne Ausdauer und Grundfitness wird es wenig Freude bringen. Die <strong>eben genannten Ger\u00e4tschaften<\/strong> sind trotz ihrer kleinen Nachteile gut geeignet, um das Drau\u00dfensein nachzuahmen. Und dass dieses Nachahmen mit ein paar Berg- und Outdoorvideos auf den vorhandenen Screens etwas gepimpt werden kann, hat sich als Tipp ja mittlerweile herumgesprochen \u2026<\/p>\n\n\n\n<p>Wie man das <strong>Laufen, Steigen und Radfahren<\/strong> auf diesen Ger\u00e4ten <strong>simuliert<\/strong>, d\u00fcrfte allgemein bekannt sein. Es gibt jedoch unz\u00e4hlige Arten, Intensit\u00e4ten und Zeitintervalle, mit denen man das Training daran variieren kann. Diese Kriterien sollten an den pers\u00f6nlichen Voraussetzungen wie beispielsweise dem Fitnesszustand orientiert sein.<\/p>\n\n\n\n<p>Deshalb machen Anleitungen \u00e0 la \u201e5 Wiederholungen in 3 S\u00e4tzen mit Intensit\u00e4t x\u201c nur Sinn, wenn man Anhaltspunkte wie \u201ebis zur Erm\u00fcdung\u201c an die Hand bekommt. Wie beispielsweise in folgender, vom Bergf\u00fchrer und Panorama-Redakteur Andreas Dick vorgeschlagener<a href=\"https:\/\/www.alpenverein.de\/bergsport\/aktiv-sein\/berge-zuhause\/daheim-fit-bleiben_aid_34807.html\"> \u00dcbung an der \u201eStepper-Kiste\u201c<\/a>:<\/p>\n\n\n<div class=\"wp-block-image\">\n<figure class=\"alignright size-large is-resized\"><a href=\"https:\/\/www.bergfreunde.de\/blog\/wp-content\/uploads\/2021\/05\/exercise-equipment-skipping-rope-gym-sport-45056-1-1.jpg\"><img decoding=\"async\" src=\"https:\/\/www.bergfreunde.de\/blog\/wp-content\/uploads\/2021\/05\/exercise-equipment-skipping-rope-gym-sport-45056-1-1.jpg\" alt=\"Kletterseil zum Springseil umfunktioniert\" width=\"350\" height=\"263\"\/><\/a><figcaption class=\"wp-element-caption\">Aus einem <a href=\"https:\/\/www.berg-freunde.ch\/kletterseile\/\">Kletterseil<\/a> bekommt man auch ein Springseil improvisiert.<\/figcaption><\/figure>\n<\/div>\n\n\n<p><em>\u201eFu\u00df draufstellen, Gewicht dr\u00fcber verlagern, m\u00f6glichst ohne Abdruck des anderen Beins und<\/em><em>&nbsp;m\u00f6glichst langsam aufrichten und genauso langsam wieder zur\u00fcck. Wiederholen bis zur Erm\u00fcdung, dann das Bein wechseln, das ganze drei Mal.\u201c<\/em><\/p>\n\n\n\n<p>Doch was, wenn keines dieser Ger\u00e4te am Start ist und man auch nicht irgendwelche Kisten fixieren kann? Dann muss es eben noch einfacher gehen. Mit einem <strong>Springseil<\/strong> zum Beispiel. Das bekommt man immer aus Material improvisiert, das Bergfreunde zuhause haben m\u00fcssen ;-)<\/p>\n\n\n\n<p>Soweit kann man dann schon einiges an Abwechslung hereinbringen. Dass es aber auch noch einfacher geht und man nur ein paar Quadratmeter Boden braucht, beweist diese <strong>Anleitung<\/strong> von <a href=\"http:\/\/fitzuhause.de\">fitzuhause.de<\/a>. Die guten alten <strong>Hampelm\u00e4nner<\/strong> aus dem Turnunterricht sind hier ebenso dabei wie richtig schwei\u00dftreibende und mittlerweile cool Englisch benannte<strong> Burpees<\/strong> und <strong>Squat Jumps<\/strong>. Auch der Bergsteiger ist eine supereffektive \u00dcbung f\u00fcrs \u2013 richtig \u2013 Bergsteigen.<\/p>\n\n\n\n<h2 class=\"wp-block-heading\" id=\"h-beweglichkeit-koordination-und-mobilisation\">Beweglichkeit, Koordination und Mobilisation<\/h2>\n\n\n\n<p>Diese Fitnessaspekte werden bei Wanderern und L\u00e4ufern gern vernachl\u00e4ssigt, ich bekenne mich da auch selbst schuldig. Dabei ist <strong>Beweglichkeitstraining<\/strong> auf Dauer unverzichtbar f\u00fcr gute Leistungsf\u00e4higkeit und Gesundheit. Je h\u00f6her der technische Anspruch der Sportart, desto wichtiger wird es.<\/p>\n\n\n\n<p>Dehn\u00fcbungen f\u00fcr die Muskeln sind allseits bekannt und wenig beliebt. Im Fachmagazin Berg &amp; Steigen findet sich ein zwar alter aber nach wie vor hochinformativer Artikel dazu. Dort gibt es zwar keine konkreten \u00dcbungen, doch die Autoren erkl\u00e4ren, wie die beim Bergsport stark beanspruchten K\u00f6rpersegmente und Muskelgruppen (Wirbels\u00e4ule\/R\u00fcckenmuskeln, Schultern, H\u00fcftbeuger, Oberschenkel und Waden) aufgebaut sind und funktionieren.<\/p>\n\n\n\n<p>Dabei wird der wichtige Unterschied zwischen <strong>tonischen<\/strong> und <strong>phasischen<\/strong> Muskeln erkl\u00e4rt. Mit diesen Informationen wei\u00df man, wo dehnen\/strecken gefragt ist, und wo Kontraktion, also \u201cziehen\u201c. Abschlie\u00dfend gibt es wichtige Hinweise f\u00fcr richtig ausgef\u00fchrte Dehn\u00fcbungen.<br>Wer dann noch konkrete \u00dcbungsvorschl\u00e4ge sucht, wird unter anderem beim eben schon erw\u00e4hnten <a href=\"https:\/\/www.alpenverein.de\/bergsport\/aktiv-sein\/berge-zuhause\/daheim-fit-bleiben_aid_34807.html\">DAV-Artikel von Andi Dick&nbsp;<\/a>f\u00fcndig.<\/p>\n\n\n\n<p>Auch eine geschulte <strong>Koordination<\/strong> wird umso wichtiger, je anspruchsvoller die Bergsportdisziplin ist. Auf einem Wanderweg sind die Bewegungen einfach, doch im Schrofengel\u00e4nde oder auf Ger\u00f6ll braucht man Kontrolle \u00fcber das Zusammenspiel der Bewegungen. Auch dazu finden sich im DAV-Artikel einige (haupts\u00e4chlich dem Yoga entnommene) \u00dcbungen.<\/p>\n\n\n\n<p>H\u00e4ufig ist in diesem Zusammenhang von <strong>Mobilisation<\/strong> die Rede, doch meist wird der Begriff nicht n\u00e4her erkl\u00e4rt. Salopp gesagt bringt Mobilisation Gef\u00fchl und Leben in den Teil des K\u00f6rpers, der die gew\u00fcnschten Bewegungen ausf\u00fchren soll. Haupts\u00e4chlich ist das Beweglichmachen von Gelenken gemeint. Die Gelenke und K\u00f6rperregionen werden durch Mobilisations\u00fcbungen gezielt durchblutet und besser ans bewusste K\u00f6rpergef\u00fchl \u201eangebunden\u201c. Dadurch werden Verletzungen vermieden. Man sp\u00fcrt besser, wo M\u00f6glichkeiten und Grenzen liegen, und \u00fcberschreitet sie nicht durch ungeschickte und unkontrollierte Reflexbewegungen.<\/p>\n\n\n\n<h2 class=\"wp-block-heading\" id=\"h-tipps-furs-wandertraining\">Tipps f\u00fcrs \u201eWandertraining\u201c<\/h2>\n\n\n<div class=\"wp-block-image\">\n<figure class=\"alignright size-large is-resized\"><a href=\"https:\/\/www.bergfreunde.de\/blog\/wp-content\/uploads\/2021\/05\/Key-Visual-Damen-Herren-2-1-1.jpg\"><img decoding=\"async\" src=\"https:\/\/www.bergfreunde.de\/blog\/wp-content\/uploads\/2021\/05\/Key-Visual-Damen-Herren-2-1-1.jpg\" alt=\"Zwei Personen wandern\" width=\"351\" height=\"264\"\/><\/a><figcaption class=\"wp-element-caption\">Wer sich f\u00fcr das Wandern fit halten m\u00f6chte, setzt am besten auf kreislauforientiertes Konditionstraining.<\/figcaption><\/figure>\n<\/div>\n\n\n<p>Wer sich \u201enur\u201c f\u00fcrs Wandern fitmachen will, wird mit kreislaufbetontem Konditionstraining und aerober Belastung (bei der nur&nbsp;<span style=\"font-size: 16px;\">Sauerstoff f\u00fcr die \u201eEnergieverbrennung\u201c ben\u00f6tigt wird) gut bedient sein. <\/span><\/p>\n\n\n\n<p>Kraft\u00fcbungen und \u201eanaerobe Belastungen\u201c (bei denen die in den Muskeln gespeicherte Energie \u201everbrannt\u201c wird) schaden aber nicht, um Dysbalancen vorzubeugen.&nbsp;Diese muskul\u00e4ren Ungleichgewichte f\u00fchren nicht nur zu ineffizienten Bewegungen und schlechteren motorischen F\u00e4higkeiten, sondern auf Dauer auch zu Fehlhaltungen und Schmerzen.<\/p>\n\n\n\n<p>Bei Wanderern und Ausdauersportlern sieht man wegen der Verk\u00fcrzung der (stark beanspruchten) H\u00fcftbeugemuskulatur bei gleichzeitiger Schw\u00e4che der (zu wenig beanspruchten) Ges\u00e4\u00df- und R\u00fcckenmuskulatur h\u00e4ufig ein ausgepr\u00e4gtes Hohlkreuz.<\/p>\n\n\n\n<h2 class=\"wp-block-heading\" id=\"h-tipps-furs-bergsteigertraining\">Tipps f\u00fcrs \u201eBergsteigertraining\u201c<\/h2>\n\n\n\n<p>Beim Bergsteigen ist deutlich mehr Kraft notwendig, da wegloses, steiles und raues Gel\u00e4nde zu \u00fcberwinden ist, oft durch Kletterei. Der Rucksack ist teils deutlich schwerer. Neben Bein- und Armkraft ist deshalb vor allem auch Kraft im Rumpf bzw. <strong>K\u00f6rperkern<\/strong> gefragt. Der<strong> Rumpf<\/strong>, zu dem auch Schultern und Nacken, Brust und Bauch z\u00e4hlen, wird durch \u201e<strong>Coretraining<\/strong>\u201c aktiviert.<\/p>\n\n\n\n<p>Der eben erw\u00e4hnte \u201eBergsteiger\u201c ist ein Beispiel f\u00fcr eine gute Core-\u00dcbung. Der Vorteil vieler Core-\u00dcbungen ist, dass sie, abgesehen von einer Matte oder einem Teppich als Unterlage keinerlei Hilfsmittel und Ger\u00e4tschaften ben\u00f6tigen. Man findet viele \u00dcbungsanleitungen unter Stichworten wie \u201eBodyweight Training\u201c, \u201eFit ohne Ger\u00e4te\u201c oder \u201eTraining mit dem K\u00f6rpergewicht\u201c.<\/p>\n\n\n\n<p>Generell kann und \u201edarf\u201c man zwar intensiv trainieren, doch exzessive <strong>Belastungen<\/strong> sollte man vielleicht eher meiden als \u201eohne Corona\u201c. Infektionen, f\u00fcr die der K\u00f6rper in der ersten Regenerationsphase nach starken Belastungen kurzzeitig anf\u00e4lliger ist, sollte man noch konsequenter vermeiden als sonst. Sportliches Training h\u00e4lt zwar bekanntlich fit und damit auch widerstandsf\u00e4hig gegen Krankheit, doch \u00dcbertraining macht den K\u00f6rper eher anf\u00e4lliger. Oder in den Worten von Andreas Dick: \u201eAlso h\u00f6rt auf die Signale aus Eurem Inneren! Und tut was geht \u2013 nicht mehr, auch nicht zwingend weniger.\u201c<\/p>\n\n\n\n<h2 class=\"wp-block-heading\" id=\"h-last-but-not-least-mentaltraining\">Last but not least: \u201eMentaltraining\u201c<\/h2>\n\n\n\n<p>Es gibt im Moment viele offene Fragen: wie lange dauert der Ausnahmezustand jetzt wirklich noch? Was macht die Politik daraus? Was passiert noch alles mit der Wirtschaft? Wer wei\u00df, ob Bergtouren und die anderen besonderen Annehmlichkeiten so bald wiederkommen? \u201eLohnt es sich\u201c da \u00fcberhaupt, jetzt Zeit und Energie in Bergsporttraining zu investieren, wo ich mich vielleicht doch um viel existenziellere Dinge k\u00fcmmern m\u00fcsste?<\/p>\n\n\n\n<p>Ganz ehrlich? Ich wei\u00df es auch nicht und es wei\u00df vermutlich auch sonst niemand. Doch allzu intensives Zweifeln und Gr\u00fcbeln lohnt ganz sicher genauso wenig wie sonst auch. Denn genau wie jetzt wissen wir auch sonst nicht wirklich, was n\u00e4chsten Monat oder n\u00e4chstes Jahr sein wird. Und trotzdem lassen wir uns Kraft und Zuversicht nicht unn\u00f6tig tr\u00fcben. Es gilt also, auch mental zu trainieren und an der optimistisch-sportlichen Grundeinstellung zu feilen.<\/p>\n","protected":false},"excerpt":{"rendered":"<p>Sollen wir wirklich an Berg- und Wandertraining denken, w\u00e4hrend die vielleicht gr\u00f6\u00dfte globale Krise seit dem zweiten Weltkrieg anrollt? Ja, unbedingt! Warum? Weil die Fitness in erschwerter Lage und unter erschwerten Lebensbedingungen nur umso wertvoller ist. Trainingstipps f\u00fcr die Fitness verbessern die Handlungs- und Reaktionsf\u00e4higkeit nicht nur am Berg, sondern auch im Alltagsleben. Und ganz [&hellip;]<\/p>\n","protected":false},"author":17,"featured_media":67362,"comment_status":"open","ping_status":"closed","sticky":false,"template":"","format":"standard","meta":{"_acf_changed":false,"footnotes":""},"categories":[316],"tags":[269,273,276],"post_folder":[],"class_list":["post-67360","post","type-post","status-publish","format-standard","has-post-thumbnail","hentry","category-know-how","tag-bergsteigen","tag-klettern-bouldern","tag-wandern-trekking"],"acf":[],"yoast_head":"<!-- This site is optimized with the Yoast SEO Premium plugin v27.4 (Yoast SEO v27.4) - https:\/\/yoast.com\/product\/yoast-seo-premium-wordpress\/ -->\n<title>Fit f\u00fcr den Berg in Coronazeiten \u2013 Trainingstipps f\u00fcr Bergsteiger und Wanderer | Bergfreunde<\/title>\n<meta name=\"description\" content=\"Sollen wir wirklich an Berg- und Wandertraining denken, w\u00e4hrend die vielleicht gr\u00f6\u00dfte globale Krise seit dem zweiten Weltkrieg anrollt? Ja, unbedingt!\" \/>\n<meta name=\"robots\" content=\"index, follow, max-snippet:-1, max-image-preview:large, max-video-preview:-1\" \/>\n<link rel=\"canonical\" href=\"https:\/\/www.berg-freunde.ch\/blog\/fit-fuer-den-berg\/\" \/>\n<meta property=\"og:locale\" content=\"de_DE\" \/>\n<meta property=\"og:type\" content=\"article\" \/>\n<meta property=\"og:title\" content=\"Fit f\u00fcr den Berg in Coronazeiten \u2013 Trainingstipps f\u00fcr Bergsteiger und Wanderer\" \/>\n<meta property=\"og:description\" content=\"Sollen wir wirklich an Berg- und Wandertraining denken, w\u00e4hrend die vielleicht gr\u00f6\u00dfte globale Krise seit dem zweiten Weltkrieg anrollt? Ja, unbedingt!\" \/>\n<meta property=\"og:url\" content=\"https:\/\/www.berg-freunde.ch\/blog\/fit-fuer-den-berg\/\" \/>\n<meta property=\"og:site_name\" content=\"Bergfreunde\" \/>\n<meta property=\"article:publisher\" content=\"https:\/\/www.facebook.com\/bergfreunde\" \/>\n<meta property=\"article:published_time\" content=\"2020-04-27T12:52:05+00:00\" \/>\n<meta property=\"article:modified_time\" content=\"2023-07-26T12:23:04+00:00\" \/>\n<meta property=\"og:image\" content=\"https:\/\/www.berg-freunde.ch\/blog\/wp-content\/uploads\/2021\/05\/woman-in-black-tank-top-and-black-leggings-doing-yoga-3823063-1-1.jpg\" \/>\n\t<meta property=\"og:image:width\" content=\"1440\" \/>\n\t<meta property=\"og:image:height\" content=\"400\" \/>\n\t<meta property=\"og:image:type\" content=\"image\/jpeg\" \/>\n<meta name=\"author\" content=\"Stephan\" \/>\n<meta name=\"twitter:card\" content=\"summary_large_image\" \/>\n<meta name=\"twitter:label1\" content=\"Geschrieben von\" \/>\n\t<meta name=\"twitter:data1\" content=\"Stephan\" \/>\n\t<meta name=\"twitter:label2\" content=\"Gesch\u00e4tzte Lesezeit\" \/>\n\t<meta name=\"twitter:data2\" content=\"7\u00a0Minuten\" \/>\n<script type=\"application\/ld+json\" class=\"yoast-schema-graph\">{\"@context\":\"https:\\\/\\\/schema.org\",\"@graph\":[{\"@type\":[\"Article\",\"BlogPosting\"],\"@id\":\"https:\\\/\\\/www.berg-freunde.ch\\\/blog\\\/fit-fuer-den-berg\\\/#article\",\"isPartOf\":{\"@id\":\"https:\\\/\\\/www.berg-freunde.ch\\\/blog\\\/fit-fuer-den-berg\\\/\"},\"author\":{\"name\":\"Stephan\",\"@id\":\"https:\\\/\\\/www.berg-freunde.ch\\\/blog\\\/#\\\/schema\\\/person\\\/d9f59624107e7052598aef91acd26c6f\"},\"headline\":\"Fit f\u00fcr den Berg in Coronazeiten \u2013 Trainingstipps f\u00fcr Bergsteiger und Wanderer\",\"datePublished\":\"2020-04-27T12:52:05+00:00\",\"dateModified\":\"2023-07-26T12:23:04+00:00\",\"mainEntityOfPage\":{\"@id\":\"https:\\\/\\\/www.berg-freunde.ch\\\/blog\\\/fit-fuer-den-berg\\\/\"},\"wordCount\":1512,\"commentCount\":0,\"publisher\":{\"@id\":\"https:\\\/\\\/www.berg-freunde.ch\\\/blog\\\/#organization\"},\"image\":{\"@id\":\"https:\\\/\\\/www.berg-freunde.ch\\\/blog\\\/fit-fuer-den-berg\\\/#primaryimage\"},\"thumbnailUrl\":\"https:\\\/\\\/www.berg-freunde.ch\\\/blog\\\/wp-content\\\/uploads\\\/2021\\\/05\\\/woman-in-black-tank-top-and-black-leggings-doing-yoga-3823063-1-1.jpg\",\"keywords\":[\"Bergsteigen &amp; Hochtouren\",\"Klettern &amp; Bouldern\",\"Wandern &amp; Trekking\"],\"articleSection\":[\"Know-How\"],\"inLanguage\":\"de-CH\",\"potentialAction\":[{\"@type\":\"CommentAction\",\"name\":\"Comment\",\"target\":[\"https:\\\/\\\/www.berg-freunde.ch\\\/blog\\\/fit-fuer-den-berg\\\/#respond\"]}]},{\"@type\":\"WebPage\",\"@id\":\"https:\\\/\\\/www.berg-freunde.ch\\\/blog\\\/fit-fuer-den-berg\\\/\",\"url\":\"https:\\\/\\\/www.berg-freunde.ch\\\/blog\\\/fit-fuer-den-berg\\\/\",\"name\":\"Fit f\u00fcr den Berg in Coronazeiten \u2013 Trainingstipps f\u00fcr Bergsteiger und Wanderer | Bergfreunde\",\"isPartOf\":{\"@id\":\"https:\\\/\\\/www.berg-freunde.ch\\\/blog\\\/#website\"},\"primaryImageOfPage\":{\"@id\":\"https:\\\/\\\/www.berg-freunde.ch\\\/blog\\\/fit-fuer-den-berg\\\/#primaryimage\"},\"image\":{\"@id\":\"https:\\\/\\\/www.berg-freunde.ch\\\/blog\\\/fit-fuer-den-berg\\\/#primaryimage\"},\"thumbnailUrl\":\"https:\\\/\\\/www.berg-freunde.ch\\\/blog\\\/wp-content\\\/uploads\\\/2021\\\/05\\\/woman-in-black-tank-top-and-black-leggings-doing-yoga-3823063-1-1.jpg\",\"datePublished\":\"2020-04-27T12:52:05+00:00\",\"dateModified\":\"2023-07-26T12:23:04+00:00\",\"description\":\"Sollen wir wirklich an Berg- und Wandertraining denken, w\u00e4hrend die vielleicht gr\u00f6\u00dfte globale Krise seit dem zweiten Weltkrieg anrollt? Ja, unbedingt!\",\"breadcrumb\":{\"@id\":\"https:\\\/\\\/www.berg-freunde.ch\\\/blog\\\/fit-fuer-den-berg\\\/#breadcrumb\"},\"inLanguage\":\"de-CH\",\"potentialAction\":[{\"@type\":\"ReadAction\",\"target\":[\"https:\\\/\\\/www.berg-freunde.ch\\\/blog\\\/fit-fuer-den-berg\\\/\"]}]},{\"@type\":\"ImageObject\",\"inLanguage\":\"de-CH\",\"@id\":\"https:\\\/\\\/www.berg-freunde.ch\\\/blog\\\/fit-fuer-den-berg\\\/#primaryimage\",\"url\":\"https:\\\/\\\/www.berg-freunde.ch\\\/blog\\\/wp-content\\\/uploads\\\/2021\\\/05\\\/woman-in-black-tank-top-and-black-leggings-doing-yoga-3823063-1-1.jpg\",\"contentUrl\":\"https:\\\/\\\/www.berg-freunde.ch\\\/blog\\\/wp-content\\\/uploads\\\/2021\\\/05\\\/woman-in-black-tank-top-and-black-leggings-doing-yoga-3823063-1-1.jpg\",\"width\":1440,\"height\":400},{\"@type\":\"BreadcrumbList\",\"@id\":\"https:\\\/\\\/www.berg-freunde.ch\\\/blog\\\/fit-fuer-den-berg\\\/#breadcrumb\",\"itemListElement\":[{\"@type\":\"ListItem\",\"position\":1,\"name\":\"Blog\",\"item\":\"https:\\\/\\\/www.berg-freunde.ch\\\/blog\\\/\"},{\"@type\":\"ListItem\",\"position\":2,\"name\":\"Know-How\",\"item\":\"https:\\\/\\\/www.berg-freunde.ch\\\/blog\\\/category\\\/know-how\\\/\"},{\"@type\":\"ListItem\",\"position\":3,\"name\":\"Fit f\u00fcr den Berg in Coronazeiten \u2013 Trainingstipps f\u00fcr Bergsteiger und Wanderer\"}]},{\"@type\":\"WebSite\",\"@id\":\"https:\\\/\\\/www.berg-freunde.ch\\\/blog\\\/#website\",\"url\":\"https:\\\/\\\/www.berg-freunde.ch\\\/blog\\\/\",\"name\":\"Bergfreunde\",\"description\":\"Blog\",\"publisher\":{\"@id\":\"https:\\\/\\\/www.berg-freunde.ch\\\/blog\\\/#organization\"},\"potentialAction\":[{\"@type\":\"SearchAction\",\"target\":{\"@type\":\"EntryPoint\",\"urlTemplate\":\"https:\\\/\\\/www.berg-freunde.ch\\\/blog\\\/?s={search_term_string}\"},\"query-input\":{\"@type\":\"PropertyValueSpecification\",\"valueRequired\":true,\"valueName\":\"search_term_string\"}}],\"inLanguage\":\"de-CH\"},{\"@type\":\"Organization\",\"@id\":\"https:\\\/\\\/www.berg-freunde.ch\\\/blog\\\/#organization\",\"name\":\"Bergfreunde\",\"url\":\"https:\\\/\\\/www.berg-freunde.ch\\\/blog\\\/\",\"logo\":{\"@type\":\"ImageObject\",\"inLanguage\":\"de-CH\",\"@id\":\"https:\\\/\\\/www.berg-freunde.ch\\\/blog\\\/#\\\/schema\\\/logo\\\/image\\\/\",\"url\":\"https:\\\/\\\/www.berg-freunde.ch\\\/blog\\\/wp-content\\\/uploads\\\/2023\\\/12\\\/Bergfreunde_DE_rgb.svg\",\"contentUrl\":\"https:\\\/\\\/www.berg-freunde.ch\\\/blog\\\/wp-content\\\/uploads\\\/2023\\\/12\\\/Bergfreunde_DE_rgb.svg\",\"caption\":\"Bergfreunde\"},\"image\":{\"@id\":\"https:\\\/\\\/www.berg-freunde.ch\\\/blog\\\/#\\\/schema\\\/logo\\\/image\\\/\"},\"sameAs\":[\"https:\\\/\\\/www.facebook.com\\\/bergfreunde\",\"https:\\\/\\\/www.instagram.com\\\/bergfreundede\\\/\"]},{\"@type\":\"Person\",\"@id\":\"https:\\\/\\\/www.berg-freunde.ch\\\/blog\\\/#\\\/schema\\\/person\\\/d9f59624107e7052598aef91acd26c6f\",\"name\":\"Stephan\",\"url\":\"https:\\\/\\\/www.berg-freunde.ch\\\/blog\\\/about\\\/stephan-bernau\\\/\"}]}<\/script>\n<!-- \/ Yoast SEO Premium plugin. -->","yoast_head_json":{"title":"Fit f\u00fcr den Berg in Coronazeiten \u2013 Trainingstipps f\u00fcr Bergsteiger und Wanderer | Bergfreunde","description":"Sollen wir wirklich an Berg- und Wandertraining denken, w\u00e4hrend die vielleicht gr\u00f6\u00dfte globale Krise seit dem zweiten Weltkrieg anrollt? Ja, unbedingt!","robots":{"index":"index","follow":"follow","max-snippet":"max-snippet:-1","max-image-preview":"max-image-preview:large","max-video-preview":"max-video-preview:-1"},"canonical":"https:\/\/www.berg-freunde.ch\/blog\/fit-fuer-den-berg\/","og_locale":"de_DE","og_type":"article","og_title":"Fit f\u00fcr den Berg in Coronazeiten \u2013 Trainingstipps f\u00fcr Bergsteiger und Wanderer","og_description":"Sollen wir wirklich an Berg- und Wandertraining denken, w\u00e4hrend die vielleicht gr\u00f6\u00dfte globale Krise seit dem zweiten Weltkrieg anrollt? Ja, unbedingt!","og_url":"https:\/\/www.berg-freunde.ch\/blog\/fit-fuer-den-berg\/","og_site_name":"Bergfreunde","article_publisher":"https:\/\/www.facebook.com\/bergfreunde","article_published_time":"2020-04-27T12:52:05+00:00","article_modified_time":"2023-07-26T12:23:04+00:00","og_image":[{"width":1440,"height":400,"url":"https:\/\/www.berg-freunde.ch\/blog\/wp-content\/uploads\/2021\/05\/woman-in-black-tank-top-and-black-leggings-doing-yoga-3823063-1-1.jpg","type":"image\/jpeg"}],"author":"Stephan","twitter_card":"summary_large_image","twitter_misc":{"Geschrieben von":"Stephan","Gesch\u00e4tzte Lesezeit":"7\u00a0Minuten"},"schema":{"@context":"https:\/\/schema.org","@graph":[{"@type":["Article","BlogPosting"],"@id":"https:\/\/www.berg-freunde.ch\/blog\/fit-fuer-den-berg\/#article","isPartOf":{"@id":"https:\/\/www.berg-freunde.ch\/blog\/fit-fuer-den-berg\/"},"author":{"name":"Stephan","@id":"https:\/\/www.berg-freunde.ch\/blog\/#\/schema\/person\/d9f59624107e7052598aef91acd26c6f"},"headline":"Fit f\u00fcr den Berg in Coronazeiten \u2013 Trainingstipps f\u00fcr Bergsteiger und Wanderer","datePublished":"2020-04-27T12:52:05+00:00","dateModified":"2023-07-26T12:23:04+00:00","mainEntityOfPage":{"@id":"https:\/\/www.berg-freunde.ch\/blog\/fit-fuer-den-berg\/"},"wordCount":1512,"commentCount":0,"publisher":{"@id":"https:\/\/www.berg-freunde.ch\/blog\/#organization"},"image":{"@id":"https:\/\/www.berg-freunde.ch\/blog\/fit-fuer-den-berg\/#primaryimage"},"thumbnailUrl":"https:\/\/www.berg-freunde.ch\/blog\/wp-content\/uploads\/2021\/05\/woman-in-black-tank-top-and-black-leggings-doing-yoga-3823063-1-1.jpg","keywords":["Bergsteigen &amp; Hochtouren","Klettern &amp; Bouldern","Wandern &amp; Trekking"],"articleSection":["Know-How"],"inLanguage":"de-CH","potentialAction":[{"@type":"CommentAction","name":"Comment","target":["https:\/\/www.berg-freunde.ch\/blog\/fit-fuer-den-berg\/#respond"]}]},{"@type":"WebPage","@id":"https:\/\/www.berg-freunde.ch\/blog\/fit-fuer-den-berg\/","url":"https:\/\/www.berg-freunde.ch\/blog\/fit-fuer-den-berg\/","name":"Fit f\u00fcr den Berg in Coronazeiten \u2013 Trainingstipps f\u00fcr Bergsteiger und Wanderer | Bergfreunde","isPartOf":{"@id":"https:\/\/www.berg-freunde.ch\/blog\/#website"},"primaryImageOfPage":{"@id":"https:\/\/www.berg-freunde.ch\/blog\/fit-fuer-den-berg\/#primaryimage"},"image":{"@id":"https:\/\/www.berg-freunde.ch\/blog\/fit-fuer-den-berg\/#primaryimage"},"thumbnailUrl":"https:\/\/www.berg-freunde.ch\/blog\/wp-content\/uploads\/2021\/05\/woman-in-black-tank-top-and-black-leggings-doing-yoga-3823063-1-1.jpg","datePublished":"2020-04-27T12:52:05+00:00","dateModified":"2023-07-26T12:23:04+00:00","description":"Sollen wir wirklich an Berg- und Wandertraining denken, w\u00e4hrend die vielleicht gr\u00f6\u00dfte globale Krise seit dem zweiten Weltkrieg anrollt? Ja, unbedingt!","breadcrumb":{"@id":"https:\/\/www.berg-freunde.ch\/blog\/fit-fuer-den-berg\/#breadcrumb"},"inLanguage":"de-CH","potentialAction":[{"@type":"ReadAction","target":["https:\/\/www.berg-freunde.ch\/blog\/fit-fuer-den-berg\/"]}]},{"@type":"ImageObject","inLanguage":"de-CH","@id":"https:\/\/www.berg-freunde.ch\/blog\/fit-fuer-den-berg\/#primaryimage","url":"https:\/\/www.berg-freunde.ch\/blog\/wp-content\/uploads\/2021\/05\/woman-in-black-tank-top-and-black-leggings-doing-yoga-3823063-1-1.jpg","contentUrl":"https:\/\/www.berg-freunde.ch\/blog\/wp-content\/uploads\/2021\/05\/woman-in-black-tank-top-and-black-leggings-doing-yoga-3823063-1-1.jpg","width":1440,"height":400},{"@type":"BreadcrumbList","@id":"https:\/\/www.berg-freunde.ch\/blog\/fit-fuer-den-berg\/#breadcrumb","itemListElement":[{"@type":"ListItem","position":1,"name":"Blog","item":"https:\/\/www.berg-freunde.ch\/blog\/"},{"@type":"ListItem","position":2,"name":"Know-How","item":"https:\/\/www.berg-freunde.ch\/blog\/category\/know-how\/"},{"@type":"ListItem","position":3,"name":"Fit f\u00fcr den Berg in Coronazeiten \u2013 Trainingstipps f\u00fcr Bergsteiger und Wanderer"}]},{"@type":"WebSite","@id":"https:\/\/www.berg-freunde.ch\/blog\/#website","url":"https:\/\/www.berg-freunde.ch\/blog\/","name":"Bergfreunde","description":"Blog","publisher":{"@id":"https:\/\/www.berg-freunde.ch\/blog\/#organization"},"potentialAction":[{"@type":"SearchAction","target":{"@type":"EntryPoint","urlTemplate":"https:\/\/www.berg-freunde.ch\/blog\/?s={search_term_string}"},"query-input":{"@type":"PropertyValueSpecification","valueRequired":true,"valueName":"search_term_string"}}],"inLanguage":"de-CH"},{"@type":"Organization","@id":"https:\/\/www.berg-freunde.ch\/blog\/#organization","name":"Bergfreunde","url":"https:\/\/www.berg-freunde.ch\/blog\/","logo":{"@type":"ImageObject","inLanguage":"de-CH","@id":"https:\/\/www.berg-freunde.ch\/blog\/#\/schema\/logo\/image\/","url":"https:\/\/www.berg-freunde.ch\/blog\/wp-content\/uploads\/2023\/12\/Bergfreunde_DE_rgb.svg","contentUrl":"https:\/\/www.berg-freunde.ch\/blog\/wp-content\/uploads\/2023\/12\/Bergfreunde_DE_rgb.svg","caption":"Bergfreunde"},"image":{"@id":"https:\/\/www.berg-freunde.ch\/blog\/#\/schema\/logo\/image\/"},"sameAs":["https:\/\/www.facebook.com\/bergfreunde","https:\/\/www.instagram.com\/bergfreundede\/"]},{"@type":"Person","@id":"https:\/\/www.berg-freunde.ch\/blog\/#\/schema\/person\/d9f59624107e7052598aef91acd26c6f","name":"Stephan","url":"https:\/\/www.berg-freunde.ch\/blog\/about\/stephan-bernau\/"}]}},"_links":{"self":[{"href":"https:\/\/www.berg-freunde.ch\/blog\/wp-json\/wp\/v2\/posts\/67360","targetHints":{"allow":["GET"]}}],"collection":[{"href":"https:\/\/www.berg-freunde.ch\/blog\/wp-json\/wp\/v2\/posts"}],"about":[{"href":"https:\/\/www.berg-freunde.ch\/blog\/wp-json\/wp\/v2\/types\/post"}],"author":[{"embeddable":true,"href":"https:\/\/www.berg-freunde.ch\/blog\/wp-json\/wp\/v2\/users\/17"}],"replies":[{"embeddable":true,"href":"https:\/\/www.berg-freunde.ch\/blog\/wp-json\/wp\/v2\/comments?post=67360"}],"version-history":[{"count":0,"href":"https:\/\/www.berg-freunde.ch\/blog\/wp-json\/wp\/v2\/posts\/67360\/revisions"}],"wp:featuredmedia":[{"embeddable":true,"href":"https:\/\/www.berg-freunde.ch\/blog\/wp-json\/wp\/v2\/media\/67362"}],"wp:attachment":[{"href":"https:\/\/www.berg-freunde.ch\/blog\/wp-json\/wp\/v2\/media?parent=67360"}],"wp:term":[{"taxonomy":"category","embeddable":true,"href":"https:\/\/www.berg-freunde.ch\/blog\/wp-json\/wp\/v2\/categories?post=67360"},{"taxonomy":"post_tag","embeddable":true,"href":"https:\/\/www.berg-freunde.ch\/blog\/wp-json\/wp\/v2\/tags?post=67360"},{"taxonomy":"post_folder","embeddable":true,"href":"https:\/\/www.berg-freunde.ch\/blog\/wp-json\/wp\/v2\/post_folder?post=67360"}],"curies":[{"name":"wp","href":"https:\/\/api.w.org\/{rel}","templated":true}]}}