{"id":67624,"date":"2019-10-01T02:45:50","date_gmt":"2019-10-01T00:45:50","guid":{"rendered":"https:\/\/www.bergfreunde.de\/blog\/futurelight\/"},"modified":"2023-07-26T14:29:13","modified_gmt":"2023-07-26T12:29:13","slug":"futurelight","status":"publish","type":"post","link":"https:\/\/www.berg-freunde.ch\/blog\/futurelight\/","title":{"rendered":"The North Face Futurelight"},"content":{"rendered":"\n<p class=\"has-text-align-center\"><strong>&#171;Defy the past. Wear the future.&#187; <\/strong><\/p>\n\n\n\n<p class=\"has-text-align-center\"><strong>&#171;Die fortschrittlichste, atmungsaktive und gleichzeitig wasserdichte Bekleidungstechnologie der Welt.&#187;&nbsp;<\/strong><\/p>\n\n\n\n<p>Wenn man so h\u00f6rt und liest, was <a href=\"https:\/\/www.berg-freunde.ch\/marken\/the-north-face\/\">The North Face<\/a> \u00fcber ihre <strong>neue Futurelight- Technologie<\/strong> schreibt, dann kommt man nicht umhin festzustellen, dass hier die ganz gro\u00dfen Marketing-Kanonen ausgepackt werden. Es ist vielleicht nat\u00fcrlich, dass man da als Verbraucher inzwischen etwas vorsichtig ist, wenn jemand mit derart vielen <strong>Superlativen<\/strong> um sich wirft. Bedenkt man aber, dass The North Face f\u00fcr Futurelight sogar Gore-Tex sukzessive aus ihren Produkten &#171;ausbaut&#187;, wird man zwangsl\u00e4ufig erstmals stutzig. Das ist ein ziemlich gro\u00dfer und mutiger Schritt.<\/p>\n\n\n<div class=\"wp-block-image\">\n<figure class=\"alignright size-large is-resized\"><a href=\"https:\/\/www.bergfreunde.de\/blog\/wp-content\/uploads\/2021\/05\/Futurelight-Marketing.jpg\"><img decoding=\"async\" src=\"https:\/\/www.bergfreunde.de\/blog\/wp-content\/uploads\/2021\/05\/Futurelight-Marketing.jpg\" alt=\"Defy the past, wear the future\" width=\"350\"\/><\/a><figcaption class=\"wp-element-caption\">Was steckt hinter den markigen Spr\u00fcchen?<\/figcaption><\/figure>\n<\/div>\n\n\n<p>Wir wollen im Folgenden mal kurz aufdr\u00f6seln, was das neue Futurelight kann, was daran so &#171;<strong>revolution\u00e4r<\/strong>&#187; ist und wie unsere Einsch\u00e4tzung dazu aussieht.<\/p>\n\n\n\n<h2 class=\"wp-block-heading\" id=\"h-das-geheimnis-heisst-nanospinning\">Das Geheimnis hei\u00dft &#8218;Nanospinning&#8216;<\/h2>\n\n\n\n<p>Es liegt in der Natur der Sache, dass ein solcher Schritt <strong>nicht von heute auf morgen<\/strong> gegangen wird. Daf\u00fcr steht immerhin der gute Ruf von The North Face auf dem Spiel. Also lies man sich bei beim Entwickeln und Testen von Futurelight Zeit. Viel Zeit. <strong>2,5 Jahre und 400 Testtage<\/strong> am Athleten um genau zu sein. Ganz am Anfang stand die Suche nach einer neuartigen Technologie und die Frage, ob es nicht m\u00f6glich ist, wasserdichte Bekleidung zu entwickeln die so atmungsaktiv ist, dass man auf Tour <strong>nicht st\u00e4ndig die Klamotten wechseln<\/strong> muss.<\/p>\n\n\n\n<p>Auf der Suche nach einer neuen Fertigungsst\u00e4tte wurde man schlie\u00dflich in Vietnam f\u00fcndig. Dort entwickelte The North Face in enger Zusammenarbeit mit dem <strong><a href=\"https:\/\/www.mxp.com.vn\/\">Unternehmen MXP<\/a> <\/strong>das sogenannte <strong>Nanospinning<\/strong>. Aus ca. 200.000 D\u00fcsen, wird ein wenige Nanometer gro\u00dfer Faden geschossen und auf ein Tr\u00e4germaterial aufgebracht. Zum Vergleich, ein menschliches Haar hat einen Durchmesser von ca. 0,6 &#8211; 0,8 mm. Die F\u00e4den sind um den Faktor 1000 bis 10.000 d\u00fcnner.<\/p>\n\n\n\n<p>Durch die \u00dcberlagerung der Fasern beim Aufspritzen entsteht ein Film &#8211; die <strong>Futurelight-Membran<\/strong>. Man kann sich das ganze also wie ein gro\u00dfes Netz vorstellen, nur eben mit mikroskopisch kleinen L\u00f6chern. Die Funktionsweise ist also \u00e4hnlich wie bei anderen mikropor\u00f6sen Membranen, die allerdings in der Regel aus einem expandierten Kunststoff bestehen. Durch diesen Expansionsprozess entstehen unterschiedlich gro\u00dfe L\u00f6cher. Eine gute Atmungsaktivit\u00e4t ist auch hier gegeben, dennoch erreicht man mit dem Nanospinning-Verfahren nochmal <strong>deutlich gr\u00f6\u00dfere Poren<\/strong> und damit auch eine h\u00f6here Atmungsaktivit\u00e4t &#8211; so zumindest die Theorie.<\/p>\n\n\n\n<p><iframe src=\"https:\/\/www.youtube-nocookie.com\/embed\/lG7ETFabzqQ\" width=\"770\" height=\"415\" frameborder=\"0\" allowfullscreen=\"allowfullscreen\"><\/iframe><\/p>\n\n\n\n<h2 class=\"wp-block-heading\" id=\"h-wie-wasserdicht-ist-the-north-face-futurelight\">Wie wasserdicht ist The North Face Futurelight?<\/h2>\n\n\n\n<p>Nat\u00fcrlich <strong>zu 100%<\/strong>. Ist doch klar. Eigentlich k\u00f6nnten wir den Absatz recht kurz halten, wenn man allerdings tiefer recherchiert, findet man <strong>keine Daten zur Wassers\u00e4ule<\/strong> oder \u00c4hnlichem. Dabei sind wir Verbraucher doch gewohnt, alles einmal schwarz auf wei\u00df lesen zu k\u00f6nnen! Nun ist es im Hause The North Face schon immer gute Sitte, keine weiteren Angaben zu Wasserdichtigkeit zu machen, was folgenden Hintergrund hat:<\/p>\n\n\n<div class=\"wp-block-image\">\n<figure class=\"alignright size-large is-resized\"><a href=\"https:\/\/www.bergfreunde.de\/blog\/wp-content\/uploads\/2021\/05\/Futurelight-Skitour-MathisDumas.jpg\"><img decoding=\"async\" src=\"https:\/\/www.bergfreunde.de\/blog\/wp-content\/uploads\/2021\/05\/Futurelight-Skitour-MathisDumas.jpg\" alt=\"7 Wanderer im Schnee.\" width=\"350\"\/><\/a><figcaption class=\"wp-element-caption\">Jede Sportart hat ihr eigenes Futurelight-Laminat. Foto: Mathis Dumas<\/figcaption><\/figure>\n<\/div>\n\n\n<p>Wenn The North Face ein Produkt als wasserdicht bewirbt, ist es das auch. Und zwar angepasst <strong>f\u00fcr den jeweiligen Einsatzzweck<\/strong>. Eine Jacke, die zum H\u00f6henbergsteigen gebaut ist, h\u00e4lt dem zu erwartenden Wetter genauso stand, wie eine Casual-Regenjacke den Gassi-Geher vor allt\u00e4glichem Regen sch\u00fctzt, letztere ist aber nicht unbedingt f\u00fcr den Himalaja geeignet.<\/p>\n\n\n\n<p>Es gibt noch <strong>einen zweiten Punkt,<\/strong> warum man bei The North Face mit Werten vorsichtig ist. In den USA gelten deutlich strengere Vorschriften bzgl. der Angaben. Dort muss eine Wassers\u00e4ule \u00fcber 10 Jahre garantiert sein. Ansonsten kann das Unternehmen verklagt werden &#8211; und zwar auf den Firmenwert, was bei The North Face keine kleine Summe ist. Es gibt keine Zweifel, dass Futurelight das locker packt, aber wir alle wissen: Der Teufel ist ein Eichh\u00f6rnchen und bei so manch kuriosen Urteilen aus den USA w\u00e4re man als Firmenchef wohl auch lieber etwas defensiver in dieser Hinsicht.<\/p>\n\n\n\n<p>Um die letzten Zweifler zu \u00fcberzeugen hat The North Face ihre neue Technologie von den <strong><a href=\"https:\/\/www.ul.com\/\">Underwriter Labs<\/a><\/strong> testen lassen. Eine unabh\u00e4ngige Organisation, die unter anderem das Material f\u00fcr die US-amerikanische National Fire Protection Association testet. Futurelight hat \u00fcber eine Stunde lang ca. 750 Liter Wasser locker abgehalten &#8211; ohne mit der Nano-Wimper zu zucken.<\/p>\n\n\n\n<h2 class=\"wp-block-heading\" id=\"h-der-tragekomfort-und-die-widerstandsfahigkeit-von-futurelight\">Der Tragekomfort und die Widerstandsf\u00e4higkeit von Futurelight<\/h2>\n\n\n\n<p>Wir haben schon erkl\u00e4rt, dass Futurelight aus kleinen Nano-F\u00e4den besteht, die \u00fcbereinander gelagert sind. Der gro\u00dfe Vorteil neben der hohen Atmungsaktivit\u00e4t: Das Material ist von Haus aus <strong>dehnbar<\/strong> und kann diesbez\u00fcglich auch modular angepasst werden. Genauso verh\u00e4lt es sich mit der <strong>Robustheit<\/strong> &#8211; wobei die noch ma\u00dfgeblich von Au\u00dfen- und Innenmaterial beeinflusst wird.<\/p>\n\n\n\n<p>Futurelight ist <strong>immer ein dreilagiges Laminat<\/strong>, wobei die eigentliche Membran als Mittelschicht fungiert. Alle drei Schichten werden auf das jeweilige Produkt angepasst. So ist zum Beispiel die Flight Jacket f\u00fcr L\u00e4ufer deutlich leichter und noch eine Ecke atmungsaktiver gestaltet, w\u00e4hrend die Summit L5 als Hochtourenjacke nat\u00fcrlich schwerer, aber daf\u00fcr deutlich robuster ist.<\/p>\n\n\n\n<p>Richtig spannend wird es aber beim Tragekomfort. Dadurch, dass Futurelight dehnbar ist, f\u00fchlt es sich <strong>mehr nach Softshell<\/strong> denn nach Hardshell an und raschelt auch eine ganze Ecke weniger. Um mal vorzugreifen: Das war ein Punkt, der uns besonders gut gefallen hat.<\/p>\n\n\n\n<h2 class=\"wp-block-heading\" id=\"h-wie-steht-es-um-das-thema-nachhaltigkeit-bei-the-north-face-futurelight\">Wie steht es um das Thema Nachhaltigkeit bei The North Face Futurelight?<\/h2>\n\n\n\n<p>Eines der gro\u00dfen Buzzwords, das sowohl die Outdoor-Branche, als auch die Gesellschaft aktuell nicht los l\u00e4sst. Und auch bei der Entwicklung von Futurelight war von Anfang an klar, dass die Themen <strong>Nachhaltigkeit und Ethik<\/strong> eine wichtige Rolle spielen sollten. Das fing bei der Wahl der Produktionsst\u00e4tte an. Der vietnamesische Zulieferer hat hohe ethische Standards etabliert und arbeitet ressourcensparend.<\/p>\n\n\n\n<p>Das Futurelight Laminat selbst besteht zu einem Gro\u00dfteil aus <strong>recycelten Materialien<\/strong>. Ausgerechnet die Membran selbst bildet aber die gro\u00dfe Ausnahme. F\u00fcr das beim Nanospinning verwendete Polyurethan gibt es bisher leider noch keinen f\u00fcr Futurelight verwertbaren Recycling-Rohstoff. Das Gleiche gilt f\u00fcr den Elasthan-Anteil, der in manchen Produkten verarbeitet ist. Auch Elasthan l\u00e4sst sich noch nicht so gut wiederverwerten, wie es f\u00fcr Futurelight n\u00f6tig w\u00e4re. Au\u00dfen- und Innenmaterial sind unterm Strich zu <strong>ca. 90% recycelt<\/strong>.<\/p>\n\n\n\n<p>In Sachen Impr\u00e4gnierung k\u00f6nnen wir ganz klar sagen: Die ist <strong>PFC-frei<\/strong>! Juhu! Sch\u00f6ne Sache. Im Labor war zudem nach 80 W\u00e4schen noch ca. 80% der Impr\u00e4gnierungsleistung vorhanden. Die Laborwerte lassen sich nat\u00fcrlich nur bedingt auf den Au\u00dfeneinsatz \u00fcbertragen, aber man kann wohl davon ausgehen, dass die Impr\u00e4gnierung ein Weilchen h\u00e4lt.<\/p>\n\n\n\n<p><iframe src=\"https:\/\/www.youtube-nocookie.com\/embed\/VVZPQToOygA\" width=\"770\" height=\"415\" frameborder=\"0\" allowfullscreen=\"allowfullscreen\"><\/iframe><\/p>\n\n\n\n<h2 class=\"wp-block-heading\" id=\"h-wie-schlagt-sich-the-north-face-futurelight-in-der-praxis\">Wie schl\u00e4gt sich The North Face Futurelight in der Praxis?<\/h2>\n\n\n<div class=\"wp-block-image\">\n<figure class=\"alignright size-large is-resized\"><a href=\"https:\/\/www.bergfreunde.de\/blog\/wp-content\/uploads\/2021\/05\/Bergfreunde-Futurlight-MathisDumas.jpg\"><img decoding=\"async\" src=\"https:\/\/www.bergfreunde.de\/blog\/wp-content\/uploads\/2021\/05\/Bergfreunde-Futurlight-MathisDumas.jpg\" alt=\"Bergfreund Benedikt in Futurelight-Montur!\u00a0Foto: Mathis Dumas\" width=\"250\"\/><\/a><figcaption class=\"wp-element-caption\">Bergfreund Benedikt in Futurelight-Montur!&nbsp;Foto: Mathis Dumas<\/figcaption><\/figure>\n<\/div>\n\n\n<p>Tja, blumige Versprechungen sind schnell gegeben. Am besten ist es doch, wenn man mal<strong> selbst Hand anlegen<\/strong> darf. Bisher haben vier Bergfreunde ihre Erfahrungen mit Futurelight gemacht: Mia hatte die Flight Jacket aus der Flight Series f\u00fcr einige Wochen beim Laufen und gelegentlich beim Radfahren im Einsatz. Gearhead Hannah und Jonas aus unserer Online-Redaktion waren vor kurzem am Dachstein zum Bergsteigen in Futurelight-H\u00fclle und Benedikt aus unserem Einkaufsteam durfte die Futurelight-Sachen auf Skitour testen.<\/p>\n\n\n\n<p>Die Meinungen sind relativ einhellig: da scheint jemand seine <strong>Hausaufgaben gemacht<\/strong> zu haben. Wie gut, dass wird die Zeit zeigen m\u00fcssen. Mia, Hannah und Jonas hatten jedenfalls ihre M\u00fche, ein Haar in der Suppe zu finden. Neben der optimierten Atmungsaktivit\u00e4t waren sie durch die Bank vom hohen Tragekomfort begeistert. Futurelight raschelt deutlich weniger als andere Hardshells und tr\u00e4gt sich sehr angenehm.<\/p>\n\n\n\n<p>Wir m\u00fcssen nat\u00fcrlich dazu sagen, dass wir die Produkte noch keinem wirklichen Langzeittest unterziehen konnten. Dennoch d\u00fcrfte Futurelight unserer Einsch\u00e4tzung nach alles andere als ein Reinfall werden. Zumal Neuentwicklungen nie schlecht sind. Futurelight wird in der Outdoor-Branche <strong>f\u00fcr frischen Wind sorgen<\/strong> &#8211; da sind wir uns sicher!<\/p>\n","protected":false},"excerpt":{"rendered":"<p>&#171;Defy the past. Wear the future.&#187; &#171;Die fortschrittlichste, atmungsaktive und gleichzeitig wasserdichte Bekleidungstechnologie der Welt.&#187;&nbsp; Wenn man so h\u00f6rt und liest, was The North Face \u00fcber ihre neue Futurelight- Technologie schreibt, dann kommt man nicht umhin festzustellen, dass hier die ganz gro\u00dfen Marketing-Kanonen ausgepackt werden. Es ist vielleicht nat\u00fcrlich, dass man da als Verbraucher inzwischen [&hellip;]<\/p>\n","protected":false},"author":5,"featured_media":81825,"comment_status":"open","ping_status":"closed","sticky":false,"template":"","format":"standard","meta":{"_acf_changed":false,"footnotes":""},"categories":[280],"tags":[269,273,275,276,278],"post_folder":[],"class_list":["post-67624","post","type-post","status-publish","format-standard","has-post-thumbnail","hentry","category-hersteller-marken","tag-bergsteigen","tag-klettern-bouldern","tag-running","tag-wandern-trekking","tag-wintersport"],"acf":[],"yoast_head":"<!-- This site is optimized with the Yoast SEO Premium plugin v27.4 (Yoast SEO v27.4) - https:\/\/yoast.com\/product\/yoast-seo-premium-wordpress\/ -->\n<title>The North Face Futurelight | Bergfreunde<\/title>\n<meta name=\"description\" content=\"&quot;Defy the past. Wear the future. Die fortschrittlichste, atmungsaktive und wasserdichte Bekleidungstechnologie der Welt.&quot; The North Face Futurelight\" \/>\n<meta name=\"robots\" content=\"index, follow, max-snippet:-1, max-image-preview:large, max-video-preview:-1\" \/>\n<link rel=\"canonical\" href=\"https:\/\/www.berg-freunde.ch\/blog\/futurelight\/\" \/>\n<meta property=\"og:locale\" content=\"de_DE\" \/>\n<meta property=\"og:type\" content=\"article\" \/>\n<meta property=\"og:title\" content=\"The North Face Futurelight\" \/>\n<meta property=\"og:description\" content=\"&quot;Defy the past. Wear the future. Die fortschrittlichste, atmungsaktive und wasserdichte Bekleidungstechnologie der Welt.&quot; The North Face Futurelight\" \/>\n<meta property=\"og:url\" content=\"https:\/\/www.berg-freunde.ch\/blog\/futurelight\/\" \/>\n<meta property=\"og:site_name\" content=\"Bergfreunde\" \/>\n<meta property=\"article:publisher\" content=\"https:\/\/www.facebook.com\/bergfreunde\" \/>\n<meta property=\"article:published_time\" content=\"2019-10-01T00:45:50+00:00\" \/>\n<meta property=\"article:modified_time\" content=\"2023-07-26T12:29:13+00:00\" \/>\n<meta property=\"og:image\" content=\"https:\/\/www.berg-freunde.ch\/blog\/wp-content\/uploads\/2019\/10\/20230417_Futurelight_Titel.jpg\" \/>\n\t<meta property=\"og:image:width\" content=\"1440\" \/>\n\t<meta property=\"og:image:height\" content=\"961\" \/>\n\t<meta property=\"og:image:type\" content=\"image\/jpeg\" \/>\n<meta name=\"author\" content=\"J\u00f6rn\" \/>\n<meta name=\"twitter:card\" content=\"summary_large_image\" \/>\n<meta name=\"twitter:label1\" content=\"Geschrieben von\" \/>\n\t<meta name=\"twitter:data1\" content=\"J\u00f6rn\" \/>\n\t<meta name=\"twitter:label2\" content=\"Gesch\u00e4tzte Lesezeit\" \/>\n\t<meta name=\"twitter:data2\" content=\"6\u00a0Minuten\" \/>\n<script type=\"application\/ld+json\" class=\"yoast-schema-graph\">{\"@context\":\"https:\\\/\\\/schema.org\",\"@graph\":[{\"@type\":[\"Article\",\"BlogPosting\"],\"@id\":\"https:\\\/\\\/www.berg-freunde.ch\\\/blog\\\/futurelight\\\/#article\",\"isPartOf\":{\"@id\":\"https:\\\/\\\/www.berg-freunde.ch\\\/blog\\\/futurelight\\\/\"},\"author\":{\"name\":\"J\u00f6rn\",\"@id\":\"https:\\\/\\\/www.berg-freunde.ch\\\/blog\\\/#\\\/schema\\\/person\\\/be38ad9c835eeb98cbda6973f0e625df\"},\"headline\":\"The North Face Futurelight\",\"datePublished\":\"2019-10-01T00:45:50+00:00\",\"dateModified\":\"2023-07-26T12:29:13+00:00\",\"mainEntityOfPage\":{\"@id\":\"https:\\\/\\\/www.berg-freunde.ch\\\/blog\\\/futurelight\\\/\"},\"wordCount\":1289,\"commentCount\":2,\"publisher\":{\"@id\":\"https:\\\/\\\/www.berg-freunde.ch\\\/blog\\\/#organization\"},\"image\":{\"@id\":\"https:\\\/\\\/www.berg-freunde.ch\\\/blog\\\/futurelight\\\/#primaryimage\"},\"thumbnailUrl\":\"https:\\\/\\\/www.berg-freunde.ch\\\/blog\\\/wp-content\\\/uploads\\\/2019\\\/10\\\/20230417_Futurelight_Titel.jpg\",\"keywords\":[\"Bergsteigen &amp; Hochtouren\",\"Klettern &amp; Bouldern\",\"Running\",\"Wandern &amp; Trekking\",\"Wintersport\"],\"articleSection\":[\"Hersteller &amp; Marken\"],\"inLanguage\":\"de-CH\",\"potentialAction\":[{\"@type\":\"CommentAction\",\"name\":\"Comment\",\"target\":[\"https:\\\/\\\/www.berg-freunde.ch\\\/blog\\\/futurelight\\\/#respond\"]}]},{\"@type\":\"WebPage\",\"@id\":\"https:\\\/\\\/www.berg-freunde.ch\\\/blog\\\/futurelight\\\/\",\"url\":\"https:\\\/\\\/www.berg-freunde.ch\\\/blog\\\/futurelight\\\/\",\"name\":\"The North Face Futurelight | Bergfreunde\",\"isPartOf\":{\"@id\":\"https:\\\/\\\/www.berg-freunde.ch\\\/blog\\\/#website\"},\"primaryImageOfPage\":{\"@id\":\"https:\\\/\\\/www.berg-freunde.ch\\\/blog\\\/futurelight\\\/#primaryimage\"},\"image\":{\"@id\":\"https:\\\/\\\/www.berg-freunde.ch\\\/blog\\\/futurelight\\\/#primaryimage\"},\"thumbnailUrl\":\"https:\\\/\\\/www.berg-freunde.ch\\\/blog\\\/wp-content\\\/uploads\\\/2019\\\/10\\\/20230417_Futurelight_Titel.jpg\",\"datePublished\":\"2019-10-01T00:45:50+00:00\",\"dateModified\":\"2023-07-26T12:29:13+00:00\",\"description\":\"\\\"Defy the past. Wear the future. Die fortschrittlichste, atmungsaktive und wasserdichte Bekleidungstechnologie der Welt.\\\" The North Face Futurelight\",\"breadcrumb\":{\"@id\":\"https:\\\/\\\/www.berg-freunde.ch\\\/blog\\\/futurelight\\\/#breadcrumb\"},\"inLanguage\":\"de-CH\",\"potentialAction\":[{\"@type\":\"ReadAction\",\"target\":[\"https:\\\/\\\/www.berg-freunde.ch\\\/blog\\\/futurelight\\\/\"]}]},{\"@type\":\"ImageObject\",\"inLanguage\":\"de-CH\",\"@id\":\"https:\\\/\\\/www.berg-freunde.ch\\\/blog\\\/futurelight\\\/#primaryimage\",\"url\":\"https:\\\/\\\/www.berg-freunde.ch\\\/blog\\\/wp-content\\\/uploads\\\/2019\\\/10\\\/20230417_Futurelight_Titel.jpg\",\"contentUrl\":\"https:\\\/\\\/www.berg-freunde.ch\\\/blog\\\/wp-content\\\/uploads\\\/2019\\\/10\\\/20230417_Futurelight_Titel.jpg\",\"width\":1440,\"height\":961},{\"@type\":\"BreadcrumbList\",\"@id\":\"https:\\\/\\\/www.berg-freunde.ch\\\/blog\\\/futurelight\\\/#breadcrumb\",\"itemListElement\":[{\"@type\":\"ListItem\",\"position\":1,\"name\":\"Blog\",\"item\":\"https:\\\/\\\/www.berg-freunde.ch\\\/blog\\\/\"},{\"@type\":\"ListItem\",\"position\":2,\"name\":\"Beratung\",\"item\":\"https:\\\/\\\/www.berg-freunde.ch\\\/blog\\\/category\\\/beratung\\\/\"},{\"@type\":\"ListItem\",\"position\":3,\"name\":\"Hersteller &amp; Marken\",\"item\":\"https:\\\/\\\/www.berg-freunde.ch\\\/blog\\\/category\\\/beratung\\\/hersteller-marken\\\/\"},{\"@type\":\"ListItem\",\"position\":4,\"name\":\"The North Face Futurelight\"}]},{\"@type\":\"WebSite\",\"@id\":\"https:\\\/\\\/www.berg-freunde.ch\\\/blog\\\/#website\",\"url\":\"https:\\\/\\\/www.berg-freunde.ch\\\/blog\\\/\",\"name\":\"Bergfreunde\",\"description\":\"Blog\",\"publisher\":{\"@id\":\"https:\\\/\\\/www.berg-freunde.ch\\\/blog\\\/#organization\"},\"potentialAction\":[{\"@type\":\"SearchAction\",\"target\":{\"@type\":\"EntryPoint\",\"urlTemplate\":\"https:\\\/\\\/www.berg-freunde.ch\\\/blog\\\/?s={search_term_string}\"},\"query-input\":{\"@type\":\"PropertyValueSpecification\",\"valueRequired\":true,\"valueName\":\"search_term_string\"}}],\"inLanguage\":\"de-CH\"},{\"@type\":\"Organization\",\"@id\":\"https:\\\/\\\/www.berg-freunde.ch\\\/blog\\\/#organization\",\"name\":\"Bergfreunde\",\"url\":\"https:\\\/\\\/www.berg-freunde.ch\\\/blog\\\/\",\"logo\":{\"@type\":\"ImageObject\",\"inLanguage\":\"de-CH\",\"@id\":\"https:\\\/\\\/www.berg-freunde.ch\\\/blog\\\/#\\\/schema\\\/logo\\\/image\\\/\",\"url\":\"https:\\\/\\\/www.berg-freunde.ch\\\/blog\\\/wp-content\\\/uploads\\\/2023\\\/12\\\/Bergfreunde_DE_rgb.svg\",\"contentUrl\":\"https:\\\/\\\/www.berg-freunde.ch\\\/blog\\\/wp-content\\\/uploads\\\/2023\\\/12\\\/Bergfreunde_DE_rgb.svg\",\"caption\":\"Bergfreunde\"},\"image\":{\"@id\":\"https:\\\/\\\/www.berg-freunde.ch\\\/blog\\\/#\\\/schema\\\/logo\\\/image\\\/\"},\"sameAs\":[\"https:\\\/\\\/www.facebook.com\\\/bergfreunde\",\"https:\\\/\\\/www.instagram.com\\\/bergfreundede\\\/\"]},{\"@type\":\"Person\",\"@id\":\"https:\\\/\\\/www.berg-freunde.ch\\\/blog\\\/#\\\/schema\\\/person\\\/be38ad9c835eeb98cbda6973f0e625df\",\"name\":\"J\u00f6rn\",\"url\":\"https:\\\/\\\/www.berg-freunde.ch\\\/blog\\\/about\\\/joern-perschbacher\\\/\"}]}<\/script>\n<!-- \/ Yoast SEO Premium plugin. -->","yoast_head_json":{"title":"The North Face Futurelight | Bergfreunde","description":"\"Defy the past. Wear the future. Die fortschrittlichste, atmungsaktive und wasserdichte Bekleidungstechnologie der Welt.\" The North Face Futurelight","robots":{"index":"index","follow":"follow","max-snippet":"max-snippet:-1","max-image-preview":"max-image-preview:large","max-video-preview":"max-video-preview:-1"},"canonical":"https:\/\/www.berg-freunde.ch\/blog\/futurelight\/","og_locale":"de_DE","og_type":"article","og_title":"The North Face Futurelight","og_description":"\"Defy the past. Wear the future. Die fortschrittlichste, atmungsaktive und wasserdichte Bekleidungstechnologie der Welt.\" The North Face Futurelight","og_url":"https:\/\/www.berg-freunde.ch\/blog\/futurelight\/","og_site_name":"Bergfreunde","article_publisher":"https:\/\/www.facebook.com\/bergfreunde","article_published_time":"2019-10-01T00:45:50+00:00","article_modified_time":"2023-07-26T12:29:13+00:00","og_image":[{"width":1440,"height":961,"url":"https:\/\/www.berg-freunde.ch\/blog\/wp-content\/uploads\/2019\/10\/20230417_Futurelight_Titel.jpg","type":"image\/jpeg"}],"author":"J\u00f6rn","twitter_card":"summary_large_image","twitter_misc":{"Geschrieben von":"J\u00f6rn","Gesch\u00e4tzte Lesezeit":"6\u00a0Minuten"},"schema":{"@context":"https:\/\/schema.org","@graph":[{"@type":["Article","BlogPosting"],"@id":"https:\/\/www.berg-freunde.ch\/blog\/futurelight\/#article","isPartOf":{"@id":"https:\/\/www.berg-freunde.ch\/blog\/futurelight\/"},"author":{"name":"J\u00f6rn","@id":"https:\/\/www.berg-freunde.ch\/blog\/#\/schema\/person\/be38ad9c835eeb98cbda6973f0e625df"},"headline":"The North Face Futurelight","datePublished":"2019-10-01T00:45:50+00:00","dateModified":"2023-07-26T12:29:13+00:00","mainEntityOfPage":{"@id":"https:\/\/www.berg-freunde.ch\/blog\/futurelight\/"},"wordCount":1289,"commentCount":2,"publisher":{"@id":"https:\/\/www.berg-freunde.ch\/blog\/#organization"},"image":{"@id":"https:\/\/www.berg-freunde.ch\/blog\/futurelight\/#primaryimage"},"thumbnailUrl":"https:\/\/www.berg-freunde.ch\/blog\/wp-content\/uploads\/2019\/10\/20230417_Futurelight_Titel.jpg","keywords":["Bergsteigen &amp; Hochtouren","Klettern &amp; Bouldern","Running","Wandern &amp; Trekking","Wintersport"],"articleSection":["Hersteller &amp; Marken"],"inLanguage":"de-CH","potentialAction":[{"@type":"CommentAction","name":"Comment","target":["https:\/\/www.berg-freunde.ch\/blog\/futurelight\/#respond"]}]},{"@type":"WebPage","@id":"https:\/\/www.berg-freunde.ch\/blog\/futurelight\/","url":"https:\/\/www.berg-freunde.ch\/blog\/futurelight\/","name":"The North Face Futurelight | Bergfreunde","isPartOf":{"@id":"https:\/\/www.berg-freunde.ch\/blog\/#website"},"primaryImageOfPage":{"@id":"https:\/\/www.berg-freunde.ch\/blog\/futurelight\/#primaryimage"},"image":{"@id":"https:\/\/www.berg-freunde.ch\/blog\/futurelight\/#primaryimage"},"thumbnailUrl":"https:\/\/www.berg-freunde.ch\/blog\/wp-content\/uploads\/2019\/10\/20230417_Futurelight_Titel.jpg","datePublished":"2019-10-01T00:45:50+00:00","dateModified":"2023-07-26T12:29:13+00:00","description":"\"Defy the past. Wear the future. Die fortschrittlichste, atmungsaktive und wasserdichte Bekleidungstechnologie der Welt.\" The North Face Futurelight","breadcrumb":{"@id":"https:\/\/www.berg-freunde.ch\/blog\/futurelight\/#breadcrumb"},"inLanguage":"de-CH","potentialAction":[{"@type":"ReadAction","target":["https:\/\/www.berg-freunde.ch\/blog\/futurelight\/"]}]},{"@type":"ImageObject","inLanguage":"de-CH","@id":"https:\/\/www.berg-freunde.ch\/blog\/futurelight\/#primaryimage","url":"https:\/\/www.berg-freunde.ch\/blog\/wp-content\/uploads\/2019\/10\/20230417_Futurelight_Titel.jpg","contentUrl":"https:\/\/www.berg-freunde.ch\/blog\/wp-content\/uploads\/2019\/10\/20230417_Futurelight_Titel.jpg","width":1440,"height":961},{"@type":"BreadcrumbList","@id":"https:\/\/www.berg-freunde.ch\/blog\/futurelight\/#breadcrumb","itemListElement":[{"@type":"ListItem","position":1,"name":"Blog","item":"https:\/\/www.berg-freunde.ch\/blog\/"},{"@type":"ListItem","position":2,"name":"Beratung","item":"https:\/\/www.berg-freunde.ch\/blog\/category\/beratung\/"},{"@type":"ListItem","position":3,"name":"Hersteller &amp; Marken","item":"https:\/\/www.berg-freunde.ch\/blog\/category\/beratung\/hersteller-marken\/"},{"@type":"ListItem","position":4,"name":"The North Face Futurelight"}]},{"@type":"WebSite","@id":"https:\/\/www.berg-freunde.ch\/blog\/#website","url":"https:\/\/www.berg-freunde.ch\/blog\/","name":"Bergfreunde","description":"Blog","publisher":{"@id":"https:\/\/www.berg-freunde.ch\/blog\/#organization"},"potentialAction":[{"@type":"SearchAction","target":{"@type":"EntryPoint","urlTemplate":"https:\/\/www.berg-freunde.ch\/blog\/?s={search_term_string}"},"query-input":{"@type":"PropertyValueSpecification","valueRequired":true,"valueName":"search_term_string"}}],"inLanguage":"de-CH"},{"@type":"Organization","@id":"https:\/\/www.berg-freunde.ch\/blog\/#organization","name":"Bergfreunde","url":"https:\/\/www.berg-freunde.ch\/blog\/","logo":{"@type":"ImageObject","inLanguage":"de-CH","@id":"https:\/\/www.berg-freunde.ch\/blog\/#\/schema\/logo\/image\/","url":"https:\/\/www.berg-freunde.ch\/blog\/wp-content\/uploads\/2023\/12\/Bergfreunde_DE_rgb.svg","contentUrl":"https:\/\/www.berg-freunde.ch\/blog\/wp-content\/uploads\/2023\/12\/Bergfreunde_DE_rgb.svg","caption":"Bergfreunde"},"image":{"@id":"https:\/\/www.berg-freunde.ch\/blog\/#\/schema\/logo\/image\/"},"sameAs":["https:\/\/www.facebook.com\/bergfreunde","https:\/\/www.instagram.com\/bergfreundede\/"]},{"@type":"Person","@id":"https:\/\/www.berg-freunde.ch\/blog\/#\/schema\/person\/be38ad9c835eeb98cbda6973f0e625df","name":"J\u00f6rn","url":"https:\/\/www.berg-freunde.ch\/blog\/about\/joern-perschbacher\/"}]}},"_links":{"self":[{"href":"https:\/\/www.berg-freunde.ch\/blog\/wp-json\/wp\/v2\/posts\/67624","targetHints":{"allow":["GET"]}}],"collection":[{"href":"https:\/\/www.berg-freunde.ch\/blog\/wp-json\/wp\/v2\/posts"}],"about":[{"href":"https:\/\/www.berg-freunde.ch\/blog\/wp-json\/wp\/v2\/types\/post"}],"author":[{"embeddable":true,"href":"https:\/\/www.berg-freunde.ch\/blog\/wp-json\/wp\/v2\/users\/5"}],"replies":[{"embeddable":true,"href":"https:\/\/www.berg-freunde.ch\/blog\/wp-json\/wp\/v2\/comments?post=67624"}],"version-history":[{"count":0,"href":"https:\/\/www.berg-freunde.ch\/blog\/wp-json\/wp\/v2\/posts\/67624\/revisions"}],"wp:featuredmedia":[{"embeddable":true,"href":"https:\/\/www.berg-freunde.ch\/blog\/wp-json\/wp\/v2\/media\/81825"}],"wp:attachment":[{"href":"https:\/\/www.berg-freunde.ch\/blog\/wp-json\/wp\/v2\/media?parent=67624"}],"wp:term":[{"taxonomy":"category","embeddable":true,"href":"https:\/\/www.berg-freunde.ch\/blog\/wp-json\/wp\/v2\/categories?post=67624"},{"taxonomy":"post_tag","embeddable":true,"href":"https:\/\/www.berg-freunde.ch\/blog\/wp-json\/wp\/v2\/tags?post=67624"},{"taxonomy":"post_folder","embeddable":true,"href":"https:\/\/www.berg-freunde.ch\/blog\/wp-json\/wp\/v2\/post_folder?post=67624"}],"curies":[{"name":"wp","href":"https:\/\/api.w.org\/{rel}","templated":true}]}}