{"id":67759,"date":"2022-06-24T13:30:00","date_gmt":"2022-06-24T11:30:00","guid":{"rendered":"https:\/\/www.bergfreunde.de\/blog\/testbericht-adidas-terrex-freehiker\/"},"modified":"2026-04-28T09:46:16","modified_gmt":"2026-04-28T07:46:16","slug":"testbericht-adidas-terrex-freehiker","status":"publish","type":"post","link":"https:\/\/www.berg-freunde.ch\/blog\/testbericht-adidas-terrex-freehiker\/","title":{"rendered":"Der Terrex Free Hiker &#8211; Wanderschuh oder Sneaker?"},"content":{"rendered":"\n<p>Ich geh\u00f6re zur Generation <a href=\"https:\/\/www.berg-freunde.ch\/sneaker\/\">Sneaker<\/a>. \u201eTurnschuhe\u201c, wie meine Mutti noch sagt, gehen f\u00fcr mich immer und vor allem schon lange nicht mehr nur zum Sport.<\/p>\n\n\n\n<p>Denke ich an <a href=\"https:\/\/www.berg-freunde.ch\/marken\/adidas\/\">adidas<\/a>, dann doch eher noch an stylische Sneaker als an solide <a href=\"https:\/\/www.berg-freunde.ch\/wanderschuhe\/\">Wanderschuhe<\/a>. Auch wenn dieses Klischee nat\u00fcrlich schon lange nicht mehr gilt, denn unter dem Label Terrex bietet adidas schon seit Jahren Ausr\u00fcstung f\u00fcr Outdoor-begeisterte Menschen an.<\/p>\n\n\n\n<h2 class=\"wp-block-heading\" id=\"h-was-kann-der-terrex-free-hiker\">Was kann der Terrex Free Hiker<\/h2>\n\n\n<div class=\"wp-block-image\">\n<figure class=\"alignright size-large is-resized\"><a href=\"https:\/\/www.bergfreunde.de\/blog\/wp-content\/uploads\/2021\/05\/Testbericht-adidas-FreeHiker-Front.jpg\"><img decoding=\"async\" src=\"https:\/\/www.bergfreunde.de\/blog\/wp-content\/uploads\/2021\/05\/Testbericht-adidas-FreeHiker-Front.jpg\" alt=\"Terex Free Hiker\" width=\"350\"\/><\/a><figcaption class=\"wp-element-caption\">Cool sehen sie ja aus, aber was hat der Free Hiker technisch so drauf?<\/figcaption><\/figure>\n<\/div>\n\n\n<p>Ja, Geschm\u00e4cker sind verschieden und man muss nat\u00fcrlich konstatieren, dass der Free Hiker zun\u00e4chst nicht nach einem Wanderschuh aussieht. Eher nach einem Lauf- bzw. <a href=\"https:\/\/www.berg-freunde.ch\/trailrunningschuhe\/\">Trailrunningschuh<\/a>. Mir allerdings hat die Optik sofort zu gesagt. Ich war und bin mit der Variante in Schwarz-Wei\u00df unterwegs, wobei ich die \u201ebunte\u201c Variante fast noch genialer finde.<\/p>\n\n\n\n<p>adidas wirbt damit, dass der Schuh besonders robust und stark wasserabweisend sei (auch ohne Membran). Die bekannte Continental-Sohle soll f\u00fcr sicheres Vorankommen sorgen. Die Zwischensohle hat eine Boost-Technologie, die adidas auch in ihren <a href=\"https:\/\/www.berg-freunde.ch\/laufschuhe\/\">Laufschuhen<\/a> verbaut. Diese ist besonders flexibel und soll einen kleinen \u201eRebound\u201c-Effekt haben \u2013 also gespeicherte Energie wieder abgeben.<\/p>\n\n\n\n<p>Beim ersten Anziehen fand ich vor allem den hohen Schaft \u00fcberraschend gut. Der Schuh sitzt satt am Fu\u00df, k\u00f6nnte f\u00fcr meinen Geschmack am Mittelfu\u00df aber etwas enger sein. Die Stabilit\u00e4t geht aber trotzdem vollkommen klar!<\/p>\n\n\n<div class=\"wp-block-image\">\n<figure class=\"alignright size-large is-resized\"><a href=\"https:\/\/www.bergfreunde.de\/blog\/wp-content\/uploads\/2021\/05\/Testbericht-adidas-FreeHiker-Seite.jpg\"><img decoding=\"async\" src=\"https:\/\/www.bergfreunde.de\/blog\/wp-content\/uploads\/2021\/05\/Testbericht-adidas-FreeHiker-Seite.jpg\" alt=\"Weiches Obermaterial trifft harte Schutzkappen.\" width=\"350\"\/><\/a><figcaption class=\"wp-element-caption\">Weiches Obermaterial trifft harte Schutzkappen.<\/figcaption><\/figure>\n<\/div>\n\n\n<p>Das Obermaterial nennt sich \u201aPrimeknit\u2018 (momentan super im Trend) und sieht aus, als sei es gestrickt. Dadurch wird der Schuh sehr flexibel, bequem und sitzt fast wie ein Socken. Die Kollegen fragten direkt, ob der Schuh sich denn gut an und ausziehen l\u00e4sst, aber ich hatte damit nie ein Problem, vielleicht auch, weil ich ihn etwas gr\u00f6\u00dfer trage als meine normalen Stra\u00dfenschuhe.<\/p>\n\n\n\n<p>Zum Einsatz kam der Free Hiker erstmal im Alltag und im B\u00fcro, perfekt zum Einlaufen \u2013 und ja, die Berge sind halt doch ein paar Kilometer entfernt. Um ehrlich zu sein, traute ich ihm heikle Bergpassagen auch zu Beginn nicht zu. Aber ich sollte eines Besseren belehrt werden\u2026<\/p>\n\n\n\n<h2 class=\"wp-block-heading\" id=\"h-wie-schlagt-sich-der-free-hiker-beim-wandern\">Wie schl\u00e4gt sich der Free Hiker beim Wandern?<\/h2>\n\n\n\n<p>Team-Ausflug ins Montafon war angesagt und da durfte der Free Hiker nat\u00fcrlich nicht fehlen. Ende Mai gab es aber noch ziemlich viel Schnee und ich dachte, das k\u00f6nnte zu viel sein f\u00fcr meinen neuen Begleiter. Nichtsdestotrotz ging es direkt ab auf den Berg damit. Auf gut ausgebauten Wanderwegen macht es sich in jedem Fall super. Der Gehkomfort ist klasse, die Conti-Sohle greift gut.<\/p>\n\n\n\n<p>Kurz vorm Gipfel sah ich dann aber schon die ersten Schneefelder und mir wurde schnell klar, dass das jetzt der erste H\u00e4rtetest werden w\u00fcrde. Ich stellte mich innerlich auf nasse, kalte F\u00fc\u00dfe ein \u2013 so ganz ohne Membran m\u00fcsste ja irgendwann Wasser eindringen &#8211; und machte todesmutig den ersten Schritt in die \u00dcberbleibsel des langen, schneereichen Winters. W\u00e4hrend der ersten Schritte wartete ich gespannt auf das k\u00fchle Nass, dass sogleich meine Socken befeuchten sollte. Aber es kam\u2026 Nix.<\/p>\n\n\n\n<p>Auch nach knapp einer Stunde mit vielen Schneefeldern, Schmelzwasserb\u00e4chen und Pf\u00fctzen waren meine F\u00fc\u00dfe wohlig warm und trocken. Hier hat adidas also nicht zu viel versprochen! Durch den hohen Schaft konnte auch kein Wasser von oben eindringen, welches sich als Problem bei einigen meiner Mitl\u00e4ufer herausstellte. Aber das ist ja nun kein unbedingtes Alleinstellungsmerkmal des Free Hikers.<\/p>\n\n\n\n<p>Auch bei unserer Tour am zweiten Tag hielt das Obermaterial dicht, auch wenn wir da nicht mit ganz so viel Feuchtigkeit in Ber\u00fchrung kamen.<\/p>\n\n\n<div class=\"wp-block-image\">\n<figure class=\"alignright size-large is-resized\"><a href=\"https:\/\/www.bergfreunde.de\/blog\/wp-content\/uploads\/2021\/05\/Testbericht-adidas-FreeHiker-Berg.jpg\"><img decoding=\"async\" src=\"https:\/\/www.bergfreunde.de\/blog\/wp-content\/uploads\/2021\/05\/Testbericht-adidas-FreeHiker-Berg.jpg\" alt=\"Person wandert in den Bergen\" width=\"350\"\/><\/a><figcaption class=\"wp-element-caption\">Altschneefelder und Schmelzwasser sind erstmal kein Problem&#8230;<\/figcaption><\/figure>\n<\/div>\n\n\n<p>Besonders \u00fcberzeugt hat mich \u00fcbrigens auch die Continental-Sohle. Die wird auch immer von unseren Trailrunnern hier bei den Bergfreunden f\u00fcr ihren zuverl\u00e4ssigen Grip gelobt. Da kann ich mich nur ohne Weiteres anschlie\u00dfen!<\/p>\n\n\n\n<p>Die Zwischensohle brilliert vor allem durch viel Dynamik, gutem Abrollverhalten und Komfort. Ob jetzt wirklich Energie zur\u00fcckgef\u00fchrt wird, kann ich nicht beurteilen, aber es geht sie ziemlich angenehm darauf.<\/p>\n\n\n\n<h2 class=\"wp-block-heading\" id=\"h-viel-licht-wenig-schatten\">Viel Licht, wenig Schatten\u2026<\/h2>\n\n\n\n<p>Der Nachteil der starken, wasserabweisenden Eigenschaften des Obermaterials in Verbindung mit dem gut schlie\u00dfenden, halbhohen Schaft ist, dass Feuchtigkeit nat\u00fcrlich auch nicht so gut entweichen kann. Es wird also relativ warm in dem Schuh. Daher w\u00fcrde ich auf jeden Fall empfehlen, einen eher leichten Trekking-Socken dazu anzuziehen.<\/p>\n\n\n\n<h2 class=\"wp-block-heading\" id=\"h-das-fazit-zum-terrex-free-hiker\">Das Fazit zum Terrex Free Hiker<\/h2>\n\n\n\n<p>Insgesamt bin ich wirklich positiv angetan! Der Schuh kann meiner Meinung nach deutlich mehr, als man ihm auf den ersten Blick zutraut. Man sollte sich hier definitiv nicht von der Optik t\u00e4uschen lassen. Das hier ist ein echter Wanderschuh!<\/p>\n\n\n\n<p>Aufgrund seines Aufbaus sehe ihn vor allem in leichtem Gel\u00e4nde und er d\u00fcrfte aufgrund seiner Sohlenstruktur f\u00fcr Speed Hiker interessant sein. Und nat\u00fcrlich f\u00fcr alle, die auf eine coole Optik wert legen.<\/p>\n\n\n\n<div class=\"wp-block-buttons is-layout-flex wp-block-buttons-is-layout-flex\">\n<div class=\"wp-block-button\"><a class=\"wp-block-button__link wp-element-button\" href=\"https:\/\/www.bergfreunde.de\/s\/FreeHiker\/?searchparam=FreeHiker&amp;iBfResetSorting=1&amp;userInput=FreeHiker\">Terrex Free Hiker gibt&#8217;s hier &gt;&gt;<\/a><\/div>\n<\/div>\n","protected":false},"excerpt":{"rendered":"<p>Ich geh\u00f6re zur Generation Sneaker. \u201eTurnschuhe\u201c, wie meine Mutti noch sagt, gehen f\u00fcr mich immer und vor allem schon lange nicht mehr nur zum Sport. Denke ich an adidas, dann doch eher noch an stylische Sneaker als an solide Wanderschuhe. Auch wenn dieses Klischee nat\u00fcrlich schon lange nicht mehr gilt, denn unter dem Label Terrex [&hellip;]<\/p>\n","protected":false},"author":26,"featured_media":67761,"comment_status":"open","ping_status":"closed","sticky":false,"template":"","format":"standard","meta":{"_acf_changed":false,"footnotes":""},"categories":[313],"tags":[276],"post_folder":[],"class_list":["post-67759","post","type-post","status-publish","format-standard","has-post-thumbnail","hentry","category-testberichte","tag-wandern-trekking"],"acf":[],"yoast_head":"<!-- This site is optimized with the Yoast SEO Premium plugin v27.4 (Yoast SEO v27.4) - https:\/\/yoast.com\/product\/yoast-seo-premium-wordpress\/ -->\n<title>Der Terrex Free Hiker - Wanderschuh oder Sneaker?<\/title>\n<meta name=\"description\" content=\"Wie macht sich der Terrex Free Hiker im Gel\u00e4nde? Einen Testbericht zu dem Schuh findest Du im Basislager von Bergfreunde.de.\" \/>\n<meta name=\"robots\" content=\"index, follow, max-snippet:-1, max-image-preview:large, max-video-preview:-1\" \/>\n<link rel=\"canonical\" href=\"https:\/\/www.berg-freunde.ch\/blog\/testbericht-adidas-terrex-freehiker\/\" \/>\n<meta property=\"og:locale\" content=\"de_DE\" \/>\n<meta property=\"og:type\" content=\"article\" \/>\n<meta property=\"og:title\" content=\"Der Terrex Free Hiker - Wanderschuh oder Sneaker?\" \/>\n<meta property=\"og:description\" content=\"Wie macht sich der Terrex Free Hiker im Gel\u00e4nde? Einen Testbericht zu dem Schuh findest Du im Basislager von Bergfreunde.de.\" \/>\n<meta property=\"og:url\" content=\"https:\/\/www.berg-freunde.ch\/blog\/testbericht-adidas-terrex-freehiker\/\" \/>\n<meta property=\"og:site_name\" content=\"Bergfreunde\" \/>\n<meta property=\"article:publisher\" content=\"https:\/\/www.facebook.com\/bergfreunde\" \/>\n<meta property=\"article:published_time\" content=\"2022-06-24T11:30:00+00:00\" \/>\n<meta property=\"article:modified_time\" content=\"2026-04-28T07:46:16+00:00\" \/>\n<meta property=\"og:image\" content=\"https:\/\/www.berg-freunde.ch\/blog\/wp-content\/uploads\/2021\/05\/Testbericht-adidas-FreeHiker-Titel.jpg\" \/>\n\t<meta property=\"og:image:width\" content=\"1440\" \/>\n\t<meta property=\"og:image:height\" content=\"400\" \/>\n\t<meta property=\"og:image:type\" content=\"image\/jpeg\" \/>\n<meta name=\"author\" content=\"Gastautor\" \/>\n<meta name=\"twitter:card\" content=\"summary_large_image\" \/>\n<meta name=\"twitter:label1\" content=\"Geschrieben von\" \/>\n\t<meta name=\"twitter:data1\" content=\"Gastautor\" \/>\n\t<meta name=\"twitter:label2\" content=\"Gesch\u00e4tzte Lesezeit\" \/>\n\t<meta name=\"twitter:data2\" content=\"4\u00a0Minuten\" \/>\n<script type=\"application\/ld+json\" class=\"yoast-schema-graph\">{\"@context\":\"https:\\\/\\\/schema.org\",\"@graph\":[{\"@type\":[\"Article\",\"BlogPosting\"],\"@id\":\"https:\\\/\\\/www.berg-freunde.ch\\\/blog\\\/testbericht-adidas-terrex-freehiker\\\/#article\",\"isPartOf\":{\"@id\":\"https:\\\/\\\/www.berg-freunde.ch\\\/blog\\\/testbericht-adidas-terrex-freehiker\\\/\"},\"author\":{\"name\":\"Gastautor\",\"@id\":\"https:\\\/\\\/www.berg-freunde.ch\\\/blog\\\/#\\\/schema\\\/person\\\/6ac3327294ce276d7318b1f9c408382e\"},\"headline\":\"Der Terrex Free Hiker &#8211; Wanderschuh oder Sneaker?\",\"datePublished\":\"2022-06-24T11:30:00+00:00\",\"dateModified\":\"2026-04-28T07:46:16+00:00\",\"mainEntityOfPage\":{\"@id\":\"https:\\\/\\\/www.berg-freunde.ch\\\/blog\\\/testbericht-adidas-terrex-freehiker\\\/\"},\"wordCount\":823,\"commentCount\":1,\"publisher\":{\"@id\":\"https:\\\/\\\/www.berg-freunde.ch\\\/blog\\\/#organization\"},\"image\":{\"@id\":\"https:\\\/\\\/www.berg-freunde.ch\\\/blog\\\/testbericht-adidas-terrex-freehiker\\\/#primaryimage\"},\"thumbnailUrl\":\"https:\\\/\\\/www.berg-freunde.ch\\\/blog\\\/wp-content\\\/uploads\\\/2021\\\/05\\\/Testbericht-adidas-FreeHiker-Titel.jpg\",\"keywords\":[\"Wandern &amp; Trekking\"],\"articleSection\":[\"Testberichte\"],\"inLanguage\":\"de-CH\",\"potentialAction\":[{\"@type\":\"CommentAction\",\"name\":\"Comment\",\"target\":[\"https:\\\/\\\/www.berg-freunde.ch\\\/blog\\\/testbericht-adidas-terrex-freehiker\\\/#respond\"]}]},{\"@type\":\"WebPage\",\"@id\":\"https:\\\/\\\/www.berg-freunde.ch\\\/blog\\\/testbericht-adidas-terrex-freehiker\\\/\",\"url\":\"https:\\\/\\\/www.berg-freunde.ch\\\/blog\\\/testbericht-adidas-terrex-freehiker\\\/\",\"name\":\"Der Terrex Free Hiker - Wanderschuh oder Sneaker?\",\"isPartOf\":{\"@id\":\"https:\\\/\\\/www.berg-freunde.ch\\\/blog\\\/#website\"},\"primaryImageOfPage\":{\"@id\":\"https:\\\/\\\/www.berg-freunde.ch\\\/blog\\\/testbericht-adidas-terrex-freehiker\\\/#primaryimage\"},\"image\":{\"@id\":\"https:\\\/\\\/www.berg-freunde.ch\\\/blog\\\/testbericht-adidas-terrex-freehiker\\\/#primaryimage\"},\"thumbnailUrl\":\"https:\\\/\\\/www.berg-freunde.ch\\\/blog\\\/wp-content\\\/uploads\\\/2021\\\/05\\\/Testbericht-adidas-FreeHiker-Titel.jpg\",\"datePublished\":\"2022-06-24T11:30:00+00:00\",\"dateModified\":\"2026-04-28T07:46:16+00:00\",\"description\":\"Wie macht sich der Terrex Free Hiker im Gel\u00e4nde? Einen Testbericht zu dem Schuh findest Du im Basislager von Bergfreunde.de.\",\"breadcrumb\":{\"@id\":\"https:\\\/\\\/www.berg-freunde.ch\\\/blog\\\/testbericht-adidas-terrex-freehiker\\\/#breadcrumb\"},\"inLanguage\":\"de-CH\",\"potentialAction\":[{\"@type\":\"ReadAction\",\"target\":[\"https:\\\/\\\/www.berg-freunde.ch\\\/blog\\\/testbericht-adidas-terrex-freehiker\\\/\"]}]},{\"@type\":\"ImageObject\",\"inLanguage\":\"de-CH\",\"@id\":\"https:\\\/\\\/www.berg-freunde.ch\\\/blog\\\/testbericht-adidas-terrex-freehiker\\\/#primaryimage\",\"url\":\"https:\\\/\\\/www.berg-freunde.ch\\\/blog\\\/wp-content\\\/uploads\\\/2021\\\/05\\\/Testbericht-adidas-FreeHiker-Titel.jpg\",\"contentUrl\":\"https:\\\/\\\/www.berg-freunde.ch\\\/blog\\\/wp-content\\\/uploads\\\/2021\\\/05\\\/Testbericht-adidas-FreeHiker-Titel.jpg\",\"width\":1440,\"height\":400},{\"@type\":\"BreadcrumbList\",\"@id\":\"https:\\\/\\\/www.berg-freunde.ch\\\/blog\\\/testbericht-adidas-terrex-freehiker\\\/#breadcrumb\",\"itemListElement\":[{\"@type\":\"ListItem\",\"position\":1,\"name\":\"Blog\",\"item\":\"https:\\\/\\\/www.berg-freunde.ch\\\/blog\\\/\"},{\"@type\":\"ListItem\",\"position\":2,\"name\":\"Beratung\",\"item\":\"https:\\\/\\\/www.berg-freunde.ch\\\/blog\\\/category\\\/beratung\\\/\"},{\"@type\":\"ListItem\",\"position\":3,\"name\":\"Testberichte\",\"item\":\"https:\\\/\\\/www.berg-freunde.ch\\\/blog\\\/category\\\/beratung\\\/testberichte\\\/\"},{\"@type\":\"ListItem\",\"position\":4,\"name\":\"Der Terrex Free Hiker &#8211; Wanderschuh oder Sneaker?\"}]},{\"@type\":\"WebSite\",\"@id\":\"https:\\\/\\\/www.berg-freunde.ch\\\/blog\\\/#website\",\"url\":\"https:\\\/\\\/www.berg-freunde.ch\\\/blog\\\/\",\"name\":\"Bergfreunde\",\"description\":\"Blog\",\"publisher\":{\"@id\":\"https:\\\/\\\/www.berg-freunde.ch\\\/blog\\\/#organization\"},\"potentialAction\":[{\"@type\":\"SearchAction\",\"target\":{\"@type\":\"EntryPoint\",\"urlTemplate\":\"https:\\\/\\\/www.berg-freunde.ch\\\/blog\\\/?s={search_term_string}\"},\"query-input\":{\"@type\":\"PropertyValueSpecification\",\"valueRequired\":true,\"valueName\":\"search_term_string\"}}],\"inLanguage\":\"de-CH\"},{\"@type\":\"Organization\",\"@id\":\"https:\\\/\\\/www.berg-freunde.ch\\\/blog\\\/#organization\",\"name\":\"Bergfreunde\",\"url\":\"https:\\\/\\\/www.berg-freunde.ch\\\/blog\\\/\",\"logo\":{\"@type\":\"ImageObject\",\"inLanguage\":\"de-CH\",\"@id\":\"https:\\\/\\\/www.berg-freunde.ch\\\/blog\\\/#\\\/schema\\\/logo\\\/image\\\/\",\"url\":\"https:\\\/\\\/www.berg-freunde.ch\\\/blog\\\/wp-content\\\/uploads\\\/2023\\\/12\\\/Bergfreunde_DE_rgb.svg\",\"contentUrl\":\"https:\\\/\\\/www.berg-freunde.ch\\\/blog\\\/wp-content\\\/uploads\\\/2023\\\/12\\\/Bergfreunde_DE_rgb.svg\",\"caption\":\"Bergfreunde\"},\"image\":{\"@id\":\"https:\\\/\\\/www.berg-freunde.ch\\\/blog\\\/#\\\/schema\\\/logo\\\/image\\\/\"},\"sameAs\":[\"https:\\\/\\\/www.facebook.com\\\/bergfreunde\",\"https:\\\/\\\/www.instagram.com\\\/bergfreundede\\\/\"]},{\"@type\":\"Person\",\"@id\":\"https:\\\/\\\/www.berg-freunde.ch\\\/blog\\\/#\\\/schema\\\/person\\\/6ac3327294ce276d7318b1f9c408382e\",\"name\":\"Gastautor\",\"url\":\"https:\\\/\\\/www.berg-freunde.ch\\\/blog\\\/about\\\/gastautor\\\/\"}]}<\/script>\n<!-- \/ Yoast SEO Premium plugin. -->","yoast_head_json":{"title":"Der Terrex Free Hiker - Wanderschuh oder Sneaker?","description":"Wie macht sich der Terrex Free Hiker im Gel\u00e4nde? Einen Testbericht zu dem Schuh findest Du im Basislager von Bergfreunde.de.","robots":{"index":"index","follow":"follow","max-snippet":"max-snippet:-1","max-image-preview":"max-image-preview:large","max-video-preview":"max-video-preview:-1"},"canonical":"https:\/\/www.berg-freunde.ch\/blog\/testbericht-adidas-terrex-freehiker\/","og_locale":"de_DE","og_type":"article","og_title":"Der Terrex Free Hiker - Wanderschuh oder Sneaker?","og_description":"Wie macht sich der Terrex Free Hiker im Gel\u00e4nde? Einen Testbericht zu dem Schuh findest Du im Basislager von Bergfreunde.de.","og_url":"https:\/\/www.berg-freunde.ch\/blog\/testbericht-adidas-terrex-freehiker\/","og_site_name":"Bergfreunde","article_publisher":"https:\/\/www.facebook.com\/bergfreunde","article_published_time":"2022-06-24T11:30:00+00:00","article_modified_time":"2026-04-28T07:46:16+00:00","og_image":[{"width":1440,"height":400,"url":"https:\/\/www.berg-freunde.ch\/blog\/wp-content\/uploads\/2021\/05\/Testbericht-adidas-FreeHiker-Titel.jpg","type":"image\/jpeg"}],"author":"Gastautor","twitter_card":"summary_large_image","twitter_misc":{"Geschrieben von":"Gastautor","Gesch\u00e4tzte Lesezeit":"4\u00a0Minuten"},"schema":{"@context":"https:\/\/schema.org","@graph":[{"@type":["Article","BlogPosting"],"@id":"https:\/\/www.berg-freunde.ch\/blog\/testbericht-adidas-terrex-freehiker\/#article","isPartOf":{"@id":"https:\/\/www.berg-freunde.ch\/blog\/testbericht-adidas-terrex-freehiker\/"},"author":{"name":"Gastautor","@id":"https:\/\/www.berg-freunde.ch\/blog\/#\/schema\/person\/6ac3327294ce276d7318b1f9c408382e"},"headline":"Der Terrex Free Hiker &#8211; Wanderschuh oder Sneaker?","datePublished":"2022-06-24T11:30:00+00:00","dateModified":"2026-04-28T07:46:16+00:00","mainEntityOfPage":{"@id":"https:\/\/www.berg-freunde.ch\/blog\/testbericht-adidas-terrex-freehiker\/"},"wordCount":823,"commentCount":1,"publisher":{"@id":"https:\/\/www.berg-freunde.ch\/blog\/#organization"},"image":{"@id":"https:\/\/www.berg-freunde.ch\/blog\/testbericht-adidas-terrex-freehiker\/#primaryimage"},"thumbnailUrl":"https:\/\/www.berg-freunde.ch\/blog\/wp-content\/uploads\/2021\/05\/Testbericht-adidas-FreeHiker-Titel.jpg","keywords":["Wandern &amp; Trekking"],"articleSection":["Testberichte"],"inLanguage":"de-CH","potentialAction":[{"@type":"CommentAction","name":"Comment","target":["https:\/\/www.berg-freunde.ch\/blog\/testbericht-adidas-terrex-freehiker\/#respond"]}]},{"@type":"WebPage","@id":"https:\/\/www.berg-freunde.ch\/blog\/testbericht-adidas-terrex-freehiker\/","url":"https:\/\/www.berg-freunde.ch\/blog\/testbericht-adidas-terrex-freehiker\/","name":"Der Terrex Free Hiker - Wanderschuh oder Sneaker?","isPartOf":{"@id":"https:\/\/www.berg-freunde.ch\/blog\/#website"},"primaryImageOfPage":{"@id":"https:\/\/www.berg-freunde.ch\/blog\/testbericht-adidas-terrex-freehiker\/#primaryimage"},"image":{"@id":"https:\/\/www.berg-freunde.ch\/blog\/testbericht-adidas-terrex-freehiker\/#primaryimage"},"thumbnailUrl":"https:\/\/www.berg-freunde.ch\/blog\/wp-content\/uploads\/2021\/05\/Testbericht-adidas-FreeHiker-Titel.jpg","datePublished":"2022-06-24T11:30:00+00:00","dateModified":"2026-04-28T07:46:16+00:00","description":"Wie macht sich der Terrex Free Hiker im Gel\u00e4nde? Einen Testbericht zu dem Schuh findest Du im Basislager von Bergfreunde.de.","breadcrumb":{"@id":"https:\/\/www.berg-freunde.ch\/blog\/testbericht-adidas-terrex-freehiker\/#breadcrumb"},"inLanguage":"de-CH","potentialAction":[{"@type":"ReadAction","target":["https:\/\/www.berg-freunde.ch\/blog\/testbericht-adidas-terrex-freehiker\/"]}]},{"@type":"ImageObject","inLanguage":"de-CH","@id":"https:\/\/www.berg-freunde.ch\/blog\/testbericht-adidas-terrex-freehiker\/#primaryimage","url":"https:\/\/www.berg-freunde.ch\/blog\/wp-content\/uploads\/2021\/05\/Testbericht-adidas-FreeHiker-Titel.jpg","contentUrl":"https:\/\/www.berg-freunde.ch\/blog\/wp-content\/uploads\/2021\/05\/Testbericht-adidas-FreeHiker-Titel.jpg","width":1440,"height":400},{"@type":"BreadcrumbList","@id":"https:\/\/www.berg-freunde.ch\/blog\/testbericht-adidas-terrex-freehiker\/#breadcrumb","itemListElement":[{"@type":"ListItem","position":1,"name":"Blog","item":"https:\/\/www.berg-freunde.ch\/blog\/"},{"@type":"ListItem","position":2,"name":"Beratung","item":"https:\/\/www.berg-freunde.ch\/blog\/category\/beratung\/"},{"@type":"ListItem","position":3,"name":"Testberichte","item":"https:\/\/www.berg-freunde.ch\/blog\/category\/beratung\/testberichte\/"},{"@type":"ListItem","position":4,"name":"Der Terrex Free Hiker &#8211; Wanderschuh oder Sneaker?"}]},{"@type":"WebSite","@id":"https:\/\/www.berg-freunde.ch\/blog\/#website","url":"https:\/\/www.berg-freunde.ch\/blog\/","name":"Bergfreunde","description":"Blog","publisher":{"@id":"https:\/\/www.berg-freunde.ch\/blog\/#organization"},"potentialAction":[{"@type":"SearchAction","target":{"@type":"EntryPoint","urlTemplate":"https:\/\/www.berg-freunde.ch\/blog\/?s={search_term_string}"},"query-input":{"@type":"PropertyValueSpecification","valueRequired":true,"valueName":"search_term_string"}}],"inLanguage":"de-CH"},{"@type":"Organization","@id":"https:\/\/www.berg-freunde.ch\/blog\/#organization","name":"Bergfreunde","url":"https:\/\/www.berg-freunde.ch\/blog\/","logo":{"@type":"ImageObject","inLanguage":"de-CH","@id":"https:\/\/www.berg-freunde.ch\/blog\/#\/schema\/logo\/image\/","url":"https:\/\/www.berg-freunde.ch\/blog\/wp-content\/uploads\/2023\/12\/Bergfreunde_DE_rgb.svg","contentUrl":"https:\/\/www.berg-freunde.ch\/blog\/wp-content\/uploads\/2023\/12\/Bergfreunde_DE_rgb.svg","caption":"Bergfreunde"},"image":{"@id":"https:\/\/www.berg-freunde.ch\/blog\/#\/schema\/logo\/image\/"},"sameAs":["https:\/\/www.facebook.com\/bergfreunde","https:\/\/www.instagram.com\/bergfreundede\/"]},{"@type":"Person","@id":"https:\/\/www.berg-freunde.ch\/blog\/#\/schema\/person\/6ac3327294ce276d7318b1f9c408382e","name":"Gastautor","url":"https:\/\/www.berg-freunde.ch\/blog\/about\/gastautor\/"}]}},"_links":{"self":[{"href":"https:\/\/www.berg-freunde.ch\/blog\/wp-json\/wp\/v2\/posts\/67759","targetHints":{"allow":["GET"]}}],"collection":[{"href":"https:\/\/www.berg-freunde.ch\/blog\/wp-json\/wp\/v2\/posts"}],"about":[{"href":"https:\/\/www.berg-freunde.ch\/blog\/wp-json\/wp\/v2\/types\/post"}],"author":[{"embeddable":true,"href":"https:\/\/www.berg-freunde.ch\/blog\/wp-json\/wp\/v2\/users\/26"}],"replies":[{"embeddable":true,"href":"https:\/\/www.berg-freunde.ch\/blog\/wp-json\/wp\/v2\/comments?post=67759"}],"version-history":[{"count":1,"href":"https:\/\/www.berg-freunde.ch\/blog\/wp-json\/wp\/v2\/posts\/67759\/revisions"}],"predecessor-version":[{"id":132897,"href":"https:\/\/www.berg-freunde.ch\/blog\/wp-json\/wp\/v2\/posts\/67759\/revisions\/132897"}],"wp:featuredmedia":[{"embeddable":true,"href":"https:\/\/www.berg-freunde.ch\/blog\/wp-json\/wp\/v2\/media\/67761"}],"wp:attachment":[{"href":"https:\/\/www.berg-freunde.ch\/blog\/wp-json\/wp\/v2\/media?parent=67759"}],"wp:term":[{"taxonomy":"category","embeddable":true,"href":"https:\/\/www.berg-freunde.ch\/blog\/wp-json\/wp\/v2\/categories?post=67759"},{"taxonomy":"post_tag","embeddable":true,"href":"https:\/\/www.berg-freunde.ch\/blog\/wp-json\/wp\/v2\/tags?post=67759"},{"taxonomy":"post_folder","embeddable":true,"href":"https:\/\/www.berg-freunde.ch\/blog\/wp-json\/wp\/v2\/post_folder?post=67759"}],"curies":[{"name":"wp","href":"https:\/\/api.w.org\/{rel}","templated":true}]}}