{"id":67825,"date":"2019-05-21T12:13:03","date_gmt":"2019-05-21T10:13:03","guid":{"rendered":"https:\/\/www.bergfreunde.de\/blog\/paklenica-klettern\/"},"modified":"2023-07-26T14:58:50","modified_gmt":"2023-07-26T12:58:50","slug":"paklenica-klettern","status":"publish","type":"post","link":"https:\/\/www.berg-freunde.ch\/blog\/paklenica-klettern\/","title":{"rendered":"Klettern in Kroatien: Paklenica &#8211; Felsen und Meer an der Adria"},"content":{"rendered":"\n<p>Schroffe Felsen, tiefe Schluchten, atemberaubende Landschaft, warmes Klima und ein glasklares Meer. Mit dabei nicht nur ein bzw. mehrere Str\u00e4nde zum Baden, ein hervorragendes Wanderrevier und malerische kleine St\u00e4dte, sondern vielmehr auch ein top ausgebautes Klettergebiet mit Routen f\u00fcr nahezu alle Bed\u00fcrfnisse. Klingt zu gut um wahr zu sein? Nicht ganz, denn diesen Ort gibt es wirklich. Und ich rede dabei nicht vom Lummerland oder der Taka-Tuka-Insel, sondern vom Nationalpark Paklenica in der N\u00e4he von Zadar, Kroatien.<\/p>\n\n\n\n<h2 class=\"wp-block-heading\" id=\"h-paklenica-nationalpark-mit-tradition\">Paklenica \u2013 Nationalpark mit Tradition<\/h2>\n\n\n<div class=\"wp-block-image\">\n<figure class=\"alignright size-large is-resized\"><a href=\"https:\/\/www.bergfreunde.de\/blog\/wp-content\/uploads\/2021\/05\/Mala_Paklenica.jpg\"><img fetchpriority=\"high\" decoding=\"async\" src=\"https:\/\/www.bergfreunde.de\/blog\/wp-content\/uploads\/2021\/05\/Mala_Paklenica.jpg\" alt=\"Paklenica Nationalpark\" width=\"250\" height=\"332\"\/><\/a><figcaption class=\"wp-element-caption\">Ein Traum in grau-gr\u00fcn&#8230; (Foto: JuVlai [CC BY-SA 2.0 (https:\/\/creativecommons.org\/licenses\/by-sa\/2.0)])<\/figcaption><\/figure>\n<\/div>\n\n\n<p>Den Nationalpark Paklenica gibt es schon vergleichsweise lange. Bereits <strong>1949<\/strong> wurde das nord\u00f6stlich von der Gemeinde Starigrad-Paklenica liegende Gebiet <strong>zum Nationalpark erkl\u00e4rt<\/strong>. Mit der Gr\u00fcndung des Nationalparks wurde auch der Name Paklenica gebr\u00e4uchlich und dient seither als Sammelbegriff f\u00fcr zahlreiche Schluchten, Felsen und Berge. Rund 30 Jahre sp\u00e4ter wurde au\u00dferdem die UNESCO auf die zu weiten Teilen im Nationalpark liegende <strong>Gebirgskette<\/strong> des <strong>Velebit<\/strong> aufmerksam und erkl\u00e4rte sie 1978 zum <strong>Biosph\u00e4renreservat<\/strong>.<br>Besonders beeindruckend ist dabei aber nicht nur die karge und teilweise bizarr geformte Landschaft. Die Region ist auch eine ideale Mischung aus Bergwelt, K\u00fcste und Meer. Au\u00dferdem steht Paklenica f\u00fcr eine gro\u00dfe Artenvielfalt. Das Velebit-Gebirgsmassiv f\u00e4llt von \u00fcber 1700 m H\u00f6he bis an die Adria hinunter ab. Kein Wunder also, dass \u00fcber <strong>500 bekannte Pflanzen<\/strong>&#8211; und unz\u00e4hlige Tierarten hier beheimatet sind. Darunter beispielsweise auch seltene und besonders gesch\u00fctzte Arten wie Braunb\u00e4ren, G\u00e4nsegeier oder Luchse. Aber auch Schlangen, Skorpione und Co. sind hier keine Seltenheit.<\/p>\n\n\n\n<p>Schon allein die Tatsache, dass man sich in dieser beeindruckenden Natur befindet, sollte <strong>einige Verhaltensregeln<\/strong> eigentlich selbstverst\u00e4ndlich machen. Dennoch gibt es auch seitens des Nationalparks ein paar Regeln, die man beachten muss. So darf beispielsweise <strong>nur in ausgewiesenen Routen\/Zonen geklettert<\/strong> werden. Diese sind jedoch so zahlreich, dass hier niemand zu kurz kommt oder sich schnell langweilt. Auch wird f\u00fcr das Klettern und Wandern im Park eine <strong>Eintrittsgeb\u00fchr f\u00e4llig.<\/strong> Diese ist am Parkeingang zu entrichten und bel\u00e4uft sich aktuell pro Tag f\u00fcr einen Erwachsenen in der Hauptsaison auf 7,70 \u20ac. Allerdings k\u00f6nnen auch Tickets f\u00fcr 3 oder 5 Tage erworben werden. Hier gibt es dann nochmals ordentlich Rabatt. Die Tickets lassen sich auch auf der Internetseite des Nationalparks buchen, so kann man bereits bequem von zu Hause aus den Aufenthalt organisieren.<\/p>\n\n\n\n<h2 class=\"wp-block-heading\" id=\"h-paklenica-sportklettergebiet-mit-allem-drum-und-dran\">Paklenica \u2013 Sportklettergebiet mit allem Drum und Dran<\/h2>\n\n\n<div class=\"wp-block-image\">\n<figure class=\"alignright size-large is-resized\"><a href=\"https:\/\/www.bergfreunde.de\/blog\/wp-content\/uploads\/2021\/05\/Nationalpark_Paklenica_Schlucht.jpg\"><img decoding=\"async\" src=\"https:\/\/www.bergfreunde.de\/blog\/wp-content\/uploads\/2021\/05\/Nationalpark_Paklenica_Schlucht.jpg\" alt=\"An diesen W\u00e4nden l\u00e4sst es sich gut klettern.\" width=\"350\" height=\"264\"\/><\/a><figcaption class=\"wp-element-caption\">An diesen W\u00e4nden d\u00fcrfte man locker f\u00fcndig werden&#8230; (Foto: Rootmaker [CC BY-SA 3.0 (http:\/\/creativecommons.org\/licenses\/by-sa\/3.0\/)])<\/figcaption><\/figure>\n<\/div>\n\n\n<p>Das Klettern in Paklenica ist einfach gro\u00dfartig! Alleine die Vielzahl an Routen und deren unterschiedliche Charakteristik l\u00e4sst nahezu keine W\u00fcnsche offen. Hierzu vorab einmal ein kleiner Steckbrief des Gebiets:<\/p>\n\n\n\n<ul class=\"wp-block-list\">\n<li><strong>Gestein<\/strong>: Kalk<\/li>\n\n\n\n<li><strong>St\u00fctzpunkt<\/strong>: Starigrad-Paklenica, ca. 30 km n\u00f6rdlich von Zadar<\/li>\n\n\n\n<li><strong>Ausgangspunkt<\/strong>: Parkplatz am Eingang des Nationalparks bzw. Parkplatz im Nationalpark<\/li>\n\n\n\n<li><strong>Zustieg<\/strong>: stark vom Sektor abh\u00e4ngig, 2 min \u2013 \u00fcber 1 Std.<\/li>\n\n\n\n<li><strong>Ausrichtung<\/strong>: in der Schlucht West und Ost, am Anica kuk auch Nord und Nord-West<br>11 Sektoren mit etwa 500 Routen<\/li>\n\n\n\n<li><strong>Routenl\u00e4nge<\/strong>: Einseill\u00e4ngen mit bis zu 35 m, Mehrseill\u00e4ngenrouten mit bis zu 350 m in 13 Seill\u00e4ngen<\/li>\n\n\n\n<li><strong>Schwierigkeit<\/strong>: 3 bis 8b+<\/li>\n\n\n\n<li><strong>Ausr\u00fcstung<\/strong>: neben Sportkletterausr\u00fcstung auch Bandschlingen, mindestens 60 (besser 70) Meter Seil erforderlich, oft auch Klemmkeile und mobile Klemmger\u00e4te<br>zu weiten Teilen familienfreundlich, Absicherung stark unterschiedlich, dennoch zahlreiche gut abgesicherte Routen<\/li>\n\n\n\n<li><strong>Literatur<\/strong>: Kletterf\u00fchrer \u201ePaklenica\u201c von Boris \u010cujic<\/li>\n<\/ul>\n\n\n\n<p>In Paklenica kommt wirklich jeder Kletterer auf seine Kosten. Wer es gerne <strong>alpin<\/strong> mag, bittesch\u00f6n, kein Problem! Ab zum <strong>Anika kuk<\/strong>. Wer es lieber familienfreundlich mag oder auf Sportklettern aus ist, wird hingegen gleich am Eingang der Schlucht f\u00fcndig. Von dort aus f\u00fchrt ein gut ausgebauter Weg weit in die Schlucht hinein, von dem aus immer wieder zahlreiche Routen einfach zu erreichen sind. Au\u00dferdem gibt es am <strong>Parkeingang eine Information<\/strong>, die bei Fragen weiterhelfen kann, es sind sanit\u00e4re Anlagen vorhanden, und im Notfall kann von hier aus auch die Bergrettung verst\u00e4ndigt werden.<\/p>\n\n\n<div class=\"wp-block-image\">\n<figure class=\"alignright size-large is-resized\"><a href=\"https:\/\/www.bergfreunde.de\/blog\/wp-content\/uploads\/2021\/05\/Felsformation-Paklenica.jpg\"><img decoding=\"async\" src=\"https:\/\/www.bergfreunde.de\/blog\/wp-content\/uploads\/2021\/05\/Felsformation-Paklenica.jpg\" alt=\"Zahlreiche sch\u00f6ne Felsformationen schm\u00fccken die Landschaft in Paklenica\" width=\"350\" height=\"259\"\/><\/a><figcaption class=\"wp-element-caption\">Zahlreiche sch\u00f6ne Felsformationen schm\u00fccken die Landschaft in Paklenica (Foto: Chmee2 [CC BY 3.0 (https:\/\/creativecommons.org\/licenses\/by\/3.0)])<\/figcaption><\/figure>\n<\/div>\n\n\n<p>Eine allgemeine Charakteristik der Routen ist dabei nur schwer auszumachen. In den einzelnen Sektoren <strong>kann sich die Kletterei stark unterscheiden<\/strong>. Vielerorts ist das Klettern recht steil, das Gestein nicht selten gro\u00dfgriffig und zerkl\u00fcftet, doch auch Reibungskletterei und Plattenschleicherei ist in Paklenica mitunter m\u00f6glich. Dar\u00fcber hinaus ist hier alles anzutreffen, was anst\u00e4ndiges Kalkgestein in der Regel so auf Lager hat: Wasserrillen, Risse, L\u00f6cher, Tropfen, hier gibt es nichts, was es nicht gibt.<\/p>\n\n\n\n<p>Von Paklenica gibt es einen <strong>Kletterf\u00fchrer<\/strong>, der 2017 komplett \u00fcberarbeitet wurde und im Astroida-Verlag erschienen ist. Dieser ist mehrsprachig aufgebaut und enth\u00e4lt alle wichtigen Informationen auch auf Deutsch, was das Handling sehr angenehm macht. Zu jeder Route gibt es wichtige Angaben zu Schwierigkeitsgrad, L\u00e4nge, Absicherung etc. Dar\u00fcber hinaus erleichtern zahlreiche Abbildungen und Skizzen die Orientierung und Wegfindung. Gerade <strong>bei den angegebenen Schwierigkeitsgraden sollte man jedoch ein wenig vorsichtig<\/strong> sein. Denn nicht immer ist beispielsweise eine 5a im einen Sektor mit einer 5a zwei Sektoren weiter taleinw\u00e4rts vergleichbar.<\/p>\n\n\n\n<p>Der Fehler liegt hier jedoch nicht beim F\u00fchrer, sondern ist vielmehr darin zu sehen, dass in Paklenica schon <strong>vergleichsweise lange geklettert<\/strong> wird, und so gerade \u00e4ltere Bewertungen nicht mehr unbedingt zu den neueren passen. Auch kann es sein, dass sich Routen im Lauf der Jahre aufgrund von polierten oder herausgebrochenen Griffen stark ver\u00e4ndert haben. Hier ist definitiv ein kritischer Blick und ein <strong>gutes Einsch\u00e4tzungsverm\u00f6gen am Wandfu\u00df<\/strong> gefragt.<\/p>\n\n\n\n<h2 class=\"wp-block-heading\" id=\"h-paklenica-ruhetage-aktiv-gestalten\">Paklenica \u2013 \u201eRuhetage\u201c aktiv gestalten<\/h2>\n\n\n\n<p>Wer kennt das nicht, sp\u00e4testens nach vier bis f\u00fcnf Tagen sind die Finger lang gezogen, die Fingerspitzen schmerzen, das Knie hat man sich auch bereits ordentlich angeschlagen und \u00fcberhaupt w\u00e4re ein Tag ohne gr\u00f6\u00dferen Felskontakt mal ganz nett. Was aber tun?<\/p>\n\n\n\n<h3 class=\"wp-block-heading\" id=\"h-wandern\">Wandern<\/h3>\n\n\n<div class=\"wp-block-image\">\n<figure class=\"alignright size-large is-resized\"><a href=\"https:\/\/www.bergfreunde.de\/blog\/wp-content\/uploads\/2021\/05\/Ruine-Paklenica.jpg\"><img loading=\"lazy\" decoding=\"async\" src=\"https:\/\/www.bergfreunde.de\/blog\/wp-content\/uploads\/2021\/05\/Ruine-Paklenica.jpg\" alt=\"Nat\u00fcrlich kann man in Paklenica auch super wandern.\" width=\"350\" height=\"261\"\/><\/a><figcaption class=\"wp-element-caption\">Nat\u00fcrlich kann man in Paklenica auch super wandern&#8230; (Foto: Dreamy Pixel [CC BY 4.0 (https:\/\/creativecommons.org\/licenses\/by\/4.0)])<\/figcaption><\/figure>\n<\/div>\n\n\n<p>Wie bereits erw\u00e4hnt bietet der Nationalpark Paklenica auch zahlreiche Wanderm\u00f6glichkeiten. \u00dcber <strong>150 km gut beschilderte Wanderwege<\/strong> gibt es hier. Diese sind mal anspruchsvoller, mal gem\u00fctlicher und f\u00fchren nicht selten zu einem oder mehreren Aussichtspunkten. Gerade von den h\u00f6heren Bergen aus hat man einen guten Rundumblick und kann nicht nur weite <strong>Teile der K\u00fcste \u00fcberblicken<\/strong>, sondern sieht auch ein gutes St\u00fcck ins Landesinnere hinein. Doch egal wohin gewandert wird, eines sollte man immer im Hinterkopf haben: Immer auf den Wegen bleiben. Denn im Nationalpark wird nicht nur der Naturschutz gro\u00df geschrieben, es gibt hier auch Schlangenarten, die giftig sind und deren Biss zu einigen Unannehmlichkeiten f\u00fchren kann. Dar\u00fcber hinaus ist gerade in den abgelegenen Landesteilen die Gefahr von Landminen aus dem Kroatienkrieg noch immer nicht gebannt.<\/p>\n\n\n\n<h3 class=\"wp-block-heading\" id=\"h-baden\">Baden<\/h3>\n\n\n\n<p>Warum nicht mal einen <strong>Tag am Strand<\/strong> verbringen? Das ist in Starigrad-Paklenica und Umgebung wirklich kein Problem. Bei den Str\u00e4nden handelt es sich hier allerdings nicht um wei\u00dfe Sandstr\u00e4nde, sondern vielmehr, recht typisch f\u00fcr die Adriak\u00fcste, um <strong>Kiesstr\u00e4nde<\/strong>. Das Wasser ist meist glasklar und sauber. Wer hier beispielsweise Schnorcheln m\u00f6chte, hat also gute Chance auch wirklich was zu sehen. Der massenhafte Badetourismus ist in der Gegend noch nicht angekommen, und so ist es problemlos m\u00f6glich einen gem\u00fctlichen Tag an den Gestaden der Adria zu verbringen. Doch aufgepasst: An der Adria gef\u00e4llt es nicht nur Schwimmern, sondern leider auch den <strong>Seeigeln<\/strong> recht gut. Wer hier also ins Wasser geht und nicht unbedingt ein stacheliges Andenken in der Fu\u00dfsohle mit nach Hause nehmen m\u00f6chte, der sollte Neoprenschuhe oder \u00c4hnliches tragen.<\/p>\n\n\n\n<h3 class=\"wp-block-heading\" id=\"h-kultur\">Kultur<\/h3>\n\n\n\n<p>Kroatien hat zahlreiche <strong>historische St\u00e4dte<\/strong> mit wirklich beeindruckenden Stadtzentren zu bieten. Ein paar davon sind von <strong>Starigrad-Paklenica<\/strong> aus mit dem Auto bequem als Tagesausflug zu erreichen. Denn die Entfernungen sind nicht allzu gro\u00df und die Autobahnen und Schnellstra\u00dfen f\u00fchren z\u00fcgig zum Ziel. So kann man beispielsweise <strong>Zadar, Split<\/strong> oder auch das weniger bekannte Karlovac gut erreichen. Nicht zu vergessen sei auch der Nationalpark der Plitvicer Seen, den man einfach einmal gesehen haben muss.<\/p>\n\n\n\n<h2 class=\"wp-block-heading\" id=\"h-paklenica-touristische-infrastruktur\">Paklenica \u2013 Touristische Infrastruktur<\/h2>\n\n\n\n<p>Starigrad-Paklenica ist eigentlich gar kein einheitlicher Ort, die Gemeinde besteht vielmehr aus den drei Orten <strong>Seline, Tribanj und Starigrad<\/strong>. Durch die Gr\u00fcndung des Nationalparks und das milit\u00e4rische Sperrgebiet in den 1990ern sind der Gemeinde gl\u00fccklicherweise schlimmere Baus\u00fcnden erspart geblieben. In allen Ortsteilen hat seit den 2000ern der Tourismus Einzug gehalten. Hier gibt es<strong> zahlreiche Privatunterk\u00fcnfte und Ferienwohnungen<\/strong>. Auch Hotels und Campingpl\u00e4tze sind in ausreichender Zahl vorhanden. Dar\u00fcber hinaus gibt es alles, was es f\u00fcr einen gelungenen Aufenthalt braucht. Restaurants, die gute einheimische K\u00fcche zu fairen Preisen servieren, aber auch Superm\u00e4rkte und L\u00e4den, in denen die Dinge des t\u00e4glichen Bedarfs problemlos gekauft werden k\u00f6nnen.<\/p>\n\n\n<div class=\"wp-block-image\">\n<figure class=\"alignright size-large is-resized\"><a href=\"https:\/\/www.bergfreunde.de\/blog\/wp-content\/uploads\/2021\/05\/Hoehle-Paklenica.jpg\"><img loading=\"lazy\" decoding=\"async\" src=\"https:\/\/www.bergfreunde.de\/blog\/wp-content\/uploads\/2021\/05\/Hoehle-Paklenica.jpg\" alt=\"Und wer keine Lust mehr hat, verkriecht sich einfach in einer H\u00f6hle\" width=\"350\" height=\"259\"\/><\/a><figcaption class=\"wp-element-caption\">Und wer keine Lust mehr hat, verkriecht sich einfach in einer H\u00f6hle :) (Foto: Chmee2 [CC BY 3.0 (https:\/\/creativecommons.org\/licenses\/by\/3.0)])<\/figcaption><\/figure>\n<\/div>\n\n\n<p>Mit dem Auto erreicht man Starigrad-Paklenica bequem \u00fcber die gut ausgebaute kroatische Autobahn A1. F\u00fcr die Fahrt von S\u00fcddeutschland aus muss hier je nach Ausgangspunkt und Route mit einer <strong>Fahrzeit ohne Pausen von ca. 8 Std. (M\u00fcnchen)<\/strong> bis 12 Std. (Frankfurt, Freiburg) gerechnet werden. Auch ohne Auto ist Starigrad-Paklenica zu erreichen. Hier wird es jedoch ein wenig komplizierter. Fl\u00fcge nach Zadar gibt es von vielen deutschen Flugh\u00e4fen. Beispielsweise von Stuttgart, Frankfurt oder Berlin sind auch Direktfl\u00fcge m\u00f6glich. Von Zadar aus gibt es dreimal am Tag einen Bus nach Starigrad-Paklenica.<\/p>\n\n\n\n<p>Auch ist Zadar mit einer <strong>Kombination aus Bahn und Bus<\/strong> zu erreichen, jedoch muss man hierbei vergleichsweise lange Reisezeiten einplanen, was mitunter an der langsamen Kroatischen Bahn liegt. Eine genaue Fahrzeit nach Zadar war \u00fcber das Online-Portal der Deutschen Bahn nicht zu ermitteln. Hierzu jedoch zwei Vergleichswerte: F\u00fcr die Strecke Stuttgart-Zagreb veranschlagt die Deutsche Bahn rund 12,5 Stunden, von Stuttgart nach Split sind es schon ca. 21 Stunden. Laut Angaben der Kroatischen Bahn gibt es eine kombinierte Bahn\/Bus-Verbindung von Zagreb nach Zadar, hierf\u00fcr sollte man jedoch mit rund 8,5 Stunden rechnen. Wer also Lust auf ein Abenteuer hat, kann das gerne einmal ausprobieren\u2026<\/p>\n\n\n\n<h2 class=\"wp-block-heading\" id=\"h-paklenica-immer-eine-reise-wert\">Paklenica \u2013 Immer eine Reise wert<\/h2>\n\n\n\n<p>F\u00fcr Kletterer ist Starigrad-Paklenica wirklich super. Das Gebiet ist <strong>riesig, atemberaubend und wundersch\u00f6n<\/strong>. Die vergleichsweise kleinen Orte sind dabei f\u00fcr Touristen sehr angenehm, sie bieten alles, was es f\u00fcr einen unbeschwerten Urlaub braucht, sind aber weit davon entfernt, unangenehme Touristenhochburgen f\u00fcr Party- oder Pauschaltouristen zu sein. Gerade Starigrad ist in der Hauptsaison ein Kletterhotspot, wo man immer wieder auf Gleichgesinnte trifft.<\/p>\n\n\n\n<p>Wer nach Paklenica kommt, der wird also vor allem eines vorfinden: eine <strong>wunderbare Kombination aus Meer und s\u00fcdlichem Flair<\/strong> der Adria sowie <strong>schroffe Felsen<\/strong> und eine <strong>faszinierende Bergwelt<\/strong> im unmittelbaren Hinterland. Klettern, Wandern, Seele baumeln lassen, all das ist hier problemlos m\u00f6glich.<\/p>\n","protected":false},"excerpt":{"rendered":"<p>Schroffe Felsen, tiefe Schluchten, atemberaubende Landschaft, warmes Klima und ein glasklares Meer. Mit dabei nicht nur ein bzw. mehrere Str\u00e4nde zum Baden, ein hervorragendes Wanderrevier und malerische kleine St\u00e4dte, sondern vielmehr auch ein top ausgebautes Klettergebiet mit Routen f\u00fcr nahezu alle Bed\u00fcrfnisse. Klingt zu gut um wahr zu sein? Nicht ganz, denn diesen Ort gibt [&hellip;]<\/p>\n","protected":false},"author":18,"featured_media":89756,"comment_status":"open","ping_status":"closed","sticky":false,"template":"","format":"standard","meta":{"_acf_changed":false,"footnotes":""},"categories":[288],"tags":[],"post_folder":[],"class_list":["post-67825","post","type-post","status-publish","format-standard","has-post-thumbnail","hentry","category-touren-reisetipps"],"acf":[],"yoast_head":"<!-- This site is optimized with the Yoast SEO Premium plugin v27.4 (Yoast SEO v27.4) - https:\/\/yoast.com\/product\/yoast-seo-premium-wordpress\/ -->\n<title>Klettern in Kroatien: Paklenica - Felsen und Meer an der Adria | Bergfreunde<\/title>\n<meta name=\"description\" content=\"Schroffe Felsen, tiefe Schluchten, atemberaubende Landschaft, warmes Klima und ein glasklares Meer. Mit dabei nicht nur ein bzw. mehrere Str\u00e4nde zum\" \/>\n<meta name=\"robots\" content=\"index, follow, max-snippet:-1, max-image-preview:large, max-video-preview:-1\" \/>\n<link rel=\"canonical\" href=\"https:\/\/www.berg-freunde.ch\/blog\/paklenica-klettern\/\" \/>\n<meta property=\"og:locale\" content=\"de_DE\" \/>\n<meta property=\"og:type\" content=\"article\" \/>\n<meta property=\"og:title\" content=\"Klettern in Kroatien: Paklenica - Felsen und Meer an der Adria\" \/>\n<meta property=\"og:description\" content=\"Schroffe Felsen, tiefe Schluchten, atemberaubende Landschaft, warmes Klima und ein glasklares Meer. Mit dabei nicht nur ein bzw. mehrere Str\u00e4nde zum\" \/>\n<meta property=\"og:url\" content=\"https:\/\/www.berg-freunde.ch\/blog\/paklenica-klettern\/\" \/>\n<meta property=\"og:site_name\" content=\"Bergfreunde\" \/>\n<meta property=\"article:publisher\" content=\"https:\/\/www.facebook.com\/bergfreunde\" \/>\n<meta property=\"article:published_time\" content=\"2019-05-21T10:13:03+00:00\" \/>\n<meta property=\"article:modified_time\" content=\"2023-07-26T12:58:50+00:00\" \/>\n<meta property=\"og:image\" content=\"https:\/\/www.berg-freunde.ch\/blog\/wp-content\/uploads\/2019\/05\/20230627_Paklenica_Titel.jpg\" \/>\n\t<meta property=\"og:image:width\" content=\"1440\" \/>\n\t<meta property=\"og:image:height\" content=\"590\" \/>\n\t<meta property=\"og:image:type\" content=\"image\/jpeg\" \/>\n<meta name=\"author\" content=\"Lisa\" \/>\n<meta name=\"twitter:card\" content=\"summary_large_image\" \/>\n<meta name=\"twitter:label1\" content=\"Geschrieben von\" \/>\n\t<meta name=\"twitter:data1\" content=\"Lisa\" \/>\n\t<meta name=\"twitter:label2\" content=\"Gesch\u00e4tzte Lesezeit\" \/>\n\t<meta name=\"twitter:data2\" content=\"9\u00a0Minuten\" \/>\n<script type=\"application\/ld+json\" class=\"yoast-schema-graph\">{\"@context\":\"https:\\\/\\\/schema.org\",\"@graph\":[{\"@type\":[\"Article\",\"BlogPosting\"],\"@id\":\"https:\\\/\\\/www.berg-freunde.ch\\\/blog\\\/paklenica-klettern\\\/#article\",\"isPartOf\":{\"@id\":\"https:\\\/\\\/www.berg-freunde.ch\\\/blog\\\/paklenica-klettern\\\/\"},\"author\":{\"name\":\"Lisa\",\"@id\":\"https:\\\/\\\/www.berg-freunde.ch\\\/blog\\\/#\\\/schema\\\/person\\\/0be5fb2399f7af8673f0e675d4964f8d\"},\"headline\":\"Klettern in Kroatien: Paklenica &#8211; Felsen und Meer an der Adria\",\"datePublished\":\"2019-05-21T10:13:03+00:00\",\"dateModified\":\"2023-07-26T12:58:50+00:00\",\"mainEntityOfPage\":{\"@id\":\"https:\\\/\\\/www.berg-freunde.ch\\\/blog\\\/paklenica-klettern\\\/\"},\"wordCount\":1808,\"commentCount\":0,\"publisher\":{\"@id\":\"https:\\\/\\\/www.berg-freunde.ch\\\/blog\\\/#organization\"},\"image\":{\"@id\":\"https:\\\/\\\/www.berg-freunde.ch\\\/blog\\\/paklenica-klettern\\\/#primaryimage\"},\"thumbnailUrl\":\"https:\\\/\\\/www.berg-freunde.ch\\\/blog\\\/wp-content\\\/uploads\\\/2019\\\/05\\\/20230627_Paklenica_Titel.jpg\",\"articleSection\":[\"Touren &amp; Reisetipps\"],\"inLanguage\":\"de-CH\",\"potentialAction\":[{\"@type\":\"CommentAction\",\"name\":\"Comment\",\"target\":[\"https:\\\/\\\/www.berg-freunde.ch\\\/blog\\\/paklenica-klettern\\\/#respond\"]}]},{\"@type\":\"WebPage\",\"@id\":\"https:\\\/\\\/www.berg-freunde.ch\\\/blog\\\/paklenica-klettern\\\/\",\"url\":\"https:\\\/\\\/www.berg-freunde.ch\\\/blog\\\/paklenica-klettern\\\/\",\"name\":\"Klettern in Kroatien: Paklenica - Felsen und Meer an der Adria | Bergfreunde\",\"isPartOf\":{\"@id\":\"https:\\\/\\\/www.berg-freunde.ch\\\/blog\\\/#website\"},\"primaryImageOfPage\":{\"@id\":\"https:\\\/\\\/www.berg-freunde.ch\\\/blog\\\/paklenica-klettern\\\/#primaryimage\"},\"image\":{\"@id\":\"https:\\\/\\\/www.berg-freunde.ch\\\/blog\\\/paklenica-klettern\\\/#primaryimage\"},\"thumbnailUrl\":\"https:\\\/\\\/www.berg-freunde.ch\\\/blog\\\/wp-content\\\/uploads\\\/2019\\\/05\\\/20230627_Paklenica_Titel.jpg\",\"datePublished\":\"2019-05-21T10:13:03+00:00\",\"dateModified\":\"2023-07-26T12:58:50+00:00\",\"description\":\"Schroffe Felsen, tiefe Schluchten, atemberaubende Landschaft, warmes Klima und ein glasklares Meer. Mit dabei nicht nur ein bzw. mehrere Str\u00e4nde zum\",\"breadcrumb\":{\"@id\":\"https:\\\/\\\/www.berg-freunde.ch\\\/blog\\\/paklenica-klettern\\\/#breadcrumb\"},\"inLanguage\":\"de-CH\",\"potentialAction\":[{\"@type\":\"ReadAction\",\"target\":[\"https:\\\/\\\/www.berg-freunde.ch\\\/blog\\\/paklenica-klettern\\\/\"]}]},{\"@type\":\"ImageObject\",\"inLanguage\":\"de-CH\",\"@id\":\"https:\\\/\\\/www.berg-freunde.ch\\\/blog\\\/paklenica-klettern\\\/#primaryimage\",\"url\":\"https:\\\/\\\/www.berg-freunde.ch\\\/blog\\\/wp-content\\\/uploads\\\/2019\\\/05\\\/20230627_Paklenica_Titel.jpg\",\"contentUrl\":\"https:\\\/\\\/www.berg-freunde.ch\\\/blog\\\/wp-content\\\/uploads\\\/2019\\\/05\\\/20230627_Paklenica_Titel.jpg\",\"width\":1440,\"height\":590},{\"@type\":\"BreadcrumbList\",\"@id\":\"https:\\\/\\\/www.berg-freunde.ch\\\/blog\\\/paklenica-klettern\\\/#breadcrumb\",\"itemListElement\":[{\"@type\":\"ListItem\",\"position\":1,\"name\":\"Blog\",\"item\":\"https:\\\/\\\/www.berg-freunde.ch\\\/blog\\\/\"},{\"@type\":\"ListItem\",\"position\":2,\"name\":\"Touren &amp; Reisetipps\",\"item\":\"https:\\\/\\\/www.berg-freunde.ch\\\/blog\\\/category\\\/touren-reisetipps\\\/\"},{\"@type\":\"ListItem\",\"position\":3,\"name\":\"Klettern in Kroatien: Paklenica &#8211; Felsen und Meer an der Adria\"}]},{\"@type\":\"WebSite\",\"@id\":\"https:\\\/\\\/www.berg-freunde.ch\\\/blog\\\/#website\",\"url\":\"https:\\\/\\\/www.berg-freunde.ch\\\/blog\\\/\",\"name\":\"Bergfreunde\",\"description\":\"Blog\",\"publisher\":{\"@id\":\"https:\\\/\\\/www.berg-freunde.ch\\\/blog\\\/#organization\"},\"potentialAction\":[{\"@type\":\"SearchAction\",\"target\":{\"@type\":\"EntryPoint\",\"urlTemplate\":\"https:\\\/\\\/www.berg-freunde.ch\\\/blog\\\/?s={search_term_string}\"},\"query-input\":{\"@type\":\"PropertyValueSpecification\",\"valueRequired\":true,\"valueName\":\"search_term_string\"}}],\"inLanguage\":\"de-CH\"},{\"@type\":\"Organization\",\"@id\":\"https:\\\/\\\/www.berg-freunde.ch\\\/blog\\\/#organization\",\"name\":\"Bergfreunde\",\"url\":\"https:\\\/\\\/www.berg-freunde.ch\\\/blog\\\/\",\"logo\":{\"@type\":\"ImageObject\",\"inLanguage\":\"de-CH\",\"@id\":\"https:\\\/\\\/www.berg-freunde.ch\\\/blog\\\/#\\\/schema\\\/logo\\\/image\\\/\",\"url\":\"https:\\\/\\\/www.berg-freunde.ch\\\/blog\\\/wp-content\\\/uploads\\\/2023\\\/12\\\/Bergfreunde_DE_rgb.svg\",\"contentUrl\":\"https:\\\/\\\/www.berg-freunde.ch\\\/blog\\\/wp-content\\\/uploads\\\/2023\\\/12\\\/Bergfreunde_DE_rgb.svg\",\"caption\":\"Bergfreunde\"},\"image\":{\"@id\":\"https:\\\/\\\/www.berg-freunde.ch\\\/blog\\\/#\\\/schema\\\/logo\\\/image\\\/\"},\"sameAs\":[\"https:\\\/\\\/www.facebook.com\\\/bergfreunde\",\"https:\\\/\\\/www.instagram.com\\\/bergfreundede\\\/\"]},{\"@type\":\"Person\",\"@id\":\"https:\\\/\\\/www.berg-freunde.ch\\\/blog\\\/#\\\/schema\\\/person\\\/0be5fb2399f7af8673f0e675d4964f8d\",\"name\":\"Lisa\",\"url\":\"https:\\\/\\\/www.berg-freunde.ch\\\/blog\\\/about\\\/lisa-kopas\\\/\"}]}<\/script>\n<!-- \/ Yoast SEO Premium plugin. -->","yoast_head_json":{"title":"Klettern in Kroatien: Paklenica - Felsen und Meer an der Adria | Bergfreunde","description":"Schroffe Felsen, tiefe Schluchten, atemberaubende Landschaft, warmes Klima und ein glasklares Meer. Mit dabei nicht nur ein bzw. mehrere Str\u00e4nde zum","robots":{"index":"index","follow":"follow","max-snippet":"max-snippet:-1","max-image-preview":"max-image-preview:large","max-video-preview":"max-video-preview:-1"},"canonical":"https:\/\/www.berg-freunde.ch\/blog\/paklenica-klettern\/","og_locale":"de_DE","og_type":"article","og_title":"Klettern in Kroatien: Paklenica - Felsen und Meer an der Adria","og_description":"Schroffe Felsen, tiefe Schluchten, atemberaubende Landschaft, warmes Klima und ein glasklares Meer. Mit dabei nicht nur ein bzw. mehrere Str\u00e4nde zum","og_url":"https:\/\/www.berg-freunde.ch\/blog\/paklenica-klettern\/","og_site_name":"Bergfreunde","article_publisher":"https:\/\/www.facebook.com\/bergfreunde","article_published_time":"2019-05-21T10:13:03+00:00","article_modified_time":"2023-07-26T12:58:50+00:00","og_image":[{"width":1440,"height":590,"url":"https:\/\/www.berg-freunde.ch\/blog\/wp-content\/uploads\/2019\/05\/20230627_Paklenica_Titel.jpg","type":"image\/jpeg"}],"author":"Lisa","twitter_card":"summary_large_image","twitter_misc":{"Geschrieben von":"Lisa","Gesch\u00e4tzte Lesezeit":"9\u00a0Minuten"},"schema":{"@context":"https:\/\/schema.org","@graph":[{"@type":["Article","BlogPosting"],"@id":"https:\/\/www.berg-freunde.ch\/blog\/paklenica-klettern\/#article","isPartOf":{"@id":"https:\/\/www.berg-freunde.ch\/blog\/paklenica-klettern\/"},"author":{"name":"Lisa","@id":"https:\/\/www.berg-freunde.ch\/blog\/#\/schema\/person\/0be5fb2399f7af8673f0e675d4964f8d"},"headline":"Klettern in Kroatien: Paklenica &#8211; Felsen und Meer an der Adria","datePublished":"2019-05-21T10:13:03+00:00","dateModified":"2023-07-26T12:58:50+00:00","mainEntityOfPage":{"@id":"https:\/\/www.berg-freunde.ch\/blog\/paklenica-klettern\/"},"wordCount":1808,"commentCount":0,"publisher":{"@id":"https:\/\/www.berg-freunde.ch\/blog\/#organization"},"image":{"@id":"https:\/\/www.berg-freunde.ch\/blog\/paklenica-klettern\/#primaryimage"},"thumbnailUrl":"https:\/\/www.berg-freunde.ch\/blog\/wp-content\/uploads\/2019\/05\/20230627_Paklenica_Titel.jpg","articleSection":["Touren &amp; Reisetipps"],"inLanguage":"de-CH","potentialAction":[{"@type":"CommentAction","name":"Comment","target":["https:\/\/www.berg-freunde.ch\/blog\/paklenica-klettern\/#respond"]}]},{"@type":"WebPage","@id":"https:\/\/www.berg-freunde.ch\/blog\/paklenica-klettern\/","url":"https:\/\/www.berg-freunde.ch\/blog\/paklenica-klettern\/","name":"Klettern in Kroatien: Paklenica - Felsen und Meer an der Adria | Bergfreunde","isPartOf":{"@id":"https:\/\/www.berg-freunde.ch\/blog\/#website"},"primaryImageOfPage":{"@id":"https:\/\/www.berg-freunde.ch\/blog\/paklenica-klettern\/#primaryimage"},"image":{"@id":"https:\/\/www.berg-freunde.ch\/blog\/paklenica-klettern\/#primaryimage"},"thumbnailUrl":"https:\/\/www.berg-freunde.ch\/blog\/wp-content\/uploads\/2019\/05\/20230627_Paklenica_Titel.jpg","datePublished":"2019-05-21T10:13:03+00:00","dateModified":"2023-07-26T12:58:50+00:00","description":"Schroffe Felsen, tiefe Schluchten, atemberaubende Landschaft, warmes Klima und ein glasklares Meer. Mit dabei nicht nur ein bzw. mehrere Str\u00e4nde zum","breadcrumb":{"@id":"https:\/\/www.berg-freunde.ch\/blog\/paklenica-klettern\/#breadcrumb"},"inLanguage":"de-CH","potentialAction":[{"@type":"ReadAction","target":["https:\/\/www.berg-freunde.ch\/blog\/paklenica-klettern\/"]}]},{"@type":"ImageObject","inLanguage":"de-CH","@id":"https:\/\/www.berg-freunde.ch\/blog\/paklenica-klettern\/#primaryimage","url":"https:\/\/www.berg-freunde.ch\/blog\/wp-content\/uploads\/2019\/05\/20230627_Paklenica_Titel.jpg","contentUrl":"https:\/\/www.berg-freunde.ch\/blog\/wp-content\/uploads\/2019\/05\/20230627_Paklenica_Titel.jpg","width":1440,"height":590},{"@type":"BreadcrumbList","@id":"https:\/\/www.berg-freunde.ch\/blog\/paklenica-klettern\/#breadcrumb","itemListElement":[{"@type":"ListItem","position":1,"name":"Blog","item":"https:\/\/www.berg-freunde.ch\/blog\/"},{"@type":"ListItem","position":2,"name":"Touren &amp; Reisetipps","item":"https:\/\/www.berg-freunde.ch\/blog\/category\/touren-reisetipps\/"},{"@type":"ListItem","position":3,"name":"Klettern in Kroatien: Paklenica &#8211; Felsen und Meer an der Adria"}]},{"@type":"WebSite","@id":"https:\/\/www.berg-freunde.ch\/blog\/#website","url":"https:\/\/www.berg-freunde.ch\/blog\/","name":"Bergfreunde","description":"Blog","publisher":{"@id":"https:\/\/www.berg-freunde.ch\/blog\/#organization"},"potentialAction":[{"@type":"SearchAction","target":{"@type":"EntryPoint","urlTemplate":"https:\/\/www.berg-freunde.ch\/blog\/?s={search_term_string}"},"query-input":{"@type":"PropertyValueSpecification","valueRequired":true,"valueName":"search_term_string"}}],"inLanguage":"de-CH"},{"@type":"Organization","@id":"https:\/\/www.berg-freunde.ch\/blog\/#organization","name":"Bergfreunde","url":"https:\/\/www.berg-freunde.ch\/blog\/","logo":{"@type":"ImageObject","inLanguage":"de-CH","@id":"https:\/\/www.berg-freunde.ch\/blog\/#\/schema\/logo\/image\/","url":"https:\/\/www.berg-freunde.ch\/blog\/wp-content\/uploads\/2023\/12\/Bergfreunde_DE_rgb.svg","contentUrl":"https:\/\/www.berg-freunde.ch\/blog\/wp-content\/uploads\/2023\/12\/Bergfreunde_DE_rgb.svg","caption":"Bergfreunde"},"image":{"@id":"https:\/\/www.berg-freunde.ch\/blog\/#\/schema\/logo\/image\/"},"sameAs":["https:\/\/www.facebook.com\/bergfreunde","https:\/\/www.instagram.com\/bergfreundede\/"]},{"@type":"Person","@id":"https:\/\/www.berg-freunde.ch\/blog\/#\/schema\/person\/0be5fb2399f7af8673f0e675d4964f8d","name":"Lisa","url":"https:\/\/www.berg-freunde.ch\/blog\/about\/lisa-kopas\/"}]}},"_links":{"self":[{"href":"https:\/\/www.berg-freunde.ch\/blog\/wp-json\/wp\/v2\/posts\/67825","targetHints":{"allow":["GET"]}}],"collection":[{"href":"https:\/\/www.berg-freunde.ch\/blog\/wp-json\/wp\/v2\/posts"}],"about":[{"href":"https:\/\/www.berg-freunde.ch\/blog\/wp-json\/wp\/v2\/types\/post"}],"author":[{"embeddable":true,"href":"https:\/\/www.berg-freunde.ch\/blog\/wp-json\/wp\/v2\/users\/18"}],"replies":[{"embeddable":true,"href":"https:\/\/www.berg-freunde.ch\/blog\/wp-json\/wp\/v2\/comments?post=67825"}],"version-history":[{"count":0,"href":"https:\/\/www.berg-freunde.ch\/blog\/wp-json\/wp\/v2\/posts\/67825\/revisions"}],"wp:featuredmedia":[{"embeddable":true,"href":"https:\/\/www.berg-freunde.ch\/blog\/wp-json\/wp\/v2\/media\/89756"}],"wp:attachment":[{"href":"https:\/\/www.berg-freunde.ch\/blog\/wp-json\/wp\/v2\/media?parent=67825"}],"wp:term":[{"taxonomy":"category","embeddable":true,"href":"https:\/\/www.berg-freunde.ch\/blog\/wp-json\/wp\/v2\/categories?post=67825"},{"taxonomy":"post_tag","embeddable":true,"href":"https:\/\/www.berg-freunde.ch\/blog\/wp-json\/wp\/v2\/tags?post=67825"},{"taxonomy":"post_folder","embeddable":true,"href":"https:\/\/www.berg-freunde.ch\/blog\/wp-json\/wp\/v2\/post_folder?post=67825"}],"curies":[{"name":"wp","href":"https:\/\/api.w.org\/{rel}","templated":true}]}}