{"id":68692,"date":"2018-01-25T11:12:47","date_gmt":"2018-01-25T09:12:47","guid":{"rendered":"https:\/\/www.bergfreunde.de\/blog\/fritz-miller-ogre-expedition\/"},"modified":"2023-01-12T14:00:22","modified_gmt":"2023-01-12T13:00:22","slug":"fritz-miller-ogre-expedition","status":"publish","type":"post","link":"https:\/\/www.berg-freunde.ch\/blog\/fritz-miller-ogre-expedition\/","title":{"rendered":"Ein gro\u00dfes, ernstes Ziel \u2013 Fritz Miller auf Ogre-III-Expedition"},"content":{"rendered":"<figure id=\"attachment_36717\" aria-describedby=\"caption-attachment-36717\" style=\"width: 300px\" class=\"wp-caption alignright\"><a href=\"https:\/\/www.bergfreunde.de\/blog\/wp-content\/uploads\/2021\/05\/Ogre-III-Linien-des-geplanten-Aufstiegs.jpg\"><img fetchpriority=\"high\" decoding=\"async\" class=\"size-medium wp-image-36717\" src=\"https:\/\/www.bergfreunde.de\/blog\/wp-content\/uploads\/2021\/05\/Ogre-III-Linien-des-geplanten-Aufstiegs-300x225.jpg\" alt=\"Ein gro\u00dfes, ernstes Ziel \u2013 Fritz Miller auf Ogre-III-Expedition\" width=\"300\" height=\"225\" \/><\/a><figcaption id=\"caption-attachment-36717\" class=\"wp-caption-text\">Der Ogre III (ca. 6950 m) mit der Linien des geplanten Aufstiegs und dem Gletschrbruch (unten)<\/figcaption><\/figure>\n<p><span style=\"font-weight: 400;\">Ein Jahr ist es nun her, dass ich aus Pakistan zur\u00fcckgekommen bin. Seitdem ist viel passiert, in einer Frequenz und Intensit\u00e4t, die mich wahrscheinlich \u00fcberfordert hat. Das ist ein Grund, warum ich mich ein St\u00fcck weit zur\u00fcckgezogen habe, warum es mir immer schwerer fiel, mich zu \u00e4u\u00dfern. Das Leben in den Bergen kann hart und auch brutal sein. Es steht nicht nur f\u00fcr die gro\u00dfen Momente, sondern auch f\u00fcr Einsamkeit, Trauer, Schmerz, K\u00e4lte, Ersch\u00f6pfung, Angst und Zweifel. <\/span><\/p>\n<p><span style=\"font-weight: 400;\">Es w\u00e4re naiv, das zu verleugnen. Es w\u00e4re unehrlich, nur die Sonnenseite zu beschreiben. Ich kann Alpinismus f\u00fcr mich nicht als Showgesch\u00e4ft definieren, auch wenn das der bequemste Weg w\u00e4re. Alpinismus ist zu sehr mein Leben, um auf diesem Feld die Werte aufzugeben, die mir wichtig sind. Das macht die Sache kompliziert. Es br\u00e4uchte Ruhe, Distanz, einen klaren Kopf, um sich den schwierigen Fragen zu stellen. Doch dann ruft die n\u00e4chste Wand, die n\u00e4chste Route. Sie fordert die volle Aufmerksamkeit, alles andere wird ausgeblendet. Das funktioniert, auch weil es funktionieren muss, zumindest f\u00fcr eine gewisse Zeit.<\/span><\/p>\n<p><span style=\"font-weight: 400;\">Es sind die letzten Tage einer langen Sommersaison. Die tief stehende Sonne erstrahlt \u00fcber den traumhaft sch\u00f6nen Dolomitengipfeln. Ruhe, Frieden, Freiheit und auf der anderen Seite die vielen \u00dcberbleibsel eines brutalen Krieges. Es sind diese Gegens\u00e4tze, mit denen man als Alpinist immer wieder auf eine ganz eigene Art konfrontiert wird, wie beim Gang \u00fcber einen exponierten Gipfelgrat, irgendwo \u00fcber den Wolken, weit oben, weit weg von allen Problemen dieser Welt. Dort oben, wo alles perfekt sein kann, aber eine kleine Unachtsamkeit oder Fehleinsch\u00e4tzung den Tod bedeutet, wird der Wert des Lebens offensichtlich. Es wird deutlich, was z\u00e4hlt, und wir sollten uns mehr M\u00fche geben, diesen Erkenntnisgewinn mit ins Tal zu tragen.<\/span><\/p>\n<p><span style=\"font-weight: 400;\">Jetzt habe ich einen Moment der Ruhe, den ich nutze, um diese Einleitung zu schreiben. Sie ist etwas von allem (zumindest hoffe ich das): ein Ausdruck von Dankbarkeit, ein Versuch der Erkl\u00e4rung, eine W\u00fcrdigung \u2013 und, ja, eine Einleitung zu meinem Text aus dem letzten Jahr. Der Text unten ist unver\u00e4ndert, diese Zeilen kamen jetzt hinzu, in Erinnerung an Franz-Xaver Mayr.<\/span><\/p>\n<p><strong><span style=\"font-weight: 400;\">Fritz Miller, Rainer Treppte, Franz-Xaver \u201eXari\u201c Mayr \u2013 21. August bis 6. Oktober 2017<\/span><\/strong><\/p>\n<h2><strong>Hinein in eine andere Welt<\/strong><\/h2>\n<p><span style=\"font-weight: 400;\">Skardu, Pakistan, irgendwann in der Nacht zum 26. August. Da stehen sie, zwei der Protagonisten, die sich aufgemacht haben, einen gro\u00dfen Gipfel in der ber\u00fcchtigten Ogre-Gruppe anzugehen, und geben bestimmt ein erb\u00e4rmliches Bild ab: Xari in Boxershorts und Handschuhen, ich krank, fiebrig, mit Bauchkr\u00e4mpfen und Durchfall, zum zweiten Mal in dieser Nacht auf M\u00e4usejagd im Hotelzimmer. Xari schaut auf dem Flur nach, ob die Maus diesmal auch wirklich raus ist, und kommt nach einer \u00fcberraschenden Begegnung mit einer fetten Ratte schreiend zur\u00fcck ins Zimmer. Vielleicht sind wir wirklich nicht hart genug f\u00fcr die Ogres, aber wir haben ja noch Rainer. Rainer, der einen langen und bemerkenswerten Weg hinter sich hat, von den Felsen des Elbsandsteingebirges zu den ganz gro\u00dfen Klettereien dieser Erde, zu Royal Flush am Fitz Roy, zu Eternal Flame an den Trango Towers, zu den Bigwalls des El Capitan. Und er ist mit 58 Jahren noch immer nicht m\u00fcde.<\/span><\/p>\n<h2><strong>Mehr als nur eine alpinistische Unternehmung<\/strong><\/h2>\n<figure id=\"attachment_36718\" aria-describedby=\"caption-attachment-36718\" style=\"width: 300px\" class=\"wp-caption alignright\"><a href=\"https:\/\/www.bergfreunde.de\/blog\/wp-content\/uploads\/2021\/05\/Ogre-III-Fritz-Miller.jpg\"><img decoding=\"async\" class=\"size-medium wp-image-36718\" src=\"https:\/\/www.bergfreunde.de\/blog\/wp-content\/uploads\/2021\/05\/Ogre-III-Fritz-Miller-300x225.jpg\" alt=\"Ein gro\u00dfes, ernstes Ziel \u2013 Fritz Miller auf Ogre-III-Expedition\" width=\"300\" height=\"225\" \/><\/a><figcaption id=\"caption-attachment-36718\" class=\"wp-caption-text\">Fritz beim Materialschleppen auf ca. 6000m<\/figcaption><\/figure>\n<p>Am n\u00e4chsten Morgen brechen wir Richtung Basecamp auf. Gemeinsam mit unseren Tr\u00e4gern samt Maultieren und Pferden, unserem einheimischen Trekking-Guide Shakoor, unserem Koch Ali und unserem K\u00fcchenjungen Musa.<\/p>\n<p>Drei Tage wird der Anmarsch dauern. Mit dem Erreichen des Biafo-Gletschers wird das Gel\u00e4nde zunehmend ruppig. Es geht \u00fcber Ger\u00f6ll, Fels und Eis, was auf einem Gletscher nun wirklich nicht \u00fcberraschend ist. Aber wir fragen uns, wie die schwer beladenen Tiere das schaffen sollen. Tats\u00e4chlich sind die Maultiere und Pferde ziemlich am Anschlag, denn ein Hufeisen ist einfach kein <a href=\"https:\/\/www.berg-freunde.ch\/steigeisen\/\">Steigeisen<\/a>.<\/p>\n<p>Es ist schon fast irrsinnig, welcher Aufwand notwendig ist, damit sich drei Hansel an einem Berg versuchen k\u00f6nnen. Andererseits sind die Leute dankbar f\u00fcr diese Arbeit. Selbst jene Tr\u00e4ger, die schwere Lasten auf ihrem R\u00fccken tragen, haben bemerkenswert gute Laune. Wir alle werden in den n\u00e4chsten Tagen und Wochen ein St\u00fcck weit zusammenwachsen, denn unsere Expedition wird uns verbinden, sie wird mehr sein als nur eine alpinistische Unternehmung.<\/p>\n<h2><strong>Ein gro\u00dfes, ernstes Ziel<\/strong><\/h2>\n<figure id=\"attachment_36715\" aria-describedby=\"caption-attachment-36715\" style=\"width: 300px\" class=\"wp-caption alignright\"><a href=\"https:\/\/www.bergfreunde.de\/blog\/wp-content\/uploads\/2021\/05\/Ogre-III-Xari-Fritz.jpg\"><img decoding=\"async\" class=\"size-medium wp-image-36715\" src=\"https:\/\/www.bergfreunde.de\/blog\/wp-content\/uploads\/2021\/05\/Ogre-III-Xari-Fritz-300x225.jpg\" alt=\"Ein gro\u00dfes, ernstes Ziel \u2013 Fritz Miller auf Ogre-III-Expedition\" width=\"300\" height=\"225\" \/><\/a><figcaption id=\"caption-attachment-36715\" class=\"wp-caption-text\">Xari und Fritz im Camp 1, 6050 m, schauen hoch zum Ogre III<\/figcaption><\/figure>\n<p>Die Ogre-Gruppe steht f\u00fcr schwierige, gef\u00e4hrliche Berge, f\u00fcr unsicheres Wetter, f\u00fcr viele gescheiterte Expeditionen, f\u00fcr Dramen und f\u00fcr ein paar wenige, daf\u00fcr herausragende Erfolge. Unser<strong> Hauptziel, der S\u00fcdpfeiler des Ogre III (ca. 6950 m)<\/strong>. Dieser erscheint im Vergleich zu den Anstiegen an Ogre I und II etwas moderater \u2013 obwohl die Route zwischen 6300 m und dem Gipfel harte Bigwall- und Mixedkletterei beinhaltet und der Gipfel \u00fcberhaupt erst einmal erreicht wurde (im Sommer 2001 von Thomas Huber, Iwan Wolf und Urs St\u00f6cker \u00fcber den besagten S\u00fcdpfeiler).<\/p>\n<p>Und pl\u00f6tzlich ragt er \u00fcber uns in den Himmel, dieser gigantische Granitzahn, vor einer Wand aus dunklen Wolken. Nach zweieinhalb Tagen Anmarsch haben wir erstmals freie Sicht auf unseren Berg. Er sieht gut aus, und gleichzeitig unm\u00f6glich.<\/p>\n<h2><strong>Das lustige Lagerleben<br \/>\n<\/strong><\/h2>\n<figure id=\"attachment_36720\" aria-describedby=\"caption-attachment-36720\" style=\"width: 300px\" class=\"wp-caption alignright\"><a href=\"https:\/\/www.bergfreunde.de\/blog\/wp-content\/uploads\/2021\/05\/Ogre-III-Gletscherbruch.jpg\"><img loading=\"lazy\" decoding=\"async\" class=\"size-medium wp-image-36720\" src=\"https:\/\/www.bergfreunde.de\/blog\/wp-content\/uploads\/2021\/05\/Ogre-III-Gletscherbruch-300x225.jpg\" alt=\"Ein gro\u00dfes, ernstes Ziel \u2013 Fritz Miller auf Ogre-III-Expedition\" width=\"300\" height=\"225\" \/><\/a><figcaption id=\"caption-attachment-36720\" class=\"wp-caption-text\">Rainer im Gletscherbruch auf ca. 5000 m<\/figcaption><\/figure>\n<p>Unser Basecamp liegt gesch\u00fctzt zwischen zwei Mor\u00e4nenr\u00fccken und einer grasigen Flanke auf 4470 m. Ein kleiner Bach liefert frisches Wasser, sofern er nicht eingefroren ist und wir haben jede Menge Platz, denn au\u00dfer uns ist niemand in der Gegend.<\/p>\n<p>Nach einer kurzen Schlechtwetterphase fangen wir an, den weiteren Weg zu erkunden, Material zu schleppen und Fixseile zu verlegen. Zwischen 4800 m und 5100 m f\u00fchrt der Zustieg zum Ogre III durch einen sehr l\u00e4stigen und nicht ungef\u00e4hrlichen <strong>Gletscherbruch<\/strong>, den wir jedes Mal passieren m\u00fcssen. Der dar\u00fcberliegende Gletscherkessel ist ganz offensichtlich auch nicht der sicherste Ort, da er von gro\u00dfen W\u00e4nden und Flanken umrahmt wir.<\/p>\n<figure id=\"attachment_36721\" aria-describedby=\"caption-attachment-36721\" style=\"width: 300px\" class=\"wp-caption alignright\"><a href=\"https:\/\/www.bergfreunde.de\/blog\/wp-content\/uploads\/2021\/05\/Ogre-III-Advanced-Base-Camp-ABC.jpg\"><img loading=\"lazy\" decoding=\"async\" class=\"size-medium wp-image-36721\" src=\"https:\/\/www.bergfreunde.de\/blog\/wp-content\/uploads\/2021\/05\/Ogre-III-Advanced-Base-Camp-ABC-300x225.jpg\" alt=\"Ein gro\u00dfes, ernstes Ziel \u2013 Fritz Miller auf Ogre-III-Expedition\" width=\"300\" height=\"225\" \/><\/a><figcaption id=\"caption-attachment-36721\" class=\"wp-caption-text\">Rainer und Fritz im ABC, 5190m<\/figcaption><\/figure>\n<p>Zum Gl\u00fcck finden wir unter einer Eisstufe einen halbwegs gesch\u00fctzten Platz f\u00fcr unser n\u00e4chstes Lager. Die Stellfl\u00e4chen f\u00fcr die beiden Zelte m\u00fcssen allerdings in stundenlanger Arbeit aus dem Eis gehackt werden. Wir nennen dieses Lager <strong>ABC (Advanced Base Camp)<\/strong>. Das n\u00e4chste Lager, Camp 1, richten wir auf 6050 m ein, in einem kleinen Sattel 250 m unterhalb des S\u00fcdpfeilers. Gleich unterhalb unseres Zelts f\u00fchrt ein steiles Couloir 800 m nach unten, direkt oberhalb kommt eine gro\u00dfe Wechte, hinter der eine ebenfalls ungef\u00e4hr 800 m hohe Wand abbricht.<\/p>\n<p>Anfangs hatten wir zur Beruhigung der Nerven ein Seil durchs <a href=\"https:\/\/www.berg-freunde.ch\/zelte\/\">Zelt<\/a> gelegt, das vielleicht einen Absturz des Zeltes verhindert h\u00e4tte. Mit der Zeit wuchs das Vertrauen in die Standsicherheit des Zeltes. Dennoch blieb der Platz ungem\u00fctlich, was an den starken Winden und am Schnee lag, der permanent von unten zwischen Innen- und Au\u00dfenzelt geblasen wurde. Zuerst machten wir den Fehler, das Zelt w\u00e4hrend einer Schlechtwetterperiode stehen zu lassen. Danach war das Zelt plattgedr\u00fcckt, weil der Wind viel Schnee zwischen Zelt und Wechte verfrachtet hatte.<\/p>\n<h2><strong>Schwierige Entscheidungen<br \/>\n<\/strong><\/h2>\n<figure id=\"attachment_36716\" aria-describedby=\"caption-attachment-36716\" style=\"width: 300px\" class=\"wp-caption alignright\"><a href=\"https:\/\/www.bergfreunde.de\/blog\/wp-content\/uploads\/2021\/05\/Ogre-III-Hochlager.jpg\"><img loading=\"lazy\" decoding=\"async\" class=\"size-medium wp-image-36716\" src=\"https:\/\/www.bergfreunde.de\/blog\/wp-content\/uploads\/2021\/05\/Ogre-III-Hochlager-300x225.jpg\" alt=\"Ein gro\u00dfes, ernstes Ziel \u2013 Fritz Miller auf Ogre-III-Expedition\" width=\"300\" height=\"225\" \/><\/a><figcaption id=\"caption-attachment-36716\" class=\"wp-caption-text\">Das Hochlager auf 6050m &#8211; mal wieder richtig Winter<\/figcaption><\/figure>\n<p>Wieder einmal sitzen wir im Hochlager im schlechten Wetter fest. Es ist schweinekalt, windig und alles ist verschneit. Trotz guter, warmer Stiefel f\u00fchlen sich die Zehen leicht angefroren an, genau wie die Fingerspitzen. Wir haben Fixseile bis 6200 m verlegt, doch dar\u00fcber wird das Gel\u00e4nde erst richtig schwierig.<\/p>\n<p>Wir k\u00f6nnten weitergehen, aber es erscheint aussichtslos. An schweres Klettern ist nicht zu denken. Eine grundlegende Wetter\u00e4nderung ist nicht in Sicht. Am n\u00e4chsten Morgen bauen wir die Fixseile ab und seilen alles Material \u00fcber unsere Aufstiegsroute ab, bis zum ABC. Auf der einen Seite bin ich m\u00fcde und entt\u00e4uscht, auf der anderen Seite erleichtert, weil das endlose Abw\u00e4gen ein Ende hat. Wir sind am Ogre III gescheitert, aber zumindest haben wir unser gr\u00f6\u00dftes Ziel erreicht, n\u00e4mlich dort nicht zu sterben.<\/p>\n<h2><strong>Und doch noch ein Gipfel<\/strong><\/h2>\n<figure id=\"attachment_36713\" aria-describedby=\"caption-attachment-36713\" style=\"width: 300px\" class=\"wp-caption alignright\"><a href=\"https:\/\/www.bergfreunde.de\/blog\/wp-content\/uploads\/2021\/05\/Ogre-III-neues-Gipfelziel.jpg\"><img loading=\"lazy\" decoding=\"async\" class=\"size-medium wp-image-36713\" src=\"https:\/\/www.bergfreunde.de\/blog\/wp-content\/uploads\/2021\/05\/Ogre-III-neues-Gipfelziel-300x225.jpg\" alt=\"Ein gro\u00dfes, ernstes Ziel \u2013 Fritz Miller auf Ogre-III-Expedition\" width=\"300\" height=\"225\" \/><\/a><figcaption id=\"caption-attachment-36713\" class=\"wp-caption-text\">Unser Gipfel (noch unbenannt, 5640 m) mit der Linie unseres Anstiegs (teilweise verdeckt). Der h\u00f6chste Punkt liegt etwas zur\u00fcckgesetzt<\/figcaption><\/figure>\n<p>Es bleiben nur noch wenige Tage, bis wir den Heimweg antreten m\u00fcssen. Wir nutzen die Zeit, um<strong> einen kleineren aber formsch\u00f6nen Berg zu erklettern<\/strong>. Xari begleitet Rainer und mich ins ABC, bleibt aber dort, weil er vom Reizhusten starke Schmerzen im Brustkorb hat.<\/p>\n<p>Der Anstieg f\u00fchrt zun\u00e4chst s\u00fcdseitig \u00fcber eine gro\u00dfe Schnee-\/Eisrinne zu einem Sattel \u00f6stlich des Gipfels. Von dort geht es nordseitig weiter, noch vier bis f\u00fcnf Seill\u00e4ngen zum Gipfelgrat (M5 und ein Pendelquergang \u00fcber eine glatte Platte). Rainer und ich schaffen den noch unbenannten Gipfel, der laut GPS eine H\u00f6he von 5640 m hat. Wahrscheinlich ist uns die Erstbegehung des Berges gegl\u00fcckt. Am Gipfel lassen wir einen Standplatz aus Klemmkeil und Schlaghaken zur\u00fcck und Seilen dann \u00fcber die Route ab.<\/p>\n<h2><strong>Die Jagd nach den seltenen Momenten<\/strong><\/h2>\n<p>Einen Monat lang war das Basecamp unser Zuhause. Es war Startpunkt unserer Unternehmungen und Zielpunkt, wenn wir ersch\u00f6pft abgestiegen sind. Jetzt hei\u00dft es Abschied nehmen. Ein letzter Blick zur\u00fcck, dann machen wir uns auf den langen Weg nach Hause. Eisiger Wind bl\u00e4st Graupel \u00fcber den Biafo-Gletscher, dunkle Wolken verdecken die Ogres.<\/p>\n<p>Die ersten H\u00e4user von Askole, zwei Tage sp\u00e4ter Skardu, bald darauf Islamabad. Europa, Deutschland, Reutlingen. Nach einer gro\u00dfen Reise kommt man ein St\u00fcck weit ver\u00e4ndert zur\u00fcck, in eine Welt, die sich weitergedreht hat. Gleich geblieben ist die \u00dcberzeugung, dass es sich lohnt, weit zu gehen auf der Jagd nach den seltenen Momenten, in denen wir ganz oben stehen.<\/p>\n<h2><strong>Dank<\/strong><\/h2>\n<p>Mein Dank gilt Xari, Rainer und unserem Team von Shipton Treks&amp;Tours f\u00fcr die gute Zeit vor Ort. Au\u00dferdem m\u00f6chte ich mich beim Deutschen Alpenverein, insbesondere bei meiner Sektion (Reutlingen) f\u00fcr die finanzielle Unterst\u00fctzung bedanken und nat\u00fcrlich bei meinen langj\u00e4hrigen Sponsoren und Ausr\u00fcstern <a href=\"https:\/\/www.berg-freunde.ch\/marken\/vaude\/\">VAUDE<\/a>, Bergfreunde.de, Edelrid, <a href=\"https:\/\/www.berg-freunde.ch\/marken\/lowa\/\">Lowa<\/a> und <a href=\"https:\/\/www.berg-freunde.ch\/marken\/red-chili\/\">Red Chili<\/a>. Dar\u00fcber hinaus wurden wir bei dieser Expedition mit Material unterst\u00fctzt von <a href=\"https:\/\/www.berg-freunde.ch\/marken\/julbo\/\">Julbo<\/a>, PowerBar und <a href=\"https:\/\/www.berg-freunde.ch\/marken\/osprey\/\">Osprey<\/a> \u2013 Danke vielmals! Herzlichen Dank auch an Thomas Huber (f\u00fcr alles M\u00f6gliche), Karl \u201eCharly\u201c Gabl (Wetterberichte), Andree Schmidt (medizinische Beratung) und an alle die an uns gedacht haben und Daumen gedr\u00fcckt haben!<\/p>\n<p>Text: Fritz Miller, Fotos: Rainer Treppte, Franz-Xaver (Xari) Mayr, Fritz Miller<\/p>\n","protected":false},"excerpt":{"rendered":"<p>Ein Jahr ist es nun her, dass ich aus Pakistan zur\u00fcckgekommen bin. Seitdem ist viel passiert, in einer Frequenz und Intensit\u00e4t, die mich wahrscheinlich \u00fcberfordert hat. Das ist ein Grund, warum ich mich ein St\u00fcck weit zur\u00fcckgezogen habe, warum es mir immer schwerer fiel, mich zu \u00e4u\u00dfern. Das Leben in den Bergen kann hart und [&hellip;]<\/p>\n","protected":false},"author":16,"featured_media":68694,"comment_status":"open","ping_status":"open","sticky":false,"template":"","format":"standard","meta":{"_acf_changed":false,"footnotes":""},"categories":[288],"tags":[269],"post_folder":[],"class_list":["post-68692","post","type-post","status-publish","format-standard","has-post-thumbnail","hentry","category-touren-reisetipps","tag-bergsteigen"],"acf":[],"yoast_head":"<!-- This site is optimized with the Yoast SEO Premium plugin v27.4 (Yoast SEO v27.4) - https:\/\/yoast.com\/product\/yoast-seo-premium-wordpress\/ -->\n<title>Ein gro\u00dfes, ernstes Ziel \u2013 Fritz Miller auf Ogre-III-Expedition | Bergfreunde<\/title>\n<meta name=\"description\" content=\"Ein Jahr ist es nun her, dass ich aus Pakistan zur\u00fcckgekommen bin. Seitdem ist viel passiert, in einer Frequenz und Intensit\u00e4t, die mich wahrscheinlich\" \/>\n<meta name=\"robots\" content=\"index, follow, max-snippet:-1, max-image-preview:large, max-video-preview:-1\" \/>\n<link rel=\"canonical\" href=\"https:\/\/www.berg-freunde.ch\/blog\/fritz-miller-ogre-expedition\/\" \/>\n<meta property=\"og:locale\" content=\"de_DE\" \/>\n<meta property=\"og:type\" content=\"article\" \/>\n<meta property=\"og:title\" content=\"Ein gro\u00dfes, ernstes Ziel \u2013 Fritz Miller auf Ogre-III-Expedition\" \/>\n<meta property=\"og:description\" content=\"Ein Jahr ist es nun her, dass ich aus Pakistan zur\u00fcckgekommen bin. Seitdem ist viel passiert, in einer Frequenz und Intensit\u00e4t, die mich wahrscheinlich\" \/>\n<meta property=\"og:url\" content=\"https:\/\/www.berg-freunde.ch\/blog\/fritz-miller-ogre-expedition\/\" \/>\n<meta property=\"og:site_name\" content=\"Bergfreunde\" \/>\n<meta property=\"article:publisher\" content=\"https:\/\/www.facebook.com\/bergfreunde\" \/>\n<meta property=\"article:published_time\" content=\"2018-01-25T09:12:47+00:00\" \/>\n<meta property=\"article:modified_time\" content=\"2023-01-12T13:00:22+00:00\" \/>\n<meta property=\"og:image\" content=\"https:\/\/www.berg-freunde.ch\/blog\/wp-content\/uploads\/2021\/05\/Ogre-III.jpg\" \/>\n\t<meta property=\"og:image:width\" content=\"1440\" \/>\n\t<meta property=\"og:image:height\" content=\"400\" \/>\n\t<meta property=\"og:image:type\" content=\"image\/jpeg\" \/>\n<meta name=\"author\" content=\"Fritz\" \/>\n<meta name=\"twitter:card\" content=\"summary_large_image\" \/>\n<meta name=\"twitter:label1\" content=\"Geschrieben von\" \/>\n\t<meta name=\"twitter:data1\" content=\"Fritz\" \/>\n\t<meta name=\"twitter:label2\" content=\"Gesch\u00e4tzte Lesezeit\" \/>\n\t<meta name=\"twitter:data2\" content=\"9\u00a0Minuten\" \/>\n<script type=\"application\/ld+json\" class=\"yoast-schema-graph\">{\"@context\":\"https:\\\/\\\/schema.org\",\"@graph\":[{\"@type\":[\"Article\",\"BlogPosting\"],\"@id\":\"https:\\\/\\\/www.berg-freunde.ch\\\/blog\\\/fritz-miller-ogre-expedition\\\/#article\",\"isPartOf\":{\"@id\":\"https:\\\/\\\/www.berg-freunde.ch\\\/blog\\\/fritz-miller-ogre-expedition\\\/\"},\"author\":{\"name\":\"Fritz\",\"@id\":\"https:\\\/\\\/www.berg-freunde.ch\\\/blog\\\/#\\\/schema\\\/person\\\/9253f920f6e0f2d39b63a3dbade7a339\"},\"headline\":\"Ein gro\u00dfes, ernstes Ziel \u2013 Fritz Miller auf Ogre-III-Expedition\",\"datePublished\":\"2018-01-25T09:12:47+00:00\",\"dateModified\":\"2023-01-12T13:00:22+00:00\",\"mainEntityOfPage\":{\"@id\":\"https:\\\/\\\/www.berg-freunde.ch\\\/blog\\\/fritz-miller-ogre-expedition\\\/\"},\"wordCount\":1808,\"commentCount\":0,\"publisher\":{\"@id\":\"https:\\\/\\\/www.berg-freunde.ch\\\/blog\\\/#organization\"},\"image\":{\"@id\":\"https:\\\/\\\/www.berg-freunde.ch\\\/blog\\\/fritz-miller-ogre-expedition\\\/#primaryimage\"},\"thumbnailUrl\":\"https:\\\/\\\/www.berg-freunde.ch\\\/blog\\\/wp-content\\\/uploads\\\/2021\\\/05\\\/Ogre-III.jpg\",\"keywords\":[\"Bergsteigen &amp; Hochtouren\"],\"articleSection\":[\"Touren &amp; Reisetipps\"],\"inLanguage\":\"de-CH\",\"potentialAction\":[{\"@type\":\"CommentAction\",\"name\":\"Comment\",\"target\":[\"https:\\\/\\\/www.berg-freunde.ch\\\/blog\\\/fritz-miller-ogre-expedition\\\/#respond\"]}]},{\"@type\":\"WebPage\",\"@id\":\"https:\\\/\\\/www.berg-freunde.ch\\\/blog\\\/fritz-miller-ogre-expedition\\\/\",\"url\":\"https:\\\/\\\/www.berg-freunde.ch\\\/blog\\\/fritz-miller-ogre-expedition\\\/\",\"name\":\"Ein gro\u00dfes, ernstes Ziel \u2013 Fritz Miller auf Ogre-III-Expedition | Bergfreunde\",\"isPartOf\":{\"@id\":\"https:\\\/\\\/www.berg-freunde.ch\\\/blog\\\/#website\"},\"primaryImageOfPage\":{\"@id\":\"https:\\\/\\\/www.berg-freunde.ch\\\/blog\\\/fritz-miller-ogre-expedition\\\/#primaryimage\"},\"image\":{\"@id\":\"https:\\\/\\\/www.berg-freunde.ch\\\/blog\\\/fritz-miller-ogre-expedition\\\/#primaryimage\"},\"thumbnailUrl\":\"https:\\\/\\\/www.berg-freunde.ch\\\/blog\\\/wp-content\\\/uploads\\\/2021\\\/05\\\/Ogre-III.jpg\",\"datePublished\":\"2018-01-25T09:12:47+00:00\",\"dateModified\":\"2023-01-12T13:00:22+00:00\",\"description\":\"Ein Jahr ist es nun her, dass ich aus Pakistan zur\u00fcckgekommen bin. Seitdem ist viel passiert, in einer Frequenz und Intensit\u00e4t, die mich wahrscheinlich\",\"breadcrumb\":{\"@id\":\"https:\\\/\\\/www.berg-freunde.ch\\\/blog\\\/fritz-miller-ogre-expedition\\\/#breadcrumb\"},\"inLanguage\":\"de-CH\",\"potentialAction\":[{\"@type\":\"ReadAction\",\"target\":[\"https:\\\/\\\/www.berg-freunde.ch\\\/blog\\\/fritz-miller-ogre-expedition\\\/\"]}]},{\"@type\":\"ImageObject\",\"inLanguage\":\"de-CH\",\"@id\":\"https:\\\/\\\/www.berg-freunde.ch\\\/blog\\\/fritz-miller-ogre-expedition\\\/#primaryimage\",\"url\":\"https:\\\/\\\/www.berg-freunde.ch\\\/blog\\\/wp-content\\\/uploads\\\/2021\\\/05\\\/Ogre-III.jpg\",\"contentUrl\":\"https:\\\/\\\/www.berg-freunde.ch\\\/blog\\\/wp-content\\\/uploads\\\/2021\\\/05\\\/Ogre-III.jpg\",\"width\":1440,\"height\":400},{\"@type\":\"BreadcrumbList\",\"@id\":\"https:\\\/\\\/www.berg-freunde.ch\\\/blog\\\/fritz-miller-ogre-expedition\\\/#breadcrumb\",\"itemListElement\":[{\"@type\":\"ListItem\",\"position\":1,\"name\":\"Blog\",\"item\":\"https:\\\/\\\/www.berg-freunde.ch\\\/blog\\\/\"},{\"@type\":\"ListItem\",\"position\":2,\"name\":\"Touren &amp; Reisetipps\",\"item\":\"https:\\\/\\\/www.berg-freunde.ch\\\/blog\\\/category\\\/touren-reisetipps\\\/\"},{\"@type\":\"ListItem\",\"position\":3,\"name\":\"Ein gro\u00dfes, ernstes Ziel \u2013 Fritz Miller auf Ogre-III-Expedition\"}]},{\"@type\":\"WebSite\",\"@id\":\"https:\\\/\\\/www.berg-freunde.ch\\\/blog\\\/#website\",\"url\":\"https:\\\/\\\/www.berg-freunde.ch\\\/blog\\\/\",\"name\":\"Bergfreunde\",\"description\":\"Blog\",\"publisher\":{\"@id\":\"https:\\\/\\\/www.berg-freunde.ch\\\/blog\\\/#organization\"},\"potentialAction\":[{\"@type\":\"SearchAction\",\"target\":{\"@type\":\"EntryPoint\",\"urlTemplate\":\"https:\\\/\\\/www.berg-freunde.ch\\\/blog\\\/?s={search_term_string}\"},\"query-input\":{\"@type\":\"PropertyValueSpecification\",\"valueRequired\":true,\"valueName\":\"search_term_string\"}}],\"inLanguage\":\"de-CH\"},{\"@type\":\"Organization\",\"@id\":\"https:\\\/\\\/www.berg-freunde.ch\\\/blog\\\/#organization\",\"name\":\"Bergfreunde\",\"url\":\"https:\\\/\\\/www.berg-freunde.ch\\\/blog\\\/\",\"logo\":{\"@type\":\"ImageObject\",\"inLanguage\":\"de-CH\",\"@id\":\"https:\\\/\\\/www.berg-freunde.ch\\\/blog\\\/#\\\/schema\\\/logo\\\/image\\\/\",\"url\":\"https:\\\/\\\/www.berg-freunde.ch\\\/blog\\\/wp-content\\\/uploads\\\/2023\\\/12\\\/Bergfreunde_DE_rgb.svg\",\"contentUrl\":\"https:\\\/\\\/www.berg-freunde.ch\\\/blog\\\/wp-content\\\/uploads\\\/2023\\\/12\\\/Bergfreunde_DE_rgb.svg\",\"caption\":\"Bergfreunde\"},\"image\":{\"@id\":\"https:\\\/\\\/www.berg-freunde.ch\\\/blog\\\/#\\\/schema\\\/logo\\\/image\\\/\"},\"sameAs\":[\"https:\\\/\\\/www.facebook.com\\\/bergfreunde\",\"https:\\\/\\\/www.instagram.com\\\/bergfreundede\\\/\"]},{\"@type\":\"Person\",\"@id\":\"https:\\\/\\\/www.berg-freunde.ch\\\/blog\\\/#\\\/schema\\\/person\\\/9253f920f6e0f2d39b63a3dbade7a339\",\"name\":\"Fritz\",\"url\":\"https:\\\/\\\/www.berg-freunde.ch\\\/blog\\\/about\\\/fritz-miller\\\/\"}]}<\/script>\n<!-- \/ Yoast SEO Premium plugin. -->","yoast_head_json":{"title":"Ein gro\u00dfes, ernstes Ziel \u2013 Fritz Miller auf Ogre-III-Expedition | Bergfreunde","description":"Ein Jahr ist es nun her, dass ich aus Pakistan zur\u00fcckgekommen bin. Seitdem ist viel passiert, in einer Frequenz und Intensit\u00e4t, die mich wahrscheinlich","robots":{"index":"index","follow":"follow","max-snippet":"max-snippet:-1","max-image-preview":"max-image-preview:large","max-video-preview":"max-video-preview:-1"},"canonical":"https:\/\/www.berg-freunde.ch\/blog\/fritz-miller-ogre-expedition\/","og_locale":"de_DE","og_type":"article","og_title":"Ein gro\u00dfes, ernstes Ziel \u2013 Fritz Miller auf Ogre-III-Expedition","og_description":"Ein Jahr ist es nun her, dass ich aus Pakistan zur\u00fcckgekommen bin. Seitdem ist viel passiert, in einer Frequenz und Intensit\u00e4t, die mich wahrscheinlich","og_url":"https:\/\/www.berg-freunde.ch\/blog\/fritz-miller-ogre-expedition\/","og_site_name":"Bergfreunde","article_publisher":"https:\/\/www.facebook.com\/bergfreunde","article_published_time":"2018-01-25T09:12:47+00:00","article_modified_time":"2023-01-12T13:00:22+00:00","og_image":[{"width":1440,"height":400,"url":"https:\/\/www.berg-freunde.ch\/blog\/wp-content\/uploads\/2021\/05\/Ogre-III.jpg","type":"image\/jpeg"}],"author":"Fritz","twitter_card":"summary_large_image","twitter_misc":{"Geschrieben von":"Fritz","Gesch\u00e4tzte Lesezeit":"9\u00a0Minuten"},"schema":{"@context":"https:\/\/schema.org","@graph":[{"@type":["Article","BlogPosting"],"@id":"https:\/\/www.berg-freunde.ch\/blog\/fritz-miller-ogre-expedition\/#article","isPartOf":{"@id":"https:\/\/www.berg-freunde.ch\/blog\/fritz-miller-ogre-expedition\/"},"author":{"name":"Fritz","@id":"https:\/\/www.berg-freunde.ch\/blog\/#\/schema\/person\/9253f920f6e0f2d39b63a3dbade7a339"},"headline":"Ein gro\u00dfes, ernstes Ziel \u2013 Fritz Miller auf Ogre-III-Expedition","datePublished":"2018-01-25T09:12:47+00:00","dateModified":"2023-01-12T13:00:22+00:00","mainEntityOfPage":{"@id":"https:\/\/www.berg-freunde.ch\/blog\/fritz-miller-ogre-expedition\/"},"wordCount":1808,"commentCount":0,"publisher":{"@id":"https:\/\/www.berg-freunde.ch\/blog\/#organization"},"image":{"@id":"https:\/\/www.berg-freunde.ch\/blog\/fritz-miller-ogre-expedition\/#primaryimage"},"thumbnailUrl":"https:\/\/www.berg-freunde.ch\/blog\/wp-content\/uploads\/2021\/05\/Ogre-III.jpg","keywords":["Bergsteigen &amp; Hochtouren"],"articleSection":["Touren &amp; Reisetipps"],"inLanguage":"de-CH","potentialAction":[{"@type":"CommentAction","name":"Comment","target":["https:\/\/www.berg-freunde.ch\/blog\/fritz-miller-ogre-expedition\/#respond"]}]},{"@type":"WebPage","@id":"https:\/\/www.berg-freunde.ch\/blog\/fritz-miller-ogre-expedition\/","url":"https:\/\/www.berg-freunde.ch\/blog\/fritz-miller-ogre-expedition\/","name":"Ein gro\u00dfes, ernstes Ziel \u2013 Fritz Miller auf Ogre-III-Expedition | Bergfreunde","isPartOf":{"@id":"https:\/\/www.berg-freunde.ch\/blog\/#website"},"primaryImageOfPage":{"@id":"https:\/\/www.berg-freunde.ch\/blog\/fritz-miller-ogre-expedition\/#primaryimage"},"image":{"@id":"https:\/\/www.berg-freunde.ch\/blog\/fritz-miller-ogre-expedition\/#primaryimage"},"thumbnailUrl":"https:\/\/www.berg-freunde.ch\/blog\/wp-content\/uploads\/2021\/05\/Ogre-III.jpg","datePublished":"2018-01-25T09:12:47+00:00","dateModified":"2023-01-12T13:00:22+00:00","description":"Ein Jahr ist es nun her, dass ich aus Pakistan zur\u00fcckgekommen bin. Seitdem ist viel passiert, in einer Frequenz und Intensit\u00e4t, die mich wahrscheinlich","breadcrumb":{"@id":"https:\/\/www.berg-freunde.ch\/blog\/fritz-miller-ogre-expedition\/#breadcrumb"},"inLanguage":"de-CH","potentialAction":[{"@type":"ReadAction","target":["https:\/\/www.berg-freunde.ch\/blog\/fritz-miller-ogre-expedition\/"]}]},{"@type":"ImageObject","inLanguage":"de-CH","@id":"https:\/\/www.berg-freunde.ch\/blog\/fritz-miller-ogre-expedition\/#primaryimage","url":"https:\/\/www.berg-freunde.ch\/blog\/wp-content\/uploads\/2021\/05\/Ogre-III.jpg","contentUrl":"https:\/\/www.berg-freunde.ch\/blog\/wp-content\/uploads\/2021\/05\/Ogre-III.jpg","width":1440,"height":400},{"@type":"BreadcrumbList","@id":"https:\/\/www.berg-freunde.ch\/blog\/fritz-miller-ogre-expedition\/#breadcrumb","itemListElement":[{"@type":"ListItem","position":1,"name":"Blog","item":"https:\/\/www.berg-freunde.ch\/blog\/"},{"@type":"ListItem","position":2,"name":"Touren &amp; Reisetipps","item":"https:\/\/www.berg-freunde.ch\/blog\/category\/touren-reisetipps\/"},{"@type":"ListItem","position":3,"name":"Ein gro\u00dfes, ernstes Ziel \u2013 Fritz Miller auf Ogre-III-Expedition"}]},{"@type":"WebSite","@id":"https:\/\/www.berg-freunde.ch\/blog\/#website","url":"https:\/\/www.berg-freunde.ch\/blog\/","name":"Bergfreunde","description":"Blog","publisher":{"@id":"https:\/\/www.berg-freunde.ch\/blog\/#organization"},"potentialAction":[{"@type":"SearchAction","target":{"@type":"EntryPoint","urlTemplate":"https:\/\/www.berg-freunde.ch\/blog\/?s={search_term_string}"},"query-input":{"@type":"PropertyValueSpecification","valueRequired":true,"valueName":"search_term_string"}}],"inLanguage":"de-CH"},{"@type":"Organization","@id":"https:\/\/www.berg-freunde.ch\/blog\/#organization","name":"Bergfreunde","url":"https:\/\/www.berg-freunde.ch\/blog\/","logo":{"@type":"ImageObject","inLanguage":"de-CH","@id":"https:\/\/www.berg-freunde.ch\/blog\/#\/schema\/logo\/image\/","url":"https:\/\/www.berg-freunde.ch\/blog\/wp-content\/uploads\/2023\/12\/Bergfreunde_DE_rgb.svg","contentUrl":"https:\/\/www.berg-freunde.ch\/blog\/wp-content\/uploads\/2023\/12\/Bergfreunde_DE_rgb.svg","caption":"Bergfreunde"},"image":{"@id":"https:\/\/www.berg-freunde.ch\/blog\/#\/schema\/logo\/image\/"},"sameAs":["https:\/\/www.facebook.com\/bergfreunde","https:\/\/www.instagram.com\/bergfreundede\/"]},{"@type":"Person","@id":"https:\/\/www.berg-freunde.ch\/blog\/#\/schema\/person\/9253f920f6e0f2d39b63a3dbade7a339","name":"Fritz","url":"https:\/\/www.berg-freunde.ch\/blog\/about\/fritz-miller\/"}]}},"_links":{"self":[{"href":"https:\/\/www.berg-freunde.ch\/blog\/wp-json\/wp\/v2\/posts\/68692","targetHints":{"allow":["GET"]}}],"collection":[{"href":"https:\/\/www.berg-freunde.ch\/blog\/wp-json\/wp\/v2\/posts"}],"about":[{"href":"https:\/\/www.berg-freunde.ch\/blog\/wp-json\/wp\/v2\/types\/post"}],"author":[{"embeddable":true,"href":"https:\/\/www.berg-freunde.ch\/blog\/wp-json\/wp\/v2\/users\/16"}],"replies":[{"embeddable":true,"href":"https:\/\/www.berg-freunde.ch\/blog\/wp-json\/wp\/v2\/comments?post=68692"}],"version-history":[{"count":0,"href":"https:\/\/www.berg-freunde.ch\/blog\/wp-json\/wp\/v2\/posts\/68692\/revisions"}],"wp:featuredmedia":[{"embeddable":true,"href":"https:\/\/www.berg-freunde.ch\/blog\/wp-json\/wp\/v2\/media\/68694"}],"wp:attachment":[{"href":"https:\/\/www.berg-freunde.ch\/blog\/wp-json\/wp\/v2\/media?parent=68692"}],"wp:term":[{"taxonomy":"category","embeddable":true,"href":"https:\/\/www.berg-freunde.ch\/blog\/wp-json\/wp\/v2\/categories?post=68692"},{"taxonomy":"post_tag","embeddable":true,"href":"https:\/\/www.berg-freunde.ch\/blog\/wp-json\/wp\/v2\/tags?post=68692"},{"taxonomy":"post_folder","embeddable":true,"href":"https:\/\/www.berg-freunde.ch\/blog\/wp-json\/wp\/v2\/post_folder?post=68692"}],"curies":[{"name":"wp","href":"https:\/\/api.w.org\/{rel}","templated":true}]}}