{"id":68906,"date":"2017-08-22T15:35:37","date_gmt":"2017-08-22T13:35:37","guid":{"rendered":"https:\/\/www.bergfreunde.de\/blog\/bergfreunde-kleinwalsertal\/"},"modified":"2023-11-17T14:14:28","modified_gmt":"2023-11-17T13:14:28","slug":"bergfreunde-kleinwalsertal","status":"publish","type":"post","link":"https:\/\/www.berg-freunde.ch\/blog\/bergfreunde-kleinwalsertal\/","title":{"rendered":"H\u00fcttengaudi \u00e0 la Bergfreunde"},"content":{"rendered":"\n<p>Es ist Freitagnachmittag, kurz nach 15:30 Uhr. Knapp oberhalb von Mittelberg im Kleinwalsertal, an einem kleinen Wanderparkplatz, rollen 24 Bergfreunde leicht genervt mit den Augen. Kollege Boris zieht sich gef\u00fchlt zum dritten mal um, w\u00e4hrend der Rest der Truppe ungeduldig mit den Hufen scharrt. Schlie\u00dflich macht die K\u00fcche auf der H\u00fctte auch irgendwann zu, und hungrige Bergfreunde sind gemeinhin keine netten Bergfreunde.<\/p>\n\n\n<div class=\"wp-block-image\">\n<figure class=\"alignright size-large is-resized\"><a href=\"https:\/\/www.bergfreunde.de\/blog\/wp-content\/uploads\/2021\/05\/Bergfreunde-Kleinwalsertal-Fiderepass-3.jpg\"><img decoding=\"async\" src=\"https:\/\/www.bergfreunde.de\/blog\/wp-content\/uploads\/2021\/05\/Bergfreunde-Kleinwalsertal-Fiderepass-3.jpg\" alt=\"Die Bergfreunde im Kleinwalsertal\" style=\"width:350px;height:261px\"\/><\/a><figcaption class=\"wp-element-caption\">Angespanntes Warten auf Bergfreund Boris.<\/figcaption><\/figure>\n<\/div>\n\n\n<p>Vor allen Dingen nicht, wenn man mit der gesamten Truppe im Matratzenlager n\u00e4chtigt. Lagerkoller w\u00e4re da vorprogrammiert. Gl\u00fccklicherweise bleibt uns das erspart, denn etwa dreieinhalb verschwitzte Stunden sp\u00e4ter stehen wir mit versammelter Mannschaft auf der Sonnenterrasse der Fiderepassh\u00fctte. Diese wird f\u00fcr die n\u00e4chsten Tage unsere Heimat sein.<\/p>\n\n\n\n<h2 class=\"wp-block-heading\" id=\"h-die-bergfreunde-endlich-wieder-da-wo-sie-hingehoren\">Die Bergfreunde endlich wieder da, wo sie hingeh\u00f6ren<\/h2>\n\n\n\n<p>N\u00e4mlich mitten drin in den Bergen! Erstmal st\u00e4rken wir uns bei einem leckeren Abendessen (Br\u00fche mit Grie\u00dfnockerln, Braten mit Speckkn\u00f6del und Sauerkraut, Germkn\u00f6del mit Vanilleso\u00dfe). Dabei lauschen wir dem <a href=\"https:\/\/www.berg-freunde.ch\/entfernung-gewitter-rechner\/\">Gewitter<\/a>, das um uns herum tobt. Durch die Fenster sieht man die Berge immer wieder kurz aufblitzen, w\u00e4hrend die Donnerkeile durch den Himmel zucken. Faszinierend, aber auch ein bisschen be\u00e4ngstigend. Zum Gl\u00fcck sitzen wir in der gem\u00fctlichen Gaststube. Dennoch, die Laune wird dadurch nicht unbedingt aufgeheitert, denn der Wetterbericht ist nicht nur f\u00fcr den heutigen Abend eher unsch\u00f6n. Auch der Samstag soll verregnet und nass werden.<\/p>\n\n\n<div class=\"wp-block-image\">\n<figure class=\"alignright size-large is-resized\"><a href=\"https:\/\/www.bergfreunde.de\/blog\/wp-content\/uploads\/2021\/05\/Bergfreunde-Kleinwalsertal-Fiderepass-4.jpg\"><img decoding=\"async\" src=\"https:\/\/www.bergfreunde.de\/blog\/wp-content\/uploads\/2021\/05\/Bergfreunde-Kleinwalsertal-Fiderepass-4.jpg\" alt=\"Die Bergfreunde im Kleinwalsertal\" style=\"width:350px;height:264px\"\/><\/a><figcaption class=\"wp-element-caption\">Der erste Tag war noch richtig hei\u00df!<\/figcaption><\/figure>\n<\/div>\n\n\n<p>Doch noch bevor wir uns dar\u00fcber zu viele Gedanken machen k\u00f6nnen, ereilt uns der Ruf der M\u00fcdigkeit und wir schlurfen langsam in Richtung Matratzenlager, das wir mit der gesamten Mannschaft belegen. Eine Hand voll Kollegen macht sich noch auf, die einzige Dusche der H\u00fctte in Beschlag zu nehmen, bevor endg\u00fcltig zur H\u00fcttenruhe geblasen wird. Ich selbst schleiche nochmal kurz zu einer Au\u00dfent\u00fcr und strecke vorsichtig den Kopf raus. Was sich nicht wirklich als gute Idee herausstellt. Jedenfalls kann ich mir jetzt die Dusche sparen.<\/p>\n\n\n\n<p>Zur\u00fcck im Matratzenlager erwartet meine Geruchsnerven schon der wohlig einlullende Geruch aus eingetrocknetem <a href=\"https:\/\/www.berg-freunde.ch\/schwitzrate-sport-rechner\/\">Schwei\u00df<\/a> und leicht m\u00fcffelnden Socken. Eines steht jetzt schon fest. Willst du deine Kollegen mal richtig gut kennen lernen, verbringe ein Wochenende mit ihnen im Matratzenlager.<\/p>\n\n\n\n<h2 class=\"wp-block-heading\" id=\"h-katzen-und-hunde\">Katzen und Hunde<\/h2>\n\n\n\n<p>Bildlich gesprochen: Es regnet Katzen und Hunde. Es war vorhergesagt gewesen, und es kam so. Die tr\u00fcben Mienen beim Fr\u00fchst\u00fcck entsprechen der Aussicht aus dem Fenster. Eigentlich wollte heute ein gro\u00dfer Teil der Gruppe den Mindelheimer Klettersteig unter die Sohlen nehmen. Aber so, wie es da drau\u00dfen aussah, w\u00e4re das nicht unbedingt eine gute Idee gewesen.<\/p>\n\n\n<div class=\"wp-block-image\">\n<figure class=\"alignleft size-large is-resized\"><a href=\"https:\/\/www.bergfreunde.de\/blog\/wp-content\/uploads\/2021\/05\/Bergfreunde-Kleinwalsertal-Fiderepass.jpg\"><img decoding=\"async\" src=\"https:\/\/www.bergfreunde.de\/blog\/wp-content\/uploads\/2021\/05\/Bergfreunde-Kleinwalsertal-Fiderepass.jpg\" alt=\"Die Bergfreunde im Kleinwalsertal\" style=\"width:350px;height:263px\"\/><\/a><figcaption class=\"wp-element-caption\">Doch schon am zweiten Tag stellt sich die Frage: Was ist das f\u00fcr ein Wetter?<\/figcaption><\/figure>\n<\/div>\n\n\n<p>Aber wir w\u00e4ren ja nicht die Bergfreunde, wenn wir nicht einen Plan B h\u00e4tten! F\u00fcr den Nachmittag ist eine Wetterbesserung in Sicht. Also wird erstmal zur Mindelheimer H\u00fctte gewandert, und wenn es sp\u00e4ter tats\u00e4chlich aufklart, geht eben der R\u00fcckweg \u00fcber den Steig.<\/p>\n\n\n\n<p>Zur\u00fcck im Lager raschelt es heftig, als alle ihre Regenbekleidung aus- und sich selber ordentlich einpacken.\u00a0Neben dem regnerischen Wetter machen uns auch noch die einstelligen Temperaturen zu schaffen. Aber da wir ja bestens ausger\u00fcstet sind, kann uns das alles nat\u00fcrlich nichts anhaben. Und sp\u00e4testens, als auch die letzten m\u00fcden Augenpaare die Wolkenfetzen erblickt haben, die sich malerisch um die Berggipfel winden, ist die allgemeine Stimmung wieder munter.<\/p>\n\n\n\n<p>Der Gro\u00dfteil der Crew macht sich also auf zur Mindelheimer H\u00fctte. Ich hingegen schnappe mir die Kollegen, die vom Vortag noch ein bi\u00dfchen m\u00fcde sind, und wir machen eine etwas abgespeckte Tour \u00fcber einen sch\u00f6nen Panoramaweg unweit des Fiderepasses, auf dem uns zahlreiche schwerf\u00e4llige Paarhufer erwarten und kritisch be\u00e4ugen, ganz so, als wollten sie sagen &#171;Wer zur H\u00f6lle wandert bei so einem miesen Wetter?&#187;. Na, wir nat\u00fcrlich!<\/p>\n\n\n\n<h3 class=\"wp-block-heading\">H\u00fcttenliebe mit den Bergfreunden<\/h3>\n\n\n<div class=\"wp-block-image\">\n<figure class=\"alignright size-large is-resized\"><a href=\"https:\/\/www.bergfreunde.de\/blog\/wp-content\/uploads\/2021\/05\/Bergfreunde-Kleinwalsertal-Fiderepass-6.jpg\"><img decoding=\"async\" src=\"https:\/\/www.bergfreunde.de\/blog\/wp-content\/uploads\/2021\/05\/Bergfreunde-Kleinwalsertal-Fiderepass-6.jpg\" alt=\"Die Bergfreunde im Kleinwalsertal\" style=\"width:349px;height:263px\"\/><\/a><figcaption class=\"wp-element-caption\">Man beachte den Blick der Kuh im Hintergrund.<\/figcaption><\/figure>\n<\/div>\n\n\n<p>Nur zwei Stunden sp\u00e4ter sitzen wir schon wieder in der warmen Stube und vertreiben uns die Zeit mit Gesellschaftsspielen, Apfelstrudel und Hei\u00dfgetr\u00e4nken. Erst am sp\u00e4ten Nachmittag kommt der Rest der Truppe von der Mindelheimer H\u00fctte zur\u00fcck. Ohne Klettersteig. Das Wetter war einfach zu schlecht, und unn\u00f6tige Risiken m\u00fcssen wir auch nicht eingehen.<\/p>\n\n\n\n<p>Langsam f\u00fcllt sich die H\u00fctte mit immer mehr Wanderern, die dem unwirtlichen Bergwetter entfliehen. Dementsprechend\u00a0gibt es eine deutliche \u00dcberbelegung am Abend, und im Gastraum sitzen wir Schulter an Schulter, w\u00e4hrend am Nachbartisch eine gro\u00dfe Gruppe aus dem Schwarzwald Schn\u00e4ppschen am laufenden Band runterkippt und dabei aus voller Kehle Trinklieder anstimmt. Doch pl\u00f6tzlich herrscht Aufruhr. Die Personen, die am Fenster sitzen schauen ungl\u00e4ubig nach Drau\u00dfen. Tats\u00e4chlich: Die Sonne bricht durch die Wolken. Das verhei\u00dft viel Gutes f\u00fcr morgen!<\/p>\n\n\n<div class=\"wp-block-image\">\n<figure class=\"alignright size-large is-resized\"><a href=\"https:\/\/www.bergfreunde.de\/blog\/wp-content\/uploads\/2021\/05\/Bergfreunde-Kleinwalsertal.jpg\"><img decoding=\"async\" src=\"https:\/\/www.bergfreunde.de\/blog\/wp-content\/uploads\/2021\/05\/Bergfreunde-Kleinwalsertal.jpg\" alt=\"Die Bergfreunde im Kleinwalsertal\" style=\"width:349px;height:265px\"\/><\/a><figcaption class=\"wp-element-caption\">Gekraxelt wurde selbstverst\u00e4ndlich auch!<\/figcaption><\/figure>\n<\/div>\n\n\n<p>Nach einem weiteren leckeren Abendessen (Tomatensuppe, Gulasch mit Schupfnudeln, Topfenkn\u00f6del mit Nougatf\u00fcllung) und einer guten Stunde Beschallung\u00a0schmei\u00dfen wir uns nochmal in Schale, schnallen die <a href=\"https:\/\/www.berg-freunde.ch\/stirnlampen\/\">Stirnlampen<\/a> auf den Kopf und spazieren ein wenig um die H\u00fctte. Die kalte Nachtluft und die gef\u00fcllten M\u00e4gen sorgen schnell f\u00fcr schl\u00e4frige Stimmung und so entschwinden die 25 Bergfreunde wieder schnell ins Land der Tr\u00e4ume.<\/p>\n\n\n\n<h2 class=\"wp-block-heading\" id=\"h-ein-versohnlicher-abschied\">Ein vers\u00f6hnlicher Abschied<\/h2>\n\n\n\n<p>Und tats\u00e4chlich: Der Morgen beginnt deutlich freundlicher als der vorherige. Gut, viel schlechter geht auch fast nicht. Aber wir freuen uns sehr, dass wir heute zumindest ein paar Sonnenstrahlen abbekommen, auch wenn es nicht viel w\u00e4rmer ist als am Vortag. Noch schnell Fr\u00fchst\u00fcck zwischen die Kiemen schieben, den Rucksack packen und p\u00fcnktlich um 8:30 Uhr steht die Schar zum Abstieg bereit.<\/p>\n\n\n<div class=\"wp-block-image\">\n<figure class=\"alignleft size-large is-resized\"><a href=\"https:\/\/www.bergfreunde.de\/blog\/wp-content\/uploads\/2021\/05\/Bergfreunde-Kleinwalsertal-Fiderepass-7.jpg\"><img decoding=\"async\" src=\"https:\/\/www.bergfreunde.de\/blog\/wp-content\/uploads\/2021\/05\/Bergfreunde-Kleinwalsertal-Fiderepass-7.jpg\" alt=\"Die Bergfreunde im Kleinwalsertal\" style=\"width:350px;height:266px\"\/><\/a><figcaption class=\"wp-element-caption\">Und sogar noch ein Gipfelerfolg am letzten Tag. Die Bergfreunde @ Kuhgehrenspitze.<\/figcaption><\/figure>\n<\/div>\n\n\n<p>Allerdings verl\u00e4uft der heute auf Umwegen. W\u00e4hrend unsere Klettersteiger endlich\u00a0doch noch den Mindelheimer gehen,\u00a0entscheidet sich der Rest der Truppe f\u00fcr eine l\u00e4ngere Abstiegsvariante \u00fcber die Kuhgehrenspitze und die Kanzelwand. Es ist nat\u00fcrlich reiner Zufall, dass wir bereits nach eineinhalb\u00a0Stunden erneut Halt machen und uns an der inneren Kuhgehrenalpe \u00e4u\u00dferst leckeren Kuchen schmecken lassen. Und die Aussicht ist auch nicht von schlechten Eltern.<\/p>\n\n\n\n<p>Trotz des guten Wetters und des angenehmen Tempos wird die Stimmung in der Gruppe mit der Zeit etwas tr\u00fcber und es liegt wieder einmal an mir, den Entertainer zu spielen. Also packe ich meine besten Witze aus und entlocke den m\u00fcden Gesichtern wieder das ein oder andere L\u00e4cheln &#8211; ob aus Resignation oder tats\u00e4chlicher Freude \u00fcber den Witz ist ja nun egal. Aber bei Knallern wie:\u00a0<em>Kommt ein Pferd in den Blumenladen und fragt &#171;Haben sie Magheritten?&#187;\u00a0<\/em>bleibt fast kein Auge trocken!<\/p>\n\n\n\n<p>Insgesamt sind wir nochmal gut sechs Stunden unterwegs, und es ist wohl unserem \u00e4u\u00dferst guten Team-Zusammenhalt geschuldet, dass wir fast zeitgleich mit den Klettersteiggehern am Parkplatz ankommen &#8211; auf jeden Fall muss es irgend ein 6. Bergfreunde-Sinn sein.<\/p>\n\n\n<div class=\"wp-block-image\">\n<figure class=\"alignright size-large is-resized\"><a href=\"https:\/\/www.bergfreunde.de\/blog\/wp-content\/uploads\/2021\/05\/Bergfreunde-Kleinwalsertal-Fiderepass-1.jpg\"><img decoding=\"async\" src=\"https:\/\/www.bergfreunde.de\/blog\/wp-content\/uploads\/2021\/05\/Bergfreunde-Kleinwalsertal-Fiderepass-1.jpg\" alt=\"Die Bergfreunde im Kleinwalsertal\" style=\"width:349px;height:263px\"\/><\/a><figcaption class=\"wp-element-caption\">Die allerbeste Crew!<\/figcaption><\/figure>\n<\/div>\n\n\n<p>Da es inzwischen schon Nachmittag ist und wir alle sehr hungrig sind, fallen wir mit der Meute noch im nahe gelegenen Gasthof ein. Bei K\u00e4sssp\u00e4tzle und Kaiserschmarrn lassen wir das Wochenende Revue passieren. Es spricht wohl f\u00fcr sich, dass trotz des engen Raumes, der &#171;menschlichen&#187; Ger\u00fcche und meiner atemberaubenden Witze kein Anzeichen von Lagerkoller aufkam. Wir beschlie\u00dfen einstimmig, dass wir die ganz schlimmen Stories f\u00fcr immer unter den kratzigen Wolldecken des Matratzenlagers begraben und die Aktion zu gegebener Zeit wiederholen!<\/p>\n","protected":false},"excerpt":{"rendered":"<p>Es ist Freitagnachmittag, kurz nach 15:30 Uhr. Knapp oberhalb von Mittelberg im Kleinwalsertal, an einem kleinen Wanderparkplatz, rollen 24 Bergfreunde leicht genervt mit den Augen. Kollege Boris zieht sich gef\u00fchlt zum dritten mal um, w\u00e4hrend der Rest der Truppe ungeduldig mit den Hufen scharrt. Schlie\u00dflich macht die K\u00fcche auf der H\u00fctte auch irgendwann zu, und [&hellip;]<\/p>\n","protected":false},"author":5,"featured_media":92953,"comment_status":"open","ping_status":"closed","sticky":false,"template":"","format":"standard","meta":{"_acf_changed":false,"footnotes":""},"categories":[314],"tags":[273,276],"post_folder":[],"class_list":["post-68906","post","type-post","status-publish","format-standard","has-post-thumbnail","hentry","category-team","tag-klettern-bouldern","tag-wandern-trekking"],"acf":[],"yoast_head":"<!-- This site is optimized with the Yoast SEO Premium plugin v27.4 (Yoast SEO v27.4) - https:\/\/yoast.com\/product\/yoast-seo-premium-wordpress\/ -->\n<title>Auf der Fiderepassh\u00fctte - H\u00fcttengaudi \u00e0 la Bergfreunde<\/title>\n<meta name=\"description\" content=\"Es ist Freitagnachmittag, kurz nach 15:30 Uhr. Knapp oberhalb von Mittelberg im Kleinwalsertal, an einem kleinen Wanderparkplatz, rollen 24 Bergfreunde\" \/>\n<meta name=\"robots\" content=\"index, follow, max-snippet:-1, max-image-preview:large, max-video-preview:-1\" \/>\n<link rel=\"canonical\" href=\"https:\/\/www.berg-freunde.ch\/blog\/bergfreunde-kleinwalsertal\/\" \/>\n<meta property=\"og:locale\" content=\"de_DE\" \/>\n<meta property=\"og:type\" content=\"article\" \/>\n<meta property=\"og:title\" content=\"H\u00fcttengaudi \u00e0 la Bergfreunde\" \/>\n<meta property=\"og:description\" content=\"Es ist Freitagnachmittag, kurz nach 15:30 Uhr. Knapp oberhalb von Mittelberg im Kleinwalsertal, an einem kleinen Wanderparkplatz, rollen 24 Bergfreunde\" \/>\n<meta property=\"og:url\" content=\"https:\/\/www.berg-freunde.ch\/blog\/bergfreunde-kleinwalsertal\/\" \/>\n<meta property=\"og:site_name\" content=\"Bergfreunde\" \/>\n<meta property=\"article:publisher\" content=\"https:\/\/www.facebook.com\/bergfreunde\" \/>\n<meta property=\"article:published_time\" content=\"2017-08-22T13:35:37+00:00\" \/>\n<meta property=\"article:modified_time\" content=\"2023-11-17T13:14:28+00:00\" \/>\n<meta property=\"og:image\" content=\"https:\/\/www.bergfreunde.nl\/blog\/wp-content\/uploads\/2017\/08\/20230725_Teamausflug-Bergfreunde_Titel.jpg\" \/>\n\t<meta property=\"og:image:width\" content=\"1440\" \/>\n\t<meta property=\"og:image:height\" content=\"590\" \/>\n\t<meta property=\"og:image:type\" content=\"image\/jpeg\" \/>\n<meta name=\"author\" content=\"J\u00f6rn\" \/>\n<meta name=\"twitter:card\" content=\"summary_large_image\" \/>\n<meta name=\"twitter:label1\" content=\"Geschrieben von\" \/>\n\t<meta name=\"twitter:data1\" content=\"J\u00f6rn\" \/>\n\t<meta name=\"twitter:label2\" content=\"Gesch\u00e4tzte Lesezeit\" \/>\n\t<meta name=\"twitter:data2\" content=\"6\u00a0Minuten\" \/>\n<script type=\"application\/ld+json\" class=\"yoast-schema-graph\">{\"@context\":\"https:\\\/\\\/schema.org\",\"@graph\":[{\"@type\":[\"Article\",\"BlogPosting\"],\"@id\":\"https:\\\/\\\/www.berg-freunde.ch\\\/blog\\\/bergfreunde-kleinwalsertal\\\/#article\",\"isPartOf\":{\"@id\":\"https:\\\/\\\/www.berg-freunde.ch\\\/blog\\\/bergfreunde-kleinwalsertal\\\/\"},\"author\":{\"name\":\"J\u00f6rn\",\"@id\":\"https:\\\/\\\/www.berg-freunde.ch\\\/blog\\\/#\\\/schema\\\/person\\\/be38ad9c835eeb98cbda6973f0e625df\"},\"headline\":\"H\u00fcttengaudi \u00e0 la Bergfreunde\",\"datePublished\":\"2017-08-22T13:35:37+00:00\",\"dateModified\":\"2023-11-17T13:14:28+00:00\",\"mainEntityOfPage\":{\"@id\":\"https:\\\/\\\/www.berg-freunde.ch\\\/blog\\\/bergfreunde-kleinwalsertal\\\/\"},\"wordCount\":1263,\"commentCount\":0,\"publisher\":{\"@id\":\"https:\\\/\\\/www.berg-freunde.ch\\\/blog\\\/#organization\"},\"image\":{\"@id\":\"https:\\\/\\\/www.berg-freunde.ch\\\/blog\\\/bergfreunde-kleinwalsertal\\\/#primaryimage\"},\"thumbnailUrl\":\"https:\\\/\\\/www.berg-freunde.ch\\\/blog\\\/wp-content\\\/uploads\\\/2017\\\/08\\\/20230725_Teamausflug-Bergfreunde_Titel.jpg\",\"keywords\":[\"Klettern &amp; Bouldern\",\"Wandern &amp; Trekking\"],\"articleSection\":[\"Das Team\"],\"inLanguage\":\"de-CH\",\"potentialAction\":[{\"@type\":\"CommentAction\",\"name\":\"Comment\",\"target\":[\"https:\\\/\\\/www.berg-freunde.ch\\\/blog\\\/bergfreunde-kleinwalsertal\\\/#respond\"]}]},{\"@type\":\"WebPage\",\"@id\":\"https:\\\/\\\/www.berg-freunde.ch\\\/blog\\\/bergfreunde-kleinwalsertal\\\/\",\"url\":\"https:\\\/\\\/www.berg-freunde.ch\\\/blog\\\/bergfreunde-kleinwalsertal\\\/\",\"name\":\"Auf der Fiderepassh\u00fctte - H\u00fcttengaudi \u00e0 la Bergfreunde\",\"isPartOf\":{\"@id\":\"https:\\\/\\\/www.berg-freunde.ch\\\/blog\\\/#website\"},\"primaryImageOfPage\":{\"@id\":\"https:\\\/\\\/www.berg-freunde.ch\\\/blog\\\/bergfreunde-kleinwalsertal\\\/#primaryimage\"},\"image\":{\"@id\":\"https:\\\/\\\/www.berg-freunde.ch\\\/blog\\\/bergfreunde-kleinwalsertal\\\/#primaryimage\"},\"thumbnailUrl\":\"https:\\\/\\\/www.berg-freunde.ch\\\/blog\\\/wp-content\\\/uploads\\\/2017\\\/08\\\/20230725_Teamausflug-Bergfreunde_Titel.jpg\",\"datePublished\":\"2017-08-22T13:35:37+00:00\",\"dateModified\":\"2023-11-17T13:14:28+00:00\",\"description\":\"Es ist Freitagnachmittag, kurz nach 15:30 Uhr. Knapp oberhalb von Mittelberg im Kleinwalsertal, an einem kleinen Wanderparkplatz, rollen 24 Bergfreunde\",\"breadcrumb\":{\"@id\":\"https:\\\/\\\/www.berg-freunde.ch\\\/blog\\\/bergfreunde-kleinwalsertal\\\/#breadcrumb\"},\"inLanguage\":\"de-CH\",\"potentialAction\":[{\"@type\":\"ReadAction\",\"target\":[\"https:\\\/\\\/www.berg-freunde.ch\\\/blog\\\/bergfreunde-kleinwalsertal\\\/\"]}]},{\"@type\":\"ImageObject\",\"inLanguage\":\"de-CH\",\"@id\":\"https:\\\/\\\/www.berg-freunde.ch\\\/blog\\\/bergfreunde-kleinwalsertal\\\/#primaryimage\",\"url\":\"https:\\\/\\\/www.berg-freunde.ch\\\/blog\\\/wp-content\\\/uploads\\\/2017\\\/08\\\/20230725_Teamausflug-Bergfreunde_Titel.jpg\",\"contentUrl\":\"https:\\\/\\\/www.berg-freunde.ch\\\/blog\\\/wp-content\\\/uploads\\\/2017\\\/08\\\/20230725_Teamausflug-Bergfreunde_Titel.jpg\",\"width\":1440,\"height\":590},{\"@type\":\"BreadcrumbList\",\"@id\":\"https:\\\/\\\/www.berg-freunde.ch\\\/blog\\\/bergfreunde-kleinwalsertal\\\/#breadcrumb\",\"itemListElement\":[{\"@type\":\"ListItem\",\"position\":1,\"name\":\"Blog\",\"item\":\"https:\\\/\\\/www.berg-freunde.ch\\\/blog\\\/\"},{\"@type\":\"ListItem\",\"position\":2,\"name\":\"Bergfreunde\",\"item\":\"https:\\\/\\\/www.berg-freunde.ch\\\/blog\\\/category\\\/bergfreunde\\\/\"},{\"@type\":\"ListItem\",\"position\":3,\"name\":\"Das Team\",\"item\":\"https:\\\/\\\/www.berg-freunde.ch\\\/blog\\\/category\\\/bergfreunde\\\/team\\\/\"},{\"@type\":\"ListItem\",\"position\":4,\"name\":\"H\u00fcttengaudi \u00e0 la Bergfreunde\"}]},{\"@type\":\"WebSite\",\"@id\":\"https:\\\/\\\/www.berg-freunde.ch\\\/blog\\\/#website\",\"url\":\"https:\\\/\\\/www.berg-freunde.ch\\\/blog\\\/\",\"name\":\"Bergfreunde\",\"description\":\"Blog\",\"publisher\":{\"@id\":\"https:\\\/\\\/www.berg-freunde.ch\\\/blog\\\/#organization\"},\"potentialAction\":[{\"@type\":\"SearchAction\",\"target\":{\"@type\":\"EntryPoint\",\"urlTemplate\":\"https:\\\/\\\/www.berg-freunde.ch\\\/blog\\\/?s={search_term_string}\"},\"query-input\":{\"@type\":\"PropertyValueSpecification\",\"valueRequired\":true,\"valueName\":\"search_term_string\"}}],\"inLanguage\":\"de-CH\"},{\"@type\":\"Organization\",\"@id\":\"https:\\\/\\\/www.berg-freunde.ch\\\/blog\\\/#organization\",\"name\":\"Bergfreunde\",\"url\":\"https:\\\/\\\/www.berg-freunde.ch\\\/blog\\\/\",\"logo\":{\"@type\":\"ImageObject\",\"inLanguage\":\"de-CH\",\"@id\":\"https:\\\/\\\/www.berg-freunde.ch\\\/blog\\\/#\\\/schema\\\/logo\\\/image\\\/\",\"url\":\"https:\\\/\\\/www.berg-freunde.ch\\\/blog\\\/wp-content\\\/uploads\\\/2023\\\/12\\\/Bergfreunde_DE_rgb.svg\",\"contentUrl\":\"https:\\\/\\\/www.berg-freunde.ch\\\/blog\\\/wp-content\\\/uploads\\\/2023\\\/12\\\/Bergfreunde_DE_rgb.svg\",\"caption\":\"Bergfreunde\"},\"image\":{\"@id\":\"https:\\\/\\\/www.berg-freunde.ch\\\/blog\\\/#\\\/schema\\\/logo\\\/image\\\/\"},\"sameAs\":[\"https:\\\/\\\/www.facebook.com\\\/bergfreunde\",\"https:\\\/\\\/www.instagram.com\\\/bergfreundede\\\/\"]},{\"@type\":\"Person\",\"@id\":\"https:\\\/\\\/www.berg-freunde.ch\\\/blog\\\/#\\\/schema\\\/person\\\/be38ad9c835eeb98cbda6973f0e625df\",\"name\":\"J\u00f6rn\",\"url\":\"https:\\\/\\\/www.berg-freunde.ch\\\/blog\\\/about\\\/joern-perschbacher\\\/\"}]}<\/script>\n<!-- \/ Yoast SEO Premium plugin. -->","yoast_head_json":{"title":"Auf der Fiderepassh\u00fctte - H\u00fcttengaudi \u00e0 la Bergfreunde","description":"Es ist Freitagnachmittag, kurz nach 15:30 Uhr. Knapp oberhalb von Mittelberg im Kleinwalsertal, an einem kleinen Wanderparkplatz, rollen 24 Bergfreunde","robots":{"index":"index","follow":"follow","max-snippet":"max-snippet:-1","max-image-preview":"max-image-preview:large","max-video-preview":"max-video-preview:-1"},"canonical":"https:\/\/www.berg-freunde.ch\/blog\/bergfreunde-kleinwalsertal\/","og_locale":"de_DE","og_type":"article","og_title":"H\u00fcttengaudi \u00e0 la Bergfreunde","og_description":"Es ist Freitagnachmittag, kurz nach 15:30 Uhr. Knapp oberhalb von Mittelberg im Kleinwalsertal, an einem kleinen Wanderparkplatz, rollen 24 Bergfreunde","og_url":"https:\/\/www.berg-freunde.ch\/blog\/bergfreunde-kleinwalsertal\/","og_site_name":"Bergfreunde","article_publisher":"https:\/\/www.facebook.com\/bergfreunde","article_published_time":"2017-08-22T13:35:37+00:00","article_modified_time":"2023-11-17T13:14:28+00:00","og_image":[{"width":1440,"height":590,"url":"https:\/\/www.bergfreunde.nl\/blog\/wp-content\/uploads\/2017\/08\/20230725_Teamausflug-Bergfreunde_Titel.jpg","type":"image\/jpeg"}],"author":"J\u00f6rn","twitter_card":"summary_large_image","twitter_misc":{"Geschrieben von":"J\u00f6rn","Gesch\u00e4tzte Lesezeit":"6\u00a0Minuten"},"schema":{"@context":"https:\/\/schema.org","@graph":[{"@type":["Article","BlogPosting"],"@id":"https:\/\/www.berg-freunde.ch\/blog\/bergfreunde-kleinwalsertal\/#article","isPartOf":{"@id":"https:\/\/www.berg-freunde.ch\/blog\/bergfreunde-kleinwalsertal\/"},"author":{"name":"J\u00f6rn","@id":"https:\/\/www.berg-freunde.ch\/blog\/#\/schema\/person\/be38ad9c835eeb98cbda6973f0e625df"},"headline":"H\u00fcttengaudi \u00e0 la Bergfreunde","datePublished":"2017-08-22T13:35:37+00:00","dateModified":"2023-11-17T13:14:28+00:00","mainEntityOfPage":{"@id":"https:\/\/www.berg-freunde.ch\/blog\/bergfreunde-kleinwalsertal\/"},"wordCount":1263,"commentCount":0,"publisher":{"@id":"https:\/\/www.berg-freunde.ch\/blog\/#organization"},"image":{"@id":"https:\/\/www.berg-freunde.ch\/blog\/bergfreunde-kleinwalsertal\/#primaryimage"},"thumbnailUrl":"https:\/\/www.berg-freunde.ch\/blog\/wp-content\/uploads\/2017\/08\/20230725_Teamausflug-Bergfreunde_Titel.jpg","keywords":["Klettern &amp; Bouldern","Wandern &amp; Trekking"],"articleSection":["Das Team"],"inLanguage":"de-CH","potentialAction":[{"@type":"CommentAction","name":"Comment","target":["https:\/\/www.berg-freunde.ch\/blog\/bergfreunde-kleinwalsertal\/#respond"]}]},{"@type":"WebPage","@id":"https:\/\/www.berg-freunde.ch\/blog\/bergfreunde-kleinwalsertal\/","url":"https:\/\/www.berg-freunde.ch\/blog\/bergfreunde-kleinwalsertal\/","name":"Auf der Fiderepassh\u00fctte - H\u00fcttengaudi \u00e0 la Bergfreunde","isPartOf":{"@id":"https:\/\/www.berg-freunde.ch\/blog\/#website"},"primaryImageOfPage":{"@id":"https:\/\/www.berg-freunde.ch\/blog\/bergfreunde-kleinwalsertal\/#primaryimage"},"image":{"@id":"https:\/\/www.berg-freunde.ch\/blog\/bergfreunde-kleinwalsertal\/#primaryimage"},"thumbnailUrl":"https:\/\/www.berg-freunde.ch\/blog\/wp-content\/uploads\/2017\/08\/20230725_Teamausflug-Bergfreunde_Titel.jpg","datePublished":"2017-08-22T13:35:37+00:00","dateModified":"2023-11-17T13:14:28+00:00","description":"Es ist Freitagnachmittag, kurz nach 15:30 Uhr. Knapp oberhalb von Mittelberg im Kleinwalsertal, an einem kleinen Wanderparkplatz, rollen 24 Bergfreunde","breadcrumb":{"@id":"https:\/\/www.berg-freunde.ch\/blog\/bergfreunde-kleinwalsertal\/#breadcrumb"},"inLanguage":"de-CH","potentialAction":[{"@type":"ReadAction","target":["https:\/\/www.berg-freunde.ch\/blog\/bergfreunde-kleinwalsertal\/"]}]},{"@type":"ImageObject","inLanguage":"de-CH","@id":"https:\/\/www.berg-freunde.ch\/blog\/bergfreunde-kleinwalsertal\/#primaryimage","url":"https:\/\/www.berg-freunde.ch\/blog\/wp-content\/uploads\/2017\/08\/20230725_Teamausflug-Bergfreunde_Titel.jpg","contentUrl":"https:\/\/www.berg-freunde.ch\/blog\/wp-content\/uploads\/2017\/08\/20230725_Teamausflug-Bergfreunde_Titel.jpg","width":1440,"height":590},{"@type":"BreadcrumbList","@id":"https:\/\/www.berg-freunde.ch\/blog\/bergfreunde-kleinwalsertal\/#breadcrumb","itemListElement":[{"@type":"ListItem","position":1,"name":"Blog","item":"https:\/\/www.berg-freunde.ch\/blog\/"},{"@type":"ListItem","position":2,"name":"Bergfreunde","item":"https:\/\/www.berg-freunde.ch\/blog\/category\/bergfreunde\/"},{"@type":"ListItem","position":3,"name":"Das Team","item":"https:\/\/www.berg-freunde.ch\/blog\/category\/bergfreunde\/team\/"},{"@type":"ListItem","position":4,"name":"H\u00fcttengaudi \u00e0 la Bergfreunde"}]},{"@type":"WebSite","@id":"https:\/\/www.berg-freunde.ch\/blog\/#website","url":"https:\/\/www.berg-freunde.ch\/blog\/","name":"Bergfreunde","description":"Blog","publisher":{"@id":"https:\/\/www.berg-freunde.ch\/blog\/#organization"},"potentialAction":[{"@type":"SearchAction","target":{"@type":"EntryPoint","urlTemplate":"https:\/\/www.berg-freunde.ch\/blog\/?s={search_term_string}"},"query-input":{"@type":"PropertyValueSpecification","valueRequired":true,"valueName":"search_term_string"}}],"inLanguage":"de-CH"},{"@type":"Organization","@id":"https:\/\/www.berg-freunde.ch\/blog\/#organization","name":"Bergfreunde","url":"https:\/\/www.berg-freunde.ch\/blog\/","logo":{"@type":"ImageObject","inLanguage":"de-CH","@id":"https:\/\/www.berg-freunde.ch\/blog\/#\/schema\/logo\/image\/","url":"https:\/\/www.berg-freunde.ch\/blog\/wp-content\/uploads\/2023\/12\/Bergfreunde_DE_rgb.svg","contentUrl":"https:\/\/www.berg-freunde.ch\/blog\/wp-content\/uploads\/2023\/12\/Bergfreunde_DE_rgb.svg","caption":"Bergfreunde"},"image":{"@id":"https:\/\/www.berg-freunde.ch\/blog\/#\/schema\/logo\/image\/"},"sameAs":["https:\/\/www.facebook.com\/bergfreunde","https:\/\/www.instagram.com\/bergfreundede\/"]},{"@type":"Person","@id":"https:\/\/www.berg-freunde.ch\/blog\/#\/schema\/person\/be38ad9c835eeb98cbda6973f0e625df","name":"J\u00f6rn","url":"https:\/\/www.berg-freunde.ch\/blog\/about\/joern-perschbacher\/"}]}},"_links":{"self":[{"href":"https:\/\/www.berg-freunde.ch\/blog\/wp-json\/wp\/v2\/posts\/68906","targetHints":{"allow":["GET"]}}],"collection":[{"href":"https:\/\/www.berg-freunde.ch\/blog\/wp-json\/wp\/v2\/posts"}],"about":[{"href":"https:\/\/www.berg-freunde.ch\/blog\/wp-json\/wp\/v2\/types\/post"}],"author":[{"embeddable":true,"href":"https:\/\/www.berg-freunde.ch\/blog\/wp-json\/wp\/v2\/users\/5"}],"replies":[{"embeddable":true,"href":"https:\/\/www.berg-freunde.ch\/blog\/wp-json\/wp\/v2\/comments?post=68906"}],"version-history":[{"count":0,"href":"https:\/\/www.berg-freunde.ch\/blog\/wp-json\/wp\/v2\/posts\/68906\/revisions"}],"wp:featuredmedia":[{"embeddable":true,"href":"https:\/\/www.berg-freunde.ch\/blog\/wp-json\/wp\/v2\/media\/92953"}],"wp:attachment":[{"href":"https:\/\/www.berg-freunde.ch\/blog\/wp-json\/wp\/v2\/media?parent=68906"}],"wp:term":[{"taxonomy":"category","embeddable":true,"href":"https:\/\/www.berg-freunde.ch\/blog\/wp-json\/wp\/v2\/categories?post=68906"},{"taxonomy":"post_tag","embeddable":true,"href":"https:\/\/www.berg-freunde.ch\/blog\/wp-json\/wp\/v2\/tags?post=68906"},{"taxonomy":"post_folder","embeddable":true,"href":"https:\/\/www.berg-freunde.ch\/blog\/wp-json\/wp\/v2\/post_folder?post=68906"}],"curies":[{"name":"wp","href":"https:\/\/api.w.org\/{rel}","templated":true}]}}