{"id":68994,"date":"2017-07-28T15:15:58","date_gmt":"2017-07-28T13:15:58","guid":{"rendered":"https:\/\/www.bergfreunde.de\/blog\/gore-qualitaetssicherung\/"},"modified":"2025-06-17T11:35:33","modified_gmt":"2025-06-17T09:35:33","slug":"gore-qualitaetssicherung","status":"publish","type":"post","link":"https:\/\/www.berg-freunde.ch\/blog\/gore-qualitaetssicherung\/","title":{"rendered":"Die Bergfreunde zu Besuch bei GORE"},"content":{"rendered":"\n<p>Was waren das f\u00fcr sch\u00f6ne Zeiten damals im Studium, als wir unseren Professor beim Chemie-Praktikum fast zur Wei\u00dfglut getrieben haben, weil partout keiner der Versuche klappen wollte. Ob es nun an unserer allgemeinen Unf\u00e4higkeit lag oder an einer mangelhaften Versuchsbeschreibung, lasse ich an dieser Stelle einmal unkommentiert. Warum ich \u00fcberhaupt auf das Thema komme? Nun, weil wir vor kurzem zu Gast bei GORE waren und im dortigen Testlabor bestaunen konnten, was man dem Material alles antut, um das \u201eGuaranteed to keep you dry\u201c-Versprechen einhalten zu k\u00f6nnen. Und eines ist mal klar: <a href=\"https:\/\/www.berg-freunde.ch\/regenjacken\/\">Regenjacke<\/a> will man hier&nbsp;wirklich nicht sein\u2026<\/p>\n\n\n\n<h2 class=\"wp-block-heading\" id=\"h-zuruck-im-labor\">Zur\u00fcck im Labor<\/h2>\n\n\n\n<p>Im Gegensatz zu unserem damaligen Professor ist Sander, der uns heute durch die heiligen Hallen von GORE f\u00fchrt, sehr viel geduldiger. Er nimmt sich Zeit, jede Station im Detail zu erkl\u00e4ren und versichert uns, dass jeder Stoff, der f\u00fcr kooperierende Marken gefertigt wird, diese Tests durchl\u00e4uft, bevor daraus Jacken, Hosen oder sonstige GORE-TEX\u00ae Textilien hergestellt werden. Doch was muss ein Stoff im Labor eigentlich alles aushalten? Das wollen wir uns mal n\u00e4her ansehen:<\/p>\n\n\n\n<h3 class=\"wp-block-heading\" id=\"h-flachengewicht-fadenzahler-und-schrumpf-test\">Fl\u00e4chengewicht, Fadenz\u00e4hler und Schrumpf-Test<\/h3>\n\n\n\n<p>Mit einem genormten Stempel wird ein kreisrundes St\u00fcck aus dem Textil herausgel\u00f6st und gewogen. Dabei darf die Abweichung maximal 3% betragen. Danach werden mit Hilfe einer speziellen Maschine die F\u00e4den pro Quadratzentimeter gez\u00e4hlt \u2013 dies haben Menschen fr\u00fcher noch per Hand und mit Nadel gemacht. Beim Schrumpftest \u2013 der Name sagt es auch hier schon \u2013 wird \u00fcberpr\u00fcft, in wie weit sich das Material verkleinert, wenn es gewaschen, ged\u00e4mpft oder chemisch gereinigt wird.<\/p>\n\n\n\n<figure class=\"wp-block-gallery has-nested-images columns-3 is-cropped wp-block-gallery-1 is-layout-flex wp-block-gallery-is-layout-flex\">\n<figure class=\"wp-block-image size-large\"><a href=\"https:\/\/www.bergfreunde.de\/blog\/wp-content\/uploads\/2021\/05\/Gore-Tex-Testlabor-Flaechengewicht.jpg\"><img fetchpriority=\"high\" decoding=\"async\" width=\"600\" height=\"450\" data-id=\"25403\" src=\"https:\/\/www.bergfreunde.de\/blog\/wp-content\/uploads\/2021\/05\/Gore-Tex-Testlabor-Flaechengewicht.jpg\" alt=\"Die Bergfreunde zu Gast bei Gore\" class=\"wp-image-25403\" srcset=\"https:\/\/www.berg-freunde.ch\/blog\/wp-content\/uploads\/2021\/05\/Gore-Tex-Testlabor-Flaechengewicht.jpg 600w, https:\/\/www.berg-freunde.ch\/blog\/wp-content\/uploads\/2021\/05\/Gore-Tex-Testlabor-Flaechengewicht-300x225.jpg 300w\" sizes=\"(max-width: 600px) 100vw, 600px\" \/><\/a><figcaption class=\"wp-element-caption\">Mit dem runden Stempel wird eine genormte Stoffprobe f\u00fcr das Fl\u00e4chengewicht und die Fadenzahl entnommen.<\/figcaption><\/figure>\n\n\n\n<figure class=\"wp-block-image size-large\"><a href=\"https:\/\/www.bergfreunde.de\/blog\/wp-content\/uploads\/2021\/05\/Gore-Tex-Testlabor-Schrumpftest.jpg\"><img decoding=\"async\" width=\"600\" height=\"450\" data-id=\"25407\" src=\"https:\/\/www.bergfreunde.de\/blog\/wp-content\/uploads\/2021\/05\/Gore-Tex-Testlabor-Schrumpftest.jpg\" alt=\"Die Bergfreunde zu Gast bei Gore\" class=\"wp-image-25407\" srcset=\"https:\/\/www.berg-freunde.ch\/blog\/wp-content\/uploads\/2021\/05\/Gore-Tex-Testlabor-Schrumpftest.jpg 600w, https:\/\/www.berg-freunde.ch\/blog\/wp-content\/uploads\/2021\/05\/Gore-Tex-Testlabor-Schrumpftest-300x225.jpg 300w\" sizes=\"(max-width: 600px) 100vw, 600px\" \/><\/a><figcaption class=\"wp-element-caption\">Per Schablone wird das Schrumpfverhalten analysiert<\/figcaption><\/figure>\n<\/figure>\n\n\n\n<h3 class=\"wp-block-heading\" id=\"h-reib-und-farbechtheit\">Reib- und Farbechtheit<\/h3>\n\n\n\n<p>Das Textil wird beim Reibechtheitstest in eine spezielle Maschine eingespannt, die Reibung in Quer-, L\u00e4ngs- oder Diagonalrichtung simuliert. Danach wird anhand einer Grauskala verglichen, ob und in wie weit das Material abgef\u00e4rbt hat. \u00c4hnlich verh\u00e4lt es sich beim Farbechtheitstest, nur dass die Stoffproben hier verschiedene Waschverfahren durchlaufen und simuliert wird, welche Auswirkungen unterschiedliche Schwei\u00dfzusammensetzungen haben.<\/p>\n\n\n\n<figure class=\"wp-block-gallery has-nested-images columns-3 is-cropped wp-block-gallery-2 is-layout-flex wp-block-gallery-is-layout-flex\">\n<figure class=\"wp-block-image size-large\"><a href=\"https:\/\/www.bergfreunde.de\/blog\/wp-content\/uploads\/2021\/05\/Gore-Tex-Testlabor-Farbechtheit-Vergleich.jpg\"><img decoding=\"async\" width=\"600\" height=\"450\" data-id=\"25411\" src=\"https:\/\/www.bergfreunde.de\/blog\/wp-content\/uploads\/2021\/05\/Gore-Tex-Testlabor-Farbechtheit-Vergleich.jpg\" alt=\"Die Bergfreunde zu Gast bei Gore\" class=\"wp-image-25411\" srcset=\"https:\/\/www.berg-freunde.ch\/blog\/wp-content\/uploads\/2021\/05\/Gore-Tex-Testlabor-Farbechtheit-Vergleich.jpg 600w, https:\/\/www.berg-freunde.ch\/blog\/wp-content\/uploads\/2021\/05\/Gore-Tex-Testlabor-Farbechtheit-Vergleich-300x225.jpg 300w\" sizes=\"(max-width: 600px) 100vw, 600px\" \/><\/a><figcaption class=\"wp-element-caption\">Mit solch einer Vergleichstabelle werden die Muster abgeglichen.<\/figcaption><\/figure>\n\n\n\n<figure class=\"wp-block-image size-large\"><a href=\"https:\/\/www.bergfreunde.de\/blog\/wp-content\/uploads\/2021\/05\/Gore-Tex-Testlabor-Farbechtheit.jpg\"><img loading=\"lazy\" decoding=\"async\" width=\"600\" height=\"450\" data-id=\"25415\" src=\"https:\/\/www.bergfreunde.de\/blog\/wp-content\/uploads\/2021\/05\/Gore-Tex-Testlabor-Farbechtheit.jpg\" alt=\"Die Bergfreunde zu Gast bei Gore\" class=\"wp-image-25415\" srcset=\"https:\/\/www.berg-freunde.ch\/blog\/wp-content\/uploads\/2021\/05\/Gore-Tex-Testlabor-Farbechtheit.jpg 600w, https:\/\/www.berg-freunde.ch\/blog\/wp-content\/uploads\/2021\/05\/Gore-Tex-Testlabor-Farbechtheit-300x225.jpg 300w\" sizes=\"(max-width: 600px) 100vw, 600px\" \/><\/a><figcaption class=\"wp-element-caption\">Hier wird gewaschen und der Einfluss von <a href=\"https:\/\/www.berg-freunde.ch\/schwitzrate-sport-rechner\/\">Schwei\u00df<\/a> auf das Material gepr\u00fcft.<\/figcaption><\/figure>\n\n\n\n<figure class=\"wp-block-image size-large\"><a href=\"https:\/\/www.bergfreunde.de\/blog\/wp-content\/uploads\/2021\/05\/Gore-Tex-Testlabor-Reibetest.jpg\"><img loading=\"lazy\" decoding=\"async\" width=\"600\" height=\"450\" data-id=\"25419\" src=\"https:\/\/www.bergfreunde.de\/blog\/wp-content\/uploads\/2021\/05\/Gore-Tex-Testlabor-Reibetest.jpg\" alt=\"Die Bergfreunde zu Gast bei Gore\" class=\"wp-image-25419\" srcset=\"https:\/\/www.berg-freunde.ch\/blog\/wp-content\/uploads\/2021\/05\/Gore-Tex-Testlabor-Reibetest.jpg 600w, https:\/\/www.berg-freunde.ch\/blog\/wp-content\/uploads\/2021\/05\/Gore-Tex-Testlabor-Reibetest-300x225.jpg 300w\" sizes=\"(max-width: 600px) 100vw, 600px\" \/><\/a><figcaption class=\"wp-element-caption\">Diese Maschine reibt auf dem Material.<\/figcaption><\/figure>\n<\/figure>\n\n\n\n<h3 class=\"wp-block-heading\" id=\"h-mvtr-und-ret-test\">MVTR- und RET-Test<\/h3>\n\n\n\n<p>Der \u201eMoisture Vapour Transmission Rate\u201c-Test dient zur Bestimmung der Atmungsaktivit\u00e4t eines Textils. Dabei wird das Material direkt an einer Wasseroberfl\u00e4che platziert. Dar\u00fcber wird ein Becher mit Salz und einer Membran gestellt. Durch die feuchtigkeitsanziehende Wirkung von Salz wird das Wasser&nbsp;quasi langsam durch die \u2013 in dem Fall \u2013 GORE-Membran gezogen. Mit Hilfe von Formeln und der Gewichtsdifferenz des Bechers vor und nach dem Test wird dann der MVTR-Wert bestimmt und zwar in g\/m\u00b2\/24h. Da diese Tests allerdings nicht ISO genormt sind, hat GORE&nbsp;zusammen mit dem Institut Hohenstein in K\u00f6ln den RET-Wert (Resistance to Evaporating Heat Transfer) entwickelt. Hier wird der Widerstand gemessen, den ein Stoff dem Wasserdampf entgegen setzt. Je niedriger der Wert, umso besser die Atmungsaktivit\u00e4t. In diesem Basislager-Artikel gibt es noch <strong><a href=\"https:\/\/www.berg-freunde.ch\/blog\/atmungsaktivitaet\/\">weitere Infos zu RET und MVTR<\/a>.<\/strong><\/p>\n\n\n\n<h3 class=\"wp-block-heading\" id=\"h-suter-test\">Suter-Test<\/h3>\n\n\n\n<p>Wahrscheinlich haben die meisten von euch schon von der ber\u00fchmten <strong><a href=\"https:\/\/www.berg-freunde.ch\/blog\/wasserdicht-oder-wasserabweisend\/\">Wassers\u00e4ule geh\u00f6rt<\/a><\/strong>. Sie gilt als Ma\u00df daf\u00fcr, ab wann ein Stoff als wasserdicht angesehen werden kann. Zur Messung dieser Wassers\u00e4ule wird heute der sogenannte Suter-Test genutzt. Dabei wird der Stoff in einen Rahmen eingespannt und steigendem Wasserdruck ausgesetzt. Sobald drei Tropfen durch das Material hindurchdringen, ist der Test beendet und die Wassers\u00e4ule bestimmt. Wir mussten allerdings lange darauf warten, bis endlich Wasser durch die GORE-Membran kam. Genauer gesagt solange, bis Sander mit einer Nadel ein kleines Loch in den Teststoff stach.<\/p>\n\n\n\n<figure class=\"wp-block-gallery has-nested-images columns-3 is-cropped wp-block-gallery-3 is-layout-flex wp-block-gallery-is-layout-flex\">\n<figure class=\"wp-block-image size-large\"><a href=\"https:\/\/www.bergfreunde.de\/blog\/wp-content\/uploads\/2021\/05\/Gore-Tex-Testlabor-Suter.jpg\"><img loading=\"lazy\" decoding=\"async\" width=\"600\" height=\"450\" data-id=\"25423\" src=\"https:\/\/www.bergfreunde.de\/blog\/wp-content\/uploads\/2021\/05\/Gore-Tex-Testlabor-Suter.jpg\" alt=\"Die Bergfreunde zu Gast bei Gore\" class=\"wp-image-25423\" srcset=\"https:\/\/www.berg-freunde.ch\/blog\/wp-content\/uploads\/2021\/05\/Gore-Tex-Testlabor-Suter.jpg 600w, https:\/\/www.berg-freunde.ch\/blog\/wp-content\/uploads\/2021\/05\/Gore-Tex-Testlabor-Suter-300x225.jpg 300w\" sizes=\"(max-width: 600px) 100vw, 600px\" \/><\/a><figcaption class=\"wp-element-caption\">Beim Suter-Test muss die Membran dem Wasserdruck standhalten.<\/figcaption><\/figure>\n\n\n\n<figure class=\"wp-block-image size-large\"><a href=\"https:\/\/www.bergfreunde.de\/blog\/wp-content\/uploads\/2021\/05\/Gore-Tex-Testlabor-Suter-2.jpg\"><img loading=\"lazy\" decoding=\"async\" width=\"600\" height=\"450\" data-id=\"25427\" src=\"https:\/\/www.bergfreunde.de\/blog\/wp-content\/uploads\/2021\/05\/Gore-Tex-Testlabor-Suter-2.jpg\" alt=\"Die Bergfreunde zu Gast bei Gore\" class=\"wp-image-25427\" srcset=\"https:\/\/www.berg-freunde.ch\/blog\/wp-content\/uploads\/2021\/05\/Gore-Tex-Testlabor-Suter-2.jpg 600w, https:\/\/www.berg-freunde.ch\/blog\/wp-content\/uploads\/2021\/05\/Gore-Tex-Testlabor-Suter-2-300x225.jpg 300w\" sizes=\"(max-width: 600px) 100vw, 600px\" \/><\/a><figcaption class=\"wp-element-caption\">Ein Loch im Material ist nat\u00fcrlich eher ung\u00fcnstig.<\/figcaption><\/figure>\n\n\n\n<figure class=\"wp-block-image size-large\"><a href=\"https:\/\/www.bergfreunde.de\/blog\/wp-content\/uploads\/2021\/05\/Gore-Tex-Testlabor-MVTR.jpg\"><img loading=\"lazy\" decoding=\"async\" width=\"600\" height=\"450\" data-id=\"25431\" src=\"https:\/\/www.bergfreunde.de\/blog\/wp-content\/uploads\/2021\/05\/Gore-Tex-Testlabor-MVTR.jpg\" alt=\"Die Bergfreunde zu Gast bei Gore\" class=\"wp-image-25431\" srcset=\"https:\/\/www.berg-freunde.ch\/blog\/wp-content\/uploads\/2021\/05\/Gore-Tex-Testlabor-MVTR.jpg 600w, https:\/\/www.berg-freunde.ch\/blog\/wp-content\/uploads\/2021\/05\/Gore-Tex-Testlabor-MVTR-300x225.jpg 300w\" sizes=\"(max-width: 600px) 100vw, 600px\" \/><\/a><figcaption class=\"wp-element-caption\">Der prinzipielle Versuchsaufbau beim MVTR-Test. Der Becher mit Salz wird dar\u00fcber gest\u00fclpt.<\/figcaption><\/figure>\n<\/figure>\n\n\n\n<h3 class=\"wp-block-heading\" id=\"h-kenmore-test\">Kenmore-Test<\/h3>\n\n\n\n<p>Hier wird es ganz ungem\u00fctlich f\u00fcr die liebe Outdoor-Klamotte. Beim Kenmore-Test werden Produkt-Samples in einem sogenannten Top-Loader, einer von oben zu beladenden Waschmaschine gewaschen. Die werden haupts\u00e4chlich in den USA verwendet und haben eine Art Schraube in der Mitte, die die W\u00e4sche immer wieder durchw\u00fchlt. Man kann sich vorstellen, dass die Belastung auf das Material enorm ist. Also der ideale H\u00e4rtetest f\u00fcr Robustheit und Langlebigkeit. Und tats\u00e4chlich, die zahlreichen maltr\u00e4tierten Kleidungsst\u00fcck, die Sander aus der Waschmaschine zieht, haben schon deutlich bessere Tage gesehen. Mindestens 500 Stunden m\u00fcssen GORE-Klamotten in dem Teil aushalten und danach immer noch wasserdicht sein!<\/p>\n\n\n\n<h3 class=\"wp-block-heading\" id=\"h-der-crumple-test\">Der Crumple-Test<\/h3>\n\n\n\n<p>Auch hier geht es vor allem um die Robustheit des Materials. Im Crumpler wird simuliert, wie sich Stoffe verhalten, wenn sie immer wieder gestreckt, gedreht und gequetscht werden \u2013 also z.B. w\u00e4hrend der Arm- oder Beinbewegung. Das sieht bisweilen ziemlich lustig aus, zeigt aber gleichzeitig, wie nah man versucht, die Realit\u00e4t mit den Tests abzubilden.<\/p>\n\n\n\n<h3 class=\"wp-block-heading\" id=\"h-spray-test\">Spray-Test<\/h3>\n\n\n\n<p>Und es wird wieder nass. Anders wie beim Suter-Test wird beim Spraytest jedoch nicht die Wasserdichtigkeit des Materials gepr\u00fcft, sondern die wasserabweisende Impr\u00e4gnierung des Obermaterials ab Werk. Dazu wird einfach eine genormte Menge Wasser aus einer genormten H\u00f6he auf einen Materialtr\u00e4ger laufen gelassen. Im besten Fall ist das Material danach trocken. Im schlechtesten Fall saugt es sich mit Wasser voll, was die Atmungsaktivit\u00e4t beeintr\u00e4chtigt.<\/p>\n\n\n\n<figure class=\"wp-block-gallery has-nested-images columns-3 is-cropped wp-block-gallery-4 is-layout-flex wp-block-gallery-is-layout-flex\">\n<figure class=\"wp-block-image size-large\"><a href=\"https:\/\/www.bergfreunde.de\/blog\/wp-content\/uploads\/2021\/05\/Gore-Tex-Testlabor-Spray.jpg\"><img loading=\"lazy\" decoding=\"async\" width=\"600\" height=\"450\" data-id=\"25435\" src=\"https:\/\/www.bergfreunde.de\/blog\/wp-content\/uploads\/2021\/05\/Gore-Tex-Testlabor-Spray.jpg\" alt=\"Die Bergfreunde zu Gast bei Gore\" class=\"wp-image-25435\" srcset=\"https:\/\/www.berg-freunde.ch\/blog\/wp-content\/uploads\/2021\/05\/Gore-Tex-Testlabor-Spray.jpg 600w, https:\/\/www.berg-freunde.ch\/blog\/wp-content\/uploads\/2021\/05\/Gore-Tex-Testlabor-Spray-300x225.jpg 300w\" sizes=\"(max-width: 600px) 100vw, 600px\" \/><\/a><figcaption class=\"wp-element-caption\">Eine nicht optimale Impr\u00e4gnierung beim Spray-Test. In der Mitte sieht man, das sich das Material mit Wasser vollsaugt.<\/figcaption><\/figure>\n\n\n\n<figure class=\"wp-block-image size-large\"><a href=\"https:\/\/www.bergfreunde.de\/blog\/wp-content\/uploads\/2021\/05\/Gore-Tex-Testlabor-Kenmore.jpg\"><img loading=\"lazy\" decoding=\"async\" width=\"600\" height=\"450\" data-id=\"25439\" src=\"https:\/\/www.bergfreunde.de\/blog\/wp-content\/uploads\/2021\/05\/Gore-Tex-Testlabor-Kenmore.jpg\" alt=\"Die Bergfreunde zu Gast bei Gore\" class=\"wp-image-25439\" srcset=\"https:\/\/www.berg-freunde.ch\/blog\/wp-content\/uploads\/2021\/05\/Gore-Tex-Testlabor-Kenmore.jpg 600w, https:\/\/www.berg-freunde.ch\/blog\/wp-content\/uploads\/2021\/05\/Gore-Tex-Testlabor-Kenmore-300x225.jpg 300w\" sizes=\"(max-width: 600px) 100vw, 600px\" \/><\/a><figcaption class=\"wp-element-caption\">Der Toploader macht mit den meisten herk\u00f6mmlichen Klamotten kurzen Prozess.<\/figcaption><\/figure>\n\n\n\n<figure class=\"wp-block-image size-large\"><a href=\"https:\/\/www.bergfreunde.de\/blog\/wp-content\/uploads\/2021\/05\/Gore-Tex-Testlabor-Crumple.jpg\"><img loading=\"lazy\" decoding=\"async\" width=\"600\" height=\"450\" data-id=\"25443\" src=\"https:\/\/www.bergfreunde.de\/blog\/wp-content\/uploads\/2021\/05\/Gore-Tex-Testlabor-Crumple.jpg\" alt=\"Die Bergfreunde zu Gast bei Gore\" class=\"wp-image-25443\" srcset=\"https:\/\/www.berg-freunde.ch\/blog\/wp-content\/uploads\/2021\/05\/Gore-Tex-Testlabor-Crumple.jpg 600w, https:\/\/www.berg-freunde.ch\/blog\/wp-content\/uploads\/2021\/05\/Gore-Tex-Testlabor-Crumple-300x225.jpg 300w\" sizes=\"(max-width: 600px) 100vw, 600px\" \/><\/a><figcaption class=\"wp-element-caption\">Im Crumpler werden die Stoffe gedreht und gequetscht.<\/figcaption><\/figure>\n<\/figure>\n\n\n\n<h3 class=\"wp-block-heading\" id=\"h-wind-test\">Wind-Test<\/h3>\n\n\n\n<p>Man k\u00f6nnte nat\u00fcrlich davon ausgehen, dass wasserdichtes Material auch winddicht ist \u2013 klar. Aber auch die Windstopper-Membran, die selbst nicht wasser- aber winddicht ist, muss nat\u00fcrlich getestet werden. \u00c4hnlich wie beim Suter-Test wird der Stoff auf einen Tr\u00e4ger gespannt. Nur wird beim Wind-Test nat\u00fcrlich kein Wasserdruck, sondern eben Luftdruck simuliert. Die tolerierbare Grenze liegt hier unter dem Bereich, den ein Mensch noch wahrnehmen kann. Wir empfinden das Kleidungsst\u00fcck demnach also als winddicht.<\/p>\n\n\n\n<p>Eines ist uns nach dem Rundgang jedenfalls ziemlich klar: Hier wird mit ziemlich harten Bandagen getestet! Au\u00dferdem wissen wir jetzt, dass hinter den zahlreichen Versprechungen, die die Firma GORE zu ihren Membranen gibt, viel Aufwand steht. Dennoch \u2013 und das erw\u00e4hnt auch Sander ausdr\u00fccklich \u2013 kann es nat\u00fcrlich immer sein, dass Wasser durch eine defekte Naht oder einen zwar wasserabweisenden, aber nicht komplett dichten Rei\u00dfverschluss dringen kann. Darauf kann das Material im Labor nat\u00fcrlich nicht getestet werden und es obliegt zudem den Herstellern, bei der Konstruktion keine M\u00e4ngel in das Produkt zu bauen. Dennoch bietet GORE&nbsp;seinen Kooperationspartner auch hier eine L\u00f6sung: Den Regenturm!<\/p>\n\n\n\n<figure class=\"wp-block-gallery has-nested-images columns-3 is-cropped wp-block-gallery-5 is-layout-flex wp-block-gallery-is-layout-flex\">\n<figure class=\"wp-block-image size-large\"><a href=\"https:\/\/www.bergfreunde.de\/blog\/wp-content\/uploads\/2021\/05\/Gore-Tex-Testlabor-Wind-2.jpg\"><img loading=\"lazy\" decoding=\"async\" width=\"600\" height=\"450\" data-id=\"25447\" src=\"https:\/\/www.bergfreunde.de\/blog\/wp-content\/uploads\/2021\/05\/Gore-Tex-Testlabor-Wind-2.jpg\" alt=\"Die Bergfreunde zu Gast bei Gore\" class=\"wp-image-25447\" srcset=\"https:\/\/www.berg-freunde.ch\/blog\/wp-content\/uploads\/2021\/05\/Gore-Tex-Testlabor-Wind-2.jpg 600w, https:\/\/www.berg-freunde.ch\/blog\/wp-content\/uploads\/2021\/05\/Gore-Tex-Testlabor-Wind-2-300x225.jpg 300w\" sizes=\"(max-width: 600px) 100vw, 600px\" \/><\/a><figcaption class=\"wp-element-caption\">Wie beim Suter-Test muss das Material einen Widerstand aushalten.<\/figcaption><\/figure>\n\n\n\n<figure class=\"wp-block-image size-large\"><a href=\"https:\/\/www.bergfreunde.de\/blog\/wp-content\/uploads\/2021\/05\/Gore-Tex-Testlabor-Wind.jpg\"><img loading=\"lazy\" decoding=\"async\" width=\"600\" height=\"450\" data-id=\"25451\" src=\"https:\/\/www.bergfreunde.de\/blog\/wp-content\/uploads\/2021\/05\/Gore-Tex-Testlabor-Wind.jpg\" alt=\"Die Bergfreunde zu Gast bei Gore\" class=\"wp-image-25451\" srcset=\"https:\/\/www.berg-freunde.ch\/blog\/wp-content\/uploads\/2021\/05\/Gore-Tex-Testlabor-Wind.jpg 600w, https:\/\/www.berg-freunde.ch\/blog\/wp-content\/uploads\/2021\/05\/Gore-Tex-Testlabor-Wind-300x225.jpg 300w\" sizes=\"(max-width: 600px) 100vw, 600px\" \/><\/a><figcaption class=\"wp-element-caption\">In dem Fall allerdings einen Luftwiderstand.<\/figcaption><\/figure>\n<\/figure>\n\n\n\n<h2 class=\"wp-block-heading\" id=\"h-drei-bergfreunde-werden-nass\">Drei Bergfreunde werden nass<\/h2>\n\n\n\n<p>Den mussten wir uns nat\u00fcrlich auch uuuuunbedingt anschauen. In dem sechs Meter hohen Turm aus Glas herrscht an diesem Tag eine eher saunaartige Atmosph\u00e4re. Die Temperaturen liegen weit \u00fcber der 30\u00b0C-Marke und wir sind eigentlich gar nicht so hei\u00df drauf, uns jetzt in Regenjacke, <a href=\"https:\/\/www.berg-freunde.ch\/regenhosen\/\">Regenhose<\/a> und wasserdichte Schuhe zu werfen.<\/p>\n\n\n\n<p>Erstmal d\u00fcrfen wir uns das Spektakel aber von au\u00dfen ansehen. Die D\u00fcsen an der Decke und der Seite springen auf Knopfdruck an, und befeuern die Test-Jacke an der sich drehenden Puppe mit Wasser. In wenigen Sekunden ist das Teil nass \u2013 und zwar richtig.&nbsp; Man kann gut erkennen, dass die Impr\u00e4gnierung schon lange runter ist, denn die Au\u00dfenseite ist komplett mit Wasser vollgesogen. Nach einigen Minuten stellt Sander die D\u00fcsen wieder ab und wir schauen uns n\u00e4her an, was unter der Jacke passiert ist.<\/p>\n\n\n\n<p>Die Puppe tr\u00e4gt hellblaue Unterw\u00e4sche, die bei Feuchtigkeit dunkler wird. So kann man direkt erkennen, ob es Schwachstellen gibt. Aber wie wir einstimmig feststellen durften, gab es diese nicht. Alles ist trocken. Die kleinen Flecken auf dem Bild sind nachtr\u00e4glich beim \u00d6ffnen der Jacke entstanden.<\/p>\n\n\n\n<figure class=\"wp-block-gallery has-nested-images columns-3 is-cropped wp-block-gallery-6 is-layout-flex wp-block-gallery-is-layout-flex\">\n<figure class=\"wp-block-image size-large\"><a href=\"https:\/\/www.bergfreunde.de\/blog\/wp-content\/uploads\/2021\/05\/Gore-Tex-Testlabor-Regenturm-Test.jpg\"><img loading=\"lazy\" decoding=\"async\" width=\"600\" height=\"450\" data-id=\"25455\" src=\"https:\/\/www.bergfreunde.de\/blog\/wp-content\/uploads\/2021\/05\/Gore-Tex-Testlabor-Regenturm-Test.jpg\" alt=\"Die Bergfreunde zu Gast bei Gore\" class=\"wp-image-25455\" srcset=\"https:\/\/www.berg-freunde.ch\/blog\/wp-content\/uploads\/2021\/05\/Gore-Tex-Testlabor-Regenturm-Test.jpg 600w, https:\/\/www.berg-freunde.ch\/blog\/wp-content\/uploads\/2021\/05\/Gore-Tex-Testlabor-Regenturm-Test-300x225.jpg 300w\" sizes=\"(max-width: 600px) 100vw, 600px\" \/><\/a><figcaption class=\"wp-element-caption\">Die Jacke muss im Regenturm einiges aushalten.<\/figcaption><\/figure>\n\n\n\n<figure class=\"wp-block-image size-large\"><a href=\"https:\/\/www.bergfreunde.de\/blog\/wp-content\/uploads\/2021\/05\/Gore-Tex-Testlabor-impraegnierung.jpg\"><img loading=\"lazy\" decoding=\"async\" width=\"600\" height=\"450\" data-id=\"25459\" src=\"https:\/\/www.bergfreunde.de\/blog\/wp-content\/uploads\/2021\/05\/Gore-Tex-Testlabor-impraegnierung.jpg\" alt=\"Die Bergfreunde zu Gast bei Gore\" class=\"wp-image-25459\" srcset=\"https:\/\/www.berg-freunde.ch\/blog\/wp-content\/uploads\/2021\/05\/Gore-Tex-Testlabor-impraegnierung.jpg 600w, https:\/\/www.berg-freunde.ch\/blog\/wp-content\/uploads\/2021\/05\/Gore-Tex-Testlabor-impraegnierung-300x225.jpg 300w\" sizes=\"(max-width: 600px) 100vw, 600px\" \/><\/a><figcaption class=\"wp-element-caption\">Man erkennt gut, dass die Impr\u00e4gnierung schon komplett verflogen ist.<\/figcaption><\/figure>\n\n\n\n<figure class=\"wp-block-image size-large\"><a href=\"https:\/\/www.bergfreunde.de\/blog\/wp-content\/uploads\/2021\/05\/Gore-Tex-Testlabor-Regenturm-trocken.jpg\"><img loading=\"lazy\" decoding=\"async\" width=\"600\" height=\"450\" data-id=\"25463\" src=\"https:\/\/www.bergfreunde.de\/blog\/wp-content\/uploads\/2021\/05\/Gore-Tex-Testlabor-Regenturm-trocken.jpg\" alt=\"Die Bergfreunde zu Gast bei Gore\" class=\"wp-image-25463\" srcset=\"https:\/\/www.berg-freunde.ch\/blog\/wp-content\/uploads\/2021\/05\/Gore-Tex-Testlabor-Regenturm-trocken.jpg 600w, https:\/\/www.berg-freunde.ch\/blog\/wp-content\/uploads\/2021\/05\/Gore-Tex-Testlabor-Regenturm-trocken-300x225.jpg 300w\" sizes=\"(max-width: 600px) 100vw, 600px\" \/><\/a><figcaption class=\"wp-element-caption\">Beim Blick unter die Jacke f\u00e4llt allerdings auf: Alles trocken!<\/figcaption><\/figure>\n<\/figure>\n\n\n\n<h3 class=\"wp-block-heading\">Mit Regenjacke bleiben wir trocken<\/h3>\n\n\n\n<p>Jetzt sind wir dran. Mit unterschiedlicher GORE-TEX Bekleidung am Leib d\u00fcrfte ja eigentlich nichts mehr schief gehen. Wir packen uns so gut es eben geht ein, st\u00fcrzen uns in die Fluten und tanzen im Regen \u2013 im wahrsten Sinne des Wortes. Schlie\u00dflich m\u00fcssen wir die Kleidungsst\u00fccke ja ausgiebig testen! Und was soll ich euch sagen \u2013 wenn nicht gerade etwas \u00fcber die \u00c4rmel oder die Gesichts\u00f6ffnung durchgedrungen ist, kam kein Tr\u00f6pfchen Wasser an unsere K\u00f6rper.<\/p>\n\n\n\n<p>Quasi zum Trockenblasen ging es danach in die Windkammer, in der wir uns dann noch hautnah von der Wirkung des Windchill-Effekts \u00fcberzeugen durften. Immer wieder erstaunlich, wie schnell man ausk\u00fchlt, wenn man eben keine winddichte Bekleidung tr\u00e4gt. Da helfen auch keine warmen Au\u00dfentemperaturen. Wir konnten unsere Windstopper-Jacken gar nicht schnell genug wieder zu bekommen. Hier findet ihr \u00fcbrigens weitere wichtige <strong><a href=\"https:\/\/www.bergfreunde.de\/windchill-effekt-rechner\/\">Informationen zum Windchill-Faktor<\/a><\/strong> und welche Auswirkungen er auf die gef\u00fchlte Temperatur hat.<\/p>\n\n\n\n<figure class=\"wp-block-gallery has-nested-images columns-3 is-cropped wp-block-gallery-7 is-layout-flex wp-block-gallery-is-layout-flex\">\n<figure class=\"wp-block-image size-large\"><a href=\"https:\/\/www.bergfreunde.de\/blog\/wp-content\/uploads\/2021\/05\/Gore-Tex-Testlabor-Regenturm.jpg\"><img loading=\"lazy\" decoding=\"async\" width=\"600\" height=\"450\" data-id=\"25467\" src=\"https:\/\/www.bergfreunde.de\/blog\/wp-content\/uploads\/2021\/05\/Gore-Tex-Testlabor-Regenturm.jpg\" alt=\"Die Bergfreunde zu Gast bei Gore\" class=\"wp-image-25467\" srcset=\"https:\/\/www.berg-freunde.ch\/blog\/wp-content\/uploads\/2021\/05\/Gore-Tex-Testlabor-Regenturm.jpg 600w, https:\/\/www.berg-freunde.ch\/blog\/wp-content\/uploads\/2021\/05\/Gore-Tex-Testlabor-Regenturm-300x225.jpg 300w\" sizes=\"(max-width: 600px) 100vw, 600px\" \/><\/a><figcaption class=\"wp-element-caption\">Gleich gibt es eine Dusche!<\/figcaption><\/figure>\n\n\n\n<figure class=\"wp-block-image size-large\"><a href=\"https:\/\/www.bergfreunde.de\/blog\/wp-content\/uploads\/2021\/05\/Gore-Tex-Testlabor-Impraegnierung-test.jpg\"><img loading=\"lazy\" decoding=\"async\" width=\"600\" height=\"450\" data-id=\"25471\" src=\"https:\/\/www.bergfreunde.de\/blog\/wp-content\/uploads\/2021\/05\/Gore-Tex-Testlabor-Impraegnierung-test.jpg\" alt=\"Die Bergfreunde zu Gast bei Gore\" class=\"wp-image-25471\" srcset=\"https:\/\/www.berg-freunde.ch\/blog\/wp-content\/uploads\/2021\/05\/Gore-Tex-Testlabor-Impraegnierung-test.jpg 600w, https:\/\/www.berg-freunde.ch\/blog\/wp-content\/uploads\/2021\/05\/Gore-Tex-Testlabor-Impraegnierung-test-300x225.jpg 300w\" sizes=\"(max-width: 600px) 100vw, 600px\" \/><\/a><figcaption class=\"wp-element-caption\">Mit den richtigen Klamotten aber kein Problem.<\/figcaption><\/figure>\n\n\n\n<figure class=\"wp-block-image size-large\"><a href=\"https:\/\/www.bergfreunde.de\/blog\/wp-content\/uploads\/2021\/05\/Gore-Tex-Testlabor-Windkanal.jpg\"><img loading=\"lazy\" decoding=\"async\" width=\"600\" height=\"450\" data-id=\"25475\" src=\"https:\/\/www.bergfreunde.de\/blog\/wp-content\/uploads\/2021\/05\/Gore-Tex-Testlabor-Windkanal.jpg\" alt=\"goretexeuDie Bergfreunde zu Gast bei Gore\" class=\"wp-image-25475\" srcset=\"https:\/\/www.berg-freunde.ch\/blog\/wp-content\/uploads\/2021\/05\/Gore-Tex-Testlabor-Windkanal.jpg 600w, https:\/\/www.berg-freunde.ch\/blog\/wp-content\/uploads\/2021\/05\/Gore-Tex-Testlabor-Windkanal-300x225.jpg 300w\" sizes=\"(max-width: 600px) 100vw, 600px\" \/><\/a><figcaption class=\"wp-element-caption\">Danach werden wir in der Windkammer durchgeblasen.<\/figcaption><\/figure>\n<\/figure>\n\n\n\n<h2 class=\"wp-block-heading\" id=\"h-geheimniskramerei-im-schuhlabor\">Geheimniskr\u00e4merei im Schuhlabor<\/h2>\n\n\n\n<p>Schon vor der T\u00fcr des GORE-Schuhlabors stehen zahlreiche Warnzeichen mit durchgestrichenen Fotoapparaten und Handys. Es wird deutlich: Hier darf ich heute leider nicht knipsen. Schade, allerdings auch verst\u00e4ndlich. Teilweise wurden die Testverfahren exklusiv f\u00fcr GORE entwickelt und es stehen hier Prototypen verschiedener Schuhhersteller herum, die (noch) nicht f\u00fcr die Augen der \u00d6ffentlichkeit bestimmt sind.<\/p>\n\n\n\n<p>Dennoch nimmt man sich ausgiebig Zeit und pr\u00e4sentiert uns die zahlreichen, ebenfalls sehr ausf\u00fchrlichen Testverfahren. Au\u00dferdem gibt\u2019s einen Crash-Kurs zum Thema \u201eWie konstruiert man \u00fcberhaupt einen Schuh\u201c.<\/p>\n\n\n\n<p>Imposante Maschinen stehen hier herum: Eine Zentrifuge, in der die Membran auf Wasserdichtigkeit getestet wird und nat\u00fcrlich der Laufsimulator, in dem Schuhe je nach Einsatzzweck auch mal ein ganzes Wochenende lang im Wasser immer wieder geflext werden. Das entspricht dann am Ende bis zu 500.000 Schritten. Zum Vergleich: Wer im B\u00fcro arbeitet, kommt auf maximal 3000 bis 4000 Schritte am Tag.<\/p>\n\n\n\n<p>Die Qualit\u00e4tssicherungsma\u00dfnahmen beschr\u00e4nken sich aber nicht nur auf die Tests im hiesigen Labor. Die GORE-Mitarbeiter besuchen selbst mehrmals j\u00e4hrlich die auf der ganzen Welt verteilten Schuhfabriken, um die Verarbeitung der Membran zu \u00fcberwachen und sicher zu stellen, dass die hohen Qualit\u00e4tsanspr\u00fcche eingehalten werden.<\/p>\n\n\n\n<h2 class=\"wp-block-heading\" id=\"h-ein-abschliessender-dank\">Ein abschlie\u00dfender Dank<\/h2>\n\n\n\n<p>Es kommt auch bei uns nicht so h\u00e4ufig vor, dass wir solch tiefe Einblicke in die Welt eines derart gro\u00dfen Outdoor-Unternehmens bekommen. Deshalb wollen wir an dieser Stelle auf jeden Fall einmal Danke sagen, dass wir uns im Regenturm austoben durften. Im Bergfreunde-Basislager findet ihr \u00fcbrigens weitere Informationen zur Geschichte von GORE und der Funktion der Membran, sowie detaillierte Artikel zu den einzelnen Technologien. Viel Spa\u00df beim Herumst\u00f6bern!<\/p>\n","protected":false},"excerpt":{"rendered":"<p>Was waren das f\u00fcr sch\u00f6ne Zeiten damals im Studium, als wir unseren Professor beim Chemie-Praktikum fast zur Wei\u00dfglut getrieben haben, weil partout keiner der Versuche klappen wollte. Ob es nun an unserer allgemeinen Unf\u00e4higkeit lag oder an einer mangelhaften Versuchsbeschreibung, lasse ich an dieser Stelle einmal unkommentiert. Warum ich \u00fcberhaupt auf das Thema komme? Nun, [&hellip;]<\/p>\n","protected":false},"author":5,"featured_media":92124,"comment_status":"open","ping_status":"closed","sticky":false,"template":"","format":"standard","meta":{"_acf_changed":false,"footnotes":""},"categories":[304],"tags":[269,270,273,275,276,278],"post_folder":[],"class_list":["post-68994","post","type-post","status-publish","format-standard","has-post-thumbnail","hentry","category-bergfreunde","tag-bergsteigen","tag-bike","tag-klettern-bouldern","tag-running","tag-wandern-trekking","tag-wintersport"],"acf":[],"yoast_head":"<!-- This site is optimized with the Yoast SEO Premium plugin v27.4 (Yoast SEO v27.4) - https:\/\/yoast.com\/product\/yoast-seo-premium-wordpress\/ -->\n<title>Besuch im Labor: So testet GORE-TEX seine Membranen<\/title>\n<meta name=\"description\" content=\"Im Gegensatz zu unserem damaligen Professor ist Sander, der uns heute durch die heiligen Hallen von GORE f\u00fchrt, sehr viel geduldiger.\" \/>\n<meta name=\"robots\" content=\"index, follow, max-snippet:-1, max-image-preview:large, max-video-preview:-1\" \/>\n<link rel=\"canonical\" href=\"https:\/\/www.berg-freunde.ch\/blog\/gore-qualitaetssicherung\/\" \/>\n<meta property=\"og:locale\" content=\"de_DE\" \/>\n<meta property=\"og:type\" content=\"article\" \/>\n<meta property=\"og:title\" content=\"Die Bergfreunde zu Besuch bei GORE\" \/>\n<meta property=\"og:description\" content=\"Im Gegensatz zu unserem damaligen Professor ist Sander, der uns heute durch die heiligen Hallen von GORE f\u00fchrt, sehr viel geduldiger.\" \/>\n<meta property=\"og:url\" content=\"https:\/\/www.berg-freunde.ch\/blog\/gore-qualitaetssicherung\/\" \/>\n<meta property=\"og:site_name\" content=\"Bergfreunde\" \/>\n<meta property=\"article:publisher\" content=\"https:\/\/www.facebook.com\/bergfreunde\" \/>\n<meta property=\"article:published_time\" content=\"2017-07-28T13:15:58+00:00\" \/>\n<meta property=\"article:modified_time\" content=\"2025-06-17T09:35:33+00:00\" \/>\n<meta property=\"og:image\" content=\"https:\/\/www.alpinetrek.co.uk\/blog\/wp-content\/uploads\/2017\/07\/20230719_Zu-Besuch-bei-Gore_Titel.jpg\" \/>\n\t<meta property=\"og:image:width\" content=\"1440\" \/>\n\t<meta property=\"og:image:height\" content=\"590\" \/>\n\t<meta property=\"og:image:type\" content=\"image\/jpeg\" \/>\n<meta name=\"author\" content=\"J\u00f6rn\" \/>\n<meta name=\"twitter:card\" content=\"summary_large_image\" \/>\n<meta name=\"twitter:label1\" content=\"Geschrieben von\" \/>\n\t<meta name=\"twitter:data1\" content=\"J\u00f6rn\" \/>\n\t<meta name=\"twitter:label2\" content=\"Gesch\u00e4tzte Lesezeit\" \/>\n\t<meta name=\"twitter:data2\" content=\"9\u00a0Minuten\" \/>\n<script type=\"application\/ld+json\" class=\"yoast-schema-graph\">{\"@context\":\"https:\\\/\\\/schema.org\",\"@graph\":[{\"@type\":[\"Article\",\"BlogPosting\"],\"@id\":\"https:\\\/\\\/www.berg-freunde.ch\\\/blog\\\/gore-qualitaetssicherung\\\/#article\",\"isPartOf\":{\"@id\":\"https:\\\/\\\/www.berg-freunde.ch\\\/blog\\\/gore-qualitaetssicherung\\\/\"},\"author\":{\"name\":\"J\u00f6rn\",\"@id\":\"https:\\\/\\\/www.berg-freunde.ch\\\/blog\\\/#\\\/schema\\\/person\\\/be38ad9c835eeb98cbda6973f0e625df\"},\"headline\":\"Die Bergfreunde zu Besuch bei GORE\",\"datePublished\":\"2017-07-28T13:15:58+00:00\",\"dateModified\":\"2025-06-17T09:35:33+00:00\",\"mainEntityOfPage\":{\"@id\":\"https:\\\/\\\/www.berg-freunde.ch\\\/blog\\\/gore-qualitaetssicherung\\\/\"},\"wordCount\":1822,\"commentCount\":0,\"publisher\":{\"@id\":\"https:\\\/\\\/www.berg-freunde.ch\\\/blog\\\/#organization\"},\"image\":{\"@id\":\"https:\\\/\\\/www.berg-freunde.ch\\\/blog\\\/gore-qualitaetssicherung\\\/#primaryimage\"},\"thumbnailUrl\":\"https:\\\/\\\/www.berg-freunde.ch\\\/blog\\\/wp-content\\\/uploads\\\/2017\\\/07\\\/20230719_Zu-Besuch-bei-Gore_Titel.jpg\",\"keywords\":[\"Bergsteigen &amp; Hochtouren\",\"Bike\",\"Klettern &amp; Bouldern\",\"Running\",\"Wandern &amp; Trekking\",\"Wintersport\"],\"articleSection\":[\"Bergfreunde\"],\"inLanguage\":\"de-CH\",\"potentialAction\":[{\"@type\":\"CommentAction\",\"name\":\"Comment\",\"target\":[\"https:\\\/\\\/www.berg-freunde.ch\\\/blog\\\/gore-qualitaetssicherung\\\/#respond\"]}]},{\"@type\":\"WebPage\",\"@id\":\"https:\\\/\\\/www.berg-freunde.ch\\\/blog\\\/gore-qualitaetssicherung\\\/\",\"url\":\"https:\\\/\\\/www.berg-freunde.ch\\\/blog\\\/gore-qualitaetssicherung\\\/\",\"name\":\"Besuch im Labor: So testet GORE-TEX seine Membranen\",\"isPartOf\":{\"@id\":\"https:\\\/\\\/www.berg-freunde.ch\\\/blog\\\/#website\"},\"primaryImageOfPage\":{\"@id\":\"https:\\\/\\\/www.berg-freunde.ch\\\/blog\\\/gore-qualitaetssicherung\\\/#primaryimage\"},\"image\":{\"@id\":\"https:\\\/\\\/www.berg-freunde.ch\\\/blog\\\/gore-qualitaetssicherung\\\/#primaryimage\"},\"thumbnailUrl\":\"https:\\\/\\\/www.berg-freunde.ch\\\/blog\\\/wp-content\\\/uploads\\\/2017\\\/07\\\/20230719_Zu-Besuch-bei-Gore_Titel.jpg\",\"datePublished\":\"2017-07-28T13:15:58+00:00\",\"dateModified\":\"2025-06-17T09:35:33+00:00\",\"description\":\"Im Gegensatz zu unserem damaligen Professor ist Sander, der uns heute durch die heiligen Hallen von GORE f\u00fchrt, sehr viel geduldiger.\",\"breadcrumb\":{\"@id\":\"https:\\\/\\\/www.berg-freunde.ch\\\/blog\\\/gore-qualitaetssicherung\\\/#breadcrumb\"},\"inLanguage\":\"de-CH\",\"potentialAction\":[{\"@type\":\"ReadAction\",\"target\":[\"https:\\\/\\\/www.berg-freunde.ch\\\/blog\\\/gore-qualitaetssicherung\\\/\"]}]},{\"@type\":\"ImageObject\",\"inLanguage\":\"de-CH\",\"@id\":\"https:\\\/\\\/www.berg-freunde.ch\\\/blog\\\/gore-qualitaetssicherung\\\/#primaryimage\",\"url\":\"https:\\\/\\\/www.berg-freunde.ch\\\/blog\\\/wp-content\\\/uploads\\\/2017\\\/07\\\/20230719_Zu-Besuch-bei-Gore_Titel.jpg\",\"contentUrl\":\"https:\\\/\\\/www.berg-freunde.ch\\\/blog\\\/wp-content\\\/uploads\\\/2017\\\/07\\\/20230719_Zu-Besuch-bei-Gore_Titel.jpg\",\"width\":1440,\"height\":590},{\"@type\":\"BreadcrumbList\",\"@id\":\"https:\\\/\\\/www.berg-freunde.ch\\\/blog\\\/gore-qualitaetssicherung\\\/#breadcrumb\",\"itemListElement\":[{\"@type\":\"ListItem\",\"position\":1,\"name\":\"Blog\",\"item\":\"https:\\\/\\\/www.berg-freunde.ch\\\/blog\\\/\"},{\"@type\":\"ListItem\",\"position\":2,\"name\":\"Bergfreunde\",\"item\":\"https:\\\/\\\/www.berg-freunde.ch\\\/blog\\\/category\\\/bergfreunde\\\/\"},{\"@type\":\"ListItem\",\"position\":3,\"name\":\"Die Bergfreunde zu Besuch bei GORE\"}]},{\"@type\":\"WebSite\",\"@id\":\"https:\\\/\\\/www.berg-freunde.ch\\\/blog\\\/#website\",\"url\":\"https:\\\/\\\/www.berg-freunde.ch\\\/blog\\\/\",\"name\":\"Bergfreunde\",\"description\":\"Blog\",\"publisher\":{\"@id\":\"https:\\\/\\\/www.berg-freunde.ch\\\/blog\\\/#organization\"},\"potentialAction\":[{\"@type\":\"SearchAction\",\"target\":{\"@type\":\"EntryPoint\",\"urlTemplate\":\"https:\\\/\\\/www.berg-freunde.ch\\\/blog\\\/?s={search_term_string}\"},\"query-input\":{\"@type\":\"PropertyValueSpecification\",\"valueRequired\":true,\"valueName\":\"search_term_string\"}}],\"inLanguage\":\"de-CH\"},{\"@type\":\"Organization\",\"@id\":\"https:\\\/\\\/www.berg-freunde.ch\\\/blog\\\/#organization\",\"name\":\"Bergfreunde\",\"url\":\"https:\\\/\\\/www.berg-freunde.ch\\\/blog\\\/\",\"logo\":{\"@type\":\"ImageObject\",\"inLanguage\":\"de-CH\",\"@id\":\"https:\\\/\\\/www.berg-freunde.ch\\\/blog\\\/#\\\/schema\\\/logo\\\/image\\\/\",\"url\":\"https:\\\/\\\/www.berg-freunde.ch\\\/blog\\\/wp-content\\\/uploads\\\/2023\\\/12\\\/Bergfreunde_DE_rgb.svg\",\"contentUrl\":\"https:\\\/\\\/www.berg-freunde.ch\\\/blog\\\/wp-content\\\/uploads\\\/2023\\\/12\\\/Bergfreunde_DE_rgb.svg\",\"caption\":\"Bergfreunde\"},\"image\":{\"@id\":\"https:\\\/\\\/www.berg-freunde.ch\\\/blog\\\/#\\\/schema\\\/logo\\\/image\\\/\"},\"sameAs\":[\"https:\\\/\\\/www.facebook.com\\\/bergfreunde\",\"https:\\\/\\\/www.instagram.com\\\/bergfreundede\\\/\"]},{\"@type\":\"Person\",\"@id\":\"https:\\\/\\\/www.berg-freunde.ch\\\/blog\\\/#\\\/schema\\\/person\\\/be38ad9c835eeb98cbda6973f0e625df\",\"name\":\"J\u00f6rn\",\"url\":\"https:\\\/\\\/www.berg-freunde.ch\\\/blog\\\/about\\\/joern-perschbacher\\\/\"}]}<\/script>\n<!-- \/ Yoast SEO Premium plugin. -->","yoast_head_json":{"title":"Besuch im Labor: So testet GORE-TEX seine Membranen","description":"Im Gegensatz zu unserem damaligen Professor ist Sander, der uns heute durch die heiligen Hallen von GORE f\u00fchrt, sehr viel geduldiger.","robots":{"index":"index","follow":"follow","max-snippet":"max-snippet:-1","max-image-preview":"max-image-preview:large","max-video-preview":"max-video-preview:-1"},"canonical":"https:\/\/www.berg-freunde.ch\/blog\/gore-qualitaetssicherung\/","og_locale":"de_DE","og_type":"article","og_title":"Die Bergfreunde zu Besuch bei GORE","og_description":"Im Gegensatz zu unserem damaligen Professor ist Sander, der uns heute durch die heiligen Hallen von GORE f\u00fchrt, sehr viel geduldiger.","og_url":"https:\/\/www.berg-freunde.ch\/blog\/gore-qualitaetssicherung\/","og_site_name":"Bergfreunde","article_publisher":"https:\/\/www.facebook.com\/bergfreunde","article_published_time":"2017-07-28T13:15:58+00:00","article_modified_time":"2025-06-17T09:35:33+00:00","og_image":[{"width":1440,"height":590,"url":"https:\/\/www.alpinetrek.co.uk\/blog\/wp-content\/uploads\/2017\/07\/20230719_Zu-Besuch-bei-Gore_Titel.jpg","type":"image\/jpeg"}],"author":"J\u00f6rn","twitter_card":"summary_large_image","twitter_misc":{"Geschrieben von":"J\u00f6rn","Gesch\u00e4tzte Lesezeit":"9\u00a0Minuten"},"schema":{"@context":"https:\/\/schema.org","@graph":[{"@type":["Article","BlogPosting"],"@id":"https:\/\/www.berg-freunde.ch\/blog\/gore-qualitaetssicherung\/#article","isPartOf":{"@id":"https:\/\/www.berg-freunde.ch\/blog\/gore-qualitaetssicherung\/"},"author":{"name":"J\u00f6rn","@id":"https:\/\/www.berg-freunde.ch\/blog\/#\/schema\/person\/be38ad9c835eeb98cbda6973f0e625df"},"headline":"Die Bergfreunde zu Besuch bei GORE","datePublished":"2017-07-28T13:15:58+00:00","dateModified":"2025-06-17T09:35:33+00:00","mainEntityOfPage":{"@id":"https:\/\/www.berg-freunde.ch\/blog\/gore-qualitaetssicherung\/"},"wordCount":1822,"commentCount":0,"publisher":{"@id":"https:\/\/www.berg-freunde.ch\/blog\/#organization"},"image":{"@id":"https:\/\/www.berg-freunde.ch\/blog\/gore-qualitaetssicherung\/#primaryimage"},"thumbnailUrl":"https:\/\/www.berg-freunde.ch\/blog\/wp-content\/uploads\/2017\/07\/20230719_Zu-Besuch-bei-Gore_Titel.jpg","keywords":["Bergsteigen &amp; Hochtouren","Bike","Klettern &amp; Bouldern","Running","Wandern &amp; Trekking","Wintersport"],"articleSection":["Bergfreunde"],"inLanguage":"de-CH","potentialAction":[{"@type":"CommentAction","name":"Comment","target":["https:\/\/www.berg-freunde.ch\/blog\/gore-qualitaetssicherung\/#respond"]}]},{"@type":"WebPage","@id":"https:\/\/www.berg-freunde.ch\/blog\/gore-qualitaetssicherung\/","url":"https:\/\/www.berg-freunde.ch\/blog\/gore-qualitaetssicherung\/","name":"Besuch im Labor: So testet GORE-TEX seine Membranen","isPartOf":{"@id":"https:\/\/www.berg-freunde.ch\/blog\/#website"},"primaryImageOfPage":{"@id":"https:\/\/www.berg-freunde.ch\/blog\/gore-qualitaetssicherung\/#primaryimage"},"image":{"@id":"https:\/\/www.berg-freunde.ch\/blog\/gore-qualitaetssicherung\/#primaryimage"},"thumbnailUrl":"https:\/\/www.berg-freunde.ch\/blog\/wp-content\/uploads\/2017\/07\/20230719_Zu-Besuch-bei-Gore_Titel.jpg","datePublished":"2017-07-28T13:15:58+00:00","dateModified":"2025-06-17T09:35:33+00:00","description":"Im Gegensatz zu unserem damaligen Professor ist Sander, der uns heute durch die heiligen Hallen von GORE f\u00fchrt, sehr viel geduldiger.","breadcrumb":{"@id":"https:\/\/www.berg-freunde.ch\/blog\/gore-qualitaetssicherung\/#breadcrumb"},"inLanguage":"de-CH","potentialAction":[{"@type":"ReadAction","target":["https:\/\/www.berg-freunde.ch\/blog\/gore-qualitaetssicherung\/"]}]},{"@type":"ImageObject","inLanguage":"de-CH","@id":"https:\/\/www.berg-freunde.ch\/blog\/gore-qualitaetssicherung\/#primaryimage","url":"https:\/\/www.berg-freunde.ch\/blog\/wp-content\/uploads\/2017\/07\/20230719_Zu-Besuch-bei-Gore_Titel.jpg","contentUrl":"https:\/\/www.berg-freunde.ch\/blog\/wp-content\/uploads\/2017\/07\/20230719_Zu-Besuch-bei-Gore_Titel.jpg","width":1440,"height":590},{"@type":"BreadcrumbList","@id":"https:\/\/www.berg-freunde.ch\/blog\/gore-qualitaetssicherung\/#breadcrumb","itemListElement":[{"@type":"ListItem","position":1,"name":"Blog","item":"https:\/\/www.berg-freunde.ch\/blog\/"},{"@type":"ListItem","position":2,"name":"Bergfreunde","item":"https:\/\/www.berg-freunde.ch\/blog\/category\/bergfreunde\/"},{"@type":"ListItem","position":3,"name":"Die Bergfreunde zu Besuch bei GORE"}]},{"@type":"WebSite","@id":"https:\/\/www.berg-freunde.ch\/blog\/#website","url":"https:\/\/www.berg-freunde.ch\/blog\/","name":"Bergfreunde","description":"Blog","publisher":{"@id":"https:\/\/www.berg-freunde.ch\/blog\/#organization"},"potentialAction":[{"@type":"SearchAction","target":{"@type":"EntryPoint","urlTemplate":"https:\/\/www.berg-freunde.ch\/blog\/?s={search_term_string}"},"query-input":{"@type":"PropertyValueSpecification","valueRequired":true,"valueName":"search_term_string"}}],"inLanguage":"de-CH"},{"@type":"Organization","@id":"https:\/\/www.berg-freunde.ch\/blog\/#organization","name":"Bergfreunde","url":"https:\/\/www.berg-freunde.ch\/blog\/","logo":{"@type":"ImageObject","inLanguage":"de-CH","@id":"https:\/\/www.berg-freunde.ch\/blog\/#\/schema\/logo\/image\/","url":"https:\/\/www.berg-freunde.ch\/blog\/wp-content\/uploads\/2023\/12\/Bergfreunde_DE_rgb.svg","contentUrl":"https:\/\/www.berg-freunde.ch\/blog\/wp-content\/uploads\/2023\/12\/Bergfreunde_DE_rgb.svg","caption":"Bergfreunde"},"image":{"@id":"https:\/\/www.berg-freunde.ch\/blog\/#\/schema\/logo\/image\/"},"sameAs":["https:\/\/www.facebook.com\/bergfreunde","https:\/\/www.instagram.com\/bergfreundede\/"]},{"@type":"Person","@id":"https:\/\/www.berg-freunde.ch\/blog\/#\/schema\/person\/be38ad9c835eeb98cbda6973f0e625df","name":"J\u00f6rn","url":"https:\/\/www.berg-freunde.ch\/blog\/about\/joern-perschbacher\/"}]}},"_links":{"self":[{"href":"https:\/\/www.berg-freunde.ch\/blog\/wp-json\/wp\/v2\/posts\/68994","targetHints":{"allow":["GET"]}}],"collection":[{"href":"https:\/\/www.berg-freunde.ch\/blog\/wp-json\/wp\/v2\/posts"}],"about":[{"href":"https:\/\/www.berg-freunde.ch\/blog\/wp-json\/wp\/v2\/types\/post"}],"author":[{"embeddable":true,"href":"https:\/\/www.berg-freunde.ch\/blog\/wp-json\/wp\/v2\/users\/5"}],"replies":[{"embeddable":true,"href":"https:\/\/www.berg-freunde.ch\/blog\/wp-json\/wp\/v2\/comments?post=68994"}],"version-history":[{"count":1,"href":"https:\/\/www.berg-freunde.ch\/blog\/wp-json\/wp\/v2\/posts\/68994\/revisions"}],"predecessor-version":[{"id":123644,"href":"https:\/\/www.berg-freunde.ch\/blog\/wp-json\/wp\/v2\/posts\/68994\/revisions\/123644"}],"wp:featuredmedia":[{"embeddable":true,"href":"https:\/\/www.berg-freunde.ch\/blog\/wp-json\/wp\/v2\/media\/92124"}],"wp:attachment":[{"href":"https:\/\/www.berg-freunde.ch\/blog\/wp-json\/wp\/v2\/media?parent=68994"}],"wp:term":[{"taxonomy":"category","embeddable":true,"href":"https:\/\/www.berg-freunde.ch\/blog\/wp-json\/wp\/v2\/categories?post=68994"},{"taxonomy":"post_tag","embeddable":true,"href":"https:\/\/www.berg-freunde.ch\/blog\/wp-json\/wp\/v2\/tags?post=68994"},{"taxonomy":"post_folder","embeddable":true,"href":"https:\/\/www.berg-freunde.ch\/blog\/wp-json\/wp\/v2\/post_folder?post=68994"}],"curies":[{"name":"wp","href":"https:\/\/api.w.org\/{rel}","templated":true}]}}