{"id":69294,"date":"2017-04-11T13:57:56","date_gmt":"2017-04-11T12:57:56","guid":{"rendered":"https:\/\/www.bergfreunde.de\/blog\/nachhaltigkeit-daune-labels\/"},"modified":"2025-12-19T11:55:31","modified_gmt":"2025-12-19T10:55:31","slug":"nachhaltigkeit-daune-labels","status":"publish","type":"post","link":"https:\/\/www.berg-freunde.ch\/blog\/nachhaltigkeit-daune-labels\/","title":{"rendered":"Nachhaltige Daunenlabels im \u00dcberblick"},"content":{"rendered":"\n<p>Daune ist warm, Daune ist flauschig, Daune ist DAS Material wenn es um richtig gute W\u00e4rmeisolation geht. Ihre Gewinnung allerdings ist nicht immer unumstritten. Zwar stammt etwa 90% des Daunenaufkommens weltweit aus Schlachtrupf \u2013 das hei\u00dft, die Daunen sind Nebenprodukte der Lebensmittelherstellung \u2013 aber es gibt eben auch F\u00e4lle von Lebendrupf. Und in Zeiten industrieller Akkordarbeit f\u00e4llt dieser klar unter das Thema Tierqu\u00e4lerei. <\/p>\n\n\n\n<p>Zum Gl\u00fcck ist das Thema Tierschutz seit nunmehr vielen Jahren auch im Outdoor-Bereich sehr pr\u00e4sent. Viele Hersteller beziehen ihre Daunen aus Betrieben, die durch externe Organisationen zertifiziert sind oder ihre eigenen Standards am Markt etabliert haben. Einige dieser Daunenlabels wollen wir heute einmal n\u00e4her betrachten:<\/p>\n\n\n\n<h2 class=\"wp-block-heading\" id=\"h-responsible-down-standard\">Responsible Down Standard<\/h2>\n\n\n<div class=\"wp-block-image\">\n<figure class=\"alignright size-large is-resized\"><a href=\"https:\/\/www.bergfreunde.de\/blog\/wp-content\/uploads\/2021\/05\/2017-04-11-15_39_09-RDS-Media-Kit.jpg\"><img decoding=\"async\" src=\"https:\/\/www.bergfreunde.de\/blog\/wp-content\/uploads\/2021\/05\/2017-04-11-15_39_09-RDS-Media-Kit.jpg\" alt=\"Nachhaltige Daunenlabels im \u00dcberblick\" style=\"width:252px;height:280px\"\/><\/a><figcaption class=\"wp-element-caption\">Das RDS-Label<\/figcaption><\/figure>\n<\/div>\n\n\n<p>Den Responsible Down Standard \u2013 kurz \u2018RDS\u2018 \u2013 hat <a href=\"https:\/\/www.berg-freunde.ch\/marken\/the-north-face\/\">the North Face<\/a> zusammen mit der Non-Profit-Organisation Textile Exchange ins Leben gerufen \u2013&nbsp;nachdem eine gro\u00dfe Daunen-Kampagne der Tierschutzorganisationen PETA und Vier Pfoten das Thema ins Licht der \u00d6ffentlichkeit ger\u00fcckt haben.<\/p>\n\n\n\n<p>Der RDS zertifiziert den angeschlossenen Lieferanten, dass die Daune einzig aus Schlachtrupf stammt, dass die Tiere artgerecht und leidfrei gehalten und nicht zwangsern\u00e4hrt werden, wie es in der Stopfmast \u00fcblich ist. Die Betrachtung der Lieferkette erfolgt vom Br\u00fcten bis zur Herstellung des Fertigerzeugnisses \u2013 also letztlich der Daune \u2013 und wird bis auf den Endvertrieb ausgeweitet. Dabei bekommen das RDS-Siegel nur solche Hersteller, bei denen 100% der Daune entsprechend produziert und nicht noch Daunen aus anderen, dubiosen Quellen untergemischt wurden.<\/p>\n\n\n\n<p>Das Zertifikat ist insgesamt 14 Monate g\u00fcltig. In dieser Zeit werden die Betriebe kontrolliert, sowohl angek\u00fcndigt als auch unangek\u00fcndigt. Bei diesen sogenannten Audits muss den Kontrolleuren voller Zugang gew\u00e4hrt werden. Die genauen <a href=\"https:\/\/textileexchange.org\/standards\/responsible-down\/\">Kriterien des RDS<\/a> sind online unter einsehbar.<\/p>\n\n\n\n<p>Zu den Marken, die RDS-zertifizierte Daune verwenden, geh\u00f6ren unter anderem:<\/p>\n\n\n\n<ul class=\"wp-block-list\">\n<li>The North Face<\/li>\n\n\n\n<li><a href=\"https:\/\/www.berg-freunde.ch\/marken\/berghaus\/\">Berghaus<\/a><\/li>\n\n\n\n<li><a href=\"https:\/\/www.berg-freunde.ch\/marken\/sea-to-summit\/\">Sea to Summit<\/a><\/li>\n\n\n\n<li><a href=\"https:\/\/www.berg-freunde.ch\/marken\/black-diamond\/\">Black Diamond<\/a><\/li>\n\n\n\n<li><a href=\"https:\/\/www.berg-freunde.ch\/marken\/vaude\/\">Vaude<\/a><\/li>\n\n\n\n<li><a href=\"https:\/\/www.berg-freunde.ch\/marken\/mammut\/\">Mammut<\/a><\/li>\n<\/ul>\n\n\n\n<h2 class=\"wp-block-heading\" id=\"h-global-traceable-down-standard\">Global Traceable Down Standard<\/h2>\n\n\n\n<p>Niemand geringerer als das US-amerikanische Outdoor-Unternehmen <a href=\"https:\/\/www.berg-freunde.ch\/marken\/patagonia\/\">Patagonia<\/a> \u2013 wer auch sonst \u2013 etablierte die Grundform des Global TDS. Auf Basis dieser firmeneigenen Zertifizierung entwickelten sie zusammen mit anderen Firmen und der National Sanitation Foundation den Traceable Down Standard.<\/p>\n\n\n<div class=\"wp-block-image\">\n<figure class=\"alignright size-large is-resized\"><a href=\"https:\/\/www.bergfreunde.de\/blog\/wp-content\/uploads\/2021\/05\/Daune-Pause-Warm.jpg\"><img decoding=\"async\" src=\"https:\/\/www.bergfreunde.de\/blog\/wp-content\/uploads\/2021\/05\/Daune-Pause-Warm.jpg\" alt=\"Nachhaltige Daunenlabels im \u00dcberblick\" style=\"width:351px;height:263px\"\/><\/a><figcaption class=\"wp-element-caption\">Gerade bei l\u00e4ngeren Pausen sch\u00fctzt eine <a href=\"https:\/\/www.berg-freunde.ch\/daunenjacken\/\">Daunenjacke<\/a> vor dem Fr\u00f6steln.<\/figcaption><\/figure>\n<\/div>\n\n\n<p>Er ist zum gegenw\u00e4rtigen Zeitpunkt einer der strengste Standard in der Daunenindustrie und garantiert, dass Daunen nicht aus Lebendrupf und\/oder Stopfmast stammen. Beim Global TDS sind dar\u00fcber hinaus&nbsp;die Farmen der Elterntiere f\u00fcr die Zertifizierung obligatorisch. Dies ist beim RDS lediglich eine Zusatzqualifikation. Die Kontrollen erfolgen ausschlie\u00dflich unangek\u00fcndigt, es sei denn, eine Ank\u00fcndigung ist gesetzlich verpflichtend. Dabei spielt der Zeitpunkt f\u00fcr die Kontrollen eine wichtige Rolle. So werden Betriebe logischerweise in genau den Monaten kontrolliert, in denen Lebendrupf und Zwangsf\u00fctterung am Wahrscheinlichsten sind.<\/p>\n\n\n\n<p>Au\u00dferdem umfasst der TDS nicht nur die gro\u00dfen Farmen, sondern ist genauso auf kleine H\u00f6fe anwendbar, wie sie meist in Osteuropa vorzufinden sind. Mehr Informationen zum urspr\u00fcnglichen Firmenstandard von Patagonia<strong>&nbsp;<\/strong>und alles Wissenswerte \u00fcber den <a href=\"http:\/\/nsf.org\/testing\/sustainability\">Global Traceable Down Standard<\/a> k\u00f6nnt ihr hier nachlesen.<\/p>\n\n\n\n<p>Global TDS-zertifizierte Daune nutzen unter anderem die folgenden Hersteller:<\/p>\n\n\n\n<ul class=\"wp-block-list\">\n<li><a href=\"https:\/\/www.bergfreunde.de\/marken\/patagonia\/\">Patagonia<\/a><\/li>\n\n\n\n<li><a href=\"https:\/\/www.bergfreunde.de\/marken\/montane\/\">Montane<\/a><\/li>\n\n\n\n<li><a href=\"https:\/\/www.bergfreunde.de\/marken\/hagloefs\/\">Hagl\u00f6fs<\/a><\/li>\n<\/ul>\n\n\n\n<h2 class=\"wp-block-heading\" id=\"h-kleine-daunenlabels-besser-als-nichts-aber-nicht-unumstritten\">Kleine Daunenlabels \u2013 besser als nichts, aber nicht unumstritten<\/h2>\n\n\n\n<p>Neben den beiden gro\u00dfen Standards gibt es auch noch weitere kleine Daunenlabels, deren Verbreitung eher auf Bettw\u00e4sche und fashion-lastige Produkte abzielen. Hier kommt es jedoch leider h\u00e4ufiger vor, dass lediglich eine Qualit\u00e4tskontrolle des Endprodukts stattfindet und kein genauer Blick auf die gesamte Lieferkette geworfen wird. Besser als nichts, m\u00f6gen manche sagen, aber im Gro\u00dfen und Ganzen auch kein wirklicher Gewinn f\u00fcr die Sache, ethisch vertretbare Daune zu gewinnen.<\/p>\n\n\n\n<h2 class=\"wp-block-heading\" id=\"h-wie-sieht-es-bei-anderen-firmen-aus\">Wie sieht es bei anderen Firmen aus?<\/h2>\n\n\n<div class=\"wp-block-image\">\n<figure class=\"alignright size-large is-resized\"><a href=\"https:\/\/www.bergfreunde.de\/blog\/wp-content\/uploads\/2021\/05\/Daune-Extremsituation.jpg\"><img decoding=\"async\" src=\"https:\/\/www.bergfreunde.de\/blog\/wp-content\/uploads\/2021\/05\/Daune-Extremsituation.jpg\" alt=\"Nachhaltige Daunenlabels im \u00dcberblick\" style=\"width:352px;height:264px\"\/><\/a><figcaption class=\"wp-element-caption\">Daune &#8211; wenn&#8217;s mal wieder l\u00e4nger dauert!<\/figcaption><\/figure>\n<\/div>\n\n\n<p>Wie wir am Beispiel Patagonia sehr gut sehen k\u00f6nnen: So wird das gemacht! Eine entsprechende Firmenphilosophie und den Willen, diese auch im Sinne des Tier- und Artenschutzes umzusetzen vorausgesetzt. Deshalb sind auch die&nbsp;internen Bestrebungen anderer Hersteller nur zu begr\u00fc\u00dfen \u2013 denn letztlich haben sie die Macht, ihre Lieferanten mit Nachdruck zur Einhaltung von Konventionen zu bewegen. Zahlreiche Outdoor-Marken beziehen ihre Daune bereits von RDS- oder Global-TDS-Betrieben, andere wiederum verfolgen&nbsp;ihre eigenen Standards mit Daunenlabels:<\/p>\n\n\n\n<h3 class=\"wp-block-heading\" id=\"h-down-promise-von-fjallraven\">&#171;Down Promise&#187; von Fj\u00e4llr\u00e4ven<\/h3>\n\n\n\n<p>Das Daunenlabel \u201eDaunenversprechen\u201c steht in Sachen Tierschutz mit an der Speerspitze der Zertifizierungen. Das Down Promise der schwedischen Outdoor-Marke ist transparent und erm\u00f6glicht eine 100%ige R\u00fcckverfolgbarkeit der Daune. Lebendrupf und Stopfmast sind verboten und die Betriebe werden regelm\u00e4\u00dfig kontrolliert.<\/p>\n\n\n\n<h3 class=\"wp-block-heading\" id=\"h-down-codex-von-mountain-equipment\">&#171;Down Codex&#187; von Mountain Equipment<\/h3>\n\n\n\n<p>Mit dem \u201eDown Codex\u201c wollen die Engl\u00e4nder sicherstellen, dass keine Daune aus tierq\u00e4ulerischer Produktion eingesetzt wird, die Tiere artgerecht gehalten und aufgezogen werden. Jedes Daunenprodukt hat einen eigenen Code, \u00fcber den die gesamte Wertsch\u00f6pfungskette auf der Webseite Trace Your Down nachvollzogen werden kann. Die Lieferkette wird gleichzeitig von dem unabh\u00e4ngigen International Down and Feather Laboratory (IDFL) \u00fcberpr\u00fcft.<\/p>\n\n\n\n<h3 class=\"wp-block-heading\" id=\"h-der-yeti-ethical-down-code\">Der &#171;Yeti Ethical Down Code&#187;<\/h3>\n\n\n\n<p>Der Ethical Down Code von Yeti ist der Zertifizierung von <a href=\"https:\/\/www.berg-freunde.ch\/marken\/mountain-equipment\/\">Mountain Equipment<\/a> relativ \u00e4hnlich. Yeti l\u00e4sst seine Lieferkette ebenfalls vom IDFL \u00fcberpr\u00fcfen.<\/p>\n\n\n\n<h2 class=\"wp-block-heading\" id=\"h-was-unter-dem-strich-bleibt\">Was unter dem Strich bleibt&#8230;<\/h2>\n\n\n\n<p>Es bleibt festzuhalten, dass sich das Thema Nachhaltigkeit aktuell wie ein roter Faden durch fast alle Produktkategorien im Outdoor-Bereich zieht. Und diese Entwicklung ist nat\u00fcrlich sehr zu begr\u00fc\u00dfen, damit unser \u00f6kologischer Fu\u00dfabdruck so klein wie m\u00f6glich gehalten werden kann. Wie immer ist bei aller Euphorie aber auch Vorsicht geboten. Nicht jedes Daunenlabel und nicht jede Zertifizierung ist so umfassend wie es den Anschein hat. Daher lohnt im Zweifel eine kleine Recherche, oder ihr fragt einfach bei euren guten alten Bergfreunden nach, falls ihr Fragen zu Daunenlabels habt!<\/p>\n","protected":false},"excerpt":{"rendered":"<p>Daune ist warm, Daune ist flauschig, Daune ist DAS Material wenn es um richtig gute W\u00e4rmeisolation geht. Ihre Gewinnung allerdings ist nicht immer unumstritten. Zwar stammt etwa 90% des Daunenaufkommens weltweit aus Schlachtrupf \u2013 das hei\u00dft, die Daunen sind Nebenprodukte der Lebensmittelherstellung \u2013 aber es gibt eben auch F\u00e4lle von Lebendrupf. Und in Zeiten industrieller [&hellip;]<\/p>\n","protected":false},"author":5,"featured_media":91601,"comment_status":"open","ping_status":"closed","sticky":false,"template":"","format":"standard","meta":{"_acf_changed":false,"footnotes":""},"categories":[289,284],"tags":[269,274],"post_folder":[],"class_list":["post-69294","post","type-post","status-publish","format-standard","has-post-thumbnail","hentry","category-material-technologie","category-praxiswissen","tag-bergsteigen","tag-nachhaltig-leben"],"acf":[],"yoast_head":"<!-- This site is optimized with the Yoast SEO Premium plugin v27.4 (Yoast SEO v27.4) - https:\/\/yoast.com\/product\/yoast-seo-premium-wordpress\/ -->\n<title>Nachhaltige Labels f\u00fcr Daune - Responsible Down Standard &amp; Co<\/title>\n<meta name=\"description\" content=\"Einige dieser Daunenlabels wie das Responsible Down Standard, wollen wir heute einmal bei den Bergfreunden n\u00e4her betrachten.\" \/>\n<meta name=\"robots\" content=\"index, follow, max-snippet:-1, max-image-preview:large, max-video-preview:-1\" \/>\n<link rel=\"canonical\" href=\"https:\/\/www.berg-freunde.ch\/blog\/nachhaltigkeit-daune-labels\/\" \/>\n<meta property=\"og:locale\" content=\"de_DE\" \/>\n<meta property=\"og:type\" content=\"article\" \/>\n<meta property=\"og:title\" content=\"Nachhaltige Daunenlabels im \u00dcberblick\" \/>\n<meta property=\"og:description\" content=\"Einige dieser Daunenlabels wie das Responsible Down Standard, wollen wir heute einmal bei den Bergfreunden n\u00e4her betrachten.\" \/>\n<meta property=\"og:url\" content=\"https:\/\/www.berg-freunde.ch\/blog\/nachhaltigkeit-daune-labels\/\" \/>\n<meta property=\"og:site_name\" content=\"Bergfreunde\" \/>\n<meta property=\"article:publisher\" content=\"https:\/\/www.facebook.com\/bergfreunde\" \/>\n<meta property=\"article:published_time\" content=\"2017-04-11T12:57:56+00:00\" \/>\n<meta property=\"article:modified_time\" content=\"2025-12-19T10:55:31+00:00\" \/>\n<meta property=\"og:image\" content=\"https:\/\/www.berg-freunde.ch\/blog\/wp-content\/uploads\/2017\/04\/20230717_Daunenlabels_Titel.jpg\" \/>\n\t<meta property=\"og:image:width\" content=\"1440\" \/>\n\t<meta property=\"og:image:height\" content=\"590\" \/>\n\t<meta property=\"og:image:type\" content=\"image\/jpeg\" \/>\n<meta name=\"author\" content=\"J\u00f6rn\" \/>\n<meta name=\"twitter:card\" content=\"summary_large_image\" \/>\n<meta name=\"twitter:label1\" content=\"Geschrieben von\" \/>\n\t<meta name=\"twitter:data1\" content=\"J\u00f6rn\" \/>\n\t<meta name=\"twitter:label2\" content=\"Gesch\u00e4tzte Lesezeit\" \/>\n\t<meta name=\"twitter:data2\" content=\"6\u00a0Minuten\" \/>\n<script type=\"application\/ld+json\" class=\"yoast-schema-graph\">{\"@context\":\"https:\\\/\\\/schema.org\",\"@graph\":[{\"@type\":[\"Article\",\"BlogPosting\"],\"@id\":\"https:\\\/\\\/www.berg-freunde.ch\\\/blog\\\/nachhaltigkeit-daune-labels\\\/#article\",\"isPartOf\":{\"@id\":\"https:\\\/\\\/www.berg-freunde.ch\\\/blog\\\/nachhaltigkeit-daune-labels\\\/\"},\"author\":{\"name\":\"J\u00f6rn\",\"@id\":\"https:\\\/\\\/www.berg-freunde.ch\\\/blog\\\/#\\\/schema\\\/person\\\/be38ad9c835eeb98cbda6973f0e625df\"},\"headline\":\"Nachhaltige Daunenlabels im \u00dcberblick\",\"datePublished\":\"2017-04-11T12:57:56+00:00\",\"dateModified\":\"2025-12-19T10:55:31+00:00\",\"mainEntityOfPage\":{\"@id\":\"https:\\\/\\\/www.berg-freunde.ch\\\/blog\\\/nachhaltigkeit-daune-labels\\\/\"},\"wordCount\":930,\"commentCount\":5,\"publisher\":{\"@id\":\"https:\\\/\\\/www.berg-freunde.ch\\\/blog\\\/#organization\"},\"image\":{\"@id\":\"https:\\\/\\\/www.berg-freunde.ch\\\/blog\\\/nachhaltigkeit-daune-labels\\\/#primaryimage\"},\"thumbnailUrl\":\"https:\\\/\\\/www.berg-freunde.ch\\\/blog\\\/wp-content\\\/uploads\\\/2017\\\/04\\\/20230717_Daunenlabels_Titel.jpg\",\"keywords\":[\"Bergsteigen &amp; Hochtouren\",\"Nachhaltig leben\"],\"articleSection\":[\"Material &amp; Technologie\",\"Praxiswissen\"],\"inLanguage\":\"de-CH\",\"potentialAction\":[{\"@type\":\"CommentAction\",\"name\":\"Comment\",\"target\":[\"https:\\\/\\\/www.berg-freunde.ch\\\/blog\\\/nachhaltigkeit-daune-labels\\\/#respond\"]}]},{\"@type\":\"WebPage\",\"@id\":\"https:\\\/\\\/www.berg-freunde.ch\\\/blog\\\/nachhaltigkeit-daune-labels\\\/\",\"url\":\"https:\\\/\\\/www.berg-freunde.ch\\\/blog\\\/nachhaltigkeit-daune-labels\\\/\",\"name\":\"Nachhaltige Labels f\u00fcr Daune - Responsible Down Standard & Co\",\"isPartOf\":{\"@id\":\"https:\\\/\\\/www.berg-freunde.ch\\\/blog\\\/#website\"},\"primaryImageOfPage\":{\"@id\":\"https:\\\/\\\/www.berg-freunde.ch\\\/blog\\\/nachhaltigkeit-daune-labels\\\/#primaryimage\"},\"image\":{\"@id\":\"https:\\\/\\\/www.berg-freunde.ch\\\/blog\\\/nachhaltigkeit-daune-labels\\\/#primaryimage\"},\"thumbnailUrl\":\"https:\\\/\\\/www.berg-freunde.ch\\\/blog\\\/wp-content\\\/uploads\\\/2017\\\/04\\\/20230717_Daunenlabels_Titel.jpg\",\"datePublished\":\"2017-04-11T12:57:56+00:00\",\"dateModified\":\"2025-12-19T10:55:31+00:00\",\"description\":\"Einige dieser Daunenlabels wie das Responsible Down Standard, wollen wir heute einmal bei den Bergfreunden n\u00e4her betrachten.\",\"breadcrumb\":{\"@id\":\"https:\\\/\\\/www.berg-freunde.ch\\\/blog\\\/nachhaltigkeit-daune-labels\\\/#breadcrumb\"},\"inLanguage\":\"de-CH\",\"potentialAction\":[{\"@type\":\"ReadAction\",\"target\":[\"https:\\\/\\\/www.berg-freunde.ch\\\/blog\\\/nachhaltigkeit-daune-labels\\\/\"]}]},{\"@type\":\"ImageObject\",\"inLanguage\":\"de-CH\",\"@id\":\"https:\\\/\\\/www.berg-freunde.ch\\\/blog\\\/nachhaltigkeit-daune-labels\\\/#primaryimage\",\"url\":\"https:\\\/\\\/www.berg-freunde.ch\\\/blog\\\/wp-content\\\/uploads\\\/2017\\\/04\\\/20230717_Daunenlabels_Titel.jpg\",\"contentUrl\":\"https:\\\/\\\/www.berg-freunde.ch\\\/blog\\\/wp-content\\\/uploads\\\/2017\\\/04\\\/20230717_Daunenlabels_Titel.jpg\",\"width\":1440,\"height\":590},{\"@type\":\"BreadcrumbList\",\"@id\":\"https:\\\/\\\/www.berg-freunde.ch\\\/blog\\\/nachhaltigkeit-daune-labels\\\/#breadcrumb\",\"itemListElement\":[{\"@type\":\"ListItem\",\"position\":1,\"name\":\"Blog\",\"item\":\"https:\\\/\\\/www.berg-freunde.ch\\\/blog\\\/\"},{\"@type\":\"ListItem\",\"position\":2,\"name\":\"Know-How\",\"item\":\"https:\\\/\\\/www.berg-freunde.ch\\\/blog\\\/category\\\/know-how\\\/\"},{\"@type\":\"ListItem\",\"position\":3,\"name\":\"Material &amp; Technologie\",\"item\":\"https:\\\/\\\/www.berg-freunde.ch\\\/blog\\\/category\\\/know-how\\\/material-technologie\\\/\"},{\"@type\":\"ListItem\",\"position\":4,\"name\":\"Nachhaltige Daunenlabels im \u00dcberblick\"}]},{\"@type\":\"WebSite\",\"@id\":\"https:\\\/\\\/www.berg-freunde.ch\\\/blog\\\/#website\",\"url\":\"https:\\\/\\\/www.berg-freunde.ch\\\/blog\\\/\",\"name\":\"Bergfreunde\",\"description\":\"Blog\",\"publisher\":{\"@id\":\"https:\\\/\\\/www.berg-freunde.ch\\\/blog\\\/#organization\"},\"potentialAction\":[{\"@type\":\"SearchAction\",\"target\":{\"@type\":\"EntryPoint\",\"urlTemplate\":\"https:\\\/\\\/www.berg-freunde.ch\\\/blog\\\/?s={search_term_string}\"},\"query-input\":{\"@type\":\"PropertyValueSpecification\",\"valueRequired\":true,\"valueName\":\"search_term_string\"}}],\"inLanguage\":\"de-CH\"},{\"@type\":\"Organization\",\"@id\":\"https:\\\/\\\/www.berg-freunde.ch\\\/blog\\\/#organization\",\"name\":\"Bergfreunde\",\"url\":\"https:\\\/\\\/www.berg-freunde.ch\\\/blog\\\/\",\"logo\":{\"@type\":\"ImageObject\",\"inLanguage\":\"de-CH\",\"@id\":\"https:\\\/\\\/www.berg-freunde.ch\\\/blog\\\/#\\\/schema\\\/logo\\\/image\\\/\",\"url\":\"https:\\\/\\\/www.berg-freunde.ch\\\/blog\\\/wp-content\\\/uploads\\\/2023\\\/12\\\/Bergfreunde_DE_rgb.svg\",\"contentUrl\":\"https:\\\/\\\/www.berg-freunde.ch\\\/blog\\\/wp-content\\\/uploads\\\/2023\\\/12\\\/Bergfreunde_DE_rgb.svg\",\"caption\":\"Bergfreunde\"},\"image\":{\"@id\":\"https:\\\/\\\/www.berg-freunde.ch\\\/blog\\\/#\\\/schema\\\/logo\\\/image\\\/\"},\"sameAs\":[\"https:\\\/\\\/www.facebook.com\\\/bergfreunde\",\"https:\\\/\\\/www.instagram.com\\\/bergfreundede\\\/\"]},{\"@type\":\"Person\",\"@id\":\"https:\\\/\\\/www.berg-freunde.ch\\\/blog\\\/#\\\/schema\\\/person\\\/be38ad9c835eeb98cbda6973f0e625df\",\"name\":\"J\u00f6rn\",\"url\":\"https:\\\/\\\/www.berg-freunde.ch\\\/blog\\\/about\\\/joern-perschbacher\\\/\"}]}<\/script>\n<!-- \/ Yoast SEO Premium plugin. -->","yoast_head_json":{"title":"Nachhaltige Labels f\u00fcr Daune - Responsible Down Standard & Co","description":"Einige dieser Daunenlabels wie das Responsible Down Standard, wollen wir heute einmal bei den Bergfreunden n\u00e4her betrachten.","robots":{"index":"index","follow":"follow","max-snippet":"max-snippet:-1","max-image-preview":"max-image-preview:large","max-video-preview":"max-video-preview:-1"},"canonical":"https:\/\/www.berg-freunde.ch\/blog\/nachhaltigkeit-daune-labels\/","og_locale":"de_DE","og_type":"article","og_title":"Nachhaltige Daunenlabels im \u00dcberblick","og_description":"Einige dieser Daunenlabels wie das Responsible Down Standard, wollen wir heute einmal bei den Bergfreunden n\u00e4her betrachten.","og_url":"https:\/\/www.berg-freunde.ch\/blog\/nachhaltigkeit-daune-labels\/","og_site_name":"Bergfreunde","article_publisher":"https:\/\/www.facebook.com\/bergfreunde","article_published_time":"2017-04-11T12:57:56+00:00","article_modified_time":"2025-12-19T10:55:31+00:00","og_image":[{"width":1440,"height":590,"url":"https:\/\/www.berg-freunde.ch\/blog\/wp-content\/uploads\/2017\/04\/20230717_Daunenlabels_Titel.jpg","type":"image\/jpeg"}],"author":"J\u00f6rn","twitter_card":"summary_large_image","twitter_misc":{"Geschrieben von":"J\u00f6rn","Gesch\u00e4tzte Lesezeit":"6\u00a0Minuten"},"schema":{"@context":"https:\/\/schema.org","@graph":[{"@type":["Article","BlogPosting"],"@id":"https:\/\/www.berg-freunde.ch\/blog\/nachhaltigkeit-daune-labels\/#article","isPartOf":{"@id":"https:\/\/www.berg-freunde.ch\/blog\/nachhaltigkeit-daune-labels\/"},"author":{"name":"J\u00f6rn","@id":"https:\/\/www.berg-freunde.ch\/blog\/#\/schema\/person\/be38ad9c835eeb98cbda6973f0e625df"},"headline":"Nachhaltige Daunenlabels im \u00dcberblick","datePublished":"2017-04-11T12:57:56+00:00","dateModified":"2025-12-19T10:55:31+00:00","mainEntityOfPage":{"@id":"https:\/\/www.berg-freunde.ch\/blog\/nachhaltigkeit-daune-labels\/"},"wordCount":930,"commentCount":5,"publisher":{"@id":"https:\/\/www.berg-freunde.ch\/blog\/#organization"},"image":{"@id":"https:\/\/www.berg-freunde.ch\/blog\/nachhaltigkeit-daune-labels\/#primaryimage"},"thumbnailUrl":"https:\/\/www.berg-freunde.ch\/blog\/wp-content\/uploads\/2017\/04\/20230717_Daunenlabels_Titel.jpg","keywords":["Bergsteigen &amp; Hochtouren","Nachhaltig leben"],"articleSection":["Material &amp; Technologie","Praxiswissen"],"inLanguage":"de-CH","potentialAction":[{"@type":"CommentAction","name":"Comment","target":["https:\/\/www.berg-freunde.ch\/blog\/nachhaltigkeit-daune-labels\/#respond"]}]},{"@type":"WebPage","@id":"https:\/\/www.berg-freunde.ch\/blog\/nachhaltigkeit-daune-labels\/","url":"https:\/\/www.berg-freunde.ch\/blog\/nachhaltigkeit-daune-labels\/","name":"Nachhaltige Labels f\u00fcr Daune - Responsible Down Standard & Co","isPartOf":{"@id":"https:\/\/www.berg-freunde.ch\/blog\/#website"},"primaryImageOfPage":{"@id":"https:\/\/www.berg-freunde.ch\/blog\/nachhaltigkeit-daune-labels\/#primaryimage"},"image":{"@id":"https:\/\/www.berg-freunde.ch\/blog\/nachhaltigkeit-daune-labels\/#primaryimage"},"thumbnailUrl":"https:\/\/www.berg-freunde.ch\/blog\/wp-content\/uploads\/2017\/04\/20230717_Daunenlabels_Titel.jpg","datePublished":"2017-04-11T12:57:56+00:00","dateModified":"2025-12-19T10:55:31+00:00","description":"Einige dieser Daunenlabels wie das Responsible Down Standard, wollen wir heute einmal bei den Bergfreunden n\u00e4her betrachten.","breadcrumb":{"@id":"https:\/\/www.berg-freunde.ch\/blog\/nachhaltigkeit-daune-labels\/#breadcrumb"},"inLanguage":"de-CH","potentialAction":[{"@type":"ReadAction","target":["https:\/\/www.berg-freunde.ch\/blog\/nachhaltigkeit-daune-labels\/"]}]},{"@type":"ImageObject","inLanguage":"de-CH","@id":"https:\/\/www.berg-freunde.ch\/blog\/nachhaltigkeit-daune-labels\/#primaryimage","url":"https:\/\/www.berg-freunde.ch\/blog\/wp-content\/uploads\/2017\/04\/20230717_Daunenlabels_Titel.jpg","contentUrl":"https:\/\/www.berg-freunde.ch\/blog\/wp-content\/uploads\/2017\/04\/20230717_Daunenlabels_Titel.jpg","width":1440,"height":590},{"@type":"BreadcrumbList","@id":"https:\/\/www.berg-freunde.ch\/blog\/nachhaltigkeit-daune-labels\/#breadcrumb","itemListElement":[{"@type":"ListItem","position":1,"name":"Blog","item":"https:\/\/www.berg-freunde.ch\/blog\/"},{"@type":"ListItem","position":2,"name":"Know-How","item":"https:\/\/www.berg-freunde.ch\/blog\/category\/know-how\/"},{"@type":"ListItem","position":3,"name":"Material &amp; Technologie","item":"https:\/\/www.berg-freunde.ch\/blog\/category\/know-how\/material-technologie\/"},{"@type":"ListItem","position":4,"name":"Nachhaltige Daunenlabels im \u00dcberblick"}]},{"@type":"WebSite","@id":"https:\/\/www.berg-freunde.ch\/blog\/#website","url":"https:\/\/www.berg-freunde.ch\/blog\/","name":"Bergfreunde","description":"Blog","publisher":{"@id":"https:\/\/www.berg-freunde.ch\/blog\/#organization"},"potentialAction":[{"@type":"SearchAction","target":{"@type":"EntryPoint","urlTemplate":"https:\/\/www.berg-freunde.ch\/blog\/?s={search_term_string}"},"query-input":{"@type":"PropertyValueSpecification","valueRequired":true,"valueName":"search_term_string"}}],"inLanguage":"de-CH"},{"@type":"Organization","@id":"https:\/\/www.berg-freunde.ch\/blog\/#organization","name":"Bergfreunde","url":"https:\/\/www.berg-freunde.ch\/blog\/","logo":{"@type":"ImageObject","inLanguage":"de-CH","@id":"https:\/\/www.berg-freunde.ch\/blog\/#\/schema\/logo\/image\/","url":"https:\/\/www.berg-freunde.ch\/blog\/wp-content\/uploads\/2023\/12\/Bergfreunde_DE_rgb.svg","contentUrl":"https:\/\/www.berg-freunde.ch\/blog\/wp-content\/uploads\/2023\/12\/Bergfreunde_DE_rgb.svg","caption":"Bergfreunde"},"image":{"@id":"https:\/\/www.berg-freunde.ch\/blog\/#\/schema\/logo\/image\/"},"sameAs":["https:\/\/www.facebook.com\/bergfreunde","https:\/\/www.instagram.com\/bergfreundede\/"]},{"@type":"Person","@id":"https:\/\/www.berg-freunde.ch\/blog\/#\/schema\/person\/be38ad9c835eeb98cbda6973f0e625df","name":"J\u00f6rn","url":"https:\/\/www.berg-freunde.ch\/blog\/about\/joern-perschbacher\/"}]}},"_links":{"self":[{"href":"https:\/\/www.berg-freunde.ch\/blog\/wp-json\/wp\/v2\/posts\/69294","targetHints":{"allow":["GET"]}}],"collection":[{"href":"https:\/\/www.berg-freunde.ch\/blog\/wp-json\/wp\/v2\/posts"}],"about":[{"href":"https:\/\/www.berg-freunde.ch\/blog\/wp-json\/wp\/v2\/types\/post"}],"author":[{"embeddable":true,"href":"https:\/\/www.berg-freunde.ch\/blog\/wp-json\/wp\/v2\/users\/5"}],"replies":[{"embeddable":true,"href":"https:\/\/www.berg-freunde.ch\/blog\/wp-json\/wp\/v2\/comments?post=69294"}],"version-history":[{"count":5,"href":"https:\/\/www.berg-freunde.ch\/blog\/wp-json\/wp\/v2\/posts\/69294\/revisions"}],"predecessor-version":[{"id":129449,"href":"https:\/\/www.berg-freunde.ch\/blog\/wp-json\/wp\/v2\/posts\/69294\/revisions\/129449"}],"wp:featuredmedia":[{"embeddable":true,"href":"https:\/\/www.berg-freunde.ch\/blog\/wp-json\/wp\/v2\/media\/91601"}],"wp:attachment":[{"href":"https:\/\/www.berg-freunde.ch\/blog\/wp-json\/wp\/v2\/media?parent=69294"}],"wp:term":[{"taxonomy":"category","embeddable":true,"href":"https:\/\/www.berg-freunde.ch\/blog\/wp-json\/wp\/v2\/categories?post=69294"},{"taxonomy":"post_tag","embeddable":true,"href":"https:\/\/www.berg-freunde.ch\/blog\/wp-json\/wp\/v2\/tags?post=69294"},{"taxonomy":"post_folder","embeddable":true,"href":"https:\/\/www.berg-freunde.ch\/blog\/wp-json\/wp\/v2\/post_folder?post=69294"}],"curies":[{"name":"wp","href":"https:\/\/api.w.org\/{rel}","templated":true}]}}