{"id":69531,"date":"2016-11-17T12:38:08","date_gmt":"2016-11-17T10:38:08","guid":{"rendered":"https:\/\/www.bergfreunde.de\/blog\/profi-tipps-zum-eis-und-mixedklettern-die-ausruestung\/"},"modified":"2016-11-17T12:38:08","modified_gmt":"2016-11-17T10:38:08","slug":"profi-tipps-zum-eis-und-mixedklettern-die-ausruestung","status":"publish","type":"post","link":"https:\/\/www.berg-freunde.ch\/blog\/profi-tipps-zum-eis-und-mixedklettern-die-ausruestung\/","title":{"rendered":"Profi-Tipps zum Eis- und Mixedklettern \u2013 Die Ausr\u00fcstung"},"content":{"rendered":"<p style=\"text-align: justify;\">Besonders beliebt ist das herbstliche Schmuddelwetter nicht, aber es bietet uns Kletterern und Alpinisten eine gro\u00dfe Chance: Wir k\u00f6nnen in Ruhe vom kommenden Winter tr\u00e4umen, von Herausforderungen und Abenteuern. Und \u2013 etwas weniger romantisch \u2013 es bietet uns die M\u00f6glichkeit, uns um die passende Ausr\u00fcstung daf\u00fcr zu k\u00fcmmern. Besonders f\u00fcr Eiskletterer gibt es hier einiges zu tun. Denn sobald die Bedingungen passen, will man ja schlie\u00dflich bereit sein!<\/p>\n<p style=\"text-align: justify;\">Deshalb widme ich mich zun\u00e4chst dem Thema \u201eAusr\u00fcstung\u201c, bzw. speziell der technischen Ausr\u00fcstung zum Eis- und Mixedklettern. <strong>Nehmt das Thema ernst<\/strong>: Beim Eis- und Mixedklettern sind wir mehr als bei anderen Bergsport-Disziplinen von unserer Ausr\u00fcstung abh\u00e4ngig. Mit gutem Material klappt\u2019s nicht nur besser, man ist auch deutlich sicherer unterwegs! Im zweiten Teil wird es um ein paar allgemeine Themen gehen, die unter der \u00dcberschrift \u201eTipps, Tricks, Technik\u201c zusammengefasst sind. Dabei muss klar sein, dass Eisklettern eine recht komplexe Angelegenheit ist und ich in beiden Beitr\u00e4gen nur auf ausgew\u00e4hlte Punkte eingehen kann, die mir besonders wichtig erscheinen. Und, dass es sich dabei um meine pers\u00f6nlichen Erfahrungen und Einsch\u00e4tzungen handelt, die nat\u00fcrlich nicht jeder teilen wird.<\/p>\n<h2 style=\"text-align: justify;\"><strong>Die Eisger\u00e4te<\/strong><\/h2>\n<figure id=\"attachment_31772\" aria-describedby=\"caption-attachment-31772\" style=\"width: 300px\" class=\"wp-caption alignright\"><a href=\"https:\/\/www.bergfreunde.de\/blog\/wp-content\/uploads\/2021\/05\/Aguja-Standhardt-Patagonien.-Schnee-Firn-Gletscher-Steileis-Fels-und-Reif.-Die-Ausruestung-muss-in-jeder-Situation-funktionieren..jpg\"><img fetchpriority=\"high\" decoding=\"async\" class=\"size-medium wp-image-31772\" src=\"https:\/\/www.bergfreunde.de\/blog\/wp-content\/uploads\/2021\/05\/Aguja-Standhardt-Patagonien.-Schnee-Firn-Gletscher-Steileis-Fels-und-Reif.-Die-Ausruestung-muss-in-jeder-Situation-funktionieren..jpg\" alt=\"Tipps f\u00fcr die Eiskletter-Ausr\u00fcstung \" width=\"300\" height=\"225\" \/><\/a><figcaption id=\"caption-attachment-31772\" class=\"wp-caption-text\">Schnee, Firn, Steileis, Reif oder Fels &#8211; die Ausr\u00fcstung muss immer funktionieren! Foto: Arne Bergau<\/figcaption><\/figure>\n<p style=\"text-align: justify;\">Austauschbare Hauen, ein gekr\u00fcmmtes Rohr sowie ein guter Griff mit Fingerschutz geh\u00f6ren bei Eisger\u00e4ten l\u00e4ngst zum Standard. Beim Eisfallklettern und in anspruchsvollen Mixedrouten bringt ein Doppelgriff klare Vorteile. Allerdings passt nicht jeder Griff f\u00fcr jede Hand \u2013 hier muss man ausprobieren. F\u00fcr klassische alpine Eins\u00e4tze bevorzuge ich nach wie vor Eisger\u00e4te ohne Doppelgriff und entferne ggf. auch die Fingerauflagen f\u00fcr eine zweite Griffposition am Schaft. Stattdessen wird das Rohr \u00fcber dem Griff (f\u00fcr mehr Grip beim Umgreifen und H\u00e4mmern) und unter dem Eisger\u00e4te-Kopf mit vulkanisierendem Griptape umwickelt. In alpinen Routen greift man das Eisger\u00e4t h\u00e4ufig direkt unterm Kopf \u2013 das Tape verhindert wirkungsvoll, dass hier zu viel W\u00e4rme abgeleitet wird.<\/p>\n<p style=\"text-align: justify;\">Im Abenteuergel\u00e4nde sollte zudem ein funktionierender Hammer montiert sein, kein \u201eNoth\u00e4mmerchen\u201c, um z. B. Haken zu schlagen oder Keile festzuklopfen. Eine Schaufel am Ger\u00e4tekopf macht hingegen zwar im hochalpinen Gel\u00e4nde Sinn, f\u00fcrs Wasserfallklettern und Mixedklettern entfernt man sie jedoch besser (Verletzungsgefahr). Au\u00dferdem sollte das Eisger\u00e4t daf\u00fcr ausgelegt sein, am Standplatz in die Sicherungskette integriert zu werden (mehr zu dieser \u201eSpezialanwendung\u201c im zweiten Teil). Daf\u00fcr braucht es einen ausreichend dimensionierten Dorn oder zumindest ein Loch im Griff, an dem man sichern kann. Leider sind jedoch nicht alle Eisger\u00e4te f\u00fcr diesen oft so wichtigen Einsatz ausgelegt, da die dazugeh\u00f6rige Norm (EN 13089, Stand 06\/2015) diesbez\u00fcglich eine L\u00fccke aufweist. Die nicht verpflichtende UIAA-Norm schreibt zudem gerade einmal magere 2 kN vor, aber auch nur, sofern der Dorn\/das Loch im Griff zum \u201eSelbstsichern vorgesehen\u201c sind. Man sollte sich also bereits vor dem Kauf gr\u00fcndlich informieren, wenn man sp\u00e4ter f\u00fcr alle Situationen gewappnet sein will! Zuletzt und nur der Vollst\u00e4ndigkeit halber: Das Thema Eisger\u00e4te-Hauen ist eine Wissenschaft f\u00fcr sich, wobei es durchaus sehr unterschiedliche Meinungen dazu gibt.<\/p>\n<h2 style=\"text-align: justify;\">Die Steigeisen<\/h2>\n<p style=\"text-align: justify;\">Beim Klettern sind <a href=\"https:\/\/www.berg-freunde.ch\/steigeisen\/\">Steigeisen<\/a> mit nur einem Frontalzacken fast immer anderen Typen \u00fcberlegen. Denn ein einzelner Frontalzacken dringt besser und auch weiter ins Eis ein (die Sekund\u00e4rzacken stabilisieren dann den Fu\u00df), im Fels kann man pr\u00e4ziser antreten. Bewegen wir uns \u00fcberwiegend im Schnee, Firn, Reif, oder ganz allgemein in weichem \u201eMaterial\u201c, sind zwei Frontalzacken tendenziell besser. Je nach Art und Schwierigkeit der Unternehmung sind diese vertikal oder horizontal ausgerichtet. Gute Antistollplatten sollten bei alpinen Klettereien zudem selbstverst\u00e4ndlich sein.<\/p>\n<p style=\"text-align: justify;\">F\u00fcr manche Modelle, z.B. den <strong><a href=\"https:\/\/www.bergfreunde.de\/petzl-dart-steigeisen\/\">Petzl Dart<\/a><\/strong> (Vorderteile), kann man sich Letztere mit etwas Duct Tape\/Panzertape auch selbst basteln \u2013 funktioniert erstaunlich gut, h\u00e4lt aber nicht ewig. Wenn es der <a href=\"https:\/\/www.berg-freunde.ch\/bergschuhe\/\">Bergstiefel<\/a> erlaubt, sollte man weiterhin zur Automatik-Bindung greifen (vorne B\u00fcgel, hinten Kipphebel). Bei anderen Bindungen sitzt das Eisen meist nicht so satt am Stiefel. F\u00fcr schwierige Eisf\u00e4lle feilt man seine Zacken am besten scharf, zumindest die Frontal- und Sekund\u00e4rzacken. F\u00fcr alpine Mixedklettereien sollten sie hingegen nicht so scharf sein, nicht zuletzt wegen der hohen Verletzungsgefahr.<\/p>\n<p style=\"text-align: justify;\"><strong>Weitere Tuningtipps:<\/strong><\/p>\n<ul style=\"text-align: justify;\">\n<li>Blechstreifen am B\u00fcgel der Bindung entfernen (braucht man nicht, manche Hersteller lassen ihn auch weg)<\/li>\n<li>Riemen und Steg k\u00fcrzen (an eine m\u00f6gliche Verwendung mit Skistiefeln denken)<\/li>\n<li>Alu-Heel montieren. Dabei daran denken, dass sich Gewicht am Fu\u00df viel st\u00e4rker auswirkt als Gewicht am R\u00fccken!<\/li>\n<\/ul>\n<h2 style=\"text-align: justify;\">Die Eisschrauben<\/h2>\n<figure id=\"attachment_31776\" aria-describedby=\"caption-attachment-31776\" style=\"width: 300px\" class=\"wp-caption alignright\"><a href=\"https:\/\/www.bergfreunde.de\/blog\/wp-content\/uploads\/2021\/05\/Kurze-Eisschrauben-10-cm-13-cm-in-einer-duennen-Eisglasur.-Foto-F.-Miller.jpg\"><img decoding=\"async\" class=\"size-medium wp-image-31776\" src=\"https:\/\/www.bergfreunde.de\/blog\/wp-content\/uploads\/2021\/05\/Kurze-Eisschrauben-10-cm-13-cm-in-einer-duennen-Eisglasur.-Foto-F.-Miller-300x225.jpg\" alt=\"Tipps f\u00fcr die Eiskletter-Ausr\u00fcstung \" width=\"300\" height=\"225\" \/><\/a><figcaption id=\"caption-attachment-31776\" class=\"wp-caption-text\">Kurze Eisschrauben sind ideal bei d\u00fcnnen Eisglasuren.<\/figcaption><\/figure>\n<p style=\"text-align: justify;\">Die Standardl\u00e4ngen betragen 16-17 cm sowie 12-14 cm. Ein oder zwei 19er-Schrauben pro Seilschaft empfehlen sich au\u00dferdem f\u00fcrs Bohren der Abalakov-Eissanduhren. Schrauben mit \u00fcber 20 cm L\u00e4nge k\u00f6nnen zwar das Bohren solcher Eissanduhren erleichtern, man braucht sie aber in aller Regel nicht. Ganz kurze Schrauben (10 cm oder weniger) k\u00f6nnen hingegen bei schwierigen Unternehmungen vorteilhaft sein. Meine Empfehlungen: <strong><a href=\"https:\/\/www.bergfreunde.de\/black-diamond-express-ice-screw-eisschraube\/\">Black Diamond Express Ice Screw<\/a><\/strong> (bestens bew\u00e4hrt, solide, fairer Preis).<\/p>\n<p style=\"text-align: justify;\">Und, wenn auch teurer und nicht ganz so haltbar: <strong><a href=\"https:\/\/www.bergfreunde.de\/petzl-laser-speed-light-eisschraube\/\">Petzl Laser Speed Light<\/a><\/strong>. Rohr und Lasche sind hier aus Aluminium, die Z\u00e4hne aus Stahl. So wird ordentlich Gewicht gespart. Aber Achtung: Das Alurohr sollte nicht zu oft mit Fels in Ber\u00fchrung kommen \u2013 was sich im kombinierten Gel\u00e4nde allerdings nur schwer vermeiden l\u00e4sst. Beide hier erw\u00e4hnten Modelle sind sehr bissig, lassen sich gut sch\u00e4rfen, haben eine ausklappbare Kurbel und tragen im Ice-Clipper h\u00e4ngend wenig auf. Am besten markiert man seine Eisschrauben, damit sie der Kumpel nicht einsackt. Das geht gut mit Nagellack. Eine sch\u00f6ne Farbe ist zum Beispiel Gold-Glitzer, die Trends der Saison erf\u00e4hrt man im \u00f6rtlichen Nagelstudio.<\/p>\n<h2 style=\"text-align: justify;\">Das R\u00fcckzugsmaterial\/Rettungs-Kit<\/h2>\n<p style=\"text-align: justify;\">Ein paar Reepschn\u00fcre (Prusikschlingen und Material zum F\u00e4deln der Abalakov-Eissanduhren), ein kleines Messer, Tibloc, Eissanduhr-F\u00e4dler. Mein F\u00e4dler ist selbstgebaut, aus einer Fahrradspeiche. Ohne muss zwar auch gehen, aber wenn sich die Sanduhr sofort mit Wasser f\u00fcllt oder das Seil direkt gef\u00e4delt werden soll, wird es meist schwierig.<\/p>\n<h2 style=\"text-align: justify;\">Der Kletterhelm<\/h2>\n<p style=\"text-align: justify;\">Bitte kritisch pr\u00fcfen: Sitzt der Helm auch mit M\u00fctze satt am Kopf? Oder w\u00fcrde er bei einem seitlichen Anprall des Kopfes einfach weggeschoben werden? Viele Helme sitzen zu flach auf dem Kopf und k\u00f6nnen ihre Funktion als Sturzhelm damit kaum erf\u00fcllen.<\/p>\n<h2 style=\"text-align: justify;\">Der Gurt und die Ice-Clipper<\/h2>\n<figure id=\"attachment_31775\" aria-describedby=\"caption-attachment-31775\" style=\"width: 300px\" class=\"wp-caption alignright\"><a href=\"https:\/\/www.bergfreunde.de\/blog\/wp-content\/uploads\/2021\/05\/Der-Zugriff-aufs-Material-muss-auch-bei-widrigen-Bedingungen-uneingeschraenkt-moeglich-sein.-Foto-M.-Birkmann.jpg\"><img decoding=\"async\" class=\"size-medium wp-image-31775\" src=\"https:\/\/www.bergfreunde.de\/blog\/wp-content\/uploads\/2021\/05\/Der-Zugriff-aufs-Material-muss-auch-bei-widrigen-Bedingungen-uneingeschraenkt-moeglich-sein.-Foto-M.-Birkmann-300x225.jpg\" alt=\"Tipps f\u00fcr die Eiskletter-Ausr\u00fcstung \" width=\"300\" height=\"225\" \/><\/a><figcaption id=\"caption-attachment-31775\" class=\"wp-caption-text\">Der schnelle Zugriff aufs Material sollte immer gew\u00e4hrleistet sein. Foto: M. Birkmann<\/figcaption><\/figure>\n<p style=\"text-align: justify;\">Logischerweise muss der Gurt auch mit warmen Klamotten passen. Das beinhaltet nat\u00fcrlich auch, dass die Materialschlaufen noch gut erreichbar sind und nicht zu weit hinten sitzen! Ein wichtiger Punkt ist die Positionierung der Ice-Clipper, der Kunststoff-Materialkarabiner f\u00fcr den Transport der Eisschrauben und Eisger\u00e4te am Gurt (ich nenne sie Ice-Clipper, jeder Hersteller hat aber einen eigenen Namen daf\u00fcr). Hierf\u00fcr sollten am Gurt Durchf\u00fchrungen vorhanden sein, welche die Ice-Clipper gut fixieren (eine zus\u00e4tzliche oder anderweitige Fixierung ist m\u00f6glich, aber selten zufriedenstellend).<\/p>\n<p style=\"text-align: justify;\">Zwei Ice-Clipper \u2013 einer links und einer rechts \u2013 sollten gen\u00fcgen. Sie sitzen au\u00dfen auf der H\u00fcfte, ungef\u00e4hr dort, wo bei einer Hose die Naht verl\u00e4uft. Weiter hinten sind sie nicht mehr einsehbar (h\u00e4ufige Ursache f\u00fcr Eisschraubenverluste) und eine Positionierung weiter vorne f\u00fchrt dazu, dass die Z\u00e4hne der Eisschrauben beim Klettern in den Oberschenkel stechen! Mein bevorzugter Eisklettergurt ist der <strong><a href=\"https:\/\/www.bergfreunde.de\/edelrid-atmosphere-klettergurt\/\">Edelrid Atmosphere<\/a><\/strong>, nicht zuletzt, weil bei diesem Modell die Ice-Clipper perfekt sitzen.<\/p>\n<h2 style=\"text-align: justify;\">Die Spinner-Leash<\/h2>\n<p style=\"text-align: justify;\">Handschlaufen sind schon lange nicht mehr angesagt. Stattdessen werden bei alpinen Routen gerne <a href=\"https:\/\/www.bergfreunde.de\/s\/Spinner--Leash\/?searchparam=Spinner%20Leash&amp;iBfResetSorting=1\"><strong>Spinner-Leashes<\/strong><\/a> (elastische Fangschn\u00fcre) verwendet, um einen Verlust der Eisger\u00e4te zu verhindern. Eine h\u00e4ufig gestellte und durchaus sinnvolle Frage lautet hier: K\u00f6nnen die Spinner-Leashes auch einen Sturz halten? Ich denke, sie k\u00f6nnten einen kleinen \u201eRutscher\u201c schon halten. Allerdings hat ein recht kr\u00e4ftiger Bekannter von mir bei einem Sturz beide \u00c4ste seiner BD-Spinner-Leash zerrissen (Bruch des Bands im <a href=\"https:\/\/www.berg-freunde.ch\/karabiner-express-sets\/\">Karabiner<\/a>). <strong>Wichtig<\/strong>: Wer sich zum Rasten in seine Leash setzen m\u00f6chte, sollte ein Ger\u00e4t deutlich \u00fcber dem anderen einschlagen, um sp\u00e4ter den Griff des unteren Ger\u00e4ts erreichen zu k\u00f6nnen!<\/p>\n<h2 style=\"text-align: justify;\">Die Seile<\/h2>\n<figure id=\"attachment_31773\" aria-describedby=\"caption-attachment-31773\" style=\"width: 300px\" class=\"wp-caption alignright\"><a href=\"https:\/\/www.bergfreunde.de\/blog\/wp-content\/uploads\/2021\/05\/Ben-Nevis-Schottland.-Gute-Seile-gute-Laune.-Foto-F.-Miller.jpg\"><img loading=\"lazy\" decoding=\"async\" class=\"size-medium wp-image-31773\" src=\"https:\/\/www.bergfreunde.de\/blog\/wp-content\/uploads\/2021\/05\/Ben-Nevis-Schottland.-Gute-Seile-gute-Laune.-Foto-F.-Miller-300x225.jpg\" alt=\"Tipps f\u00fcr die Eiskletter-Ausr\u00fcstung \" width=\"300\" height=\"225\" \/><\/a><figcaption id=\"caption-attachment-31773\" class=\"wp-caption-text\">Gute Seile, gute Laune! Foto:\u00a0Fritz Miller<\/figcaption><\/figure>\n<p style=\"text-align: justify;\">F\u00fcr Eis- und Mixedkletterg\u00e4rten sind Einfachseile mit einer L\u00e4nge zwischen 50 und 80 Metern ideal &#8211; je nach Gebiet.\u00a0F\u00fcr einfache Eisf\u00e4lle mit Fu\u00dfabstieg und einfache, k\u00fcrzere Nordwandrouten bieten sich ebenfalls Einfachseile an, am besten mit 60 oder 70 Metern L\u00e4nge und gerne etwas d\u00fcnner (z.B. 8.9 oder 9,2 mm Durchmesser). F\u00fcr anspruchsvolleres Gel\u00e4nde kommen meist Halb- oder Zwillingsseile mit 60 Metern L\u00e4nge zum Einsatz. Meine Empfehlung: 60er Zwillingsseile (oder d\u00fcnne Halbseile) und diese nur f\u00fcrs Eisklettern verwenden. Im Felseinsatz geht die Impr\u00e4gnierung recht schnell kaputt, und eine funktionierende Impr\u00e4gnierung ist im Eis mehr als angenehm.<\/p>\n<h2 style=\"text-align: justify;\"><strong>Die Notfallaur\u00fcstung<\/strong><\/h2>\n<p style=\"text-align: justify;\">Handy, Stirnlampe und ein kleines Erste-Hilfe-Set (ideal: <strong>wasserdichte Tasche mit Wickelverschluss<\/strong>) sind mindestens mitzuf\u00fchren. Ich habe \u00f6fters geh\u00f6rt, man k\u00f6nne mit einer Rolle Tape zur Not \u201ealles machen\u201c. Aber immer, wenn ich bei widrigen Bedingungen versucht habe etwas zu \u201ekleben\u201c, hat das Tape nicht gehalten. Oder man konnte es in der K\u00e4lte kaum mehr abrollen. Ein stabiler 2-Personen-Biwaksack kann im Notfall nat\u00fcrlich ebenfalls sehr hilfreich sein, ist aber auch schwer. Mit einer Rettungsdecke im EH-Kit und einer Isolationsjacke im Rucksack kann man bei der einen oder anderen Tour dar\u00fcber nachdenken, ihn zu Hause zu lassen.<\/p>\n<p style=\"text-align: justify;\">LVS-Ger\u00e4t, Schaufel und Sonde sollte man im Zweifelsfall nat\u00fcrlich mitnehmen bzw. erst mal ins Auto werfen und dann spontan entscheiden, wer was mitnimmt. Sind wir in einer Gruppe (mind. 4 Personen) unterwegs und gehen von langen Zustiegen mit nur kleinr\u00e4umigen Gefahrenstellen aus, bietet sich evtl. auch folgender Kompromiss an: LVS-Ger\u00e4t hat jeder, jeder zweite packt eine Schaufel ein, die andere H\u00e4lfte eine Sonde. Heikle Bereiche werden dann einzeln oder mit gro\u00dfen Abst\u00e4nden begangen.<\/p>\n","protected":false},"excerpt":{"rendered":"<p>Besonders beliebt ist das herbstliche Schmuddelwetter nicht, aber es bietet uns Kletterern und Alpinisten eine gro\u00dfe Chance: Wir k\u00f6nnen in Ruhe vom kommenden Winter tr\u00e4umen, von Herausforderungen und Abenteuern. Und \u2013 etwas weniger romantisch \u2013 es bietet uns die M\u00f6glichkeit, uns um die passende Ausr\u00fcstung daf\u00fcr zu k\u00fcmmern. Besonders f\u00fcr Eiskletterer gibt es hier einiges [&hellip;]<\/p>\n","protected":false},"author":16,"featured_media":69533,"comment_status":"open","ping_status":"open","sticky":false,"template":"","format":"standard","meta":{"_acf_changed":false,"footnotes":""},"categories":[284],"tags":[273],"post_folder":[],"class_list":["post-69531","post","type-post","status-publish","format-standard","has-post-thumbnail","hentry","category-praxiswissen","tag-klettern-bouldern"],"acf":[],"yoast_head":"<!-- This site is optimized with the Yoast SEO Premium plugin v27.4 (Yoast SEO v27.4) - https:\/\/yoast.com\/product\/yoast-seo-premium-wordpress\/ -->\n<title>Welche Ausr\u00fcstung zum Eisklettern? Kaufberatung &amp; Tipps<\/title>\n<meta name=\"description\" content=\"Brauche ich zum Eis- &amp; Mixedklettern spezielle Handschuhe, Seile und Schuhe? Wenn ja, welche? Eine Kaufberatung von Profi-Eiskletterer Fritz Miller.\" \/>\n<meta name=\"robots\" content=\"index, follow, max-snippet:-1, max-image-preview:large, max-video-preview:-1\" \/>\n<link rel=\"canonical\" href=\"https:\/\/www.berg-freunde.ch\/blog\/profi-tipps-zum-eis-und-mixedklettern-die-ausruestung\/\" \/>\n<meta property=\"og:locale\" content=\"de_DE\" \/>\n<meta property=\"og:type\" content=\"article\" \/>\n<meta property=\"og:title\" content=\"Profi-Tipps zum Eis- und Mixedklettern \u2013 Die Ausr\u00fcstung\" \/>\n<meta property=\"og:description\" content=\"Brauche ich zum Eis- &amp; Mixedklettern spezielle Handschuhe, Seile und Schuhe? Wenn ja, welche? Eine Kaufberatung von Profi-Eiskletterer Fritz Miller.\" \/>\n<meta property=\"og:url\" content=\"https:\/\/www.berg-freunde.ch\/blog\/profi-tipps-zum-eis-und-mixedklettern-die-ausruestung\/\" \/>\n<meta property=\"og:site_name\" content=\"Bergfreunde\" \/>\n<meta property=\"article:publisher\" content=\"https:\/\/www.facebook.com\/bergfreunde\" \/>\n<meta property=\"article:published_time\" content=\"2016-11-17T10:38:08+00:00\" \/>\n<meta property=\"og:image\" content=\"https:\/\/www.berg-freunde.ch\/blog\/wp-content\/uploads\/2021\/05\/Dachkletterei-im-Mixedklettergarten-Ueschinen.-Leichte-Stiefel-mit-angeschraubten-Eisen-von-Vorteil.-Foto-L.-Binder.jpg\" \/>\n\t<meta property=\"og:image:width\" content=\"1440\" \/>\n\t<meta property=\"og:image:height\" content=\"400\" \/>\n\t<meta property=\"og:image:type\" content=\"image\/jpeg\" \/>\n<meta name=\"author\" content=\"Fritz\" \/>\n<meta name=\"twitter:card\" content=\"summary_large_image\" \/>\n<meta name=\"twitter:label1\" content=\"Geschrieben von\" \/>\n\t<meta name=\"twitter:data1\" content=\"Fritz\" \/>\n\t<meta name=\"twitter:label2\" content=\"Gesch\u00e4tzte Lesezeit\" \/>\n\t<meta name=\"twitter:data2\" content=\"8\u00a0Minuten\" \/>\n<script type=\"application\/ld+json\" class=\"yoast-schema-graph\">{\"@context\":\"https:\\\/\\\/schema.org\",\"@graph\":[{\"@type\":[\"Article\",\"BlogPosting\"],\"@id\":\"https:\\\/\\\/www.berg-freunde.ch\\\/blog\\\/profi-tipps-zum-eis-und-mixedklettern-die-ausruestung\\\/#article\",\"isPartOf\":{\"@id\":\"https:\\\/\\\/www.berg-freunde.ch\\\/blog\\\/profi-tipps-zum-eis-und-mixedklettern-die-ausruestung\\\/\"},\"author\":{\"name\":\"Fritz\",\"@id\":\"https:\\\/\\\/www.berg-freunde.ch\\\/blog\\\/#\\\/schema\\\/person\\\/9253f920f6e0f2d39b63a3dbade7a339\"},\"headline\":\"Profi-Tipps zum Eis- und Mixedklettern \u2013 Die Ausr\u00fcstung\",\"datePublished\":\"2016-11-17T10:38:08+00:00\",\"mainEntityOfPage\":{\"@id\":\"https:\\\/\\\/www.berg-freunde.ch\\\/blog\\\/profi-tipps-zum-eis-und-mixedklettern-die-ausruestung\\\/\"},\"wordCount\":1691,\"commentCount\":1,\"publisher\":{\"@id\":\"https:\\\/\\\/www.berg-freunde.ch\\\/blog\\\/#organization\"},\"image\":{\"@id\":\"https:\\\/\\\/www.berg-freunde.ch\\\/blog\\\/profi-tipps-zum-eis-und-mixedklettern-die-ausruestung\\\/#primaryimage\"},\"thumbnailUrl\":\"https:\\\/\\\/www.berg-freunde.ch\\\/blog\\\/wp-content\\\/uploads\\\/2021\\\/05\\\/Dachkletterei-im-Mixedklettergarten-Ueschinen.-Leichte-Stiefel-mit-angeschraubten-Eisen-von-Vorteil.-Foto-L.-Binder.jpg\",\"keywords\":[\"Klettern &amp; Bouldern\"],\"articleSection\":[\"Praxiswissen\"],\"inLanguage\":\"de-CH\",\"potentialAction\":[{\"@type\":\"CommentAction\",\"name\":\"Comment\",\"target\":[\"https:\\\/\\\/www.berg-freunde.ch\\\/blog\\\/profi-tipps-zum-eis-und-mixedklettern-die-ausruestung\\\/#respond\"]}]},{\"@type\":\"WebPage\",\"@id\":\"https:\\\/\\\/www.berg-freunde.ch\\\/blog\\\/profi-tipps-zum-eis-und-mixedklettern-die-ausruestung\\\/\",\"url\":\"https:\\\/\\\/www.berg-freunde.ch\\\/blog\\\/profi-tipps-zum-eis-und-mixedklettern-die-ausruestung\\\/\",\"name\":\"Welche Ausr\u00fcstung zum Eisklettern? Kaufberatung & Tipps\",\"isPartOf\":{\"@id\":\"https:\\\/\\\/www.berg-freunde.ch\\\/blog\\\/#website\"},\"primaryImageOfPage\":{\"@id\":\"https:\\\/\\\/www.berg-freunde.ch\\\/blog\\\/profi-tipps-zum-eis-und-mixedklettern-die-ausruestung\\\/#primaryimage\"},\"image\":{\"@id\":\"https:\\\/\\\/www.berg-freunde.ch\\\/blog\\\/profi-tipps-zum-eis-und-mixedklettern-die-ausruestung\\\/#primaryimage\"},\"thumbnailUrl\":\"https:\\\/\\\/www.berg-freunde.ch\\\/blog\\\/wp-content\\\/uploads\\\/2021\\\/05\\\/Dachkletterei-im-Mixedklettergarten-Ueschinen.-Leichte-Stiefel-mit-angeschraubten-Eisen-von-Vorteil.-Foto-L.-Binder.jpg\",\"datePublished\":\"2016-11-17T10:38:08+00:00\",\"description\":\"Brauche ich zum Eis- & Mixedklettern spezielle Handschuhe, Seile und Schuhe? Wenn ja, welche? Eine Kaufberatung von Profi-Eiskletterer Fritz Miller.\",\"breadcrumb\":{\"@id\":\"https:\\\/\\\/www.berg-freunde.ch\\\/blog\\\/profi-tipps-zum-eis-und-mixedklettern-die-ausruestung\\\/#breadcrumb\"},\"inLanguage\":\"de-CH\",\"potentialAction\":[{\"@type\":\"ReadAction\",\"target\":[\"https:\\\/\\\/www.berg-freunde.ch\\\/blog\\\/profi-tipps-zum-eis-und-mixedklettern-die-ausruestung\\\/\"]}]},{\"@type\":\"ImageObject\",\"inLanguage\":\"de-CH\",\"@id\":\"https:\\\/\\\/www.berg-freunde.ch\\\/blog\\\/profi-tipps-zum-eis-und-mixedklettern-die-ausruestung\\\/#primaryimage\",\"url\":\"https:\\\/\\\/www.berg-freunde.ch\\\/blog\\\/wp-content\\\/uploads\\\/2021\\\/05\\\/Dachkletterei-im-Mixedklettergarten-Ueschinen.-Leichte-Stiefel-mit-angeschraubten-Eisen-von-Vorteil.-Foto-L.-Binder.jpg\",\"contentUrl\":\"https:\\\/\\\/www.berg-freunde.ch\\\/blog\\\/wp-content\\\/uploads\\\/2021\\\/05\\\/Dachkletterei-im-Mixedklettergarten-Ueschinen.-Leichte-Stiefel-mit-angeschraubten-Eisen-von-Vorteil.-Foto-L.-Binder.jpg\",\"width\":1440,\"height\":400},{\"@type\":\"BreadcrumbList\",\"@id\":\"https:\\\/\\\/www.berg-freunde.ch\\\/blog\\\/profi-tipps-zum-eis-und-mixedklettern-die-ausruestung\\\/#breadcrumb\",\"itemListElement\":[{\"@type\":\"ListItem\",\"position\":1,\"name\":\"Blog\",\"item\":\"https:\\\/\\\/www.berg-freunde.ch\\\/blog\\\/\"},{\"@type\":\"ListItem\",\"position\":2,\"name\":\"Know-How\",\"item\":\"https:\\\/\\\/www.berg-freunde.ch\\\/blog\\\/category\\\/know-how\\\/\"},{\"@type\":\"ListItem\",\"position\":3,\"name\":\"Praxiswissen\",\"item\":\"https:\\\/\\\/www.berg-freunde.ch\\\/blog\\\/category\\\/know-how\\\/praxiswissen\\\/\"},{\"@type\":\"ListItem\",\"position\":4,\"name\":\"Profi-Tipps zum Eis- und Mixedklettern \u2013 Die Ausr\u00fcstung\"}]},{\"@type\":\"WebSite\",\"@id\":\"https:\\\/\\\/www.berg-freunde.ch\\\/blog\\\/#website\",\"url\":\"https:\\\/\\\/www.berg-freunde.ch\\\/blog\\\/\",\"name\":\"Bergfreunde\",\"description\":\"Blog\",\"publisher\":{\"@id\":\"https:\\\/\\\/www.berg-freunde.ch\\\/blog\\\/#organization\"},\"potentialAction\":[{\"@type\":\"SearchAction\",\"target\":{\"@type\":\"EntryPoint\",\"urlTemplate\":\"https:\\\/\\\/www.berg-freunde.ch\\\/blog\\\/?s={search_term_string}\"},\"query-input\":{\"@type\":\"PropertyValueSpecification\",\"valueRequired\":true,\"valueName\":\"search_term_string\"}}],\"inLanguage\":\"de-CH\"},{\"@type\":\"Organization\",\"@id\":\"https:\\\/\\\/www.berg-freunde.ch\\\/blog\\\/#organization\",\"name\":\"Bergfreunde\",\"url\":\"https:\\\/\\\/www.berg-freunde.ch\\\/blog\\\/\",\"logo\":{\"@type\":\"ImageObject\",\"inLanguage\":\"de-CH\",\"@id\":\"https:\\\/\\\/www.berg-freunde.ch\\\/blog\\\/#\\\/schema\\\/logo\\\/image\\\/\",\"url\":\"https:\\\/\\\/www.berg-freunde.ch\\\/blog\\\/wp-content\\\/uploads\\\/2023\\\/12\\\/Bergfreunde_DE_rgb.svg\",\"contentUrl\":\"https:\\\/\\\/www.berg-freunde.ch\\\/blog\\\/wp-content\\\/uploads\\\/2023\\\/12\\\/Bergfreunde_DE_rgb.svg\",\"caption\":\"Bergfreunde\"},\"image\":{\"@id\":\"https:\\\/\\\/www.berg-freunde.ch\\\/blog\\\/#\\\/schema\\\/logo\\\/image\\\/\"},\"sameAs\":[\"https:\\\/\\\/www.facebook.com\\\/bergfreunde\",\"https:\\\/\\\/www.instagram.com\\\/bergfreundede\\\/\"]},{\"@type\":\"Person\",\"@id\":\"https:\\\/\\\/www.berg-freunde.ch\\\/blog\\\/#\\\/schema\\\/person\\\/9253f920f6e0f2d39b63a3dbade7a339\",\"name\":\"Fritz\",\"url\":\"https:\\\/\\\/www.berg-freunde.ch\\\/blog\\\/about\\\/fritz-miller\\\/\"}]}<\/script>\n<!-- \/ Yoast SEO Premium plugin. -->","yoast_head_json":{"title":"Welche Ausr\u00fcstung zum Eisklettern? Kaufberatung & Tipps","description":"Brauche ich zum Eis- & Mixedklettern spezielle Handschuhe, Seile und Schuhe? Wenn ja, welche? Eine Kaufberatung von Profi-Eiskletterer Fritz Miller.","robots":{"index":"index","follow":"follow","max-snippet":"max-snippet:-1","max-image-preview":"max-image-preview:large","max-video-preview":"max-video-preview:-1"},"canonical":"https:\/\/www.berg-freunde.ch\/blog\/profi-tipps-zum-eis-und-mixedklettern-die-ausruestung\/","og_locale":"de_DE","og_type":"article","og_title":"Profi-Tipps zum Eis- und Mixedklettern \u2013 Die Ausr\u00fcstung","og_description":"Brauche ich zum Eis- & Mixedklettern spezielle Handschuhe, Seile und Schuhe? Wenn ja, welche? Eine Kaufberatung von Profi-Eiskletterer Fritz Miller.","og_url":"https:\/\/www.berg-freunde.ch\/blog\/profi-tipps-zum-eis-und-mixedklettern-die-ausruestung\/","og_site_name":"Bergfreunde","article_publisher":"https:\/\/www.facebook.com\/bergfreunde","article_published_time":"2016-11-17T10:38:08+00:00","og_image":[{"width":1440,"height":400,"url":"https:\/\/www.berg-freunde.ch\/blog\/wp-content\/uploads\/2021\/05\/Dachkletterei-im-Mixedklettergarten-Ueschinen.-Leichte-Stiefel-mit-angeschraubten-Eisen-von-Vorteil.-Foto-L.-Binder.jpg","type":"image\/jpeg"}],"author":"Fritz","twitter_card":"summary_large_image","twitter_misc":{"Geschrieben von":"Fritz","Gesch\u00e4tzte Lesezeit":"8\u00a0Minuten"},"schema":{"@context":"https:\/\/schema.org","@graph":[{"@type":["Article","BlogPosting"],"@id":"https:\/\/www.berg-freunde.ch\/blog\/profi-tipps-zum-eis-und-mixedklettern-die-ausruestung\/#article","isPartOf":{"@id":"https:\/\/www.berg-freunde.ch\/blog\/profi-tipps-zum-eis-und-mixedklettern-die-ausruestung\/"},"author":{"name":"Fritz","@id":"https:\/\/www.berg-freunde.ch\/blog\/#\/schema\/person\/9253f920f6e0f2d39b63a3dbade7a339"},"headline":"Profi-Tipps zum Eis- und Mixedklettern \u2013 Die Ausr\u00fcstung","datePublished":"2016-11-17T10:38:08+00:00","mainEntityOfPage":{"@id":"https:\/\/www.berg-freunde.ch\/blog\/profi-tipps-zum-eis-und-mixedklettern-die-ausruestung\/"},"wordCount":1691,"commentCount":1,"publisher":{"@id":"https:\/\/www.berg-freunde.ch\/blog\/#organization"},"image":{"@id":"https:\/\/www.berg-freunde.ch\/blog\/profi-tipps-zum-eis-und-mixedklettern-die-ausruestung\/#primaryimage"},"thumbnailUrl":"https:\/\/www.berg-freunde.ch\/blog\/wp-content\/uploads\/2021\/05\/Dachkletterei-im-Mixedklettergarten-Ueschinen.-Leichte-Stiefel-mit-angeschraubten-Eisen-von-Vorteil.-Foto-L.-Binder.jpg","keywords":["Klettern &amp; Bouldern"],"articleSection":["Praxiswissen"],"inLanguage":"de-CH","potentialAction":[{"@type":"CommentAction","name":"Comment","target":["https:\/\/www.berg-freunde.ch\/blog\/profi-tipps-zum-eis-und-mixedklettern-die-ausruestung\/#respond"]}]},{"@type":"WebPage","@id":"https:\/\/www.berg-freunde.ch\/blog\/profi-tipps-zum-eis-und-mixedklettern-die-ausruestung\/","url":"https:\/\/www.berg-freunde.ch\/blog\/profi-tipps-zum-eis-und-mixedklettern-die-ausruestung\/","name":"Welche Ausr\u00fcstung zum Eisklettern? Kaufberatung & Tipps","isPartOf":{"@id":"https:\/\/www.berg-freunde.ch\/blog\/#website"},"primaryImageOfPage":{"@id":"https:\/\/www.berg-freunde.ch\/blog\/profi-tipps-zum-eis-und-mixedklettern-die-ausruestung\/#primaryimage"},"image":{"@id":"https:\/\/www.berg-freunde.ch\/blog\/profi-tipps-zum-eis-und-mixedklettern-die-ausruestung\/#primaryimage"},"thumbnailUrl":"https:\/\/www.berg-freunde.ch\/blog\/wp-content\/uploads\/2021\/05\/Dachkletterei-im-Mixedklettergarten-Ueschinen.-Leichte-Stiefel-mit-angeschraubten-Eisen-von-Vorteil.-Foto-L.-Binder.jpg","datePublished":"2016-11-17T10:38:08+00:00","description":"Brauche ich zum Eis- & Mixedklettern spezielle Handschuhe, Seile und Schuhe? Wenn ja, welche? Eine Kaufberatung von Profi-Eiskletterer Fritz Miller.","breadcrumb":{"@id":"https:\/\/www.berg-freunde.ch\/blog\/profi-tipps-zum-eis-und-mixedklettern-die-ausruestung\/#breadcrumb"},"inLanguage":"de-CH","potentialAction":[{"@type":"ReadAction","target":["https:\/\/www.berg-freunde.ch\/blog\/profi-tipps-zum-eis-und-mixedklettern-die-ausruestung\/"]}]},{"@type":"ImageObject","inLanguage":"de-CH","@id":"https:\/\/www.berg-freunde.ch\/blog\/profi-tipps-zum-eis-und-mixedklettern-die-ausruestung\/#primaryimage","url":"https:\/\/www.berg-freunde.ch\/blog\/wp-content\/uploads\/2021\/05\/Dachkletterei-im-Mixedklettergarten-Ueschinen.-Leichte-Stiefel-mit-angeschraubten-Eisen-von-Vorteil.-Foto-L.-Binder.jpg","contentUrl":"https:\/\/www.berg-freunde.ch\/blog\/wp-content\/uploads\/2021\/05\/Dachkletterei-im-Mixedklettergarten-Ueschinen.-Leichte-Stiefel-mit-angeschraubten-Eisen-von-Vorteil.-Foto-L.-Binder.jpg","width":1440,"height":400},{"@type":"BreadcrumbList","@id":"https:\/\/www.berg-freunde.ch\/blog\/profi-tipps-zum-eis-und-mixedklettern-die-ausruestung\/#breadcrumb","itemListElement":[{"@type":"ListItem","position":1,"name":"Blog","item":"https:\/\/www.berg-freunde.ch\/blog\/"},{"@type":"ListItem","position":2,"name":"Know-How","item":"https:\/\/www.berg-freunde.ch\/blog\/category\/know-how\/"},{"@type":"ListItem","position":3,"name":"Praxiswissen","item":"https:\/\/www.berg-freunde.ch\/blog\/category\/know-how\/praxiswissen\/"},{"@type":"ListItem","position":4,"name":"Profi-Tipps zum Eis- und Mixedklettern \u2013 Die Ausr\u00fcstung"}]},{"@type":"WebSite","@id":"https:\/\/www.berg-freunde.ch\/blog\/#website","url":"https:\/\/www.berg-freunde.ch\/blog\/","name":"Bergfreunde","description":"Blog","publisher":{"@id":"https:\/\/www.berg-freunde.ch\/blog\/#organization"},"potentialAction":[{"@type":"SearchAction","target":{"@type":"EntryPoint","urlTemplate":"https:\/\/www.berg-freunde.ch\/blog\/?s={search_term_string}"},"query-input":{"@type":"PropertyValueSpecification","valueRequired":true,"valueName":"search_term_string"}}],"inLanguage":"de-CH"},{"@type":"Organization","@id":"https:\/\/www.berg-freunde.ch\/blog\/#organization","name":"Bergfreunde","url":"https:\/\/www.berg-freunde.ch\/blog\/","logo":{"@type":"ImageObject","inLanguage":"de-CH","@id":"https:\/\/www.berg-freunde.ch\/blog\/#\/schema\/logo\/image\/","url":"https:\/\/www.berg-freunde.ch\/blog\/wp-content\/uploads\/2023\/12\/Bergfreunde_DE_rgb.svg","contentUrl":"https:\/\/www.berg-freunde.ch\/blog\/wp-content\/uploads\/2023\/12\/Bergfreunde_DE_rgb.svg","caption":"Bergfreunde"},"image":{"@id":"https:\/\/www.berg-freunde.ch\/blog\/#\/schema\/logo\/image\/"},"sameAs":["https:\/\/www.facebook.com\/bergfreunde","https:\/\/www.instagram.com\/bergfreundede\/"]},{"@type":"Person","@id":"https:\/\/www.berg-freunde.ch\/blog\/#\/schema\/person\/9253f920f6e0f2d39b63a3dbade7a339","name":"Fritz","url":"https:\/\/www.berg-freunde.ch\/blog\/about\/fritz-miller\/"}]}},"_links":{"self":[{"href":"https:\/\/www.berg-freunde.ch\/blog\/wp-json\/wp\/v2\/posts\/69531","targetHints":{"allow":["GET"]}}],"collection":[{"href":"https:\/\/www.berg-freunde.ch\/blog\/wp-json\/wp\/v2\/posts"}],"about":[{"href":"https:\/\/www.berg-freunde.ch\/blog\/wp-json\/wp\/v2\/types\/post"}],"author":[{"embeddable":true,"href":"https:\/\/www.berg-freunde.ch\/blog\/wp-json\/wp\/v2\/users\/16"}],"replies":[{"embeddable":true,"href":"https:\/\/www.berg-freunde.ch\/blog\/wp-json\/wp\/v2\/comments?post=69531"}],"version-history":[{"count":0,"href":"https:\/\/www.berg-freunde.ch\/blog\/wp-json\/wp\/v2\/posts\/69531\/revisions"}],"wp:featuredmedia":[{"embeddable":true,"href":"https:\/\/www.berg-freunde.ch\/blog\/wp-json\/wp\/v2\/media\/69533"}],"wp:attachment":[{"href":"https:\/\/www.berg-freunde.ch\/blog\/wp-json\/wp\/v2\/media?parent=69531"}],"wp:term":[{"taxonomy":"category","embeddable":true,"href":"https:\/\/www.berg-freunde.ch\/blog\/wp-json\/wp\/v2\/categories?post=69531"},{"taxonomy":"post_tag","embeddable":true,"href":"https:\/\/www.berg-freunde.ch\/blog\/wp-json\/wp\/v2\/tags?post=69531"},{"taxonomy":"post_folder","embeddable":true,"href":"https:\/\/www.berg-freunde.ch\/blog\/wp-json\/wp\/v2\/post_folder?post=69531"}],"curies":[{"name":"wp","href":"https:\/\/api.w.org\/{rel}","templated":true}]}}