{"id":69932,"date":"2016-03-29T10:00:58","date_gmt":"2016-03-29T09:00:58","guid":{"rendered":"https:\/\/www.bergfreunde.de\/blog\/klettern-im-aladaglar-gebirge\/"},"modified":"2023-11-17T09:14:50","modified_gmt":"2023-11-17T08:14:50","slug":"klettern-im-aladaglar-gebirge","status":"publish","type":"post","link":"https:\/\/www.berg-freunde.ch\/blog\/klettern-im-aladaglar-gebirge\/","title":{"rendered":"Klettern im Alada\u011flar Gebirge"},"content":{"rendered":"<div class=\"wp-block-image\">\n<figure class=\"alignleft size-full is-resized\"><a href=\"https:\/\/www.bergfreunde.de\/blog\/wp-content\/uploads\/2023\/07\/KPalme_06771.jpg\"><img fetchpriority=\"high\" decoding=\"async\" width=\"900\" height=\"600\" src=\"https:\/\/www.bergfreunde.de\/blog\/wp-content\/uploads\/2023\/07\/KPalme_06771.jpg\" alt=\"Klettern im wilden Alada\u011flar Gebirge\" class=\"wp-image-97454\" style=\"width:350px\" srcset=\"https:\/\/www.berg-freunde.ch\/blog\/wp-content\/uploads\/2023\/07\/KPalme_06771.jpg 900w, https:\/\/www.berg-freunde.ch\/blog\/wp-content\/uploads\/2023\/07\/KPalme_06771-300x200.jpg 300w, https:\/\/www.berg-freunde.ch\/blog\/wp-content\/uploads\/2023\/07\/KPalme_06771-768x512.jpg 768w\" sizes=\"(max-width: 900px) 100vw, 900px\" \/><\/a><figcaption class=\"wp-element-caption\">Klettern im wilden Alada\u011flar Gebirge<\/figcaption><\/figure>\n<\/div>\n\n\n<p>\u201eEin Alpinist braucht keine Haken, sondern Nerven aus Stahl\u201c, ruft Bergfreundin Klara ihrem Kumpel Arthur zu, als die beiden gerade\u00a0im wilden Alada\u011flar Gebirge zum Klettern unterwegs sind. Die zwei haben sich das eher unbekannte Klettergebiet aufgrund einer Felsnadel rausgesucht, welche sie auf einem Bild entdeckt haben.<\/p>\n\n\n\n<p>Von ihrem Kletterabenteuer inklusive&nbsp;einer&nbsp;Bekanntschaft mit W\u00f6lfen berichten sie Euch selbst in ihrem Kletterbericht: T\u00fcrkisch f\u00fcr Fortgeschrittene.<\/p>\n\n\n\n<!--more-->\n\n\n\n<p><u><\/u>Wenn Kommunikation immer so einfach w\u00e4re! Ohne der t\u00fcrkischen Sprache m\u00e4chtig zu sein, \u201eunterhalten\u201c wir uns schon eine ganze Weile mit unserem Zeltnachbarn H\u00fcseyin, dem alten Schafhirten. Besser gesagt, er unterh\u00e4lt uns. Die braungebrannten, rauen H\u00e4nde umschlie\u00dfen fest seine Kehle w\u00e4hrend er theatralisch W\u00fcrgeger\u00e4usche dazu macht. \u201eK\u00f6pek\u2026kurt\u2026uuurrrrggg!\u201c Was erz\u00e4hlt er da blo\u00df?! Das W\u00f6rterbuch kl\u00e4rt es auf: koyun (Schaf), k\u00f6pek (Hund) und kurt (Wolf). Einer seiner Hunde hat unweit vom Lager einen Wolf get\u00f6tet und seine rund 300 Schafe erfolgreich verteidigt. Noch ein paar Mal zeigt er stolz, wie es um den Wolf geschah und lacht, bevor er aus voller Kehle ein t\u00fcrkisches Volkslied anstimmt. Eine Melodie wie aus Tausendundeiner Nacht, von Freiheit und Gl\u00fcck des einfachen Lebens in den Bergen vielleicht.<\/p>\n\n\n<div class=\"wp-block-image\">\n<figure class=\"alignright size-full is-resized\"><a href=\"https:\/\/www.bergfreunde.de\/blog\/wp-content\/uploads\/2023\/07\/KPalme_04701.jpg\"><img decoding=\"async\" width=\"600\" height=\"900\" src=\"https:\/\/www.bergfreunde.de\/blog\/wp-content\/uploads\/2023\/07\/KPalme_04701.jpg\" alt=\"Die Felsnadel vom Bild im Alada\u011flar Gebirge\" class=\"wp-image-97460\" style=\"width:250px\" srcset=\"https:\/\/www.berg-freunde.ch\/blog\/wp-content\/uploads\/2023\/07\/KPalme_04701.jpg 600w, https:\/\/www.berg-freunde.ch\/blog\/wp-content\/uploads\/2023\/07\/KPalme_04701-200x300.jpg 200w\" sizes=\"(max-width: 600px) 100vw, 600px\" \/><\/a><figcaption class=\"wp-element-caption\">Die Felsnadel vom Bild<\/figcaption><\/figure>\n<\/div>\n\n\n<h2 class=\"wp-block-heading\" id=\"h-wie-die-maden-im-speck\">Wie die Maden im Speck<\/h2>\n\n\n\n<p>Ich bin auf Erkundungsreise im Zentrum der T\u00fcrkei. Mit dem Bild einer <strong>wundersch\u00f6nen Felsnadel<\/strong> hatte mich Kletterkumpel Arthur gek\u00f6dert. <strong>Klettern<\/strong> im <strong>wilden Alada\u011flar Gebirge<\/strong>, dem h\u00f6chsten Massiv des Zentraltaurus mit der gr\u00f6\u00dften Dichte an 3000ern. Der Nationalpark bietet neben einem erstklassigen <strong>Sportklettergebiet<\/strong> auch <strong>alpine Mehrseill\u00e4ngenrouten<\/strong>, keinen Tagesmarsch vom Eingang entfernt. Zudem ist das Gebiet bei Kletterern weitestgehend unbekannt, und somit sch\u00f6n ruhig. Wie k\u00f6nnte ich mir diese Gelegenheit entgehen lassen?!<\/p>\n\n\n\n<p>Eine staubige Stra\u00dfe durchzieht in Schlangenlinien die karge Ebene, dahinter erheben sich strahlende Kalkw\u00e4nde mit wei\u00df \u00fcberzuckerten Gipfeln. Endlich sind wir im <strong>Kaz\u0131kl\u0131 Tal<\/strong> vor den Toren des Alada\u011flar Gebirges angekommen. Unser kleines Lager errichten wir am oberen Ende des Tals, unweit der Schaftr\u00e4nke und einzigen Wasserquelle. Einen kurzen Fu\u00dfmarsch entfernt warten in der Schlucht <strong>20 Sektoren<\/strong> mit \u00fcber <strong>400 gut eingerichteten Sportkletterrouten<\/strong>. Kurz gesagt sitzen wir hier wie die \u201eMaden im Speck\u201c. Der oberste Sektor \u201e<strong>Babyface<\/strong>\u201c ist wie gemacht zum <strong>Warmklettern<\/strong>. Der geneigte Block mit rauen Reibungsplatten bietet wunderbare, leichte Gleichgewichtsprobleme. <\/p>\n\n\n\n<p>Im benachbarten Sektor \u201e<strong>Sister Cooking<\/strong>\u201c sind schon etwas mehr Bizeps und Ausdauer gefragt. Als pers\u00f6nlicher Lieblingssektor entpuppt sich aber bald \u201e<strong>Carnival<\/strong>\u201c im unteren Bereich der Schlucht. An gro\u00dfen L\u00f6chern die leicht \u00fcberh\u00e4ngende Wand hinauf zu hangeln ist einfach traumhaft. Gleich nebenan geht es im Sektor \u201e<strong>Dergah<\/strong>\u201c genauso lohnend weiter. Auf 35 Metern L\u00e4nge wechselt die Wand von \u00fcberh\u00e4ngenden Henkeln zu steilen Leisten in eine abschlie\u00dfende Reibungsplatte. Ein geniales Sportklettergebiet und f\u00fcr uns die beste Vorbereitung.<\/p>\n\n\n\n<h2 class=\"wp-block-heading\" id=\"h-abwarten-und-tee-trinken\">Abwarten und Tee trinken<\/h2>\n\n\n\n<p>Unsere Fitness passt nach wenigen Tagen, nur mit dem Wetter f\u00fcr alpine Unternehmungen will es einfach nicht klappen. Eine Kaltfront jagt die n\u00e4chste. Fast t\u00e4glich kreisen <strong>furchteinfl\u00f6\u00dfende <a href=\"https:\/\/www.berg-freunde.ch\/entfernung-gewitter-rechner\/\">Gewitter<\/a><\/strong> \u00fcber dem Hochgebirge, und die Gipfel sind immer wieder voller <strong>Neuschnee<\/strong>. Heute ist wieder ein besonders ungem\u00fctlicher Tag &#8211; kalt, windig, regnerisch. H\u00fcseyin ist zu Besuch, auch er ist offensichtlich froh, Gesellschaft in diesem einsamen Tal mal Gesellschaft zu haben. Inzwischen hat ein reger Austausch von Gef\u00e4lligkeiten seinen Lauf genommen, wir m\u00f6chten uns den \u201eMeister&#187; der benachbarten Kangals wohlgesonnen stimmen. <\/p>\n\n\n\n<p>Dank meiner halbwegs gut sortierten Reiseapotheke habe ich den Status einer &#171;Medizinfrau&#187; und versorge H\u00fcseyin mit Salben und Aspirin-Tabletten. Er hingegen bringt uns Feuerholz und erz\u00e4hlt lustige Geschichten. Lustig vor allem, weil die Konversation mehr ein Gestikulieren mit H\u00e4nden und F\u00fc\u00dfen ist. So sch\u00f6n die Zeit hier unten auch ist, mein Haulbag mit der alpinen Ausr\u00fcstung liegt schon viel zu lange einen Tagesmarsch weit entfernt im Nationalpark, gut verstaut unter meiner Traumwand &#8211; der wundersch\u00f6nen Felsnadel Parmakkaya. Ob wir \u00fcberhaupt Hand anlegen werden?<\/p>\n\n\n\n<h2 class=\"wp-block-heading\" id=\"h-m-ein-herz-fur-hunde\">(M)ein Herz f\u00fcr Hunde<\/h2>\n\n\n<div class=\"wp-block-image\">\n<figure class=\"alignleft size-full is-resized\"><img decoding=\"async\" width=\"900\" height=\"600\" src=\"https:\/\/www.bergfreunde.de\/blog\/wp-content\/uploads\/2023\/07\/KPalme_99631.jpg\" alt=\"Ein Kangal bei seiner Arbeit im Alada\u011flar Gebirge\" class=\"wp-image-97466\" style=\"width:350px\" srcset=\"https:\/\/www.berg-freunde.ch\/blog\/wp-content\/uploads\/2023\/07\/KPalme_99631.jpg 900w, https:\/\/www.berg-freunde.ch\/blog\/wp-content\/uploads\/2023\/07\/KPalme_99631-300x200.jpg 300w, https:\/\/www.berg-freunde.ch\/blog\/wp-content\/uploads\/2023\/07\/KPalme_99631-768x512.jpg 768w\" sizes=\"(max-width: 900px) 100vw, 900px\" \/><figcaption class=\"wp-element-caption\">Ein Kangal bei seiner Arbeit<\/figcaption><\/figure>\n<\/div>\n\n\n<p>F\u00fcr Adrenalin sorgen derweil nicht nur die Kletterrouten. Zu Fu\u00df unterwegs steht 200 Meter entfernt mitten auf der Stra\u00dfe pl\u00f6tzlich ein <strong>Kangal<\/strong>. Diese speziellen <strong>Hirtenhunde<\/strong> sehen aus wie leicht \u00fcberdimensionierte Schafe mit einem gewaltigen Gebiss. Um den Hals tragen sie martialische Halsb\u00e4nder mit langen <strong>Eisenstacheln<\/strong>, die sie vor dem t\u00f6dlichen Kehlenbiss der W\u00f6lfe sch\u00fctzen. So eine <strong>unbesiegbare Verteidigungsmaschine<\/strong> versperrt uns jetzt den Weg. Nach dem Motto, \u201eich muss nicht schneller laufen als der Hund, nur schneller als Du\u201c beginnt Arthur den R\u00fcckzug. Ich hingegen schreite vorw\u00e4rts, dieser Hund kann doch keine \u00f6ffentliche Stra\u00dfe bewachen. \u201eYes, he can.\u201c <\/p>\n\n\n\n<p>Aggressiv die Z\u00e4hne fletschend macht er mir deutlich, dass ich zu weit gegangen bin. Mit weit aufgerissenem Maul rast er auf mich zu, w\u00e4hrend ich versuche, r\u00fcckw\u00e4rts sein Revier zu verlassen. Die w\u00fctende Kampfmaschine kommt immer n\u00e4her. Verzweifelt schreie ich um Hilfe &#8211; doch der Besitzer ist nirgends. Einen Meter vor mir bleibt der w\u00fctende Angreifer stehen und terrorisiert mich, anscheinend nur, um seine Macht zu demonstrieren. Irgendwann l\u00e4sst er von mir ab. Das Adrenalin steckt mir genauso tief in den Knochen wie die Todesangst. Vielleicht h\u00e4tte sich die Investition in ein Mietauto doch gelohnt&#8230;<\/p>\n\n\n\n<h2 class=\"wp-block-heading\" id=\"h-besuch-von-kurt\">Besuch von Kurt<\/h2>\n\n\n\n<p>Der Wetterbericht in der Zeitung verspricht <strong>zwei stabile Tage<\/strong>, wenigstens f\u00fcr einen Kletterversuch k\u00f6nnte es reichen. Durch das <strong>Emli Tal<\/strong> erreichen wir bald die gro\u00dfe, mit Blumen \u00fcbers\u00e4te Hochebene. Der Blick f\u00e4llt unweigerlich in das Hochtal im S\u00fcden, wo die 300 Meter hohe <strong>Felsnadel Parmakkaya<\/strong> mitten aus der<strong> zerkl\u00fcfteten Bergflanke<\/strong> in den Himmel ragt. Steil und unnahbar wie eine Festung, eine alpine Herausforderung in v\u00f6lliger Abgeschiedenheit. Die Route \u201e<strong>Orient<\/strong>\u201c an ihrer Ostseite ist mein Favorit &#8211; ein d\u00fcnner, roter Strich auf dem verpixelten Wandfoto meiner Kopie. Die Felsnadel ist <strong>faszinierend<\/strong> und <strong>furchteinfl\u00f6\u00dfend<\/strong> zugleich. <\/p>\n\n\n\n<p>Vor allem, weil mir gerade jetzt ein kleiner Nebensatz aus dem F\u00fchrer durch den Kopf geistert: \u201enerve wrecking bolt distances\u201c (nervenaufreibende Hakenabst\u00e4nde) hei\u00dft es da. Die Nacht bietet noch gen\u00fcgend Zeit, um dar\u00fcber nachzudenken. Der Vollmond strahlt vom Himmel, es ist fast taghell und die Gedanken kreisen um die bevorstehende \u201ePr\u00fcfung\u201c. Da kommt pl\u00f6tzlich auch noch \u201eKurt\u201c ins Spiel &#8211; erst einer, dann zwei, dann drei. Das <strong>gruselige Heulen<\/strong> der <strong>W\u00f6lfe<\/strong> schallt \u00fcber die einsame Hochebene w\u00e4hrend es uns kalt den Nacken herunter l\u00e4uft. Wo sind die Kangals, wenn man sie einmal br\u00e4uchte?!<\/p>\n\n\n<div class=\"wp-block-image\">\n<figure class=\"alignright size-full is-resized\"><a href=\"https:\/\/www.bergfreunde.de\/blog\/wp-content\/uploads\/2023\/07\/KPalme_05971.jpg\"><img loading=\"lazy\" decoding=\"async\" width=\"600\" height=\"900\" src=\"https:\/\/www.bergfreunde.de\/blog\/wp-content\/uploads\/2023\/07\/KPalme_05971.jpg\" alt=\"Liebe auf den ersten Griff\" class=\"wp-image-97472\" style=\"width:250px\" srcset=\"https:\/\/www.berg-freunde.ch\/blog\/wp-content\/uploads\/2023\/07\/KPalme_05971.jpg 600w, https:\/\/www.berg-freunde.ch\/blog\/wp-content\/uploads\/2023\/07\/KPalme_05971-200x300.jpg 200w\" sizes=\"(max-width: 600px) 100vw, 600px\" \/><\/a><figcaption class=\"wp-element-caption\">Liebe auf den ersten Griff<\/figcaption><\/figure>\n<\/div>\n\n\n<h2 class=\"wp-block-heading\" id=\"h-von-null-auf-vollgas\">Von Null auf Vollgas<\/h2>\n\n\n\n<p>Der Tagesanbruch kommt wie ein Segen. In der k\u00fchlen Morgenluft steigen wir durch die Felslandschaft in Richtung <strong>Parmakkaya<\/strong>, jeder f\u00fcr sich mit seinen Zweifeln und Fragen. Wird das Wetter halten? Wie gro\u00df sind die Hakenabst\u00e4nde? Werden wir ohne richtiges Topo die Linie finden? Wie wird sich Sportkletterer Arthur im alpinen Gel\u00e4nde schlagen? Oft entscheidet der erste Felskontakt \u00fcber Sieg oder Niederlage, hier ist es <strong>Liebe auf den ersten Griff<\/strong>. So einen <strong>strukturreichen<\/strong>, <strong>traumhaft rauen Kalk<\/strong> hatte ich selten in den H\u00e4nden. <\/p>\n\n\n\n<p>Die Finger kommen mit winzigen Leisten aus, denn selbst auf kleinsten Unebenheiten stehen die F\u00fc\u00dfe wie festgenagelt. Instinktiv folgen H\u00e4nde und F\u00fc\u00dfe den Strukturen, nat\u00fcrliche Schw\u00e4chen der Wand verschlingen an den n\u00f6tigen Stellen hungrig meine Totem Cams. Die Bewegungen flie\u00dfen, und mich packt ein unb\u00e4ndiger Hunger auf mehr, mehr von dieser<strong> geilen Kletterei<\/strong>! Arthur ist nicht ganz so euphorisch. \u201eKeine Haken in Sicht\u201c, beschwert er sich am Stand. \u201eEin Alpinist braucht keine Haken, sondern Nerven aus Stahl\u201c, ist meine freche Antwort, f\u00fcr die ich bis auf Weiteres den Vorstieg \u201eernte\u201c.<\/p>\n\n\n\n<h2 class=\"wp-block-heading\" id=\"h-oben-bist-du-nie\">Oben bist du nie<\/h2>\n\n\n\n<p>Ein Vierer Camalot verschwindet gerade in einer Spalte, da f\u00e4llt mir erst der Haken links an der Kante ins Auge. Die Linie fordert <strong>selbstverantwortliches Klettern<\/strong>, an den wichtigen Stellen sind aber immer <strong>gute Sicherungen<\/strong>. Mein Loblied auf die Tour hat erst eine Pause, als mir in der Schl\u00fcsselseill\u00e4nge die Knie weich werden. <strong>Steiles Plattengel\u00e4nde<\/strong> im <strong>achten Grad<\/strong> mit <strong>reichlich Pendelpotential<\/strong>, <strong>Strukturen<\/strong> sind hier <strong>Mangelware<\/strong>. An einer winzigen Leiste h\u00e4ngend kommt mein \u201eBewegungsfluss\u201c ins Stocken. Panik, Angst, Schockstarre. \u201eCome on, ice-cold rock crusher\u201c, schallt es von unten. Wo sind jetzt diese Nerven aus Stahl geblieben? Dicke Wolken ziehen \u00fcber den Himmel und die K\u00e4lte kriecht langsam in die Glieder. <\/p>\n\n\n\n<p>F\u00fcr Zweifel ist keine Zeit, jetzt oder nie &#8211; meine Finger krallen sich mit unerwarteter Kraft in den Fels, mein K\u00f6rper vollzieht eine athletische Bewegung und pl\u00f6tzlich flie\u00dft es wieder. Eine <strong>tolle Verschneidungsl\u00e4nge<\/strong> bringt uns direkt unter den <strong>Gipfelvorbau<\/strong>, wo uns nur noch die letzte Seill\u00e4nge erwartet, daf\u00fcr noch einmal <strong>7b<\/strong>. \u201eWenigstens diese Seill\u00e4nge muss ich versuchen\u201c, Arthur f\u00fchlt sich bereit f\u00fcr seinen ersten alpinen Vorstieg. So kurz vor dem Ziel sind die schmalsten Leisten und winzigsten Strukturen keine H\u00fcrde mehr, nicht einmal der kurze \u201erun-out&#187; vor dem Stand. Wir sind oben! Beide haben wir innere Grenzen verschoben, eine echte <strong>Teamleistung<\/strong> hat uns den Gipfel beschert. Die Freude k\u00f6nnte nicht gr\u00f6\u00dfer sein. Anstelle von Wolfsgeheul schallt nun unser Jubelgeschrei in die Weite des Alada\u011flar. Das glaubt uns H\u00fcseyin nie!<\/p>\n\n\n\n<figure class=\"wp-block-gallery has-nested-images columns-3 is-cropped wp-block-gallery-1 is-layout-flex wp-block-gallery-is-layout-flex\">\n<figure class=\"wp-block-image size-large\"><a href=\"https:\/\/www.bergfreunde.de\/blog\/wp-content\/uploads\/2021\/05\/KPalme_DSC07729.jpg\"><img loading=\"lazy\" decoding=\"async\" width=\"600\" height=\"900\" data-id=\"20657\" src=\"https:\/\/www.bergfreunde.de\/blog\/wp-content\/uploads\/2021\/05\/KPalme_DSC07729.jpg\" alt=\"&quot;Come on, ice-cold rock crusher&quot;\" class=\"wp-image-20657\" srcset=\"https:\/\/www.berg-freunde.ch\/blog\/wp-content\/uploads\/2021\/05\/KPalme_DSC07729.jpg 600w, https:\/\/www.berg-freunde.ch\/blog\/wp-content\/uploads\/2021\/05\/KPalme_DSC07729-200x300.jpg 200w\" sizes=\"(max-width: 600px) 100vw, 600px\" \/><\/a><figcaption class=\"wp-element-caption\">&#171;Come on, ice-cold rock crusher&#187;<\/figcaption><\/figure>\n\n\n\n<figure class=\"wp-block-image size-large\"><a href=\"https:\/\/www.bergfreunde.de\/blog\/wp-content\/uploads\/2021\/05\/KPalme_0059.jpg\"><img loading=\"lazy\" decoding=\"async\" width=\"900\" height=\"600\" data-id=\"20661\" src=\"https:\/\/www.bergfreunde.de\/blog\/wp-content\/uploads\/2021\/05\/KPalme_0059.jpg\" alt=\"Klara und H\u00fcseyin im Alada\u011flar Gebirge\" class=\"wp-image-20661\" srcset=\"https:\/\/www.berg-freunde.ch\/blog\/wp-content\/uploads\/2021\/05\/KPalme_0059.jpg 900w, https:\/\/www.berg-freunde.ch\/blog\/wp-content\/uploads\/2021\/05\/KPalme_0059-300x200.jpg 300w, https:\/\/www.berg-freunde.ch\/blog\/wp-content\/uploads\/2021\/05\/KPalme_0059-768x512.jpg 768w\" sizes=\"(max-width: 900px) 100vw, 900px\" \/><\/a><figcaption class=\"wp-element-caption\">Klara und H\u00fcseyin<\/figcaption><\/figure>\n\n\n\n<figure class=\"wp-block-image size-large\"><a href=\"https:\/\/www.bergfreunde.de\/blog\/wp-content\/uploads\/2021\/05\/KPalme_9395.jpg\"><img loading=\"lazy\" decoding=\"async\" width=\"600\" height=\"900\" data-id=\"20665\" src=\"https:\/\/www.bergfreunde.de\/blog\/wp-content\/uploads\/2021\/05\/KPalme_9395.jpg\" alt=\"Arthur im Schatten der Felsnadel\" class=\"wp-image-20665\" srcset=\"https:\/\/www.berg-freunde.ch\/blog\/wp-content\/uploads\/2021\/05\/KPalme_9395.jpg 600w, https:\/\/www.berg-freunde.ch\/blog\/wp-content\/uploads\/2021\/05\/KPalme_9395-200x300.jpg 200w\" sizes=\"(max-width: 600px) 100vw, 600px\" \/><\/a><figcaption class=\"wp-element-caption\">Arthur im Schatten der Felsnadel<\/figcaption><\/figure>\n<\/figure>\n\n\n\n<h2 class=\"wp-block-heading\" id=\"h-nbsp\">&nbsp;<\/h2>\n\n\n\n<h2 class=\"wp-block-heading\" id=\"h-informationen\">Informationen<\/h2>\n\n\n\n<h3 class=\"wp-block-heading\" id=\"h-anreise\">Anreise<\/h3>\n\n\n\n<p>Flug nach Adana oder Kayseri, von dort mit dem Mietauto oder Bus weiter nach Ni\u011fde und Richtung \u00c7amardi fahren. Kurz vor \u00c7amardi die Abzweigung nach links in Richtung \u00c7ukurba\u011f und anschlie\u00dfend rechts nach Marti nicht verpassen.<\/p>\n\n\n\n<h3 class=\"wp-block-heading\" id=\"h-ubernachtung\">\u00dcbernachtung<\/h3>\n\n\n\n<p>Alada\u011flar Camping, \u00c7ukurba\u011f k\u00f6y\u00fc.Mart\u0131 mh. No:465, \u00c7amard\u0131, Ni\u011fde, Turkey, Tel: +90 3887112466, www.aladaglarcamping.com , Email: incerecep@yahoo.com<\/p>\n\n\n\n<h3 class=\"wp-block-heading\" id=\"h-material\">Material<\/h3>\n\n\n\n<p>Zum Sportklettern in der Kaz\u0131kl\u0131 Ali Schlucht haben wir das 70m Master 9,7mm von Tendon und 14 Expressen von Aliens Bergsport verwendet.<\/p>\n\n\n\n<p>Am Parmakkaya haben wir das 60m Doppelseil Master (8,5mm) von Tendon, 14 Expressen von Aliens Bergsport, Bandschlingen von Singing Rock, Kletterhelm Kappa von Singing Rock und einen Satz Totem Basic Cams sowie einen Satz <a href=\"https:\/\/www.bergfreunde.de\/s\/totem--cam\/?searchparam=totem%20cam\" target=\"_blank\" rel=\"noopener\">Totem Cams<\/a> verwendet.<\/p>\n\n\n\n<h3 class=\"wp-block-heading\" id=\"h-buch\">Buch<\/h3>\n\n\n\n<p>\u201eComprehensive guide to Alada\u011flar\u201c (2nd edition, 2014), Autor Recep Ince, erh\u00e4ltlich bei www.kletterfuehrer.net, www.map-site.de oder direkt bei Recep Ince im Alada\u011flar Camping.<\/p>\n\n\n\n<p>Zuletzt aktualisiert: 27.07.2023<\/p>\n","protected":false},"excerpt":{"rendered":"<p>\u201eEin Alpinist braucht keine Haken, sondern Nerven aus Stahl\u201c, ruft Bergfreundin Klara ihrem Kumpel Arthur zu, als die beiden gerade\u00a0im wilden Alada\u011flar Gebirge zum Klettern unterwegs sind. Die zwei haben sich das eher unbekannte Klettergebiet aufgrund einer Felsnadel rausgesucht, welche sie auf einem Bild entdeckt haben. Von ihrem Kletterabenteuer inklusive&nbsp;einer&nbsp;Bekanntschaft mit W\u00f6lfen berichten sie Euch [&hellip;]<\/p>\n","protected":false},"author":20,"featured_media":97483,"comment_status":"open","ping_status":"closed","sticky":false,"template":"","format":"standard","meta":{"_acf_changed":false,"footnotes":""},"categories":[288],"tags":[273],"post_folder":[],"class_list":["post-69932","post","type-post","status-publish","format-standard","has-post-thumbnail","hentry","category-touren-reisetipps","tag-klettern-bouldern"],"acf":[],"yoast_head":"<!-- This site is optimized with the Yoast SEO Premium plugin v27.4 (Yoast SEO v27.4) - https:\/\/yoast.com\/product\/yoast-seo-premium-wordpress\/ -->\n<title>Klettern im Alada\u011flar Gebirge der T\u00fcrkei<\/title>\n<meta name=\"description\" content=\"Klettern im wilden Alada\u011flar Gebirge \u201eEin Alpinist braucht keine Haken, sondern Nerven aus Stahl\u201c, ruft Bergfreundin Klara ihrem Kumpel Arthur zu, als die\" \/>\n<meta name=\"robots\" content=\"index, follow, max-snippet:-1, max-image-preview:large, max-video-preview:-1\" \/>\n<link rel=\"canonical\" href=\"https:\/\/www.berg-freunde.ch\/blog\/klettern-im-aladaglar-gebirge\/\" \/>\n<meta property=\"og:locale\" content=\"de_DE\" \/>\n<meta property=\"og:type\" content=\"article\" \/>\n<meta property=\"og:title\" content=\"Klettern im Alada\u011flar Gebirge\" \/>\n<meta property=\"og:description\" content=\"Klettern im wilden Alada\u011flar Gebirge \u201eEin Alpinist braucht keine Haken, sondern Nerven aus Stahl\u201c, ruft Bergfreundin Klara ihrem Kumpel Arthur zu, als die\" \/>\n<meta property=\"og:url\" content=\"https:\/\/www.berg-freunde.ch\/blog\/klettern-im-aladaglar-gebirge\/\" \/>\n<meta property=\"og:site_name\" content=\"Bergfreunde\" \/>\n<meta property=\"article:publisher\" content=\"https:\/\/www.facebook.com\/bergfreunde\" \/>\n<meta property=\"article:published_time\" content=\"2016-03-29T09:00:58+00:00\" \/>\n<meta property=\"article:modified_time\" content=\"2023-11-17T08:14:50+00:00\" \/>\n<meta property=\"og:image\" content=\"https:\/\/www.berg-freunde.ch\/blog\/wp-content\/uploads\/2016\/03\/20230727_Adaglar_Titel.jpg\" \/>\n\t<meta property=\"og:image:width\" content=\"1440\" \/>\n\t<meta property=\"og:image:height\" content=\"590\" \/>\n\t<meta property=\"og:image:type\" content=\"image\/jpeg\" \/>\n<meta name=\"author\" content=\"Klara\" \/>\n<meta name=\"twitter:card\" content=\"summary_large_image\" \/>\n<meta name=\"twitter:label1\" content=\"Geschrieben von\" \/>\n\t<meta name=\"twitter:data1\" content=\"Klara\" \/>\n\t<meta name=\"twitter:label2\" content=\"Gesch\u00e4tzte Lesezeit\" \/>\n\t<meta name=\"twitter:data2\" content=\"9\u00a0Minuten\" \/>\n<script type=\"application\/ld+json\" class=\"yoast-schema-graph\">{\"@context\":\"https:\\\/\\\/schema.org\",\"@graph\":[{\"@type\":[\"Article\",\"BlogPosting\"],\"@id\":\"https:\\\/\\\/www.berg-freunde.ch\\\/blog\\\/klettern-im-aladaglar-gebirge\\\/#article\",\"isPartOf\":{\"@id\":\"https:\\\/\\\/www.berg-freunde.ch\\\/blog\\\/klettern-im-aladaglar-gebirge\\\/\"},\"author\":{\"name\":\"Klara\",\"@id\":\"https:\\\/\\\/www.berg-freunde.ch\\\/blog\\\/#\\\/schema\\\/person\\\/6fc74de6ef0b7a55b3220db842a0b99e\"},\"headline\":\"Klettern im Alada\u011flar Gebirge\",\"datePublished\":\"2016-03-29T09:00:58+00:00\",\"dateModified\":\"2023-11-17T08:14:50+00:00\",\"mainEntityOfPage\":{\"@id\":\"https:\\\/\\\/www.berg-freunde.ch\\\/blog\\\/klettern-im-aladaglar-gebirge\\\/\"},\"wordCount\":1732,\"commentCount\":0,\"publisher\":{\"@id\":\"https:\\\/\\\/www.berg-freunde.ch\\\/blog\\\/#organization\"},\"image\":{\"@id\":\"https:\\\/\\\/www.berg-freunde.ch\\\/blog\\\/klettern-im-aladaglar-gebirge\\\/#primaryimage\"},\"thumbnailUrl\":\"https:\\\/\\\/www.berg-freunde.ch\\\/blog\\\/wp-content\\\/uploads\\\/2016\\\/03\\\/20230727_Adaglar_Titel.jpg\",\"keywords\":[\"Klettern &amp; Bouldern\"],\"articleSection\":[\"Touren &amp; Reisetipps\"],\"inLanguage\":\"de-CH\",\"potentialAction\":[{\"@type\":\"CommentAction\",\"name\":\"Comment\",\"target\":[\"https:\\\/\\\/www.berg-freunde.ch\\\/blog\\\/klettern-im-aladaglar-gebirge\\\/#respond\"]}]},{\"@type\":\"WebPage\",\"@id\":\"https:\\\/\\\/www.berg-freunde.ch\\\/blog\\\/klettern-im-aladaglar-gebirge\\\/\",\"url\":\"https:\\\/\\\/www.berg-freunde.ch\\\/blog\\\/klettern-im-aladaglar-gebirge\\\/\",\"name\":\"Klettern im Alada\u011flar Gebirge der T\u00fcrkei\",\"isPartOf\":{\"@id\":\"https:\\\/\\\/www.berg-freunde.ch\\\/blog\\\/#website\"},\"primaryImageOfPage\":{\"@id\":\"https:\\\/\\\/www.berg-freunde.ch\\\/blog\\\/klettern-im-aladaglar-gebirge\\\/#primaryimage\"},\"image\":{\"@id\":\"https:\\\/\\\/www.berg-freunde.ch\\\/blog\\\/klettern-im-aladaglar-gebirge\\\/#primaryimage\"},\"thumbnailUrl\":\"https:\\\/\\\/www.berg-freunde.ch\\\/blog\\\/wp-content\\\/uploads\\\/2016\\\/03\\\/20230727_Adaglar_Titel.jpg\",\"datePublished\":\"2016-03-29T09:00:58+00:00\",\"dateModified\":\"2023-11-17T08:14:50+00:00\",\"description\":\"Klettern im wilden Alada\u011flar Gebirge \u201eEin Alpinist braucht keine Haken, sondern Nerven aus Stahl\u201c, ruft Bergfreundin Klara ihrem Kumpel Arthur zu, als die\",\"breadcrumb\":{\"@id\":\"https:\\\/\\\/www.berg-freunde.ch\\\/blog\\\/klettern-im-aladaglar-gebirge\\\/#breadcrumb\"},\"inLanguage\":\"de-CH\",\"potentialAction\":[{\"@type\":\"ReadAction\",\"target\":[\"https:\\\/\\\/www.berg-freunde.ch\\\/blog\\\/klettern-im-aladaglar-gebirge\\\/\"]}]},{\"@type\":\"ImageObject\",\"inLanguage\":\"de-CH\",\"@id\":\"https:\\\/\\\/www.berg-freunde.ch\\\/blog\\\/klettern-im-aladaglar-gebirge\\\/#primaryimage\",\"url\":\"https:\\\/\\\/www.berg-freunde.ch\\\/blog\\\/wp-content\\\/uploads\\\/2016\\\/03\\\/20230727_Adaglar_Titel.jpg\",\"contentUrl\":\"https:\\\/\\\/www.berg-freunde.ch\\\/blog\\\/wp-content\\\/uploads\\\/2016\\\/03\\\/20230727_Adaglar_Titel.jpg\",\"width\":1440,\"height\":590},{\"@type\":\"BreadcrumbList\",\"@id\":\"https:\\\/\\\/www.berg-freunde.ch\\\/blog\\\/klettern-im-aladaglar-gebirge\\\/#breadcrumb\",\"itemListElement\":[{\"@type\":\"ListItem\",\"position\":1,\"name\":\"Blog\",\"item\":\"https:\\\/\\\/www.berg-freunde.ch\\\/blog\\\/\"},{\"@type\":\"ListItem\",\"position\":2,\"name\":\"Touren &amp; Reisetipps\",\"item\":\"https:\\\/\\\/www.berg-freunde.ch\\\/blog\\\/category\\\/touren-reisetipps\\\/\"},{\"@type\":\"ListItem\",\"position\":3,\"name\":\"Klettern im Alada\u011flar Gebirge\"}]},{\"@type\":\"WebSite\",\"@id\":\"https:\\\/\\\/www.berg-freunde.ch\\\/blog\\\/#website\",\"url\":\"https:\\\/\\\/www.berg-freunde.ch\\\/blog\\\/\",\"name\":\"Bergfreunde\",\"description\":\"Blog\",\"publisher\":{\"@id\":\"https:\\\/\\\/www.berg-freunde.ch\\\/blog\\\/#organization\"},\"potentialAction\":[{\"@type\":\"SearchAction\",\"target\":{\"@type\":\"EntryPoint\",\"urlTemplate\":\"https:\\\/\\\/www.berg-freunde.ch\\\/blog\\\/?s={search_term_string}\"},\"query-input\":{\"@type\":\"PropertyValueSpecification\",\"valueRequired\":true,\"valueName\":\"search_term_string\"}}],\"inLanguage\":\"de-CH\"},{\"@type\":\"Organization\",\"@id\":\"https:\\\/\\\/www.berg-freunde.ch\\\/blog\\\/#organization\",\"name\":\"Bergfreunde\",\"url\":\"https:\\\/\\\/www.berg-freunde.ch\\\/blog\\\/\",\"logo\":{\"@type\":\"ImageObject\",\"inLanguage\":\"de-CH\",\"@id\":\"https:\\\/\\\/www.berg-freunde.ch\\\/blog\\\/#\\\/schema\\\/logo\\\/image\\\/\",\"url\":\"https:\\\/\\\/www.berg-freunde.ch\\\/blog\\\/wp-content\\\/uploads\\\/2023\\\/12\\\/Bergfreunde_DE_rgb.svg\",\"contentUrl\":\"https:\\\/\\\/www.berg-freunde.ch\\\/blog\\\/wp-content\\\/uploads\\\/2023\\\/12\\\/Bergfreunde_DE_rgb.svg\",\"caption\":\"Bergfreunde\"},\"image\":{\"@id\":\"https:\\\/\\\/www.berg-freunde.ch\\\/blog\\\/#\\\/schema\\\/logo\\\/image\\\/\"},\"sameAs\":[\"https:\\\/\\\/www.facebook.com\\\/bergfreunde\",\"https:\\\/\\\/www.instagram.com\\\/bergfreundede\\\/\"]},{\"@type\":\"Person\",\"@id\":\"https:\\\/\\\/www.berg-freunde.ch\\\/blog\\\/#\\\/schema\\\/person\\\/6fc74de6ef0b7a55b3220db842a0b99e\",\"name\":\"Klara\",\"url\":\"https:\\\/\\\/www.berg-freunde.ch\\\/blog\\\/about\\\/klara-palme\\\/\"}]}<\/script>\n<!-- \/ Yoast SEO Premium plugin. -->","yoast_head_json":{"title":"Klettern im Alada\u011flar Gebirge der T\u00fcrkei","description":"Klettern im wilden Alada\u011flar Gebirge \u201eEin Alpinist braucht keine Haken, sondern Nerven aus Stahl\u201c, ruft Bergfreundin Klara ihrem Kumpel Arthur zu, als die","robots":{"index":"index","follow":"follow","max-snippet":"max-snippet:-1","max-image-preview":"max-image-preview:large","max-video-preview":"max-video-preview:-1"},"canonical":"https:\/\/www.berg-freunde.ch\/blog\/klettern-im-aladaglar-gebirge\/","og_locale":"de_DE","og_type":"article","og_title":"Klettern im Alada\u011flar Gebirge","og_description":"Klettern im wilden Alada\u011flar Gebirge \u201eEin Alpinist braucht keine Haken, sondern Nerven aus Stahl\u201c, ruft Bergfreundin Klara ihrem Kumpel Arthur zu, als die","og_url":"https:\/\/www.berg-freunde.ch\/blog\/klettern-im-aladaglar-gebirge\/","og_site_name":"Bergfreunde","article_publisher":"https:\/\/www.facebook.com\/bergfreunde","article_published_time":"2016-03-29T09:00:58+00:00","article_modified_time":"2023-11-17T08:14:50+00:00","og_image":[{"width":1440,"height":590,"url":"https:\/\/www.berg-freunde.ch\/blog\/wp-content\/uploads\/2016\/03\/20230727_Adaglar_Titel.jpg","type":"image\/jpeg"}],"author":"Klara","twitter_card":"summary_large_image","twitter_misc":{"Geschrieben von":"Klara","Gesch\u00e4tzte Lesezeit":"9\u00a0Minuten"},"schema":{"@context":"https:\/\/schema.org","@graph":[{"@type":["Article","BlogPosting"],"@id":"https:\/\/www.berg-freunde.ch\/blog\/klettern-im-aladaglar-gebirge\/#article","isPartOf":{"@id":"https:\/\/www.berg-freunde.ch\/blog\/klettern-im-aladaglar-gebirge\/"},"author":{"name":"Klara","@id":"https:\/\/www.berg-freunde.ch\/blog\/#\/schema\/person\/6fc74de6ef0b7a55b3220db842a0b99e"},"headline":"Klettern im Alada\u011flar Gebirge","datePublished":"2016-03-29T09:00:58+00:00","dateModified":"2023-11-17T08:14:50+00:00","mainEntityOfPage":{"@id":"https:\/\/www.berg-freunde.ch\/blog\/klettern-im-aladaglar-gebirge\/"},"wordCount":1732,"commentCount":0,"publisher":{"@id":"https:\/\/www.berg-freunde.ch\/blog\/#organization"},"image":{"@id":"https:\/\/www.berg-freunde.ch\/blog\/klettern-im-aladaglar-gebirge\/#primaryimage"},"thumbnailUrl":"https:\/\/www.berg-freunde.ch\/blog\/wp-content\/uploads\/2016\/03\/20230727_Adaglar_Titel.jpg","keywords":["Klettern &amp; Bouldern"],"articleSection":["Touren &amp; Reisetipps"],"inLanguage":"de-CH","potentialAction":[{"@type":"CommentAction","name":"Comment","target":["https:\/\/www.berg-freunde.ch\/blog\/klettern-im-aladaglar-gebirge\/#respond"]}]},{"@type":"WebPage","@id":"https:\/\/www.berg-freunde.ch\/blog\/klettern-im-aladaglar-gebirge\/","url":"https:\/\/www.berg-freunde.ch\/blog\/klettern-im-aladaglar-gebirge\/","name":"Klettern im Alada\u011flar Gebirge der T\u00fcrkei","isPartOf":{"@id":"https:\/\/www.berg-freunde.ch\/blog\/#website"},"primaryImageOfPage":{"@id":"https:\/\/www.berg-freunde.ch\/blog\/klettern-im-aladaglar-gebirge\/#primaryimage"},"image":{"@id":"https:\/\/www.berg-freunde.ch\/blog\/klettern-im-aladaglar-gebirge\/#primaryimage"},"thumbnailUrl":"https:\/\/www.berg-freunde.ch\/blog\/wp-content\/uploads\/2016\/03\/20230727_Adaglar_Titel.jpg","datePublished":"2016-03-29T09:00:58+00:00","dateModified":"2023-11-17T08:14:50+00:00","description":"Klettern im wilden Alada\u011flar Gebirge \u201eEin Alpinist braucht keine Haken, sondern Nerven aus Stahl\u201c, ruft Bergfreundin Klara ihrem Kumpel Arthur zu, als die","breadcrumb":{"@id":"https:\/\/www.berg-freunde.ch\/blog\/klettern-im-aladaglar-gebirge\/#breadcrumb"},"inLanguage":"de-CH","potentialAction":[{"@type":"ReadAction","target":["https:\/\/www.berg-freunde.ch\/blog\/klettern-im-aladaglar-gebirge\/"]}]},{"@type":"ImageObject","inLanguage":"de-CH","@id":"https:\/\/www.berg-freunde.ch\/blog\/klettern-im-aladaglar-gebirge\/#primaryimage","url":"https:\/\/www.berg-freunde.ch\/blog\/wp-content\/uploads\/2016\/03\/20230727_Adaglar_Titel.jpg","contentUrl":"https:\/\/www.berg-freunde.ch\/blog\/wp-content\/uploads\/2016\/03\/20230727_Adaglar_Titel.jpg","width":1440,"height":590},{"@type":"BreadcrumbList","@id":"https:\/\/www.berg-freunde.ch\/blog\/klettern-im-aladaglar-gebirge\/#breadcrumb","itemListElement":[{"@type":"ListItem","position":1,"name":"Blog","item":"https:\/\/www.berg-freunde.ch\/blog\/"},{"@type":"ListItem","position":2,"name":"Touren &amp; Reisetipps","item":"https:\/\/www.berg-freunde.ch\/blog\/category\/touren-reisetipps\/"},{"@type":"ListItem","position":3,"name":"Klettern im Alada\u011flar Gebirge"}]},{"@type":"WebSite","@id":"https:\/\/www.berg-freunde.ch\/blog\/#website","url":"https:\/\/www.berg-freunde.ch\/blog\/","name":"Bergfreunde","description":"Blog","publisher":{"@id":"https:\/\/www.berg-freunde.ch\/blog\/#organization"},"potentialAction":[{"@type":"SearchAction","target":{"@type":"EntryPoint","urlTemplate":"https:\/\/www.berg-freunde.ch\/blog\/?s={search_term_string}"},"query-input":{"@type":"PropertyValueSpecification","valueRequired":true,"valueName":"search_term_string"}}],"inLanguage":"de-CH"},{"@type":"Organization","@id":"https:\/\/www.berg-freunde.ch\/blog\/#organization","name":"Bergfreunde","url":"https:\/\/www.berg-freunde.ch\/blog\/","logo":{"@type":"ImageObject","inLanguage":"de-CH","@id":"https:\/\/www.berg-freunde.ch\/blog\/#\/schema\/logo\/image\/","url":"https:\/\/www.berg-freunde.ch\/blog\/wp-content\/uploads\/2023\/12\/Bergfreunde_DE_rgb.svg","contentUrl":"https:\/\/www.berg-freunde.ch\/blog\/wp-content\/uploads\/2023\/12\/Bergfreunde_DE_rgb.svg","caption":"Bergfreunde"},"image":{"@id":"https:\/\/www.berg-freunde.ch\/blog\/#\/schema\/logo\/image\/"},"sameAs":["https:\/\/www.facebook.com\/bergfreunde","https:\/\/www.instagram.com\/bergfreundede\/"]},{"@type":"Person","@id":"https:\/\/www.berg-freunde.ch\/blog\/#\/schema\/person\/6fc74de6ef0b7a55b3220db842a0b99e","name":"Klara","url":"https:\/\/www.berg-freunde.ch\/blog\/about\/klara-palme\/"}]}},"_links":{"self":[{"href":"https:\/\/www.berg-freunde.ch\/blog\/wp-json\/wp\/v2\/posts\/69932","targetHints":{"allow":["GET"]}}],"collection":[{"href":"https:\/\/www.berg-freunde.ch\/blog\/wp-json\/wp\/v2\/posts"}],"about":[{"href":"https:\/\/www.berg-freunde.ch\/blog\/wp-json\/wp\/v2\/types\/post"}],"author":[{"embeddable":true,"href":"https:\/\/www.berg-freunde.ch\/blog\/wp-json\/wp\/v2\/users\/20"}],"replies":[{"embeddable":true,"href":"https:\/\/www.berg-freunde.ch\/blog\/wp-json\/wp\/v2\/comments?post=69932"}],"version-history":[{"count":0,"href":"https:\/\/www.berg-freunde.ch\/blog\/wp-json\/wp\/v2\/posts\/69932\/revisions"}],"wp:featuredmedia":[{"embeddable":true,"href":"https:\/\/www.berg-freunde.ch\/blog\/wp-json\/wp\/v2\/media\/97483"}],"wp:attachment":[{"href":"https:\/\/www.berg-freunde.ch\/blog\/wp-json\/wp\/v2\/media?parent=69932"}],"wp:term":[{"taxonomy":"category","embeddable":true,"href":"https:\/\/www.berg-freunde.ch\/blog\/wp-json\/wp\/v2\/categories?post=69932"},{"taxonomy":"post_tag","embeddable":true,"href":"https:\/\/www.berg-freunde.ch\/blog\/wp-json\/wp\/v2\/tags?post=69932"},{"taxonomy":"post_folder","embeddable":true,"href":"https:\/\/www.berg-freunde.ch\/blog\/wp-json\/wp\/v2\/post_folder?post=69932"}],"curies":[{"name":"wp","href":"https:\/\/api.w.org\/{rel}","templated":true}]}}