{"id":69964,"date":"2016-03-15T09:29:38","date_gmt":"2016-03-15T07:29:38","guid":{"rendered":"https:\/\/www.bergfreunde.de\/blog\/kaufberatung-groedel\/"},"modified":"2023-07-26T15:48:40","modified_gmt":"2023-07-26T13:48:40","slug":"kaufberatung-groedel","status":"publish","type":"post","link":"https:\/\/www.berg-freunde.ch\/blog\/kaufberatung-groedel\/","title":{"rendered":"Welche Gr\u00f6del brauche ich? \u2013 Eine Kaufberatung"},"content":{"rendered":"\n<p>Was sind <a href=\"https:\/\/www.bergfreunde.de\/groedel\/\">Gr\u00f6del<\/a>? Wodurch zeichnen sie sich aus und was unterscheidet sie von <a href=\"https:\/\/www.berg-freunde.ch\/steigeisen\/\">Steigeisen<\/a> oder Schuhspikes? Und welche passen eigentlich zu mir pers\u00f6nlich? Du stellst Dir diese Fragen? Dann kommt diese Kaufberatung ja sehr gelegen.<\/p>\n\n\n<div class=\"wp-block-image\">\n<figure class=\"aligncenter size-full is-resized\"><a href=\"https:\/\/www.bergfreunde.de\/blog\/wp-content\/uploads\/2022\/11\/KaufberatungGroedel_01.jpg\"><img fetchpriority=\"high\" decoding=\"async\" src=\"https:\/\/www.bergfreunde.de\/blog\/wp-content\/uploads\/2022\/11\/KaufberatungGroedel_01.jpg\" alt=\"Zwei Bergfreunde mit Gr\u00f6del am Schuh auf Winterwanderung\" class=\"wp-image-57421\" width=\"842\" height=\"561\" srcset=\"https:\/\/www.berg-freunde.ch\/blog\/wp-content\/uploads\/2022\/11\/KaufberatungGroedel_01.jpg 900w, https:\/\/www.berg-freunde.ch\/blog\/wp-content\/uploads\/2022\/11\/KaufberatungGroedel_01-300x200.jpg 300w, https:\/\/www.berg-freunde.ch\/blog\/wp-content\/uploads\/2022\/11\/KaufberatungGroedel_01-768x512.jpg 768w\" sizes=\"(max-width: 842px) 100vw, 842px\" \/><\/a><figcaption class=\"wp-element-caption\">Mit Gr\u00f6deln an den Schuhen auf Winterwanderung<\/figcaption><\/figure>\n<\/div>\n\n\n<h2 class=\"wp-block-heading\" id=\"h-was-sind-grodel\">Was sind Gr\u00f6del?<\/h2>\n\n\n\n<p><a href=\"https:\/\/www.berg-freunde.ch\/groedel\/\">Gr\u00f6del<\/a> sind eine <strong>Art abgespeckte Steigeisen<\/strong>. In der Regel mit <strong>vier oder sechs Zacken<\/strong> ausgestattet, werden sie mit <strong>Riemen mittig unter der Schuhsohle<\/strong> <strong>befestigt<\/strong>. Sie verf\u00fcgen zumeist \u00fcber einen <strong>festen Rahmen<\/strong>, mit dem sie an nahezu jedem Schuh angebracht werden k\u00f6nnen. Sie kommen immer dann zum Einsatz, wenn ein <strong>vereister<\/strong> und <strong>glatter<\/strong> <strong>Untergrund<\/strong> \u00fcberquert werden muss. Je nach Terrain erstreckt sich dabei das Einsatzgebiet von <strong>Wanderungen<\/strong> in hartem Schnee, bis hin zu kurzen <strong>Querungen auf flachen Gletschern.<\/strong> Gr\u00f6del sind somit die kleinen Geschwister der Steigeisen.<\/p>\n\n\n\n<p>Nicht verwechseln sollte man Gr\u00f6del jedoch mit Schuhspikes. Diese kommen zumeist als eine Mischform aus Schuhschneekette und Gr\u00f6del daher, verf\u00fcgen aber oft \u00fcber deutlich k\u00fcrzere Zacken als herk\u00f6mmliche Gr\u00f6del. Auch sind sie oft flexibler als Halbsteigeisen und bieten somit einen geringeren Seitenhalt. F\u00fcr deutlich mehr Halt sorgen \u201erichtige\u201c Steigeisen oder Leichtsteigeisen. Diese verf\u00fcgen in der Regel \u00fcber 10-12 Zacken. Darunter auch Frontalzacken, die das \u00dcberwinden steilerer Eispassagen erm\u00f6glichen.<\/p>\n\n\n\n<h2 class=\"wp-block-heading\" id=\"h-welche-grodel-passen-zu-mir\">Welche Gr\u00f6del passen zu mir?<\/h2>\n\n\n<div class=\"wp-block-image\">\n<figure class=\"alignright size-full is-resized\"><a href=\"https:\/\/www.bergfreunde.de\/blog\/wp-content\/uploads\/2022\/11\/KaufberatungGroedel_02.jpg\"><img decoding=\"async\" src=\"https:\/\/www.bergfreunde.de\/blog\/wp-content\/uploads\/2022\/11\/KaufberatungGroedel_02.jpg\" alt=\"Klassisches 4-Zack-Gr\u00f6del mit Riemenbindung\" class=\"wp-image-57425\" width=\"348\" height=\"348\" srcset=\"https:\/\/www.berg-freunde.ch\/blog\/wp-content\/uploads\/2022\/11\/KaufberatungGroedel_02.jpg 552w, https:\/\/www.berg-freunde.ch\/blog\/wp-content\/uploads\/2022\/11\/KaufberatungGroedel_02-300x300.jpg 300w, https:\/\/www.berg-freunde.ch\/blog\/wp-content\/uploads\/2022\/11\/KaufberatungGroedel_02-150x150.jpg 150w\" sizes=\"(max-width: 348px) 100vw, 348px\" \/><\/a><figcaption class=\"wp-element-caption\">Klassisches 4-Zack-Gr\u00f6del mit Riemenbindung<\/figcaption><\/figure>\n<\/div>\n\n\n<p>&#8230; und welche sind die Besten? Wie immer richtet sich die Beurteilung, welches Produkt das Richtige ist, auch danach, was Du damit vorhast. Ist ein Kontakt mit Eis, Altschnee oder Harsch nicht explizit vorgesehen, kann es aber mit ein wenig \u201ePech\u201c hier und da eventuell auf der Tour vorkommen, reichen zumeist <strong>vierzackige Gr\u00f6del<\/strong> oder gute Schuhspikes v\u00f6llig aus. Gr\u00f6del mit vier Zacken sind kleiner als die sechszackigen. Sie bieten lediglich eine<strong> sehr kleine Grundfl\u00e4che<\/strong> und werden<strong> exakt mittig unter der Schuhsohle platziert<\/strong>. Dies hat sowohl Vor- als auch Nachteile. Zum einen sind Gr\u00f6del mit nur vier Zacken sehr <strong>klein<\/strong> und <strong>leicht<\/strong>. Sie tragen im Rucksack nicht auf und fallen auch nicht zu sehr ins Gewicht. Somit k\u00f6nnen sie gerade bei nicht ganz eindeutigen Bedingungen immer dabei sein, ohne zu st\u00f6ren. Zum anderen bieten sie im Vergleich zu ihren sechszackigen Kameraden deutlich <strong>weniger Performance<\/strong>. Gerade bei ausgesetzten Wegen oder weglosem Gel\u00e4nde kommen sie durch die kleine Grundfl\u00e4che schnell an ihre Grenze.<\/p>\n\n\n\n<p>F\u00fcr <strong>lange Wanderungen<\/strong> im (Sp\u00e4t-)Winter oder l\u00e4ngere<strong> Querungen<\/strong> <strong>von Firnfeldern<\/strong> und <strong>flachen Gletschern<\/strong> sind <strong>Gr\u00f6del mit sechs Zacken<\/strong> und<strong> fester Rahmenkonstruktion<\/strong> sicherlich das Mittel der Wahl. Gr\u00f6del mit sechs Zacken sorgen f\u00fcr deutlich <strong>mehr Grip<\/strong> als Spikes oder vierzackige Gr\u00f6del. Der <strong>Rahmen<\/strong> ist im Vergleich zu den Vierzackern <strong>deutlich l\u00e4nger<\/strong> und die Gr\u00f6del bieten somit deutlich mehr<strong> Halt<\/strong> und <strong>Standsicherheit<\/strong>. Die Grundfl\u00e4che dieser Gr\u00f6del nimmt je nach Schuhgr\u00f6\u00dfe in etwa die <strong>H\u00e4lfte der Sohlenfl\u00e4che<\/strong> ein. Die <strong>Zacken<\/strong> sind<strong> seitlich am Rahmen<\/strong> angebracht und die steife Konstruktion sorgt f\u00fcr einen <strong>guten Seitenhalt<\/strong>.<\/p>\n\n\n\n<h2 class=\"wp-block-heading\" id=\"h-worauf-sollte-ich-beim-kauf-achten\">Worauf sollte ich beim Kauf achten?<\/h2>\n\n\n<div class=\"wp-block-image\">\n<figure class=\"alignleft size-full is-resized\"><a href=\"https:\/\/www.bergfreunde.de\/blog\/wp-content\/uploads\/2022\/11\/KaufberatungGroedel_03.jpg\"><img decoding=\"async\" src=\"https:\/\/www.bergfreunde.de\/blog\/wp-content\/uploads\/2022\/11\/KaufberatungGroedel_03.jpg\" alt=\"Edelrid - 6-Point - Gr\u00f6del sind ideal f\u00fcr leichtes Gel\u00e4nde\" class=\"wp-image-57430\" width=\"351\" height=\"351\" srcset=\"https:\/\/www.berg-freunde.ch\/blog\/wp-content\/uploads\/2022\/11\/KaufberatungGroedel_03.jpg 486w, https:\/\/www.berg-freunde.ch\/blog\/wp-content\/uploads\/2022\/11\/KaufberatungGroedel_03-300x300.jpg 300w, https:\/\/www.berg-freunde.ch\/blog\/wp-content\/uploads\/2022\/11\/KaufberatungGroedel_03-150x150.jpg 150w\" sizes=\"(max-width: 351px) 100vw, 351px\" \/><\/a><figcaption class=\"wp-element-caption\"><a href=\"https:\/\/www.bergfreunde.de\/edelrid-6-point-groedel\/\">Edelrid &#8211; 6-Point &#8211; Gr\u00f6del<\/a> sind ideal f\u00fcr leichtes Gel\u00e4nde<\/figcaption><\/figure>\n<\/div>\n\n\n<p>Wichtig ist nat\u00fcrlich, dass die Gr\u00f6del an die Schuhe passen, die auf sp\u00e4teren Touren zum Einsatz kommen. Generell k\u00f6nnen Gr\u00f6del auch an <strong><a href=\"https:\/\/www.berg-freunde.ch\/wanderschuhe\/\">Wanderschuhen<\/a> befestigt werden<\/strong>, <strong>die nicht steigeisenfest sind<\/strong>. Dennoch kann es bei <strong>volumin\u00f6sen <a href=\"https:\/\/www.berg-freunde.ch\/bergschuhe\/\">Bergschuhen<\/a><\/strong> in gro\u00dfer Gr\u00f6\u00dfe zu <strong>Problemen<\/strong> kommen. Daher ist es sinnvoll, die Gr\u00f6del <strong>vor dem Kauf<\/strong> testweise <strong>an die relevanten Schuhe anzulegen<\/strong>. Dieses \u201eAnprobieren\u201c gibt dann gleichzeitig auch Aufschluss \u00fcber das Handling. Die meisten Gr\u00f6del verf\u00fcgen \u00fcber eine klassische <strong>Riemenbindung<\/strong> mit oder <strong>ohne Plastikk\u00f6rbchen<\/strong>. Doch l\u00e4sst sich diese auch haptisch einfach und intuitiv bedienen? Diese Einsch\u00e4tzung kann, abh\u00e4ngig von den pers\u00f6nlichen Vorlieben und den verschiedenen Produktvarianten, stark differieren. Egal, wof\u00fcr Du Dich jedoch entscheidest, es ist wichtig, dass Du selbst gut damit klarkommst. Denn Dir ist nicht damit geholfen, wenn Du das vermeintlich beste Produkt gekauft hast, sp\u00e4ter bei einer Tour aber fluchend und mit klammen Fingern vor einem Schneefeld stehst und die Gr\u00f6del nicht an die F\u00fc\u00dfe bekommst.<\/p>\n\n\n\n<h2 class=\"wp-block-heading\" id=\"h-die-richtige-verwendung\">Die richtige Verwendung<\/h2>\n\n\n\n<p>Gr\u00f6del sind super praktisch und bieten bei <strong>Winter- und Hochgebirgswanderungen<\/strong> einen <strong>Zugewinn an Trittsicherheit<\/strong>. Sie sind <strong>vielseitig einsetzbar<\/strong> und k\u00f6nnen dank ihres <strong>geringen Eigengewichts<\/strong> und <strong>Packma\u00dfes<\/strong> generell immer und \u00fcberall dabei sein. Eines sollte man jedoch niemals mit Gr\u00f6deln oder Schuhspikes tun: Rodeln oder Schlittenfahren. Das Verletzungsrisiko ist einfach viel zu gro\u00df. Zum einen k\u00f6nnen sich die Zacken bei rasanter Fahrt aus Versehen im Schnee verhaken, was meist einen brutalen \u00dcberschlag zur Folge hat. Zum Anderen kann es bei der Kollision mit anderen Rodlern zu schlimmen Verletzungen durch die Zacken kommen.<\/p>\n\n\n\n<h2 class=\"wp-block-heading\" id=\"h-fazit\">Fazit<\/h2>\n\n\n\n<p>Was Du brauchst und was zu Dir passt, ist immer ein Abw\u00e4gen von Bed\u00fcrfnissen, W\u00fcnschen und dem Angebot auf dem Markt. M\u00f6chtest Du einfach nur mehr Grip bei der Hunderunde auf verschneiten Wegen, sind sicherlich Schuhspikes das Mittel der Wahl. Gehst Du regelm\u00e4\u00dfig auf <a href=\"https:\/\/www.berg-freunde.ch\/blog\/packliste-fuer-hochtouren\/\">lange Gletschertouren<\/a>, werden auch die besten Gr\u00f6del nicht ausreichen und Du brauchst Steigeisen. Daher ist es wichtig, objektiv abzuw\u00e4gen, welche Art die Richtige ist.<\/p>\n\n\n\n<div class=\"wp-block-buttons is-layout-flex wp-block-buttons-is-layout-flex\">\n<div class=\"wp-block-button\"><a class=\"wp-block-button__link wp-element-button\" href=\"https:\/\/www.bergfreunde.de\/groedel\/\">Gr\u00f6del gibt&#8217;s hier &gt;&gt;<\/a><\/div>\n<\/div>\n\n\n\n<p>Zuletzt aktualisiert: 06.04.2023<\/p>\n","protected":false},"excerpt":{"rendered":"<p>Was sind Gr\u00f6del? Wodurch zeichnen sie sich aus und was unterscheidet sie von Steigeisen oder Schuhspikes? Und welche passen eigentlich zu mir pers\u00f6nlich? Du stellst Dir diese Fragen? Dann kommt diese Kaufberatung ja sehr gelegen. Was sind Gr\u00f6del? Gr\u00f6del sind eine Art abgespeckte Steigeisen. In der Regel mit vier oder sechs Zacken ausgestattet, werden sie [&hellip;]<\/p>\n","protected":false},"author":18,"featured_media":81074,"comment_status":"open","ping_status":"closed","sticky":false,"template":"","format":"standard","meta":{"_acf_changed":false,"footnotes":""},"categories":[268],"tags":[269,278],"post_folder":[],"class_list":["post-69964","post","type-post","status-publish","format-standard","has-post-thumbnail","hentry","category-kaufberatung","tag-bergsteigen","tag-wintersport"],"acf":[],"yoast_head":"<!-- This site is optimized with the Yoast SEO Premium plugin v27.4 (Yoast SEO v27.4) - https:\/\/yoast.com\/product\/yoast-seo-premium-wordpress\/ -->\n<title>Welche Gr\u00f6del? Kaufberatung f\u00fcr Bergtouren | Bergfreunde<\/title>\n<meta name=\"description\" content=\"Auf was ist beim Kauf von Gr\u00f6del zu achten? Eine ausf\u00fchrliche Kaufberatung gibt es im Basislager Blog von Bergfreunde.de.\" \/>\n<meta name=\"robots\" content=\"index, follow, max-snippet:-1, max-image-preview:large, max-video-preview:-1\" \/>\n<link rel=\"canonical\" href=\"https:\/\/www.berg-freunde.ch\/blog\/kaufberatung-groedel\/\" \/>\n<meta property=\"og:locale\" content=\"de_DE\" \/>\n<meta property=\"og:type\" content=\"article\" \/>\n<meta property=\"og:title\" content=\"Welche Gr\u00f6del brauche ich? \u2013 Eine Kaufberatung\" \/>\n<meta property=\"og:description\" content=\"Auf was ist beim Kauf von Gr\u00f6del zu achten? Eine ausf\u00fchrliche Kaufberatung gibt es im Basislager Blog von Bergfreunde.de.\" \/>\n<meta property=\"og:url\" content=\"https:\/\/www.berg-freunde.ch\/blog\/kaufberatung-groedel\/\" \/>\n<meta property=\"og:site_name\" content=\"Bergfreunde\" \/>\n<meta property=\"article:publisher\" content=\"https:\/\/www.facebook.com\/bergfreunde\" \/>\n<meta property=\"article:published_time\" content=\"2016-03-15T07:29:38+00:00\" \/>\n<meta property=\"article:modified_time\" content=\"2023-07-26T13:48:40+00:00\" \/>\n<meta property=\"og:image\" content=\"https:\/\/www.alpinetrek.co.uk\/blog\/wp-content\/uploads\/2016\/03\/20230406_Welche-Groedel-brauche-ich_Titel.jpg\" \/>\n\t<meta property=\"og:image:width\" content=\"1440\" \/>\n\t<meta property=\"og:image:height\" content=\"959\" \/>\n\t<meta property=\"og:image:type\" content=\"image\/jpeg\" \/>\n<meta name=\"author\" content=\"Lisa\" \/>\n<meta name=\"twitter:card\" content=\"summary_large_image\" \/>\n<meta name=\"twitter:label1\" content=\"Geschrieben von\" \/>\n\t<meta name=\"twitter:data1\" content=\"Lisa\" \/>\n\t<meta name=\"twitter:label2\" content=\"Gesch\u00e4tzte Lesezeit\" \/>\n\t<meta name=\"twitter:data2\" content=\"6\u00a0Minuten\" \/>\n<script type=\"application\/ld+json\" class=\"yoast-schema-graph\">{\"@context\":\"https:\\\/\\\/schema.org\",\"@graph\":[{\"@type\":[\"Article\",\"BlogPosting\"],\"@id\":\"https:\\\/\\\/www.berg-freunde.ch\\\/blog\\\/kaufberatung-groedel\\\/#article\",\"isPartOf\":{\"@id\":\"https:\\\/\\\/www.berg-freunde.ch\\\/blog\\\/kaufberatung-groedel\\\/\"},\"author\":{\"name\":\"Lisa\",\"@id\":\"https:\\\/\\\/www.berg-freunde.ch\\\/blog\\\/#\\\/schema\\\/person\\\/0be5fb2399f7af8673f0e675d4964f8d\"},\"headline\":\"Welche Gr\u00f6del brauche ich? \u2013 Eine Kaufberatung\",\"datePublished\":\"2016-03-15T07:29:38+00:00\",\"dateModified\":\"2023-07-26T13:48:40+00:00\",\"mainEntityOfPage\":{\"@id\":\"https:\\\/\\\/www.berg-freunde.ch\\\/blog\\\/kaufberatung-groedel\\\/\"},\"wordCount\":884,\"commentCount\":3,\"publisher\":{\"@id\":\"https:\\\/\\\/www.berg-freunde.ch\\\/blog\\\/#organization\"},\"image\":{\"@id\":\"https:\\\/\\\/www.berg-freunde.ch\\\/blog\\\/kaufberatung-groedel\\\/#primaryimage\"},\"thumbnailUrl\":\"https:\\\/\\\/www.berg-freunde.ch\\\/blog\\\/wp-content\\\/uploads\\\/2016\\\/03\\\/20230406_Welche-Groedel-brauche-ich_Titel.jpg\",\"keywords\":[\"Bergsteigen &amp; Hochtouren\",\"Wintersport\"],\"articleSection\":[\"Kaufberatung\"],\"inLanguage\":\"de-CH\",\"potentialAction\":[{\"@type\":\"CommentAction\",\"name\":\"Comment\",\"target\":[\"https:\\\/\\\/www.berg-freunde.ch\\\/blog\\\/kaufberatung-groedel\\\/#respond\"]}]},{\"@type\":\"WebPage\",\"@id\":\"https:\\\/\\\/www.berg-freunde.ch\\\/blog\\\/kaufberatung-groedel\\\/\",\"url\":\"https:\\\/\\\/www.berg-freunde.ch\\\/blog\\\/kaufberatung-groedel\\\/\",\"name\":\"Welche Gr\u00f6del? Kaufberatung f\u00fcr Bergtouren | Bergfreunde\",\"isPartOf\":{\"@id\":\"https:\\\/\\\/www.berg-freunde.ch\\\/blog\\\/#website\"},\"primaryImageOfPage\":{\"@id\":\"https:\\\/\\\/www.berg-freunde.ch\\\/blog\\\/kaufberatung-groedel\\\/#primaryimage\"},\"image\":{\"@id\":\"https:\\\/\\\/www.berg-freunde.ch\\\/blog\\\/kaufberatung-groedel\\\/#primaryimage\"},\"thumbnailUrl\":\"https:\\\/\\\/www.berg-freunde.ch\\\/blog\\\/wp-content\\\/uploads\\\/2016\\\/03\\\/20230406_Welche-Groedel-brauche-ich_Titel.jpg\",\"datePublished\":\"2016-03-15T07:29:38+00:00\",\"dateModified\":\"2023-07-26T13:48:40+00:00\",\"description\":\"Auf was ist beim Kauf von Gr\u00f6del zu achten? Eine ausf\u00fchrliche Kaufberatung gibt es im Basislager Blog von Bergfreunde.de.\",\"breadcrumb\":{\"@id\":\"https:\\\/\\\/www.berg-freunde.ch\\\/blog\\\/kaufberatung-groedel\\\/#breadcrumb\"},\"inLanguage\":\"de-CH\",\"potentialAction\":[{\"@type\":\"ReadAction\",\"target\":[\"https:\\\/\\\/www.berg-freunde.ch\\\/blog\\\/kaufberatung-groedel\\\/\"]}]},{\"@type\":\"ImageObject\",\"inLanguage\":\"de-CH\",\"@id\":\"https:\\\/\\\/www.berg-freunde.ch\\\/blog\\\/kaufberatung-groedel\\\/#primaryimage\",\"url\":\"https:\\\/\\\/www.berg-freunde.ch\\\/blog\\\/wp-content\\\/uploads\\\/2016\\\/03\\\/20230406_Welche-Groedel-brauche-ich_Titel.jpg\",\"contentUrl\":\"https:\\\/\\\/www.berg-freunde.ch\\\/blog\\\/wp-content\\\/uploads\\\/2016\\\/03\\\/20230406_Welche-Groedel-brauche-ich_Titel.jpg\",\"width\":1440,\"height\":959},{\"@type\":\"BreadcrumbList\",\"@id\":\"https:\\\/\\\/www.berg-freunde.ch\\\/blog\\\/kaufberatung-groedel\\\/#breadcrumb\",\"itemListElement\":[{\"@type\":\"ListItem\",\"position\":1,\"name\":\"Blog\",\"item\":\"https:\\\/\\\/www.berg-freunde.ch\\\/blog\\\/\"},{\"@type\":\"ListItem\",\"position\":2,\"name\":\"Beratung\",\"item\":\"https:\\\/\\\/www.berg-freunde.ch\\\/blog\\\/category\\\/beratung\\\/\"},{\"@type\":\"ListItem\",\"position\":3,\"name\":\"Kaufberatung\",\"item\":\"https:\\\/\\\/www.berg-freunde.ch\\\/blog\\\/category\\\/beratung\\\/kaufberatung\\\/\"},{\"@type\":\"ListItem\",\"position\":4,\"name\":\"Welche Gr\u00f6del brauche ich? \u2013 Eine Kaufberatung\"}]},{\"@type\":\"WebSite\",\"@id\":\"https:\\\/\\\/www.berg-freunde.ch\\\/blog\\\/#website\",\"url\":\"https:\\\/\\\/www.berg-freunde.ch\\\/blog\\\/\",\"name\":\"Bergfreunde\",\"description\":\"Blog\",\"publisher\":{\"@id\":\"https:\\\/\\\/www.berg-freunde.ch\\\/blog\\\/#organization\"},\"potentialAction\":[{\"@type\":\"SearchAction\",\"target\":{\"@type\":\"EntryPoint\",\"urlTemplate\":\"https:\\\/\\\/www.berg-freunde.ch\\\/blog\\\/?s={search_term_string}\"},\"query-input\":{\"@type\":\"PropertyValueSpecification\",\"valueRequired\":true,\"valueName\":\"search_term_string\"}}],\"inLanguage\":\"de-CH\"},{\"@type\":\"Organization\",\"@id\":\"https:\\\/\\\/www.berg-freunde.ch\\\/blog\\\/#organization\",\"name\":\"Bergfreunde\",\"url\":\"https:\\\/\\\/www.berg-freunde.ch\\\/blog\\\/\",\"logo\":{\"@type\":\"ImageObject\",\"inLanguage\":\"de-CH\",\"@id\":\"https:\\\/\\\/www.berg-freunde.ch\\\/blog\\\/#\\\/schema\\\/logo\\\/image\\\/\",\"url\":\"https:\\\/\\\/www.berg-freunde.ch\\\/blog\\\/wp-content\\\/uploads\\\/2023\\\/12\\\/Bergfreunde_DE_rgb.svg\",\"contentUrl\":\"https:\\\/\\\/www.berg-freunde.ch\\\/blog\\\/wp-content\\\/uploads\\\/2023\\\/12\\\/Bergfreunde_DE_rgb.svg\",\"caption\":\"Bergfreunde\"},\"image\":{\"@id\":\"https:\\\/\\\/www.berg-freunde.ch\\\/blog\\\/#\\\/schema\\\/logo\\\/image\\\/\"},\"sameAs\":[\"https:\\\/\\\/www.facebook.com\\\/bergfreunde\",\"https:\\\/\\\/www.instagram.com\\\/bergfreundede\\\/\"]},{\"@type\":\"Person\",\"@id\":\"https:\\\/\\\/www.berg-freunde.ch\\\/blog\\\/#\\\/schema\\\/person\\\/0be5fb2399f7af8673f0e675d4964f8d\",\"name\":\"Lisa\",\"url\":\"https:\\\/\\\/www.berg-freunde.ch\\\/blog\\\/about\\\/lisa-kopas\\\/\"}]}<\/script>\n<!-- \/ Yoast SEO Premium plugin. -->","yoast_head_json":{"title":"Welche Gr\u00f6del? Kaufberatung f\u00fcr Bergtouren | Bergfreunde","description":"Auf was ist beim Kauf von Gr\u00f6del zu achten? Eine ausf\u00fchrliche Kaufberatung gibt es im Basislager Blog von Bergfreunde.de.","robots":{"index":"index","follow":"follow","max-snippet":"max-snippet:-1","max-image-preview":"max-image-preview:large","max-video-preview":"max-video-preview:-1"},"canonical":"https:\/\/www.berg-freunde.ch\/blog\/kaufberatung-groedel\/","og_locale":"de_DE","og_type":"article","og_title":"Welche Gr\u00f6del brauche ich? \u2013 Eine Kaufberatung","og_description":"Auf was ist beim Kauf von Gr\u00f6del zu achten? Eine ausf\u00fchrliche Kaufberatung gibt es im Basislager Blog von Bergfreunde.de.","og_url":"https:\/\/www.berg-freunde.ch\/blog\/kaufberatung-groedel\/","og_site_name":"Bergfreunde","article_publisher":"https:\/\/www.facebook.com\/bergfreunde","article_published_time":"2016-03-15T07:29:38+00:00","article_modified_time":"2023-07-26T13:48:40+00:00","og_image":[{"width":1440,"height":959,"url":"https:\/\/www.alpinetrek.co.uk\/blog\/wp-content\/uploads\/2016\/03\/20230406_Welche-Groedel-brauche-ich_Titel.jpg","type":"image\/jpeg"}],"author":"Lisa","twitter_card":"summary_large_image","twitter_misc":{"Geschrieben von":"Lisa","Gesch\u00e4tzte Lesezeit":"6\u00a0Minuten"},"schema":{"@context":"https:\/\/schema.org","@graph":[{"@type":["Article","BlogPosting"],"@id":"https:\/\/www.berg-freunde.ch\/blog\/kaufberatung-groedel\/#article","isPartOf":{"@id":"https:\/\/www.berg-freunde.ch\/blog\/kaufberatung-groedel\/"},"author":{"name":"Lisa","@id":"https:\/\/www.berg-freunde.ch\/blog\/#\/schema\/person\/0be5fb2399f7af8673f0e675d4964f8d"},"headline":"Welche Gr\u00f6del brauche ich? \u2013 Eine Kaufberatung","datePublished":"2016-03-15T07:29:38+00:00","dateModified":"2023-07-26T13:48:40+00:00","mainEntityOfPage":{"@id":"https:\/\/www.berg-freunde.ch\/blog\/kaufberatung-groedel\/"},"wordCount":884,"commentCount":3,"publisher":{"@id":"https:\/\/www.berg-freunde.ch\/blog\/#organization"},"image":{"@id":"https:\/\/www.berg-freunde.ch\/blog\/kaufberatung-groedel\/#primaryimage"},"thumbnailUrl":"https:\/\/www.berg-freunde.ch\/blog\/wp-content\/uploads\/2016\/03\/20230406_Welche-Groedel-brauche-ich_Titel.jpg","keywords":["Bergsteigen &amp; Hochtouren","Wintersport"],"articleSection":["Kaufberatung"],"inLanguage":"de-CH","potentialAction":[{"@type":"CommentAction","name":"Comment","target":["https:\/\/www.berg-freunde.ch\/blog\/kaufberatung-groedel\/#respond"]}]},{"@type":"WebPage","@id":"https:\/\/www.berg-freunde.ch\/blog\/kaufberatung-groedel\/","url":"https:\/\/www.berg-freunde.ch\/blog\/kaufberatung-groedel\/","name":"Welche Gr\u00f6del? Kaufberatung f\u00fcr Bergtouren | Bergfreunde","isPartOf":{"@id":"https:\/\/www.berg-freunde.ch\/blog\/#website"},"primaryImageOfPage":{"@id":"https:\/\/www.berg-freunde.ch\/blog\/kaufberatung-groedel\/#primaryimage"},"image":{"@id":"https:\/\/www.berg-freunde.ch\/blog\/kaufberatung-groedel\/#primaryimage"},"thumbnailUrl":"https:\/\/www.berg-freunde.ch\/blog\/wp-content\/uploads\/2016\/03\/20230406_Welche-Groedel-brauche-ich_Titel.jpg","datePublished":"2016-03-15T07:29:38+00:00","dateModified":"2023-07-26T13:48:40+00:00","description":"Auf was ist beim Kauf von Gr\u00f6del zu achten? Eine ausf\u00fchrliche Kaufberatung gibt es im Basislager Blog von Bergfreunde.de.","breadcrumb":{"@id":"https:\/\/www.berg-freunde.ch\/blog\/kaufberatung-groedel\/#breadcrumb"},"inLanguage":"de-CH","potentialAction":[{"@type":"ReadAction","target":["https:\/\/www.berg-freunde.ch\/blog\/kaufberatung-groedel\/"]}]},{"@type":"ImageObject","inLanguage":"de-CH","@id":"https:\/\/www.berg-freunde.ch\/blog\/kaufberatung-groedel\/#primaryimage","url":"https:\/\/www.berg-freunde.ch\/blog\/wp-content\/uploads\/2016\/03\/20230406_Welche-Groedel-brauche-ich_Titel.jpg","contentUrl":"https:\/\/www.berg-freunde.ch\/blog\/wp-content\/uploads\/2016\/03\/20230406_Welche-Groedel-brauche-ich_Titel.jpg","width":1440,"height":959},{"@type":"BreadcrumbList","@id":"https:\/\/www.berg-freunde.ch\/blog\/kaufberatung-groedel\/#breadcrumb","itemListElement":[{"@type":"ListItem","position":1,"name":"Blog","item":"https:\/\/www.berg-freunde.ch\/blog\/"},{"@type":"ListItem","position":2,"name":"Beratung","item":"https:\/\/www.berg-freunde.ch\/blog\/category\/beratung\/"},{"@type":"ListItem","position":3,"name":"Kaufberatung","item":"https:\/\/www.berg-freunde.ch\/blog\/category\/beratung\/kaufberatung\/"},{"@type":"ListItem","position":4,"name":"Welche Gr\u00f6del brauche ich? \u2013 Eine Kaufberatung"}]},{"@type":"WebSite","@id":"https:\/\/www.berg-freunde.ch\/blog\/#website","url":"https:\/\/www.berg-freunde.ch\/blog\/","name":"Bergfreunde","description":"Blog","publisher":{"@id":"https:\/\/www.berg-freunde.ch\/blog\/#organization"},"potentialAction":[{"@type":"SearchAction","target":{"@type":"EntryPoint","urlTemplate":"https:\/\/www.berg-freunde.ch\/blog\/?s={search_term_string}"},"query-input":{"@type":"PropertyValueSpecification","valueRequired":true,"valueName":"search_term_string"}}],"inLanguage":"de-CH"},{"@type":"Organization","@id":"https:\/\/www.berg-freunde.ch\/blog\/#organization","name":"Bergfreunde","url":"https:\/\/www.berg-freunde.ch\/blog\/","logo":{"@type":"ImageObject","inLanguage":"de-CH","@id":"https:\/\/www.berg-freunde.ch\/blog\/#\/schema\/logo\/image\/","url":"https:\/\/www.berg-freunde.ch\/blog\/wp-content\/uploads\/2023\/12\/Bergfreunde_DE_rgb.svg","contentUrl":"https:\/\/www.berg-freunde.ch\/blog\/wp-content\/uploads\/2023\/12\/Bergfreunde_DE_rgb.svg","caption":"Bergfreunde"},"image":{"@id":"https:\/\/www.berg-freunde.ch\/blog\/#\/schema\/logo\/image\/"},"sameAs":["https:\/\/www.facebook.com\/bergfreunde","https:\/\/www.instagram.com\/bergfreundede\/"]},{"@type":"Person","@id":"https:\/\/www.berg-freunde.ch\/blog\/#\/schema\/person\/0be5fb2399f7af8673f0e675d4964f8d","name":"Lisa","url":"https:\/\/www.berg-freunde.ch\/blog\/about\/lisa-kopas\/"}]}},"_links":{"self":[{"href":"https:\/\/www.berg-freunde.ch\/blog\/wp-json\/wp\/v2\/posts\/69964","targetHints":{"allow":["GET"]}}],"collection":[{"href":"https:\/\/www.berg-freunde.ch\/blog\/wp-json\/wp\/v2\/posts"}],"about":[{"href":"https:\/\/www.berg-freunde.ch\/blog\/wp-json\/wp\/v2\/types\/post"}],"author":[{"embeddable":true,"href":"https:\/\/www.berg-freunde.ch\/blog\/wp-json\/wp\/v2\/users\/18"}],"replies":[{"embeddable":true,"href":"https:\/\/www.berg-freunde.ch\/blog\/wp-json\/wp\/v2\/comments?post=69964"}],"version-history":[{"count":0,"href":"https:\/\/www.berg-freunde.ch\/blog\/wp-json\/wp\/v2\/posts\/69964\/revisions"}],"wp:featuredmedia":[{"embeddable":true,"href":"https:\/\/www.berg-freunde.ch\/blog\/wp-json\/wp\/v2\/media\/81074"}],"wp:attachment":[{"href":"https:\/\/www.berg-freunde.ch\/blog\/wp-json\/wp\/v2\/media?parent=69964"}],"wp:term":[{"taxonomy":"category","embeddable":true,"href":"https:\/\/www.berg-freunde.ch\/blog\/wp-json\/wp\/v2\/categories?post=69964"},{"taxonomy":"post_tag","embeddable":true,"href":"https:\/\/www.berg-freunde.ch\/blog\/wp-json\/wp\/v2\/tags?post=69964"},{"taxonomy":"post_folder","embeddable":true,"href":"https:\/\/www.berg-freunde.ch\/blog\/wp-json\/wp\/v2\/post_folder?post=69964"}],"curies":[{"name":"wp","href":"https:\/\/api.w.org\/{rel}","templated":true}]}}