{"id":70111,"date":"2023-02-02T16:31:00","date_gmt":"2023-02-02T15:31:00","guid":{"rendered":"https:\/\/www.bergfreunde.de\/blog\/kaufberatung-skijacken\/"},"modified":"2023-06-12T11:42:04","modified_gmt":"2023-06-12T09:42:04","slug":"kaufberatung-skijacken","status":"publish","type":"post","link":"https:\/\/www.berg-freunde.ch\/blog\/kaufberatung-skijacken\/","title":{"rendered":"Skijacken &#8211; eine Kaufberatung"},"content":{"rendered":"<div class=\"wp-block-image\">\n<figure class=\"alignleft size-full is-resized\"><a href=\"https:\/\/www.berg-freunde.at\/blog\/wp-content\/uploads\/2023\/05\/FredrikssonM_95771.jpg\"><img decoding=\"async\" src=\"https:\/\/www.berg-freunde.at\/blog\/wp-content\/uploads\/2023\/05\/FredrikssonM_95771.jpg\" alt=\"Skijacken bieten Schutz vor Schnee und K\u00e4lte\" class=\"wp-image-84402\" width=\"350\" srcset=\"https:\/\/www.berg-freunde.ch\/blog\/wp-content\/uploads\/2023\/05\/FredrikssonM_95771.jpg 1440w, https:\/\/www.berg-freunde.ch\/blog\/wp-content\/uploads\/2023\/05\/FredrikssonM_95771-300x200.jpg 300w, https:\/\/www.berg-freunde.ch\/blog\/wp-content\/uploads\/2023\/05\/FredrikssonM_95771-768x511.jpg 768w\" sizes=\"(max-width: 1440px) 100vw, 1440px\" \/><\/a><figcaption class=\"wp-element-caption\">Skijacken bieten Dir einen Schutz vor Schnee und K\u00e4lte.<\/figcaption><\/figure>\n<\/div>\n\n\n<p>Die Landschaft ist in ein zartes Wei\u00df geh\u00fcllt und die H\u00e4nge und Pisten schreien f\u00f6rmlich nach Wintersport. Das alpine Skifahren ist dabei seit jeher hoch im Kurs und lockt immer wieder zahlreiche Wintersportler. Neben einer guten Skiausr\u00fcstung tr\u00e4gt auch warme und funktionelle Kleidung ma\u00dfgeblich zum Gelingen eines Skitages bei.<\/p>\n\n\n\n<p>Worauf Du beim Kauf achten solltest, erf\u00e4hrst Du in diesem Blogbeitrag. Wir haben hier einmal die wichtigsten Eigenschaften einer guten <a href=\"https:\/\/www.berg-freunde.ch\/skijacken\/\">Skijacke<\/a> zusammengetragen.<\/p>\n\n\n\n<!--more-->\n\n\n\n<h2 class=\"wp-block-heading\" id=\"h-die-frage-nach-dem-wofur\">Die Frage nach dem \u201eWof\u00fcr\u201c<\/h2>\n\n\n<div class=\"wp-block-image\">\n<figure class=\"alignright size-full is-resized\"><a href=\"https:\/\/www.berg-freunde.at\/blog\/wp-content\/uploads\/2023\/05\/Alpine-Ski-Page1.jpg\"><img decoding=\"async\" src=\"https:\/\/www.berg-freunde.at\/blog\/wp-content\/uploads\/2023\/05\/Alpine-Ski-Page1.jpg\" alt=\"Person mit Skijacke auf der Piste\" class=\"wp-image-84409\" width=\"250\" srcset=\"https:\/\/www.berg-freunde.ch\/blog\/wp-content\/uploads\/2023\/05\/Alpine-Ski-Page1.jpg 599w, https:\/\/www.berg-freunde.ch\/blog\/wp-content\/uploads\/2023\/05\/Alpine-Ski-Page1-200x300.jpg 200w\" sizes=\"(max-width: 599px) 100vw, 599px\" \/><\/a><figcaption class=\"wp-element-caption\">Mit der richtigen Skijacke hast Du eine Menge Spa\u00df auf der Piste.<\/figcaption><\/figure>\n<\/div>\n\n\n<p>Wie so oft bei Kaufentscheidungen sollte sich die erste Frage nach dem Verwendungszweck richten. Daher ist es ratsam, sich vorab Gedanken zu machen, in welchen Situationen die neue Jacke vornehmlich zum Einsatz kommen soll. Beim Freeride oder gar Toureneinsatz bist Du mit Sicherheit mit einem mehrschichtigen Aufbau der Kleidung (Zwiebelprinzip) gut beraten. Wir wollen uns heute aber fernab von reinen Softshell-, Hardshell- oder <a href=\"https:\/\/www.berg-freunde.ch\/daunenjacken\/\">Daunenjacken<\/a> einmal ganz explizit um warme Skijacken f\u00fcr die Piste k\u00fcmmern. F\u00fcr das<strong> alpine Skifahren<\/strong> mit Liftunterst\u00fctzung ist es daher ratsam, eine dickere und warm gef\u00fctterte Skijacke zu kaufen. Diese muss einerseits <strong>atmungsaktiv<\/strong> sein, um entstehende Feuchtigkeit schnell entweichen zu lassen. Andererseits muss sie auch m\u00f6glichst <strong>wind- und wasserdicht<\/strong> sein, um auch bei kalten und widrigen Wetterverh\u00e4ltnissen optimalen Schutz zu bieten.<\/p>\n\n\n\n<p>Gerade beim alpinen Skifahren <strong>wechseln<\/strong> sich die Phasen \u201e<strong>k\u00f6rperliche Anstrengung<\/strong>\u201c (Abfahrt) und \u201e<strong>Ruhepause<\/strong>\u201c (Anstehen, Liften) in einem vergleichsweise <strong>engen Takt<\/strong> ab. W\u00e4hrend der Fahrt kommt es durch die Geschwindigkeit zu Fahrtwind, der durch die Jacke abgehalten werden muss. Zudem heizt sich der K\u00f6rper durch die Bewegung bzw. Anstrengung in der Regel auf, man schwitzt. Folgt auf eine Abfahrt nicht unmittelbar der Einkehr- oder Heimkehrschwung, hei\u00dft es erst einmal in die Liftschlange einreihen und hochfahren, man steht bzw. sitzt rum und bewegt sich kaum. Der K\u00f6rper k\u00fchlt aus. Ist man in dieser Situation sprichw\u00f6rtlich bis auf die Knochen nassgeschwitzt, friert man schnell und verliert m\u00f6glicherweise die Lust am Skifahren.<\/p>\n\n\n\n<p>Eine gute Jacke schafft jedoch genau bei diesem Problem einen Ausgleich. Durch eine gute <strong>Atmungsaktivit\u00e4t<\/strong> wird entstehende Feuchtigkeit schnell vom K\u00f6rper abtransportiert, sodass ein nachtr\u00e4gliches Ausk\u00fchlen einged\u00e4mmt wird. Zudem wird durch eine gute <strong>Isolation<\/strong> die entstandene W\u00e4rme am K\u00f6rper gehalten. Dar\u00fcber hinaus sollte das Material der Jacke m\u00f6glichst <strong>robust<\/strong> und <strong>widerstandsf\u00e4hig<\/strong>, aber nicht zu hart oder unflexibel sein.<\/p>\n\n\n<div class=\"wp-block-image\">\n<figure class=\"alignright size-full is-resized\"><img decoding=\"async\" src=\"https:\/\/www.berg-freunde.at\/blog\/wp-content\/uploads\/2023\/05\/mensouterwear_641.jpg\" alt=\"Mit Skijacken k\u00f6nnen wahre Kunstst\u00fccke vollbracht werden.\" class=\"wp-image-84415\" width=\"350\" srcset=\"https:\/\/www.berg-freunde.ch\/blog\/wp-content\/uploads\/2023\/05\/mensouterwear_641.jpg 900w, https:\/\/www.berg-freunde.ch\/blog\/wp-content\/uploads\/2023\/05\/mensouterwear_641-300x200.jpg 300w, https:\/\/www.berg-freunde.ch\/blog\/wp-content\/uploads\/2023\/05\/mensouterwear_641-768x512.jpg 768w\" sizes=\"(max-width: 900px) 100vw, 900px\" \/><figcaption class=\"wp-element-caption\">Skijacken sorgen f\u00fcr die n\u00f6tige Bewegungsfreiheit.<\/figcaption><\/figure>\n<\/div>\n\n\n<h2 class=\"wp-block-heading\" id=\"h-passform-und-aussehen\">Passform und Aussehen<\/h2>\n\n\n\n<p>\u00dcber das Aussehen oder auch den pers\u00f6nlichen Geschmack l\u00e4sst sich bekanntlich streiten. Es gibt jedoch gerade in puncto Passform und Schnitt der Jacke ein paar Dinge, die man vor dem Kauf beachten sollte. Sehr wichtig ist dabei, dass man in der Jacke nicht nur gut aussieht, sondern sich darin auch rundum wohlf\u00fchlt. Skifahren ist eine <strong>bewegungsintensive Sportart &#8211;<\/strong> f\u00fchlt sich die Jacke wie ein Au\u00dfenskelett an, ist dies nicht nur unangenehm, sondern die Bewegungsfreiheit wird auch ma\u00dfgeblich behindert. Kommt die Jacke dagegen wie ein Sack daher, ist sie vielleicht sehr angenehm zu tragen, flattert aber bei schneller Fahrt im Wind und h\u00e4lt durch das gr\u00f6\u00dfere Innenvolumen W\u00e4rme schlechter am K\u00f6rper. Daher lautet eine der wichtigsten Devisen: Die<strong> Jacke muss passen<\/strong>.<\/p>\n\n\n\n<p>Ganz unabh\u00e4ngig von der allgemeinen Passform gibt es selbstverst\u00e4ndlich Jacken in diversen Schnitten und Stilen. Ob man eher zu einer kurzen Jacke tendiert oder doch lieber eine etwas l\u00e4ngere Komfortl\u00e4nge w\u00e4hlt, bleibt dabei jedem selbst \u00fcberlassen.<\/p>\n\n\n\n<h2 class=\"wp-block-heading\" id=\"h-kapuze-bundchen-und-co\">Kapuze, B\u00fcndchen und Co.<\/h2>\n\n\n\n<p>Wer sich im alpinen Gel\u00e4nde tummelt, hat oft auch mit extremen Wetterbedingungen zu k\u00e4mpfen. Aus diesem Grund ist es wichtig, dass die Jacke bei<strong> starkem Wind<\/strong> und \/ oder <strong>Schneefall<\/strong> m\u00f6glichst <strong>dicht<\/strong> und <strong>sauber abschlie\u00dft<\/strong>. Ein Augenmerk liegt dabei auf der <strong>Kapuze<\/strong>. Diese ist entweder fest an der Jacke angebracht oder kann bei manchen Modellen auch abgenommen werden. Wichtig ist jedoch, dass sie<strong> gut am Kopf sitzt<\/strong>. F\u00e4hrt man mit <a href=\"https:\/\/www.berg-freunde.ch\/skihelme\/\">Skihelm<\/a>, ist es zudem ratsam darauf zu achten, dass die Kapuze <strong>helmkompatibel<\/strong> ist.<\/p>\n\n\n\n<p>Ein weiteres \u00e4u\u00dferst praktisches Feature ist ein integrierter <strong>Schneefang<\/strong>. Dieser befindet sich im Inneren der Skijacke und legt sich eng um die Taille. Somit schlie\u00dft die Jacke nach unten hin sauber ab und Schnee, K\u00e4lte und Wind haben hier kein Durchkommen mehr. Gerade bei <strong>kaltem Wetter<\/strong> oder <strong>Tiefschneeabfahrten<\/strong> ist ein Schneefang somit mehr als n\u00fctzlich.<\/p>\n\n\n\n<p>Auch die <strong>\u00c4rmel<\/strong> m\u00fcssen sauber abschlie\u00dfen. Dazu sind diese zumeist mit einem <strong>Klettverschluss<\/strong> ausgestattet, der es erm\u00f6glicht, die \u00c4rmel an ihrem Ende so weit wie notwendig zu verengen. Hierbei ist es wichtig darauf zu achten, dass ein<strong> sauberer \u00dcbergang von Jacke zu Handschuh<\/strong> m\u00f6glich ist. Generell kann man dem \u00c4rmel entweder \u00fcber oder unter dem Handschuh tragen. Wozu man im einzelnen tendiert, h\u00e4ngt stark von der pers\u00f6nlichen Vorliebe ab, es gibt diesbez\u00fcglich kein Richtig oder Falsch. Es ist aber auf alle F\u00e4lle ratsam bei der Anprobe auch das Zusammenspiel von Jacke und Handschuh zu testen.<\/p>\n\n\n\n<p>Einige Jacken verf\u00fcgen zus\u00e4tzlich \u00fcber <strong>Innenb\u00fcndchen mit Daumenschlaufen<\/strong>. Diese B\u00fcndchen sind meist aus einem d\u00fcnneren und flexiblen Material und etwas l\u00e4nger als die eigentlichen \u00c4rmel. Sie verf\u00fcgen \u00fcber ein kleines Loch an der Seite, durch das der Daumen gesteckt und somit der \u00c4rmel am hochrutschen gehindert werden kann. Dieses Feature ist einerseits sehr praktisch, wird aber andererseits nicht von allen Skifahrern als angenehm empfunden. Auch hier sollte man sich nach den pers\u00f6nlichen Vorlieben richten.<\/p>\n\n\n\n<figure class=\"wp-block-gallery has-nested-images columns-3 is-cropped wp-block-gallery-1 is-layout-flex wp-block-gallery-is-layout-flex\">\n<figure class=\"wp-block-image size-large\"><a href=\"https:\/\/www.bergfreunde.de\/blog\/wp-content\/uploads\/2021\/05\/maloja-angelim-skijacke-detail-9.jpg\"><img fetchpriority=\"high\" decoding=\"async\" width=\"888\" height=\"900\" data-id=\"19955\" src=\"https:\/\/www.bergfreunde.de\/blog\/wp-content\/uploads\/2021\/05\/maloja-angelim-skijacke-detail-9.jpg\" alt=\"helmkompatible Kapuze\" class=\"wp-image-19955\" srcset=\"https:\/\/www.berg-freunde.ch\/blog\/wp-content\/uploads\/2021\/05\/maloja-angelim-skijacke-detail-9.jpg 888w, https:\/\/www.berg-freunde.ch\/blog\/wp-content\/uploads\/2021\/05\/maloja-angelim-skijacke-detail-9-296x300.jpg 296w, https:\/\/www.berg-freunde.ch\/blog\/wp-content\/uploads\/2021\/05\/maloja-angelim-skijacke-detail-9-768x778.jpg 768w\" sizes=\"(max-width: 888px) 100vw, 888px\" \/><\/a><figcaption class=\"wp-element-caption\">helmkompatible Kapuze<\/figcaption><\/figure>\n\n\n\n<figure class=\"wp-block-image size-large\"><a href=\"https:\/\/www.bergfreunde.de\/blog\/wp-content\/uploads\/2021\/05\/maloja-angelim-skijacke-detail-6.jpg\"><img decoding=\"async\" width=\"829\" height=\"900\" data-id=\"19959\" src=\"https:\/\/www.bergfreunde.de\/blog\/wp-content\/uploads\/2021\/05\/maloja-angelim-skijacke-detail-6.jpg\" alt=\"praktische Taschen\" class=\"wp-image-19959\" srcset=\"https:\/\/www.berg-freunde.ch\/blog\/wp-content\/uploads\/2021\/05\/maloja-angelim-skijacke-detail-6.jpg 829w, https:\/\/www.berg-freunde.ch\/blog\/wp-content\/uploads\/2021\/05\/maloja-angelim-skijacke-detail-6-276x300.jpg 276w, https:\/\/www.berg-freunde.ch\/blog\/wp-content\/uploads\/2021\/05\/maloja-angelim-skijacke-detail-6-768x834.jpg 768w\" sizes=\"(max-width: 829px) 100vw, 829px\" \/><\/a><figcaption class=\"wp-element-caption\">praktische Taschen<\/figcaption><\/figure>\n\n\n\n<figure class=\"wp-block-image size-large\"><a href=\"https:\/\/www.bergfreunde.de\/blog\/wp-content\/uploads\/2021\/05\/maloja-angelim-skijacke-detail-8.jpg\"><img decoding=\"async\" width=\"609\" height=\"900\" data-id=\"19963\" src=\"https:\/\/www.bergfreunde.de\/blog\/wp-content\/uploads\/2021\/05\/maloja-angelim-skijacke-detail-8.jpg\" alt=\"\u00c4rmel mit Klettverschluss\" class=\"wp-image-19963\" srcset=\"https:\/\/www.berg-freunde.ch\/blog\/wp-content\/uploads\/2021\/05\/maloja-angelim-skijacke-detail-8.jpg 609w, https:\/\/www.berg-freunde.ch\/blog\/wp-content\/uploads\/2021\/05\/maloja-angelim-skijacke-detail-8-203x300.jpg 203w\" sizes=\"(max-width: 609px) 100vw, 609px\" \/><\/a><figcaption class=\"wp-element-caption\">\u00c4rmel mit Klettverschluss<\/figcaption><\/figure>\n<\/figure>\n\n\n\n<h2 class=\"wp-block-heading\" id=\"h-reissverschlusse\">Rei\u00dfverschl\u00fcsse<\/h2>\n\n\n\n<p>Ein wichtiger Punkt, worauf man beim Kauf unbedingt achten sollte, sind die Rei\u00dfverschl\u00fcsse. Diese m\u00fcssen so angebracht und verarbeitet sein, dass sie <strong>Wind und Wetter drau\u00dfen halten<\/strong> und gleichzeitig auch <strong>mit dicken Handschuhen problemlos bet\u00e4tigt werden k\u00f6nnen<\/strong>. Eine grobe Faustregel besagt, ein Rei\u00dfverschluss an einer Ski- oder Outdoorjacke sollte entweder <strong>abgedichtet<\/strong> oder <strong>verdeckt<\/strong> sein. Nur so ist es effektiv m\u00f6glich, N\u00e4sse und K\u00e4lte drau\u00dfen zu halten. Wer sich im Schnee tummelt, hat oft auch mit eisigen Bedingungen zu k\u00e4mpfen. Ein Rei\u00dfverschluss f\u00fchlt sich aufgrund seines Materials immer kalt an. Dies kann gerade am Kinn oder Hals sehr unangenehm sein. Daher ist es wichtig, dass der Rei\u00dfverschluss <strong>am oberen Ende<\/strong> ausreichend <strong>verdeckt<\/strong> ist und nicht mit Hals oder Kinn in Ber\u00fchrung kommen kann (Rei\u00dfverschlussgarage, Kinnschutz).<\/p>\n\n\n\n<h2 class=\"wp-block-heading\" id=\"h-taschen\">Taschen<\/h2>\n\n\n\n<p>Eine gute Skijacke verf\u00fcgt immer auch \u00fcber einige praktische Taschen. Gerade wenn man nicht gerne mit einem Rucksack unterwegs ist, empfiehlt es sich, darauf zu achten, dass in der Jacke von der Ersatzbrille \u00fcber die M\u00fcsliriegel bis hin zum Skipass alles seinen Platz findet. Skijacken haben zumeist eine <strong>kleine Tasche am Ober- oder Unterarm<\/strong>, in der der <strong>Skipass<\/strong> untergebracht werden kann. Dies ist gerade bei der Verwendung von Key-Cards sehr praktisch. Dar\u00fcber hinaus gibt es neben den herk\u00f6mmlichen Einschub- und Brusttaschen auch beispielsweise <strong>Multimediatschen<\/strong>, die fragile Elektronik wie das Smartphone besonders sch\u00fctzen oder das Durchf\u00e4deln eines <strong>Kopfh\u00f6rerkabels<\/strong> erm\u00f6glichen.<\/p>\n\n\n\n<h2 class=\"wp-block-heading\" id=\"h-fazit\">Fazit<\/h2>\n\n\n\n<p>Wer auf der Suche nach einer neuen Skijacke ist, sollte vor allem auf eine gute Passform und Funktionalit\u00e4t der Jacke achten. Diese muss gut passen und den Oberk\u00f6rper, Arme und Hals ausreichend vor K\u00e4lte und schlechtem Wetter sch\u00fctzen. Dar\u00fcber hinaus sollte eine Skijacke immer auch gen\u00fcgend Stauraum f\u00fcr diverse Utensilien bieten. Hier hei\u00dft es also Augen auf beim Skijackenkauf. Denn gute Kleidung tr\u00e4gt immer auch ma\u00dfgeblich zum Schneespa\u00df bei.<\/p>\n\n\n\n<div class=\"wp-block-buttons is-layout-flex wp-block-buttons-is-layout-flex\">\n<div class=\"wp-block-button\"><a class=\"wp-block-button__link wp-element-button\" href=\"https:\/\/www.bergfreunde.de\/skijacken\/\">Skijacken gibt&#8217;s hier &gt;&gt;<\/a><\/div>\n<\/div>\n","protected":false},"excerpt":{"rendered":"<p>Die Landschaft ist in ein zartes Wei\u00df geh\u00fcllt und die H\u00e4nge und Pisten schreien f\u00f6rmlich nach Wintersport. Das alpine Skifahren ist dabei seit jeher hoch im Kurs und lockt immer wieder zahlreiche Wintersportler. Neben einer guten Skiausr\u00fcstung tr\u00e4gt auch warme und funktionelle Kleidung ma\u00dfgeblich zum Gelingen eines Skitages bei. Worauf Du beim Kauf achten solltest, [&hellip;]<\/p>\n","protected":false},"author":26,"featured_media":84426,"comment_status":"open","ping_status":"closed","sticky":false,"template":"","format":"standard","meta":{"_acf_changed":false,"footnotes":""},"categories":[268],"tags":[278],"post_folder":[],"class_list":["post-70111","post","type-post","status-publish","format-standard","has-post-thumbnail","hentry","category-kaufberatung","tag-wintersport"],"acf":[],"yoast_head":"<!-- This site is optimized with the Yoast SEO Premium plugin v27.4 (Yoast SEO v27.4) - https:\/\/yoast.com\/product\/yoast-seo-premium-wordpress\/ -->\n<title>Skijacken - eine Kaufberatung | Bergfreunde<\/title>\n<meta name=\"description\" content=\"Auf was ist beim Kauf von Skijacken zu achten? Eine ausf\u00fchrliche Kaufberatung gibt es im Basislager Blog von Bergfreunde.de.\" \/>\n<meta name=\"robots\" content=\"index, follow, max-snippet:-1, max-image-preview:large, max-video-preview:-1\" \/>\n<link rel=\"canonical\" href=\"https:\/\/www.berg-freunde.ch\/blog\/kaufberatung-skijacken\/\" \/>\n<meta property=\"og:locale\" content=\"de_DE\" \/>\n<meta property=\"og:type\" content=\"article\" \/>\n<meta property=\"og:title\" content=\"Skijacken - eine Kaufberatung\" \/>\n<meta property=\"og:description\" content=\"Auf was ist beim Kauf von Skijacken zu achten? Eine ausf\u00fchrliche Kaufberatung gibt es im Basislager Blog von Bergfreunde.de.\" \/>\n<meta property=\"og:url\" content=\"https:\/\/www.berg-freunde.ch\/blog\/kaufberatung-skijacken\/\" \/>\n<meta property=\"og:site_name\" content=\"Bergfreunde\" \/>\n<meta property=\"article:publisher\" content=\"https:\/\/www.facebook.com\/bergfreunde\" \/>\n<meta property=\"article:published_time\" content=\"2023-02-02T15:31:00+00:00\" \/>\n<meta property=\"article:modified_time\" content=\"2023-06-12T09:42:04+00:00\" \/>\n<meta property=\"og:image\" content=\"https:\/\/www.berg-freunde.ch\/blog\/wp-content\/uploads\/2016\/02\/20230515_Kaufberatung-Skijacken_Titel.jpg\" \/>\n\t<meta property=\"og:image:width\" content=\"1440\" \/>\n\t<meta property=\"og:image:height\" content=\"590\" \/>\n\t<meta property=\"og:image:type\" content=\"image\/jpeg\" \/>\n<meta name=\"author\" content=\"Gastautor\" \/>\n<meta name=\"twitter:card\" content=\"summary_large_image\" \/>\n<meta name=\"twitter:label1\" content=\"Geschrieben von\" \/>\n\t<meta name=\"twitter:data1\" content=\"Gastautor\" \/>\n\t<meta name=\"twitter:label2\" content=\"Gesch\u00e4tzte Lesezeit\" \/>\n\t<meta name=\"twitter:data2\" content=\"6\u00a0Minuten\" \/>\n<script type=\"application\/ld+json\" class=\"yoast-schema-graph\">{\"@context\":\"https:\\\/\\\/schema.org\",\"@graph\":[{\"@type\":[\"Article\",\"BlogPosting\"],\"@id\":\"https:\\\/\\\/www.berg-freunde.ch\\\/blog\\\/kaufberatung-skijacken\\\/#article\",\"isPartOf\":{\"@id\":\"https:\\\/\\\/www.berg-freunde.ch\\\/blog\\\/kaufberatung-skijacken\\\/\"},\"author\":{\"name\":\"Gastautor\",\"@id\":\"https:\\\/\\\/www.berg-freunde.ch\\\/blog\\\/#\\\/schema\\\/person\\\/6ac3327294ce276d7318b1f9c408382e\"},\"headline\":\"Skijacken &#8211; eine Kaufberatung\",\"datePublished\":\"2023-02-02T15:31:00+00:00\",\"dateModified\":\"2023-06-12T09:42:04+00:00\",\"mainEntityOfPage\":{\"@id\":\"https:\\\/\\\/www.berg-freunde.ch\\\/blog\\\/kaufberatung-skijacken\\\/\"},\"wordCount\":1287,\"commentCount\":5,\"publisher\":{\"@id\":\"https:\\\/\\\/www.berg-freunde.ch\\\/blog\\\/#organization\"},\"image\":{\"@id\":\"https:\\\/\\\/www.berg-freunde.ch\\\/blog\\\/kaufberatung-skijacken\\\/#primaryimage\"},\"thumbnailUrl\":\"https:\\\/\\\/www.berg-freunde.ch\\\/blog\\\/wp-content\\\/uploads\\\/2016\\\/02\\\/20230515_Kaufberatung-Skijacken_Titel.jpg\",\"keywords\":[\"Wintersport\"],\"articleSection\":[\"Kaufberatung\"],\"inLanguage\":\"de-CH\",\"potentialAction\":[{\"@type\":\"CommentAction\",\"name\":\"Comment\",\"target\":[\"https:\\\/\\\/www.berg-freunde.ch\\\/blog\\\/kaufberatung-skijacken\\\/#respond\"]}]},{\"@type\":\"WebPage\",\"@id\":\"https:\\\/\\\/www.berg-freunde.ch\\\/blog\\\/kaufberatung-skijacken\\\/\",\"url\":\"https:\\\/\\\/www.berg-freunde.ch\\\/blog\\\/kaufberatung-skijacken\\\/\",\"name\":\"Skijacken - eine Kaufberatung | Bergfreunde\",\"isPartOf\":{\"@id\":\"https:\\\/\\\/www.berg-freunde.ch\\\/blog\\\/#website\"},\"primaryImageOfPage\":{\"@id\":\"https:\\\/\\\/www.berg-freunde.ch\\\/blog\\\/kaufberatung-skijacken\\\/#primaryimage\"},\"image\":{\"@id\":\"https:\\\/\\\/www.berg-freunde.ch\\\/blog\\\/kaufberatung-skijacken\\\/#primaryimage\"},\"thumbnailUrl\":\"https:\\\/\\\/www.berg-freunde.ch\\\/blog\\\/wp-content\\\/uploads\\\/2016\\\/02\\\/20230515_Kaufberatung-Skijacken_Titel.jpg\",\"datePublished\":\"2023-02-02T15:31:00+00:00\",\"dateModified\":\"2023-06-12T09:42:04+00:00\",\"description\":\"Auf was ist beim Kauf von Skijacken zu achten? Eine ausf\u00fchrliche Kaufberatung gibt es im Basislager Blog von Bergfreunde.de.\",\"breadcrumb\":{\"@id\":\"https:\\\/\\\/www.berg-freunde.ch\\\/blog\\\/kaufberatung-skijacken\\\/#breadcrumb\"},\"inLanguage\":\"de-CH\",\"potentialAction\":[{\"@type\":\"ReadAction\",\"target\":[\"https:\\\/\\\/www.berg-freunde.ch\\\/blog\\\/kaufberatung-skijacken\\\/\"]}]},{\"@type\":\"ImageObject\",\"inLanguage\":\"de-CH\",\"@id\":\"https:\\\/\\\/www.berg-freunde.ch\\\/blog\\\/kaufberatung-skijacken\\\/#primaryimage\",\"url\":\"https:\\\/\\\/www.berg-freunde.ch\\\/blog\\\/wp-content\\\/uploads\\\/2016\\\/02\\\/20230515_Kaufberatung-Skijacken_Titel.jpg\",\"contentUrl\":\"https:\\\/\\\/www.berg-freunde.ch\\\/blog\\\/wp-content\\\/uploads\\\/2016\\\/02\\\/20230515_Kaufberatung-Skijacken_Titel.jpg\",\"width\":1440,\"height\":590},{\"@type\":\"BreadcrumbList\",\"@id\":\"https:\\\/\\\/www.berg-freunde.ch\\\/blog\\\/kaufberatung-skijacken\\\/#breadcrumb\",\"itemListElement\":[{\"@type\":\"ListItem\",\"position\":1,\"name\":\"Blog\",\"item\":\"https:\\\/\\\/www.berg-freunde.ch\\\/blog\\\/\"},{\"@type\":\"ListItem\",\"position\":2,\"name\":\"Beratung\",\"item\":\"https:\\\/\\\/www.berg-freunde.ch\\\/blog\\\/category\\\/beratung\\\/\"},{\"@type\":\"ListItem\",\"position\":3,\"name\":\"Kaufberatung\",\"item\":\"https:\\\/\\\/www.berg-freunde.ch\\\/blog\\\/category\\\/beratung\\\/kaufberatung\\\/\"},{\"@type\":\"ListItem\",\"position\":4,\"name\":\"Skijacken &#8211; eine Kaufberatung\"}]},{\"@type\":\"WebSite\",\"@id\":\"https:\\\/\\\/www.berg-freunde.ch\\\/blog\\\/#website\",\"url\":\"https:\\\/\\\/www.berg-freunde.ch\\\/blog\\\/\",\"name\":\"Bergfreunde\",\"description\":\"Blog\",\"publisher\":{\"@id\":\"https:\\\/\\\/www.berg-freunde.ch\\\/blog\\\/#organization\"},\"potentialAction\":[{\"@type\":\"SearchAction\",\"target\":{\"@type\":\"EntryPoint\",\"urlTemplate\":\"https:\\\/\\\/www.berg-freunde.ch\\\/blog\\\/?s={search_term_string}\"},\"query-input\":{\"@type\":\"PropertyValueSpecification\",\"valueRequired\":true,\"valueName\":\"search_term_string\"}}],\"inLanguage\":\"de-CH\"},{\"@type\":\"Organization\",\"@id\":\"https:\\\/\\\/www.berg-freunde.ch\\\/blog\\\/#organization\",\"name\":\"Bergfreunde\",\"url\":\"https:\\\/\\\/www.berg-freunde.ch\\\/blog\\\/\",\"logo\":{\"@type\":\"ImageObject\",\"inLanguage\":\"de-CH\",\"@id\":\"https:\\\/\\\/www.berg-freunde.ch\\\/blog\\\/#\\\/schema\\\/logo\\\/image\\\/\",\"url\":\"https:\\\/\\\/www.berg-freunde.ch\\\/blog\\\/wp-content\\\/uploads\\\/2023\\\/12\\\/Bergfreunde_DE_rgb.svg\",\"contentUrl\":\"https:\\\/\\\/www.berg-freunde.ch\\\/blog\\\/wp-content\\\/uploads\\\/2023\\\/12\\\/Bergfreunde_DE_rgb.svg\",\"caption\":\"Bergfreunde\"},\"image\":{\"@id\":\"https:\\\/\\\/www.berg-freunde.ch\\\/blog\\\/#\\\/schema\\\/logo\\\/image\\\/\"},\"sameAs\":[\"https:\\\/\\\/www.facebook.com\\\/bergfreunde\",\"https:\\\/\\\/www.instagram.com\\\/bergfreundede\\\/\"]},{\"@type\":\"Person\",\"@id\":\"https:\\\/\\\/www.berg-freunde.ch\\\/blog\\\/#\\\/schema\\\/person\\\/6ac3327294ce276d7318b1f9c408382e\",\"name\":\"Gastautor\",\"url\":\"https:\\\/\\\/www.berg-freunde.ch\\\/blog\\\/about\\\/gastautor\\\/\"}]}<\/script>\n<!-- \/ Yoast SEO Premium plugin. -->","yoast_head_json":{"title":"Skijacken - eine Kaufberatung | Bergfreunde","description":"Auf was ist beim Kauf von Skijacken zu achten? Eine ausf\u00fchrliche Kaufberatung gibt es im Basislager Blog von Bergfreunde.de.","robots":{"index":"index","follow":"follow","max-snippet":"max-snippet:-1","max-image-preview":"max-image-preview:large","max-video-preview":"max-video-preview:-1"},"canonical":"https:\/\/www.berg-freunde.ch\/blog\/kaufberatung-skijacken\/","og_locale":"de_DE","og_type":"article","og_title":"Skijacken - eine Kaufberatung","og_description":"Auf was ist beim Kauf von Skijacken zu achten? Eine ausf\u00fchrliche Kaufberatung gibt es im Basislager Blog von Bergfreunde.de.","og_url":"https:\/\/www.berg-freunde.ch\/blog\/kaufberatung-skijacken\/","og_site_name":"Bergfreunde","article_publisher":"https:\/\/www.facebook.com\/bergfreunde","article_published_time":"2023-02-02T15:31:00+00:00","article_modified_time":"2023-06-12T09:42:04+00:00","og_image":[{"width":1440,"height":590,"url":"https:\/\/www.berg-freunde.ch\/blog\/wp-content\/uploads\/2016\/02\/20230515_Kaufberatung-Skijacken_Titel.jpg","type":"image\/jpeg"}],"author":"Gastautor","twitter_card":"summary_large_image","twitter_misc":{"Geschrieben von":"Gastautor","Gesch\u00e4tzte Lesezeit":"6\u00a0Minuten"},"schema":{"@context":"https:\/\/schema.org","@graph":[{"@type":["Article","BlogPosting"],"@id":"https:\/\/www.berg-freunde.ch\/blog\/kaufberatung-skijacken\/#article","isPartOf":{"@id":"https:\/\/www.berg-freunde.ch\/blog\/kaufberatung-skijacken\/"},"author":{"name":"Gastautor","@id":"https:\/\/www.berg-freunde.ch\/blog\/#\/schema\/person\/6ac3327294ce276d7318b1f9c408382e"},"headline":"Skijacken &#8211; eine Kaufberatung","datePublished":"2023-02-02T15:31:00+00:00","dateModified":"2023-06-12T09:42:04+00:00","mainEntityOfPage":{"@id":"https:\/\/www.berg-freunde.ch\/blog\/kaufberatung-skijacken\/"},"wordCount":1287,"commentCount":5,"publisher":{"@id":"https:\/\/www.berg-freunde.ch\/blog\/#organization"},"image":{"@id":"https:\/\/www.berg-freunde.ch\/blog\/kaufberatung-skijacken\/#primaryimage"},"thumbnailUrl":"https:\/\/www.berg-freunde.ch\/blog\/wp-content\/uploads\/2016\/02\/20230515_Kaufberatung-Skijacken_Titel.jpg","keywords":["Wintersport"],"articleSection":["Kaufberatung"],"inLanguage":"de-CH","potentialAction":[{"@type":"CommentAction","name":"Comment","target":["https:\/\/www.berg-freunde.ch\/blog\/kaufberatung-skijacken\/#respond"]}]},{"@type":"WebPage","@id":"https:\/\/www.berg-freunde.ch\/blog\/kaufberatung-skijacken\/","url":"https:\/\/www.berg-freunde.ch\/blog\/kaufberatung-skijacken\/","name":"Skijacken - eine Kaufberatung | Bergfreunde","isPartOf":{"@id":"https:\/\/www.berg-freunde.ch\/blog\/#website"},"primaryImageOfPage":{"@id":"https:\/\/www.berg-freunde.ch\/blog\/kaufberatung-skijacken\/#primaryimage"},"image":{"@id":"https:\/\/www.berg-freunde.ch\/blog\/kaufberatung-skijacken\/#primaryimage"},"thumbnailUrl":"https:\/\/www.berg-freunde.ch\/blog\/wp-content\/uploads\/2016\/02\/20230515_Kaufberatung-Skijacken_Titel.jpg","datePublished":"2023-02-02T15:31:00+00:00","dateModified":"2023-06-12T09:42:04+00:00","description":"Auf was ist beim Kauf von Skijacken zu achten? Eine ausf\u00fchrliche Kaufberatung gibt es im Basislager Blog von Bergfreunde.de.","breadcrumb":{"@id":"https:\/\/www.berg-freunde.ch\/blog\/kaufberatung-skijacken\/#breadcrumb"},"inLanguage":"de-CH","potentialAction":[{"@type":"ReadAction","target":["https:\/\/www.berg-freunde.ch\/blog\/kaufberatung-skijacken\/"]}]},{"@type":"ImageObject","inLanguage":"de-CH","@id":"https:\/\/www.berg-freunde.ch\/blog\/kaufberatung-skijacken\/#primaryimage","url":"https:\/\/www.berg-freunde.ch\/blog\/wp-content\/uploads\/2016\/02\/20230515_Kaufberatung-Skijacken_Titel.jpg","contentUrl":"https:\/\/www.berg-freunde.ch\/blog\/wp-content\/uploads\/2016\/02\/20230515_Kaufberatung-Skijacken_Titel.jpg","width":1440,"height":590},{"@type":"BreadcrumbList","@id":"https:\/\/www.berg-freunde.ch\/blog\/kaufberatung-skijacken\/#breadcrumb","itemListElement":[{"@type":"ListItem","position":1,"name":"Blog","item":"https:\/\/www.berg-freunde.ch\/blog\/"},{"@type":"ListItem","position":2,"name":"Beratung","item":"https:\/\/www.berg-freunde.ch\/blog\/category\/beratung\/"},{"@type":"ListItem","position":3,"name":"Kaufberatung","item":"https:\/\/www.berg-freunde.ch\/blog\/category\/beratung\/kaufberatung\/"},{"@type":"ListItem","position":4,"name":"Skijacken &#8211; eine Kaufberatung"}]},{"@type":"WebSite","@id":"https:\/\/www.berg-freunde.ch\/blog\/#website","url":"https:\/\/www.berg-freunde.ch\/blog\/","name":"Bergfreunde","description":"Blog","publisher":{"@id":"https:\/\/www.berg-freunde.ch\/blog\/#organization"},"potentialAction":[{"@type":"SearchAction","target":{"@type":"EntryPoint","urlTemplate":"https:\/\/www.berg-freunde.ch\/blog\/?s={search_term_string}"},"query-input":{"@type":"PropertyValueSpecification","valueRequired":true,"valueName":"search_term_string"}}],"inLanguage":"de-CH"},{"@type":"Organization","@id":"https:\/\/www.berg-freunde.ch\/blog\/#organization","name":"Bergfreunde","url":"https:\/\/www.berg-freunde.ch\/blog\/","logo":{"@type":"ImageObject","inLanguage":"de-CH","@id":"https:\/\/www.berg-freunde.ch\/blog\/#\/schema\/logo\/image\/","url":"https:\/\/www.berg-freunde.ch\/blog\/wp-content\/uploads\/2023\/12\/Bergfreunde_DE_rgb.svg","contentUrl":"https:\/\/www.berg-freunde.ch\/blog\/wp-content\/uploads\/2023\/12\/Bergfreunde_DE_rgb.svg","caption":"Bergfreunde"},"image":{"@id":"https:\/\/www.berg-freunde.ch\/blog\/#\/schema\/logo\/image\/"},"sameAs":["https:\/\/www.facebook.com\/bergfreunde","https:\/\/www.instagram.com\/bergfreundede\/"]},{"@type":"Person","@id":"https:\/\/www.berg-freunde.ch\/blog\/#\/schema\/person\/6ac3327294ce276d7318b1f9c408382e","name":"Gastautor","url":"https:\/\/www.berg-freunde.ch\/blog\/about\/gastautor\/"}]}},"_links":{"self":[{"href":"https:\/\/www.berg-freunde.ch\/blog\/wp-json\/wp\/v2\/posts\/70111","targetHints":{"allow":["GET"]}}],"collection":[{"href":"https:\/\/www.berg-freunde.ch\/blog\/wp-json\/wp\/v2\/posts"}],"about":[{"href":"https:\/\/www.berg-freunde.ch\/blog\/wp-json\/wp\/v2\/types\/post"}],"author":[{"embeddable":true,"href":"https:\/\/www.berg-freunde.ch\/blog\/wp-json\/wp\/v2\/users\/26"}],"replies":[{"embeddable":true,"href":"https:\/\/www.berg-freunde.ch\/blog\/wp-json\/wp\/v2\/comments?post=70111"}],"version-history":[{"count":0,"href":"https:\/\/www.berg-freunde.ch\/blog\/wp-json\/wp\/v2\/posts\/70111\/revisions"}],"wp:featuredmedia":[{"embeddable":true,"href":"https:\/\/www.berg-freunde.ch\/blog\/wp-json\/wp\/v2\/media\/84426"}],"wp:attachment":[{"href":"https:\/\/www.berg-freunde.ch\/blog\/wp-json\/wp\/v2\/media?parent=70111"}],"wp:term":[{"taxonomy":"category","embeddable":true,"href":"https:\/\/www.berg-freunde.ch\/blog\/wp-json\/wp\/v2\/categories?post=70111"},{"taxonomy":"post_tag","embeddable":true,"href":"https:\/\/www.berg-freunde.ch\/blog\/wp-json\/wp\/v2\/tags?post=70111"},{"taxonomy":"post_folder","embeddable":true,"href":"https:\/\/www.berg-freunde.ch\/blog\/wp-json\/wp\/v2\/post_folder?post=70111"}],"curies":[{"name":"wp","href":"https:\/\/api.w.org\/{rel}","templated":true}]}}