{"id":71469,"date":"2014-05-21T09:46:31","date_gmt":"2014-05-21T07:46:31","guid":{"rendered":"https:\/\/www.bergfreunde.de\/blog\/tipps-fuer-einen-leichten-rucksack\/"},"modified":"2026-04-28T11:11:26","modified_gmt":"2026-04-28T09:11:26","slug":"tipps-fuer-einen-leichten-rucksack","status":"publish","type":"post","link":"https:\/\/www.berg-freunde.ch\/blog\/tipps-fuer-einen-leichten-rucksack\/","title":{"rendered":"Tipps f\u00fcr einen leichten Rucksack"},"content":{"rendered":"<div class=\"wp-block-image\">\n<figure class=\"alignleft is-resized\"><a href=\"https:\/\/www.bergfreunde.de\/blog\/wp-content\/uploads\/2021\/05\/Oli-mit-Rucksack-scaled.jpg\"><img fetchpriority=\"high\" decoding=\"async\" src=\"https:\/\/www.bergfreunde.de\/blog\/wp-content\/uploads\/2021\/05\/Oli-mit-Rucksack-scaled.jpg\" alt=\"Der Rucksack w\u00e4re schon gepackt\" class=\"wp-image-10208\" width=\"254\" height=\"339\"\/><\/a><figcaption class=\"wp-element-caption\"><em>Der Rucksack w\u00e4re schon gepackt.<\/em><\/figcaption><\/figure>\n<\/div>\n\n\n<p>Auf ausgedehnten Mehrtageswanderungen<strong> z\u00e4hlt jedes Kilo<\/strong>, das im Rucksack mitgeschleppt wird. Wer es schafft, den <strong><a title=\"Rucks\u00e4cke bei den Bergfreunden\" href=\"https:\/\/www.bergfreunde.de\/rucksaecke\/\" target=\"_blank\" rel=\"noopener\">Rucksack<\/a><\/strong> unter 9 Kilo auf <strong>H\u00fcttentouren<\/strong> und unter 14 Kilo auf l\u00e4ngeren Touren zu halten, gewinnt auf allen Fronten. Leichtes oder ultraleichtes Gep\u00e4ck bedeutet weniger Blasen und Schmerzen und erm\u00f6glicht es Dir, in leichteren Schuhen zu wandern und schweres Schuhwerk zu Hause zu lassen (ein Kilo mehr an den F\u00fc\u00dfen entspricht f\u00fcnf Kilo mehr auf Deinen Schultern!) Wer die Welt leichten Fu\u00dfes entdeckt, l\u00e4uft schneller und weiter!<\/p>\n\n\n\n<p>Aber wie reduziert man am besten Gewicht? Am effektivsten ist es, mit den Gegenst\u00e4nden anzufangen, auf die man leicht verzichten kann (Wechselw\u00e4sche, B\u00fccher etc.). Aber auch bei den Produkten, auf die man nicht verzichten kann, kann man einiges ausrichten: z.B. <strong>Rucksack<\/strong>, <strong><a href=\"https:\/\/www.berg-freunde.ch\/zelte\/\">Zelt<\/a><\/strong> und <strong>Schlafsystem<\/strong> (Schlafsack\/Isomatte).<\/p>\n\n\n\n<!--more-->\n\n\n\n<h2 class=\"wp-block-heading\" id=\"h-wahle-deinen-rucksack-mit-bedacht\">W\u00e4hle Deinen Rucksack mit Bedacht<\/h2>\n\n\n<div class=\"wp-block-image\">\n<figure class=\"alignright size-full is-resized\"><a href=\"https:\/\/www.bergfreunde.de\/blog\/wp-content\/uploads\/2023\/07\/TNFCasimer321.jpg\"><img decoding=\"async\" src=\"https:\/\/www.bergfreunde.de\/blog\/wp-content\/uploads\/2023\/07\/TNFCasimer321.jpg\" alt=\"Ein leichter Rucksack sollte es schon sein.\" class=\"wp-image-90581\" width=\"350\" height=\"232\"\/><\/a><figcaption class=\"wp-element-caption\"><em>Ein leichter Rucksack sollte es schon sein.<\/em><\/figcaption><\/figure>\n<\/div>\n\n\n<p>Die Auswahl eines Rucksacks h\u00e4ngt von Deinen pers\u00f6nlichen Vorlieben ab. Als generelle Regel zum Gewicht sparen gilt: w\u00e4hle einen Rucksack zwischen 1,5 und 2 Kilo. Wenn Du weniger als 7-9 Kilo tr\u00e4gst, ziehe einen rahmenlosen Rucksack in Betracht. Ein solcher hat im Schnitt weniger als ein Kilo Eigengewicht. Gewicht ist aber nicht das einzige Kriterium, das bei der Auswahl eine Rolle spielen sollte. Rahmenrucks\u00e4cke helfen, das Gewicht von den Schultern zu nehmen und gleichm\u00e4\u00dfig zu verteilen. Oft sind sie mit breiteren, bequemeren Riemen ausgestattet als die ultraleichten rahmenlosen Versionen. Zudem bieten sie oft bessere Ventilationsmechanismen. Manche Leute bevorzugen gr\u00f6\u00dfere Rucks\u00e4cke auch deshalb, weil sie oft weniger umst\u00e4ndlich und besser ausbalanciert sind als kleine voll gestopfte Rucks\u00e4cke, an denen noch Ausr\u00fcstung baumelt.<\/p>\n\n\n\n<p>Es gibt allerdings auch einige Ultraleicht-Trekker, die einen kleinen Rucksack bevorzugen, um schlichtweg gezwungen zu sein, nur das N\u00f6tigste mitzunehmen und so Gewicht zu sparen. F\u00fcr Ventilation sorgen dann Tricks wie den Rucksack von Schulter zu Schulter schieben. Oder der Rucksack wird so leicht (unter 7 Kilo) gepackt, dass die d\u00fcnneren Riemen kein Problem darstellen.<\/p>\n\n\n\n<h2 class=\"wp-block-heading\" id=\"h-entscheide-dich-fur-eine-ultraleichte-unterkunft\">Entscheide Dich f\u00fcr eine ultraleichte Unterkunft<\/h2>\n\n\n\n<p>Wenn Du erst mal drau\u00dfen bist, besonders wenn die Tage nicht enden wollen, \u00e4ndert sich Deine Vorstellung von einer \u201eUnterkunft\u201c dramatisch. Ein minimalistischer Ansatz bringt viele Vorteile. Wenn das Wetter trocken ist, die Temperaturen mild oder warm und Insektengetier keine Rolle spielt, kann man problemlos auf eine Unterkunft verzichten. Eine aufgespannte <a href=\"https:\/\/www.berg-freunde.ch\/haengematten\/\">H\u00e4ngematte<\/a> oder eine weiche Unterlage aus trockenen Bl\u00e4ttern, Baumnadeln, oder Pflanzen geben Deinem Schlafsack eine nat\u00fcrliche Unterlage. Wenn das nicht so Deine Sache ist, ist eine <a href=\"https:\/\/www.berg-freunde.ch\/isomatten\/\">Isomatte<\/a> dienlich. Etwas mehr Privatsph\u00e4re und Schutz vor Sonne und den Elementen bietet ein<strong> <a title=\"Tarps und Planenzelte bei den Bergfreunden\" href=\"https:\/\/www.bergfreunde.de\/tarps-planenzelte\/\" target=\"_blank\" rel=\"noopener\">Tarp<\/a><\/strong>, der sich mit Deinen Wanderst\u00f6cken aufspannen l\u00e4sst. Gegen Insekten hilft ein Netzschutz unter dem Tarp.<\/p>\n\n\n<div class=\"wp-block-image\">\n<figure class=\"alignright size-full is-resized\"><a href=\"https:\/\/www.bergfreunde.de\/blog\/wp-content\/uploads\/2023\/07\/BCmegalightshelter1.jpg\"><img decoding=\"async\" src=\"https:\/\/www.bergfreunde.de\/blog\/wp-content\/uploads\/2023\/07\/BCmegalightshelter1.jpg\" alt=\"Ein leichtes Shelter spart viel Gewicht.\" class=\"wp-image-90587\" width=\"350\" srcset=\"https:\/\/www.berg-freunde.ch\/blog\/wp-content\/uploads\/2023\/07\/BCmegalightshelter1.jpg 640w, https:\/\/www.berg-freunde.ch\/blog\/wp-content\/uploads\/2023\/07\/BCmegalightshelter1-300x200.jpg 300w\" sizes=\"(max-width: 640px) 100vw, 640px\" \/><\/a><figcaption class=\"wp-element-caption\"><em>Ein leichtes Shelter spart viel Gewicht.<\/em><\/figcaption><\/figure>\n<\/div>\n\n\n<p>Ein ultraleichtes Zelt ist eine weitere Alternative. Viele Zelte wiegen heutzutage weniger als 2 Kilo. Zelte sind etwas m\u00fchsamer auf- und abzuschlagen als ein Tarp. Au\u00dferdem engen sie Dich mehr ein und sind schwieriger trocken zu halten. Daf\u00fcr bieten sie noch mehr Privatsph\u00e4re und Schutz und sind ein Plus im Winter und bei kalter Witterung. Wenn Du ein Zelt mit nimmst, lasse die Zeltunterlage zu Hause. Die ist nicht essenziell und wiegt nur extra.<\/p>\n\n\n\n<p>Auf mehrt\u00e4gigen Klettertouren, auf denen Du auf engem Raum auf einem Felsvorsprung \u00fcbernachten musst, ist ein <a href=\"https:\/\/www.berg-freunde.ch\/biwaksaecke\/\">Biwaksack<\/a> eine weitere leichte Alternative. Nat\u00fcrlich auch, wenn Du Dir generell wenig Arbeit mit Deiner Unterkunft machen willst. <strong><a title=\"Biwacks\u00e4cke bei den Bergfreunden\" href=\"https:\/\/www.bergfreunde.de\/biwaksaecke\/\" target=\"_blank\" rel=\"noopener\">Biwaks\u00e4cke<\/a> <\/strong>gibt es in den verschiedensten Ausf\u00fchrungen: von minimalistischen S\u00e4cken, die weniger als 500 Gramm wiegen, bis zu Mini-Zelten, die etwas weniger klaustrophobisch anmuten. Wenn Du einen Trekkingtrip planst, der l\u00e4nger als ein paar Tage dauert, ist ein ger\u00e4umigeres System wie ein Tarp oder ein Zelt die bessere Alternative. Entspannen, Kleidung wechseln, Schutz suchen geht in einem Zelt einfach besser. Ansonsten gibt es nichts Einfacheres als einen Biwaksack.<\/p>\n\n\n\n<h2 class=\"wp-block-heading\" id=\"h-daunenschlafsack-dein-leichtester-freund-im-rucksack\">Daunenschlafsack \u2013 Dein leichtester Freund im Rucksack<\/h2>\n\n\n<div class=\"wp-block-image\">\n<figure class=\"alignleft size-full is-resized\"><a href=\"https:\/\/www.bergfreunde.de\/blog\/wp-content\/uploads\/2023\/07\/MHWspeed32bagv21.jpg\"><img decoding=\"async\" src=\"https:\/\/www.bergfreunde.de\/blog\/wp-content\/uploads\/2023\/07\/MHWspeed32bagv21.jpg\" alt=\"Mit einem leichten Daunenschlafsack hast Du nicht so viel zu schleppen\" class=\"wp-image-90593\" width=\"304\" height=\"201\"\/><\/a><figcaption class=\"wp-element-caption\"><em>Mit einem leichten <a href=\"https:\/\/www.berg-freunde.ch\/daunenschlafsaecke\/\">Daunenschlafsack<\/a> hast Du nicht so viel zu schleppen.<\/em><\/figcaption><\/figure>\n<\/div>\n\n\n<p>V\u00f6gel sind auf ihre Daunen angewiesen, um sich drau\u00dfen warmzuhalten. Warum nicht von ihnen lernen? Daune ist die leichteste und w\u00e4rmste Isolation, hat das geringste Packvolumen und punktet auch in Hinsicht Robustheit. Die Investition lohnt sich allemal. Du kennst wahrscheinlich die Debatte um das Problem, dass Daune ihre Isolationswirkung verliert, wenn sie feucht wird. Viele Daunenschlafs\u00e4cke sind mit einer wasserabweisenden Schicht ausgestattet. Manche Hersteller behandeln auch die Daune selbst, sodass diese wasserabweisend wird und N\u00e4sse kein Problem mehr darstellt. Ein <strong><a title=\"Daunenschlafs\u00e4cke bei den Bergfreunden\" href=\"https:\/\/www.bergfreunde.de\/daunenschlafsaecke\/\" target=\"_blank\" rel=\"noopener\">Daunenschlafsack <\/a><\/strong>zu verwenden anstelle eines Schlafsacks mit <strong><a title=\"Kunstfaserschlafs\u00e4cke bei den Bergfreunden\" href=\"https:\/\/www.bergfreunde.de\/kunstfaserschlafsaecke\/\" target=\"_blank\" rel=\"noopener\">Kunstfaserf\u00fcllung <\/a><\/strong>kann ein halbes Kilo sparen. Aufgrund des kleinen Packvolumens nimmt der Schlafsack nur wenig Platz im Rucksack ein. Dank der Eigenschaft, sich immer wieder aufzuplustern, wird Dein Daunenschlafsack viele Jahre kuschelweich und warm bleiben.<\/p>\n\n\n\n<h2 class=\"wp-block-heading\" id=\"h-die-grosse-isomatten-debatte\">Die gro\u00dfe Isomatten-Debatte<\/h2>\n\n\n<div class=\"wp-block-image\">\n<figure class=\"alignright size-full is-resized\"><img decoding=\"async\" src=\"https:\/\/www.bergfreunde.de\/blog\/wp-content\/uploads\/2023\/07\/thermarestneoair1.jpg\" alt=\"Die Therm-a-Rest Neo Air XTherm Isomatte ist eine leichte und isolierte Version f\u00fcr Leute, die nach etwas Schutz vor kaltem Wetter suchen.\" class=\"wp-image-90599\" width=\"350\" srcset=\"https:\/\/www.berg-freunde.ch\/blog\/wp-content\/uploads\/2023\/07\/thermarestneoair1.jpg 640w, https:\/\/www.berg-freunde.ch\/blog\/wp-content\/uploads\/2023\/07\/thermarestneoair1-300x200.jpg 300w\" sizes=\"(max-width: 640px) 100vw, 640px\" \/><figcaption class=\"wp-element-caption\"><em>Die <a href=\"https:\/\/www.berg-freunde.ch\/marken\/therm-a-rest\/\">Therm-a-Rest<\/a> Neo Air XTherm Isomatte ist eine leichte und isolierte Version f\u00fcr Leute, die nach etwas Schutz vor kaltem Wetter suchen.<\/em><\/figcaption><\/figure>\n<\/div>\n\n\n<p>Was f\u00fcr eine Isomatte Du mit nimmst und ob \u00fcberhaupt, ist Deine pers\u00f6nliche Entscheidung. Von der Schaumstoffmatte bis zur Luftmatratze in verschiedenen L\u00e4ngen und Formen gibt es Optionen genug. Es gibt wunderbar bequeme und trotzdem leichte Luftmatratzen, die weniger als ein halbes Kilo wiegen und dank integrierter Isolation mehr W\u00e4rme bieten als herk\u00f6mmliche Isomatten. Wenn Du eine robustere Variante vorziehst, kommen Schaumstoffmatten wie die Therm-a-Rest Z Lite oder die <strong><a title=\"Die Z-Lite Sol von Therm-a-Rest\" href=\"https:\/\/www.bergfreunde.de\/therm-a-rest-z-lite-sol-isomatte\/\" target=\"_blank\" rel=\"noopener\">Therm-a-Rest Z Lite SOL<\/a><\/strong> (isolierend) in Betracht. Diese bieten Komfort und wiegen weniger als ein halbes Kilo. 3\/4 lange Isomatten sind eine weitere Option. Anstelle den ganzen K\u00f6rper auf der Matte zu haben, kannst Du Deine F\u00fc\u00dfe erh\u00f6ht auf Deinen Rucksack legen, das hilft auch bei der Regeneration. Weniger Isomatte, weniger Gewicht!<\/p>\n\n\n\n<h2 class=\"wp-block-heading\" id=\"h-weitere-moglichkeiten-pfunde-zu-lassen\">Weitere M\u00f6glichkeiten, Pfunde zu lassen<\/h2>\n\n\n\n<p>Nat\u00fcrlich ist die Liste der M\u00f6glichkeiten, Kilos zu reduzieren, noch lange nicht ersch\u00f6pft: <strong><a title=\"Trekkingnahrung bei den Bergfreunden\" href=\"https:\/\/www.bergfreunde.de\/outdoor-lebensmittel\/\" target=\"_blank\" rel=\"noopener\">Trockennahrung<\/a><\/strong>, ein reduzierter Wasservorrat, der an jeder Wasserquelle wieder aufgef\u00fcllt (und behandelt oder gefiltert) wird, Multifunktionstools, die f\u00fcr alles herhalten \u2013 all dies sind weitere Techniken, die Gewicht sparen. Hier haben wir Euch die Grundlegendsten vorgestellt. Wer bei den wichtigsten Ausr\u00fcstungsgegenst\u00e4nden ansetzt, hat schon mal einen gro\u00dfen Schritt in Richtung Gewichtsreduzierung gemacht.<\/p>\n\n\n\n<div class=\"wp-block-buttons is-layout-flex wp-block-buttons-is-layout-flex\">\n<div class=\"wp-block-button\"><a class=\"wp-block-button__link wp-element-button\" href=\"https:\/\/www.bergfreunde.de\/rucksaecke\/eigenschaften--ultraleicht\/\">Leichte Rucks\u00e4cke gibt&#8217;s hier &gt;&gt;<\/a><\/div>\n<\/div>\n","protected":false},"excerpt":{"rendered":"<p>Auf ausgedehnten Mehrtageswanderungen z\u00e4hlt jedes Kilo, das im Rucksack mitgeschleppt wird. Wer es schafft, den Rucksack unter 9 Kilo auf H\u00fcttentouren und unter 14 Kilo auf l\u00e4ngeren Touren zu halten, gewinnt auf allen Fronten. Leichtes oder ultraleichtes Gep\u00e4ck bedeutet weniger Blasen und Schmerzen und erm\u00f6glicht es Dir, in leichteren Schuhen zu wandern und schweres Schuhwerk [&hellip;]<\/p>\n","protected":false},"author":5,"featured_media":90610,"comment_status":"open","ping_status":"closed","sticky":false,"template":"","format":"standard","meta":{"_acf_changed":false,"footnotes":""},"categories":[284],"tags":[269,271,276],"post_folder":[],"class_list":["post-71469","post","type-post","status-publish","format-standard","has-post-thumbnail","hentry","category-praxiswissen","tag-bergsteigen","tag-camping-reisen","tag-wandern-trekking"],"acf":[],"yoast_head":"<!-- This site is optimized with the Yoast SEO Premium plugin v27.4 (Yoast SEO v27.4) - https:\/\/yoast.com\/product\/yoast-seo-premium-wordpress\/ -->\n<title>Tipps f\u00fcr einen leichten Rucksack | Bergfreunde<\/title>\n<meta name=\"description\" content=\"Der Rucksack w\u00e4re schon gepackt. Auf ausgedehnten Mehrtageswanderungen z\u00e4hlt jedes Kilo, das im Rucksack mitgeschleppt wird. Wer es schafft, den Rucksack\" \/>\n<meta name=\"robots\" content=\"index, follow, max-snippet:-1, max-image-preview:large, max-video-preview:-1\" \/>\n<link rel=\"canonical\" href=\"https:\/\/www.berg-freunde.ch\/blog\/tipps-fuer-einen-leichten-rucksack\/\" \/>\n<meta property=\"og:locale\" content=\"de_DE\" \/>\n<meta property=\"og:type\" content=\"article\" \/>\n<meta property=\"og:title\" content=\"Tipps f\u00fcr einen leichten Rucksack\" \/>\n<meta property=\"og:description\" content=\"Der Rucksack w\u00e4re schon gepackt. Auf ausgedehnten Mehrtageswanderungen z\u00e4hlt jedes Kilo, das im Rucksack mitgeschleppt wird. Wer es schafft, den Rucksack\" \/>\n<meta property=\"og:url\" content=\"https:\/\/www.berg-freunde.ch\/blog\/tipps-fuer-einen-leichten-rucksack\/\" \/>\n<meta property=\"og:site_name\" content=\"Bergfreunde\" \/>\n<meta property=\"article:publisher\" content=\"https:\/\/www.facebook.com\/bergfreunde\" \/>\n<meta property=\"article:published_time\" content=\"2014-05-21T07:46:31+00:00\" \/>\n<meta property=\"article:modified_time\" content=\"2026-04-28T09:11:26+00:00\" \/>\n<meta property=\"og:image\" content=\"https:\/\/www.berg-freunde.ch\/blog\/wp-content\/uploads\/2014\/05\/20230710_Leichter-Rucksack_Titel.jpg\" \/>\n\t<meta property=\"og:image:width\" content=\"1440\" \/>\n\t<meta property=\"og:image:height\" content=\"590\" \/>\n\t<meta property=\"og:image:type\" content=\"image\/jpeg\" \/>\n<meta name=\"author\" content=\"J\u00f6rn\" \/>\n<meta name=\"twitter:card\" content=\"summary_large_image\" \/>\n<meta name=\"twitter:label1\" content=\"Geschrieben von\" \/>\n\t<meta name=\"twitter:data1\" content=\"J\u00f6rn\" \/>\n\t<meta name=\"twitter:label2\" content=\"Gesch\u00e4tzte Lesezeit\" \/>\n\t<meta name=\"twitter:data2\" content=\"5\u00a0Minuten\" \/>\n<script type=\"application\/ld+json\" class=\"yoast-schema-graph\">{\"@context\":\"https:\\\/\\\/schema.org\",\"@graph\":[{\"@type\":[\"Article\",\"BlogPosting\"],\"@id\":\"https:\\\/\\\/www.berg-freunde.ch\\\/blog\\\/tipps-fuer-einen-leichten-rucksack\\\/#article\",\"isPartOf\":{\"@id\":\"https:\\\/\\\/www.berg-freunde.ch\\\/blog\\\/tipps-fuer-einen-leichten-rucksack\\\/\"},\"author\":{\"name\":\"J\u00f6rn\",\"@id\":\"https:\\\/\\\/www.berg-freunde.ch\\\/blog\\\/#\\\/schema\\\/person\\\/be38ad9c835eeb98cbda6973f0e625df\"},\"headline\":\"Tipps f\u00fcr einen leichten Rucksack\",\"datePublished\":\"2014-05-21T07:46:31+00:00\",\"dateModified\":\"2026-04-28T09:11:26+00:00\",\"mainEntityOfPage\":{\"@id\":\"https:\\\/\\\/www.berg-freunde.ch\\\/blog\\\/tipps-fuer-einen-leichten-rucksack\\\/\"},\"wordCount\":1049,\"commentCount\":0,\"publisher\":{\"@id\":\"https:\\\/\\\/www.berg-freunde.ch\\\/blog\\\/#organization\"},\"image\":{\"@id\":\"https:\\\/\\\/www.berg-freunde.ch\\\/blog\\\/tipps-fuer-einen-leichten-rucksack\\\/#primaryimage\"},\"thumbnailUrl\":\"https:\\\/\\\/www.berg-freunde.ch\\\/blog\\\/wp-content\\\/uploads\\\/2014\\\/05\\\/20230710_Leichter-Rucksack_Titel.jpg\",\"keywords\":[\"Bergsteigen &amp; Hochtouren\",\"Camping &amp; Reisen\",\"Wandern &amp; Trekking\"],\"articleSection\":[\"Praxiswissen\"],\"inLanguage\":\"de-CH\",\"potentialAction\":[{\"@type\":\"CommentAction\",\"name\":\"Comment\",\"target\":[\"https:\\\/\\\/www.berg-freunde.ch\\\/blog\\\/tipps-fuer-einen-leichten-rucksack\\\/#respond\"]}]},{\"@type\":\"WebPage\",\"@id\":\"https:\\\/\\\/www.berg-freunde.ch\\\/blog\\\/tipps-fuer-einen-leichten-rucksack\\\/\",\"url\":\"https:\\\/\\\/www.berg-freunde.ch\\\/blog\\\/tipps-fuer-einen-leichten-rucksack\\\/\",\"name\":\"Tipps f\u00fcr einen leichten Rucksack | Bergfreunde\",\"isPartOf\":{\"@id\":\"https:\\\/\\\/www.berg-freunde.ch\\\/blog\\\/#website\"},\"primaryImageOfPage\":{\"@id\":\"https:\\\/\\\/www.berg-freunde.ch\\\/blog\\\/tipps-fuer-einen-leichten-rucksack\\\/#primaryimage\"},\"image\":{\"@id\":\"https:\\\/\\\/www.berg-freunde.ch\\\/blog\\\/tipps-fuer-einen-leichten-rucksack\\\/#primaryimage\"},\"thumbnailUrl\":\"https:\\\/\\\/www.berg-freunde.ch\\\/blog\\\/wp-content\\\/uploads\\\/2014\\\/05\\\/20230710_Leichter-Rucksack_Titel.jpg\",\"datePublished\":\"2014-05-21T07:46:31+00:00\",\"dateModified\":\"2026-04-28T09:11:26+00:00\",\"description\":\"Der Rucksack w\u00e4re schon gepackt. Auf ausgedehnten Mehrtageswanderungen z\u00e4hlt jedes Kilo, das im Rucksack mitgeschleppt wird. Wer es schafft, den Rucksack\",\"breadcrumb\":{\"@id\":\"https:\\\/\\\/www.berg-freunde.ch\\\/blog\\\/tipps-fuer-einen-leichten-rucksack\\\/#breadcrumb\"},\"inLanguage\":\"de-CH\",\"potentialAction\":[{\"@type\":\"ReadAction\",\"target\":[\"https:\\\/\\\/www.berg-freunde.ch\\\/blog\\\/tipps-fuer-einen-leichten-rucksack\\\/\"]}]},{\"@type\":\"ImageObject\",\"inLanguage\":\"de-CH\",\"@id\":\"https:\\\/\\\/www.berg-freunde.ch\\\/blog\\\/tipps-fuer-einen-leichten-rucksack\\\/#primaryimage\",\"url\":\"https:\\\/\\\/www.berg-freunde.ch\\\/blog\\\/wp-content\\\/uploads\\\/2014\\\/05\\\/20230710_Leichter-Rucksack_Titel.jpg\",\"contentUrl\":\"https:\\\/\\\/www.berg-freunde.ch\\\/blog\\\/wp-content\\\/uploads\\\/2014\\\/05\\\/20230710_Leichter-Rucksack_Titel.jpg\",\"width\":1440,\"height\":590},{\"@type\":\"BreadcrumbList\",\"@id\":\"https:\\\/\\\/www.berg-freunde.ch\\\/blog\\\/tipps-fuer-einen-leichten-rucksack\\\/#breadcrumb\",\"itemListElement\":[{\"@type\":\"ListItem\",\"position\":1,\"name\":\"Blog\",\"item\":\"https:\\\/\\\/www.berg-freunde.ch\\\/blog\\\/\"},{\"@type\":\"ListItem\",\"position\":2,\"name\":\"Know-How\",\"item\":\"https:\\\/\\\/www.berg-freunde.ch\\\/blog\\\/category\\\/know-how\\\/\"},{\"@type\":\"ListItem\",\"position\":3,\"name\":\"Praxiswissen\",\"item\":\"https:\\\/\\\/www.berg-freunde.ch\\\/blog\\\/category\\\/know-how\\\/praxiswissen\\\/\"},{\"@type\":\"ListItem\",\"position\":4,\"name\":\"Tipps f\u00fcr einen leichten Rucksack\"}]},{\"@type\":\"WebSite\",\"@id\":\"https:\\\/\\\/www.berg-freunde.ch\\\/blog\\\/#website\",\"url\":\"https:\\\/\\\/www.berg-freunde.ch\\\/blog\\\/\",\"name\":\"Bergfreunde\",\"description\":\"Blog\",\"publisher\":{\"@id\":\"https:\\\/\\\/www.berg-freunde.ch\\\/blog\\\/#organization\"},\"potentialAction\":[{\"@type\":\"SearchAction\",\"target\":{\"@type\":\"EntryPoint\",\"urlTemplate\":\"https:\\\/\\\/www.berg-freunde.ch\\\/blog\\\/?s={search_term_string}\"},\"query-input\":{\"@type\":\"PropertyValueSpecification\",\"valueRequired\":true,\"valueName\":\"search_term_string\"}}],\"inLanguage\":\"de-CH\"},{\"@type\":\"Organization\",\"@id\":\"https:\\\/\\\/www.berg-freunde.ch\\\/blog\\\/#organization\",\"name\":\"Bergfreunde\",\"url\":\"https:\\\/\\\/www.berg-freunde.ch\\\/blog\\\/\",\"logo\":{\"@type\":\"ImageObject\",\"inLanguage\":\"de-CH\",\"@id\":\"https:\\\/\\\/www.berg-freunde.ch\\\/blog\\\/#\\\/schema\\\/logo\\\/image\\\/\",\"url\":\"https:\\\/\\\/www.berg-freunde.ch\\\/blog\\\/wp-content\\\/uploads\\\/2023\\\/12\\\/Bergfreunde_DE_rgb.svg\",\"contentUrl\":\"https:\\\/\\\/www.berg-freunde.ch\\\/blog\\\/wp-content\\\/uploads\\\/2023\\\/12\\\/Bergfreunde_DE_rgb.svg\",\"caption\":\"Bergfreunde\"},\"image\":{\"@id\":\"https:\\\/\\\/www.berg-freunde.ch\\\/blog\\\/#\\\/schema\\\/logo\\\/image\\\/\"},\"sameAs\":[\"https:\\\/\\\/www.facebook.com\\\/bergfreunde\",\"https:\\\/\\\/www.instagram.com\\\/bergfreundede\\\/\"]},{\"@type\":\"Person\",\"@id\":\"https:\\\/\\\/www.berg-freunde.ch\\\/blog\\\/#\\\/schema\\\/person\\\/be38ad9c835eeb98cbda6973f0e625df\",\"name\":\"J\u00f6rn\",\"url\":\"https:\\\/\\\/www.berg-freunde.ch\\\/blog\\\/about\\\/joern-perschbacher\\\/\"}]}<\/script>\n<!-- \/ Yoast SEO Premium plugin. -->","yoast_head_json":{"title":"Tipps f\u00fcr einen leichten Rucksack | Bergfreunde","description":"Der Rucksack w\u00e4re schon gepackt. Auf ausgedehnten Mehrtageswanderungen z\u00e4hlt jedes Kilo, das im Rucksack mitgeschleppt wird. Wer es schafft, den Rucksack","robots":{"index":"index","follow":"follow","max-snippet":"max-snippet:-1","max-image-preview":"max-image-preview:large","max-video-preview":"max-video-preview:-1"},"canonical":"https:\/\/www.berg-freunde.ch\/blog\/tipps-fuer-einen-leichten-rucksack\/","og_locale":"de_DE","og_type":"article","og_title":"Tipps f\u00fcr einen leichten Rucksack","og_description":"Der Rucksack w\u00e4re schon gepackt. Auf ausgedehnten Mehrtageswanderungen z\u00e4hlt jedes Kilo, das im Rucksack mitgeschleppt wird. Wer es schafft, den Rucksack","og_url":"https:\/\/www.berg-freunde.ch\/blog\/tipps-fuer-einen-leichten-rucksack\/","og_site_name":"Bergfreunde","article_publisher":"https:\/\/www.facebook.com\/bergfreunde","article_published_time":"2014-05-21T07:46:31+00:00","article_modified_time":"2026-04-28T09:11:26+00:00","og_image":[{"width":1440,"height":590,"url":"https:\/\/www.berg-freunde.ch\/blog\/wp-content\/uploads\/2014\/05\/20230710_Leichter-Rucksack_Titel.jpg","type":"image\/jpeg"}],"author":"J\u00f6rn","twitter_card":"summary_large_image","twitter_misc":{"Geschrieben von":"J\u00f6rn","Gesch\u00e4tzte Lesezeit":"5\u00a0Minuten"},"schema":{"@context":"https:\/\/schema.org","@graph":[{"@type":["Article","BlogPosting"],"@id":"https:\/\/www.berg-freunde.ch\/blog\/tipps-fuer-einen-leichten-rucksack\/#article","isPartOf":{"@id":"https:\/\/www.berg-freunde.ch\/blog\/tipps-fuer-einen-leichten-rucksack\/"},"author":{"name":"J\u00f6rn","@id":"https:\/\/www.berg-freunde.ch\/blog\/#\/schema\/person\/be38ad9c835eeb98cbda6973f0e625df"},"headline":"Tipps f\u00fcr einen leichten Rucksack","datePublished":"2014-05-21T07:46:31+00:00","dateModified":"2026-04-28T09:11:26+00:00","mainEntityOfPage":{"@id":"https:\/\/www.berg-freunde.ch\/blog\/tipps-fuer-einen-leichten-rucksack\/"},"wordCount":1049,"commentCount":0,"publisher":{"@id":"https:\/\/www.berg-freunde.ch\/blog\/#organization"},"image":{"@id":"https:\/\/www.berg-freunde.ch\/blog\/tipps-fuer-einen-leichten-rucksack\/#primaryimage"},"thumbnailUrl":"https:\/\/www.berg-freunde.ch\/blog\/wp-content\/uploads\/2014\/05\/20230710_Leichter-Rucksack_Titel.jpg","keywords":["Bergsteigen &amp; Hochtouren","Camping &amp; Reisen","Wandern &amp; Trekking"],"articleSection":["Praxiswissen"],"inLanguage":"de-CH","potentialAction":[{"@type":"CommentAction","name":"Comment","target":["https:\/\/www.berg-freunde.ch\/blog\/tipps-fuer-einen-leichten-rucksack\/#respond"]}]},{"@type":"WebPage","@id":"https:\/\/www.berg-freunde.ch\/blog\/tipps-fuer-einen-leichten-rucksack\/","url":"https:\/\/www.berg-freunde.ch\/blog\/tipps-fuer-einen-leichten-rucksack\/","name":"Tipps f\u00fcr einen leichten Rucksack | Bergfreunde","isPartOf":{"@id":"https:\/\/www.berg-freunde.ch\/blog\/#website"},"primaryImageOfPage":{"@id":"https:\/\/www.berg-freunde.ch\/blog\/tipps-fuer-einen-leichten-rucksack\/#primaryimage"},"image":{"@id":"https:\/\/www.berg-freunde.ch\/blog\/tipps-fuer-einen-leichten-rucksack\/#primaryimage"},"thumbnailUrl":"https:\/\/www.berg-freunde.ch\/blog\/wp-content\/uploads\/2014\/05\/20230710_Leichter-Rucksack_Titel.jpg","datePublished":"2014-05-21T07:46:31+00:00","dateModified":"2026-04-28T09:11:26+00:00","description":"Der Rucksack w\u00e4re schon gepackt. Auf ausgedehnten Mehrtageswanderungen z\u00e4hlt jedes Kilo, das im Rucksack mitgeschleppt wird. Wer es schafft, den Rucksack","breadcrumb":{"@id":"https:\/\/www.berg-freunde.ch\/blog\/tipps-fuer-einen-leichten-rucksack\/#breadcrumb"},"inLanguage":"de-CH","potentialAction":[{"@type":"ReadAction","target":["https:\/\/www.berg-freunde.ch\/blog\/tipps-fuer-einen-leichten-rucksack\/"]}]},{"@type":"ImageObject","inLanguage":"de-CH","@id":"https:\/\/www.berg-freunde.ch\/blog\/tipps-fuer-einen-leichten-rucksack\/#primaryimage","url":"https:\/\/www.berg-freunde.ch\/blog\/wp-content\/uploads\/2014\/05\/20230710_Leichter-Rucksack_Titel.jpg","contentUrl":"https:\/\/www.berg-freunde.ch\/blog\/wp-content\/uploads\/2014\/05\/20230710_Leichter-Rucksack_Titel.jpg","width":1440,"height":590},{"@type":"BreadcrumbList","@id":"https:\/\/www.berg-freunde.ch\/blog\/tipps-fuer-einen-leichten-rucksack\/#breadcrumb","itemListElement":[{"@type":"ListItem","position":1,"name":"Blog","item":"https:\/\/www.berg-freunde.ch\/blog\/"},{"@type":"ListItem","position":2,"name":"Know-How","item":"https:\/\/www.berg-freunde.ch\/blog\/category\/know-how\/"},{"@type":"ListItem","position":3,"name":"Praxiswissen","item":"https:\/\/www.berg-freunde.ch\/blog\/category\/know-how\/praxiswissen\/"},{"@type":"ListItem","position":4,"name":"Tipps f\u00fcr einen leichten Rucksack"}]},{"@type":"WebSite","@id":"https:\/\/www.berg-freunde.ch\/blog\/#website","url":"https:\/\/www.berg-freunde.ch\/blog\/","name":"Bergfreunde","description":"Blog","publisher":{"@id":"https:\/\/www.berg-freunde.ch\/blog\/#organization"},"potentialAction":[{"@type":"SearchAction","target":{"@type":"EntryPoint","urlTemplate":"https:\/\/www.berg-freunde.ch\/blog\/?s={search_term_string}"},"query-input":{"@type":"PropertyValueSpecification","valueRequired":true,"valueName":"search_term_string"}}],"inLanguage":"de-CH"},{"@type":"Organization","@id":"https:\/\/www.berg-freunde.ch\/blog\/#organization","name":"Bergfreunde","url":"https:\/\/www.berg-freunde.ch\/blog\/","logo":{"@type":"ImageObject","inLanguage":"de-CH","@id":"https:\/\/www.berg-freunde.ch\/blog\/#\/schema\/logo\/image\/","url":"https:\/\/www.berg-freunde.ch\/blog\/wp-content\/uploads\/2023\/12\/Bergfreunde_DE_rgb.svg","contentUrl":"https:\/\/www.berg-freunde.ch\/blog\/wp-content\/uploads\/2023\/12\/Bergfreunde_DE_rgb.svg","caption":"Bergfreunde"},"image":{"@id":"https:\/\/www.berg-freunde.ch\/blog\/#\/schema\/logo\/image\/"},"sameAs":["https:\/\/www.facebook.com\/bergfreunde","https:\/\/www.instagram.com\/bergfreundede\/"]},{"@type":"Person","@id":"https:\/\/www.berg-freunde.ch\/blog\/#\/schema\/person\/be38ad9c835eeb98cbda6973f0e625df","name":"J\u00f6rn","url":"https:\/\/www.berg-freunde.ch\/blog\/about\/joern-perschbacher\/"}]}},"_links":{"self":[{"href":"https:\/\/www.berg-freunde.ch\/blog\/wp-json\/wp\/v2\/posts\/71469","targetHints":{"allow":["GET"]}}],"collection":[{"href":"https:\/\/www.berg-freunde.ch\/blog\/wp-json\/wp\/v2\/posts"}],"about":[{"href":"https:\/\/www.berg-freunde.ch\/blog\/wp-json\/wp\/v2\/types\/post"}],"author":[{"embeddable":true,"href":"https:\/\/www.berg-freunde.ch\/blog\/wp-json\/wp\/v2\/users\/5"}],"replies":[{"embeddable":true,"href":"https:\/\/www.berg-freunde.ch\/blog\/wp-json\/wp\/v2\/comments?post=71469"}],"version-history":[{"count":1,"href":"https:\/\/www.berg-freunde.ch\/blog\/wp-json\/wp\/v2\/posts\/71469\/revisions"}],"predecessor-version":[{"id":133055,"href":"https:\/\/www.berg-freunde.ch\/blog\/wp-json\/wp\/v2\/posts\/71469\/revisions\/133055"}],"wp:featuredmedia":[{"embeddable":true,"href":"https:\/\/www.berg-freunde.ch\/blog\/wp-json\/wp\/v2\/media\/90610"}],"wp:attachment":[{"href":"https:\/\/www.berg-freunde.ch\/blog\/wp-json\/wp\/v2\/media?parent=71469"}],"wp:term":[{"taxonomy":"category","embeddable":true,"href":"https:\/\/www.berg-freunde.ch\/blog\/wp-json\/wp\/v2\/categories?post=71469"},{"taxonomy":"post_tag","embeddable":true,"href":"https:\/\/www.berg-freunde.ch\/blog\/wp-json\/wp\/v2\/tags?post=71469"},{"taxonomy":"post_folder","embeddable":true,"href":"https:\/\/www.berg-freunde.ch\/blog\/wp-json\/wp\/v2\/post_folder?post=71469"}],"curies":[{"name":"wp","href":"https:\/\/api.w.org\/{rel}","templated":true}]}}