{"id":71589,"date":"2022-10-27T17:04:00","date_gmt":"2022-10-27T15:04:00","guid":{"rendered":"https:\/\/www.bergfreunde.de\/blog\/das-zwiebelprinzip-schwitzen-ist-unerwuenscht\/"},"modified":"2026-04-28T09:34:09","modified_gmt":"2026-04-28T07:34:09","slug":"das-zwiebelprinzip-schwitzen-ist-unerwuenscht","status":"publish","type":"post","link":"https:\/\/www.berg-freunde.ch\/blog\/das-zwiebelprinzip-schwitzen-ist-unerwuenscht\/","title":{"rendered":"Das Zwiebelprinzip &#8211; Schwitzen ist unerw\u00fcnscht"},"content":{"rendered":"\n<p>Wenn die <strong>Temperaturen<\/strong> schwanken, der Regen kommt und geht, und die Intensit\u00e4t k\u00f6rperlicher Aktivit\u00e4ten wechselt, ger\u00e4t der K\u00f6rper schnell vom Frieren ins <a href=\"https:\/\/www.bergfreunde.de\/schwitzrate-sport-rechner\/\">Schwitzen<\/a> und wieder zur\u00fcck. Es sei denn, man ist eingekleidet wie eine Zwiebel \u2013 in mehreren passend zueinander angeordneten Schichten.  Von diesem <strong>Zwiebelprinzip<\/strong> beim richtigen <strong>Einkleiden<\/strong> hat jeder irgendwo schonmal geh\u00f6rt. Aber warum ist es so wichtig? Wie genau funktioniert es? Worauf sollte man achten? Wir haben f\u00fcr euch recherchiert und in unserer Erfahrungskiste gekramt.<\/p>\n\n\n<div class=\"wp-block-image is-resized\">\n<figure class=\"alignright size-large\"><a href=\"https:\/\/www.bergfreunde.de\/blog\/wp-content\/uploads\/2022\/09\/Zwiebelprinzip_viele-Lagen.jpg\"><img decoding=\"async\" src=\"https:\/\/www.bergfreunde.de\/blog\/wp-content\/uploads\/2022\/09\/Zwiebelprinzip_viele-Lagen.jpg\" alt=\"Vom Baselayer \u00fcber den Midlayer bis hin zum Au\u00dfenlayer.\" style=\"width:388px;height:auto\"\/><\/a><figcaption class=\"wp-element-caption\">Vom <a href=\"https:\/\/www.berg-freunde.ch\/funktionsunterwaesche\/\">Baselayer<\/a> \u00fcber den Midlayer bis hin zum Au\u00dfenlayer.<\/figcaption><\/figure>\n<\/div>\n\n\n<h2 class=\"wp-block-heading\" id=\"h-uber-die-gefahren-des-schwitzens\">\u00dcber die Gefahren des Schwitzens<\/h2>\n\n\n\n<p><a href=\"https:\/\/www.berg-freunde.ch\/schwitzrate-sport-rechner\/\">Schwitzen<\/a> an sich ist ja nichts Schlimmes! Immerhin bedeutet es auch, dass einem sch\u00f6n mollig warm ist. Das gilt aber nur, solange man sich in Bewegung befindet. H\u00f6rt der K\u00f6rper auf, \u00fcberm\u00e4\u00dfig W\u00e4rme zu produzieren oder \u00fcbertrifft die von au\u00dfen wirkende K\u00e4lte die eigene W\u00e4rmeproduktion, k\u00fchlt die Feuchtigkeit in K\u00f6rpern\u00e4he aus. Diese Feuchtigkeit entzieht dem K\u00f6rper dann W\u00e4rme und damit Energie. Schwitzen kann daher z.B. bei -30\u00b0 C Umgebungstemperatur im bl\u00f6desten Fall schnell lebensgef\u00e4hrlich werden.<\/p>\n\n\n\n<p>Das Ziel des Zwiebelprinzips ist es, immer zu verhindern, dass der Sportler zu viel Feuchtigkeit nahe beim K\u00f6rper hat und also schnell ausk\u00fchlt. Dies kann man auf zwei Arten verhindern: entweder, man schwitzt erst gar nicht, wie es die Inuit tun, oder man sorgt daf\u00fcr, dass die Feuchtigkeit schnell abtransportiert wird. Warum man daf\u00fcr mehrere Schichten braucht, seht Ihr gleich.<\/p>\n\n\n\n<h2 class=\"wp-block-heading\" id=\"h-materialkunde\">Materialkunde<\/h2>\n\n\n\n<p>Tr\u00e4gt man mehrere d\u00fcnne Schichten \u00fcbereinander im Zwiebelprinzip, l\u00e4sst sich die W\u00e4rme in der Kleidung besser an die Witterungsbedingungen anpassen, da man in kleinen Schritten nachjustieren kann. Wird es einem etwas zu warm, kann man eine d\u00fcnne Schicht ausziehen, ohne gleich im T-Shirt im Wind zu stehen.<\/p>\n\n\n\n<p>Durch das An- und Ausziehen der einzelnen Schichten kann also die Temperatur in der Kleidung so &#171;eingestellt&#187; werden, dass es dem Sportler zwar angenehm warm ist, er aber nicht \u00fcberm\u00e4\u00dfig schwitzt.<\/p>\n\n\n\n<h3 class=\"wp-block-heading\">Baumwolle und Daune<\/h3>\n\n\n\n<p>Das Zwiebelprinzip funktioniert auch mit herk\u00f6mmlichen, nichtsynthetischen Materialen wie Baumwolle oder Merinowolle. Allerdings bedarf sie etwas Erfahrung \u00fcber den eigenen K\u00f6rper, da es hilfreich ist zu wissen, wie der eigene K\u00f6rper unter welchen Anstrengungen wie reagiert, sonst hat man schnell viel zu tun und ist laufend am An- und Ausziehen. Bei Regen kann das zudem ziemlich kompliziert bis unm\u00f6glich werden.<\/p>\n\n\n\n<p>\ud83d\udc4d<strong>Vorteile<\/strong>: Geht auch mit herk\u00f6mmlichen Materialien wie Baumwolle oder Wolle. Die riechen nicht so schnell und haben in Pausen ohne k\u00f6rperliche Aktivit\u00e4t eine h\u00f6here W\u00e4rmeleistung (das trifft nur auf Wolle und Daune zu).<\/p>\n\n\n\n<p>\ud83d\udc4e<strong>Nachteile<\/strong>: Es braucht schon etwas Erfahrung. Je weniger Erfahrung, umso h\u00e4ufiger zieht man sich um.<\/p>\n\n\n\n<h3 class=\"wp-block-heading\" id=\"h-atmende-synthetikstoffe\">Atmende Synthetikstoffe<\/h3>\n\n\n\n<p>Spricht man heute vom Zwiebelprinzip, ist zu meist diese Variante gemeint. Sie basiert auf der F\u00e4higkeit moderner Outdoor-Klamotten, Feuchtigkeit schnell vom K\u00f6rper weg nach au\u00dfen zu tragen.<\/p>\n\n\n\n<p>Auch hier tr\u00e4gt man mehrere Schichten \u00fcbereinander, doch aufgrund ihrer F\u00e4higkeit, Feuchtigkeit zu transportieren, ist ein st\u00e4ndiges An- und Ausziehen nicht n\u00f6tig. Kommt der Sportler ins Schwitzen, kann die ungeliebte Feuchtigkeit durch die Kleidung abtransportiert werden.<\/p>\n\n\n\n<p>Damit das Zwiebelprinzip funktioniert, m\u00fcssen ein paar Dinge beachtet werden: alle Schichten m\u00fcssen aus Funktionsmaterialien bestehen, da sonst der Abtransport der Feuchtigkeit gest\u00f6rt wird und schnell ein Feuchtigkeitsstau entsteht und das ganze System zunichte macht. Die erste Schicht am K\u00f6rper muss recht nah anliegen, damit die Textilien eine Chance erhalten, die Feuchtigkeit aufzunehmen und weiterzugeben.<\/p>\n\n\n\n<p>Bei dieser Version ist das Schwitzen also nicht so schlimm. Das ist besonders angenehm, wenn ein Umziehen wegen Gep\u00e4ck, Witterung oder T\u00e4tigkeit schlecht ist.<\/p>\n\n\n\n<p>\ud83d\udc4d<strong>Vorteile:<\/strong> Schwitzen (in Ma\u00dfen) ist erlaubt und nicht schlimm. Besondere Erfahrung, wann der eigene K\u00f6rper wie viel schwitzt, braucht es nicht. Synthetische Produkte sind meist recht leicht und trocknen sehr schnell. Auch hier l\u00e4sst sich durch die verschiedenen Schichten die Temperatur regeln.<\/p>\n\n\n\n<p>\ud83d\udc4e<strong>Nachteile<\/strong>: Synthetische Funktionskleidung f\u00e4ngt leider schnell an zu riechen. Au\u00dferdem hat sie nur eine m\u00e4\u00dfige W\u00e4rmeleistung, wenn der Sportler nicht selber ausreichend W\u00e4rme produziert, etwa bei der Brotzeit unterm Gipfelkreuz. Einzige Ausnahme ist hier die Merinowolle, sie ist verh\u00e4ltnism\u00e4\u00dfig leicht und, verglichen mit anderer Wolle, noch recht atmungsaktiv; speichert aber auch mehr Feuchtigkeit als reine Synthetik. Aber sie riecht praktisch gar nicht.<\/p>\n\n\n\n<h3 class=\"wp-block-heading\" id=\"h-und-welches-material-nehm-ich-nun-fur-das-zwiebelprinzip\">Und welches Material nehm ich nun f\u00fcr das Zwiebelprinzip?<\/h3>\n\n\n\n<p>F\u00fcr welche der beiden Varianten, also Synthetik oder nicht, man sich entscheidet, h\u00e4ngt wie immer davon ab, was man vorhat (und was man schon alles im Schrank hat): Speedbegehung, Mehrseill\u00e4ngentour, Winterbouldern, Sommer oder Winter und wie kalt wird es eigentlich?<\/p>\n\n\n\n<p>Im Grunde k\u00f6nnte man f\u00fcr jede Disziplin einen eigenen Artikel schreiben, um bei diesem Thema ansatzweise ausf\u00fchrlich genug zu sein. Da sich die Disziplinen dann aber doch nicht so leicht von einander abgrenzen lassen, w\u00fcrde das Problem recht schnell wieder von vorne losgehen.<\/p>\n\n\n\n<h2 class=\"wp-block-heading\" id=\"h-3-4-5-wie-viele-schichten-benotige-ich\">3, 4, 5? Wie viele Schichten ben\u00f6tige ich?<\/h2>\n\n\n\n<p>Das <strong>Minimum<\/strong> f\u00fcrs Funktionieren des <strong>Zwiebelprinzips<\/strong> sind drei Schichten, das praktikable <strong>Maximum<\/strong> d\u00fcrfte bei f\u00fcnf liegen. Ab dann wird\u2019s n\u00e4mlich langsam umst\u00e4ndlich: Es passt nicht mehr alles zueinander, manches rutscht aufeinander herum, flatternde Zwischenr\u00e4ume st\u00f6ren, anderswo zieht und spannt es. Das wird umso st\u00f6render, je intensiver man sich bewegt.<\/p>\n\n\n\n<p><strong>Aber<\/strong>: Die eine oder andere <strong>Extraschicht<\/strong> kann auch Vorteile bringen: so trocknen viele d\u00fcnne Schichten schneller als wenige Dicke. Auch kann man ein d\u00fcnnes Teil problemlos zwischendurch waschen oder zur <strong>Gewichtseinsparung<\/strong> in der H\u00fctte zur\u00fccklassen, ohne sich am Viertausender gleich halbnackt zu f\u00fchlen. Da diese Vorteile umso mehr zum Tragen kommen, je l\u00e4nger eine Tour dauert, kann man als Kurzformel zusammenfassen: je l\u00e4nger die Tour, desto wichtiger werden die Vorteile des \u201eviele d\u00fcnne Lagen Konzepts\u201c.<\/p>\n\n\n\n<p>Kurz, es ist wie immer, die schnelle Fertigl\u00f6sung gibt es nicht. Man muss von Fall zu Fall, von Tour zu Tour <strong>abw\u00e4gen<\/strong>. Wer alles optimal abdecken will, braucht f\u00fcnf Lagen an guter <a href=\"https:\/\/www.bergfreunde.de\/p\/funktionsbekleidung\/\">Funktionskleidung<\/a> und zus\u00e4tzlich jeweils einen robuste und dicken Baselayer, Midlayer und eine <a href=\"https:\/\/www.bergfreunde.de\/p\/hardshell\/\">Hardshell<\/a>. Dann l\u00e4sst sich, je nach <strong>Sportart<\/strong>, beliebig variieren und je nach Bedarf auf 3-, 4- oder 5-Schicht-System \u201eumsteigen\u201c.<\/p>\n\n\n\n<p>Damit zu den konkreten Vorschl\u00e4gen, gegliedert nach den <strong>Haupt-Sportarten<\/strong>, die wir Bergfreunde gern aus\u00fcben. Alle Teile sind in Gr\u00f6\u00dfe M, und, wenn m\u00f6glich, mittlerer Passform ausgesucht. Zus\u00e4tzlich gibt es noch einige Hinweise, auf welche Besonderheiten bei den jeweiligen Sportarten zu achten ist.<\/p>\n\n\n\n<h2 class=\"wp-block-heading\" id=\"h-jede-sportart-hat-ihr-optimales-layering\">Jede Sportart hat ihr optimales &#171;Layering&#187;<\/h2>\n\n\n\n<p>Bevor wir die optimale <strong>Zwiebel-Mischung<\/strong> f\u00fcr die n\u00e4chste Outdoor-Action aus dem Schrank fischen, sollten wir \u00fcberlegen, welche Anforderungen unsere Disziplin an das Gewebe stellt. Erstmal w\u00e4ren da die <strong>allgemeinen Anforderungen<\/strong>: wir wollen m\u00f6glichst wenig schwitzen und m\u00f6glichst wenig frieren. Hinzu kommen einige weniger elementare, f\u00fcr das Erlebnis und den Genuss allerdings entscheidende Faktoren.<\/p>\n\n\n\n<p>So soll unsere <strong>Kleidermischung<\/strong> m\u00f6glichst wenig stinken, kratzen oder jucken. Dann soll sie auch noch m\u00f6glichst wenig wiegen und m\u00f6glichst wenig Platz im Rucksack wegnehmen. Und als ob das noch nicht genug w\u00e4re, sollten auch Gr\u00f6\u00dfe und Schnitt der einzelnen Lagen zueinander passen und sich ohne <strong>Druck- oder Reibestellen<\/strong> zusammenf\u00fcgen. Dieser Punkt ist etwas schwierig umzusetzen, da man sich in aller Regel nicht den kompletten Satz Kleidung auf einmal kauft, sondern meist nur das Teil, das gerade fehlt.<\/p>\n\n\n\n<h2 class=\"wp-block-heading\">Zwiebelprinzip f\u00fcr Hochtouren<\/h2>\n\n\n<div class=\"wp-block-image is-resized\">\n<figure class=\"alignright size-full\"><a href=\"https:\/\/www.bergfreunde.de\/blog\/wp-content\/uploads\/2023\/04\/Zwiebelprinzip_Merinounterwaesche-orange_original.jpg\"><img fetchpriority=\"high\" decoding=\"async\" width=\"600\" height=\"600\" src=\"https:\/\/www.bergfreunde.de\/blog\/wp-content\/uploads\/2023\/04\/Zwiebelprinzip_Merinounterwaesche-orange_original.jpg\" alt=\"ORTOVOX-185 Rock'N'Wool Long Sleeve - Merinounterw\u00e4sche\" class=\"wp-image-81938\" style=\"width:296px;height:auto\" srcset=\"https:\/\/www.berg-freunde.ch\/blog\/wp-content\/uploads\/2023\/04\/Zwiebelprinzip_Merinounterwaesche-orange_original.jpg 600w, https:\/\/www.berg-freunde.ch\/blog\/wp-content\/uploads\/2023\/04\/Zwiebelprinzip_Merinounterwaesche-orange_original-300x300.jpg 300w, https:\/\/www.berg-freunde.ch\/blog\/wp-content\/uploads\/2023\/04\/Zwiebelprinzip_Merinounterwaesche-orange_original-150x150.jpg 150w\" sizes=\"(max-width: 600px) 100vw, 600px\" \/><\/a><figcaption class=\"wp-element-caption\">Baselayer f\u00fcr Hochtouren<\/figcaption><\/figure>\n<\/div>\n\n\n<h3 class=\"wp-block-heading\"><strong>Baselayer<\/strong>:<\/h3>\n\n\n\n<ul class=\"wp-block-list\">\n<li><a href=\"https:\/\/www.bergfreunde.de\/blog\/wp-content\/uploads\/2021\/05\/devold-tuvegga-sport-air-hoodie-merinounterwaesche-1.jpg\"><\/a><a href=\"https:\/\/www.berg-freunde.ch\/merinounterwaesche\/\">Merinounterw\u00e4sche<\/a>: <a href=\"https:\/\/www.bergfreunde.de\/devold-breeze-shirt-merinounterwaesche\/\">Devold Merinounterw\u00e4sche Breeze Shirt<\/a><\/li>\n\n\n\n<li>Merinounterw\u00e4sche: <a href=\"https:\/\/www.bergfreunde.de\/ortovox-185-rocknwool-long-sleeve-merinounterwaesche\/\">ORTOVOX-185 Rock&#8217;N&#8217;Wool Long Sleeve &#8211; Merinounterw\u00e4sche<\/a><\/li>\n\n\n\n<li>Kunstfaser: <a href=\"https:\/\/www.bergfreunde.de\/odlo-base-layer-top-crew-neck-l-s-performance-warm-eco-kunstfaserunterwaesche\/\">ODLO-Base Layer Top Crew Neck L\/S Performance Warm Eco &#8211; Kunstfaserunterw\u00e4sche<\/a><\/li>\n\n\n\n<li>Merino: <a href=\"https:\/\/www.bergfreunde.de\/devold-duo-active-long-johns-w-fly-merinounterwaesche\/\">Devold Duo Active Long Johns W Fly Merinounterw\u00e4sche<\/a><\/li>\n<\/ul>\n\n\n\n<h3 class=\"wp-block-heading\"><strong>Mittlere Lage<\/strong>\/Midlayer:<\/h3>\n\n\n\n<ul class=\"wp-block-list\">\n<li>ohne Isolierung: <a href=\"https:\/\/www.bergfreunde.de\/mountain-equipment-lumiko-zip-t-fleecepullover\/\">MOUNTAIN EQUIPMENT-Lumiko Zip T &#8211; Fleecepullover<\/a><\/li>\n\n\n\n<li>mit Isolierung: <a href=\"https:\/\/www.bergfreunde.de\/mammut-aconcagua-light-midlayer-jacket-fleecejacke\/\">MAMMUT-Aconcagua Light Midlayer Jacket &#8211; Fleecejacke<\/a><\/li>\n\n\n\n<li>mit Isolierung und Kapuze (normalerweise \u201ebei\u00dft\u201c sich eine Kapuze in der mittleren Schicht mit der Kapuze der Hardshell, doch daf\u00fcr kann die Midlayer die Hardshell gelegentlich ersetzen): <a href=\"https:\/\/www.bergfreunde.de\/mammut-eiswand-advanced-midlayer-hooded-jacket-fleecejacke\/\">Mammut Eiswand Advanced Midlayer Hooded Jacket Fleecejacke<\/a><\/li>\n\n\n\n<li>Fleecehose (nur bei extremer K\u00e4lte notwendig): <a href=\"https:\/\/www.bergfreunde.de\/mountain-equipment-eclipse-pant-fleecehose\/\">MOUNTAIN EQUIPMENT-Eclipse Pant &#8211; Fleecehose<\/a><\/li>\n<\/ul>\n\n\n\n<h3 class=\"wp-block-heading\"><strong>Au\u00dfenlage\/Hardshell, 3-lagig<\/strong><\/h3>\n\n\n\n<ul class=\"wp-block-list\">\n<li><a href=\"https:\/\/www.berg-freunde.ch\/regenjacken\/\">Regenjacke<\/a>: <a href=\"https:\/\/www.bergfreunde.de\/millet-kamet-light-gtx-jacket-regenjacke\/\">Millet Kamel Light GTX Jacket Regenjacke<\/a><\/li>\n\n\n\n<li>g\u00fcnstigere Regenjacke: <a href=\"https:\/\/www.bergfreunde.de\/artilect-darkstart-fusion-jacket-kunstfaserjacke\/\">ARTILECT-Darkstart Fusion Jacket &#8211; Kunstfaserjacke<\/a><\/li>\n\n\n\n<li><a href=\"https:\/\/www.berg-freunde.ch\/regenhosen\/\">Regenhose<\/a> mit weitem Schnitt, g\u00fcnstiger: <a href=\"https:\/\/www.bergfreunde.de\/patagonia-torrentshell-3l-pants-regenhose-bf\/\">PATAGONIA-Torrentshell 3L Pants &#8211; Regenhose<\/a><\/li>\n\n\n\n<li>Regenhose, klassischer Schnitt, teurer: <a href=\"https:\/\/www.bergfreunde.de\/ortovox-westalpen-3l-light-pants-regenhose\/\">Ortovox Westalpen 3L light Pants Regenhose<\/a><\/li>\n<\/ul>\n\n\n\n<h3 class=\"wp-block-heading\">Worauf muss ich bei Hochtouren achten?<\/h3>\n\n\n\n<p>K\u00e4lte, wegen der d\u00fcnneren Luft oft trockene K\u00e4lte, Wind st\u00e4rker als im Tal, <strong>N\u00e4sseschutz<\/strong> wichtig \u2013 zwar nicht mehr Regen als \u201eunten\u201c, aber die <strong>Ausk\u00fchlung<\/strong> hat ernstere Auswirkungen. Sehr schnelle und intensive Wechsel von Temperatur und Wetter m\u00f6glich \u2013 deshalb sollte alles leicht handzuhaben sein, also beispielsweise keine umst\u00e4ndlichen Knopfleisten und Schn\u00fcrungen. Egal wie lang die Tour &#8211; <strong>geringes Gewicht<\/strong> wird meist angestrebt, deshalb m\u00f6glichst wenig Klamottenwechsel \u2013 sollten also Schmutz, Schwei\u00df und Mief aushalten k\u00f6nnen.<\/p>\n\n\n\n<p><strong>K\u00f6rperliche Anforderungen und Besonderheiten<\/strong>: sehr viel <strong>Bewegungsspielraum<\/strong> gefordert, selbst bei reinen \u201e<strong>Gletscherhatschern<\/strong>\u201c. Denn es wird nicht nur gelaufen und gestiegen, sondern auch mit dem Material hantiert, <a href=\"https:\/\/www.bergfreunde.de\/steigeisen\/\">Steigeisen<\/a> in irgendwelchen engen Nischen oder auf kleinen Abs\u00e4tzen angezogen. Wenn dann die Klamotten spannen oder verrutschen, ist das nervig. Deshalb ist <strong>Stretchmaterial<\/strong> sehr angenehm. Besser etwas enger und daf\u00fcr elastisch als weit, denn das flattert herum und bleibt h\u00e4ngen.<\/p>\n\n\n\n<p>Ins Thema <a href=\"https:\/\/www.berg-freunde.ch\/blog\/das-1x1-der-bergklamotten-hochtourenbekleidung-eine-uebersicht\/\"><strong>Kleidung auf Hochtour<\/strong><\/a> kannst du dich \u00fcbrigens hier im Basislager weiter vertiefen.<\/p>\n\n\n\n<h2 class=\"wp-block-heading\" id=\"h-zwiebelprinzip-fur-trekking-wandern\">Zwiebelprinzip f\u00fcr Trekking\/Wandern<\/h2>\n\n\n<div class=\"wp-block-image is-resized\">\n<figure class=\"alignright\"><a href=\"https:\/\/www.bergfreunde.de\/blog\/wp-content\/uploads\/2021\/05\/the-north-face-quest-fullzip-jacket-fleecejacke-1.jpg\"><img decoding=\"async\" src=\"https:\/\/www.bergfreunde.de\/blog\/wp-content\/uploads\/2021\/05\/the-north-face-quest-fullzip-jacket-fleecejacke-1.jpg\" alt=\"\" class=\"wp-image-44669\" style=\"width:205px;height:auto\"\/><\/a><figcaption class=\"wp-element-caption\"><a href=\"https:\/\/www.berg-freunde.ch\/marken\/the-north-face\/\">The North Face<\/a> <a href=\"https:\/\/www.berg-freunde.ch\/fleecejacken\/\">Fleecejacke<\/a><\/figcaption><\/figure>\n<\/div>\n\n\n<h3 class=\"wp-block-heading\"><strong>Baselayer<\/strong><\/h3>\n\n\n\n<ul class=\"wp-block-list\">\n<li>Wintertaugliches Komplettset mit Hose: <a href=\"https:\/\/www.bergfreunde.de\/supernatural-base-turtle-neck-175-merinounterwaesche\/\">Supernatural Base Turtle Neck Merinounterw\u00e4sche<\/a><\/li>\n\n\n\n<li>Kunstfaseroberteil mit <a href=\"https:\/\/www.bergfreunde.de\/p\/polygiene\/\">Polygiene<\/a>, g\u00fcnstiger als Merino: <a href=\"https:\/\/www.bergfreunde.de\/the-north-face-quest-fullzip-jacket-fleecejacke\/\">THE NORTH FACE-Quest Fullzip Jacket &#8211; Fleecejacke<\/a><\/li>\n<\/ul>\n\n\n\n<h3 class=\"wp-block-heading\"><strong>Mittlere Lage<\/strong>\/Midlayer:<\/h3>\n\n\n\n<ul class=\"wp-block-list\">\n<li><a href=\"https:\/\/www.bergfreunde.de\/blog\/wp-content\/uploads\/2021\/05\/the-north-face-quest-fullzip-jacket-fleecejacke-1.jpg\"><\/a>Fleecejacke: <a href=\"https:\/\/www.bergfreunde.de\/the-north-face-quest-fullzip-jacket-fleecejacke\/\">The North Face Quest Fullzip Jacket Fleecejacke<\/a><\/li>\n\n\n\n<li>isolierend: <a href=\"https:\/\/www.bergfreunde.de\/mammut-innominata-light-midlayer-jacket-fleecejacke\/\">Mammut Innominata Light Midlayer Jacket Fleecejacke<\/a><\/li>\n\n\n\n<li>Hose (nur bei extremer K\u00e4lte oder im Winter notwendig): <a href=\"https:\/\/www.bergfreunde.de\/mountain-equipment-powerstretch-tight-fleecehose\/\">MOUNTAIN EQUIPMENT-Powerstretch Tight &#8211; Fleecehose<\/a><\/li>\n<\/ul>\n\n\n\n<h2 class=\"wp-block-heading\"><strong>Au\u00dfenlage\/Hardshell<\/strong><\/h2>\n\n\n\n<ul class=\"wp-block-list\">\n<li>Klassische L\u00f6sung: <a href=\"https:\/\/www.bergfreunde.de\/mountain-equipment-odyssey-jacket-regenjacke-bf\/\">MOUNTAIN EQUIPMENT-Odyssey Jacket &#8211; Regenjacke<\/a><\/li>\n\n\n\n<li>Hardshell f\u00fcr winterliche Bedingungen: <a href=\"https:\/\/www.bergfreunde.de\/fjaellraeven-keb-eco-shell-jacket-regenjacke\/\">FJ\u00c4LLR\u00c4VEN-Keb Eco-Shell Jacket &#8211; Regenjacke<\/a><\/li>\n\n\n\n<li><a href=\"https:\/\/www.berg-freunde.ch\/trekkinghosen\/\">Trekkinghose<\/a>: <a href=\"https:\/\/www.bergfreunde.de\/fjaellraeven-vidda-pro-trekkinghose\/\">Fj\u00e4llr\u00e4ven Vidda Pro Trekkinghose<\/a><\/li>\n<\/ul>\n\n\n\n<h3 class=\"wp-block-heading\">Worauf muss ich beim Wandern achten?<\/h3>\n\n\n\n<p>Hier gilt \u00e4hnliches wie bei Hochtouren, nur dass es im Normalfall eine Stufe <strong>entspannter<\/strong> und weniger ernsthaft zugeht. Gleiches gilt f\u00fcr den Unterschied zwischen <strong>Trekking und Wandern<\/strong> \u2013 auch hier gibt es ein Gef\u00e4lle. Nicht nur hinsichtlich der L\u00e4nge der Touren, sondern auch hinsichtlich der extremeren und schneller wechselnden Bedingungen beim Trekking. Es m\u00fcssen \u00f6fter mal Kleidungsst\u00fccke gewaschen und getrocknet werden. Deshalb sollte man beim Trekking lieber mehr und daf\u00fcr <strong>d\u00fcnnere Kleidungsst\u00fccke<\/strong> als wenige dicke Schichten tragen. Und die Kleidung muss deutlich mehr aushalten als ein Wanderoutfit.<\/p>\n\n\n\n<h2 class=\"wp-block-heading\">Zwiebelprinzip f\u00fcr Skitour<\/h2>\n\n\n<div class=\"wp-block-image is-resized\">\n<figure class=\"alignright\"><a href=\"https:\/\/www.bergfreunde.de\/blog\/wp-content\/uploads\/2021\/05\/mountain-equipment-eclipse-pant-fleecehose-1-1.jpg\"><img decoding=\"async\" src=\"https:\/\/www.bergfreunde.de\/blog\/wp-content\/uploads\/2021\/05\/mountain-equipment-eclipse-pant-fleecehose-1-1.jpg\" alt=\"\" class=\"wp-image-44674\" style=\"width:233px;height:auto\"\/><\/a><figcaption class=\"wp-element-caption\"><a href=\"https:\/\/www.berg-freunde.ch\/marken\/mountain-equipment\/\">Mountain Equipment<\/a> Fleecehose<\/figcaption><\/figure>\n<\/div>\n\n\n<h3 class=\"wp-block-heading\"><strong>Baselayer<\/strong>: <\/h3>\n\n\n\n<ul class=\"wp-block-list\">\n<li>Shirt mit Flachn\u00e4hten: <a href=\"https:\/\/www.bergfreunde.de\/devold-breeze-shirt-merinounterwaesche\/\">Devold Merinounterw\u00e4sche Breeze Shirt<\/a><\/li>\n\n\n\n<li>Merinounterw\u00e4sche mit RV und Stehkragen: <a href=\"https:\/\/www.bergfreunde.de\/smartwool-merino-250-baselayer-1-4-zip-boxed-merinounterwaesche\/\">SMARTWOOL-Merino 250 Baselayer 1\/4 Zip Boxed &#8211; Merinounterw\u00e4sche<\/a><\/li>\n\n\n\n<li>Elastische lange Unterhose: <a href=\"https:\/\/www.bergfreunde.de\/icebreaker-200-oasis-leggings-lange-unterhose\/\">ICEBREAKER-200 Oasis Leggings &#8211; Lange Unterhose<\/a><\/li>\n<\/ul>\n\n\n\n<h3 class=\"wp-block-heading\"><strong>Mittlere Lage<\/strong>\/Midlayer:<\/h3>\n\n\n\n<ul class=\"wp-block-list\">\n<li>Isolierende Kunstfaserjacke: <a href=\"https:\/\/www.bergfreunde.de\/mammut-aconcagua-midlayer-jacket-fleecejacke\/\">MAMMUT-Aconcagua Midlayer Jacket &#8211; Fleecejacke<\/a><\/li>\n\n\n\n<li>Isolierende Fleecejacke mit Kapuze: <a href=\"https:\/\/www.bergfreunde.de\/mammut-aenergy-light-midlayer-hooded-jacket-fleecejacke\/\">MAMMUT-Aenergy Light Midlayer Hooded Jacket &#8211; Fleecejacke<\/a><\/li>\n\n\n\n<li>G\u00fcnstiger <a href=\"https:\/\/www.berg-freunde.ch\/fleecepullover\/\">Fleecepullover<\/a>, als zus\u00e4tzliche Midlayer geeignet: <a href=\"https:\/\/www.bergfreunde.de\/odlo-midlayer-full-zip-tencia-fleecejacke\/\">ODLO-Midlayer Full Zip Tencia &#8211; Fleecejacke<\/a><\/li>\n\n\n\n<li>Fleecehose: <a href=\"https:\/\/www.bergfreunde.de\/mountain-equipment-eclipse-pant-fleecehose\/\">Mountain Equipment Eclipse Pant Fleecehose<\/a><\/li>\n<\/ul>\n\n\n\n<h3 class=\"wp-block-heading\"><strong>Au\u00dfenlage\/Hardshell<\/strong>:<\/h3>\n\n\n\n<ul class=\"wp-block-list\">\n<li><a href=\"https:\/\/www.berg-freunde.ch\/skijacken\/\">Skijacke<\/a>: <a href=\"https:\/\/www.bergfreunde.de\/artilect-west-ridge-fusion-jacket-skijacke\/\">ARTILECT-West Ridge Fusion Jacket &#8211; Skijacke<\/a><\/li>\n\n\n\n<li>Skitourenhose: <a href=\"https:\/\/www.bergfreunde.de\/adidas-terrex-terrex-skyclimbing-st-fast-pants-skitourenhose\/\">ADIDAS TERREX-Terrex Skyclimbing ST Fast Pants &#8211; Skitourenhose<\/a><\/li>\n\n\n\n<li>High-End <a href=\"https:\/\/www.berg-freunde.ch\/skihosen\/\">Skihose<\/a>, tiefschneetauglich: <a href=\"https:\/\/www.bergfreunde.de\/ortovox-3l-guardian-shell-pants-skihose\/\">Ortovox 3L Guardian Shell Pants Skihose<\/a><\/li>\n<\/ul>\n\n\n\n<h3 class=\"wp-block-heading\">Worauf muss ich bei Skitouren achten?<\/h3>\n\n\n\n<p>Auch hier bestehen im <strong>Anforderungsprofil<\/strong> nur kleine Unterschiede zur Hochtour. Die Temperaturen gehen noch tiefer in den Keller, und die Abfahrt vom Berg erfordert zus\u00e4tzlichen <strong>Windschutz<\/strong>. Schwitzen ist au\u00dfer bei steilen und anspruchsvollen Touren nicht das Hauptthema. Auf das An- und Ablegen von Klamotten w\u00e4hrend der Tour hat man im Winter noch weniger Lust als im Sommer. Deshalb sind eher wenige Lagen angenehm.<\/p>\n\n\n\n<h2 class=\"wp-block-heading\">Zwiebelprinzip f\u00fcr Trailrunning <\/h2>\n\n\n<div class=\"wp-block-image is-resized\">\n<figure class=\"alignright size-full\"><img decoding=\"async\" width=\"600\" height=\"600\" src=\"https:\/\/www.bergfreunde.de\/blog\/wp-content\/uploads\/2023\/04\/Zwiebelprinzip_Stoic-Merinounterwaesche_original.jpg\" alt=\"Stoic Merinounterw\u00e4sche\" class=\"wp-image-82077\" style=\"width:245px;height:auto\" srcset=\"https:\/\/www.berg-freunde.ch\/blog\/wp-content\/uploads\/2023\/04\/Zwiebelprinzip_Stoic-Merinounterwaesche_original.jpg 600w, https:\/\/www.berg-freunde.ch\/blog\/wp-content\/uploads\/2023\/04\/Zwiebelprinzip_Stoic-Merinounterwaesche_original-300x300.jpg 300w, https:\/\/www.berg-freunde.ch\/blog\/wp-content\/uploads\/2023\/04\/Zwiebelprinzip_Stoic-Merinounterwaesche_original-150x150.jpg 150w\" sizes=\"(max-width: 600px) 100vw, 600px\" \/><figcaption class=\"wp-element-caption\">Stoic Merinounterw\u00e4sche<\/figcaption><\/figure>\n<\/div>\n\n\n<h3 class=\"wp-block-heading\"><strong>Baselayer<\/strong>:<\/h3>\n\n\n\n<ul class=\"wp-block-list\">\n<li>Kunstfaser-Hose f\u00fcr kalte Tage: <a href=\"https:\/\/www.bergfreunde.de\/odlo-base-layer-bottom-long-active-warm-eco-kunstfaserunterwaesche\/\">ODLO-Base Layer Bottom Long Active Warm Eco &#8211; Kunstfaserunterw\u00e4sche<\/a><\/li>\n\n\n\n<li>Oberteil mit Merinowolle: <a href=\"https:\/\/www.bergfreunde.de\/stoic-merino180-bjoernenst-ii-l-s-merinounterwaesche\/\">STOIC-Merino180 BjoernenSt. II L\/S &#8211; Merinounterw\u00e4sche<\/a><\/li>\n<\/ul>\n\n\n\n<h3 class=\"wp-block-heading\"><strong>Mittlere Lage<\/strong>\/Midlayer:<\/h3>\n\n\n\n<ul class=\"wp-block-list\">\n<li>Laufshirt: <a href=\"https:\/\/www.bergfreunde.de\/odlo-midlayer-essential-1-2-zip-funktionsshirt\/\">ODLO-Midlayer Essential 1\/2 Zip &#8211; Funktionsshirt<\/a><\/li>\n\n\n\n<li>Winddichte und geruchshemmende <a href=\"https:\/\/www.berg-freunde.ch\/laufhosen\/\">Laufhose<\/a>: <a href=\"https:\/\/www.bergfreunde.de\/patagonia-wind-shield-pants-laufhose\/?aid=45121db47ed4d13acc4967063ae0f097&amp;cnid=852bba9959ca25fe635dc4001a81d4a3\">Patagonia Wind Shield Pants Laufhose<\/a><\/li>\n<\/ul>\n\n\n\n<h3 class=\"wp-block-heading\"><strong>Au\u00dfenlage\/Hardshell<\/strong><\/h3>\n\n\n\n<ul class=\"wp-block-list\">\n<li>Winddichte, ultraleichte <a href=\"https:\/\/www.berg-freunde.ch\/laufjacken\/\">Laufjacke<\/a>: <a href=\"https:\/\/www.bergfreunde.de\/endurance-earlington-jacket-laufjacke\/\">ENDURANCE-Earlington Jacket &#8211; Laufjacke<\/a><\/li>\n\n\n\n<li>Ultraleichte Laufhose: <a href=\"https:\/\/www.bergfreunde.de\/on-running-pants-laufhose\/\">ON-Running Pants &#8211; Laufhose<\/a><a href=\"https:\/\/www.bergfreunde.de\/on-running-pants-laufhose\/#reviews-overview\"><\/a><\/li>\n<\/ul>\n\n\n\n<h3 class=\"wp-block-heading\">Worauf muss ich beim Trailrunning achten?<\/h3>\n\n\n\n<p>Hier ist maximale <strong>Atmungsaktivit\u00e4t<\/strong> gefragt, w\u00e4hrend K\u00e4lte und Wind eher untergeordnete Faktoren sind. So lange man in Bewegung bleibt. Die entscheidende Frage ist, ob man nach dem Lauf schnell ins Warme kommt, oder noch f\u00fcr l\u00e4ngere Zeit drau\u00dfen\/oben am Berg verweilt. Im Normalfall werden jedenfalls eine d\u00fcnne <strong>Isolationsschicht<\/strong> und eine leichte Hardshell reichen. Das Motto hei\u00dft \u201eLeicht und aerodynamisch\u201c.<\/p>\n\n\n\n<h2 class=\"wp-block-heading\">Zwiebelprinzip f\u00fcrs Klettern oder Bouldern <\/h2>\n\n\n\n<p><strong>Baselayer<\/strong><\/p>\n\n\n\n<ul class=\"wp-block-list\">\n<li>Kunstfaser-Merino-Mix, Langarm: <a href=\"https:\/\/www.bergfreunde.de\/ortovox-150-cool-logo-l-s-merinoshirt\/\">ORTOVOX-150 Cool Logo L\/S &#8211; Merinoshirt<\/a><\/li>\n\n\n\n<li>Mix mit Merino, Kurzarm: <a href=\"https:\/\/www.bergfreunde.de\/ortovox-150-cool-logo-t-shirt-merinoshirt\/\">ORTOVOX-150 Cool Logo T-Shirt &#8211; Merinoshirt<\/a><\/li>\n\n\n\n<li>Merinounterw\u00e4sche: <a href=\"https:\/\/www.bergfreunde.de\/supernatural-base-3-4-tight-230-merinounterwaesche\/\">SUPER.NATURAL-Base 3\/4 Tight 230 &#8211; Merinounterw\u00e4sche<\/a><\/li>\n<\/ul>\n\n\n\n<h3 class=\"wp-block-heading\"><strong>Mittlere Lage<\/strong>\/Midlayer:<\/h3>\n\n\n\n<ul class=\"wp-block-list\">\n<li>Fleecejacke: <a href=\"https:\/\/www.bergfreunde.de\/stoic-merino260-stadjanst-jacket-merinojacke\/\">STOIC-Merino260 StadjanSt. Jacket &#8211; Merinojacke<\/a><\/li>\n\n\n\n<li>Kletterhose f\u00fcr Bouldern, Halle, Sportklettern: <a href=\"https:\/\/www.bergfreunde.de\/rafiki-crag-kletterhose\/\">RAFIKI-Crag &#8211; Kletterhose<\/a><\/li>\n<\/ul>\n\n\n\n<h3 class=\"wp-block-heading\"><strong>Au\u00dfenlage\/Hardshell<\/strong><\/h3>\n\n\n\n<ul class=\"wp-block-list\">\n<li>Helmtaugliche Regenjacke, f\u00fcrs Alpinklettern: <a href=\"https:\/\/www.bergfreunde.de\/arcteryx-alpha-sv-jacket-regenjacke\/\">ARC&#8217;TERYX-Alpha SV Jacket &#8211; Regenjacke<\/a><\/li>\n\n\n\n<li>Regenhose: <a href=\"https:\/\/www.bergfreunde.de\/ortovox-pala-pants-kletterhose\/\">ORTOVOX-Pala Pants &#8211; Kletterhose<\/a><\/li>\n<\/ul>\n\n\n\n<h3 class=\"wp-block-heading\">Worauf muss ich beim Klettern\/Bouldern achten??<\/h3>\n\n\n\n<p>W\u00e4hrend bei den anderen Disziplinen oft kontinuierliche, gleichm\u00e4\u00dfige Bewegungsphasen vorherrschen, hat man hier oftmals ein <strong>Stop and Go<\/strong> mit abwechselnd sehr intensiver und dann wieder sehr geringer <strong>Bewegungsaktivit\u00e4t<\/strong>. Je nachdem, wie lang und schwierig die Klettertour ist, ergeben sich unterschiedlich lange bewegungsarme Phasen beim Sichern und an den Standpl\u00e4tzen.<\/p>\n\n\n\n<p><strong>Ein typisches Szenario<\/strong>: gerade noch haben athletische Z\u00fcge in der sonnenbeschienenen Felswand f\u00fcr fette Schwei\u00dfperlen gesorgt, aber jetzt steht man wenige Meter oberhalb am Standplatz im Schatten und es kommt Wind auf. Nun sollte im Idealfall eine einzelne, ausreichend dicke <strong>Isolierschicht<\/strong> griffbereit sein. So ein <strong>Daunen- oder Kunstfaserj\u00e4ckchen<\/strong> ist in der Regel auch automatisch ein guter Windschutz, selbst dann, wenn nicht explizit <a href=\"https:\/\/www.bergfreunde.de\/windjacken\/\">Windstopper<\/a> oder \u00e4hnliches verarbeitet ist. Sich mehrere d\u00fcnne Lagen umst\u00e4ndlich und zeitraubend \u00fcberzustreifen, ist angesichts von wenig Platz und oftmals auch engem Zeitplan nicht die Ideall\u00f6sung.<\/p>\n\n\n\n<p>Beim <strong>Bouldern<\/strong> kann man all diese \u00dcberlegungen recht entspannt angehen, denn man ist in der Regel nicht weit vom n\u00e4chsten Hotelzimmer, <a href=\"https:\/\/www.bergfreunde.de\/zelte\/\">Zelt<\/a> oder Wohnmobil entfernt. Man ist auch eher selten heftigen Wechseln der <strong>Wetter- und Au\u00dfenbedingungen<\/strong> ausgesetzt. Auf Beweglichkeit kommt es hingegen sehr stark an, weshalb sich hier eher wenige Lagen empfehlen.<\/p>\n\n\n\n<h2 class=\"wp-block-heading\">Zwiebelprinzip f\u00fcrs Radfahren<\/h2>\n\n\n<div class=\"wp-block-image is-resized\">\n<figure class=\"alignright\"><a href=\"https:\/\/www.bergfreunde.de\/blog\/wp-content\/uploads\/2021\/05\/loeffler-bike-jacket-pace-primaloft-next-fahrradjacke.jpg\"><img decoding=\"async\" src=\"https:\/\/www.bergfreunde.de\/blog\/wp-content\/uploads\/2021\/05\/loeffler-bike-jacket-pace-primaloft-next-fahrradjacke.jpg\" alt=\"\" class=\"wp-image-44672\" style=\"width:252px;height:auto\"\/><\/a><figcaption class=\"wp-element-caption\">Loeffler <a href=\"https:\/\/www.berg-freunde.ch\/velojacken\/\">Fahrradjacke<\/a><\/figcaption><\/figure>\n<\/div>\n\n\n<h3 class=\"wp-block-heading\"><strong>Baselayer<\/strong>:<\/h3>\n\n\n\n<ul class=\"wp-block-list\">\n<li>Merino: <a href=\"https:\/\/www.bergfreunde.de\/devold-jakta-merino-200-shirt-merinounterwaesche\/\">DEVOLD-Jakta Merino 200 Shirt &#8211; Merinounterw\u00e4sche<\/a><\/li>\n\n\n\n<li>Merino: <a href=\"https:\/\/www.bergfreunde.de\/rewoolution-tommy-longsleeve\/\">REWOOLUTION-Tommy &#8211; Longsleeve<\/a><\/li>\n\n\n\n<li>Radunterhose aus Kunstfaser: <a href=\"https:\/\/www.bergfreunde.de\/ion-in-shorts-plus-radunterhose\/\">Ion in shorts plus Radunterhose<\/a><\/li>\n<\/ul>\n\n\n\n<h3 class=\"wp-block-heading\"><strong>Mittlere Lage<\/strong>\/Midlayer:<\/h3>\n\n\n\n<ul class=\"wp-block-list\">\n<li>Radtrikot: <a href=\"https:\/\/www.bergfreunde.de\/ktm-factory-team-jersey-shortsleeve-radtrikot\/\">KTM-Factory Team Jersey Shortsleeve &#8211; Radtrikot<\/a><a href=\"https:\/\/www.bergfreunde.de\/ktm-factory-team-jersey-shortsleeve-radtrikot\/?cnid=0f8617788ef303f72838c2a16e5e39cd#contributionstream\"><\/a><\/li>\n<\/ul>\n\n\n\n<h3 class=\"wp-block-heading\">Au\u00dfenlage\/Hardshell:<\/h3>\n\n\n\n<ul class=\"wp-block-list\">\n<li>Fahrradjacke: <a href=\"https:\/\/www.bergfreunde.de\/loeffler-bike-jacket-pace-primaloft-next-fahrradjacke\/\">Loeffler Bike Jacket Pace Primaloft Next Fahrradjacke<\/a><\/li>\n\n\n\n<li>Radhose, vielseitig, g\u00fcnstig: <a href=\"https:\/\/www.bergfreunde.de\/vaude-fluid-pants-ii-radhose\/\">VAUDE Fluid Pants Radhose<\/a><\/li>\n\n\n\n<li>Radhose, sportlich, aerodynamisch: <a href=\"https:\/\/www.bergfreunde.de\/endura-mt500-spray-hose-radhose\/\">ENDURA MT500 Spray Hose Radhose<\/a><\/li>\n<\/ul>\n\n\n\n<h3 class=\"wp-block-heading\">Worauf ist bei Radbekleidung zu achten?<\/h3>\n\n\n\n<p>Zun\u00e4chst einmal k\u00f6nnte man hier diverse <strong>Unterdisziplinen<\/strong> wie Mountainbike, Rennrad, usw. ber\u00fccksichtigen. Aber bleiben wir der Einfachheit halber beim vielseitigen Standardszenario, in dem wir mit dem Bike zum Berg fahren. Dabei geht es mal \u00fcber Landstra\u00dfen, mal \u00fcber unbefestigte Wege, ohne, dass es zu extremem Bergauf oder Bergab kommt. Dann bleiben der <strong>Windschutz<\/strong> und die <strong>Flexibilit\u00e4t<\/strong> bei aerodynamischer Passform als wichtigste spezifische Anforderung an die Bekleidung \u00fcber. Mit einer Gore <a href=\"https:\/\/www.berg-freunde.ch\/windjacken\/\">Windstopper<\/a> Membran ist man auf dem Bike immer auf der sicheren Seite.<\/p>\n","protected":false},"excerpt":{"rendered":"<p>Wenn die Temperaturen schwanken, der Regen kommt und geht, und die Intensit\u00e4t k\u00f6rperlicher Aktivit\u00e4ten wechselt, ger\u00e4t der K\u00f6rper schnell vom Frieren ins Schwitzen und wieder zur\u00fcck. Es sei denn, man ist eingekleidet wie eine Zwiebel \u2013 in mehreren passend zueinander angeordneten Schichten. Von diesem Zwiebelprinzip beim richtigen Einkleiden hat jeder irgendwo schonmal geh\u00f6rt. Aber warum [&hellip;]<\/p>\n","protected":false},"author":25,"featured_media":81937,"comment_status":"open","ping_status":"closed","sticky":false,"template":"","format":"standard","meta":{"_acf_changed":false,"footnotes":""},"categories":[284],"tags":[269,271,276],"post_folder":[],"class_list":["post-71589","post","type-post","status-publish","format-standard","has-post-thumbnail","hentry","category-praxiswissen","tag-bergsteigen","tag-camping-reisen","tag-wandern-trekking"],"acf":[],"yoast_head":"<!-- This site is optimized with the Yoast SEO Premium plugin v27.4 (Yoast SEO v27.4) - https:\/\/yoast.com\/product\/yoast-seo-premium-wordpress\/ -->\n<title>Das Zwiebelprinzip - Schwitzen ist unerw\u00fcnscht | Bergfreunde<\/title>\n<meta name=\"description\" content=\"Wenn die Temperaturen schwanken, der Regen kommt und geht, und die Intensit\u00e4t k\u00f6rperlicher Aktivit\u00e4ten wechselt, ger\u00e4t der K\u00f6rper schnell vom Frieren ins\" \/>\n<meta name=\"robots\" content=\"index, follow, max-snippet:-1, max-image-preview:large, max-video-preview:-1\" \/>\n<link rel=\"canonical\" href=\"https:\/\/www.berg-freunde.ch\/blog\/das-zwiebelprinzip-schwitzen-ist-unerwuenscht\/\" \/>\n<meta property=\"og:locale\" content=\"de_DE\" \/>\n<meta property=\"og:type\" content=\"article\" \/>\n<meta property=\"og:title\" content=\"Das Zwiebelprinzip - Schwitzen ist unerw\u00fcnscht\" \/>\n<meta property=\"og:description\" content=\"Wenn die Temperaturen schwanken, der Regen kommt und geht, und die Intensit\u00e4t k\u00f6rperlicher Aktivit\u00e4ten wechselt, ger\u00e4t der K\u00f6rper schnell vom Frieren ins\" \/>\n<meta property=\"og:url\" content=\"https:\/\/www.berg-freunde.ch\/blog\/das-zwiebelprinzip-schwitzen-ist-unerwuenscht\/\" \/>\n<meta property=\"og:site_name\" content=\"Bergfreunde\" \/>\n<meta property=\"article:publisher\" content=\"https:\/\/www.facebook.com\/bergfreunde\" \/>\n<meta property=\"article:published_time\" content=\"2022-10-27T15:04:00+00:00\" \/>\n<meta property=\"article:modified_time\" content=\"2026-04-28T07:34:09+00:00\" \/>\n<meta property=\"og:image\" content=\"https:\/\/www.bergfreunde.de\/blog\/wp-content\/uploads\/2013\/10\/20230418_Zwiebelprinzip_Titel.jpg\" \/>\n\t<meta property=\"og:image:width\" content=\"1440\" \/>\n\t<meta property=\"og:image:height\" content=\"590\" \/>\n\t<meta property=\"og:image:type\" content=\"image\/jpeg\" \/>\n<meta name=\"author\" content=\"Gastautorin\" \/>\n<meta name=\"twitter:card\" content=\"summary_large_image\" \/>\n<meta name=\"twitter:label1\" content=\"Geschrieben von\" \/>\n\t<meta name=\"twitter:data1\" content=\"Gastautorin\" \/>\n\t<meta name=\"twitter:label2\" content=\"Gesch\u00e4tzte Lesezeit\" \/>\n\t<meta name=\"twitter:data2\" content=\"13\u00a0Minuten\" \/>\n<script type=\"application\/ld+json\" class=\"yoast-schema-graph\">{\"@context\":\"https:\\\/\\\/schema.org\",\"@graph\":[{\"@type\":[\"Article\",\"BlogPosting\"],\"@id\":\"https:\\\/\\\/www.berg-freunde.ch\\\/blog\\\/das-zwiebelprinzip-schwitzen-ist-unerwuenscht\\\/#article\",\"isPartOf\":{\"@id\":\"https:\\\/\\\/www.berg-freunde.ch\\\/blog\\\/das-zwiebelprinzip-schwitzen-ist-unerwuenscht\\\/\"},\"author\":{\"name\":\"Gastautorin\",\"@id\":\"https:\\\/\\\/www.berg-freunde.ch\\\/blog\\\/#\\\/schema\\\/person\\\/b2501727decd6d6c101a99837dfde824\"},\"headline\":\"Das Zwiebelprinzip &#8211; Schwitzen ist unerw\u00fcnscht\",\"datePublished\":\"2022-10-27T15:04:00+00:00\",\"dateModified\":\"2026-04-28T07:34:09+00:00\",\"mainEntityOfPage\":{\"@id\":\"https:\\\/\\\/www.berg-freunde.ch\\\/blog\\\/das-zwiebelprinzip-schwitzen-ist-unerwuenscht\\\/\"},\"wordCount\":2536,\"commentCount\":5,\"publisher\":{\"@id\":\"https:\\\/\\\/www.berg-freunde.ch\\\/blog\\\/#organization\"},\"image\":{\"@id\":\"https:\\\/\\\/www.berg-freunde.ch\\\/blog\\\/das-zwiebelprinzip-schwitzen-ist-unerwuenscht\\\/#primaryimage\"},\"thumbnailUrl\":\"https:\\\/\\\/www.berg-freunde.ch\\\/blog\\\/wp-content\\\/uploads\\\/2013\\\/10\\\/20230418_Zwiebelprinzip_Titel.jpg\",\"keywords\":[\"Bergsteigen &amp; Hochtouren\",\"Camping &amp; Reisen\",\"Wandern &amp; Trekking\"],\"articleSection\":[\"Praxiswissen\"],\"inLanguage\":\"de-CH\",\"potentialAction\":[{\"@type\":\"CommentAction\",\"name\":\"Comment\",\"target\":[\"https:\\\/\\\/www.berg-freunde.ch\\\/blog\\\/das-zwiebelprinzip-schwitzen-ist-unerwuenscht\\\/#respond\"]}]},{\"@type\":\"WebPage\",\"@id\":\"https:\\\/\\\/www.berg-freunde.ch\\\/blog\\\/das-zwiebelprinzip-schwitzen-ist-unerwuenscht\\\/\",\"url\":\"https:\\\/\\\/www.berg-freunde.ch\\\/blog\\\/das-zwiebelprinzip-schwitzen-ist-unerwuenscht\\\/\",\"name\":\"Das Zwiebelprinzip - Schwitzen ist unerw\u00fcnscht | Bergfreunde\",\"isPartOf\":{\"@id\":\"https:\\\/\\\/www.berg-freunde.ch\\\/blog\\\/#website\"},\"primaryImageOfPage\":{\"@id\":\"https:\\\/\\\/www.berg-freunde.ch\\\/blog\\\/das-zwiebelprinzip-schwitzen-ist-unerwuenscht\\\/#primaryimage\"},\"image\":{\"@id\":\"https:\\\/\\\/www.berg-freunde.ch\\\/blog\\\/das-zwiebelprinzip-schwitzen-ist-unerwuenscht\\\/#primaryimage\"},\"thumbnailUrl\":\"https:\\\/\\\/www.berg-freunde.ch\\\/blog\\\/wp-content\\\/uploads\\\/2013\\\/10\\\/20230418_Zwiebelprinzip_Titel.jpg\",\"datePublished\":\"2022-10-27T15:04:00+00:00\",\"dateModified\":\"2026-04-28T07:34:09+00:00\",\"description\":\"Wenn die Temperaturen schwanken, der Regen kommt und geht, und die Intensit\u00e4t k\u00f6rperlicher Aktivit\u00e4ten wechselt, ger\u00e4t der K\u00f6rper schnell vom Frieren ins\",\"breadcrumb\":{\"@id\":\"https:\\\/\\\/www.berg-freunde.ch\\\/blog\\\/das-zwiebelprinzip-schwitzen-ist-unerwuenscht\\\/#breadcrumb\"},\"inLanguage\":\"de-CH\",\"potentialAction\":[{\"@type\":\"ReadAction\",\"target\":[\"https:\\\/\\\/www.berg-freunde.ch\\\/blog\\\/das-zwiebelprinzip-schwitzen-ist-unerwuenscht\\\/\"]}]},{\"@type\":\"ImageObject\",\"inLanguage\":\"de-CH\",\"@id\":\"https:\\\/\\\/www.berg-freunde.ch\\\/blog\\\/das-zwiebelprinzip-schwitzen-ist-unerwuenscht\\\/#primaryimage\",\"url\":\"https:\\\/\\\/www.berg-freunde.ch\\\/blog\\\/wp-content\\\/uploads\\\/2013\\\/10\\\/20230418_Zwiebelprinzip_Titel.jpg\",\"contentUrl\":\"https:\\\/\\\/www.berg-freunde.ch\\\/blog\\\/wp-content\\\/uploads\\\/2013\\\/10\\\/20230418_Zwiebelprinzip_Titel.jpg\",\"width\":1440,\"height\":590},{\"@type\":\"BreadcrumbList\",\"@id\":\"https:\\\/\\\/www.berg-freunde.ch\\\/blog\\\/das-zwiebelprinzip-schwitzen-ist-unerwuenscht\\\/#breadcrumb\",\"itemListElement\":[{\"@type\":\"ListItem\",\"position\":1,\"name\":\"Blog\",\"item\":\"https:\\\/\\\/www.berg-freunde.ch\\\/blog\\\/\"},{\"@type\":\"ListItem\",\"position\":2,\"name\":\"Know-How\",\"item\":\"https:\\\/\\\/www.berg-freunde.ch\\\/blog\\\/category\\\/know-how\\\/\"},{\"@type\":\"ListItem\",\"position\":3,\"name\":\"Praxiswissen\",\"item\":\"https:\\\/\\\/www.berg-freunde.ch\\\/blog\\\/category\\\/know-how\\\/praxiswissen\\\/\"},{\"@type\":\"ListItem\",\"position\":4,\"name\":\"Das Zwiebelprinzip &#8211; Schwitzen ist unerw\u00fcnscht\"}]},{\"@type\":\"WebSite\",\"@id\":\"https:\\\/\\\/www.berg-freunde.ch\\\/blog\\\/#website\",\"url\":\"https:\\\/\\\/www.berg-freunde.ch\\\/blog\\\/\",\"name\":\"Bergfreunde\",\"description\":\"Blog\",\"publisher\":{\"@id\":\"https:\\\/\\\/www.berg-freunde.ch\\\/blog\\\/#organization\"},\"potentialAction\":[{\"@type\":\"SearchAction\",\"target\":{\"@type\":\"EntryPoint\",\"urlTemplate\":\"https:\\\/\\\/www.berg-freunde.ch\\\/blog\\\/?s={search_term_string}\"},\"query-input\":{\"@type\":\"PropertyValueSpecification\",\"valueRequired\":true,\"valueName\":\"search_term_string\"}}],\"inLanguage\":\"de-CH\"},{\"@type\":\"Organization\",\"@id\":\"https:\\\/\\\/www.berg-freunde.ch\\\/blog\\\/#organization\",\"name\":\"Bergfreunde\",\"url\":\"https:\\\/\\\/www.berg-freunde.ch\\\/blog\\\/\",\"logo\":{\"@type\":\"ImageObject\",\"inLanguage\":\"de-CH\",\"@id\":\"https:\\\/\\\/www.berg-freunde.ch\\\/blog\\\/#\\\/schema\\\/logo\\\/image\\\/\",\"url\":\"https:\\\/\\\/www.berg-freunde.ch\\\/blog\\\/wp-content\\\/uploads\\\/2023\\\/12\\\/Bergfreunde_DE_rgb.svg\",\"contentUrl\":\"https:\\\/\\\/www.berg-freunde.ch\\\/blog\\\/wp-content\\\/uploads\\\/2023\\\/12\\\/Bergfreunde_DE_rgb.svg\",\"caption\":\"Bergfreunde\"},\"image\":{\"@id\":\"https:\\\/\\\/www.berg-freunde.ch\\\/blog\\\/#\\\/schema\\\/logo\\\/image\\\/\"},\"sameAs\":[\"https:\\\/\\\/www.facebook.com\\\/bergfreunde\",\"https:\\\/\\\/www.instagram.com\\\/bergfreundede\\\/\"]},{\"@type\":\"Person\",\"@id\":\"https:\\\/\\\/www.berg-freunde.ch\\\/blog\\\/#\\\/schema\\\/person\\\/b2501727decd6d6c101a99837dfde824\",\"name\":\"Gastautorin\",\"url\":\"https:\\\/\\\/www.berg-freunde.ch\\\/blog\\\/about\\\/gastautorin\\\/\"}]}<\/script>\n<!-- \/ Yoast SEO Premium plugin. -->","yoast_head_json":{"title":"Das Zwiebelprinzip - Schwitzen ist unerw\u00fcnscht | Bergfreunde","description":"Wenn die Temperaturen schwanken, der Regen kommt und geht, und die Intensit\u00e4t k\u00f6rperlicher Aktivit\u00e4ten wechselt, ger\u00e4t der K\u00f6rper schnell vom Frieren ins","robots":{"index":"index","follow":"follow","max-snippet":"max-snippet:-1","max-image-preview":"max-image-preview:large","max-video-preview":"max-video-preview:-1"},"canonical":"https:\/\/www.berg-freunde.ch\/blog\/das-zwiebelprinzip-schwitzen-ist-unerwuenscht\/","og_locale":"de_DE","og_type":"article","og_title":"Das Zwiebelprinzip - Schwitzen ist unerw\u00fcnscht","og_description":"Wenn die Temperaturen schwanken, der Regen kommt und geht, und die Intensit\u00e4t k\u00f6rperlicher Aktivit\u00e4ten wechselt, ger\u00e4t der K\u00f6rper schnell vom Frieren ins","og_url":"https:\/\/www.berg-freunde.ch\/blog\/das-zwiebelprinzip-schwitzen-ist-unerwuenscht\/","og_site_name":"Bergfreunde","article_publisher":"https:\/\/www.facebook.com\/bergfreunde","article_published_time":"2022-10-27T15:04:00+00:00","article_modified_time":"2026-04-28T07:34:09+00:00","og_image":[{"width":1440,"height":590,"url":"https:\/\/www.bergfreunde.de\/blog\/wp-content\/uploads\/2013\/10\/20230418_Zwiebelprinzip_Titel.jpg","type":"image\/jpeg"}],"author":"Gastautorin","twitter_card":"summary_large_image","twitter_misc":{"Geschrieben von":"Gastautorin","Gesch\u00e4tzte Lesezeit":"13\u00a0Minuten"},"schema":{"@context":"https:\/\/schema.org","@graph":[{"@type":["Article","BlogPosting"],"@id":"https:\/\/www.berg-freunde.ch\/blog\/das-zwiebelprinzip-schwitzen-ist-unerwuenscht\/#article","isPartOf":{"@id":"https:\/\/www.berg-freunde.ch\/blog\/das-zwiebelprinzip-schwitzen-ist-unerwuenscht\/"},"author":{"name":"Gastautorin","@id":"https:\/\/www.berg-freunde.ch\/blog\/#\/schema\/person\/b2501727decd6d6c101a99837dfde824"},"headline":"Das Zwiebelprinzip &#8211; Schwitzen ist unerw\u00fcnscht","datePublished":"2022-10-27T15:04:00+00:00","dateModified":"2026-04-28T07:34:09+00:00","mainEntityOfPage":{"@id":"https:\/\/www.berg-freunde.ch\/blog\/das-zwiebelprinzip-schwitzen-ist-unerwuenscht\/"},"wordCount":2536,"commentCount":5,"publisher":{"@id":"https:\/\/www.berg-freunde.ch\/blog\/#organization"},"image":{"@id":"https:\/\/www.berg-freunde.ch\/blog\/das-zwiebelprinzip-schwitzen-ist-unerwuenscht\/#primaryimage"},"thumbnailUrl":"https:\/\/www.berg-freunde.ch\/blog\/wp-content\/uploads\/2013\/10\/20230418_Zwiebelprinzip_Titel.jpg","keywords":["Bergsteigen &amp; Hochtouren","Camping &amp; Reisen","Wandern &amp; Trekking"],"articleSection":["Praxiswissen"],"inLanguage":"de-CH","potentialAction":[{"@type":"CommentAction","name":"Comment","target":["https:\/\/www.berg-freunde.ch\/blog\/das-zwiebelprinzip-schwitzen-ist-unerwuenscht\/#respond"]}]},{"@type":"WebPage","@id":"https:\/\/www.berg-freunde.ch\/blog\/das-zwiebelprinzip-schwitzen-ist-unerwuenscht\/","url":"https:\/\/www.berg-freunde.ch\/blog\/das-zwiebelprinzip-schwitzen-ist-unerwuenscht\/","name":"Das Zwiebelprinzip - Schwitzen ist unerw\u00fcnscht | Bergfreunde","isPartOf":{"@id":"https:\/\/www.berg-freunde.ch\/blog\/#website"},"primaryImageOfPage":{"@id":"https:\/\/www.berg-freunde.ch\/blog\/das-zwiebelprinzip-schwitzen-ist-unerwuenscht\/#primaryimage"},"image":{"@id":"https:\/\/www.berg-freunde.ch\/blog\/das-zwiebelprinzip-schwitzen-ist-unerwuenscht\/#primaryimage"},"thumbnailUrl":"https:\/\/www.berg-freunde.ch\/blog\/wp-content\/uploads\/2013\/10\/20230418_Zwiebelprinzip_Titel.jpg","datePublished":"2022-10-27T15:04:00+00:00","dateModified":"2026-04-28T07:34:09+00:00","description":"Wenn die Temperaturen schwanken, der Regen kommt und geht, und die Intensit\u00e4t k\u00f6rperlicher Aktivit\u00e4ten wechselt, ger\u00e4t der K\u00f6rper schnell vom Frieren ins","breadcrumb":{"@id":"https:\/\/www.berg-freunde.ch\/blog\/das-zwiebelprinzip-schwitzen-ist-unerwuenscht\/#breadcrumb"},"inLanguage":"de-CH","potentialAction":[{"@type":"ReadAction","target":["https:\/\/www.berg-freunde.ch\/blog\/das-zwiebelprinzip-schwitzen-ist-unerwuenscht\/"]}]},{"@type":"ImageObject","inLanguage":"de-CH","@id":"https:\/\/www.berg-freunde.ch\/blog\/das-zwiebelprinzip-schwitzen-ist-unerwuenscht\/#primaryimage","url":"https:\/\/www.berg-freunde.ch\/blog\/wp-content\/uploads\/2013\/10\/20230418_Zwiebelprinzip_Titel.jpg","contentUrl":"https:\/\/www.berg-freunde.ch\/blog\/wp-content\/uploads\/2013\/10\/20230418_Zwiebelprinzip_Titel.jpg","width":1440,"height":590},{"@type":"BreadcrumbList","@id":"https:\/\/www.berg-freunde.ch\/blog\/das-zwiebelprinzip-schwitzen-ist-unerwuenscht\/#breadcrumb","itemListElement":[{"@type":"ListItem","position":1,"name":"Blog","item":"https:\/\/www.berg-freunde.ch\/blog\/"},{"@type":"ListItem","position":2,"name":"Know-How","item":"https:\/\/www.berg-freunde.ch\/blog\/category\/know-how\/"},{"@type":"ListItem","position":3,"name":"Praxiswissen","item":"https:\/\/www.berg-freunde.ch\/blog\/category\/know-how\/praxiswissen\/"},{"@type":"ListItem","position":4,"name":"Das Zwiebelprinzip &#8211; Schwitzen ist unerw\u00fcnscht"}]},{"@type":"WebSite","@id":"https:\/\/www.berg-freunde.ch\/blog\/#website","url":"https:\/\/www.berg-freunde.ch\/blog\/","name":"Bergfreunde","description":"Blog","publisher":{"@id":"https:\/\/www.berg-freunde.ch\/blog\/#organization"},"potentialAction":[{"@type":"SearchAction","target":{"@type":"EntryPoint","urlTemplate":"https:\/\/www.berg-freunde.ch\/blog\/?s={search_term_string}"},"query-input":{"@type":"PropertyValueSpecification","valueRequired":true,"valueName":"search_term_string"}}],"inLanguage":"de-CH"},{"@type":"Organization","@id":"https:\/\/www.berg-freunde.ch\/blog\/#organization","name":"Bergfreunde","url":"https:\/\/www.berg-freunde.ch\/blog\/","logo":{"@type":"ImageObject","inLanguage":"de-CH","@id":"https:\/\/www.berg-freunde.ch\/blog\/#\/schema\/logo\/image\/","url":"https:\/\/www.berg-freunde.ch\/blog\/wp-content\/uploads\/2023\/12\/Bergfreunde_DE_rgb.svg","contentUrl":"https:\/\/www.berg-freunde.ch\/blog\/wp-content\/uploads\/2023\/12\/Bergfreunde_DE_rgb.svg","caption":"Bergfreunde"},"image":{"@id":"https:\/\/www.berg-freunde.ch\/blog\/#\/schema\/logo\/image\/"},"sameAs":["https:\/\/www.facebook.com\/bergfreunde","https:\/\/www.instagram.com\/bergfreundede\/"]},{"@type":"Person","@id":"https:\/\/www.berg-freunde.ch\/blog\/#\/schema\/person\/b2501727decd6d6c101a99837dfde824","name":"Gastautorin","url":"https:\/\/www.berg-freunde.ch\/blog\/about\/gastautorin\/"}]}},"_links":{"self":[{"href":"https:\/\/www.berg-freunde.ch\/blog\/wp-json\/wp\/v2\/posts\/71589","targetHints":{"allow":["GET"]}}],"collection":[{"href":"https:\/\/www.berg-freunde.ch\/blog\/wp-json\/wp\/v2\/posts"}],"about":[{"href":"https:\/\/www.berg-freunde.ch\/blog\/wp-json\/wp\/v2\/types\/post"}],"author":[{"embeddable":true,"href":"https:\/\/www.berg-freunde.ch\/blog\/wp-json\/wp\/v2\/users\/25"}],"replies":[{"embeddable":true,"href":"https:\/\/www.berg-freunde.ch\/blog\/wp-json\/wp\/v2\/comments?post=71589"}],"version-history":[{"count":3,"href":"https:\/\/www.berg-freunde.ch\/blog\/wp-json\/wp\/v2\/posts\/71589\/revisions"}],"predecessor-version":[{"id":129548,"href":"https:\/\/www.berg-freunde.ch\/blog\/wp-json\/wp\/v2\/posts\/71589\/revisions\/129548"}],"wp:featuredmedia":[{"embeddable":true,"href":"https:\/\/www.berg-freunde.ch\/blog\/wp-json\/wp\/v2\/media\/81937"}],"wp:attachment":[{"href":"https:\/\/www.berg-freunde.ch\/blog\/wp-json\/wp\/v2\/media?parent=71589"}],"wp:term":[{"taxonomy":"category","embeddable":true,"href":"https:\/\/www.berg-freunde.ch\/blog\/wp-json\/wp\/v2\/categories?post=71589"},{"taxonomy":"post_tag","embeddable":true,"href":"https:\/\/www.berg-freunde.ch\/blog\/wp-json\/wp\/v2\/tags?post=71589"},{"taxonomy":"post_folder","embeddable":true,"href":"https:\/\/www.berg-freunde.ch\/blog\/wp-json\/wp\/v2\/post_folder?post=71589"}],"curies":[{"name":"wp","href":"https:\/\/api.w.org\/{rel}","templated":true}]}}