{"id":71906,"date":"2012-05-11T08:56:03","date_gmt":"2012-05-11T06:56:03","guid":{"rendered":"https:\/\/www.bergfreunde.de\/blog\/salewa-prasentiert-schuhe-mit-verstellbarer-sohlenharte\/"},"modified":"2026-04-28T11:53:32","modified_gmt":"2026-04-28T09:53:32","slug":"salewa-prasentiert-schuhe-mit-verstellbarer-sohlenharte","status":"publish","type":"post","link":"https:\/\/www.berg-freunde.ch\/blog\/salewa-prasentiert-schuhe-mit-verstellbarer-sohlenharte\/","title":{"rendered":"Salewa pr\u00e4sentiert Bergschuhe mit verstellbarer Sohlenh\u00e4rte"},"content":{"rendered":"<div class=\"wp-block-image\">\n<figure class=\"alignleft size-full\"><a href=\"https:\/\/www.bergfreunde.de\/blog\/wp-content\/uploads\/2021\/05\/salewa-flex-sohle-150x150.jpg\"><img decoding=\"async\" width=\"150\" height=\"150\" src=\"https:\/\/www.bergfreunde.de\/blog\/wp-content\/uploads\/2022\/10\/salewa-flex-sohle-150x1501-1.jpg\" alt=\"\" class=\"wp-image-55420\"\/><\/a><figcaption class=\"wp-element-caption\"><a href=\"https:\/\/www.berg-freunde.ch\/marken\/salewa\/\">Salewa<\/a> bietet Sohlen mit FLEX System<\/figcaption><\/figure>\n<\/div>\n\n\n<p>Ein Schraubenzieher im Tourenrucksack? So ein Quatsch, wird man sich denken&#8230;wir wollen ja keine schwedischen M\u00f6belbaus\u00e4tze zusammenschrauben. Und doch k\u00f6nnte es k\u00fcnftig Bergg\u00e4nger geben, die so etwas im Rucksack haben. Schuld daran ist <a title=\"Salewa Markenshop\" href=\"https:\/\/www.bergfreunde.de\/marken\/salewa\/\" target=\"_blank\" rel=\"noopener\">Salewa<\/a>.<\/p>\n\n\n\n<p>Genauer die neueste Generation von <strong>Salewas Sohlensystem, welches in der H\u00e4rte verstellbar ist<\/strong>. Seit gestern ist mit dem <strong>MS Pro Guide <a href=\"https:\/\/www.berg-freunde.ch\/bergschuhe\/\">Bergstiefel<\/a><\/strong> der erste Schuh mit diesem System bei uns im Shop.<\/p>\n\n\n\n<!--more-->\n\n\n\n<h2 class=\"wp-block-heading\" id=\"h-verstellbare-sohlenharte\">Verstellbare Sohlenh\u00e4rte<\/h2>\n\n\n\n<p>Die \u00dcberlegungen von Salewa sind klar: w\u00e4hrend man z.B. im Zustieg in der Regel lieber einen weicheren Schuh bevorzugt, freut man sich auf dem ersten Eisfeld \u00fcber eine &#171;Brettchensohle&#187; f\u00fcr die <a href=\"https:\/\/www.berg-freunde.ch\/steigeisen\/\">Steigeisen<\/a>. Das gleiche wenn man in den <a title=\"Klettersteigausr\u00fcstung bei Bergfreunde.de\" href=\"https:\/\/www.bergfreunde.de\/klettersteig-ausruestung\/\" target=\"_blank\" rel=\"noopener\">Klettersteig<\/a> oder eine Kletterpassage einsteigt. Bislang musste man entweder ein zweites Paar Schuhe mitnehmen (ich kenne niemanden, der das getan hat) oder eben Kompromisse eingehen.<\/p>\n\n\n<div class=\"wp-block-image\">\n<figure class=\"alignright size-full\"><img decoding=\"async\" width=\"150\" height=\"150\" src=\"https:\/\/www.bergfreunde.de\/blog\/wp-content\/uploads\/2022\/10\/salewa-sohle-walk-climb-150x1501-1.jpg\" alt=\"\" class=\"wp-image-55424\"\/><figcaption class=\"wp-element-caption\">Zwischensohle mit Stellschraube<\/figcaption><\/figure>\n<\/div>\n\n\n<p>Salewas L\u00f6sung: eine<strong> flexible Bergsteigersohle<\/strong>, die mit einem Handgriff <strong>100%ig steif<\/strong> wird. Das patentierte Design basiert auf einem Metallb\u00fcgel im Inneren der Sohle. Diese in der Zwischensohle platzierte Stahlfeder kann \u00fcber einen Drehmechanismus an- oder entspannt werden. Das Ergebnis: die l\u00e4sst sich f\u00fcr das Gehen flexibler einstellen und beim Klettern und f\u00fcr Steigeisen komplett versteifen. Der Name des ganzen Sache: <strong>FLEX System<\/strong>.<\/p>\n\n\n\n<p class=\"has-text-align-center\">&nbsp;<\/p>\n\n\n<div class=\"wp-block-image\">\n<figure class=\"aligncenter size-full\"><a href=\"https:\/\/www.bergfreunde.de\/blog\/wp-content\/uploads\/2021\/05\/salewa-flex-sohle-einstellungen-1024x230.jpg\"><img fetchpriority=\"high\" decoding=\"async\" width=\"1024\" height=\"230\" src=\"https:\/\/www.bergfreunde.de\/blog\/wp-content\/uploads\/2022\/11\/salewa-flex-sohle-einstellungen-1024x2301-1.jpg\" alt=\"\" class=\"wp-image-56632\" srcset=\"https:\/\/www.berg-freunde.ch\/blog\/wp-content\/uploads\/2022\/11\/salewa-flex-sohle-einstellungen-1024x2301-1.jpg 1024w, https:\/\/www.berg-freunde.ch\/blog\/wp-content\/uploads\/2022\/11\/salewa-flex-sohle-einstellungen-1024x2301-1-300x67.jpg 300w, https:\/\/www.berg-freunde.ch\/blog\/wp-content\/uploads\/2022\/11\/salewa-flex-sohle-einstellungen-1024x2301-1-768x173.jpg 768w\" sizes=\"(max-width: 1024px) 100vw, 1024px\" \/><\/a><figcaption class=\"wp-element-caption\">Die verschiedenen Einstellungen der Sohle mit dem Salewa FLEX System<\/figcaption><\/figure>\n<\/div>\n\n\n<p>\u00dcbrigens: wer den Werkzeugkoffer zu Hause lassen m\u00f6chte, kann die Sohlenh\u00e4rte mit ein wenig Fingerkraft auch mit einer M\u00fcnze verstellen oder einfach auf sein <a title=\"Multitools bei Bergfreunde.de\" href=\"https:\/\/www.bergfreunde.de\/multi-tools\/\" target=\"_blank\" rel=\"noopener\">Multitool<\/a> bzw. <a title=\"Messer &amp; Werkzeuge bei Bergfreunde.de\" href=\"https:\/\/www.bergfreunde.de\/messer-werkzeuge\/\" target=\"_blank\" rel=\"noopener\">Taschenmesser<\/a> zur\u00fcckgreifen.<\/p>\n\n\n\n<p>Und noch eine Anmerkung: f\u00fcr die Bilder musste kein Schuh sterben &#8211; wir haben von Salewa ein Modell des Sohlenaufbaus erhalten. Dieses Modell hat auch noch eine andere Verstellschraube &#8211; beim finalen Schuh ist statt des gezeigten Inbus-Loches ein einfacher Schlitz f\u00fcr Schraubenzieher, M\u00fcnze,&#8230;.<\/p>\n\n\n\n<h2 class=\"wp-block-heading\" id=\"h-salewa-ms-pro-guide\">Salewa MS Pro Guide<\/h2>\n\n\n<div class=\"wp-block-image\">\n<figure class=\"alignright size-full\"><a href=\"https:\/\/www.bergfreunde.de\/blog\/wp-content\/uploads\/2021\/05\/salewa-pro-guide-bergschuh-150x150.jpg\"><img loading=\"lazy\" decoding=\"async\" width=\"150\" height=\"150\" src=\"https:\/\/www.bergfreunde.de\/blog\/wp-content\/uploads\/2022\/10\/salewa-pro-guide-bergschuh-150x1501-1.jpg\" alt=\"\" class=\"wp-image-55432\"\/><\/a><figcaption class=\"wp-element-caption\">Salewa MS Pro Guide<\/figcaption><\/figure>\n<\/div>\n\n\n<p><strong>Zwei Schuhe<\/strong> hat Salewa bislang mit dem FLEX System ausger\u00fcstet. Sowohl der<strong> MS Pro Gaiter<\/strong> (in den Varianten Insulated Fit und Performance Fit) als auch der <strong>MS Pro Guide<\/strong> sind Teil der <strong>Pro Line aus <a title=\"Bergschuhe von Salewa\" href=\"https:\/\/www.bergfreunde.de\/marken\/salewa\/bergschuhe\/\" target=\"_blank\" rel=\"noopener\">Salewas Bergschuh-Programm<\/a><\/strong>. Den MS Pro Guide halten wir bereits in H\u00e4nden. Neben der innovativen Sohle mit dem Flex System, hat der Hersteller dem Schuh weitere Technologien und hochwertige Materialien geg\u00f6nnt.<\/p>\n\n\n<div class=\"wp-block-image\">\n<figure class=\"alignleft size-full\"><a href=\"https:\/\/www.bergfreunde.de\/blog\/wp-content\/uploads\/2021\/05\/virbram-sohle-bergschuh-150x150.jpg\"><img loading=\"lazy\" decoding=\"async\" width=\"150\" height=\"150\" src=\"https:\/\/www.bergfreunde.de\/blog\/wp-content\/uploads\/2022\/10\/virbram-sohle-bergschuh-150x1501-1.jpg\" alt=\"\" class=\"wp-image-55436\"\/><\/a><figcaption class=\"wp-element-caption\">Bissige Virbram-Sohle<\/figcaption><\/figure>\n<\/div>\n\n\n<p>Als <strong>Obermaterial<\/strong> kommt 3mm starken <strong>Perwanger Wildleder<\/strong> zum Einsatz, welches durch einen hochgezogenen <strong>Gummirand<\/strong> vor spitzen Ger\u00f6lltkanten gesch\u00fctzt wird. Die <strong>F\u00fctterung<\/strong> ist aus <strong>GORE-TEX<\/strong> Insulated Comfort (Duratherm XL) &nbsp;gefertigt. Die <strong>Au\u00dfensohle<\/strong> kommt von <strong>Vibram<\/strong> und ist wie der Name &#171;SALEWA PRO&#187; erkenne l\u00e4sst eine Salewa-spezifische Sohle, die sich auf Hochtouren und Gletschern zu Hause f\u00fchlt. Im <strong>Zehenbereich<\/strong> der Sohle findet sich eine <strong>Climbing Zone<\/strong>, die auch auf kleinen Tritten noch Halt verspricht.<\/p>\n\n\n<div class=\"wp-block-image\">\n<figure class=\"alignright size-full\"><a href=\"https:\/\/www.bergfreunde.de\/blog\/wp-content\/uploads\/2021\/05\/salewa-3d-system-evo-150x150.jpg\"><img loading=\"lazy\" decoding=\"async\" width=\"150\" height=\"150\" src=\"https:\/\/www.bergfreunde.de\/blog\/wp-content\/uploads\/2022\/10\/salewa-3d-system-evo-150x1501-1.jpg\" alt=\"\" class=\"wp-image-55440\"\/><\/a><figcaption class=\"wp-element-caption\">Salewa 3D System EVO<\/figcaption><\/figure>\n<\/div>\n\n\n<p>Eingesetzt werden au\u00dferdem die Technologien <strong>&#171;3D System EVO&#187; <\/strong>sowie <strong>&#171;3F System EVO&#187;<\/strong>. Das 3D System erlaubt es die <strong>Schn\u00fcrung<\/strong> durch mehrere Klemm\u00f6sen in&nbsp;drei Bereiche zu teilen, die unterschiedlich fest angezogen werden k\u00f6nnen.<\/p>\n\n\n\n<p>Ziel des 3F Systems ist es hingegen durch verschiedene Technologien und Designelemente die <strong>Flexibilit\u00e4t im Sprunggelenk<\/strong>, <strong>Halt im Seitenbereich<\/strong> sowie durch eine<strong> spezielles Design des Fersenbreichs<\/strong> die optimale Passform zu kombinieren. Dies soll helfen, die Arbeit der F\u00fc\u00dfe zu unterst\u00fctzen und zu sch\u00fctzen ohne die Bewegungsfreiheit einzuschr\u00e4nken und gleichzeitig die Leistungsf\u00e4higkeit zu erhalten.<\/p>\n\n\n\n<p>Wer soviel Technologie in einen Schuh packen m\u00f6chte, hat zum Schluss einen Stiefel, der <strong>gut ein Kilo wiegt<\/strong>. Mit einem <strong>Preis von 429,95\u20ac<\/strong> ist er zudem der teuerste Schuh ohne integrierter <a href=\"https:\/\/www.berg-freunde.ch\/gamaschen\/\">Gamasche<\/a>, den wir aktuell im Sortiment haben. Allerdings auch der einzige, der eine einstellbare Sohlenfestigkeit aufzuweisen hat.<\/p>\n","protected":false},"excerpt":{"rendered":"<p>Ein Schraubenzieher im Tourenrucksack? So ein Quatsch, wird man sich denken&#8230;wir wollen ja keine schwedischen M\u00f6belbaus\u00e4tze zusammenschrauben. Und doch k\u00f6nnte es k\u00fcnftig Bergg\u00e4nger geben, die so etwas im Rucksack haben. Schuld daran ist Salewa. Genauer die neueste Generation von Salewas Sohlensystem, welches in der H\u00e4rte verstellbar ist. Seit gestern ist mit dem MS Pro Guide [&hellip;]<\/p>\n","protected":false},"author":9,"featured_media":71908,"comment_status":"open","ping_status":"closed","sticky":false,"template":"","format":"standard","meta":{"_acf_changed":false,"footnotes":""},"categories":[305],"tags":[269,271,276],"post_folder":[],"class_list":["post-71906","post","type-post","status-publish","format-standard","has-post-thumbnail","hentry","category-beratung","tag-bergsteigen","tag-camping-reisen","tag-wandern-trekking"],"acf":[],"yoast_head":"<!-- This site is optimized with the Yoast SEO Premium plugin v27.4 (Yoast SEO v27.4) - https:\/\/yoast.com\/product\/yoast-seo-premium-wordpress\/ -->\n<title>Salewa Flex - Sohlen f\u00fcr Bergschuhe<\/title>\n<meta name=\"description\" content=\"Salewa bietet Sohlen mit FLEX System Ein Schraubenzieher im Tourenrucksack? So ein Quatsch, wird man sich denken...wir wollen ja keine schwedischen\" \/>\n<meta name=\"robots\" content=\"noindex, nofollow\" \/>\n<meta property=\"og:locale\" content=\"de_DE\" \/>\n<meta property=\"og:type\" content=\"article\" \/>\n<meta property=\"og:title\" content=\"Salewa pr\u00e4sentiert Bergschuhe mit verstellbarer Sohlenh\u00e4rte\" \/>\n<meta property=\"og:description\" content=\"Salewa bietet Sohlen mit FLEX System Ein Schraubenzieher im Tourenrucksack? So ein Quatsch, wird man sich denken...wir wollen ja keine schwedischen\" \/>\n<meta property=\"og:url\" content=\"https:\/\/www.berg-freunde.ch\/blog\/salewa-prasentiert-schuhe-mit-verstellbarer-sohlenharte\/\" \/>\n<meta property=\"og:site_name\" content=\"Bergfreunde\" \/>\n<meta property=\"article:publisher\" content=\"https:\/\/www.facebook.com\/bergfreunde\" \/>\n<meta property=\"article:published_time\" content=\"2012-05-11T06:56:03+00:00\" \/>\n<meta property=\"article:modified_time\" content=\"2026-04-28T09:53:32+00:00\" \/>\n<meta property=\"og:image\" content=\"https:\/\/www.berg-freunde.ch\/blog\/wp-content\/uploads\/2012\/05\/shutterstock_416005288.jpg\" \/>\n\t<meta property=\"og:image:width\" content=\"1440\" \/>\n\t<meta property=\"og:image:height\" content=\"960\" \/>\n\t<meta property=\"og:image:type\" content=\"image\/jpeg\" \/>\n<meta name=\"author\" content=\"Sebastian\" \/>\n<meta name=\"twitter:card\" content=\"summary_large_image\" \/>\n<meta name=\"twitter:label1\" content=\"Geschrieben von\" \/>\n\t<meta name=\"twitter:data1\" content=\"Sebastian\" \/>\n\t<meta name=\"twitter:label2\" content=\"Gesch\u00e4tzte Lesezeit\" \/>\n\t<meta name=\"twitter:data2\" content=\"5\u00a0Minuten\" \/>\n<script type=\"application\/ld+json\" class=\"yoast-schema-graph\">{\"@context\":\"https:\\\/\\\/schema.org\",\"@graph\":[{\"@type\":[\"Article\",\"BlogPosting\"],\"@id\":\"https:\\\/\\\/www.berg-freunde.ch\\\/blog\\\/salewa-prasentiert-schuhe-mit-verstellbarer-sohlenharte\\\/#article\",\"isPartOf\":{\"@id\":\"https:\\\/\\\/www.berg-freunde.ch\\\/blog\\\/salewa-prasentiert-schuhe-mit-verstellbarer-sohlenharte\\\/\"},\"author\":{\"name\":\"Sebastian\",\"@id\":\"https:\\\/\\\/www.berg-freunde.ch\\\/blog\\\/#\\\/schema\\\/person\\\/fa261fa8c30883f49306f9662edb9dff\"},\"headline\":\"Salewa pr\u00e4sentiert Bergschuhe mit verstellbarer Sohlenh\u00e4rte\",\"datePublished\":\"2012-05-11T06:56:03+00:00\",\"dateModified\":\"2026-04-28T09:53:32+00:00\",\"mainEntityOfPage\":{\"@id\":\"https:\\\/\\\/www.berg-freunde.ch\\\/blog\\\/salewa-prasentiert-schuhe-mit-verstellbarer-sohlenharte\\\/\"},\"wordCount\":622,\"commentCount\":5,\"publisher\":{\"@id\":\"https:\\\/\\\/www.berg-freunde.ch\\\/blog\\\/#organization\"},\"image\":{\"@id\":\"https:\\\/\\\/www.berg-freunde.ch\\\/blog\\\/salewa-prasentiert-schuhe-mit-verstellbarer-sohlenharte\\\/#primaryimage\"},\"thumbnailUrl\":\"https:\\\/\\\/www.berg-freunde.ch\\\/blog\\\/wp-content\\\/uploads\\\/2012\\\/05\\\/shutterstock_416005288.jpg\",\"keywords\":[\"Bergsteigen &amp; Hochtouren\",\"Camping &amp; Reisen\",\"Wandern &amp; Trekking\"],\"articleSection\":[\"Beratung\"],\"inLanguage\":\"de-CH\",\"potentialAction\":[{\"@type\":\"CommentAction\",\"name\":\"Comment\",\"target\":[\"https:\\\/\\\/www.berg-freunde.ch\\\/blog\\\/salewa-prasentiert-schuhe-mit-verstellbarer-sohlenharte\\\/#respond\"]}]},{\"@type\":\"WebPage\",\"@id\":\"https:\\\/\\\/www.berg-freunde.ch\\\/blog\\\/salewa-prasentiert-schuhe-mit-verstellbarer-sohlenharte\\\/\",\"url\":\"https:\\\/\\\/www.berg-freunde.ch\\\/blog\\\/salewa-prasentiert-schuhe-mit-verstellbarer-sohlenharte\\\/\",\"name\":\"Salewa Flex - Sohlen f\u00fcr Bergschuhe\",\"isPartOf\":{\"@id\":\"https:\\\/\\\/www.berg-freunde.ch\\\/blog\\\/#website\"},\"primaryImageOfPage\":{\"@id\":\"https:\\\/\\\/www.berg-freunde.ch\\\/blog\\\/salewa-prasentiert-schuhe-mit-verstellbarer-sohlenharte\\\/#primaryimage\"},\"image\":{\"@id\":\"https:\\\/\\\/www.berg-freunde.ch\\\/blog\\\/salewa-prasentiert-schuhe-mit-verstellbarer-sohlenharte\\\/#primaryimage\"},\"thumbnailUrl\":\"https:\\\/\\\/www.berg-freunde.ch\\\/blog\\\/wp-content\\\/uploads\\\/2012\\\/05\\\/shutterstock_416005288.jpg\",\"datePublished\":\"2012-05-11T06:56:03+00:00\",\"dateModified\":\"2026-04-28T09:53:32+00:00\",\"description\":\"Salewa bietet Sohlen mit FLEX System Ein Schraubenzieher im Tourenrucksack? So ein Quatsch, wird man sich denken...wir wollen ja keine schwedischen\",\"breadcrumb\":{\"@id\":\"https:\\\/\\\/www.berg-freunde.ch\\\/blog\\\/salewa-prasentiert-schuhe-mit-verstellbarer-sohlenharte\\\/#breadcrumb\"},\"inLanguage\":\"de-CH\",\"potentialAction\":[{\"@type\":\"ReadAction\",\"target\":[\"https:\\\/\\\/www.berg-freunde.ch\\\/blog\\\/salewa-prasentiert-schuhe-mit-verstellbarer-sohlenharte\\\/\"]}]},{\"@type\":\"ImageObject\",\"inLanguage\":\"de-CH\",\"@id\":\"https:\\\/\\\/www.berg-freunde.ch\\\/blog\\\/salewa-prasentiert-schuhe-mit-verstellbarer-sohlenharte\\\/#primaryimage\",\"url\":\"https:\\\/\\\/www.berg-freunde.ch\\\/blog\\\/wp-content\\\/uploads\\\/2012\\\/05\\\/shutterstock_416005288.jpg\",\"contentUrl\":\"https:\\\/\\\/www.berg-freunde.ch\\\/blog\\\/wp-content\\\/uploads\\\/2012\\\/05\\\/shutterstock_416005288.jpg\",\"width\":1440,\"height\":960,\"caption\":\"schuhe\"},{\"@type\":\"BreadcrumbList\",\"@id\":\"https:\\\/\\\/www.berg-freunde.ch\\\/blog\\\/salewa-prasentiert-schuhe-mit-verstellbarer-sohlenharte\\\/#breadcrumb\",\"itemListElement\":[{\"@type\":\"ListItem\",\"position\":1,\"name\":\"Blog\",\"item\":\"https:\\\/\\\/www.berg-freunde.ch\\\/blog\\\/\"},{\"@type\":\"ListItem\",\"position\":2,\"name\":\"Beratung\",\"item\":\"https:\\\/\\\/www.berg-freunde.ch\\\/blog\\\/category\\\/beratung\\\/\"},{\"@type\":\"ListItem\",\"position\":3,\"name\":\"Salewa pr\u00e4sentiert Bergschuhe mit verstellbarer Sohlenh\u00e4rte\"}]},{\"@type\":\"WebSite\",\"@id\":\"https:\\\/\\\/www.berg-freunde.ch\\\/blog\\\/#website\",\"url\":\"https:\\\/\\\/www.berg-freunde.ch\\\/blog\\\/\",\"name\":\"Bergfreunde\",\"description\":\"Blog\",\"publisher\":{\"@id\":\"https:\\\/\\\/www.berg-freunde.ch\\\/blog\\\/#organization\"},\"potentialAction\":[{\"@type\":\"SearchAction\",\"target\":{\"@type\":\"EntryPoint\",\"urlTemplate\":\"https:\\\/\\\/www.berg-freunde.ch\\\/blog\\\/?s={search_term_string}\"},\"query-input\":{\"@type\":\"PropertyValueSpecification\",\"valueRequired\":true,\"valueName\":\"search_term_string\"}}],\"inLanguage\":\"de-CH\"},{\"@type\":\"Organization\",\"@id\":\"https:\\\/\\\/www.berg-freunde.ch\\\/blog\\\/#organization\",\"name\":\"Bergfreunde\",\"url\":\"https:\\\/\\\/www.berg-freunde.ch\\\/blog\\\/\",\"logo\":{\"@type\":\"ImageObject\",\"inLanguage\":\"de-CH\",\"@id\":\"https:\\\/\\\/www.berg-freunde.ch\\\/blog\\\/#\\\/schema\\\/logo\\\/image\\\/\",\"url\":\"https:\\\/\\\/www.berg-freunde.ch\\\/blog\\\/wp-content\\\/uploads\\\/2023\\\/12\\\/Bergfreunde_DE_rgb.svg\",\"contentUrl\":\"https:\\\/\\\/www.berg-freunde.ch\\\/blog\\\/wp-content\\\/uploads\\\/2023\\\/12\\\/Bergfreunde_DE_rgb.svg\",\"caption\":\"Bergfreunde\"},\"image\":{\"@id\":\"https:\\\/\\\/www.berg-freunde.ch\\\/blog\\\/#\\\/schema\\\/logo\\\/image\\\/\"},\"sameAs\":[\"https:\\\/\\\/www.facebook.com\\\/bergfreunde\",\"https:\\\/\\\/www.instagram.com\\\/bergfreundede\\\/\"]},{\"@type\":\"Person\",\"@id\":\"https:\\\/\\\/www.berg-freunde.ch\\\/blog\\\/#\\\/schema\\\/person\\\/fa261fa8c30883f49306f9662edb9dff\",\"name\":\"Sebastian\",\"url\":\"https:\\\/\\\/www.berg-freunde.ch\\\/blog\\\/about\\\/sebastian-staendecke\\\/\"}]}<\/script>\n<!-- \/ Yoast SEO Premium plugin. -->","yoast_head_json":{"title":"Salewa Flex - Sohlen f\u00fcr Bergschuhe","description":"Salewa bietet Sohlen mit FLEX System Ein Schraubenzieher im Tourenrucksack? So ein Quatsch, wird man sich denken...wir wollen ja keine schwedischen","robots":{"index":"noindex","follow":"nofollow"},"og_locale":"de_DE","og_type":"article","og_title":"Salewa pr\u00e4sentiert Bergschuhe mit verstellbarer Sohlenh\u00e4rte","og_description":"Salewa bietet Sohlen mit FLEX System Ein Schraubenzieher im Tourenrucksack? So ein Quatsch, wird man sich denken...wir wollen ja keine schwedischen","og_url":"https:\/\/www.berg-freunde.ch\/blog\/salewa-prasentiert-schuhe-mit-verstellbarer-sohlenharte\/","og_site_name":"Bergfreunde","article_publisher":"https:\/\/www.facebook.com\/bergfreunde","article_published_time":"2012-05-11T06:56:03+00:00","article_modified_time":"2026-04-28T09:53:32+00:00","og_image":[{"width":1440,"height":960,"url":"https:\/\/www.berg-freunde.ch\/blog\/wp-content\/uploads\/2012\/05\/shutterstock_416005288.jpg","type":"image\/jpeg"}],"author":"Sebastian","twitter_card":"summary_large_image","twitter_misc":{"Geschrieben von":"Sebastian","Gesch\u00e4tzte Lesezeit":"5\u00a0Minuten"},"schema":{"@context":"https:\/\/schema.org","@graph":[{"@type":["Article","BlogPosting"],"@id":"https:\/\/www.berg-freunde.ch\/blog\/salewa-prasentiert-schuhe-mit-verstellbarer-sohlenharte\/#article","isPartOf":{"@id":"https:\/\/www.berg-freunde.ch\/blog\/salewa-prasentiert-schuhe-mit-verstellbarer-sohlenharte\/"},"author":{"name":"Sebastian","@id":"https:\/\/www.berg-freunde.ch\/blog\/#\/schema\/person\/fa261fa8c30883f49306f9662edb9dff"},"headline":"Salewa pr\u00e4sentiert Bergschuhe mit verstellbarer Sohlenh\u00e4rte","datePublished":"2012-05-11T06:56:03+00:00","dateModified":"2026-04-28T09:53:32+00:00","mainEntityOfPage":{"@id":"https:\/\/www.berg-freunde.ch\/blog\/salewa-prasentiert-schuhe-mit-verstellbarer-sohlenharte\/"},"wordCount":622,"commentCount":5,"publisher":{"@id":"https:\/\/www.berg-freunde.ch\/blog\/#organization"},"image":{"@id":"https:\/\/www.berg-freunde.ch\/blog\/salewa-prasentiert-schuhe-mit-verstellbarer-sohlenharte\/#primaryimage"},"thumbnailUrl":"https:\/\/www.berg-freunde.ch\/blog\/wp-content\/uploads\/2012\/05\/shutterstock_416005288.jpg","keywords":["Bergsteigen &amp; Hochtouren","Camping &amp; Reisen","Wandern &amp; Trekking"],"articleSection":["Beratung"],"inLanguage":"de-CH","potentialAction":[{"@type":"CommentAction","name":"Comment","target":["https:\/\/www.berg-freunde.ch\/blog\/salewa-prasentiert-schuhe-mit-verstellbarer-sohlenharte\/#respond"]}]},{"@type":"WebPage","@id":"https:\/\/www.berg-freunde.ch\/blog\/salewa-prasentiert-schuhe-mit-verstellbarer-sohlenharte\/","url":"https:\/\/www.berg-freunde.ch\/blog\/salewa-prasentiert-schuhe-mit-verstellbarer-sohlenharte\/","name":"Salewa Flex - Sohlen f\u00fcr Bergschuhe","isPartOf":{"@id":"https:\/\/www.berg-freunde.ch\/blog\/#website"},"primaryImageOfPage":{"@id":"https:\/\/www.berg-freunde.ch\/blog\/salewa-prasentiert-schuhe-mit-verstellbarer-sohlenharte\/#primaryimage"},"image":{"@id":"https:\/\/www.berg-freunde.ch\/blog\/salewa-prasentiert-schuhe-mit-verstellbarer-sohlenharte\/#primaryimage"},"thumbnailUrl":"https:\/\/www.berg-freunde.ch\/blog\/wp-content\/uploads\/2012\/05\/shutterstock_416005288.jpg","datePublished":"2012-05-11T06:56:03+00:00","dateModified":"2026-04-28T09:53:32+00:00","description":"Salewa bietet Sohlen mit FLEX System Ein Schraubenzieher im Tourenrucksack? So ein Quatsch, wird man sich denken...wir wollen ja keine schwedischen","breadcrumb":{"@id":"https:\/\/www.berg-freunde.ch\/blog\/salewa-prasentiert-schuhe-mit-verstellbarer-sohlenharte\/#breadcrumb"},"inLanguage":"de-CH","potentialAction":[{"@type":"ReadAction","target":["https:\/\/www.berg-freunde.ch\/blog\/salewa-prasentiert-schuhe-mit-verstellbarer-sohlenharte\/"]}]},{"@type":"ImageObject","inLanguage":"de-CH","@id":"https:\/\/www.berg-freunde.ch\/blog\/salewa-prasentiert-schuhe-mit-verstellbarer-sohlenharte\/#primaryimage","url":"https:\/\/www.berg-freunde.ch\/blog\/wp-content\/uploads\/2012\/05\/shutterstock_416005288.jpg","contentUrl":"https:\/\/www.berg-freunde.ch\/blog\/wp-content\/uploads\/2012\/05\/shutterstock_416005288.jpg","width":1440,"height":960,"caption":"schuhe"},{"@type":"BreadcrumbList","@id":"https:\/\/www.berg-freunde.ch\/blog\/salewa-prasentiert-schuhe-mit-verstellbarer-sohlenharte\/#breadcrumb","itemListElement":[{"@type":"ListItem","position":1,"name":"Blog","item":"https:\/\/www.berg-freunde.ch\/blog\/"},{"@type":"ListItem","position":2,"name":"Beratung","item":"https:\/\/www.berg-freunde.ch\/blog\/category\/beratung\/"},{"@type":"ListItem","position":3,"name":"Salewa pr\u00e4sentiert Bergschuhe mit verstellbarer Sohlenh\u00e4rte"}]},{"@type":"WebSite","@id":"https:\/\/www.berg-freunde.ch\/blog\/#website","url":"https:\/\/www.berg-freunde.ch\/blog\/","name":"Bergfreunde","description":"Blog","publisher":{"@id":"https:\/\/www.berg-freunde.ch\/blog\/#organization"},"potentialAction":[{"@type":"SearchAction","target":{"@type":"EntryPoint","urlTemplate":"https:\/\/www.berg-freunde.ch\/blog\/?s={search_term_string}"},"query-input":{"@type":"PropertyValueSpecification","valueRequired":true,"valueName":"search_term_string"}}],"inLanguage":"de-CH"},{"@type":"Organization","@id":"https:\/\/www.berg-freunde.ch\/blog\/#organization","name":"Bergfreunde","url":"https:\/\/www.berg-freunde.ch\/blog\/","logo":{"@type":"ImageObject","inLanguage":"de-CH","@id":"https:\/\/www.berg-freunde.ch\/blog\/#\/schema\/logo\/image\/","url":"https:\/\/www.berg-freunde.ch\/blog\/wp-content\/uploads\/2023\/12\/Bergfreunde_DE_rgb.svg","contentUrl":"https:\/\/www.berg-freunde.ch\/blog\/wp-content\/uploads\/2023\/12\/Bergfreunde_DE_rgb.svg","caption":"Bergfreunde"},"image":{"@id":"https:\/\/www.berg-freunde.ch\/blog\/#\/schema\/logo\/image\/"},"sameAs":["https:\/\/www.facebook.com\/bergfreunde","https:\/\/www.instagram.com\/bergfreundede\/"]},{"@type":"Person","@id":"https:\/\/www.berg-freunde.ch\/blog\/#\/schema\/person\/fa261fa8c30883f49306f9662edb9dff","name":"Sebastian","url":"https:\/\/www.berg-freunde.ch\/blog\/about\/sebastian-staendecke\/"}]}},"_links":{"self":[{"href":"https:\/\/www.berg-freunde.ch\/blog\/wp-json\/wp\/v2\/posts\/71906","targetHints":{"allow":["GET"]}}],"collection":[{"href":"https:\/\/www.berg-freunde.ch\/blog\/wp-json\/wp\/v2\/posts"}],"about":[{"href":"https:\/\/www.berg-freunde.ch\/blog\/wp-json\/wp\/v2\/types\/post"}],"author":[{"embeddable":true,"href":"https:\/\/www.berg-freunde.ch\/blog\/wp-json\/wp\/v2\/users\/9"}],"replies":[{"embeddable":true,"href":"https:\/\/www.berg-freunde.ch\/blog\/wp-json\/wp\/v2\/comments?post=71906"}],"version-history":[{"count":1,"href":"https:\/\/www.berg-freunde.ch\/blog\/wp-json\/wp\/v2\/posts\/71906\/revisions"}],"predecessor-version":[{"id":133167,"href":"https:\/\/www.berg-freunde.ch\/blog\/wp-json\/wp\/v2\/posts\/71906\/revisions\/133167"}],"wp:featuredmedia":[{"embeddable":true,"href":"https:\/\/www.berg-freunde.ch\/blog\/wp-json\/wp\/v2\/media\/71908"}],"wp:attachment":[{"href":"https:\/\/www.berg-freunde.ch\/blog\/wp-json\/wp\/v2\/media?parent=71906"}],"wp:term":[{"taxonomy":"category","embeddable":true,"href":"https:\/\/www.berg-freunde.ch\/blog\/wp-json\/wp\/v2\/categories?post=71906"},{"taxonomy":"post_tag","embeddable":true,"href":"https:\/\/www.berg-freunde.ch\/blog\/wp-json\/wp\/v2\/tags?post=71906"},{"taxonomy":"post_folder","embeddable":true,"href":"https:\/\/www.berg-freunde.ch\/blog\/wp-json\/wp\/v2\/post_folder?post=71906"}],"curies":[{"name":"wp","href":"https:\/\/api.w.org\/{rel}","templated":true}]}}