{"id":72291,"date":"2011-03-23T09:41:57","date_gmt":"2011-03-23T07:41:57","guid":{"rendered":"https:\/\/www.bergfreunde.de\/blog\/urs-odermatt-im-interview-meine-eiskletter-fruhjahrsfavoriten\/"},"modified":"2026-04-28T11:57:50","modified_gmt":"2026-04-28T09:57:50","slug":"urs-odermatt-im-interview-meine-eiskletter-fruhjahrsfavoriten","status":"publish","type":"post","link":"https:\/\/www.berg-freunde.ch\/blog\/urs-odermatt-im-interview-meine-eiskletter-fruhjahrsfavoriten\/","title":{"rendered":"Urs Odermatt im Interview: meine Eiskletter &#8211; Fr\u00fchjahrsfavoriten"},"content":{"rendered":"<div class=\"wp-block-image\">\n<figure class=\"alignleft\"><a href=\"https:\/\/www.bergfreunde.de\/blog\/wp-content\/uploads\/2021\/05\/RAW_RedBull__0526.jpg\"><img decoding=\"async\" src=\"https:\/\/www.bergfreunde.de\/blog\/wp-content\/uploads\/2021\/05\/RAW_RedBull__0526-150x150.jpg\" alt=\"Eiskletterprofi Urs Odermatt - der sympatische Schweizer zu Gast im Basislager\" class=\"wp-image-4487\"\/><\/a><figcaption class=\"wp-element-caption\">Urs Odermatt &#8211; der&nbsp; Eiskletterprofi zu Gast im Basislager<\/figcaption><\/figure>\n<\/div>\n\n\n<p>Noch mit der Planung des Fr\u00fchjahr-Eisklettertrips besch\u00e4ftigt? Allen Bergfreunden, die sich dabei noch nicht \u00fcber das perfekte Ziel im Klaren sind,&nbsp; kann jetzt geholfen werden. Exklusiv f\u00fcr den Basislager-Blog hat sich Eiskletterprofi Urs Odermatt bereit erkl\u00e4rt, uns seine Fr\u00fchjahrsfavoriten zu verraten.<\/p>\n\n\n\n<p>F\u00fcr diejenigen, die den Schweizer Kletterer und Kletterf\u00fchrerautoren noch nicht kennen sollten, haben wir ein kurzes Interview arrangiert.<\/p>\n\n\n\n<p><strong>Urs, vielen Dank, dass Du dir Zeit f\u00fcr uns genommen hast. Unsere Leser wollen sicher mehr zu Dir erfahren \u2013 erz\u00e4hl uns doch mal etwas zu deiner Person\u2026<\/strong><\/p>\n\n\n\n<p>Dazu vielleicht als erstes mal die Richtigstellung, dass ich, falls ich jemals wirklich Profi war, in der Zwischenzeit ein geldgeiler Fettsack geworden bin der sich am Wochenende an dubiosen Partys rum treibt und nur w\u00e4hrend der Woche, bei optimalen Eisverh\u00e4ltnissen das B\u00fcro verl\u00e4sst um irgendwo eine fette Rosine zu picken.<\/p>\n\n\n\n<p><strong>Wo in der sch\u00f6nen Schweiz wurdest du geboren?<\/strong><\/p>\n\n\n\n<p>In Uster, fast 1 Stunde vom n\u00e4chsten nennenswerten Klettergebiet entfernt, aber daf\u00fcr 15 Minuten vom Flughafen. Und da ich ja in letzter Zeit mehr Klettertage auf <a title=\"Kletterf\u00fchrer f\u00fcr Griechenland bei Bergfreunde.de\" href=\"https:\/\/www.bergfreunde.de\/marken\/tmms-verlag\/kletterfuehrer\/\" target=\"_blank\" rel=\"noopener\">Kalymnos<\/a> verbringe (wegen der Zapfen) als in meinem Heimgebiet, passt das so.<\/p>\n\n\n\n<p><strong>Auf welchen Berg f\u00fchrte deine erste Tour?<\/strong><\/p>\n\n\n\n<p>Du meinst auf welchen hat mich mein Vater als erstes hoch getragen? Keine Ahnung. Aber an meine erste Klettertour kann ich mich noch erinnern als obs gestern war. Der Raimeuxgrat im Jura, als ich 6 Jahre alt war. Aber heute klettern die 6-J\u00e4hrigen ja schon 8a\u2026.<\/p>\n\n\n\n<p><strong>Deine eidgen\u00f6ssische Leibspeise? R\u00f6sti oder Fondue?<\/strong><\/p>\n\n\n\n<p>Sushi, aber wenn\u2019s nicht anders geht esse ich beides ganz gerne. So alle 2 Jahre mal.<\/p>\n\n\n\n<p><strong>Die Klischeefrage schlechthin \u2013 dein Lieblingsk\u00e4se?<\/strong><\/p>\n\n\n\n<p>Kann es sein dass ihr ein etwas einseitiges Bild habt von der Schweiz? Bei uns gibt\u2019s nicht nur K\u00e4se, wir machen auch tolle Uhren, Schokolade (dabei mag ich am liebsten die Kindermilchschokolade aus Deutschland) und au\u00dferdem verwalten wir noch Schwarzgeld und Raubgold aus der ganzen Welt.<\/p>\n\n\n\n<p><strong>Deine absolute Lieblingsroute?<\/strong><\/p>\n\n\n\n<p>Krasse Frage. Im Eis d\u00fcrfte es \u201eNothing comparses to you\u201c sein auf den Lofoten. Im Fels wohl irgendwas in den Dolomiten. Die Colatoio Nero in der Moiazza vielleicht. Grunds\u00e4tzlich klettere ich eine Route immer nur einmal. Darum ist die Lieblingsroute vielleicht auch ganz einfach mein sch\u00f6nstes Erlebnis? Oder immer die, in der ich gerade unterwegs bin?<\/p>\n\n\n<div class=\"wp-block-image\">\n<figure class=\"alignleft\"><a href=\"https:\/\/www.bergfreunde.de\/blog\/wp-content\/uploads\/2021\/05\/urs_slavetorythm.jpg\"><img decoding=\"async\" src=\"https:\/\/www.bergfreunde.de\/blog\/wp-content\/uploads\/2021\/05\/urs_slavetorythm-150x150.jpg\" alt=\"Urs Odermatt in \u201eSlave to the Rhytm\u201c III 6+M Foto:Christoph Schaub\" class=\"wp-image-4492\"\/><\/a><figcaption class=\"wp-element-caption\">Urs Odermatt in \u201eSlave to the Rhytm\u201c III 6+M Foto:Christoph Schaub<\/figcaption><\/figure>\n<\/div>\n\n\n<p><strong>Spektakul\u00e4r sind die Aufnahmen von Dir in einer kollabierenden Eiss\u00e4ule, ein Unfall bei dem dir gl\u00fccklicherweise nichts passiert ist. Hat das Ereignis deine Einstellung zum Sport ver\u00e4ndert \u2013 gehst Du noch dieselben Risiken ein wie vorher?<\/strong><\/p>\n\n\n\n<p>Ich glaube dass ich schon immer ein sehr vorsichtiger, schon fast \u00e4ngstlicher Kletterer war. Vor und nach dem Unfall. An dem Tag hatte ich einfach die Situation falsch eingesch\u00e4tzt. Nat\u00fcrlich stehe ich seit dem gr\u00f6\u00dferen S\u00e4ulen eher kritisch gegen\u00fcber. Diesen Winter hatten wir zum Beispiel auf die Abschlusss\u00e4ule der \u201eMetro\u201c (Breitwangflue, Berner Oberland) verzichtet weil sie mir zu nass erschien. Ich denke schon fast t\u00e4glich daran dass alles was ich erlebe ein Zusatzgeschenk ist.<\/p>\n\n\n\n<p><strong>Wenn unter der sommerlichen Sonne die letzten Eisf\u00e4lle geschmolzen sind \u2013 wie sieht dein Sommerprogramm aus? Reist du dem Eis hinterher, oder bist du auch am Fels unterwegs?<\/strong><\/p>\n\n\n\n<p>Da ich die Eissaison meist recht fr\u00fch im Dezember oder November beginne schlie\u00dfe ich normalerweise Ende Februar ab. Wenn es wieder Fr\u00fchling wird drau\u00dfen bin ich schon sehr gerne im Fels. Allerdings zunehmend im alpinen Gel\u00e4nde. Bohrhakenklinkereien machen zwar auch Spa\u00df, faszinieren mich aber je l\u00e4nger je weniger.<\/p>\n\n\n\n<p><strong>Als Autor von \u201eHot Ice, Cold Rock\u201c kennst dich wie kaum ein Zweiter in den sch\u00f6nsten Eisklettergebieten der Alpen aus.&nbsp; Hast du f\u00fcr unsere Leser ein paar spezielle Highlights, die man als Eiskletterer einfach einmal besuchen muss und die sich besonders f\u00fcr das Klettern im Fr\u00fchjahr eignen?<\/strong><\/p>\n\n\n\n<figure class=\"wp-block-image\"><a href=\"https:\/\/www.bergfreunde.de\/blog\/wp-content\/uploads\/2021\/05\/urs_gabarrou_i.jpg\"><img decoding=\"async\" src=\"https:\/\/www.bergfreunde.de\/blog\/wp-content\/uploads\/2021\/05\/urs_gabarrou_i-150x150.jpg\" alt=\"Urs Odermatt in \u201eGabarrou-Marquis\u201c III 4 Foto: Robert B\u00f6sch\" class=\"wp-image-4489\" title=\"Urs Odermatt in \u201eGabarrou-Marquis\u201c III 4 Foto: Robert B\u00f6sch\"\/><\/a><\/figure>\n\n\n\n<p>Gebietstipps sind nur dann gut, wenn auch die Locals dahinter stehen. F\u00fcr Deutschland und \u00d6sterreich kann ich euch nicht viel sagen. Eine Ausnahme ist Chamonix, dort bin ich fast&nbsp; zu Hause, darum gebe ich dir Tipps f\u00fcr die Schweiz und Frankreich.<\/p>\n\n\n\n<p>Schweiz: Nicht gerade wahnsinnig originell, aber ein sicherer Wert f\u00fcr alle die von weit her anreisen. <strong>Im Safiental gibt es in aller Regel bis Anfangs April stabile Eisf\u00e4lle.<\/strong> So wie sie im Moment aussehen d\u00fcrften die noch weit in den Fr\u00fchling hinein gut sein. Nat\u00fcrlich muss die Lawinengefahr entsprechend beurteilt werden, fr\u00fches Aufstehen wird wohl zwingend sein. Aber ich verspreche euch, jeder Anf\u00e4nger und Genusskletterer der gerne in Mehrseill\u00e4ngenrouten unterwegs ist wird da gl\u00fccklich.<\/p>\n\n\n<div class=\"wp-block-image\">\n<figure class=\"alignleft\"><a href=\"https:\/\/www.bergfreunde.de\/blog\/wp-content\/uploads\/2021\/05\/urs_safiental.jpg\"><img decoding=\"async\" src=\"https:\/\/www.bergfreunde.de\/blog\/wp-content\/uploads\/2021\/05\/urs_safiental-150x150.jpg\" alt=\"Ein besonders edler Geheimtipp im Safiental: Coer Ecossaies&quot; M3+ Foto: M. D\u00e9sor\" class=\"wp-image-4491\"\/><\/a><figcaption class=\"wp-element-caption\">Ein besonders edler Geheimtipp im Safiental: Coer Ecossaies&#187; M3+ Foto: M. D\u00e9sor<\/figcaption><\/figure>\n<\/div>\n\n\n<p>Mit den schwierigen Eisf\u00e4llen ist es so eine Sache. Je fragiler und steiler desto weniger lang halten sie, das liegt nun mal in der Natur der Sache. Ich denke dass die Metro zumindest im Schacht noch bis Ende M\u00e4rz brauchbare Verh\u00e4ltnisse aufweist, allerdings stehen sich die Kletterer momentan auf den F\u00fc\u00dfen rum was ich f\u00fcr wahnsinnig gef\u00e4hrlich halte. Darum schlage ich ein Gebiet vor dass noch absolut unbekannt ist. Die <strong>Eisf\u00e4lle im Puschlav, unterhalb des Piz Pal\u00fc<\/strong>. Hier gibt es einige Routen im Bereich Wi5 auf fast 3000m H\u00f6he. Absolut alpin, steil, aber sicheres Eis. Eine genauere Beschreibung dazu gibts im neuen Eiskletterf\u00fchrer Hot Ice Ost.<\/p>\n\n\n\n<p>Und falls im Engadin die Eisf\u00e4lle gar nicht mehr gehen empfehle ich das <strong>Cambrenacouloir<\/strong> dass man durchaus mit dem Gabarroucouloir am Mont Blanc du Tacul vergleichen kann. Schief gehen kann da kaum etwas, denn auf dem heimweg kommt man am Kaffee Puntschellas in Pontresina vorbei. Ebenfalls ein sicherer Wert.<\/p>\n\n\n\n<p>In Frankreich dr\u00e4ngt sich <strong>im Fr\u00fchling ein Tripp nach Chamonix<\/strong> geradezu auf. Allerdings rate ich dringend von den bekannten Eisrouten ab. Wie man ruhigen Mutes hinter einer oder mehreren Seilschaften in einen solchen Eisschlauch einsteigen kann ist mir schleierhaft.&nbsp; Fairerweise muss man nat\u00fcrlich auch sagen, dass diese Routen wirklich toll sind und es gar nicht mal so viele Alternativen gibt.<\/p>\n\n\n<div class=\"wp-block-image\">\n<figure class=\"alignleft\"><a href=\"https:\/\/www.bergfreunde.de\/blog\/wp-content\/uploads\/2021\/05\/urs_gabarrou_ii-e1300795480742.jpg\"><img decoding=\"async\" src=\"https:\/\/www.bergfreunde.de\/blog\/wp-content\/uploads\/2021\/05\/urs_gabarrou_ii-e1300795480742-150x150.jpg\" alt=\"Urs Odermatt in \u201eGabarrou-Marquis\u201c III 4 Foto: Robert B\u00f6sch\" class=\"wp-image-4490\"\/><\/a><figcaption class=\"wp-element-caption\">Urs Odermatt in \u201eGabarrou-Marquis\u201c III 4 Foto: Robert B\u00f6sch<\/figcaption><\/figure>\n<\/div>\n\n\n<p>Eine Riesenspass-Kletterei ohne allzu extrem zu sein ist die <strong>Gabarrou-Marquis am Triangle di Tacul<\/strong>. Bis in den Sommer hinein gute Verh\u00e4ltnisse, brauchbare Absicherung mit einem Bohrhaken an der Crux und fast nie Leute. Ich w\u00fcrde sagen ein echter Geheimtipp.<\/p>\n\n\n\n<p>Bei den extremen Routen wird es etwas schwieriger. Kaum Leute, ein bequemer Zustieg, meist gute Verh\u00e4ltnisse und gute Absicherung findet man in der<strong> Slave to the Rhytm, ebenfalls am Mont Blanc du Tacul<\/strong>, ebenfalls fast nie begangen. Beides sind keine klassischen Eisschl\u00e4uche, darum fr\u00fch im Jahr und bis sp\u00e4t in den Sommer hinein machbar, au\u00dferdem auch problemlos bei Schlechtwetter zu gehen.<\/p>\n\n\n\n<p><strong>Wenn die Eisklettersaison in den Alpen vorbei ist, welche au\u00dferalpine Destination kannst du uns ans Herz legen?<\/strong><\/p>\n\n\n\n<p>Ich glaube die Eisw\u00e4nde der <strong>Cordillera Blanca<\/strong> sollte man auf jeden Fall mal erlebt haben.<\/p>\n\n\n\n<p><strong>Urs, vielen Dank f\u00fcr das spannende Interview und deine hilfreichen Tipps! <\/strong><\/p>\n","protected":false},"excerpt":{"rendered":"<p>Noch mit der Planung des Fr\u00fchjahr-Eisklettertrips besch\u00e4ftigt? Allen Bergfreunden, die sich dabei noch nicht \u00fcber das perfekte Ziel im Klaren sind,&nbsp; kann jetzt geholfen werden. Exklusiv f\u00fcr den Basislager-Blog hat sich Eiskletterprofi Urs Odermatt bereit erkl\u00e4rt, uns seine Fr\u00fchjahrsfavoriten zu verraten. F\u00fcr diejenigen, die den Schweizer Kletterer und Kletterf\u00fchrerautoren noch nicht kennen sollten, haben wir [&hellip;]<\/p>\n","protected":false},"author":55,"featured_media":65674,"comment_status":"open","ping_status":"closed","sticky":false,"template":"","format":"standard","meta":{"_acf_changed":false,"footnotes":""},"categories":[284],"tags":[269,273,278],"post_folder":[],"class_list":["post-72291","post","type-post","status-publish","format-standard","has-post-thumbnail","hentry","category-praxiswissen","tag-bergsteigen","tag-klettern-bouldern","tag-wintersport"],"acf":[],"yoast_head":"<!-- This site is optimized with the Yoast SEO Premium plugin v27.4 (Yoast SEO v27.4) - https:\/\/yoast.com\/product\/yoast-seo-premium-wordpress\/ -->\n<title>Urs Odermatt im Interview: meine Eiskletter - Fr\u00fchjahrsfavoriten<\/title>\n<meta name=\"description\" content=\"Exklusiv f\u00fcr den Basislager-Blog hat sich Eiskletterprofi Urs Odermatt bereit erkl\u00e4rt, uns seine Fr\u00fchjahrsfavoriten zu verraten.\" \/>\n<meta name=\"robots\" content=\"noindex, follow\" \/>\n<meta property=\"og:locale\" content=\"de_DE\" \/>\n<meta property=\"og:type\" content=\"article\" \/>\n<meta property=\"og:title\" content=\"Urs Odermatt im Interview: meine Eiskletter - Fr\u00fchjahrsfavoriten\" \/>\n<meta property=\"og:description\" content=\"Exklusiv f\u00fcr den Basislager-Blog hat sich Eiskletterprofi Urs Odermatt bereit erkl\u00e4rt, uns seine Fr\u00fchjahrsfavoriten zu verraten.\" \/>\n<meta property=\"og:url\" content=\"https:\/\/www.berg-freunde.ch\/blog\/urs-odermatt-im-interview-meine-eiskletter-fruhjahrsfavoriten\/\" \/>\n<meta property=\"og:site_name\" content=\"Bergfreunde\" \/>\n<meta property=\"article:publisher\" content=\"https:\/\/www.facebook.com\/bergfreunde\" \/>\n<meta property=\"article:published_time\" content=\"2011-03-23T07:41:57+00:00\" \/>\n<meta property=\"article:modified_time\" content=\"2026-04-28T09:57:50+00:00\" \/>\n<meta property=\"og:image\" content=\"https:\/\/www.berg-freunde.ch\/blog\/wp-content\/uploads\/2021\/05\/bergfreunde.jpg\" \/>\n\t<meta property=\"og:image:width\" content=\"1440\" \/>\n\t<meta property=\"og:image:height\" content=\"400\" \/>\n\t<meta property=\"og:image:type\" content=\"image\/jpeg\" \/>\n<meta name=\"author\" content=\"Philip\" \/>\n<meta name=\"twitter:card\" content=\"summary_large_image\" \/>\n<meta name=\"twitter:label1\" content=\"Geschrieben von\" \/>\n\t<meta name=\"twitter:data1\" content=\"Philip\" \/>\n\t<meta name=\"twitter:label2\" content=\"Gesch\u00e4tzte Lesezeit\" \/>\n\t<meta name=\"twitter:data2\" content=\"6\u00a0Minuten\" \/>\n<script type=\"application\/ld+json\" class=\"yoast-schema-graph\">{\"@context\":\"https:\\\/\\\/schema.org\",\"@graph\":[{\"@type\":[\"Article\",\"BlogPosting\"],\"@id\":\"https:\\\/\\\/www.berg-freunde.ch\\\/blog\\\/urs-odermatt-im-interview-meine-eiskletter-fruhjahrsfavoriten\\\/#article\",\"isPartOf\":{\"@id\":\"https:\\\/\\\/www.berg-freunde.ch\\\/blog\\\/urs-odermatt-im-interview-meine-eiskletter-fruhjahrsfavoriten\\\/\"},\"author\":{\"name\":\"Philip\",\"@id\":\"https:\\\/\\\/www.berg-freunde.ch\\\/blog\\\/#\\\/schema\\\/person\\\/d8786cfcd50064eab288b9e492f361ce\"},\"headline\":\"Urs Odermatt im Interview: meine Eiskletter &#8211; Fr\u00fchjahrsfavoriten\",\"datePublished\":\"2011-03-23T07:41:57+00:00\",\"dateModified\":\"2026-04-28T09:57:50+00:00\",\"mainEntityOfPage\":{\"@id\":\"https:\\\/\\\/www.berg-freunde.ch\\\/blog\\\/urs-odermatt-im-interview-meine-eiskletter-fruhjahrsfavoriten\\\/\"},\"wordCount\":1208,\"commentCount\":0,\"publisher\":{\"@id\":\"https:\\\/\\\/www.berg-freunde.ch\\\/blog\\\/#organization\"},\"image\":{\"@id\":\"https:\\\/\\\/www.berg-freunde.ch\\\/blog\\\/urs-odermatt-im-interview-meine-eiskletter-fruhjahrsfavoriten\\\/#primaryimage\"},\"thumbnailUrl\":\"https:\\\/\\\/www.berg-freunde.ch\\\/blog\\\/wp-content\\\/uploads\\\/2021\\\/05\\\/bergfreunde.jpg\",\"keywords\":[\"Bergsteigen &amp; Hochtouren\",\"Klettern &amp; Bouldern\",\"Wintersport\"],\"articleSection\":[\"Praxiswissen\"],\"inLanguage\":\"de-CH\",\"potentialAction\":[{\"@type\":\"CommentAction\",\"name\":\"Comment\",\"target\":[\"https:\\\/\\\/www.berg-freunde.ch\\\/blog\\\/urs-odermatt-im-interview-meine-eiskletter-fruhjahrsfavoriten\\\/#respond\"]}]},{\"@type\":\"WebPage\",\"@id\":\"https:\\\/\\\/www.berg-freunde.ch\\\/blog\\\/urs-odermatt-im-interview-meine-eiskletter-fruhjahrsfavoriten\\\/\",\"url\":\"https:\\\/\\\/www.berg-freunde.ch\\\/blog\\\/urs-odermatt-im-interview-meine-eiskletter-fruhjahrsfavoriten\\\/\",\"name\":\"Urs Odermatt im Interview: meine Eiskletter - Fr\u00fchjahrsfavoriten\",\"isPartOf\":{\"@id\":\"https:\\\/\\\/www.berg-freunde.ch\\\/blog\\\/#website\"},\"primaryImageOfPage\":{\"@id\":\"https:\\\/\\\/www.berg-freunde.ch\\\/blog\\\/urs-odermatt-im-interview-meine-eiskletter-fruhjahrsfavoriten\\\/#primaryimage\"},\"image\":{\"@id\":\"https:\\\/\\\/www.berg-freunde.ch\\\/blog\\\/urs-odermatt-im-interview-meine-eiskletter-fruhjahrsfavoriten\\\/#primaryimage\"},\"thumbnailUrl\":\"https:\\\/\\\/www.berg-freunde.ch\\\/blog\\\/wp-content\\\/uploads\\\/2021\\\/05\\\/bergfreunde.jpg\",\"datePublished\":\"2011-03-23T07:41:57+00:00\",\"dateModified\":\"2026-04-28T09:57:50+00:00\",\"description\":\"Exklusiv f\u00fcr den Basislager-Blog hat sich Eiskletterprofi Urs Odermatt bereit erkl\u00e4rt, uns seine Fr\u00fchjahrsfavoriten zu verraten.\",\"breadcrumb\":{\"@id\":\"https:\\\/\\\/www.berg-freunde.ch\\\/blog\\\/urs-odermatt-im-interview-meine-eiskletter-fruhjahrsfavoriten\\\/#breadcrumb\"},\"inLanguage\":\"de-CH\",\"potentialAction\":[{\"@type\":\"ReadAction\",\"target\":[\"https:\\\/\\\/www.berg-freunde.ch\\\/blog\\\/urs-odermatt-im-interview-meine-eiskletter-fruhjahrsfavoriten\\\/\"]}]},{\"@type\":\"ImageObject\",\"inLanguage\":\"de-CH\",\"@id\":\"https:\\\/\\\/www.berg-freunde.ch\\\/blog\\\/urs-odermatt-im-interview-meine-eiskletter-fruhjahrsfavoriten\\\/#primaryimage\",\"url\":\"https:\\\/\\\/www.berg-freunde.ch\\\/blog\\\/wp-content\\\/uploads\\\/2021\\\/05\\\/bergfreunde.jpg\",\"contentUrl\":\"https:\\\/\\\/www.berg-freunde.ch\\\/blog\\\/wp-content\\\/uploads\\\/2021\\\/05\\\/bergfreunde.jpg\",\"width\":1440,\"height\":400,\"caption\":\"Bergfreunde\"},{\"@type\":\"BreadcrumbList\",\"@id\":\"https:\\\/\\\/www.berg-freunde.ch\\\/blog\\\/urs-odermatt-im-interview-meine-eiskletter-fruhjahrsfavoriten\\\/#breadcrumb\",\"itemListElement\":[{\"@type\":\"ListItem\",\"position\":1,\"name\":\"Blog\",\"item\":\"https:\\\/\\\/www.berg-freunde.ch\\\/blog\\\/\"},{\"@type\":\"ListItem\",\"position\":2,\"name\":\"Know-How\",\"item\":\"https:\\\/\\\/www.berg-freunde.ch\\\/blog\\\/category\\\/know-how\\\/\"},{\"@type\":\"ListItem\",\"position\":3,\"name\":\"Praxiswissen\",\"item\":\"https:\\\/\\\/www.berg-freunde.ch\\\/blog\\\/category\\\/know-how\\\/praxiswissen\\\/\"},{\"@type\":\"ListItem\",\"position\":4,\"name\":\"Urs Odermatt im Interview: meine Eiskletter &#8211; Fr\u00fchjahrsfavoriten\"}]},{\"@type\":\"WebSite\",\"@id\":\"https:\\\/\\\/www.berg-freunde.ch\\\/blog\\\/#website\",\"url\":\"https:\\\/\\\/www.berg-freunde.ch\\\/blog\\\/\",\"name\":\"Bergfreunde\",\"description\":\"Blog\",\"publisher\":{\"@id\":\"https:\\\/\\\/www.berg-freunde.ch\\\/blog\\\/#organization\"},\"potentialAction\":[{\"@type\":\"SearchAction\",\"target\":{\"@type\":\"EntryPoint\",\"urlTemplate\":\"https:\\\/\\\/www.berg-freunde.ch\\\/blog\\\/?s={search_term_string}\"},\"query-input\":{\"@type\":\"PropertyValueSpecification\",\"valueRequired\":true,\"valueName\":\"search_term_string\"}}],\"inLanguage\":\"de-CH\"},{\"@type\":\"Organization\",\"@id\":\"https:\\\/\\\/www.berg-freunde.ch\\\/blog\\\/#organization\",\"name\":\"Bergfreunde\",\"url\":\"https:\\\/\\\/www.berg-freunde.ch\\\/blog\\\/\",\"logo\":{\"@type\":\"ImageObject\",\"inLanguage\":\"de-CH\",\"@id\":\"https:\\\/\\\/www.berg-freunde.ch\\\/blog\\\/#\\\/schema\\\/logo\\\/image\\\/\",\"url\":\"https:\\\/\\\/www.berg-freunde.ch\\\/blog\\\/wp-content\\\/uploads\\\/2023\\\/12\\\/Bergfreunde_DE_rgb.svg\",\"contentUrl\":\"https:\\\/\\\/www.berg-freunde.ch\\\/blog\\\/wp-content\\\/uploads\\\/2023\\\/12\\\/Bergfreunde_DE_rgb.svg\",\"caption\":\"Bergfreunde\"},\"image\":{\"@id\":\"https:\\\/\\\/www.berg-freunde.ch\\\/blog\\\/#\\\/schema\\\/logo\\\/image\\\/\"},\"sameAs\":[\"https:\\\/\\\/www.facebook.com\\\/bergfreunde\",\"https:\\\/\\\/www.instagram.com\\\/bergfreundede\\\/\"]},{\"@type\":\"Person\",\"@id\":\"https:\\\/\\\/www.berg-freunde.ch\\\/blog\\\/#\\\/schema\\\/person\\\/d8786cfcd50064eab288b9e492f361ce\",\"name\":\"Philip\",\"url\":\"https:\\\/\\\/www.berg-freunde.ch\\\/blog\\\/about\\\/philip-kunz\\\/\"}]}<\/script>\n<!-- \/ Yoast SEO Premium plugin. -->","yoast_head_json":{"title":"Urs Odermatt im Interview: meine Eiskletter - Fr\u00fchjahrsfavoriten","description":"Exklusiv f\u00fcr den Basislager-Blog hat sich Eiskletterprofi Urs Odermatt bereit erkl\u00e4rt, uns seine Fr\u00fchjahrsfavoriten zu verraten.","robots":{"index":"noindex","follow":"follow"},"og_locale":"de_DE","og_type":"article","og_title":"Urs Odermatt im Interview: meine Eiskletter - Fr\u00fchjahrsfavoriten","og_description":"Exklusiv f\u00fcr den Basislager-Blog hat sich Eiskletterprofi Urs Odermatt bereit erkl\u00e4rt, uns seine Fr\u00fchjahrsfavoriten zu verraten.","og_url":"https:\/\/www.berg-freunde.ch\/blog\/urs-odermatt-im-interview-meine-eiskletter-fruhjahrsfavoriten\/","og_site_name":"Bergfreunde","article_publisher":"https:\/\/www.facebook.com\/bergfreunde","article_published_time":"2011-03-23T07:41:57+00:00","article_modified_time":"2026-04-28T09:57:50+00:00","og_image":[{"width":1440,"height":400,"url":"https:\/\/www.berg-freunde.ch\/blog\/wp-content\/uploads\/2021\/05\/bergfreunde.jpg","type":"image\/jpeg"}],"author":"Philip","twitter_card":"summary_large_image","twitter_misc":{"Geschrieben von":"Philip","Gesch\u00e4tzte Lesezeit":"6\u00a0Minuten"},"schema":{"@context":"https:\/\/schema.org","@graph":[{"@type":["Article","BlogPosting"],"@id":"https:\/\/www.berg-freunde.ch\/blog\/urs-odermatt-im-interview-meine-eiskletter-fruhjahrsfavoriten\/#article","isPartOf":{"@id":"https:\/\/www.berg-freunde.ch\/blog\/urs-odermatt-im-interview-meine-eiskletter-fruhjahrsfavoriten\/"},"author":{"name":"Philip","@id":"https:\/\/www.berg-freunde.ch\/blog\/#\/schema\/person\/d8786cfcd50064eab288b9e492f361ce"},"headline":"Urs Odermatt im Interview: meine Eiskletter &#8211; Fr\u00fchjahrsfavoriten","datePublished":"2011-03-23T07:41:57+00:00","dateModified":"2026-04-28T09:57:50+00:00","mainEntityOfPage":{"@id":"https:\/\/www.berg-freunde.ch\/blog\/urs-odermatt-im-interview-meine-eiskletter-fruhjahrsfavoriten\/"},"wordCount":1208,"commentCount":0,"publisher":{"@id":"https:\/\/www.berg-freunde.ch\/blog\/#organization"},"image":{"@id":"https:\/\/www.berg-freunde.ch\/blog\/urs-odermatt-im-interview-meine-eiskletter-fruhjahrsfavoriten\/#primaryimage"},"thumbnailUrl":"https:\/\/www.berg-freunde.ch\/blog\/wp-content\/uploads\/2021\/05\/bergfreunde.jpg","keywords":["Bergsteigen &amp; Hochtouren","Klettern &amp; Bouldern","Wintersport"],"articleSection":["Praxiswissen"],"inLanguage":"de-CH","potentialAction":[{"@type":"CommentAction","name":"Comment","target":["https:\/\/www.berg-freunde.ch\/blog\/urs-odermatt-im-interview-meine-eiskletter-fruhjahrsfavoriten\/#respond"]}]},{"@type":"WebPage","@id":"https:\/\/www.berg-freunde.ch\/blog\/urs-odermatt-im-interview-meine-eiskletter-fruhjahrsfavoriten\/","url":"https:\/\/www.berg-freunde.ch\/blog\/urs-odermatt-im-interview-meine-eiskletter-fruhjahrsfavoriten\/","name":"Urs Odermatt im Interview: meine Eiskletter - Fr\u00fchjahrsfavoriten","isPartOf":{"@id":"https:\/\/www.berg-freunde.ch\/blog\/#website"},"primaryImageOfPage":{"@id":"https:\/\/www.berg-freunde.ch\/blog\/urs-odermatt-im-interview-meine-eiskletter-fruhjahrsfavoriten\/#primaryimage"},"image":{"@id":"https:\/\/www.berg-freunde.ch\/blog\/urs-odermatt-im-interview-meine-eiskletter-fruhjahrsfavoriten\/#primaryimage"},"thumbnailUrl":"https:\/\/www.berg-freunde.ch\/blog\/wp-content\/uploads\/2021\/05\/bergfreunde.jpg","datePublished":"2011-03-23T07:41:57+00:00","dateModified":"2026-04-28T09:57:50+00:00","description":"Exklusiv f\u00fcr den Basislager-Blog hat sich Eiskletterprofi Urs Odermatt bereit erkl\u00e4rt, uns seine Fr\u00fchjahrsfavoriten zu verraten.","breadcrumb":{"@id":"https:\/\/www.berg-freunde.ch\/blog\/urs-odermatt-im-interview-meine-eiskletter-fruhjahrsfavoriten\/#breadcrumb"},"inLanguage":"de-CH","potentialAction":[{"@type":"ReadAction","target":["https:\/\/www.berg-freunde.ch\/blog\/urs-odermatt-im-interview-meine-eiskletter-fruhjahrsfavoriten\/"]}]},{"@type":"ImageObject","inLanguage":"de-CH","@id":"https:\/\/www.berg-freunde.ch\/blog\/urs-odermatt-im-interview-meine-eiskletter-fruhjahrsfavoriten\/#primaryimage","url":"https:\/\/www.berg-freunde.ch\/blog\/wp-content\/uploads\/2021\/05\/bergfreunde.jpg","contentUrl":"https:\/\/www.berg-freunde.ch\/blog\/wp-content\/uploads\/2021\/05\/bergfreunde.jpg","width":1440,"height":400,"caption":"Bergfreunde"},{"@type":"BreadcrumbList","@id":"https:\/\/www.berg-freunde.ch\/blog\/urs-odermatt-im-interview-meine-eiskletter-fruhjahrsfavoriten\/#breadcrumb","itemListElement":[{"@type":"ListItem","position":1,"name":"Blog","item":"https:\/\/www.berg-freunde.ch\/blog\/"},{"@type":"ListItem","position":2,"name":"Know-How","item":"https:\/\/www.berg-freunde.ch\/blog\/category\/know-how\/"},{"@type":"ListItem","position":3,"name":"Praxiswissen","item":"https:\/\/www.berg-freunde.ch\/blog\/category\/know-how\/praxiswissen\/"},{"@type":"ListItem","position":4,"name":"Urs Odermatt im Interview: meine Eiskletter &#8211; Fr\u00fchjahrsfavoriten"}]},{"@type":"WebSite","@id":"https:\/\/www.berg-freunde.ch\/blog\/#website","url":"https:\/\/www.berg-freunde.ch\/blog\/","name":"Bergfreunde","description":"Blog","publisher":{"@id":"https:\/\/www.berg-freunde.ch\/blog\/#organization"},"potentialAction":[{"@type":"SearchAction","target":{"@type":"EntryPoint","urlTemplate":"https:\/\/www.berg-freunde.ch\/blog\/?s={search_term_string}"},"query-input":{"@type":"PropertyValueSpecification","valueRequired":true,"valueName":"search_term_string"}}],"inLanguage":"de-CH"},{"@type":"Organization","@id":"https:\/\/www.berg-freunde.ch\/blog\/#organization","name":"Bergfreunde","url":"https:\/\/www.berg-freunde.ch\/blog\/","logo":{"@type":"ImageObject","inLanguage":"de-CH","@id":"https:\/\/www.berg-freunde.ch\/blog\/#\/schema\/logo\/image\/","url":"https:\/\/www.berg-freunde.ch\/blog\/wp-content\/uploads\/2023\/12\/Bergfreunde_DE_rgb.svg","contentUrl":"https:\/\/www.berg-freunde.ch\/blog\/wp-content\/uploads\/2023\/12\/Bergfreunde_DE_rgb.svg","caption":"Bergfreunde"},"image":{"@id":"https:\/\/www.berg-freunde.ch\/blog\/#\/schema\/logo\/image\/"},"sameAs":["https:\/\/www.facebook.com\/bergfreunde","https:\/\/www.instagram.com\/bergfreundede\/"]},{"@type":"Person","@id":"https:\/\/www.berg-freunde.ch\/blog\/#\/schema\/person\/d8786cfcd50064eab288b9e492f361ce","name":"Philip","url":"https:\/\/www.berg-freunde.ch\/blog\/about\/philip-kunz\/"}]}},"_links":{"self":[{"href":"https:\/\/www.berg-freunde.ch\/blog\/wp-json\/wp\/v2\/posts\/72291","targetHints":{"allow":["GET"]}}],"collection":[{"href":"https:\/\/www.berg-freunde.ch\/blog\/wp-json\/wp\/v2\/posts"}],"about":[{"href":"https:\/\/www.berg-freunde.ch\/blog\/wp-json\/wp\/v2\/types\/post"}],"author":[{"embeddable":true,"href":"https:\/\/www.berg-freunde.ch\/blog\/wp-json\/wp\/v2\/users\/55"}],"replies":[{"embeddable":true,"href":"https:\/\/www.berg-freunde.ch\/blog\/wp-json\/wp\/v2\/comments?post=72291"}],"version-history":[{"count":1,"href":"https:\/\/www.berg-freunde.ch\/blog\/wp-json\/wp\/v2\/posts\/72291\/revisions"}],"predecessor-version":[{"id":133191,"href":"https:\/\/www.berg-freunde.ch\/blog\/wp-json\/wp\/v2\/posts\/72291\/revisions\/133191"}],"wp:featuredmedia":[{"embeddable":true,"href":"https:\/\/www.berg-freunde.ch\/blog\/wp-json\/wp\/v2\/media\/65674"}],"wp:attachment":[{"href":"https:\/\/www.berg-freunde.ch\/blog\/wp-json\/wp\/v2\/media?parent=72291"}],"wp:term":[{"taxonomy":"category","embeddable":true,"href":"https:\/\/www.berg-freunde.ch\/blog\/wp-json\/wp\/v2\/categories?post=72291"},{"taxonomy":"post_tag","embeddable":true,"href":"https:\/\/www.berg-freunde.ch\/blog\/wp-json\/wp\/v2\/tags?post=72291"},{"taxonomy":"post_folder","embeddable":true,"href":"https:\/\/www.berg-freunde.ch\/blog\/wp-json\/wp\/v2\/post_folder?post=72291"}],"curies":[{"name":"wp","href":"https:\/\/api.w.org\/{rel}","templated":true}]}}