{"id":79047,"date":"2023-03-03T10:00:00","date_gmt":"2023-03-03T09:00:00","guid":{"rendered":"https:\/\/www.bergfreunde.de\/blog\/?p=79047"},"modified":"2025-12-16T07:55:14","modified_gmt":"2025-12-16T06:55:14","slug":"wandern-in-und-um-koeln","status":"publish","type":"post","link":"https:\/\/www.berg-freunde.ch\/blog\/wandern-in-und-um-koeln\/","title":{"rendered":"Wandern in und um K\u00f6ln"},"content":{"rendered":"\n<p>Mit K\u00f6ln bringt man als erstes den Karneval in Verbindung sowie den Dom und nat\u00fcrlich das K\u00f6lsch (gesprochen oder getrunken). K\u00f6ln hat jedoch viel mehr zu bieten. Die Stadt z\u00e4hlt zu den <strong>\u00e4ltesten St\u00e4dten Deutschlands<\/strong> und ihre Umgebung hat auch einiges f\u00fcr Outdoorbegeisterte im Angebot.<\/p>\n\n\n\n<p>Nordrhein-Westfalen ist zwar das am dichtesten besiedelte Bundesland in Deutschland, aber die Naturlandschaften sind sehr vielseitig. K\u00f6ln selbst l\u00e4dt zu vielf\u00e4ltigen Spazierg\u00e4ngen ein. Zum Wandern in K\u00f6ln lohnt es sich, die Stadtgrenzen aufzusuchen oder diese sogar zu \u00fcberschreiten. Dieser Beitrag zeigt Dir die M\u00f6glichkeiten auf, und zwar vom Zentrum beginnend.<\/p>\n\n\n\n<h2 class=\"wp-block-heading\" id=\"h-koln-und-seine-sehenswurdigkeiten\">K\u00f6ln und seine Sehensw\u00fcrdigkeiten<\/h2>\n\n\n\n<p>Wenn Du mitten in K\u00f6ln eine sportliche Herausforderung suchst, dann ist der Dom Deine erste Anlaufstelle. Das imposante Bauwerk mit einer H\u00f6he von 157 m ist sowohl von au\u00dfen als auch von innen einen Abstecher wert. Wenn die 533 Stufen erklommen sind, dann er\u00f6ffnet sich von der Aussichtsplattform ein weitl\u00e4ufiger Blick auf K\u00f6ln und seine Umgebung.<\/p>\n\n\n\n<p>Wieder unten angekommen, kannst Du dich Richtung S\u00fcden in die <strong>historische Altstadt<\/strong> begeben. Die kleinen Gassen und die pittoresken H\u00e4user lassen erahnen, wie es sich im mittelalterlichen K\u00f6ln lebte, als die Stadt ein florierendes Handelszentrum war.<\/p>\n\n\n<div class=\"wp-block-image\">\n<figure class=\"aligncenter size-full is-resized\"><a href=\"https:\/\/www.berg-freunde.at\/blog\/wp-content\/uploads\/2023\/02\/Altstadt_zugeschnitten-1.jpeg\"><img fetchpriority=\"high\" decoding=\"async\" src=\"https:\/\/www.berg-freunde.at\/blog\/wp-content\/uploads\/2023\/02\/Altstadt_zugeschnitten-1.jpeg\" alt=\"Die K\u00f6lner Altstadt hat einiges zu bieten.\" class=\"wp-image-79299\" width=\"837\" height=\"628\" srcset=\"https:\/\/www.berg-freunde.ch\/blog\/wp-content\/uploads\/2023\/02\/Altstadt_zugeschnitten-1.jpeg 1000w, https:\/\/www.berg-freunde.ch\/blog\/wp-content\/uploads\/2023\/02\/Altstadt_zugeschnitten-1-300x225.jpeg 300w, https:\/\/www.berg-freunde.ch\/blog\/wp-content\/uploads\/2023\/02\/Altstadt_zugeschnitten-1-768x576.jpeg 768w\" sizes=\"(max-width: 837px) 100vw, 837px\" \/><\/a><figcaption class=\"wp-element-caption\">Die K\u00f6lner Altstadt hat einiges zu bieten.<\/figcaption><\/figure>\n<\/div>\n\n\n<p>Noch etwas weiter s\u00fcdlich, direkt am Rhein, steht das <strong>Schokoladenmuseum<\/strong>. Von der Bohne bis zur Tafel wird hier alles rund um das Thema Schokolade erkl\u00e4rt und gezeigt. In der Schokoladenfabrik sowie am Schokoladenbrunnen ist der Prozess sogar gustativ erlebbar.<\/p>\n\n\n\n<p>K\u00f6ln hat eine Vielzahl an Museen anzubieten. Das <strong>K\u00f6lnische Stadtmuseum<\/strong> informiert \u00fcber die Stadt und ihre Geschichte. Das <strong>Farina-Haus<\/strong> (Geburtshaus des Eau de Cologne) behandelt das gro\u00dfe Thema Duft. Im <strong>NS-Dokumentationszentrum<\/strong> wird die Zeit des Nationalsozialismus behandelt. <strong>Wallraf-Richartz<\/strong> und das <strong>Museum Ludwig<\/strong> sind wunderbare Anlaufstellen f\u00fcr Kunstbegeisterte. Dies ist nur eine kleine Auswahl der Museen, zu welchen du in K\u00f6ln wandern kannst.<\/p>\n\n\n\n<p>Solltest Du nach oder w\u00e4hrend einer Stadtbesichtigung etwas Hunger bekommen, dann ist ein Besuch in einem der Brauh\u00e4user ein MUSS. Hier gibt es neben dem Lokalgetr\u00e4nk auch <strong>kulinarische Spezialit\u00e4ten<\/strong> mit besonderen Namen: Halver Hahn, Himmel und \u00c4d, K\u00f6lscher Kaviar, rheinischer Sauerbraten, decke Bunne met Speck oder Rievkooche, um nur ein paar zu nennen. Beim Besuch im Brauhaus f\u00e4llt der K\u00f6bes (Kellner) auf. Er ist Teil der Brauhauskultur und ist derjenige, der bei einer Wasserbestellung oft einen trockenen Spruch rausl\u00e4sst, wie z.B. ob er zum Wasser auch Seife und Handtuch bringen d\u00fcrfe. Er ist auch derjenige, der jedes leere K\u00f6lschglas durch ein volles ersetzt, solange das leere nicht mit einem Bierdeckel bedeckt ist.<\/p>\n\n\n\n<p>Wenn sich der Abend n\u00e4hert, dann kannst Du \u00fcber die <strong>Hohenzollernbr\u00fccke<\/strong> laufen und auf der rechten Rheinseite (der Sch\u00e4l Sick, wie sie liebevoll genannt wird) den Sonnenuntergang genie\u00dfen. Die Rheinpromenade ist im Sommer sehr beliebt.<\/p>\n\n\n\n<h2 class=\"wp-block-heading\">K\u00f6ln mit Kindern erkunden<\/h2>\n\n\n\n<p>Viele der hier beschriebenen Ausfl\u00fcge sind mit Kindern kein Problem. Welches Kind sagt denn schon \u201eNein\u201c zu einem Museum voller Schokolade? Besonders sch\u00f6n f\u00fcr die J\u00fcngeren ist auch der <strong>K\u00f6lner Zoo<\/strong>, der sich perfekt f\u00fcr einen Tagesausflug anbietet. Hier lebt eine Vielzahl von S\u00e4ugetieren, Fischen und Reptilien.<\/p>\n\n\n<div class=\"wp-block-image\">\n<figure class=\"aligncenter size-full is-resized\"><a href=\"https:\/\/www.berg-freunde.at\/blog\/wp-content\/uploads\/2023\/02\/Schoko_zugeschnitten-1.jpeg\"><img decoding=\"async\" src=\"https:\/\/www.berg-freunde.at\/blog\/wp-content\/uploads\/2023\/02\/Schoko_zugeschnitten-1.jpeg\" alt=\"Das K\u00f6lner Schokoladenmuseum ist immer einen Besuch wert.\" class=\"wp-image-79318\" width=\"830\" height=\"623\" srcset=\"https:\/\/www.berg-freunde.ch\/blog\/wp-content\/uploads\/2023\/02\/Schoko_zugeschnitten-1.jpeg 1000w, https:\/\/www.berg-freunde.ch\/blog\/wp-content\/uploads\/2023\/02\/Schoko_zugeschnitten-1-300x225.jpeg 300w, https:\/\/www.berg-freunde.ch\/blog\/wp-content\/uploads\/2023\/02\/Schoko_zugeschnitten-1-768x576.jpeg 768w\" sizes=\"(max-width: 830px) 100vw, 830px\" \/><\/a><figcaption class=\"wp-element-caption\">Das K\u00f6lner Schokoladenmuseum ist immer einen Besuch wert.<\/figcaption><\/figure>\n<\/div>\n\n\n<p>Wenn es weniger exotisch sein soll, dann bietet sich der <strong>Lindenthaler Tierpark<\/strong> an, der sich mitten im Stadtwald im Stadtteil Braunsfeld befindet.<\/p>\n\n\n\n<p>Eine andere M\u00f6glichkeit ist der <strong>Wildpark D\u00fcnnwald<\/strong> nahe Bergisch Gladbach.<\/p>\n\n\n\n<p>Ganz tierfrei (zumindest, was die Gehege anbelangt) ist der <strong>Forstbotanische Garten<\/strong> in Rodenkirchen. Hier ist die Pflanzenwelt im Fokus und die Wiesen und Sandfl\u00e4chen laden zum Toben ein.<\/p>\n\n\n\n<p>Wenn es etwas wilder zugehen soll, dann ist ein Ausflug in der Nachbarstadt Br\u00fchl anzuraten. Hier gibt es einen Kletterwald und den Freizeitpark Phantasialand.<\/p>\n\n\n\n<h2 class=\"wp-block-heading\">Wandern in K\u00f6ln<\/h2>\n\n\n\n<p>Die Stadt K\u00f6ln ist flach und sehr dicht besiedelt, aber wie in jeder gro\u00dfen Stadt gibt es hier Parks und angrenzende Naturgebiete, welche sich zum Wandern eignen. Neben den kleineren Parks, wie <strong>Stadtwald<\/strong>, <strong>Vorgebirgspark<\/strong> und <strong>Volksgarten<\/strong>, gibt es die gr\u00f6\u00dferen Anlagen wie den <strong>inneren Gr\u00fcng\u00fcrtel<\/strong>, den <strong>\u00e4u\u00dferen Gr\u00fcng\u00fcrtel<\/strong> oder die <strong>Poller Wiesen<\/strong>. Wenn Du Dich weiter in Richtung Stadtgrenze bewegst, findest Du im Osten den<strong> K\u00f6nigsforst<\/strong>, rechtsrheinisch im S\u00fcden die <strong>Wahner Heide<\/strong> und linksrheinisch im S\u00fcden und Westen den <strong>Naturpark Rheinland<\/strong>. Eine Besonderheit gibt es noch: den <strong>K\u00f6lnpfad<\/strong>.<\/p>\n\n\n\n<h3 class=\"wp-block-heading\">K\u00f6nigsforst<\/h3>\n\n\n\n<p>Das Waldgebiet befindet sich \u00f6stlich von K\u00f6ln und ist um die 25 Quadratkilometer gro\u00df. Der h\u00f6chste Punkt ist der T\u00fctberg mit 212 m, immerhin h\u00f6her als der K\u00f6lner Dom. Das Gebiet ist mit dem Auto, mit dem Fahrrad oder sogar mit der Stadtbahn Linie 9 erreichbar. Die Haltestelle \u201eK\u00f6nigsforst\u201c oder der Wanderparkplatz \u201eK\u00f6nigsforst\u201c sind gute Startpunkte f\u00fcr Wandern in K\u00f6ln. Die M\u00f6glichkeiten sind zahlreich. Der Forst ist von B\u00e4chen und kleinen Weihern durchzogen und B\u00e4nke sowie Tische laden zu Pausieren ein. Wenn Du also im Stadttrubel etwas Waldluft schnuppern willst, bist Du hier perfekt aufgehoben.<\/p>\n\n\n\n<h3 class=\"wp-block-heading\">Monte Troodel\u00f6h Runde<\/h3>\n\n\n\n<p>Dieser Rundwanderweg startet bei der Haltestelle K\u00f6nigsforst und f\u00fchrt zuerst zum Rather Weiher durch einen fast m\u00e4rchenhaften Wald. Dann geht es weiter \u00fcber den <strong>Monte Troodel\u00f6h<\/strong>, K\u00f6lns h\u00f6chste Erhebung, zum Kettners Weiher. Nachdem es noch etwas Richtung Norden geht, biegst Du nach rechts ab zum Gie\u00dfbach, der in die Wassertretstelle flie\u00dft. Diese Tretstelle ist auch das n\u00e4chste Zwischenziel, bevor es wieder zum Startpunkt geht. Die Runde gibt einen wunderbaren Einblick in den K\u00f6nigsforst.<\/p>\n\n\n\n<h3 class=\"wp-block-heading\">Wahner Heide<\/h3>\n\n\n\n<p>Diese Heidelandschaft ist ein Naturschutzgebiet und liegt direkt am Flughafen K\u00f6ln\/Bonn. Sie l\u00e4sst sich mit Bus, Bahn und Auto gut erreichen und ist auch sehr sch\u00f6n <strong>mit Kindern<\/strong> zu erkunden, da sie keine gro\u00dfen Wanderschwierigkeiten birgt.<\/p>\n\n\n\n<p>Vom Parkplatz Brandweg f\u00fchrt z. B. eine kleine 7 km Runde erst durch den Wald, um den Blick dann auf die Wahner Heide zu er\u00f6ffnen. Auf halber Strecke geht es dann in Richtung des ehemaligen Kriegsgefangenenlagers Hoffnungsthal zur\u00fcck. Kurz vor dem Parkplatz l\u00e4sst sich ein Blick auf den Flughafen erhaschen, bevor es an den alten Betonpanzersperren aus dem zweiten Weltkrieg vorbeigeht.<\/p>\n\n\n<div class=\"wp-block-image\">\n<figure class=\"aligncenter size-full\"><a href=\"https:\/\/www.berg-freunde.at\/blog\/wp-content\/uploads\/2023\/02\/Wahner-Heide_zugeschnitten.jpeg\"><img decoding=\"async\" width=\"1000\" height=\"750\" src=\"https:\/\/www.berg-freunde.at\/blog\/wp-content\/uploads\/2023\/02\/Wahner-Heide_zugeschnitten.jpeg\" alt=\"Die Wahner Heide ist ein sch\u00f6nes Naturschutzgebiet und von K\u00f6ln aus sehr gut erreichbar.\" class=\"wp-image-79306\" srcset=\"https:\/\/www.berg-freunde.ch\/blog\/wp-content\/uploads\/2023\/02\/Wahner-Heide_zugeschnitten.jpeg 1000w, https:\/\/www.berg-freunde.ch\/blog\/wp-content\/uploads\/2023\/02\/Wahner-Heide_zugeschnitten-300x225.jpeg 300w, https:\/\/www.berg-freunde.ch\/blog\/wp-content\/uploads\/2023\/02\/Wahner-Heide_zugeschnitten-768x576.jpeg 768w\" sizes=\"(max-width: 1000px) 100vw, 1000px\" \/><\/a><figcaption class=\"wp-element-caption\">Die Wahner Heide ist ein sch\u00f6nes Naturschutzgebiet und von K\u00f6ln aus sehr gut erreichbar.<\/figcaption><\/figure>\n<\/div>\n\n\n<h3 class=\"wp-block-heading\">Naturpark Rheinland<\/h3>\n\n\n\n<p>Westlich bis s\u00fcdlich von K\u00f6ln, bis hinter Bonn, erstreckt sich der <strong>Naturpark Rheinland<\/strong>: von der flachen <strong>L\u00f6ssebene<\/strong> mit ihren landwirtschaftlichen Fl\u00e4chen bis zum h\u00fcgeligen <strong>Kottenforst<\/strong> \u00fcber die <strong>Ville-Seen-Platte<\/strong> und die<strong> Villew\u00e4lder<\/strong>. Teile dieser Landschaft sind durch den Tagebau gezeichnet, wie z. B. die Ville-Seen-Platte. Diese Region wurde rekultiviert und ist nun ein wunderbarer Lebensraum f\u00fcr Tiere und Pflanzen. Durch den Tagebau sind viele Gruben entstanden, die heute als Seen oder Weiher dem \u00d6kosystem freien Lauf lassen. Manche dieser Seen sind Badegew\u00e4sser und laden im Sommer zur Abk\u00fchlung ein.<\/p>\n\n\n\n<h3 class=\"wp-block-heading\">Otto-Maigler-Runde<\/h3>\n\n\n\n<p>Diese kleine Runde zum Wandern in K\u00f6ln ist etwa 11 km lang und startet am Parkplatz des Otto-Maigler-Sees. Zuerst wird der See umrundet. Der Weg f\u00fchrt direkt am Wasser entlang und ist von B\u00e4umen und Str\u00e4uchern bes\u00e4umt. Etwa auf der H\u00e4lfte der Strecke steht das Kloster Burbach. Dieser Geb\u00e4udekomplex aus dem 18. Jahrhundert ist heute ein Vereinshaus. Der Weg f\u00fchrt weiter durch den Wald bis zu den weitl\u00e4ufigen Feldern, die an Alt-H\u00fcrth grenzen. Der letzte Teil bringt Dich von den Feldern wieder zur\u00fcck zum Parkplatz. Die Runde ist auch perfekt f\u00fcr Kinder.<\/p>\n\n\n\n<h3 class=\"wp-block-heading\">Kl\u00fcttenweg<\/h3>\n\n\n\n<p>F\u00fcr diese Wanderung gibt es mehrere Startpunkte, darunter zwei am Birkhof, nicht weit vom Berggeistweiher (Br\u00fchl). Auf den fast 17 Kilometern gehst Du durch den Wald erst an zwei Seen vorbei: dem <strong>Berggeistweiher<\/strong> und dem <strong>Lucretiasee<\/strong>, beide gesch\u00fctzt. Auf halber Strecke befindet sich der Swister Turm. Hier l\u00e4sst es sich wunderbar bei sch\u00f6nem Wetter pausieren, um gest\u00e4rkt die zweite H\u00e4lfte des Weges in Angriff zu nehmen.<\/p>\n\n\n\n<h3 class=\"wp-block-heading\">K\u00f6lnpfad<\/h3>\n\n\n\n<p>De<strong>r K\u00f6lnpfad<\/strong> ist ein<strong> Rundwanderweg<\/strong>, der die Stadt umrundet und mit rot-wei\u00dfen T\u00e4felchen inklusive Domspitzen markiert ist. Er erstreckt sich auf 171 km mit 11 Etappen zwischen 22 und 9 km L\u00e4nge. Der Pfad folgt gr\u00f6\u00dftenteils der Stadtgrenze und durchquert vielseitige Gebiete, darunter W\u00e4lder, Felder, Parks, im Norden und S\u00fcden die Rheinauen, Seenlandschaften, etc. Spannend ist dabei vor allem, dass er auch durch urbane Gebiete f\u00fchrt: \u00fcber Autobahnen, durch Industriegebiete, \u00fcber Bahngleise und durch den Hafen. Dazu kommen noch kulturelle Denkm\u00e4ler, Kirchen, Kunstst\u00e4tten, etc. Start- und Endpunkt jeder Etappe sind durch die \u00f6ffentlichen Verkehrsmittel leicht zu erreichen, was ein gro\u00dfes Ma\u00df an Flexibilit\u00e4t bietet.<\/p>\n\n\n\n<h2 class=\"wp-block-heading\">Wandern um K\u00f6ln<\/h2>\n\n\n\n<p>Die K\u00f6lner Umgebung hat einiges f\u00fcr Wanderbegeisterte zu bieten. Mit dem Auto, oder sogar mit Bahn oder Bus kannst Du zu Deiner Wandertour gelangen. Die zwei wichtigsten Regionen sind im S\u00fcdwesten die <strong>Eifel<\/strong> und im Osten das <strong>Bergische Land<\/strong>. Diese zwei Regionen wollen wir uns jetzt genauer anschauen.<\/p>\n\n\n\n<h3 class=\"wp-block-heading\">Eifel<\/h3>\n\n\n\n<p>Die Eifel erstreckt sich in Deutschland \u00fcber zwei Bundesl\u00e4nder: Rheinland-Pfalz und Nordrhein-Westfalen. Sie liegt zwischen Trier, Koblenz und Aachen und ist in Parks und Naturr\u00e4umen unterteilt. Zwei der bekanntesten Parks sind der <strong>UNESCO Geopark Vulkaneifel <\/strong>und der <strong>Nationalpark Eifel<\/strong>.<\/p>\n\n\n\n<p>Der Nationalpark Eifel grenzt an Belgien und ist mit dem Auto in weniger als einer Stunde von K\u00f6ln aus zu erreichen. Er ist ein wunderbarer Lebensraum f\u00fcr alle m\u00f6glichen Tiere. Sogar bedrohte Arten finden dort einen R\u00fcckzugsort, wie z. B. Wildkatzen und Schwarzst\u00f6rche. Nachts, bei klarem, mondlosem Himmel, h\u00e4lt der Park eine \u00dcberraschung im dichtbesiedelten Nordrhein-Westfalen bereit: einen<strong> traumhaften Sternenhimmel<\/strong> mit sichtbarer Milchstra\u00dfe.<\/p>\n\n\n\n<h3 class=\"wp-block-heading\">Vogelsang<\/h3>\n\n\n<div class=\"wp-block-image\">\n<figure class=\"alignright size-full is-resized\"><a href=\"https:\/\/www.berg-freunde.at\/blog\/wp-content\/uploads\/2023\/02\/Vogelsang_zugeschnitten-2.jpeg\"><img loading=\"lazy\" decoding=\"async\" src=\"https:\/\/www.berg-freunde.at\/blog\/wp-content\/uploads\/2023\/02\/Vogelsang_zugeschnitten-2.jpeg\" alt=\"Von der nationalsozialistischen Ordensburg hat man einen atemberaubenden Ausblick.\" class=\"wp-image-79346\" width=\"350\" height=\"267\"\/><\/a><figcaption class=\"wp-element-caption\">Von der nationalsozialistischen Ordensburg hat man einen atemberaubenden Ausblick.<\/figcaption><\/figure>\n<\/div>\n\n\n<p>Der Park birgt einen besonderen Ort. \u00dcber der <strong>Urfttalsperre<\/strong> erstreckt sich die sogenannte nationalsozialistische Ordensburg Vogelsang (eine Stunde von K\u00f6ln). Nach dem zweiten Weltkrieg wurde der Ort als Truppen\u00fcbungsplatz genutzt. Heute hei\u00dft er <strong>\u201eVogelsang Internationaler Platz\u201c<\/strong> und bietet viele M\u00f6glichkeiten an. Es ist sowohl eine Kultur- und Gedenkst\u00e4tte als auch eine Sportst\u00e4tte. Auch wenn die Stimmung an diesem Ort auf eine gewisse Art bedr\u00fcckend ist, lohnt sich der Besuch, der sich perfekt mit einer Wanderung kombinieren l\u00e4sst. Die ganze Gegend um die <strong>Urfttalsperre<\/strong> l\u00e4sst sich gut zu Fu\u00df erkunden. Die Berge drumherum steigen bis \u00fcber 500 m.<\/p>\n\n\n\n<h3 class=\"wp-block-heading\">Eifelsteig<\/h3>\n\n\n\n<p>Der Eifelsteig ist ein <strong>Fernwanderroute<\/strong>, die von Aachen nach Trier f\u00fchrt. Die Strecke ist sehr vielseitig und es werden fast 7<strong>000 H\u00f6henmeter<\/strong> bestiegen. 15 Etappen f\u00fchren durch den Nationalpark und den Vulkanpark, vorbei an den so typischen <strong>Maaren <\/strong>(Kraterseen). Wenn Du mehr Zeit hast, dann lohnt sich dieses Projekt.<\/p>\n\n\n<div class=\"wp-block-image\">\n<figure class=\"aligncenter size-full\"><a href=\"https:\/\/www.berg-freunde.at\/blog\/wp-content\/uploads\/2023\/02\/Maare_zugeschnitten.jpeg\"><img loading=\"lazy\" decoding=\"async\" width=\"1000\" height=\"750\" src=\"https:\/\/www.berg-freunde.at\/blog\/wp-content\/uploads\/2023\/02\/Maare_zugeschnitten.jpeg\" alt=\"Ein Blick \u00fcber die typischen Maare auf dem Eifelsteig.\" class=\"wp-image-79358\" srcset=\"https:\/\/www.berg-freunde.ch\/blog\/wp-content\/uploads\/2023\/02\/Maare_zugeschnitten.jpeg 1000w, https:\/\/www.berg-freunde.ch\/blog\/wp-content\/uploads\/2023\/02\/Maare_zugeschnitten-300x225.jpeg 300w, https:\/\/www.berg-freunde.ch\/blog\/wp-content\/uploads\/2023\/02\/Maare_zugeschnitten-768x576.jpeg 768w\" sizes=\"(max-width: 1000px) 100vw, 1000px\" \/><\/a><figcaption class=\"wp-element-caption\">Ein Blick \u00fcber die typischen Maare auf dem Eifelsteig.<\/figcaption><\/figure>\n<\/div>\n\n\n<h3 class=\"wp-block-heading\">Bergisches Land<\/h3>\n\n\n\n<p>\u00d6stlich von K\u00f6ln erstreckt sich das <strong>Bergische Land<\/strong>. Diese bergige Landschaft hat ihren Namen vom Herzogtum Berg. Die kleine Region ist u. a. f\u00fcr ihre Bergische Kaffeetafel bekannt. Auch f\u00fcr ihr <strong>Neandertal<\/strong>, ihre <strong>Wuppertaler Schwebebahn<\/strong>, ihre <strong>M\u00fcngstener Br\u00fccke<\/strong>, ihre <strong>Solinger Messe<\/strong>r, etc. Die regenreiche Gegend beherbergt auch einige Talsperren, darunter die <strong>Dh\u00fcnntalsperre<\/strong> (40 Minuten von K\u00f6ln), die sich hervorragend zum Wandern anbietet.<\/p>\n\n\n\n<h3 class=\"wp-block-heading\">Dh\u00fcnntalsperre<\/h3>\n\n\n\n<p>Diese Talsperre bietet zum Wandern eine gro\u00dfe Runde, die etwa 24 km lang ist. Du kannst aber auch eine der zahlreichen kleinen Wanderung unternehmen, z. B. die Runde um die <strong>kleine Dh\u00fcnntalsperre<\/strong>. An der Ostspitze befindet sich ein Parkplatz. Die 12 km lange Runde f\u00fchrt teilweise direkt am Wasser vorbei und ist ziemlich flach. Die Strecke ist also f\u00fcr jedes Niveau und f\u00fcr <strong>Kinderwagen<\/strong> geeignet. Bei halber Strecke wird der Talsperren-Arm \u00fcber einen Deich gequert, von dem sich ein toller Blick auf die Talsperre zeigt.<\/p>\n\n\n<div class=\"wp-block-image\">\n<figure class=\"aligncenter size-full is-resized\"><a href=\"https:\/\/www.berg-freunde.at\/blog\/wp-content\/uploads\/2023\/02\/Dhuenn_Talsperre_zugeschnitten.jpeg\"><img loading=\"lazy\" decoding=\"async\" src=\"https:\/\/www.berg-freunde.at\/blog\/wp-content\/uploads\/2023\/02\/Dhuenn_Talsperre_zugeschnitten.jpeg\" alt=\"Der Ausblick \u00fcber die Dh\u00fcnntalsperre ist etwas ganz besonderes.\" class=\"wp-image-79352\" width=\"824\" height=\"618\" srcset=\"https:\/\/www.berg-freunde.ch\/blog\/wp-content\/uploads\/2023\/02\/Dhuenn_Talsperre_zugeschnitten.jpeg 1000w, https:\/\/www.berg-freunde.ch\/blog\/wp-content\/uploads\/2023\/02\/Dhuenn_Talsperre_zugeschnitten-300x225.jpeg 300w, https:\/\/www.berg-freunde.ch\/blog\/wp-content\/uploads\/2023\/02\/Dhuenn_Talsperre_zugeschnitten-768x576.jpeg 768w\" sizes=\"(max-width: 824px) 100vw, 824px\" \/><\/a><figcaption class=\"wp-element-caption\">Der Ausblick \u00fcber die Dh\u00fcnntalsperre ist etwas ganz besonderes.<\/figcaption><\/figure>\n<\/div>\n\n\n<h3 class=\"wp-block-heading\">Von der M\u00fcngstener Br\u00fccke nach Schloss Burg<\/h3>\n\n\n\n<p>Die M\u00fcngstener Br\u00fccke (wenige als 1 Stunde von K\u00f6ln) ist die <strong>h\u00f6chste Eisenbahnbr\u00fccke in Deutschland<\/strong>. Sie ist 465 m lang, 107 m hoch und thront \u00fcber der m\u00e4andernden Wupper. Startpunkt der Wanderung ist der Parkplatz des Br\u00fcckenparks. Von hier geht es erst mal Richtung Br\u00fccke und dann 4 km an der idyllischen Wupper entlang bis nach Unterburg (Solingen). Von hier ist es nicht mehr weit bis zum Schloss Burg. Entweder Du erklimmst die 100 H\u00f6henmeter zu Fu\u00df oder du machst es Dir in der Seilbahn bequem und l\u00e4sst dich hochfahren. Der Blick von oben lohnt sich. Die Burg ist heute ein Museum und perfekt f\u00fcr Mittelalterfans. Zur\u00fcck geht es dann auf der anderen Wupperseite zum Br\u00fcckenpark. Unter der Br\u00fccke hast Du vielleicht die M\u00f6glichkeit mit der Schwebef\u00e4hre (wenn sie ge\u00f6ffnet hat) ans andere Ufer zu gelangen. Der Park bietet weitere M\u00f6glichkeiten zum Wandern an, auch etwas sportlichere Routen.<\/p>\n\n\n\n<h3 class=\"wp-block-heading\">Bergischer Weg<\/h3>\n\n\n\n<p>Dieser <strong>Fernwanderweg<\/strong> ist 259 km lang und in 14 Etappen gegliedert. Der Startpunkt liegt in<strong> Essen am Baldeneysee<\/strong>, der Endpunkt ist der <strong>Drachenfels in K\u00f6nigswinter<\/strong> im Siebengebirge (bei Bonn). Der Weg f\u00fchrt also von Nord nach S\u00fcd (oder umgekehrt) \u00fcber das Ruhrgebiet, das Bergische Land, an K\u00f6ln vorbei und zum Rhein. Dabei liegt die Sch\u00f6nheit der Natur im Vordergrund, vorbei an kleinen B\u00e4chen, durch W\u00e4lder und H\u00fcgel. Auch Industrie, Geschichte und Kultur der Region lassen sich wunderbar erkunden. Die \u00dcbernachtungsm\u00f6glichkeiten befinden sich nicht direkt am Weg, daf\u00fcr gibt es beschilderte Zuwege, die Dich wieder auf den richtigen Pfad bringen.<\/p>\n\n\n\n<h3 class=\"wp-block-heading\">Bergischer Panoramasteig<\/h3>\n\n\n\n<p>Der zweite gro\u00dfe<strong> Fernwanderweg<\/strong>! Hier liegt der Fokus noch mehr auf den wundersch\u00f6nen Ausblicken. Es handelt sich um eine Schleife mit einer L\u00e4nge von 244 km in 12 Etappen. Hier l\u00e4sst sich das<strong> Bergische Land<\/strong> voll und ganz erleben.<\/p>\n","protected":false},"excerpt":{"rendered":"<p>Mit K\u00f6ln bringt man als erstes den Karneval in Verbindung sowie den Dom und nat\u00fcrlich das K\u00f6lsch (gesprochen oder getrunken). K\u00f6ln hat jedoch viel mehr zu bieten. Die Stadt z\u00e4hlt zu den \u00e4ltesten St\u00e4dten Deutschlands und ihre Umgebung hat auch einiges f\u00fcr Outdoorbegeisterte im Angebot. Nordrhein-Westfalen ist zwar das am dichtesten besiedelte Bundesland in Deutschland, [&hellip;]<\/p>\n","protected":false},"author":68,"featured_media":79292,"comment_status":"open","ping_status":"closed","sticky":false,"template":"","format":"standard","meta":{"_acf_changed":false,"footnotes":""},"categories":[288],"tags":[271,276],"post_folder":[],"class_list":["post-79047","post","type-post","status-publish","format-standard","has-post-thumbnail","hentry","category-touren-reisetipps","tag-camping-reisen","tag-wandern-trekking"],"acf":[],"yoast_head":"<!-- This site is optimized with the Yoast SEO Premium plugin v27.4 (Yoast SEO v27.4) - https:\/\/yoast.com\/product\/yoast-seo-premium-wordpress\/ -->\n<title>Wandern in und um K\u00f6ln | Bergfreunde<\/title>\n<meta name=\"description\" content=\"Die sch\u00f6nsten Wanderungen in und um K\u00f6ln, tolle Tipps f\u00fcr Ausfl\u00fcge mit Kindern und alle wichtigen Sehensw\u00fcrdigkeiten f\u00fcr Outdoorbegeisterte!\" \/>\n<meta name=\"robots\" content=\"index, follow, max-snippet:-1, max-image-preview:large, max-video-preview:-1\" \/>\n<link rel=\"canonical\" href=\"https:\/\/www.berg-freunde.ch\/blog\/wandern-in-und-um-koeln\/\" \/>\n<meta property=\"og:locale\" content=\"de_DE\" \/>\n<meta property=\"og:type\" content=\"article\" \/>\n<meta property=\"og:title\" content=\"Wandern in und um K\u00f6ln\" \/>\n<meta property=\"og:description\" content=\"Die sch\u00f6nsten Wanderungen in und um K\u00f6ln, tolle Tipps f\u00fcr Ausfl\u00fcge mit Kindern und alle wichtigen Sehensw\u00fcrdigkeiten f\u00fcr Outdoorbegeisterte!\" \/>\n<meta property=\"og:url\" content=\"https:\/\/www.berg-freunde.ch\/blog\/wandern-in-und-um-koeln\/\" \/>\n<meta property=\"og:site_name\" content=\"Bergfreunde\" \/>\n<meta property=\"article:publisher\" content=\"https:\/\/www.facebook.com\/bergfreunde\" \/>\n<meta property=\"article:published_time\" content=\"2023-03-03T09:00:00+00:00\" \/>\n<meta property=\"article:modified_time\" content=\"2025-12-16T06:55:14+00:00\" \/>\n<meta property=\"og:image\" content=\"https:\/\/www.berg-freunde.ch\/blog\/wp-content\/uploads\/2023\/02\/Titel_zugeschnitten.jpeg\" \/>\n\t<meta property=\"og:image:width\" content=\"1440\" \/>\n\t<meta property=\"og:image:height\" content=\"590\" \/>\n\t<meta property=\"og:image:type\" content=\"image\/jpeg\" \/>\n<meta name=\"author\" content=\"Anais\" \/>\n<meta name=\"twitter:card\" content=\"summary_large_image\" \/>\n<meta name=\"twitter:label1\" content=\"Geschrieben von\" \/>\n\t<meta name=\"twitter:data1\" content=\"Anais\" \/>\n\t<meta name=\"twitter:label2\" content=\"Gesch\u00e4tzte Lesezeit\" \/>\n\t<meta name=\"twitter:data2\" content=\"11\u00a0Minuten\" \/>\n<script type=\"application\/ld+json\" class=\"yoast-schema-graph\">{\"@context\":\"https:\\\/\\\/schema.org\",\"@graph\":[{\"@type\":[\"Article\",\"BlogPosting\"],\"@id\":\"https:\\\/\\\/www.berg-freunde.ch\\\/blog\\\/wandern-in-und-um-koeln\\\/#article\",\"isPartOf\":{\"@id\":\"https:\\\/\\\/www.berg-freunde.ch\\\/blog\\\/wandern-in-und-um-koeln\\\/\"},\"author\":{\"name\":\"Anais\",\"@id\":\"https:\\\/\\\/www.berg-freunde.ch\\\/blog\\\/#\\\/schema\\\/person\\\/51834d75f686c9a402e186864d2bbbf1\"},\"headline\":\"Wandern in und um K\u00f6ln\",\"datePublished\":\"2023-03-03T09:00:00+00:00\",\"dateModified\":\"2025-12-16T06:55:14+00:00\",\"mainEntityOfPage\":{\"@id\":\"https:\\\/\\\/www.berg-freunde.ch\\\/blog\\\/wandern-in-und-um-koeln\\\/\"},\"wordCount\":2297,\"commentCount\":0,\"publisher\":{\"@id\":\"https:\\\/\\\/www.berg-freunde.ch\\\/blog\\\/#organization\"},\"image\":{\"@id\":\"https:\\\/\\\/www.berg-freunde.ch\\\/blog\\\/wandern-in-und-um-koeln\\\/#primaryimage\"},\"thumbnailUrl\":\"https:\\\/\\\/www.berg-freunde.ch\\\/blog\\\/wp-content\\\/uploads\\\/2023\\\/02\\\/Titel_zugeschnitten.jpeg\",\"keywords\":[\"Camping &amp; Reisen\",\"Wandern &amp; Trekking\"],\"articleSection\":[\"Touren &amp; Reisetipps\"],\"inLanguage\":\"de-CH\",\"potentialAction\":[{\"@type\":\"CommentAction\",\"name\":\"Comment\",\"target\":[\"https:\\\/\\\/www.berg-freunde.ch\\\/blog\\\/wandern-in-und-um-koeln\\\/#respond\"]}]},{\"@type\":\"WebPage\",\"@id\":\"https:\\\/\\\/www.berg-freunde.ch\\\/blog\\\/wandern-in-und-um-koeln\\\/\",\"url\":\"https:\\\/\\\/www.berg-freunde.ch\\\/blog\\\/wandern-in-und-um-koeln\\\/\",\"name\":\"Wandern in und um K\u00f6ln | Bergfreunde\",\"isPartOf\":{\"@id\":\"https:\\\/\\\/www.berg-freunde.ch\\\/blog\\\/#website\"},\"primaryImageOfPage\":{\"@id\":\"https:\\\/\\\/www.berg-freunde.ch\\\/blog\\\/wandern-in-und-um-koeln\\\/#primaryimage\"},\"image\":{\"@id\":\"https:\\\/\\\/www.berg-freunde.ch\\\/blog\\\/wandern-in-und-um-koeln\\\/#primaryimage\"},\"thumbnailUrl\":\"https:\\\/\\\/www.berg-freunde.ch\\\/blog\\\/wp-content\\\/uploads\\\/2023\\\/02\\\/Titel_zugeschnitten.jpeg\",\"datePublished\":\"2023-03-03T09:00:00+00:00\",\"dateModified\":\"2025-12-16T06:55:14+00:00\",\"description\":\"Die sch\u00f6nsten Wanderungen in und um K\u00f6ln, tolle Tipps f\u00fcr Ausfl\u00fcge mit Kindern und alle wichtigen Sehensw\u00fcrdigkeiten f\u00fcr Outdoorbegeisterte!\",\"breadcrumb\":{\"@id\":\"https:\\\/\\\/www.berg-freunde.ch\\\/blog\\\/wandern-in-und-um-koeln\\\/#breadcrumb\"},\"inLanguage\":\"de-CH\",\"potentialAction\":[{\"@type\":\"ReadAction\",\"target\":[\"https:\\\/\\\/www.berg-freunde.ch\\\/blog\\\/wandern-in-und-um-koeln\\\/\"]}]},{\"@type\":\"ImageObject\",\"inLanguage\":\"de-CH\",\"@id\":\"https:\\\/\\\/www.berg-freunde.ch\\\/blog\\\/wandern-in-und-um-koeln\\\/#primaryimage\",\"url\":\"https:\\\/\\\/www.berg-freunde.ch\\\/blog\\\/wp-content\\\/uploads\\\/2023\\\/02\\\/Titel_zugeschnitten.jpeg\",\"contentUrl\":\"https:\\\/\\\/www.berg-freunde.ch\\\/blog\\\/wp-content\\\/uploads\\\/2023\\\/02\\\/Titel_zugeschnitten.jpeg\",\"width\":1440,\"height\":590,\"caption\":\"K\u00f6ln bietet eine tolle Skyline.\"},{\"@type\":\"BreadcrumbList\",\"@id\":\"https:\\\/\\\/www.berg-freunde.ch\\\/blog\\\/wandern-in-und-um-koeln\\\/#breadcrumb\",\"itemListElement\":[{\"@type\":\"ListItem\",\"position\":1,\"name\":\"Blog\",\"item\":\"https:\\\/\\\/www.berg-freunde.ch\\\/blog\\\/\"},{\"@type\":\"ListItem\",\"position\":2,\"name\":\"Touren &amp; Reisetipps\",\"item\":\"https:\\\/\\\/www.berg-freunde.ch\\\/blog\\\/category\\\/touren-reisetipps\\\/\"},{\"@type\":\"ListItem\",\"position\":3,\"name\":\"Wandern in und um K\u00f6ln\"}]},{\"@type\":\"WebSite\",\"@id\":\"https:\\\/\\\/www.berg-freunde.ch\\\/blog\\\/#website\",\"url\":\"https:\\\/\\\/www.berg-freunde.ch\\\/blog\\\/\",\"name\":\"Bergfreunde\",\"description\":\"Blog\",\"publisher\":{\"@id\":\"https:\\\/\\\/www.berg-freunde.ch\\\/blog\\\/#organization\"},\"potentialAction\":[{\"@type\":\"SearchAction\",\"target\":{\"@type\":\"EntryPoint\",\"urlTemplate\":\"https:\\\/\\\/www.berg-freunde.ch\\\/blog\\\/?s={search_term_string}\"},\"query-input\":{\"@type\":\"PropertyValueSpecification\",\"valueRequired\":true,\"valueName\":\"search_term_string\"}}],\"inLanguage\":\"de-CH\"},{\"@type\":\"Organization\",\"@id\":\"https:\\\/\\\/www.berg-freunde.ch\\\/blog\\\/#organization\",\"name\":\"Bergfreunde\",\"url\":\"https:\\\/\\\/www.berg-freunde.ch\\\/blog\\\/\",\"logo\":{\"@type\":\"ImageObject\",\"inLanguage\":\"de-CH\",\"@id\":\"https:\\\/\\\/www.berg-freunde.ch\\\/blog\\\/#\\\/schema\\\/logo\\\/image\\\/\",\"url\":\"https:\\\/\\\/www.berg-freunde.ch\\\/blog\\\/wp-content\\\/uploads\\\/2023\\\/12\\\/Bergfreunde_DE_rgb.svg\",\"contentUrl\":\"https:\\\/\\\/www.berg-freunde.ch\\\/blog\\\/wp-content\\\/uploads\\\/2023\\\/12\\\/Bergfreunde_DE_rgb.svg\",\"caption\":\"Bergfreunde\"},\"image\":{\"@id\":\"https:\\\/\\\/www.berg-freunde.ch\\\/blog\\\/#\\\/schema\\\/logo\\\/image\\\/\"},\"sameAs\":[\"https:\\\/\\\/www.facebook.com\\\/bergfreunde\",\"https:\\\/\\\/www.instagram.com\\\/bergfreundede\\\/\"]},{\"@type\":\"Person\",\"@id\":\"https:\\\/\\\/www.berg-freunde.ch\\\/blog\\\/#\\\/schema\\\/person\\\/51834d75f686c9a402e186864d2bbbf1\",\"name\":\"Anais\",\"url\":\"https:\\\/\\\/www.berg-freunde.ch\\\/blog\\\/about\\\/anais-grangeret\\\/\"}]}<\/script>\n<!-- \/ Yoast SEO Premium plugin. -->","yoast_head_json":{"title":"Wandern in und um K\u00f6ln | Bergfreunde","description":"Die sch\u00f6nsten Wanderungen in und um K\u00f6ln, tolle Tipps f\u00fcr Ausfl\u00fcge mit Kindern und alle wichtigen Sehensw\u00fcrdigkeiten f\u00fcr Outdoorbegeisterte!","robots":{"index":"index","follow":"follow","max-snippet":"max-snippet:-1","max-image-preview":"max-image-preview:large","max-video-preview":"max-video-preview:-1"},"canonical":"https:\/\/www.berg-freunde.ch\/blog\/wandern-in-und-um-koeln\/","og_locale":"de_DE","og_type":"article","og_title":"Wandern in und um K\u00f6ln","og_description":"Die sch\u00f6nsten Wanderungen in und um K\u00f6ln, tolle Tipps f\u00fcr Ausfl\u00fcge mit Kindern und alle wichtigen Sehensw\u00fcrdigkeiten f\u00fcr Outdoorbegeisterte!","og_url":"https:\/\/www.berg-freunde.ch\/blog\/wandern-in-und-um-koeln\/","og_site_name":"Bergfreunde","article_publisher":"https:\/\/www.facebook.com\/bergfreunde","article_published_time":"2023-03-03T09:00:00+00:00","article_modified_time":"2025-12-16T06:55:14+00:00","og_image":[{"width":1440,"height":590,"url":"https:\/\/www.berg-freunde.ch\/blog\/wp-content\/uploads\/2023\/02\/Titel_zugeschnitten.jpeg","type":"image\/jpeg"}],"author":"Anais","twitter_card":"summary_large_image","twitter_misc":{"Geschrieben von":"Anais","Gesch\u00e4tzte Lesezeit":"11\u00a0Minuten"},"schema":{"@context":"https:\/\/schema.org","@graph":[{"@type":["Article","BlogPosting"],"@id":"https:\/\/www.berg-freunde.ch\/blog\/wandern-in-und-um-koeln\/#article","isPartOf":{"@id":"https:\/\/www.berg-freunde.ch\/blog\/wandern-in-und-um-koeln\/"},"author":{"name":"Anais","@id":"https:\/\/www.berg-freunde.ch\/blog\/#\/schema\/person\/51834d75f686c9a402e186864d2bbbf1"},"headline":"Wandern in und um K\u00f6ln","datePublished":"2023-03-03T09:00:00+00:00","dateModified":"2025-12-16T06:55:14+00:00","mainEntityOfPage":{"@id":"https:\/\/www.berg-freunde.ch\/blog\/wandern-in-und-um-koeln\/"},"wordCount":2297,"commentCount":0,"publisher":{"@id":"https:\/\/www.berg-freunde.ch\/blog\/#organization"},"image":{"@id":"https:\/\/www.berg-freunde.ch\/blog\/wandern-in-und-um-koeln\/#primaryimage"},"thumbnailUrl":"https:\/\/www.berg-freunde.ch\/blog\/wp-content\/uploads\/2023\/02\/Titel_zugeschnitten.jpeg","keywords":["Camping &amp; Reisen","Wandern &amp; Trekking"],"articleSection":["Touren &amp; Reisetipps"],"inLanguage":"de-CH","potentialAction":[{"@type":"CommentAction","name":"Comment","target":["https:\/\/www.berg-freunde.ch\/blog\/wandern-in-und-um-koeln\/#respond"]}]},{"@type":"WebPage","@id":"https:\/\/www.berg-freunde.ch\/blog\/wandern-in-und-um-koeln\/","url":"https:\/\/www.berg-freunde.ch\/blog\/wandern-in-und-um-koeln\/","name":"Wandern in und um K\u00f6ln | Bergfreunde","isPartOf":{"@id":"https:\/\/www.berg-freunde.ch\/blog\/#website"},"primaryImageOfPage":{"@id":"https:\/\/www.berg-freunde.ch\/blog\/wandern-in-und-um-koeln\/#primaryimage"},"image":{"@id":"https:\/\/www.berg-freunde.ch\/blog\/wandern-in-und-um-koeln\/#primaryimage"},"thumbnailUrl":"https:\/\/www.berg-freunde.ch\/blog\/wp-content\/uploads\/2023\/02\/Titel_zugeschnitten.jpeg","datePublished":"2023-03-03T09:00:00+00:00","dateModified":"2025-12-16T06:55:14+00:00","description":"Die sch\u00f6nsten Wanderungen in und um K\u00f6ln, tolle Tipps f\u00fcr Ausfl\u00fcge mit Kindern und alle wichtigen Sehensw\u00fcrdigkeiten f\u00fcr Outdoorbegeisterte!","breadcrumb":{"@id":"https:\/\/www.berg-freunde.ch\/blog\/wandern-in-und-um-koeln\/#breadcrumb"},"inLanguage":"de-CH","potentialAction":[{"@type":"ReadAction","target":["https:\/\/www.berg-freunde.ch\/blog\/wandern-in-und-um-koeln\/"]}]},{"@type":"ImageObject","inLanguage":"de-CH","@id":"https:\/\/www.berg-freunde.ch\/blog\/wandern-in-und-um-koeln\/#primaryimage","url":"https:\/\/www.berg-freunde.ch\/blog\/wp-content\/uploads\/2023\/02\/Titel_zugeschnitten.jpeg","contentUrl":"https:\/\/www.berg-freunde.ch\/blog\/wp-content\/uploads\/2023\/02\/Titel_zugeschnitten.jpeg","width":1440,"height":590,"caption":"K\u00f6ln bietet eine tolle Skyline."},{"@type":"BreadcrumbList","@id":"https:\/\/www.berg-freunde.ch\/blog\/wandern-in-und-um-koeln\/#breadcrumb","itemListElement":[{"@type":"ListItem","position":1,"name":"Blog","item":"https:\/\/www.berg-freunde.ch\/blog\/"},{"@type":"ListItem","position":2,"name":"Touren &amp; Reisetipps","item":"https:\/\/www.berg-freunde.ch\/blog\/category\/touren-reisetipps\/"},{"@type":"ListItem","position":3,"name":"Wandern in und um K\u00f6ln"}]},{"@type":"WebSite","@id":"https:\/\/www.berg-freunde.ch\/blog\/#website","url":"https:\/\/www.berg-freunde.ch\/blog\/","name":"Bergfreunde","description":"Blog","publisher":{"@id":"https:\/\/www.berg-freunde.ch\/blog\/#organization"},"potentialAction":[{"@type":"SearchAction","target":{"@type":"EntryPoint","urlTemplate":"https:\/\/www.berg-freunde.ch\/blog\/?s={search_term_string}"},"query-input":{"@type":"PropertyValueSpecification","valueRequired":true,"valueName":"search_term_string"}}],"inLanguage":"de-CH"},{"@type":"Organization","@id":"https:\/\/www.berg-freunde.ch\/blog\/#organization","name":"Bergfreunde","url":"https:\/\/www.berg-freunde.ch\/blog\/","logo":{"@type":"ImageObject","inLanguage":"de-CH","@id":"https:\/\/www.berg-freunde.ch\/blog\/#\/schema\/logo\/image\/","url":"https:\/\/www.berg-freunde.ch\/blog\/wp-content\/uploads\/2023\/12\/Bergfreunde_DE_rgb.svg","contentUrl":"https:\/\/www.berg-freunde.ch\/blog\/wp-content\/uploads\/2023\/12\/Bergfreunde_DE_rgb.svg","caption":"Bergfreunde"},"image":{"@id":"https:\/\/www.berg-freunde.ch\/blog\/#\/schema\/logo\/image\/"},"sameAs":["https:\/\/www.facebook.com\/bergfreunde","https:\/\/www.instagram.com\/bergfreundede\/"]},{"@type":"Person","@id":"https:\/\/www.berg-freunde.ch\/blog\/#\/schema\/person\/51834d75f686c9a402e186864d2bbbf1","name":"Anais","url":"https:\/\/www.berg-freunde.ch\/blog\/about\/anais-grangeret\/"}]}},"_links":{"self":[{"href":"https:\/\/www.berg-freunde.ch\/blog\/wp-json\/wp\/v2\/posts\/79047","targetHints":{"allow":["GET"]}}],"collection":[{"href":"https:\/\/www.berg-freunde.ch\/blog\/wp-json\/wp\/v2\/posts"}],"about":[{"href":"https:\/\/www.berg-freunde.ch\/blog\/wp-json\/wp\/v2\/types\/post"}],"author":[{"embeddable":true,"href":"https:\/\/www.berg-freunde.ch\/blog\/wp-json\/wp\/v2\/users\/68"}],"replies":[{"embeddable":true,"href":"https:\/\/www.berg-freunde.ch\/blog\/wp-json\/wp\/v2\/comments?post=79047"}],"version-history":[{"count":1,"href":"https:\/\/www.berg-freunde.ch\/blog\/wp-json\/wp\/v2\/posts\/79047\/revisions"}],"predecessor-version":[{"id":129173,"href":"https:\/\/www.berg-freunde.ch\/blog\/wp-json\/wp\/v2\/posts\/79047\/revisions\/129173"}],"wp:featuredmedia":[{"embeddable":true,"href":"https:\/\/www.berg-freunde.ch\/blog\/wp-json\/wp\/v2\/media\/79292"}],"wp:attachment":[{"href":"https:\/\/www.berg-freunde.ch\/blog\/wp-json\/wp\/v2\/media?parent=79047"}],"wp:term":[{"taxonomy":"category","embeddable":true,"href":"https:\/\/www.berg-freunde.ch\/blog\/wp-json\/wp\/v2\/categories?post=79047"},{"taxonomy":"post_tag","embeddable":true,"href":"https:\/\/www.berg-freunde.ch\/blog\/wp-json\/wp\/v2\/tags?post=79047"},{"taxonomy":"post_folder","embeddable":true,"href":"https:\/\/www.berg-freunde.ch\/blog\/wp-json\/wp\/v2\/post_folder?post=79047"}],"curies":[{"name":"wp","href":"https:\/\/api.w.org\/{rel}","templated":true}]}}