{"id":82961,"date":"2023-05-23T09:00:00","date_gmt":"2023-05-23T07:00:00","guid":{"rendered":"https:\/\/www.bergfreunde.de\/blog\/?p=82961"},"modified":"2025-10-09T09:48:23","modified_gmt":"2025-10-09T07:48:23","slug":"glamping-was-gehoert-auf-die-packliste","status":"publish","type":"post","link":"https:\/\/www.berg-freunde.ch\/blog\/glamping-was-gehoert-auf-die-packliste\/","title":{"rendered":"Glamping &#8211; was geh\u00f6rt auf die Packliste?"},"content":{"rendered":"<div class=\"wp-block-image\">\n<figure class=\"alignright size-full is-resized\"><a href=\"https:\/\/www.bergfreunde.de\/blog\/wp-content\/uploads\/2023\/05\/\u00a9Nordisk_Christiane-Setz-Mueller_Utgard-Sky-51-of-145.jpg\"><img fetchpriority=\"high\" decoding=\"async\" width=\"1000\" height=\"750\" src=\"https:\/\/www.bergfreunde.de\/blog\/wp-content\/uploads\/2023\/05\/\u00a9Nordisk_Christiane-Setz-Mueller_Utgard-Sky-51-of-145.jpg\" alt=\"\" class=\"wp-image-82979\" style=\"width:352px;height:265px\" srcset=\"https:\/\/www.berg-freunde.ch\/blog\/wp-content\/uploads\/2023\/05\/\u00a9Nordisk_Christiane-Setz-Mueller_Utgard-Sky-51-of-145.jpg 1000w, https:\/\/www.berg-freunde.ch\/blog\/wp-content\/uploads\/2023\/05\/\u00a9Nordisk_Christiane-Setz-Mueller_Utgard-Sky-51-of-145-300x225.jpg 300w, https:\/\/www.berg-freunde.ch\/blog\/wp-content\/uploads\/2023\/05\/\u00a9Nordisk_Christiane-Setz-Mueller_Utgard-Sky-51-of-145-768x576.jpg 768w\" sizes=\"(max-width: 1000px) 100vw, 1000px\" \/><\/a><figcaption class=\"wp-element-caption\"><em>Beim Glamping ist Eurer Packliste keine Grenzen gesetzt.<\/em> |\u00a9Nordisk<\/figcaption><\/figure>\n<\/div>\n\n\n<p>Sehr viel Platz und eine Einrichtung, die an zu Hause erinnert &#8211; das kann doch kein Camping sein, oder? Wir erweitern die Packliste f\u00fcrs normale Camping, erh\u00f6hen den Komfort und begeben uns in unser n\u00e4chstes Glamping-Abenteuer. Was Glamping ist, was alles auf Deiner Packliste stehen k\u00f6nnte und wie Du Dein Outdoor-Life auf eine ganz neue Ebene bringst, erf\u00e4hrst Du in diesem Beitrag.&nbsp;<\/p>\n\n\n\n<h2 class=\"wp-block-heading\" id=\"h-was-ist-glamping-eigentlich\"><strong>Was ist Glamping eigentlich?<\/strong><\/h2>\n\n\n\n<p>Glamping ist eine Kombination der beiden W\u00f6rter <em>glamorous camping<\/em> (glamour\u00f6ses Zelten). Das bedeutet kurz gesagt: <strong>deutlich mehr Komfort als beim herk\u00f6mmlichen Campen<\/strong>. Im Gegensatz dazu ist die Packliste beim Glamping nicht auf ein paar Must-haves begrenzt und muss auch nicht beispielsweise nur in einen Rucksack passen.<\/p>\n\n\n\n<p>Den Reiz macht der <strong>besondere Wohlf\u00fchl-Aspekt<\/strong> aus. Als ich letztes Jahr mit einer Freundin in den Bergen unterwegs war und wir das Auto mit lauter sch\u00f6nen Sachen vollgepackt haben, die auch in unser \u00fcberproportional gro\u00dfes <a href=\"https:\/\/www.berg-freunde.ch\/zelte\/\">Zelt<\/a> passten, habe ich das Glamping f\u00fcr mich entdeckt. Es war selbstverst\u00e4ndlich deutlich komfortabler als ich es sonst von meinen Trekking-Touren kannte. Au\u00dferdem waren wir, im Gegensatz zu einem gebuchten Zimmer, <strong>schneller und direkter in der Natur<\/strong>. Wir haben unser Zelt dann auf einem sch\u00f6nen Campingplatz aufgebaut und sind dort f\u00fcr ein paar Tage geblieben. Der Vorteil bei einem Campingplatz ist in meinen Augen auch, dass man <strong>viel schneller f\u00fcndig<\/strong> wird und die meisten Campingpl\u00e4tze noch etwas Platz f\u00fcr einen haben.<\/p>\n\n\n\n<p>Ein <strong>kleiner Tipp<\/strong> f\u00fcr all diejenigen, die den Urlaub oder das Wochenende zu Hause genie\u00dfen wollen: <strong>Der eigene Garten<\/strong> eignet sich ebenfalls gut f\u00fcr eine erholsame Auszeit im Zelt. Vor allem <strong>f\u00fcr Kinder<\/strong> kann das zu einem echten Erlebnis werden.&nbsp;<\/p>\n\n\n\n<p>Was Du beim Glamping alles brauchst, kommt dann am Ende darauf an, wie hoch Deine Anspr\u00fcche sind. Ein, zwei <strong>Lichterketten<\/strong> zum Beispiel machen die <strong>Zelt-Atmosph\u00e4re<\/strong> abends gleich so richtig <strong>gem\u00fctlich<\/strong>.<\/p>\n\n\n<div class=\"wp-block-image\">\n<figure class=\"aligncenter size-full\"><a href=\"https:\/\/www.bergfreunde.de\/blog\/wp-content\/uploads\/2023\/05\/DSC5790.jpeg\"><img decoding=\"async\" width=\"1000\" height=\"750\" src=\"https:\/\/www.bergfreunde.de\/blog\/wp-content\/uploads\/2023\/05\/DSC5790.jpeg\" alt=\"\" class=\"wp-image-83006\" srcset=\"https:\/\/www.berg-freunde.ch\/blog\/wp-content\/uploads\/2023\/05\/DSC5790.jpeg 1000w, https:\/\/www.berg-freunde.ch\/blog\/wp-content\/uploads\/2023\/05\/DSC5790-300x225.jpeg 300w, https:\/\/www.berg-freunde.ch\/blog\/wp-content\/uploads\/2023\/05\/DSC5790-768x576.jpeg 768w\" sizes=\"(max-width: 1000px) 100vw, 1000px\" \/><\/a><figcaption class=\"wp-element-caption\"><em>Mit ein paar Lichterketten wird es abends gleich viel gem\u00fctlicher.<\/em> |\u00a9Nordisk<\/figcaption><\/figure>\n<\/div>\n\n\n<h2 class=\"wp-block-heading\" id=\"h-welches-zelt-darf-s-sein\"><strong>Welches Zelt darf\u2019s sein?<\/strong><\/h2>\n\n\n\n<p>Zun\u00e4chst geht es an die Wahl des Zeltes. Je nachdem, ob Ihr mit der ganzen Familie oder einer Freundesgruppe reist oder ob Ihr alleine oder zu zweit unterwegs seid, braucht Ihr unterschiedlich viel Platz. Von der Marke <a href=\"https:\/\/www.bergfreunde.de\/marken\/nordisk\/\" target=\"_blank\" rel=\"noreferrer noopener\">Nordisk<\/a> gibt es zum Beispiel <strong>gro\u00dfe <a href=\"https:\/\/www.bergfreunde.de\/marken\/nordisk\/5-6-personen-zelte\/\" target=\"_blank\" rel=\"noreferrer noopener\">Gruppenzelte<\/a>, in welchen sechs Personen bequem ihren Platz finden<\/strong>. In diesen, aber auch in anderen gro\u00dfen Zelten gibt es h\u00e4ufig <strong>separate Schlafkabinen<\/strong>. Diese <a href=\"https:\/\/www.bergfreunde.de\/marken\/nordisk\/innenzelte\/\" target=\"_blank\" rel=\"noreferrer noopener\">Innenzelte<\/a> lassen sich bei Nordisk aber auch zus\u00e4tzlich kaufen. So k\u00f6nnen <strong>Schlaf- und Wohnbereich voneinander getrennt<\/strong> werden, wenn das von Euch gew\u00fcnscht ist. Dar\u00fcber hinaus lassen sich die Nordisk Baumwoll-Zelte auch <a href=\"https:\/\/www.bergfreunde.de\/nordisk-midgard-connector-zelterweiterung\/\" target=\"_blank\" rel=\"noreferrer noopener\">erweitern<\/a> und miteinander <a href=\"https:\/\/www.bergfreunde.de\/nordisk-vimur-zip-adapter\/\" target=\"_blank\" rel=\"noreferrer noopener\">kombinieren<\/a>.<\/p>\n\n\n\n<p>Hier gilt: Augen auf bei der <strong>Materialwahl und Impr\u00e4gnierung der Zelte<\/strong>. Solltet Ihr Euch erstmal ein Zelt anschaffen, macht es Sinn, sich zuvor einmal dar\u00fcber Gedanken zu machen, in welche Regionen Ihr zumeist damit fahren werdet. F\u00fcrs Glamping eignen sich besonders Zelte aus technischer Baumwolle. Sie sehen nicht nur toll aus, sind hell, wetterfest und bestehen aus nachwachsendem Material, sondern haben auch ein besonders gutes Raumklima, da der Stoff sehr atmungsaktiv ist. Seid Ihr viel in warmen Regionen unterwegs, dann lohnt sich die Anschaffung eines&nbsp;<strong>Baumwoll-Zeltes <\/strong>auf jeden Fall. Seid Ihr aber eher in Regionen unterwegs, in denen es h\u00e4ufig und gerne mal kr\u00e4ftiger regnet, dann ist ein <strong>Zelt aus Kunstfaser<\/strong> mit einer entsprechenden <strong>wasserdichten Impr\u00e4gnierung<\/strong> zu empfehlen. <\/p>\n\n\n\n<p>Wenn Ihr Glamping betreibt und dabei ein gro\u00dfes und stabiles Gruppenzelt verwendet, untersch\u00e4tzt besser nicht, wie lange es ggf. dauern kann, bis es aufgebaut ist. Dass der <strong>Aufbau l\u00e4nger dauert<\/strong> als bei einem kleinen 2-Personen Zelt, bei dem Ihr vielleicht nur zwei Aluminiumstangen durch das Au\u00dfenzelt f\u00e4deln m\u00fcsst, sollte vermutlich jedem klar sein.<\/p>\n\n\n\n<p><strong>Ein kleiner Tipp<\/strong> am Rande f\u00fcr all diejenigen, die langsam Fernweh bekommen und Lust auf ein kleines Glamping-Abenteuer haben, sich aber kein gro\u00dfes Gruppenzelt zulegen und\/oder aufbauen wollen:<strong> Im <a href=\"https:\/\/nordiskvillage.com\/\" target=\"_blank\" rel=\"noreferrer noopener\">Nordisk Village<\/a> k\u00f6nnt Ihr Urlaub in einem Glamping-Zelt buchen.<\/strong> In ausgew\u00e4hlten, sch\u00f6nen Urlaubsregionen sind <strong>kleine D\u00f6rfer aus den Zelten<\/strong> aufgebaut. Dort k\u00f6nnt Ihr Euer<strong> Glamping-Abenteuer ohne gr\u00f6\u00dferen Aufwand oder hohe Einmalkosten<\/strong> genie\u00dfen. Das geht auch schon preisg\u00fcnstig ab 65 \u20ac die Nacht.&nbsp;&nbsp;<\/p>\n\n\n<div class=\"wp-block-image\">\n<figure class=\"aligncenter size-full\"><a href=\"https:\/\/www.bergfreunde.de\/blog\/wp-content\/uploads\/2023\/05\/\u00a9Nordisk_Christiane-Setz-Mueller_Utgard-Sky-52-of-145-1.jpg\"><img decoding=\"async\" width=\"1000\" height=\"750\" src=\"https:\/\/www.bergfreunde.de\/blog\/wp-content\/uploads\/2023\/05\/\u00a9Nordisk_Christiane-Setz-Mueller_Utgard-Sky-52-of-145-1.jpg\" alt=\"\" class=\"wp-image-83024\" srcset=\"https:\/\/www.berg-freunde.ch\/blog\/wp-content\/uploads\/2023\/05\/\u00a9Nordisk_Christiane-Setz-Mueller_Utgard-Sky-52-of-145-1.jpg 1000w, https:\/\/www.berg-freunde.ch\/blog\/wp-content\/uploads\/2023\/05\/\u00a9Nordisk_Christiane-Setz-Mueller_Utgard-Sky-52-of-145-1-300x225.jpg 300w, https:\/\/www.berg-freunde.ch\/blog\/wp-content\/uploads\/2023\/05\/\u00a9Nordisk_Christiane-Setz-Mueller_Utgard-Sky-52-of-145-1-768x576.jpg 768w\" sizes=\"(max-width: 1000px) 100vw, 1000px\" \/><\/a><figcaption class=\"wp-element-caption\"><em>In einem gro\u00dfen Zelt f\u00fchlt man sich mit der richtigen Innenausstattung gleich wie zu Hause.<\/em> |\u00a9Nordisk<\/figcaption><\/figure>\n<\/div>\n\n\n<h2 class=\"wp-block-heading\" id=\"h-die-perfekte-inneneinrichtung-zum-wohlfuhlen\"><strong>Die perfekte Inneneinrichtung zum Wohlf\u00fchlen<\/strong><\/h2>\n\n\n\n<p>Wenn die Zelt-Frage gekl\u00e4rt ist, geht es nun zur Innenausstattung. Was Ihr letztlich braucht, bzw. gerne dabei h\u00e4ttet, bleibt nat\u00fcrlich Euch \u00fcberlassen. Wir k\u00f6nnen Euch hier aber ein paar Inspirationen geben. Auch auf der <a href=\"https:\/\/nordisk.eu\/de\/glamping\/glamping\" target=\"_blank\" rel=\"noreferrer noopener\">Glamping-Seite von Nordisk<\/a> k\u00f6nnt Ihr Euch weitere Inspiration zur Innenausstattung holen.<\/p>\n\n\n\n<h3 class=\"wp-block-heading\" id=\"h-mobel\"><strong>M\u00f6bel<\/strong><\/h3>\n\n\n<div class=\"wp-block-image\">\n<figure class=\"alignright size-full is-resized\"><a href=\"https:\/\/www.bergfreunde.de\/blog\/wp-content\/uploads\/2023\/05\/\u00a9Nordisk_Christiane-Setz-Mueller_Utgard-Sky-19-of-145.jpg\"><img loading=\"lazy\" decoding=\"async\" width=\"1000\" height=\"750\" src=\"https:\/\/www.bergfreunde.de\/blog\/wp-content\/uploads\/2023\/05\/\u00a9Nordisk_Christiane-Setz-Mueller_Utgard-Sky-19-of-145.jpg\" alt=\"\" class=\"wp-image-83033\" style=\"width:349px;height:262px\" srcset=\"https:\/\/www.berg-freunde.ch\/blog\/wp-content\/uploads\/2023\/05\/\u00a9Nordisk_Christiane-Setz-Mueller_Utgard-Sky-19-of-145.jpg 1000w, https:\/\/www.berg-freunde.ch\/blog\/wp-content\/uploads\/2023\/05\/\u00a9Nordisk_Christiane-Setz-Mueller_Utgard-Sky-19-of-145-300x225.jpg 300w, https:\/\/www.berg-freunde.ch\/blog\/wp-content\/uploads\/2023\/05\/\u00a9Nordisk_Christiane-Setz-Mueller_Utgard-Sky-19-of-145-768x576.jpg 768w\" sizes=\"(max-width: 1000px) 100vw, 1000px\" \/><\/a><figcaption class=\"wp-element-caption\"><em>Entspannen, Sonnen und Lesen in der <a href=\"https:\/\/www.berg-freunde.ch\/haengematten\/\">H\u00e4ngematte<\/a>. Das klingt nach Urlaub!<\/em> <br>|\u00a9Nordisk<\/figcaption><\/figure>\n<\/div>\n\n\n<ul class=\"wp-block-list\">\n<li><strong>Schlafplatz:<\/strong> Beim Zelten denken die meisten vermutlich zun\u00e4chst an <a href=\"https:\/\/www.bergfreunde.de\/isomatten\/\">Isomatte<\/a> und <a href=\"https:\/\/www.bergfreunde.de\/marken\/nordisk\/schlafsaecke\/\" target=\"_blank\" rel=\"noreferrer noopener\">Schlafsack<\/a>. Das ist auch beim Glamping eine gute M\u00f6glichkeit. Wenn Ihr aber gerne etwas h\u00e4ttet, was mehr an zu Hause erinnert, dann k\u00f6nnten vielleicht Feldbetten etwas f\u00fcr Euch sein. Au\u00dferdem k\u00f6nnt Ihr einfach, wenn es der Platz im Auto zul\u00e4sst, Eure Bettw\u00e4sche mitnehmen.<\/li>\n\n\n\n<li><strong>Tisch und St\u00fchle:<\/strong> Ob im Zelt oder davor &#8211; <a href=\"https:\/\/www.bergfreunde.de\/campingtische\/\">Campingtisch<\/a> und <a href=\"https:\/\/www.bergfreunde.de\/campingstuehle\/\">Campingst\u00fchle<\/a> d\u00fcrfen nat\u00fcrlich nicht fehlen, um sich beim Essen, Gesellschaftsspiele spielen etc. ordentlich hinsetzen zu k\u00f6nnen.<\/li>\n\n\n\n<li><strong>Schrank:<\/strong> <a href=\"https:\/\/www.bergfreunde.de\/campingschraenke\/\">Campingschr\u00e4nke<\/a> gibt es in verschiedenen Gr\u00f6\u00dfen. Diese sind hilfreich, um Eure ganzen Sachen zu verstauen. Sei es Bekleidung, ungek\u00fchlte Lebensmittel, Geschirr oder was Ihr sonst noch mit dabei habt.<\/li>\n\n\n\n<li><strong><a href=\"https:\/\/www.bergfreunde.de\/haengematten\/\">H\u00e4ngematte<\/a> \/ Sonnenliege \/ Sitzsack:<\/strong> Um gerne viel Zeit beim Zelt zu verbringen, braucht Ihr nat\u00fcrlich noch irgendwelche Sitz- oder Liegem\u00f6glichkeiten. Damit wird es gleich noch komfortabler und l\u00e4dt zum Entspannen, Sonnen, Lesen etc. ein.<\/li>\n\n\n\n<li>\u2026<\/li>\n<\/ul>\n\n\n\n<p><\/p>\n\n\n\n<h3 class=\"wp-block-heading\" id=\"h-kuche\"><strong>K\u00fcche<\/strong><\/h3>\n\n\n<div class=\"wp-block-image\">\n<figure class=\"alignright size-full is-resized\"><a href=\"https:\/\/www.bergfreunde.de\/blog\/wp-content\/uploads\/2023\/05\/\u00a9Nordisk_Christiane-Setz-Mueller_Ydun-Sky_Van-9-of-155.jpg\"><img loading=\"lazy\" decoding=\"async\" width=\"1000\" height=\"750\" src=\"https:\/\/www.bergfreunde.de\/blog\/wp-content\/uploads\/2023\/05\/\u00a9Nordisk_Christiane-Setz-Mueller_Ydun-Sky_Van-9-of-155.jpg\" alt=\"\" class=\"wp-image-83045\" style=\"width:350px;height:263px\" srcset=\"https:\/\/www.berg-freunde.ch\/blog\/wp-content\/uploads\/2023\/05\/\u00a9Nordisk_Christiane-Setz-Mueller_Ydun-Sky_Van-9-of-155.jpg 1000w, https:\/\/www.berg-freunde.ch\/blog\/wp-content\/uploads\/2023\/05\/\u00a9Nordisk_Christiane-Setz-Mueller_Ydun-Sky_Van-9-of-155-300x225.jpg 300w, https:\/\/www.berg-freunde.ch\/blog\/wp-content\/uploads\/2023\/05\/\u00a9Nordisk_Christiane-Setz-Mueller_Ydun-Sky_Van-9-of-155-768x576.jpg 768w\" sizes=\"(max-width: 1000px) 100vw, 1000px\" \/><\/a><figcaption class=\"wp-element-caption\"><em>Die <\/em><a href=\"https:\/\/www.bergfreunde.de\/nordisk-madam-blaa-cup\/\" target=\"_blank\" rel=\"noreferrer noopener\"><em>Madam Bl\u00e5 Cup<\/em>s<\/a><em> sind aus Stahl gefertigt und gehen nicht kaputt, wenn sie mal herunterfallen.<\/em> |\u00a9Nordisk<\/figcaption><\/figure>\n<\/div>\n\n\n<ul class=\"wp-block-list\">\n<li><strong>Kocher und Gas:<\/strong> Wer im Urlaub entspannt etwas kochen m\u00f6chte, braucht einen <a href=\"https:\/\/www.bergfreunde.de\/campingkocher\/\">Kocher<\/a> und <a href=\"https:\/\/www.bergfreunde.de\/gaskartuschen-brennstoffe\/\">Gas<\/a>. Mindestens zwei Platten sollten es beim Glamping vermutlich schon sein, damit Ihr beispielsweise den Reis und die So\u00dfe parallel kochen k\u00f6nnt.<\/li>\n\n\n\n<li><strong><a href=\"https:\/\/www.bergfreunde.de\/marken\/nordisk\/toepfe\/\" target=\"_blank\" rel=\"noreferrer noopener\">T\u00f6pfe<\/a>, <a href=\"https:\/\/www.bergfreunde.de\/pfannen\/\">Pfannen<\/a> sowie Kochl\u00f6ffel, Pfannenwender<\/strong> <strong>etc.:<\/strong> Hier darf eben genau das mit, womit Ihr gerne und viel kocht. In der Regel kann man daf\u00fcr auch einfach das nehmen, was man eh zu Hause schon benutzt.<\/li>\n\n\n\n<li><strong>Grill:<\/strong> Wenn es zwischendurch auch mal etwas Gegrilltes sein darf, muss ein <a href=\"https:\/\/www.bergfreunde.de\/grills\/\">Grill<\/a> nat\u00fcrlich auch dabei sein!<\/li>\n\n\n\n<li><strong>K\u00fchltruhe:<\/strong> Damit Euer Essen auch lange frisch bleibt und keine ungebetenen krabbelnden G\u00e4ste anzieht, ist eine K\u00fchltruhe unumg\u00e4nglich. Auch hier ein kleiner Tipp von mir: wenn Ihr K\u00fchlakkus benutzt oder Eure <a href=\"https:\/\/www.bergfreunde.de\/kuehlboxen-taschen\/\">K\u00fchltruhe<\/a> eh schon randvoll mit gek\u00fchlten Lebensmitteln ist, kann die sonst brummende oder rauschende K\u00fchltruhe in der Nacht ausgeschaltet werden. So st\u00f6rt sie Euch nicht bei Eurer wohlverdienten Nachtruhe.<\/li>\n\n\n\n<li><strong><a href=\"https:\/\/www.bergfreunde.de\/teller-schuesseln\/\">Campinggeschirr<\/a> und <a href=\"https:\/\/www.bergfreunde.de\/besteck-kuechenhelfer\/\">Campingbesteck<\/a>:<\/strong> Wenn Ihr es gut verpackt, k\u00f6nnt Ihr auch das Geschirr und Besteck von zu Hause nehmen. Auf einem Campingplatz eignet sich aber Geschirr aus Melamin oder einem anderen Kunststoff sowie aus Stahl, Edelstahl oder Aluminium deutlich besser, da dieses beim Herunterfallen nicht kaputtgeht.<\/li>\n\n\n\n<li><strong>Kaffee &amp; Tee Zubereitung:<\/strong> F\u00fcr alle Kaffee- und\/oder Tee-Liebhaber darf nat\u00fcrlich eine <a href=\"https:\/\/www.bergfreunde.de\/kaffee-tee-zubereitung\/\">Kaffee und\/oder Tee Zubereitung<\/a> nicht fehlen!<\/li>\n\n\n\n<li>\u2026<\/li>\n<\/ul>\n\n\n\n<p><\/p>\n\n\n\n<h3 class=\"wp-block-heading\" id=\"h-fur-die-wohlfuhl-atmosphare\"><strong>F\u00fcr die Wohlf\u00fchl-Atmosph\u00e4re<\/strong><\/h3>\n\n\n<div class=\"wp-block-image\">\n<figure class=\"alignright size-full is-resized\"><a href=\"https:\/\/www.bergfreunde.de\/blog\/wp-content\/uploads\/2023\/05\/\u00a9Nordisk_Christiane-Setz-Mueller_Utgard-Sky-71-of-145.jpg\"><img loading=\"lazy\" decoding=\"async\" width=\"1000\" height=\"750\" src=\"https:\/\/www.bergfreunde.de\/blog\/wp-content\/uploads\/2023\/05\/\u00a9Nordisk_Christiane-Setz-Mueller_Utgard-Sky-71-of-145.jpg\" alt=\"\" class=\"wp-image-83054\" style=\"width:250px;height:188px\" srcset=\"https:\/\/www.berg-freunde.ch\/blog\/wp-content\/uploads\/2023\/05\/\u00a9Nordisk_Christiane-Setz-Mueller_Utgard-Sky-71-of-145.jpg 1000w, https:\/\/www.berg-freunde.ch\/blog\/wp-content\/uploads\/2023\/05\/\u00a9Nordisk_Christiane-Setz-Mueller_Utgard-Sky-71-of-145-300x225.jpg 300w, https:\/\/www.berg-freunde.ch\/blog\/wp-content\/uploads\/2023\/05\/\u00a9Nordisk_Christiane-Setz-Mueller_Utgard-Sky-71-of-145-768x576.jpg 768w\" sizes=\"(max-width: 1000px) 100vw, 1000px\" \/><\/a><figcaption class=\"wp-element-caption\"><em>Was steht noch auf Eurer Glamping-Packliste?<\/em> <br>|\u00a9Nordisk<\/figcaption><\/figure>\n<\/div>\n\n\n<ul class=\"wp-block-list\">\n<li><strong><a href=\"https:\/\/www.bergfreunde.de\/led-lampen\/\">Outdoor Lampen<\/a><\/strong>: Ob Lichterketten, andere Lichter oder Kerzen &#8211; f\u00fcr einen gem\u00fctlichen Abend braucht man etwas Licht, wenn es bereits dunkel wird. Und sein wir mal ganz ehrlich: beim Glamping wollen wir eher nicht mit <a href=\"https:\/\/www.berg-freunde.ch\/stirnlampen\/\">Stirnlampen<\/a> auf dem Kopf Karten spielen.<\/li>\n\n\n\n<li><strong>Decken und Kissen:<\/strong> F\u00fcr alle, die sich damit noch wohler f\u00fchlen, wenn ein paar sch\u00f6ne Kissen und leichte Decken im Zelt liegen, die Ihr nicht zum Schlafen verwenden wolltet.&nbsp;<\/li>\n\n\n\n<li><strong>Hausschuhe:<\/strong> Mit <a href=\"https:\/\/www.bergfreunde.de\/marken\/nordisk\/huettenschuhe\/\">kuscheligen H\u00fcttenschuhen<\/a> bleiben die F\u00fc\u00dfe warm und der Dreck von den Schuhen bleibt drau\u00dfen.<\/li>\n\n\n\n<li><strong>W\u00e4scheleine:<\/strong> F\u00fcr nasse Handt\u00fccher und Kleidung eine wirklich angenehme Sache! Wenn Ihr zwei W\u00e4scheleinen einpackt, k\u00f6nnt Ihr eine nach drinnen und eine nach drau\u00dfen h\u00e4ngen. Je nach Wetter k\u00f6nnt Ihr Eure W\u00e4sche dann nach drinnen oder drau\u00dfen h\u00e4ngen. Au\u00dferdem eignen sich W\u00e4scheleinen gut zum Befestigen von Lichterketten.<\/li>\n\n\n\n<li><strong><a href=\"https:\/\/www.bergfreunde.de\/outdoor-spiele\/\">Spiele<\/a>: <\/strong>Tags\u00fcber oder zum Abend ausklingen lassen &#8211; mit dem Lieblingsspiel wird der Glamping-Urlaub gleich noch besser.<\/li>\n\n\n\n<li><strong>Ofen:<\/strong> Ein wahres i-T\u00fcpfelchen an k\u00fchleren Tagen bietet zum Beispiel der <a href=\"https:\/\/www.bergfreunde.de\/nordisk-torden-wood-burner-set\/\" target=\"_blank\" rel=\"noreferrer noopener\">Torden Wood Ofen<\/a> von Nordisk, der f\u00fcr wohlige W\u00e4rme sorgt. Damit der Rauch gut nach au\u00dfen ziehen kann, k\u00f6nnt Ihr diesen gut mit dem <a href=\"https:\/\/www.bergfreunde.de\/nordisk-torden-chimney-pipe-set-zelterweiterung\/\" target=\"_blank\" rel=\"noreferrer noopener\">Torden Chimney Pipe Set<\/a> kombinieren.<\/li>\n\n\n\n<li><strong>Dekoration:<\/strong> Ob Blumen auf dem Tisch oder Eure sch\u00f6nen Teelichthalterungen nicht fehlen d\u00fcrfen, m\u00fcsst Ihr entscheiden. Beim Glamping lautet die Grundregel: Alles darf, nichts muss &#8211; nehmt mit, was Ihr pers\u00f6nlich zum Wohlf\u00fchlen braucht. <\/li>\n\n\n\n<li>\u2026<\/li>\n<\/ul>\n\n\n\n<p><\/p>\n\n\n\n<p>Eine allgemeine Packliste (inkl. PDF Druckversion) findest Du \u00fcbrigens in dem <a href=\"https:\/\/www.berg-freunde.ch\/blog\/packliste-zelten-camping\/\" target=\"_blank\" rel=\"noreferrer noopener\">Blogbeitrag Packliste f\u00fcrs Zelten<\/a>.<\/p>\n\n\n\n<p>Das war genug von unserer Seite! Jetzt geht die Frage an Dich: Was darf bei Deinem Glamping-Urlaub nicht fehlen? Schreib es uns gerne in die Kommentare und inspiriere andere Bergfreunde mit Deinen Erfahrungen.<\/p>\n","protected":false},"excerpt":{"rendered":"<p>Sehr viel Platz und eine Einrichtung, die an zu Hause erinnert &#8211; das kann doch kein Camping sein, oder? Wir erweitern die Packliste f\u00fcrs normale Camping, erh\u00f6hen den Komfort und begeben uns in unser n\u00e4chstes Glamping-Abenteuer. Was Glamping ist, was alles auf Deiner Packliste stehen k\u00f6nnte und wie Du Dein Outdoor-Life auf eine ganz neue [&hellip;]<\/p>\n","protected":false},"author":93,"featured_media":82967,"comment_status":"open","ping_status":"closed","sticky":false,"template":"","format":"standard","meta":{"_acf_changed":false,"footnotes":""},"categories":[293],"tags":[271],"post_folder":[],"class_list":["post-82961","post","type-post","status-publish","format-standard","has-post-thumbnail","hentry","category-packlisten","tag-camping-reisen"],"acf":[],"yoast_head":"<!-- This site is optimized with the Yoast SEO Premium plugin v27.4 (Yoast SEO v27.4) - https:\/\/yoast.com\/product\/yoast-seo-premium-wordpress\/ -->\n<title>Glamping - was geh\u00f6rt auf die Packliste? | Bergfreunde<\/title>\n<meta name=\"description\" content=\"Was ist Glamping? \u27a4 Was sollte alles auf Deiner Packliste stehen? \u27a4 Wie bringst Du Dein Outdoor-Life auf eine ganz neue Ebene?\" \/>\n<meta name=\"robots\" content=\"index, follow, max-snippet:-1, max-image-preview:large, max-video-preview:-1\" \/>\n<link rel=\"canonical\" href=\"https:\/\/www.berg-freunde.ch\/blog\/glamping-was-gehoert-auf-die-packliste\/\" \/>\n<meta property=\"og:locale\" content=\"de_DE\" \/>\n<meta property=\"og:type\" content=\"article\" \/>\n<meta property=\"og:title\" content=\"Glamping - was geh\u00f6rt auf die Packliste?\" \/>\n<meta property=\"og:description\" content=\"Was ist Glamping? \u27a4 Was sollte alles auf Deiner Packliste stehen? \u27a4 Wie bringst Du Dein Outdoor-Life auf eine ganz neue Ebene?\" \/>\n<meta property=\"og:url\" content=\"https:\/\/www.berg-freunde.ch\/blog\/glamping-was-gehoert-auf-die-packliste\/\" \/>\n<meta property=\"og:site_name\" content=\"Bergfreunde\" \/>\n<meta property=\"article:publisher\" content=\"https:\/\/www.facebook.com\/bergfreunde\" \/>\n<meta property=\"article:published_time\" content=\"2023-05-23T07:00:00+00:00\" \/>\n<meta property=\"article:modified_time\" content=\"2025-10-09T07:48:23+00:00\" \/>\n<meta property=\"og:image\" content=\"https:\/\/www.berg-freunde.ch\/blog\/wp-content\/uploads\/2023\/05\/\u00a9Nordisk_Christiane-Setz-Mueller_Utgard-Sky-16-of-145.jpg\" \/>\n\t<meta property=\"og:image:width\" content=\"1400\" \/>\n\t<meta property=\"og:image:height\" content=\"590\" \/>\n\t<meta property=\"og:image:type\" content=\"image\/jpeg\" \/>\n<meta name=\"author\" content=\"Janine\" \/>\n<meta name=\"twitter:card\" content=\"summary_large_image\" \/>\n<meta name=\"twitter:label1\" content=\"Geschrieben von\" \/>\n\t<meta name=\"twitter:data1\" content=\"Janine\" \/>\n\t<meta name=\"twitter:label2\" content=\"Gesch\u00e4tzte Lesezeit\" \/>\n\t<meta name=\"twitter:data2\" content=\"8\u00a0Minuten\" \/>\n<script type=\"application\/ld+json\" class=\"yoast-schema-graph\">{\"@context\":\"https:\\\/\\\/schema.org\",\"@graph\":[{\"@type\":[\"Article\",\"BlogPosting\"],\"@id\":\"https:\\\/\\\/www.berg-freunde.ch\\\/blog\\\/glamping-was-gehoert-auf-die-packliste\\\/#article\",\"isPartOf\":{\"@id\":\"https:\\\/\\\/www.berg-freunde.ch\\\/blog\\\/glamping-was-gehoert-auf-die-packliste\\\/\"},\"author\":{\"name\":\"Janine\",\"@id\":\"https:\\\/\\\/www.berg-freunde.ch\\\/blog\\\/#\\\/schema\\\/person\\\/c31cee2fa0157b5fa6923f723758d690\"},\"headline\":\"Glamping &#8211; was geh\u00f6rt auf die Packliste?\",\"datePublished\":\"2023-05-23T07:00:00+00:00\",\"dateModified\":\"2025-10-09T07:48:23+00:00\",\"mainEntityOfPage\":{\"@id\":\"https:\\\/\\\/www.berg-freunde.ch\\\/blog\\\/glamping-was-gehoert-auf-die-packliste\\\/\"},\"wordCount\":1561,\"commentCount\":0,\"publisher\":{\"@id\":\"https:\\\/\\\/www.berg-freunde.ch\\\/blog\\\/#organization\"},\"image\":{\"@id\":\"https:\\\/\\\/www.berg-freunde.ch\\\/blog\\\/glamping-was-gehoert-auf-die-packliste\\\/#primaryimage\"},\"thumbnailUrl\":\"https:\\\/\\\/www.berg-freunde.ch\\\/blog\\\/wp-content\\\/uploads\\\/2023\\\/05\\\/\u00a9Nordisk_Christiane-Setz-Mueller_Utgard-Sky-16-of-145.jpg\",\"keywords\":[\"Camping &amp; Reisen\"],\"articleSection\":[\"Packlisten\"],\"inLanguage\":\"de-CH\",\"potentialAction\":[{\"@type\":\"CommentAction\",\"name\":\"Comment\",\"target\":[\"https:\\\/\\\/www.berg-freunde.ch\\\/blog\\\/glamping-was-gehoert-auf-die-packliste\\\/#respond\"]}]},{\"@type\":\"WebPage\",\"@id\":\"https:\\\/\\\/www.berg-freunde.ch\\\/blog\\\/glamping-was-gehoert-auf-die-packliste\\\/\",\"url\":\"https:\\\/\\\/www.berg-freunde.ch\\\/blog\\\/glamping-was-gehoert-auf-die-packliste\\\/\",\"name\":\"Glamping - was geh\u00f6rt auf die Packliste? | Bergfreunde\",\"isPartOf\":{\"@id\":\"https:\\\/\\\/www.berg-freunde.ch\\\/blog\\\/#website\"},\"primaryImageOfPage\":{\"@id\":\"https:\\\/\\\/www.berg-freunde.ch\\\/blog\\\/glamping-was-gehoert-auf-die-packliste\\\/#primaryimage\"},\"image\":{\"@id\":\"https:\\\/\\\/www.berg-freunde.ch\\\/blog\\\/glamping-was-gehoert-auf-die-packliste\\\/#primaryimage\"},\"thumbnailUrl\":\"https:\\\/\\\/www.berg-freunde.ch\\\/blog\\\/wp-content\\\/uploads\\\/2023\\\/05\\\/\u00a9Nordisk_Christiane-Setz-Mueller_Utgard-Sky-16-of-145.jpg\",\"datePublished\":\"2023-05-23T07:00:00+00:00\",\"dateModified\":\"2025-10-09T07:48:23+00:00\",\"description\":\"Was ist Glamping? \u27a4 Was sollte alles auf Deiner Packliste stehen? \u27a4 Wie bringst Du Dein Outdoor-Life auf eine ganz neue Ebene?\",\"breadcrumb\":{\"@id\":\"https:\\\/\\\/www.berg-freunde.ch\\\/blog\\\/glamping-was-gehoert-auf-die-packliste\\\/#breadcrumb\"},\"inLanguage\":\"de-CH\",\"potentialAction\":[{\"@type\":\"ReadAction\",\"target\":[\"https:\\\/\\\/www.berg-freunde.ch\\\/blog\\\/glamping-was-gehoert-auf-die-packliste\\\/\"]}]},{\"@type\":\"ImageObject\",\"inLanguage\":\"de-CH\",\"@id\":\"https:\\\/\\\/www.berg-freunde.ch\\\/blog\\\/glamping-was-gehoert-auf-die-packliste\\\/#primaryimage\",\"url\":\"https:\\\/\\\/www.berg-freunde.ch\\\/blog\\\/wp-content\\\/uploads\\\/2023\\\/05\\\/\u00a9Nordisk_Christiane-Setz-Mueller_Utgard-Sky-16-of-145.jpg\",\"contentUrl\":\"https:\\\/\\\/www.berg-freunde.ch\\\/blog\\\/wp-content\\\/uploads\\\/2023\\\/05\\\/\u00a9Nordisk_Christiane-Setz-Mueller_Utgard-Sky-16-of-145.jpg\",\"width\":1400,\"height\":590},{\"@type\":\"BreadcrumbList\",\"@id\":\"https:\\\/\\\/www.berg-freunde.ch\\\/blog\\\/glamping-was-gehoert-auf-die-packliste\\\/#breadcrumb\",\"itemListElement\":[{\"@type\":\"ListItem\",\"position\":1,\"name\":\"Blog\",\"item\":\"https:\\\/\\\/www.berg-freunde.ch\\\/blog\\\/\"},{\"@type\":\"ListItem\",\"position\":2,\"name\":\"Beratung\",\"item\":\"https:\\\/\\\/www.berg-freunde.ch\\\/blog\\\/category\\\/beratung\\\/\"},{\"@type\":\"ListItem\",\"position\":3,\"name\":\"Packlisten\",\"item\":\"https:\\\/\\\/www.berg-freunde.ch\\\/blog\\\/category\\\/beratung\\\/packlisten\\\/\"},{\"@type\":\"ListItem\",\"position\":4,\"name\":\"Glamping &#8211; was geh\u00f6rt auf die Packliste?\"}]},{\"@type\":\"WebSite\",\"@id\":\"https:\\\/\\\/www.berg-freunde.ch\\\/blog\\\/#website\",\"url\":\"https:\\\/\\\/www.berg-freunde.ch\\\/blog\\\/\",\"name\":\"Bergfreunde\",\"description\":\"Blog\",\"publisher\":{\"@id\":\"https:\\\/\\\/www.berg-freunde.ch\\\/blog\\\/#organization\"},\"potentialAction\":[{\"@type\":\"SearchAction\",\"target\":{\"@type\":\"EntryPoint\",\"urlTemplate\":\"https:\\\/\\\/www.berg-freunde.ch\\\/blog\\\/?s={search_term_string}\"},\"query-input\":{\"@type\":\"PropertyValueSpecification\",\"valueRequired\":true,\"valueName\":\"search_term_string\"}}],\"inLanguage\":\"de-CH\"},{\"@type\":\"Organization\",\"@id\":\"https:\\\/\\\/www.berg-freunde.ch\\\/blog\\\/#organization\",\"name\":\"Bergfreunde\",\"url\":\"https:\\\/\\\/www.berg-freunde.ch\\\/blog\\\/\",\"logo\":{\"@type\":\"ImageObject\",\"inLanguage\":\"de-CH\",\"@id\":\"https:\\\/\\\/www.berg-freunde.ch\\\/blog\\\/#\\\/schema\\\/logo\\\/image\\\/\",\"url\":\"https:\\\/\\\/www.berg-freunde.ch\\\/blog\\\/wp-content\\\/uploads\\\/2023\\\/12\\\/Bergfreunde_DE_rgb.svg\",\"contentUrl\":\"https:\\\/\\\/www.berg-freunde.ch\\\/blog\\\/wp-content\\\/uploads\\\/2023\\\/12\\\/Bergfreunde_DE_rgb.svg\",\"caption\":\"Bergfreunde\"},\"image\":{\"@id\":\"https:\\\/\\\/www.berg-freunde.ch\\\/blog\\\/#\\\/schema\\\/logo\\\/image\\\/\"},\"sameAs\":[\"https:\\\/\\\/www.facebook.com\\\/bergfreunde\",\"https:\\\/\\\/www.instagram.com\\\/bergfreundede\\\/\"]},{\"@type\":\"Person\",\"@id\":\"https:\\\/\\\/www.berg-freunde.ch\\\/blog\\\/#\\\/schema\\\/person\\\/c31cee2fa0157b5fa6923f723758d690\",\"name\":\"Janine\",\"url\":\"https:\\\/\\\/www.berg-freunde.ch\\\/blog\\\/about\\\/janine-goettert\\\/\"}]}<\/script>\n<!-- \/ Yoast SEO Premium plugin. -->","yoast_head_json":{"title":"Glamping - was geh\u00f6rt auf die Packliste? | Bergfreunde","description":"Was ist Glamping? \u27a4 Was sollte alles auf Deiner Packliste stehen? \u27a4 Wie bringst Du Dein Outdoor-Life auf eine ganz neue Ebene?","robots":{"index":"index","follow":"follow","max-snippet":"max-snippet:-1","max-image-preview":"max-image-preview:large","max-video-preview":"max-video-preview:-1"},"canonical":"https:\/\/www.berg-freunde.ch\/blog\/glamping-was-gehoert-auf-die-packliste\/","og_locale":"de_DE","og_type":"article","og_title":"Glamping - was geh\u00f6rt auf die Packliste?","og_description":"Was ist Glamping? \u27a4 Was sollte alles auf Deiner Packliste stehen? \u27a4 Wie bringst Du Dein Outdoor-Life auf eine ganz neue Ebene?","og_url":"https:\/\/www.berg-freunde.ch\/blog\/glamping-was-gehoert-auf-die-packliste\/","og_site_name":"Bergfreunde","article_publisher":"https:\/\/www.facebook.com\/bergfreunde","article_published_time":"2023-05-23T07:00:00+00:00","article_modified_time":"2025-10-09T07:48:23+00:00","og_image":[{"width":1400,"height":590,"url":"https:\/\/www.berg-freunde.ch\/blog\/wp-content\/uploads\/2023\/05\/\u00a9Nordisk_Christiane-Setz-Mueller_Utgard-Sky-16-of-145.jpg","type":"image\/jpeg"}],"author":"Janine","twitter_card":"summary_large_image","twitter_misc":{"Geschrieben von":"Janine","Gesch\u00e4tzte Lesezeit":"8\u00a0Minuten"},"schema":{"@context":"https:\/\/schema.org","@graph":[{"@type":["Article","BlogPosting"],"@id":"https:\/\/www.berg-freunde.ch\/blog\/glamping-was-gehoert-auf-die-packliste\/#article","isPartOf":{"@id":"https:\/\/www.berg-freunde.ch\/blog\/glamping-was-gehoert-auf-die-packliste\/"},"author":{"name":"Janine","@id":"https:\/\/www.berg-freunde.ch\/blog\/#\/schema\/person\/c31cee2fa0157b5fa6923f723758d690"},"headline":"Glamping &#8211; was geh\u00f6rt auf die Packliste?","datePublished":"2023-05-23T07:00:00+00:00","dateModified":"2025-10-09T07:48:23+00:00","mainEntityOfPage":{"@id":"https:\/\/www.berg-freunde.ch\/blog\/glamping-was-gehoert-auf-die-packliste\/"},"wordCount":1561,"commentCount":0,"publisher":{"@id":"https:\/\/www.berg-freunde.ch\/blog\/#organization"},"image":{"@id":"https:\/\/www.berg-freunde.ch\/blog\/glamping-was-gehoert-auf-die-packliste\/#primaryimage"},"thumbnailUrl":"https:\/\/www.berg-freunde.ch\/blog\/wp-content\/uploads\/2023\/05\/\u00a9Nordisk_Christiane-Setz-Mueller_Utgard-Sky-16-of-145.jpg","keywords":["Camping &amp; Reisen"],"articleSection":["Packlisten"],"inLanguage":"de-CH","potentialAction":[{"@type":"CommentAction","name":"Comment","target":["https:\/\/www.berg-freunde.ch\/blog\/glamping-was-gehoert-auf-die-packliste\/#respond"]}]},{"@type":"WebPage","@id":"https:\/\/www.berg-freunde.ch\/blog\/glamping-was-gehoert-auf-die-packliste\/","url":"https:\/\/www.berg-freunde.ch\/blog\/glamping-was-gehoert-auf-die-packliste\/","name":"Glamping - was geh\u00f6rt auf die Packliste? | Bergfreunde","isPartOf":{"@id":"https:\/\/www.berg-freunde.ch\/blog\/#website"},"primaryImageOfPage":{"@id":"https:\/\/www.berg-freunde.ch\/blog\/glamping-was-gehoert-auf-die-packliste\/#primaryimage"},"image":{"@id":"https:\/\/www.berg-freunde.ch\/blog\/glamping-was-gehoert-auf-die-packliste\/#primaryimage"},"thumbnailUrl":"https:\/\/www.berg-freunde.ch\/blog\/wp-content\/uploads\/2023\/05\/\u00a9Nordisk_Christiane-Setz-Mueller_Utgard-Sky-16-of-145.jpg","datePublished":"2023-05-23T07:00:00+00:00","dateModified":"2025-10-09T07:48:23+00:00","description":"Was ist Glamping? \u27a4 Was sollte alles auf Deiner Packliste stehen? \u27a4 Wie bringst Du Dein Outdoor-Life auf eine ganz neue Ebene?","breadcrumb":{"@id":"https:\/\/www.berg-freunde.ch\/blog\/glamping-was-gehoert-auf-die-packliste\/#breadcrumb"},"inLanguage":"de-CH","potentialAction":[{"@type":"ReadAction","target":["https:\/\/www.berg-freunde.ch\/blog\/glamping-was-gehoert-auf-die-packliste\/"]}]},{"@type":"ImageObject","inLanguage":"de-CH","@id":"https:\/\/www.berg-freunde.ch\/blog\/glamping-was-gehoert-auf-die-packliste\/#primaryimage","url":"https:\/\/www.berg-freunde.ch\/blog\/wp-content\/uploads\/2023\/05\/\u00a9Nordisk_Christiane-Setz-Mueller_Utgard-Sky-16-of-145.jpg","contentUrl":"https:\/\/www.berg-freunde.ch\/blog\/wp-content\/uploads\/2023\/05\/\u00a9Nordisk_Christiane-Setz-Mueller_Utgard-Sky-16-of-145.jpg","width":1400,"height":590},{"@type":"BreadcrumbList","@id":"https:\/\/www.berg-freunde.ch\/blog\/glamping-was-gehoert-auf-die-packliste\/#breadcrumb","itemListElement":[{"@type":"ListItem","position":1,"name":"Blog","item":"https:\/\/www.berg-freunde.ch\/blog\/"},{"@type":"ListItem","position":2,"name":"Beratung","item":"https:\/\/www.berg-freunde.ch\/blog\/category\/beratung\/"},{"@type":"ListItem","position":3,"name":"Packlisten","item":"https:\/\/www.berg-freunde.ch\/blog\/category\/beratung\/packlisten\/"},{"@type":"ListItem","position":4,"name":"Glamping &#8211; was geh\u00f6rt auf die Packliste?"}]},{"@type":"WebSite","@id":"https:\/\/www.berg-freunde.ch\/blog\/#website","url":"https:\/\/www.berg-freunde.ch\/blog\/","name":"Bergfreunde","description":"Blog","publisher":{"@id":"https:\/\/www.berg-freunde.ch\/blog\/#organization"},"potentialAction":[{"@type":"SearchAction","target":{"@type":"EntryPoint","urlTemplate":"https:\/\/www.berg-freunde.ch\/blog\/?s={search_term_string}"},"query-input":{"@type":"PropertyValueSpecification","valueRequired":true,"valueName":"search_term_string"}}],"inLanguage":"de-CH"},{"@type":"Organization","@id":"https:\/\/www.berg-freunde.ch\/blog\/#organization","name":"Bergfreunde","url":"https:\/\/www.berg-freunde.ch\/blog\/","logo":{"@type":"ImageObject","inLanguage":"de-CH","@id":"https:\/\/www.berg-freunde.ch\/blog\/#\/schema\/logo\/image\/","url":"https:\/\/www.berg-freunde.ch\/blog\/wp-content\/uploads\/2023\/12\/Bergfreunde_DE_rgb.svg","contentUrl":"https:\/\/www.berg-freunde.ch\/blog\/wp-content\/uploads\/2023\/12\/Bergfreunde_DE_rgb.svg","caption":"Bergfreunde"},"image":{"@id":"https:\/\/www.berg-freunde.ch\/blog\/#\/schema\/logo\/image\/"},"sameAs":["https:\/\/www.facebook.com\/bergfreunde","https:\/\/www.instagram.com\/bergfreundede\/"]},{"@type":"Person","@id":"https:\/\/www.berg-freunde.ch\/blog\/#\/schema\/person\/c31cee2fa0157b5fa6923f723758d690","name":"Janine","url":"https:\/\/www.berg-freunde.ch\/blog\/about\/janine-goettert\/"}]}},"_links":{"self":[{"href":"https:\/\/www.berg-freunde.ch\/blog\/wp-json\/wp\/v2\/posts\/82961","targetHints":{"allow":["GET"]}}],"collection":[{"href":"https:\/\/www.berg-freunde.ch\/blog\/wp-json\/wp\/v2\/posts"}],"about":[{"href":"https:\/\/www.berg-freunde.ch\/blog\/wp-json\/wp\/v2\/types\/post"}],"author":[{"embeddable":true,"href":"https:\/\/www.berg-freunde.ch\/blog\/wp-json\/wp\/v2\/users\/93"}],"replies":[{"embeddable":true,"href":"https:\/\/www.berg-freunde.ch\/blog\/wp-json\/wp\/v2\/comments?post=82961"}],"version-history":[{"count":2,"href":"https:\/\/www.berg-freunde.ch\/blog\/wp-json\/wp\/v2\/posts\/82961\/revisions"}],"predecessor-version":[{"id":127153,"href":"https:\/\/www.berg-freunde.ch\/blog\/wp-json\/wp\/v2\/posts\/82961\/revisions\/127153"}],"wp:featuredmedia":[{"embeddable":true,"href":"https:\/\/www.berg-freunde.ch\/blog\/wp-json\/wp\/v2\/media\/82967"}],"wp:attachment":[{"href":"https:\/\/www.berg-freunde.ch\/blog\/wp-json\/wp\/v2\/media?parent=82961"}],"wp:term":[{"taxonomy":"category","embeddable":true,"href":"https:\/\/www.berg-freunde.ch\/blog\/wp-json\/wp\/v2\/categories?post=82961"},{"taxonomy":"post_tag","embeddable":true,"href":"https:\/\/www.berg-freunde.ch\/blog\/wp-json\/wp\/v2\/tags?post=82961"},{"taxonomy":"post_folder","embeddable":true,"href":"https:\/\/www.berg-freunde.ch\/blog\/wp-json\/wp\/v2\/post_folder?post=82961"}],"curies":[{"name":"wp","href":"https:\/\/api.w.org\/{rel}","templated":true}]}}