{"id":89931,"date":"2023-07-21T11:06:30","date_gmt":"2023-07-21T09:06:30","guid":{"rendered":"https:\/\/www.bergfreunde.de\/blog\/?p=89931"},"modified":"2023-12-14T10:53:08","modified_gmt":"2023-12-14T09:53:08","slug":"grat-raus-podcast-22-grenzgaenge-fernab-der-zivilisation","status":"publish","type":"post","link":"https:\/\/www.berg-freunde.ch\/blog\/grat-raus-podcast-22-grenzgaenge-fernab-der-zivilisation\/","title":{"rendered":"GRAT RAUS FOLGE 22: Grenzg\u00e4nge fernab der Zivilisation &#8211; Profi-Alpinist Stephan Siegrist"},"content":{"rendered":"\n<h2 class=\"wp-block-heading\" id=\"h-die-podcast-folge\"><strong>Die Podcast Folge <\/strong><\/h2>\n\n\n\n<blockquote class=\"wp-block-quote has-text-align-center is-layout-flow wp-block-quote-is-layout-flow\">\n<p class=\"has-text-align-center\"><em><em>Das Abenteuerliche, das Unbekannte, ans Limit gehen &#8211; das hat mich schon immer fasziniert<\/em><\/em>.<\/p>\n<cite>Stephan Siegrist<\/cite><\/blockquote>\n\n\n<div class=\"wp-block-image\">\n<figure class=\"alignright size-full is-resized\"><img fetchpriority=\"high\" decoding=\"async\" src=\"https:\/\/www.bergfreunde.de\/blog\/wp-content\/uploads\/2023\/06\/a-edited-2.jpg\" alt=\"\" class=\"wp-image-90013\" width=\"331\" height=\"247\" srcset=\"https:\/\/www.berg-freunde.ch\/blog\/wp-content\/uploads\/2023\/06\/a-edited-2.jpg 1083w, https:\/\/www.berg-freunde.ch\/blog\/wp-content\/uploads\/2023\/06\/a-edited-2-300x225.jpg 300w, https:\/\/www.berg-freunde.ch\/blog\/wp-content\/uploads\/2023\/06\/a-edited-2-768x576.jpg 768w\" sizes=\"(max-width: 331px) 100vw, 331px\" \/><figcaption class=\"wp-element-caption\">Profi-Alpinist Stephan Siegrist w\u00e4hrend einer Erstbegehung in der Eigernordwand. <em>\u00a9Franz Hinterbrander<\/em><\/figcaption><\/figure>\n<\/div>\n\n\n<p>Er z\u00e4hlt zu den gr\u00f6\u00dften Bergsteigern seiner Zeit, der sich regelm\u00e4\u00dfig auf Reisen zwischen Himmel und Erde begibt: Profi-Alpinist und <a href=\"https:\/\/www.berg-freunde.ch\/marken\/mammut\/\">Mammut<\/a> Athlet Stephan Siegrist.&nbsp;<\/p>\n\n\n\n<p>Ob Expeditionen in den Himalaya, in die Antarktis oder das Begehen der Eiger-Nordwand \u00fcber 40 mal &#8211; der geb\u00fcrtige Schweizer war bereits auf allen sieben Kontinenten unterwegs und hat zahlreiche Erstbegehungen gemeistert und neue Rekorde aufgestellt.<\/p>\n\n\n\n<p>Im Bergfreunde Outdoor-Podcast GRAT RAUS nimmt uns Stef mit in seine bald 30 Jahre als Berufs-Alpinist und teilt spannende und pers\u00f6nliche Einblicke: Er berichtet von seinen sch\u00f6nsten und herausforderndsten Momenten, spricht aber auch \u00fcber tragische Schicksalsschl\u00e4ge mit uns, die ihn f\u00fcr immer gepr\u00e4gt haben. Denn das Extrembergsteigen bringt auch Schattenseiten mit sich, von denen auch Stef nicht verschont wurde.<\/p>\n\n\n<div class=\"wp-block-image\">\n<figure class=\"alignleft size-full is-resized\"><img decoding=\"async\" src=\"https:\/\/www.bergfreunde.de\/blog\/wp-content\/uploads\/2023\/06\/a-edited.jpg\" alt=\"\" class=\"wp-image-90002\" width=\"345\" height=\"259\" srcset=\"https:\/\/www.berg-freunde.ch\/blog\/wp-content\/uploads\/2023\/06\/a-edited.jpg 924w, https:\/\/www.berg-freunde.ch\/blog\/wp-content\/uploads\/2023\/06\/a-edited-300x225.jpg 300w, https:\/\/www.berg-freunde.ch\/blog\/wp-content\/uploads\/2023\/06\/a-edited-768x576.jpg 768w\" sizes=\"(max-width: 345px) 100vw, 345px\" \/><figcaption class=\"wp-element-caption\">Weltrekord der h\u00f6chstgelegenen <a href=\"https:\/\/www.berg-freunde.ch\/slacklines\/\">Highline<\/a> am Kilimanjaro auf knapp 6.000 Metern. <em>\u00a9Thomas Senf<\/em><\/figcaption><\/figure>\n<\/div>\n\n\n<p>Was ihn dennoch dazu bewegt, sich immer wieder in Extremsituationen zu begeben und warum er am liebsten in Gemeinschaft unterwegs ist &#8211; all das erfahrt ihr in der neuen Folge!<\/p>\n\n\n\n<p>H\u00f6rt rein! Viel Spa\u00df!<\/p>\n\n\n\n<p><\/p>\n\n\n\n<iframe style=\"border-radius:12px\" src=\"https:\/\/open.spotify.com\/embed\/episode\/5zjHIAMQUGGQ5vJsZtLo2p?utm_source=generator&#038;theme=0&#038;t=0\" width=\"100%\" height=\"152\" frameBorder=\"0\" allowfullscreen=\"\" allow=\"autoplay; clipboard-write; encrypted-media; fullscreen; picture-in-picture\" loading=\"lazy\"><\/iframe>\n\n\n\n<p><\/p>\n\n\n\n<figure class=\"wp-block-gallery has-nested-images columns-default is-cropped wp-block-gallery-1 is-layout-flex wp-block-gallery-is-layout-flex\">\n<figure class=\"wp-block-image size-full is-style-default\"><img decoding=\"async\" width=\"1088\" height=\"726\" data-id=\"89952\" src=\"https:\/\/www.bergfreunde.de\/blog\/wp-content\/uploads\/2023\/07\/a-1.jpg\" alt=\"\" class=\"wp-image-89952\" srcset=\"https:\/\/www.berg-freunde.ch\/blog\/wp-content\/uploads\/2023\/07\/a-1.jpg 1088w, https:\/\/www.berg-freunde.ch\/blog\/wp-content\/uploads\/2023\/07\/a-1-300x200.jpg 300w, https:\/\/www.berg-freunde.ch\/blog\/wp-content\/uploads\/2023\/07\/a-1-768x512.jpg 768w\" sizes=\"(max-width: 1088px) 100vw, 1088px\" \/><figcaption class=\"wp-element-caption\">Stephan Siegrist; Patagonien  \u00a9Thomas Senf<\/figcaption><\/figure>\n<\/figure>\n\n\n\n<p><\/p>\n\n\n\n<p><strong>GRAT RAUS gibt\u2019s bei <a href=\"https:\/\/open.spotify.com\/show\/10T7A6YVknGh3mEwQRCKZf\">Spotify<\/a>, <a href=\"https:\/\/podcasts.apple.com\/us\/podcast\/grat-raus-der-bergfreunde-outdoor-podcast\/id1598863985\">Apple Podcasts<\/a> und <a href=\"https:\/\/podcasts.google.com\/feed\/aHR0cHM6Ly9ncmF0LXJhdXMucG9kaWdlZS5pby9mZWVkL21wMw\">Google Podcasts<\/a>.<\/strong><\/p>\n\n\n\n<p><\/p>\n\n\n\n<h2 class=\"wp-block-heading\" id=\"h-weitere-podcast-folgen\"><strong>Weitere Podcast Folgen<\/strong><\/h2>\n\n\n\n<p>Alle weiteren Podcast-Folgen von GRAT RAUS findest Du <a href=\"https:\/\/www.berg-freunde.ch\/blog\/category\/bergfreunde\/podcast\/\">hier<\/a>.<\/p>\n\n\n\n<h2 class=\"wp-block-heading\" id=\"h-die-bergfreunde-playlist\">Die Bergfreunde Playlist<\/h2>\n\n\n\n<p>Alle G\u00e4ste bei GRAT RAUS werden nach ihrem Lieblings Outdoor-Soundtrack gefragt. Die bunte Bergfreunde Playlist mit allen Songs findest Du <a href=\"https:\/\/open.spotify.com\/playlist\/5MjBYXv1SWBCAyxRwNgdOp\">hier<\/a>.<\/p>\n\n\n\n<h2 class=\"wp-block-heading\" id=\"h-du-hast-fragen\">Du hast Fragen?<\/h2>\n\n\n\n<p><span style=\"font-weight: 400;\">Du hast Fragen, Anmerkungen oder Themen-W\u00fcnsche f\u00fcr den Podcast? Dann gerne her damit! Schreib uns eine Mail an: <\/span><a href=\"mailto:podcast@bergfreunde.de\"><span style=\"font-weight: 400;\">podcast@bergfreunde.de<\/span><\/a>.<\/p>\n","protected":false},"excerpt":{"rendered":"<p>Die Podcast Folge Das Abenteuerliche, das Unbekannte, ans Limit gehen &#8211; das hat mich schon immer fasziniert. Stephan Siegrist Er z\u00e4hlt zu den gr\u00f6\u00dften Bergsteigern seiner Zeit, der sich regelm\u00e4\u00dfig auf Reisen zwischen Himmel und Erde begibt: Profi-Alpinist und Mammut Athlet Stephan Siegrist.&nbsp; Ob Expeditionen in den Himalaya, in die Antarktis oder das Begehen der [&hellip;]<\/p>\n","protected":false},"author":100,"featured_media":90655,"comment_status":"open","ping_status":"closed","sticky":false,"template":"","format":"standard","meta":{"_acf_changed":false,"footnotes":""},"categories":[286],"tags":[269,273],"post_folder":[],"class_list":["post-89931","post","type-post","status-publish","format-standard","has-post-thumbnail","hentry","category-podcast","tag-bergsteigen","tag-klettern-bouldern"],"acf":[],"yoast_head":"<!-- This site is optimized with the Yoast SEO Premium plugin v27.4 (Yoast SEO v27.4) - https:\/\/yoast.com\/product\/yoast-seo-premium-wordpress\/ -->\n<title>GRAT RAUS FOLGE 22: Grenzg\u00e4nge fernab der Zivilisation - Profi-Alpinist Stephan Siegrist | Bergfreunde<\/title>\n<meta name=\"description\" content=\"Im Outdoor-Podcast GRAT RAUS nimmt uns Profi-Alpinist &amp; Mammut Athlet Stephan Siegrist mit in sein Leben als Berufsbergsteiger.\" \/>\n<meta name=\"robots\" content=\"index, follow, max-snippet:-1, max-image-preview:large, max-video-preview:-1\" \/>\n<link rel=\"canonical\" href=\"https:\/\/www.berg-freunde.ch\/blog\/grat-raus-podcast-22-grenzgaenge-fernab-der-zivilisation\/\" \/>\n<meta property=\"og:locale\" content=\"de_DE\" \/>\n<meta property=\"og:type\" content=\"article\" \/>\n<meta property=\"og:title\" content=\"GRAT RAUS FOLGE 22: Grenzg\u00e4nge fernab der Zivilisation - Profi-Alpinist Stephan Siegrist\" \/>\n<meta property=\"og:description\" content=\"Im Outdoor-Podcast GRAT RAUS nimmt uns Profi-Alpinist &amp; Mammut Athlet Stephan Siegrist mit in sein Leben als Berufsbergsteiger.\" \/>\n<meta property=\"og:url\" content=\"https:\/\/www.berg-freunde.ch\/blog\/grat-raus-podcast-22-grenzgaenge-fernab-der-zivilisation\/\" \/>\n<meta property=\"og:site_name\" content=\"Bergfreunde\" \/>\n<meta property=\"article:publisher\" content=\"https:\/\/www.facebook.com\/bergfreunde\" \/>\n<meta property=\"article:published_time\" content=\"2023-07-21T09:06:30+00:00\" \/>\n<meta property=\"article:modified_time\" content=\"2023-12-14T09:53:08+00:00\" \/>\n<meta property=\"og:image\" content=\"https:\/\/www.berg-freunde.ch\/blog\/wp-content\/uploads\/2023\/07\/Podcast_Buehnenteaser_Blog_1440x590px_V-2.jpg\" \/>\n\t<meta property=\"og:image:width\" content=\"1440\" \/>\n\t<meta property=\"og:image:height\" content=\"590\" \/>\n\t<meta property=\"og:image:type\" content=\"image\/jpeg\" \/>\n<meta name=\"author\" content=\"Marie\" \/>\n<meta name=\"twitter:card\" content=\"summary_large_image\" \/>\n<meta name=\"twitter:label1\" content=\"Geschrieben von\" \/>\n\t<meta name=\"twitter:data1\" content=\"Marie\" \/>\n\t<meta name=\"twitter:label2\" content=\"Gesch\u00e4tzte Lesezeit\" \/>\n\t<meta name=\"twitter:data2\" content=\"3\u00a0Minuten\" \/>\n<script type=\"application\/ld+json\" class=\"yoast-schema-graph\">{\"@context\":\"https:\\\/\\\/schema.org\",\"@graph\":[{\"@type\":[\"Article\",\"BlogPosting\"],\"@id\":\"https:\\\/\\\/www.berg-freunde.ch\\\/blog\\\/grat-raus-podcast-22-grenzgaenge-fernab-der-zivilisation\\\/#article\",\"isPartOf\":{\"@id\":\"https:\\\/\\\/www.berg-freunde.ch\\\/blog\\\/grat-raus-podcast-22-grenzgaenge-fernab-der-zivilisation\\\/\"},\"author\":{\"name\":\"Marie\",\"@id\":\"https:\\\/\\\/www.berg-freunde.ch\\\/blog\\\/#\\\/schema\\\/person\\\/6277565d8989dccc82cd7c1db5962a14\"},\"headline\":\"GRAT RAUS FOLGE 22: Grenzg\u00e4nge fernab der Zivilisation &#8211; Profi-Alpinist Stephan Siegrist\",\"datePublished\":\"2023-07-21T09:06:30+00:00\",\"dateModified\":\"2023-12-14T09:53:08+00:00\",\"mainEntityOfPage\":{\"@id\":\"https:\\\/\\\/www.berg-freunde.ch\\\/blog\\\/grat-raus-podcast-22-grenzgaenge-fernab-der-zivilisation\\\/\"},\"wordCount\":296,\"commentCount\":0,\"publisher\":{\"@id\":\"https:\\\/\\\/www.berg-freunde.ch\\\/blog\\\/#organization\"},\"image\":{\"@id\":\"https:\\\/\\\/www.berg-freunde.ch\\\/blog\\\/grat-raus-podcast-22-grenzgaenge-fernab-der-zivilisation\\\/#primaryimage\"},\"thumbnailUrl\":\"https:\\\/\\\/www.berg-freunde.ch\\\/blog\\\/wp-content\\\/uploads\\\/2023\\\/07\\\/Podcast_Buehnenteaser_Blog_1440x590px_V-2.jpg\",\"keywords\":[\"Bergsteigen &amp; Hochtouren\",\"Klettern &amp; Bouldern\"],\"articleSection\":[\"Podcast\"],\"inLanguage\":\"de-CH\",\"potentialAction\":[{\"@type\":\"CommentAction\",\"name\":\"Comment\",\"target\":[\"https:\\\/\\\/www.berg-freunde.ch\\\/blog\\\/grat-raus-podcast-22-grenzgaenge-fernab-der-zivilisation\\\/#respond\"]}]},{\"@type\":\"WebPage\",\"@id\":\"https:\\\/\\\/www.berg-freunde.ch\\\/blog\\\/grat-raus-podcast-22-grenzgaenge-fernab-der-zivilisation\\\/\",\"url\":\"https:\\\/\\\/www.berg-freunde.ch\\\/blog\\\/grat-raus-podcast-22-grenzgaenge-fernab-der-zivilisation\\\/\",\"name\":\"GRAT RAUS FOLGE 22: Grenzg\u00e4nge fernab der Zivilisation - Profi-Alpinist Stephan Siegrist | Bergfreunde\",\"isPartOf\":{\"@id\":\"https:\\\/\\\/www.berg-freunde.ch\\\/blog\\\/#website\"},\"primaryImageOfPage\":{\"@id\":\"https:\\\/\\\/www.berg-freunde.ch\\\/blog\\\/grat-raus-podcast-22-grenzgaenge-fernab-der-zivilisation\\\/#primaryimage\"},\"image\":{\"@id\":\"https:\\\/\\\/www.berg-freunde.ch\\\/blog\\\/grat-raus-podcast-22-grenzgaenge-fernab-der-zivilisation\\\/#primaryimage\"},\"thumbnailUrl\":\"https:\\\/\\\/www.berg-freunde.ch\\\/blog\\\/wp-content\\\/uploads\\\/2023\\\/07\\\/Podcast_Buehnenteaser_Blog_1440x590px_V-2.jpg\",\"datePublished\":\"2023-07-21T09:06:30+00:00\",\"dateModified\":\"2023-12-14T09:53:08+00:00\",\"description\":\"Im Outdoor-Podcast GRAT RAUS nimmt uns Profi-Alpinist & Mammut Athlet Stephan Siegrist mit in sein Leben als Berufsbergsteiger.\",\"breadcrumb\":{\"@id\":\"https:\\\/\\\/www.berg-freunde.ch\\\/blog\\\/grat-raus-podcast-22-grenzgaenge-fernab-der-zivilisation\\\/#breadcrumb\"},\"inLanguage\":\"de-CH\",\"potentialAction\":[{\"@type\":\"ReadAction\",\"target\":[\"https:\\\/\\\/www.berg-freunde.ch\\\/blog\\\/grat-raus-podcast-22-grenzgaenge-fernab-der-zivilisation\\\/\"]}]},{\"@type\":\"ImageObject\",\"inLanguage\":\"de-CH\",\"@id\":\"https:\\\/\\\/www.berg-freunde.ch\\\/blog\\\/grat-raus-podcast-22-grenzgaenge-fernab-der-zivilisation\\\/#primaryimage\",\"url\":\"https:\\\/\\\/www.berg-freunde.ch\\\/blog\\\/wp-content\\\/uploads\\\/2023\\\/07\\\/Podcast_Buehnenteaser_Blog_1440x590px_V-2.jpg\",\"contentUrl\":\"https:\\\/\\\/www.berg-freunde.ch\\\/blog\\\/wp-content\\\/uploads\\\/2023\\\/07\\\/Podcast_Buehnenteaser_Blog_1440x590px_V-2.jpg\",\"width\":1440,\"height\":590},{\"@type\":\"BreadcrumbList\",\"@id\":\"https:\\\/\\\/www.berg-freunde.ch\\\/blog\\\/grat-raus-podcast-22-grenzgaenge-fernab-der-zivilisation\\\/#breadcrumb\",\"itemListElement\":[{\"@type\":\"ListItem\",\"position\":1,\"name\":\"Blog\",\"item\":\"https:\\\/\\\/www.berg-freunde.ch\\\/blog\\\/\"},{\"@type\":\"ListItem\",\"position\":2,\"name\":\"Bergfreunde\",\"item\":\"https:\\\/\\\/www.berg-freunde.ch\\\/blog\\\/category\\\/bergfreunde\\\/\"},{\"@type\":\"ListItem\",\"position\":3,\"name\":\"Podcast\",\"item\":\"https:\\\/\\\/www.berg-freunde.ch\\\/blog\\\/category\\\/bergfreunde\\\/podcast\\\/\"},{\"@type\":\"ListItem\",\"position\":4,\"name\":\"GRAT RAUS FOLGE 22: Grenzg\u00e4nge fernab der Zivilisation &#8211; Profi-Alpinist Stephan Siegrist\"}]},{\"@type\":\"WebSite\",\"@id\":\"https:\\\/\\\/www.berg-freunde.ch\\\/blog\\\/#website\",\"url\":\"https:\\\/\\\/www.berg-freunde.ch\\\/blog\\\/\",\"name\":\"Bergfreunde\",\"description\":\"Blog\",\"publisher\":{\"@id\":\"https:\\\/\\\/www.berg-freunde.ch\\\/blog\\\/#organization\"},\"potentialAction\":[{\"@type\":\"SearchAction\",\"target\":{\"@type\":\"EntryPoint\",\"urlTemplate\":\"https:\\\/\\\/www.berg-freunde.ch\\\/blog\\\/?s={search_term_string}\"},\"query-input\":{\"@type\":\"PropertyValueSpecification\",\"valueRequired\":true,\"valueName\":\"search_term_string\"}}],\"inLanguage\":\"de-CH\"},{\"@type\":\"Organization\",\"@id\":\"https:\\\/\\\/www.berg-freunde.ch\\\/blog\\\/#organization\",\"name\":\"Bergfreunde\",\"url\":\"https:\\\/\\\/www.berg-freunde.ch\\\/blog\\\/\",\"logo\":{\"@type\":\"ImageObject\",\"inLanguage\":\"de-CH\",\"@id\":\"https:\\\/\\\/www.berg-freunde.ch\\\/blog\\\/#\\\/schema\\\/logo\\\/image\\\/\",\"url\":\"https:\\\/\\\/www.berg-freunde.ch\\\/blog\\\/wp-content\\\/uploads\\\/2023\\\/12\\\/Bergfreunde_DE_rgb.svg\",\"contentUrl\":\"https:\\\/\\\/www.berg-freunde.ch\\\/blog\\\/wp-content\\\/uploads\\\/2023\\\/12\\\/Bergfreunde_DE_rgb.svg\",\"caption\":\"Bergfreunde\"},\"image\":{\"@id\":\"https:\\\/\\\/www.berg-freunde.ch\\\/blog\\\/#\\\/schema\\\/logo\\\/image\\\/\"},\"sameAs\":[\"https:\\\/\\\/www.facebook.com\\\/bergfreunde\",\"https:\\\/\\\/www.instagram.com\\\/bergfreundede\\\/\"]},{\"@type\":\"Person\",\"@id\":\"https:\\\/\\\/www.berg-freunde.ch\\\/blog\\\/#\\\/schema\\\/person\\\/6277565d8989dccc82cd7c1db5962a14\",\"name\":\"Marie\",\"url\":\"https:\\\/\\\/www.berg-freunde.ch\\\/blog\\\/about\\\/marie-weber\\\/\"}]}<\/script>\n<!-- \/ Yoast SEO Premium plugin. -->","yoast_head_json":{"title":"GRAT RAUS FOLGE 22: Grenzg\u00e4nge fernab der Zivilisation - Profi-Alpinist Stephan Siegrist | Bergfreunde","description":"Im Outdoor-Podcast GRAT RAUS nimmt uns Profi-Alpinist & Mammut Athlet Stephan Siegrist mit in sein Leben als Berufsbergsteiger.","robots":{"index":"index","follow":"follow","max-snippet":"max-snippet:-1","max-image-preview":"max-image-preview:large","max-video-preview":"max-video-preview:-1"},"canonical":"https:\/\/www.berg-freunde.ch\/blog\/grat-raus-podcast-22-grenzgaenge-fernab-der-zivilisation\/","og_locale":"de_DE","og_type":"article","og_title":"GRAT RAUS FOLGE 22: Grenzg\u00e4nge fernab der Zivilisation - Profi-Alpinist Stephan Siegrist","og_description":"Im Outdoor-Podcast GRAT RAUS nimmt uns Profi-Alpinist & Mammut Athlet Stephan Siegrist mit in sein Leben als Berufsbergsteiger.","og_url":"https:\/\/www.berg-freunde.ch\/blog\/grat-raus-podcast-22-grenzgaenge-fernab-der-zivilisation\/","og_site_name":"Bergfreunde","article_publisher":"https:\/\/www.facebook.com\/bergfreunde","article_published_time":"2023-07-21T09:06:30+00:00","article_modified_time":"2023-12-14T09:53:08+00:00","og_image":[{"width":1440,"height":590,"url":"https:\/\/www.berg-freunde.ch\/blog\/wp-content\/uploads\/2023\/07\/Podcast_Buehnenteaser_Blog_1440x590px_V-2.jpg","type":"image\/jpeg"}],"author":"Marie","twitter_card":"summary_large_image","twitter_misc":{"Geschrieben von":"Marie","Gesch\u00e4tzte Lesezeit":"3\u00a0Minuten"},"schema":{"@context":"https:\/\/schema.org","@graph":[{"@type":["Article","BlogPosting"],"@id":"https:\/\/www.berg-freunde.ch\/blog\/grat-raus-podcast-22-grenzgaenge-fernab-der-zivilisation\/#article","isPartOf":{"@id":"https:\/\/www.berg-freunde.ch\/blog\/grat-raus-podcast-22-grenzgaenge-fernab-der-zivilisation\/"},"author":{"name":"Marie","@id":"https:\/\/www.berg-freunde.ch\/blog\/#\/schema\/person\/6277565d8989dccc82cd7c1db5962a14"},"headline":"GRAT RAUS FOLGE 22: Grenzg\u00e4nge fernab der Zivilisation &#8211; Profi-Alpinist Stephan Siegrist","datePublished":"2023-07-21T09:06:30+00:00","dateModified":"2023-12-14T09:53:08+00:00","mainEntityOfPage":{"@id":"https:\/\/www.berg-freunde.ch\/blog\/grat-raus-podcast-22-grenzgaenge-fernab-der-zivilisation\/"},"wordCount":296,"commentCount":0,"publisher":{"@id":"https:\/\/www.berg-freunde.ch\/blog\/#organization"},"image":{"@id":"https:\/\/www.berg-freunde.ch\/blog\/grat-raus-podcast-22-grenzgaenge-fernab-der-zivilisation\/#primaryimage"},"thumbnailUrl":"https:\/\/www.berg-freunde.ch\/blog\/wp-content\/uploads\/2023\/07\/Podcast_Buehnenteaser_Blog_1440x590px_V-2.jpg","keywords":["Bergsteigen &amp; Hochtouren","Klettern &amp; Bouldern"],"articleSection":["Podcast"],"inLanguage":"de-CH","potentialAction":[{"@type":"CommentAction","name":"Comment","target":["https:\/\/www.berg-freunde.ch\/blog\/grat-raus-podcast-22-grenzgaenge-fernab-der-zivilisation\/#respond"]}]},{"@type":"WebPage","@id":"https:\/\/www.berg-freunde.ch\/blog\/grat-raus-podcast-22-grenzgaenge-fernab-der-zivilisation\/","url":"https:\/\/www.berg-freunde.ch\/blog\/grat-raus-podcast-22-grenzgaenge-fernab-der-zivilisation\/","name":"GRAT RAUS FOLGE 22: Grenzg\u00e4nge fernab der Zivilisation - Profi-Alpinist Stephan Siegrist | Bergfreunde","isPartOf":{"@id":"https:\/\/www.berg-freunde.ch\/blog\/#website"},"primaryImageOfPage":{"@id":"https:\/\/www.berg-freunde.ch\/blog\/grat-raus-podcast-22-grenzgaenge-fernab-der-zivilisation\/#primaryimage"},"image":{"@id":"https:\/\/www.berg-freunde.ch\/blog\/grat-raus-podcast-22-grenzgaenge-fernab-der-zivilisation\/#primaryimage"},"thumbnailUrl":"https:\/\/www.berg-freunde.ch\/blog\/wp-content\/uploads\/2023\/07\/Podcast_Buehnenteaser_Blog_1440x590px_V-2.jpg","datePublished":"2023-07-21T09:06:30+00:00","dateModified":"2023-12-14T09:53:08+00:00","description":"Im Outdoor-Podcast GRAT RAUS nimmt uns Profi-Alpinist & Mammut Athlet Stephan Siegrist mit in sein Leben als Berufsbergsteiger.","breadcrumb":{"@id":"https:\/\/www.berg-freunde.ch\/blog\/grat-raus-podcast-22-grenzgaenge-fernab-der-zivilisation\/#breadcrumb"},"inLanguage":"de-CH","potentialAction":[{"@type":"ReadAction","target":["https:\/\/www.berg-freunde.ch\/blog\/grat-raus-podcast-22-grenzgaenge-fernab-der-zivilisation\/"]}]},{"@type":"ImageObject","inLanguage":"de-CH","@id":"https:\/\/www.berg-freunde.ch\/blog\/grat-raus-podcast-22-grenzgaenge-fernab-der-zivilisation\/#primaryimage","url":"https:\/\/www.berg-freunde.ch\/blog\/wp-content\/uploads\/2023\/07\/Podcast_Buehnenteaser_Blog_1440x590px_V-2.jpg","contentUrl":"https:\/\/www.berg-freunde.ch\/blog\/wp-content\/uploads\/2023\/07\/Podcast_Buehnenteaser_Blog_1440x590px_V-2.jpg","width":1440,"height":590},{"@type":"BreadcrumbList","@id":"https:\/\/www.berg-freunde.ch\/blog\/grat-raus-podcast-22-grenzgaenge-fernab-der-zivilisation\/#breadcrumb","itemListElement":[{"@type":"ListItem","position":1,"name":"Blog","item":"https:\/\/www.berg-freunde.ch\/blog\/"},{"@type":"ListItem","position":2,"name":"Bergfreunde","item":"https:\/\/www.berg-freunde.ch\/blog\/category\/bergfreunde\/"},{"@type":"ListItem","position":3,"name":"Podcast","item":"https:\/\/www.berg-freunde.ch\/blog\/category\/bergfreunde\/podcast\/"},{"@type":"ListItem","position":4,"name":"GRAT RAUS FOLGE 22: Grenzg\u00e4nge fernab der Zivilisation &#8211; Profi-Alpinist Stephan Siegrist"}]},{"@type":"WebSite","@id":"https:\/\/www.berg-freunde.ch\/blog\/#website","url":"https:\/\/www.berg-freunde.ch\/blog\/","name":"Bergfreunde","description":"Blog","publisher":{"@id":"https:\/\/www.berg-freunde.ch\/blog\/#organization"},"potentialAction":[{"@type":"SearchAction","target":{"@type":"EntryPoint","urlTemplate":"https:\/\/www.berg-freunde.ch\/blog\/?s={search_term_string}"},"query-input":{"@type":"PropertyValueSpecification","valueRequired":true,"valueName":"search_term_string"}}],"inLanguage":"de-CH"},{"@type":"Organization","@id":"https:\/\/www.berg-freunde.ch\/blog\/#organization","name":"Bergfreunde","url":"https:\/\/www.berg-freunde.ch\/blog\/","logo":{"@type":"ImageObject","inLanguage":"de-CH","@id":"https:\/\/www.berg-freunde.ch\/blog\/#\/schema\/logo\/image\/","url":"https:\/\/www.berg-freunde.ch\/blog\/wp-content\/uploads\/2023\/12\/Bergfreunde_DE_rgb.svg","contentUrl":"https:\/\/www.berg-freunde.ch\/blog\/wp-content\/uploads\/2023\/12\/Bergfreunde_DE_rgb.svg","caption":"Bergfreunde"},"image":{"@id":"https:\/\/www.berg-freunde.ch\/blog\/#\/schema\/logo\/image\/"},"sameAs":["https:\/\/www.facebook.com\/bergfreunde","https:\/\/www.instagram.com\/bergfreundede\/"]},{"@type":"Person","@id":"https:\/\/www.berg-freunde.ch\/blog\/#\/schema\/person\/6277565d8989dccc82cd7c1db5962a14","name":"Marie","url":"https:\/\/www.berg-freunde.ch\/blog\/about\/marie-weber\/"}]}},"_links":{"self":[{"href":"https:\/\/www.berg-freunde.ch\/blog\/wp-json\/wp\/v2\/posts\/89931","targetHints":{"allow":["GET"]}}],"collection":[{"href":"https:\/\/www.berg-freunde.ch\/blog\/wp-json\/wp\/v2\/posts"}],"about":[{"href":"https:\/\/www.berg-freunde.ch\/blog\/wp-json\/wp\/v2\/types\/post"}],"author":[{"embeddable":true,"href":"https:\/\/www.berg-freunde.ch\/blog\/wp-json\/wp\/v2\/users\/100"}],"replies":[{"embeddable":true,"href":"https:\/\/www.berg-freunde.ch\/blog\/wp-json\/wp\/v2\/comments?post=89931"}],"version-history":[{"count":0,"href":"https:\/\/www.berg-freunde.ch\/blog\/wp-json\/wp\/v2\/posts\/89931\/revisions"}],"wp:featuredmedia":[{"embeddable":true,"href":"https:\/\/www.berg-freunde.ch\/blog\/wp-json\/wp\/v2\/media\/90655"}],"wp:attachment":[{"href":"https:\/\/www.berg-freunde.ch\/blog\/wp-json\/wp\/v2\/media?parent=89931"}],"wp:term":[{"taxonomy":"category","embeddable":true,"href":"https:\/\/www.berg-freunde.ch\/blog\/wp-json\/wp\/v2\/categories?post=89931"},{"taxonomy":"post_tag","embeddable":true,"href":"https:\/\/www.berg-freunde.ch\/blog\/wp-json\/wp\/v2\/tags?post=89931"},{"taxonomy":"post_folder","embeddable":true,"href":"https:\/\/www.berg-freunde.ch\/blog\/wp-json\/wp\/v2\/post_folder?post=89931"}],"curies":[{"name":"wp","href":"https:\/\/api.w.org\/{rel}","templated":true}]}}