{"id":90814,"date":"2023-07-19T16:07:30","date_gmt":"2023-07-19T14:07:30","guid":{"rendered":"https:\/\/www.bergfreunde.de\/blog\/?p=90814"},"modified":"2025-12-16T07:44:27","modified_gmt":"2025-12-16T06:44:27","slug":"interview-mit-anna-weiss-ueber-den-design-your-life-workshop","status":"publish","type":"post","link":"https:\/\/www.berg-freunde.ch\/blog\/interview-mit-anna-weiss-ueber-den-design-your-life-workshop\/","title":{"rendered":"Interview mit Anna Wei\u00df \u00fcber den Design Your Life Workshop"},"content":{"rendered":"<div class=\"wp-block-image\">\n<figure class=\"alignright size-full is-resized\"><a href=\"https:\/\/www.berg-freunde.ch\/blog\/wp-content\/uploads\/2023\/07\/Design-your-life-workshop-anne-kaiser_zugeschnittel.jpg\"><img fetchpriority=\"high\" decoding=\"async\" src=\"https:\/\/www.berg-freunde.ch\/blog\/wp-content\/uploads\/2023\/07\/Design-your-life-workshop-anne-kaiser_zugeschnittel.jpg\" alt=\"\" class=\"wp-image-92013\" width=\"331\" height=\"497\" srcset=\"https:\/\/www.berg-freunde.ch\/blog\/wp-content\/uploads\/2023\/07\/Design-your-life-workshop-anne-kaiser_zugeschnittel.jpg 1000w, https:\/\/www.berg-freunde.ch\/blog\/wp-content\/uploads\/2023\/07\/Design-your-life-workshop-anne-kaiser_zugeschnittel-200x300.jpg 200w, https:\/\/www.berg-freunde.ch\/blog\/wp-content\/uploads\/2023\/07\/Design-your-life-workshop-anne-kaiser_zugeschnittel-768x1152.jpg 768w\" sizes=\"(max-width: 331px) 100vw, 331px\" \/><\/a><\/figure>\n<\/div>\n\n\n<p><em>\u00dcber Anna Wei\u00df<\/em><\/p>\n\n\n\n<p>Die 35-J\u00e4hrige hat die Welt als Flugbegleiterin bereist, als Industrie-Insiderin einen erfolgreichen Special-Interest-Verlag mitgegr\u00fcndet und als Senior Consultant einer Kreativagentur herausragende Projekte umgesetzt. Als ehemalige Ausbilderin im Bundeslehrteam Mountainbike des Deutschen Alpenvereins e.V. besitzt sie einen nat\u00fcrlichen Zugang zu Leadership und Agilit\u00e4t. Die Tourismus- und Mobilit\u00e4tsexpertin arbeitet momentan f\u00fcr das Schweizer Beratungsunternehmen &#171;Hello Allegra&#187; und ficht f\u00fcr Mut und radikale Kooperation. <\/p>\n\n\n\n<p>In ihren <strong>Design Thinking Workshops<\/strong> entwickelt sie gemeinsam mit Destinationen, Unternehmen und NGOs ganzheitliche Strategien f\u00fcr zukunftsweisende Fragestellungen. Wenn sie nicht arbeitet, findet man sie egal bei welchem Wetter meistens drau\u00dfen &#8211; gemeinsam mit ihrer zweij\u00e4hrigen Tochter Vita und ihrem Podenco Mojito.<\/p>\n\n\n\n<h2 class=\"wp-block-heading\" id=\"h-anna-weiss-uber-methoden-und-mindset-beim-design-thinking\">Anna Wei\u00df \u00fcber Methoden und Mindset beim Design Thinking<\/h2>\n\n\n\n<h3 class=\"wp-block-heading\" id=\"h-liebe-anna-was-konnen-sich-unsere-leser-unter-design-thinking-vorstellen\"><em>Liebe Anna, was k\u00f6nnen sich unsere Leser unter Design Thinking vorstellen?<\/em><\/h3>\n\n\n\n<p>Design Thinking, &#8218;Denken wie ein Designer&#8216; ist meines Erachtens nach ein irref\u00fchrender Begriff. Dadurch wird Design Thinking ausschlie\u00dflich mit &#8218;kreativen&#8216; Menschen in Verbindung gebracht &#8211; als ob es nur diesen zug\u00e4nglich w\u00e4re und f\u00fcr alle Normalsterblichen unerreichbar. <\/p>\n\n\n\n<p>Dabei ist Design Thinking nichts anderes als eine angeborene F\u00e4higkeit des Menschen intuitiv und assoziativ zu denken, Muster zu erkennen und aus diesem Ansatz etwas Neues zu erschaffen. Es ist eine kreative Herangehensweise daran, Probleme zu l\u00f6sen. Was jeder von uns jeden Tag Dutzende Male macht. Wir Menschen sind geborene Probleml\u00f6ser &#8211; und kreativ. Ganz interessant dabei: Im Tibetischen gibt es anscheinend keine w\u00f6rtliche \u00dcbersetzung f\u00fcr das Wort &#8218;kreativ&#8216; &#8211; das, was dem am n\u00e4chsten kommt, ist das Wort &#8217;nat\u00fcrlich&#8216;. Wir alle bringen das mit &#8211; es ist zutiefst menschlich &#8211; wir vergessen das nur gerne.<\/p>\n\n\n<div class=\"wp-block-image\">\n<figure class=\"alignright size-full is-resized\"><a href=\"https:\/\/www.berg-freunde.ch\/blog\/wp-content\/uploads\/2023\/07\/Schema_zugeschnitten.jpg\"><img decoding=\"async\" src=\"https:\/\/www.berg-freunde.ch\/blog\/wp-content\/uploads\/2023\/07\/Schema_zugeschnitten.jpg\" alt=\"Mit dem richtigen Mindset k\u00f6nnen Probleme strukturiert angegangen werden.\" class=\"wp-image-90851\" width=\"453\" height=\"341\" srcset=\"https:\/\/www.berg-freunde.ch\/blog\/wp-content\/uploads\/2023\/07\/Schema_zugeschnitten.jpg 1000w, https:\/\/www.berg-freunde.ch\/blog\/wp-content\/uploads\/2023\/07\/Schema_zugeschnitten-300x225.jpg 300w, https:\/\/www.berg-freunde.ch\/blog\/wp-content\/uploads\/2023\/07\/Schema_zugeschnitten-768x577.jpg 768w\" sizes=\"(max-width: 453px) 100vw, 453px\" \/><\/a><figcaption class=\"wp-element-caption\">Mit dem richtigen Mindset k\u00f6nnen Probleme strukturiert angegangen werden.<\/figcaption><\/figure>\n<\/div>\n\n\n<p>Design Thinking beschreibt ein Mindset, welches Menschen, die &#8218;kreativ&#8216; arbeiten, n\u00e4hren und pflegen. Die dazu entwickelten Methoden sollen es auch Menschen, die nicht als Designer ausgebildet worden sind, helfen, sich dieses Mindset bei der Probleml\u00f6sung zunutze zu machen. Die bekanntesten Methoden sind das Brainstorming oder auch die Meditation. Radikale Kooperation ist dabei ein zentrales Thema. <strong>Wir denken immer, dass wir unsere Probleme selbst l\u00f6sen m\u00fcssen, dabei haben wir so viele kundige Menschen um uns herum! Pl\u00f6tzlich haben wir so viel mehr L\u00f6sungsans\u00e4tze, wenn wir mit einer Gruppe arbeiten.<\/strong><\/p>\n\n\n\n<h3 class=\"wp-block-heading\"><em>Du warst vergangenes Wochenende mit einer Gruppe Frauen im Gasteiner Tal im Rahmen des DESIGN YOUR LIFE Workshops mit adidas TERREX. Was war dort Deine Aufgabe?<\/em><\/h3>\n\n\n\n<p>Meine Aufgabe als Workshopleiterin bestand prim\u00e4r darin, Fragen zu stellen. Wir haben gemeinsam erarbeitet, wie man sich Denkmuster bewusst machen oder Glaubenss\u00e4tze aufbrechen kann. Denn bevor man sich an einen &#171;Soll-Zustand&#187; wagt macht es auf jeden Fall Sinn, erst einmal einen sehr ehrlichen Blick auf den eigenen Ist-Zustand zu richten. Der gesch\u00fctzte Raum, den uns <strong><a href=\"https:\/\/www.bergfreunde.de\/marken\/adidas-terrex\/\">adidas TERREX<\/a><\/strong> geboten hat, hat es m\u00f6glich gemacht, dass wir Frauen offen und frei diskutieren konnten. Der Workshop war so angelegt, dass wir w\u00e4hrend einer Wanderung durch das Gasteiner Tal kompakt und intensiv an verschiedenen Aufgaben arbeiteten. Dazu gab es kleinere Aufgaben zu l\u00f6sen, die das Bewusstsein und die Achtsamkeit sch\u00e4rfen, damit jede Teilnehmerin am Ende des vier Tage Workshops eine Handreichung hat, um das eigene Leben und seine Herausforderungen aus neuen Blickwinkeln betrachten und ganz aktiv (um-) gestalten kann. <\/p>\n\n\n\n<p>Wichtig dabei: sowas passiert nicht in vier Tagen Workshop, die k\u00f6nnen nur ein Ansto\u00df sein. Wichtig ist alles, was danach passiert. Und deshalb ist der Faktor Zeit ein unglaublich wichtiger. <strong>Es dauert, bis man jahrelange Denkmuster und Gewohnheiten ablegt.<\/strong> Wichtig ist aber, dass man irgendwann in die Eigenverantwortung geht und den ersten Schritt geht, indem man sagt: &#171;Ja, es ist mein Leben. Und ich will es aktiv gestalten.&#187; Zum Beispiel, indem ich mich St\u00fcck f\u00fcr St\u00fcck von den Dingen, Verhaltensweisen etc. trenne, die mir nicht gut tun.<\/p>\n\n\n\n<figure class=\"wp-block-image size-full is-resized\"><img decoding=\"async\" src=\"https:\/\/www.berg-freunde.ch\/blog\/wp-content\/uploads\/2023\/07\/Design_Chart_zugeschnitten.jpg\" alt=\"Bei dem Workshop werden Ziele und Wege in Etappen aufgeteilt.\nFoto: Anne Kaiser\" class=\"wp-image-90861\" width=\"1000\" height=\"750\" srcset=\"https:\/\/www.berg-freunde.ch\/blog\/wp-content\/uploads\/2023\/07\/Design_Chart_zugeschnitten.jpg 1000w, https:\/\/www.berg-freunde.ch\/blog\/wp-content\/uploads\/2023\/07\/Design_Chart_zugeschnitten-300x225.jpg 300w, https:\/\/www.berg-freunde.ch\/blog\/wp-content\/uploads\/2023\/07\/Design_Chart_zugeschnitten-768x576.jpg 768w\" sizes=\"(max-width: 1000px) 100vw, 1000px\" \/><figcaption class=\"wp-element-caption\">Bei dem Workshop werden Ziele und Wege in Etappen aufgeteilt.<br>Foto: Anne Kaiser<\/figcaption><\/figure>\n\n\n\n<h2 class=\"wp-block-heading\"><em>Kannst Du uns ein konkretes Beispiel f\u00fcr eine \u00dcbung\/Methode nennen, die Du im Workshop anwendest?<\/em><\/h2>\n\n\n\n<p>Eine \u00dcbung war beispielsweise folgende: Wir haben uns drei Blatt Papier genommen und auf jedes einzelne Blatt ein &#171;m\u00f6gliches Leben&#187; niedergeschrieben. Wir denken immer, wir m\u00fcssen alle Alternativen in ein Leben packen, aber das stimmt gar nicht. Wir entwarfen also drei alternative Szenarien, die es uns erlaubten, sie gegeneinander abzuw\u00e4gen. Das erste Leben ist das, dass Du jetzt schon f\u00fchrst &#8211; lediglich mit einem neuen, speziellen Projekt, das Du gerne umsetzen w\u00fcrdest. Das zweite Leben w\u00e4re das, das stattfindet, wenn Dein Arbeitgeber pl\u00f6tzlich pleitegeht. Und das dritte Leben, so eines, in dem Geld, Zeit und Verpflichtungen &amp; Image keine Rolle spielen. Die Teilnehmerinnen haben alle drei Leben aufgeschrieben und sich eines davon herausgepickt. <\/p>\n\n\n\n<p>Dann ging es in die <strong>konkrete Planung<\/strong> dazu: <strong>Das Ziel definieren &amp; Informationen zum Weg dorthin sammeln<\/strong>. Wer ist diesen oder einen \u00e4hnlichen Weg vor mir schon gegangen und kann mir davon erz\u00e4hlen oder wie kann ich Erfahrungen im &#171;Kleinen&#187; machen, die mich auf diesen Weg vorbereiten? Wenn der Weg klar war, haben wir ihn in Etappen eingeteilt und die vorauszusehenden Schl\u00fcsselstellen definiert. In Kleingruppen haben die Frauen dann zu jeder einzelnen Schl\u00fcsselstelle m\u00f6gliche L\u00f6sungen erarbeitet.<\/p>\n\n\n\n<h3 class=\"wp-block-heading\"><em>Im Workshop geht es darum, herauszufinden, wie man gute Entscheidungen trifft &#8211; am Berg ebenso wie im Privat- und Arbeitsleben. Inwieweit lassen sich da Parallelen ziehen?<\/em><\/h3>\n\n\n\n<p>Der gro\u00dfe Gedanke dahinter ist: Wir wandern durch die \u00e4u\u00dfere Landschaft &#8211; aber genauso auch durch unsere innere Landschaft. Bewegung im K\u00f6rper f\u00fchrt zu Bewegung im Geist! <strong>Beim Wandern oder der Tourenplanung stellen wir uns oft dieselben Fragen wie im Leben generell<\/strong>: Was ist mein Ziel? Wie komme ich dorthin? Was ist mein erster Schritt? Was sind meine Schl\u00fcsselstellen und wie \u00fcberwinde ich sie? <\/p>\n\n\n\n<p>Mein Hintergrund als Bergsportlerin hat es mir erlaubt, viele <strong>Methoden aus der Tourenplanung<\/strong> beim <strong><a href=\"https:\/\/www.berg-freunde.ch\/marken\/adidas\/\">adidas<\/a> TERREX<\/strong> Design Your Life-Workshop anzuwenden. Denn im Endeffekt geht es immer um dasselbe: eine Auswahl an M\u00f6glichkeiten\/L\u00f6sungen zu schaffen und diese Auswahl dann wieder zu begrenzen. Das eine nennt sich rollende Tourenplanung, das andere nennt sich Design Thinking. <\/p>\n\n\n\n<p><strong>Wir haben zum Beispiel auch eine angepasste Version des 3 x 3 der Tourenplanung als Risiko-Reduktionsmethode im Workshop genutzt. Was brauche ich in Vorbereitung auf ein bestimmtes Ziel, was brauche ich zum Start und was brauche ich w\u00e4hrenddessen?<\/strong> Das k\u00f6nnen unterschiedliche Dinge sein, z. B. Startkapital, ein Netzwerk, bestimmte Kompetenzen. Es geht darum, sich anhand einer Checkliste klarzumachen, was man schon mitbringt und was man noch nicht mitbringt aber ggf. braucht &#8211; und wie man es sich aneignen kann. Daraus l\u00e4sst sich dann eine Roadmap erstellen.<\/p>\n\n\n\n<h3 class=\"wp-block-heading\"><em>Welche Erkenntnisse hast Du w\u00e4hrend des Workshops oder auch im Nachhinein f\u00fcr Dich mitgenommen?<\/em><\/h3>\n\n\n\n<p>Fakt: <strong>Ein Gro\u00dfteil der Teilnehmerinnen in der Gruppe hatte dieselben Themen.<\/strong> Das war eine interessante Einsicht f\u00fcr mich als Workshopleiterin.<strong> Zu sehen, dass da einfach strukturell noch einiges im Argen liegt!<\/strong> Was Verhaltensweisen angeht, Rollenbilder in der Gesellschaft, sexuelle Bel\u00e4stigung, etc. Und: Bei allen Teilnehmerinnen zentral war das Thema Scheitern. Wie ein bekannter Designer mal so sch\u00f6n gesagt hat: Die Angst vor dem Scheitern ist die giftigste Schlange im Raum. <\/p>\n\n\n\n<p><strong>Dabei ist es das Wichtigste, Scheitern zu normalisieren<\/strong> und zu erkennen, dass unsere Sicht auf das Scheitern auch kulturell gepr\u00e4gt ist. Und dass viele Frauen mit ihrem Perfektionismus nat\u00fcrlich doppelt Angst davor haben, das Risiko des Scheiterns einzugehen. Das Wichtigste ist, sich bewusst zu machen, dass wir aus unseren Fehlern viel mehr lernen, als wenn alles glatt l\u00e4uft. Dass andere genauso scheitern &#8211; und dass wir auch dann noch gemocht werden, wenn doch mal was nicht funktioniert. &#171;Failure sucks, but instructs&#187;.<\/p>\n\n\n<div class=\"wp-block-image\">\n<figure class=\"aligncenter size-full is-resized\"><a href=\"https:\/\/www.berg-freunde.ch\/blog\/wp-content\/uploads\/2023\/07\/Design_Ziele_zugeschnitten.jpg\"><img loading=\"lazy\" decoding=\"async\" src=\"https:\/\/www.berg-freunde.ch\/blog\/wp-content\/uploads\/2023\/07\/Design_Ziele_zugeschnitten.jpg\" alt=\"Egal ob am Berg oder auf der Wiese - die Natur f\u00f6rdert die Kreativit\u00e4t beim Design Thinking.\nFoto: Anne Kaiser\" class=\"wp-image-90867\" width=\"1000\" height=\"750\" srcset=\"https:\/\/www.berg-freunde.ch\/blog\/wp-content\/uploads\/2023\/07\/Design_Ziele_zugeschnitten.jpg 1000w, https:\/\/www.berg-freunde.ch\/blog\/wp-content\/uploads\/2023\/07\/Design_Ziele_zugeschnitten-300x225.jpg 300w, https:\/\/www.berg-freunde.ch\/blog\/wp-content\/uploads\/2023\/07\/Design_Ziele_zugeschnitten-768x576.jpg 768w\" sizes=\"(max-width: 1000px) 100vw, 1000px\" \/><\/a><figcaption class=\"wp-element-caption\">Egal ob am Berg oder auf der Wiese &#8211; die Natur f\u00f6rdert die Kreativit\u00e4t beim Design Thinking.<br>Foto: Anne Kaiser<\/figcaption><\/figure>\n<\/div>\n\n\n<h3 class=\"wp-block-heading\"><em>Was motiviert Dich in Deiner Aufgabe?<\/em><\/h3>\n\n\n\n<p>Ob Teilnehmerin, Hotelchefin oder ich &#8211; das Spiel zwischen den Menschen, die Beziehungen, die aufgebaut werden, das motiviert mich. <strong>Wir haben im normalen Leben, im stressigen Alltag nie den Raum oder nehmen ihn uns nicht, um uns selbst zu reflektieren. Aber die Antworten haben wir alle in uns.<\/strong> Der Workshop war wie vier Tage die Stopp-Taste dr\u00fccken und einfach schauen, was noch in uns steckt. Mein gr\u00f6\u00dftes Learning: <strong>Ich werde meine Workshops nur noch drau\u00dfen stattfinden lassen.<\/strong> Die Menschen sind sehr viel kreativer, wenn sie in einer ungewohnten Umgebung sind. Das ist so viel kraftvoller!<\/p>\n\n\n\n<h3 class=\"wp-block-heading\"><em>Bietest Du diesen Workshop speziell f\u00fcr Frauen an?<\/em><\/h3>\n\n\n\n<p>Das ist jetzt im Rahmen der gro\u00dfartigen Kampagne von <strong><a href=\"https:\/\/www.berg-freunde.ch\/marken\/adidas-terrex\/\">adidas TERREX<\/a><\/strong> so entstanden und die Frauen in den Gruppen haben super harmoniert. Unter den Frauen war eine besondere Energie, ein wunderbarer Vibe und sie konnten sich einander schnell \u00f6ffnen. Aber dieser Workshop ist durchaus auch f\u00fcr M\u00e4nner interessant und viele sind auch schon deswegen auf mich zugekommen. Diese Fragen sind bei M\u00e4nnern genauso da. Gerade in speziellen Lebensphasen, wo man sich selbst \u00fcberlegt: Was steckt noch in mir?<strong> <\/strong><\/p>\n\n\n\n<p><strong>85 % unserer t\u00e4glichen Aktionen sind Gewohnheitsaktionen.<\/strong> Hinter dem Satz &#171;Ich bin eben so, wie ich bin&#187; steckt oft nur Faulheit, Gewohnheit oder Angst. Und das sage ich, ohne relativieren zu wollen, dass manche Menschen aufgrund ihrer Ethnie oder Herkunftsfamilie einen sehr viel schwierigeren Start haben als andere oder aufgrund schwerer Krankheiten gehandicapped sind. Aber Eigenverantwortung kann jeder von uns \u00fcbernehmen &#8211; in verschiedenem Ma\u00df, sicherlich. <strong>Und Eigenverantwortung kann auch hei\u00dfen, sich nach Abw\u00e4gung aller Fakten und des Bauchgef\u00fchls bewusst daf\u00fcr zu entscheiden, ins Risiko zu gehen.<\/strong> Dabei m\u00fcssen wir uns immer wieder vor Augen f\u00fchren, dass wir in Westeuropa im Allgemeinen und Deutschland im Speziellen in einer sicherheitsfanatischen Kultur leben. Wie im Bergsport &#8211; der ist lediglich ein Spiegel unserer Gesellschaft. Darf noch Unsicherheit bestehen? Ein Perspektivwechsel hilft da weiter: <strong>Bergsport ohne Unw\u00e4gbarkeiten gibt es nicht. &#171;Erfindertum&#187;, Kreativit\u00e4t ohne das Risiko des Scheiterns gibt es nicht. Ganz generell: ein Leben ohne Risiko gibt es nicht.<\/strong><\/p>\n\n\n<div class=\"wp-block-image\">\n<figure class=\"aligncenter size-full\"><a href=\"https:\/\/www.berg-freunde.ch\/blog\/wp-content\/uploads\/2023\/07\/Design-your-life-workshop-wandern_zugeschnittel.jpg\"><img loading=\"lazy\" decoding=\"async\" width=\"1500\" height=\"1000\" src=\"https:\/\/www.berg-freunde.ch\/blog\/wp-content\/uploads\/2023\/07\/Design-your-life-workshop-wandern_zugeschnittel.jpg\" alt=\"\" class=\"wp-image-92007\" srcset=\"https:\/\/www.berg-freunde.ch\/blog\/wp-content\/uploads\/2023\/07\/Design-your-life-workshop-wandern_zugeschnittel.jpg 1500w, https:\/\/www.berg-freunde.ch\/blog\/wp-content\/uploads\/2023\/07\/Design-your-life-workshop-wandern_zugeschnittel-300x200.jpg 300w, https:\/\/www.berg-freunde.ch\/blog\/wp-content\/uploads\/2023\/07\/Design-your-life-workshop-wandern_zugeschnittel-768x512.jpg 768w\" sizes=\"(max-width: 1500px) 100vw, 1500px\" \/><\/a><figcaption class=\"wp-element-caption\">Gemeinsam unterwegs &#8211; trotzdem gilt Bergsport ohne Risiko gibt es nicht<br>Foto: Anne Kaiser<\/figcaption><\/figure>\n<\/div>\n\n\n<h3 class=\"wp-block-heading\"><em>Du warst schon Ausbilderin im Bundeslehrteam Mountainbike des Deutschen Alpenvereins, als Flugbegleiterin unterwegs und Senior Consultant einer Kreativagentur. Das h\u00f6rt sich super vielf\u00e4ltig an. Betrachtest Du Dein Leben auch immer wieder aus verschiedenen Blickwinkeln und hast Spa\u00df an neuen Aufgaben?<\/em><\/h3>\n\n\n\n<p>Ja, das habe ich, absolut! Ehrlicherweise bin ich immer meinem Bauch gefolgt, meine Aufgaben sind eher zu mir gekommen, als dass ich da viel geplant h\u00e4tte. <strong>Aber der rote Faden in alle meinen bisherigen T\u00e4tigkeiten ist das Fragen stellen.<\/strong> Ob als Flugbegleiterin oder im Bundeslehrteam oder in der Unternehmensberatung bei der Frage: Wie bekomme ich alle Stakeholder auf einen Nenner? Und zum Thema Fragen stellen: Man muss kein Coach sein (ich bin es auch nicht und ich mag das Wort auch nicht) um anderen Menschen weiterhelfen zu k\u00f6nnen. Wichtig ist, dass jemand in bestimmten Situationen nicht so tief drinsteckt, wie man selber &#8211; nur dann kann man die Helikopter-Perspektive einnehmen und gute Fragen stellen.<\/p>\n\n\n\n<h2 class=\"wp-block-heading\"><em>Welche Aufgabe war bisher Deine gr\u00f6\u00dfte Herausforderung?<\/em><\/h2>\n\n\n\n<p>Ich musste in die Rolle als getrennt-erziehende Mutter hineinwachsen. Gerade beim Thema Mutter werden und eine gute Mutter sein, vermittelt die Gesellschaft noch viele falsche Werte. <strong>Wenn Du auf Dich schaust, wirst Du oft als egoistisch abgestempelt. Das haben wir tiefen-kulturell verinnerlicht als Frauen.<\/strong> Ich finde: Man sollte sich jeden Tag eine Weile Zeit nur f\u00fcr sich nehmen und das auch zur Priorit\u00e4t machen. Und wenn es nur 20 Minuten Laufen oder 10 Minuten Yoga sind<strong>. Man sollte seinen Kindern zeigen als Mama, dass man sich auch super um sich selbst k\u00fcmmert und dadurch ein Vorbild sein.<\/strong> Da liegt noch ein weiter Weg vor uns! Jeder ist unsicher, keiner wei\u00df, wie es geht und da hilft es nicht, dass unsere Gesellschaft so vergleichs- und leistungsorientiert ist und wir uns gegenseitig die Schuld zuweisen. Gerade als Mutter und beim Thema<strong> Mental Load<\/strong> hilft es auch einfach aufschreiben, was man tats\u00e4chlich den ganzen Tag alles leistet. <strong>F\u00fcr diese Art von Arbeit ist noch viel zu wenig Wertsch\u00e4tzung da!<\/strong><\/p>\n\n\n<div class=\"wp-block-image\">\n<figure class=\"aligncenter size-full\"><a href=\"https:\/\/www.berg-freunde.ch\/blog\/wp-content\/uploads\/2023\/07\/Design-your-life-workshop-gruppe_zugeschnittel.jpg\"><img loading=\"lazy\" decoding=\"async\" width=\"1500\" height=\"1000\" src=\"https:\/\/www.berg-freunde.ch\/blog\/wp-content\/uploads\/2023\/07\/Design-your-life-workshop-gruppe_zugeschnittel.jpg\" alt=\"Alle Teilnehmerinnen des Design your life workshops\" class=\"wp-image-92001\" srcset=\"https:\/\/www.berg-freunde.ch\/blog\/wp-content\/uploads\/2023\/07\/Design-your-life-workshop-gruppe_zugeschnittel.jpg 1500w, https:\/\/www.berg-freunde.ch\/blog\/wp-content\/uploads\/2023\/07\/Design-your-life-workshop-gruppe_zugeschnittel-300x200.jpg 300w, https:\/\/www.berg-freunde.ch\/blog\/wp-content\/uploads\/2023\/07\/Design-your-life-workshop-gruppe_zugeschnittel-768x512.jpg 768w\" sizes=\"(max-width: 1500px) 100vw, 1500px\" \/><\/a><figcaption class=\"wp-element-caption\">Alle Teilnehmerinnen des Design Your Life Workshops mit adidas Terrex<br>Foto: Anne Kaiser<\/figcaption><\/figure>\n<\/div>\n\n\n<h2 class=\"wp-block-heading\"><em>Was r\u00e4tst Du unseren Blog-Lesern, wenn sie in einer Situation stecken, die ich festgefahren anf\u00fchlt?<\/em><\/h2>\n\n\n\n<p><strong>Der wichtigste Schritt ist die Achtsamkeit, das Bewusstwerden der eigenen Muster und Verhaltensweisen.<\/strong> Eine einfache Aufgabe f\u00fcr Jeden: Zwei Wochen lang detailliert aufschreiben, was man gemacht hat. Dann die einzelnen T\u00e4tigkeiten aufgliedern in die beiden Bereiche &#8211; <strong>was hat mir Energie gegeben und was hat mir Energie genommen?<\/strong> So kann man herausfinden, welche Rollen einem im Alltag Spa\u00df machen. Wenn man das selbst reflektiert und dezidiert herunterschreibt (oder zeichnet und fotografiert) werden diese Muster sichtbar. <\/p>\n\n\n\n<p>Und man merkt, was einem wirklich guttut und was nicht. <strong>Es geht darum, das innere Radio lauter zu drehen und die Gesellschaft, die Stimmen von au\u00dfen, leiser werden zu lassen.<\/strong> Wie ist denn mein &#171;Energie-Tank&#187; gerade gef\u00fcllt? L\u00e4uft er fast schon \u00fcber oder komme ich gerade noch so an mein Ziel? Wie sieht es bei mir aus in den Bereichen Liebe, Arbeit, Spa\u00df und Gesundheit? Habe ich Kapazit\u00e4t, eines meiner Themen anzugehen? Wenn Nein, wie schaffe ich mir den Raum und die Zeit, um das Thema anzugehen? <strong>Wenn man sich einmal die M\u00fche gemacht und die Muster erkannt hat, tut man sich auch sehr viel leichter, Grenzen zu setzen und gewisse Dinge dem Arbeitgeber, Freunden oder der Familie in Klarheit darzulegen.<\/strong><br><\/p>\n\n\n\n<p>Vielen Dank f\u00fcr das sch\u00f6ne Interview, Anna!<\/p>\n","protected":false},"excerpt":{"rendered":"<p>\u00dcber Anna Wei\u00df Die 35-J\u00e4hrige hat die Welt als Flugbegleiterin bereist, als Industrie-Insiderin einen erfolgreichen Special-Interest-Verlag mitgegr\u00fcndet und als Senior Consultant einer Kreativagentur herausragende Projekte umgesetzt. Als ehemalige Ausbilderin im Bundeslehrteam Mountainbike des Deutschen Alpenvereins e.V. besitzt sie einen nat\u00fcrlichen Zugang zu Leadership und Agilit\u00e4t. Die Tourismus- und Mobilit\u00e4tsexpertin arbeitet momentan f\u00fcr das Schweizer Beratungsunternehmen [&hellip;]<\/p>\n","protected":false},"author":78,"featured_media":90843,"comment_status":"open","ping_status":"closed","sticky":false,"template":"","format":"standard","meta":{"_acf_changed":false,"footnotes":""},"categories":[297,284],"tags":[272,276],"post_folder":[],"class_list":["post-90814","post","type-post","status-publish","format-standard","has-post-thumbnail","hentry","category-menschen-meinungen","category-praxiswissen","tag-fitness-yoga","tag-wandern-trekking"],"acf":[],"yoast_head":"<!-- This site is optimized with the Yoast SEO Premium plugin v27.4 (Yoast SEO v27.4) - https:\/\/yoast.com\/product\/yoast-seo-premium-wordpress\/ -->\n<title>Anna Wei\u00df im Interview - Adidas Terrex Design Your Life Workshop<\/title>\n<meta name=\"description\" content=\"\u00dcber Anna Wei\u00df Die 35-J\u00e4hrige hat die Welt als Flugbegleiterin bereist, als Industrie-Insiderin einen erfolgreichen Special-Interest-Verlag mitgegr\u00fcndet\" \/>\n<meta name=\"robots\" content=\"index, follow, max-snippet:-1, max-image-preview:large, max-video-preview:-1\" \/>\n<link rel=\"canonical\" href=\"https:\/\/www.berg-freunde.ch\/blog\/interview-mit-anna-weiss-ueber-den-design-your-life-workshop\/\" \/>\n<meta property=\"og:locale\" content=\"de_DE\" \/>\n<meta property=\"og:type\" content=\"article\" \/>\n<meta property=\"og:title\" content=\"Interview mit Anna Wei\u00df \u00fcber den Design Your Life Workshop\" \/>\n<meta property=\"og:description\" content=\"\u00dcber Anna Wei\u00df Die 35-J\u00e4hrige hat die Welt als Flugbegleiterin bereist, als Industrie-Insiderin einen erfolgreichen Special-Interest-Verlag mitgegr\u00fcndet\" \/>\n<meta property=\"og:url\" content=\"https:\/\/www.berg-freunde.ch\/blog\/interview-mit-anna-weiss-ueber-den-design-your-life-workshop\/\" \/>\n<meta property=\"og:site_name\" content=\"Bergfreunde\" \/>\n<meta property=\"article:publisher\" content=\"https:\/\/www.facebook.com\/bergfreunde\" \/>\n<meta property=\"article:published_time\" content=\"2023-07-19T14:07:30+00:00\" \/>\n<meta property=\"article:modified_time\" content=\"2025-12-16T06:44:27+00:00\" \/>\n<meta property=\"og:image\" content=\"https:\/\/www.berg-freunde.ch\/blog\/wp-content\/uploads\/2023\/07\/Design_Titel_zugschnitten.jpg\" \/>\n\t<meta property=\"og:image:width\" content=\"1440\" \/>\n\t<meta property=\"og:image:height\" content=\"590\" \/>\n\t<meta property=\"og:image:type\" content=\"image\/jpeg\" \/>\n<meta name=\"author\" content=\"Stefanie\" \/>\n<meta name=\"twitter:card\" content=\"summary_large_image\" \/>\n<meta name=\"twitter:label1\" content=\"Geschrieben von\" \/>\n\t<meta name=\"twitter:data1\" content=\"Stefanie\" \/>\n\t<meta name=\"twitter:label2\" content=\"Gesch\u00e4tzte Lesezeit\" \/>\n\t<meta name=\"twitter:data2\" content=\"11\u00a0Minuten\" \/>\n<script type=\"application\/ld+json\" class=\"yoast-schema-graph\">{\"@context\":\"https:\\\/\\\/schema.org\",\"@graph\":[{\"@type\":[\"Article\",\"BlogPosting\"],\"@id\":\"https:\\\/\\\/www.berg-freunde.ch\\\/blog\\\/interview-mit-anna-weiss-ueber-den-design-your-life-workshop\\\/#article\",\"isPartOf\":{\"@id\":\"https:\\\/\\\/www.berg-freunde.ch\\\/blog\\\/interview-mit-anna-weiss-ueber-den-design-your-life-workshop\\\/\"},\"author\":{\"name\":\"Stefanie\",\"@id\":\"https:\\\/\\\/www.berg-freunde.ch\\\/blog\\\/#\\\/schema\\\/person\\\/5b1b40f23108bddbd418c475e0bae2f8\"},\"headline\":\"Interview mit Anna Wei\u00df \u00fcber den Design Your Life Workshop\",\"datePublished\":\"2023-07-19T14:07:30+00:00\",\"dateModified\":\"2025-12-16T06:44:27+00:00\",\"mainEntityOfPage\":{\"@id\":\"https:\\\/\\\/www.berg-freunde.ch\\\/blog\\\/interview-mit-anna-weiss-ueber-den-design-your-life-workshop\\\/\"},\"wordCount\":2271,\"commentCount\":0,\"publisher\":{\"@id\":\"https:\\\/\\\/www.berg-freunde.ch\\\/blog\\\/#organization\"},\"image\":{\"@id\":\"https:\\\/\\\/www.berg-freunde.ch\\\/blog\\\/interview-mit-anna-weiss-ueber-den-design-your-life-workshop\\\/#primaryimage\"},\"thumbnailUrl\":\"https:\\\/\\\/www.berg-freunde.ch\\\/blog\\\/wp-content\\\/uploads\\\/2023\\\/07\\\/Design_Titel_zugschnitten.jpg\",\"keywords\":[\"Fitness &amp; Yoga\",\"Wandern &amp; Trekking\"],\"articleSection\":[\"Menschen &amp; Meinungen\",\"Praxiswissen\"],\"inLanguage\":\"de-CH\",\"potentialAction\":[{\"@type\":\"CommentAction\",\"name\":\"Comment\",\"target\":[\"https:\\\/\\\/www.berg-freunde.ch\\\/blog\\\/interview-mit-anna-weiss-ueber-den-design-your-life-workshop\\\/#respond\"]}]},{\"@type\":\"WebPage\",\"@id\":\"https:\\\/\\\/www.berg-freunde.ch\\\/blog\\\/interview-mit-anna-weiss-ueber-den-design-your-life-workshop\\\/\",\"url\":\"https:\\\/\\\/www.berg-freunde.ch\\\/blog\\\/interview-mit-anna-weiss-ueber-den-design-your-life-workshop\\\/\",\"name\":\"Anna Wei\u00df im Interview - Adidas Terrex Design Your Life Workshop\",\"isPartOf\":{\"@id\":\"https:\\\/\\\/www.berg-freunde.ch\\\/blog\\\/#website\"},\"primaryImageOfPage\":{\"@id\":\"https:\\\/\\\/www.berg-freunde.ch\\\/blog\\\/interview-mit-anna-weiss-ueber-den-design-your-life-workshop\\\/#primaryimage\"},\"image\":{\"@id\":\"https:\\\/\\\/www.berg-freunde.ch\\\/blog\\\/interview-mit-anna-weiss-ueber-den-design-your-life-workshop\\\/#primaryimage\"},\"thumbnailUrl\":\"https:\\\/\\\/www.berg-freunde.ch\\\/blog\\\/wp-content\\\/uploads\\\/2023\\\/07\\\/Design_Titel_zugschnitten.jpg\",\"datePublished\":\"2023-07-19T14:07:30+00:00\",\"dateModified\":\"2025-12-16T06:44:27+00:00\",\"description\":\"\u00dcber Anna Wei\u00df Die 35-J\u00e4hrige hat die Welt als Flugbegleiterin bereist, als Industrie-Insiderin einen erfolgreichen Special-Interest-Verlag mitgegr\u00fcndet\",\"breadcrumb\":{\"@id\":\"https:\\\/\\\/www.berg-freunde.ch\\\/blog\\\/interview-mit-anna-weiss-ueber-den-design-your-life-workshop\\\/#breadcrumb\"},\"inLanguage\":\"de-CH\",\"potentialAction\":[{\"@type\":\"ReadAction\",\"target\":[\"https:\\\/\\\/www.berg-freunde.ch\\\/blog\\\/interview-mit-anna-weiss-ueber-den-design-your-life-workshop\\\/\"]}]},{\"@type\":\"ImageObject\",\"inLanguage\":\"de-CH\",\"@id\":\"https:\\\/\\\/www.berg-freunde.ch\\\/blog\\\/interview-mit-anna-weiss-ueber-den-design-your-life-workshop\\\/#primaryimage\",\"url\":\"https:\\\/\\\/www.berg-freunde.ch\\\/blog\\\/wp-content\\\/uploads\\\/2023\\\/07\\\/Design_Titel_zugschnitten.jpg\",\"contentUrl\":\"https:\\\/\\\/www.berg-freunde.ch\\\/blog\\\/wp-content\\\/uploads\\\/2023\\\/07\\\/Design_Titel_zugschnitten.jpg\",\"width\":1440,\"height\":590,\"caption\":\"Beim Design Thinking geht es darum, Probleme kreativ zu L\u00f6sen. Foto:\"},{\"@type\":\"BreadcrumbList\",\"@id\":\"https:\\\/\\\/www.berg-freunde.ch\\\/blog\\\/interview-mit-anna-weiss-ueber-den-design-your-life-workshop\\\/#breadcrumb\",\"itemListElement\":[{\"@type\":\"ListItem\",\"position\":1,\"name\":\"Blog\",\"item\":\"https:\\\/\\\/www.berg-freunde.ch\\\/blog\\\/\"},{\"@type\":\"ListItem\",\"position\":2,\"name\":\"Know-How\",\"item\":\"https:\\\/\\\/www.berg-freunde.ch\\\/blog\\\/category\\\/know-how\\\/\"},{\"@type\":\"ListItem\",\"position\":3,\"name\":\"Praxiswissen\",\"item\":\"https:\\\/\\\/www.berg-freunde.ch\\\/blog\\\/category\\\/know-how\\\/praxiswissen\\\/\"},{\"@type\":\"ListItem\",\"position\":4,\"name\":\"Interview mit Anna Wei\u00df \u00fcber den Design Your Life Workshop\"}]},{\"@type\":\"WebSite\",\"@id\":\"https:\\\/\\\/www.berg-freunde.ch\\\/blog\\\/#website\",\"url\":\"https:\\\/\\\/www.berg-freunde.ch\\\/blog\\\/\",\"name\":\"Bergfreunde\",\"description\":\"Blog\",\"publisher\":{\"@id\":\"https:\\\/\\\/www.berg-freunde.ch\\\/blog\\\/#organization\"},\"potentialAction\":[{\"@type\":\"SearchAction\",\"target\":{\"@type\":\"EntryPoint\",\"urlTemplate\":\"https:\\\/\\\/www.berg-freunde.ch\\\/blog\\\/?s={search_term_string}\"},\"query-input\":{\"@type\":\"PropertyValueSpecification\",\"valueRequired\":true,\"valueName\":\"search_term_string\"}}],\"inLanguage\":\"de-CH\"},{\"@type\":\"Organization\",\"@id\":\"https:\\\/\\\/www.berg-freunde.ch\\\/blog\\\/#organization\",\"name\":\"Bergfreunde\",\"url\":\"https:\\\/\\\/www.berg-freunde.ch\\\/blog\\\/\",\"logo\":{\"@type\":\"ImageObject\",\"inLanguage\":\"de-CH\",\"@id\":\"https:\\\/\\\/www.berg-freunde.ch\\\/blog\\\/#\\\/schema\\\/logo\\\/image\\\/\",\"url\":\"https:\\\/\\\/www.berg-freunde.ch\\\/blog\\\/wp-content\\\/uploads\\\/2023\\\/12\\\/Bergfreunde_DE_rgb.svg\",\"contentUrl\":\"https:\\\/\\\/www.berg-freunde.ch\\\/blog\\\/wp-content\\\/uploads\\\/2023\\\/12\\\/Bergfreunde_DE_rgb.svg\",\"caption\":\"Bergfreunde\"},\"image\":{\"@id\":\"https:\\\/\\\/www.berg-freunde.ch\\\/blog\\\/#\\\/schema\\\/logo\\\/image\\\/\"},\"sameAs\":[\"https:\\\/\\\/www.facebook.com\\\/bergfreunde\",\"https:\\\/\\\/www.instagram.com\\\/bergfreundede\\\/\"]},{\"@type\":\"Person\",\"@id\":\"https:\\\/\\\/www.berg-freunde.ch\\\/blog\\\/#\\\/schema\\\/person\\\/5b1b40f23108bddbd418c475e0bae2f8\",\"name\":\"Stefanie\",\"url\":\"https:\\\/\\\/www.berg-freunde.ch\\\/blog\\\/about\\\/stefanie-keicher\\\/\"}]}<\/script>\n<!-- \/ Yoast SEO Premium plugin. -->","yoast_head_json":{"title":"Anna Wei\u00df im Interview - Adidas Terrex Design Your Life Workshop","description":"\u00dcber Anna Wei\u00df Die 35-J\u00e4hrige hat die Welt als Flugbegleiterin bereist, als Industrie-Insiderin einen erfolgreichen Special-Interest-Verlag mitgegr\u00fcndet","robots":{"index":"index","follow":"follow","max-snippet":"max-snippet:-1","max-image-preview":"max-image-preview:large","max-video-preview":"max-video-preview:-1"},"canonical":"https:\/\/www.berg-freunde.ch\/blog\/interview-mit-anna-weiss-ueber-den-design-your-life-workshop\/","og_locale":"de_DE","og_type":"article","og_title":"Interview mit Anna Wei\u00df \u00fcber den Design Your Life Workshop","og_description":"\u00dcber Anna Wei\u00df Die 35-J\u00e4hrige hat die Welt als Flugbegleiterin bereist, als Industrie-Insiderin einen erfolgreichen Special-Interest-Verlag mitgegr\u00fcndet","og_url":"https:\/\/www.berg-freunde.ch\/blog\/interview-mit-anna-weiss-ueber-den-design-your-life-workshop\/","og_site_name":"Bergfreunde","article_publisher":"https:\/\/www.facebook.com\/bergfreunde","article_published_time":"2023-07-19T14:07:30+00:00","article_modified_time":"2025-12-16T06:44:27+00:00","og_image":[{"width":1440,"height":590,"url":"https:\/\/www.berg-freunde.ch\/blog\/wp-content\/uploads\/2023\/07\/Design_Titel_zugschnitten.jpg","type":"image\/jpeg"}],"author":"Stefanie","twitter_card":"summary_large_image","twitter_misc":{"Geschrieben von":"Stefanie","Gesch\u00e4tzte Lesezeit":"11\u00a0Minuten"},"schema":{"@context":"https:\/\/schema.org","@graph":[{"@type":["Article","BlogPosting"],"@id":"https:\/\/www.berg-freunde.ch\/blog\/interview-mit-anna-weiss-ueber-den-design-your-life-workshop\/#article","isPartOf":{"@id":"https:\/\/www.berg-freunde.ch\/blog\/interview-mit-anna-weiss-ueber-den-design-your-life-workshop\/"},"author":{"name":"Stefanie","@id":"https:\/\/www.berg-freunde.ch\/blog\/#\/schema\/person\/5b1b40f23108bddbd418c475e0bae2f8"},"headline":"Interview mit Anna Wei\u00df \u00fcber den Design Your Life Workshop","datePublished":"2023-07-19T14:07:30+00:00","dateModified":"2025-12-16T06:44:27+00:00","mainEntityOfPage":{"@id":"https:\/\/www.berg-freunde.ch\/blog\/interview-mit-anna-weiss-ueber-den-design-your-life-workshop\/"},"wordCount":2271,"commentCount":0,"publisher":{"@id":"https:\/\/www.berg-freunde.ch\/blog\/#organization"},"image":{"@id":"https:\/\/www.berg-freunde.ch\/blog\/interview-mit-anna-weiss-ueber-den-design-your-life-workshop\/#primaryimage"},"thumbnailUrl":"https:\/\/www.berg-freunde.ch\/blog\/wp-content\/uploads\/2023\/07\/Design_Titel_zugschnitten.jpg","keywords":["Fitness &amp; Yoga","Wandern &amp; Trekking"],"articleSection":["Menschen &amp; Meinungen","Praxiswissen"],"inLanguage":"de-CH","potentialAction":[{"@type":"CommentAction","name":"Comment","target":["https:\/\/www.berg-freunde.ch\/blog\/interview-mit-anna-weiss-ueber-den-design-your-life-workshop\/#respond"]}]},{"@type":"WebPage","@id":"https:\/\/www.berg-freunde.ch\/blog\/interview-mit-anna-weiss-ueber-den-design-your-life-workshop\/","url":"https:\/\/www.berg-freunde.ch\/blog\/interview-mit-anna-weiss-ueber-den-design-your-life-workshop\/","name":"Anna Wei\u00df im Interview - Adidas Terrex Design Your Life Workshop","isPartOf":{"@id":"https:\/\/www.berg-freunde.ch\/blog\/#website"},"primaryImageOfPage":{"@id":"https:\/\/www.berg-freunde.ch\/blog\/interview-mit-anna-weiss-ueber-den-design-your-life-workshop\/#primaryimage"},"image":{"@id":"https:\/\/www.berg-freunde.ch\/blog\/interview-mit-anna-weiss-ueber-den-design-your-life-workshop\/#primaryimage"},"thumbnailUrl":"https:\/\/www.berg-freunde.ch\/blog\/wp-content\/uploads\/2023\/07\/Design_Titel_zugschnitten.jpg","datePublished":"2023-07-19T14:07:30+00:00","dateModified":"2025-12-16T06:44:27+00:00","description":"\u00dcber Anna Wei\u00df Die 35-J\u00e4hrige hat die Welt als Flugbegleiterin bereist, als Industrie-Insiderin einen erfolgreichen Special-Interest-Verlag mitgegr\u00fcndet","breadcrumb":{"@id":"https:\/\/www.berg-freunde.ch\/blog\/interview-mit-anna-weiss-ueber-den-design-your-life-workshop\/#breadcrumb"},"inLanguage":"de-CH","potentialAction":[{"@type":"ReadAction","target":["https:\/\/www.berg-freunde.ch\/blog\/interview-mit-anna-weiss-ueber-den-design-your-life-workshop\/"]}]},{"@type":"ImageObject","inLanguage":"de-CH","@id":"https:\/\/www.berg-freunde.ch\/blog\/interview-mit-anna-weiss-ueber-den-design-your-life-workshop\/#primaryimage","url":"https:\/\/www.berg-freunde.ch\/blog\/wp-content\/uploads\/2023\/07\/Design_Titel_zugschnitten.jpg","contentUrl":"https:\/\/www.berg-freunde.ch\/blog\/wp-content\/uploads\/2023\/07\/Design_Titel_zugschnitten.jpg","width":1440,"height":590,"caption":"Beim Design Thinking geht es darum, Probleme kreativ zu L\u00f6sen. Foto:"},{"@type":"BreadcrumbList","@id":"https:\/\/www.berg-freunde.ch\/blog\/interview-mit-anna-weiss-ueber-den-design-your-life-workshop\/#breadcrumb","itemListElement":[{"@type":"ListItem","position":1,"name":"Blog","item":"https:\/\/www.berg-freunde.ch\/blog\/"},{"@type":"ListItem","position":2,"name":"Know-How","item":"https:\/\/www.berg-freunde.ch\/blog\/category\/know-how\/"},{"@type":"ListItem","position":3,"name":"Praxiswissen","item":"https:\/\/www.berg-freunde.ch\/blog\/category\/know-how\/praxiswissen\/"},{"@type":"ListItem","position":4,"name":"Interview mit Anna Wei\u00df \u00fcber den Design Your Life Workshop"}]},{"@type":"WebSite","@id":"https:\/\/www.berg-freunde.ch\/blog\/#website","url":"https:\/\/www.berg-freunde.ch\/blog\/","name":"Bergfreunde","description":"Blog","publisher":{"@id":"https:\/\/www.berg-freunde.ch\/blog\/#organization"},"potentialAction":[{"@type":"SearchAction","target":{"@type":"EntryPoint","urlTemplate":"https:\/\/www.berg-freunde.ch\/blog\/?s={search_term_string}"},"query-input":{"@type":"PropertyValueSpecification","valueRequired":true,"valueName":"search_term_string"}}],"inLanguage":"de-CH"},{"@type":"Organization","@id":"https:\/\/www.berg-freunde.ch\/blog\/#organization","name":"Bergfreunde","url":"https:\/\/www.berg-freunde.ch\/blog\/","logo":{"@type":"ImageObject","inLanguage":"de-CH","@id":"https:\/\/www.berg-freunde.ch\/blog\/#\/schema\/logo\/image\/","url":"https:\/\/www.berg-freunde.ch\/blog\/wp-content\/uploads\/2023\/12\/Bergfreunde_DE_rgb.svg","contentUrl":"https:\/\/www.berg-freunde.ch\/blog\/wp-content\/uploads\/2023\/12\/Bergfreunde_DE_rgb.svg","caption":"Bergfreunde"},"image":{"@id":"https:\/\/www.berg-freunde.ch\/blog\/#\/schema\/logo\/image\/"},"sameAs":["https:\/\/www.facebook.com\/bergfreunde","https:\/\/www.instagram.com\/bergfreundede\/"]},{"@type":"Person","@id":"https:\/\/www.berg-freunde.ch\/blog\/#\/schema\/person\/5b1b40f23108bddbd418c475e0bae2f8","name":"Stefanie","url":"https:\/\/www.berg-freunde.ch\/blog\/about\/stefanie-keicher\/"}]}},"_links":{"self":[{"href":"https:\/\/www.berg-freunde.ch\/blog\/wp-json\/wp\/v2\/posts\/90814","targetHints":{"allow":["GET"]}}],"collection":[{"href":"https:\/\/www.berg-freunde.ch\/blog\/wp-json\/wp\/v2\/posts"}],"about":[{"href":"https:\/\/www.berg-freunde.ch\/blog\/wp-json\/wp\/v2\/types\/post"}],"author":[{"embeddable":true,"href":"https:\/\/www.berg-freunde.ch\/blog\/wp-json\/wp\/v2\/users\/78"}],"replies":[{"embeddable":true,"href":"https:\/\/www.berg-freunde.ch\/blog\/wp-json\/wp\/v2\/comments?post=90814"}],"version-history":[{"count":1,"href":"https:\/\/www.berg-freunde.ch\/blog\/wp-json\/wp\/v2\/posts\/90814\/revisions"}],"predecessor-version":[{"id":129156,"href":"https:\/\/www.berg-freunde.ch\/blog\/wp-json\/wp\/v2\/posts\/90814\/revisions\/129156"}],"wp:featuredmedia":[{"embeddable":true,"href":"https:\/\/www.berg-freunde.ch\/blog\/wp-json\/wp\/v2\/media\/90843"}],"wp:attachment":[{"href":"https:\/\/www.berg-freunde.ch\/blog\/wp-json\/wp\/v2\/media?parent=90814"}],"wp:term":[{"taxonomy":"category","embeddable":true,"href":"https:\/\/www.berg-freunde.ch\/blog\/wp-json\/wp\/v2\/categories?post=90814"},{"taxonomy":"post_tag","embeddable":true,"href":"https:\/\/www.berg-freunde.ch\/blog\/wp-json\/wp\/v2\/tags?post=90814"},{"taxonomy":"post_folder","embeddable":true,"href":"https:\/\/www.berg-freunde.ch\/blog\/wp-json\/wp\/v2\/post_folder?post=90814"}],"curies":[{"name":"wp","href":"https:\/\/api.w.org\/{rel}","templated":true}]}}